{"id":230337,"date":"2021-09-01T06:39:52","date_gmt":"2021-09-01T04:39:52","guid":{"rendered":"https:\/\/www.radiopiu.net\/wordpress\/?p=230337"},"modified":"2021-09-01T12:04:18","modified_gmt":"2021-09-01T10:04:18","slug":"giornale-radiopiu-01-settembre-2021-direttore-mirko-mezzacasa","status":"publish","type":"post","link":"https:\/\/www.radiopiu.net\/wordpress\/giornale-radiopiu-01-settembre-2021-direttore-mirko-mezzacasa\/","title":{"rendered":"GIORNALE RADIOPIU 01 SETTEMBRE 2021 DIRETTORE MIRKO MEZZACASA"},"content":{"rendered":"<blockquote>\n<h3>COMPRIAMO UNA MACCHINA ATTREZZATA PER RICCARDO<\/h3>\n<\/blockquote>\n<p><strong><a href=\"https:\/\/www.radiopiu.net\/wordpress\/compriamo-una-macchina-attrezzata-per-riccardo\/1626340291137881-img-20210714-wa0025\/\" rel=\"attachment wp-att-224370\"><img loading=\"lazy\" decoding=\"async\" class=\"size-medium wp-image-224370 alignleft\" src=\"https:\/\/www.radiopiu.net\/wordpress\/wp-content\/uploads\/2021\/07\/1626340291137881-IMG-20210714-WA0025-169x300.jpg\" sizes=\"auto, (max-width: 169px) 100vw, 169px\" srcset=\"https:\/\/www.radiopiu.net\/wordpress\/wp-content\/uploads\/2021\/07\/1626340291137881-IMG-20210714-WA0025-169x300.jpg 169w, https:\/\/www.radiopiu.net\/wordpress\/wp-content\/uploads\/2021\/07\/1626340291137881-IMG-20210714-WA0025-576x1024.jpg 576w, https:\/\/www.radiopiu.net\/wordpress\/wp-content\/uploads\/2021\/07\/1626340291137881-IMG-20210714-WA0025-768x1365.jpg 768w, https:\/\/www.radiopiu.net\/wordpress\/wp-content\/uploads\/2021\/07\/1626340291137881-IMG-20210714-WA0025.jpg 800w\" alt=\"\" width=\"169\" height=\"300\" \/><\/a>SOSPIROLO<\/strong>\u00a0Radio Pi\u00f9 appoggia l\u2019iniziativa di\u00a0 Agostino Tegner il pap\u00e0 di Riccardo, poche parole le sue ma piene di significato<em>\u00a0\u201cIo e mia moglie stiamo invecchiando e non riusciamo pi\u00f9\u00a0<img loading=\"lazy\" decoding=\"async\" class=\"alignright\" src=\"https:\/\/www.radiopiu.net\/wordpress\/wp-content\/uploads\/2021\/07\/1626451699105964-locandina-riccardo.jpg\" width=\"297\" height=\"167\" \/>a trasportare come si deve il nostro ragazzo, che necessita di una macchina attrezzata con un piano ribassato con pedana\u201d.<\/em><\/p>\n<p>Per questo ha avuto inizio la raccolta fondi che si prefigge lo scopo di raccogliere 35.000 euro entro fine agosto. Ad oggi sono stati versati i primi <span style=\"color: #ff0000;\">21.690<\/span>\u00a0euro, per farlo \u00e8 semplice\u00a0<strong><a href=\"https:\/\/www.eppela.com\/it\/projects\/31001-compriamo-una-macchina-attrezzata-per-riccardo\">clicca qui\u00a0<\/a><\/strong><\/p>\n<blockquote><p><em>Riccardo \u00e8 un simpatico ragazzino di 15 anni che vive sulle montagne di Sospirolo. Sempre sorridente e circondato dall\u2019affetto dei suoi cari, Riccardo \u00e8 per\u00f2 costretto a stare sulla sedia a rotelle a causa della distrofia muscolare di Duchenne, di cui \u00e8 affetto dalla nascita.\u00a0 I genitori, dopo anni di sacrifici, hanno deciso di acquistare un\u2019auto munita di pedana per poter trasportare il figlio in modo pi\u00f9 comodo, pratico e sicuro, soprattutto adesso che sta crescendo e il peso \u2013 per i due genitori che stanno diventando anziani \u2013 si fa sempre pi\u00f9 sentire.\u00a0<\/em><\/p><\/blockquote>\n<p>&nbsp;<\/p>\n<h3><strong>NEI GIORNI SCORSI ERA PRESENTE UN IBAN SU CUI FARE LE DONAZIONI. SIAMO STATI CONTATTATI DA EPPELA, IL SITO CHE GESTISCE LA RACCOLTA FONDI, CHE GENTILMENTE HA CHIESTO DI TOGLIERLO PERCHE&#8217; IL SISTEMA NON RICEVEVA PIU&#8217; DONAZIONI VISTO CHE L&#8217;IBAN ERA PROVVISORIO. I SOLDI DONATI NON SONO ANDATI PERSI MA VERRANNO ACCREDITATI DIRETTAMENTE SUL CONTO CORRENTE DI DELLA FAMIGLIA DI RICCARDO. LA CIFRA DA AGGIUNGERE ALLE DONAZIONI ONLINE E&#8217; DI 1670 EURO. GRAZIE PER LE DONAZIONI A QUESTA INIZIATIVA. <\/strong><\/h3>\n<h3 style=\"text-align: center;\"><span style=\"color: #ff0000;\"><strong>CHI VOLESSE FARE UNA DONAZIONE DIRETTAMENTE ALLA FAMIGLIA DI RICCARDO LO PUO&#8217; FARE SU QUESTO IBAN INTESTATO ALLA MAMMA ANA MARIA STOIAN: <\/strong><\/span><\/h3>\n<h3 style=\"text-align: center;\"><span style=\"color: #ff0000;\"><strong>IT40N0760111900000003558144<\/strong><\/span><\/h3>\n<p>&nbsp;<\/p>\n<hr \/>\n<p>&nbsp;<\/p>\n<h2 style=\"text-align: center;\"><span style=\"color: #008000;\">IL MESSAGGIO DAL MONDO DELLE SCUOLE SULLE VACCINAZIONI<\/span><\/h2>\n<p><iframe loading=\"lazy\" title=\"#WpertuttiNOI\" width=\"1200\" height=\"675\" src=\"https:\/\/www.youtube.com\/embed\/AAEPELKLypk?feature=oembed\" frameborder=\"0\" allow=\"accelerometer; autoplay; clipboard-write; encrypted-media; gyroscope; picture-in-picture\" allowfullscreen><\/iframe><\/p>\n<p>&nbsp;<\/p>\n<hr \/>\n<p>&nbsp;<\/p>\n<h2 style=\"text-align: center;\"><span style=\"color: #ff0000;\">GLI ORARI E I NUOVI COVID POINT A PARTIRE DA OGGI<\/span><\/h2>\n<p><a href=\"https:\/\/www.radiopiu.net\/wordpress\/giornale-radiopiu-01-settembre-2021-direttore-mirko-mezzacasa\/covid-point-settembre\/\" rel=\"attachment wp-att-230373\"><img loading=\"lazy\" decoding=\"async\" class=\"aligncenter wp-image-230373 size-full\" src=\"https:\/\/www.radiopiu.net\/wordpress\/wp-content\/uploads\/2021\/08\/covid-point-settembre.png\" alt=\"\" width=\"940\" height=\"788\" srcset=\"https:\/\/www.radiopiu.net\/wordpress\/wp-content\/uploads\/2021\/08\/covid-point-settembre.png 940w, https:\/\/www.radiopiu.net\/wordpress\/wp-content\/uploads\/2021\/08\/covid-point-settembre-300x251.png 300w, https:\/\/www.radiopiu.net\/wordpress\/wp-content\/uploads\/2021\/08\/covid-point-settembre-768x644.png 768w\" sizes=\"auto, (max-width: 940px) 100vw, 940px\" \/><\/a><\/p>\n<p>&nbsp;<\/p>\n<hr \/>\n<p>&nbsp;<\/p>\n<p><img loading=\"lazy\" decoding=\"async\" class=\"alignleft\" src=\"https:\/\/www.radiopiu.net\/wordpress\/wp-content\/uploads\/2018\/08\/ACQUA.jpeg\" width=\"204\" height=\"122\" \/>Gestione Servizi Pubblici informa che a LIVINALLONGO nelle localit\u00e0 AL FAURO, CREPAZ, RENAZ, RUAZ, PEZZEI, S.GIOVANNI e FOSSAL, l&#8217;acqua erogata dall&#8217;acquedotto non \u00e8 potabile e pu\u00f2 essere usata per scopi alimentari SOLO PREVIA bollitura.<\/p>\n<p>Gestione Servizi Pubblici informa che, per lavori alla rete idrica comunale, i giorni 1 e 2 SETTEMBRE 2021 dalle ore 08:00 alle ore 17:00 potrebbe mancare l&#8217;acqua a LIVINALLONGO DEL COL DI LANA, nelle vie FREINE e MESDI&#8217; (Civici 43-55). Il personale addetto operer\u00e0 per limitare il pi\u00f9 possibile i disagi alla popolazione.<\/p>\n<p>&nbsp;<\/p>\n<hr \/>\n<p>&nbsp;<\/p>\n<blockquote>\n<h3>CON LA FINE DELLE VACANZE ESTIVE INIZIANO I CANTIERI SULLE STRADE DELLA PROVINCIA<\/h3>\n<\/blockquote>\n<p><strong>SR 48 DELLE DOLOMITI\u00a0<\/strong>fino al 31 ottobre, esclusi sabato e domenica, senso unico alternato regolato da semaforo per posa cavidotto<\/p>\n<p><strong>SR 203<\/strong>\u00a0<strong>AGORDINA<\/strong> in localit\u00e0 La Stanga senso unico alternato regolato da semaforo fino al al 3 settembre, esclusi sabato e domenica, perlavori di recupero tubazione e cavo non in servizio<\/p>\n<p><strong>SP 347 PASSO CEREDA E DURAN\u00a0<\/strong>in comune di Gosaldo fino al 30 settembre senso unico alternato regolato da semaforo per posa cavidotto<\/p>\n<p><strong>SP 346 PASSO SAN PELLEGRINO<\/strong> in localit\u00e0 La Mora di Canale D\u2019Agordo senso unico alternato regolato da semaforo fino al 15 ottobre per messa in sicurezza della strada<\/p>\n<p><strong>SP 251 VAL DI ZOLDO E CELLINA<\/strong> senso unico alternato regolato da semaforo in comune di Colle Santa Lucia fino al 1 ottobre per messa in sicurezza piano viabile<\/p>\n<p><strong>SP3 VALLE IMPERINA\u00a0<\/strong>fino al 10 settembre, esclusi sabato e domenica, senso unico alternato a Rivamonte per interramento linea elettrica<\/p>\n<p><strong>SP 19 DI LAMON<\/strong> fino al 27 agosto interdizione totale al traffico nell\u2019abitato di Lamon per sostituzione condotta idrica<\/p>\n<p><strong>48 DELLE DOLOMITI<\/strong>, BRENTA-PIEVE DI LIVINALLONGO FINO al 03 settembre dalle 8 alle 17 interruzioni alla viabilita&#8217;, durata massima 20 minuti, negli altri orari senso unico semaforico<\/p>\n<p>&nbsp;<\/p>\n<p>&nbsp;<\/p>\n<hr \/>\n<p>&nbsp;<\/p>\n<blockquote>\n<h3>OGGI PASSA LA &#8220;HAUTE ROUTE DOLOMITES&#8221;, SOSPESA LA CIRCOLAZIONE SULLA SP 346<\/h3>\n<\/blockquote>\n<p><strong><a href=\"https:\/\/www.radiopiu.net\/wordpress\/oggigiro\/ciclisti\/\" rel=\"attachment wp-att-218818\"><img loading=\"lazy\" decoding=\"async\" class=\" wp-image-218818 alignleft\" src=\"https:\/\/www.radiopiu.net\/wordpress\/wp-content\/uploads\/2021\/06\/CICLISTI-300x198.jpg\" alt=\"\" width=\"192\" height=\"127\" srcset=\"https:\/\/www.radiopiu.net\/wordpress\/wp-content\/uploads\/2021\/06\/CICLISTI-300x198.jpg 300w, https:\/\/www.radiopiu.net\/wordpress\/wp-content\/uploads\/2021\/06\/CICLISTI-1024x677.jpg 1024w, https:\/\/www.radiopiu.net\/wordpress\/wp-content\/uploads\/2021\/06\/CICLISTI-768x508.jpg 768w, https:\/\/www.radiopiu.net\/wordpress\/wp-content\/uploads\/2021\/06\/CICLISTI-1536x1016.jpg 1536w, https:\/\/www.radiopiu.net\/wordpress\/wp-content\/uploads\/2021\/06\/CICLISTI.jpg 1920w\" sizes=\"auto, (max-width: 192px) 100vw, 192px\" \/><\/a>CANALE D&#8217;AGORDO<\/strong> Il comune di Canale D&#8217;Agordo ricorda che oggi dalle 9 alle 11 verra\u0300 sospesa la circolazione della S.P. 346 del Passo San Pellegrino in seguito all\u2019ordinanza della Prefettura di Belluno. La strada sar\u00e0 interessata dal passaggio della gara ciclistica HAUTE ROUTE DOLOMITES 2021. Le strade interessate alla limitazione sono: bivio Via Bramezza (Pont dal Col) di Canale d\u2019Agordo bivio La Mora per la Fraz. di Carfon, bivio di Val per Vallada Agordina, bivio per l\u2019abitato di Val. Si richiede la collaborazione di tutti per un corretto sviluppo della gara in sicurezza.<\/p>\n<p><strong>LA TABELLA DI MARCIA DELLA TAPPA DI OGGI<\/strong><\/p>\n<p><a href=\"https:\/\/www.radiopiu.net\/wordpress\/giornale-radiopiu-01-settembre-2021-direttore-mirko-mezzacasa\/da5eaae6-7f4b-46d5-9697-ed47954afe70\/\" rel=\"attachment wp-att-230454\"><img loading=\"lazy\" decoding=\"async\" class=\"aligncenter wp-image-230454 size-full\" src=\"https:\/\/www.radiopiu.net\/wordpress\/wp-content\/uploads\/2021\/08\/da5eaae6-7f4b-46d5-9697-ed47954afe70.jpg\" alt=\"\" width=\"600\" height=\"800\" srcset=\"https:\/\/www.radiopiu.net\/wordpress\/wp-content\/uploads\/2021\/08\/da5eaae6-7f4b-46d5-9697-ed47954afe70.jpg 600w, https:\/\/www.radiopiu.net\/wordpress\/wp-content\/uploads\/2021\/08\/da5eaae6-7f4b-46d5-9697-ed47954afe70-225x300.jpg 225w\" sizes=\"auto, (max-width: 600px) 100vw, 600px\" \/><\/a><\/p>\n<p>&nbsp;<\/p>\n<hr \/>\n<p>&nbsp;<\/p>\n<blockquote>\n<h3>URTA LA SCARPATA E ROVESCIA L&#8217;AUTO SUL FIANCO. DUE ANZIANI FINISCONO IN OSPEDALE<\/h3>\n<\/blockquote>\n<p><strong>ARSIE&#8217;<\/strong> I Vigili del Fuoco sono intervenuti oggi pomeriggio ad Arsi\u00e8 per una fuoriuscita di strada autonoma. Topo aver urtato la scarpata, l&#8217;auto si \u00e8 rovesciata sul fianco. All&#8217;interno due anziani che sono stati liberati dai pompieri di Feltre. Una volta liberati sono stati stabilizzati dal personale del SUEM ed elitrasportati con un codice di media gravit\u00e0. Sul posto anche le Forze dell&#8217;Ordine per i rilievi di legge.<\/p>\n\n\t\t\t<style type='text\/css'>\n\t\t\t\t#gallery-1 {\n\t\t\t\t\tmargin: auto;\n\t\t\t\t}\n\t\t\t\t#gallery-1 .gallery-item {\n\t\t\t\t\tfloat: left;\n\t\t\t\t\tmargin-top: 10px;\n\t\t\t\t\ttext-align: center;\n\t\t\t\t\twidth: 14%;\n\t\t\t\t}\n\t\t\t\t#gallery-1 img {\n\t\t\t\t\tborder: 2px solid #cfcfcf;\n\t\t\t\t}\n\t\t\t\t#gallery-1 .gallery-caption {\n\t\t\t\t\tmargin-left: 0;\n\t\t\t\t}\n\t\t\t\t\/* see gallery_shortcode() in wp-includes\/media.php *\/\n\t\t\t<\/style>\n\t\t<div id='gallery-1' class='dt-gallery-container gallery galleryid-230337 gallery-columns-7 gallery-size-thumbnail'><dl class='gallery-item'>\n\t\t\t\t<dt class='gallery-icon landscape'>\n\t\t\t\t\t<a class=\"rollover rollover-zoom dt-pswp-item\" title=\"3d80bac4-8644-488c-af3a-9a60ba14c977\" data-dt-img-description=\"\" data-large_image_width=\"1280\" data-large_image_height=\"960\"href='https:\/\/www.radiopiu.net\/wordpress\/wp-content\/uploads\/2021\/08\/3d80bac4-8644-488c-af3a-9a60ba14c977.jpg'><img loading=\"lazy\" decoding=\"async\" width=\"150\" height=\"150\" src=\"https:\/\/www.radiopiu.net\/wordpress\/wp-content\/uploads\/2021\/08\/3d80bac4-8644-488c-af3a-9a60ba14c977-150x150.jpg\" class=\"attachment-thumbnail size-thumbnail\" alt=\"\" \/><\/a>\n\t\t\t\t<\/dt><\/dl><dl class='gallery-item'>\n\t\t\t\t<dt class='gallery-icon landscape'>\n\t\t\t\t\t<a class=\"rollover rollover-zoom dt-pswp-item\" title=\"0f0e16ca-4a5f-42f6-8ac6-13c374ac11eb\" data-dt-img-description=\"\" data-large_image_width=\"1280\" data-large_image_height=\"960\"href='https:\/\/www.radiopiu.net\/wordpress\/wp-content\/uploads\/2021\/08\/0f0e16ca-4a5f-42f6-8ac6-13c374ac11eb.jpg'><img loading=\"lazy\" decoding=\"async\" width=\"150\" height=\"150\" src=\"https:\/\/www.radiopiu.net\/wordpress\/wp-content\/uploads\/2021\/08\/0f0e16ca-4a5f-42f6-8ac6-13c374ac11eb-150x150.jpg\" class=\"attachment-thumbnail size-thumbnail\" alt=\"\" \/><\/a>\n\t\t\t\t<\/dt><\/dl><dl class='gallery-item'>\n\t\t\t\t<dt class='gallery-icon landscape'>\n\t\t\t\t\t<a class=\"rollover rollover-zoom dt-pswp-item\" title=\"e10ed330-7646-4977-a570-5b02f28f9b14\" data-dt-img-description=\"\" data-large_image_width=\"1280\" data-large_image_height=\"960\"href='https:\/\/www.radiopiu.net\/wordpress\/wp-content\/uploads\/2021\/08\/e10ed330-7646-4977-a570-5b02f28f9b14.jpg'><img loading=\"lazy\" decoding=\"async\" width=\"150\" height=\"150\" src=\"https:\/\/www.radiopiu.net\/wordpress\/wp-content\/uploads\/2021\/08\/e10ed330-7646-4977-a570-5b02f28f9b14-150x150.jpg\" class=\"attachment-thumbnail size-thumbnail\" alt=\"\" \/><\/a>\n\t\t\t\t<\/dt><\/dl><dl class='gallery-item'>\n\t\t\t\t<dt class='gallery-icon landscape'>\n\t\t\t\t\t<a class=\"rollover rollover-zoom dt-pswp-item\" title=\"11522221-eb22-4277-b568-c4fe4c10084e\" data-dt-img-description=\"\" data-large_image_width=\"1280\" data-large_image_height=\"960\"href='https:\/\/www.radiopiu.net\/wordpress\/wp-content\/uploads\/2021\/08\/11522221-eb22-4277-b568-c4fe4c10084e.jpg'><img loading=\"lazy\" decoding=\"async\" width=\"150\" height=\"150\" src=\"https:\/\/www.radiopiu.net\/wordpress\/wp-content\/uploads\/2021\/08\/11522221-eb22-4277-b568-c4fe4c10084e-150x150.jpg\" class=\"attachment-thumbnail size-thumbnail\" alt=\"\" \/><\/a>\n\t\t\t\t<\/dt><\/dl><dl class='gallery-item'>\n\t\t\t\t<dt class='gallery-icon landscape'>\n\t\t\t\t\t<a class=\"rollover rollover-zoom dt-pswp-item\" title=\"067d10cc-4f47-4542-9062-7d140d4a5027\" data-dt-img-description=\"\" data-large_image_width=\"1280\" data-large_image_height=\"960\"href='https:\/\/www.radiopiu.net\/wordpress\/wp-content\/uploads\/2021\/08\/067d10cc-4f47-4542-9062-7d140d4a5027.jpg'><img loading=\"lazy\" decoding=\"async\" width=\"150\" height=\"150\" src=\"https:\/\/www.radiopiu.net\/wordpress\/wp-content\/uploads\/2021\/08\/067d10cc-4f47-4542-9062-7d140d4a5027-150x150.jpg\" class=\"attachment-thumbnail size-thumbnail\" alt=\"\" \/><\/a>\n\t\t\t\t<\/dt><\/dl><dl class='gallery-item'>\n\t\t\t\t<dt class='gallery-icon landscape'>\n\t\t\t\t\t<a class=\"rollover rollover-zoom dt-pswp-item\" title=\"679f8591-811e-44a9-98ef-170b17cec377\" data-dt-img-description=\"\" data-large_image_width=\"1280\" data-large_image_height=\"960\"href='https:\/\/www.radiopiu.net\/wordpress\/wp-content\/uploads\/2021\/08\/679f8591-811e-44a9-98ef-170b17cec377.jpg'><img loading=\"lazy\" decoding=\"async\" width=\"150\" height=\"150\" src=\"https:\/\/www.radiopiu.net\/wordpress\/wp-content\/uploads\/2021\/08\/679f8591-811e-44a9-98ef-170b17cec377-150x150.jpg\" class=\"attachment-thumbnail size-thumbnail\" alt=\"\" \/><\/a>\n\t\t\t\t<\/dt><\/dl><dl class='gallery-item'>\n\t\t\t\t<dt class='gallery-icon landscape'>\n\t\t\t\t\t<a class=\"rollover rollover-zoom dt-pswp-item\" title=\"867e442b-32aa-44a9-9f92-950552af5fd4\" data-dt-img-description=\"\" data-large_image_width=\"1280\" data-large_image_height=\"960\"href='https:\/\/www.radiopiu.net\/wordpress\/wp-content\/uploads\/2021\/08\/867e442b-32aa-44a9-9f92-950552af5fd4.jpg'><img loading=\"lazy\" decoding=\"async\" width=\"150\" height=\"150\" src=\"https:\/\/www.radiopiu.net\/wordpress\/wp-content\/uploads\/2021\/08\/867e442b-32aa-44a9-9f92-950552af5fd4-150x150.jpg\" class=\"attachment-thumbnail size-thumbnail\" alt=\"\" \/><\/a>\n\t\t\t\t<\/dt><\/dl><br style=\"clear: both\" \/>\n\t\t\t<\/div>\n\n<p>&nbsp;<\/p>\n<hr \/>\n<p>&nbsp;<\/p>\n<blockquote>\n<h3>SCIVOLA SUL SENTIERO CHE PORTA A RIO GERE<\/h3>\n<\/blockquote>\n<p><strong>CORTINA <\/strong>Poco prima delle 13 una squadra del Soccorso alpino di Cortina \u00e8 salita lungo il sentiero che dal Rifugio Son Forca porta a Rio Gere, per un escursionista scivolato mentre camminava da solo. L&#8217;uomo, M.P., 54 anni, di Bari, che aveva riportato un sospetto trauma alla caviglia, \u00e8 stato raggiunto in fuoristrada e accompagnato all&#8217;ospedale di Cortina.<\/p>\n<p>&nbsp;<\/p>\n<p>&nbsp;<\/p>\n<hr \/>\n<p>&nbsp;<\/p>\n<blockquote>\n<h3>LUCA LORENZINI E&#8217; IL SECONDO CANDIDATO A SINDACO DI SELVA DI CADORE<\/h3>\n<\/blockquote>\n<p><strong><a href=\"https:\/\/www.radiopiu.net\/wordpress\/luca-lorenzini-e-il-secondo-candidato-a-sindaco-di-selva-di-cadore\/dcd69ff4-0f73-44c4-94a9-2cd3a199a9a4\/\" rel=\"attachment wp-att-230410\"><img loading=\"lazy\" decoding=\"async\" class=\"size-medium wp-image-230410 alignleft\" src=\"https:\/\/www.radiopiu.net\/wordpress\/wp-content\/uploads\/2021\/08\/dcd69ff4-0f73-44c4-94a9-2cd3a199a9a4-278x300.jpg\" alt=\"\" width=\"278\" height=\"300\" srcset=\"https:\/\/www.radiopiu.net\/wordpress\/wp-content\/uploads\/2021\/08\/dcd69ff4-0f73-44c4-94a9-2cd3a199a9a4-278x300.jpg 278w, https:\/\/www.radiopiu.net\/wordpress\/wp-content\/uploads\/2021\/08\/dcd69ff4-0f73-44c4-94a9-2cd3a199a9a4-949x1024.jpg 949w, https:\/\/www.radiopiu.net\/wordpress\/wp-content\/uploads\/2021\/08\/dcd69ff4-0f73-44c4-94a9-2cd3a199a9a4-768x829.jpg 768w, https:\/\/www.radiopiu.net\/wordpress\/wp-content\/uploads\/2021\/08\/dcd69ff4-0f73-44c4-94a9-2cd3a199a9a4.jpg 1200w\" sizes=\"auto, (max-width: 278px) 100vw, 278px\" \/><\/a>SELVA DI CADORE<\/strong><\/p>\n<p>di Gianni Santomaso<\/p>\n<audio class=\"wp-audio-shortcode\" id=\"audio-230337-1\" preload=\"none\" style=\"width: 100%;\" controls=\"controls\"><source type=\"audio\/mpeg\" src=\"https:\/\/www.radiopiu.net\/wordpress\/wp-content\/uploads\/2021\/08\/GIANNI-LORENZINI-SELVA.mp3?_=1\" \/><a href=\"https:\/\/www.radiopiu.net\/wordpress\/wp-content\/uploads\/2021\/08\/GIANNI-LORENZINI-SELVA.mp3\">https:\/\/www.radiopiu.net\/wordpress\/wp-content\/uploads\/2021\/08\/GIANNI-LORENZINI-SELVA.mp3<\/a><\/audio>\n<p>&nbsp;<\/p>\n<hr \/>\n<p>&nbsp;<\/p>\n<blockquote>\n<h3>LUCA LORENZINI CANDIDATO SINDACO A SELVA DI CADORE<\/h3>\n<\/blockquote>\n<p><strong>SELVA DI CADORE<\/strong> L\u2019esponente della Lega Silvia Cestaro smentisce la notizia della candidatura di Nicolai e annuncia il suo pieno sostegno a Luca Lorenzini e alla lista civica \u201cSelva c\u2019\u00e8\u201d. Cestaro, ex primo cittadino di Selva, nelle scorse settimane aveva lanciato un appello dalle pagine dei giornali nella speranza di stimolare attenzione alla lista di Luca Lorenzini, che gi\u00e0 da diverso tempo stava lavorando per costruire un progetto \u00a0serio e capace di \u00a0assicurare al territorio una guida per i prossimi cinque anni.<\/p>\n<p><strong>IL CONSIGLIERE REGIONALE ED EX SINDACO DI SELVA DI CADORE SILVIA CESTARO<\/strong><\/p>\n<audio class=\"wp-audio-shortcode\" id=\"audio-230337-2\" preload=\"none\" style=\"width: 100%;\" controls=\"controls\"><source type=\"audio\/mpeg\" src=\"https:\/\/www.radiopiu.net\/wordpress\/wp-content\/uploads\/2021\/08\/CESTARO-1.mp3?_=2\" \/><a href=\"https:\/\/www.radiopiu.net\/wordpress\/wp-content\/uploads\/2021\/08\/CESTARO-1.mp3\">https:\/\/www.radiopiu.net\/wordpress\/wp-content\/uploads\/2021\/08\/CESTARO-1.mp3<\/a><\/audio>\n<p><strong>IERI ALLA RADIO ALESSANDRO NICOLAI<\/strong><\/p>\n<audio class=\"wp-audio-shortcode\" id=\"audio-230337-3\" preload=\"none\" style=\"width: 100%;\" controls=\"controls\"><source type=\"audio\/mpeg\" src=\"https:\/\/www.radiopiu.net\/wordpress\/wp-content\/uploads\/2021\/09\/nicolai.mp3?_=3\" \/><a href=\"https:\/\/www.radiopiu.net\/wordpress\/wp-content\/uploads\/2021\/09\/nicolai.mp3\">https:\/\/www.radiopiu.net\/wordpress\/wp-content\/uploads\/2021\/09\/nicolai.mp3<\/a><\/audio>\n<p>&nbsp;<\/p>\n<hr \/>\n<p>&nbsp;<\/p>\n<blockquote>\n<h3>LIEVE SCOSSA DI TERREMOTO IERI A BELLUNO<\/h3>\n<\/blockquote>\n<p><strong>BELLUNO<\/strong> Lieve scossa di terremoto a Belluno ieri mattina alle 6:36 con magnitudo 1.4 con una profondit\u00e0 di 24 km. Dai dati registrati l&#8217;epicentro si trova sul Nevegal, appena sotto l&#8217;abitato di Quantin.<\/p>\n\n\t\t\t<style type='text\/css'>\n\t\t\t\t#gallery-2 {\n\t\t\t\t\tmargin: auto;\n\t\t\t\t}\n\t\t\t\t#gallery-2 .gallery-item {\n\t\t\t\t\tfloat: left;\n\t\t\t\t\tmargin-top: 10px;\n\t\t\t\t\ttext-align: center;\n\t\t\t\t\twidth: 50%;\n\t\t\t\t}\n\t\t\t\t#gallery-2 img {\n\t\t\t\t\tborder: 2px solid #cfcfcf;\n\t\t\t\t}\n\t\t\t\t#gallery-2 .gallery-caption {\n\t\t\t\t\tmargin-left: 0;\n\t\t\t\t}\n\t\t\t\t\/* see gallery_shortcode() in wp-includes\/media.php *\/\n\t\t\t<\/style>\n\t\t<div id='gallery-2' class='dt-gallery-container gallery galleryid-230337 gallery-columns-2 gallery-size-medium'><dl class='gallery-item'>\n\t\t\t\t<dt class='gallery-icon portrait'>\n\t\t\t\t\t<a class=\"rollover rollover-zoom dt-pswp-item\" title=\"53f51b7c-5f68-4481-91d4-cf9d313d8718\" data-dt-img-description=\"\" data-large_image_width=\"720\" data-large_image_height=\"1280\"href='https:\/\/www.radiopiu.net\/wordpress\/wp-content\/uploads\/2021\/08\/53f51b7c-5f68-4481-91d4-cf9d313d8718.jpg'><img loading=\"lazy\" decoding=\"async\" width=\"169\" height=\"300\" src=\"https:\/\/www.radiopiu.net\/wordpress\/wp-content\/uploads\/2021\/08\/53f51b7c-5f68-4481-91d4-cf9d313d8718-169x300.jpg\" class=\"attachment-medium size-medium\" alt=\"\" srcset=\"https:\/\/www.radiopiu.net\/wordpress\/wp-content\/uploads\/2021\/08\/53f51b7c-5f68-4481-91d4-cf9d313d8718-169x300.jpg 169w, https:\/\/www.radiopiu.net\/wordpress\/wp-content\/uploads\/2021\/08\/53f51b7c-5f68-4481-91d4-cf9d313d8718-576x1024.jpg 576w, https:\/\/www.radiopiu.net\/wordpress\/wp-content\/uploads\/2021\/08\/53f51b7c-5f68-4481-91d4-cf9d313d8718.jpg 720w\" sizes=\"auto, (max-width: 169px) 100vw, 169px\" \/><\/a>\n\t\t\t\t<\/dt><\/dl><dl class='gallery-item'>\n\t\t\t\t<dt class='gallery-icon portrait'>\n\t\t\t\t\t<a class=\"rollover rollover-zoom dt-pswp-item\" title=\"8b5a97ba-67ac-4424-89aa-70597695a9df\" data-dt-img-description=\"\" data-large_image_width=\"720\" data-large_image_height=\"1280\"href='https:\/\/www.radiopiu.net\/wordpress\/wp-content\/uploads\/2021\/08\/8b5a97ba-67ac-4424-89aa-70597695a9df.jpg'><img loading=\"lazy\" decoding=\"async\" width=\"169\" height=\"300\" src=\"https:\/\/www.radiopiu.net\/wordpress\/wp-content\/uploads\/2021\/08\/8b5a97ba-67ac-4424-89aa-70597695a9df-169x300.jpg\" class=\"attachment-medium size-medium\" alt=\"\" srcset=\"https:\/\/www.radiopiu.net\/wordpress\/wp-content\/uploads\/2021\/08\/8b5a97ba-67ac-4424-89aa-70597695a9df-169x300.jpg 169w, https:\/\/www.radiopiu.net\/wordpress\/wp-content\/uploads\/2021\/08\/8b5a97ba-67ac-4424-89aa-70597695a9df-576x1024.jpg 576w, https:\/\/www.radiopiu.net\/wordpress\/wp-content\/uploads\/2021\/08\/8b5a97ba-67ac-4424-89aa-70597695a9df.jpg 720w\" sizes=\"auto, (max-width: 169px) 100vw, 169px\" \/><\/a>\n\t\t\t\t<\/dt><\/dl><br style=\"clear: both\" \/>\n\t\t\t<\/div>\n\n<p>&nbsp;<\/p>\n<p>&nbsp;<\/p>\n<hr \/>\n<p>&nbsp;<\/p>\n<blockquote>\n<h3>SCOSSA DI TERREMOTO A CORTINA<\/h3>\n<\/blockquote>\n<p><strong>CORTINA<\/strong> Per la seconda volta in un giorno la terra ha tremato nel bellunese. Dopo la scossa di Belluno all&#8217;alba, nel pomeriggio anche a Cortina dove si \u00e8 registrato un movimento del terreno di magnitudo 1.7 alle 17:30. Scossa localizzata tra Cortina e Misurina a fianco della SR 48.<\/p>\n\n\t\t\t<style type='text\/css'>\n\t\t\t\t#gallery-3 {\n\t\t\t\t\tmargin: auto;\n\t\t\t\t}\n\t\t\t\t#gallery-3 .gallery-item {\n\t\t\t\t\tfloat: left;\n\t\t\t\t\tmargin-top: 10px;\n\t\t\t\t\ttext-align: center;\n\t\t\t\t\twidth: 50%;\n\t\t\t\t}\n\t\t\t\t#gallery-3 img {\n\t\t\t\t\tborder: 2px solid #cfcfcf;\n\t\t\t\t}\n\t\t\t\t#gallery-3 .gallery-caption {\n\t\t\t\t\tmargin-left: 0;\n\t\t\t\t}\n\t\t\t\t\/* see gallery_shortcode() in wp-includes\/media.php *\/\n\t\t\t<\/style>\n\t\t<div id='gallery-3' class='dt-gallery-container gallery galleryid-230337 gallery-columns-2 gallery-size-medium'><dl class='gallery-item'>\n\t\t\t\t<dt class='gallery-icon portrait'>\n\t\t\t\t\t<a class=\"rollover rollover-zoom dt-pswp-item\" title=\"9a568c57-eafe-4ec7-9475-3e16fb6517c3\" data-dt-img-description=\"\" data-large_image_width=\"746\" data-large_image_height=\"1600\"href='https:\/\/www.radiopiu.net\/wordpress\/wp-content\/uploads\/2021\/08\/9a568c57-eafe-4ec7-9475-3e16fb6517c3.jpg'><img loading=\"lazy\" decoding=\"async\" width=\"140\" height=\"300\" src=\"https:\/\/www.radiopiu.net\/wordpress\/wp-content\/uploads\/2021\/08\/9a568c57-eafe-4ec7-9475-3e16fb6517c3-140x300.jpg\" class=\"attachment-medium size-medium\" alt=\"\" srcset=\"https:\/\/www.radiopiu.net\/wordpress\/wp-content\/uploads\/2021\/08\/9a568c57-eafe-4ec7-9475-3e16fb6517c3-140x300.jpg 140w, https:\/\/www.radiopiu.net\/wordpress\/wp-content\/uploads\/2021\/08\/9a568c57-eafe-4ec7-9475-3e16fb6517c3-477x1024.jpg 477w, https:\/\/www.radiopiu.net\/wordpress\/wp-content\/uploads\/2021\/08\/9a568c57-eafe-4ec7-9475-3e16fb6517c3-716x1536.jpg 716w, https:\/\/www.radiopiu.net\/wordpress\/wp-content\/uploads\/2021\/08\/9a568c57-eafe-4ec7-9475-3e16fb6517c3.jpg 746w\" sizes=\"auto, (max-width: 140px) 100vw, 140px\" \/><\/a>\n\t\t\t\t<\/dt><\/dl><dl class='gallery-item'>\n\t\t\t\t<dt class='gallery-icon portrait'>\n\t\t\t\t\t<a class=\"rollover rollover-zoom dt-pswp-item\" title=\"22b49698-bf7a-4f46-a64d-d7b58e0ad06c\" data-dt-img-description=\"\" data-large_image_width=\"746\" data-large_image_height=\"1600\"href='https:\/\/www.radiopiu.net\/wordpress\/wp-content\/uploads\/2021\/08\/22b49698-bf7a-4f46-a64d-d7b58e0ad06c.jpg'><img loading=\"lazy\" decoding=\"async\" width=\"140\" height=\"300\" src=\"https:\/\/www.radiopiu.net\/wordpress\/wp-content\/uploads\/2021\/08\/22b49698-bf7a-4f46-a64d-d7b58e0ad06c-140x300.jpg\" class=\"attachment-medium size-medium\" alt=\"\" srcset=\"https:\/\/www.radiopiu.net\/wordpress\/wp-content\/uploads\/2021\/08\/22b49698-bf7a-4f46-a64d-d7b58e0ad06c-140x300.jpg 140w, https:\/\/www.radiopiu.net\/wordpress\/wp-content\/uploads\/2021\/08\/22b49698-bf7a-4f46-a64d-d7b58e0ad06c-477x1024.jpg 477w, https:\/\/www.radiopiu.net\/wordpress\/wp-content\/uploads\/2021\/08\/22b49698-bf7a-4f46-a64d-d7b58e0ad06c-716x1536.jpg 716w, https:\/\/www.radiopiu.net\/wordpress\/wp-content\/uploads\/2021\/08\/22b49698-bf7a-4f46-a64d-d7b58e0ad06c.jpg 746w\" sizes=\"auto, (max-width: 140px) 100vw, 140px\" \/><\/a>\n\t\t\t\t<\/dt><\/dl><br style=\"clear: both\" \/>\n\t\t\t<\/div>\n\n<p>&nbsp;<\/p>\n<hr \/>\n<p>&nbsp;<\/p>\n<blockquote>\n<h3>LA PROVINCIA STANZIA 195 MILA EURO PER LA FRANA DI FREGONA<\/h3>\n<\/blockquote>\n<p><strong><a href=\"https:\/\/www.radiopiu.net\/wordpress\/giornale-radiopiu-03-giugno-2020-direttore-mirko-mezzacasa\/canale-dagordo-6\/\" rel=\"attachment wp-att-142143\"><img loading=\"lazy\" decoding=\"async\" class=\"size-medium wp-image-142143 alignleft\" src=\"https:\/\/www.radiopiu.net\/wordpress\/wp-content\/uploads\/2020\/06\/CANALE-DAGORDO-6-300x225.jpg\" alt=\"\" width=\"300\" height=\"225\" srcset=\"https:\/\/www.radiopiu.net\/wordpress\/wp-content\/uploads\/2020\/06\/CANALE-DAGORDO-6-300x225.jpg 300w, https:\/\/www.radiopiu.net\/wordpress\/wp-content\/uploads\/2020\/06\/CANALE-DAGORDO-6-768x576.jpg 768w, https:\/\/www.radiopiu.net\/wordpress\/wp-content\/uploads\/2020\/06\/CANALE-DAGORDO-6.jpg 960w\" sizes=\"auto, (max-width: 300px) 100vw, 300px\" \/><\/a>CANALE D&#8217;AGORDO<\/strong><\/p>\n<p>di Gianni Santomaso<\/p>\n<audio class=\"wp-audio-shortcode\" id=\"audio-230337-4\" preload=\"none\" style=\"width: 100%;\" controls=\"controls\"><source type=\"audio\/mpeg\" src=\"https:\/\/www.radiopiu.net\/wordpress\/wp-content\/uploads\/2021\/08\/GIANNI-PROVINCIA-FRANA-FREGONA-CANALE.mp3?_=4\" \/><a href=\"https:\/\/www.radiopiu.net\/wordpress\/wp-content\/uploads\/2021\/08\/GIANNI-PROVINCIA-FRANA-FREGONA-CANALE.mp3\">https:\/\/www.radiopiu.net\/wordpress\/wp-content\/uploads\/2021\/08\/GIANNI-PROVINCIA-FRANA-FREGONA-CANALE.mp3<\/a><\/audio>\n<p>&nbsp;<\/p>\n<hr \/>\n<p>&nbsp;<\/p>\n<blockquote>\n<h3>ECOCENTRI DELL\u2019UNIONE MONTANA AGORDINA: AL VIA LA MANUTENZIONE STRAORDINARIA IN ALTRE 3 STRUTTURE<\/h3>\n<\/blockquote>\n<p><strong><a href=\"https:\/\/www.radiopiu.net\/wordpress\/maltempo-possibili-problemi-alla-raccolta-dei-rifiuti-e-chiusura-di-sportelli-ed-ecocentri-al-pomeriggio\/logo-valpe-verticale\/\" rel=\"attachment wp-att-65542\"><img loading=\"lazy\" decoding=\"async\" class=\"size-medium wp-image-65542 alignleft\" src=\"https:\/\/www.radiopiu.net\/wordpress\/wp-content\/uploads\/2018\/10\/logo-valpe-verticale-300x298.jpg\" alt=\"\" width=\"300\" height=\"298\" srcset=\"https:\/\/www.radiopiu.net\/wordpress\/wp-content\/uploads\/2018\/10\/logo-valpe-verticale-300x298.jpg 300w, https:\/\/www.radiopiu.net\/wordpress\/wp-content\/uploads\/2018\/10\/logo-valpe-verticale-150x150.jpg 150w, https:\/\/www.radiopiu.net\/wordpress\/wp-content\/uploads\/2018\/10\/logo-valpe-verticale.jpg 370w\" sizes=\"auto, (max-width: 300px) 100vw, 300px\" \/><\/a>SEDICO\u00a0<\/strong>Prosegue il programma di interventi di manutenzione straordinaria presso gli Ecocentri dell\u2019Agordino. Mentre proprio in questi giorni stanno terminando i lavori presso la struttura di Rivamonte Agordino, la cui riapertura al pubblico \u00e8 prevista per il 4 settembre, nelle prossime settimane altre tre strutture saranno interessate dalle manutenzioni. Gli interventi inizieranno dall\u2019Ecocentro di La Valle Agordina che, per consentire la realizzazione dei lavori previsti, chiuder\u00e0 al pubblico da gioved\u00ec 2 a gioved\u00ec 23 settembre 2021; da sabato 11 a sabato 25 settembre chiuderanno al pubblico anche le strutture di Gosaldo e San Tomaso Agordino. Durante il periodo di chiusura i cittadini potranno accedere a qualsiasi Ecocentro del territorio dell\u2019Unione Montana Agordina, verificando sedi e orari di apertura sul manuale informativo consegnato o su <a href=\"http:\/\/www.valpeambiente.it\">www.valpeambiente.it<\/a>. L\u2019Ecocentro di La Valle Agordina sar\u00e0 nuovamente accessibile ai cittadini da sabato 25 settembre, mentre le strutture di Gosaldo e di San Tomaso Agordino riapriranno il 2 ottobre. Per ulteriori informazioni, \u00e8 possibile inviare una mail a <a href=\"mailto:info@valpeambiente.it\">info@valpeambiente.it<\/a>, visitare il sito www.valpeambiente.it oppure contattare i numeri 0437 640462 oppure 0437 643621.<\/p>\n<p><strong>di Gianni Santomaso<\/strong><\/p>\n<audio class=\"wp-audio-shortcode\" id=\"audio-230337-5\" preload=\"none\" style=\"width: 100%;\" controls=\"controls\"><source type=\"audio\/mpeg\" src=\"https:\/\/www.radiopiu.net\/wordpress\/wp-content\/uploads\/2021\/08\/GIANNI-VALPE.mp3?_=5\" \/><a href=\"https:\/\/www.radiopiu.net\/wordpress\/wp-content\/uploads\/2021\/08\/GIANNI-VALPE.mp3\">https:\/\/www.radiopiu.net\/wordpress\/wp-content\/uploads\/2021\/08\/GIANNI-VALPE.mp3<\/a><\/audio>\n<p>&nbsp;<\/p>\n<hr \/>\n<p>&nbsp;<\/p>\n<blockquote class=\"wp-embedded-content\" data-secret=\"aqO8d8aEOq\"><p><a href=\"https:\/\/www.radiopiu.net\/wordpress\/aggiornamentoago31\/\">CORONAVIRUS: AGGIORNAMENTO NAZIONALE 31 AGOSTO  2021<\/a><\/p><\/blockquote>\n<p><iframe loading=\"lazy\" class=\"wp-embedded-content\" sandbox=\"allow-scripts\" security=\"restricted\" style=\"position: absolute; clip: rect(1px, 1px, 1px, 1px);\" title=\"&#8220;CORONAVIRUS: AGGIORNAMENTO NAZIONALE 31 AGOSTO  2021&#8221; &#8212; Radio Pi\u00f9\" src=\"https:\/\/www.radiopiu.net\/wordpress\/aggiornamentoago31\/embed\/#?secret=aqO8d8aEOq\" data-secret=\"aqO8d8aEOq\" width=\"600\" height=\"338\" frameborder=\"0\" marginwidth=\"0\" marginheight=\"0\" scrolling=\"no\"><\/iframe><\/p>\n<p>&nbsp;<\/p>\n<blockquote class=\"wp-embedded-content\" data-secret=\"AXBJXTsNt0\"><p><a href=\"https:\/\/www.radiopiu.net\/wordpress\/registrate-583-nuove-positivita-in-veneto-nelle-ultime-24-ore-aumentano-i-ricoveri-in-area-non-critica-calo-delle-terapie-intensive-tre-decessi\/\">REGISTRATE 583 NUOVE POSITIVITA&#8217; IN VENETO NELLE ULTIME 24 ORE. AUMENTANO I RICOVERI IN AREA NON CRITICA, CALO DELLE TERAPIE INTENSIVE. TRE DECESSI<\/a><\/p><\/blockquote>\n<p><iframe loading=\"lazy\" class=\"wp-embedded-content\" sandbox=\"allow-scripts\" security=\"restricted\" style=\"position: absolute; clip: rect(1px, 1px, 1px, 1px);\" title=\"&#8220;REGISTRATE 583 NUOVE POSITIVITA&#8217; IN VENETO NELLE ULTIME 24 ORE. AUMENTANO I RICOVERI IN AREA NON CRITICA, CALO DELLE TERAPIE INTENSIVE. TRE DECESSI&#8221; &#8212; Radio Pi\u00f9\" src=\"https:\/\/www.radiopiu.net\/wordpress\/registrate-583-nuove-positivita-in-veneto-nelle-ultime-24-ore-aumentano-i-ricoveri-in-area-non-critica-calo-delle-terapie-intensive-tre-decessi\/embed\/#?secret=AXBJXTsNt0\" data-secret=\"AXBJXTsNt0\" width=\"600\" height=\"338\" frameborder=\"0\" marginwidth=\"0\" marginheight=\"0\" scrolling=\"no\"><\/iframe><\/p>\n<p>&nbsp;<\/p>\n<h3>I GRAFICI DI TIZIANO DE COL<\/h3>\n\n\t\t\t<style type='text\/css'>\n\t\t\t\t#gallery-4 {\n\t\t\t\t\tmargin: auto;\n\t\t\t\t}\n\t\t\t\t#gallery-4 .gallery-item {\n\t\t\t\t\tfloat: left;\n\t\t\t\t\tmargin-top: 10px;\n\t\t\t\t\ttext-align: center;\n\t\t\t\t\twidth: 20%;\n\t\t\t\t}\n\t\t\t\t#gallery-4 img {\n\t\t\t\t\tborder: 2px solid #cfcfcf;\n\t\t\t\t}\n\t\t\t\t#gallery-4 .gallery-caption {\n\t\t\t\t\tmargin-left: 0;\n\t\t\t\t}\n\t\t\t\t\/* see gallery_shortcode() in wp-includes\/media.php *\/\n\t\t\t<\/style>\n\t\t<div id='gallery-4' class='dt-gallery-container gallery galleryid-230337 gallery-columns-5 gallery-size-medium'><dl class='gallery-item'>\n\t\t\t\t<dt class='gallery-icon landscape'>\n\t\t\t\t\t<a class=\"rollover rollover-zoom dt-pswp-item\" title=\"b8ff94c2-e3f6-43f2-9100-cd3e06aed6c0\" data-dt-img-description=\"\" data-large_image_width=\"587\" data-large_image_height=\"355\"href='https:\/\/www.radiopiu.net\/wordpress\/wp-content\/uploads\/2021\/08\/b8ff94c2-e3f6-43f2-9100-cd3e06aed6c0.jpg'><img loading=\"lazy\" decoding=\"async\" width=\"300\" height=\"181\" src=\"https:\/\/www.radiopiu.net\/wordpress\/wp-content\/uploads\/2021\/08\/b8ff94c2-e3f6-43f2-9100-cd3e06aed6c0-300x181.jpg\" class=\"attachment-medium size-medium\" alt=\"\" srcset=\"https:\/\/www.radiopiu.net\/wordpress\/wp-content\/uploads\/2021\/08\/b8ff94c2-e3f6-43f2-9100-cd3e06aed6c0-300x181.jpg 300w, https:\/\/www.radiopiu.net\/wordpress\/wp-content\/uploads\/2021\/08\/b8ff94c2-e3f6-43f2-9100-cd3e06aed6c0.jpg 587w\" sizes=\"auto, (max-width: 300px) 100vw, 300px\" \/><\/a>\n\t\t\t\t<\/dt><\/dl><dl class='gallery-item'>\n\t\t\t\t<dt class='gallery-icon landscape'>\n\t\t\t\t\t<a class=\"rollover rollover-zoom dt-pswp-item\" title=\"3c1541f9-e8a3-4ec0-a41c-25716751fa9e\" data-dt-img-description=\"\" data-large_image_width=\"606\" data-large_image_height=\"359\"href='https:\/\/www.radiopiu.net\/wordpress\/wp-content\/uploads\/2021\/08\/3c1541f9-e8a3-4ec0-a41c-25716751fa9e.jpg'><img loading=\"lazy\" decoding=\"async\" width=\"300\" height=\"178\" src=\"https:\/\/www.radiopiu.net\/wordpress\/wp-content\/uploads\/2021\/08\/3c1541f9-e8a3-4ec0-a41c-25716751fa9e-300x178.jpg\" class=\"attachment-medium size-medium\" alt=\"\" srcset=\"https:\/\/www.radiopiu.net\/wordpress\/wp-content\/uploads\/2021\/08\/3c1541f9-e8a3-4ec0-a41c-25716751fa9e-300x178.jpg 300w, https:\/\/www.radiopiu.net\/wordpress\/wp-content\/uploads\/2021\/08\/3c1541f9-e8a3-4ec0-a41c-25716751fa9e.jpg 606w\" sizes=\"auto, (max-width: 300px) 100vw, 300px\" \/><\/a>\n\t\t\t\t<\/dt><\/dl><dl class='gallery-item'>\n\t\t\t\t<dt class='gallery-icon landscape'>\n\t\t\t\t\t<a class=\"rollover rollover-zoom dt-pswp-item\" title=\"68b2e21e-9700-4fbb-b69d-202d7d12e801\" data-dt-img-description=\"\" data-large_image_width=\"604\" data-large_image_height=\"352\"href='https:\/\/www.radiopiu.net\/wordpress\/wp-content\/uploads\/2021\/08\/68b2e21e-9700-4fbb-b69d-202d7d12e801.jpg'><img loading=\"lazy\" decoding=\"async\" width=\"300\" height=\"175\" src=\"https:\/\/www.radiopiu.net\/wordpress\/wp-content\/uploads\/2021\/08\/68b2e21e-9700-4fbb-b69d-202d7d12e801-300x175.jpg\" class=\"attachment-medium size-medium\" alt=\"\" srcset=\"https:\/\/www.radiopiu.net\/wordpress\/wp-content\/uploads\/2021\/08\/68b2e21e-9700-4fbb-b69d-202d7d12e801-300x175.jpg 300w, https:\/\/www.radiopiu.net\/wordpress\/wp-content\/uploads\/2021\/08\/68b2e21e-9700-4fbb-b69d-202d7d12e801.jpg 604w\" sizes=\"auto, (max-width: 300px) 100vw, 300px\" \/><\/a>\n\t\t\t\t<\/dt><\/dl><dl class='gallery-item'>\n\t\t\t\t<dt class='gallery-icon landscape'>\n\t\t\t\t\t<a class=\"rollover rollover-zoom dt-pswp-item\" title=\"39d17b20-70ed-4651-b1b9-da85bceebea9\" data-dt-img-description=\"\" data-large_image_width=\"604\" data-large_image_height=\"352\"href='https:\/\/www.radiopiu.net\/wordpress\/wp-content\/uploads\/2021\/08\/39d17b20-70ed-4651-b1b9-da85bceebea9.jpg'><img loading=\"lazy\" decoding=\"async\" width=\"300\" height=\"175\" src=\"https:\/\/www.radiopiu.net\/wordpress\/wp-content\/uploads\/2021\/08\/39d17b20-70ed-4651-b1b9-da85bceebea9-300x175.jpg\" class=\"attachment-medium size-medium\" alt=\"\" srcset=\"https:\/\/www.radiopiu.net\/wordpress\/wp-content\/uploads\/2021\/08\/39d17b20-70ed-4651-b1b9-da85bceebea9-300x175.jpg 300w, https:\/\/www.radiopiu.net\/wordpress\/wp-content\/uploads\/2021\/08\/39d17b20-70ed-4651-b1b9-da85bceebea9.jpg 604w\" sizes=\"auto, (max-width: 300px) 100vw, 300px\" \/><\/a>\n\t\t\t\t<\/dt><\/dl><dl class='gallery-item'>\n\t\t\t\t<dt class='gallery-icon landscape'>\n\t\t\t\t\t<a class=\"rollover rollover-zoom dt-pswp-item\" title=\"9acc3c45-5945-449e-8461-67b6443d16f7\" data-dt-img-description=\"\" data-large_image_width=\"602\" data-large_image_height=\"351\"href='https:\/\/www.radiopiu.net\/wordpress\/wp-content\/uploads\/2021\/08\/9acc3c45-5945-449e-8461-67b6443d16f7.jpg'><img loading=\"lazy\" decoding=\"async\" width=\"300\" height=\"175\" src=\"https:\/\/www.radiopiu.net\/wordpress\/wp-content\/uploads\/2021\/08\/9acc3c45-5945-449e-8461-67b6443d16f7-300x175.jpg\" class=\"attachment-medium size-medium\" alt=\"\" srcset=\"https:\/\/www.radiopiu.net\/wordpress\/wp-content\/uploads\/2021\/08\/9acc3c45-5945-449e-8461-67b6443d16f7-300x175.jpg 300w, https:\/\/www.radiopiu.net\/wordpress\/wp-content\/uploads\/2021\/08\/9acc3c45-5945-449e-8461-67b6443d16f7.jpg 602w\" sizes=\"auto, (max-width: 300px) 100vw, 300px\" \/><\/a>\n\t\t\t\t<\/dt><\/dl><br style=\"clear: both\" \/>\n\t\t\t<\/div>\n\n<p>&nbsp;<\/p>\n<hr \/>\n<p>&nbsp;<\/p>\n<blockquote>\n<h3>IL 72% DELLA POPOLAZIONE BELLUNESE E&#8217; VACCINATA<\/h3>\n<\/blockquote>\n<p><strong>BELLUNO <\/strong>Ad oggi, le dosi somministrate in Ulss Dolomiti sono oltre 262 mila. Il <strong>76,8%<\/strong> ( pari a 140.044 persone ) della popolazione vaccinabile in Ulss Dolomiti, ha eseguito almeno una dose di vaccino anti covid. Il <strong>72% <\/strong>della popolazione ha ricevuto il ciclo completo di vaccinazione.<\/p>\n<table width=\"434\">\n<tbody>\n<tr>\n<td width=\"87\">et\u00e0<\/td>\n<td width=\"83\">popolazione ISTAT<\/td>\n<td width=\"110\">Almeno una dose<\/td>\n<td width=\"154\">% copertura almeno una dose<\/td>\n<\/tr>\n<tr>\n<td width=\"87\">12-19 anni<\/td>\n<td width=\"83\">14.207<\/td>\n<td width=\"110\">7.922<\/td>\n<td width=\"154\">55,8%<\/td>\n<\/tr>\n<tr>\n<td width=\"87\">20-29 anni<\/td>\n<td width=\"83\">18.949<\/td>\n<td width=\"110\">13.096<\/td>\n<td width=\"154\">69,1%<\/td>\n<\/tr>\n<tr>\n<td width=\"87\">30-39 anni<\/td>\n<td width=\"83\">19.848<\/td>\n<td width=\"110\">12.830<\/td>\n<td width=\"154\">64,6%<\/td>\n<\/tr>\n<tr>\n<td width=\"87\">40-49 anni<\/td>\n<td width=\"83\">27.492<\/td>\n<td width=\"110\">18.895<\/td>\n<td width=\"154\">68,7%<\/td>\n<\/tr>\n<tr>\n<td width=\"87\">50-59 anni<\/td>\n<td width=\"83\">33.218<\/td>\n<td width=\"110\">25.639<\/td>\n<td width=\"154\">77,2%<\/td>\n<\/tr>\n<tr>\n<td width=\"87\">over 60<\/td>\n<td width=\"83\">68.678<\/td>\n<td width=\"110\">61.663<\/td>\n<td width=\"154\">89,7%<\/td>\n<\/tr>\n<tr>\n<td width=\"87\">TOTALE<\/td>\n<td width=\"83\">182.392<\/td>\n<td width=\"110\">140.044<\/td>\n<td width=\"154\"><strong>76,8%<\/strong><\/td>\n<\/tr>\n<\/tbody>\n<\/table>\n<p>&nbsp;<\/p>\n<p>&nbsp;<\/p>\n<table width=\"655\">\n<tbody>\n<tr>\n<td width=\"83\">et\u00e0<\/td>\n<td width=\"83\">popolazione ISTAT<\/td>\n<td width=\"71\">1 dose<\/td>\n<td width=\"80\">% copertura 1 dose<\/td>\n<td width=\"88\">cicli completi<\/td>\n<td width=\"85\">%copertura cicli completi<\/td>\n<td width=\"72\">ancora da vaccinare<\/td>\n<td width=\"91\">% ancora da vaccinare<\/td>\n<\/tr>\n<tr>\n<td width=\"83\">12-19 anni<\/td>\n<td width=\"83\">14.207<\/td>\n<td width=\"71\">2025<\/td>\n<td width=\"80\">14,3%<\/td>\n<td width=\"88\">5897<\/td>\n<td width=\"85\">41,5%<\/td>\n<td width=\"72\">6285<\/td>\n<td width=\"91\">44,2%<\/td>\n<\/tr>\n<tr>\n<td width=\"83\">20-29 anni<\/td>\n<td width=\"83\">18.949<\/td>\n<td width=\"71\">1720<\/td>\n<td width=\"80\">9,1%<\/td>\n<td width=\"88\">11376<\/td>\n<td width=\"85\">60,0%<\/td>\n<td width=\"72\">5853<\/td>\n<td width=\"91\">30,9%<\/td>\n<\/tr>\n<tr>\n<td width=\"83\">30-39 anni<\/td>\n<td width=\"83\">19.848<\/td>\n<td width=\"71\">1485<\/td>\n<td width=\"80\">7,5%<\/td>\n<td width=\"88\">11345<\/td>\n<td width=\"85\">57,2%<\/td>\n<td width=\"72\">7018<\/td>\n<td width=\"91\">35,4%<\/td>\n<\/tr>\n<tr>\n<td width=\"83\">40-49 anni<\/td>\n<td width=\"83\">27.492<\/td>\n<td width=\"71\">1093<\/td>\n<td width=\"80\">4,0%<\/td>\n<td width=\"88\">17802<\/td>\n<td width=\"85\">64,8%<\/td>\n<td width=\"72\">8597<\/td>\n<td width=\"91\">31,3%<\/td>\n<\/tr>\n<tr>\n<td width=\"83\">50-59 anni<\/td>\n<td width=\"83\">33.218<\/td>\n<td width=\"71\">1039<\/td>\n<td width=\"80\">3,1%<\/td>\n<td width=\"88\">24600<\/td>\n<td width=\"85\">74,1%<\/td>\n<td width=\"72\">7579<\/td>\n<td width=\"91\">22,8%<\/td>\n<\/tr>\n<tr>\n<td width=\"83\">over 60<\/td>\n<td width=\"83\">68.678<\/td>\n<td width=\"71\">1363<\/td>\n<td width=\"80\">2%<\/td>\n<td width=\"88\">60300<\/td>\n<td width=\"85\">87,8%<\/td>\n<td width=\"72\">7015<\/td>\n<td width=\"91\">10,2%<\/td>\n<\/tr>\n<tr>\n<td width=\"83\">TOTALE<\/td>\n<td width=\"83\">182.392<\/td>\n<td width=\"71\">8725<\/td>\n<td width=\"80\">4,8%<\/td>\n<td width=\"88\">131319<\/td>\n<td width=\"85\"><strong>72%<\/strong><\/td>\n<td width=\"72\">42.348<\/td>\n<td width=\"91\"><strong>23,2%<\/strong><\/td>\n<\/tr>\n<\/tbody>\n<\/table>\n<p>&nbsp;<\/p>\n<p><strong>SEDUTE VACCINALI TERRITORIALI<\/strong><\/p>\n<p>Ecco l\u2019elenco delle sedute vaccinali aperte a tutte le fasce d\u2019et\u00e0 SENZA PRENOTAZIONE, nei vari comuni della provincia.<\/p>\n<p><a href=\"https:\/\/www.radiopiu.net\/wordpress\/il-72-della-popolazione-bellunese-e-vaccinata\/schermata-2021-08-31-alle-19-02-20\/\" rel=\"attachment wp-att-230384\"><img loading=\"lazy\" decoding=\"async\" class=\"aligncenter wp-image-230384 size-large\" src=\"https:\/\/www.radiopiu.net\/wordpress\/wp-content\/uploads\/2021\/08\/Schermata-2021-08-31-alle-19.02.20-842x1024.png\" alt=\"\" width=\"842\" height=\"1024\" srcset=\"https:\/\/www.radiopiu.net\/wordpress\/wp-content\/uploads\/2021\/08\/Schermata-2021-08-31-alle-19.02.20-842x1024.png 842w, https:\/\/www.radiopiu.net\/wordpress\/wp-content\/uploads\/2021\/08\/Schermata-2021-08-31-alle-19.02.20-247x300.png 247w, https:\/\/www.radiopiu.net\/wordpress\/wp-content\/uploads\/2021\/08\/Schermata-2021-08-31-alle-19.02.20-768x934.png 768w, https:\/\/www.radiopiu.net\/wordpress\/wp-content\/uploads\/2021\/08\/Schermata-2021-08-31-alle-19.02.20-1263x1536.png 1263w, https:\/\/www.radiopiu.net\/wordpress\/wp-content\/uploads\/2021\/08\/Schermata-2021-08-31-alle-19.02.20.png 1276w\" sizes=\"auto, (max-width: 842px) 100vw, 842px\" \/><\/a><\/p>\n<p>&nbsp;<\/p>\n<p>In particolare, si evidenzia che \u00e8 stata organizzata una seduta straordinaria al Centro Vaccinale di Sedico con ACCESSO LIBERO per tutte le et\u00e0 dalle 12.30 alle 20.00 di gioved\u00ec 2 settembre 2021. Inoltre, sempre gioved\u00ec, iniziano le vaccinazioni in orario serale al drive in di Paludi con ACCESSO LIBERO dalle 18.30 alle 22.00. Si ricorda, inoltre, \u00a0che \u00e8 previsto l\u2019accesso libero per persone tra 12 e 25 anni e per gli over 60 in tutti i drive in vaccinali dell\u2019Ulss Dolomiti<\/p>\n<p><a href=\"https:\/\/www.radiopiu.net\/wordpress\/il-72-della-popolazione-bellunese-e-vaccinata\/schermata-2021-08-31-alle-19-03-24\/\" rel=\"attachment wp-att-230385\"><img loading=\"lazy\" decoding=\"async\" class=\"aligncenter wp-image-230385 size-full\" src=\"https:\/\/www.radiopiu.net\/wordpress\/wp-content\/uploads\/2021\/08\/Schermata-2021-08-31-alle-19.03.24.png\" alt=\"\" width=\"870\" height=\"970\" srcset=\"https:\/\/www.radiopiu.net\/wordpress\/wp-content\/uploads\/2021\/08\/Schermata-2021-08-31-alle-19.03.24.png 870w, https:\/\/www.radiopiu.net\/wordpress\/wp-content\/uploads\/2021\/08\/Schermata-2021-08-31-alle-19.03.24-269x300.png 269w, https:\/\/www.radiopiu.net\/wordpress\/wp-content\/uploads\/2021\/08\/Schermata-2021-08-31-alle-19.03.24-768x856.png 768w\" sizes=\"auto, (max-width: 870px) 100vw, 870px\" \/><\/a><\/p>\n<p>&nbsp;<\/p>\n<p>Infine, \u00a0\u00e8 sempre possibile prenotare la vaccinazione anti covid dal sito <a href=\"http:\/\/www.aulss1.veneto.it\/\">www.aulss1.veneto.it<\/a><\/p>\n<p>&nbsp;<\/p>\n<p>&nbsp;<\/p>\n<hr \/>\n<p>&nbsp;<\/p>\n<blockquote>\n<h3>COVID: AL VIA ALTRI TRE STUDI CLINICI IN ULSS 1 DOLOMITI<\/h3>\n<\/blockquote>\n<p><strong><a href=\"https:\/\/www.radiopiu.net\/wordpress\/covid-report-su-utilizzo-terapie-intensive-in-veneto\/posti-letto-ospedale\/\" rel=\"attachment wp-att-190270\"><img loading=\"lazy\" decoding=\"async\" class=\"size-medium wp-image-190270 alignleft\" src=\"https:\/\/www.radiopiu.net\/wordpress\/wp-content\/uploads\/2021\/02\/POSTI-LETTO-OSPEDALE-300x199.jpg\" alt=\"\" width=\"300\" height=\"199\" srcset=\"https:\/\/www.radiopiu.net\/wordpress\/wp-content\/uploads\/2021\/02\/POSTI-LETTO-OSPEDALE-300x199.jpg 300w, https:\/\/www.radiopiu.net\/wordpress\/wp-content\/uploads\/2021\/02\/POSTI-LETTO-OSPEDALE-1024x678.jpg 1024w, https:\/\/www.radiopiu.net\/wordpress\/wp-content\/uploads\/2021\/02\/POSTI-LETTO-OSPEDALE-768x508.jpg 768w, https:\/\/www.radiopiu.net\/wordpress\/wp-content\/uploads\/2021\/02\/POSTI-LETTO-OSPEDALE-1536x1017.jpg 1536w, https:\/\/www.radiopiu.net\/wordpress\/wp-content\/uploads\/2021\/02\/POSTI-LETTO-OSPEDALE.jpg 1920w\" sizes=\"auto, (max-width: 300px) 100vw, 300px\" \/><\/a>BELLUNO <\/strong>Non solo cure ma anche ricerca. L\u2019oncologia di Belluno \u00e8 impegnata in due studi clinici e l\u2019Anestesia di Belluno si \u00e8 coinvolta in uno studio sulla cura dei pazienti covid ventilati in terapia intensiva. Gli studi sono stati approvati dal Comitato Etico per la sperimentazione clinica. Per quanto riguarda l\u2019oncologia, sono stati attivati uno studio osservazionale retrospettivo-prospettico su pazienti con melanoma trattati in setting adiuvante nella Cohort MAP per valutare la sopravvivenza libera da recidiva e la sopravvivenza globale; e uno studio sulla tollerabilit\u00e0 ed efficacia del farmaco capecitabina come trattamento adiuvante in pazienti affette da carcinoma mammario triplo negativo. Entrambi gli studi hanno come responsabile scientifico il direttore Zustovich. L\u2019Anestesia di Belluno \u00e8 impegnata, con responsabile scientifico il dottor Poole, in uno studio osservazionale nazionale no profit su pazienti covid positivi riguardante il posizionamento prono durante la ventilazione invasiva. \u00ab<em>Ancora una volta i professionisti dell\u2019Ulss 1 dimostrano di essere riconosciuti nel mondo scientifico e di saper abbinare l\u2019attivit\u00e0 clinica all\u2019attivit\u00e0 di studio e ricerca. Un plauso alle due \u00e9quipe per il lavoro quotidiano e per la capacit\u00e0 di curare lo sviluppo professionale e la ricerca\u00bb, commenta il Direttore Generale Maria Grazia Carraro \u00abi nostri clinici sono all\u2019interno delle reti della ricerca che si svolge, quindi, non solo nei centri di riferimento ma anche nelle nostre strutture<\/em>\u00bb.<\/p>\n<p>&nbsp;<\/p>\n<p>&nbsp;<\/p>\n<hr \/>\n<p>&nbsp;<\/p>\n<blockquote>\n<h3>PEDIATRIA: ATTIVATO IL SUPPORTO DI UNA COOPERATIVA PER GARANTIRE I SERVIZI<\/h3>\n<\/blockquote>\n<p><strong><a href=\"https:\/\/www.radiopiu.net\/wordpress\/conferenza-stampa-del-presidente-del-veneto-luca-zaia-14-giugno-2020\/dc8d9e01-0412-48a8-91b1-c64ba92a8187\/\" rel=\"attachment wp-att-144229\"><img loading=\"lazy\" decoding=\"async\" class=\"size-medium wp-image-144229 alignleft\" src=\"https:\/\/www.radiopiu.net\/wordpress\/wp-content\/uploads\/2020\/06\/dc8d9e01-0412-48a8-91b1-c64ba92a8187-300x150.jpg\" alt=\"\" width=\"300\" height=\"150\" srcset=\"https:\/\/www.radiopiu.net\/wordpress\/wp-content\/uploads\/2020\/06\/dc8d9e01-0412-48a8-91b1-c64ba92a8187-300x150.jpg 300w, https:\/\/www.radiopiu.net\/wordpress\/wp-content\/uploads\/2020\/06\/dc8d9e01-0412-48a8-91b1-c64ba92a8187-1024x512.jpg 1024w, https:\/\/www.radiopiu.net\/wordpress\/wp-content\/uploads\/2020\/06\/dc8d9e01-0412-48a8-91b1-c64ba92a8187-768x384.jpg 768w, https:\/\/www.radiopiu.net\/wordpress\/wp-content\/uploads\/2020\/06\/dc8d9e01-0412-48a8-91b1-c64ba92a8187-1536x768.jpg 1536w, https:\/\/www.radiopiu.net\/wordpress\/wp-content\/uploads\/2020\/06\/dc8d9e01-0412-48a8-91b1-c64ba92a8187.jpg 2048w\" sizes=\"auto, (max-width: 300px) 100vw, 300px\" \/><\/a>BELLUNO<\/strong> Per garantire le cure pediatriche e le attivit\u00e0 dei punti nascita, stante la nota carenza di specialisti in pediatria, sono stati acquistati 180 turni di 12 ore di medici pediatri. L\u2019Azienda ha attivato o ha aderito alle\u00a0 numerose procedure concorsuali indette, che sono andate deserte. Anche il reperimento di medici con incarichi di libera professione risulta difficoltoso. L\u2019Ulss Dolomiti, gi\u00e0 dai primi mesi del 2020, era ricorsa all\u2019acquisto di prestazioni di pediatria da operatori esterni, riuscendo in questo modo a garantire i servizi in tutti i presidi. \u00c9 stata quindi avviata una procedura di gara per l\u2019acquisto di 180 turni di 12 ore\u00a0 in esito alla quale \u00e8 stato affidato il servizio di assistenza pediatrica di supporto alla ditta Pediacoop che inizier\u00e0 la sua attivit\u00e0 dal 1 ottobre 2021. \u00ab<em>Questa operazione ci permette di assicurare le attivit\u00e0 di pediatria e dei punti nascita di Belluno e di Feltre oltre che le importanti attivit\u00e0 ambulatoriali<\/em>\u00bb, commenta il direttore generale Maria Grazia Carraro, \u00ab<em>continua nel frattempo la ricerca di medici specialisti, percorrendo tutte le strade possibili. Nelle nostre strutture gli specialisti possono trovare team propensi alla crescita professionale e al lavoro di squadra, oltre che la possibilit\u00e0 di fare ricerca ed essere valorizzati come persone e professionisti. La nostra Azienda offre un nido aziendale, servizio di foresteria e possibilit\u00e0 di svolgere attivit\u00e0 aggiuntive. Anche il contesto sociale \u00e8 propenso all\u2019accoglienza: si stanno muovendo diverse iniziative per favorire la scelta di questo territorio: ultimo esempio il progetto di creazione di mini alloggi con prezzi calmierati per i professionisti che provengono da altre realt\u00e0<\/em>\u00bb<\/p>\n<p>&nbsp;<\/p>\n<p>&nbsp;<\/p>\n<hr \/>\n<p>&nbsp;<\/p>\n<blockquote>\n<h3>INDETTA LA GARA PER L\u2019AFFIDAMENTO DEI LAVORI PER IL TRASFERIMENTO DEGLI AMBULATORI VETERINARI<\/h3>\n<\/blockquote>\n<p><strong><a href=\"https:\/\/www.radiopiu.net\/wordpress\/monoclonali-pronti-per-la-somministrazione-in-ulss-1-dolomiti\/ulss-1-2\/\" rel=\"attachment wp-att-198838\"><img loading=\"lazy\" decoding=\"async\" class=\"size-medium wp-image-198838 alignleft\" src=\"https:\/\/www.radiopiu.net\/wordpress\/wp-content\/uploads\/2021\/03\/ULSS-1-300x158.jpg\" alt=\"\" width=\"300\" height=\"158\" srcset=\"https:\/\/www.radiopiu.net\/wordpress\/wp-content\/uploads\/2021\/03\/ULSS-1-300x158.jpg 300w, https:\/\/www.radiopiu.net\/wordpress\/wp-content\/uploads\/2021\/03\/ULSS-1-768x404.jpg 768w, https:\/\/www.radiopiu.net\/wordpress\/wp-content\/uploads\/2021\/03\/ULSS-1.jpg 776w\" sizes=\"auto, (max-width: 300px) 100vw, 300px\" \/><\/a>BELLUNO <\/strong>Dopo l\u2019approvazione del progetto definitivo dei lavori per il trasferimento degli ambulatori dei servizi veterinari del feltrino dalla sede di Borgo Ruga alla sede di Via Marconi a Feltre, \u00e8 stata indetta la procedura per l\u2019affidamento della ristrutturazione. Il bando sar\u00e0 pubblicato nel sito Ulss e sul sito del ministero delle infrastrutture. La nuova sede degli ambulatori veterinari del feltrino, da realizzarsi attraverso la ristrutturazione del piano terra di Via Marconi, in locali ubicati al piano terra e precedentemente utilizzati come depositi e archivi, vedono un costo stimato di circa 252 mila euro. Nella nuova sede gli ambulatori veterinari avranno a disposizione una sala d\u2019attesa,\u00a0 2 ambulatori, servizi igienici e una sala interventi. Il servizio sar\u00e0 collocato al piano terra nella zona est dell\u2019edificio, sar\u00e0 facilmente accessibile dall\u2019utenza esterna senza creare interferenza con le altre attivit\u00e0 presenti nella struttura. I lavori prevedono demolizione pareti divisorie interne non strutturali, demolizione impianti esistenti, nuove partizioni, nuova distribuzione impianti, posa pavimenti, nuovi serramenti interni ed esterni, nuovi contro soffitti, pitture e accessori di finitura, oltre al rifacimento degli Impianti elettrico, idraulico, riscaldamento, antincendio, telefonia, trasmissione dati. Gli spazi per i servizi veterinari, quindi, saranno resi sicuri accoglienti e funzionali. Il crono programma prevede la stipula del contratto con la ditta che vincer\u00e0 la gara entro fine anno, 4 mesi per la realizzazione dei lavori e due mesi per collaudi e agibilit\u00e0.<\/p>\n<p>&nbsp;<\/p>\n<p>&nbsp;<\/p>\n<hr \/>\n<p>&nbsp;<\/p>\n<blockquote>\n<h3>L&#8217;INAGIBILITA&#8217; DI UNA TRIBUNA DEL POLISPORTIVO DI BELLUNO ENTRA IN CONSIGLIO COMUNALE CON UNA INTERROGAZIONE DI FABIO &#8220;RUFUS&#8221; BRISTOT<\/h3>\n<\/blockquote>\n<p><strong><a href=\"https:\/\/www.radiopiu.net\/wordpress\/nuova-pista-di-atletica-al-polisportivo-di-belluno\/polisportivo-belluno\/\" rel=\"attachment wp-att-175597\"><img loading=\"lazy\" decoding=\"async\" class=\"size-medium wp-image-175597 alignleft\" src=\"https:\/\/www.radiopiu.net\/wordpress\/wp-content\/uploads\/2020\/11\/POLISPORTIVO-BELLUNO-300x225.jpg\" alt=\"\" width=\"300\" height=\"225\" srcset=\"https:\/\/www.radiopiu.net\/wordpress\/wp-content\/uploads\/2020\/11\/POLISPORTIVO-BELLUNO-300x225.jpg 300w, https:\/\/www.radiopiu.net\/wordpress\/wp-content\/uploads\/2020\/11\/POLISPORTIVO-BELLUNO-1024x768.jpg 1024w, https:\/\/www.radiopiu.net\/wordpress\/wp-content\/uploads\/2020\/11\/POLISPORTIVO-BELLUNO-768x576.jpg 768w, https:\/\/www.radiopiu.net\/wordpress\/wp-content\/uploads\/2020\/11\/POLISPORTIVO-BELLUNO-1536x1152.jpg 1536w, https:\/\/www.radiopiu.net\/wordpress\/wp-content\/uploads\/2020\/11\/POLISPORTIVO-BELLUNO.jpg 2048w\" sizes=\"auto, (max-width: 300px) 100vw, 300px\" \/><\/a>BELLUNO<\/strong> La notizia di un possibile trasferimento a Feltre delle partite casalinghe della neo nata Dolomiti Bellunesi ha fatto scattare l&#8217;allarme anche tra i consiglieri di minoranza del comune di Belluno. A chiedere spiegazioni \u00e8 Fabio &#8220;Rufus&#8221; Bristot del Gruppo Misto. &#8220;<em>Ho <\/em><em>valutato con grande entusiasmo la fusione del Belluno, dell\u2019Union Feltre e del San Giorgio Sedico, segno evidente quanto tangibile che lo sport ogni tanto sa fare cose che la politica non riesce neppure a concepire (fondersi e unirsi per essere piu\u0300 forte, esserci con un maggiore peso specifico anche per rappresentare al meglio tutto il nostro territorio, avere un rigurgito di sano orgoglio anche per credere in progettualita\u0300 ambiziose e coltivare sogni possibili) e che questo progetto di medio e lungo periodo potra\u0300 offrire a sportivi e alle comunita\u0300 locali importanti sorprese &#8211; dice Bristot &#8211; gli accordi intervenuti erano evidenti sin dall\u2019inizio, ovvero che la squadra giocasse le partite casalinghe al Polispostivo di Belluno. Ho appreso dagli organi di stampa in data odierna che a causa dell\u2019inagibilita\u0300 di una tribuna la squadra non potrebbe giocare al Polisportivo di Belluno<\/em>&#8220;. Per questo Bristot ha chiesto un&#8217;interrogazione con risposta scritta e orale al sindaco Massaro chiedendo quali siano le criticita\u0300 che hanno portato a decretare la mancata agibilita\u0300 di una tribuna, se sia possibile ovviare con un\u2019eventuale deroga a questo gravoso ostacolo, per quale motivo questo stato di fatto non sia emerso prima e portato all\u2019attenzione per essere risolto e quali siano gli interventi minimali richiesti per l\u2019ottenimento dell\u2019agibilita\u0300, quali le risorse necessarie e in che tempi gli stessi possano essere realizzati.<\/p>\n<p>&nbsp;<\/p>\n<p>&nbsp;<\/p>\n<hr \/>\n<p>&nbsp;<\/p>\n<blockquote>\n<h3>LE FAMIGLIE CHE HANNO ADERITO AI CENTRI ESTIVI VENGONO PREMIATE DAL COMUNE DI SEDICO<\/h3>\n<\/blockquote>\n<p><strong><a href=\"https:\/\/www.radiopiu.net\/wordpress\/giornale-radiopiu-15-luglio-2021-direttore-mirko-mezzacasa\/th-161\/\" rel=\"attachment wp-att-221793\"><img loading=\"lazy\" decoding=\"async\" class=\"size-medium wp-image-221793 alignleft\" src=\"https:\/\/www.radiopiu.net\/wordpress\/wp-content\/uploads\/2021\/07\/th-11-300x169.jpg\" alt=\"\" width=\"300\" height=\"169\" srcset=\"https:\/\/www.radiopiu.net\/wordpress\/wp-content\/uploads\/2021\/07\/th-11-300x169.jpg 300w, https:\/\/www.radiopiu.net\/wordpress\/wp-content\/uploads\/2021\/07\/th-11.jpg 316w\" sizes=\"auto, (max-width: 300px) 100vw, 300px\" \/><\/a>SEDICO<\/strong><\/p>\n<p>di Damiano Tormen<\/p>\n<audio class=\"wp-audio-shortcode\" id=\"audio-230337-6\" preload=\"none\" style=\"width: 100%;\" controls=\"controls\"><source type=\"audio\/mpeg\" src=\"https:\/\/www.radiopiu.net\/wordpress\/wp-content\/uploads\/2021\/08\/DAMIANO-SEDICO.mp3?_=6\" \/><a href=\"https:\/\/www.radiopiu.net\/wordpress\/wp-content\/uploads\/2021\/08\/DAMIANO-SEDICO.mp3\">https:\/\/www.radiopiu.net\/wordpress\/wp-content\/uploads\/2021\/08\/DAMIANO-SEDICO.mp3<\/a><\/audio>\n<p>&nbsp;<\/p>\n<hr \/>\n<p>&nbsp;<\/p>\n<blockquote>\n<h3>DAL 6 SETTEMBRE E&#8217; POSSIBILE FARE DOMANDA PER LA RIDUZIONE DEL CANONE DI LOCAZIONE AD USO ABITATIVO<\/h3>\n<\/blockquote>\n<p><strong>BELLUNO<\/strong> L\u2019Associazione della proprieta\u0300 edilizia \u2013 Confedilizia ricorda che entro il prossimo 6 settembre puo\u0300 essere presentata la domanda per ottenere il contributo per la riduzione del canone di locazione ad uso abitativo previsto dall\u2019art. 9-quater, d.l. n. 137\/2020 (cfr. da ultimo nostra circolare del 6 luglio 2021). La domanda va inoltrata esclusivamente in modalita\u0300 telematica direttamente dal locatore o tramite un intermediario autorizzato ad accedere al cassetto fiscale dello stesso. L\u2019Associazione, alla quale ci si puo\u0300 rivolgere per ogni ulteriore informazione, coglie l\u2019occasione per segnalare che nell\u2019ambito della compilazione dell\u2019istanza va indicato, tra gli altri dati, \u201cil canone originario della locazione ovvero l\u2019importo del canone previsto prima della rinegoziazione (o delle rinegoziazioni) indicata (o indicate) nell\u2019istanza\u201d (cosi\u0300 le Istruzioni per la compilazione del modulo). L\u2019importo in questione e\u0300 uno di quei dati che il software delle Entrate carica automaticamente, sulla base delle informazioni presenti in Anagrafe Tributaria, e che non puo\u0300 essere corretto dal richiedente neanche recandosi presso uno \u201csportello\u201d territoriale dell\u2019Agenzia. Cio\u0300 comporta che, in caso di accordi di riduzione del canone gia\u0300 stipulati in passato (anche se temporanei e relativi solo al 2020), il contributo calcolato dal programma delle Entrate sulla base del canone annuo del 2020 risultera\u0300 inferiore rispetto a quello che deriverebbe prendendo a base il canone originario.<\/p>\n<p>&nbsp;<\/p>\n<p>&nbsp;<\/p>\n<hr \/>\n<p>&nbsp;<\/p>\n<blockquote>\n<h3>VIVA VITTORIA TRE CIME DI LAVAREDO\u00a0 ARRIVA IN VETTA IL 4 SETTEMBRE<\/h3>\n<\/blockquote>\n<p><strong><a href=\"https:\/\/www.radiopiu.net\/wordpress\/giornale-radiopiu-01-settembre-2021-direttore-mirko-mezzacasa\/quadrato-tre-cime\/\" rel=\"attachment wp-att-230372\"><img loading=\"lazy\" decoding=\"async\" class=\"size-medium wp-image-230372 alignleft\" src=\"https:\/\/www.radiopiu.net\/wordpress\/wp-content\/uploads\/2021\/08\/quadrato-tre-cime-300x251.jpg\" alt=\"\" width=\"300\" height=\"251\" srcset=\"https:\/\/www.radiopiu.net\/wordpress\/wp-content\/uploads\/2021\/08\/quadrato-tre-cime-300x251.jpg 300w, https:\/\/www.radiopiu.net\/wordpress\/wp-content\/uploads\/2021\/08\/quadrato-tre-cime-768x644.jpg 768w, https:\/\/www.radiopiu.net\/wordpress\/wp-content\/uploads\/2021\/08\/quadrato-tre-cime.jpg 940w\" sizes=\"auto, (max-width: 300px) 100vw, 300px\" \/><\/a>AURONZO DI CADORE <\/strong>Il 4 settembre trova la sua scenografica conclusione l&#8217;opera relazionale condivisa di Viva Vittoria Tre Cime di Lavaredo. Il progetto, varato in marzo 2021, ha coinvolto oltre 90 tra associazioni, enti, istituzioni, scuole e case di riposo, nella creazione di \u201cquadrati\u201c a maglia, della dimensione di 50 x 50 cm, con l&#8217;obiettivo di creare una maxi coperta che potesse colorare le cime dolomitiche famose in tutto il mondo. L&#8217;entusiasmo \u00e8 stato collettivo e il progetto, coordinato dall&#8217;Associazione \u201cAPS Up \u201cI Sogni fuori dal Cassetto\u201d,\u00a0 ha visto una collaborazione spontanea, sostenuta da una tematica quanto mai attuale: sensibilizzare la collettivit\u00e0 e comunicare un messaggio coeso contro la violenza sulle donne. L&#8217;obiettivo era ambizioso, ma \u00e8 stato raggiunto con numeri da record: oltre 10mila quadrati elaborati in soli 5 mesi, alcuni dei quali provenienti dal Messico e dal Belgio\u00a0 e da molte altre province italiane (a cominciare dalle vicine Treviso e Padova), a loro volta assemblati in\u00a0 2.500 coperte da 1 mq, cucendo 4 quadrati alla volta con un filo rosso, simbolo del sostegno e della collaborazione dalle donne per le donne. Sabato 4 settembre alle ore 9,30 le coperte cos\u00ec ottenute saranno distese ai piedi delle Tre Cime di Lavaredo, nei pressi della Cappella degli Alpini, andando a comporre un grande tappeto colorato. La nota emozionale sar\u00e0 rappresentata dalla canzone \u201c Vittoria\u201d, scritta e composta per l\u2019occasione dai cantautori bellunesi Marco V. dal Farra e Mattia Andrich e prodotta da Davide De Faveri. Commissionato dall&#8217;Associazione Gocce di Sole, da sempre vicina ai giovani talenti, il brano \u00e8 il racconto drammatico di un uomo che narra come figlio, la violenza subita da una donna ed \u00e8 scaricabile dal sito <a href=\"https:\/\/vittoria2021.bandcamp.com\/\">vittoria2021.bandcamp.com<\/a>. E&#8217; possibile trovare il link anche nel sito e nei canali social dell&#8217;Associazione di Promozione Sociale \u201cGocce di Sole\u201d ed in tutti i siti di Viva Vittoria nazionale. Il programma seguir\u00e0 con un concerto del \u00a0\u201c Coro Minimo Bellunese\u201d.Sar\u00e0 possibile partecipare all\u2019evento e raggiungere le Tre Cime di Lavaredo prenotando i pullman messi a disposizione da Dolomitibus con partenza da Treviso, Belluno, Tai di Cadore e Auronzo (per info:<a href=\"mailto:vivavittoriatrecimedilavaredo@gmail.com\">vivavittoriatrecimedilavaredo@gmail.com<\/a> o WhatsApp 3757063761) e con la navetta in partenza da Misurina.<\/p>\n<p>&nbsp;<\/p>\n<hr \/>\n<p>&nbsp;<\/p>\n<blockquote>\n<h3>ERA ELEVATO FINO AL 1920 IL NUMERO DEGLI ANALFABETI IN QUEL DI SEDICO<\/h3>\n<\/blockquote>\n<p><strong>di Renato Bona<\/strong><\/p>\n<p>Inserita nel capitolo \u201cAspetti economici e culturali nel tessuto sociale di Sedico\u201d di cui \u00e8 stato autore Gianni De Vecchi col libro\u201dRicordando. Storia e immagini del comune di Sedico\u201d, edito da Comune e Biblioteca civica nel marzo 1986 con l\u2019Istituto bellunese di ricerche sociali e culturali ed il contributo di Cassa di risparmio di Verona, Vicenza e Belluno, Regione Veneto e Comunit\u00e0 montana Bellunese, vi \u00e8 la storia di \u201cLe scuole nel comune di Sedico dal 1800 al 1943\u201d dove l\u2019autore esordisce richiamando il fatto che: \u201cIl problema dell\u2019istruzione fu, in genere, sempre particolarmente sentito tra la nostra gente anche se, fin verso il 1920, il numero degli analfabeti si manteneva elevato in quanto alcuni lasciavano la scuola per aiutare in famiglia nei lavori agricoli o per andare \u2018a past co le vache\u2019 (al pascolo con le mucche), altri, pi\u00f9 grandicelli, interrompevamo gli studi per andare a Trento \u2018a servir\u2019 (i ragazzi), \u2018a far le serve\u2019 in famiglie borghesi e benestanti il pi\u00f9 delle volte lontano da casa (le ragazze)\u201d. Traccia quindi un po\u2019 di storia sulla delicata situazione per ricordare che: \u201c\u2026 gli austriaci subentrarono per molti anni ai francesi nel dominio e nell\u2019amministrazione del nostro Comune\u201d e sottolineare che \u201c\u00e8 soltanto dal 1866, con la riacquistata libert\u00e0 conseguente all\u2019annessione del Veneto all\u2019Italia, che anche la gente dei nostri paesi reclama per s\u00e9 e per i propri figli maggiore istruzione\u201d. Lo Stato e gli enti locali, nonostante le limitate disponibilit\u00e0 di fondi, cercano di venire incontro a queste richieste istituendo, tra l\u2019altro, per gli adulti analfabeti e semianalfabeti, scuole serali e festive\u201d. Cita in proposito un giornale del 1867 in cui si legge che il Comune di Sedico ha scuole (da intendersi come aule) elementari pubbliche maschili (non sappiamo quante e dove) e, a Bribano, una privata femminile. Questo comporta che le femmine non avendo l\u2019opportunit\u00e0 di farsi istruire sono per la pi\u00f9 parte analfabete: in complesso, tra maschi e femmine 66 per cento di analfabeti. Lo stesso giornale dar\u00e0 il 12 dicembre la notizia che a Belluno, nei locali delle scuole elementari, funzionano dalle 6 alle 8 di ogni sera le scuole serali, dalle 10 alle 12 di ogni festa la scuola festivo-domenicale e che la domenica, sempre a Belluno, si fa anche scuola di disegno per adulti provenienti pure dai comuni circonvicini e specialmente da Sedico. E viene citato come \u201cbellissimo esempio\u201d il caso del ventenne Giuseppe Sabbedotti, di Sedico, di condizione muratore \u201cpremuroso di approfittare della gratuita istruzione che si offre a Belluno, si partiva appositamente ogni festa da Sedico per due anni continui, facendo circa 13 miglia fra l\u2019andata e il ritorno ed ora che la cattiva stagione e le brevi giornate gli sarebbero d\u2019ostacolo d\u2019intervenire alle nuove scuole serali, ebbe l\u2019idea di allogarsi come domestico in questa citt\u00e0 a condizione che gli fossero lasciate libere le ore in cui viene tenuta la scuola. Egli interviene quindi ad ogni lezione col consenso del padrone\u201d. Nella seduta del 2 marzo 1868 il Consiglio comunale di Sedico fiss\u00f2 un sussidio per qualche allievo che frequenti la scuola festiva in Belluno \u201csenza essere distolto dalla distanza che da percorrere\u2026\u201d. Dunque gi\u00e0 allora gli amministratori del Comune &#8211; scrive De Vecchi &#8211; dimostrarono grande sensibilit\u00e0 verso il problema dell\u2019istruzione pubblica. Un balzo in avanti nel tempo per dire che \u201cGi\u00e0 prima della Grande Guerra il Comune di Sedico si accinge \u201call\u2019ardua impresa di dotare i paesi pi\u00f9 importanti di edifici scolastici appositamente costruiti\u201d. Sorgono per primi i fabbricati di Bribano, 4 aule, e Peron un\u2019aula e l\u2019alloggio dell\u2019insegnante, entrambi ultimati nel 1909. La guerra blocca i lavori per gli altri due. De Vecchi annota: \u201cAll\u2019epoca dell\u2019invasione austriaca le scuole restano anche chiuse: sono momenti di paura, miseria e fame. Di questo periodo si conoscono i nomi dei maestri che tra mille difficolt\u00e0 cercano di educare ed istruire: a Sedico il maestro Pietro De Mozzi, a Bribano la maestra Bodon, a Roe la maestra Elena Milanesi, a Libano il maestro Doglioni Majer Giovanni Battista, a Peron la maestra Clorinda Agnoletto. Anno scolastico 1922-23: per la prima volta compare nei documenti la scuola di Villiago. Nel ventennio fascista si aprono rurali e serali per combattere l\u2019analfabetismo. Altra realt\u00e0: per molti anni la quinta classe funzion\u00f2 solo a Sedico costringendo i bambini di Peron, Roe e Bribano a grandi sacrifici per conseguire il diploma finale (solo gli scolari provenienti dalle famiglie pi\u00f9 agiate avevano nelle frazioni questa possibilit\u00e0\u2026). Addirittura gli scolari di Libano, pochi, frequentavano la quinta a Belluno. Solo durante la seconda guerra mondiale la quinta venne istituita in quasi tutte le scuole del Comune (ma a Bribano era attiva ancora prima della guerra). Orami per\u00f2 &#8211; conclude l\u2019autore di \u201cRicordando\u201d &#8211; \u201ci tempi mutavano e sarebbero mutate radicalmente anche le scuole, prima con la caduta del fascismo e poi, nel dopoguerra, con l\u2019instaurazione della Repubblica\u201d.<\/p>\n\n\t\t\t<style type='text\/css'>\n\t\t\t\t#gallery-5 {\n\t\t\t\t\tmargin: auto;\n\t\t\t\t}\n\t\t\t\t#gallery-5 .gallery-item {\n\t\t\t\t\tfloat: left;\n\t\t\t\t\tmargin-top: 10px;\n\t\t\t\t\ttext-align: center;\n\t\t\t\t\twidth: 12%;\n\t\t\t\t}\n\t\t\t\t#gallery-5 img {\n\t\t\t\t\tborder: 2px solid #cfcfcf;\n\t\t\t\t}\n\t\t\t\t#gallery-5 .gallery-caption {\n\t\t\t\t\tmargin-left: 0;\n\t\t\t\t}\n\t\t\t\t\/* see gallery_shortcode() in wp-includes\/media.php *\/\n\t\t\t<\/style>\n\t\t<div id='gallery-5' class='dt-gallery-container gallery galleryid-230337 gallery-columns-8 gallery-size-thumbnail'><dl class='gallery-item'>\n\t\t\t\t<dt class='gallery-icon landscape'>\n\t\t\t\t\t<a class=\"rollover rollover-zoom dt-pswp-item\" title=\"241104465_361545972301321_403845576939790826_n\" data-dt-img-description=\"\" data-large_image_width=\"631\" data-large_image_height=\"403\"href='https:\/\/www.radiopiu.net\/wordpress\/wp-content\/uploads\/2021\/08\/241104465_361545972301321_403845576939790826_n.jpg'><img loading=\"lazy\" decoding=\"async\" width=\"150\" height=\"150\" src=\"https:\/\/www.radiopiu.net\/wordpress\/wp-content\/uploads\/2021\/08\/241104465_361545972301321_403845576939790826_n-150x150.jpg\" class=\"attachment-thumbnail size-thumbnail\" alt=\"\" \/><\/a>\n\t\t\t\t<\/dt><\/dl><dl class='gallery-item'>\n\t\t\t\t<dt class='gallery-icon landscape'>\n\t\t\t\t\t<a class=\"rollover rollover-zoom dt-pswp-item\" title=\"241031067_1266301163828183_1851504469635298243_n\" data-dt-img-description=\"\" data-large_image_width=\"599\" data-large_image_height=\"403\"href='https:\/\/www.radiopiu.net\/wordpress\/wp-content\/uploads\/2021\/08\/241031067_1266301163828183_1851504469635298243_n.jpg'><img loading=\"lazy\" decoding=\"async\" width=\"150\" height=\"150\" src=\"https:\/\/www.radiopiu.net\/wordpress\/wp-content\/uploads\/2021\/08\/241031067_1266301163828183_1851504469635298243_n-150x150.jpg\" class=\"attachment-thumbnail size-thumbnail\" alt=\"\" \/><\/a>\n\t\t\t\t<\/dt><\/dl><dl class='gallery-item'>\n\t\t\t\t<dt class='gallery-icon landscape'>\n\t\t\t\t\t<a class=\"rollover rollover-zoom dt-pswp-item\" title=\"241056612_336767578196685_3152792551624383617_n\" data-dt-img-description=\"\" data-large_image_width=\"631\" data-large_image_height=\"403\"href='https:\/\/www.radiopiu.net\/wordpress\/wp-content\/uploads\/2021\/08\/241056612_336767578196685_3152792551624383617_n.jpg'><img loading=\"lazy\" decoding=\"async\" width=\"150\" height=\"150\" src=\"https:\/\/www.radiopiu.net\/wordpress\/wp-content\/uploads\/2021\/08\/241056612_336767578196685_3152792551624383617_n-150x150.jpg\" class=\"attachment-thumbnail size-thumbnail\" alt=\"\" \/><\/a>\n\t\t\t\t<\/dt><\/dl><dl class='gallery-item'>\n\t\t\t\t<dt class='gallery-icon landscape'>\n\t\t\t\t\t<a class=\"rollover rollover-zoom dt-pswp-item\" title=\"241123599_1211642975981671_7045463456041085232_n\" data-dt-img-description=\"\" data-large_image_width=\"640\" data-large_image_height=\"401\"href='https:\/\/www.radiopiu.net\/wordpress\/wp-content\/uploads\/2021\/08\/241123599_1211642975981671_7045463456041085232_n.jpg'><img loading=\"lazy\" decoding=\"async\" width=\"150\" height=\"150\" src=\"https:\/\/www.radiopiu.net\/wordpress\/wp-content\/uploads\/2021\/08\/241123599_1211642975981671_7045463456041085232_n-150x150.jpg\" class=\"attachment-thumbnail size-thumbnail\" alt=\"\" \/><\/a>\n\t\t\t\t<\/dt><\/dl><dl class='gallery-item'>\n\t\t\t\t<dt class='gallery-icon landscape'>\n\t\t\t\t\t<a class=\"rollover rollover-zoom dt-pswp-item\" title=\"241153989_296208448939006_2963673573069837118_n\" data-dt-img-description=\"\" data-large_image_width=\"627\" data-large_image_height=\"403\"href='https:\/\/www.radiopiu.net\/wordpress\/wp-content\/uploads\/2021\/08\/241153989_296208448939006_2963673573069837118_n.jpg'><img loading=\"lazy\" decoding=\"async\" width=\"150\" height=\"150\" src=\"https:\/\/www.radiopiu.net\/wordpress\/wp-content\/uploads\/2021\/08\/241153989_296208448939006_2963673573069837118_n-150x150.jpg\" class=\"attachment-thumbnail size-thumbnail\" alt=\"\" \/><\/a>\n\t\t\t\t<\/dt><\/dl><dl class='gallery-item'>\n\t\t\t\t<dt class='gallery-icon landscape'>\n\t\t\t\t\t<a class=\"rollover rollover-zoom dt-pswp-item\" title=\"241041685_1439738176382505_3660127054656292343_n\" data-dt-img-description=\"\" data-large_image_width=\"537\" data-large_image_height=\"403\"href='https:\/\/www.radiopiu.net\/wordpress\/wp-content\/uploads\/2021\/08\/241041685_1439738176382505_3660127054656292343_n.jpg'><img loading=\"lazy\" decoding=\"async\" width=\"150\" height=\"150\" src=\"https:\/\/www.radiopiu.net\/wordpress\/wp-content\/uploads\/2021\/08\/241041685_1439738176382505_3660127054656292343_n-150x150.jpg\" class=\"attachment-thumbnail size-thumbnail\" alt=\"\" \/><\/a>\n\t\t\t\t<\/dt><\/dl><dl class='gallery-item'>\n\t\t\t\t<dt class='gallery-icon landscape'>\n\t\t\t\t\t<a class=\"rollover rollover-zoom dt-pswp-item\" title=\"240978267_363303778745800_1720751869832843310_n\" data-dt-img-description=\"\" data-large_image_width=\"546\" data-large_image_height=\"403\"href='https:\/\/www.radiopiu.net\/wordpress\/wp-content\/uploads\/2021\/08\/240978267_363303778745800_1720751869832843310_n.jpg'><img loading=\"lazy\" decoding=\"async\" width=\"150\" height=\"150\" src=\"https:\/\/www.radiopiu.net\/wordpress\/wp-content\/uploads\/2021\/08\/240978267_363303778745800_1720751869832843310_n-150x150.jpg\" class=\"attachment-thumbnail size-thumbnail\" alt=\"\" \/><\/a>\n\t\t\t\t<\/dt><\/dl><dl class='gallery-item'>\n\t\t\t\t<dt class='gallery-icon landscape'>\n\t\t\t\t\t<a class=\"rollover rollover-zoom dt-pswp-item\" title=\"241032635_1053155685224275_1143898174634788246_n\" data-dt-img-description=\"\" data-large_image_width=\"773\" data-large_image_height=\"403\"href='https:\/\/www.radiopiu.net\/wordpress\/wp-content\/uploads\/2021\/08\/241032635_1053155685224275_1143898174634788246_n.jpg'><img loading=\"lazy\" decoding=\"async\" width=\"150\" height=\"150\" src=\"https:\/\/www.radiopiu.net\/wordpress\/wp-content\/uploads\/2021\/08\/241032635_1053155685224275_1143898174634788246_n-150x150.jpg\" class=\"attachment-thumbnail size-thumbnail\" alt=\"\" \/><\/a>\n\t\t\t\t<\/dt><\/dl><br style=\"clear: both\" \/>\n\t\t\t<\/div>\n\n<p>NELLE FOTO (riproduzioni dal libro \u201cRicordando. Storia e immagini del comune di Sedico\u201d): Anno 1929, scolaresca di Carmegn con la maestra Zoe Mancuso: col fascismo anche i bambini indossavano le divise\u2026 in bella mostra le foto del Re e del Duce; scolaresca del Peron agli inizi del 1900; alunni della classe quarta di Sedico (anno 1924) in posa con attrezzi agricoli; scolaresca del Peron nel 1920; foto-ricordo nel 1922 per una scolaresca di Roe; accompagnata dal maestro Pietro De Mozzi una scolaresca di Sedico visita una piantagione del vivaio Frescura nel 1922; siamo nel 1926-27; scolaresca di Sedico all\u2019inaugurazione del ponte sul Piave.<\/p>\n<p>&nbsp;<\/p>\n<p>&nbsp;<\/p>\n<hr \/>\n<p>&nbsp;<\/p>\n<blockquote>\n<h3>A FELTRE IL TERZO APPUNTAMENTO DI ARTI IN BILICO<\/h3>\n<\/blockquote>\n<p><strong>FELTRE <\/strong>Terzo appuntamento di Arti in bilico, la rassegna che porta musica e teatro nelle ville antiche di Feltre e nei loro meravigliosi giardini. Da Villa Guarnieri la rassegna si sposta per gli ultimi due appuntamenti: domani alle 21, infatti, lo spettacolo teatrale \u2018Gianni\u2019 andr\u00e0 in scena in un altro luogo suggestivo del Feltrino, Villa San Liberale a Cart. Chiuder\u00e0 il programma il 9 settembre, sempre a Villa San Liberale, il giovane e talentuoso musicista Mos\u00e8 Andrich con un recital di piano solo jazz. Arti in bilico \u00e8 una rassegna a cura dell\u2019Associazione Teatro del Cuore e del Centro di Musica Unisono, con il patrocinio e il sostegno fondamentale del Comune di Feltre.<\/p>\n<p>&nbsp;<\/p>\n<p>&nbsp;<\/p>\n<hr \/>\n<p>&nbsp;<\/p>\n<blockquote>\n<h3>POM E PER A MOLDOI DE SOSPIROI<\/h3>\n<\/blockquote>\n<p><strong>SOSPIROLO<\/strong> Ritorna, dopo un anno di pausa forzata causa Covid, la manifestazione \u201cPom &amp; Per a Moldoi de Sospiroi\u201d domenica 5 settembre a Villa Sandi-Zasso. In programma una vasta esposizione prodotti ortofrutticoli e di artigianato, mostre, il consueto convegno, giochi di un tempo, visite guidate alle colture di piante officinali e ortaggi, alla villa e ai dintorni. Saranno anche allestite diverse mostre: la pomologica di mele e pere provenienti dal vivaio del Centro Sperimentale Pradon di Porto Tolle di Veneto Agricoltura, quella di sculture lignee di Giancarlo Cassol, le opere di Elvio Dal Pan, piante e laboratorio di pulitura e impostazione del Bonsai Club Feltre. L\u2019evento celebra il ricordo di Carlo Zasso (1836-1912), amministratore pubblico ed esperto agronomo. Organizza la Pro loco \u201cMonti del Sole\u201d con il patrocinio di Comune di Sospirolo, Regione, Unpli regionale, Veneto agricoltura e Um Valbelluna. Prenotazione: proloco@sospirolo.net, 320 334 2082 e sul posto. L\u2019organizzazione raccomanda il rispetto delle norme anti Covid-19. Presentarsi muniti di mascherina e di Green Pass.<\/p>\n<p>&nbsp;<\/p>\n<p>&nbsp;<\/p>\n<hr \/>\n<p>&nbsp;<\/p>\n<blockquote>\n<h3>CUGNISCION NOSTE VIJINANZE<\/h3>\n<\/blockquote>\n<p><strong>COLLE SANTA LUCIA<\/strong> Istitut Ladin Cesa De Jan assieme al comune di Livinallongo del Col Di Lana organizzano delle gite alla scoperta delle vicinie di Fodom. I prossimi appuntamenti: Corte e Contrin il 2 settembre e Pieve e Salesei il 9 settembre. Il costo delle visite \u00e8 di 15 euro per gli adulti e 7 per i bambini (pranzo non compreso). Si consiglia un abbigliamento da trekking. Info e prenotazioni al 3343346680<\/p>\n<p>&nbsp;<\/p>\n<p>&nbsp;<\/p>\n<hr \/>\n<p>&nbsp;<\/p>\n<blockquote>\n<h3>I 130 ANNI DEL CAI BELLUNO: GLI APPUNTAMENTI<\/h3>\n<\/blockquote>\n<p><strong>BELLUNO<\/strong> Saranno 3 gli appuntamenti in programma nei prossimi giorni con il coro Cai di Belluno per celebrare i 130 anni dalla fondazione della sezione di Belluno.\u00a0 Il 5 settembre il coro Cai sar\u00e0 al Rifugio Bianchet per una esibizione mentre l&#8217;11 settembre al Rifugio Settimo Alpini per la messa in ricordo dei caduti della montagna.<\/p>\n<p>&nbsp;<\/p>\n<p>&nbsp;<\/p>\n<hr \/>\n<p>&nbsp;<\/p>\n<blockquote>\n<h3>CAMMINATURALMENTE RITORNA CON 2 APPUNTAMENTI<\/h3>\n<\/blockquote>\n<p><strong>BELLUNO<\/strong> Saranno due gli appuntamenti in programma per Camminaturalmente 2021 alla scoperta di itinierari naturalistici e ambientali con Anacleto Boranga. Il 4 settembre I NOSTRI ALBERI RACCONTANO con un percorso nei giardini di Piazza dei Martiri e Parco Bologna. L&#8217;11 settembre sar\u00e0 la volta di IGNE E LE SUE STRADE LASTRICATE per scoprire chilometri di mulattiere che salgono il paese. Iscrizione obbligatoria a biblioteca@comune.belluno.it o al numero 0437 948093 entro le 12:30 del venerdi che precede la camminata. Dovranno essere rispettate le norme anticovid, massimo 15 persone per itinerario.<\/p>\n<p>&nbsp;<\/p>\n<p>&nbsp;<\/p>\n<hr \/>\n<p>&nbsp;<\/p>\n<blockquote>\n<h3>SETTIMANA DANTESCA IN ALPAGO<\/h3>\n<\/blockquote>\n<p><strong>ALPAGO<\/strong> Sar\u00e0 una settimana dedicata al sommo poeta Dante quella che inizier\u00e0 il 5 settembre in Alpago. Si inizia dal Municipio di Alpago dove domenica 5 settembre alle 16 verr\u00e0 inauguarata una mostra a cura di Serena Dal Borgo ed Erminio Mazzucco. Marted\u00ec 7 alle 20:30 al bocciodromo il concerto della banda comunale di Farra e gioved\u00ec 9, sempre al bocciodromo, il concerto della banda S. Cecilia di Puos. La serie di appuntamenti si chiude il 12 settembre presso la scacchiera quando il quartetto di clarinetti Barance si esibiranno alle 17:30.<\/p>\n<p>&nbsp;<\/p>\n<p>&nbsp;<\/p>\n<hr \/>\n<p>&nbsp;<\/p>\n<blockquote>\n<h3>RITORNA LA CICLINVALLE\u00a0 AGORDO-COL DI PRA IN VALLE DI SAN LUCANO<\/h3>\n<\/blockquote>\n<p><strong>AGORDO<\/strong> 27^ edizione della CiclinValle pedalata di beneficienza pro Unicef. E&#8217; in programma domenica 12 settembre con partenza alle 10 dalla localit\u00e0 Valcozzena. Green pass o tampone negativo obbligatorio. In caso di maltempo la manifestazione sar\u00e0 annullata. Iscrizioni 10 euro sabato 11 in piscina ad Agordo dalle 16 alle 19, domenica in localit\u00e0 Valcozzena dalle 8.30 alle 9.30.<\/p>\n<p>&nbsp;<\/p>\n<hr \/>\n<p>&nbsp;<\/p>\n<h1><span style=\"color: #ff0000;\">IERI ALLA RADIO\u00a0<\/span><\/h1>\n<h2><strong><a href=\"https:\/\/www.radiopiu.net\/wordpress\/iniziano-i-campionati-per-lagordina-parla-cosmo-forcella\/cosmo-forcella-2\/\" rel=\"attachment wp-att-98244\"><img loading=\"lazy\" decoding=\"async\" class=\"size-medium wp-image-98244 alignleft\" src=\"https:\/\/www.radiopiu.net\/wordpress\/wp-content\/uploads\/2019\/09\/COSMO-FORCELLA-225x300.jpeg\" alt=\"\" width=\"225\" height=\"300\" srcset=\"https:\/\/www.radiopiu.net\/wordpress\/wp-content\/uploads\/2019\/09\/COSMO-FORCELLA-225x300.jpeg 225w, https:\/\/www.radiopiu.net\/wordpress\/wp-content\/uploads\/2019\/09\/COSMO-FORCELLA-768x1024.jpeg 768w, https:\/\/www.radiopiu.net\/wordpress\/wp-content\/uploads\/2019\/09\/COSMO-FORCELLA.jpeg 1200w\" sizes=\"auto, (max-width: 225px) 100vw, 225px\" \/><\/a><span style=\"color: #33cccc;\">AL VIA LA STAGIONE DELL&#8217;AGORDINA CALCIO<\/span><\/strong><\/h2>\n<p><strong>di Marco Gaz<\/strong><\/p>\n<p>OSPITE: Cosmo Forcella, Presidente Agordina Calcio<\/p>\n<audio class=\"wp-audio-shortcode\" id=\"audio-230337-7\" preload=\"none\" style=\"width: 100%;\" controls=\"controls\"><source type=\"audio\/mpeg\" src=\"https:\/\/www.radiopiu.net\/wordpress\/wp-content\/uploads\/2021\/08\/SPECIALE-AGORDINA-CALCIO.mp3?_=7\" \/><a href=\"https:\/\/www.radiopiu.net\/wordpress\/wp-content\/uploads\/2021\/08\/SPECIALE-AGORDINA-CALCIO.mp3\">https:\/\/www.radiopiu.net\/wordpress\/wp-content\/uploads\/2021\/08\/SPECIALE-AGORDINA-CALCIO.mp3<\/a><\/audio>\n<p>&nbsp;<\/p>\n<p>&nbsp;<\/p>\n<hr \/>\n<p>&nbsp;<\/p>\n<p>&nbsp;<\/p>\n<p>&nbsp;<\/p>\n<blockquote class=\"wp-embedded-content\" data-secret=\"VOUCvkyTKX\"><p><a href=\"https:\/\/www.radiopiu.net\/wordpress\/i-misteri-di-alleghe-di-sergio-saviane-alla-radio-con-lattore-roberto-faoro-il-podcast\/\">&#8220;I MISTERI DI ALLEGHE DI SERGIO SAVIANE&#8221; ALLA RADIO CON L&#8217;ATTORE ROBERTO FAORO &#8211; IL PODCAST<\/a><\/p><\/blockquote>\n<p><iframe loading=\"lazy\" class=\"wp-embedded-content\" sandbox=\"allow-scripts\" security=\"restricted\" style=\"position: absolute; clip: rect(1px, 1px, 1px, 1px);\" title=\"&#8220;&#8220;I MISTERI DI ALLEGHE DI SERGIO SAVIANE&#8221; ALLA RADIO CON L&#8217;ATTORE ROBERTO FAORO &#8211; IL PODCAST&#8221; &#8212; Radio Pi\u00f9\" src=\"https:\/\/www.radiopiu.net\/wordpress\/i-misteri-di-alleghe-di-sergio-saviane-alla-radio-con-lattore-roberto-faoro-il-podcast\/embed\/#?secret=VOUCvkyTKX\" data-secret=\"VOUCvkyTKX\" width=\"600\" height=\"338\" frameborder=\"0\" marginwidth=\"0\" marginheight=\"0\" scrolling=\"no\"><\/iframe><\/p>\n<h2><\/h2>\n<hr \/>\n<p>&nbsp;<\/p>\n<h2><strong><a href=\"https:\/\/www.radiopiu.net\/wordpress\/plastic-free-quinta-puntata\/img-20210802-wa0007\/\" rel=\"attachment wp-att-230084\"><img loading=\"lazy\" decoding=\"async\" class=\"size-medium wp-image-230084 alignleft\" src=\"https:\/\/www.radiopiu.net\/wordpress\/wp-content\/uploads\/2021\/08\/IMG-20210802-WA0007-300x225.jpg\" alt=\"\" width=\"300\" height=\"225\" srcset=\"https:\/\/www.radiopiu.net\/wordpress\/wp-content\/uploads\/2021\/08\/IMG-20210802-WA0007-300x225.jpg 300w, https:\/\/www.radiopiu.net\/wordpress\/wp-content\/uploads\/2021\/08\/IMG-20210802-WA0007-1024x768.jpg 1024w, https:\/\/www.radiopiu.net\/wordpress\/wp-content\/uploads\/2021\/08\/IMG-20210802-WA0007-768x576.jpg 768w, https:\/\/www.radiopiu.net\/wordpress\/wp-content\/uploads\/2021\/08\/IMG-20210802-WA0007-1536x1152.jpg 1536w, https:\/\/www.radiopiu.net\/wordpress\/wp-content\/uploads\/2021\/08\/IMG-20210802-WA0007.jpg 1600w\" sizes=\"auto, (max-width: 300px) 100vw, 300px\" \/><\/a><span style=\"color: #0000ff;\">PLASTIC FREE &#8211; QUINTA PUNTATA<\/span><\/strong><\/h2>\n<p><strong>Con la collaborazione di Martina Smaniotto<\/strong><\/p>\n<audio class=\"wp-audio-shortcode\" id=\"audio-230337-8\" preload=\"none\" style=\"width: 100%;\" controls=\"controls\"><source type=\"audio\/mpeg\" src=\"https:\/\/www.radiopiu.net\/wordpress\/wp-content\/uploads\/2021\/08\/PLASTIC-FREE-5.mp3?_=8\" \/><a href=\"https:\/\/www.radiopiu.net\/wordpress\/wp-content\/uploads\/2021\/08\/PLASTIC-FREE-5.mp3\">https:\/\/www.radiopiu.net\/wordpress\/wp-content\/uploads\/2021\/08\/PLASTIC-FREE-5.mp3<\/a><\/audio>\n<p>&nbsp;<\/p>\n<blockquote class=\"wp-embedded-content\" data-secret=\"RBljYct0OJ\"><p><a href=\"https:\/\/www.radiopiu.net\/wordpress\/plastic-free-per-un-mondo-senza-plastica\/\">PLASTIC FREE per un mondo senza plastica<\/a><\/p><\/blockquote>\n<p><iframe loading=\"lazy\" class=\"wp-embedded-content\" sandbox=\"allow-scripts\" security=\"restricted\" style=\"position: absolute; clip: rect(1px, 1px, 1px, 1px);\" title=\"&#8220;PLASTIC FREE per un mondo senza plastica&#8221; &#8212; Radio Pi\u00f9\" src=\"https:\/\/www.radiopiu.net\/wordpress\/plastic-free-per-un-mondo-senza-plastica\/embed\/#?secret=RBljYct0OJ\" data-secret=\"RBljYct0OJ\" width=\"600\" height=\"338\" frameborder=\"0\" marginwidth=\"0\" marginheight=\"0\" scrolling=\"no\"><\/iframe><\/p>\n<p>&nbsp;<\/p>\n<hr \/>\n<p>&nbsp;<\/p>\n<blockquote class=\"wp-embedded-content\" data-secret=\"jSr8zCjUMs\"><p><a href=\"https:\/\/www.radiopiu.net\/wordpress\/da-ieri-alla-radio-in-palinsesto-loris-e-maurizio-con-la-grande-musica\/\">IL BLUES ALLA RADIO &#8230; COME NON L&#8217;AVETE MAI SENTITO PRIMA<\/a><\/p><\/blockquote>\n<p><iframe loading=\"lazy\" class=\"wp-embedded-content\" sandbox=\"allow-scripts\" security=\"restricted\" style=\"position: absolute; clip: rect(1px, 1px, 1px, 1px);\" title=\"&#8220;IL BLUES ALLA RADIO &#8230; COME NON L&#8217;AVETE MAI SENTITO PRIMA&#8221; &#8212; Radio Pi\u00f9\" src=\"https:\/\/www.radiopiu.net\/wordpress\/da-ieri-alla-radio-in-palinsesto-loris-e-maurizio-con-la-grande-musica\/embed\/#?secret=jSr8zCjUMs\" data-secret=\"jSr8zCjUMs\" width=\"600\" height=\"338\" frameborder=\"0\" marginwidth=\"0\" marginheight=\"0\" scrolling=\"no\"><\/iframe><\/p>\n<p>&nbsp;<\/p>\n<div>\n<div class=\"mkdf-post-text\">\n<div class=\"mkdf-post-text-inner\">\n<div class=\"mkdf-post-text-main\">\n<div class=\"mkdf-post-text\">\n<div class=\"mkdf-post-text-inner\">\n<div class=\"mkdf-post-text-main\">\n<div class=\"mkdf-post-text\">\n<div class=\"mkdf-post-text-inner\">\n<div class=\"mkdf-post-text-main\">\n<div class=\"page-title-head hgroup\">\n<div class=\"page-title-head hgroup\">\n<div class=\"page-title-breadcrumbs\">\n<div class=\"mkdf-post-text\">\n<div class=\"mkdf-post-text-inner\">\n<div class=\"mkdf-post-text-main\">\n<div class=\"mkdf-post-text\">\n<div class=\"mkdf-post-text-inner\">\n<div class=\"mkdf-post-text-main\">\n<div class=\"page-title-head hgroup\">\n<div class=\"page-title-head hgroup\">\n<div class=\"mkdf-post-text\">\n<div class=\"mkdf-post-text-inner\">\n<div class=\"mkdf-post-text-main\">\n<div class=\"mkdf-post-text\">\n<div class=\"mkdf-post-text-inner\">\n<div class=\"mkdf-post-text-main\">\n<div class=\"page-title-head hgroup\">\n<div class=\"page-title-head hgroup\">\n<div class=\"page-title-head hgroup\">\n<div class=\"page-title-head hgroup\">\n<div class=\"b654a4as d2edcug0\">\n<div class=\"page-title-head hgroup\">\n<div class=\"page-title-head hgroup\">\n<div class=\"mkdf-post-text\">\n<div class=\"mkdf-post-text-inner\">\n<div class=\"mkdf-post-text-main\">\n<div class=\"mkdf-post-text\">\n<div class=\"mkdf-post-text-inner\">\n<div class=\"mkdf-post-text-main\">\n<div class=\"mkdf-post-text\">\n<div class=\"mkdf-post-text-inner\">\n<div class=\"mkdf-post-text-main\">\n<div class=\"page-title-head hgroup\">\n<div class=\"page-title-head hgroup\">\n<div class=\"mkdf-post-text\">\n<div class=\"mkdf-post-text-inner\">\n<div class=\"mkdf-post-text-main\">\n<div class=\"mkdf-post-text\">\n<div class=\"mkdf-post-text-inner\">\n<div class=\"mkdf-post-text-main\">\n<div class=\"page-title-head hgroup\">\n<div class=\"page-title-head hgroup\">\n<div class=\"page-title-head hgroup\">\n<div class=\"page-title-head hgroup\">\n<div class=\"b654a4as d2edcug0\">\n<div class=\"page-title-head hgroup\">\n<div class=\"page-title-head hgroup\">\n<div class=\"page-title-head hgroup\">\n<div class=\"page-title-head hgroup\">\n<div class=\"b654a4as d2edcug0\">\n<div>\n<div class=\"mkdf-post-text\">\n<div class=\"mkdf-post-text-inner\">\n<div class=\"mkdf-post-text-main\">\n<div class=\"mkdf-post-text\">\n<div class=\"mkdf-post-text-inner\">\n<div class=\"mkdf-post-text-main\">\n<div class=\"mkdf-post-text\">\n<div class=\"mkdf-post-text-inner\">\n<div class=\"mkdf-post-text-main\">\n<div class=\"page-title-head hgroup\">\n<div class=\"page-title-head hgroup\">\n<div class=\"page-title-breadcrumbs\">\n<div class=\"mkdf-post-text\">\n<div class=\"mkdf-post-text-inner\">\n<div class=\"mkdf-post-text-main\">\n<div class=\"mkdf-post-text\">\n<div class=\"mkdf-post-text-inner\">\n<div class=\"mkdf-post-text-main\">\n<div class=\"page-title-head hgroup\">\n<div class=\"page-title-head hgroup\">\n<div class=\"mkdf-post-text\">\n<div class=\"mkdf-post-text-inner\">\n<div class=\"mkdf-post-text-main\">\n<p>&nbsp;<\/p>\n<hr \/>\n<div class=\"mkdf-post-text\">\n<div class=\"mkdf-post-text-inner\">\n<div class=\"mkdf-post-text-main\">\n<div class=\"page-title-head hgroup\">\n<div class=\"page-title-head hgroup\">\n<div class=\"page-title-head hgroup\">\n<div class=\"page-title-head hgroup\">\n<div class=\"b654a4as d2edcug0\">\n<p>&nbsp;<\/p>\n<h2>LA RACCOLTA COMPLETA<\/h2>\n<blockquote class=\"wp-embedded-content\" data-secret=\"n5jzjOfMc7\"><p><a href=\"https:\/\/www.radiopiu.net\/wordpress\/solidarieta-veneto\/\">Solidariet\u00e0 Veneto<\/a><\/p><\/blockquote>\n<p><iframe loading=\"lazy\" class=\"wp-embedded-content\" sandbox=\"allow-scripts\" security=\"restricted\" style=\"position: absolute; clip: rect(1px, 1px, 1px, 1px);\" title=\"&#8220;Solidariet\u00e0 Veneto&#8221; &#8212; Radio Pi\u00f9\" src=\"https:\/\/www.radiopiu.net\/wordpress\/solidarieta-veneto\/embed\/#?secret=n5jzjOfMc7\" data-secret=\"n5jzjOfMc7\" width=\"600\" height=\"338\" frameborder=\"0\" marginwidth=\"0\" marginheight=\"0\" scrolling=\"no\"><\/iframe><\/p>\n<blockquote>\n<h2><\/h2>\n<\/blockquote>\n<p>&nbsp;<\/p>\n<hr \/>\n<p>&nbsp;<\/p>\n<div>\n<div class=\"b654a4as d2edcug0\">\n<div class=\"rq0escxv hkbzh7o3 jwdofwj8 n8tt0mok r8blr3vg hyh9befq\">\n<p><a class=\"dt-pswp-item\" href=\"https:\/\/www.radiopiu.net\/wordpress\/wp-content\/uploads\/2020\/10\/pp.jpg\" data-dt-img-description=\"\" data-large_image_width=\"640\" data-large_image_height=\"640\"><img loading=\"lazy\" decoding=\"async\" class=\"wp-image-163678 alignleft\" src=\"https:\/\/www.radiopiu.net\/wordpress\/wp-content\/uploads\/2020\/10\/pp-300x300.jpg\" alt=\"\" width=\"106\" height=\"106\" srcset=\"https:\/\/www.radiopiu.net\/wordpress\/wp-content\/uploads\/2020\/10\/pp-300x300.jpg 300w, https:\/\/www.radiopiu.net\/wordpress\/wp-content\/uploads\/2020\/10\/pp-150x150.jpg 150w, https:\/\/www.radiopiu.net\/wordpress\/wp-content\/uploads\/2020\/10\/pp-125x125.jpg 125w, https:\/\/www.radiopiu.net\/wordpress\/wp-content\/uploads\/2020\/10\/pp-200x200.jpg 200w, https:\/\/www.radiopiu.net\/wordpress\/wp-content\/uploads\/2020\/10\/pp-80x80.jpg 80w, https:\/\/www.radiopiu.net\/wordpress\/wp-content\/uploads\/2020\/10\/pp-480x480.jpg 480w, https:\/\/www.radiopiu.net\/wordpress\/wp-content\/uploads\/2020\/10\/pp.jpg 640w\" sizes=\"auto, (max-width: 106px) 100vw, 106px\" \/><\/a><\/p>\n<\/div>\n<\/div>\n<\/div>\n<div>\n<div class=\"page-title-head hgroup\">\n<div class=\"page-title-head hgroup\">\n<div class=\"b654a4as d2edcug0\">\n<div class=\"j83agx80 btwxx1t3 lhclo0ds hop8lmos nkwizq5d scwd0bx6 roh60bw9\">\n<div class=\"rq0escxv hkbzh7o3 jwdofwj8 n8tt0mok r8blr3vg hyh9befq\">\n<div class=\"do00u71z l9j0dhe7 k4urcfbm\">\n<h2><span style=\"color: #000080;\">DON CESARE, IL PENSIERO DEL GIORNO. ALLA RADIO ALLE 7 DEL MATTINO E ALLE 19.30 DELLA SERA.\u00a0\u00a0<\/span><\/h2>\n<\/div>\n<\/div>\n<\/div>\n<div><\/div>\n<\/div>\n<\/div>\n<div class=\"page-title-head hgroup\">\n<audio class=\"wp-audio-shortcode\" id=\"audio-230337-9\" preload=\"none\" style=\"width: 100%;\" controls=\"controls\"><source type=\"audio\/mpeg\" src=\"https:\/\/www.radiopiu.net\/wordpress\/wp-content\/uploads\/2021\/08\/CESARE-7.mp3?_=9\" \/><a href=\"https:\/\/www.radiopiu.net\/wordpress\/wp-content\/uploads\/2021\/08\/CESARE-7.mp3\">https:\/\/www.radiopiu.net\/wordpress\/wp-content\/uploads\/2021\/08\/CESARE-7.mp3<\/a><\/audio>\n<p>&nbsp;<\/p>\n<hr \/>\n<p class=\"b654a4as d2edcug0\"><span style=\"color: #ff6600;\">\u00a0 \u00a0<\/span><\/p>\n<h2><span style=\"color: #ff6600;\">GIROVAGANDO ALLA RADIO, PUNTATA 14<\/span><\/h2>\n<p><strong><a href=\"https:\/\/www.radiopiu.net\/wordpress\/girovagando-alla-radio-puntata-14\/6c9b4363-2474-4da3-8d66-f891b54d7ce1\/\" rel=\"attachment wp-att-230080\"><img loading=\"lazy\" decoding=\"async\" class=\"size-medium wp-image-230080 alignleft\" src=\"https:\/\/www.radiopiu.net\/wordpress\/wp-content\/uploads\/2021\/08\/6c9b4363-2474-4da3-8d66-f891b54d7ce1-300x200.jpg\" alt=\"\" width=\"300\" height=\"200\" srcset=\"https:\/\/www.radiopiu.net\/wordpress\/wp-content\/uploads\/2021\/08\/6c9b4363-2474-4da3-8d66-f891b54d7ce1-300x200.jpg 300w, https:\/\/www.radiopiu.net\/wordpress\/wp-content\/uploads\/2021\/08\/6c9b4363-2474-4da3-8d66-f891b54d7ce1-1024x683.jpg 1024w, https:\/\/www.radiopiu.net\/wordpress\/wp-content\/uploads\/2021\/08\/6c9b4363-2474-4da3-8d66-f891b54d7ce1-768x512.jpg 768w, https:\/\/www.radiopiu.net\/wordpress\/wp-content\/uploads\/2021\/08\/6c9b4363-2474-4da3-8d66-f891b54d7ce1.jpg 1400w\" sizes=\"auto, (max-width: 300px) 100vw, 300px\" \/><\/a>Collaborazione Thomas Soppera<\/strong><\/p>\n<p>&nbsp;<\/p>\n<p><strong>PUNTATA DEL 30 AGOSTO 2021<\/strong><\/p>\n<audio class=\"wp-audio-shortcode\" id=\"audio-230337-10\" preload=\"none\" style=\"width: 100%;\" controls=\"controls\"><source type=\"audio\/mpeg\" src=\"https:\/\/www.radiopiu.net\/wordpress\/wp-content\/uploads\/2021\/08\/GIROVAGANDO-14.mp3?_=10\" \/><a href=\"https:\/\/www.radiopiu.net\/wordpress\/wp-content\/uploads\/2021\/08\/GIROVAGANDO-14.mp3\">https:\/\/www.radiopiu.net\/wordpress\/wp-content\/uploads\/2021\/08\/GIROVAGANDO-14.mp3<\/a><\/audio>\n<p>&nbsp;<\/p>\n<p>&nbsp;<\/p>\n<blockquote class=\"wp-embedded-content\" data-secret=\"IADhnHxjaQ\"><p><a href=\"https:\/\/www.radiopiu.net\/wordpress\/girovagando-in-e-bike-tra-le-dolomiti\/\">GIROVAGANDO IN E BIKE TRA LE DOLOMITI<\/a><\/p><\/blockquote>\n<p><iframe loading=\"lazy\" class=\"wp-embedded-content\" sandbox=\"allow-scripts\" security=\"restricted\" style=\"position: absolute; clip: rect(1px, 1px, 1px, 1px);\" title=\"&#8220;GIROVAGANDO IN E BIKE TRA LE DOLOMITI&#8221; &#8212; Radio Pi\u00f9\" src=\"https:\/\/www.radiopiu.net\/wordpress\/girovagando-in-e-bike-tra-le-dolomiti\/embed\/#?secret=IADhnHxjaQ\" data-secret=\"IADhnHxjaQ\" width=\"600\" height=\"338\" frameborder=\"0\" marginwidth=\"0\" marginheight=\"0\" scrolling=\"no\"><\/iframe><\/p>\n<p>\u200b<\/p>\n<p>\u200b<\/p>\n<hr \/>\n<\/div>\n<\/div>\n<\/div>\n<\/div>\n<\/div>\n<\/div>\n<\/div>\n<\/div>\n<\/div>\n<\/div>\n<\/div>\n<\/div>\n<\/div>\n<\/div>\n<\/div>\n<\/div>\n<\/div>\n<\/div>\n<\/div>\n<\/div>\n<\/div>\n<\/div>\n<\/div>\n<div class=\"mkdf-post-text\">\n<div class=\"mkdf-post-text-inner\">\n<div class=\"mkdf-post-text-main\">\n<div class=\"mkdf-post-text\">\n<div class=\"mkdf-post-text-inner\">\n<div class=\"mkdf-post-text-main\">\n<div>\n<div class=\"page-title-head hgroup\">\n<div class=\"page-title-head hgroup\">\n<div class=\"page-title-head hgroup\">\n<div class=\"page-title-head hgroup\">\n<div class=\"b654a4as d2edcug0\">\n<div class=\"page-title-head hgroup\">\n<div class=\"page-title-head hgroup\">\n<p>&nbsp;<\/p>\n<\/div>\n<\/div>\n<\/div>\n<\/div>\n<\/div>\n<\/div>\n<\/div>\n<\/div>\n<\/div>\n<\/div>\n<\/div>\n<\/div>\n<\/div>\n<\/div>\n<\/div>\n<\/div>\n<\/div>\n<\/div>\n<\/div>\n<\/div>\n<\/div>\n<\/div>\n<\/div>\n<\/div>\n<\/div>\n<\/div>\n<blockquote>\n<h3><\/h3>\n<h3>COLLAGE&#8230; DI LORIS SCUSSEL dal lunedi al venerdi alle 16 e alle 23 su RADIO PIU<\/h3>\n<p>PUNTATA DEL 31 AGOSTO 2021<\/p>\n<audio class=\"wp-audio-shortcode\" id=\"audio-230337-11\" preload=\"none\" style=\"width: 100%;\" controls=\"controls\"><source type=\"audio\/mpeg\" src=\"https:\/\/www.radiopiu.net\/wordpress\/wp-content\/uploads\/2021\/08\/COMA-1.mp3?_=11\" \/><a href=\"https:\/\/www.radiopiu.net\/wordpress\/wp-content\/uploads\/2021\/08\/COMA-1.mp3\">https:\/\/www.radiopiu.net\/wordpress\/wp-content\/uploads\/2021\/08\/COMA-1.mp3<\/a><\/audio><\/blockquote>\n<div>\n<p><img loading=\"lazy\" decoding=\"async\" class=\"alignleft\" src=\"https:\/\/www.radiopiu.net\/wordpress\/wp-content\/uploads\/2021\/05\/Schermata-2021-05-23-alle-11.50.11.png\" width=\"186\" height=\"131\" \/><\/p>\n<div>\n<p>Il programma \u00e8 andato in onda da dicembre 2013 fino a luglio 2019, comprese le repliche, in due serie per 350 puntate complessive con 1.890 brani trasmessi. L\u2019obiettivo del programma: riproporre agli ascoltatori pi\u00f9 grandicelli le canzoni che ascoltavano nel passato e nello stesso tempo farle conoscere anche ai pi\u00f9 giovani.<\/p>\n<\/div>\n<\/div>\n<div>\n<p><b>\u00a0\u00a0<\/b><\/p>\n<p>&nbsp;<\/p>\n<p>&nbsp;<\/p>\n<p>&nbsp;<\/p>\n<\/div>\n<\/div>\n<\/div>\n<\/div>\n<\/div>\n<\/div>\n<\/div>\n<\/div>\n<\/div>\n<\/div>\n<\/div>\n<\/div>\n<\/div>\n<\/div>\n<\/div>\n<\/div>\n<\/div>\n<\/div>\n<\/div>\n<\/div>\n<\/div>\n<\/div>\n<\/div>\n<\/div>\n<\/div>\n<\/div>\n<\/div>\n<\/div>\n<\/div>\n<\/div>\n<\/div>\n<\/div>\n<\/div>\n<\/div>\n<\/div>\n<\/div>\n<\/div>\n<\/div>\n<\/div>\n<\/div>\n<\/div>\n<\/div>\n<\/div>\n<\/div>\n<\/div>\n<\/div>\n<\/div>\n<\/div>\n<\/div>\n<\/div>\n<\/div>\n<\/div>\n<\/div>\n<\/div>\n<\/div>\n<\/div>\n<\/div>\n<\/div>\n<\/div>\n<\/div>\n<\/div>\n<\/div>\n<div>\n<div>\n<div class=\"b654a4as d2edcug0\">\n<div class=\"rq0escxv hkbzh7o3 jwdofwj8 n8tt0mok r8blr3vg hyh9befq\">\n<div class=\"b654a4as d2edcug0\">\n<div class=\"b654a4as d2edcug0\">\n<div>\n<div class=\"b654a4as d2edcug0\">\n<div class=\"rq0escxv hkbzh7o3 jwdofwj8 n8tt0mok r8blr3vg hyh9befq\">\n<div class=\"b654a4as d2edcug0\">\n<p>&nbsp;<\/p>\n<\/div>\n<\/div>\n<\/div>\n<\/div>\n<\/div>\n<\/div>\n<\/div>\n<\/div>\n<\/div>\n<hr \/>\n<p>&nbsp;<\/p>\n<div>\n<h2><span style=\"color: #ff0000;\"><strong>IN VIVO VERSO 2020-21 ESTATE, RIASCOLTIAMOLI&#8230; DAL CASSETTO DEI RICORDI DI RADIO PIU&#8217;&#8230; LE PRIME\u00a0 SEI STAGIONI\u00a0 \u00a0\u00a0<\/strong><\/span><\/h2>\n<div class=\"page-title-head hgroup\">\n<div class=\"page-title-head hgroup\">\n<div class=\"page-title-head hgroup\">\n<div class=\"page-title-head hgroup\">\n<div class=\"page-title-head hgroup\">\n<div class=\"page-title-head hgroup\">\n<p>&nbsp;<\/p>\n<blockquote class=\"wp-embedded-content\" data-secret=\"aXSO5dmgbf\"><p><a href=\"https:\/\/www.radiopiu.net\/wordpress\/in-vivo-verso\/\">In Vivo Verso<\/a><\/p><\/blockquote>\n<p><iframe loading=\"lazy\" class=\"wp-embedded-content\" sandbox=\"allow-scripts\" security=\"restricted\" style=\"position: absolute; clip: rect(1px, 1px, 1px, 1px);\" title=\"&#8220;In Vivo Verso&#8221; &#8212; Radio Pi\u00f9\" src=\"https:\/\/www.radiopiu.net\/wordpress\/in-vivo-verso\/embed\/#?secret=aXSO5dmgbf\" data-secret=\"aXSO5dmgbf\" width=\"600\" height=\"338\" frameborder=\"0\" marginwidth=\"0\" marginheight=\"0\" scrolling=\"no\"><\/iframe><\/p>\n<\/div>\n<\/div>\n<\/div>\n<\/div>\n<\/div>\n<\/div>\n<\/div>\n<hr \/>\n<div><\/div>\n<div>\n<div class=\"page-title-head hgroup\">\n<div class=\"page-title-head hgroup\">\n<div class=\"page-title-head hgroup\">\n<div class=\"page-title-head hgroup\">\n<div class=\"page-title-head hgroup\">\n<div>\n<div class=\"b654a4as d2edcug0\">\u00a0 \u00a0 \u00a0<strong style=\"color: #800080;\">LA RASSEGNA STAMPA DA L&#8217;AMICO DEL POPOLO\u00a0<\/strong><\/div>\n<\/div>\n<\/div>\n<\/div>\n<\/div>\n<\/div>\n<\/div>\n<\/div>\n<div>\n<div class=\"page-title-head hgroup\">\n<div class=\"page-title-head hgroup\">\n<div class=\"page-title-head hgroup\">\n<div class=\"page-title-head hgroup\">\n<div class=\"b654a4as d2edcug0\">\n<div class=\"page-title-head hgroup\">\n<div class=\"page-title-head hgroup\">\n<div class=\"page-title-head hgroup\">\n<div class=\"page-title-head hgroup\">\n<div class=\"b654a4as d2edcug0\">\n<div>\n<h3 class=\"kvgmc6g5 cxmmr5t8 oygrvhab hcukyx3x c1et5uql\"><span style=\"color: #0000ff;\"> INFORMAZIONE il canale su TELEGRAM informazione di prima mano e in tempo reale. iscriviti ed aiutaci a farlo conoscere\u00a0\u00a0<\/span><\/h3>\n<p><strong><a href=\"https:\/\/www.radiopiu.net\/wordpress\/la-rassegna-stampa-da-lamico-del-popolo-28-agosto-2021\/5585546b-6468-472b-8d84-00594a2dff53-2\/\" rel=\"attachment wp-att-229997\"><img loading=\"lazy\" decoding=\"async\" class=\"size-medium wp-image-229997 alignleft\" src=\"https:\/\/www.radiopiu.net\/wordpress\/wp-content\/uploads\/2021\/08\/5585546b-6468-472b-8d84-00594a2dff53-1-300x225.jpg\" alt=\"\" width=\"300\" height=\"225\" srcset=\"https:\/\/www.radiopiu.net\/wordpress\/wp-content\/uploads\/2021\/08\/5585546b-6468-472b-8d84-00594a2dff53-1-300x225.jpg 300w, https:\/\/www.radiopiu.net\/wordpress\/wp-content\/uploads\/2021\/08\/5585546b-6468-472b-8d84-00594a2dff53-1-1024x768.jpg 1024w, https:\/\/www.radiopiu.net\/wordpress\/wp-content\/uploads\/2021\/08\/5585546b-6468-472b-8d84-00594a2dff53-1-768x576.jpg 768w, https:\/\/www.radiopiu.net\/wordpress\/wp-content\/uploads\/2021\/08\/5585546b-6468-472b-8d84-00594a2dff53-1-1536x1152.jpg 1536w, https:\/\/www.radiopiu.net\/wordpress\/wp-content\/uploads\/2021\/08\/5585546b-6468-472b-8d84-00594a2dff53-1.jpg 2048w\" sizes=\"auto, (max-width: 300px) 100vw, 300px\" \/><\/a>di Gianni Santomaso<\/strong><\/p>\n<h4><em>L&#8217;Arte Povera Al Caff\u00e8 Garibaldi di Agordo<\/em><\/h4>\n<p>OSPITI: Freydis ed Erik Caldart<\/p>\n<audio class=\"wp-audio-shortcode\" id=\"audio-230337-12\" preload=\"none\" style=\"width: 100%;\" controls=\"controls\"><source type=\"audio\/mpeg\" src=\"https:\/\/www.radiopiu.net\/wordpress\/wp-content\/uploads\/2021\/08\/RASSEGNA-GIANNI-2.mp3?_=12\" \/><a href=\"https:\/\/www.radiopiu.net\/wordpress\/wp-content\/uploads\/2021\/08\/RASSEGNA-GIANNI-2.mp3\">https:\/\/www.radiopiu.net\/wordpress\/wp-content\/uploads\/2021\/08\/RASSEGNA-GIANNI-2.mp3<\/a><\/audio>\n<p>&nbsp;<\/p>\n<blockquote class=\"wp-embedded-content\" data-secret=\"k1MHCyp7OF\"><p><a href=\"https:\/\/www.radiopiu.net\/wordpress\/rassegna-stampa-di-gianni-santomaso\/\">Rassegna stampa da l&#8217;amico del popolo &#8211; di Gianni Santomaso<\/a><\/p><\/blockquote>\n<p><iframe loading=\"lazy\" class=\"wp-embedded-content\" sandbox=\"allow-scripts\" security=\"restricted\" style=\"position: absolute; clip: rect(1px, 1px, 1px, 1px);\" title=\"&#8220;Rassegna stampa da l&#8217;amico del popolo &#8211; di Gianni Santomaso&#8221; &#8212; Radio Pi\u00f9\" src=\"https:\/\/www.radiopiu.net\/wordpress\/rassegna-stampa-di-gianni-santomaso\/embed\/#?secret=k1MHCyp7OF\" data-secret=\"k1MHCyp7OF\" width=\"600\" height=\"338\" frameborder=\"0\" marginwidth=\"0\" marginheight=\"0\" scrolling=\"no\"><\/iframe><\/p>\n<p>&nbsp;<\/p>\n<hr \/>\n<p>&nbsp;<\/p>\n<p>&nbsp;<\/p>\n<\/div>\n<div dir=\"auto\">\n<blockquote class=\"wp-embedded-content\" data-secret=\"IaBKemN2Tm\"><p><a href=\"https:\/\/www.radiopiu.net\/wordpress\/saluteesocieta\/\">Salute e Societ\u00e0<\/a><\/p><\/blockquote>\n<p><iframe loading=\"lazy\" class=\"wp-embedded-content\" sandbox=\"allow-scripts\" security=\"restricted\" style=\"position: absolute; clip: rect(1px, 1px, 1px, 1px);\" title=\"&#8220;Salute e Societ\u00e0&#8221; &#8212; Radio Pi\u00f9\" src=\"https:\/\/www.radiopiu.net\/wordpress\/saluteesocieta\/embed\/#?secret=IaBKemN2Tm\" data-secret=\"IaBKemN2Tm\" width=\"600\" height=\"338\" frameborder=\"0\" marginwidth=\"0\" marginheight=\"0\" scrolling=\"no\"><\/iframe><\/p>\n<\/div>\n<div dir=\"auto\">\n<h1><\/h1>\n<\/div>\n<div>\n<div class=\"page-title-head hgroup\">\n<div class=\"page-title-head hgroup\">\n<div class=\"page-title-head hgroup\">\n<div>\n<div class=\"b654a4as d2edcug0\">\n<div class=\"rq0escxv hkbzh7o3 jwdofwj8 n8tt0mok r8blr3vg hyh9befq\">\n<hr \/>\n<\/div>\n<\/div>\n<\/div>\n<div>\n<div class=\"page-title-head hgroup\">\n<div class=\"page-title-head hgroup\">\n<div class=\"b654a4as d2edcug0\">\n<p>&nbsp;<\/p>\n<blockquote>\n<h3><img loading=\"lazy\" decoding=\"async\" class=\"alignleft\" src=\"https:\/\/www.radiopiu.net\/wordpress\/wp-content\/uploads\/2021\/06\/fresh-flower-leaves-saffron-white-background-place-your-text-use-saffron-spice-cooking-cosmetology_347372-394.jpeg\" width=\"141\" height=\"94\" \/>L&#8217;ALMANACCO LADINO CON L&#8217;ISTITUT CESA DE JAN QUINDICINALE APPUNTAMENTO. LA DOMENICA ALLE 9 IL LUNEDI ALLE 8.35 IL MARTEDI ALLE 12.35 IL MERCOLEDI ALLE 18.35. SECONDA STAGIONE.<strong style=\"font-size: 14px;\">\u00a0<\/strong><\/h3>\n<\/blockquote>\n<p><strong>\u00a0<\/strong><strong>\u00a0RACCOLTA COMPLETA\u00a0<\/strong><\/p>\n<blockquote class=\"wp-embedded-content\" data-secret=\"QVl5Wnq3Ze\"><p><a href=\"https:\/\/www.radiopiu.net\/wordpress\/almanacco-ladino\/\">Almanacco Ladino<\/a><\/p><\/blockquote>\n<p><iframe loading=\"lazy\" class=\"wp-embedded-content\" sandbox=\"allow-scripts\" security=\"restricted\" style=\"position: absolute; clip: rect(1px, 1px, 1px, 1px);\" title=\"&#8220;Almanacco Ladino&#8221; &#8212; Radio Pi\u00f9\" src=\"https:\/\/www.radiopiu.net\/wordpress\/almanacco-ladino\/embed\/#?secret=QVl5Wnq3Ze\" data-secret=\"QVl5Wnq3Ze\" width=\"600\" height=\"338\" frameborder=\"0\" marginwidth=\"0\" marginheight=\"0\" scrolling=\"no\"><\/iframe><\/p>\n<\/div>\n<div>\n<p>&nbsp;<\/p>\n<hr \/>\n<h2><span style=\"color: #808000;\">DUE MINUTI UN LIBRO\u00a0 TUTTI I GIORNI ALLA RADIO ALLE 9.30 E ALLE 18. QUINTA STAGIONE\u00a0\u00a0<\/span><\/h2>\n<blockquote class=\"wp-embedded-content\" data-secret=\"L0RdOZ9V9W\"><p><a href=\"https:\/\/www.radiopiu.net\/wordpress\/vivi-lattimo-e-riconoscerai-te-stesso\/\">Vivi l&#8217;Attimo e Riconoscerai Te Stesso<\/a><\/p><\/blockquote>\n<p><iframe loading=\"lazy\" class=\"wp-embedded-content\" sandbox=\"allow-scripts\" security=\"restricted\" style=\"position: absolute; clip: rect(1px, 1px, 1px, 1px);\" title=\"&#8220;Vivi l&#8217;Attimo e Riconoscerai Te Stesso&#8221; &#8212; Radio Pi\u00f9\" src=\"https:\/\/www.radiopiu.net\/wordpress\/vivi-lattimo-e-riconoscerai-te-stesso\/embed\/#?secret=L0RdOZ9V9W\" data-secret=\"L0RdOZ9V9W\" width=\"600\" height=\"338\" frameborder=\"0\" marginwidth=\"0\" marginheight=\"0\" scrolling=\"no\"><\/iframe><\/p>\n<p><strong>LA RACCOLTA COMPLETA\u00a0\u00a0<\/strong><\/p>\n<\/div>\n<div>\n<blockquote class=\"wp-embedded-content\" data-secret=\"15iRzWXtce\"><p><a href=\"https:\/\/www.radiopiu.net\/wordpress\/due-minuti-un-libro\/\">Due minuti un libro<\/a><\/p><\/blockquote>\n<p><iframe loading=\"lazy\" class=\"wp-embedded-content\" sandbox=\"allow-scripts\" security=\"restricted\" style=\"position: absolute; clip: rect(1px, 1px, 1px, 1px);\" title=\"&#8220;Due minuti un libro&#8221; &#8212; Radio Pi\u00f9\" src=\"https:\/\/www.radiopiu.net\/wordpress\/due-minuti-un-libro\/embed\/#?secret=15iRzWXtce\" data-secret=\"15iRzWXtce\" width=\"600\" height=\"338\" frameborder=\"0\" marginwidth=\"0\" marginheight=\"0\" scrolling=\"no\"><\/iframe><\/p>\n<p>&nbsp;<\/p>\n<hr \/>\n<p>\u200b<\/p>\n<div>\n<h2><span style=\"color: #33cccc;\">I RACCONTI DI PAOLO SOPPELSA il lunedi alle 9.30 e 18.30<\/span><\/h2>\n<p>&nbsp;<\/p>\n<blockquote class=\"wp-embedded-content\" data-secret=\"E2CVXHFcYt\"><p><a href=\"https:\/\/www.radiopiu.net\/wordpress\/i-racconti-di-paolo-soppelsa\/\">I racconti di Paolo Soppelsa<\/a><\/p><\/blockquote>\n<p><iframe loading=\"lazy\" class=\"wp-embedded-content\" sandbox=\"allow-scripts\" security=\"restricted\" style=\"position: absolute; clip: rect(1px, 1px, 1px, 1px);\" title=\"&#8220;I racconti di Paolo Soppelsa&#8221; &#8212; Radio Pi\u00f9\" src=\"https:\/\/www.radiopiu.net\/wordpress\/i-racconti-di-paolo-soppelsa\/embed\/#?secret=E2CVXHFcYt\" data-secret=\"E2CVXHFcYt\" width=\"600\" height=\"338\" frameborder=\"0\" marginwidth=\"0\" marginheight=\"0\" scrolling=\"no\"><\/iframe><\/p>\n<p>&nbsp;<\/p>\n<\/div>\n<\/div>\n<hr \/>\n<p>&nbsp;<\/p>\n<div class=\"mkdf-post-text\">\n<div class=\"mkdf-post-text-inner\">\n<div class=\"mkdf-post-text-main\">\n<div class=\"mkdf-post-text\">\n<div class=\"mkdf-post-text-inner\">\n<div class=\"mkdf-post-text-main\">\n<div class=\"mkdf-post-text\">\n<div class=\"mkdf-post-text-inner\">\n<div class=\"mkdf-post-text-main\">\n<div class=\"page-title-head hgroup\">\n<div class=\"page-title-head hgroup\">\n<div class=\"mkdf-post-text\">\n<div class=\"mkdf-post-text-inner\">\n<div class=\"mkdf-post-text-main\">\n<div class=\"mkdf-post-text\">\n<div class=\"mkdf-post-text-inner\">\n<div class=\"mkdf-post-text-main\">\n<div>\n<div class=\"page-title-head hgroup\">\n<div class=\"page-title-head hgroup\">\n<div class=\"page-title-head hgroup\">\n<div class=\"page-title-head hgroup\">\n<div class=\"b654a4as d2edcug0\">\n<div class=\"page-title-head hgroup\">\n<div class=\"page-title-head hgroup\">\n<div class=\"page-title-head hgroup\">\n<div class=\"page-title-head hgroup\">\n<div class=\"b654a4as d2edcug0\">\n<div>\n<div>\n<div>\n<div>\n<div class=\"page-title-head hgroup\">\n<div class=\"page-title-head hgroup\">\n<div class=\"page-title-head hgroup\">\n<div class=\"page-title-head hgroup\">\n<div class=\"b654a4as d2edcug0\">\n<div class=\"page-title-head hgroup\">\n<div class=\"page-title-head hgroup\">\n<div class=\"page-title-head hgroup\">\n<div class=\"page-title-head hgroup\">\n<div class=\"b654a4as d2edcug0\">\n<div>\n<div class=\"page-title-head hgroup\">\n<div class=\"page-title-head hgroup\">\n<div class=\"page-title-head hgroup\">\n<div>\n<div class=\"page-title-head hgroup\">\n<div class=\"page-title-head hgroup\">\n<div class=\"page-title-head hgroup\">\n<p>&nbsp;<\/p>\n<p><a href=\"https:\/\/www.radiopiu.net\/wordpress\/giornale-radiopiu-26-settembre-2018-direttore-mirko-mezzacasa\/viabilita-2\/\" rel=\"attachment wp-att-61954\"><img loading=\"lazy\" decoding=\"async\" class=\"wp-image-61954 size-full aligncenter\" src=\"https:\/\/www.radiopiu.net\/wordpress\/wp-content\/uploads\/2018\/09\/viabilita.jpeg\" alt=\"\" width=\"800\" height=\"100\" srcset=\"https:\/\/www.radiopiu.net\/wordpress\/wp-content\/uploads\/2018\/09\/viabilita.jpeg 800w, https:\/\/www.radiopiu.net\/wordpress\/wp-content\/uploads\/2018\/09\/viabilita-300x38.jpeg 300w, https:\/\/www.radiopiu.net\/wordpress\/wp-content\/uploads\/2018\/09\/viabilita-768x96.jpeg 768w\" sizes=\"auto, (max-width: 800px) 100vw, 800px\" \/><\/a><\/p>\n<blockquote><p><a href=\"https:\/\/www.radiopiu.net\/wordpress\/giornale-radiopiu-09-agosto-2018-direttore-mirko-mezzacasa\/viabilia\/\" rel=\"attachment wp-att-57053\"><img loading=\"lazy\" decoding=\"async\" class=\" wp-image-57053 alignleft\" src=\"https:\/\/www.radiopiu.net\/wordpress\/wp-content\/uploads\/2018\/08\/VIABILIA-300x180.jpeg\" alt=\"\" width=\"220\" height=\"132\" srcset=\"https:\/\/www.radiopiu.net\/wordpress\/wp-content\/uploads\/2018\/08\/VIABILIA-300x180.jpeg 300w, https:\/\/www.radiopiu.net\/wordpress\/wp-content\/uploads\/2018\/08\/VIABILIA-768x461.jpeg 768w, https:\/\/www.radiopiu.net\/wordpress\/wp-content\/uploads\/2018\/08\/VIABILIA-1024x614.jpeg 1024w, https:\/\/www.radiopiu.net\/wordpress\/wp-content\/uploads\/2018\/08\/VIABILIA.jpeg 1280w\" sizes=\"auto, (max-width: 220px) 100vw, 220px\" \/><\/a><\/p><\/blockquote>\n<\/div>\n<\/div>\n<\/div>\n<\/div>\n<\/div>\n<\/div>\n<\/div>\n<\/div>\n<div>\n<div>\n<div class=\"page-title-head hgroup\">\n<div class=\"page-title-head hgroup\">\n<div class=\"page-title-head hgroup\">\n<div class=\"page-title-head hgroup\">\n<div class=\"page-title-head hgroup\">\n<div class=\"page-title-head hgroup\">\n<blockquote><p>La viabilit\u00e0 con gli ultimi aggiornamenti<\/p><\/blockquote>\n<\/div>\n<\/div>\n<\/div>\n<\/div>\n<\/div>\n<\/div>\n<\/div>\n<div><\/div>\n<div><\/div>\n<div>\n<div><\/div>\n<\/div>\n<\/div>\n<\/div>\n<\/div>\n<\/div>\n<\/div>\n<\/div>\n<\/div>\n<\/div>\n<\/div>\n<\/div>\n<\/div>\n<\/div>\n<div>\n<div class=\"page-title-head hgroup\">\n<div class=\"page-title-head hgroup\">\n<div class=\"page-title-head hgroup\">\n<div class=\"page-title-head hgroup\">\n<div class=\"b654a4as d2edcug0\">\n<div>\n<div class=\"page-title-head hgroup\" style=\"text-align: left;\">\n<div class=\"page-title-head hgroup\"><\/div>\n<\/div>\n<\/div>\n<\/div>\n<\/div>\n<\/div>\n<\/div>\n<\/div>\n<\/div>\n<\/div>\n<\/div>\n<\/div>\n<div>\n<div>\n<div class=\"page-title-head hgroup\">\n<div class=\"page-title-head hgroup\">\n<div class=\"page-title-head hgroup\">\n<div class=\"page-title-head hgroup\">\n<div class=\"b654a4as d2edcug0\">\n<div class=\"page-title-head hgroup\">\n<div class=\"page-title-head hgroup\">\n<div class=\"page-title-head hgroup\">\n<div class=\"page-title-head hgroup\">\n<div class=\"b654a4as d2edcug0\">\n<div>\n<div class=\"page-title-head hgroup\">\n<div class=\"page-title-head hgroup\">\n<div class=\"page-title-head hgroup\">\n<div class=\"page-title-head hgroup\">\n<div class=\"page-title-head hgroup\">\n<div>\n<div>\n<audio class=\"wp-audio-shortcode\" id=\"audio-230337-13\" preload=\"none\" style=\"width: 100%;\" controls=\"controls\"><source type=\"audio\/mpeg\" src=\"https:\/\/www.radiopiu.net\/wordpress\/wp-content\/uploads\/2021\/08\/VIABILITA-7.mp3?_=13\" \/><a href=\"https:\/\/www.radiopiu.net\/wordpress\/wp-content\/uploads\/2021\/08\/VIABILITA-7.mp3\">https:\/\/www.radiopiu.net\/wordpress\/wp-content\/uploads\/2021\/08\/VIABILITA-7.mp3<\/a><\/audio>\n<\/div>\n<div><\/div>\n<div><\/div>\n<\/div>\n<\/div>\n<\/div>\n<\/div>\n<\/div>\n<\/div>\n<\/div>\n<\/div>\n<\/div>\n<\/div>\n<\/div>\n<\/div>\n<\/div>\n<\/div>\n<\/div>\n<\/div>\n<\/div>\n<\/div>\n<\/div>\n<\/div>\n<\/div>\n<\/div>\n<\/div>\n<\/div>\n<\/div>\n<\/div>\n<\/div>\n<\/div>\n<\/div>\n<\/div>\n<\/div>\n<\/div>\n<\/div>\n<\/div>\n<\/div>\n<\/div>\n<\/div>\n<\/div>\n<\/div>\n<\/div>\n<\/div>\n<\/div>\n<\/div>\n<\/div>\n<\/div>\n<\/div>\n<\/div>\n<\/div>\n<\/div>\n<\/div>\n<\/div>\n<\/div>\n<\/div>\n<\/div>\n<\/div>\n<\/div>\n<\/div>\n<\/div>\n<\/div>\n<\/div>\n<\/div>\n<\/div>\n<\/div>\n<\/div>\n<\/div>\n<\/div>\n<div>\n<div class=\"page-title-head hgroup\">\n<div class=\"page-title-head hgroup\">\n<div class=\"page-title-head hgroup\">\n<div class=\"page-title-head hgroup\">\n<div class=\"b654a4as d2edcug0\">\n<div class=\"page-title-head hgroup\">\n<div class=\"page-title-head hgroup\">\n<div class=\"page-title-head hgroup\">\n<div class=\"page-title-head hgroup\">\n<div class=\"b654a4as d2edcug0\">\n<div class=\"page-title-head hgroup\">\n<div class=\"page-title-head hgroup\">\n<div class=\"page-title-head hgroup\">\n<div class=\"page-title-head hgroup\">\n<div class=\"page-title-head hgroup\">\n<div class=\"mkdf-post-text\">\n<div class=\"mkdf-post-text-inner\">\n<div class=\"mkdf-post-text-main\">\n<div class=\"mkdf-post-text\">\n<div class=\"mkdf-post-text-inner\">\n<div class=\"mkdf-post-text-main\">\n<div class=\"mkdf-post-text\">\n<div class=\"mkdf-post-text-inner\">\n<div class=\"mkdf-post-text-main\">\n<div class=\"page-title-head hgroup\">\n<div class=\"page-title-head hgroup\">\n<div class=\"mkdf-post-text\">\n<div class=\"mkdf-post-text-inner\">\n<div class=\"mkdf-post-text-main\">\n<div class=\"mkdf-post-text\">\n<div class=\"mkdf-post-text-inner\">\n<div class=\"mkdf-post-text-main\">\n<div>\n<div class=\"page-title-head hgroup\">\n<div class=\"page-title-head hgroup\">\n<div class=\"page-title-head hgroup\">\n<div class=\"page-title-head hgroup\">\n<div class=\"b654a4as d2edcug0\">\n<div class=\"page-title-head hgroup\">\n<div class=\"page-title-head hgroup\">\n<div class=\"page-title-head hgroup\">\n<div class=\"page-title-head hgroup\">\n<div class=\"b654a4as d2edcug0\">\n<div>\n<div>\n<div>\n<div class=\"page-title-head hgroup\">\n<hr \/>\n<p>&nbsp;<\/p>\n<\/div>\n<\/div>\n<\/div>\n<\/div>\n<\/div>\n<\/div>\n<\/div>\n<\/div>\n<\/div>\n<\/div>\n<\/div>\n<\/div>\n<\/div>\n<\/div>\n<\/div>\n<div>\n<div class=\"page-title-head hgroup\">\n<div class=\"page-title-head hgroup\">\n<div>\n<div class=\"page-title-head hgroup\">\n<div class=\"page-title-head hgroup\">\n<div class=\"b654a4as d2edcug0\">\n<div>\n<div class=\"page-title-head hgroup\" style=\"text-align: left;\">\n<div class=\"page-title-head hgroup\">\n<div dir=\"auto\">\n<p><a class=\"dt-pswp-item pspw-wrap-ready\" href=\"https:\/\/i0.wp.com\/www.radiopiu.net\/wordpress\/wp-content\/uploads\/2018\/09\/WhatsApp-Image-2018-09-20-at-16.04.06.jpeg?ssl=1\" data-dt-img-description=\"\" data-large_image_width=\"800\" data-large_image_height=\"100\"><img loading=\"lazy\" decoding=\"async\" class=\"aligncenter wp-image-61378 size-full jetpack-lazy-image jetpack-lazy-image--handled\" src=\"https:\/\/i0.wp.com\/www.radiopiu.net\/wordpress\/wp-content\/uploads\/2018\/09\/WhatsApp-Image-2018-09-20-at-16.04.06.jpeg?resize=800%2C100&amp;ssl=1\" sizes=\"auto, (max-width: 800px) 100vw, 800px\" srcset=\"https:\/\/i0.wp.com\/www.radiopiu.net\/wordpress\/wp-content\/uploads\/2018\/09\/WhatsApp-Image-2018-09-20-at-16.04.06.jpeg?w=800&amp;ssl=1 800w, https:\/\/i0.wp.com\/www.radiopiu.net\/wordpress\/wp-content\/uploads\/2018\/09\/WhatsApp-Image-2018-09-20-at-16.04.06.jpeg?resize=300%2C38&amp;ssl=1 300w, https:\/\/i0.wp.com\/www.radiopiu.net\/wordpress\/wp-content\/uploads\/2018\/09\/WhatsApp-Image-2018-09-20-at-16.04.06.jpeg?resize=768%2C96&amp;ssl=1 768w\" alt=\"\" width=\"800\" height=\"100\" data-lazy-loaded=\"1\" \/><\/a><\/p>\n<\/div>\n<\/div>\n<\/div>\n<\/div>\n<\/div>\n<\/div>\n<\/div>\n<\/div>\n<\/div>\n<\/div>\n<\/div>\n<\/div>\n<\/div>\n<\/div>\n<\/div>\n<\/div>\n<\/div>\n<\/div>\n<\/div>\n<\/div>\n<\/div>\n<\/div>\n<\/div>\n<\/div>\n<\/div>\n<\/div>\n<\/div>\n<\/div>\n<p>&nbsp;<\/p>\n<p><center><b>Mercoledi 1<\/b><\/center><b>Tempo atteso: <\/b>Tempo splendido con sole, cielo sereno, aria tersa ed ottima visibilit\u00e0. In questo contesto assai secco la presenza di qualche cumulo a ridosso delle cime durante le ore pi\u00f9 calde sar\u00e0 ridotta o assente. L&#8217;unica insidia in questo quadro sar\u00e0 l&#8217;eventuale rischio di effimeri nubi basse mattutine in Valbelluna. Forte escursione termica giornaliera nelle valli con contesto termico fresco di notte e mite di giorno.<br \/>\n<b>Precipitazioni: <\/b>Assenti (0%).<br \/>\n<b>Temperature: <\/b>In generale aumento, eccetto stazionariet\u00e0 o lieve calo delle minime in alcuni fondovalle. Sono previste punte di 24\/25\u00b0C nei fondovalle prealpini e di 18\/22\u00b0C a 1000\/1200 m. Su Prealpi a 1500 m min 9\u00b0C, max 15\u00b0C; a 2000 m min 6\u00b0C, max 11\u00b0C. Su Dolomiti a 2000 m min 4\u00b0C, max 12\u00b0C; a 3000 m min 0\u00b0C, max 3\u00b0C.<br \/>\n<b>Venti: <\/b>Nelle valli deboli per brezze, localmente e a tratti moderati nei settori solitamente pi\u00f9 ventilati; in quota deboli da nord al mattino e da nord-est al pomeriggio, a tratti moderati per rinforzi erratici sulle cime, a 5-10 km\/h a 2000 m e 10-20 km\/h a 3000 m.<\/p>\n<hr \/>\n<p><center><b>Giovedi 2<\/b><\/center><b>Tempo atteso: <\/b>Persistenza di condizioni stabili con sole, cielo sereno e buona visibilit\u00e0 al mattino, mentre potranno comparire degli stratocumuli al pomeriggio, pi\u00f9 probabili sulle Prealpi, ma non solo, in grado di ridurre parzialmente il soleggiamento e la visibilit\u00e0 sui settori interessati, specie sui versanti sopravento (esposti a nord). Conferma della mitezza diurna, gi\u00e0 osservata nella giornata di mercoled\u00ec.<br \/>\n<b>Precipitazioni: <\/b>Assenti (0%).<br \/>\n<b>Temperature: <\/b>In ulteriore aumento in quota e nelle valli pi\u00f9 assolate, mentre si avr\u00e0 un calo delle massime nei settori interessati dagli stratocumuli. Su Prealpi a 1500 m min 11\u00b0C, max 17\u00b0C; a 2000 m min 8\u00b0C, max 13\u00b0C. Su Dolomiti a 2000 m min 6\u00b0C, max 14\u00b0C; a 3000 m min 2\u00b0C, max 5\u00b0C.<br \/>\n<b>Venti: <\/b>Nelle valli perlopi\u00f9 deboli per brezze, localmente e a tratti moderati nei settori solitamente pi\u00f9 ventilati; in quota in prevalenza deboli da nord-ovest, salvo rinforzi erratici sulle cime, a 5-10 km\/h a 2000 m e 10-15 km\/h a 3000 m.<\/p>\n<hr \/>\n<p><center><b>Venerdi 3<\/b><\/center>Al mattino tempo in prevalenza soleggiato con qualche passeggere velature per sottili nubi alte. Al pomeriggio sole e maggiore estensione delle nubi alte, assieme alla comparsa di stratocumuli a ridosso dei rilievi, con parziale riduzione del soleggiamento e della visibilit\u00e0. Il tempo rimarr\u00e0 comunque stabile e perlopi\u00f9 senza rischio di fenomeni. Temperature senza notevoli variazioni, eccetto lieve calo delle massime. Venti deboli di direzione variabile nelle valli; deboli dai quadranti occidentali in quota, disponendosi da nord-est alla sera.<\/p>\n<hr \/>\n<p><center><b>Sabato 4<\/b><\/center>Giornata variabile con schiarite e annuvolamenti irregolari, anche cumuliformi, associati a qualche rovescio o temporale pomeridiano, specie sui settori confinanti con il Trentino e l&#8217;Alto Adige, mentre il rischio sar\u00e0 minore altrove. Temperature in generale lieve flessione, eccetto aumento delle minime nelle valli. Venti deboli di direzione variabile nelle valli; moderati dai quadranti orientali in quota. Previsore: R.L.Th.<\/p>\n<p>&nbsp;<\/p>\n<div class=\"mkdf-post-text\">\n<div class=\"mkdf-post-text-inner\">\n<hr \/>\n<p>&nbsp;<\/p>\n<p><img loading=\"lazy\" decoding=\"async\" class=\"wp-image-60761 size-full aligncenter\" src=\"https:\/\/www.radiopiu.net\/wordpress\/wp-content\/uploads\/2018\/09\/sport.jpg\" alt=\"\" width=\"800\" height=\"100\" srcset=\"https:\/\/www.radiopiu.net\/wordpress\/wp-content\/uploads\/2018\/09\/sport.jpg 800w, https:\/\/www.radiopiu.net\/wordpress\/wp-content\/uploads\/2018\/09\/sport-300x38.jpg 300w, https:\/\/www.radiopiu.net\/wordpress\/wp-content\/uploads\/2018\/09\/sport-768x96.jpg 768w\" sizes=\"auto, (max-width: 800px) 100vw, 800px\" \/><\/p>\n<p>&nbsp;<\/p>\n<blockquote>\n<h3>SABATO A VOLTAGO LA PRIMA EDIZIONE DELLA &#8220;VA PIAN MA RIVA&#8221;<\/h3>\n<\/blockquote>\n<p><strong>VOLTAGO<\/strong><\/p>\n<p>di Gianni Santomaso<\/p>\n<audio class=\"wp-audio-shortcode\" id=\"audio-230337-14\" preload=\"none\" style=\"width: 100%;\" controls=\"controls\"><source type=\"audio\/mpeg\" src=\"https:\/\/www.radiopiu.net\/wordpress\/wp-content\/uploads\/2021\/08\/GIANNI-VA-PIAN-MA-RIVAAA.mp3?_=14\" \/><a href=\"https:\/\/www.radiopiu.net\/wordpress\/wp-content\/uploads\/2021\/08\/GIANNI-VA-PIAN-MA-RIVAAA.mp3\">https:\/\/www.radiopiu.net\/wordpress\/wp-content\/uploads\/2021\/08\/GIANNI-VA-PIAN-MA-RIVAAA.mp3<\/a><\/audio>\n<p>&nbsp;<\/p>\n\n\t\t\t<style type='text\/css'>\n\t\t\t\t#gallery-6 {\n\t\t\t\t\tmargin: auto;\n\t\t\t\t}\n\t\t\t\t#gallery-6 .gallery-item {\n\t\t\t\t\tfloat: left;\n\t\t\t\t\tmargin-top: 10px;\n\t\t\t\t\ttext-align: center;\n\t\t\t\t\twidth: 33%;\n\t\t\t\t}\n\t\t\t\t#gallery-6 img {\n\t\t\t\t\tborder: 2px solid #cfcfcf;\n\t\t\t\t}\n\t\t\t\t#gallery-6 .gallery-caption {\n\t\t\t\t\tmargin-left: 0;\n\t\t\t\t}\n\t\t\t\t\/* see gallery_shortcode() in wp-includes\/media.php *\/\n\t\t\t<\/style>\n\t\t<div id='gallery-6' class='dt-gallery-container gallery galleryid-230337 gallery-columns-3 gallery-size-medium'><dl class='gallery-item'>\n\t\t\t\t<dt class='gallery-icon landscape'>\n\t\t\t\t\t<a class=\"rollover rollover-zoom dt-pswp-item\" title=\"VaPianMaRiva\" data-dt-img-description=\"\" data-large_image_width=\"1623\" data-large_image_height=\"1524\"href='https:\/\/www.radiopiu.net\/wordpress\/wp-content\/uploads\/2021\/08\/VaPianMaRiva.jpg'><img loading=\"lazy\" decoding=\"async\" width=\"300\" height=\"282\" src=\"https:\/\/www.radiopiu.net\/wordpress\/wp-content\/uploads\/2021\/08\/VaPianMaRiva-300x282.jpg\" class=\"attachment-medium size-medium\" alt=\"\" srcset=\"https:\/\/www.radiopiu.net\/wordpress\/wp-content\/uploads\/2021\/08\/VaPianMaRiva-300x282.jpg 300w, https:\/\/www.radiopiu.net\/wordpress\/wp-content\/uploads\/2021\/08\/VaPianMaRiva-1024x962.jpg 1024w, https:\/\/www.radiopiu.net\/wordpress\/wp-content\/uploads\/2021\/08\/VaPianMaRiva-768x721.jpg 768w, https:\/\/www.radiopiu.net\/wordpress\/wp-content\/uploads\/2021\/08\/VaPianMaRiva-1536x1442.jpg 1536w, https:\/\/www.radiopiu.net\/wordpress\/wp-content\/uploads\/2021\/08\/VaPianMaRiva.jpg 1623w\" sizes=\"auto, (max-width: 300px) 100vw, 300px\" \/><\/a>\n\t\t\t\t<\/dt><\/dl><dl class='gallery-item'>\n\t\t\t\t<dt class='gallery-icon portrait'>\n\t\t\t\t\t<a class=\"rollover rollover-zoom dt-pswp-item\" title=\"Trecciati\" data-dt-img-description=\"\" data-large_image_width=\"941\" data-large_image_height=\"1149\"href='https:\/\/www.radiopiu.net\/wordpress\/wp-content\/uploads\/2021\/08\/Trecciati.jpg'><img loading=\"lazy\" decoding=\"async\" width=\"246\" height=\"300\" src=\"https:\/\/www.radiopiu.net\/wordpress\/wp-content\/uploads\/2021\/08\/Trecciati-246x300.jpg\" class=\"attachment-medium size-medium\" alt=\"\" srcset=\"https:\/\/www.radiopiu.net\/wordpress\/wp-content\/uploads\/2021\/08\/Trecciati-246x300.jpg 246w, https:\/\/www.radiopiu.net\/wordpress\/wp-content\/uploads\/2021\/08\/Trecciati-839x1024.jpg 839w, https:\/\/www.radiopiu.net\/wordpress\/wp-content\/uploads\/2021\/08\/Trecciati-768x938.jpg 768w, https:\/\/www.radiopiu.net\/wordpress\/wp-content\/uploads\/2021\/08\/Trecciati.jpg 941w\" sizes=\"auto, (max-width: 246px) 100vw, 246px\" \/><\/a>\n\t\t\t\t<\/dt><\/dl><dl class='gallery-item'>\n\t\t\t\t<dt class='gallery-icon landscape'>\n\t\t\t\t\t<a class=\"rollover rollover-zoom dt-pswp-item\" title=\"AlanScussel\" data-dt-img-description=\"\" data-large_image_width=\"1123\" data-large_image_height=\"878\"href='https:\/\/www.radiopiu.net\/wordpress\/wp-content\/uploads\/2021\/08\/AlanScussel.png'><img loading=\"lazy\" decoding=\"async\" width=\"300\" height=\"235\" src=\"https:\/\/www.radiopiu.net\/wordpress\/wp-content\/uploads\/2021\/08\/AlanScussel-300x235.png\" class=\"attachment-medium size-medium\" alt=\"\" srcset=\"https:\/\/www.radiopiu.net\/wordpress\/wp-content\/uploads\/2021\/08\/AlanScussel-300x235.png 300w, https:\/\/www.radiopiu.net\/wordpress\/wp-content\/uploads\/2021\/08\/AlanScussel-1024x801.png 1024w, https:\/\/www.radiopiu.net\/wordpress\/wp-content\/uploads\/2021\/08\/AlanScussel-768x600.png 768w, https:\/\/www.radiopiu.net\/wordpress\/wp-content\/uploads\/2021\/08\/AlanScussel.png 1123w\" sizes=\"auto, (max-width: 300px) 100vw, 300px\" \/><\/a>\n\t\t\t\t<\/dt><\/dl><br style=\"clear: both\" \/>\n\t\t\t<\/div>\n\n<p>&nbsp;<\/p>\n<p>&nbsp;<\/p>\n<p>*****<\/p>\n<\/div>\n<\/div>\n<\/div>\n<\/div>\n<\/div>\n<\/div>\n<\/div>\n<\/div>\n<\/div>\n<\/div>\n<\/div>\n<\/div>\n<\/div>\n<\/div>\n<\/div>\n<\/div>\n<\/div>\n<\/div>\n","protected":false},"excerpt":{"rendered":"<p>COMPRIAMO UNA MACCHINA ATTREZZATA PER RICCARDO SOSPIROLO\u00a0Radio Pi\u00f9 appoggia l\u2019iniziativa di\u00a0 Agostino Tegner il pap\u00e0 di Riccardo, poche parole le sue ma piene di significato\u00a0\u201cIo e mia moglie stiamo invecchiando e non riusciamo pi\u00f9\u00a0a trasportare come si deve il nostro ragazzo, che necessita di una macchina attrezzata con un piano ribassato con pedana\u201d. Per questo&hellip;<\/p>\n","protected":false},"author":4,"featured_media":230410,"comment_status":"closed","ping_status":"open","sticky":false,"template":"","format":"standard","meta":{"_monsterinsights_skip_tracking":false,"_monsterinsights_sitenote_active":false,"_monsterinsights_sitenote_note":"","_monsterinsights_sitenote_category":0,"footnotes":""},"categories":[1,51,86,49],"tags":[],"class_list":["post-230337","post","type-post","status-publish","format-standard","has-post-thumbnail","hentry","category-senza-categoria","category-evidenza-top","category-gr","category-news-18","category-1","category-51","category-86","category-49","description-off"],"img_url":"https:\/\/www.radiopiu.net\/wordpress\/wp-content\/uploads\/2021\/08\/dcd69ff4-0f73-44c4-94a9-2cd3a199a9a4.jpg","_links":{"self":[{"href":"https:\/\/www.radiopiu.net\/wordpress\/wp-json\/wp\/v2\/posts\/230337","targetHints":{"allow":["GET"]}}],"collection":[{"href":"https:\/\/www.radiopiu.net\/wordpress\/wp-json\/wp\/v2\/posts"}],"about":[{"href":"https:\/\/www.radiopiu.net\/wordpress\/wp-json\/wp\/v2\/types\/post"}],"author":[{"embeddable":true,"href":"https:\/\/www.radiopiu.net\/wordpress\/wp-json\/wp\/v2\/users\/4"}],"replies":[{"embeddable":true,"href":"https:\/\/www.radiopiu.net\/wordpress\/wp-json\/wp\/v2\/comments?post=230337"}],"version-history":[{"count":0,"href":"https:\/\/www.radiopiu.net\/wordpress\/wp-json\/wp\/v2\/posts\/230337\/revisions"}],"wp:featuredmedia":[{"embeddable":true,"href":"https:\/\/www.radiopiu.net\/wordpress\/wp-json\/wp\/v2\/media\/230410"}],"wp:attachment":[{"href":"https:\/\/www.radiopiu.net\/wordpress\/wp-json\/wp\/v2\/media?parent=230337"}],"wp:term":[{"taxonomy":"category","embeddable":true,"href":"https:\/\/www.radiopiu.net\/wordpress\/wp-json\/wp\/v2\/categories?post=230337"},{"taxonomy":"post_tag","embeddable":true,"href":"https:\/\/www.radiopiu.net\/wordpress\/wp-json\/wp\/v2\/tags?post=230337"}],"curies":[{"name":"wp","href":"https:\/\/api.w.org\/{rel}","templated":true}]}}