{"id":230362,"date":"2021-08-31T11:59:28","date_gmt":"2021-08-31T09:59:28","guid":{"rendered":"https:\/\/www.radiopiu.net\/wordpress\/?p=230362"},"modified":"2021-08-31T11:59:28","modified_gmt":"2021-08-31T09:59:28","slug":"ecocentri-dellunione-montana-agordina-al-via-la-manutenzione-straordinaria-in-altre-3-strutture","status":"publish","type":"post","link":"https:\/\/www.radiopiu.net\/wordpress\/ecocentri-dellunione-montana-agordina-al-via-la-manutenzione-straordinaria-in-altre-3-strutture\/","title":{"rendered":"ECOCENTRI DELL\u2019UNIONE MONTANA AGORDINA: AL VIA LA MANUTENZIONE STRAORDINARIA IN ALTRE 3 STRUTTURE"},"content":{"rendered":"<p><strong><a href=\"https:\/\/www.radiopiu.net\/wordpress\/maltempo-possibili-problemi-alla-raccolta-dei-rifiuti-e-chiusura-di-sportelli-ed-ecocentri-al-pomeriggio\/logo-valpe-verticale\/\" rel=\"attachment wp-att-65542\"><img loading=\"lazy\" decoding=\"async\" class=\"size-medium wp-image-65542 alignleft\" src=\"https:\/\/www.radiopiu.net\/wordpress\/wp-content\/uploads\/2018\/10\/logo-valpe-verticale-300x298.jpg\" alt=\"\" width=\"300\" height=\"298\" srcset=\"https:\/\/www.radiopiu.net\/wordpress\/wp-content\/uploads\/2018\/10\/logo-valpe-verticale-300x298.jpg 300w, https:\/\/www.radiopiu.net\/wordpress\/wp-content\/uploads\/2018\/10\/logo-valpe-verticale-150x150.jpg 150w, https:\/\/www.radiopiu.net\/wordpress\/wp-content\/uploads\/2018\/10\/logo-valpe-verticale.jpg 370w\" sizes=\"auto, (max-width: 300px) 100vw, 300px\" \/><\/a>SEDICO\u00a0<\/strong>Prosegue il programma di interventi di manutenzione straordinaria presso gli Ecocentri dell\u2019Agordino. Mentre proprio in questi giorni stanno terminando i lavori presso la struttura di Rivamonte Agordino, la cui riapertura al pubblico \u00e8 prevista per il 4 settembre, nelle prossime settimane altre tre strutture saranno interessate dalle manutenzioni. Gli interventi inizieranno dall\u2019Ecocentro di La Valle Agordina che, per consentire la realizzazione dei lavori previsti, chiuder\u00e0 al pubblico da gioved\u00ec 2 a gioved\u00ec 23 settembre 2021; da sabato 11 a sabato 25 settembre chiuderanno al pubblico anche le strutture di Gosaldo e San Tomaso Agordino. Durante il periodo di chiusura i cittadini potranno accedere a qualsiasi Ecocentro del territorio dell\u2019Unione Montana Agordina, verificando sedi e orari di apertura sul manuale informativo consegnato o su <a href=\"http:\/\/www.valpeambiente.it\">www.valpeambiente.it<\/a>. L\u2019Ecocentro di La Valle Agordina sar\u00e0 nuovamente accessibile ai cittadini da sabato 25 settembre, mentre le strutture di Gosaldo e di San Tomaso Agordino riapriranno il 2 ottobre. Per ulteriori informazioni, \u00e8 possibile inviare una mail a <a href=\"mailto:info@valpeambiente.it\">info@valpeambiente.it<\/a>, visitare il sito www.valpeambiente.it oppure contattare i numeri 0437 640462 oppure 0437 643621.<\/p>\n<p>&nbsp;<\/p>\n<p>&nbsp;<\/p>\n<p>&nbsp;<\/p>\n<p>*****<\/p>\n","protected":false},"excerpt":{"rendered":"<p>SEDICO\u00a0Prosegue il programma di interventi di manutenzione straordinaria presso gli Ecocentri dell\u2019Agordino. Mentre proprio in questi giorni stanno terminando i lavori presso la struttura di Rivamonte Agordino, la cui riapertura al pubblico \u00e8 prevista per il 4 settembre, nelle prossime settimane altre tre strutture saranno interessate dalle manutenzioni. Gli interventi inizieranno dall\u2019Ecocentro di La Valle&hellip;<\/p>\n","protected":false},"author":4,"featured_media":65542,"comment_status":"closed","ping_status":"open","sticky":false,"template":"","format":"standard","meta":{"_monsterinsights_skip_tracking":false,"_monsterinsights_sitenote_active":false,"_monsterinsights_sitenote_note":"","_monsterinsights_sitenote_category":0,"footnotes":""},"categories":[49],"tags":[],"class_list":["post-230362","post","type-post","status-publish","format-standard","has-post-thumbnail","hentry","category-news-18","category-49","description-off"],"img_url":"https:\/\/www.radiopiu.net\/wordpress\/wp-content\/uploads\/2018\/10\/logo-valpe-verticale.jpg","_links":{"self":[{"href":"https:\/\/www.radiopiu.net\/wordpress\/wp-json\/wp\/v2\/posts\/230362","targetHints":{"allow":["GET"]}}],"collection":[{"href":"https:\/\/www.radiopiu.net\/wordpress\/wp-json\/wp\/v2\/posts"}],"about":[{"href":"https:\/\/www.radiopiu.net\/wordpress\/wp-json\/wp\/v2\/types\/post"}],"author":[{"embeddable":true,"href":"https:\/\/www.radiopiu.net\/wordpress\/wp-json\/wp\/v2\/users\/4"}],"replies":[{"embeddable":true,"href":"https:\/\/www.radiopiu.net\/wordpress\/wp-json\/wp\/v2\/comments?post=230362"}],"version-history":[{"count":0,"href":"https:\/\/www.radiopiu.net\/wordpress\/wp-json\/wp\/v2\/posts\/230362\/revisions"}],"wp:featuredmedia":[{"embeddable":true,"href":"https:\/\/www.radiopiu.net\/wordpress\/wp-json\/wp\/v2\/media\/65542"}],"wp:attachment":[{"href":"https:\/\/www.radiopiu.net\/wordpress\/wp-json\/wp\/v2\/media?parent=230362"}],"wp:term":[{"taxonomy":"category","embeddable":true,"href":"https:\/\/www.radiopiu.net\/wordpress\/wp-json\/wp\/v2\/categories?post=230362"},{"taxonomy":"post_tag","embeddable":true,"href":"https:\/\/www.radiopiu.net\/wordpress\/wp-json\/wp\/v2\/tags?post=230362"}],"curies":[{"name":"wp","href":"https:\/\/api.w.org\/{rel}","templated":true}]}}