{"id":230594,"date":"2021-09-02T23:59:51","date_gmt":"2021-09-02T21:59:51","guid":{"rendered":"https:\/\/www.radiopiu.net\/wordpress\/?p=230594"},"modified":"2021-09-02T10:35:33","modified_gmt":"2021-09-02T08:35:33","slug":"marco-tormen-chiude-il-campionato-italiano-kart-al-secondo-posto","status":"publish","type":"post","link":"https:\/\/www.radiopiu.net\/wordpress\/marco-tormen-chiude-il-campionato-italiano-kart-al-secondo-posto\/","title":{"rendered":"MARCO TORMEN CHIUDE IL CAMPIONATO ITALIANO KART AL SECONDO POSTO"},"content":{"rendered":"<p><strong><a href=\"https:\/\/www.radiopiu.net\/wordpress\/?attachment_id=230595\" rel=\"attachment wp-att-230595\"><img loading=\"lazy\" decoding=\"async\" class=\" wp-image-230595 alignleft\" src=\"https:\/\/www.radiopiu.net\/wordpress\/wp-content\/uploads\/2021\/09\/241048588_1226113824572376_7708122489508552250_n-300x244.jpg\" alt=\"\" width=\"216\" height=\"176\" srcset=\"https:\/\/www.radiopiu.net\/wordpress\/wp-content\/uploads\/2021\/09\/241048588_1226113824572376_7708122489508552250_n-300x244.jpg 300w, https:\/\/www.radiopiu.net\/wordpress\/wp-content\/uploads\/2021\/09\/241048588_1226113824572376_7708122489508552250_n-768x626.jpg 768w, https:\/\/www.radiopiu.net\/wordpress\/wp-content\/uploads\/2021\/09\/241048588_1226113824572376_7708122489508552250_n.jpg 960w\" sizes=\"auto, (max-width: 216px) 100vw, 216px\" \/><\/a>VOLTAGO<\/strong> Termina con con la seconda posizione in classifica il Campionato Italiano Kart di Marco Tormen. Per motivi logistici il pilota di Voltago non ha potuto partecipare all&#8217;ultima tappa in programma a Battipaglia, in provincia di Salerno, la scorsa settimana ma i punti raccolti in stagione hanno permesso a Marco di chiudere la stagione al secondo gradino del podio con 139 punti. A vincere il campionato \u00e8 stato Giuseppe Palumba con 167 punti. Nelle ultime ore Tormen \u00e8 volato in Svezia dove nel fine settimana ci sar\u00e0 la gara valida per il campionato del mondo. Marco inizier\u00e0 le batterie di qualificazione nelle prossime ore e, nel caso di accesso alla fase finale, tra sabato e domenica si giocher\u00e0 tutte le carte per accedere alla finalissima con i piloti migliori al mondo.<\/p>\n<p>&nbsp;<\/p>\n<p>&nbsp;<\/p>\n<p>&nbsp;<\/p>\n<p>*****<\/p>\n","protected":false},"excerpt":{"rendered":"<p>VOLTAGO Termina con con la seconda posizione in classifica il Campionato Italiano Kart di Marco Tormen. Per motivi logistici il pilota di Voltago non ha potuto partecipare all&#8217;ultima tappa in programma a Battipaglia, in provincia di Salerno, la scorsa settimana ma i punti raccolti in stagione hanno permesso a Marco di chiudere la stagione al&hellip;<\/p>\n","protected":false},"author":4,"featured_media":230595,"comment_status":"closed","ping_status":"open","sticky":false,"template":"","format":"standard","meta":{"_monsterinsights_skip_tracking":false,"_monsterinsights_sitenote_active":false,"_monsterinsights_sitenote_note":"","_monsterinsights_sitenote_category":0,"footnotes":""},"categories":[49,72],"tags":[],"class_list":["post-230594","post","type-post","status-publish","format-standard","has-post-thumbnail","hentry","category-news-18","category-sport","category-49","category-72","description-off"],"img_url":"https:\/\/www.radiopiu.net\/wordpress\/wp-content\/uploads\/2021\/09\/241048588_1226113824572376_7708122489508552250_n.jpg","_links":{"self":[{"href":"https:\/\/www.radiopiu.net\/wordpress\/wp-json\/wp\/v2\/posts\/230594","targetHints":{"allow":["GET"]}}],"collection":[{"href":"https:\/\/www.radiopiu.net\/wordpress\/wp-json\/wp\/v2\/posts"}],"about":[{"href":"https:\/\/www.radiopiu.net\/wordpress\/wp-json\/wp\/v2\/types\/post"}],"author":[{"embeddable":true,"href":"https:\/\/www.radiopiu.net\/wordpress\/wp-json\/wp\/v2\/users\/4"}],"replies":[{"embeddable":true,"href":"https:\/\/www.radiopiu.net\/wordpress\/wp-json\/wp\/v2\/comments?post=230594"}],"version-history":[{"count":0,"href":"https:\/\/www.radiopiu.net\/wordpress\/wp-json\/wp\/v2\/posts\/230594\/revisions"}],"wp:featuredmedia":[{"embeddable":true,"href":"https:\/\/www.radiopiu.net\/wordpress\/wp-json\/wp\/v2\/media\/230595"}],"wp:attachment":[{"href":"https:\/\/www.radiopiu.net\/wordpress\/wp-json\/wp\/v2\/media?parent=230594"}],"wp:term":[{"taxonomy":"category","embeddable":true,"href":"https:\/\/www.radiopiu.net\/wordpress\/wp-json\/wp\/v2\/categories?post=230594"},{"taxonomy":"post_tag","embeddable":true,"href":"https:\/\/www.radiopiu.net\/wordpress\/wp-json\/wp\/v2\/tags?post=230594"}],"curies":[{"name":"wp","href":"https:\/\/api.w.org\/{rel}","templated":true}]}}