{"id":230634,"date":"2021-09-02T18:57:07","date_gmt":"2021-09-02T16:57:07","guid":{"rendered":"https:\/\/www.radiopiu.net\/wordpress\/?p=230634"},"modified":"2021-09-02T18:57:09","modified_gmt":"2021-09-02T16:57:09","slug":"proseguono-senza-sosta-le-ricerche-di-federico-lugato","status":"publish","type":"post","link":"https:\/\/www.radiopiu.net\/wordpress\/proseguono-senza-sosta-le-ricerche-di-federico-lugato\/","title":{"rendered":"PROSEGUONO SENZA SOSTA LE RICERCHE DI FEDERICO LUGATO"},"content":{"rendered":"<p><strong><a href=\"https:\/\/www.radiopiu.net\/wordpress\/proseguono-senza-sosta-le-ricerche-di-federico-lugato\/salt_20210902_180110_531\/\" rel=\"attachment wp-att-230636\"><img loading=\"lazy\" decoding=\"async\" class=\"size-medium wp-image-230636 alignleft\" src=\"https:\/\/www.radiopiu.net\/wordpress\/wp-content\/uploads\/2021\/09\/salt_20210902_180110_531-300x225.jpg\" alt=\"\" width=\"300\" height=\"225\" srcset=\"https:\/\/www.radiopiu.net\/wordpress\/wp-content\/uploads\/2021\/09\/salt_20210902_180110_531-300x225.jpg 300w, https:\/\/www.radiopiu.net\/wordpress\/wp-content\/uploads\/2021\/09\/salt_20210902_180110_531-1024x768.jpg 1024w, https:\/\/www.radiopiu.net\/wordpress\/wp-content\/uploads\/2021\/09\/salt_20210902_180110_531-768x576.jpg 768w, https:\/\/www.radiopiu.net\/wordpress\/wp-content\/uploads\/2021\/09\/salt_20210902_180110_531-1536x1152.jpg 1536w, https:\/\/www.radiopiu.net\/wordpress\/wp-content\/uploads\/2021\/09\/salt_20210902_180110_531-2048x1536.jpg 2048w\" sizes=\"auto, (max-width: 300px) 100vw, 300px\" \/><\/a>VAL DI ZOLDO <\/strong>Proseguono senza sosta le ricerche di Federico Lugato, il trentanovenne originario di Mestre (VE), scomparso da una settimana sulle montagne zoldane. Al campo base a Pralongo questa mattina a partire dalle 7.30 si sono riunite una sessantina di persone appartenenti agli enti istituzionali e alle associazioni di Protezione civile accreditate in regione, pi\u00f9 una trentina di privati arrivati in risposta agli appelli. Oggi il gestore di telefonia mobile ha fornito la radiocopertura reale delle celle, che collima con quella ipotizzata dal Soccorso alpino, e d\u00e0 un riscontro oggettivo delle zone dove l&#8217;uomo potrebbe trovarsi, facendo la correlazione tra i tabulati telefonici forniti dagli organi competenti e la copertura delle celle. Confermata quindi l&#8217;area del percorso ad anello che Federico aveva detto di voler seguire e l&#8217;area della Val Prampera in rientro verso Forno di Zoldo, su cui domani si concentreranno le squadre. Oggi sono state perlustrate zone gi\u00e0 visionate per non escludere porzioni e un&#8217;area sotto il Rifugio Angelini. Nei giorni scorsi sono state verificate le segnalazioni arrivate, relative soprattutto al primo giorno, senza alcun riscontro. Sono state gi\u00e0 disegnate le aree da affidare alle squadre domani, in pi\u00f9 sar\u00e0 perlustrato il territorio sopra Casera Moschesin.\u00a0 Oggi erano presenti il Soccorso alpino di Val di Zoldo, Alleghe \u00e8 Val Biois, Sagf, Vigili del fuoco, Polizia di\u00a0 Stato, Protezione civile, con unit\u00e0 cinofile e droni.<\/p>\n<p>&nbsp;<\/p>\n<p>&nbsp;<\/p>\n<p>&nbsp;<\/p>\n<p>*****<\/p>\n","protected":false},"excerpt":{"rendered":"<p>VAL DI ZOLDO Proseguono senza sosta le ricerche di Federico Lugato, il trentanovenne originario di Mestre (VE), scomparso da una settimana sulle montagne zoldane. Al campo base a Pralongo questa mattina a partire dalle 7.30 si sono riunite una sessantina di persone appartenenti agli enti istituzionali e alle associazioni di Protezione civile accreditate in regione,&hellip;<\/p>\n","protected":false},"author":4,"featured_media":230636,"comment_status":"closed","ping_status":"open","sticky":false,"template":"","format":"standard","meta":{"_monsterinsights_skip_tracking":false,"_monsterinsights_sitenote_active":false,"_monsterinsights_sitenote_note":"","_monsterinsights_sitenote_category":0,"footnotes":""},"categories":[51,49],"tags":[],"class_list":["post-230634","post","type-post","status-publish","format-standard","has-post-thumbnail","hentry","category-evidenza-top","category-news-18","category-51","category-49","description-off"],"img_url":"https:\/\/www.radiopiu.net\/wordpress\/wp-content\/uploads\/2021\/09\/salt_20210902_180110_531.jpg","_links":{"self":[{"href":"https:\/\/www.radiopiu.net\/wordpress\/wp-json\/wp\/v2\/posts\/230634","targetHints":{"allow":["GET"]}}],"collection":[{"href":"https:\/\/www.radiopiu.net\/wordpress\/wp-json\/wp\/v2\/posts"}],"about":[{"href":"https:\/\/www.radiopiu.net\/wordpress\/wp-json\/wp\/v2\/types\/post"}],"author":[{"embeddable":true,"href":"https:\/\/www.radiopiu.net\/wordpress\/wp-json\/wp\/v2\/users\/4"}],"replies":[{"embeddable":true,"href":"https:\/\/www.radiopiu.net\/wordpress\/wp-json\/wp\/v2\/comments?post=230634"}],"version-history":[{"count":0,"href":"https:\/\/www.radiopiu.net\/wordpress\/wp-json\/wp\/v2\/posts\/230634\/revisions"}],"wp:featuredmedia":[{"embeddable":true,"href":"https:\/\/www.radiopiu.net\/wordpress\/wp-json\/wp\/v2\/media\/230636"}],"wp:attachment":[{"href":"https:\/\/www.radiopiu.net\/wordpress\/wp-json\/wp\/v2\/media?parent=230634"}],"wp:term":[{"taxonomy":"category","embeddable":true,"href":"https:\/\/www.radiopiu.net\/wordpress\/wp-json\/wp\/v2\/categories?post=230634"},{"taxonomy":"post_tag","embeddable":true,"href":"https:\/\/www.radiopiu.net\/wordpress\/wp-json\/wp\/v2\/tags?post=230634"}],"curies":[{"name":"wp","href":"https:\/\/api.w.org\/{rel}","templated":true}]}}