{"id":230695,"date":"2021-09-04T06:21:26","date_gmt":"2021-09-04T04:21:26","guid":{"rendered":"https:\/\/www.radiopiu.net\/wordpress\/?p=230695"},"modified":"2021-09-04T09:09:00","modified_gmt":"2021-09-04T07:09:00","slug":"giornale-radiopiu-04-settembre-2021-direttore-mirko-mezzacasa","status":"publish","type":"post","link":"https:\/\/www.radiopiu.net\/wordpress\/giornale-radiopiu-04-settembre-2021-direttore-mirko-mezzacasa\/","title":{"rendered":"GIORNALE RADIOPIU 04 SETTEMBRE 2021 DIRETTORE MIRKO MEZZACASA"},"content":{"rendered":"<blockquote>\n<h3>COMPRIAMO UNA MACCHINA ATTREZZATA PER RICCARDO<\/h3>\n<\/blockquote>\n<p><strong><a href=\"https:\/\/www.radiopiu.net\/wordpress\/compriamo-una-macchina-attrezzata-per-riccardo\/1626340291137881-img-20210714-wa0025\/\" rel=\"attachment wp-att-224370\"><img loading=\"lazy\" decoding=\"async\" class=\"size-medium wp-image-224370 alignleft\" src=\"https:\/\/www.radiopiu.net\/wordpress\/wp-content\/uploads\/2021\/07\/1626340291137881-IMG-20210714-WA0025-169x300.jpg\" sizes=\"auto, (max-width: 169px) 100vw, 169px\" srcset=\"https:\/\/www.radiopiu.net\/wordpress\/wp-content\/uploads\/2021\/07\/1626340291137881-IMG-20210714-WA0025-169x300.jpg 169w, https:\/\/www.radiopiu.net\/wordpress\/wp-content\/uploads\/2021\/07\/1626340291137881-IMG-20210714-WA0025-576x1024.jpg 576w, https:\/\/www.radiopiu.net\/wordpress\/wp-content\/uploads\/2021\/07\/1626340291137881-IMG-20210714-WA0025-768x1365.jpg 768w, https:\/\/www.radiopiu.net\/wordpress\/wp-content\/uploads\/2021\/07\/1626340291137881-IMG-20210714-WA0025.jpg 800w\" alt=\"\" width=\"169\" height=\"300\" \/><\/a>SOSPIROLO<\/strong>\u00a0Radio Pi\u00f9 appoggia l\u2019iniziativa di\u00a0 Agostino Tegner il pap\u00e0 di Riccardo, poche parole le sue ma piene di significato<em>\u00a0\u201cIo e mia moglie stiamo invecchiando e non riusciamo pi\u00f9\u00a0<img loading=\"lazy\" decoding=\"async\" class=\"alignright\" src=\"https:\/\/www.radiopiu.net\/wordpress\/wp-content\/uploads\/2021\/07\/1626451699105964-locandina-riccardo.jpg\" width=\"297\" height=\"167\" \/>a trasportare come si deve il nostro ragazzo, che necessita di una macchina attrezzata con un piano ribassato con pedana\u201d.<\/em><\/p>\n<p>Per questo ha avuto inizio la raccolta fondi che si prefigge lo scopo di raccogliere 35.000 euro entro fine agosto. Ad oggi sono stati versati i primi <span style=\"color: #ff0000;\">21.825<\/span>\u00a0euro, per farlo \u00e8 semplice\u00a0<strong><a href=\"https:\/\/www.eppela.com\/it\/projects\/31001-compriamo-una-macchina-attrezzata-per-riccardo\">clicca qui\u00a0<\/a><\/strong><\/p>\n<blockquote><p><em>Riccardo \u00e8 un simpatico ragazzino di 15 anni che vive sulle montagne di Sospirolo. Sempre sorridente e circondato dall\u2019affetto dei suoi cari, Riccardo \u00e8 per\u00f2 costretto a stare sulla sedia a rotelle a causa della distrofia muscolare di Duchenne, di cui \u00e8 affetto dalla nascita.\u00a0 I genitori, dopo anni di sacrifici, hanno deciso di acquistare un\u2019auto munita di pedana per poter trasportare il figlio in modo pi\u00f9 comodo, pratico e sicuro, soprattutto adesso che sta crescendo e il peso \u2013 per i due genitori che stanno diventando anziani \u2013 si fa sempre pi\u00f9 sentire.\u00a0<\/em><\/p><\/blockquote>\n<p>&nbsp;<\/p>\n<h3><strong>NEI GIORNI SCORSI ERA PRESENTE UN IBAN SU CUI FARE LE DONAZIONI. SIAMO STATI CONTATTATI DA EPPELA, IL SITO CHE GESTISCE LA RACCOLTA FONDI, CHE GENTILMENTE HA CHIESTO DI TOGLIERLO PERCHE&#8217; IL SISTEMA NON RICEVEVA PIU&#8217; DONAZIONI VISTO CHE L&#8217;IBAN ERA PROVVISORIO. I SOLDI DONATI NON SONO ANDATI PERSI MA VERRANNO ACCREDITATI DIRETTAMENTE SUL CONTO CORRENTE DI DELLA FAMIGLIA DI RICCARDO. LA CIFRA DA AGGIUNGERE ALLE DONAZIONI ONLINE E&#8217; DI 1670 EURO. GRAZIE PER LE DONAZIONI A QUESTA INIZIATIVA. <\/strong><\/h3>\n<h3 style=\"text-align: center;\"><span style=\"color: #ff0000;\"><strong>CHI VOLESSE FARE UNA DONAZIONE DIRETTAMENTE ALLA FAMIGLIA DI RICCARDO LO PUO&#8217; FARE SU QUESTO IBAN INTESTATO ALLA MAMMA ANA MARIA STOIAN: <\/strong><\/span><\/h3>\n<h3 style=\"text-align: center;\"><span style=\"color: #ff0000;\"><strong>IT40N0760111900000003558144<\/strong><\/span><\/h3>\n<p>&nbsp;<\/p>\n<hr \/>\n<p>&nbsp;<\/p>\n<h2 style=\"text-align: center;\"><span style=\"color: #008080;\">LA BELLEZZA DELLA VALLE DI SAN LUCANO NELLE FOTO DI ANGELO DECIMA<\/span><\/h2>\n\n\t\t\t<style type='text\/css'>\n\t\t\t\t#gallery-1 {\n\t\t\t\t\tmargin: auto;\n\t\t\t\t}\n\t\t\t\t#gallery-1 .gallery-item {\n\t\t\t\t\tfloat: left;\n\t\t\t\t\tmargin-top: 10px;\n\t\t\t\t\ttext-align: center;\n\t\t\t\t\twidth: 50%;\n\t\t\t\t}\n\t\t\t\t#gallery-1 img {\n\t\t\t\t\tborder: 2px solid #cfcfcf;\n\t\t\t\t}\n\t\t\t\t#gallery-1 .gallery-caption {\n\t\t\t\t\tmargin-left: 0;\n\t\t\t\t}\n\t\t\t\t\/* see gallery_shortcode() in wp-includes\/media.php *\/\n\t\t\t<\/style>\n\t\t<div id='gallery-1' class='dt-gallery-container gallery galleryid-230695 gallery-columns-2 gallery-size-medium'><dl class='gallery-item'>\n\t\t\t\t<dt class='gallery-icon portrait'>\n\t\t\t\t\t<a class=\"rollover rollover-zoom dt-pswp-item\" title=\"675571fc-49dd-412d-8fad-29b474d80566\" data-dt-img-description=\"\" data-large_image_width=\"737\" data-large_image_height=\"1600\"href='https:\/\/www.radiopiu.net\/wordpress\/wp-content\/uploads\/2021\/09\/675571fc-49dd-412d-8fad-29b474d80566.jpg'><img loading=\"lazy\" decoding=\"async\" width=\"138\" height=\"300\" src=\"https:\/\/www.radiopiu.net\/wordpress\/wp-content\/uploads\/2021\/09\/675571fc-49dd-412d-8fad-29b474d80566-138x300.jpg\" class=\"attachment-medium size-medium\" alt=\"\" srcset=\"https:\/\/www.radiopiu.net\/wordpress\/wp-content\/uploads\/2021\/09\/675571fc-49dd-412d-8fad-29b474d80566-138x300.jpg 138w, https:\/\/www.radiopiu.net\/wordpress\/wp-content\/uploads\/2021\/09\/675571fc-49dd-412d-8fad-29b474d80566-472x1024.jpg 472w, https:\/\/www.radiopiu.net\/wordpress\/wp-content\/uploads\/2021\/09\/675571fc-49dd-412d-8fad-29b474d80566-708x1536.jpg 708w, https:\/\/www.radiopiu.net\/wordpress\/wp-content\/uploads\/2021\/09\/675571fc-49dd-412d-8fad-29b474d80566.jpg 737w\" sizes=\"auto, (max-width: 138px) 100vw, 138px\" \/><\/a>\n\t\t\t\t<\/dt><\/dl><dl class='gallery-item'>\n\t\t\t\t<dt class='gallery-icon portrait'>\n\t\t\t\t\t<a class=\"rollover rollover-zoom dt-pswp-item\" title=\"63d7d272-81d2-4c9d-a15f-e3895b1b4c99\" data-dt-img-description=\"\" data-large_image_width=\"737\" data-large_image_height=\"1600\"href='https:\/\/www.radiopiu.net\/wordpress\/wp-content\/uploads\/2021\/09\/63d7d272-81d2-4c9d-a15f-e3895b1b4c99.jpg'><img loading=\"lazy\" decoding=\"async\" width=\"138\" height=\"300\" src=\"https:\/\/www.radiopiu.net\/wordpress\/wp-content\/uploads\/2021\/09\/63d7d272-81d2-4c9d-a15f-e3895b1b4c99-138x300.jpg\" class=\"attachment-medium size-medium\" alt=\"\" srcset=\"https:\/\/www.radiopiu.net\/wordpress\/wp-content\/uploads\/2021\/09\/63d7d272-81d2-4c9d-a15f-e3895b1b4c99-138x300.jpg 138w, https:\/\/www.radiopiu.net\/wordpress\/wp-content\/uploads\/2021\/09\/63d7d272-81d2-4c9d-a15f-e3895b1b4c99-472x1024.jpg 472w, https:\/\/www.radiopiu.net\/wordpress\/wp-content\/uploads\/2021\/09\/63d7d272-81d2-4c9d-a15f-e3895b1b4c99-708x1536.jpg 708w, https:\/\/www.radiopiu.net\/wordpress\/wp-content\/uploads\/2021\/09\/63d7d272-81d2-4c9d-a15f-e3895b1b4c99.jpg 737w\" sizes=\"auto, (max-width: 138px) 100vw, 138px\" \/><\/a>\n\t\t\t\t<\/dt><\/dl><br style=\"clear: both\" \/>\n\t\t\t<\/div>\n\n<p>&nbsp;<\/p>\n<hr \/>\n<p>&nbsp;<\/p>\n<blockquote>\n<h3>INTERRUZIONI ELETTRICHE PROGRAMMATE<\/h3>\n<\/blockquote>\n<p><strong>GOSALDO<\/strong> Oggi dalle 8:30 alle 15 nelle frazioni Foca Curti e Ren per lavori sugli impianti E-Distribuzione<\/p>\n<p>&nbsp;<\/p>\n<p>&nbsp;<\/p>\n<hr \/>\n<p>&nbsp;<\/p>\n<blockquote>\n<h3>I PROSSIMI APPUNTAMENTI PER LE VACCINAZIONI AD ACCESSO LIBERO<\/h3>\n<\/blockquote>\n<p>Per facilitare l\u2019adesione alla vaccinazione anti covid, l\u2019ulss Dolomiti ha organizzato delle sedute straordinarie ad <b>accesso libero<\/b> per tutte persone con pi\u00f9 di 12 anni. I prossimi appuntamenti in zona Sedico e Agordino sono: <b>FALCADE<\/b> <span style=\"font-family: Arial;\">scuole elementari &#8211; <\/span><span style=\"font-family: Arial;\">marted\u00ec 7 settembre 2021<\/span> <span style=\"font-family: Arial;\">14:30-18:00, <\/span><b>ALLEGHE<\/b> <span style=\"font-family: Arial;\">sala Franceschini dello Stadio del Ghiaccio di Alleghe <\/span><span style=\"font-family: Arial;\">venerd\u00ec 10 settembre 2021 14:30-18:00 <\/span>Inoltre, nel mese di settembre, tutti i gioved\u00ec sera il drive in vaccinale di Paludi sar\u00e0 attivo dalle 18.30 alle 22.00, tutti i marted\u00ec sera sar\u00e0 possibile vaccinarsi al Centro Prelievi dell\u2019ospedale di Feltre dalle 18 alle 20 (per info 0439\/883709). Portare con s\u00e9 la tessera sanitaria<\/p>\n<p>&nbsp;<\/p>\n<h2 style=\"text-align: center;\"><span style=\"color: #ff0000;\">GLI ORARI E I NUOVI COVID POINT A PARTIRE DA OGGI<\/span><\/h2>\n<p><a href=\"https:\/\/www.radiopiu.net\/wordpress\/giornale-radiopiu-01-settembre-2021-direttore-mirko-mezzacasa\/covid-point-settembre\/\" rel=\"attachment wp-att-230373\"><img loading=\"lazy\" decoding=\"async\" class=\"aligncenter wp-image-230373 size-full\" src=\"https:\/\/www.radiopiu.net\/wordpress\/wp-content\/uploads\/2021\/08\/covid-point-settembre.png\" alt=\"\" width=\"940\" height=\"788\" srcset=\"https:\/\/www.radiopiu.net\/wordpress\/wp-content\/uploads\/2021\/08\/covid-point-settembre.png 940w, https:\/\/www.radiopiu.net\/wordpress\/wp-content\/uploads\/2021\/08\/covid-point-settembre-300x251.png 300w, https:\/\/www.radiopiu.net\/wordpress\/wp-content\/uploads\/2021\/08\/covid-point-settembre-768x644.png 768w\" sizes=\"auto, (max-width: 940px) 100vw, 940px\" \/><\/a><\/p>\n<p>&nbsp;<\/p>\n<hr \/>\n<p>&nbsp;<\/p>\n<p><a href=\"https:\/\/www.radiopiu.net\/wordpress\/acqua-di-nuovo-potabile-a-gosaldo\/bicchiere-acqua\/\" rel=\"attachment wp-att-197762\"><img loading=\"lazy\" decoding=\"async\" class=\"size-medium wp-image-197762 alignleft\" src=\"https:\/\/www.radiopiu.net\/wordpress\/wp-content\/uploads\/2021\/03\/BICCHIERE-ACQUA-300x200.jpg\" alt=\"\" width=\"300\" height=\"200\" srcset=\"https:\/\/www.radiopiu.net\/wordpress\/wp-content\/uploads\/2021\/03\/BICCHIERE-ACQUA-300x200.jpg 300w, https:\/\/www.radiopiu.net\/wordpress\/wp-content\/uploads\/2021\/03\/BICCHIERE-ACQUA-1024x683.jpg 1024w, https:\/\/www.radiopiu.net\/wordpress\/wp-content\/uploads\/2021\/03\/BICCHIERE-ACQUA-768x512.jpg 768w, https:\/\/www.radiopiu.net\/wordpress\/wp-content\/uploads\/2021\/03\/BICCHIERE-ACQUA-1536x1024.jpg 1536w, https:\/\/www.radiopiu.net\/wordpress\/wp-content\/uploads\/2021\/03\/BICCHIERE-ACQUA.jpg 1920w\" sizes=\"auto, (max-width: 300px) 100vw, 300px\" \/><\/a><\/p>\n<p>&nbsp;<\/p>\n<p>&nbsp;<\/p>\n<p>Gestione Servizi Pubblici informa che a LIVINALLONGO nelle localit\u00e0 AL FAURO, CREPAZ, RENAZ, RUAZ, PEZZEI, S.GIOVANNI e FOSSAL, l&#8217;acqua erogata dall&#8217;acquedotto \u00e8 di nuovo potabile e pu\u00f2 essere usata, quindi, per scopi alimentari.<\/p>\n<p>&nbsp;<\/p>\n<p>&nbsp;<\/p>\n<p>&nbsp;<\/p>\n<p>&nbsp;<\/p>\n<hr \/>\n<p>&nbsp;<\/p>\n<blockquote>\n<h3>I CANTIERI SULLE STRADE DELLA PROVINCIA<\/h3>\n<\/blockquote>\n<p><strong>SR 48 DELLE DOLOMITI\u00a0<\/strong>fino al 31 ottobre, esclusi sabato e domenica, senso unico alternato regolato da semaforo per posa cavidotto<\/p>\n<p><strong>SP 347 PASSO CEREDA E DURAN\u00a0<\/strong>in comune di Gosaldo fino al 30 settembre senso unico alternato regolato da semaforo per posa cavidotto<\/p>\n<p><strong>SP 346 PASSO SAN PELLEGRINO<\/strong> in localit\u00e0 La Mora di Canale D\u2019Agordo senso unico alternato regolato da semaforo fino al 15 ottobre per messa in sicurezza della strada<\/p>\n<p><strong>SP 251 VAL DI ZOLDO E CELLINA<\/strong> senso unico alternato regolato da semaforo in comune di Colle Santa Lucia fino al 1 ottobre per messa in sicurezza piano viabile<\/p>\n<p><strong>SP 3 VALLE IMPERINA <\/strong>fino al 10 settembre, esclusi sabato e domenica, senso unico alternato a Rivamonte per interramento linea elettrica<\/p>\n<p><strong>SR 48 DELLE DOLOMITI\u00a0<\/strong>fino al 30 settembre senso unico alternato con semaforo ad Arabba per messa in sicurezza del piano viabile<\/p>\n<p><strong>SP 3 VALLE IMPERINA<\/strong> fino al 30 settembre, esclusi sabato e domenica, senso unico alternato regolato da movieri con interruzioni della durata massima di 20 minuti in comune di Gosaldo per asfaltatura<\/p>\n<p><strong>SR 203 AGORDINA<\/strong> senso unico alternato regolato da movieri in comune di San Tomaso dal 6 al 20 settembre per lavori di esbosco<\/p>\n<p>&nbsp;<\/p>\n<p>&nbsp;<\/p>\n<hr \/>\n<p>&nbsp;<\/p>\n<blockquote>\n<h3>ANCORA NESSUNA TRACCIA DI FEDERICO LUGATO IN VAL DI ZOLDO<\/h3>\n<\/blockquote>\n<p><strong>VAL DI ZOLDO<\/strong> Oltre 60 soccorritori, tra Vigili del Fuoco, Soccorso Alpino, Guardia di Finanza, Polizia di Stato con una squadra alpina di Moena e volontari, pure oggi impegnati in Val di Zoldo per la ricerca di Federico Lugato, il 39enne uscito di casa gioved\u00ec 26 agosto per un\u2019escursione fino al bivacco Baita Angelini e mai pi\u00f9 rientrato. Oggi le ricerche si concentrate nella verifica di dirupi con ispezione dei luoghi con i droni dei vigili del fuoco e con calate dei soccorritori. Impegnate nelle ricerche i nuclei cinofili. Nella giornata di domani i vigili del fuoco e gli altri soccorritori ispezioneranno altri possibili itinerari intrapresi dall\u2019escursionista.<\/p>\n<p>&nbsp;<\/p>\n<p><strong>DAL SOCCORSO ALPINO<\/strong><\/p>\n<p>Sono purtroppo ancora vane le ricerche di Federico Lugato in Val di Zoldo. Rientrate senza alcun esito anche oggi le squadre in perlustrazione da stamattina. Una settantina le persone presenti &#8211; Soccorso alpino, Guardia di finanzia, Vigili del fuoco, Protezione civile e i volontari privati che hanno risposto agli appelli della moglie &#8211; che si sono distribuite sulle aree loro affidate dal Centro mobile di coordinamento delle operazioni. Sono state battute la parte bassa della Val Prampera verso Forno di Zoldo, da Casera di Mezzod\u00ec verso l&#8217;abitato e da sopra il Rifugio Sora&#8217;l Sass a scendere. I droni hanno sorvolato le rocce sottostanti il Rifugio e hanno volato nell&#8217;area del Castel de Moschesin, dove nei giorni scorsi anche l&#8217;elicottero aveva effettuato delle perlustrazioni. Domani nuova ricerca con ritrovo al campo base di Pralongo.<\/p>\n\n\t\t\t<style type='text\/css'>\n\t\t\t\t#gallery-2 {\n\t\t\t\t\tmargin: auto;\n\t\t\t\t}\n\t\t\t\t#gallery-2 .gallery-item {\n\t\t\t\t\tfloat: left;\n\t\t\t\t\tmargin-top: 10px;\n\t\t\t\t\ttext-align: center;\n\t\t\t\t\twidth: 20%;\n\t\t\t\t}\n\t\t\t\t#gallery-2 img {\n\t\t\t\t\tborder: 2px solid #cfcfcf;\n\t\t\t\t}\n\t\t\t\t#gallery-2 .gallery-caption {\n\t\t\t\t\tmargin-left: 0;\n\t\t\t\t}\n\t\t\t\t\/* see gallery_shortcode() in wp-includes\/media.php *\/\n\t\t\t<\/style>\n\t\t<div id='gallery-2' class='dt-gallery-container gallery galleryid-230695 gallery-columns-5 gallery-size-thumbnail'><dl class='gallery-item'>\n\t\t\t\t<dt class='gallery-icon portrait'>\n\t\t\t\t\t<a class=\"rollover rollover-zoom dt-pswp-item\" title=\"d7c6c474-93a6-49f6-aa8a-c6893795e2c5\" data-dt-img-description=\"\" data-large_image_width=\"1200\" data-large_image_height=\"1600\"href='https:\/\/www.radiopiu.net\/wordpress\/wp-content\/uploads\/2021\/09\/d7c6c474-93a6-49f6-aa8a-c6893795e2c5.jpg'><img loading=\"lazy\" decoding=\"async\" width=\"150\" height=\"150\" src=\"https:\/\/www.radiopiu.net\/wordpress\/wp-content\/uploads\/2021\/09\/d7c6c474-93a6-49f6-aa8a-c6893795e2c5-150x150.jpg\" class=\"attachment-thumbnail size-thumbnail\" alt=\"\" \/><\/a>\n\t\t\t\t<\/dt><\/dl><dl class='gallery-item'>\n\t\t\t\t<dt class='gallery-icon portrait'>\n\t\t\t\t\t<a class=\"rollover rollover-zoom dt-pswp-item\" title=\"b4fb787c-0d28-401e-8371-117db44f64f1\" data-dt-img-description=\"\" data-large_image_width=\"720\" data-large_image_height=\"1112\"href='https:\/\/www.radiopiu.net\/wordpress\/wp-content\/uploads\/2021\/09\/b4fb787c-0d28-401e-8371-117db44f64f1.jpg'><img loading=\"lazy\" decoding=\"async\" width=\"150\" height=\"150\" src=\"https:\/\/www.radiopiu.net\/wordpress\/wp-content\/uploads\/2021\/09\/b4fb787c-0d28-401e-8371-117db44f64f1-150x150.jpg\" class=\"attachment-thumbnail size-thumbnail\" alt=\"\" \/><\/a>\n\t\t\t\t<\/dt><\/dl><dl class='gallery-item'>\n\t\t\t\t<dt class='gallery-icon portrait'>\n\t\t\t\t\t<a class=\"rollover rollover-zoom dt-pswp-item\" title=\"18357c4c-c18e-4ee6-a8f7-e9b35623fc54\" data-dt-img-description=\"\" data-large_image_width=\"591\" data-large_image_height=\"932\"href='https:\/\/www.radiopiu.net\/wordpress\/wp-content\/uploads\/2021\/09\/18357c4c-c18e-4ee6-a8f7-e9b35623fc54.jpg'><img loading=\"lazy\" decoding=\"async\" width=\"150\" height=\"150\" src=\"https:\/\/www.radiopiu.net\/wordpress\/wp-content\/uploads\/2021\/09\/18357c4c-c18e-4ee6-a8f7-e9b35623fc54-150x150.jpg\" class=\"attachment-thumbnail size-thumbnail\" alt=\"\" \/><\/a>\n\t\t\t\t<\/dt><\/dl><dl class='gallery-item'>\n\t\t\t\t<dt class='gallery-icon landscape'>\n\t\t\t\t\t<a class=\"rollover rollover-zoom dt-pswp-item\" title=\"IMG-20210903-WA0023\" data-dt-img-description=\"\" data-large_image_width=\"1600\" data-large_image_height=\"1200\"href='https:\/\/www.radiopiu.net\/wordpress\/wp-content\/uploads\/2021\/09\/IMG-20210903-WA0023.jpg'><img loading=\"lazy\" decoding=\"async\" width=\"150\" height=\"150\" src=\"https:\/\/www.radiopiu.net\/wordpress\/wp-content\/uploads\/2021\/09\/IMG-20210903-WA0023-150x150.jpg\" class=\"attachment-thumbnail size-thumbnail\" alt=\"\" \/><\/a>\n\t\t\t\t<\/dt><\/dl><dl class='gallery-item'>\n\t\t\t\t<dt class='gallery-icon landscape'>\n\t\t\t\t\t<a class=\"rollover rollover-zoom dt-pswp-item\" title=\"IMG-20210903-WA0022\" data-dt-img-description=\"\" data-large_image_width=\"1600\" data-large_image_height=\"1200\"href='https:\/\/www.radiopiu.net\/wordpress\/wp-content\/uploads\/2021\/09\/IMG-20210903-WA0022.jpg'><img loading=\"lazy\" decoding=\"async\" width=\"150\" height=\"150\" src=\"https:\/\/www.radiopiu.net\/wordpress\/wp-content\/uploads\/2021\/09\/IMG-20210903-WA0022-150x150.jpg\" class=\"attachment-thumbnail size-thumbnail\" alt=\"\" \/><\/a>\n\t\t\t\t<\/dt><\/dl><br style=\"clear: both\" \/>\n\t\t\t<\/div>\n\n<p>&nbsp;<\/p>\n<p><strong>IL VIDEO<\/strong><\/p>\n<div style=\"width: 1200px;\" class=\"wp-video\"><video class=\"wp-video-shortcode\" id=\"video-230695-1\" width=\"1200\" height=\"675\" preload=\"metadata\" controls=\"controls\"><source type=\"video\/mp4\" src=\"https:\/\/www.radiopiu.net\/wordpress\/wp-content\/uploads\/2021\/09\/RICERCHE-ZOLDO.mp4?_=1\" \/><a href=\"https:\/\/www.radiopiu.net\/wordpress\/wp-content\/uploads\/2021\/09\/RICERCHE-ZOLDO.mp4\">https:\/\/www.radiopiu.net\/wordpress\/wp-content\/uploads\/2021\/09\/RICERCHE-ZOLDO.mp4<\/a><\/video><\/div>\n<p>&nbsp;<\/p>\n<hr \/>\n<p>&nbsp;<\/p>\n<blockquote>\n<h3>COLTO DA MALORE SOTTO LE CINQUE TORRI<\/h3>\n<\/blockquote>\n<p><strong><a href=\"https:\/\/www.radiopiu.net\/wordpress\/il-soccorso-alpino-ritorna-al-vazzoler\/th-172\/\" rel=\"attachment wp-att-225856\"><img loading=\"lazy\" decoding=\"async\" class=\"size-full wp-image-225856 alignleft\" src=\"https:\/\/www.radiopiu.net\/wordpress\/wp-content\/uploads\/2021\/08\/th.jpg\" alt=\"\" width=\"222\" height=\"167\" \/><\/a> <\/strong><\/p>\n<p><strong>\u00a0<\/strong><\/p>\n<p><strong>CORTINA<\/strong> Ieri attorno alle 12.30 alcune persone, tra le quali un&#8217;infermiera, che visitavano le trincee sotto le Cinque Torri hanno lanciato l&#8217;allarme per un escursionista colto da malore. R.D., 72 anni, di Cadonega (PD), che stava camminando da solo quando era iniziato il malessere, \u00e8 stato raggiunto da una squadra del Soccorso alpino di Cortina e della Guardia di finanza, dopo essere stato geolocalizzato. L&#8217;uomo \u00e8 stato accompagnato fino al Rifugio Scoiattoli e da l\u00ec all&#8217;ospedale per gli accertamenti del caso.<\/p>\n<p>&nbsp;<\/p>\n<p>&nbsp;<\/p>\n<p>&nbsp;<\/p>\n<hr \/>\n<p>&nbsp;<\/p>\n<blockquote>\n<h3>DUE RAGAZZE RECUPERATE DAL SOCCORSO ALPINO. AVEVANO SBAGLIATO SENTIERO<\/h3>\n<\/blockquote>\n<p><strong><a href=\"https:\/\/www.radiopiu.net\/wordpress\/torna-la-festa-del-volontariato-cadorino-sabato-1-settembre\/soccorsoalpino\/\" rel=\"attachment wp-att-59164\"><img loading=\"lazy\" decoding=\"async\" class=\" wp-image-59164 alignleft\" src=\"https:\/\/www.radiopiu.net\/wordpress\/wp-content\/uploads\/2018\/08\/soccorsoalpino-300x300.jpg\" alt=\"\" width=\"119\" height=\"119\" srcset=\"https:\/\/www.radiopiu.net\/wordpress\/wp-content\/uploads\/2018\/08\/soccorsoalpino-300x300.jpg 300w, https:\/\/www.radiopiu.net\/wordpress\/wp-content\/uploads\/2018\/08\/soccorsoalpino-150x150.jpg 150w, https:\/\/www.radiopiu.net\/wordpress\/wp-content\/uploads\/2018\/08\/soccorsoalpino-768x768.jpg 768w, https:\/\/www.radiopiu.net\/wordpress\/wp-content\/uploads\/2018\/08\/soccorsoalpino-1024x1024.jpg 1024w, https:\/\/www.radiopiu.net\/wordpress\/wp-content\/uploads\/2018\/08\/soccorsoalpino.jpg 1200w\" sizes=\"auto, (max-width: 119px) 100vw, 119px\" \/><\/a>VODO DI CADORE <\/strong>Attorno alle 15.40 il Soccorso alpino di San Vito di Cadore \u00e8 stato allertato per due escursioniste in difficolt\u00e0 sotto il Pelmo. Salite da Malga Ciauta, a 1550 metri di quota, per il sentiero fino al Rifugio Venezia, le due ragazze di 25 e 21 anni di Padova, pensando poi di rientrare alla macchina, avevano per\u00f2 preso la strada bianca che porta a Tiera. Arrivate all&#8217;altezza del Capitello della Madonna a 1.100 metri, stanche e la pi\u00f9 giovane parecchio agitata, avevano contattato il 118. Una volta capito il punto in cui si trovavano, una squadra le ha raggiunte in fuoristrada e e ha riaccompagnate fino a Malga Ciauta.<\/p>\n<p>&nbsp;<\/p>\n<p>&nbsp;<\/p>\n<hr \/>\n<p>&nbsp;<\/p>\n<blockquote>\n<h3>STEFANO BONA (FIOM CIGL) CHIEDE I FINANZIAMENTI DEL DL SOSTEGNI PER SALVARE ACC<\/h3>\n<\/blockquote>\n<p><strong><a href=\"https:\/\/www.radiopiu.net\/wordpress\/acc-mel-lopinione-di-stefano-bona-fiom-cigl\/acc-mel-2\/\" rel=\"attachment wp-att-217731\"><img loading=\"lazy\" decoding=\"async\" class=\"size-medium wp-image-217731 alignleft\" src=\"https:\/\/www.radiopiu.net\/wordpress\/wp-content\/uploads\/2021\/06\/ACC-MEL-300x171.png\" alt=\"\" width=\"300\" height=\"171\" srcset=\"https:\/\/www.radiopiu.net\/wordpress\/wp-content\/uploads\/2021\/06\/ACC-MEL-300x171.png 300w, https:\/\/www.radiopiu.net\/wordpress\/wp-content\/uploads\/2021\/06\/ACC-MEL-1024x585.png 1024w, https:\/\/www.radiopiu.net\/wordpress\/wp-content\/uploads\/2021\/06\/ACC-MEL-768x439.png 768w, https:\/\/www.radiopiu.net\/wordpress\/wp-content\/uploads\/2021\/06\/ACC-MEL.png 1376w\" sizes=\"auto, (max-width: 300px) 100vw, 300px\" \/><\/a>BORGO VALBELLUNA<\/strong> Dati alla mano, Stefano Bona della FIOM CGIL di Belluno chiede i finanziamenti promessi ad ACC.<\/p>\n<blockquote><p><em>La strenua resistenza di Acc Wanbao e delle sue meravigliose maestranze. Dati al 31 Agosto 2021: fatturato + 8,1% rispetto stesso periodo 2020,\u00a0 -1,4% sul triennio 2018-2020, Produzione -1,6% sul 2020 -10,7% sul 18-20, Vendite +4,7% sul 2020 -6% sul 18-20 scorte di prodotto finito -43% sul 2020 -68% su 18-20. Superfluo sottolineare come si rendano evidenti in tutta la loro drammaticit\u00e0 gli esiti delle politiche di autocontenimento delle vendite e dalla produzione iniziate dal mese di aprile per contenere il drenaggio di cassa nella condizione di illiquidit\u00e0 generata dal mancato supporto finanziario ex art.55 D.Lgs. 270\/1999. Anche ai pi\u00f9 distratti risulterebbe evidente l&#8217;urgenza che il MISE e il Governo devono con urgenze tener fede agli impegni presi dando corso in via definitiva all&#8217;applicazione del art.37 DL sostegni garantendo ad Acc i finanziamenti previsti. Non si tratta di mantenere in vita una fabbrica che ha esaurito il suo formidabile potenziale, ma di rilanciare strategicamente una grande azienda Veneta e Italiana. La gara in corso che ha visto la manifestazione di interesse di grandi gruppi internazionali \u00e8 fortemente compromessa dai silenzi e dalle inerzie del ministero competente e del suo titolare, cos\u00ec come clienti e fornitori sono fortemente preoccupati. In ragione di tutto questo le lavoratrici e i lavoratori con le organizzazioni sindacali sono pronti ad una forte e decisa mobilitazione, per la nostra Acc, per la nostra provincia, per il nostro Veneto per il paese intero fondato sul lavoro.<\/em><\/p>\n<p><strong><em>Stefano Bona, FIOM CGIL Belluno<\/em><\/strong><\/p><\/blockquote>\n<p>&nbsp;<\/p>\n<p>&nbsp;<\/p>\n<hr \/>\n<p>&nbsp;<\/p>\n<blockquote>\n<h3>PD: BISOGNA SALVARE L&#8217;ACC. ZAIA E GIORGETTI AGISCANO<\/h3>\n<\/blockquote>\n<p><strong><a href=\"https:\/\/www.radiopiu.net\/wordpress\/il-ritorno-al-lavoro-dei-licenzati-dai-cinesi\/acc-mel\/\" rel=\"attachment wp-att-145345\"><img loading=\"lazy\" decoding=\"async\" class=\"size-medium wp-image-145345 alignleft\" src=\"https:\/\/www.radiopiu.net\/wordpress\/wp-content\/uploads\/2020\/06\/ACC-MEL-300x300.png\" alt=\"\" width=\"300\" height=\"300\" srcset=\"https:\/\/www.radiopiu.net\/wordpress\/wp-content\/uploads\/2020\/06\/ACC-MEL-300x300.png 300w, https:\/\/www.radiopiu.net\/wordpress\/wp-content\/uploads\/2020\/06\/ACC-MEL-150x150.png 150w, https:\/\/www.radiopiu.net\/wordpress\/wp-content\/uploads\/2020\/06\/ACC-MEL-768x768.png 768w, https:\/\/www.radiopiu.net\/wordpress\/wp-content\/uploads\/2020\/06\/ACC-MEL.png 796w\" sizes=\"auto, (max-width: 300px) 100vw, 300px\" \/><\/a>VENEZIA <\/strong><span class=\"s1\">\u201cIl tempo per salvare Acc sta per scadere ed \u00e8 inaccettabile il sostanziale silenzio da parte del ministero dello Sviluppo economico, con il \u2018placet\u2019 della Regione. Zaia ha un filo diretto con Giorgetti, sono dello stesso partito: si parlino e si faccia l\u2019impossibile per trovare una soluzione e difendere un\u2019azienda storica del Veneto\u201d. \u00c8 quanto chiedono il capogruppo del Partito Democratico Giacomo Possamai e la vice Vanessa Camani, preoccupati per la situazione sempre pi\u00f9 critica dello stabilimento di Borgo Valbelluna. <\/span><span class=\"s1\">\u201cA fronte dei grandi sforzi del commissario straordinario Castro e dei dipendenti che hanno continuato a dimostrare la massima professionalit\u00e0 lavorando anche senza stipendio, registriamo un assordante silenzio istituzionale. Giorgetti si \u00e8 fatto sentire solo per liquidare il progetto ItalComp, il polo dei compressori per elettrodomestici con l\u2019ex Embraco, ipotesi avanzata fatta dallo stesso Mise a settembre 2020. Secondo noi quella poteva essere una buona idea, il ministro non ci ha mai creduto e l\u2019ha stoppata senza proporre un\u2019alternativa. Non stiamo parlando di un\u2019azienda \u2018decotta\u2019, bens\u00ec di una che ha i requisiti per restare in piedi: il problema \u00e8 esclusivamente finanziario, gli ordinativi non mancano. Adesso per\u00f2, con la liquidit\u00e0 agli sgoccioli, la produzione \u00e8 scesa ai minimi termini e la situazione \u00e8 davvero drammatica\u201d. <\/span><span class=\"s1\">\u201c\u00c8 un tema che non riguarda soltanto l\u2019Acc e i suoi 300 lavoratori, ma tutto il territorio bellunese e, pi\u00f9 in generale, il futuro industriale del Veneto &#8211; concludono i due consiglieri dem &#8211; Le imprese devono essere tutelate con progetti seri, a maggior ragione se hanno dimostrato di poter \u2018funzionare\u2019; questa prolungata latitanza delle istituzioni \u00e8 ingiustificabile\u201d.<\/span><\/p>\n<p>&nbsp;<\/p>\n<p>&nbsp;<\/p>\n<hr \/>\n<p>&nbsp;<\/p>\n<blockquote>\n<h3>DEPOSITATE LE LISTE DEI DUE CANDIDATI SINDACO A VOLTAGO. LO STESSO E&#8217; AVVENUTO ANCHE A SELVA DI CADORE<\/h3>\n<\/blockquote>\n<p><strong>VOLTAGO \/ SELVA DI CADORE<\/strong><\/p>\n<p>di Gianni Santomaso<\/p>\n<audio class=\"wp-audio-shortcode\" id=\"audio-230695-1\" preload=\"none\" style=\"width: 100%;\" controls=\"controls\"><source type=\"audio\/mpeg\" src=\"https:\/\/www.radiopiu.net\/wordpress\/wp-content\/uploads\/2021\/09\/GIANNI-ELEZIONI-VOLTAGO.mp3?_=1\" \/><a href=\"https:\/\/www.radiopiu.net\/wordpress\/wp-content\/uploads\/2021\/09\/GIANNI-ELEZIONI-VOLTAGO.mp3\">https:\/\/www.radiopiu.net\/wordpress\/wp-content\/uploads\/2021\/09\/GIANNI-ELEZIONI-VOLTAGO.mp3<\/a><\/audio>\n<p>&nbsp;<\/p>\n\n\t\t\t<style type='text\/css'>\n\t\t\t\t#gallery-3 {\n\t\t\t\t\tmargin: auto;\n\t\t\t\t}\n\t\t\t\t#gallery-3 .gallery-item {\n\t\t\t\t\tfloat: left;\n\t\t\t\t\tmargin-top: 10px;\n\t\t\t\t\ttext-align: center;\n\t\t\t\t\twidth: 33%;\n\t\t\t\t}\n\t\t\t\t#gallery-3 img {\n\t\t\t\t\tborder: 2px solid #cfcfcf;\n\t\t\t\t}\n\t\t\t\t#gallery-3 .gallery-caption {\n\t\t\t\t\tmargin-left: 0;\n\t\t\t\t}\n\t\t\t\t\/* see gallery_shortcode() in wp-includes\/media.php *\/\n\t\t\t<\/style>\n\t\t<div id='gallery-3' class='dt-gallery-container gallery galleryid-230695 gallery-columns-3 gallery-size-medium'><dl class='gallery-item'>\n\t\t\t\t<dt class='gallery-icon portrait'>\n\t\t\t\t\t<a class=\"rollover rollover-zoom dt-pswp-item\" title=\"GIUSEPPE SCHENA\" data-dt-img-description=\"\" data-large_image_width=\"931\" data-large_image_height=\"1240\"href='https:\/\/www.radiopiu.net\/wordpress\/wp-content\/uploads\/2021\/09\/GIUSEPPE-SCHENA.jpg'><img loading=\"lazy\" decoding=\"async\" width=\"225\" height=\"300\" src=\"https:\/\/www.radiopiu.net\/wordpress\/wp-content\/uploads\/2021\/09\/GIUSEPPE-SCHENA-225x300.jpg\" class=\"attachment-medium size-medium\" alt=\"\" aria-describedby=\"gallery-3-230838\" srcset=\"https:\/\/www.radiopiu.net\/wordpress\/wp-content\/uploads\/2021\/09\/GIUSEPPE-SCHENA-225x300.jpg 225w, https:\/\/www.radiopiu.net\/wordpress\/wp-content\/uploads\/2021\/09\/GIUSEPPE-SCHENA-769x1024.jpg 769w, https:\/\/www.radiopiu.net\/wordpress\/wp-content\/uploads\/2021\/09\/GIUSEPPE-SCHENA-768x1023.jpg 768w, https:\/\/www.radiopiu.net\/wordpress\/wp-content\/uploads\/2021\/09\/GIUSEPPE-SCHENA.jpg 931w\" sizes=\"auto, (max-width: 225px) 100vw, 225px\" \/><\/a>\n\t\t\t\t<\/dt>\n\t\t\t\t\t<dd class='wp-caption-text gallery-caption' id='gallery-3-230838'>\n\t\t\t\t\tGIUSEPPE SCHENA &#8211; CANDIDATO SINDACO A VOLTAGO\n\t\t\t\t\t<\/dd><\/dl><dl class='gallery-item'>\n\t\t\t\t<dt class='gallery-icon landscape'>\n\t\t\t\t\t<a class=\"rollover rollover-zoom dt-pswp-item\" title=\"ADRIANO PERETTI\" data-dt-img-description=\"\" data-large_image_width=\"2048\" data-large_image_height=\"2048\"href='https:\/\/www.radiopiu.net\/wordpress\/wp-content\/uploads\/2021\/09\/ADRIANO-PERETTI.jpeg'><img loading=\"lazy\" decoding=\"async\" width=\"300\" height=\"300\" src=\"https:\/\/www.radiopiu.net\/wordpress\/wp-content\/uploads\/2021\/09\/ADRIANO-PERETTI-300x300.jpeg\" class=\"attachment-medium size-medium\" alt=\"\" aria-describedby=\"gallery-3-230839\" srcset=\"https:\/\/www.radiopiu.net\/wordpress\/wp-content\/uploads\/2021\/09\/ADRIANO-PERETTI-300x300.jpeg 300w, https:\/\/www.radiopiu.net\/wordpress\/wp-content\/uploads\/2021\/09\/ADRIANO-PERETTI-1024x1024.jpeg 1024w, https:\/\/www.radiopiu.net\/wordpress\/wp-content\/uploads\/2021\/09\/ADRIANO-PERETTI-150x150.jpeg 150w, https:\/\/www.radiopiu.net\/wordpress\/wp-content\/uploads\/2021\/09\/ADRIANO-PERETTI-768x768.jpeg 768w, https:\/\/www.radiopiu.net\/wordpress\/wp-content\/uploads\/2021\/09\/ADRIANO-PERETTI-1536x1536.jpeg 1536w, https:\/\/www.radiopiu.net\/wordpress\/wp-content\/uploads\/2021\/09\/ADRIANO-PERETTI.jpeg 2048w\" sizes=\"auto, (max-width: 300px) 100vw, 300px\" \/><\/a>\n\t\t\t\t<\/dt>\n\t\t\t\t\t<dd class='wp-caption-text gallery-caption' id='gallery-3-230839'>\n\t\t\t\t\tADRIANO PERETTI &#8211; CANDIDATO SINDACO A SELVA DI CADORE\n\t\t\t\t\t<\/dd><\/dl><dl class='gallery-item'>\n\t\t\t\t<dt class='gallery-icon portrait'>\n\t\t\t\t\t<a class=\"rollover rollover-zoom dt-pswp-item\" title=\"LUCA LORENZINI\" data-dt-img-description=\"\" data-large_image_width=\"1200\" data-large_image_height=\"1295\"href='https:\/\/www.radiopiu.net\/wordpress\/wp-content\/uploads\/2021\/09\/LUCA-LORENZINI.jpg'><img loading=\"lazy\" decoding=\"async\" width=\"278\" height=\"300\" src=\"https:\/\/www.radiopiu.net\/wordpress\/wp-content\/uploads\/2021\/09\/LUCA-LORENZINI-278x300.jpg\" class=\"attachment-medium size-medium\" alt=\"\" aria-describedby=\"gallery-3-230840\" srcset=\"https:\/\/www.radiopiu.net\/wordpress\/wp-content\/uploads\/2021\/09\/LUCA-LORENZINI-278x300.jpg 278w, https:\/\/www.radiopiu.net\/wordpress\/wp-content\/uploads\/2021\/09\/LUCA-LORENZINI-949x1024.jpg 949w, https:\/\/www.radiopiu.net\/wordpress\/wp-content\/uploads\/2021\/09\/LUCA-LORENZINI-768x829.jpg 768w, https:\/\/www.radiopiu.net\/wordpress\/wp-content\/uploads\/2021\/09\/LUCA-LORENZINI.jpg 1200w\" sizes=\"auto, (max-width: 278px) 100vw, 278px\" \/><\/a>\n\t\t\t\t<\/dt>\n\t\t\t\t\t<dd class='wp-caption-text gallery-caption' id='gallery-3-230840'>\n\t\t\t\t\tLUCA LORENZINI &#8211; CANDIDATO SINDACO A SELVA DI CADORE\n\t\t\t\t\t<\/dd><\/dl><br style=\"clear: both\" \/>\n\t\t\t<\/div>\n\n<p>&nbsp;<\/p>\n<hr \/>\n<p>&nbsp;<\/p>\n<blockquote>\n<h3>IL GENERALE DI BRIGATA GIUSEPPE SPINA IN VISITA AL COMANDO DEI CARABINIERI DI BELLUNO<\/h3>\n<\/blockquote>\n<p><strong>BELLUNO<\/strong> Nella mattinata di oggi il Generale di Brigata Giuseppe Spina ha fatto visita al comando provinciale dei Carabinieri di Belluno dopo essere stato accolto anche dal Prefetto Mariano Savastano e il sindaco di Belluno Jacopo Massaro. Accolto dal Comandante Provinciale, il Tenente Colonnello Francesco Rastelli, si \u00e8 intrattenuto con i vertici locali delle Forze dell&#8217;Ordine prima di ringraziare e salutare tutti gli Ufficiali del comando e una rappresentanza dei Carabinieri Forestali. Spina ha apprezzato il lavoro svolto durante l&#8217;emergenza Covid-19 che ha visto la provincia di Belluno duramente colpita dall&#8217;epidemia. Nel corso della mattinata, l&#8217;alto Ufficiale ha avuto modo di incontrare anche il Presidente del Tribunale di Belluno Antonella Coniglio e il Procuratore della Repubblica Paolo Giovanni Luca.<\/p>\n\n\t\t\t<style type='text\/css'>\n\t\t\t\t#gallery-4 {\n\t\t\t\t\tmargin: auto;\n\t\t\t\t}\n\t\t\t\t#gallery-4 .gallery-item {\n\t\t\t\t\tfloat: left;\n\t\t\t\t\tmargin-top: 10px;\n\t\t\t\t\ttext-align: center;\n\t\t\t\t\twidth: 50%;\n\t\t\t\t}\n\t\t\t\t#gallery-4 img {\n\t\t\t\t\tborder: 2px solid #cfcfcf;\n\t\t\t\t}\n\t\t\t\t#gallery-4 .gallery-caption {\n\t\t\t\t\tmargin-left: 0;\n\t\t\t\t}\n\t\t\t\t\/* see gallery_shortcode() in wp-includes\/media.php *\/\n\t\t\t<\/style>\n\t\t<div id='gallery-4' class='dt-gallery-container gallery galleryid-230695 gallery-columns-2 gallery-size-medium'><dl class='gallery-item'>\n\t\t\t\t<dt class='gallery-icon landscape'>\n\t\t\t\t\t<a class=\"rollover rollover-zoom dt-pswp-item\" title=\"fd36677c-07f3-4957-81fd-1ddc6b94ac52\" data-dt-img-description=\"\" data-large_image_width=\"800\" data-large_image_height=\"530\"href='https:\/\/www.radiopiu.net\/wordpress\/wp-content\/uploads\/2021\/09\/fd36677c-07f3-4957-81fd-1ddc6b94ac52.jpg'><img loading=\"lazy\" decoding=\"async\" width=\"300\" height=\"199\" src=\"https:\/\/www.radiopiu.net\/wordpress\/wp-content\/uploads\/2021\/09\/fd36677c-07f3-4957-81fd-1ddc6b94ac52-300x199.jpg\" class=\"attachment-medium size-medium\" alt=\"\" srcset=\"https:\/\/www.radiopiu.net\/wordpress\/wp-content\/uploads\/2021\/09\/fd36677c-07f3-4957-81fd-1ddc6b94ac52-300x199.jpg 300w, https:\/\/www.radiopiu.net\/wordpress\/wp-content\/uploads\/2021\/09\/fd36677c-07f3-4957-81fd-1ddc6b94ac52-768x509.jpg 768w, https:\/\/www.radiopiu.net\/wordpress\/wp-content\/uploads\/2021\/09\/fd36677c-07f3-4957-81fd-1ddc6b94ac52.jpg 800w\" sizes=\"auto, (max-width: 300px) 100vw, 300px\" \/><\/a>\n\t\t\t\t<\/dt><\/dl><dl class='gallery-item'>\n\t\t\t\t<dt class='gallery-icon landscape'>\n\t\t\t\t\t<a class=\"rollover rollover-zoom dt-pswp-item\" title=\"d9d5810f-6c67-4904-ba2d-edd06badc94b\" data-dt-img-description=\"\" data-large_image_width=\"800\" data-large_image_height=\"530\"href='https:\/\/www.radiopiu.net\/wordpress\/wp-content\/uploads\/2021\/09\/d9d5810f-6c67-4904-ba2d-edd06badc94b.jpg'><img loading=\"lazy\" decoding=\"async\" width=\"300\" height=\"199\" src=\"https:\/\/www.radiopiu.net\/wordpress\/wp-content\/uploads\/2021\/09\/d9d5810f-6c67-4904-ba2d-edd06badc94b-300x199.jpg\" class=\"attachment-medium size-medium\" alt=\"\" srcset=\"https:\/\/www.radiopiu.net\/wordpress\/wp-content\/uploads\/2021\/09\/d9d5810f-6c67-4904-ba2d-edd06badc94b-300x199.jpg 300w, https:\/\/www.radiopiu.net\/wordpress\/wp-content\/uploads\/2021\/09\/d9d5810f-6c67-4904-ba2d-edd06badc94b-768x509.jpg 768w, https:\/\/www.radiopiu.net\/wordpress\/wp-content\/uploads\/2021\/09\/d9d5810f-6c67-4904-ba2d-edd06badc94b.jpg 800w\" sizes=\"auto, (max-width: 300px) 100vw, 300px\" \/><\/a>\n\t\t\t\t<\/dt><\/dl><br style=\"clear: both\" \/>\n\t\t\t<\/div>\n\n<p>&nbsp;<\/p>\n<hr \/>\n<p>&nbsp;<\/p>\n<blockquote class=\"wp-embedded-content\" data-secret=\"BRA2l2Hk5S\"><p><a href=\"https:\/\/www.radiopiu.net\/wordpress\/aggiornamentoset03\/\">CORONAVIRUS: AGGIORNAMENTO NAZIONALE 03 SETTEMBRE  2021<\/a><\/p><\/blockquote>\n<p><iframe loading=\"lazy\" class=\"wp-embedded-content\" sandbox=\"allow-scripts\" security=\"restricted\" style=\"position: absolute; clip: rect(1px, 1px, 1px, 1px);\" title=\"&#8220;CORONAVIRUS: AGGIORNAMENTO NAZIONALE 03 SETTEMBRE  2021&#8221; &#8212; Radio Pi\u00f9\" src=\"https:\/\/www.radiopiu.net\/wordpress\/aggiornamentoset03\/embed\/#?secret=BRA2l2Hk5S\" data-secret=\"BRA2l2Hk5S\" width=\"600\" height=\"338\" frameborder=\"0\" marginwidth=\"0\" marginheight=\"0\" scrolling=\"no\"><\/iframe><\/p>\n<p>&nbsp;<\/p>\n<blockquote class=\"wp-embedded-content\" data-secret=\"SBLaQhgddq\"><p><a href=\"https:\/\/www.radiopiu.net\/wordpress\/in-24-ore-637-nuovi-positivi-in-veneto-due-decessi-ma-calano-i-ricoveri\/\">IN 24 ORE 637 NUOVI POSITIVI IN VENETO. DUE DECESSI MA CALANO I RICOVERI<\/a><\/p><\/blockquote>\n<p><iframe loading=\"lazy\" class=\"wp-embedded-content\" sandbox=\"allow-scripts\" security=\"restricted\" style=\"position: absolute; clip: rect(1px, 1px, 1px, 1px);\" title=\"&#8220;IN 24 ORE 637 NUOVI POSITIVI IN VENETO. DUE DECESSI MA CALANO I RICOVERI&#8221; &#8212; Radio Pi\u00f9\" src=\"https:\/\/www.radiopiu.net\/wordpress\/in-24-ore-637-nuovi-positivi-in-veneto-due-decessi-ma-calano-i-ricoveri\/embed\/#?secret=SBLaQhgddq\" data-secret=\"SBLaQhgddq\" width=\"600\" height=\"338\" frameborder=\"0\" marginwidth=\"0\" marginheight=\"0\" scrolling=\"no\"><\/iframe><\/p>\n<p>&nbsp;<\/p>\n<h3>I GRAFICI DI TIZIANO DE COL<\/h3>\n\n\t\t\t<style type='text\/css'>\n\t\t\t\t#gallery-5 {\n\t\t\t\t\tmargin: auto;\n\t\t\t\t}\n\t\t\t\t#gallery-5 .gallery-item {\n\t\t\t\t\tfloat: left;\n\t\t\t\t\tmargin-top: 10px;\n\t\t\t\t\ttext-align: center;\n\t\t\t\t\twidth: 20%;\n\t\t\t\t}\n\t\t\t\t#gallery-5 img {\n\t\t\t\t\tborder: 2px solid #cfcfcf;\n\t\t\t\t}\n\t\t\t\t#gallery-5 .gallery-caption {\n\t\t\t\t\tmargin-left: 0;\n\t\t\t\t}\n\t\t\t\t\/* see gallery_shortcode() in wp-includes\/media.php *\/\n\t\t\t<\/style>\n\t\t<div id='gallery-5' class='dt-gallery-container gallery galleryid-230695 gallery-columns-5 gallery-size-medium'><dl class='gallery-item'>\n\t\t\t\t<dt class='gallery-icon landscape'>\n\t\t\t\t\t<a class=\"rollover rollover-zoom dt-pswp-item\" title=\"4c1bc5d2-ed1e-4a41-afc9-de6de3436030\" data-dt-img-description=\"\" data-large_image_width=\"588\" data-large_image_height=\"357\"href='https:\/\/www.radiopiu.net\/wordpress\/wp-content\/uploads\/2021\/09\/4c1bc5d2-ed1e-4a41-afc9-de6de3436030.jpg'><img loading=\"lazy\" decoding=\"async\" width=\"300\" height=\"182\" src=\"https:\/\/www.radiopiu.net\/wordpress\/wp-content\/uploads\/2021\/09\/4c1bc5d2-ed1e-4a41-afc9-de6de3436030-300x182.jpg\" class=\"attachment-medium size-medium\" alt=\"\" srcset=\"https:\/\/www.radiopiu.net\/wordpress\/wp-content\/uploads\/2021\/09\/4c1bc5d2-ed1e-4a41-afc9-de6de3436030-300x182.jpg 300w, https:\/\/www.radiopiu.net\/wordpress\/wp-content\/uploads\/2021\/09\/4c1bc5d2-ed1e-4a41-afc9-de6de3436030.jpg 588w\" sizes=\"auto, (max-width: 300px) 100vw, 300px\" \/><\/a>\n\t\t\t\t<\/dt><\/dl><dl class='gallery-item'>\n\t\t\t\t<dt class='gallery-icon landscape'>\n\t\t\t\t\t<a class=\"rollover rollover-zoom dt-pswp-item\" title=\"933f1577-15ad-4843-94c2-385f66f59245\" data-dt-img-description=\"\" data-large_image_width=\"606\" data-large_image_height=\"354\"href='https:\/\/www.radiopiu.net\/wordpress\/wp-content\/uploads\/2021\/09\/933f1577-15ad-4843-94c2-385f66f59245.jpg'><img loading=\"lazy\" decoding=\"async\" width=\"300\" height=\"175\" src=\"https:\/\/www.radiopiu.net\/wordpress\/wp-content\/uploads\/2021\/09\/933f1577-15ad-4843-94c2-385f66f59245-300x175.jpg\" class=\"attachment-medium size-medium\" alt=\"\" srcset=\"https:\/\/www.radiopiu.net\/wordpress\/wp-content\/uploads\/2021\/09\/933f1577-15ad-4843-94c2-385f66f59245-300x175.jpg 300w, https:\/\/www.radiopiu.net\/wordpress\/wp-content\/uploads\/2021\/09\/933f1577-15ad-4843-94c2-385f66f59245.jpg 606w\" sizes=\"auto, (max-width: 300px) 100vw, 300px\" \/><\/a>\n\t\t\t\t<\/dt><\/dl><dl class='gallery-item'>\n\t\t\t\t<dt class='gallery-icon landscape'>\n\t\t\t\t\t<a class=\"rollover rollover-zoom dt-pswp-item\" title=\"fec0e42d-0418-45eb-ad91-923c6c74fb31\" data-dt-img-description=\"\" data-large_image_width=\"606\" data-large_image_height=\"353\"href='https:\/\/www.radiopiu.net\/wordpress\/wp-content\/uploads\/2021\/09\/fec0e42d-0418-45eb-ad91-923c6c74fb31.jpg'><img loading=\"lazy\" decoding=\"async\" width=\"300\" height=\"175\" src=\"https:\/\/www.radiopiu.net\/wordpress\/wp-content\/uploads\/2021\/09\/fec0e42d-0418-45eb-ad91-923c6c74fb31-300x175.jpg\" class=\"attachment-medium size-medium\" alt=\"\" srcset=\"https:\/\/www.radiopiu.net\/wordpress\/wp-content\/uploads\/2021\/09\/fec0e42d-0418-45eb-ad91-923c6c74fb31-300x175.jpg 300w, https:\/\/www.radiopiu.net\/wordpress\/wp-content\/uploads\/2021\/09\/fec0e42d-0418-45eb-ad91-923c6c74fb31.jpg 606w\" sizes=\"auto, (max-width: 300px) 100vw, 300px\" \/><\/a>\n\t\t\t\t<\/dt><\/dl><dl class='gallery-item'>\n\t\t\t\t<dt class='gallery-icon landscape'>\n\t\t\t\t\t<a class=\"rollover rollover-zoom dt-pswp-item\" title=\"80e42d02-fcda-439e-b405-afb22ff0e191\" data-dt-img-description=\"\" data-large_image_width=\"606\" data-large_image_height=\"363\"href='https:\/\/www.radiopiu.net\/wordpress\/wp-content\/uploads\/2021\/09\/80e42d02-fcda-439e-b405-afb22ff0e191.jpg'><img loading=\"lazy\" decoding=\"async\" width=\"300\" height=\"180\" src=\"https:\/\/www.radiopiu.net\/wordpress\/wp-content\/uploads\/2021\/09\/80e42d02-fcda-439e-b405-afb22ff0e191-300x180.jpg\" class=\"attachment-medium size-medium\" alt=\"\" srcset=\"https:\/\/www.radiopiu.net\/wordpress\/wp-content\/uploads\/2021\/09\/80e42d02-fcda-439e-b405-afb22ff0e191-300x180.jpg 300w, https:\/\/www.radiopiu.net\/wordpress\/wp-content\/uploads\/2021\/09\/80e42d02-fcda-439e-b405-afb22ff0e191.jpg 606w\" sizes=\"auto, (max-width: 300px) 100vw, 300px\" \/><\/a>\n\t\t\t\t<\/dt><\/dl><dl class='gallery-item'>\n\t\t\t\t<dt class='gallery-icon landscape'>\n\t\t\t\t\t<a class=\"rollover rollover-zoom dt-pswp-item\" title=\"6a3eeb86-564d-44a5-86a8-446b86b23d2a\" data-dt-img-description=\"\" data-large_image_width=\"614\" data-large_image_height=\"363\"href='https:\/\/www.radiopiu.net\/wordpress\/wp-content\/uploads\/2021\/09\/6a3eeb86-564d-44a5-86a8-446b86b23d2a.jpg'><img loading=\"lazy\" decoding=\"async\" width=\"300\" height=\"177\" src=\"https:\/\/www.radiopiu.net\/wordpress\/wp-content\/uploads\/2021\/09\/6a3eeb86-564d-44a5-86a8-446b86b23d2a-300x177.jpg\" class=\"attachment-medium size-medium\" alt=\"\" srcset=\"https:\/\/www.radiopiu.net\/wordpress\/wp-content\/uploads\/2021\/09\/6a3eeb86-564d-44a5-86a8-446b86b23d2a-300x177.jpg 300w, https:\/\/www.radiopiu.net\/wordpress\/wp-content\/uploads\/2021\/09\/6a3eeb86-564d-44a5-86a8-446b86b23d2a.jpg 614w\" sizes=\"auto, (max-width: 300px) 100vw, 300px\" \/><\/a>\n\t\t\t\t<\/dt><\/dl><br style=\"clear: both\" \/>\n\t\t\t<\/div>\n\n<p>&nbsp;<\/p>\n<hr \/>\n<p>&nbsp;<\/p>\n<blockquote>\n<h3>LEGGI LA CONFERENZA STAMPA DI LUCA ZAIA<\/h3>\n<\/blockquote>\n<p>Non c&#8217;\u00e8 remissione della curva dell&#8217;infezione. Da qui alle prossime 3 settimane non bisogna abbassare la guardia. Il nostro RT \u00e8 0,90, incidenza 92,9 su 100 mila abitanti, terapie intensive occupate al 5 %, area medica al 3%. Siamo ancora in area bianca ma bisogna usare le mascherine e distanziamento. I vaccinati in Veneto non sono pochi. Il 78,9% \u00e8 la media regionale. Faccio appello al governo di dire nel pi\u00f9 breve tempo possibile se si deve fare la terza dose, l&#8217;autunno \u00e8 alle porte. Se si parte con la terza dose si partir\u00e0 con gli anziani quindi cambieranno le priorit\u00e0. <strong>OBBLIGO VACCINALE<\/strong> Io non commento un eventuale obbligo. Ci sono 11 vaccini in via teorica obbligatori ma ci sono ancora persone che non li fanno. Nonostante l&#8217;obbligo c&#8217;\u00e8 chi non fa i vaccini. In Europa ancora nessun paese ha adottato l&#8217;obbligo del vaccino anticovid. Se obblighi alla vaccinazione io la vedo come una sconfitta, in Veneto con la volontariet\u00e0 siamo quasi all&#8217;80%. Bisogna vedere come viene interpretato l&#8217;obbligo. Forse sar\u00e0 utilizzato per determinate categorie. <strong>CAMPAGNA D&#8217;INFORMAZIONE SUL VACCINO<\/strong> La campagna deve essere autorevole, certificata dai virologi e partire dalle famose fake news per smontarle.\u00a0<strong>PIANO SCUOLA<\/strong> Verr\u00e0 presentato luned\u00ec o mercoled\u00ec.<\/p>\n<p>&nbsp;<\/p>\n<p>&nbsp;<\/p>\n<p>https:\/\/www.facebook.com\/zaiaufficiale\/videos\/376028467493652<\/p>\n<p>&nbsp;<\/p>\n<hr \/>\n<p>&nbsp;<\/p>\n<blockquote>\n<h3>PREVISIONE ANDAMENTO E AGGIORNAMENTO SITUAZIONE EPIDEMIOLOGICA IN VENETO<\/h3>\n<\/blockquote>\n<p><strong>VENEZIA<\/strong> Durante l&#8217;ultima conferenza stampa del Presidente del Veneto Luca Zaia, \u00e8 intervenuto il dottor Michele Mongillo della Direzione Prevenzione e Sanit\u00e0 della Regione del Veneto che ha illustrato una previsione di andamento dell&#8217;epidemia da Covid-19 e l&#8217;aggiornamento della situazione in regione.<\/p>\n<h3><strong>IL REPORT (12 PAGINE)<\/strong><\/h3>\n<a href=\"https:\/\/www.radiopiu.net\/wordpress\/wp-content\/uploads\/2021\/09\/1628-2021-Previsione-andamento_03.09.2021-RETTIFICA.pdf\" class=\"pdfemb-viewer\" style=\"\" data-width=\"max\" data-height=\"max\" data-toolbar=\"top\" data-toolbar-fixed=\"on\">1628-2021 Previsione andamento_03.09.2021-RETTIFICA<\/a>\n<p>&nbsp;<\/p>\n<p>&nbsp;<\/p>\n<hr \/>\n<p>&nbsp;<\/p>\n<blockquote>\n<h3>PRESENTATA LA LISTA DI MASSIMO BORTOLUZZI, CANDIDATO SINDACO IN ALPAGO<\/h3>\n<\/blockquote>\n<p><strong><a href=\"https:\/\/www.radiopiu.net\/wordpress\/necessari-i-lavori-la-strada-rimane-chiusa-e-gli-abitanti-evacuati\/massimo-bortoluzzi-consigliere-provinciale\/\" rel=\"attachment wp-att-75298\"><img loading=\"lazy\" decoding=\"async\" class=\"size-medium wp-image-75298 alignleft\" src=\"https:\/\/www.radiopiu.net\/wordpress\/wp-content\/uploads\/2019\/02\/Massimo-Bortoluzzi-consigliere-provinciale-247x300.jpg\" alt=\"\" width=\"247\" height=\"300\" \/><\/a>ALPAGO <\/strong>\u00c8 stata depositata nel tardo pomeriggio di oggi la lista civica \u201cCambiamento e sviluppo\u201d, in corsa alle amministrative del Comune di Alpago, con il candidato sindaco Massimo Bortoluzzi. \u00ab<em>Una lista civica, senza ideologie partitiche, tant\u2019\u00e8 vero che all\u2019interno della squadra ci sono persone di varia estrazione e con esperienze diverse\u00bb spiega Bortoluzzi. \u00abAbbiamo voluto mettere davanti a tutto l\u2019idea, che \u00e8 quella del territorio, il nostro territorio. L\u2019Alpago \u00e8 una terra magnifica, che ha enormi potenzialit\u00e0 e noi ci siamo messi a disposizione, convinti che lo sviluppo sia possibile, con un cambiamento e in discontinuit\u00e0 rispetto alle politiche degli ultimi anni. Nel nostro programma le priorit\u00e0 sono date alla manutenzione del territorio, che non pu\u00f2 essere secondaria. In questo senso, attenzione massima alle problematiche di natura idrogeologica. Vogliamo sviluppare le potenzialit\u00e0 turistiche del nostro territorio, possibili sia nella zona del lago sia in quella a monte. Sviluppo significa prima di tutto garantire vivibilit\u00e0 alle persone e a chi lavora, e poi creare le condizioni per la nascita di nuove imprese. Siamo qui per ascoltare le esigenze di tutti i cittadini, di quelli che abitano nei centri e nelle frazioni, che meritano la stessa identica attenzione e gli stessi servizi<\/em>\u00bb. \u201cCambiamento e sviluppo\u201d si presenta con: Dal Borgo Annalisa, Caneve Giuliana, Calvi Saverio, Fullin Michele, Paier Daniela, Peterle Fanny, Roffare&#8217; Lorenzo, Salvador Nicola Italo, Savi Giuseppe, Sitran Filippo, Zoppe&#8217; Angela, Zoppe&#8217; Gianluca<\/p>\n<p>&nbsp;<\/p>\n<p>&nbsp;<\/p>\n<hr \/>\n<p>&nbsp;<\/p>\n<blockquote>\n<h3>ASILO DI SALCE, TERMINATI I LAVORI<\/h3>\n<\/blockquote>\n<p><strong><a href=\"https:\/\/www.radiopiu.net\/wordpress\/giornale-radiopiu-04-settembre-2021-direttore-mirko-mezzacasa\/img-20210902-wa0010\/\" rel=\"attachment wp-att-230781\"><img loading=\"lazy\" decoding=\"async\" class=\"size-medium wp-image-230781 alignleft\" src=\"https:\/\/www.radiopiu.net\/wordpress\/wp-content\/uploads\/2021\/09\/IMG-20210902-WA0010-300x120.jpg\" alt=\"\" width=\"300\" height=\"120\" srcset=\"https:\/\/www.radiopiu.net\/wordpress\/wp-content\/uploads\/2021\/09\/IMG-20210902-WA0010-300x120.jpg 300w, https:\/\/www.radiopiu.net\/wordpress\/wp-content\/uploads\/2021\/09\/IMG-20210902-WA0010-768x308.jpg 768w, https:\/\/www.radiopiu.net\/wordpress\/wp-content\/uploads\/2021\/09\/IMG-20210902-WA0010.jpg 1024w\" sizes=\"auto, (max-width: 300px) 100vw, 300px\" \/><\/a>BELLUNO<\/strong> L&#8217;asilo parrocchiale di Salce \u00e8 ancora pi\u00f9 sicuro ora. Sono terminati da pochi giorni, infatti, i lavori per l\u2019adeguamento sismico che hanno comportato per la parrocchia di San Bartolomeo di Salce, diretta da don Paolo Cavallini, una spesa complessiva di 130 mila euro. Una bella somma, che vanter\u00e0 un contributo da parte della Regione e soprattutto le offerte e donazioni di molte persone che hanno sentito, quasi come proprio, l&#8217;intervento eseguito. L&#8217;asilo pu\u00f2 ospitare una trentina di bambini, che cominceranno il 6 e l&#8217;11 settembre, (chi si fosse trovato in ritardo pu\u00f2 ancora contattare la segreteria) che frequentano la sezione primavera e quella dell&#8217;infanzia. Il presidente del Comitato di Gestione della struttura, Luigino Fontana, sottolinea\u00a0<span style=\"font-family: Calibri,sans-serif;\">\u00abla mission della scuola, che \u00e8 educare i bimbi secondo i valori cristiani nonch\u00e9\u00a0<\/span>la professionalit\u00e0 del personale che vi opera<span style=\"font-family: Calibri,sans-serif;\">\u00bb<\/span><span style=\"font-family: Calibri,sans-serif;\">, che \u00e8 senza dubbio testimoniato dai numerosi genitori che, nel corso degli anni, hanno scelto di accompagnare i propri figli in quell&#8217;asilo. Non solo, i genitori stessi sono parte integr<\/span>ante del percorso di formazione.\u00a0<span style=\"font-family: Calibri,sans-serif;\">\u00abDurante l&#8217;emergenza sanitaria introdotta dall&#8217;epidemia Covid \u2013 raccontano i rappresentanti dei genitori -Sara De Bon e Monica Sommacal &#8211; abbiamo potuto testare con mano con quanta cura, determinazione e impegno siano state messe a punto tutte le prescrizioni anti contagio, tanto che si \u00e8 registrato un unico caso di quarantena, per lo pi\u00f9 circoscritta ad una sola classe e ad un elemento solo. Questo significa, a nostro modo di vedere, come il distanziamento, l&#8217;uso di mascherine e la frequente igienizzazione abbiano avuto una buona efficacia. Per quanto riguarda la formazione, che \u00e8 stata a porte chiuse (poich\u00e9 i genitori non potevano entrare all&#8217;interno della scuola), a noi genitori sono stati consegnati, ogni trimestre disegni e materiale eseguito, cos\u00ec abbiamo potuto in qualche modo partecipare al percorso intrapreso dai nostri bambini anche attraverso una piattaforma digitale in cui venivano caricate le informazioni e i materiali\u00bb.<\/span><\/p>\n<p>&nbsp;<\/p>\n<p>&nbsp;<\/p>\n<hr \/>\n<p>&nbsp;<\/p>\n<blockquote>\n<h3>LA TERZA EDIZIONE DI DOLOMITIKE<\/h3>\n<\/blockquote>\n<p><strong><a href=\"https:\/\/www.radiopiu.net\/wordpress\/giornale-radiopiu-04-settembre-2021-direttore-mirko-mezzacasa\/camper\/\" rel=\"attachment wp-att-230747\"><img loading=\"lazy\" decoding=\"async\" class=\"size-medium wp-image-230747 alignleft\" src=\"https:\/\/www.radiopiu.net\/wordpress\/wp-content\/uploads\/2021\/09\/Camper-300x225.jpg\" alt=\"\" width=\"300\" height=\"225\" srcset=\"https:\/\/www.radiopiu.net\/wordpress\/wp-content\/uploads\/2021\/09\/Camper-300x225.jpg 300w, https:\/\/www.radiopiu.net\/wordpress\/wp-content\/uploads\/2021\/09\/Camper-1024x768.jpg 1024w, https:\/\/www.radiopiu.net\/wordpress\/wp-content\/uploads\/2021\/09\/Camper-768x576.jpg 768w, https:\/\/www.radiopiu.net\/wordpress\/wp-content\/uploads\/2021\/09\/Camper-1536x1152.jpg 1536w, https:\/\/www.radiopiu.net\/wordpress\/wp-content\/uploads\/2021\/09\/Camper.jpg 2048w\" sizes=\"auto, (max-width: 300px) 100vw, 300px\" \/><\/a>BELLUNO <\/strong>Nella continua azione di prevenzione e contrasto della violenza contro le donne, anche quest\u2019anno personale della Questura di Belluno sar\u00e0 presente all\u2019iniziativa promossa dall\u2019Associazione \u201cDolomitike- La montagna delle donne\u201d e l\u2019Associazione \u201cUP \u2013 i sogni fuori dal cassetto\u201d nella pluralit\u00e0 delle iniziative promosse a favore del mondo femminile nelle sue molteplici sfaccettature, il tutto nella cornice delle Tre Cime di Lavaredo, simbolo delle Dolomiti Unesco. Il programma si articoler\u00e0 in una molteplicit\u00e0 di eventi che si svolgeranno nell\u2019arco di quattro weekend dal 3 al 26 settembre 2021, ognuno articolato su differenti tematiche. Il personale della Questura sar\u00e0 presente: Nella giornata del 4 settembre (sabato) presso il Rifugio Auronzo, in quanto vi sar\u00e0 l\u2019esposizione ai piedi delle Tre Cime di Lavaredo della maxi coperta creata con dei quadrati di maglia realizzati da numerose persone di ogni provenienza culturale, religiosa e politica; Nella mattinata del 5 (domenica) settembre, in occasione del Torneo di calcio Femminile, si terr\u00e0 l\u2019incontro dedicato alla sensibilizzazione delle problematiche giovanili legate all\u2019uso dei social e agli atti discriminatori ( bullismo e violenza di genere); Nelle giornate del 25 e 26 settembre 2021, negli eventi dedicati alla salute e prevenzione, per la divulgazione del materiale informativo sulla violenza di genere e con un punto d\u2019ascolto. Durante le giornate indicate la Questura di Belluno sar\u00e0 presente con personale specializzato ed un camper, il cui obiettivo sar\u00e0 quello di favorire l\u2019emersione del fenomeno della violenza di genere.<\/p>\n<p>&nbsp;<\/p>\n<p>&nbsp;<\/p>\n<hr \/>\n<p>&nbsp;<\/p>\n<blockquote>\n<h3>DOMENICA 12 SETTEMBRE LA MESSA ORGANIZZATA DA &#8220;GENITORI SEMPRE&#8221;<\/h3>\n<\/blockquote>\n<p><strong><a href=\"https:\/\/www.radiopiu.net\/wordpress\/la-redazione-vicina-al-dolore-della-famiglia-levis\/rosa-bianca\/\" rel=\"attachment wp-att-162759\"><img loading=\"lazy\" decoding=\"async\" class=\"size-medium wp-image-162759 alignleft\" src=\"https:\/\/www.radiopiu.net\/wordpress\/wp-content\/uploads\/2020\/09\/ROSA-BIANCA-300x200.jpg\" alt=\"\" width=\"300\" height=\"200\" srcset=\"https:\/\/www.radiopiu.net\/wordpress\/wp-content\/uploads\/2020\/09\/ROSA-BIANCA-300x200.jpg 300w, https:\/\/www.radiopiu.net\/wordpress\/wp-content\/uploads\/2020\/09\/ROSA-BIANCA-1024x683.jpg 1024w, https:\/\/www.radiopiu.net\/wordpress\/wp-content\/uploads\/2020\/09\/ROSA-BIANCA-768x512.jpg 768w, https:\/\/www.radiopiu.net\/wordpress\/wp-content\/uploads\/2020\/09\/ROSA-BIANCA-1536x1024.jpg 1536w, https:\/\/www.radiopiu.net\/wordpress\/wp-content\/uploads\/2020\/09\/ROSA-BIANCA-640x427.jpg 640w, https:\/\/www.radiopiu.net\/wordpress\/wp-content\/uploads\/2020\/09\/ROSA-BIANCA.jpg 1920w\" sizes=\"auto, (max-width: 300px) 100vw, 300px\" \/><\/a>di Gianni Santomaso<\/strong><\/p>\n<p><strong>AGORDO <\/strong>L\u2019Associazione \u00abGenitori Sempre\u00bb invita tutti i pap\u00e0 e le mamme che hanno perso un figlio prematuramente e la comunit\u00e0 agordina a unirsi nella messa a ricordo che verr\u00e0 celebrata domenica 12 settembre alle 18.30, nella chiesa arcidiaconale di Agordo.<br \/>\nPer informazioni sullo svolgimento dell&#8217;incontro religioso o per segnalare eventuali nomi e volti da ricordare nella messa, si possono contattare Silvano (3475913972) e Antonietta (3492830433). Il rito inizier\u00e0 con la proiezione delle foto dei ragazzi &#8220;andati avanti&#8221; e sar\u00e0 accompagnato dai canti del coro interparrocchiale del Poi. Al termine del rito religioso dal sagrato della chiesa verranno liberati dei palloncini bianchi ai quali \u00e8 affidato il compito di portare lass\u00f9 una breve dedica. Alla preghiera a cui chiamano annualmente tutta la comunit\u00e0, i &#8220;Genitori sempre&#8221; aggiungono spesso la promozione di percorsi di prevenzione degli incidenti stradali.<\/p>\n<audio class=\"wp-audio-shortcode\" id=\"audio-230695-2\" preload=\"none\" style=\"width: 100%;\" controls=\"controls\"><source type=\"audio\/mpeg\" src=\"https:\/\/www.radiopiu.net\/wordpress\/wp-content\/uploads\/2021\/09\/GENITORI-SEMPRE.mp3?_=2\" \/><a href=\"https:\/\/www.radiopiu.net\/wordpress\/wp-content\/uploads\/2021\/09\/GENITORI-SEMPRE.mp3\">https:\/\/www.radiopiu.net\/wordpress\/wp-content\/uploads\/2021\/09\/GENITORI-SEMPRE.mp3<\/a><\/audio>\n<p>&nbsp;<\/p>\n<hr \/>\n<p>&nbsp;<\/p>\n<blockquote>\n<h3>INAUGURATO IL NUOVO BIVACCO FANTON A FORCELLA MARMOLE<\/h3>\n<\/blockquote>\n<p><strong><a href=\"https:\/\/www.radiopiu.net\/wordpress\/giornale-radiopiu-04-settembre-2021-direttore-mirko-mezzacasa\/bivacco-fratelli-fanton-luglio-2021\/\" rel=\"attachment wp-att-230702\"><img loading=\"lazy\" decoding=\"async\" class=\"size-medium wp-image-230702 alignleft\" src=\"https:\/\/www.radiopiu.net\/wordpress\/wp-content\/uploads\/2021\/09\/bivacco-fratelli-fanton-luglio-2021-300x169.jpeg\" alt=\"\" width=\"300\" height=\"169\" srcset=\"https:\/\/www.radiopiu.net\/wordpress\/wp-content\/uploads\/2021\/09\/bivacco-fratelli-fanton-luglio-2021-300x169.jpeg 300w, https:\/\/www.radiopiu.net\/wordpress\/wp-content\/uploads\/2021\/09\/bivacco-fratelli-fanton-luglio-2021-1024x576.jpeg 1024w, https:\/\/www.radiopiu.net\/wordpress\/wp-content\/uploads\/2021\/09\/bivacco-fratelli-fanton-luglio-2021-768x432.jpeg 768w, https:\/\/www.radiopiu.net\/wordpress\/wp-content\/uploads\/2021\/09\/bivacco-fratelli-fanton-luglio-2021-1536x864.jpeg 1536w, https:\/\/www.radiopiu.net\/wordpress\/wp-content\/uploads\/2021\/09\/bivacco-fratelli-fanton-luglio-2021.jpeg 1600w\" sizes=\"auto, (max-width: 300px) 100vw, 300px\" \/><\/a>AURONZO <\/strong><span class=\"s1\">\u00c8 stato inaugurato sabato scorso, 28 agosto, a Forcella Marmarole (quota 2.667 metri), sulle Dolomiti bellunesi, il nuovo bivacco Fratelli Fanton. Una trentina di persone si \u00e8 incontrata a Forcella Marmarole, nonostante il meteo incerto. Il presidente della sezione Cai di Auronzo, Stefano Muzzi, alla presenza dei progettisti, di alcuni rappresentanti del Soccorso Alpino della Stazione di Auronzo e di altri escursionisti saliti per l&#8217;occasione, ha potuto cos\u00ec stappare la bottiglia che ha sancito l&#8217;apertura della nuova struttura.\u00a0<\/span><span class=\"s1\">\u00ab<em>Si tratta della realizzazione di un percorso nato nel 2015, un progetto, un sogno che sono diventati realt\u00e0\u00bb sottolinea Stefano Muzzi, presidente della sezione Cai di Auronzo. \u00abPrima il concorso di idee, nato dalla collaborazione tra il Cai di Auronzo e la Fondazione Architettura Belluno Dolomiti, concorso vinto \u00a0dallo Studio Associato Demogo di Treviso, ora la collocazione a Forcella Marmarole, in un ambiente incontaminato e di straordinaria selvaggia bellezza<\/em>\u00bb. <\/span><span class=\"s1\">Il bivacco ora \u00e8 aperto, anche se, a causa delle normative anti Covid, l&#8217;accesso \u00e8 da intendersi legato esclusivamente a motivi di emergenza. Per lo stesso motivo all&#8217;interno della struttura non sono state poste le coperte e i cuscini. \u00abInvitiamo tutti gli escursionisti che d&#8217;ora in avanti visiteranno la struttura a rispettare quanto realizzato lasciando il bivacco nelle stesse condizioni in cui l&#8217;hanno trovato, ben chiuso e al riparo dagli agenti atmosferici\u00bb dice ancora Muzzi. <a href=\"https:\/\/www.radiopiu.net\/wordpress\/giornale-radiopiu-04-settembre-2021-direttore-mirko-mezzacasa\/bivacco-fratelli-fanton-notturna-luglio-2021\/\" rel=\"attachment wp-att-230703\"><img loading=\"lazy\" decoding=\"async\" class=\"size-medium wp-image-230703 alignright\" src=\"https:\/\/www.radiopiu.net\/wordpress\/wp-content\/uploads\/2021\/09\/bivacco-fratelli-fanton-notturna-luglio-2021-224x300.jpeg\" alt=\"\" width=\"224\" height=\"300\" srcset=\"https:\/\/www.radiopiu.net\/wordpress\/wp-content\/uploads\/2021\/09\/bivacco-fratelli-fanton-notturna-luglio-2021-224x300.jpeg 224w, https:\/\/www.radiopiu.net\/wordpress\/wp-content\/uploads\/2021\/09\/bivacco-fratelli-fanton-notturna-luglio-2021-766x1024.jpeg 766w, https:\/\/www.radiopiu.net\/wordpress\/wp-content\/uploads\/2021\/09\/bivacco-fratelli-fanton-notturna-luglio-2021-768x1027.jpeg 768w, https:\/\/www.radiopiu.net\/wordpress\/wp-content\/uploads\/2021\/09\/bivacco-fratelli-fanton-notturna-luglio-2021-1149x1536.jpeg 1149w, https:\/\/www.radiopiu.net\/wordpress\/wp-content\/uploads\/2021\/09\/bivacco-fratelli-fanton-notturna-luglio-2021.jpeg 1197w\" sizes=\"auto, (max-width: 224px) 100vw, 224px\" \/><\/a><\/span><span class=\"s1\">L&#8217;inaugurazione \u00e8 stata preceduta, nella serata di venerd\u00ec 27 agosto, dalla presentazione del progetto. La serata, ospitata dal Kursaal di Auronzo, ha visto gli interventi del sindaco di Auronzo, Tatiana Pais Becher, del vicepresidente nazionale del Cai, Francesco Carrer, del presidente della Fondazione Architettura Belluno Dolomiti, Angelo Da Fr\u00e8, e della presidente dell\u2019Ordine degli architetti di Belluno Fabiola De Battista. L\u2019architetto Simone Gobbo, dello Studio Demogo, ha illustrato lo sviluppo e la realizzazione dell&#8217;opera mentre Massimo Casagrande, architetto e vicepresidente del Cai di Auronzo, ha illustrato il concorso e il processo di genesi. \u00ab<em>L\u2019aspetto del bivacco ideato dallo Studio Demogo \u00e8 quello di un volume sbozzato adagiato sul crinale, un\u2019architettura che si caratterizza fortemente per un profilo inclinato in grado di adattarsi all\u2019orografia della Forcella Marmarole<\/em>\u00bb spiega Casagrande. \u00ab<em>L\u2019edificio ha una forte valenza anche nella spazialit\u00e0 interna, interamente organizzata in modo ascensionale lungo il pendio, formando in questo modo un elegante balcone puntato verso Auronzo. L\u2019opera ha affrontato sfide tecnologiche complesse e si propone come un progetto teso a esplorare la ricerca sui materiali in alta quota. Vuole essere, insomma, un tentativo di ripensare l\u2019ospitalit\u00e0 in montagna<\/em>\u00bb.\u00a0<\/span><\/p>\n<p>&nbsp;<\/p>\n<p>&nbsp;<\/p>\n<hr \/>\n<p>&nbsp;<\/p>\n<blockquote>\n<h3>LA GRANDE PEDALATA DELLA VAL BELLUNA<\/h3>\n<\/blockquote>\n<p><strong><a href=\"https:\/\/www.radiopiu.net\/wordpress\/giornale-radiopiu-04-settembre-2021-direttore-mirko-mezzacasa\/gpvb_2\/\" rel=\"attachment wp-att-230722\"><img loading=\"lazy\" decoding=\"async\" class=\"size-medium wp-image-230722 alignleft\" src=\"https:\/\/www.radiopiu.net\/wordpress\/wp-content\/uploads\/2021\/09\/GPVB_2-300x199.jpg\" alt=\"\" width=\"300\" height=\"199\" srcset=\"https:\/\/www.radiopiu.net\/wordpress\/wp-content\/uploads\/2021\/09\/GPVB_2-300x199.jpg 300w, https:\/\/www.radiopiu.net\/wordpress\/wp-content\/uploads\/2021\/09\/GPVB_2-1024x680.jpg 1024w, https:\/\/www.radiopiu.net\/wordpress\/wp-content\/uploads\/2021\/09\/GPVB_2-768x510.jpg 768w, https:\/\/www.radiopiu.net\/wordpress\/wp-content\/uploads\/2021\/09\/GPVB_2-1536x1020.jpg 1536w, https:\/\/www.radiopiu.net\/wordpress\/wp-content\/uploads\/2021\/09\/GPVB_2-2048x1360.jpg 2048w\" sizes=\"auto, (max-width: 300px) 100vw, 300px\" \/><\/a>BELLUNO<\/strong> FIAB \u2013 Federazione Italiana Ambiente e Bicicletta \u2013 di Belluno e Feltre festeggiano anche quest\u2019anno la Settimana Europea della Mobilita\u0300 con \u201cLa Grande Pedalata della Val Belluna\u201d. &#8220;<em>Siamo ormai alla 4^ edizione di questa variopinta pedalata lungo il percorso cicloturistico di circa 80 km che unisce Belluno e Feltre sia in destra che sinistra Piave &#8211; dice il presidente Pierluigi Tresisan &#8211; E\u0300 un percorso attraente per tutti e per tutte le eta\u0300, su ciclabili e stradine di campagna, in un paesaggio di rara bellezza ai piedi del Parco Nazionale delle Dolomiti Bellunesi<\/em>&#8220;. La Grande Pedalata della Val Belluna ha lo scopo di mantenere sempre vivo l\u2019interesse affinche\u0300 il percorso ciclabile Belluno \u2013 Feltre venga completato, non solo per il cicloturismo, ma anche per andare in bicicletta al lavoro, a scuola, a fare spese, a trovare gli amici. Sono in corso i lavori per l\u2019elettrificazione della tratta ferroviaria Montebelluna \u2013 Feltre \u2013 Belluno. Quando sara\u0300 completata l\u2019intermodalita\u0300 treno + bicicletta puo\u0300 diventare una valida alternativa all\u2019automobile, cioe\u0300 una modalita\u0300 sostenibile e salutare per i nostri spostamenti quotidiani. Questo il programma di domenica 12 settembre: 8:30 \u2013 Ritrovo in Piazza dei Martiri di Belluno e saluto del Sindaco di Belluno, 9:00 &#8211; Partenza della Grande Pedalata della Val Belluna edizione 2021, 11:00 &#8211; Arrivo a Santa Giustina \u2013 saluto del Sindaco di Santa Giustina, 12:30 &#8211; Arrivo a Feltre in Pra del Moro &#8211; saluto del Sindaco di Feltre, 13:30 \u2013 14:30 pausa pranzo, 16:00 &#8211; Arrivo in piazza a Mel \u2013 Saluto del Sindaco di Borgo Valbelluna, 18:00 &#8211; Arrivo a Belluno in Piazza dei Martiri e conclusione della manifestazione.<\/p>\n<p>&nbsp;<\/p>\n<p>&nbsp;<\/p>\n<hr \/>\n<p>&nbsp;<\/p>\n<blockquote>\n<h3>UN SUCCESSO PER IL PRIMO CONCERTO IN VALLE DI GARES<\/h3>\n<\/blockquote>\n<p><strong>CANALE D&#8217;AGORDO <\/strong>Si \u00e8 svolto domenica 29 agosto il 1\u00b0 concerto in assoluto in Valle di Gares a Canale d&#8217;Agordo, con i Pink Size, tribute band dei Pink Floyd. L&#8217;evento, organizzato dall&#8217;Associazione Pro Loco Canale d&#8217;Agordo, era previsto domenica 22, quando- causa maltempo- \u00e8 stato rinviato nel primo pomeriggio della domenica successiva. Un grande impegno da parte dell&#8217;organizzazione la quale, diretta da Vigilio Costa, era determinata a realizzare il concerto gi\u00e0 nel 2020 ma che, a causa della pandemia, \u00e8 stata costretta a rimandare. La giovane band di Vittorio Veneto ha intrattenuto il pubblico per ben due ore, dando prova di grande talento ed impegno. Gli spettatori, all&#8217;incirca 300, rigorosamente muniti di green pass, si sono dimostrati molto rispettosi delle norme previste per il contenimento del Covid-19. Visto il successo della prima edizione, dovuto anche alla location spettacolare offerta dalla Valle di Gares con alle spalle le Pale di San Martino e le maestose cascate delle Comelle, l&#8217;intenzione \u00e8 quella di riproporre l&#8217;evento anche il prossimo anno, Tanta soddisfazione e interesse, dunque, ed un grazie speciale a tutti gli sponsor e ai volontari delle associazioni locali che hanno permesso la realizzazione di questa bellissima iniziativa.<\/p>\n<p><strong>\u200bLE FOTO<\/strong><\/p>\n\n\t\t\t<style type='text\/css'>\n\t\t\t\t#gallery-6 {\n\t\t\t\t\tmargin: auto;\n\t\t\t\t}\n\t\t\t\t#gallery-6 .gallery-item {\n\t\t\t\t\tfloat: left;\n\t\t\t\t\tmargin-top: 10px;\n\t\t\t\t\ttext-align: center;\n\t\t\t\t\twidth: 25%;\n\t\t\t\t}\n\t\t\t\t#gallery-6 img {\n\t\t\t\t\tborder: 2px solid #cfcfcf;\n\t\t\t\t}\n\t\t\t\t#gallery-6 .gallery-caption {\n\t\t\t\t\tmargin-left: 0;\n\t\t\t\t}\n\t\t\t\t\/* see gallery_shortcode() in wp-includes\/media.php *\/\n\t\t\t<\/style>\n\t\t<div id='gallery-6' class='dt-gallery-container gallery galleryid-230695 gallery-columns-4 gallery-size-medium'><dl class='gallery-item'>\n\t\t\t\t<dt class='gallery-icon landscape'>\n\t\t\t\t\t<a class=\"rollover rollover-zoom dt-pswp-item\" title=\"13\" data-dt-img-description=\"\" data-large_image_width=\"1024\" data-large_image_height=\"768\"href='https:\/\/www.radiopiu.net\/wordpress\/wp-content\/uploads\/2021\/09\/13.jpg'><img loading=\"lazy\" decoding=\"async\" width=\"300\" height=\"225\" src=\"https:\/\/www.radiopiu.net\/wordpress\/wp-content\/uploads\/2021\/09\/13-300x225.jpg\" class=\"attachment-medium size-medium\" alt=\"\" srcset=\"https:\/\/www.radiopiu.net\/wordpress\/wp-content\/uploads\/2021\/09\/13-300x225.jpg 300w, https:\/\/www.radiopiu.net\/wordpress\/wp-content\/uploads\/2021\/09\/13-768x576.jpg 768w, https:\/\/www.radiopiu.net\/wordpress\/wp-content\/uploads\/2021\/09\/13.jpg 1024w\" sizes=\"auto, (max-width: 300px) 100vw, 300px\" \/><\/a>\n\t\t\t\t<\/dt><\/dl><dl class='gallery-item'>\n\t\t\t\t<dt class='gallery-icon landscape'>\n\t\t\t\t\t<a class=\"rollover rollover-zoom dt-pswp-item\" title=\"15\" data-dt-img-description=\"\" data-large_image_width=\"1024\" data-large_image_height=\"616\"href='https:\/\/www.radiopiu.net\/wordpress\/wp-content\/uploads\/2021\/09\/15.jpg'><img loading=\"lazy\" decoding=\"async\" width=\"300\" height=\"180\" src=\"https:\/\/www.radiopiu.net\/wordpress\/wp-content\/uploads\/2021\/09\/15-300x180.jpg\" class=\"attachment-medium size-medium\" alt=\"\" srcset=\"https:\/\/www.radiopiu.net\/wordpress\/wp-content\/uploads\/2021\/09\/15-300x180.jpg 300w, https:\/\/www.radiopiu.net\/wordpress\/wp-content\/uploads\/2021\/09\/15-768x462.jpg 768w, https:\/\/www.radiopiu.net\/wordpress\/wp-content\/uploads\/2021\/09\/15.jpg 1024w\" sizes=\"auto, (max-width: 300px) 100vw, 300px\" \/><\/a>\n\t\t\t\t<\/dt><\/dl><dl class='gallery-item'>\n\t\t\t\t<dt class='gallery-icon landscape'>\n\t\t\t\t\t<a class=\"rollover rollover-zoom dt-pswp-item\" title=\"16\" data-dt-img-description=\"\" data-large_image_width=\"1024\" data-large_image_height=\"768\"href='https:\/\/www.radiopiu.net\/wordpress\/wp-content\/uploads\/2021\/09\/16.jpg'><img loading=\"lazy\" decoding=\"async\" width=\"300\" height=\"225\" src=\"https:\/\/www.radiopiu.net\/wordpress\/wp-content\/uploads\/2021\/09\/16-300x225.jpg\" class=\"attachment-medium size-medium\" alt=\"\" srcset=\"https:\/\/www.radiopiu.net\/wordpress\/wp-content\/uploads\/2021\/09\/16-300x225.jpg 300w, https:\/\/www.radiopiu.net\/wordpress\/wp-content\/uploads\/2021\/09\/16-768x576.jpg 768w, https:\/\/www.radiopiu.net\/wordpress\/wp-content\/uploads\/2021\/09\/16.jpg 1024w\" sizes=\"auto, (max-width: 300px) 100vw, 300px\" \/><\/a>\n\t\t\t\t<\/dt><\/dl><dl class='gallery-item'>\n\t\t\t\t<dt class='gallery-icon landscape'>\n\t\t\t\t\t<a class=\"rollover rollover-zoom dt-pswp-item\" title=\"23\" data-dt-img-description=\"\" data-large_image_width=\"1024\" data-large_image_height=\"499\"href='https:\/\/www.radiopiu.net\/wordpress\/wp-content\/uploads\/2021\/09\/23.jpg'><img loading=\"lazy\" decoding=\"async\" width=\"300\" height=\"146\" src=\"https:\/\/www.radiopiu.net\/wordpress\/wp-content\/uploads\/2021\/09\/23-300x146.jpg\" class=\"attachment-medium size-medium\" alt=\"\" srcset=\"https:\/\/www.radiopiu.net\/wordpress\/wp-content\/uploads\/2021\/09\/23-300x146.jpg 300w, https:\/\/www.radiopiu.net\/wordpress\/wp-content\/uploads\/2021\/09\/23-768x374.jpg 768w, https:\/\/www.radiopiu.net\/wordpress\/wp-content\/uploads\/2021\/09\/23.jpg 1024w\" sizes=\"auto, (max-width: 300px) 100vw, 300px\" \/><\/a>\n\t\t\t\t<\/dt><\/dl><br style=\"clear: both\" \/>\n\t\t\t<\/div>\n\n<p>&nbsp;<\/p>\n<p><strong>IL VIDEO<\/strong><\/p>\n<div style=\"width: 1200px;\" class=\"wp-video\"><video class=\"wp-video-shortcode\" id=\"video-230695-2\" width=\"1200\" height=\"675\" preload=\"metadata\" controls=\"controls\"><source type=\"video\/mp4\" src=\"https:\/\/www.radiopiu.net\/wordpress\/wp-content\/uploads\/2021\/09\/CONCERTO-GARES-2021.mp4?_=2\" \/><a href=\"https:\/\/www.radiopiu.net\/wordpress\/wp-content\/uploads\/2021\/09\/CONCERTO-GARES-2021.mp4\">https:\/\/www.radiopiu.net\/wordpress\/wp-content\/uploads\/2021\/09\/CONCERTO-GARES-2021.mp4<\/a><\/video><\/div>\n<p>&nbsp;<\/p>\n<hr \/>\n<p>&nbsp;<\/p>\n<blockquote>\n<h3>ALBERTO STEFANI IN PROVINCIA<\/h3>\n<\/blockquote>\n<p><strong>BELLUNO <\/strong>Lega Belluno riprende gli incontri sul territorio: sabato e domenica il tour in provincia con il commissario regionale Alberto Stefani. L&#8217;onorevole arriver\u00e0 a Belluno domani, sar\u00e0 presente ai gazebi allestiti in piazza per la raccolta firme del referendum sulla giustizia e parteciper\u00e0 al momento conviviale organizzato alla pizzeria La Rossa. Domenica, poi, il saluto al Lago di Santa Croce, in Alpago. \u201c<em>E&#8217; un momento importante per il nostro partito \u2013 spiega il referente provinciale Franco Gidoni -, perch\u00e8 riprendiamo gradualmente gli incontri sul territorio con i militanti e i sostenitori al termine di un periodo difficile per tutti e che ci ha visti impegnati su tanti fronti<\/em>\u201d.<\/p>\n<p>&nbsp;<\/p>\n<p>&nbsp;<\/p>\n<hr \/>\n<p>&nbsp;<\/p>\n<blockquote>\n<h3>PER IL TRENO DA LONGARONE A PERAROLO BEN 29 GALLERIE IN QUINDICI CHILOMETRI<\/h3>\n<\/blockquote>\n<p><strong>di Renato Bona<\/strong><\/p>\n<p>Se l\u20198 agosto 1912 era stata inaugurata la tratta Belluno-Longarone, il 6 giugno 1913, era di venerd\u00ec, tocc\u00f2 alla Longarone-Perarolo, sempre nell\u2019ambito delle pressanti richieste delle genti cadorine (e non solo) per un treno che arrivasse a garantire il servizio passeggeri e merci per tutto il Cadore, con proiezioni, in prospettiva, verso Cortina, Dobbiaco e oltre frontiera. E\u2019 scritto nel libro di Marcello Rosina, impreziosito dalle splendide immagini della raccolta di Benito Pagnussat, \u201cBelluno. La crisi dei vagoni\u201d edito da Tiziano Edizioni di Pieve di Cadore nell\u2019agosto del 1998. L\u2019autore apre con un panegirico: \u201cLa bella e pittoresca linea ferroviaria risale la parte pi\u00f9 aspra e chiusa dell\u2019orrida e meravigliosa vallata del Piave ed \u00e8 in gran parte sviluppata per la configurazione della vallata stessa. La linea \u00e8 quasi sempre in ascesa, \u00e8 bellissima, ricca di opere d\u2019arte, arrampicata a monte della Nazionale, per vari tratti ripidissima e in qualche punto a picco. Su soli15 chilometri di percorso furono necessarie ben 29 gallerie, quasi tutte brevi\u201d. Segue l\u2019illustrazione del \u201cProgetto della ferrata Belluno-Perarolo\u201d in base a quanto scritto dall\u2019ing. L. Tatti in alcuni numeri della Rivista cadorina del 1874. Dopo un riferimento al primo tratto della Belluno-Cadore, quello che giunge a Longarone, si spiega che il secondo, appunto da Longarone a Perarolo \u201cpercorre un canale assai ristretto fra pendici rocciose e nella massima parte assai ripide, intersecate da piccoli torrentelli e da molte frane a sostenere le quali ed a difenderne la bella strada nazionale di Alemagna, fu d\u2019uopo ricorrere a generosi scarichi e muri di controripa. Tali opere unite alle frequenti e robuste difese all\u2019unghia contro la corrosione del fiume, resero la manutenzione della strada stessa fra le pi\u00f9 dispendiose del Regno\u201d. Si ricorda quindi che proprio in considerazione delle condizioni topografiche della vallata, il progetto per giungere in Cadore dal capoluogo fu diviso in due sezioni: la prima della lunghezza di km. 17,687 e la seconda da km. 15,105 e cos\u00ec in tutto km. 32,792 mentre \u201cla strada nazionale misura a quella vece km- 35,20 circa\u201d. Il tratto in questione &#8211; e qui si chiama in causa il Piave &#8211; \u201c\u00e8 imbrigliato da serre stabili o provvisorie che lo dividono in una quantit\u00e0 di piccoli gradini per servizi delle molte seghe di legname che sorgono frequentissime lungo il suo corso sicch\u00e9 pu\u00f2 dirsi che le sue acque ordinarie, sia per le forze motrici, sia per la fluitazione dei legnami, siano mirabilmente usufruite per quanto fu possibile all\u2019ingegno e all\u2019industria, e3 cui la ferrovia deve rispettare e sussidiare nello sviluppo\u201d. Quanto alle opere d\u2019arte progettate l\u2019ing. Tatti le sintetizzava nelle gallerie, nelle difese della strada a valle e a monte, nei ponti attraverso i monti, rivi e torrenti che scendendo dalle vallate minori si gettano nel Piave, e nei fabbricati delle stazioni e da guardiano. Emerge che \u201cil manufatto pi\u00f9 importante di tutta la linea \u00e8 il viadotto pel passaggio della vallata in cui scorre il torrente Ardo appena fuori della stazione di Belluno (9 travate di ferro della luce netta di metri 17 a metri 18,05 collocate all\u2019altezza di metri 15,30 sul piano della strada nazionale)\u201d. Verso la fine il professionista spiegava che delle quattro stazioni proposte: Polpet, Longarone, Ospitale di Cadore e Perarolo molto importante \u00e8 quella di Longarone; \u201cdovendo servire principalmente un grande commercio di legname d\u2019opera, essa venne calcolata poco superiormente al borgo sulle recenti alluvioni del fiume nella insenatura esistente fra le punte di Longarone e Castello\u201d. Ancora: \u201cLa terza stazione trovasi ad Ospitale. Anch\u2019essa \u00e8 ricavata nei greti del fiume tra le molte seghe di quel Comune e la strada nazionale ed \u00e8 destinata a servire non tanto la poca popolazione locale quanto il commercio dei legnami\u201d. E siamo \u201cfinalmente alla stazione di Perarolo a capo di linea. Il suo collocamento fu tra i problemi pi\u00f9 difficili di questo studio. Il poco piano che presenta la localit\u00e0 \u00e8 occupato da fitti fabbricarti d\u2019abitazione e da molti ed importantissimi stabilimenti di seghe cogli annessi depositi di legname e spazi necessari per la formazione delle zattere, Si aggiunge la vista dell\u2019eventuale futuro prolungamento al passo dell\u2019Alpe\u201d. Il progettista a questo punto si dice convinto di aver rimosso gli ostacoli della natura e delle circostanze locali \u201ctracciando la stazione stessa a valle del borgo collo acquistare lo spazio necessario in parte rettificando la sponda del fiume mediante un muraglione di difesa che si attacca all\u2019esistente sperone artificiale inferiormente agli edifici attuali abbastanza robusti, e in parte spostando la strada nazionale di qualche poco nel monte e facendola servire ad un tempo di piazzale esterno\u201d. Altri elementi: \u201cSi \u00e8 ottenuta un\u2019area della larghezza di ,etri 622 e della lunghezza di metri 50 nella quale si \u00e8 cercato di distribuire colla massima comodit\u00e0 di servizio 5 linee di binari, due cio\u00e8 principali per i convogli ordinari d\u2019andata e ritorno, due per il carico e lo scarico delle merci ed uno per deposito dei vagoni nuovi. Oltre al fabbricato pei passeggeri e quello per magazzino meri con un grande piano caricatore scoperto venne ideato in essa come stazione estrema un rifornitore, una rimessa per vagoni, una simile per macchine con annessa piccola officina di riparazione, un magazzino del carbone e finalmente una grande piattaforma per girare le locomotive col relativo tender. Nella planimetria generale \u00e8 pure tracciata la linea di eventuale prolungamento per la vallata superiore\u201d. Ed ecco la conclusione del professionista: \u201cOltre dette stazioni sono distribuiti lungo la linea trenta caselli da guardiano e quattro da segnalamento con rispettivi piccoli piazzali. Stazioni e caselli poi sono progettati e valutati con la massima economia in base ai tipi ammessi al primo progetto Treviso-Belluno. E qui finisce il mio compito essenzialmente tecnico\u201d. Il pregevole lavoro di Marcello Rosina per quanto riguarda questa linea ferroviaria si conclude con la descrizione dei tratti da Longarone a Castellavazzo, da Castello a Ospitale e da Ospitale a Perarolo.<\/p>\n\n\t\t\t<style type='text\/css'>\n\t\t\t\t#gallery-7 {\n\t\t\t\t\tmargin: auto;\n\t\t\t\t}\n\t\t\t\t#gallery-7 .gallery-item {\n\t\t\t\t\tfloat: left;\n\t\t\t\t\tmargin-top: 10px;\n\t\t\t\t\ttext-align: center;\n\t\t\t\t\twidth: 20%;\n\t\t\t\t}\n\t\t\t\t#gallery-7 img {\n\t\t\t\t\tborder: 2px solid #cfcfcf;\n\t\t\t\t}\n\t\t\t\t#gallery-7 .gallery-caption {\n\t\t\t\t\tmargin-left: 0;\n\t\t\t\t}\n\t\t\t\t\/* see gallery_shortcode() in wp-includes\/media.php *\/\n\t\t\t<\/style>\n\t\t<div id='gallery-7' class='dt-gallery-container gallery galleryid-230695 gallery-columns-5 gallery-size-thumbnail'><dl class='gallery-item'>\n\t\t\t\t<dt class='gallery-icon portrait'>\n\t\t\t\t\t<a class=\"rollover rollover-zoom dt-pswp-item\" title=\"241128238_536182544106530_7537485402780095491_n\" data-dt-img-description=\"\" data-large_image_width=\"308\" data-large_image_height=\"480\"href='https:\/\/www.radiopiu.net\/wordpress\/wp-content\/uploads\/2021\/09\/241128238_536182544106530_7537485402780095491_n.jpg'><img loading=\"lazy\" decoding=\"async\" width=\"150\" height=\"150\" src=\"https:\/\/www.radiopiu.net\/wordpress\/wp-content\/uploads\/2021\/09\/241128238_536182544106530_7537485402780095491_n-150x150.jpg\" class=\"attachment-thumbnail size-thumbnail\" alt=\"\" \/><\/a>\n\t\t\t\t<\/dt><\/dl><dl class='gallery-item'>\n\t\t\t\t<dt class='gallery-icon landscape'>\n\t\t\t\t\t<a class=\"rollover rollover-zoom dt-pswp-item\" title=\"241240487_186697716889644_2508830993881803748_n\" data-dt-img-description=\"\" data-large_image_width=\"708\" data-large_image_height=\"403\"href='https:\/\/www.radiopiu.net\/wordpress\/wp-content\/uploads\/2021\/09\/241240487_186697716889644_2508830993881803748_n.jpg'><img loading=\"lazy\" decoding=\"async\" width=\"150\" height=\"150\" src=\"https:\/\/www.radiopiu.net\/wordpress\/wp-content\/uploads\/2021\/09\/241240487_186697716889644_2508830993881803748_n-150x150.jpg\" class=\"attachment-thumbnail size-thumbnail\" alt=\"\" \/><\/a>\n\t\t\t\t<\/dt><\/dl><dl class='gallery-item'>\n\t\t\t\t<dt class='gallery-icon landscape'>\n\t\t\t\t\t<a class=\"rollover rollover-zoom dt-pswp-item\" title=\"241124946_647288696233292_5216479083761259065_n\" data-dt-img-description=\"\" data-large_image_width=\"657\" data-large_image_height=\"403\"href='https:\/\/www.radiopiu.net\/wordpress\/wp-content\/uploads\/2021\/09\/241124946_647288696233292_5216479083761259065_n.jpg'><img loading=\"lazy\" decoding=\"async\" width=\"150\" height=\"150\" src=\"https:\/\/www.radiopiu.net\/wordpress\/wp-content\/uploads\/2021\/09\/241124946_647288696233292_5216479083761259065_n-150x150.jpg\" class=\"attachment-thumbnail size-thumbnail\" alt=\"\" \/><\/a>\n\t\t\t\t<\/dt><\/dl><dl class='gallery-item'>\n\t\t\t\t<dt class='gallery-icon portrait'>\n\t\t\t\t\t<a class=\"rollover rollover-zoom dt-pswp-item\" title=\"241186702_250951406903413_3842153903123188863_n\" data-dt-img-description=\"\" data-large_image_width=\"320\" data-large_image_height=\"521\"href='https:\/\/www.radiopiu.net\/wordpress\/wp-content\/uploads\/2021\/09\/241186702_250951406903413_3842153903123188863_n.jpg'><img loading=\"lazy\" decoding=\"async\" width=\"150\" height=\"150\" src=\"https:\/\/www.radiopiu.net\/wordpress\/wp-content\/uploads\/2021\/09\/241186702_250951406903413_3842153903123188863_n-150x150.jpg\" class=\"attachment-thumbnail size-thumbnail\" alt=\"\" \/><\/a>\n\t\t\t\t<\/dt><\/dl><dl class='gallery-item'>\n\t\t\t\t<dt class='gallery-icon portrait'>\n\t\t\t\t\t<a class=\"rollover rollover-zoom dt-pswp-item\" title=\"241289734_3633511366873924_914973621565571931_n\" data-dt-img-description=\"\" data-large_image_width=\"301\" data-large_image_height=\"480\"href='https:\/\/www.radiopiu.net\/wordpress\/wp-content\/uploads\/2021\/09\/241289734_3633511366873924_914973621565571931_n.jpg'><img loading=\"lazy\" decoding=\"async\" width=\"150\" height=\"150\" src=\"https:\/\/www.radiopiu.net\/wordpress\/wp-content\/uploads\/2021\/09\/241289734_3633511366873924_914973621565571931_n-150x150.jpg\" class=\"attachment-thumbnail size-thumbnail\" alt=\"\" \/><\/a>\n\t\t\t\t<\/dt><\/dl><br style=\"clear: both\" \/><dl class='gallery-item'>\n\t\t\t\t<dt class='gallery-icon portrait'>\n\t\t\t\t\t<a class=\"rollover rollover-zoom dt-pswp-item\" title=\"241081749_4354753791287865_5328870685704904921_n\" data-dt-img-description=\"\" data-large_image_width=\"303\" data-large_image_height=\"480\"href='https:\/\/www.radiopiu.net\/wordpress\/wp-content\/uploads\/2021\/09\/241081749_4354753791287865_5328870685704904921_n.jpg'><img loading=\"lazy\" decoding=\"async\" width=\"150\" height=\"150\" src=\"https:\/\/www.radiopiu.net\/wordpress\/wp-content\/uploads\/2021\/09\/241081749_4354753791287865_5328870685704904921_n-150x150.jpg\" class=\"attachment-thumbnail size-thumbnail\" alt=\"\" \/><\/a>\n\t\t\t\t<\/dt><\/dl><dl class='gallery-item'>\n\t\t\t\t<dt class='gallery-icon landscape'>\n\t\t\t\t\t<a class=\"rollover rollover-zoom dt-pswp-item\" title=\"241287871_913089069415188_721872781469479120_n\" data-dt-img-description=\"\" data-large_image_width=\"651\" data-large_image_height=\"403\"href='https:\/\/www.radiopiu.net\/wordpress\/wp-content\/uploads\/2021\/09\/241287871_913089069415188_721872781469479120_n.jpg'><img loading=\"lazy\" decoding=\"async\" width=\"150\" height=\"150\" src=\"https:\/\/www.radiopiu.net\/wordpress\/wp-content\/uploads\/2021\/09\/241287871_913089069415188_721872781469479120_n-150x150.jpg\" class=\"attachment-thumbnail size-thumbnail\" alt=\"\" \/><\/a>\n\t\t\t\t<\/dt><\/dl><dl class='gallery-item'>\n\t\t\t\t<dt class='gallery-icon landscape'>\n\t\t\t\t\t<a class=\"rollover rollover-zoom dt-pswp-item\" title=\"241036636_443865136868118_263994674656880583_n\" data-dt-img-description=\"\" data-large_image_width=\"650\" data-large_image_height=\"403\"href='https:\/\/www.radiopiu.net\/wordpress\/wp-content\/uploads\/2021\/09\/241036636_443865136868118_263994674656880583_n.jpg'><img loading=\"lazy\" decoding=\"async\" width=\"150\" height=\"150\" src=\"https:\/\/www.radiopiu.net\/wordpress\/wp-content\/uploads\/2021\/09\/241036636_443865136868118_263994674656880583_n-150x150.jpg\" class=\"attachment-thumbnail size-thumbnail\" alt=\"\" \/><\/a>\n\t\t\t\t<\/dt><\/dl><dl class='gallery-item'>\n\t\t\t\t<dt class='gallery-icon landscape'>\n\t\t\t\t\t<a class=\"rollover rollover-zoom dt-pswp-item\" title=\"241198569_525894481822001_4388847197044019036_n\" data-dt-img-description=\"\" data-large_image_width=\"641\" data-large_image_height=\"403\"href='https:\/\/www.radiopiu.net\/wordpress\/wp-content\/uploads\/2021\/09\/241198569_525894481822001_4388847197044019036_n.jpg'><img loading=\"lazy\" decoding=\"async\" width=\"150\" height=\"150\" src=\"https:\/\/www.radiopiu.net\/wordpress\/wp-content\/uploads\/2021\/09\/241198569_525894481822001_4388847197044019036_n-150x150.jpg\" class=\"attachment-thumbnail size-thumbnail\" alt=\"\" \/><\/a>\n\t\t\t\t<\/dt><\/dl><dl class='gallery-item'>\n\t\t\t\t<dt class='gallery-icon landscape'>\n\t\t\t\t\t<a class=\"rollover rollover-zoom dt-pswp-item\" title=\"241117615_1192911627855953_2270103961910431414_n\" data-dt-img-description=\"\" data-large_image_width=\"626\" data-large_image_height=\"403\"href='https:\/\/www.radiopiu.net\/wordpress\/wp-content\/uploads\/2021\/09\/241117615_1192911627855953_2270103961910431414_n.jpg'><img loading=\"lazy\" decoding=\"async\" width=\"150\" height=\"150\" src=\"https:\/\/www.radiopiu.net\/wordpress\/wp-content\/uploads\/2021\/09\/241117615_1192911627855953_2270103961910431414_n-150x150.jpg\" class=\"attachment-thumbnail size-thumbnail\" alt=\"\" \/><\/a>\n\t\t\t\t<\/dt><\/dl><br style=\"clear: both\" \/><dl class='gallery-item'>\n\t\t\t\t<dt class='gallery-icon landscape'>\n\t\t\t\t\t<a class=\"rollover rollover-zoom dt-pswp-item\" title=\"241214828_573730540649594_6949210164937681519_n\" data-dt-img-description=\"\" data-large_image_width=\"618\" data-large_image_height=\"403\"href='https:\/\/www.radiopiu.net\/wordpress\/wp-content\/uploads\/2021\/09\/241214828_573730540649594_6949210164937681519_n.jpg'><img loading=\"lazy\" decoding=\"async\" width=\"150\" height=\"150\" src=\"https:\/\/www.radiopiu.net\/wordpress\/wp-content\/uploads\/2021\/09\/241214828_573730540649594_6949210164937681519_n-150x150.jpg\" class=\"attachment-thumbnail size-thumbnail\" alt=\"\" \/><\/a>\n\t\t\t\t<\/dt><\/dl><dl class='gallery-item'>\n\t\t\t\t<dt class='gallery-icon landscape'>\n\t\t\t\t\t<a class=\"rollover rollover-zoom dt-pswp-item\" title=\"241344506_3037391343210125_6889786877853310866_n\" data-dt-img-description=\"\" data-large_image_width=\"600\" data-large_image_height=\"401\"href='https:\/\/www.radiopiu.net\/wordpress\/wp-content\/uploads\/2021\/09\/241344506_3037391343210125_6889786877853310866_n.jpg'><img loading=\"lazy\" decoding=\"async\" width=\"150\" height=\"150\" src=\"https:\/\/www.radiopiu.net\/wordpress\/wp-content\/uploads\/2021\/09\/241344506_3037391343210125_6889786877853310866_n-150x150.jpg\" class=\"attachment-thumbnail size-thumbnail\" alt=\"\" \/><\/a>\n\t\t\t\t<\/dt><\/dl><dl class='gallery-item'>\n\t\t\t\t<dt class='gallery-icon landscape'>\n\t\t\t\t\t<a class=\"rollover rollover-zoom dt-pswp-item\" title=\"241084522_345941010563279_8126112239186371191_n\" data-dt-img-description=\"\" data-large_image_width=\"639\" data-large_image_height=\"403\"href='https:\/\/www.radiopiu.net\/wordpress\/wp-content\/uploads\/2021\/09\/241084522_345941010563279_8126112239186371191_n.jpg'><img loading=\"lazy\" decoding=\"async\" width=\"150\" height=\"150\" src=\"https:\/\/www.radiopiu.net\/wordpress\/wp-content\/uploads\/2021\/09\/241084522_345941010563279_8126112239186371191_n-150x150.jpg\" class=\"attachment-thumbnail size-thumbnail\" alt=\"\" \/><\/a>\n\t\t\t\t<\/dt><\/dl><dl class='gallery-item'>\n\t\t\t\t<dt class='gallery-icon landscape'>\n\t\t\t\t\t<a class=\"rollover rollover-zoom dt-pswp-item\" title=\"241089598_1223042174880171_8336574239855520302_n\" data-dt-img-description=\"\" data-large_image_width=\"691\" data-large_image_height=\"403\"href='https:\/\/www.radiopiu.net\/wordpress\/wp-content\/uploads\/2021\/09\/241089598_1223042174880171_8336574239855520302_n.jpg'><img loading=\"lazy\" decoding=\"async\" width=\"150\" height=\"150\" src=\"https:\/\/www.radiopiu.net\/wordpress\/wp-content\/uploads\/2021\/09\/241089598_1223042174880171_8336574239855520302_n-150x150.jpg\" class=\"attachment-thumbnail size-thumbnail\" alt=\"\" \/><\/a>\n\t\t\t\t<\/dt><\/dl><dl class='gallery-item'>\n\t\t\t\t<dt class='gallery-icon portrait'>\n\t\t\t\t\t<a class=\"rollover rollover-zoom dt-pswp-item\" title=\"241459452_565685687959954_5122601093388594550_n\" data-dt-img-description=\"\" data-large_image_width=\"316\" data-large_image_height=\"480\"href='https:\/\/www.radiopiu.net\/wordpress\/wp-content\/uploads\/2021\/09\/241459452_565685687959954_5122601093388594550_n.jpg'><img loading=\"lazy\" decoding=\"async\" width=\"150\" height=\"150\" src=\"https:\/\/www.radiopiu.net\/wordpress\/wp-content\/uploads\/2021\/09\/241459452_565685687959954_5122601093388594550_n-150x150.jpg\" class=\"attachment-thumbnail size-thumbnail\" alt=\"\" \/><\/a>\n\t\t\t\t<\/dt><\/dl><br style=\"clear: both\" \/>\n\t\t\t<\/div>\n\n<p>NELLE FOTO (riproduzioni dal libro \u201cBelluno, La crisi dei vagoni\u201d): imbocco presso Longarone della Belluno-Calalzo; fermata e galleria di Castellavazzo; Termine di Cadore: una serie di gallerie e viadotti; gallerie fra Ospitale e Longarone; viadotto in prossimit\u00e0 di Ospitale; Ponte viadotto di Ospitale e la cascata Valbona; nuovo ponte ad Ospitale di 170 metri; cos\u00ec la stazione ferroviaria di Ospitale di Cadore; viadotto e galleria Fontane a Rivalgo; arrivo del treno a Perarolo nel giugno 1913; gente in attesa dell\u2019arrivo del primo treno; la stazione di Perarolo con e senza treno; la stazione d\u2019arrivo della tratta; la stazione di Perarolo vista dall\u2019alto.<\/p>\n<p>&nbsp;<\/p>\n<p>&nbsp;<\/p>\n<hr \/>\n<p>&nbsp;<\/p>\n<blockquote>\n<h3>TERRA ARIA, MOTORI E AEREI A BELLUNO<\/h3>\n<\/blockquote>\n<p><strong>BELLUNO<\/strong> Si terr\u00e0 domani presso l&#8217;aeroporto di Belluno\u00a0 &#8220;Terra Aria&#8221;, la manifestazione promossa dal circolo bellunese auto e moto d&#8217;epoca in collaborazione con l&#8217;Aero Club Belluno. Si tratta di un gemellaggio tra auto d&#8217;epoca e aerei. Si inizia alle 10 con l&#8217;arrivo delle auto presso il prato a fianco dell&#8217;avio superficie. Seguiranno rinfresco, voli con parapendio e alianti e il pranzo presso il ristorante La Buona Tavola.<\/p>\n<p>&nbsp;<\/p>\n<p>&nbsp;<\/p>\n<hr \/>\n<p>&nbsp;<\/p>\n<blockquote>\n<h3>ANNULLATA LA GIORNATA DELL&#8217;AMICIZIA<\/h3>\n<\/blockquote>\n<p><strong>AGORDO<\/strong> La Sezione del CAI di Agordo comunica che la manifestazione programma per domenica 5 settembre <strong>NON VERRA&#8217; EFFETTUATA\u00a0<\/strong> a causa delle restrizioni Covid che non permettono di godere appieno dello spirito per cui la manifestazione \u00e8 nata. La &#8220;Giornata dell&#8217;Amicizia&#8221; a Malga Framont verr\u00e0 pertanto rimandata all&#8217;anno prossimo.<\/p>\n<p>&nbsp;<\/p>\n<p>&nbsp;<\/p>\n<hr \/>\n<p>&nbsp;<\/p>\n<blockquote>\n<h3>POM E PER A MOLDOI DE SOSPIROI<\/h3>\n<\/blockquote>\n<p><strong><a href=\"https:\/\/www.radiopiu.net\/wordpress\/giornale-radiopiu-04-settembre-2021-direttore-mirko-mezzacasa\/volantinopomeper-a4_1-rid30\/\" rel=\"attachment wp-att-230727\"><img loading=\"lazy\" decoding=\"async\" class=\" wp-image-230727 alignleft\" src=\"https:\/\/www.radiopiu.net\/wordpress\/wp-content\/uploads\/2021\/09\/VolantinoPomePer-A4_1-rid30-212x300.jpg\" alt=\"\" width=\"159\" height=\"225\" srcset=\"https:\/\/www.radiopiu.net\/wordpress\/wp-content\/uploads\/2021\/09\/VolantinoPomePer-A4_1-rid30-212x300.jpg 212w, https:\/\/www.radiopiu.net\/wordpress\/wp-content\/uploads\/2021\/09\/VolantinoPomePer-A4_1-rid30-724x1024.jpg 724w, https:\/\/www.radiopiu.net\/wordpress\/wp-content\/uploads\/2021\/09\/VolantinoPomePer-A4_1-rid30.jpg 744w\" sizes=\"auto, (max-width: 159px) 100vw, 159px\" \/><\/a>SOSPIROLO<\/strong> Ritorna, dopo un anno di pausa forzata causa Covid, la manifestazione \u201cPom &amp; Per a Moldoi de Sospiroi\u201d domenica 5 settembre a Villa Sandi-Zasso. In programma una vasta esposizione prodotti ortofrutticoli e di artigianato, mostre, il consueto convegno, giochi di un tempo, visite guidate alle colture di piante officinali e ortaggi, alla villa e ai dintorni. Saranno anche allestite diverse mostre: la pomologica di mele e pere provenienti dal vivaio del Centro Sperimentale Pradon di Porto Tolle di Veneto Agricoltura, quella di sculture lignee di Giancarlo Cassol, le opere di Elvio Dal Pan, piante e laboratorio di pulitura e impostazione del Bonsai Club Feltre. L\u2019evento celebra il ricordo di Carlo Zasso (1836-1912), amministratore pubblico ed esperto agronomo. Organizza la Pro loco \u201cMonti del Sole\u201d con il patrocinio di Comune di Sospirolo, Regione, Unpli regionale, Veneto agricoltura e Um Valbelluna. Prenotazione: proloco@sospirolo.net, 320 334 2082 e sul posto. L\u2019organizzazione raccomanda il rispetto delle norme anti Covid-19. Presentarsi muniti di mascherina e di Green Pass.<\/p>\n<p>&nbsp;<\/p>\n<p>&nbsp;<\/p>\n<hr \/>\n<p>&nbsp;<\/p>\n<blockquote>\n<h3>CUGNISCION NOSTE VIJINANZE<\/h3>\n<\/blockquote>\n<p><strong>COLLE SANTA LUCIA<\/strong> Istitut Ladin Cesa De Jan assieme al comune di Livinallongo del Col Di Lana organizzano delle gite alla scoperta delle vicinie di Fodom. I prossimi appuntamenti: Pieve e Salesei il 9 settembre. Il costo delle visite \u00e8 di 15 euro per gli adulti e 7 per i bambini (pranzo non compreso). Si consiglia un abbigliamento da trekking. Info e prenotazioni al 3343346680<\/p>\n<p>&nbsp;<\/p>\n<p>&nbsp;<\/p>\n<hr \/>\n<p>&nbsp;<\/p>\n<blockquote>\n<h3>I 130 ANNI DEL CAI BELLUNO: GLI APPUNTAMENTI<\/h3>\n<\/blockquote>\n<p><strong>BELLUNO<\/strong> Saranno 3 gli appuntamenti in programma nei prossimi giorni con il coro Cai di Belluno per celebrare i 130 anni dalla fondazione della sezione di Belluno.\u00a0 Il 5 settembre il coro Cai sar\u00e0 al Rifugio Bianchet per una esibizione mentre l&#8217;11 settembre al Rifugio Settimo Alpini per la messa in ricordo dei caduti della montagna.<\/p>\n<p>&nbsp;<\/p>\n<p>&nbsp;<\/p>\n<hr \/>\n<p>&nbsp;<\/p>\n<blockquote>\n<h3>CAMMINATURALMENTE RITORNA CON 2 APPUNTAMENTI<\/h3>\n<\/blockquote>\n<p><strong>BELLUNO<\/strong> Saranno due gli appuntamenti in programma per Camminaturalmente 2021 alla scoperta di itinierari naturalistici e ambientali con Anacleto Boranga. Il 4 settembre I NOSTRI ALBERI RACCONTANO con un percorso nei giardini di Piazza dei Martiri e Parco Bologna. L&#8217;11 settembre sar\u00e0 la volta di IGNE E LE SUE STRADE LASTRICATE per scoprire chilometri di mulattiere che salgono il paese. Iscrizione obbligatoria a biblioteca@comune.belluno.it o al numero 0437 948093 entro le 12:30 del venerdi che precede la camminata. Dovranno essere rispettate le norme anticovid, massimo 15 persone per itinerario.<\/p>\n<p>&nbsp;<\/p>\n<p>&nbsp;<\/p>\n<hr \/>\n<p>&nbsp;<\/p>\n<blockquote>\n<h3>SETTIMANA DANTESCA IN ALPAGO<\/h3>\n<\/blockquote>\n<p><strong>ALPAGO<\/strong> Sar\u00e0 una settimana dedicata al sommo poeta Dante quella che inizier\u00e0 il 5 settembre in Alpago. Si inizia dal Municipio di Alpago dove domenica 5 settembre alle 16 verr\u00e0 inauguarata una mostra a cura di Serena Dal Borgo ed Erminio Mazzucco. Marted\u00ec 7 alle 20:30 al bocciodromo il concerto della banda comunale di Farra e gioved\u00ec 9, sempre al bocciodromo, il concerto della banda S. Cecilia di Puos. La serie di appuntamenti si chiude il 12 settembre presso la scacchiera quando il quartetto di clarinetti Barance si esibiranno alle 17:30.<\/p>\n<p>&nbsp;<\/p>\n<p>&nbsp;<\/p>\n<hr \/>\n<p>&nbsp;<\/p>\n<blockquote>\n<h3>&#8220;L&#8217;ALTRO MONDO DI DANTE&#8221; A LONGARONE<\/h3>\n<\/blockquote>\n<p><strong>LONGARONE<\/strong> <span style=\"font-family: Arial;\">la Biblioteca Civica di Longarone organizza un <i>reading<\/i> letterario di Pino Costalunga intitolato <\/span><span style=\"font-family: Arial;\">&#8220;L&#8217;altro mondo di Dante e non solo&#8221;<\/span><span style=\"font-family: Arial;\"> che si terr\u00e0 presso la Sala Popoli d&#8217;Europa di Longarone luned\u00ec 06 settembre 2021 alle ore 18.00. <\/span><span style=\"font-family: Arial;\">Un modo originale e imperdibile per festeggiare insieme in modo colto e divertente i 700 anni dalla scomparsa del Sommo Poeta. <\/span><span style=\"font-family: Arial;\">Si ricorda che nel rispetto delle norme nazionali e regionali di contenimento dell&#8217;emergenza Covid-19 sar\u00e0 richiesto ai partecipanti il Green-Pass e sar\u00e0 obbligatorio indossare correttamente la mascherina. <\/span><span style=\"font-family: Arial;\">Disponibilit\u00e0 massima 25 posti. Informazioni allo 0437 575819 o tramite mail a biblioteca@longarone.net\u00a0<\/span><\/p>\n<p>&nbsp;<\/p>\n<p>&nbsp;<\/p>\n<hr \/>\n<p>&nbsp;<\/p>\n<blockquote>\n<h3>CONCERTI TIPI DI NOTE A LONGARONE<\/h3>\n<\/blockquote>\n<p><strong>LONGARONE<\/strong> \u00c8 in programma per l&#8217;11 settembre alle 21 <span style=\"font-family: Arial;\">Concerti Tipi Di Note, musica inedita 100% Made in Belluno, <\/span><span style=\"font-family: Arial;\">che si terr\u00e0 presso lo Stadio Comunale di Longarone. Una serata da non perdere grazie ai gruppi Bad Mood e Elisa Zaghis Music accompagnati dall&#8217;Orchestra DoLaMiti composta da archi e legni. Si raccomanda il rispetto delle norme nazionali e regionali di contenimento dell&#8217;emergenza Covid-19 e <u>vi consigliamo di portare con voi una coperta per potervi sedere comodamente sul prato<\/u>.<\/span><\/p>\n<p>&nbsp;<\/p>\n<p>&nbsp;<\/p>\n<hr \/>\n<p>&nbsp;<\/p>\n<blockquote>\n<h3>MARTEDI&#8217; A BELLUNO IL CONCERTO DI ZLATOMIR FUNG<\/h3>\n<\/blockquote>\n<p><strong><a href=\"https:\/\/www.radiopiu.net\/wordpress\/giornale-radiopiu-03-settembre-2021-direttore-mirko-mezzacasa\/zlatomirfung\/\" rel=\"attachment wp-att-230588\"><img loading=\"lazy\" decoding=\"async\" class=\"size-medium wp-image-230588 alignleft\" src=\"https:\/\/www.radiopiu.net\/wordpress\/wp-content\/uploads\/2021\/09\/ZlatomirFung-300x187.jpg\" alt=\"\" width=\"300\" height=\"187\" srcset=\"https:\/\/www.radiopiu.net\/wordpress\/wp-content\/uploads\/2021\/09\/ZlatomirFung-300x187.jpg 300w, https:\/\/www.radiopiu.net\/wordpress\/wp-content\/uploads\/2021\/09\/ZlatomirFung-1024x637.jpg 1024w, https:\/\/www.radiopiu.net\/wordpress\/wp-content\/uploads\/2021\/09\/ZlatomirFung-768x478.jpg 768w, https:\/\/www.radiopiu.net\/wordpress\/wp-content\/uploads\/2021\/09\/ZlatomirFung-1536x955.jpg 1536w, https:\/\/www.radiopiu.net\/wordpress\/wp-content\/uploads\/2021\/09\/ZlatomirFung-2048x1274.jpg 2048w\" sizes=\"auto, (max-width: 300px) 100vw, 300px\" \/><\/a>BELLUNO <\/strong>Riprende la 68a Stagione 2021 del Circolo Culturale Bellunese, con l&#8217;atteso concerto del vincitore del 1\u00b0 premio Concorso \u010cajkovskij 2019, Zlatomir Fung, violoncello, marted\u00ec 7 settembre, ore 19:00, Teatro Giovanni XXIII, Belluno. Prenotazione richiesta, presso Agenzia Alpe Bellunese: tel. 0437 940407, e-mail: info@alpebellunese.it. Si ricorda l\u2019utilizzo della mascherina nel rispetto delle distanze e delle norme anti Covid-19. Le modalit\u00e0 di accesso potranno cambiare in riferimento ad eventuali sopraggiunti nuovi decreti e nuove ordinanze relative all\u2019emergenza sanitaria in corso. Si prega pertanto il pubblico di controllare gli aggiornamenti che verranno pubblicati sul sito e le pagine social del Circolo. Informazioni, programma completo della 68a Stagione 2021 e note di sala consultabili su: www.belcircolo.org.<\/p>\n<p>&nbsp;<\/p>\n<p>&nbsp;<\/p>\n<hr \/>\n<p>&nbsp;<\/p>\n<blockquote>\n<h3>LIBRI E LABBRA. BIBLIOTECHE SOGNANTI E RISONANTI<\/h3>\n<\/blockquote>\n<p><strong><a href=\"https:\/\/www.radiopiu.net\/wordpress\/giornale-radiopiu-04-settembre-2021-direttore-mirko-mezzacasa\/galata-garlet\/\" rel=\"attachment wp-att-230749\"><img loading=\"lazy\" decoding=\"async\" class=\"size-medium wp-image-230749 alignleft\" src=\"https:\/\/www.radiopiu.net\/wordpress\/wp-content\/uploads\/2021\/09\/Galata\u0300-Garlet-300x138.jpg\" alt=\"\" width=\"300\" height=\"138\" srcset=\"https:\/\/www.radiopiu.net\/wordpress\/wp-content\/uploads\/2021\/09\/Galata\u0300-Garlet-300x138.jpg 300w, https:\/\/www.radiopiu.net\/wordpress\/wp-content\/uploads\/2021\/09\/Galata\u0300-Garlet-1024x472.jpg 1024w, https:\/\/www.radiopiu.net\/wordpress\/wp-content\/uploads\/2021\/09\/Galata\u0300-Garlet-768x354.jpg 768w, https:\/\/www.radiopiu.net\/wordpress\/wp-content\/uploads\/2021\/09\/Galata\u0300-Garlet-1536x709.jpg 1536w, https:\/\/www.radiopiu.net\/wordpress\/wp-content\/uploads\/2021\/09\/Galata\u0300-Garlet-2048x945.jpg 2048w\" sizes=\"auto, (max-width: 300px) 100vw, 300px\" \/><\/a>BELLUNO <\/strong>Dopo l\u2019inaugurazione della mostra fotografica \u201cIl Granaio ritrovato\u201d e gli aforismi di Antonio Castronuovo, con ROMANTICAMENTE SCHUMANN, <em>Clara, Robert e l&#8217;incanto della parola in musica <\/em>torna a Villa Buzzati la musica in una forma originale e poco conosciuta come quella dei Lieder. I Lieder sono canzoni vocali, solitamente in lingua tedesca, presenti tanto nella musica popolare quanto in quella colta fin dal medioevo, in voga a partire dalla prima met\u00e0 dell\u2019 Ottocento. Molti i compositori che si sono cimentati in questo genere, tra questi Clara e Robert Schumann, dei quali verr\u00e0 proposta una selezione dalla soprano Martina Garlet, accompagnata dalla pianista Gisella Galat\u00e0, domani con inizio alle 18:30, nella magnifica cornice del giardino della casa natale di Dino Buzzati. Prenotazione obbligatoria al 351 6082602 a partire dal 23 agosto dalle 16 alle 19. L\u2019accesso alle manifestazioni sar\u00e0 consentito solo su esibizione di Green Pass o tampone negativo nelle ultime 48 ore.<\/p>\n<p>&nbsp;<\/p>\n<p>&nbsp;<\/p>\n<hr \/>\n<p>&nbsp;<\/p>\n<blockquote>\n<h3>E&#8217; USCITO IL NUOVO SINGOLO DI TERESA CINQUETTI. S&#8217;INTITOLA &#8220;SULLA PELLE&#8221;<\/h3>\n<\/blockquote>\n<p><strong>BELLUNO <\/strong>Teresa Cinquetti \u00e8\u00a0 la pronipote del professor Luigi Manzoni, per tanti anni agordino. Teresa \u00e8 una cantautrice, studia Psicologia all\u2019universit\u00e0, ama la musica e soprattutto scriverla. La musica Indie, oggetto della scena musicale attuale tra critiche e apprezzamenti, deriva il suo nome dall\u2019aggettivo \u201cindipendente\u201d, perch\u00e9 indipendente \u00e8 la musica prodotta, meglio autoprodotta, senza l\u2019appoggio delle grandi major discografiche.\u00a0 Nelle ultime ore \u00e8 uscito il nuovo singolo di Teresa Cinquetti dal titolo &#8220;Sulla Pelle&#8221;.<\/p>\n<p><iframe loading=\"lazy\" title=\"Sulla pelle\" width=\"1200\" height=\"900\" src=\"https:\/\/www.youtube.com\/embed\/_dKCYmmrbM0?feature=oembed\" frameborder=\"0\" allow=\"accelerometer; autoplay; clipboard-write; encrypted-media; gyroscope; picture-in-picture\" allowfullscreen><\/iframe><\/p>\n<p>&nbsp;<\/p>\n<hr \/>\n<p>&nbsp;<\/p>\n<h1><span style=\"color: #ff0000;\">IERI ALLA RADIO\u00a0<\/span><\/h1>\n<h2><strong><a href=\"https:\/\/www.radiopiu.net\/wordpress\/il-dottor-paolo-luger-dal-poliambulatorio-agordino\/poliambulatorio\/\" rel=\"attachment wp-att-141183\"><img loading=\"lazy\" decoding=\"async\" class=\"size-medium wp-image-141183 alignleft\" src=\"https:\/\/www.radiopiu.net\/wordpress\/wp-content\/uploads\/2020\/05\/poliambulatorio-300x209.png\" alt=\"\" width=\"300\" height=\"209\" srcset=\"https:\/\/www.radiopiu.net\/wordpress\/wp-content\/uploads\/2020\/05\/poliambulatorio-300x209.png 300w, https:\/\/www.radiopiu.net\/wordpress\/wp-content\/uploads\/2020\/05\/poliambulatorio-1024x713.png 1024w, https:\/\/www.radiopiu.net\/wordpress\/wp-content\/uploads\/2020\/05\/poliambulatorio-768x535.png 768w, https:\/\/www.radiopiu.net\/wordpress\/wp-content\/uploads\/2020\/05\/poliambulatorio-1536x1069.png 1536w, https:\/\/www.radiopiu.net\/wordpress\/wp-content\/uploads\/2020\/05\/poliambulatorio.png 1830w\" sizes=\"auto, (max-width: 300px) 100vw, 300px\" \/><\/a><span style=\"color: #808000;\">LA PODOLOGA DANIELA GRAZIOTTI DAL POLIAMBULATORIO AGORDINO<\/span><\/strong><\/h2>\n<p><strong>di Claudio Fontanive<\/strong><\/p>\n<p>OSPITE: la Dott.sa Daniela Graziotti &#8211; Podologa<\/p>\n<audio class=\"wp-audio-shortcode\" id=\"audio-230695-3\" preload=\"none\" style=\"width: 100%;\" controls=\"controls\"><source type=\"audio\/mpeg\" src=\"https:\/\/www.radiopiu.net\/wordpress\/wp-content\/uploads\/2021\/09\/dottoressa-daniela-graziotti.mp3?_=3\" \/><a href=\"https:\/\/www.radiopiu.net\/wordpress\/wp-content\/uploads\/2021\/09\/dottoressa-daniela-graziotti.mp3\">https:\/\/www.radiopiu.net\/wordpress\/wp-content\/uploads\/2021\/09\/dottoressa-daniela-graziotti.mp3<\/a><\/audio>\n<p>&nbsp;<\/p>\n<hr \/>\n<p>&nbsp;<\/p>\n<blockquote class=\"wp-embedded-content\" data-secret=\"xvxMMy6s9N\"><p><a href=\"https:\/\/www.radiopiu.net\/wordpress\/william-da-roit-ed-elvis-secco-nel-giro-ditalia-running-lo-speciale-alla-radio\/\">WILLIAM DA ROIT ED ELVIS SECCO NEL GIRO D&#8217;ITALIA RUNNING&#8230;LO SPECIALE ALLA RADIO<\/a><\/p><\/blockquote>\n<p><iframe loading=\"lazy\" class=\"wp-embedded-content\" sandbox=\"allow-scripts\" security=\"restricted\" style=\"position: absolute; clip: rect(1px, 1px, 1px, 1px);\" title=\"&#8220;WILLIAM DA ROIT ED ELVIS SECCO NEL GIRO D&#8217;ITALIA RUNNING&#8230;LO SPECIALE ALLA RADIO&#8221; &#8212; Radio Pi\u00f9\" src=\"https:\/\/www.radiopiu.net\/wordpress\/william-da-roit-ed-elvis-secco-nel-giro-ditalia-running-lo-speciale-alla-radio\/embed\/#?secret=xvxMMy6s9N\" data-secret=\"xvxMMy6s9N\" width=\"600\" height=\"338\" frameborder=\"0\" marginwidth=\"0\" marginheight=\"0\" scrolling=\"no\"><\/iframe><\/p>\n<p>&nbsp;<\/p>\n<hr \/>\n<p>&nbsp;<\/p>\n<blockquote class=\"wp-embedded-content\" data-secret=\"QQvhQGowii\"><p><a href=\"https:\/\/www.radiopiu.net\/wordpress\/i-misteri-di-alleghe-di-sergio-saviane-alla-radio-con-lattore-roberto-faoro-il-podcast\/\">&#8220;I MISTERI DI ALLEGHE DI SERGIO SAVIANE&#8221; ALLA RADIO CON L&#8217;ATTORE ROBERTO FAORO &#8211; IL PODCAST<\/a><\/p><\/blockquote>\n<p><iframe loading=\"lazy\" class=\"wp-embedded-content\" sandbox=\"allow-scripts\" security=\"restricted\" style=\"position: absolute; clip: rect(1px, 1px, 1px, 1px);\" title=\"&#8220;&#8220;I MISTERI DI ALLEGHE DI SERGIO SAVIANE&#8221; ALLA RADIO CON L&#8217;ATTORE ROBERTO FAORO &#8211; IL PODCAST&#8221; &#8212; Radio Pi\u00f9\" src=\"https:\/\/www.radiopiu.net\/wordpress\/i-misteri-di-alleghe-di-sergio-saviane-alla-radio-con-lattore-roberto-faoro-il-podcast\/embed\/#?secret=QQvhQGowii\" data-secret=\"QQvhQGowii\" width=\"600\" height=\"338\" frameborder=\"0\" marginwidth=\"0\" marginheight=\"0\" scrolling=\"no\"><\/iframe><\/p>\n<h2><\/h2>\n<hr \/>\n<p>&nbsp;<\/p>\n<h2><strong><a href=\"https:\/\/www.radiopiu.net\/wordpress\/plastic-free-quinta-puntata\/img-20210802-wa0007\/\" rel=\"attachment wp-att-230084\"><img loading=\"lazy\" decoding=\"async\" class=\"size-medium wp-image-230084 alignleft\" src=\"https:\/\/www.radiopiu.net\/wordpress\/wp-content\/uploads\/2021\/08\/IMG-20210802-WA0007-300x225.jpg\" alt=\"\" width=\"300\" height=\"225\" srcset=\"https:\/\/www.radiopiu.net\/wordpress\/wp-content\/uploads\/2021\/08\/IMG-20210802-WA0007-300x225.jpg 300w, https:\/\/www.radiopiu.net\/wordpress\/wp-content\/uploads\/2021\/08\/IMG-20210802-WA0007-1024x768.jpg 1024w, https:\/\/www.radiopiu.net\/wordpress\/wp-content\/uploads\/2021\/08\/IMG-20210802-WA0007-768x576.jpg 768w, https:\/\/www.radiopiu.net\/wordpress\/wp-content\/uploads\/2021\/08\/IMG-20210802-WA0007-1536x1152.jpg 1536w, https:\/\/www.radiopiu.net\/wordpress\/wp-content\/uploads\/2021\/08\/IMG-20210802-WA0007.jpg 1600w\" sizes=\"auto, (max-width: 300px) 100vw, 300px\" \/><\/a><span style=\"color: #0000ff;\">PLASTIC FREE &#8211; QUINTA PUNTATA<\/span><\/strong><\/h2>\n<p><strong>Con la collaborazione di Martina Smaniotto<\/strong><\/p>\n<audio class=\"wp-audio-shortcode\" id=\"audio-230695-4\" preload=\"none\" style=\"width: 100%;\" controls=\"controls\"><source type=\"audio\/mpeg\" src=\"https:\/\/www.radiopiu.net\/wordpress\/wp-content\/uploads\/2021\/08\/PLASTIC-FREE-5.mp3?_=4\" \/><a href=\"https:\/\/www.radiopiu.net\/wordpress\/wp-content\/uploads\/2021\/08\/PLASTIC-FREE-5.mp3\">https:\/\/www.radiopiu.net\/wordpress\/wp-content\/uploads\/2021\/08\/PLASTIC-FREE-5.mp3<\/a><\/audio>\n<p>&nbsp;<\/p>\n<blockquote class=\"wp-embedded-content\" data-secret=\"R1n87eA0ka\"><p><a href=\"https:\/\/www.radiopiu.net\/wordpress\/plastic-free-per-un-mondo-senza-plastica\/\">PLASTIC FREE per un mondo senza plastica<\/a><\/p><\/blockquote>\n<p><iframe loading=\"lazy\" class=\"wp-embedded-content\" sandbox=\"allow-scripts\" security=\"restricted\" style=\"position: absolute; clip: rect(1px, 1px, 1px, 1px);\" title=\"&#8220;PLASTIC FREE per un mondo senza plastica&#8221; &#8212; Radio Pi\u00f9\" src=\"https:\/\/www.radiopiu.net\/wordpress\/plastic-free-per-un-mondo-senza-plastica\/embed\/#?secret=R1n87eA0ka\" data-secret=\"R1n87eA0ka\" width=\"600\" height=\"338\" frameborder=\"0\" marginwidth=\"0\" marginheight=\"0\" scrolling=\"no\"><\/iframe><\/p>\n<p>&nbsp;<\/p>\n<hr \/>\n<p>&nbsp;<\/p>\n<blockquote class=\"wp-embedded-content\" data-secret=\"ScHYRuUVjJ\"><p><a href=\"https:\/\/www.radiopiu.net\/wordpress\/da-ieri-alla-radio-in-palinsesto-loris-e-maurizio-con-la-grande-musica\/\">IL BLUES ALLA RADIO &#8230; COME NON L&#8217;AVETE MAI SENTITO PRIMA<\/a><\/p><\/blockquote>\n<p><iframe loading=\"lazy\" class=\"wp-embedded-content\" sandbox=\"allow-scripts\" security=\"restricted\" style=\"position: absolute; clip: rect(1px, 1px, 1px, 1px);\" title=\"&#8220;IL BLUES ALLA RADIO &#8230; COME NON L&#8217;AVETE MAI SENTITO PRIMA&#8221; &#8212; Radio Pi\u00f9\" src=\"https:\/\/www.radiopiu.net\/wordpress\/da-ieri-alla-radio-in-palinsesto-loris-e-maurizio-con-la-grande-musica\/embed\/#?secret=ScHYRuUVjJ\" data-secret=\"ScHYRuUVjJ\" width=\"600\" height=\"338\" frameborder=\"0\" marginwidth=\"0\" marginheight=\"0\" scrolling=\"no\"><\/iframe><\/p>\n<p>&nbsp;<\/p>\n<div>\n<div class=\"mkdf-post-text\">\n<div class=\"mkdf-post-text-inner\">\n<div class=\"mkdf-post-text-main\">\n<div class=\"mkdf-post-text\">\n<div class=\"mkdf-post-text-inner\">\n<div class=\"mkdf-post-text-main\">\n<div class=\"mkdf-post-text\">\n<div class=\"mkdf-post-text-inner\">\n<div class=\"mkdf-post-text-main\">\n<div class=\"page-title-head hgroup\">\n<div class=\"page-title-head hgroup\">\n<div class=\"page-title-breadcrumbs\">\n<div class=\"mkdf-post-text\">\n<div class=\"mkdf-post-text-inner\">\n<div class=\"mkdf-post-text-main\">\n<div class=\"mkdf-post-text\">\n<div class=\"mkdf-post-text-inner\">\n<div class=\"mkdf-post-text-main\">\n<div class=\"page-title-head hgroup\">\n<div class=\"page-title-head hgroup\">\n<div class=\"mkdf-post-text\">\n<div class=\"mkdf-post-text-inner\">\n<div class=\"mkdf-post-text-main\">\n<div class=\"mkdf-post-text\">\n<div class=\"mkdf-post-text-inner\">\n<div class=\"mkdf-post-text-main\">\n<div class=\"page-title-head hgroup\">\n<div class=\"page-title-head hgroup\">\n<div class=\"page-title-head hgroup\">\n<div class=\"page-title-head hgroup\">\n<div class=\"b654a4as d2edcug0\">\n<div class=\"page-title-head hgroup\">\n<div class=\"page-title-head hgroup\">\n<div class=\"mkdf-post-text\">\n<div class=\"mkdf-post-text-inner\">\n<div class=\"mkdf-post-text-main\">\n<div class=\"mkdf-post-text\">\n<div class=\"mkdf-post-text-inner\">\n<div class=\"mkdf-post-text-main\">\n<div class=\"mkdf-post-text\">\n<div class=\"mkdf-post-text-inner\">\n<div class=\"mkdf-post-text-main\">\n<div class=\"page-title-head hgroup\">\n<div class=\"page-title-head hgroup\">\n<div class=\"mkdf-post-text\">\n<div class=\"mkdf-post-text-inner\">\n<div class=\"mkdf-post-text-main\">\n<div class=\"mkdf-post-text\">\n<div class=\"mkdf-post-text-inner\">\n<div class=\"mkdf-post-text-main\">\n<div class=\"page-title-head hgroup\">\n<div class=\"page-title-head hgroup\">\n<div class=\"page-title-head hgroup\">\n<div class=\"page-title-head hgroup\">\n<div class=\"b654a4as d2edcug0\">\n<div class=\"page-title-head hgroup\">\n<div class=\"page-title-head hgroup\">\n<div class=\"page-title-head hgroup\">\n<div class=\"page-title-head hgroup\">\n<div class=\"b654a4as d2edcug0\">\n<div>\n<div class=\"mkdf-post-text\">\n<div class=\"mkdf-post-text-inner\">\n<div class=\"mkdf-post-text-main\">\n<div class=\"mkdf-post-text\">\n<div class=\"mkdf-post-text-inner\">\n<div class=\"mkdf-post-text-main\">\n<div class=\"mkdf-post-text\">\n<div class=\"mkdf-post-text-inner\">\n<div class=\"mkdf-post-text-main\">\n<div class=\"page-title-head hgroup\">\n<div class=\"page-title-head hgroup\">\n<div class=\"page-title-breadcrumbs\">\n<div class=\"mkdf-post-text\">\n<div class=\"mkdf-post-text-inner\">\n<div class=\"mkdf-post-text-main\">\n<div class=\"mkdf-post-text\">\n<div class=\"mkdf-post-text-inner\">\n<div class=\"mkdf-post-text-main\">\n<div class=\"page-title-head hgroup\">\n<div class=\"page-title-head hgroup\">\n<div class=\"mkdf-post-text\">\n<div class=\"mkdf-post-text-inner\">\n<div class=\"mkdf-post-text-main\">\n<p>&nbsp;<\/p>\n<hr \/>\n<div class=\"mkdf-post-text\">\n<div class=\"mkdf-post-text-inner\">\n<div class=\"mkdf-post-text-main\">\n<div class=\"page-title-head hgroup\">\n<div class=\"page-title-head hgroup\">\n<div class=\"page-title-head hgroup\">\n<div class=\"page-title-head hgroup\">\n<div class=\"b654a4as d2edcug0\">\n<p>&nbsp;<\/p>\n<h2><span style=\"color: #008000;\">SOLIDARIETA&#8217; VENETO &#8211; SETTEMBRE 2021<\/span><\/h2>\n<p><strong><a href=\"https:\/\/www.radiopiu.net\/wordpress\/speciale-solidarieta-veneto\/solidarieta-veneto-3\/\" rel=\"attachment wp-att-134366\"><img loading=\"lazy\" decoding=\"async\" class=\"size-medium wp-image-134366 alignleft\" src=\"https:\/\/www.radiopiu.net\/wordpress\/wp-content\/uploads\/2020\/05\/solidariet\u00e0-veneto-300x210.jpg\" alt=\"\" width=\"300\" height=\"210\" srcset=\"https:\/\/www.radiopiu.net\/wordpress\/wp-content\/uploads\/2020\/05\/solidariet\u00e0-veneto-300x210.jpg 300w, https:\/\/www.radiopiu.net\/wordpress\/wp-content\/uploads\/2020\/05\/solidariet\u00e0-veneto-1024x717.jpg 1024w, https:\/\/www.radiopiu.net\/wordpress\/wp-content\/uploads\/2020\/05\/solidariet\u00e0-veneto-768x538.jpg 768w, https:\/\/www.radiopiu.net\/wordpress\/wp-content\/uploads\/2020\/05\/solidariet\u00e0-veneto.jpg 1373w\" sizes=\"auto, (max-width: 300px) 100vw, 300px\" \/><\/a>di Claudio Fontanive<\/strong><\/p>\n<p>OSPITI: Paolo Stefan e Thomas Argenta<\/p>\n<audio class=\"wp-audio-shortcode\" id=\"audio-230695-5\" preload=\"none\" style=\"width: 100%;\" controls=\"controls\"><source type=\"audio\/mpeg\" src=\"https:\/\/www.radiopiu.net\/wordpress\/wp-content\/uploads\/2021\/09\/solidarieta-veneto-settembre.mp3?_=5\" \/><a href=\"https:\/\/www.radiopiu.net\/wordpress\/wp-content\/uploads\/2021\/09\/solidarieta-veneto-settembre.mp3\">https:\/\/www.radiopiu.net\/wordpress\/wp-content\/uploads\/2021\/09\/solidarieta-veneto-settembre.mp3<\/a><\/audio>\n<p>&nbsp;<\/p>\n<h2>LA RACCOLTA COMPLETA<\/h2>\n<blockquote class=\"wp-embedded-content\" data-secret=\"HndtrkpBAm\"><p><a href=\"https:\/\/www.radiopiu.net\/wordpress\/solidarieta-veneto\/\">Solidariet\u00e0 Veneto<\/a><\/p><\/blockquote>\n<p><iframe loading=\"lazy\" class=\"wp-embedded-content\" sandbox=\"allow-scripts\" security=\"restricted\" style=\"position: absolute; clip: rect(1px, 1px, 1px, 1px);\" title=\"&#8220;Solidariet\u00e0 Veneto&#8221; &#8212; Radio Pi\u00f9\" src=\"https:\/\/www.radiopiu.net\/wordpress\/solidarieta-veneto\/embed\/#?secret=HndtrkpBAm\" data-secret=\"HndtrkpBAm\" width=\"600\" height=\"338\" frameborder=\"0\" marginwidth=\"0\" marginheight=\"0\" scrolling=\"no\"><\/iframe><\/p>\n<blockquote>\n<h2><\/h2>\n<\/blockquote>\n<p>&nbsp;<\/p>\n<hr \/>\n<p>&nbsp;<\/p>\n<div>\n<div class=\"b654a4as d2edcug0\">\n<div class=\"rq0escxv hkbzh7o3 jwdofwj8 n8tt0mok r8blr3vg hyh9befq\">\n<p><a class=\"dt-pswp-item\" href=\"https:\/\/www.radiopiu.net\/wordpress\/wp-content\/uploads\/2020\/10\/pp.jpg\" data-dt-img-description=\"\" data-large_image_width=\"640\" data-large_image_height=\"640\"><img loading=\"lazy\" decoding=\"async\" class=\"wp-image-163678 alignleft\" src=\"https:\/\/www.radiopiu.net\/wordpress\/wp-content\/uploads\/2020\/10\/pp-300x300.jpg\" alt=\"\" width=\"106\" height=\"106\" srcset=\"https:\/\/www.radiopiu.net\/wordpress\/wp-content\/uploads\/2020\/10\/pp-300x300.jpg 300w, https:\/\/www.radiopiu.net\/wordpress\/wp-content\/uploads\/2020\/10\/pp-150x150.jpg 150w, https:\/\/www.radiopiu.net\/wordpress\/wp-content\/uploads\/2020\/10\/pp-125x125.jpg 125w, https:\/\/www.radiopiu.net\/wordpress\/wp-content\/uploads\/2020\/10\/pp-200x200.jpg 200w, https:\/\/www.radiopiu.net\/wordpress\/wp-content\/uploads\/2020\/10\/pp-80x80.jpg 80w, https:\/\/www.radiopiu.net\/wordpress\/wp-content\/uploads\/2020\/10\/pp-480x480.jpg 480w, https:\/\/www.radiopiu.net\/wordpress\/wp-content\/uploads\/2020\/10\/pp.jpg 640w\" sizes=\"auto, (max-width: 106px) 100vw, 106px\" \/><\/a><\/p>\n<\/div>\n<\/div>\n<\/div>\n<div>\n<div class=\"page-title-head hgroup\">\n<div class=\"page-title-head hgroup\">\n<div class=\"b654a4as d2edcug0\">\n<div class=\"j83agx80 btwxx1t3 lhclo0ds hop8lmos nkwizq5d scwd0bx6 roh60bw9\">\n<div class=\"rq0escxv hkbzh7o3 jwdofwj8 n8tt0mok r8blr3vg hyh9befq\">\n<div class=\"do00u71z l9j0dhe7 k4urcfbm\">\n<h2><span style=\"color: #000080;\">DON CESARE, IL PENSIERO DEL GIORNO. ALLA RADIO ALLE 7 DEL MATTINO E ALLE 19.30 DELLA SERA.\u00a0\u00a0<\/span><\/h2>\n<\/div>\n<\/div>\n<\/div>\n<\/div>\n<\/div>\n<div class=\"page-title-head hgroup\">\n<audio class=\"wp-audio-shortcode\" id=\"audio-230695-6\" preload=\"none\" style=\"width: 100%;\" controls=\"controls\"><source type=\"audio\/mpeg\" src=\"https:\/\/www.radiopiu.net\/wordpress\/wp-content\/uploads\/2021\/09\/CESARE-2.mp3?_=6\" \/><a href=\"https:\/\/www.radiopiu.net\/wordpress\/wp-content\/uploads\/2021\/09\/CESARE-2.mp3\">https:\/\/www.radiopiu.net\/wordpress\/wp-content\/uploads\/2021\/09\/CESARE-2.mp3<\/a><\/audio>\n<p>&nbsp;<\/p>\n<hr \/>\n<p class=\"b654a4as d2edcug0\"><span style=\"color: #ff6600;\">\u00a0 \u00a0<\/span><\/p>\n<h2><span style=\"color: #ff6600;\">GIROVAGANDO ALLA RADIO, PUNTATA 14<\/span><\/h2>\n<p><strong><a href=\"https:\/\/www.radiopiu.net\/wordpress\/girovagando-alla-radio-puntata-14\/6c9b4363-2474-4da3-8d66-f891b54d7ce1\/\" rel=\"attachment wp-att-230080\"><img loading=\"lazy\" decoding=\"async\" class=\"size-medium wp-image-230080 alignleft\" src=\"https:\/\/www.radiopiu.net\/wordpress\/wp-content\/uploads\/2021\/08\/6c9b4363-2474-4da3-8d66-f891b54d7ce1-300x200.jpg\" alt=\"\" width=\"300\" height=\"200\" srcset=\"https:\/\/www.radiopiu.net\/wordpress\/wp-content\/uploads\/2021\/08\/6c9b4363-2474-4da3-8d66-f891b54d7ce1-300x200.jpg 300w, https:\/\/www.radiopiu.net\/wordpress\/wp-content\/uploads\/2021\/08\/6c9b4363-2474-4da3-8d66-f891b54d7ce1-1024x683.jpg 1024w, https:\/\/www.radiopiu.net\/wordpress\/wp-content\/uploads\/2021\/08\/6c9b4363-2474-4da3-8d66-f891b54d7ce1-768x512.jpg 768w, https:\/\/www.radiopiu.net\/wordpress\/wp-content\/uploads\/2021\/08\/6c9b4363-2474-4da3-8d66-f891b54d7ce1.jpg 1400w\" sizes=\"auto, (max-width: 300px) 100vw, 300px\" \/><\/a>Collaborazione Thomas Soppera<\/strong><\/p>\n<p>&nbsp;<\/p>\n<p><strong>PUNTATA DEL 30 AGOSTO 2021<\/strong><\/p>\n<audio class=\"wp-audio-shortcode\" id=\"audio-230695-7\" preload=\"none\" style=\"width: 100%;\" controls=\"controls\"><source type=\"audio\/mpeg\" src=\"https:\/\/www.radiopiu.net\/wordpress\/wp-content\/uploads\/2021\/08\/GIROVAGANDO-14.mp3?_=7\" \/><a href=\"https:\/\/www.radiopiu.net\/wordpress\/wp-content\/uploads\/2021\/08\/GIROVAGANDO-14.mp3\">https:\/\/www.radiopiu.net\/wordpress\/wp-content\/uploads\/2021\/08\/GIROVAGANDO-14.mp3<\/a><\/audio>\n<p>&nbsp;<\/p>\n<p>&nbsp;<\/p>\n<blockquote class=\"wp-embedded-content\" data-secret=\"S6ilpZYg15\"><p><a href=\"https:\/\/www.radiopiu.net\/wordpress\/girovagando-in-e-bike-tra-le-dolomiti\/\">GIROVAGANDO IN E BIKE TRA LE DOLOMITI<\/a><\/p><\/blockquote>\n<p><iframe loading=\"lazy\" class=\"wp-embedded-content\" sandbox=\"allow-scripts\" security=\"restricted\" style=\"position: absolute; clip: rect(1px, 1px, 1px, 1px);\" title=\"&#8220;GIROVAGANDO IN E BIKE TRA LE DOLOMITI&#8221; &#8212; Radio Pi\u00f9\" src=\"https:\/\/www.radiopiu.net\/wordpress\/girovagando-in-e-bike-tra-le-dolomiti\/embed\/#?secret=S6ilpZYg15\" data-secret=\"S6ilpZYg15\" width=\"600\" height=\"338\" frameborder=\"0\" marginwidth=\"0\" marginheight=\"0\" scrolling=\"no\"><\/iframe><\/p>\n<p>\u200b<\/p>\n<p>\u200b<\/p>\n<hr \/>\n<\/div>\n<\/div>\n<\/div>\n<\/div>\n<\/div>\n<\/div>\n<\/div>\n<\/div>\n<\/div>\n<\/div>\n<\/div>\n<\/div>\n<\/div>\n<\/div>\n<\/div>\n<\/div>\n<\/div>\n<\/div>\n<\/div>\n<\/div>\n<\/div>\n<\/div>\n<\/div>\n<div class=\"mkdf-post-text\">\n<div class=\"mkdf-post-text-inner\">\n<div class=\"mkdf-post-text-main\">\n<div class=\"mkdf-post-text\">\n<div class=\"mkdf-post-text-inner\">\n<div class=\"mkdf-post-text-main\">\n<div>\n<div class=\"page-title-head hgroup\">\n<div class=\"page-title-head hgroup\">\n<div class=\"page-title-head hgroup\">\n<div class=\"page-title-head hgroup\">\n<div class=\"b654a4as d2edcug0\">\n<div class=\"page-title-head hgroup\">\n<div class=\"page-title-head hgroup\">\n<p>&nbsp;<\/p>\n<\/div>\n<\/div>\n<\/div>\n<\/div>\n<\/div>\n<\/div>\n<\/div>\n<\/div>\n<\/div>\n<\/div>\n<\/div>\n<\/div>\n<\/div>\n<\/div>\n<\/div>\n<\/div>\n<\/div>\n<\/div>\n<\/div>\n<\/div>\n<\/div>\n<\/div>\n<\/div>\n<\/div>\n<\/div>\n<\/div>\n<blockquote>\n<h3><\/h3>\n<h3>COLLAGE&#8230; DI LORIS SCUSSEL dal lunedi al venerdi alle 16 e alle 23 su RADIO PIU<\/h3>\n<p>PUNTATA DEL 03 SETTEMBRE 2021<\/p>\n<audio class=\"wp-audio-shortcode\" id=\"audio-230695-8\" preload=\"none\" style=\"width: 100%;\" controls=\"controls\"><source type=\"audio\/mpeg\" src=\"https:\/\/www.radiopiu.net\/wordpress\/wp-content\/uploads\/2021\/08\/COVE-1.mp3?_=8\" \/><a href=\"https:\/\/www.radiopiu.net\/wordpress\/wp-content\/uploads\/2021\/08\/COVE-1.mp3\">https:\/\/www.radiopiu.net\/wordpress\/wp-content\/uploads\/2021\/08\/COVE-1.mp3<\/a><\/audio><\/blockquote>\n<div>\n<p><img loading=\"lazy\" decoding=\"async\" class=\"alignleft\" src=\"https:\/\/www.radiopiu.net\/wordpress\/wp-content\/uploads\/2021\/05\/Schermata-2021-05-23-alle-11.50.11.png\" width=\"186\" height=\"131\" \/><\/p>\n<div>\n<p>Il programma \u00e8 andato in onda da dicembre 2013 fino a luglio 2019, comprese le repliche, in due serie per 350 puntate complessive con 1.890 brani trasmessi. L\u2019obiettivo del programma: riproporre agli ascoltatori pi\u00f9 grandicelli le canzoni che ascoltavano nel passato e nello stesso tempo farle conoscere anche ai pi\u00f9 giovani.<\/p>\n<\/div>\n<\/div>\n<div>\n<p><b>\u00a0\u00a0<\/b><\/p>\n<p>&nbsp;<\/p>\n<p>&nbsp;<\/p>\n<p>&nbsp;<\/p>\n<\/div>\n<\/div>\n<\/div>\n<\/div>\n<\/div>\n<\/div>\n<\/div>\n<\/div>\n<\/div>\n<\/div>\n<\/div>\n<\/div>\n<\/div>\n<\/div>\n<\/div>\n<\/div>\n<\/div>\n<\/div>\n<\/div>\n<\/div>\n<\/div>\n<\/div>\n<\/div>\n<\/div>\n<\/div>\n<\/div>\n<\/div>\n<\/div>\n<\/div>\n<\/div>\n<\/div>\n<\/div>\n<\/div>\n<\/div>\n<\/div>\n<\/div>\n<\/div>\n<\/div>\n<\/div>\n<\/div>\n<\/div>\n<\/div>\n<\/div>\n<\/div>\n<\/div>\n<\/div>\n<\/div>\n<\/div>\n<\/div>\n<\/div>\n<\/div>\n<\/div>\n<\/div>\n<\/div>\n<\/div>\n<\/div>\n<\/div>\n<\/div>\n<\/div>\n<\/div>\n<\/div>\n<\/div>\n<div>\n<div>\n<div class=\"b654a4as d2edcug0\">\n<div class=\"rq0escxv hkbzh7o3 jwdofwj8 n8tt0mok r8blr3vg hyh9befq\">\n<div class=\"b654a4as d2edcug0\">\n<div class=\"b654a4as d2edcug0\">\n<div>\n<div class=\"b654a4as d2edcug0\">\n<div class=\"rq0escxv hkbzh7o3 jwdofwj8 n8tt0mok r8blr3vg hyh9befq\">\n<div class=\"b654a4as d2edcug0\">\n<p>&nbsp;<\/p>\n<\/div>\n<\/div>\n<\/div>\n<\/div>\n<\/div>\n<\/div>\n<\/div>\n<\/div>\n<\/div>\n<hr \/>\n<p>&nbsp;<\/p>\n<div>\n<h2><span style=\"color: #ff0000;\"><strong>IN VIVO VERSO 2020-21 ESTATE, RIASCOLTIAMOLI&#8230; DAL CASSETTO DEI RICORDI DI RADIO PIU&#8217;&#8230; LE PRIME\u00a0 SEI STAGIONI\u00a0 \u00a0\u00a0<\/strong><\/span><\/h2>\n<div class=\"page-title-head hgroup\">\n<div class=\"page-title-head hgroup\">\n<div class=\"page-title-head hgroup\">\n<div class=\"page-title-head hgroup\">\n<div class=\"page-title-head hgroup\">\n<div class=\"page-title-head hgroup\">\n<p>&nbsp;<\/p>\n<blockquote class=\"wp-embedded-content\" data-secret=\"Ezu7qdRGq9\"><p><a href=\"https:\/\/www.radiopiu.net\/wordpress\/in-vivo-verso\/\">In Vivo Verso<\/a><\/p><\/blockquote>\n<p><iframe loading=\"lazy\" class=\"wp-embedded-content\" sandbox=\"allow-scripts\" security=\"restricted\" style=\"position: absolute; clip: rect(1px, 1px, 1px, 1px);\" title=\"&#8220;In Vivo Verso&#8221; &#8212; Radio Pi\u00f9\" src=\"https:\/\/www.radiopiu.net\/wordpress\/in-vivo-verso\/embed\/#?secret=Ezu7qdRGq9\" data-secret=\"Ezu7qdRGq9\" width=\"600\" height=\"338\" frameborder=\"0\" marginwidth=\"0\" marginheight=\"0\" scrolling=\"no\"><\/iframe><\/p>\n<\/div>\n<\/div>\n<\/div>\n<\/div>\n<\/div>\n<\/div>\n<\/div>\n<hr \/>\n<div><\/div>\n<div>\n<div class=\"page-title-head hgroup\">\n<div class=\"page-title-head hgroup\">\n<div class=\"page-title-head hgroup\">\n<div class=\"page-title-head hgroup\">\n<div class=\"page-title-head hgroup\">\n<div>\n<div class=\"b654a4as d2edcug0\">\u00a0 \u00a0 \u00a0<strong style=\"color: #800080;\">LA RASSEGNA STAMPA DA L&#8217;AMICO DEL POPOLO\u00a0<\/strong><\/div>\n<\/div>\n<\/div>\n<\/div>\n<\/div>\n<\/div>\n<\/div>\n<\/div>\n<div>\n<div class=\"page-title-head hgroup\">\n<div class=\"page-title-head hgroup\">\n<div class=\"page-title-head hgroup\">\n<div class=\"page-title-head hgroup\">\n<div class=\"b654a4as d2edcug0\">\n<div class=\"page-title-head hgroup\">\n<div class=\"page-title-head hgroup\">\n<div class=\"page-title-head hgroup\">\n<div class=\"page-title-head hgroup\">\n<div class=\"b654a4as d2edcug0\">\n<div>\n<h3 class=\"kvgmc6g5 cxmmr5t8 oygrvhab hcukyx3x c1et5uql\"><span style=\"color: #0000ff;\"> INFORMAZIONE il canale su TELEGRAM informazione di prima mano e in tempo reale. iscriviti ed aiutaci a farlo conoscere\u00a0\u00a0<\/span><\/h3>\n<p><strong><a href=\"https:\/\/www.radiopiu.net\/wordpress\/la-rassegna-stampa-da-lamico-del-popolo-28-agosto-2021\/5585546b-6468-472b-8d84-00594a2dff53-2\/\" rel=\"attachment wp-att-229997\"><img loading=\"lazy\" decoding=\"async\" class=\"size-medium wp-image-229997 alignleft\" src=\"https:\/\/www.radiopiu.net\/wordpress\/wp-content\/uploads\/2021\/08\/5585546b-6468-472b-8d84-00594a2dff53-1-300x225.jpg\" alt=\"\" width=\"300\" height=\"225\" srcset=\"https:\/\/www.radiopiu.net\/wordpress\/wp-content\/uploads\/2021\/08\/5585546b-6468-472b-8d84-00594a2dff53-1-300x225.jpg 300w, https:\/\/www.radiopiu.net\/wordpress\/wp-content\/uploads\/2021\/08\/5585546b-6468-472b-8d84-00594a2dff53-1-1024x768.jpg 1024w, https:\/\/www.radiopiu.net\/wordpress\/wp-content\/uploads\/2021\/08\/5585546b-6468-472b-8d84-00594a2dff53-1-768x576.jpg 768w, https:\/\/www.radiopiu.net\/wordpress\/wp-content\/uploads\/2021\/08\/5585546b-6468-472b-8d84-00594a2dff53-1-1536x1152.jpg 1536w, https:\/\/www.radiopiu.net\/wordpress\/wp-content\/uploads\/2021\/08\/5585546b-6468-472b-8d84-00594a2dff53-1.jpg 2048w\" sizes=\"auto, (max-width: 300px) 100vw, 300px\" \/><\/a>di Gianni Santomaso<\/strong><\/p>\n<h4><em>L&#8217;Arte Povera Al Caff\u00e8 Garibaldi di Agordo<\/em><\/h4>\n<p>OSPITI: Freydis ed Erik Caldart<\/p>\n<audio class=\"wp-audio-shortcode\" id=\"audio-230695-9\" preload=\"none\" style=\"width: 100%;\" controls=\"controls\"><source type=\"audio\/mpeg\" src=\"https:\/\/www.radiopiu.net\/wordpress\/wp-content\/uploads\/2021\/08\/RASSEGNA-GIANNI-2.mp3?_=9\" \/><a href=\"https:\/\/www.radiopiu.net\/wordpress\/wp-content\/uploads\/2021\/08\/RASSEGNA-GIANNI-2.mp3\">https:\/\/www.radiopiu.net\/wordpress\/wp-content\/uploads\/2021\/08\/RASSEGNA-GIANNI-2.mp3<\/a><\/audio>\n<p>&nbsp;<\/p>\n<blockquote class=\"wp-embedded-content\" data-secret=\"EtgCzXK9da\"><p><a href=\"https:\/\/www.radiopiu.net\/wordpress\/rassegna-stampa-di-gianni-santomaso\/\">Rassegna stampa da l&#8217;amico del popolo &#8211; di Gianni Santomaso<\/a><\/p><\/blockquote>\n<p><iframe loading=\"lazy\" class=\"wp-embedded-content\" sandbox=\"allow-scripts\" security=\"restricted\" style=\"position: absolute; clip: rect(1px, 1px, 1px, 1px);\" title=\"&#8220;Rassegna stampa da l&#8217;amico del popolo &#8211; di Gianni Santomaso&#8221; &#8212; Radio Pi\u00f9\" src=\"https:\/\/www.radiopiu.net\/wordpress\/rassegna-stampa-di-gianni-santomaso\/embed\/#?secret=EtgCzXK9da\" data-secret=\"EtgCzXK9da\" width=\"600\" height=\"338\" frameborder=\"0\" marginwidth=\"0\" marginheight=\"0\" scrolling=\"no\"><\/iframe><\/p>\n<p>&nbsp;<\/p>\n<hr \/>\n<p>&nbsp;<\/p>\n<p>&nbsp;<\/p>\n<\/div>\n<div dir=\"auto\">\n<blockquote class=\"wp-embedded-content\" data-secret=\"lXCrmoDzD2\"><p><a href=\"https:\/\/www.radiopiu.net\/wordpress\/saluteesocieta\/\">Salute e Societ\u00e0<\/a><\/p><\/blockquote>\n<p><iframe loading=\"lazy\" class=\"wp-embedded-content\" sandbox=\"allow-scripts\" security=\"restricted\" style=\"position: absolute; clip: rect(1px, 1px, 1px, 1px);\" title=\"&#8220;Salute e Societ\u00e0&#8221; &#8212; Radio Pi\u00f9\" src=\"https:\/\/www.radiopiu.net\/wordpress\/saluteesocieta\/embed\/#?secret=lXCrmoDzD2\" data-secret=\"lXCrmoDzD2\" width=\"600\" height=\"338\" frameborder=\"0\" marginwidth=\"0\" marginheight=\"0\" scrolling=\"no\"><\/iframe><\/p>\n<\/div>\n<div dir=\"auto\">\n<h1><\/h1>\n<\/div>\n<div>\n<div class=\"page-title-head hgroup\">\n<div class=\"page-title-head hgroup\">\n<div class=\"page-title-head hgroup\">\n<div>\n<div class=\"b654a4as d2edcug0\">\n<div class=\"rq0escxv hkbzh7o3 jwdofwj8 n8tt0mok r8blr3vg hyh9befq\">\n<hr \/>\n<\/div>\n<\/div>\n<\/div>\n<div>\n<div class=\"page-title-head hgroup\">\n<div class=\"page-title-head hgroup\">\n<div class=\"b654a4as d2edcug0\">\n<p>&nbsp;<\/p>\n<blockquote>\n<h3><img loading=\"lazy\" decoding=\"async\" class=\"alignleft\" src=\"https:\/\/www.radiopiu.net\/wordpress\/wp-content\/uploads\/2021\/06\/fresh-flower-leaves-saffron-white-background-place-your-text-use-saffron-spice-cooking-cosmetology_347372-394.jpeg\" width=\"141\" height=\"94\" \/>L&#8217;ALMANACCO LADINO CON L&#8217;ISTITUT CESA DE JAN QUINDICINALE APPUNTAMENTO. LA DOMENICA ALLE 9 IL LUNEDI ALLE 8.35 IL MARTEDI ALLE 12.35 IL MERCOLEDI ALLE 18.35. SECONDA STAGIONE.<strong style=\"font-size: 14px;\">\u00a0<\/strong><\/h3>\n<\/blockquote>\n<p><strong>\u00a0<\/strong><strong>\u00a0RACCOLTA COMPLETA\u00a0<\/strong><\/p>\n<blockquote class=\"wp-embedded-content\" data-secret=\"VpgNfQeYBX\"><p><a href=\"https:\/\/www.radiopiu.net\/wordpress\/almanacco-ladino\/\">Almanacco Ladino<\/a><\/p><\/blockquote>\n<p><iframe loading=\"lazy\" class=\"wp-embedded-content\" sandbox=\"allow-scripts\" security=\"restricted\" style=\"position: absolute; clip: rect(1px, 1px, 1px, 1px);\" title=\"&#8220;Almanacco Ladino&#8221; &#8212; Radio Pi\u00f9\" src=\"https:\/\/www.radiopiu.net\/wordpress\/almanacco-ladino\/embed\/#?secret=VpgNfQeYBX\" data-secret=\"VpgNfQeYBX\" width=\"600\" height=\"338\" frameborder=\"0\" marginwidth=\"0\" marginheight=\"0\" scrolling=\"no\"><\/iframe><\/p>\n<\/div>\n<div>\n<p>&nbsp;<\/p>\n<hr \/>\n<h2><span style=\"color: #808000;\">DUE MINUTI UN LIBRO\u00a0 TUTTI I GIORNI ALLA RADIO ALLE 9.30 E ALLE 18. QUINTA STAGIONE\u00a0\u00a0<\/span><\/h2>\n<blockquote class=\"wp-embedded-content\" data-secret=\"eZdKsAkYoA\"><p><a href=\"https:\/\/www.radiopiu.net\/wordpress\/il-ballo-delle-pazze\/\">IL BALLO DELLE PAZZE<\/a><\/p><\/blockquote>\n<p><iframe loading=\"lazy\" class=\"wp-embedded-content\" sandbox=\"allow-scripts\" security=\"restricted\" style=\"position: absolute; clip: rect(1px, 1px, 1px, 1px);\" title=\"&#8220;IL BALLO DELLE PAZZE&#8221; &#8212; Radio Pi\u00f9\" src=\"https:\/\/www.radiopiu.net\/wordpress\/il-ballo-delle-pazze\/embed\/#?secret=eZdKsAkYoA\" data-secret=\"eZdKsAkYoA\" width=\"600\" height=\"338\" frameborder=\"0\" marginwidth=\"0\" marginheight=\"0\" scrolling=\"no\"><\/iframe><\/p>\n<p><strong>LA RACCOLTA COMPLETA\u00a0\u00a0<\/strong><\/p>\n<\/div>\n<div>\n<blockquote class=\"wp-embedded-content\" data-secret=\"9MAXduN4zl\"><p><a href=\"https:\/\/www.radiopiu.net\/wordpress\/due-minuti-un-libro\/\">Due minuti un libro<\/a><\/p><\/blockquote>\n<p><iframe loading=\"lazy\" class=\"wp-embedded-content\" sandbox=\"allow-scripts\" security=\"restricted\" style=\"position: absolute; clip: rect(1px, 1px, 1px, 1px);\" title=\"&#8220;Due minuti un libro&#8221; &#8212; Radio Pi\u00f9\" src=\"https:\/\/www.radiopiu.net\/wordpress\/due-minuti-un-libro\/embed\/#?secret=9MAXduN4zl\" data-secret=\"9MAXduN4zl\" width=\"600\" height=\"338\" frameborder=\"0\" marginwidth=\"0\" marginheight=\"0\" scrolling=\"no\"><\/iframe><\/p>\n<p>&nbsp;<\/p>\n<hr \/>\n<p>\u200b<\/p>\n<div>\n<h2><span style=\"color: #33cccc;\">I RACCONTI DI PAOLO SOPPELSA il lunedi alle 9.30 e 18.30<\/span><\/h2>\n<p>&nbsp;<\/p>\n<blockquote class=\"wp-embedded-content\" data-secret=\"MyDou3o1q4\"><p><a href=\"https:\/\/www.radiopiu.net\/wordpress\/i-racconti-di-paolo-soppelsa\/\">I racconti di Paolo Soppelsa<\/a><\/p><\/blockquote>\n<p><iframe loading=\"lazy\" class=\"wp-embedded-content\" sandbox=\"allow-scripts\" security=\"restricted\" style=\"position: absolute; clip: rect(1px, 1px, 1px, 1px);\" title=\"&#8220;I racconti di Paolo Soppelsa&#8221; &#8212; Radio Pi\u00f9\" src=\"https:\/\/www.radiopiu.net\/wordpress\/i-racconti-di-paolo-soppelsa\/embed\/#?secret=MyDou3o1q4\" data-secret=\"MyDou3o1q4\" width=\"600\" height=\"338\" frameborder=\"0\" marginwidth=\"0\" marginheight=\"0\" scrolling=\"no\"><\/iframe><\/p>\n<p>&nbsp;<\/p>\n<\/div>\n<\/div>\n<hr \/>\n<p>&nbsp;<\/p>\n<div class=\"mkdf-post-text\">\n<div class=\"mkdf-post-text-inner\">\n<div class=\"mkdf-post-text-main\">\n<div class=\"mkdf-post-text\">\n<div class=\"mkdf-post-text-inner\">\n<div class=\"mkdf-post-text-main\">\n<div class=\"mkdf-post-text\">\n<div class=\"mkdf-post-text-inner\">\n<div class=\"mkdf-post-text-main\">\n<div class=\"page-title-head hgroup\">\n<div class=\"page-title-head hgroup\">\n<div class=\"mkdf-post-text\">\n<div class=\"mkdf-post-text-inner\">\n<div class=\"mkdf-post-text-main\">\n<div class=\"mkdf-post-text\">\n<div class=\"mkdf-post-text-inner\">\n<div class=\"mkdf-post-text-main\">\n<div>\n<div class=\"page-title-head hgroup\">\n<div class=\"page-title-head hgroup\">\n<div class=\"page-title-head hgroup\">\n<div class=\"page-title-head hgroup\">\n<div class=\"b654a4as d2edcug0\">\n<div class=\"page-title-head hgroup\">\n<div class=\"page-title-head hgroup\">\n<div class=\"page-title-head hgroup\">\n<div class=\"page-title-head hgroup\">\n<div class=\"b654a4as d2edcug0\">\n<div>\n<div>\n<div>\n<div>\n<div class=\"page-title-head hgroup\">\n<div class=\"page-title-head hgroup\">\n<div class=\"page-title-head hgroup\">\n<div class=\"page-title-head hgroup\">\n<div class=\"b654a4as d2edcug0\">\n<div class=\"page-title-head hgroup\">\n<div class=\"page-title-head hgroup\">\n<div class=\"page-title-head hgroup\">\n<div class=\"page-title-head hgroup\">\n<div class=\"b654a4as d2edcug0\">\n<div>\n<div class=\"page-title-head hgroup\">\n<div class=\"page-title-head hgroup\">\n<div class=\"page-title-head hgroup\">\n<div>\n<div class=\"page-title-head hgroup\">\n<div class=\"page-title-head hgroup\">\n<div class=\"page-title-head hgroup\">\n<p>&nbsp;<\/p>\n<p><a href=\"https:\/\/www.radiopiu.net\/wordpress\/giornale-radiopiu-26-settembre-2018-direttore-mirko-mezzacasa\/viabilita-2\/\" rel=\"attachment wp-att-61954\"><img loading=\"lazy\" decoding=\"async\" class=\"wp-image-61954 size-full aligncenter\" src=\"https:\/\/www.radiopiu.net\/wordpress\/wp-content\/uploads\/2018\/09\/viabilita.jpeg\" alt=\"\" width=\"800\" height=\"100\" srcset=\"https:\/\/www.radiopiu.net\/wordpress\/wp-content\/uploads\/2018\/09\/viabilita.jpeg 800w, https:\/\/www.radiopiu.net\/wordpress\/wp-content\/uploads\/2018\/09\/viabilita-300x38.jpeg 300w, https:\/\/www.radiopiu.net\/wordpress\/wp-content\/uploads\/2018\/09\/viabilita-768x96.jpeg 768w\" sizes=\"auto, (max-width: 800px) 100vw, 800px\" \/><\/a><\/p>\n<blockquote><p><a href=\"https:\/\/www.radiopiu.net\/wordpress\/giornale-radiopiu-09-agosto-2018-direttore-mirko-mezzacasa\/viabilia\/\" rel=\"attachment wp-att-57053\"><img loading=\"lazy\" decoding=\"async\" class=\" wp-image-57053 alignleft\" src=\"https:\/\/www.radiopiu.net\/wordpress\/wp-content\/uploads\/2018\/08\/VIABILIA-300x180.jpeg\" alt=\"\" width=\"220\" height=\"132\" srcset=\"https:\/\/www.radiopiu.net\/wordpress\/wp-content\/uploads\/2018\/08\/VIABILIA-300x180.jpeg 300w, https:\/\/www.radiopiu.net\/wordpress\/wp-content\/uploads\/2018\/08\/VIABILIA-768x461.jpeg 768w, https:\/\/www.radiopiu.net\/wordpress\/wp-content\/uploads\/2018\/08\/VIABILIA-1024x614.jpeg 1024w, https:\/\/www.radiopiu.net\/wordpress\/wp-content\/uploads\/2018\/08\/VIABILIA.jpeg 1280w\" sizes=\"auto, (max-width: 220px) 100vw, 220px\" \/><\/a><\/p><\/blockquote>\n<\/div>\n<\/div>\n<\/div>\n<\/div>\n<\/div>\n<\/div>\n<\/div>\n<\/div>\n<div>\n<div>\n<div class=\"page-title-head hgroup\">\n<div class=\"page-title-head hgroup\">\n<div class=\"page-title-head hgroup\">\n<div class=\"page-title-head hgroup\">\n<div class=\"page-title-head hgroup\">\n<div class=\"page-title-head hgroup\">\n<blockquote><p>La viabilit\u00e0 con gli ultimi aggiornamenti<\/p><\/blockquote>\n<\/div>\n<\/div>\n<\/div>\n<\/div>\n<\/div>\n<\/div>\n<\/div>\n<div><\/div>\n<div><\/div>\n<div>\n<div><\/div>\n<\/div>\n<\/div>\n<\/div>\n<\/div>\n<\/div>\n<\/div>\n<\/div>\n<\/div>\n<\/div>\n<\/div>\n<\/div>\n<\/div>\n<\/div>\n<div>\n<div class=\"page-title-head hgroup\">\n<div class=\"page-title-head hgroup\">\n<div class=\"page-title-head hgroup\">\n<div class=\"page-title-head hgroup\">\n<div class=\"b654a4as d2edcug0\">\n<div>\n<div class=\"page-title-head hgroup\" style=\"text-align: left;\">\n<div class=\"page-title-head hgroup\"><\/div>\n<\/div>\n<\/div>\n<\/div>\n<\/div>\n<\/div>\n<\/div>\n<\/div>\n<\/div>\n<\/div>\n<\/div>\n<\/div>\n<div>\n<div>\n<div class=\"page-title-head hgroup\">\n<div class=\"page-title-head hgroup\">\n<div class=\"page-title-head hgroup\">\n<div class=\"page-title-head hgroup\">\n<div class=\"b654a4as d2edcug0\">\n<div class=\"page-title-head hgroup\">\n<div class=\"page-title-head hgroup\">\n<div class=\"page-title-head hgroup\">\n<div class=\"page-title-head hgroup\">\n<div class=\"b654a4as d2edcug0\">\n<div>\n<div class=\"page-title-head hgroup\">\n<div class=\"page-title-head hgroup\">\n<div class=\"page-title-head hgroup\">\n<div class=\"page-title-head hgroup\">\n<div class=\"page-title-head hgroup\">\n<div>\n<div>\n<audio class=\"wp-audio-shortcode\" id=\"audio-230695-10\" preload=\"none\" style=\"width: 100%;\" controls=\"controls\"><source type=\"audio\/mpeg\" src=\"https:\/\/www.radiopiu.net\/wordpress\/wp-content\/uploads\/2021\/09\/VIABILITA-2.mp3?_=10\" \/><a href=\"https:\/\/www.radiopiu.net\/wordpress\/wp-content\/uploads\/2021\/09\/VIABILITA-2.mp3\">https:\/\/www.radiopiu.net\/wordpress\/wp-content\/uploads\/2021\/09\/VIABILITA-2.mp3<\/a><\/audio>\n<p>&nbsp;<\/p>\n<\/div>\n<\/div>\n<\/div>\n<\/div>\n<\/div>\n<\/div>\n<\/div>\n<\/div>\n<\/div>\n<\/div>\n<\/div>\n<\/div>\n<\/div>\n<\/div>\n<\/div>\n<\/div>\n<\/div>\n<\/div>\n<\/div>\n<\/div>\n<\/div>\n<\/div>\n<\/div>\n<\/div>\n<\/div>\n<\/div>\n<\/div>\n<\/div>\n<\/div>\n<\/div>\n<\/div>\n<\/div>\n<\/div>\n<\/div>\n<\/div>\n<\/div>\n<\/div>\n<\/div>\n<\/div>\n<\/div>\n<\/div>\n<\/div>\n<\/div>\n<\/div>\n<\/div>\n<\/div>\n<\/div>\n<\/div>\n<\/div>\n<\/div>\n<\/div>\n<\/div>\n<\/div>\n<\/div>\n<\/div>\n<\/div>\n<\/div>\n<\/div>\n<\/div>\n<\/div>\n<\/div>\n<\/div>\n<\/div>\n<\/div>\n<\/div>\n<\/div>\n<\/div>\n<div>\n<div class=\"page-title-head hgroup\">\n<div class=\"page-title-head hgroup\">\n<div class=\"page-title-head hgroup\">\n<div class=\"page-title-head hgroup\">\n<div class=\"b654a4as d2edcug0\">\n<div class=\"page-title-head hgroup\">\n<div class=\"page-title-head hgroup\">\n<div class=\"page-title-head hgroup\">\n<div class=\"page-title-head hgroup\">\n<div class=\"b654a4as d2edcug0\">\n<div class=\"page-title-head hgroup\">\n<div class=\"page-title-head hgroup\">\n<div class=\"page-title-head hgroup\">\n<div class=\"page-title-head hgroup\">\n<div class=\"page-title-head hgroup\">\n<div class=\"mkdf-post-text\">\n<div class=\"mkdf-post-text-inner\">\n<div class=\"mkdf-post-text-main\">\n<div class=\"mkdf-post-text\">\n<div class=\"mkdf-post-text-inner\">\n<div class=\"mkdf-post-text-main\">\n<div class=\"mkdf-post-text\">\n<div class=\"mkdf-post-text-inner\">\n<div class=\"mkdf-post-text-main\">\n<div class=\"page-title-head hgroup\">\n<div class=\"page-title-head hgroup\">\n<div class=\"mkdf-post-text\">\n<div class=\"mkdf-post-text-inner\">\n<div class=\"mkdf-post-text-main\">\n<div class=\"mkdf-post-text\">\n<div class=\"mkdf-post-text-inner\">\n<div class=\"mkdf-post-text-main\">\n<div>\n<div class=\"page-title-head hgroup\">\n<div class=\"page-title-head hgroup\">\n<div class=\"page-title-head hgroup\">\n<div class=\"page-title-head hgroup\">\n<div class=\"b654a4as d2edcug0\">\n<div class=\"page-title-head hgroup\">\n<div class=\"page-title-head hgroup\">\n<div class=\"page-title-head hgroup\">\n<div class=\"page-title-head hgroup\">\n<div class=\"b654a4as d2edcug0\">\n<div>\n<div>\n<div>\n<div class=\"page-title-head hgroup\">\n<hr \/>\n<p>&nbsp;<\/p>\n<\/div>\n<\/div>\n<\/div>\n<\/div>\n<\/div>\n<\/div>\n<\/div>\n<\/div>\n<\/div>\n<\/div>\n<\/div>\n<\/div>\n<\/div>\n<\/div>\n<\/div>\n<div>\n<div class=\"page-title-head hgroup\">\n<div class=\"page-title-head hgroup\">\n<div>\n<div class=\"page-title-head hgroup\">\n<div class=\"page-title-head hgroup\">\n<div class=\"b654a4as d2edcug0\">\n<div>\n<div class=\"page-title-head hgroup\" style=\"text-align: left;\">\n<div class=\"page-title-head hgroup\">\n<div dir=\"auto\">\n<p><a class=\"dt-pswp-item pspw-wrap-ready\" href=\"https:\/\/i0.wp.com\/www.radiopiu.net\/wordpress\/wp-content\/uploads\/2018\/09\/WhatsApp-Image-2018-09-20-at-16.04.06.jpeg?ssl=1\" data-dt-img-description=\"\" data-large_image_width=\"800\" data-large_image_height=\"100\"><img loading=\"lazy\" decoding=\"async\" class=\"aligncenter wp-image-61378 size-full jetpack-lazy-image jetpack-lazy-image--handled\" src=\"https:\/\/i0.wp.com\/www.radiopiu.net\/wordpress\/wp-content\/uploads\/2018\/09\/WhatsApp-Image-2018-09-20-at-16.04.06.jpeg?resize=800%2C100&amp;ssl=1\" sizes=\"auto, (max-width: 800px) 100vw, 800px\" srcset=\"https:\/\/i0.wp.com\/www.radiopiu.net\/wordpress\/wp-content\/uploads\/2018\/09\/WhatsApp-Image-2018-09-20-at-16.04.06.jpeg?w=800&amp;ssl=1 800w, https:\/\/i0.wp.com\/www.radiopiu.net\/wordpress\/wp-content\/uploads\/2018\/09\/WhatsApp-Image-2018-09-20-at-16.04.06.jpeg?resize=300%2C38&amp;ssl=1 300w, https:\/\/i0.wp.com\/www.radiopiu.net\/wordpress\/wp-content\/uploads\/2018\/09\/WhatsApp-Image-2018-09-20-at-16.04.06.jpeg?resize=768%2C96&amp;ssl=1 768w\" alt=\"\" width=\"800\" height=\"100\" data-lazy-loaded=\"1\" \/><\/a><\/p>\n<\/div>\n<\/div>\n<\/div>\n<\/div>\n<\/div>\n<\/div>\n<\/div>\n<\/div>\n<\/div>\n<\/div>\n<\/div>\n<\/div>\n<\/div>\n<\/div>\n<\/div>\n<\/div>\n<\/div>\n<\/div>\n<\/div>\n<\/div>\n<\/div>\n<\/div>\n<\/div>\n<\/div>\n<\/div>\n<\/div>\n<\/div>\n<\/div>\n<p>&nbsp;<\/p>\n<p><center><b>Sabato 4<\/b><\/center><b>Tempo atteso: <\/b>Giornata variabile con tratti soleggiati, pi\u00f9 probabili al mattino, e annuvolamenti irregolari per nubi stratiformi, pi\u00f9 estese al pomeriggio, assieme a qualche addensamento cumuliforme. Tale copertura inibir\u00e0 in parte la convezione limitando il rischio di fenomeni, ma non del tutto nei settori di Stau da nord-est. Atmosfera pi\u00f9 uggiosa e debole escursione termica giornaliera a tutte le quote.<br \/>\n<b>Precipitazioni: <\/b>Su molti settori perlopi\u00f9 assenti (0%), localmente qualche pioviggine o qualche sporadico piovasco in corrispondenza degli annuvolamenti pi\u00f9 densi (20\/30%).<br \/>\n<b>Temperature: <\/b>In generale calo, eccetto stazionariet\u00e0 delle minime nelle valli. Sono previste punte di 21\/23\u00b0C nei fondovalle prealpini e di 16\/19\u00b0C a 1000\/1200 m. Su Prealpi a 1500 m min 10\u00b0C, max 13\u00b0C; a 2000 m min 8\u00b0C, max 10\u00b0C. Su Dolomiti a 2000 m min 7\u00b0C, max 10\u00b0C; a 3000 m min 1\u00b0C, max 2\u00b0C.<br \/>\n<b>Venti: <\/b>Nelle valli perlopi\u00f9 deboli di direzione variabile, anche per brezze; in quota deboli da nord-est, eccetto locali rinforzi erratici sulle cime, a 5-10 km\/h sia 2000 m che a 3000 m.<\/p>\n<hr \/>\n<p><center><b>Domenica 5<\/b><\/center><b>Tempo atteso: <\/b>Al mattino tempo soleggiato, nonostante la presenza iniziale di qualche stratocumulo sia sulle Prealpi che sulle Dolomiti, in rapido diradamento. In seguito parziale riduzione del soleggiamento per attivit\u00e0 cumuliforme, localmente moderata a ridosso del Trentino e dell&#8217;Alto Adige, dove qualche occasionale fenomeno non sar\u00e0 da escludere, per sconfinamento sui monti veneti. Il contesto termico diurna presenter\u00e0 forti contrasti tra i settori pi\u00f9 assolati e quelli interessati dalla lieve instabilit\u00e0.<br \/>\n<b>Precipitazioni: <\/b>Al mattino assenti (0%). Al pomeriggio su alcuni settori prealpini e su parte delle Dolomiti continuer\u00e0 a non piovere, mentre sulle zone a ridosso del Trentino e dell&#8217;Alto Adige, il rischio di qualche rovescio sar\u00e0 presente (20\/30%), senza poter escludere che risultino temporaleschi (10%).<br \/>\n<b>Temperature: <\/b>Minime in leggero calo; massime in aumento nelle valli per maggiore soleggiamento rispetto a sabato, stazionarie in quota. Sono previste punte di 24\/25\u00b0C nei fondovalle prealpini e di 17\/20\u00b0C a 1000\/1200 m. Su Prealpi a 1500 m min 9\u00b0C, max 13\u00b0C; a 2000 m min 7\u00b0C, max 10\u00b0C. Su Dolomiti a 2000 m min 6\u00b0C, max 10\u00b0C; a 3000 m min 0\u00b0C, max 2\u00b0C.<br \/>\n<b>Venti: <\/b>Nelle valli perlopi\u00f9 deboli a regime di brezza, localmente e a tratti moderati nei settori solitamente pi\u00f9 ventilati; in quota deboli da nord-est al mattino e da nord al pomeriggio, con qualche rinforzo erratico sulle cime, a 5-10 km\/h a 2000 m e 10-15 km\/h a 3000 m.<\/p>\n<hr \/>\n<p><center><b>Lunedi 6<\/b><\/center>Tempo stabile e ben soleggiato con cielo sereno, eccetto qualche cumulo di bel tempo durante le ore pi\u00f9 calde. Lieve generale rialzo delle temperature. Venti deboli per brezze nelle valli, localmente e a tratti moderati nei settori solitamente pi\u00f9 ventilati; in quota in prevalenza deboli dai quadranti settentrionali.<\/p>\n<hr \/>\n<p><center><b>Martedi 7<\/b><\/center>Tempo molto stabile e ben soleggiato con cielo terso al mattino e sereno al pomeriggio con quasi assenza di cumuli durante le ore pi\u00f9 calde per presenza di aria sempre pi\u00f9 secca. Temperature in aumento, specie le massime, con contesto diurno prettamente tardo-estivo. Venti deboli per brezze nelle valli, localmente e a tratti moderati nei settori solitamente pi\u00f9 ventilati; in quota in prevalenza deboli da nord-est. Previsore: R.L.Th.<\/p>\n<p>&nbsp;<\/p>\n<div class=\"mkdf-post-text\">\n<div class=\"mkdf-post-text-inner\">\n<hr \/>\n<p>&nbsp;<\/p>\n<p><img loading=\"lazy\" decoding=\"async\" class=\"wp-image-60761 size-full aligncenter\" src=\"https:\/\/www.radiopiu.net\/wordpress\/wp-content\/uploads\/2018\/09\/sport.jpg\" alt=\"\" width=\"800\" height=\"100\" srcset=\"https:\/\/www.radiopiu.net\/wordpress\/wp-content\/uploads\/2018\/09\/sport.jpg 800w, https:\/\/www.radiopiu.net\/wordpress\/wp-content\/uploads\/2018\/09\/sport-300x38.jpg 300w, https:\/\/www.radiopiu.net\/wordpress\/wp-content\/uploads\/2018\/09\/sport-768x96.jpg 768w\" sizes=\"auto, (max-width: 800px) 100vw, 800px\" \/><\/p>\n<p>&nbsp;<\/p>\n<blockquote>\n<h3>TOMMASO ZANARDI TORNA AD ALLEGHE<\/h3>\n<\/blockquote>\n<p><strong><a href=\"https:\/\/www.radiopiu.net\/wordpress\/tommaso-zanardi-torna-ad-alleghe\/504c62b8-48c4-4f75-9cc1-ba6d560f880f\/\" rel=\"attachment wp-att-230693\"><img loading=\"lazy\" decoding=\"async\" class=\"size-medium wp-image-230693 alignleft\" src=\"https:\/\/www.radiopiu.net\/wordpress\/wp-content\/uploads\/2021\/09\/504c62b8-48c4-4f75-9cc1-ba6d560f880f-300x200.jpg\" alt=\"\" width=\"300\" height=\"200\" srcset=\"https:\/\/www.radiopiu.net\/wordpress\/wp-content\/uploads\/2021\/09\/504c62b8-48c4-4f75-9cc1-ba6d560f880f-300x200.jpg 300w, https:\/\/www.radiopiu.net\/wordpress\/wp-content\/uploads\/2021\/09\/504c62b8-48c4-4f75-9cc1-ba6d560f880f-768x511.jpg 768w, https:\/\/www.radiopiu.net\/wordpress\/wp-content\/uploads\/2021\/09\/504c62b8-48c4-4f75-9cc1-ba6d560f880f.jpg 1000w\" sizes=\"auto, (max-width: 300px) 100vw, 300px\" \/><\/a>ALLEGHE <\/strong>A due settimane dall\u2019inizio del campionato di Italian Hockey League, in programma per il 18 settembre, dalla sede di via Lungolago arrivano le ultime notizie sul nuovo roster delle Civette. La notizia last minute \u00e8 l&#8217;importante ritorno ai piedi del Civetta del goalie Tommaso Zanardi, che andr\u00e0 ad affiancare il gi\u00e0 confermato Gianni Scola a guardia della gabbia agordina, creando una coppia di portieri di sicuro affidamento. Tommaso torna ad Alleghe essendo riuscito a conciliare gli impegni di studio ed hockey. Classe 2000, cresciuto nelle giovanili biancorosse, ha esordio in prima squadra nella stagione 2017\/2018, vestendo sempre la casacca delle Civette ad eccezione del campionato 2019\/2020, nel quale ha difeso la porta del Como. In biancorosso ha collezionato un totale di 88 presenze. Per quanto riguarda le giovani leve biancorosse mettiamo in evidenza alcuni ragazzi, attualmente in forza alla squadra Under 19, che in base alle esigenze di ogni singola partita potrebbero ampliare il roster di coach Fontana. Si tratta del goalie Mathias De Nardin (classe 2004), dei difensori Michele Darman (2003) e Lorenzo Riva (2002) e degli attaccanti Matthias Manfroi (2003), Thomas Angoletta (2004) e Godstime Dariz (2002), tutti cresciuti in riva al lago e dei quali speriamo di sentire parlare nei prossimi anni.<\/p>\n<p>&nbsp;<\/p>\n<p>&nbsp;<\/p>\n<hr \/>\n<p>&nbsp;<\/p>\n<blockquote>\n<h3>INIZIA IL FINE SETTIMANA DELLA PEDAVENA &#8211; CROCE D&#8217;AUNE<\/h3>\n<\/blockquote>\n<p><strong><a href=\"https:\/\/www.radiopiu.net\/wordpress\/inizia-il-fine-settimana-della-pedavena-croce-daune\/74187824_993427851007658_2494877220128948224_o\/\" rel=\"attachment wp-att-230774\"><img loading=\"lazy\" decoding=\"async\" class=\"size-medium wp-image-230774 alignleft\" src=\"https:\/\/www.radiopiu.net\/wordpress\/wp-content\/uploads\/2021\/09\/74187824_993427851007658_2494877220128948224_o-300x200.jpg\" alt=\"\" width=\"300\" height=\"200\" srcset=\"https:\/\/www.radiopiu.net\/wordpress\/wp-content\/uploads\/2021\/09\/74187824_993427851007658_2494877220128948224_o-300x200.jpg 300w, https:\/\/www.radiopiu.net\/wordpress\/wp-content\/uploads\/2021\/09\/74187824_993427851007658_2494877220128948224_o-1024x682.jpg 1024w, https:\/\/www.radiopiu.net\/wordpress\/wp-content\/uploads\/2021\/09\/74187824_993427851007658_2494877220128948224_o-768x512.jpg 768w, https:\/\/www.radiopiu.net\/wordpress\/wp-content\/uploads\/2021\/09\/74187824_993427851007658_2494877220128948224_o-1536x1024.jpg 1536w, https:\/\/www.radiopiu.net\/wordpress\/wp-content\/uploads\/2021\/09\/74187824_993427851007658_2494877220128948224_o.jpg 2000w\" sizes=\"auto, (max-width: 300px) 100vw, 300px\" \/><\/a>PEDAVENA<\/strong><\/p>\n<p>di Roberto Bona<\/p>\n<audio class=\"wp-audio-shortcode\" id=\"audio-230695-11\" preload=\"none\" style=\"width: 100%;\" controls=\"controls\"><source type=\"audio\/mpeg\" src=\"https:\/\/www.radiopiu.net\/wordpress\/wp-content\/uploads\/2021\/09\/BONA-PEDAVENA.mp3?_=11\" \/><a href=\"https:\/\/www.radiopiu.net\/wordpress\/wp-content\/uploads\/2021\/09\/BONA-PEDAVENA.mp3\">https:\/\/www.radiopiu.net\/wordpress\/wp-content\/uploads\/2021\/09\/BONA-PEDAVENA.mp3<\/a><\/audio>\n<p>&nbsp;<\/p>\n<hr \/>\n<p>&nbsp;<\/p>\n<blockquote>\n<h3>ISCRIZIONI APERTE AL 6\u00b0 RALLY DOLOMITI<\/h3>\n<\/blockquote>\n<p><strong><a href=\"https:\/\/www.radiopiu.net\/wordpress\/iscrizioni-aperte-al-6-rally-dolomiti\/gis_5923\/\" rel=\"attachment wp-att-230804\"><img loading=\"lazy\" decoding=\"async\" class=\"size-medium wp-image-230804 alignleft\" src=\"https:\/\/www.radiopiu.net\/wordpress\/wp-content\/uploads\/2021\/09\/GIS_5923-300x200.jpg\" alt=\"\" width=\"300\" height=\"200\" srcset=\"https:\/\/www.radiopiu.net\/wordpress\/wp-content\/uploads\/2021\/09\/GIS_5923-300x200.jpg 300w, https:\/\/www.radiopiu.net\/wordpress\/wp-content\/uploads\/2021\/09\/GIS_5923-1024x683.jpg 1024w, https:\/\/www.radiopiu.net\/wordpress\/wp-content\/uploads\/2021\/09\/GIS_5923-768x512.jpg 768w, https:\/\/www.radiopiu.net\/wordpress\/wp-content\/uploads\/2021\/09\/GIS_5923-1536x1024.jpg 1536w, https:\/\/www.radiopiu.net\/wordpress\/wp-content\/uploads\/2021\/09\/GIS_5923-2048x1365.jpg 2048w\" sizes=\"auto, (max-width: 300px) 100vw, 300px\" \/><\/a>VOLTAGO<\/strong><\/p>\n<p>di Roberto Bona<\/p>\n<audio class=\"wp-audio-shortcode\" id=\"audio-230695-12\" preload=\"none\" style=\"width: 100%;\" controls=\"controls\"><source type=\"audio\/mpeg\" src=\"https:\/\/www.radiopiu.net\/wordpress\/wp-content\/uploads\/2021\/09\/bona-rally.mp3?_=12\" \/><a href=\"https:\/\/www.radiopiu.net\/wordpress\/wp-content\/uploads\/2021\/09\/bona-rally.mp3\">https:\/\/www.radiopiu.net\/wordpress\/wp-content\/uploads\/2021\/09\/bona-rally.mp3<\/a><\/audio>\n<p>&nbsp;<\/p>\n<hr \/>\n<p>&nbsp;<\/p>\n<blockquote>\n<h3>IL 25 SETTEMBRE LA DELICIOUS TRAIL DOLOMITI<\/h3>\n<\/blockquote>\n<p><strong><a href=\"https:\/\/www.radiopiu.net\/wordpress\/giornale-radiopiu-04-settembre-2021-direttore-mirko-mezzacasa\/delicious-trail-dolomiti-edizione-2019-foto-t-gallini-copia\/\" rel=\"attachment wp-att-230723\"><img loading=\"lazy\" decoding=\"async\" class=\"size-medium wp-image-230723 alignleft\" src=\"https:\/\/www.radiopiu.net\/wordpress\/wp-content\/uploads\/2021\/09\/Delicious-Trail-Dolomiti-edizione-2019-Foto-T.-Gallini-copia-300x200.jpg\" alt=\"\" width=\"300\" height=\"200\" srcset=\"https:\/\/www.radiopiu.net\/wordpress\/wp-content\/uploads\/2021\/09\/Delicious-Trail-Dolomiti-edizione-2019-Foto-T.-Gallini-copia-300x200.jpg 300w, https:\/\/www.radiopiu.net\/wordpress\/wp-content\/uploads\/2021\/09\/Delicious-Trail-Dolomiti-edizione-2019-Foto-T.-Gallini-copia-768x512.jpg 768w, https:\/\/www.radiopiu.net\/wordpress\/wp-content\/uploads\/2021\/09\/Delicious-Trail-Dolomiti-edizione-2019-Foto-T.-Gallini-copia.jpg 1024w\" sizes=\"auto, (max-width: 300px) 100vw, 300px\" \/><\/a>CORTINA <\/strong>Il prossimo 25 settembre torna il Delicious Trail Dolomiti, il doppio appuntamento con la corsa in montagna, che vede le gare di 43\u00a0 e 22 km, con start da Cortina d\u2019Ampezzo e Pocol. Due trail che vedranno il ritorno di alcuni dei protagonisti della passata edizione, in primis di Barbara Giacomuzzi, vincitrice nel 2019. Lo start per la gara lunga avverr\u00e0 alle ore 7.30 del mattino dal centro di Cortina d\u2019Ampezzo, mentre lo short partir\u00e0 da Pocol (distante 5 km da Cortina), alle ore 10. La corsa di 43 km prender\u00e0 il via da Corso Italia e toccher\u00e0 nuovi punti: il lago d\u2019Ajal e \u201cRa\u00a0 Gores de Federa\u201d,\u00a0 il nuovo sentiero realizzato dalle Regole d\u2019Ampezzo, che si sviluppa tra dolci salite e lievi discese, costeggiando cascate, gole e rivoli d\u2019acqua. \u00c8 possibile iscriversi online sul sito web: <a href=\"https:\/\/delicioustrail.it\/IT\/p99-Iscrizioni-on-line-Delicious-Trail-2021\">www.delicioustrail.it <\/a>Si ricorda che per partecipare \u00e8 necessario essere in possesso del green pass.<\/p>\n<\/div>\n<\/div>\n<\/div>\n<\/div>\n<\/div>\n<\/div>\n<\/div>\n<\/div>\n<\/div>\n<\/div>\n<\/div>\n<\/div>\n<\/div>\n<\/div>\n<\/div>\n<\/div>\n<\/div>\n<\/div>\n","protected":false},"excerpt":{"rendered":"<p>COMPRIAMO UNA MACCHINA ATTREZZATA PER RICCARDO SOSPIROLO\u00a0Radio Pi\u00f9 appoggia l\u2019iniziativa di\u00a0 Agostino Tegner il pap\u00e0 di Riccardo, poche parole le sue ma piene di significato\u00a0\u201cIo e mia moglie stiamo invecchiando e non riusciamo pi\u00f9\u00a0a trasportare come si deve il nostro ragazzo, che necessita di una macchina attrezzata con un piano ribassato con pedana\u201d. Per questo&hellip;<\/p>\n","protected":false},"author":4,"featured_media":230827,"comment_status":"closed","ping_status":"open","sticky":false,"template":"","format":"standard","meta":{"_monsterinsights_skip_tracking":false,"_monsterinsights_sitenote_active":false,"_monsterinsights_sitenote_note":"","_monsterinsights_sitenote_category":0,"footnotes":""},"categories":[1,51,86,49],"tags":[],"class_list":["post-230695","post","type-post","status-publish","format-standard","has-post-thumbnail","hentry","category-senza-categoria","category-evidenza-top","category-gr","category-news-18","category-1","category-51","category-86","category-49","description-off"],"img_url":"https:\/\/www.radiopiu.net\/wordpress\/wp-content\/uploads\/2021\/09\/IMG-20210903-WA0022.jpg","_links":{"self":[{"href":"https:\/\/www.radiopiu.net\/wordpress\/wp-json\/wp\/v2\/posts\/230695","targetHints":{"allow":["GET"]}}],"collection":[{"href":"https:\/\/www.radiopiu.net\/wordpress\/wp-json\/wp\/v2\/posts"}],"about":[{"href":"https:\/\/www.radiopiu.net\/wordpress\/wp-json\/wp\/v2\/types\/post"}],"author":[{"embeddable":true,"href":"https:\/\/www.radiopiu.net\/wordpress\/wp-json\/wp\/v2\/users\/4"}],"replies":[{"embeddable":true,"href":"https:\/\/www.radiopiu.net\/wordpress\/wp-json\/wp\/v2\/comments?post=230695"}],"version-history":[{"count":0,"href":"https:\/\/www.radiopiu.net\/wordpress\/wp-json\/wp\/v2\/posts\/230695\/revisions"}],"wp:featuredmedia":[{"embeddable":true,"href":"https:\/\/www.radiopiu.net\/wordpress\/wp-json\/wp\/v2\/media\/230827"}],"wp:attachment":[{"href":"https:\/\/www.radiopiu.net\/wordpress\/wp-json\/wp\/v2\/media?parent=230695"}],"wp:term":[{"taxonomy":"category","embeddable":true,"href":"https:\/\/www.radiopiu.net\/wordpress\/wp-json\/wp\/v2\/categories?post=230695"},{"taxonomy":"post_tag","embeddable":true,"href":"https:\/\/www.radiopiu.net\/wordpress\/wp-json\/wp\/v2\/tags?post=230695"}],"curies":[{"name":"wp","href":"https:\/\/api.w.org\/{rel}","templated":true}]}}