{"id":230721,"date":"2021-09-03T12:25:25","date_gmt":"2021-09-03T10:25:25","guid":{"rendered":"https:\/\/www.radiopiu.net\/wordpress\/?p=230721"},"modified":"2021-09-03T13:08:02","modified_gmt":"2021-09-03T11:08:02","slug":"in-diretta-da-marghera-il-punto-sullemergenza-covid-19-a-cura-del-presidente-della-regione","status":"publish","type":"post","link":"https:\/\/www.radiopiu.net\/wordpress\/in-diretta-da-marghera-il-punto-sullemergenza-covid-19-a-cura-del-presidente-della-regione\/","title":{"rendered":"IN DIRETTA DA MARGHERA IL PUNTO SULL&#8217;EMERGENZA COVID-19 A CURA DEL PRESIDENTE DELLA REGIONE"},"content":{"rendered":"<p><strong>VENEZIA<\/strong>\u00a0Punto stampa da Marghera, situazione covid 19. DIRETTA.<\/p>\n<p>&nbsp;<\/p>\n<p><strong>IL BOLLETTINO NUOVO AGGIORNAMENTO<\/strong> POSITIVI DAL 21 FEBBRAIO\u00a0 456975, POSITIVI ATTUALI 13079, POSITIVI NELLE ULTIME 24 ORE 637, TAMPONI 41430,\u00a0 INCIDENZA\u00a0 1,53%,\u00a0 DECEDUTI\u00a0 11693 (+2), RICOVERATI 279 (-7), IN AREA NON CRITICA 225 (-6), TERAPIA INTENSIVA 54 (-1), ALTRI PAZIENTI IN TERAPIA INTENSIVA 349 ,\u00a0 DIMESSI 22929<\/p>\n<p>&nbsp;<\/p>\n<blockquote>\n<h3>LEGGI LA CONFERENZA STAMPA DI LUCA ZAIA<\/h3>\n<\/blockquote>\n<p>Non c&#8217;\u00e8 remissione della curva dell&#8217;infezione. Da qui alle prossime 3 settimane non bisogna abbassare la guardia. Il nostro RT \u00e8 0,90, incidenza 92,9 su 100 mila abitanti, terapie intensive occupate al 5 %, area medica al 3%. Siamo ancora in area bianca ma bisogna usare le mascherine e distanziamento. I vaccinati in Veneto non sono pochi. Il 78,9% \u00e8 la media regionale. Faccio appello al governo di dire nel pi\u00f9 breve tempo possibile se si deve fare la terza dose, l&#8217;autunno \u00e8 alle porte. Se si parte con la terza dose si partir\u00e0 con gli anziani quindi cambieranno le priorit\u00e0. <strong>OBBLIGO VACCINALE<\/strong> Io non commento un eventuale obbligo. Ci sono 11 vaccini in via teorica obbligatori ma ci sono ancora persone che non li fanno. Nonostante l&#8217;obbligo c&#8217;\u00e8 chi non fa i vaccini. In Europa ancora nessun paese ha adottato l&#8217;obbligo del vaccino anticovid. Se obblighi alla vaccinazione io la vedo come una sconfitta, in Veneto con la volontariet\u00e0 siamo quasi all&#8217;80%. Bisogna vedere come viene interpretato l&#8217;obbligo. Forse sar\u00e0 utilizzato per determinate categorie. <strong>CAMPAGNA D&#8217;INFORMAZIONE SUL VACCINO<\/strong> La campagna deve essere autorevole, certificata dai virologi e partire dalle famose fake news per smontarle.\u00a0<strong>PIANO SCUOLA<\/strong> Verr\u00e0 presentato luned\u00ec o mercoled\u00ec.<\/p>\n<p>&nbsp;<\/p>\n<p>&nbsp;<\/p>\n<p>https:\/\/www.facebook.com\/zaiaufficiale\/videos\/376028467493652<\/p>\n<p>&nbsp;<\/p>\n","protected":false},"excerpt":{"rendered":"<p>VENEZIA\u00a0Punto stampa da Marghera, situazione covid 19. DIRETTA. &nbsp; IL BOLLETTINO NUOVO AGGIORNAMENTO POSITIVI DAL 21 FEBBRAIO\u00a0 456975, POSITIVI ATTUALI 13079, POSITIVI NELLE ULTIME 24 ORE 637, TAMPONI 41430,\u00a0 INCIDENZA\u00a0 1,53%,\u00a0 DECEDUTI\u00a0 11693 (+2), RICOVERATI 279 (-7), IN AREA NON CRITICA 225 (-6), TERAPIA INTENSIVA 54 (-1), ALTRI PAZIENTI IN TERAPIA INTENSIVA 349 ,\u00a0 DIMESSI&hellip;<\/p>\n","protected":false},"author":4,"featured_media":175303,"comment_status":"closed","ping_status":"open","sticky":false,"template":"","format":"standard","meta":{"_monsterinsights_skip_tracking":false,"_monsterinsights_sitenote_active":false,"_monsterinsights_sitenote_note":"","_monsterinsights_sitenote_category":0,"footnotes":""},"categories":[51,49],"tags":[],"class_list":["post-230721","post","type-post","status-publish","format-standard","has-post-thumbnail","hentry","category-evidenza-top","category-news-18","category-51","category-49","description-off"],"img_url":"https:\/\/www.radiopiu.net\/wordpress\/wp-content\/uploads\/2020\/11\/ZAIA-MASCHERINA-e1616680380412.png","_links":{"self":[{"href":"https:\/\/www.radiopiu.net\/wordpress\/wp-json\/wp\/v2\/posts\/230721","targetHints":{"allow":["GET"]}}],"collection":[{"href":"https:\/\/www.radiopiu.net\/wordpress\/wp-json\/wp\/v2\/posts"}],"about":[{"href":"https:\/\/www.radiopiu.net\/wordpress\/wp-json\/wp\/v2\/types\/post"}],"author":[{"embeddable":true,"href":"https:\/\/www.radiopiu.net\/wordpress\/wp-json\/wp\/v2\/users\/4"}],"replies":[{"embeddable":true,"href":"https:\/\/www.radiopiu.net\/wordpress\/wp-json\/wp\/v2\/comments?post=230721"}],"version-history":[{"count":0,"href":"https:\/\/www.radiopiu.net\/wordpress\/wp-json\/wp\/v2\/posts\/230721\/revisions"}],"wp:featuredmedia":[{"embeddable":true,"href":"https:\/\/www.radiopiu.net\/wordpress\/wp-json\/wp\/v2\/media\/175303"}],"wp:attachment":[{"href":"https:\/\/www.radiopiu.net\/wordpress\/wp-json\/wp\/v2\/media?parent=230721"}],"wp:term":[{"taxonomy":"category","embeddable":true,"href":"https:\/\/www.radiopiu.net\/wordpress\/wp-json\/wp\/v2\/categories?post=230721"},{"taxonomy":"post_tag","embeddable":true,"href":"https:\/\/www.radiopiu.net\/wordpress\/wp-json\/wp\/v2\/tags?post=230721"}],"curies":[{"name":"wp","href":"https:\/\/api.w.org\/{rel}","templated":true}]}}