{"id":230777,"date":"2021-09-03T23:59:17","date_gmt":"2021-09-03T21:59:17","guid":{"rendered":"https:\/\/www.radiopiu.net\/wordpress\/?p=230777"},"modified":"2021-09-03T15:35:18","modified_gmt":"2021-09-03T13:35:18","slug":"domenica-12-settembre-la-messa-organizzata-da-genitori-sempre","status":"publish","type":"post","link":"https:\/\/www.radiopiu.net\/wordpress\/domenica-12-settembre-la-messa-organizzata-da-genitori-sempre\/","title":{"rendered":"DOMENICA 12 SETTEMBRE LA MESSA ORGANIZZATA DA &#8220;GENITORI SEMPRE&#8221;"},"content":{"rendered":"<p><strong><a href=\"https:\/\/www.radiopiu.net\/wordpress\/la-redazione-vicina-al-dolore-della-famiglia-levis\/rosa-bianca\/\" rel=\"attachment wp-att-162759\"><img loading=\"lazy\" decoding=\"async\" class=\"size-medium wp-image-162759 alignleft\" src=\"https:\/\/www.radiopiu.net\/wordpress\/wp-content\/uploads\/2020\/09\/ROSA-BIANCA-300x200.jpg\" alt=\"\" width=\"300\" height=\"200\" srcset=\"https:\/\/www.radiopiu.net\/wordpress\/wp-content\/uploads\/2020\/09\/ROSA-BIANCA-300x200.jpg 300w, https:\/\/www.radiopiu.net\/wordpress\/wp-content\/uploads\/2020\/09\/ROSA-BIANCA-1024x683.jpg 1024w, https:\/\/www.radiopiu.net\/wordpress\/wp-content\/uploads\/2020\/09\/ROSA-BIANCA-768x512.jpg 768w, https:\/\/www.radiopiu.net\/wordpress\/wp-content\/uploads\/2020\/09\/ROSA-BIANCA-1536x1024.jpg 1536w, https:\/\/www.radiopiu.net\/wordpress\/wp-content\/uploads\/2020\/09\/ROSA-BIANCA-640x427.jpg 640w, https:\/\/www.radiopiu.net\/wordpress\/wp-content\/uploads\/2020\/09\/ROSA-BIANCA.jpg 1920w\" sizes=\"auto, (max-width: 300px) 100vw, 300px\" \/><\/a>di Gianni Santomaso<\/strong><\/p>\n<p><strong>AGORDO <\/strong>L\u2019Associazione \u00abGenitori Sempre\u00bb invita tutti i pap\u00e0 e le mamme che hanno perso un figlio prematuramente e la comunit\u00e0 agordina a unirsi nella messa a ricordo che verr\u00e0 celebrata domenica 12 settembre alle 18.30, nella chiesa arcidiaconale di Agordo.<br \/>\nPer informazioni sullo svolgimento dell&#8217;incontro religioso o per segnalare eventuali nomi e volti da ricordare nella messa, si possono contattare Silvano (3475913972) e Antonietta (3492830433). Il rito inizier\u00e0 con la proiezione delle foto dei ragazzi &#8220;andati avanti&#8221; e sar\u00e0 accompagnato dai canti del coro interparrocchiale del Poi. Al termine del rito religioso dal sagrato della chiesa verranno liberati dei palloncini bianchi ai quali \u00e8 affidato il compito di portare lass\u00f9 una breve dedica. Alla preghiera a cui chiamano annualmente tutta la comunit\u00e0, i &#8220;Genitori sempre&#8221; aggiungono spesso la promozione di percorsi di prevenzione degli incidenti stradali.<\/p>\n<audio class=\"wp-audio-shortcode\" id=\"audio-230777-1\" preload=\"none\" style=\"width: 100%;\" controls=\"controls\"><source type=\"audio\/mpeg\" src=\"https:\/\/www.radiopiu.net\/wordpress\/wp-content\/uploads\/2021\/09\/GENITORI-SEMPRE.mp3?_=1\" \/><a href=\"https:\/\/www.radiopiu.net\/wordpress\/wp-content\/uploads\/2021\/09\/GENITORI-SEMPRE.mp3\">https:\/\/www.radiopiu.net\/wordpress\/wp-content\/uploads\/2021\/09\/GENITORI-SEMPRE.mp3<\/a><\/audio>\n<p>&nbsp;<\/p>\n<p>&nbsp;<\/p>\n<p>&nbsp;<\/p>\n<p>*****<\/p>\n<p>&nbsp;<\/p>\n","protected":false},"excerpt":{"rendered":"<p>di Gianni Santomaso AGORDO L\u2019Associazione \u00abGenitori Sempre\u00bb invita tutti i pap\u00e0 e le mamme che hanno perso un figlio prematuramente e la comunit\u00e0 agordina a unirsi nella messa a ricordo che verr\u00e0 celebrata domenica 12 settembre alle 18.30, nella chiesa arcidiaconale di Agordo. Per informazioni sullo svolgimento dell&#8217;incontro religioso o per segnalare eventuali nomi e&hellip;<\/p>\n","protected":false},"author":4,"featured_media":162759,"comment_status":"closed","ping_status":"open","sticky":false,"template":"","format":"standard","meta":{"_monsterinsights_skip_tracking":false,"_monsterinsights_sitenote_active":false,"_monsterinsights_sitenote_note":"","_monsterinsights_sitenote_category":0,"footnotes":""},"categories":[49],"tags":[],"class_list":["post-230777","post","type-post","status-publish","format-standard","has-post-thumbnail","hentry","category-news-18","category-49","description-off"],"img_url":"https:\/\/www.radiopiu.net\/wordpress\/wp-content\/uploads\/2020\/09\/ROSA-BIANCA.jpg","_links":{"self":[{"href":"https:\/\/www.radiopiu.net\/wordpress\/wp-json\/wp\/v2\/posts\/230777","targetHints":{"allow":["GET"]}}],"collection":[{"href":"https:\/\/www.radiopiu.net\/wordpress\/wp-json\/wp\/v2\/posts"}],"about":[{"href":"https:\/\/www.radiopiu.net\/wordpress\/wp-json\/wp\/v2\/types\/post"}],"author":[{"embeddable":true,"href":"https:\/\/www.radiopiu.net\/wordpress\/wp-json\/wp\/v2\/users\/4"}],"replies":[{"embeddable":true,"href":"https:\/\/www.radiopiu.net\/wordpress\/wp-json\/wp\/v2\/comments?post=230777"}],"version-history":[{"count":0,"href":"https:\/\/www.radiopiu.net\/wordpress\/wp-json\/wp\/v2\/posts\/230777\/revisions"}],"wp:featuredmedia":[{"embeddable":true,"href":"https:\/\/www.radiopiu.net\/wordpress\/wp-json\/wp\/v2\/media\/162759"}],"wp:attachment":[{"href":"https:\/\/www.radiopiu.net\/wordpress\/wp-json\/wp\/v2\/media?parent=230777"}],"wp:term":[{"taxonomy":"category","embeddable":true,"href":"https:\/\/www.radiopiu.net\/wordpress\/wp-json\/wp\/v2\/categories?post=230777"},{"taxonomy":"post_tag","embeddable":true,"href":"https:\/\/www.radiopiu.net\/wordpress\/wp-json\/wp\/v2\/tags?post=230777"}],"curies":[{"name":"wp","href":"https:\/\/api.w.org\/{rel}","templated":true}]}}