{"id":230863,"date":"2021-09-06T06:00:41","date_gmt":"2021-09-06T04:00:41","guid":{"rendered":"https:\/\/www.radiopiu.net\/wordpress\/?p=230863"},"modified":"2021-09-06T05:36:37","modified_gmt":"2021-09-06T03:36:37","slug":"giornale-radiopiu-06-settembre-2021-direttore-mirko-mezzacasa","status":"publish","type":"post","link":"https:\/\/www.radiopiu.net\/wordpress\/giornale-radiopiu-06-settembre-2021-direttore-mirko-mezzacasa\/","title":{"rendered":"GIORNALE RADIOPIU 06 SETTEMBRE 2021 DIRETTORE MIRKO MEZZACASA"},"content":{"rendered":"<blockquote>\n<h3>COMPRIAMO UNA MACCHINA ATTREZZATA PER RICCARDO<\/h3>\n<\/blockquote>\n<p><strong><a href=\"https:\/\/www.radiopiu.net\/wordpress\/compriamo-una-macchina-attrezzata-per-riccardo\/1626340291137881-img-20210714-wa0025\/\" rel=\"attachment wp-att-224370\"><img loading=\"lazy\" decoding=\"async\" class=\"size-medium wp-image-224370 alignleft\" src=\"https:\/\/www.radiopiu.net\/wordpress\/wp-content\/uploads\/2021\/07\/1626340291137881-IMG-20210714-WA0025-169x300.jpg\" sizes=\"auto, (max-width: 169px) 100vw, 169px\" srcset=\"https:\/\/www.radiopiu.net\/wordpress\/wp-content\/uploads\/2021\/07\/1626340291137881-IMG-20210714-WA0025-169x300.jpg 169w, https:\/\/www.radiopiu.net\/wordpress\/wp-content\/uploads\/2021\/07\/1626340291137881-IMG-20210714-WA0025-576x1024.jpg 576w, https:\/\/www.radiopiu.net\/wordpress\/wp-content\/uploads\/2021\/07\/1626340291137881-IMG-20210714-WA0025-768x1365.jpg 768w, https:\/\/www.radiopiu.net\/wordpress\/wp-content\/uploads\/2021\/07\/1626340291137881-IMG-20210714-WA0025.jpg 800w\" alt=\"\" width=\"169\" height=\"300\" \/><\/a>SOSPIROLO<\/strong>\u00a0Radio Pi\u00f9 appoggia l\u2019iniziativa di\u00a0 Agostino Tegner il pap\u00e0 di Riccardo, poche parole le sue ma piene di significato<em>\u00a0\u201cIo e mia moglie stiamo invecchiando e non riusciamo pi\u00f9\u00a0<img loading=\"lazy\" decoding=\"async\" class=\"alignright\" src=\"https:\/\/www.radiopiu.net\/wordpress\/wp-content\/uploads\/2021\/07\/1626451699105964-locandina-riccardo.jpg\" width=\"297\" height=\"167\" \/>a trasportare come si deve il nostro ragazzo, che necessita di una macchina attrezzata con un piano ribassato con pedana\u201d.<\/em><\/p>\n<p>Per questo ha avuto inizio la raccolta fondi che si prefigge lo scopo di raccogliere 35.000 euro entro fine agosto. Ad oggi sono stati versati i primi <span style=\"color: #ff0000;\">21.825<\/span>\u00a0euro, per farlo \u00e8 semplice\u00a0<strong><a href=\"https:\/\/www.eppela.com\/it\/projects\/31001-compriamo-una-macchina-attrezzata-per-riccardo\">clicca qui\u00a0<\/a><\/strong><\/p>\n<blockquote><p><em>Riccardo \u00e8 un simpatico ragazzino di 15 anni che vive sulle montagne di Sospirolo. Sempre sorridente e circondato dall\u2019affetto dei suoi cari, Riccardo \u00e8 per\u00f2 costretto a stare sulla sedia a rotelle a causa della distrofia muscolare di Duchenne, di cui \u00e8 affetto dalla nascita.\u00a0 I genitori, dopo anni di sacrifici, hanno deciso di acquistare un\u2019auto munita di pedana per poter trasportare il figlio in modo pi\u00f9 comodo, pratico e sicuro, soprattutto adesso che sta crescendo e il peso \u2013 per i due genitori che stanno diventando anziani \u2013 si fa sempre pi\u00f9 sentire.\u00a0<\/em><\/p><\/blockquote>\n<p>&nbsp;<\/p>\n<h3><strong>NEI GIORNI SCORSI ERA PRESENTE UN IBAN SU CUI FARE LE DONAZIONI. SIAMO STATI CONTATTATI DA EPPELA, IL SITO CHE GESTISCE LA RACCOLTA FONDI, CHE GENTILMENTE HA CHIESTO DI TOGLIERLO PERCHE&#8217; IL SISTEMA NON RICEVEVA PIU&#8217; DONAZIONI VISTO CHE L&#8217;IBAN ERA PROVVISORIO. I SOLDI DONATI NON SONO ANDATI PERSI MA VERRANNO ACCREDITATI DIRETTAMENTE SUL CONTO CORRENTE DI DELLA FAMIGLIA DI RICCARDO. LA CIFRA DA AGGIUNGERE ALLE DONAZIONI ONLINE E&#8217; DI 1670 EURO. GRAZIE PER LE DONAZIONI A QUESTA INIZIATIVA. <\/strong><\/h3>\n<h3 style=\"text-align: center;\"><span style=\"color: #ff0000;\"><strong>CHI VOLESSE FARE UNA DONAZIONE DIRETTAMENTE ALLA FAMIGLIA DI RICCARDO LO PUO&#8217; FARE SU QUESTO IBAN INTESTATO ALLA MAMMA ANA MARIA STOIAN: <\/strong><\/span><\/h3>\n<h3 style=\"text-align: center;\"><span style=\"color: #ff0000;\"><strong>IT40N0760111900000003558144<\/strong><\/span><\/h3>\n<p>&nbsp;<\/p>\n<p>&nbsp;<\/p>\n<hr \/>\n<p>&nbsp;<\/p>\n<blockquote>\n<h3>I PROSSIMI APPUNTAMENTI PER LE VACCINAZIONI AD ACCESSO LIBERO<\/h3>\n<\/blockquote>\n<p>Per facilitare l\u2019adesione alla vaccinazione anti covid, l\u2019ulss Dolomiti ha organizzato delle sedute straordinarie ad <b>accesso libero<\/b> per tutte persone con pi\u00f9 di 12 anni. I prossimi appuntamenti in zona Sedico e Agordino sono: <b>FALCADE<\/b> <span style=\"font-family: Arial;\">scuole elementari &#8211; <\/span><span style=\"font-family: Arial;\">marted\u00ec 7 settembre 2021<\/span> <span style=\"font-family: Arial;\">14:30-18:00, <\/span><b>ALLEGHE<\/b> <span style=\"font-family: Arial;\">sala Franceschini dello Stadio del Ghiaccio di Alleghe <\/span><span style=\"font-family: Arial;\">venerd\u00ec 10 settembre 2021 14:30-18:00 <\/span>Inoltre, nel mese di settembre, tutti i gioved\u00ec sera il drive in vaccinale di Paludi sar\u00e0 attivo dalle 18.30 alle 22.00, tutti i marted\u00ec sera sar\u00e0 possibile vaccinarsi al Centro Prelievi dell\u2019ospedale di Feltre dalle 18 alle 20 (per info 0439\/883709). Portare con s\u00e9 la tessera sanitaria<\/p>\n<p>&nbsp;<\/p>\n<h2 style=\"text-align: center;\"><span style=\"color: #ff0000;\">GLI ORARI E I NUOVI COVID POINT A PARTIRE DA OGGI<\/span><\/h2>\n<p><a href=\"https:\/\/www.radiopiu.net\/wordpress\/giornale-radiopiu-01-settembre-2021-direttore-mirko-mezzacasa\/covid-point-settembre\/\" rel=\"attachment wp-att-230373\"><img loading=\"lazy\" decoding=\"async\" class=\"aligncenter wp-image-230373 size-full\" src=\"https:\/\/www.radiopiu.net\/wordpress\/wp-content\/uploads\/2021\/08\/covid-point-settembre.png\" alt=\"\" width=\"940\" height=\"788\" srcset=\"https:\/\/www.radiopiu.net\/wordpress\/wp-content\/uploads\/2021\/08\/covid-point-settembre.png 940w, https:\/\/www.radiopiu.net\/wordpress\/wp-content\/uploads\/2021\/08\/covid-point-settembre-300x251.png 300w, https:\/\/www.radiopiu.net\/wordpress\/wp-content\/uploads\/2021\/08\/covid-point-settembre-768x644.png 768w\" sizes=\"auto, (max-width: 940px) 100vw, 940px\" \/><\/a><\/p>\n<p>&nbsp;<\/p>\n<hr \/>\n<p>&nbsp;<\/p>\n<p><a href=\"https:\/\/www.radiopiu.net\/wordpress\/acqua-di-nuovo-potabile-a-gosaldo\/bicchiere-acqua\/\" rel=\"attachment wp-att-197762\"><img loading=\"lazy\" decoding=\"async\" class=\"size-medium wp-image-197762 alignleft\" src=\"https:\/\/www.radiopiu.net\/wordpress\/wp-content\/uploads\/2021\/03\/BICCHIERE-ACQUA-300x200.jpg\" alt=\"\" width=\"300\" height=\"200\" srcset=\"https:\/\/www.radiopiu.net\/wordpress\/wp-content\/uploads\/2021\/03\/BICCHIERE-ACQUA-300x200.jpg 300w, https:\/\/www.radiopiu.net\/wordpress\/wp-content\/uploads\/2021\/03\/BICCHIERE-ACQUA-1024x683.jpg 1024w, https:\/\/www.radiopiu.net\/wordpress\/wp-content\/uploads\/2021\/03\/BICCHIERE-ACQUA-768x512.jpg 768w, https:\/\/www.radiopiu.net\/wordpress\/wp-content\/uploads\/2021\/03\/BICCHIERE-ACQUA-1536x1024.jpg 1536w, https:\/\/www.radiopiu.net\/wordpress\/wp-content\/uploads\/2021\/03\/BICCHIERE-ACQUA.jpg 1920w\" sizes=\"auto, (max-width: 300px) 100vw, 300px\" \/><\/a><\/p>\n<p>&nbsp;<\/p>\n<p>&nbsp;<\/p>\n<p>Gestione Servizi Pubblici informa che a LIVINALLONGO nelle localit\u00e0 AL FAURO, CREPAZ, RENAZ, RUAZ, PEZZEI, S.GIOVANNI e FOSSAL, l&#8217;acqua erogata dall&#8217;acquedotto \u00e8 di nuovo potabile e pu\u00f2 essere usata, quindi, per scopi alimentari.<\/p>\n<p>&nbsp;<\/p>\n<p>&nbsp;<\/p>\n<p>&nbsp;<\/p>\n<p>&nbsp;<\/p>\n<hr \/>\n<p>&nbsp;<\/p>\n<blockquote>\n<h3>I CANTIERI SULLE STRADE DELLA PROVINCIA<\/h3>\n<\/blockquote>\n<p><strong>SR 48 DELLE DOLOMITI\u00a0<\/strong>fino al 31 ottobre, esclusi sabato e domenica, senso unico alternato regolato da semaforo per posa cavidotto<\/p>\n<p><strong>SP 347 PASSO CEREDA E DURAN\u00a0<\/strong>in comune di Gosaldo fino al 30 settembre senso unico alternato regolato da semaforo per posa cavidotto<\/p>\n<p><strong>SP 346 PASSO SAN PELLEGRINO<\/strong> in localit\u00e0 La Mora di Canale D\u2019Agordo senso unico alternato regolato da semaforo fino al 15 ottobre per messa in sicurezza della strada<\/p>\n<p><strong>SP 251 VAL DI ZOLDO E CELLINA<\/strong> senso unico alternato regolato da semaforo in comune di Colle Santa Lucia fino al 1 ottobre per messa in sicurezza piano viabile<\/p>\n<p><strong>SP 3 VALLE IMPERINA <\/strong>fino al 10 settembre, esclusi sabato e domenica, senso unico alternato a Rivamonte per interramento linea elettrica<\/p>\n<p><strong>SR 48 DELLE DOLOMITI\u00a0<\/strong>fino al 30 settembre senso unico alternato con semaforo ad Arabba per messa in sicurezza del piano viabile<\/p>\n<p><strong>SP 3 VALLE IMPERINA<\/strong> fino al 30 settembre, esclusi sabato e domenica, senso unico alternato regolato da movieri con interruzioni della durata massima di 20 minuti in comune di Gosaldo per asfaltatura<\/p>\n<p><strong>SR 203 AGORDINA<\/strong> senso unico alternato regolato da movieri in comune di San Tomaso dal 6 al 20 settembre per lavori di esbosco<\/p>\n<p>&nbsp;<\/p>\n<p>&nbsp;<\/p>\n<hr \/>\n<p>&nbsp;<\/p>\n<blockquote>\n<h3>CONTINUANO SENZA ESITO LE RICERCHE DI FEDERICO LUNGATO<\/h3>\n<\/blockquote>\n<p><strong><a href=\"https:\/\/www.radiopiu.net\/wordpress\/giornata-impegnativa-per-il-soccorso-alpino-tra-cortina-e-cadore\/salt_20210825_181117_945\/\" rel=\"attachment wp-att-229594\"><img loading=\"lazy\" decoding=\"async\" class=\"size-medium wp-image-229594 alignleft\" src=\"https:\/\/www.radiopiu.net\/wordpress\/wp-content\/uploads\/2021\/08\/salt_20210825_181117_945-300x225.jpg\" alt=\"\" width=\"300\" height=\"225\" srcset=\"https:\/\/www.radiopiu.net\/wordpress\/wp-content\/uploads\/2021\/08\/salt_20210825_181117_945-300x225.jpg 300w, https:\/\/www.radiopiu.net\/wordpress\/wp-content\/uploads\/2021\/08\/salt_20210825_181117_945-1024x768.jpg 1024w, https:\/\/www.radiopiu.net\/wordpress\/wp-content\/uploads\/2021\/08\/salt_20210825_181117_945-768x576.jpg 768w, https:\/\/www.radiopiu.net\/wordpress\/wp-content\/uploads\/2021\/08\/salt_20210825_181117_945-1536x1152.jpg 1536w, https:\/\/www.radiopiu.net\/wordpress\/wp-content\/uploads\/2021\/08\/salt_20210825_181117_945-2048x1536.jpg 2048w\" sizes=\"auto, (max-width: 300px) 100vw, 300px\" \/><\/a>VAL DI ZOLDO<\/strong> Le ricerche di ieri si chiudono senza alcun nuovo elemento utile che possa aiutare a far luce sulla scomparsa di Federico Lugato, l&#8217;escursionista di 39 anni partito la mattina del 26 agosto per un giro ad anello nel Gruppo del Tamer-San Sebastiano e mai pi\u00f9 rientrato. Una sessantina di persone, tra Soccorso alpino, Guardia di finanza, Vigili del fuoco, Carabinieri forestali e Protezione civile con diverse unit\u00e0 cinofile, si sono ridistribuire su alcune aree gi\u00e0 percorse, per sopralluoghi ancora pi\u00f9 dettagliati, in Val Prampera, nella piana sotto il Petorgnon, dove l&#8217;intrico di mughi rende difficili gli spostamenti e dove sono stati controllati anfratti e cavit\u00e0. Ripassata anche l&#8217;area della Croda Daerta. Non si sono registrate altre segnalazioni, n\u00e9 raccolte informazioni aggiuntive. Anche ieri erano inoltre presenti diverse decine di volontari privati, arrivati a seguito degli appelli della moglie di Federico.<\/p>\n<p>&nbsp;<\/p>\n<p>&nbsp;<\/p>\n<hr \/>\n<p>&nbsp;<\/p>\n<blockquote>\n<h3>RICERCHE IN CORSO LUNGO IL MAE&#8217;<\/h3>\n<\/blockquote>\n<p><strong>LONGARONE <\/strong>Ieri attorno alle 18 sono partite le ricerche di un uomo partito questa mattina da Soffranco per scendere lungo la forra del Ma\u00e8 fino a Pirago. Dell&#8217;uomo, che era atteso alle 14.30, non si hanno pi\u00f9 notizie. Al momento sul posto ci sono il Soccorso alpino di Longarone, il Gruppo Forre del Soccorso alpino e speleologico Veneto, i Vigili del fuoco, il Sagf.<\/p>\n<p>&nbsp;<\/p>\n<p>&nbsp;<\/p>\n<hr \/>\n<p>&nbsp;<\/p>\n<blockquote>\n<h3>DUE FERITI NELL&#8217;INCIDENTE DELLA SCORSA NOTTE SULLA STRADA DEL MIS<\/h3>\n<\/blockquote>\n<p><strong>SOSPIROLO<\/strong> Nella notte tra sabato e domenica, qualche minuto prima della mezzanotte, i Vigili del Fuoco sono intervenuti lungo la SP 2 in localit\u00e0 Mis nel comune di Sospirolo per un\u2019auto finita fuoristrada contro un muretto: due i feriti. I pompieri arrivati da Belluno con il personale di prima partenza, hanno messo in sicurezza l\u2019auto ed estratto una persona rimasta incastrata nell\u2019abitacolo della Lancia Delta. Entrambi i feriti sono stati assistiti dal personale del SUEM e trasferiti in ospedale. Sul posto la Polizia Stradale per i rilievi del sinistro. Le operazioni di soccorso dei vigili del fuoco sono terminate alle 3 con la rimozione dell\u2019auto da parte del soccorso stradale.<\/p>\n\n\t\t\t<style type='text\/css'>\n\t\t\t\t#gallery-1 {\n\t\t\t\t\tmargin: auto;\n\t\t\t\t}\n\t\t\t\t#gallery-1 .gallery-item {\n\t\t\t\t\tfloat: left;\n\t\t\t\t\tmargin-top: 10px;\n\t\t\t\t\ttext-align: center;\n\t\t\t\t\twidth: 25%;\n\t\t\t\t}\n\t\t\t\t#gallery-1 img {\n\t\t\t\t\tborder: 2px solid #cfcfcf;\n\t\t\t\t}\n\t\t\t\t#gallery-1 .gallery-caption {\n\t\t\t\t\tmargin-left: 0;\n\t\t\t\t}\n\t\t\t\t\/* see gallery_shortcode() in wp-includes\/media.php *\/\n\t\t\t<\/style>\n\t\t<div id='gallery-1' class='dt-gallery-container gallery galleryid-230863 gallery-columns-4 gallery-size-medium'><dl class='gallery-item'>\n\t\t\t\t<dt class='gallery-icon landscape'>\n\t\t\t\t\t<a class=\"rollover rollover-zoom dt-pswp-item\" title=\"934c51f2-9ce3-4b45-8b0b-dafa11a47ae1\" data-dt-img-description=\"\" data-large_image_width=\"1280\" data-large_image_height=\"957\"href='https:\/\/www.radiopiu.net\/wordpress\/wp-content\/uploads\/2021\/09\/934c51f2-9ce3-4b45-8b0b-dafa11a47ae1.jpg'><img loading=\"lazy\" decoding=\"async\" width=\"300\" height=\"224\" src=\"https:\/\/www.radiopiu.net\/wordpress\/wp-content\/uploads\/2021\/09\/934c51f2-9ce3-4b45-8b0b-dafa11a47ae1-300x224.jpg\" class=\"attachment-medium size-medium\" alt=\"\" srcset=\"https:\/\/www.radiopiu.net\/wordpress\/wp-content\/uploads\/2021\/09\/934c51f2-9ce3-4b45-8b0b-dafa11a47ae1-300x224.jpg 300w, https:\/\/www.radiopiu.net\/wordpress\/wp-content\/uploads\/2021\/09\/934c51f2-9ce3-4b45-8b0b-dafa11a47ae1-1024x766.jpg 1024w, https:\/\/www.radiopiu.net\/wordpress\/wp-content\/uploads\/2021\/09\/934c51f2-9ce3-4b45-8b0b-dafa11a47ae1-768x574.jpg 768w, https:\/\/www.radiopiu.net\/wordpress\/wp-content\/uploads\/2021\/09\/934c51f2-9ce3-4b45-8b0b-dafa11a47ae1.jpg 1280w\" sizes=\"auto, (max-width: 300px) 100vw, 300px\" \/><\/a>\n\t\t\t\t<\/dt><\/dl><dl class='gallery-item'>\n\t\t\t\t<dt class='gallery-icon landscape'>\n\t\t\t\t\t<a class=\"rollover rollover-zoom dt-pswp-item\" title=\"c80a7e39-6c34-419e-941c-1e806b670562\" data-dt-img-description=\"\" data-large_image_width=\"1280\" data-large_image_height=\"957\"href='https:\/\/www.radiopiu.net\/wordpress\/wp-content\/uploads\/2021\/09\/c80a7e39-6c34-419e-941c-1e806b670562.jpg'><img loading=\"lazy\" decoding=\"async\" width=\"300\" height=\"224\" src=\"https:\/\/www.radiopiu.net\/wordpress\/wp-content\/uploads\/2021\/09\/c80a7e39-6c34-419e-941c-1e806b670562-300x224.jpg\" class=\"attachment-medium size-medium\" alt=\"\" srcset=\"https:\/\/www.radiopiu.net\/wordpress\/wp-content\/uploads\/2021\/09\/c80a7e39-6c34-419e-941c-1e806b670562-300x224.jpg 300w, https:\/\/www.radiopiu.net\/wordpress\/wp-content\/uploads\/2021\/09\/c80a7e39-6c34-419e-941c-1e806b670562-1024x766.jpg 1024w, https:\/\/www.radiopiu.net\/wordpress\/wp-content\/uploads\/2021\/09\/c80a7e39-6c34-419e-941c-1e806b670562-768x574.jpg 768w, https:\/\/www.radiopiu.net\/wordpress\/wp-content\/uploads\/2021\/09\/c80a7e39-6c34-419e-941c-1e806b670562.jpg 1280w\" sizes=\"auto, (max-width: 300px) 100vw, 300px\" \/><\/a>\n\t\t\t\t<\/dt><\/dl><dl class='gallery-item'>\n\t\t\t\t<dt class='gallery-icon landscape'>\n\t\t\t\t\t<a class=\"rollover rollover-zoom dt-pswp-item\" title=\"5d7720ff-2f2e-41b7-9cfb-64a8ac414ad7\" data-dt-img-description=\"\" data-large_image_width=\"1280\" data-large_image_height=\"957\"href='https:\/\/www.radiopiu.net\/wordpress\/wp-content\/uploads\/2021\/09\/5d7720ff-2f2e-41b7-9cfb-64a8ac414ad7.jpg'><img loading=\"lazy\" decoding=\"async\" width=\"300\" height=\"224\" src=\"https:\/\/www.radiopiu.net\/wordpress\/wp-content\/uploads\/2021\/09\/5d7720ff-2f2e-41b7-9cfb-64a8ac414ad7-300x224.jpg\" class=\"attachment-medium size-medium\" alt=\"\" srcset=\"https:\/\/www.radiopiu.net\/wordpress\/wp-content\/uploads\/2021\/09\/5d7720ff-2f2e-41b7-9cfb-64a8ac414ad7-300x224.jpg 300w, https:\/\/www.radiopiu.net\/wordpress\/wp-content\/uploads\/2021\/09\/5d7720ff-2f2e-41b7-9cfb-64a8ac414ad7-1024x766.jpg 1024w, https:\/\/www.radiopiu.net\/wordpress\/wp-content\/uploads\/2021\/09\/5d7720ff-2f2e-41b7-9cfb-64a8ac414ad7-768x574.jpg 768w, https:\/\/www.radiopiu.net\/wordpress\/wp-content\/uploads\/2021\/09\/5d7720ff-2f2e-41b7-9cfb-64a8ac414ad7.jpg 1280w\" sizes=\"auto, (max-width: 300px) 100vw, 300px\" \/><\/a>\n\t\t\t\t<\/dt><\/dl><dl class='gallery-item'>\n\t\t\t\t<dt class='gallery-icon landscape'>\n\t\t\t\t\t<a class=\"rollover rollover-zoom dt-pswp-item\" title=\"e9d81d57-7bd4-4128-8e2b-48b51e22ab7b\" data-dt-img-description=\"\" data-large_image_width=\"1280\" data-large_image_height=\"957\"href='https:\/\/www.radiopiu.net\/wordpress\/wp-content\/uploads\/2021\/09\/e9d81d57-7bd4-4128-8e2b-48b51e22ab7b.jpg'><img loading=\"lazy\" decoding=\"async\" width=\"300\" height=\"224\" src=\"https:\/\/www.radiopiu.net\/wordpress\/wp-content\/uploads\/2021\/09\/e9d81d57-7bd4-4128-8e2b-48b51e22ab7b-300x224.jpg\" class=\"attachment-medium size-medium\" alt=\"\" srcset=\"https:\/\/www.radiopiu.net\/wordpress\/wp-content\/uploads\/2021\/09\/e9d81d57-7bd4-4128-8e2b-48b51e22ab7b-300x224.jpg 300w, https:\/\/www.radiopiu.net\/wordpress\/wp-content\/uploads\/2021\/09\/e9d81d57-7bd4-4128-8e2b-48b51e22ab7b-1024x766.jpg 1024w, https:\/\/www.radiopiu.net\/wordpress\/wp-content\/uploads\/2021\/09\/e9d81d57-7bd4-4128-8e2b-48b51e22ab7b-768x574.jpg 768w, https:\/\/www.radiopiu.net\/wordpress\/wp-content\/uploads\/2021\/09\/e9d81d57-7bd4-4128-8e2b-48b51e22ab7b.jpg 1280w\" sizes=\"auto, (max-width: 300px) 100vw, 300px\" \/><\/a>\n\t\t\t\t<\/dt><\/dl><br style=\"clear: both\" \/>\n\t\t\t<\/div>\n\n<hr \/>\n<p>&nbsp;<\/p>\n<blockquote>\n<h3>CADE CON LA MOUNTAIN BIKE SUL NEVEGAL<\/h3>\n<\/blockquote>\n<p><strong><a href=\"https:\/\/www.radiopiu.net\/wordpress\/torna-la-festa-del-volontariato-cadorino-sabato-1-settembre\/soccorsoalpino\/\" rel=\"attachment wp-att-59164\"><img loading=\"lazy\" decoding=\"async\" class=\" wp-image-59164 alignleft\" src=\"https:\/\/www.radiopiu.net\/wordpress\/wp-content\/uploads\/2018\/08\/soccorsoalpino-300x300.jpg\" alt=\"\" width=\"115\" height=\"115\" srcset=\"https:\/\/www.radiopiu.net\/wordpress\/wp-content\/uploads\/2018\/08\/soccorsoalpino-300x300.jpg 300w, https:\/\/www.radiopiu.net\/wordpress\/wp-content\/uploads\/2018\/08\/soccorsoalpino-150x150.jpg 150w, https:\/\/www.radiopiu.net\/wordpress\/wp-content\/uploads\/2018\/08\/soccorsoalpino-768x768.jpg 768w, https:\/\/www.radiopiu.net\/wordpress\/wp-content\/uploads\/2018\/08\/soccorsoalpino-1024x1024.jpg 1024w, https:\/\/www.radiopiu.net\/wordpress\/wp-content\/uploads\/2018\/08\/soccorsoalpino.jpg 1200w\" sizes=\"auto, (max-width: 115px) 100vw, 115px\" \/><\/a>BELLUNO<\/strong> Ieri attorno alle 10.50 una squadra del Soccorso alpino di Belluno \u00e8 intervenuta in supporto al personale dell&#8217;ambulanza, attivato per la caduta di una ciclista sulla parte terminale del percorso di downhill sulla Pista Coca in Nevegal. La donna, B.F., 53 anni, di Cimadolmo (TV), sbalzata dalla mountain bike circa 300 metri sopra il piazzale, \u00e8 stata imbarellata e trasportata fino alla strada, per poi essere accompagnata all&#8217;ospedale di Belluno con un possibile trauma alla colonna e contusioni varie.<\/p>\n<p>&nbsp;<\/p>\n<p>&nbsp;<\/p>\n<hr \/>\n<p>&nbsp;<\/p>\n<blockquote>\n<h3>MALORE SOPRA PESCUL, ESCURSIONISTA TRASPORTATO ALL&#8217;OSPEDALE<\/h3>\n<\/blockquote>\n<p><strong><a href=\"https:\/\/www.radiopiu.net\/wordpress\/il-soccorso-alpino-ritorna-al-vazzoler\/th-172\/\" rel=\"attachment wp-att-225856\"><img loading=\"lazy\" decoding=\"async\" class=\"size-full wp-image-225856 alignleft\" src=\"https:\/\/www.radiopiu.net\/wordpress\/wp-content\/uploads\/2021\/08\/th.jpg\" alt=\"\" width=\"222\" height=\"167\" \/><\/a> <\/strong><\/p>\n<p><strong>\u00a0<\/strong><\/p>\n<p><strong>SELVA DI CADORE<\/strong> Alle 11.20 circa il Soccorso alpino della Val Fiorentina \u00e8 stato allertato per un escursionista colto da malore lungo il sentiero numero 569, su un tratto di strada sterrata tra Pescul e il Rifugio Fertazza. M.P., 53 anni, di Torino, che si trovava con altre persone, dopo aver percorso circa due chilometri, si era sentito poco bene, si era seduto ed era caduto a terra per poi riprendersi. Una squadra ha raggiunto in fuoristrada l&#8217;uomo, che aveva riportato escoriazioni sul volto, lo ha caricato a bordo e trasportato a Pescul, per affidarlo all&#8217;ambulanza diretta all&#8217;ospedale di Agordo per le verifiche del caso.<\/p>\n<p>&nbsp;<\/p>\n<p>&nbsp;<\/p>\n<p>&nbsp;<\/p>\n<hr \/>\n<p>&nbsp;<\/p>\n<blockquote>\n<h3>MALORE SUL CIVETTA E INFORTUNIO ALLA TRANSPELMO<\/h3>\n<\/blockquote>\n<p><strong><a href=\"https:\/\/www.radiopiu.net\/wordpress\/giornale-radiopiu-19-agosto-2021-direttore-mirko-mezzacasa\/salt-2\/\" rel=\"attachment wp-att-228368\"><img loading=\"lazy\" decoding=\"async\" class=\" wp-image-228368 alignleft\" src=\"https:\/\/www.radiopiu.net\/wordpress\/wp-content\/uploads\/2021\/08\/salt-2-300x225.jpg\" alt=\"\" width=\"261\" height=\"196\" srcset=\"https:\/\/www.radiopiu.net\/wordpress\/wp-content\/uploads\/2021\/08\/salt-2-300x225.jpg 300w, https:\/\/www.radiopiu.net\/wordpress\/wp-content\/uploads\/2021\/08\/salt-2-1024x768.jpg 1024w, https:\/\/www.radiopiu.net\/wordpress\/wp-content\/uploads\/2021\/08\/salt-2-768x576.jpg 768w, https:\/\/www.radiopiu.net\/wordpress\/wp-content\/uploads\/2021\/08\/salt-2.jpg 1080w\" sizes=\"auto, (max-width: 261px) 100vw, 261px\" \/><\/a>ALLEGHE<\/strong> Attorno alle 12.30 l&#8217;elicottero del Suem di Pieve di Cadore \u00e8 volato sotto la parete nord del Civetta, ad Alleghe, dove un escursionista, che con altre persone stava percorrendo il sentiero numero 560 non distante dal Rifugio Tissi, colto da malore aveva perso conoscenza. Sbarcato il personale medico e il tecnico di elisoccorso nelle vicinanze, a I.O., 35 anni, di Sesto al Reghena (PN), \u00e8 stata data prima assistenza. Imbarcato con un verricello corto, l&#8217;uomo \u00e8 stato trasportato per accertamenti all&#8217;ospedale di Belluno.<\/p>\n<p><strong>BORCA DI CADORE <\/strong>L&#8217;eliambulanza \u00e8 stata inviata sul tracciato della Transpelmo, all&#8217;altezza della Val d&#8217;Arcia, Borca di Cadore, per un atleta con un sospetto trauma alla caviglia. L.N., 37 anni, di Lonigo (VI), \u00e8 stato accompagnato al San Martino.<\/p>\n<p>&nbsp;<\/p>\n<p>&nbsp;<\/p>\n<hr \/>\n<p>&nbsp;<\/p>\n<blockquote>\n<h3>SONO GRAVI LE CONDIZIONI DELL&#8217;ESCURSIONISTA DANESE PRECIPITATO IN VAL MONTINA<\/h3>\n<\/blockquote>\n<p><strong>PERAROLO DI CADORE <\/strong>Sono gravi le condizioni di un&#8217;escursionista danese di 64 anni, precipitata per una cinquantina di metri dal sentiero che costeggia il torrente in Val Montina. La donna, che si trovava con il marito e altre due persone, era arrivata alla fine del percorso verso la confluenza con il Piave, quando \u00e8 scivolata sul ciglio della forra finendo tra l&#8217;acqua e la ghiaia. Dalle coordinate ricevute dal marito, sul posto si sono diretti l&#8217;elicottero del Suem di Pieve di Cadore, che ha sbarcato equipe medica e tecnico di elisoccorso con un verricello di 75 metri, e le squadre del Soccorso alpino di Pieve di Cadore e Centro Cadore, che si sono calate in corda doppia dal sentiero per supportare le operazioni. Prestate le prime cure urgenti all&#8217;infortunata a seguito del serio possibile politrauma riportato, i soccorriori la hanno imbarellata e recuperata sempre con il verricello, per trasportarla prima all&#8217;ospedale di Belluno e da l\u00ec a quello di Treviso.<\/p>\n\n\t\t\t<style type='text\/css'>\n\t\t\t\t#gallery-2 {\n\t\t\t\t\tmargin: auto;\n\t\t\t\t}\n\t\t\t\t#gallery-2 .gallery-item {\n\t\t\t\t\tfloat: left;\n\t\t\t\t\tmargin-top: 10px;\n\t\t\t\t\ttext-align: center;\n\t\t\t\t\twidth: 50%;\n\t\t\t\t}\n\t\t\t\t#gallery-2 img {\n\t\t\t\t\tborder: 2px solid #cfcfcf;\n\t\t\t\t}\n\t\t\t\t#gallery-2 .gallery-caption {\n\t\t\t\t\tmargin-left: 0;\n\t\t\t\t}\n\t\t\t\t\/* see gallery_shortcode() in wp-includes\/media.php *\/\n\t\t\t<\/style>\n\t\t<div id='gallery-2' class='dt-gallery-container gallery galleryid-230863 gallery-columns-2 gallery-size-medium'><dl class='gallery-item'>\n\t\t\t\t<dt class='gallery-icon portrait'>\n\t\t\t\t\t<a class=\"rollover rollover-zoom dt-pswp-item\" title=\"salt_20210905_193120_396\" data-dt-img-description=\"\" data-large_image_width=\"1773\" data-large_image_height=\"2364\"href='https:\/\/www.radiopiu.net\/wordpress\/wp-content\/uploads\/2021\/09\/salt_20210905_193120_396.jpg'><img loading=\"lazy\" decoding=\"async\" width=\"225\" height=\"300\" src=\"https:\/\/www.radiopiu.net\/wordpress\/wp-content\/uploads\/2021\/09\/salt_20210905_193120_396-225x300.jpg\" class=\"attachment-medium size-medium\" alt=\"\" srcset=\"https:\/\/www.radiopiu.net\/wordpress\/wp-content\/uploads\/2021\/09\/salt_20210905_193120_396-225x300.jpg 225w, https:\/\/www.radiopiu.net\/wordpress\/wp-content\/uploads\/2021\/09\/salt_20210905_193120_396-768x1024.jpg 768w, https:\/\/www.radiopiu.net\/wordpress\/wp-content\/uploads\/2021\/09\/salt_20210905_193120_396-1152x1536.jpg 1152w, https:\/\/www.radiopiu.net\/wordpress\/wp-content\/uploads\/2021\/09\/salt_20210905_193120_396-1536x2048.jpg 1536w, https:\/\/www.radiopiu.net\/wordpress\/wp-content\/uploads\/2021\/09\/salt_20210905_193120_396.jpg 1773w\" sizes=\"auto, (max-width: 225px) 100vw, 225px\" \/><\/a>\n\t\t\t\t<\/dt><\/dl><dl class='gallery-item'>\n\t\t\t\t<dt class='gallery-icon portrait'>\n\t\t\t\t\t<a class=\"rollover rollover-zoom dt-pswp-item\" title=\"salt_20210905_193100_386\" data-dt-img-description=\"\" data-large_image_width=\"1773\" data-large_image_height=\"2364\"href='https:\/\/www.radiopiu.net\/wordpress\/wp-content\/uploads\/2021\/09\/salt_20210905_193100_386.jpg'><img loading=\"lazy\" decoding=\"async\" width=\"225\" height=\"300\" src=\"https:\/\/www.radiopiu.net\/wordpress\/wp-content\/uploads\/2021\/09\/salt_20210905_193100_386-225x300.jpg\" class=\"attachment-medium size-medium\" alt=\"\" srcset=\"https:\/\/www.radiopiu.net\/wordpress\/wp-content\/uploads\/2021\/09\/salt_20210905_193100_386-225x300.jpg 225w, https:\/\/www.radiopiu.net\/wordpress\/wp-content\/uploads\/2021\/09\/salt_20210905_193100_386-768x1024.jpg 768w, https:\/\/www.radiopiu.net\/wordpress\/wp-content\/uploads\/2021\/09\/salt_20210905_193100_386-1152x1536.jpg 1152w, https:\/\/www.radiopiu.net\/wordpress\/wp-content\/uploads\/2021\/09\/salt_20210905_193100_386-1536x2048.jpg 1536w, https:\/\/www.radiopiu.net\/wordpress\/wp-content\/uploads\/2021\/09\/salt_20210905_193100_386.jpg 1773w\" sizes=\"auto, (max-width: 225px) 100vw, 225px\" \/><\/a>\n\t\t\t\t<\/dt><\/dl><br style=\"clear: both\" \/>\n\t\t\t<\/div>\n\n<p>&nbsp;<\/p>\n<hr \/>\n<p>&nbsp;<\/p>\n<blockquote>\n<h3>A VOLTAGO SFIDA APERTA TRA FRANCESCA DELLA LUCIA E GIUSEPPE SCHENA<\/h3>\n<\/blockquote>\n<p><strong>VOLTAGO<\/strong><\/p>\n<p>di Gianni Santomaso<\/p>\n<audio class=\"wp-audio-shortcode\" id=\"audio-230863-1\" preload=\"none\" style=\"width: 100%;\" controls=\"controls\"><source type=\"audio\/mpeg\" src=\"https:\/\/www.radiopiu.net\/wordpress\/wp-content\/uploads\/2021\/09\/GIANNI-ELEZIONI-VOLTAGO-1.mp3?_=1\" \/><a href=\"https:\/\/www.radiopiu.net\/wordpress\/wp-content\/uploads\/2021\/09\/GIANNI-ELEZIONI-VOLTAGO-1.mp3\">https:\/\/www.radiopiu.net\/wordpress\/wp-content\/uploads\/2021\/09\/GIANNI-ELEZIONI-VOLTAGO-1.mp3<\/a><\/audio>\n<p>&nbsp;<\/p>\n\n\t\t\t<style type='text\/css'>\n\t\t\t\t#gallery-3 {\n\t\t\t\t\tmargin: auto;\n\t\t\t\t}\n\t\t\t\t#gallery-3 .gallery-item {\n\t\t\t\t\tfloat: left;\n\t\t\t\t\tmargin-top: 10px;\n\t\t\t\t\ttext-align: center;\n\t\t\t\t\twidth: 50%;\n\t\t\t\t}\n\t\t\t\t#gallery-3 img {\n\t\t\t\t\tborder: 2px solid #cfcfcf;\n\t\t\t\t}\n\t\t\t\t#gallery-3 .gallery-caption {\n\t\t\t\t\tmargin-left: 0;\n\t\t\t\t}\n\t\t\t\t\/* see gallery_shortcode() in wp-includes\/media.php *\/\n\t\t\t<\/style>\n\t\t<div id='gallery-3' class='dt-gallery-container gallery galleryid-230863 gallery-columns-2 gallery-size-medium'><dl class='gallery-item'>\n\t\t\t\t<dt class='gallery-icon landscape'>\n\t\t\t\t\t<a class=\"rollover rollover-zoom dt-pswp-item\" title=\"Francesca Della Lucia\" data-dt-img-description=\"\" data-large_image_width=\"1024\" data-large_image_height=\"1024\"href='https:\/\/www.radiopiu.net\/wordpress\/wp-content\/uploads\/2021\/09\/Francesca-Della-Lucia.jpeg'><img loading=\"lazy\" decoding=\"async\" width=\"300\" height=\"300\" src=\"https:\/\/www.radiopiu.net\/wordpress\/wp-content\/uploads\/2021\/09\/Francesca-Della-Lucia-300x300.jpeg\" class=\"attachment-medium size-medium\" alt=\"\" aria-describedby=\"gallery-3-230906\" srcset=\"https:\/\/www.radiopiu.net\/wordpress\/wp-content\/uploads\/2021\/09\/Francesca-Della-Lucia-300x300.jpeg 300w, https:\/\/www.radiopiu.net\/wordpress\/wp-content\/uploads\/2021\/09\/Francesca-Della-Lucia-150x150.jpeg 150w, https:\/\/www.radiopiu.net\/wordpress\/wp-content\/uploads\/2021\/09\/Francesca-Della-Lucia-768x768.jpeg 768w, https:\/\/www.radiopiu.net\/wordpress\/wp-content\/uploads\/2021\/09\/Francesca-Della-Lucia.jpeg 1024w\" sizes=\"auto, (max-width: 300px) 100vw, 300px\" \/><\/a>\n\t\t\t\t<\/dt>\n\t\t\t\t\t<dd class='wp-caption-text gallery-caption' id='gallery-3-230906'>\n\t\t\t\t\tFRANCESCA DELLA LUCIA &#8211; CANDIDATA SINDACO A VOLTAGO\n\t\t\t\t\t<\/dd><\/dl><dl class='gallery-item'>\n\t\t\t\t<dt class='gallery-icon portrait'>\n\t\t\t\t\t<a class=\"rollover rollover-zoom dt-pswp-item\" title=\"GIUSEPPE SCHENA\" data-dt-img-description=\"\" data-large_image_width=\"931\" data-large_image_height=\"1240\"href='https:\/\/www.radiopiu.net\/wordpress\/wp-content\/uploads\/2021\/09\/GIUSEPPE-SCHENA.jpg'><img loading=\"lazy\" decoding=\"async\" width=\"225\" height=\"300\" src=\"https:\/\/www.radiopiu.net\/wordpress\/wp-content\/uploads\/2021\/09\/GIUSEPPE-SCHENA-225x300.jpg\" class=\"attachment-medium size-medium\" alt=\"\" aria-describedby=\"gallery-3-230838\" srcset=\"https:\/\/www.radiopiu.net\/wordpress\/wp-content\/uploads\/2021\/09\/GIUSEPPE-SCHENA-225x300.jpg 225w, https:\/\/www.radiopiu.net\/wordpress\/wp-content\/uploads\/2021\/09\/GIUSEPPE-SCHENA-769x1024.jpg 769w, https:\/\/www.radiopiu.net\/wordpress\/wp-content\/uploads\/2021\/09\/GIUSEPPE-SCHENA-768x1023.jpg 768w, https:\/\/www.radiopiu.net\/wordpress\/wp-content\/uploads\/2021\/09\/GIUSEPPE-SCHENA.jpg 931w\" sizes=\"auto, (max-width: 225px) 100vw, 225px\" \/><\/a>\n\t\t\t\t<\/dt>\n\t\t\t\t\t<dd class='wp-caption-text gallery-caption' id='gallery-3-230838'>\n\t\t\t\t\tGIUSEPPE SCHENA &#8211; CANDIDATO SINDACO A VOLTAGO\n\t\t\t\t\t<\/dd><\/dl><br style=\"clear: both\" \/>\n\t\t\t<\/div>\n\n<p>&nbsp;<\/p>\n<hr \/>\n<p>&nbsp;<\/p>\n<blockquote>\n<h3>SARA&#8217; LO SCONTRO TRA ADRIANO PERETTI E LUCA LORENZINI A DECIDERE IL POST CESTARO A SELVA DI CADORE<\/h3>\n<\/blockquote>\n<p><strong>SELVA DI CADORE<\/strong><\/p>\n<p>di Gianni Santomaso<\/p>\n<audio class=\"wp-audio-shortcode\" id=\"audio-230863-2\" preload=\"none\" style=\"width: 100%;\" controls=\"controls\"><source type=\"audio\/mpeg\" src=\"https:\/\/www.radiopiu.net\/wordpress\/wp-content\/uploads\/2021\/09\/GIANNI-DOPO-CESTARO.mp3?_=2\" \/><a href=\"https:\/\/www.radiopiu.net\/wordpress\/wp-content\/uploads\/2021\/09\/GIANNI-DOPO-CESTARO.mp3\">https:\/\/www.radiopiu.net\/wordpress\/wp-content\/uploads\/2021\/09\/GIANNI-DOPO-CESTARO.mp3<\/a><\/audio>\n<p>&nbsp;<\/p>\n\n\t\t\t<style type='text\/css'>\n\t\t\t\t#gallery-4 {\n\t\t\t\t\tmargin: auto;\n\t\t\t\t}\n\t\t\t\t#gallery-4 .gallery-item {\n\t\t\t\t\tfloat: left;\n\t\t\t\t\tmargin-top: 10px;\n\t\t\t\t\ttext-align: center;\n\t\t\t\t\twidth: 50%;\n\t\t\t\t}\n\t\t\t\t#gallery-4 img {\n\t\t\t\t\tborder: 2px solid #cfcfcf;\n\t\t\t\t}\n\t\t\t\t#gallery-4 .gallery-caption {\n\t\t\t\t\tmargin-left: 0;\n\t\t\t\t}\n\t\t\t\t\/* see gallery_shortcode() in wp-includes\/media.php *\/\n\t\t\t<\/style>\n\t\t<div id='gallery-4' class='dt-gallery-container gallery galleryid-230863 gallery-columns-2 gallery-size-medium'><dl class='gallery-item'>\n\t\t\t\t<dt class='gallery-icon landscape'>\n\t\t\t\t\t<a class=\"rollover rollover-zoom dt-pswp-item\" title=\"ADRIANO PERETTI\" data-dt-img-description=\"\" data-large_image_width=\"2048\" data-large_image_height=\"2048\"href='https:\/\/www.radiopiu.net\/wordpress\/wp-content\/uploads\/2021\/09\/ADRIANO-PERETTI.jpeg'><img loading=\"lazy\" decoding=\"async\" width=\"300\" height=\"300\" src=\"https:\/\/www.radiopiu.net\/wordpress\/wp-content\/uploads\/2021\/09\/ADRIANO-PERETTI-300x300.jpeg\" class=\"attachment-medium size-medium\" alt=\"\" aria-describedby=\"gallery-4-230839\" srcset=\"https:\/\/www.radiopiu.net\/wordpress\/wp-content\/uploads\/2021\/09\/ADRIANO-PERETTI-300x300.jpeg 300w, https:\/\/www.radiopiu.net\/wordpress\/wp-content\/uploads\/2021\/09\/ADRIANO-PERETTI-1024x1024.jpeg 1024w, https:\/\/www.radiopiu.net\/wordpress\/wp-content\/uploads\/2021\/09\/ADRIANO-PERETTI-150x150.jpeg 150w, https:\/\/www.radiopiu.net\/wordpress\/wp-content\/uploads\/2021\/09\/ADRIANO-PERETTI-768x768.jpeg 768w, https:\/\/www.radiopiu.net\/wordpress\/wp-content\/uploads\/2021\/09\/ADRIANO-PERETTI-1536x1536.jpeg 1536w, https:\/\/www.radiopiu.net\/wordpress\/wp-content\/uploads\/2021\/09\/ADRIANO-PERETTI.jpeg 2048w\" sizes=\"auto, (max-width: 300px) 100vw, 300px\" \/><\/a>\n\t\t\t\t<\/dt>\n\t\t\t\t\t<dd class='wp-caption-text gallery-caption' id='gallery-4-230839'>\n\t\t\t\t\tADRIANO PERETTI &#8211; CANDIDATO SINDACO A SELVA DI CADORE\n\t\t\t\t\t<\/dd><\/dl><dl class='gallery-item'>\n\t\t\t\t<dt class='gallery-icon portrait'>\n\t\t\t\t\t<a class=\"rollover rollover-zoom dt-pswp-item\" title=\"LUCA LORENZINI\" data-dt-img-description=\"\" data-large_image_width=\"1200\" data-large_image_height=\"1295\"href='https:\/\/www.radiopiu.net\/wordpress\/wp-content\/uploads\/2021\/09\/LUCA-LORENZINI.jpg'><img loading=\"lazy\" decoding=\"async\" width=\"278\" height=\"300\" src=\"https:\/\/www.radiopiu.net\/wordpress\/wp-content\/uploads\/2021\/09\/LUCA-LORENZINI-278x300.jpg\" class=\"attachment-medium size-medium\" alt=\"\" aria-describedby=\"gallery-4-230840\" srcset=\"https:\/\/www.radiopiu.net\/wordpress\/wp-content\/uploads\/2021\/09\/LUCA-LORENZINI-278x300.jpg 278w, https:\/\/www.radiopiu.net\/wordpress\/wp-content\/uploads\/2021\/09\/LUCA-LORENZINI-949x1024.jpg 949w, https:\/\/www.radiopiu.net\/wordpress\/wp-content\/uploads\/2021\/09\/LUCA-LORENZINI-768x829.jpg 768w, https:\/\/www.radiopiu.net\/wordpress\/wp-content\/uploads\/2021\/09\/LUCA-LORENZINI.jpg 1200w\" sizes=\"auto, (max-width: 278px) 100vw, 278px\" \/><\/a>\n\t\t\t\t<\/dt>\n\t\t\t\t\t<dd class='wp-caption-text gallery-caption' id='gallery-4-230840'>\n\t\t\t\t\tLUCA LORENZINI &#8211; CANDIDATO SINDACO A SELVA DI CADORE\n\t\t\t\t\t<\/dd><\/dl><br style=\"clear: both\" \/>\n\t\t\t<\/div>\n\n<p>&nbsp;<\/p>\n<hr \/>\n<p>&nbsp;<\/p>\n<blockquote>\n<h3>ACC, D&#8217;INCA&#8217; CHIEDE PRIORITA&#8217; DI UN TAVOLO TRA SINDACATI E MISE<\/h3>\n<\/blockquote>\n<p><strong><a href=\"https:\/\/www.radiopiu.net\/wordpress\/giornale-radiopiu-13-febbraio-2021-direttore-mirko-mezzacasa\/dinca-5\/\" rel=\"attachment wp-att-190918\"><img loading=\"lazy\" decoding=\"async\" class=\"size-medium wp-image-190918 alignleft\" src=\"https:\/\/www.radiopiu.net\/wordpress\/wp-content\/uploads\/2021\/02\/dinca-300x300.jpg\" alt=\"\" width=\"300\" height=\"300\" srcset=\"https:\/\/www.radiopiu.net\/wordpress\/wp-content\/uploads\/2021\/02\/dinca-300x300.jpg 300w, https:\/\/www.radiopiu.net\/wordpress\/wp-content\/uploads\/2021\/02\/dinca-1024x1024.jpg 1024w, https:\/\/www.radiopiu.net\/wordpress\/wp-content\/uploads\/2021\/02\/dinca-150x150.jpg 150w, https:\/\/www.radiopiu.net\/wordpress\/wp-content\/uploads\/2021\/02\/dinca-768x767.jpg 768w, https:\/\/www.radiopiu.net\/wordpress\/wp-content\/uploads\/2021\/02\/dinca.jpg 1080w\" sizes=\"auto, (max-width: 300px) 100vw, 300px\" \/><\/a>ROMA <\/strong>\u201c<em>La pubblicazione del decreto direttoriale che consentir\u00e0 di presentare le domande per l\u2019accesso al credito a favore delle imprese in difficolt\u00e0, tra cui l\u2019ACC di Borgo Valbelluna \u00e8 un ottimo segnale nel percorso di salvezza dello stabilimento. Una tappa raggiunta nei tempi che avevamo previsto,\u00a0seguendo le indicazioni emerse dal Consiglio socio-istituzionale e\u00a0che conferma l\u2019impegno del Governo dopo i passaggi degli ultimi mesi che hanno visto lo stanziamento delle risorse nei decreti Sostegni e le successive fasi di approvazione tra i Ministeri competenti, la Corte dei Conti e, infine, la valutazione positiva in sede europea<\/em>\u201d. A dichiararlo \u00e8 Federico D\u2019Inc\u00e0, Ministro per i Rapporti con il Parlamento, in seguito alla pubblicazione del decreto direttoriale sull\u2019accesso al credito per le imprese in difficolt\u00e0. \u201c<em>Adesso &#8211; prosegue il Ministro D\u2019Inc\u00e0 &#8211; bisogna dare priorit\u00e0 al tavolo tra sindacati e Ministero dello Sviluppo economico: un incontro che ho chiesto fortemente in occasione dell\u2019ultimo Consiglio socio-istituzionale a cui ho partecipato e che si terr\u00e0 a breve in sede ministeriale. Sono in continuo contatto con i tecnici del Mise che stanno seguendo la vicenda: \u00e8 fondamentale definire un piano per lo stabilimento di Mel, dopo il lavoro svolto nella fase commissariale sotto la guida di Maurizio Castro con cui il Ministero sta continuando a relazionarsi. Ho personalmente espresso le preoccupazioni dei sindacati nelle sedi competenti e mi auguro che la corsa contro il tempo si possa risolvere rapidamente<\/em>\u201d. \u201c<em>\u00c8 altrettanto vero, per\u00f2, che il Governo ha sempre mantenuto attenzione su questa vicenda credendo nelle capacit\u00e0 dello stabilimento e nell\u2019alta professionalit\u00e0 dei suoi dipendenti: insister\u00f2 sul percorso di salvezza e sull\u2019incontro tra le parti coinvolte fino a quando non sar\u00e0 trovata la migliore soluzione. Ribadisco, infine, quanto espresso in questo periodo: bisogna lavorare assieme e senza divisioni, per raggiungere l\u2019obiettivo finale &#8211; conclude il Ministro per i Rapporti con il Parlamento<\/em>\u201d.<\/p>\n<p>&nbsp;<\/p>\n<p>&nbsp;<\/p>\n<hr \/>\n<p>&nbsp;<\/p>\n<blockquote class=\"wp-embedded-content\" data-secret=\"bTLYD4v4yT\"><p><a href=\"https:\/\/www.radiopiu.net\/wordpress\/aggiornamentoset05\/\">CORONAVIRUS: AGGIORNAMENTO NAZIONALE 05 SETTEMBRE  2021<\/a><\/p><\/blockquote>\n<p><iframe loading=\"lazy\" class=\"wp-embedded-content\" sandbox=\"allow-scripts\" security=\"restricted\" style=\"position: absolute; clip: rect(1px, 1px, 1px, 1px);\" title=\"&#8220;CORONAVIRUS: AGGIORNAMENTO NAZIONALE 05 SETTEMBRE  2021&#8221; &#8212; Radio Pi\u00f9\" src=\"https:\/\/www.radiopiu.net\/wordpress\/aggiornamentoset05\/embed\/#?secret=bTLYD4v4yT\" data-secret=\"bTLYD4v4yT\" width=\"600\" height=\"338\" frameborder=\"0\" marginwidth=\"0\" marginheight=\"0\" scrolling=\"no\"><\/iframe><\/p>\n<p>&nbsp;<\/p>\n<blockquote class=\"wp-embedded-content\" data-secret=\"aexcjuQyrS\"><p><a href=\"https:\/\/www.radiopiu.net\/wordpress\/sono-573-i-nuovi-positivi-in-veneto-delle-ultime-24-ore-due-decessi-aumentano-i-ricoveri-in-area-non-critica\/\">SONO 573 I NUOVI POSITIVI IN VENETO DELLE ULTIME 24 ORE. DUE DECESSI, AUMENTANO I RICOVERI IN AREA NON CRITICA<\/a><\/p><\/blockquote>\n<p><iframe loading=\"lazy\" class=\"wp-embedded-content\" sandbox=\"allow-scripts\" security=\"restricted\" style=\"position: absolute; clip: rect(1px, 1px, 1px, 1px);\" title=\"&#8220;SONO 573 I NUOVI POSITIVI IN VENETO DELLE ULTIME 24 ORE. DUE DECESSI, AUMENTANO I RICOVERI IN AREA NON CRITICA&#8221; &#8212; Radio Pi\u00f9\" src=\"https:\/\/www.radiopiu.net\/wordpress\/sono-573-i-nuovi-positivi-in-veneto-delle-ultime-24-ore-due-decessi-aumentano-i-ricoveri-in-area-non-critica\/embed\/#?secret=aexcjuQyrS\" data-secret=\"aexcjuQyrS\" width=\"600\" height=\"338\" frameborder=\"0\" marginwidth=\"0\" marginheight=\"0\" scrolling=\"no\"><\/iframe><\/p>\n<p>&nbsp;<\/p>\n<h3>I GRAFICI DI TIZIANO DE COL<\/h3>\n\n\t\t\t<style type='text\/css'>\n\t\t\t\t#gallery-5 {\n\t\t\t\t\tmargin: auto;\n\t\t\t\t}\n\t\t\t\t#gallery-5 .gallery-item {\n\t\t\t\t\tfloat: left;\n\t\t\t\t\tmargin-top: 10px;\n\t\t\t\t\ttext-align: center;\n\t\t\t\t\twidth: 20%;\n\t\t\t\t}\n\t\t\t\t#gallery-5 img {\n\t\t\t\t\tborder: 2px solid #cfcfcf;\n\t\t\t\t}\n\t\t\t\t#gallery-5 .gallery-caption {\n\t\t\t\t\tmargin-left: 0;\n\t\t\t\t}\n\t\t\t\t\/* see gallery_shortcode() in wp-includes\/media.php *\/\n\t\t\t<\/style>\n\t\t<div id='gallery-5' class='dt-gallery-container gallery galleryid-230863 gallery-columns-5 gallery-size-medium'><dl class='gallery-item'>\n\t\t\t\t<dt class='gallery-icon landscape'>\n\t\t\t\t\t<a class=\"rollover rollover-zoom dt-pswp-item\" title=\"8ec31199-02b0-4143-a26f-119dd2ba2c46\" data-dt-img-description=\"\" data-large_image_width=\"587\" data-large_image_height=\"357\"href='https:\/\/www.radiopiu.net\/wordpress\/wp-content\/uploads\/2021\/09\/8ec31199-02b0-4143-a26f-119dd2ba2c46.jpg'><img loading=\"lazy\" decoding=\"async\" width=\"300\" height=\"182\" src=\"https:\/\/www.radiopiu.net\/wordpress\/wp-content\/uploads\/2021\/09\/8ec31199-02b0-4143-a26f-119dd2ba2c46-300x182.jpg\" class=\"attachment-medium size-medium\" alt=\"\" srcset=\"https:\/\/www.radiopiu.net\/wordpress\/wp-content\/uploads\/2021\/09\/8ec31199-02b0-4143-a26f-119dd2ba2c46-300x182.jpg 300w, https:\/\/www.radiopiu.net\/wordpress\/wp-content\/uploads\/2021\/09\/8ec31199-02b0-4143-a26f-119dd2ba2c46.jpg 587w\" sizes=\"auto, (max-width: 300px) 100vw, 300px\" \/><\/a>\n\t\t\t\t<\/dt><\/dl><dl class='gallery-item'>\n\t\t\t\t<dt class='gallery-icon landscape'>\n\t\t\t\t\t<a class=\"rollover rollover-zoom dt-pswp-item\" title=\"43d8089d-9f6f-4cbd-a1d5-28add0d5f916\" data-dt-img-description=\"\" data-large_image_width=\"612\" data-large_image_height=\"360\"href='https:\/\/www.radiopiu.net\/wordpress\/wp-content\/uploads\/2021\/09\/43d8089d-9f6f-4cbd-a1d5-28add0d5f916.jpg'><img loading=\"lazy\" decoding=\"async\" width=\"300\" height=\"176\" src=\"https:\/\/www.radiopiu.net\/wordpress\/wp-content\/uploads\/2021\/09\/43d8089d-9f6f-4cbd-a1d5-28add0d5f916-300x176.jpg\" class=\"attachment-medium size-medium\" alt=\"\" srcset=\"https:\/\/www.radiopiu.net\/wordpress\/wp-content\/uploads\/2021\/09\/43d8089d-9f6f-4cbd-a1d5-28add0d5f916-300x176.jpg 300w, https:\/\/www.radiopiu.net\/wordpress\/wp-content\/uploads\/2021\/09\/43d8089d-9f6f-4cbd-a1d5-28add0d5f916.jpg 612w\" sizes=\"auto, (max-width: 300px) 100vw, 300px\" \/><\/a>\n\t\t\t\t<\/dt><\/dl><dl class='gallery-item'>\n\t\t\t\t<dt class='gallery-icon landscape'>\n\t\t\t\t\t<a class=\"rollover rollover-zoom dt-pswp-item\" title=\"d6afbafe-8085-4408-b090-610d55465255\" data-dt-img-description=\"\" data-large_image_width=\"612\" data-large_image_height=\"352\"href='https:\/\/www.radiopiu.net\/wordpress\/wp-content\/uploads\/2021\/09\/d6afbafe-8085-4408-b090-610d55465255.jpg'><img loading=\"lazy\" decoding=\"async\" width=\"300\" height=\"173\" src=\"https:\/\/www.radiopiu.net\/wordpress\/wp-content\/uploads\/2021\/09\/d6afbafe-8085-4408-b090-610d55465255-300x173.jpg\" class=\"attachment-medium size-medium\" alt=\"\" srcset=\"https:\/\/www.radiopiu.net\/wordpress\/wp-content\/uploads\/2021\/09\/d6afbafe-8085-4408-b090-610d55465255-300x173.jpg 300w, https:\/\/www.radiopiu.net\/wordpress\/wp-content\/uploads\/2021\/09\/d6afbafe-8085-4408-b090-610d55465255.jpg 612w\" sizes=\"auto, (max-width: 300px) 100vw, 300px\" \/><\/a>\n\t\t\t\t<\/dt><\/dl><dl class='gallery-item'>\n\t\t\t\t<dt class='gallery-icon landscape'>\n\t\t\t\t\t<a class=\"rollover rollover-zoom dt-pswp-item\" title=\"47c78f14-4e20-44e4-8f2b-51947cc181b7\" data-dt-img-description=\"\" data-large_image_width=\"610\" data-large_image_height=\"358\"href='https:\/\/www.radiopiu.net\/wordpress\/wp-content\/uploads\/2021\/09\/47c78f14-4e20-44e4-8f2b-51947cc181b7.jpg'><img loading=\"lazy\" decoding=\"async\" width=\"300\" height=\"176\" src=\"https:\/\/www.radiopiu.net\/wordpress\/wp-content\/uploads\/2021\/09\/47c78f14-4e20-44e4-8f2b-51947cc181b7-300x176.jpg\" class=\"attachment-medium size-medium\" alt=\"\" srcset=\"https:\/\/www.radiopiu.net\/wordpress\/wp-content\/uploads\/2021\/09\/47c78f14-4e20-44e4-8f2b-51947cc181b7-300x176.jpg 300w, https:\/\/www.radiopiu.net\/wordpress\/wp-content\/uploads\/2021\/09\/47c78f14-4e20-44e4-8f2b-51947cc181b7.jpg 610w\" sizes=\"auto, (max-width: 300px) 100vw, 300px\" \/><\/a>\n\t\t\t\t<\/dt><\/dl><dl class='gallery-item'>\n\t\t\t\t<dt class='gallery-icon landscape'>\n\t\t\t\t\t<a class=\"rollover rollover-zoom dt-pswp-item\" title=\"cdef604a-35db-40b5-976a-9989eaba4766\" data-dt-img-description=\"\" data-large_image_width=\"602\" data-large_image_height=\"358\"href='https:\/\/www.radiopiu.net\/wordpress\/wp-content\/uploads\/2021\/09\/cdef604a-35db-40b5-976a-9989eaba4766.jpg'><img loading=\"lazy\" decoding=\"async\" width=\"300\" height=\"178\" src=\"https:\/\/www.radiopiu.net\/wordpress\/wp-content\/uploads\/2021\/09\/cdef604a-35db-40b5-976a-9989eaba4766-300x178.jpg\" class=\"attachment-medium size-medium\" alt=\"\" srcset=\"https:\/\/www.radiopiu.net\/wordpress\/wp-content\/uploads\/2021\/09\/cdef604a-35db-40b5-976a-9989eaba4766-300x178.jpg 300w, https:\/\/www.radiopiu.net\/wordpress\/wp-content\/uploads\/2021\/09\/cdef604a-35db-40b5-976a-9989eaba4766.jpg 602w\" sizes=\"auto, (max-width: 300px) 100vw, 300px\" \/><\/a>\n\t\t\t\t<\/dt><\/dl><br style=\"clear: both\" \/>\n\t\t\t<\/div>\n\n<p>&nbsp;<\/p>\n<hr \/>\n<p>&nbsp;<\/p>\n<blockquote>\n<h3>ENCEFALOGRAMMA A BELLUNO MA LA RISPOSTA A TREVISO. LA DENUNCIA DELLA MAMMA DI UN FIGLIO EPILETTICO<\/h3>\n<\/blockquote>\n<p><strong><a href=\"https:\/\/www.radiopiu.net\/wordpress\/conferenza-stampa-del-presidente-del-veneto-luca-zaia-14-giugno-2020\/dc8d9e01-0412-48a8-91b1-c64ba92a8187\/\" rel=\"attachment wp-att-144229\"><img loading=\"lazy\" decoding=\"async\" class=\"size-medium wp-image-144229 alignleft\" src=\"https:\/\/www.radiopiu.net\/wordpress\/wp-content\/uploads\/2020\/06\/dc8d9e01-0412-48a8-91b1-c64ba92a8187-300x150.jpg\" alt=\"\" width=\"300\" height=\"150\" srcset=\"https:\/\/www.radiopiu.net\/wordpress\/wp-content\/uploads\/2020\/06\/dc8d9e01-0412-48a8-91b1-c64ba92a8187-300x150.jpg 300w, https:\/\/www.radiopiu.net\/wordpress\/wp-content\/uploads\/2020\/06\/dc8d9e01-0412-48a8-91b1-c64ba92a8187-1024x512.jpg 1024w, https:\/\/www.radiopiu.net\/wordpress\/wp-content\/uploads\/2020\/06\/dc8d9e01-0412-48a8-91b1-c64ba92a8187-768x384.jpg 768w, https:\/\/www.radiopiu.net\/wordpress\/wp-content\/uploads\/2020\/06\/dc8d9e01-0412-48a8-91b1-c64ba92a8187-1536x768.jpg 1536w, https:\/\/www.radiopiu.net\/wordpress\/wp-content\/uploads\/2020\/06\/dc8d9e01-0412-48a8-91b1-c64ba92a8187.jpg 2048w\" sizes=\"auto, (max-width: 300px) 100vw, 300px\" \/><\/a>AGORDINO<\/strong><\/p>\n<p>di Gianni Santomaso<\/p>\n<audio class=\"wp-audio-shortcode\" id=\"audio-230863-3\" preload=\"none\" style=\"width: 100%;\" controls=\"controls\"><source type=\"audio\/mpeg\" src=\"https:\/\/www.radiopiu.net\/wordpress\/wp-content\/uploads\/2021\/09\/GIANNI-GENITORI-EPILESSIA.mp3?_=3\" \/><a href=\"https:\/\/www.radiopiu.net\/wordpress\/wp-content\/uploads\/2021\/09\/GIANNI-GENITORI-EPILESSIA.mp3\">https:\/\/www.radiopiu.net\/wordpress\/wp-content\/uploads\/2021\/09\/GIANNI-GENITORI-EPILESSIA.mp3<\/a><\/audio>\n<p>&nbsp;<\/p>\n<hr \/>\n<p>&nbsp;<\/p>\n<blockquote>\n<h3>ULSS 1 DOLOMITI: SOSPESO UN&#8217;ALTRO OPERATORE SANITARIO. SONO 17 I DIPENDENTI SOSPESI AL MOMENTO<\/h3>\n<\/blockquote>\n<p><strong><a href=\"https:\/\/www.radiopiu.net\/wordpress\/monoclonali-pronti-per-la-somministrazione-in-ulss-1-dolomiti\/ulss-1-2\/\" rel=\"attachment wp-att-198838\"><img loading=\"lazy\" decoding=\"async\" class=\"size-medium wp-image-198838 alignleft\" src=\"https:\/\/www.radiopiu.net\/wordpress\/wp-content\/uploads\/2021\/03\/ULSS-1-300x158.jpg\" alt=\"\" width=\"300\" height=\"158\" srcset=\"https:\/\/www.radiopiu.net\/wordpress\/wp-content\/uploads\/2021\/03\/ULSS-1-300x158.jpg 300w, https:\/\/www.radiopiu.net\/wordpress\/wp-content\/uploads\/2021\/03\/ULSS-1-768x404.jpg 768w, https:\/\/www.radiopiu.net\/wordpress\/wp-content\/uploads\/2021\/03\/ULSS-1.jpg 776w\" sizes=\"auto, (max-width: 300px) 100vw, 300px\" \/><\/a>BELLUNO <\/strong>L\u2019Ulss 1 Dolomiti\u00a0 informa che s\u00e9 stato sospeso un altro operatore sanitario non vaccinato, in base agli atti pervenuti dall\u2019apposita Commissione del Dipartimento di Prevenzione, preposta alla valutazione le singole posizioni circa la norma sull\u2019obbligo vaccinale. In totale, ad oggi, i dipendenti dell\u2019Ulss Dolomiti sospesi sono 17. La sospensione avr\u00e0 durata fino al 31 dicembre, salvo che gli operatori interessati non decidano di vaccinarsi, nel qual caso verranno riammessi in servizio. Questi lavoratori, nell&#8217;ambito del procedimento previsto, non hanno aderito alla vaccinazione. Sono in corso altri accertamenti e nei prossimi giorni potrebbero essere intrapresi ulteriori provvedimenti. La Direzione auspica che gli operatori sanitari provvedano quanto prima agli adempimenti previsti dalla legge, nell\u2019interesse proprio, dei colleghi e della collettivit\u00e0. La vaccinazione per gli operatori sanitari \u00e8 sempre disponibile in qualsiasi punto vaccinale.<\/p>\n<p>&nbsp;<\/p>\n<p>&nbsp;<\/p>\n<hr \/>\n<p>&nbsp;<\/p>\n<blockquote>\n<h3>ULTIMI LAVORI NELLE SCUOLE PRIMA DELL&#8217;AVVIO DELL&#8217;ANNO SCOLASTICO<\/h3>\n<\/blockquote>\n<p><strong><a href=\"https:\/\/www.radiopiu.net\/wordpress\/fine-anno-eccezionale\/primo-piano-gli-studenti-che-scrivono-e-leggono-gli-fogli-di-risposta-degli-esami-di-esercitazione-in-aula-della-scuola-con-lo-stress_73622-858\/\" rel=\"attachment wp-att-143128\"><img loading=\"lazy\" decoding=\"async\" class=\"size-medium wp-image-143128 alignleft\" src=\"https:\/\/www.radiopiu.net\/wordpress\/wp-content\/uploads\/2020\/06\/primo-piano-gli-studenti-che-scrivono-e-leggono-gli-fogli-di-risposta-degli-esami-di-esercitazione-in-aula-della-scuola-con-lo-stress_73622-858-300x200.jpg\" alt=\"\" width=\"300\" height=\"200\" srcset=\"https:\/\/www.radiopiu.net\/wordpress\/wp-content\/uploads\/2020\/06\/primo-piano-gli-studenti-che-scrivono-e-leggono-gli-fogli-di-risposta-degli-esami-di-esercitazione-in-aula-della-scuola-con-lo-stress_73622-858-300x200.jpg 300w, https:\/\/www.radiopiu.net\/wordpress\/wp-content\/uploads\/2020\/06\/primo-piano-gli-studenti-che-scrivono-e-leggono-gli-fogli-di-risposta-degli-esami-di-esercitazione-in-aula-della-scuola-con-lo-stress_73622-858.jpg 626w\" sizes=\"auto, (max-width: 300px) 100vw, 300px\" \/><\/a>BELLUNO <\/strong><span class=\"s1\">La Provincia di Belluno sta concludendo in questi giorni gli ultimi interventi nelle scuole superiori di propriet\u00e0. Si tratta soprattutto di lavori di tinteggiatura e sanificazione profonda richiesti dall\u2019emergenza Covid, e di altre piccole operazioni che saranno completate entro la prossima settimana, in modo da garantire l\u2019avvio senza intoppi del nuovo anno scolastico. <\/span><span class=\"s1\">In particolare, sono in corso i lavori di ingrandimento di alcune aule affittate dalla parrocchia di Loreto e in utilizzo &#8211; dallo scorso anno &#8211; all\u2019istituto Catullo. Stessi lavori all\u2019Iti Segato, dove alcune aule sottoutilizzate negli ultimi tempi sono state recuperate e adeguate alle esigenze della didattica. Al Calvi e Renier, invece, vengono realizzate nuove vie d\u2019esodo, con un marciapiede che collega le due scuole e le rispettive fermate dei bus-navetta. Discorso simile al Dolomieu di Longarone e a Falcade, dove vengono asfaltati due passaggi pedonali.\u00a0I lavori previsti extra-Covid, infatti, sono diversi. Dalla sostituzione completa dei serramenti della palestra del liceo scientifico di Pieve di Cadore e del corpo A del Dolomieu, alla sistemazione del tetto della palestra del Catullo, fino alla rimozione dell\u2019amianto al piano terra del Catullo di via Feltre e al Colotti.<\/span><\/p>\n<p>&nbsp;<\/p>\n<p>&nbsp;<\/p>\n<hr \/>\n<p>&nbsp;<\/p>\n<blockquote>\n<h3>ITS MECCATRONICO A BELLUNO, SI PARTE \u2013 BERTON: \u201cRISULTATO STRAORDINARIO PER I NOSTRI RAGAZZI E LE AZIENDE DEL TERRITORIO. LA SFIDA DELLE COMPETENZE \u00c8 STATA RACCOLTA\u201d<\/h3>\n<\/blockquote>\n<p><strong><a href=\"https:\/\/www.radiopiu.net\/wordpress\/giornale-radiopiu-14-gennaio-2020-direttore-mirko-mezzacasa\/lorraine_berton-2\/\" rel=\"attachment wp-att-112912\"><img loading=\"lazy\" decoding=\"async\" class=\"size-medium wp-image-112912 alignleft\" src=\"https:\/\/www.radiopiu.net\/wordpress\/wp-content\/uploads\/2020\/01\/Lorraine_Berton-300x300.jpg\" alt=\"\" width=\"300\" height=\"300\" srcset=\"https:\/\/www.radiopiu.net\/wordpress\/wp-content\/uploads\/2020\/01\/Lorraine_Berton-300x300.jpg 300w, https:\/\/www.radiopiu.net\/wordpress\/wp-content\/uploads\/2020\/01\/Lorraine_Berton-150x150.jpg 150w, https:\/\/www.radiopiu.net\/wordpress\/wp-content\/uploads\/2020\/01\/Lorraine_Berton.jpg 767w\" sizes=\"auto, (max-width: 300px) 100vw, 300px\" \/><\/a>BELLUNO <\/strong>Adesso \u00e8 ufficiale: nell\u2019autunno 2021 sar\u00e0 avviato a Belluno \u2013 nella sede dell\u2019IIS Segato &#8211; il corso per \u201cTecnico superiore per l\u2019automazione e i sistemi meccatronici\u201d della Fondazione ITS Academy Meccatronico del Veneto. Una novit\u00e0 assoluta nel campo dell\u2019offerta formativa bellunese, sostenuta con forza da Confindustria Belluno Dolomiti sulla base delle richieste provenienti dalle aziende del territorio. Il numero minimo per l\u2019attivazione del corso \u2013 ovvero 20 iscritti \u2013 \u00e8 stato raggiunto, ma le selezioni sono ancora aperte fino al 19 settembre. La data di inizio lezioni sar\u00e0 agli inizi di ottobre. \u201c<em>\u00c8 un risultato al quale stiamo lavorando da pi\u00f9 di due anni ma alla fine ce l\u2019abbiamo fatta. Nemmeno la pandemia ci ha fermati<\/em>\u201d, afferma Lorraine Berton, presidente degli industriali bellunesi. \u201c<em>Siamo molto soddisfatti: \u00e8 una nuova opportunit\u00e0 che mettiamo a disposizione delle nostre ragazze e dei nostri ragazzi<\/em>\u201d. Proprio dalle imprese del territorio era giunta forte la richiesta di reperire nuovi profili specializzati in ambito meccatronico. \u201c<em>Appello che abbiamo subito raccolto iniziando un dialogo serrato con la Fondazione ITS Academy Meccatronico Veneto<\/em>\u201d, ricorda Berton. \u201c<em>Un confronto che abbiamo poi esteso a tutti i soggetti del territorio, a partire dall\u2019ITI Segato di Belluno, che fin dall\u2019inizio ha creduto nella bont\u00e0 dell\u2019iniziativa, prima con Salvatore Russotto, poi con l\u2019attuale dirigente Ilaria Chiarusi e il supporto operativo del docente Michele Zancanaro<\/em>\u201d.<\/p>\n<p>&nbsp;<\/p>\n<p>&nbsp;<\/p>\n<hr \/>\n<p>&nbsp;<\/p>\n<blockquote>\n<h3>INAUGURATA LA PANCHINA DELLA GENTILEZZA A CALALZO<\/h3>\n<\/blockquote>\n<p><strong><a href=\"https:\/\/www.radiopiu.net\/wordpress\/?attachment_id=230896\" rel=\"attachment wp-att-230896\"><img loading=\"lazy\" decoding=\"async\" class=\"size-medium wp-image-230896 alignleft\" src=\"https:\/\/www.radiopiu.net\/wordpress\/wp-content\/uploads\/2021\/09\/Unknown-1-300x225.jpeg\" alt=\"\" width=\"300\" height=\"225\" srcset=\"https:\/\/www.radiopiu.net\/wordpress\/wp-content\/uploads\/2021\/09\/Unknown-1-300x225.jpeg 300w, https:\/\/www.radiopiu.net\/wordpress\/wp-content\/uploads\/2021\/09\/Unknown-1-768x576.jpeg 768w, https:\/\/www.radiopiu.net\/wordpress\/wp-content\/uploads\/2021\/09\/Unknown-1.jpeg 1024w\" sizes=\"auto, (max-width: 300px) 100vw, 300px\" \/><\/a>CALALZO <\/strong>\u00c8 stata inaugurata a Calalzo di Cadore la \u201cPanchina della Gentilezza\u201d, iniziativa nata nel 2019 nel Torinese e che si \u00e8 diffusa in tutta Italia per promuovere la gentilezza come buona pratica. Le Panchine della Gentilezza, per essere tali, devono affrontare una procedura particolare: la panchina non deve essere nuova, ma ne va recuperata una in disuso; va dipinta di viola (colore scelto dai promotori come fusione di blu, che rappresenta la profondit\u00e0, e rosso, la concretezza); deve riportare una frase dedicata alla gentilezza (nel caso di Calalzo, una citazione del Dalai Lama: \u201cSii gentile, quando \u00e8 possibile. \u00c8 sempre possibile\u201d); sulla panchina va affisso un QR Code che rimanda al sito dei promotori, con la spiegazione dell&#8217;iniziativa; all&#8217;inaugurazione devono essere presenti i bambini. Proprio un gruppo di bimbi del paese, partecipanti alle varie attivit\u00e0 dedicate ai pi\u00f9 piccoli promosse dal Comune, era presente per il \u201ctaglio del nastro\u201d della panchina che ha trovato spazio alla fine di Via Leopardi, dove inizia il Percorso Vita; a restaurare e a donare al Comune la panchina, una cittadina di Calalzo, colpita dalla particolarit\u00e0 dell&#8217;iniziativa.<\/p>\n<p>&nbsp;<\/p>\n<p>&nbsp;<\/p>\n<hr \/>\n<p>&nbsp;<\/p>\n<blockquote>\n<h3>DILLO A RADIO PIU&#8217;&#8230;ALCUNI PROBLEMI DA RISOLVERE ALL&#8217;UFFICIO POSTALE DI TAIBON<\/h3>\n<\/blockquote>\n<p><strong><a href=\"https:\/\/www.radiopiu.net\/wordpress\/giornale-radiopiu-30-maggio-2020-direttore-mirko-mezzacasa\/poste-italiane-3\/\" rel=\"attachment wp-att-141305\"><img loading=\"lazy\" decoding=\"async\" class=\"size-medium wp-image-141305 alignleft\" src=\"https:\/\/www.radiopiu.net\/wordpress\/wp-content\/uploads\/2020\/05\/POSTE-ITALIANE-300x61.png\" alt=\"\" width=\"300\" height=\"61\" srcset=\"https:\/\/www.radiopiu.net\/wordpress\/wp-content\/uploads\/2020\/05\/POSTE-ITALIANE-300x61.png 300w, https:\/\/www.radiopiu.net\/wordpress\/wp-content\/uploads\/2020\/05\/POSTE-ITALIANE.png 436w\" sizes=\"auto, (max-width: 300px) 100vw, 300px\" \/><\/a>TAIBON<\/strong> Riceviamo e pubblichiamo una lettera di un nostro ascoltatore che lamenta alcuni problemi all&#8217;ufficio postale di Taibon Agordino<\/p>\n<blockquote><p><em>Poste Italiane \u00e8 sicuramente una delle aziende pi\u00f9 importanti del nostro Paese con milioni di clienti che fruiscono dei loro servizi e giornalmente frequentano\u00a0 i loro\u00a0 uffici. E\u2019 sicuramente apprezzata anche per il carattere sociale, parte integrante (anche se sempre pi\u00f9 marginale) del loro business. Purtuttavia anche a causa di alcune situazioni e circostanze l\u2019immagine (e non solo) che offre alla propria clientela \u00e8 di disfunzioni e di disorganizzazione. Con questa mia vorrei far giungere alla dirigenza preposta alla organizzazione sul territorio dei propri uffici quanto osservato spesso presso l\u2019ufficio di Taibon Agordino, non per una critica gratuita, ma per un modesto contributo finalizzato unicamente al miglioramento dei servizi peraltro sempre \u00a0puntuali e professionali. Una premessa\u00a0 doverosa e necessaria riguarda la location e le aperture dell\u2019ufficio postale di Taibon Agordino. L\u2019Ufficio \u00e8 aperto solo tre mattinate alla settimana.\u00a0 Per la ristrettezza degli spazi interni inoltre non \u00e8 possibile ipotizzare un secondo sportello ne tantomeno la presenza all\u2019interno di utenti in attesa del proprio turno. Questi devono aspettare pazientemente all\u2019esterno peraltro in una strada comunale aperta al traffico e priva di parcheggi. Ci\u00f2 premesso i servizi offerti da Poste Italiane , come noto, sono i pi\u00f9 svariati. Dal semplice pagamento di bollettini, alla riscossione della pensione, tutte risolvibili in pochi minuti, fino ad operazioni pi\u00f9 complesse che richiedono tempi sensibilmente pi\u00f9 lunghi. E sono \u00a0proprio \u00a0queste operazioni che voglio porre all\u2019attenzione della dirigenza preposta alla organizzazione. In un breve arco di\u00a0 tempo \u00a0\u00e8 capitato recentemente\u00a0 di assistere a due operazioni di tale complessit\u00e0. L\u2019ultima\u00a0 (di qualche giorno fa) \u00e8 durata poco meno di un\u2019ora con la fila di utenti che si allungava e \u201cgiustamente\u201d\u00a0 si chiedeva se non fosse possibile trovare una soluzione alternativa. Ovviamente non mancavano invettive contro Poste Italiane con utenti che abbandonavano la coda. Circostanze queste che se avvengono in stagioni fredde costringono peraltro l\u2019utenza in attesa a bivaccare all\u2019esterno con temperature sotto lo zero in condizioni davvero inaccettabili. Utenza che , vale la pena di sottolineare , \u00e8 in gran parte composta da anziani. Ci\u00f2 detto e premesso che l\u2018utenza tutta a diritto di fruire di tutti i servizi offerti da quello pi\u00f9 veloce a quello pi\u00f9 complesso mi chiedo e chiedo di adottare delle soluzioni tali da eliminare o arginare tali disagi. Detto che un secondo sportello non \u00e8 ipotizzabile e che neppure una maggiore apertura dello sportello (pi\u00f9 mattinate o pi\u00f9 giorni) risolverebbe il problema, l\u2019unica soluzione che al sottoscritto appare possibile \u00e8 quella di riservare all\u2019espletamento di pratiche complesse la parte terminale dell\u2019orario (ultima ora?) giornaliero di apertura, magari previo preventivo appuntamento . Certo di interpretare il pensiero di molti utenti , ringrazio Poste Italiane per l attenzione che vorr\u00e0 riservare a questa mia nota alla quale sarebbe gradito un riscontro (anche se negativo). \u00a0\u00a0\u00a0\u00a0\u00a0\u00a0\u00a0\u00a0<\/em><\/p>\n<p><em>Lettera firmata<\/em><\/p><\/blockquote>\n<p>&nbsp;<\/p>\n<p>&nbsp;<\/p>\n<hr \/>\n<p>&nbsp;<\/p>\n<blockquote>\n<h3>DILLO A RADIO PIU&#8217;&#8230;IL DISINTERESSE DI PORTARE INTERNET ULTRA VELOCE NELLE FRAZIONI PIU&#8217; PERIFERICHE<\/h3>\n<\/blockquote>\n<p><strong><a href=\"https:\/\/www.radiopiu.net\/wordpress\/dillo-a-radio-piu-il-disinteresse-di-portare-internet-ultra-veloce-nelle-frazioni-piu-periferiche\/unknown-18\/\" rel=\"attachment wp-att-230875\"><img loading=\"lazy\" decoding=\"async\" class=\"size-medium wp-image-230875 alignleft\" src=\"https:\/\/www.radiopiu.net\/wordpress\/wp-content\/uploads\/2021\/09\/Unknown-225x300.jpeg\" alt=\"\" width=\"225\" height=\"300\" srcset=\"https:\/\/www.radiopiu.net\/wordpress\/wp-content\/uploads\/2021\/09\/Unknown-225x300.jpeg 225w, https:\/\/www.radiopiu.net\/wordpress\/wp-content\/uploads\/2021\/09\/Unknown-768x1024.jpeg 768w, https:\/\/www.radiopiu.net\/wordpress\/wp-content\/uploads\/2021\/09\/Unknown-1152x1536.jpeg 1152w, https:\/\/www.radiopiu.net\/wordpress\/wp-content\/uploads\/2021\/09\/Unknown.jpeg 1200w\" sizes=\"auto, (max-width: 225px) 100vw, 225px\" \/><\/a>FALCADE<\/strong> L&#8217;annoso problema di internet nei paesi agordini continua, specialmente nelle frazioni pi\u00f9 periferiche dove l&#8217;utenza \u00e8 costretta a navigare con una banda che non risponde alle esigenze del giorno d&#8217;oggi. Un esempio \u00e8 Tabiadon di Val a Falcade dove i residenti hanno fatto una raccolta firme per portare la banda ultra larga e nei mesi scorsi \u00e8 stata consegnata in comune. A scriverci, a nome degli abitanti della frazione ma anche delle altre zone falcadine, \u00e8 Franco.<\/p>\n<blockquote><p><em>Circa 6 mesi fa abbiamo inviato una lettera, in cui si chiedevano spiegazioni di come mai la nostra frazione di Tabiadon di Val era stata esclusa dall\u2019importante servizio cablato di Banda Ultra Larga allegando un centinaio di firme, raccolte con difficolt\u00e0 durante il lockdown, da parte di residenti e proprietari di seconda casa della frazione.\u00a0 La lettera \u00e8 stata inviata attraverso PEC il 7 marzo 2021 all\u2019Ufficio Protocollo del Comune di Falcade indirizzata al Sindaco Michele Costa, all&#8217;amministrazione e a tutto il consiglio comunale. Nonostante l\u2019importanza del servizio per una frazione di una montagna sempre pi\u00f9 spopolata, le firme dei cittadini e il fatto che alcuni importanti media locali (radio e giornali) abbiano portato in evidenza il problema. Nessuno ad oggi si \u00e8 degnato di darci una risposta. Questo \u00e8 un continuo disinteressamento per le frazioni, mancanza di argomenti, tattica politica, \u201ccoda di paglia\u201d o semplice maleducazione?<\/em><\/p><\/blockquote>\n<p>&nbsp;<\/p>\n<p>&nbsp;<\/p>\n<hr \/>\n<p>&nbsp;<\/p>\n<blockquote>\n<h3>FLORA COSTA, 95 ANNI E QUARTO LIBRO<\/h3>\n<\/blockquote>\n<p><strong><a href=\"https:\/\/www.radiopiu.net\/wordpress\/flora-costa-95-anni-e-quarto-libro\/flora-costa-mostra-il-suo-quarto-libro\/\" rel=\"attachment wp-att-231019\"><img loading=\"lazy\" decoding=\"async\" class=\"size-medium wp-image-231019 alignleft\" src=\"https:\/\/www.radiopiu.net\/wordpress\/wp-content\/uploads\/2021\/09\/Flora-Costa-mostra-il-suo-quarto-libro-300x169.jpg\" alt=\"\" width=\"300\" height=\"169\" srcset=\"https:\/\/www.radiopiu.net\/wordpress\/wp-content\/uploads\/2021\/09\/Flora-Costa-mostra-il-suo-quarto-libro-300x169.jpg 300w, https:\/\/www.radiopiu.net\/wordpress\/wp-content\/uploads\/2021\/09\/Flora-Costa-mostra-il-suo-quarto-libro-1024x576.jpg 1024w, https:\/\/www.radiopiu.net\/wordpress\/wp-content\/uploads\/2021\/09\/Flora-Costa-mostra-il-suo-quarto-libro-768x432.jpg 768w, https:\/\/www.radiopiu.net\/wordpress\/wp-content\/uploads\/2021\/09\/Flora-Costa-mostra-il-suo-quarto-libro-1536x864.jpg 1536w, https:\/\/www.radiopiu.net\/wordpress\/wp-content\/uploads\/2021\/09\/Flora-Costa-mostra-il-suo-quarto-libro-2048x1152.jpg 2048w\" sizes=\"auto, (max-width: 300px) 100vw, 300px\" \/><\/a>SAN TOMASO<\/strong><\/p>\n<p><strong>di Luisa Manfroi<\/strong><\/p>\n<p>Una visione fresca della vita con una fiducia nel futuro senza lasciarsi andare alla nostalgia. \u00c8\u00a0 questo il segreto di Flora Costa, novantacinque anni compiuti ad agosto e autrice del suo quarto libro \u201cIl canto del cuore\u201d\u00a0 presentato nella sala parrocchiale di San Tomaso nel tardo pomeriggio di sabato 4 settembre, comune di nascita al quale \u00e8 molto legata nonostante sia emigrata da decenni. Con lei, Marco Rossi in rappresentanza della Pro Loco e Isabella Borile la quale ha letto alcune tra le pagine pi\u00f9 significative dell\u2019ultimo lavoro letterario di Flora. Partita per\u00a0 la Francia con il marito nel primi del \u201850\u00a0 e da anni residente\u00a0 a Boulay-Moselle, non rinuncia a tornare a San Tomaso ogni estate per rivedere la sua gente, le\u00a0 montagne, i luoghi che suscitano in lei tanti ricordi. \u00abSono tanto felice di essere qui a San Tomaso dopo avere avuto paura e sofferto per essere rinchiusa in casa senza vedere la famiglia per tanti mesi. Ho visto molti amici andarsene e dobbiamo avere un pensiero per loro\u00bb.\u00a0 Dopo \u201cDall\u2019alba fino al tramonto\u201d, \u201cHo due amori: le Dolomiti e la Lorena\u201d e \u201cLe isole, fra cielo e mare\u201d,\u00a0 tutti editi da \u201cBellunesi nel Mondo\u201d, \u00e8 uscita anche questa sua quarta pubblicazione in cui l\u2019autrice ha messo al centro della narrazione il suo paese, filtrato con la sensibilit\u00e0 di ci\u00f2 che le suggerisce il cuore e visto con gli occhi\u00a0 di un\u2019osservatrice attenta a ci\u00f2 che la circonda siano essi la natura, l\u2019ambiente, gli abitati di San Tomaso, Colar\u00f9, dove\u00a0 \u00e8 venuta al mondo e ha trascorso l\u2019infanzia. Ma pure Toccol, frazione in cui \u00e8 nata la madre e i riferimenti agli affetti cari, allo scorrere del tempo, alla parlata, \u201cel dialeto de San Tomas\u201d. Una prosa che non lascia spazio alla retorica e dove la descrizione si accompagna e si fonde all\u2019aspetto emozionale. <a href=\"https:\/\/www.radiopiu.net\/wordpress\/flora-costa-95-anni-e-quarto-libro\/un-momento-della-presentazione\/\" rel=\"attachment wp-att-231020\"><img loading=\"lazy\" decoding=\"async\" class=\" wp-image-231020 alignright\" src=\"https:\/\/www.radiopiu.net\/wordpress\/wp-content\/uploads\/2021\/09\/un-momento-della-presentazione-300x169.jpg\" alt=\"\" width=\"404\" height=\"228\" srcset=\"https:\/\/www.radiopiu.net\/wordpress\/wp-content\/uploads\/2021\/09\/un-momento-della-presentazione-300x169.jpg 300w, https:\/\/www.radiopiu.net\/wordpress\/wp-content\/uploads\/2021\/09\/un-momento-della-presentazione-1024x576.jpg 1024w, https:\/\/www.radiopiu.net\/wordpress\/wp-content\/uploads\/2021\/09\/un-momento-della-presentazione-768x432.jpg 768w, https:\/\/www.radiopiu.net\/wordpress\/wp-content\/uploads\/2021\/09\/un-momento-della-presentazione-1536x864.jpg 1536w, https:\/\/www.radiopiu.net\/wordpress\/wp-content\/uploads\/2021\/09\/un-momento-della-presentazione-2048x1152.jpg 2048w\" sizes=\"auto, (max-width: 404px) 100vw, 404px\" \/><\/a>\u00abScoprire attraverso il mio scritto il mio amore per la vita e il suo grande mistero, la bellezza della creazione, essere coscienti che vivere \u00e8 una gioia senza prezzo\u00bb \u00e8 la ricetta di Flora che ha ancora una visione attualissima della vita e crede negli interessi che essa sa offrire. Dotata di perspicacia e talento per la scrittura, dopo avere cresciuto la famiglia e avere perso il marito, ventisette anni fa, ha iniziato a scrivere, ormai in et\u00e0 matura e per un bisogno interiore che l\u2019ha portata a condividere i suoi lavori che\u00a0 poi sono stati divulgati in forma di libri a novant\u2019anni compiuti. Dapprima, Flora appuntava i suoi scritti a mano, poi ha imparato a digitarli usando il tablet avendo molta fiducia nella tecnologia. Ora sta seguendo un corso di inglese considerando questa lingua molto interessante. Da lei abbiamo ancora tanto da imparare e certamente sapr\u00e0 ancora sorprenderci.<\/p>\n<p>&nbsp;<\/p>\n<p>&nbsp;<\/p>\n<hr \/>\n<p>&nbsp;<\/p>\n<blockquote>\n<h3>UN&#8217;AGORDINA NELLA RUBRICA DI CONCITA DE GREGORIO SU LA REPUBBLICA<\/h3>\n<\/blockquote>\n<p><a href=\"https:\/\/www.radiopiu.net\/wordpress\/unagordina-nella-rubrica-di-concita-de-gregorio-su-la-repubblica\/alice-5\/\" rel=\"attachment wp-att-230945\"><img loading=\"lazy\" decoding=\"async\" class=\" wp-image-230945 alignleft\" src=\"https:\/\/www.radiopiu.net\/wordpress\/wp-content\/uploads\/2021\/09\/alice-300x239.jpg\" alt=\"\" width=\"179\" height=\"143\" srcset=\"https:\/\/www.radiopiu.net\/wordpress\/wp-content\/uploads\/2021\/09\/alice-300x239.jpg 300w, https:\/\/www.radiopiu.net\/wordpress\/wp-content\/uploads\/2021\/09\/alice-768x613.jpg 768w, https:\/\/www.radiopiu.net\/wordpress\/wp-content\/uploads\/2021\/09\/alice.jpg 929w\" sizes=\"auto, (max-width: 179px) 100vw, 179px\" \/><\/a>Lo scorso 2 settembre sulla rubrica di Concita De Gregorio sul sito del quotidiano &#8220;La Repubblica&#8221; \u00e8 apparsa una lettera di una giovane agordina. Lei \u00e8 Alice De Zordo che nei giorni scorsi ha scritto alla giornalista parlando di Gino Strada. La lettera \u00e8 stata pubblicata sul sito del quotidiano con grande soddisfazione della giovane oltre che dei genitori.<\/p>\n<p><strong>PER LEGGERE L&#8217;ARTICOLO <a href=\"https:\/\/invececoncita.blogautore.repubblica.it\/lettere\/2021\/09\/02\/ricordatevi-di-gino-strada\/\">CLICCA QUI<\/a><\/strong><\/p>\n<p>&nbsp;<\/p>\n<p>&nbsp;<\/p>\n<hr \/>\n<p>&nbsp;<\/p>\n<blockquote>\n<h3>SPORTELLI PA: NEGLI ULTIMI 20 ANNI ANCHE IN VENETO CODE PIU\u2019 LUNGHE<\/h3>\n<\/blockquote>\n<p class=\"p1\"><b>IL COVID LE HA AZZERATE, MA I TEMPI DI EROGAZIONE DEI SERVIZI SONO AUMENTATI<\/b><\/p>\n<p>In questi ultimi anni, fa sapere l\u2019Ufficio studi della CGIA, la fila agli sportelli pubblici ha continuato ad allungarsi, almeno fino all\u2019avvento del Covid, anche in Veneto. Ancorch\u00e8 ogni ente dello Stato disponga da tempo di un sito internet dal quale si possono scaricare moduli, atti, certificati e, se necessario, ogni utente pu\u00f2 inviare digitalmente gli stessi alla struttura richiedente, negli ultimi 20 anni chi, invece, \u00e8 stato costretto a recarsi fisicamente ad uno sportello di una ASL o presso l\u2019ufficio anagrafe del proprio Comune ha visto aumentare i tempi di attesa prima di poter iniziare a interloquire con un impiegato pubblico. Idealmente, \u00e8 come se tra il 1999 e il 2019 la fila davanti a un veneto si fosse allungata in entrambi i casi di 15 persone.<\/p>\n<p><strong>Il Covid ha tagliato le code, ma si sono allungati i tempi di erogazione dei servizi<\/strong><br \/>\nCon l\u2019avvento del Covid, per\u00f2, le cose sono cambiate completamente. Sebbene non ci sia ancora nessun riscontro statistico, la pandemia ha sicuramente eliminato le code. Ma, come era inevitabile, i tempi di risposta della pubblica Amministrazione sono aumentati. Molti uffici pubblici, infatti, hanno stravolto le modalit\u00e0 di accesso ai servizi da parte degli utenti. Complice il ricorso di molti addetti allo smart working, tanti enti hanno chiuso gli sportelli e hanno opportunamente iniziato a lavorare su prenotazione. Chi, per\u00f2, non ha potuto fare ci\u00f2, pensiamo, ad esempio, a tanti servizi resi dalle ASL, il numero degli utenti, a causa delle limitazioni alla mobilit\u00e0 imposte per legge, \u00e8 crollato, facendo cos\u00ec diminuire i tempi di attesa per quelle persone che, comunque, non potevano non esimersi dal sottoporsi a un esame specialistico o a un intervento chirurgico. Sebbene le code siano momentaneamente svanite, i tempi di erogazione delle prestazioni\/servizi si sono per\u00f2 allungati. Un problema che, sin dall\u2019avvento della pandemia, tutti avevamo intuito che sarebbe avvenuto.<\/p>\n<p><strong>In Italia sono un milione e mezzo i dipendenti pubblici che lavorano ancora da casa ?<\/strong><br \/>\nSperando che nei prossimi mesi il Covid non ci riservi degli ulteriori colpi di coda, \u00e8 necessario che la Pubblica Amministrazione possa contare sulla presenza in ufficio di tutto il personale. Sia perch\u00e9 abbiamo bisogno di una macchina statale che funzioni e riacquisti produttivit\u00e0 sia perch\u00e9 non possono pi\u00f9 esserci due pesi e due misure. Ovvero, lavoratori di serie A e lavoratori di serie B. Al di l\u00e0 di ci\u00f2, quanti sono attualmente i dipendenti del pubblico impiego che lavorano da remoto ? Secondo il Ministro per la Pubblica Amministrazione, Renato Brunetta, oltre il 50 per cento; stando ad alcune ricerche presentate qualche mese fa, invece, attorno al 30 per cento. Noi riteniamo maggiormente attendibile il dato fornito dal Ministro, anche se ci permettiamo di sottolineare che non possiamo pi\u00f9 permetterci che un milione e mezzo circa di persone lavori da casa. Se, a pieno organico, nel periodo pre-Covid la nostra PA presentava livelli di soddisfazione del servizio reso tra i pi\u00f9 bassi d\u2019Europa, figuriamoci adesso. Intendiamoci, molti settori pubblici durante la pandemia hanno dimostrato livelli di efficienza straordinari, altri, per\u00f2, hanno rallentato tremendamente la velocit\u00e0 di erogazione delle prestazioni, \u201cspingendo\u201d molti cittadini a rivolgersi al settore privato, cosicch\u00e9 molte persone sono state costrette a pagare due volte: con la fiscalit\u00e0 generale e saldando la fattura ricevuta per il servizio reso da un libero professionista o da un\u2019 impresa.<\/p>\n<p><strong>Tempi di attesa: in Veneto sono tra i pi\u00f9 brevi<\/strong><br \/>\nA livello territoriale le situazioni pi\u00f9 difficili si registrano nel Centro-Sud. Presso gli sportelli delle ASL i tempi d\u2019attesa pi\u00f9 lunghi si sono verificati in Calabria (70,9 persone intervistate su 100 sono state in fila pi\u00f9 di 20 minuti), in Sicilia (70,9) e Campania (66,7). Le attese in coda agli uffici anagrafe, invece, si sono fatte sentire in particolar modo nei Comuni ubicati nel Lazio (50), in Sicilia (40,1) e in Puglia (33,1). Tra le realt\u00e0 regionali pi\u00f9 virtuose notiamo, in entrambi i casi, Veneto, Valle d\u2019Aosta e, in particolare, in Trentino Alto Adige (vedi Tab. 2 e Tab. 3). Nella nostra regione le persone che hanno denunciato di aver subito negli ultimi 20 anni un aumento della fila presso l\u2019ASL sono salite da 26,8 su 100 intervistati a 41,5 su 100 (+54,9 per cento). Quelle che, invece, hanno segnalato lo stesso disguido, ma di fronte allo sportello dell\u2019anagrafe, sono passate da 5,5 su 100 intervistati a 19,6 su 100 (+256,4 per cento). I ritardi e le inefficienze della nostra Pubblica Amministrazione, comunque, non sono ascrivibili solo alla cattiva organizzazione della stessa.\u00a0 Nonostante il processo di informatizzazione abbia interessato tutta la nostra PA la fila agli sportelli nei 20 anni analizzati non \u00e8 cresciuta per colpa di chi ci lavora. La responsabilit\u00e0 va ricercata negli effetti che caratterizzano moltissime leggi, decreti e circolari che, spesso in contraddizione tra loro, hanno aumentato a dismisura la burocrazia, complicando non solo la vita dei cittadini e delle imprese, ma anche quella degli impiegati pubblici.<\/p>\n<p><strong>Per le nostre imprese la PA \u00e8 un grosso problema<\/strong><br \/>\nA lamentarsi, comunque, non sono solo i cittadini ma anche il sistema produttivo. Per 9 imprenditori su 10, infatti, la PA italiana presenta le procedure amministrative in capo alle aziende costituiscono un grosso problema. Nessun altro paese dell\u2019Area dell\u2019Euro ha registrato uno score cos\u00ec negativo. Rispetto alla media dei 19 Paesi monitorati, l\u2019Italia sconta un differenziale di ben 18 punti percentuali in pi\u00f9 (vedi Graf. 2). Il coacervo di norme, di regolamenti e di disposizioni varie presenti in tutti i settori continuano a ingessare il Paese, rendendo la vita impossibile soprattutto a chi vuole fare impresa o, come nel Veneto, ha una grande vocazione all\u2019export, che lo costringe a rapportarsi quotidianamente con concorrenti che, invece, possono contare su pubbliche amministrazioni molto pi\u00f9 efficienti della nostra. E mai come in questo momento, oltre a riformare la nostra Amministrazione statale sarebbe necessario semplificare il quadro normativo, riducendo il numero delle leggi attraverso l\u2019abrogazione di quelle pi\u00f9 datate, ricorrendo ai testi unici, evitando cos\u00ec la sovrapposizione legislativa che su molte materie ha generato incomunicabilit\u00e0, mancanza di trasparenza, incertezza dei tempi ed adempimenti sempre pi\u00f9 onerosi. Siamo certi che tutto questo darebbe un forte impulso alla produttivit\u00e0 del personale pubblico, spesso costretto a sottostare a procedure organizzative rigide e insensate che disincentivano la voglia di fare.<\/p>\n\n\t\t\t<style type='text\/css'>\n\t\t\t\t#gallery-6 {\n\t\t\t\t\tmargin: auto;\n\t\t\t\t}\n\t\t\t\t#gallery-6 .gallery-item {\n\t\t\t\t\tfloat: left;\n\t\t\t\t\tmargin-top: 10px;\n\t\t\t\t\ttext-align: center;\n\t\t\t\t\twidth: 20%;\n\t\t\t\t}\n\t\t\t\t#gallery-6 img {\n\t\t\t\t\tborder: 2px solid #cfcfcf;\n\t\t\t\t}\n\t\t\t\t#gallery-6 .gallery-caption {\n\t\t\t\t\tmargin-left: 0;\n\t\t\t\t}\n\t\t\t\t\/* see gallery_shortcode() in wp-includes\/media.php *\/\n\t\t\t<\/style>\n\t\t<div id='gallery-6' class='dt-gallery-container gallery galleryid-230863 gallery-columns-5 gallery-size-medium'><dl class='gallery-item'>\n\t\t\t\t<dt class='gallery-icon landscape'>\n\t\t\t\t\t<a class=\"rollover rollover-zoom dt-pswp-item\" title=\"Schermata 2021-09-04 alle 13.37.52\" data-dt-img-description=\"\" data-large_image_width=\"1280\" data-large_image_height=\"1176\"href='https:\/\/www.radiopiu.net\/wordpress\/wp-content\/uploads\/2021\/09\/Schermata-2021-09-04-alle-13.37.52.png'><img loading=\"lazy\" decoding=\"async\" width=\"300\" height=\"276\" src=\"https:\/\/www.radiopiu.net\/wordpress\/wp-content\/uploads\/2021\/09\/Schermata-2021-09-04-alle-13.37.52-300x276.png\" class=\"attachment-medium size-medium\" alt=\"\" srcset=\"https:\/\/www.radiopiu.net\/wordpress\/wp-content\/uploads\/2021\/09\/Schermata-2021-09-04-alle-13.37.52-300x276.png 300w, https:\/\/www.radiopiu.net\/wordpress\/wp-content\/uploads\/2021\/09\/Schermata-2021-09-04-alle-13.37.52-1024x941.png 1024w, https:\/\/www.radiopiu.net\/wordpress\/wp-content\/uploads\/2021\/09\/Schermata-2021-09-04-alle-13.37.52-768x706.png 768w, https:\/\/www.radiopiu.net\/wordpress\/wp-content\/uploads\/2021\/09\/Schermata-2021-09-04-alle-13.37.52.png 1280w\" sizes=\"auto, (max-width: 300px) 100vw, 300px\" \/><\/a>\n\t\t\t\t<\/dt><\/dl><dl class='gallery-item'>\n\t\t\t\t<dt class='gallery-icon portrait'>\n\t\t\t\t\t<a class=\"rollover rollover-zoom dt-pswp-item\" title=\"Schermata 2021-09-04 alle 13.37.41\" data-dt-img-description=\"\" data-large_image_width=\"1280\" data-large_image_height=\"1504\"href='https:\/\/www.radiopiu.net\/wordpress\/wp-content\/uploads\/2021\/09\/Schermata-2021-09-04-alle-13.37.41.png'><img loading=\"lazy\" decoding=\"async\" width=\"255\" height=\"300\" src=\"https:\/\/www.radiopiu.net\/wordpress\/wp-content\/uploads\/2021\/09\/Schermata-2021-09-04-alle-13.37.41-255x300.png\" class=\"attachment-medium size-medium\" alt=\"\" srcset=\"https:\/\/www.radiopiu.net\/wordpress\/wp-content\/uploads\/2021\/09\/Schermata-2021-09-04-alle-13.37.41-255x300.png 255w, https:\/\/www.radiopiu.net\/wordpress\/wp-content\/uploads\/2021\/09\/Schermata-2021-09-04-alle-13.37.41-871x1024.png 871w, https:\/\/www.radiopiu.net\/wordpress\/wp-content\/uploads\/2021\/09\/Schermata-2021-09-04-alle-13.37.41-768x902.png 768w, https:\/\/www.radiopiu.net\/wordpress\/wp-content\/uploads\/2021\/09\/Schermata-2021-09-04-alle-13.37.41.png 1280w\" sizes=\"auto, (max-width: 255px) 100vw, 255px\" \/><\/a>\n\t\t\t\t<\/dt><\/dl><dl class='gallery-item'>\n\t\t\t\t<dt class='gallery-icon portrait'>\n\t\t\t\t\t<a class=\"rollover rollover-zoom dt-pswp-item\" title=\"Schermata 2021-09-04 alle 13.37.17\" data-dt-img-description=\"\" data-large_image_width=\"1280\" data-large_image_height=\"1476\"href='https:\/\/www.radiopiu.net\/wordpress\/wp-content\/uploads\/2021\/09\/Schermata-2021-09-04-alle-13.37.17.png'><img loading=\"lazy\" decoding=\"async\" width=\"260\" height=\"300\" src=\"https:\/\/www.radiopiu.net\/wordpress\/wp-content\/uploads\/2021\/09\/Schermata-2021-09-04-alle-13.37.17-260x300.png\" class=\"attachment-medium size-medium\" alt=\"\" srcset=\"https:\/\/www.radiopiu.net\/wordpress\/wp-content\/uploads\/2021\/09\/Schermata-2021-09-04-alle-13.37.17-260x300.png 260w, https:\/\/www.radiopiu.net\/wordpress\/wp-content\/uploads\/2021\/09\/Schermata-2021-09-04-alle-13.37.17-888x1024.png 888w, https:\/\/www.radiopiu.net\/wordpress\/wp-content\/uploads\/2021\/09\/Schermata-2021-09-04-alle-13.37.17-768x886.png 768w, https:\/\/www.radiopiu.net\/wordpress\/wp-content\/uploads\/2021\/09\/Schermata-2021-09-04-alle-13.37.17.png 1280w\" sizes=\"auto, (max-width: 260px) 100vw, 260px\" \/><\/a>\n\t\t\t\t<\/dt><\/dl><dl class='gallery-item'>\n\t\t\t\t<dt class='gallery-icon landscape'>\n\t\t\t\t\t<a class=\"rollover rollover-zoom dt-pswp-item\" title=\"Schermata 2021-09-04 alle 13.37.03\" data-dt-img-description=\"\" data-large_image_width=\"1168\" data-large_image_height=\"960\"href='https:\/\/www.radiopiu.net\/wordpress\/wp-content\/uploads\/2021\/09\/Schermata-2021-09-04-alle-13.37.03.png'><img loading=\"lazy\" decoding=\"async\" width=\"300\" height=\"247\" src=\"https:\/\/www.radiopiu.net\/wordpress\/wp-content\/uploads\/2021\/09\/Schermata-2021-09-04-alle-13.37.03-300x247.png\" class=\"attachment-medium size-medium\" alt=\"\" srcset=\"https:\/\/www.radiopiu.net\/wordpress\/wp-content\/uploads\/2021\/09\/Schermata-2021-09-04-alle-13.37.03-300x247.png 300w, https:\/\/www.radiopiu.net\/wordpress\/wp-content\/uploads\/2021\/09\/Schermata-2021-09-04-alle-13.37.03-1024x842.png 1024w, https:\/\/www.radiopiu.net\/wordpress\/wp-content\/uploads\/2021\/09\/Schermata-2021-09-04-alle-13.37.03-768x631.png 768w, https:\/\/www.radiopiu.net\/wordpress\/wp-content\/uploads\/2021\/09\/Schermata-2021-09-04-alle-13.37.03.png 1168w\" sizes=\"auto, (max-width: 300px) 100vw, 300px\" \/><\/a>\n\t\t\t\t<\/dt><\/dl><dl class='gallery-item'>\n\t\t\t\t<dt class='gallery-icon landscape'>\n\t\t\t\t\t<a class=\"rollover rollover-zoom dt-pswp-item\" title=\"Schermata 2021-09-04 alle 13.36.50\" data-dt-img-description=\"\" data-large_image_width=\"1254\" data-large_image_height=\"516\"href='https:\/\/www.radiopiu.net\/wordpress\/wp-content\/uploads\/2021\/09\/Schermata-2021-09-04-alle-13.36.50.png'><img loading=\"lazy\" decoding=\"async\" width=\"300\" height=\"123\" src=\"https:\/\/www.radiopiu.net\/wordpress\/wp-content\/uploads\/2021\/09\/Schermata-2021-09-04-alle-13.36.50-300x123.png\" class=\"attachment-medium size-medium\" alt=\"\" srcset=\"https:\/\/www.radiopiu.net\/wordpress\/wp-content\/uploads\/2021\/09\/Schermata-2021-09-04-alle-13.36.50-300x123.png 300w, https:\/\/www.radiopiu.net\/wordpress\/wp-content\/uploads\/2021\/09\/Schermata-2021-09-04-alle-13.36.50-1024x421.png 1024w, https:\/\/www.radiopiu.net\/wordpress\/wp-content\/uploads\/2021\/09\/Schermata-2021-09-04-alle-13.36.50-768x316.png 768w, https:\/\/www.radiopiu.net\/wordpress\/wp-content\/uploads\/2021\/09\/Schermata-2021-09-04-alle-13.36.50.png 1254w\" sizes=\"auto, (max-width: 300px) 100vw, 300px\" \/><\/a>\n\t\t\t\t<\/dt><\/dl><br style=\"clear: both\" \/>\n\t\t\t<\/div>\n\n<p>&nbsp;<\/p>\n<hr \/>\n<p>&nbsp;<\/p>\n<blockquote>\n<h3>CUGNISCION NOSTE VIJINANZE<\/h3>\n<\/blockquote>\n<p><strong>COLLE SANTA LUCIA<\/strong> Istitut Ladin Cesa De Jan assieme al comune di Livinallongo del Col Di Lana organizzano delle gite alla scoperta delle vicinie di Fodom. I prossimi appuntamenti: Pieve e Salesei il 9 settembre. Il costo delle visite \u00e8 di 15 euro per gli adulti e 7 per i bambini (pranzo non compreso). Si consiglia un abbigliamento da trekking. Info e prenotazioni al 3343346680<\/p>\n<p>&nbsp;<\/p>\n<p>&nbsp;<\/p>\n<hr \/>\n<p>&nbsp;<\/p>\n<blockquote>\n<h3>I 130 ANNI DEL CAI BELLUNO: GLI APPUNTAMENTI<\/h3>\n<\/blockquote>\n<p><strong>BELLUNO<\/strong> Gli appuntamenti in programma nei prossimi giorni con il coro Cai di Belluno per celebrare i 130 anni dalla fondazione della sezione di Belluno.\u00a0 L&#8217;11 settembre al Rifugio Settimo Alpini per la messa in ricordo dei caduti della montagna.<\/p>\n<p>&nbsp;<\/p>\n<p>&nbsp;<\/p>\n<hr \/>\n<p>&nbsp;<\/p>\n<blockquote>\n<h3>CAMMINATURALMENTE RITORNA CON 2 APPUNTAMENTI<\/h3>\n<\/blockquote>\n<p><strong>BELLUNO<\/strong> Ultimo in programma per Camminaturalmente 2021 alla scoperta di itinierari naturalistici e ambientali con Anacleto Boranga.\u00a0 L&#8217;11 settembre sar\u00e0 la volta di IGNE E LE SUE STRADE LASTRICATE per scoprire chilometri di mulattiere che salgono il paese. Iscrizione obbligatoria a biblioteca@comune.belluno.it o al numero 0437 948093 entro le 12:30 del venerdi che precede la camminata. Dovranno essere rispettate le norme anticovid, massimo 15 persone per itinerario.<\/p>\n<p>&nbsp;<\/p>\n<p>&nbsp;<\/p>\n<hr \/>\n<p>&nbsp;<\/p>\n<blockquote>\n<h3>SETTIMANA DANTESCA IN ALPAGO<\/h3>\n<\/blockquote>\n<p><strong>ALPAGO<\/strong> Sar\u00e0 una settimana dedicata al sommo poeta Dante quella che inizier\u00e0 il 5 settembre in Alpago. Si inizia dal Municipio di Alpago dove domenica 5 settembre alle 16 verr\u00e0 inauguarata una mostra a cura di Serena Dal Borgo ed Erminio Mazzucco. Marted\u00ec 7 alle 20:30 al bocciodromo il concerto della banda comunale di Farra e gioved\u00ec 9, sempre al bocciodromo, il concerto della banda S. Cecilia di Puos. La serie di appuntamenti si chiude il 12 settembre presso la scacchiera quando il quartetto di clarinetti Barance si esibiranno alle 17:30.<\/p>\n<p>&nbsp;<\/p>\n<p>&nbsp;<\/p>\n<hr \/>\n<p>&nbsp;<\/p>\n<blockquote>\n<h3>CONCERTI TIPI DI NOTE A LONGARONE<\/h3>\n<\/blockquote>\n<p><strong>LONGARONE<\/strong> \u00c8 in programma per l&#8217;11 settembre alle 21 <span style=\"font-family: Arial;\">Concerti Tipi Di Note, musica inedita 100% Made in Belluno, <\/span><span style=\"font-family: Arial;\">che si terr\u00e0 presso lo Stadio Comunale di Longarone. Una serata da non perdere grazie ai gruppi Bad Mood e Elisa Zaghis Music accompagnati dall&#8217;Orchestra DoLaMiti composta da archi e legni. Si raccomanda il rispetto delle norme nazionali e regionali di contenimento dell&#8217;emergenza Covid-19 e <u>vi consigliamo di portare con voi una coperta per potervi sedere comodamente sul prato<\/u>.<\/span><\/p>\n<p>&nbsp;<\/p>\n<p>&nbsp;<\/p>\n<hr \/>\n<p>&nbsp;<\/p>\n<blockquote>\n<h3>DOMANI A BELLUNO IL CONCERTO DI ZLATOMIR FUNG<\/h3>\n<\/blockquote>\n<p><strong><a href=\"https:\/\/www.radiopiu.net\/wordpress\/giornale-radiopiu-03-settembre-2021-direttore-mirko-mezzacasa\/zlatomirfung\/\" rel=\"attachment wp-att-230588\"><img loading=\"lazy\" decoding=\"async\" class=\"size-medium wp-image-230588 alignleft\" src=\"https:\/\/www.radiopiu.net\/wordpress\/wp-content\/uploads\/2021\/09\/ZlatomirFung-300x187.jpg\" alt=\"\" width=\"300\" height=\"187\" srcset=\"https:\/\/www.radiopiu.net\/wordpress\/wp-content\/uploads\/2021\/09\/ZlatomirFung-300x187.jpg 300w, https:\/\/www.radiopiu.net\/wordpress\/wp-content\/uploads\/2021\/09\/ZlatomirFung-1024x637.jpg 1024w, https:\/\/www.radiopiu.net\/wordpress\/wp-content\/uploads\/2021\/09\/ZlatomirFung-768x478.jpg 768w, https:\/\/www.radiopiu.net\/wordpress\/wp-content\/uploads\/2021\/09\/ZlatomirFung-1536x955.jpg 1536w, https:\/\/www.radiopiu.net\/wordpress\/wp-content\/uploads\/2021\/09\/ZlatomirFung-2048x1274.jpg 2048w\" sizes=\"auto, (max-width: 300px) 100vw, 300px\" \/><\/a>BELLUNO <\/strong>Riprende la 68a Stagione 2021 del Circolo Culturale Bellunese, con l&#8217;atteso concerto del vincitore del 1\u00b0 premio Concorso \u010cajkovskij 2019, Zlatomir Fung, violoncello, domani alle 19:00, Teatro Giovanni XXIII, Belluno. Prenotazione richiesta, presso Agenzia Alpe Bellunese: tel. 0437 940407, e-mail: info@alpebellunese.it. Si ricorda l\u2019utilizzo della mascherina nel rispetto delle distanze e delle norme anti Covid-19. Le modalit\u00e0 di accesso potranno cambiare in riferimento ad eventuali sopraggiunti nuovi decreti e nuove ordinanze relative all\u2019emergenza sanitaria in corso. Si prega pertanto il pubblico di controllare gli aggiornamenti che verranno pubblicati sul sito e le pagine social del Circolo. Informazioni, programma completo della 68a Stagione 2021 e note di sala consultabili su: www.belcircolo.org.<\/p>\n<p>&nbsp;<\/p>\n<p>&nbsp;<\/p>\n<hr \/>\n<p>&nbsp;<\/p>\n<blockquote>\n<h3>GLI ORARI DELLA PRO LOCO DI CANALE D&#8217;AGORDO<\/h3>\n<\/blockquote>\n<p><strong>CANALE D&#8217;AGORDO<\/strong> Si comunica che fino al 12 settembre l&#8217;ufficio pro loco, il Museo e la Casa natale di Papa Luciani sono aperti tutti i giorni dalle 9.00 alle 13.00 e dalle 15.00 alle 19.00 (Casa natale 9.00-12.00; 15.00-18.00). A seguire, fino a fine ottobre, osserveranno i seguenti orari: <b><i>PRO LOCO- MUSEO ALBINO LUCIANI <\/i><\/b>venerd\u00ec, sabato e domenica 9.00-12.00; 15.00-18.00. <b><i>CASA NATALE PAPA LUCIANI <\/i><\/b>sabato e domenica 10.00-12.00; 16.00-18.00. A novembre ufficio informazioni CHIUSO, mentre Museo e Casa natale apriranno SOLO su richiesta e PRENOTAZIONE allo 0437 1948001 (WhatsApp 377 9665237).<\/p>\n<p>&nbsp;<\/p>\n<p>&nbsp;<\/p>\n<hr \/>\n<p>&nbsp;<\/p>\n<blockquote>\n<h3>PER FESTEGGIARE I 25 ANNI DEL MUSEO DI MEL, UN\u2019ESPOSIZIONE DI REPERTI ARCHEOLOGICI DA TUTTO IL TERRITORIO DI BORGO VALBELLUNA<\/h3>\n<\/blockquote>\n<p><strong>BORGO VALBELLUNA <\/strong>Il Museo civico archeologico di Mel, dove sono esposti i corredi tombali provenienti dalla necropoli di Mel dell&#8217;Et\u00e0 del ferro e materiali provenienti dai pi\u00f9 recenti scavi dell&#8217;abitato \u00e8 stato inaugurato nel 1996 e quest\u2019anno compie 25 anni. L\u2019esposizione sar\u00e0 inaugurata sabato 11 settembre alle ore 11.00 e sar\u00e0 visitabile nella sede del Museo di Borgo Valbelluna, palazzo delle Contesse \u2013 Mel, dall\u201911 settembre 2021 al 9 gennaio 2022, sabato e domenica 9.00-12.00 \u2013 15.00-18.00. Per informazioni: www.museomel.it &#8211; <a href=\"mailto:info@museomel.it\">info@museomel.it<\/a>; Ufficio Turistico Valbelluna: 0437 544294 &#8211; turismo.mel@borgovalbelluna.bl.it.<\/p>\n<p>&nbsp;<\/p>\n<p>&nbsp;<\/p>\n<hr \/>\n<p>&nbsp;<\/p>\n<blockquote class=\"wp-embedded-content\" data-secret=\"lKz9MfBXAQ\"><p><a href=\"https:\/\/www.radiopiu.net\/wordpress\/william-da-roit-ed-elvis-secco-nel-giro-ditalia-running-lo-speciale-alla-radio\/\">WILLIAM DA ROIT ED ELVIS SECCO NEL GIRO D&#8217;ITALIA RUNNING&#8230;LO SPECIALE ALLA RADIO<\/a><\/p><\/blockquote>\n<p><iframe loading=\"lazy\" class=\"wp-embedded-content\" sandbox=\"allow-scripts\" security=\"restricted\" style=\"position: absolute; clip: rect(1px, 1px, 1px, 1px);\" title=\"&#8220;WILLIAM DA ROIT ED ELVIS SECCO NEL GIRO D&#8217;ITALIA RUNNING&#8230;LO SPECIALE ALLA RADIO&#8221; &#8212; Radio Pi\u00f9\" src=\"https:\/\/www.radiopiu.net\/wordpress\/william-da-roit-ed-elvis-secco-nel-giro-ditalia-running-lo-speciale-alla-radio\/embed\/#?secret=lKz9MfBXAQ\" data-secret=\"lKz9MfBXAQ\" width=\"600\" height=\"338\" frameborder=\"0\" marginwidth=\"0\" marginheight=\"0\" scrolling=\"no\"><\/iframe><\/p>\n<p>&nbsp;<\/p>\n<hr \/>\n<p>&nbsp;<\/p>\n<blockquote class=\"wp-embedded-content\" data-secret=\"VmAOoetEdP\"><p><a href=\"https:\/\/www.radiopiu.net\/wordpress\/i-misteri-di-alleghe-di-sergio-saviane-alla-radio-con-lattore-roberto-faoro-il-podcast\/\">&#8220;I MISTERI DI ALLEGHE DI SERGIO SAVIANE&#8221; ALLA RADIO CON L&#8217;ATTORE ROBERTO FAORO &#8211; IL PODCAST<\/a><\/p><\/blockquote>\n<p><iframe loading=\"lazy\" class=\"wp-embedded-content\" sandbox=\"allow-scripts\" security=\"restricted\" style=\"position: absolute; clip: rect(1px, 1px, 1px, 1px);\" title=\"&#8220;&#8220;I MISTERI DI ALLEGHE DI SERGIO SAVIANE&#8221; ALLA RADIO CON L&#8217;ATTORE ROBERTO FAORO &#8211; IL PODCAST&#8221; &#8212; Radio Pi\u00f9\" src=\"https:\/\/www.radiopiu.net\/wordpress\/i-misteri-di-alleghe-di-sergio-saviane-alla-radio-con-lattore-roberto-faoro-il-podcast\/embed\/#?secret=VmAOoetEdP\" data-secret=\"VmAOoetEdP\" width=\"600\" height=\"338\" frameborder=\"0\" marginwidth=\"0\" marginheight=\"0\" scrolling=\"no\"><\/iframe><\/p>\n<h2><\/h2>\n<hr \/>\n<p>&nbsp;<\/p>\n<h2><strong><a href=\"https:\/\/www.radiopiu.net\/wordpress\/plastic-free-quinta-puntata\/img-20210802-wa0007\/\" rel=\"attachment wp-att-230084\"><img loading=\"lazy\" decoding=\"async\" class=\"size-medium wp-image-230084 alignleft\" src=\"https:\/\/www.radiopiu.net\/wordpress\/wp-content\/uploads\/2021\/08\/IMG-20210802-WA0007-300x225.jpg\" alt=\"\" width=\"300\" height=\"225\" srcset=\"https:\/\/www.radiopiu.net\/wordpress\/wp-content\/uploads\/2021\/08\/IMG-20210802-WA0007-300x225.jpg 300w, https:\/\/www.radiopiu.net\/wordpress\/wp-content\/uploads\/2021\/08\/IMG-20210802-WA0007-1024x768.jpg 1024w, https:\/\/www.radiopiu.net\/wordpress\/wp-content\/uploads\/2021\/08\/IMG-20210802-WA0007-768x576.jpg 768w, https:\/\/www.radiopiu.net\/wordpress\/wp-content\/uploads\/2021\/08\/IMG-20210802-WA0007-1536x1152.jpg 1536w, https:\/\/www.radiopiu.net\/wordpress\/wp-content\/uploads\/2021\/08\/IMG-20210802-WA0007.jpg 1600w\" sizes=\"auto, (max-width: 300px) 100vw, 300px\" \/><\/a><span style=\"color: #0000ff;\">PLASTIC FREE &#8211; QUINTA PUNTATA<\/span><\/strong><\/h2>\n<p><strong>Con la collaborazione di Martina Smaniotto<\/strong><\/p>\n<audio class=\"wp-audio-shortcode\" id=\"audio-230863-4\" preload=\"none\" style=\"width: 100%;\" controls=\"controls\"><source type=\"audio\/mpeg\" src=\"https:\/\/www.radiopiu.net\/wordpress\/wp-content\/uploads\/2021\/08\/PLASTIC-FREE-5.mp3?_=4\" \/><a href=\"https:\/\/www.radiopiu.net\/wordpress\/wp-content\/uploads\/2021\/08\/PLASTIC-FREE-5.mp3\">https:\/\/www.radiopiu.net\/wordpress\/wp-content\/uploads\/2021\/08\/PLASTIC-FREE-5.mp3<\/a><\/audio>\n<p>&nbsp;<\/p>\n<blockquote class=\"wp-embedded-content\" data-secret=\"2gkQQjvjy3\"><p><a href=\"https:\/\/www.radiopiu.net\/wordpress\/plastic-free-per-un-mondo-senza-plastica\/\">PLASTIC FREE per un mondo senza plastica<\/a><\/p><\/blockquote>\n<p><iframe loading=\"lazy\" class=\"wp-embedded-content\" sandbox=\"allow-scripts\" security=\"restricted\" style=\"position: absolute; clip: rect(1px, 1px, 1px, 1px);\" title=\"&#8220;PLASTIC FREE per un mondo senza plastica&#8221; &#8212; Radio Pi\u00f9\" src=\"https:\/\/www.radiopiu.net\/wordpress\/plastic-free-per-un-mondo-senza-plastica\/embed\/#?secret=2gkQQjvjy3\" data-secret=\"2gkQQjvjy3\" width=\"600\" height=\"338\" frameborder=\"0\" marginwidth=\"0\" marginheight=\"0\" scrolling=\"no\"><\/iframe><\/p>\n<p>&nbsp;<\/p>\n<hr \/>\n<p>&nbsp;<\/p>\n<blockquote class=\"wp-embedded-content\" data-secret=\"EhoI7ZvSZJ\"><p><a href=\"https:\/\/www.radiopiu.net\/wordpress\/da-ieri-alla-radio-in-palinsesto-loris-e-maurizio-con-la-grande-musica\/\">IL BLUES ALLA RADIO &#8230; COME NON L&#8217;AVETE MAI SENTITO PRIMA<\/a><\/p><\/blockquote>\n<p><iframe loading=\"lazy\" class=\"wp-embedded-content\" sandbox=\"allow-scripts\" security=\"restricted\" style=\"position: absolute; clip: rect(1px, 1px, 1px, 1px);\" title=\"&#8220;IL BLUES ALLA RADIO &#8230; COME NON L&#8217;AVETE MAI SENTITO PRIMA&#8221; &#8212; Radio Pi\u00f9\" src=\"https:\/\/www.radiopiu.net\/wordpress\/da-ieri-alla-radio-in-palinsesto-loris-e-maurizio-con-la-grande-musica\/embed\/#?secret=EhoI7ZvSZJ\" data-secret=\"EhoI7ZvSZJ\" width=\"600\" height=\"338\" frameborder=\"0\" marginwidth=\"0\" marginheight=\"0\" scrolling=\"no\"><\/iframe><\/p>\n<p>&nbsp;<\/p>\n<div>\n<div class=\"mkdf-post-text\">\n<div class=\"mkdf-post-text-inner\">\n<div class=\"mkdf-post-text-main\">\n<div class=\"mkdf-post-text\">\n<div class=\"mkdf-post-text-inner\">\n<div class=\"mkdf-post-text-main\">\n<div class=\"mkdf-post-text\">\n<div class=\"mkdf-post-text-inner\">\n<div class=\"mkdf-post-text-main\">\n<div class=\"page-title-head hgroup\">\n<div class=\"page-title-head hgroup\">\n<div class=\"page-title-breadcrumbs\">\n<div class=\"mkdf-post-text\">\n<div class=\"mkdf-post-text-inner\">\n<div class=\"mkdf-post-text-main\">\n<div class=\"mkdf-post-text\">\n<div class=\"mkdf-post-text-inner\">\n<div class=\"mkdf-post-text-main\">\n<div class=\"page-title-head hgroup\">\n<div class=\"page-title-head hgroup\">\n<div class=\"mkdf-post-text\">\n<div class=\"mkdf-post-text-inner\">\n<div class=\"mkdf-post-text-main\">\n<div class=\"mkdf-post-text\">\n<div class=\"mkdf-post-text-inner\">\n<div class=\"mkdf-post-text-main\">\n<div class=\"page-title-head hgroup\">\n<div class=\"page-title-head hgroup\">\n<div class=\"page-title-head hgroup\">\n<div class=\"page-title-head hgroup\">\n<div class=\"b654a4as d2edcug0\">\n<div class=\"page-title-head hgroup\">\n<div class=\"page-title-head hgroup\">\n<div class=\"mkdf-post-text\">\n<div class=\"mkdf-post-text-inner\">\n<div class=\"mkdf-post-text-main\">\n<div class=\"mkdf-post-text\">\n<div class=\"mkdf-post-text-inner\">\n<div class=\"mkdf-post-text-main\">\n<div class=\"mkdf-post-text\">\n<div class=\"mkdf-post-text-inner\">\n<div class=\"mkdf-post-text-main\">\n<div class=\"page-title-head hgroup\">\n<div class=\"page-title-head hgroup\">\n<div class=\"mkdf-post-text\">\n<div class=\"mkdf-post-text-inner\">\n<div class=\"mkdf-post-text-main\">\n<div class=\"mkdf-post-text\">\n<div class=\"mkdf-post-text-inner\">\n<div class=\"mkdf-post-text-main\">\n<div class=\"page-title-head hgroup\">\n<div class=\"page-title-head hgroup\">\n<div class=\"page-title-head hgroup\">\n<div class=\"page-title-head hgroup\">\n<div class=\"b654a4as d2edcug0\">\n<div class=\"page-title-head hgroup\">\n<div class=\"page-title-head hgroup\">\n<div class=\"page-title-head hgroup\">\n<div class=\"page-title-head hgroup\">\n<div class=\"b654a4as d2edcug0\">\n<div>\n<div class=\"mkdf-post-text\">\n<div class=\"mkdf-post-text-inner\">\n<div class=\"mkdf-post-text-main\">\n<div class=\"mkdf-post-text\">\n<div class=\"mkdf-post-text-inner\">\n<div class=\"mkdf-post-text-main\">\n<div class=\"mkdf-post-text\">\n<div class=\"mkdf-post-text-inner\">\n<div class=\"mkdf-post-text-main\">\n<div class=\"page-title-head hgroup\">\n<div class=\"page-title-head hgroup\">\n<div class=\"page-title-breadcrumbs\">\n<div class=\"mkdf-post-text\">\n<div class=\"mkdf-post-text-inner\">\n<div class=\"mkdf-post-text-main\">\n<div class=\"mkdf-post-text\">\n<div class=\"mkdf-post-text-inner\">\n<div class=\"mkdf-post-text-main\">\n<div class=\"page-title-head hgroup\">\n<div class=\"page-title-head hgroup\">\n<div class=\"mkdf-post-text\">\n<div class=\"mkdf-post-text-inner\">\n<div class=\"mkdf-post-text-main\">\n<p>&nbsp;<\/p>\n<hr \/>\n<div class=\"mkdf-post-text\">\n<div class=\"mkdf-post-text-inner\">\n<div class=\"mkdf-post-text-main\">\n<div class=\"page-title-head hgroup\">\n<div class=\"page-title-head hgroup\">\n<div class=\"page-title-head hgroup\">\n<div class=\"page-title-head hgroup\">\n<div class=\"b654a4as d2edcug0\">\n<p>&nbsp;<\/p>\n<h2><span style=\"color: #008000;\">SOLIDARIETA&#8217; VENETO &#8211; SETTEMBRE 2021<\/span><\/h2>\n<p><strong><a href=\"https:\/\/www.radiopiu.net\/wordpress\/speciale-solidarieta-veneto\/solidarieta-veneto-3\/\" rel=\"attachment wp-att-134366\"><img loading=\"lazy\" decoding=\"async\" class=\"size-medium wp-image-134366 alignleft\" src=\"https:\/\/www.radiopiu.net\/wordpress\/wp-content\/uploads\/2020\/05\/solidariet\u00e0-veneto-300x210.jpg\" alt=\"\" width=\"300\" height=\"210\" srcset=\"https:\/\/www.radiopiu.net\/wordpress\/wp-content\/uploads\/2020\/05\/solidariet\u00e0-veneto-300x210.jpg 300w, https:\/\/www.radiopiu.net\/wordpress\/wp-content\/uploads\/2020\/05\/solidariet\u00e0-veneto-1024x717.jpg 1024w, https:\/\/www.radiopiu.net\/wordpress\/wp-content\/uploads\/2020\/05\/solidariet\u00e0-veneto-768x538.jpg 768w, https:\/\/www.radiopiu.net\/wordpress\/wp-content\/uploads\/2020\/05\/solidariet\u00e0-veneto.jpg 1373w\" sizes=\"auto, (max-width: 300px) 100vw, 300px\" \/><\/a>di Claudio Fontanive<\/strong><\/p>\n<p>OSPITI: Paolo Stefan e Thomas Argenta<\/p>\n<audio class=\"wp-audio-shortcode\" id=\"audio-230863-5\" preload=\"none\" style=\"width: 100%;\" controls=\"controls\"><source type=\"audio\/mpeg\" src=\"https:\/\/www.radiopiu.net\/wordpress\/wp-content\/uploads\/2021\/09\/solidarieta-veneto-settembre.mp3?_=5\" \/><a href=\"https:\/\/www.radiopiu.net\/wordpress\/wp-content\/uploads\/2021\/09\/solidarieta-veneto-settembre.mp3\">https:\/\/www.radiopiu.net\/wordpress\/wp-content\/uploads\/2021\/09\/solidarieta-veneto-settembre.mp3<\/a><\/audio>\n<p>&nbsp;<\/p>\n<h2>LA RACCOLTA COMPLETA<\/h2>\n<blockquote class=\"wp-embedded-content\" data-secret=\"ziFVVLW4nz\"><p><a href=\"https:\/\/www.radiopiu.net\/wordpress\/solidarieta-veneto\/\">Solidariet\u00e0 Veneto<\/a><\/p><\/blockquote>\n<p><iframe loading=\"lazy\" class=\"wp-embedded-content\" sandbox=\"allow-scripts\" security=\"restricted\" style=\"position: absolute; clip: rect(1px, 1px, 1px, 1px);\" title=\"&#8220;Solidariet\u00e0 Veneto&#8221; &#8212; Radio Pi\u00f9\" src=\"https:\/\/www.radiopiu.net\/wordpress\/solidarieta-veneto\/embed\/#?secret=ziFVVLW4nz\" data-secret=\"ziFVVLW4nz\" width=\"600\" height=\"338\" frameborder=\"0\" marginwidth=\"0\" marginheight=\"0\" scrolling=\"no\"><\/iframe><\/p>\n<blockquote>\n<h2><\/h2>\n<\/blockquote>\n<p>&nbsp;<\/p>\n<hr \/>\n<p>&nbsp;<\/p>\n<div>\n<div class=\"b654a4as d2edcug0\">\n<div class=\"rq0escxv hkbzh7o3 jwdofwj8 n8tt0mok r8blr3vg hyh9befq\">\n<p><a class=\"dt-pswp-item\" href=\"https:\/\/www.radiopiu.net\/wordpress\/wp-content\/uploads\/2020\/10\/pp.jpg\" data-dt-img-description=\"\" data-large_image_width=\"640\" data-large_image_height=\"640\"><img loading=\"lazy\" decoding=\"async\" class=\"wp-image-163678 alignleft\" src=\"https:\/\/www.radiopiu.net\/wordpress\/wp-content\/uploads\/2020\/10\/pp-300x300.jpg\" alt=\"\" width=\"106\" height=\"106\" srcset=\"https:\/\/www.radiopiu.net\/wordpress\/wp-content\/uploads\/2020\/10\/pp-300x300.jpg 300w, https:\/\/www.radiopiu.net\/wordpress\/wp-content\/uploads\/2020\/10\/pp-150x150.jpg 150w, https:\/\/www.radiopiu.net\/wordpress\/wp-content\/uploads\/2020\/10\/pp-125x125.jpg 125w, https:\/\/www.radiopiu.net\/wordpress\/wp-content\/uploads\/2020\/10\/pp-200x200.jpg 200w, https:\/\/www.radiopiu.net\/wordpress\/wp-content\/uploads\/2020\/10\/pp-80x80.jpg 80w, https:\/\/www.radiopiu.net\/wordpress\/wp-content\/uploads\/2020\/10\/pp-480x480.jpg 480w, https:\/\/www.radiopiu.net\/wordpress\/wp-content\/uploads\/2020\/10\/pp.jpg 640w\" sizes=\"auto, (max-width: 106px) 100vw, 106px\" \/><\/a><\/p>\n<\/div>\n<\/div>\n<\/div>\n<div>\n<div class=\"page-title-head hgroup\">\n<div class=\"page-title-head hgroup\">\n<div class=\"b654a4as d2edcug0\">\n<div class=\"j83agx80 btwxx1t3 lhclo0ds hop8lmos nkwizq5d scwd0bx6 roh60bw9\">\n<div class=\"rq0escxv hkbzh7o3 jwdofwj8 n8tt0mok r8blr3vg hyh9befq\">\n<div class=\"do00u71z l9j0dhe7 k4urcfbm\">\n<h2><span style=\"color: #000080;\">DON CESARE, IL PENSIERO DEL GIORNO. ALLA RADIO ALLE 7 DEL MATTINO E ALLE 19.30 DELLA SERA.\u00a0\u00a0<\/span><\/h2>\n<\/div>\n<\/div>\n<\/div>\n<\/div>\n<\/div>\n<div class=\"page-title-head hgroup\">\n<p>&nbsp;<\/p>\n<p>&nbsp;<\/p>\n<p>&nbsp;<\/p>\n<hr \/>\n<p class=\"b654a4as d2edcug0\"><span style=\"color: #ff6600;\">\u00a0 \u00a0<\/span><\/p>\n<h2><span style=\"color: #ff6600;\">GIROVAGANDO ALLA RADIO, PUNTATA 14<\/span><\/h2>\n<p><strong><a href=\"https:\/\/www.radiopiu.net\/wordpress\/girovagando-alla-radio-puntata-14\/6c9b4363-2474-4da3-8d66-f891b54d7ce1\/\" rel=\"attachment wp-att-230080\"><img loading=\"lazy\" decoding=\"async\" class=\"size-medium wp-image-230080 alignleft\" src=\"https:\/\/www.radiopiu.net\/wordpress\/wp-content\/uploads\/2021\/08\/6c9b4363-2474-4da3-8d66-f891b54d7ce1-300x200.jpg\" alt=\"\" width=\"300\" height=\"200\" srcset=\"https:\/\/www.radiopiu.net\/wordpress\/wp-content\/uploads\/2021\/08\/6c9b4363-2474-4da3-8d66-f891b54d7ce1-300x200.jpg 300w, https:\/\/www.radiopiu.net\/wordpress\/wp-content\/uploads\/2021\/08\/6c9b4363-2474-4da3-8d66-f891b54d7ce1-1024x683.jpg 1024w, https:\/\/www.radiopiu.net\/wordpress\/wp-content\/uploads\/2021\/08\/6c9b4363-2474-4da3-8d66-f891b54d7ce1-768x512.jpg 768w, https:\/\/www.radiopiu.net\/wordpress\/wp-content\/uploads\/2021\/08\/6c9b4363-2474-4da3-8d66-f891b54d7ce1.jpg 1400w\" sizes=\"auto, (max-width: 300px) 100vw, 300px\" \/><\/a>Collaborazione Thomas Soppera<\/strong><\/p>\n<p>&nbsp;<\/p>\n<p><strong>PUNTATA DEL 30 AGOSTO 2021<\/strong><\/p>\n<audio class=\"wp-audio-shortcode\" id=\"audio-230863-6\" preload=\"none\" style=\"width: 100%;\" controls=\"controls\"><source type=\"audio\/mpeg\" src=\"https:\/\/www.radiopiu.net\/wordpress\/wp-content\/uploads\/2021\/08\/GIROVAGANDO-14.mp3?_=6\" \/><a href=\"https:\/\/www.radiopiu.net\/wordpress\/wp-content\/uploads\/2021\/08\/GIROVAGANDO-14.mp3\">https:\/\/www.radiopiu.net\/wordpress\/wp-content\/uploads\/2021\/08\/GIROVAGANDO-14.mp3<\/a><\/audio>\n<p>&nbsp;<\/p>\n<p>&nbsp;<\/p>\n<blockquote class=\"wp-embedded-content\" data-secret=\"gsGIM1CyVJ\"><p><a href=\"https:\/\/www.radiopiu.net\/wordpress\/girovagando-in-e-bike-tra-le-dolomiti\/\">GIROVAGANDO IN E BIKE TRA LE DOLOMITI<\/a><\/p><\/blockquote>\n<p><iframe loading=\"lazy\" class=\"wp-embedded-content\" sandbox=\"allow-scripts\" security=\"restricted\" style=\"position: absolute; clip: rect(1px, 1px, 1px, 1px);\" title=\"&#8220;GIROVAGANDO IN E BIKE TRA LE DOLOMITI&#8221; &#8212; Radio Pi\u00f9\" src=\"https:\/\/www.radiopiu.net\/wordpress\/girovagando-in-e-bike-tra-le-dolomiti\/embed\/#?secret=gsGIM1CyVJ\" data-secret=\"gsGIM1CyVJ\" width=\"600\" height=\"338\" frameborder=\"0\" marginwidth=\"0\" marginheight=\"0\" scrolling=\"no\"><\/iframe><\/p>\n<p>\u200b<\/p>\n<p>\u200b<\/p>\n<hr \/>\n<\/div>\n<\/div>\n<\/div>\n<\/div>\n<\/div>\n<\/div>\n<\/div>\n<\/div>\n<\/div>\n<\/div>\n<\/div>\n<\/div>\n<\/div>\n<\/div>\n<\/div>\n<\/div>\n<\/div>\n<\/div>\n<\/div>\n<\/div>\n<\/div>\n<\/div>\n<\/div>\n<div class=\"mkdf-post-text\">\n<div class=\"mkdf-post-text-inner\">\n<div class=\"mkdf-post-text-main\">\n<div class=\"mkdf-post-text\">\n<div class=\"mkdf-post-text-inner\">\n<div class=\"mkdf-post-text-main\">\n<div>\n<div class=\"page-title-head hgroup\">\n<div class=\"page-title-head hgroup\">\n<div class=\"page-title-head hgroup\">\n<div class=\"page-title-head hgroup\">\n<div class=\"b654a4as d2edcug0\">\n<div class=\"page-title-head hgroup\">\n<div class=\"page-title-head hgroup\">\n<p>&nbsp;<\/p>\n<\/div>\n<\/div>\n<\/div>\n<\/div>\n<\/div>\n<\/div>\n<\/div>\n<\/div>\n<\/div>\n<\/div>\n<\/div>\n<\/div>\n<\/div>\n<\/div>\n<\/div>\n<\/div>\n<\/div>\n<\/div>\n<\/div>\n<\/div>\n<\/div>\n<\/div>\n<\/div>\n<\/div>\n<\/div>\n<\/div>\n<blockquote>\n<h3><\/h3>\n<h3>COLLAGE&#8230; DI LORIS SCUSSEL dal lunedi al venerdi alle 16 e alle 23 su RADIO PIU<\/h3>\n<\/blockquote>\n<div>\n<p><img loading=\"lazy\" decoding=\"async\" class=\"alignleft\" src=\"https:\/\/www.radiopiu.net\/wordpress\/wp-content\/uploads\/2021\/05\/Schermata-2021-05-23-alle-11.50.11.png\" width=\"186\" height=\"131\" \/><\/p>\n<div>\n<p>Il programma \u00e8 andato in onda da dicembre 2013 fino a luglio 2019, comprese le repliche, in due serie per 350 puntate complessive con 1.890 brani trasmessi. L\u2019obiettivo del programma: riproporre agli ascoltatori pi\u00f9 grandicelli le canzoni che ascoltavano nel passato e nello stesso tempo farle conoscere anche ai pi\u00f9 giovani.<\/p>\n<\/div>\n<\/div>\n<div>\n<p><b>\u00a0\u00a0<\/b><\/p>\n<p>&nbsp;<\/p>\n<p>&nbsp;<\/p>\n<p>&nbsp;<\/p>\n<\/div>\n<\/div>\n<\/div>\n<\/div>\n<\/div>\n<\/div>\n<\/div>\n<\/div>\n<\/div>\n<\/div>\n<\/div>\n<\/div>\n<\/div>\n<\/div>\n<\/div>\n<\/div>\n<\/div>\n<\/div>\n<\/div>\n<\/div>\n<\/div>\n<\/div>\n<\/div>\n<\/div>\n<\/div>\n<\/div>\n<\/div>\n<\/div>\n<\/div>\n<\/div>\n<\/div>\n<\/div>\n<\/div>\n<\/div>\n<\/div>\n<\/div>\n<\/div>\n<\/div>\n<\/div>\n<\/div>\n<\/div>\n<\/div>\n<\/div>\n<\/div>\n<\/div>\n<\/div>\n<\/div>\n<\/div>\n<\/div>\n<\/div>\n<\/div>\n<\/div>\n<\/div>\n<\/div>\n<\/div>\n<\/div>\n<\/div>\n<\/div>\n<\/div>\n<\/div>\n<\/div>\n<\/div>\n<div>\n<div>\n<div class=\"b654a4as d2edcug0\">\n<div class=\"rq0escxv hkbzh7o3 jwdofwj8 n8tt0mok r8blr3vg hyh9befq\">\n<div class=\"b654a4as d2edcug0\">\n<div class=\"b654a4as d2edcug0\">\n<div>\n<div class=\"b654a4as d2edcug0\">\n<div class=\"rq0escxv hkbzh7o3 jwdofwj8 n8tt0mok r8blr3vg hyh9befq\">\n<div class=\"b654a4as d2edcug0\">\n<p>&nbsp;<\/p>\n<\/div>\n<\/div>\n<\/div>\n<\/div>\n<\/div>\n<\/div>\n<\/div>\n<\/div>\n<\/div>\n<hr \/>\n<p>&nbsp;<\/p>\n<div>\n<h2><span style=\"color: #ff0000;\"><strong>IN VIVO VERSO 2020-21 ESTATE, RIASCOLTIAMOLI&#8230; DAL CASSETTO DEI RICORDI DI RADIO PIU&#8217;&#8230; LE PRIME\u00a0 SEI STAGIONI\u00a0 \u00a0\u00a0<\/strong><\/span><\/h2>\n<div class=\"page-title-head hgroup\">\n<div class=\"page-title-head hgroup\">\n<div class=\"page-title-head hgroup\">\n<div class=\"page-title-head hgroup\">\n<div class=\"page-title-head hgroup\">\n<div class=\"page-title-head hgroup\">\n<p>&nbsp;<\/p>\n<blockquote class=\"wp-embedded-content\" data-secret=\"kiwpqISkXB\"><p><a href=\"https:\/\/www.radiopiu.net\/wordpress\/in-vivo-verso\/\">In Vivo Verso<\/a><\/p><\/blockquote>\n<p><iframe loading=\"lazy\" class=\"wp-embedded-content\" sandbox=\"allow-scripts\" security=\"restricted\" style=\"position: absolute; clip: rect(1px, 1px, 1px, 1px);\" title=\"&#8220;In Vivo Verso&#8221; &#8212; Radio Pi\u00f9\" src=\"https:\/\/www.radiopiu.net\/wordpress\/in-vivo-verso\/embed\/#?secret=kiwpqISkXB\" data-secret=\"kiwpqISkXB\" width=\"600\" height=\"338\" frameborder=\"0\" marginwidth=\"0\" marginheight=\"0\" scrolling=\"no\"><\/iframe><\/p>\n<\/div>\n<\/div>\n<\/div>\n<\/div>\n<\/div>\n<\/div>\n<\/div>\n<hr \/>\n<div><\/div>\n<div>\n<div class=\"page-title-head hgroup\">\n<div class=\"page-title-head hgroup\">\n<div class=\"page-title-head hgroup\">\n<div class=\"page-title-head hgroup\">\n<div class=\"page-title-head hgroup\">\n<div>\n<div class=\"b654a4as d2edcug0\">\u00a0 \u00a0 \u00a0<strong style=\"color: #800080;\">LA RASSEGNA STAMPA DA L&#8217;AMICO DEL POPOLO\u00a0<\/strong><\/div>\n<\/div>\n<\/div>\n<\/div>\n<\/div>\n<\/div>\n<\/div>\n<\/div>\n<div>\n<div class=\"page-title-head hgroup\">\n<div class=\"page-title-head hgroup\">\n<div class=\"page-title-head hgroup\">\n<div class=\"page-title-head hgroup\">\n<div class=\"b654a4as d2edcug0\">\n<div class=\"page-title-head hgroup\">\n<div class=\"page-title-head hgroup\">\n<div class=\"page-title-head hgroup\">\n<div class=\"page-title-head hgroup\">\n<div class=\"b654a4as d2edcug0\">\n<div>\n<h3 class=\"kvgmc6g5 cxmmr5t8 oygrvhab hcukyx3x c1et5uql\"><span style=\"color: #0000ff;\"> INFORMAZIONE il canale su TELEGRAM informazione di prima mano e in tempo reale. iscriviti ed aiutaci a farlo conoscere\u00a0\u00a0<\/span><\/h3>\n<p><strong><a href=\"https:\/\/www.radiopiu.net\/wordpress\/la-rassegna-stampa-da-lamico-del-popolo-04-settembre-2021\/ghe-rivarem-a-baita-4149-2\/\" rel=\"attachment wp-att-230850\"><img loading=\"lazy\" decoding=\"async\" class=\"size-medium wp-image-230850 alignleft\" src=\"https:\/\/www.radiopiu.net\/wordpress\/wp-content\/uploads\/2021\/09\/Ghe-rivarem-a-baita-4149-300x200.jpg\" alt=\"\" width=\"300\" height=\"200\" srcset=\"https:\/\/www.radiopiu.net\/wordpress\/wp-content\/uploads\/2021\/09\/Ghe-rivarem-a-baita-4149-300x200.jpg 300w, https:\/\/www.radiopiu.net\/wordpress\/wp-content\/uploads\/2021\/09\/Ghe-rivarem-a-baita-4149-1024x683.jpg 1024w, https:\/\/www.radiopiu.net\/wordpress\/wp-content\/uploads\/2021\/09\/Ghe-rivarem-a-baita-4149-768x512.jpg 768w, https:\/\/www.radiopiu.net\/wordpress\/wp-content\/uploads\/2021\/09\/Ghe-rivarem-a-baita-4149.jpg 1200w\" sizes=\"auto, (max-width: 300px) 100vw, 300px\" \/><\/a>di Gianni Santomaso<\/strong><\/p>\n<p>OSPITE: Sara Luchetta<\/p>\n<audio class=\"wp-audio-shortcode\" id=\"audio-230863-7\" preload=\"none\" style=\"width: 100%;\" controls=\"controls\"><source type=\"audio\/mpeg\" src=\"https:\/\/www.radiopiu.net\/wordpress\/wp-content\/uploads\/2021\/09\/RASSEGNA-GIANNI.mp3?_=7\" \/><a href=\"https:\/\/www.radiopiu.net\/wordpress\/wp-content\/uploads\/2021\/09\/RASSEGNA-GIANNI.mp3\">https:\/\/www.radiopiu.net\/wordpress\/wp-content\/uploads\/2021\/09\/RASSEGNA-GIANNI.mp3<\/a><\/audio>\n<p>&nbsp;<\/p>\n<blockquote class=\"wp-embedded-content\" data-secret=\"sKAnmpoQVP\"><p><a href=\"https:\/\/www.radiopiu.net\/wordpress\/rassegna-stampa-di-gianni-santomaso\/\">Rassegna stampa da l&#8217;amico del popolo &#8211; di Gianni Santomaso<\/a><\/p><\/blockquote>\n<p><iframe loading=\"lazy\" class=\"wp-embedded-content\" sandbox=\"allow-scripts\" security=\"restricted\" style=\"position: absolute; clip: rect(1px, 1px, 1px, 1px);\" title=\"&#8220;Rassegna stampa da l&#8217;amico del popolo &#8211; di Gianni Santomaso&#8221; &#8212; Radio Pi\u00f9\" src=\"https:\/\/www.radiopiu.net\/wordpress\/rassegna-stampa-di-gianni-santomaso\/embed\/#?secret=sKAnmpoQVP\" data-secret=\"sKAnmpoQVP\" width=\"600\" height=\"338\" frameborder=\"0\" marginwidth=\"0\" marginheight=\"0\" scrolling=\"no\"><\/iframe><\/p>\n<p>&nbsp;<\/p>\n<hr \/>\n<p>&nbsp;<\/p>\n<p>&nbsp;<\/p>\n<\/div>\n<div dir=\"auto\">\n<blockquote class=\"wp-embedded-content\" data-secret=\"Y3K563dkxV\"><p><a href=\"https:\/\/www.radiopiu.net\/wordpress\/saluteesocieta\/\">Salute e Societ\u00e0<\/a><\/p><\/blockquote>\n<p><iframe loading=\"lazy\" class=\"wp-embedded-content\" sandbox=\"allow-scripts\" security=\"restricted\" style=\"position: absolute; clip: rect(1px, 1px, 1px, 1px);\" title=\"&#8220;Salute e Societ\u00e0&#8221; &#8212; Radio Pi\u00f9\" src=\"https:\/\/www.radiopiu.net\/wordpress\/saluteesocieta\/embed\/#?secret=Y3K563dkxV\" data-secret=\"Y3K563dkxV\" width=\"600\" height=\"338\" frameborder=\"0\" marginwidth=\"0\" marginheight=\"0\" scrolling=\"no\"><\/iframe><\/p>\n<\/div>\n<div dir=\"auto\">\n<h1><\/h1>\n<\/div>\n<div>\n<div class=\"page-title-head hgroup\">\n<div class=\"page-title-head hgroup\">\n<div class=\"page-title-head hgroup\">\n<div>\n<div class=\"b654a4as d2edcug0\">\n<div class=\"rq0escxv hkbzh7o3 jwdofwj8 n8tt0mok r8blr3vg hyh9befq\">\n<hr \/>\n<\/div>\n<\/div>\n<\/div>\n<div>\n<div class=\"page-title-head hgroup\">\n<div class=\"page-title-head hgroup\">\n<div class=\"b654a4as d2edcug0\">\n<p>&nbsp;<\/p>\n<blockquote>\n<h3><img loading=\"lazy\" decoding=\"async\" class=\"alignleft\" src=\"https:\/\/www.radiopiu.net\/wordpress\/wp-content\/uploads\/2021\/06\/fresh-flower-leaves-saffron-white-background-place-your-text-use-saffron-spice-cooking-cosmetology_347372-394.jpeg\" width=\"141\" height=\"94\" \/>L&#8217;ALMANACCO LADINO CON L&#8217;ISTITUT CESA DE JAN QUINDICINALE APPUNTAMENTO. LA DOMENICA ALLE 9 IL LUNEDI ALLE 8.35 IL MARTEDI ALLE 12.35 IL MERCOLEDI ALLE 18.35. SECONDA STAGIONE.<strong style=\"font-size: 14px;\">\u00a0<\/strong><\/h3>\n<\/blockquote>\n<p><strong>\u00a0<\/strong><strong>\u00a0RACCOLTA COMPLETA\u00a0<\/strong><\/p>\n<blockquote class=\"wp-embedded-content\" data-secret=\"73bthdx8FP\"><p><a href=\"https:\/\/www.radiopiu.net\/wordpress\/almanacco-ladino\/\">Almanacco Ladino<\/a><\/p><\/blockquote>\n<p><iframe loading=\"lazy\" class=\"wp-embedded-content\" sandbox=\"allow-scripts\" security=\"restricted\" style=\"position: absolute; clip: rect(1px, 1px, 1px, 1px);\" title=\"&#8220;Almanacco Ladino&#8221; &#8212; Radio Pi\u00f9\" src=\"https:\/\/www.radiopiu.net\/wordpress\/almanacco-ladino\/embed\/#?secret=73bthdx8FP\" data-secret=\"73bthdx8FP\" width=\"600\" height=\"338\" frameborder=\"0\" marginwidth=\"0\" marginheight=\"0\" scrolling=\"no\"><\/iframe><\/p>\n<\/div>\n<div>\n<p>&nbsp;<\/p>\n<hr \/>\n<h2><span style=\"color: #808000;\">DUE MINUTI UN LIBRO\u00a0 TUTTI I GIORNI ALLA RADIO ALLE 9.30 E ALLE 18. QUINTA STAGIONE\u00a0\u00a0<\/span><\/h2>\n<p><strong>LA RACCOLTA COMPLETA\u00a0\u00a0<\/strong><\/p>\n<\/div>\n<div>\n<blockquote class=\"wp-embedded-content\" data-secret=\"pHDpywhpJB\"><p><a href=\"https:\/\/www.radiopiu.net\/wordpress\/due-minuti-un-libro\/\">Due minuti un libro<\/a><\/p><\/blockquote>\n<p><iframe loading=\"lazy\" class=\"wp-embedded-content\" sandbox=\"allow-scripts\" security=\"restricted\" style=\"position: absolute; clip: rect(1px, 1px, 1px, 1px);\" title=\"&#8220;Due minuti un libro&#8221; &#8212; Radio Pi\u00f9\" src=\"https:\/\/www.radiopiu.net\/wordpress\/due-minuti-un-libro\/embed\/#?secret=pHDpywhpJB\" data-secret=\"pHDpywhpJB\" width=\"600\" height=\"338\" frameborder=\"0\" marginwidth=\"0\" marginheight=\"0\" scrolling=\"no\"><\/iframe><\/p>\n<p>&nbsp;<\/p>\n<hr \/>\n<p>\u200b<\/p>\n<div>\n<h2><span style=\"color: #33cccc;\">I RACCONTI DI PAOLO SOPPELSA il lunedi alle 9.30 e 18.30<\/span><\/h2>\n<p>&nbsp;<\/p>\n<blockquote class=\"wp-embedded-content\" data-secret=\"TNuGk1CLwL\"><p><a href=\"https:\/\/www.radiopiu.net\/wordpress\/i-racconti-di-paolo-soppelsa\/\">I racconti di Paolo Soppelsa<\/a><\/p><\/blockquote>\n<p><iframe loading=\"lazy\" class=\"wp-embedded-content\" sandbox=\"allow-scripts\" security=\"restricted\" style=\"position: absolute; clip: rect(1px, 1px, 1px, 1px);\" title=\"&#8220;I racconti di Paolo Soppelsa&#8221; &#8212; Radio Pi\u00f9\" src=\"https:\/\/www.radiopiu.net\/wordpress\/i-racconti-di-paolo-soppelsa\/embed\/#?secret=TNuGk1CLwL\" data-secret=\"TNuGk1CLwL\" width=\"600\" height=\"338\" frameborder=\"0\" marginwidth=\"0\" marginheight=\"0\" scrolling=\"no\"><\/iframe><\/p>\n<p>&nbsp;<\/p>\n<\/div>\n<\/div>\n<hr \/>\n<p>&nbsp;<\/p>\n<div class=\"mkdf-post-text\">\n<div class=\"mkdf-post-text-inner\">\n<div class=\"mkdf-post-text-main\">\n<div class=\"mkdf-post-text\">\n<div class=\"mkdf-post-text-inner\">\n<div class=\"mkdf-post-text-main\">\n<div class=\"mkdf-post-text\">\n<div class=\"mkdf-post-text-inner\">\n<div class=\"mkdf-post-text-main\">\n<div class=\"page-title-head hgroup\">\n<div class=\"page-title-head hgroup\">\n<div class=\"mkdf-post-text\">\n<div class=\"mkdf-post-text-inner\">\n<div class=\"mkdf-post-text-main\">\n<div class=\"mkdf-post-text\">\n<div class=\"mkdf-post-text-inner\">\n<div class=\"mkdf-post-text-main\">\n<div>\n<div class=\"page-title-head hgroup\">\n<div class=\"page-title-head hgroup\">\n<div class=\"page-title-head hgroup\">\n<div class=\"page-title-head hgroup\">\n<div class=\"b654a4as d2edcug0\">\n<div class=\"page-title-head hgroup\">\n<div class=\"page-title-head hgroup\">\n<div class=\"page-title-head hgroup\">\n<div class=\"page-title-head hgroup\">\n<div class=\"b654a4as d2edcug0\">\n<div>\n<div>\n<div>\n<div>\n<div class=\"page-title-head hgroup\">\n<div class=\"page-title-head hgroup\">\n<div class=\"page-title-head hgroup\">\n<div class=\"page-title-head hgroup\">\n<div class=\"b654a4as d2edcug0\">\n<div class=\"page-title-head hgroup\">\n<div class=\"page-title-head hgroup\">\n<div class=\"page-title-head hgroup\">\n<div class=\"page-title-head hgroup\">\n<div class=\"b654a4as d2edcug0\">\n<div>\n<div class=\"page-title-head hgroup\">\n<div class=\"page-title-head hgroup\">\n<div class=\"page-title-head hgroup\">\n<div>\n<div class=\"page-title-head hgroup\">\n<div class=\"page-title-head hgroup\">\n<div class=\"page-title-head hgroup\">\n<p>&nbsp;<\/p>\n<p><a href=\"https:\/\/www.radiopiu.net\/wordpress\/giornale-radiopiu-26-settembre-2018-direttore-mirko-mezzacasa\/viabilita-2\/\" rel=\"attachment wp-att-61954\"><img loading=\"lazy\" decoding=\"async\" class=\"wp-image-61954 size-full aligncenter\" src=\"https:\/\/www.radiopiu.net\/wordpress\/wp-content\/uploads\/2018\/09\/viabilita.jpeg\" alt=\"\" width=\"800\" height=\"100\" srcset=\"https:\/\/www.radiopiu.net\/wordpress\/wp-content\/uploads\/2018\/09\/viabilita.jpeg 800w, https:\/\/www.radiopiu.net\/wordpress\/wp-content\/uploads\/2018\/09\/viabilita-300x38.jpeg 300w, https:\/\/www.radiopiu.net\/wordpress\/wp-content\/uploads\/2018\/09\/viabilita-768x96.jpeg 768w\" sizes=\"auto, (max-width: 800px) 100vw, 800px\" \/><\/a><\/p>\n<blockquote><p><a href=\"https:\/\/www.radiopiu.net\/wordpress\/giornale-radiopiu-09-agosto-2018-direttore-mirko-mezzacasa\/viabilia\/\" rel=\"attachment wp-att-57053\"><img loading=\"lazy\" decoding=\"async\" class=\" wp-image-57053 alignleft\" src=\"https:\/\/www.radiopiu.net\/wordpress\/wp-content\/uploads\/2018\/08\/VIABILIA-300x180.jpeg\" alt=\"\" width=\"220\" height=\"132\" srcset=\"https:\/\/www.radiopiu.net\/wordpress\/wp-content\/uploads\/2018\/08\/VIABILIA-300x180.jpeg 300w, https:\/\/www.radiopiu.net\/wordpress\/wp-content\/uploads\/2018\/08\/VIABILIA-768x461.jpeg 768w, https:\/\/www.radiopiu.net\/wordpress\/wp-content\/uploads\/2018\/08\/VIABILIA-1024x614.jpeg 1024w, https:\/\/www.radiopiu.net\/wordpress\/wp-content\/uploads\/2018\/08\/VIABILIA.jpeg 1280w\" sizes=\"auto, (max-width: 220px) 100vw, 220px\" \/><\/a><\/p><\/blockquote>\n<\/div>\n<\/div>\n<\/div>\n<\/div>\n<\/div>\n<\/div>\n<\/div>\n<\/div>\n<div>\n<div>\n<div class=\"page-title-head hgroup\">\n<div class=\"page-title-head hgroup\">\n<div class=\"page-title-head hgroup\">\n<div class=\"page-title-head hgroup\">\n<div class=\"page-title-head hgroup\">\n<div class=\"page-title-head hgroup\">\n<blockquote><p>La viabilit\u00e0 con gli ultimi aggiornamenti<\/p><\/blockquote>\n<\/div>\n<\/div>\n<\/div>\n<\/div>\n<\/div>\n<\/div>\n<\/div>\n<div><\/div>\n<div><\/div>\n<div>\n<div><\/div>\n<\/div>\n<\/div>\n<\/div>\n<\/div>\n<\/div>\n<\/div>\n<\/div>\n<\/div>\n<\/div>\n<\/div>\n<\/div>\n<\/div>\n<\/div>\n<div>\n<div class=\"page-title-head hgroup\">\n<div class=\"page-title-head hgroup\">\n<div class=\"page-title-head hgroup\">\n<div class=\"page-title-head hgroup\">\n<div class=\"b654a4as d2edcug0\">\n<div>\n<div class=\"page-title-head hgroup\" style=\"text-align: left;\">\n<div class=\"page-title-head hgroup\"><\/div>\n<\/div>\n<\/div>\n<\/div>\n<\/div>\n<\/div>\n<\/div>\n<\/div>\n<\/div>\n<\/div>\n<\/div>\n<\/div>\n<div>\n<div>\n<div class=\"page-title-head hgroup\">\n<div class=\"page-title-head hgroup\">\n<div class=\"page-title-head hgroup\">\n<div class=\"page-title-head hgroup\">\n<div class=\"b654a4as d2edcug0\">\n<div class=\"page-title-head hgroup\">\n<div class=\"page-title-head hgroup\">\n<div class=\"page-title-head hgroup\">\n<div class=\"page-title-head hgroup\">\n<div class=\"b654a4as d2edcug0\">\n<div>\n<div class=\"page-title-head hgroup\">\n<div class=\"page-title-head hgroup\">\n<div class=\"page-title-head hgroup\">\n<div class=\"page-title-head hgroup\">\n<div class=\"page-title-head hgroup\">\n<div>\n<div>\n<audio class=\"wp-audio-shortcode\" id=\"audio-230863-8\" preload=\"none\" style=\"width: 100%;\" controls=\"controls\"><source type=\"audio\/mpeg\" src=\"https:\/\/www.radiopiu.net\/wordpress\/wp-content\/uploads\/2021\/09\/VIABILITA-2.mp3?_=8\" \/><a href=\"https:\/\/www.radiopiu.net\/wordpress\/wp-content\/uploads\/2021\/09\/VIABILITA-2.mp3\">https:\/\/www.radiopiu.net\/wordpress\/wp-content\/uploads\/2021\/09\/VIABILITA-2.mp3<\/a><\/audio>\n<p>&nbsp;<\/p>\n<\/div>\n<\/div>\n<\/div>\n<\/div>\n<\/div>\n<\/div>\n<\/div>\n<\/div>\n<\/div>\n<\/div>\n<\/div>\n<\/div>\n<\/div>\n<\/div>\n<\/div>\n<\/div>\n<\/div>\n<\/div>\n<\/div>\n<\/div>\n<\/div>\n<\/div>\n<\/div>\n<\/div>\n<\/div>\n<\/div>\n<\/div>\n<\/div>\n<\/div>\n<\/div>\n<\/div>\n<\/div>\n<\/div>\n<\/div>\n<\/div>\n<\/div>\n<\/div>\n<\/div>\n<\/div>\n<\/div>\n<\/div>\n<\/div>\n<\/div>\n<\/div>\n<\/div>\n<\/div>\n<\/div>\n<\/div>\n<\/div>\n<\/div>\n<\/div>\n<\/div>\n<\/div>\n<\/div>\n<\/div>\n<\/div>\n<\/div>\n<\/div>\n<\/div>\n<\/div>\n<\/div>\n<\/div>\n<\/div>\n<\/div>\n<\/div>\n<\/div>\n<\/div>\n<div>\n<div class=\"page-title-head hgroup\">\n<div class=\"page-title-head hgroup\">\n<div class=\"page-title-head hgroup\">\n<div class=\"page-title-head hgroup\">\n<div class=\"b654a4as d2edcug0\">\n<div class=\"page-title-head hgroup\">\n<div class=\"page-title-head hgroup\">\n<div class=\"page-title-head hgroup\">\n<div class=\"page-title-head hgroup\">\n<div class=\"b654a4as d2edcug0\">\n<div class=\"page-title-head hgroup\">\n<div class=\"page-title-head hgroup\">\n<div class=\"page-title-head hgroup\">\n<div class=\"page-title-head hgroup\">\n<div class=\"page-title-head hgroup\">\n<div class=\"mkdf-post-text\">\n<div class=\"mkdf-post-text-inner\">\n<div class=\"mkdf-post-text-main\">\n<div class=\"mkdf-post-text\">\n<div class=\"mkdf-post-text-inner\">\n<div class=\"mkdf-post-text-main\">\n<div class=\"mkdf-post-text\">\n<div class=\"mkdf-post-text-inner\">\n<div class=\"mkdf-post-text-main\">\n<div class=\"page-title-head hgroup\">\n<div class=\"page-title-head hgroup\">\n<div class=\"mkdf-post-text\">\n<div class=\"mkdf-post-text-inner\">\n<div class=\"mkdf-post-text-main\">\n<div class=\"mkdf-post-text\">\n<div class=\"mkdf-post-text-inner\">\n<div class=\"mkdf-post-text-main\">\n<div>\n<div class=\"page-title-head hgroup\">\n<div class=\"page-title-head hgroup\">\n<div class=\"page-title-head hgroup\">\n<div class=\"page-title-head hgroup\">\n<div class=\"b654a4as d2edcug0\">\n<div class=\"page-title-head hgroup\">\n<div class=\"page-title-head hgroup\">\n<div class=\"page-title-head hgroup\">\n<div class=\"page-title-head hgroup\">\n<div class=\"b654a4as d2edcug0\">\n<div>\n<div>\n<div>\n<div class=\"page-title-head hgroup\">\n<hr \/>\n<p>&nbsp;<\/p>\n<\/div>\n<\/div>\n<\/div>\n<\/div>\n<\/div>\n<\/div>\n<\/div>\n<\/div>\n<\/div>\n<\/div>\n<\/div>\n<\/div>\n<\/div>\n<\/div>\n<\/div>\n<div>\n<div class=\"page-title-head hgroup\">\n<div class=\"page-title-head hgroup\">\n<div>\n<div class=\"page-title-head hgroup\">\n<div class=\"page-title-head hgroup\">\n<div class=\"b654a4as d2edcug0\">\n<div>\n<div class=\"page-title-head hgroup\" style=\"text-align: left;\">\n<div class=\"page-title-head hgroup\">\n<div dir=\"auto\">\n<p><a class=\"dt-pswp-item pspw-wrap-ready\" href=\"https:\/\/i0.wp.com\/www.radiopiu.net\/wordpress\/wp-content\/uploads\/2018\/09\/WhatsApp-Image-2018-09-20-at-16.04.06.jpeg?ssl=1\" data-dt-img-description=\"\" data-large_image_width=\"800\" data-large_image_height=\"100\"><img loading=\"lazy\" decoding=\"async\" class=\"aligncenter wp-image-61378 size-full jetpack-lazy-image jetpack-lazy-image--handled\" src=\"https:\/\/i0.wp.com\/www.radiopiu.net\/wordpress\/wp-content\/uploads\/2018\/09\/WhatsApp-Image-2018-09-20-at-16.04.06.jpeg?resize=800%2C100&amp;ssl=1\" sizes=\"auto, (max-width: 800px) 100vw, 800px\" srcset=\"https:\/\/i0.wp.com\/www.radiopiu.net\/wordpress\/wp-content\/uploads\/2018\/09\/WhatsApp-Image-2018-09-20-at-16.04.06.jpeg?w=800&amp;ssl=1 800w, https:\/\/i0.wp.com\/www.radiopiu.net\/wordpress\/wp-content\/uploads\/2018\/09\/WhatsApp-Image-2018-09-20-at-16.04.06.jpeg?resize=300%2C38&amp;ssl=1 300w, https:\/\/i0.wp.com\/www.radiopiu.net\/wordpress\/wp-content\/uploads\/2018\/09\/WhatsApp-Image-2018-09-20-at-16.04.06.jpeg?resize=768%2C96&amp;ssl=1 768w\" alt=\"\" width=\"800\" height=\"100\" data-lazy-loaded=\"1\" \/><\/a><\/p>\n<\/div>\n<\/div>\n<\/div>\n<\/div>\n<\/div>\n<\/div>\n<\/div>\n<\/div>\n<\/div>\n<\/div>\n<\/div>\n<\/div>\n<\/div>\n<\/div>\n<\/div>\n<\/div>\n<\/div>\n<\/div>\n<\/div>\n<\/div>\n<\/div>\n<\/div>\n<\/div>\n<\/div>\n<\/div>\n<\/div>\n<\/div>\n<\/div>\n<p>&nbsp;<\/p>\n<p><center><b>Lunedi 6<\/b><\/center><b>Tempo atteso: <\/b>Tempo stabile e ben soleggiato con cielo sereno, eccetto qualche cumulo di bel tempo durante le ore pi\u00f9 calde, La presenza di aria ancora un po&#8217; fresca in quota potr\u00e0 favorire qualche locale addensamento, ma in un contesto tutto sommato assai pi\u00f9 stabile. Forte escursione termica diurna nelle valli tra freschezza notturna e mitezza diurna.<br \/>\n<b>Precipitazioni: <\/b>Assenti (0%).<br \/>\n<b>Temperature: <\/b>In Lieve generale rialzo, eccetto le minime che potrebbero diminuire in caso d&#8217;irraggiamento notturno. Sono previste punte di 25\/26\u00b0C nei fondovalle prealpini e di 18\/22\u00b0C a 1000\/1200 m. Su Prealpi a 1500 m min 9\u00b0C, max 13\u00b0C; a 2000 m min 7\u00b0C, max 10\u00b0C. Su Dolomiti a 2000 m min 5\u00b0C, max 11\u00b0C; a 3000 m min 0\u00b0C, max 2\u00b0C.<br \/>\n<b>Venti: <\/b>Nelle valli perlopi\u00f9 deboli a regime di brezza, localmente e a tratti moderati nei settori solitamente pi\u00f9 ventilati; in quota deboli da nord nord-est, eccetto locali e brevi rinforzi erratici sulle cime, a 5-10 km\/h a 2000 m e 10-15 km\/h a 3000 m.<\/p>\n<hr \/>\n<p><center><b>Martedi 7<\/b><\/center><b>Tempo atteso: <\/b>Al mattino parzialmente soleggiato per il temporaneo transito di nubi alte, prima che il cielo si rassereni lasciando spazio a tempo ben soleggiato con cielo terso perlopi\u00f9 sereno per modesti cumuli durante le ore pi\u00f9 calde. Forte escursione termica nelle valli con notte fresca e contesto termico diurno prettamente tardo-estivo.<br \/>\n<b>Precipitazioni: <\/b>Assenti (0%).<br \/>\n<b>Temperature: <\/b>In generale lieve aumento, 1\/2\u00b0C in pi\u00f9 rispetto a luned\u00ec. Su Prealpi a 1500 m min 10\u00b0C, max 14\u00b0C; a 2000 m min 8\u00b0C, max 11\u00b0C. Su Dolomiti a 2000 m min 7\u00b0C, max 12\u00b0C; a 3000 m min 1\u00b0C, max 3\u00b0C.<br \/>\n<b>Venti: <\/b>Nelle valli perlopi\u00f9 deboli a regime di brezza, localmente e a tratti moderati nei settori solitamente pi\u00f9 ventilati; in quota in prevalenza deboli da nord-est, a 5-10 km\/h a 2000 m e 10-15 km\/h a 3000 m.<\/p>\n<hr \/>\n<p><center><b>Mercoledi 8<\/b><\/center>Tempo molto stabile e ben soleggiato con cielo terso, anche nelle le ore pi\u00f9 calde per presenza di aria sempre pi\u00f9 secca. Temperature in aumento, specie le massime; Tipica giornata settembrina con aria limpida, ottima visibilit\u00e0, notte fresca e contesto termico diurno prettamente tardo-estivo. Venti deboli per brezze nelle valli, localmente e a tratti moderati nei settori solitamente pi\u00f9 ventilati; in quota deboli e molto deboli di direzione variabile.<\/p>\n<hr \/>\n<p><center><b>Giovedi 9<\/b><\/center>Tempo molto stabile e ben soleggiato con cielo terso, anche nelle le ore pi\u00f9 calde. Temperature senza notevoli variazioni rispetto a mercoled\u00ec. Venti deboli per brezze nelle valli, localmente e a tratti moderati nei settori solitamente pi\u00f9 ventilati; in quota deboli da nord-est.<\/p>\n<p>&nbsp;<\/p>\n<div class=\"mkdf-post-text\">\n<div class=\"mkdf-post-text-inner\">\n<hr \/>\n<p>&nbsp;<\/p>\n<p><img loading=\"lazy\" decoding=\"async\" class=\"wp-image-60761 size-full aligncenter\" src=\"https:\/\/www.radiopiu.net\/wordpress\/wp-content\/uploads\/2018\/09\/sport.jpg\" alt=\"\" width=\"800\" height=\"100\" srcset=\"https:\/\/www.radiopiu.net\/wordpress\/wp-content\/uploads\/2018\/09\/sport.jpg 800w, https:\/\/www.radiopiu.net\/wordpress\/wp-content\/uploads\/2018\/09\/sport-300x38.jpg 300w, https:\/\/www.radiopiu.net\/wordpress\/wp-content\/uploads\/2018\/09\/sport-768x96.jpg 768w\" sizes=\"auto, (max-width: 800px) 100vw, 800px\" \/><\/p>\n<p>&nbsp;<\/p>\n<blockquote>\n<h3>LA &#8220;VA PIAN MA RIVA&#8221; E&#8217; STATA UN SUCCESSO, 268 ISCRITTI AL PRIMO MEMORIAL ALAN SCUSSEL<\/h3>\n<\/blockquote>\n<p><strong>VOLTAGO<\/strong> Lo si pu\u00f2 definire un successo il ritorno della &#8220;Va Pian Ma Riva&#8221; a Voltago. Al primo Memorial Alan Scussel l&#8217;agordino ha risposto bene con quasi 270 iscrizioni. La gara, organizzata dalla Polisportiva Voltago, si \u00e8 svolta nel pomeriggio di sabato con partenza e arrivo dagli impianti sportivi del paese. A vincere la 7 km \u00e8 stato Gabriele Cosssettini e in ambito femminile Martina Brustolon. Successo per la gara dedicata ai pi\u00f9 piccoli con tre categorie al via. Tra i Pitus vittoria ad Elia Zanatta, per le Pituse Beatrice Carpia. Nei Picioi vince Mattia Canali e per le Piciole la vittoria a Giorgia Bettini. Nella categoria Omenet primo posto per Nikolas Bettini e nelle Femenete Alyssa Friz. Nell&#8217;Under 18 maschile vittoria di Nicola Riposi e nella femminile Beatrice Colleselli. Over 50 maschile vince Rinaldo Menel e nella femminile Monica Scussel. Premi speciali a Elena Dal Maso, la pi\u00f9 giovane iscritta con pochi mesi d&#8217;et\u00e0, Nomei Venialetti, la pi\u00f9 giovane a fare la gara in autonomia senza l&#8217;aiuto di un adulto. Ivo Andrich riceve il premio esperienza (il pi\u00f9 anziano) e Viki Riva il miglior atleta di Voltago. <strong>PER LE CLASSIFICHE COMPLETE <a href=\"https:\/\/sportdolomiti.it\/ds_event\/va_pian_ma_riva_2021\">CLICCA QUI<\/a><\/strong><\/p>\n<p><strong>IL RIASSUNTO DI GABRIELE RIVA<\/strong><\/p>\n<audio class=\"wp-audio-shortcode\" id=\"audio-230863-9\" preload=\"none\" style=\"width: 100%;\" controls=\"controls\"><source type=\"audio\/mpeg\" src=\"https:\/\/www.radiopiu.net\/wordpress\/wp-content\/uploads\/2021\/09\/GABRIELE-RIVA-VA-PIAN-MA-RIVA.mp3?_=9\" \/><a href=\"https:\/\/www.radiopiu.net\/wordpress\/wp-content\/uploads\/2021\/09\/GABRIELE-RIVA-VA-PIAN-MA-RIVA.mp3\">https:\/\/www.radiopiu.net\/wordpress\/wp-content\/uploads\/2021\/09\/GABRIELE-RIVA-VA-PIAN-MA-RIVA.mp3<\/a><\/audio>\n<p>&nbsp;<\/p>\n<p><strong>IL VIDEO DELLA PARTENZA DEI GIOVANI<\/strong><\/p>\n<div style=\"width: 848px;\" class=\"wp-video\"><video class=\"wp-video-shortcode\" id=\"video-230863-1\" width=\"848\" height=\"480\" preload=\"metadata\" controls=\"controls\"><source type=\"video\/mp4\" src=\"https:\/\/www.radiopiu.net\/wordpress\/wp-content\/uploads\/2021\/09\/WhatsApp-Video-2021-09-05-at-10.27.34.mp4?_=1\" \/><a href=\"https:\/\/www.radiopiu.net\/wordpress\/wp-content\/uploads\/2021\/09\/WhatsApp-Video-2021-09-05-at-10.27.34.mp4\">https:\/\/www.radiopiu.net\/wordpress\/wp-content\/uploads\/2021\/09\/WhatsApp-Video-2021-09-05-at-10.27.34.mp4<\/a><\/video><\/div>\n<p>&nbsp;<\/p>\n<p><strong>LE FOTO<\/strong><\/p>\n\n\t\t\t<style type='text\/css'>\n\t\t\t\t#gallery-7 {\n\t\t\t\t\tmargin: auto;\n\t\t\t\t}\n\t\t\t\t#gallery-7 .gallery-item {\n\t\t\t\t\tfloat: left;\n\t\t\t\t\tmargin-top: 10px;\n\t\t\t\t\ttext-align: center;\n\t\t\t\t\twidth: 25%;\n\t\t\t\t}\n\t\t\t\t#gallery-7 img {\n\t\t\t\t\tborder: 2px solid #cfcfcf;\n\t\t\t\t}\n\t\t\t\t#gallery-7 .gallery-caption {\n\t\t\t\t\tmargin-left: 0;\n\t\t\t\t}\n\t\t\t\t\/* see gallery_shortcode() in wp-includes\/media.php *\/\n\t\t\t<\/style>\n\t\t<div id='gallery-7' class='dt-gallery-container gallery galleryid-230863 gallery-columns-4 gallery-size-medium'><dl class='gallery-item'>\n\t\t\t\t<dt class='gallery-icon landscape'>\n\t\t\t\t\t<a class=\"rollover rollover-zoom dt-pswp-item\" title=\"DCIM100MEDIADJI_0899.JPG\" data-dt-img-description=\"\" data-large_image_width=\"2560\" data-large_image_height=\"1440\"href='https:\/\/www.radiopiu.net\/wordpress\/wp-content\/uploads\/2021\/09\/DJI_0899-scaled.jpg'><img loading=\"lazy\" decoding=\"async\" width=\"300\" height=\"169\" src=\"https:\/\/www.radiopiu.net\/wordpress\/wp-content\/uploads\/2021\/09\/DJI_0899-300x169.jpg\" class=\"attachment-medium size-medium\" alt=\"\" srcset=\"https:\/\/www.radiopiu.net\/wordpress\/wp-content\/uploads\/2021\/09\/DJI_0899-300x169.jpg 300w, https:\/\/www.radiopiu.net\/wordpress\/wp-content\/uploads\/2021\/09\/DJI_0899-1024x576.jpg 1024w, https:\/\/www.radiopiu.net\/wordpress\/wp-content\/uploads\/2021\/09\/DJI_0899-768x432.jpg 768w, https:\/\/www.radiopiu.net\/wordpress\/wp-content\/uploads\/2021\/09\/DJI_0899-1536x864.jpg 1536w, https:\/\/www.radiopiu.net\/wordpress\/wp-content\/uploads\/2021\/09\/DJI_0899-2048x1152.jpg 2048w\" sizes=\"auto, (max-width: 300px) 100vw, 300px\" \/><\/a>\n\t\t\t\t<\/dt><\/dl><dl class='gallery-item'>\n\t\t\t\t<dt class='gallery-icon landscape'>\n\t\t\t\t\t<a class=\"rollover rollover-zoom dt-pswp-item\" title=\"e16bbbed-1009-46c0-9d0b-0c48215387bf\" data-dt-img-description=\"\" data-large_image_width=\"2048\" data-large_image_height=\"1412\"href='https:\/\/www.radiopiu.net\/wordpress\/wp-content\/uploads\/2021\/09\/e16bbbed-1009-46c0-9d0b-0c48215387bf.jpg'><img loading=\"lazy\" decoding=\"async\" width=\"300\" height=\"207\" src=\"https:\/\/www.radiopiu.net\/wordpress\/wp-content\/uploads\/2021\/09\/e16bbbed-1009-46c0-9d0b-0c48215387bf-300x207.jpg\" class=\"attachment-medium size-medium\" alt=\"\" srcset=\"https:\/\/www.radiopiu.net\/wordpress\/wp-content\/uploads\/2021\/09\/e16bbbed-1009-46c0-9d0b-0c48215387bf-300x207.jpg 300w, https:\/\/www.radiopiu.net\/wordpress\/wp-content\/uploads\/2021\/09\/e16bbbed-1009-46c0-9d0b-0c48215387bf-1024x706.jpg 1024w, https:\/\/www.radiopiu.net\/wordpress\/wp-content\/uploads\/2021\/09\/e16bbbed-1009-46c0-9d0b-0c48215387bf-768x530.jpg 768w, https:\/\/www.radiopiu.net\/wordpress\/wp-content\/uploads\/2021\/09\/e16bbbed-1009-46c0-9d0b-0c48215387bf-1536x1059.jpg 1536w, https:\/\/www.radiopiu.net\/wordpress\/wp-content\/uploads\/2021\/09\/e16bbbed-1009-46c0-9d0b-0c48215387bf.jpg 2048w\" sizes=\"auto, (max-width: 300px) 100vw, 300px\" \/><\/a>\n\t\t\t\t<\/dt><\/dl><dl class='gallery-item'>\n\t\t\t\t<dt class='gallery-icon landscape'>\n\t\t\t\t\t<a class=\"rollover rollover-zoom dt-pswp-item\" title=\"f170727d-b834-4969-916d-2bdb36ff6f7d\" data-dt-img-description=\"\" data-large_image_width=\"1278\" data-large_image_height=\"899\"href='https:\/\/www.radiopiu.net\/wordpress\/wp-content\/uploads\/2021\/09\/f170727d-b834-4969-916d-2bdb36ff6f7d.jpg'><img loading=\"lazy\" decoding=\"async\" width=\"300\" height=\"211\" src=\"https:\/\/www.radiopiu.net\/wordpress\/wp-content\/uploads\/2021\/09\/f170727d-b834-4969-916d-2bdb36ff6f7d-300x211.jpg\" class=\"attachment-medium size-medium\" alt=\"\" srcset=\"https:\/\/www.radiopiu.net\/wordpress\/wp-content\/uploads\/2021\/09\/f170727d-b834-4969-916d-2bdb36ff6f7d-300x211.jpg 300w, https:\/\/www.radiopiu.net\/wordpress\/wp-content\/uploads\/2021\/09\/f170727d-b834-4969-916d-2bdb36ff6f7d-1024x720.jpg 1024w, https:\/\/www.radiopiu.net\/wordpress\/wp-content\/uploads\/2021\/09\/f170727d-b834-4969-916d-2bdb36ff6f7d-768x540.jpg 768w, https:\/\/www.radiopiu.net\/wordpress\/wp-content\/uploads\/2021\/09\/f170727d-b834-4969-916d-2bdb36ff6f7d.jpg 1278w\" sizes=\"auto, (max-width: 300px) 100vw, 300px\" \/><\/a>\n\t\t\t\t<\/dt><\/dl><dl class='gallery-item'>\n\t\t\t\t<dt class='gallery-icon landscape'>\n\t\t\t\t\t<a class=\"rollover rollover-zoom dt-pswp-item\" title=\"IMG_7204\" data-dt-img-description=\"\" data-large_image_width=\"2560\" data-large_image_height=\"1920\"href='https:\/\/www.radiopiu.net\/wordpress\/wp-content\/uploads\/2021\/09\/IMG_7204-scaled.jpeg'><img loading=\"lazy\" decoding=\"async\" width=\"300\" height=\"225\" src=\"https:\/\/www.radiopiu.net\/wordpress\/wp-content\/uploads\/2021\/09\/IMG_7204-300x225.jpeg\" class=\"attachment-medium size-medium\" alt=\"\" srcset=\"https:\/\/www.radiopiu.net\/wordpress\/wp-content\/uploads\/2021\/09\/IMG_7204-300x225.jpeg 300w, https:\/\/www.radiopiu.net\/wordpress\/wp-content\/uploads\/2021\/09\/IMG_7204-1024x768.jpeg 1024w, https:\/\/www.radiopiu.net\/wordpress\/wp-content\/uploads\/2021\/09\/IMG_7204-768x576.jpeg 768w, https:\/\/www.radiopiu.net\/wordpress\/wp-content\/uploads\/2021\/09\/IMG_7204-1536x1152.jpeg 1536w, https:\/\/www.radiopiu.net\/wordpress\/wp-content\/uploads\/2021\/09\/IMG_7204-2048x1536.jpeg 2048w\" sizes=\"auto, (max-width: 300px) 100vw, 300px\" \/><\/a>\n\t\t\t\t<\/dt><\/dl><br style=\"clear: both\" \/><dl class='gallery-item'>\n\t\t\t\t<dt class='gallery-icon landscape'>\n\t\t\t\t\t<a class=\"rollover rollover-zoom dt-pswp-item\" title=\"IMG_7224\" data-dt-img-description=\"\" data-large_image_width=\"2560\" data-large_image_height=\"1920\"href='https:\/\/www.radiopiu.net\/wordpress\/wp-content\/uploads\/2021\/09\/IMG_7224-scaled.jpeg'><img loading=\"lazy\" decoding=\"async\" width=\"300\" height=\"225\" src=\"https:\/\/www.radiopiu.net\/wordpress\/wp-content\/uploads\/2021\/09\/IMG_7224-300x225.jpeg\" class=\"attachment-medium size-medium\" alt=\"\" srcset=\"https:\/\/www.radiopiu.net\/wordpress\/wp-content\/uploads\/2021\/09\/IMG_7224-300x225.jpeg 300w, https:\/\/www.radiopiu.net\/wordpress\/wp-content\/uploads\/2021\/09\/IMG_7224-1024x768.jpeg 1024w, https:\/\/www.radiopiu.net\/wordpress\/wp-content\/uploads\/2021\/09\/IMG_7224-768x576.jpeg 768w, https:\/\/www.radiopiu.net\/wordpress\/wp-content\/uploads\/2021\/09\/IMG_7224-1536x1152.jpeg 1536w, https:\/\/www.radiopiu.net\/wordpress\/wp-content\/uploads\/2021\/09\/IMG_7224-2048x1536.jpeg 2048w\" sizes=\"auto, (max-width: 300px) 100vw, 300px\" \/><\/a>\n\t\t\t\t<\/dt><\/dl><dl class='gallery-item'>\n\t\t\t\t<dt class='gallery-icon landscape'>\n\t\t\t\t\t<a class=\"rollover rollover-zoom dt-pswp-item\" title=\"IMG_7238\" data-dt-img-description=\"\" data-large_image_width=\"2560\" data-large_image_height=\"1920\"href='https:\/\/www.radiopiu.net\/wordpress\/wp-content\/uploads\/2021\/09\/IMG_7238-scaled.jpeg'><img loading=\"lazy\" decoding=\"async\" width=\"300\" height=\"225\" src=\"https:\/\/www.radiopiu.net\/wordpress\/wp-content\/uploads\/2021\/09\/IMG_7238-300x225.jpeg\" class=\"attachment-medium size-medium\" alt=\"\" srcset=\"https:\/\/www.radiopiu.net\/wordpress\/wp-content\/uploads\/2021\/09\/IMG_7238-300x225.jpeg 300w, https:\/\/www.radiopiu.net\/wordpress\/wp-content\/uploads\/2021\/09\/IMG_7238-1024x768.jpeg 1024w, https:\/\/www.radiopiu.net\/wordpress\/wp-content\/uploads\/2021\/09\/IMG_7238-768x576.jpeg 768w, https:\/\/www.radiopiu.net\/wordpress\/wp-content\/uploads\/2021\/09\/IMG_7238-1536x1152.jpeg 1536w, https:\/\/www.radiopiu.net\/wordpress\/wp-content\/uploads\/2021\/09\/IMG_7238-2048x1536.jpeg 2048w\" sizes=\"auto, (max-width: 300px) 100vw, 300px\" \/><\/a>\n\t\t\t\t<\/dt><\/dl><dl class='gallery-item'>\n\t\t\t\t<dt class='gallery-icon landscape'>\n\t\t\t\t\t<a class=\"rollover rollover-zoom dt-pswp-item\" title=\"IMG_7243\" data-dt-img-description=\"\" data-large_image_width=\"2560\" data-large_image_height=\"1920\"href='https:\/\/www.radiopiu.net\/wordpress\/wp-content\/uploads\/2021\/09\/IMG_7243-scaled.jpeg'><img loading=\"lazy\" decoding=\"async\" width=\"300\" height=\"225\" src=\"https:\/\/www.radiopiu.net\/wordpress\/wp-content\/uploads\/2021\/09\/IMG_7243-300x225.jpeg\" class=\"attachment-medium size-medium\" alt=\"\" srcset=\"https:\/\/www.radiopiu.net\/wordpress\/wp-content\/uploads\/2021\/09\/IMG_7243-300x225.jpeg 300w, https:\/\/www.radiopiu.net\/wordpress\/wp-content\/uploads\/2021\/09\/IMG_7243-1024x768.jpeg 1024w, https:\/\/www.radiopiu.net\/wordpress\/wp-content\/uploads\/2021\/09\/IMG_7243-768x576.jpeg 768w, https:\/\/www.radiopiu.net\/wordpress\/wp-content\/uploads\/2021\/09\/IMG_7243-1536x1152.jpeg 1536w, https:\/\/www.radiopiu.net\/wordpress\/wp-content\/uploads\/2021\/09\/IMG_7243-2048x1536.jpeg 2048w\" sizes=\"auto, (max-width: 300px) 100vw, 300px\" \/><\/a>\n\t\t\t\t<\/dt><\/dl><dl class='gallery-item'>\n\t\t\t\t<dt class='gallery-icon landscape'>\n\t\t\t\t\t<a class=\"rollover rollover-zoom dt-pswp-item\" title=\"IMG_7251\" data-dt-img-description=\"\" data-large_image_width=\"2560\" data-large_image_height=\"1920\"href='https:\/\/www.radiopiu.net\/wordpress\/wp-content\/uploads\/2021\/09\/IMG_7251-scaled.jpeg'><img loading=\"lazy\" decoding=\"async\" width=\"300\" height=\"225\" src=\"https:\/\/www.radiopiu.net\/wordpress\/wp-content\/uploads\/2021\/09\/IMG_7251-300x225.jpeg\" class=\"attachment-medium size-medium\" alt=\"\" srcset=\"https:\/\/www.radiopiu.net\/wordpress\/wp-content\/uploads\/2021\/09\/IMG_7251-300x225.jpeg 300w, https:\/\/www.radiopiu.net\/wordpress\/wp-content\/uploads\/2021\/09\/IMG_7251-1024x768.jpeg 1024w, https:\/\/www.radiopiu.net\/wordpress\/wp-content\/uploads\/2021\/09\/IMG_7251-768x576.jpeg 768w, https:\/\/www.radiopiu.net\/wordpress\/wp-content\/uploads\/2021\/09\/IMG_7251-1536x1152.jpeg 1536w, https:\/\/www.radiopiu.net\/wordpress\/wp-content\/uploads\/2021\/09\/IMG_7251-2048x1536.jpeg 2048w\" sizes=\"auto, (max-width: 300px) 100vw, 300px\" \/><\/a>\n\t\t\t\t<\/dt><\/dl><br style=\"clear: both\" \/><dl class='gallery-item'>\n\t\t\t\t<dt class='gallery-icon landscape'>\n\t\t\t\t\t<a class=\"rollover rollover-zoom dt-pswp-item\" title=\"IMG_7255\" data-dt-img-description=\"\" data-large_image_width=\"2560\" data-large_image_height=\"1920\"href='https:\/\/www.radiopiu.net\/wordpress\/wp-content\/uploads\/2021\/09\/IMG_7255-scaled.jpeg'><img loading=\"lazy\" decoding=\"async\" width=\"300\" height=\"225\" src=\"https:\/\/www.radiopiu.net\/wordpress\/wp-content\/uploads\/2021\/09\/IMG_7255-300x225.jpeg\" class=\"attachment-medium size-medium\" alt=\"\" srcset=\"https:\/\/www.radiopiu.net\/wordpress\/wp-content\/uploads\/2021\/09\/IMG_7255-300x225.jpeg 300w, https:\/\/www.radiopiu.net\/wordpress\/wp-content\/uploads\/2021\/09\/IMG_7255-1024x768.jpeg 1024w, https:\/\/www.radiopiu.net\/wordpress\/wp-content\/uploads\/2021\/09\/IMG_7255-768x576.jpeg 768w, https:\/\/www.radiopiu.net\/wordpress\/wp-content\/uploads\/2021\/09\/IMG_7255-1536x1152.jpeg 1536w, https:\/\/www.radiopiu.net\/wordpress\/wp-content\/uploads\/2021\/09\/IMG_7255-2048x1536.jpeg 2048w\" sizes=\"auto, (max-width: 300px) 100vw, 300px\" \/><\/a>\n\t\t\t\t<\/dt><\/dl><dl class='gallery-item'>\n\t\t\t\t<dt class='gallery-icon landscape'>\n\t\t\t\t\t<a class=\"rollover rollover-zoom dt-pswp-item\" title=\"IMG_7275\" data-dt-img-description=\"\" data-large_image_width=\"2560\" data-large_image_height=\"1920\"href='https:\/\/www.radiopiu.net\/wordpress\/wp-content\/uploads\/2021\/09\/IMG_7275-scaled.jpeg'><img loading=\"lazy\" decoding=\"async\" width=\"300\" height=\"225\" src=\"https:\/\/www.radiopiu.net\/wordpress\/wp-content\/uploads\/2021\/09\/IMG_7275-300x225.jpeg\" class=\"attachment-medium size-medium\" alt=\"\" srcset=\"https:\/\/www.radiopiu.net\/wordpress\/wp-content\/uploads\/2021\/09\/IMG_7275-300x225.jpeg 300w, https:\/\/www.radiopiu.net\/wordpress\/wp-content\/uploads\/2021\/09\/IMG_7275-1024x768.jpeg 1024w, https:\/\/www.radiopiu.net\/wordpress\/wp-content\/uploads\/2021\/09\/IMG_7275-768x576.jpeg 768w, https:\/\/www.radiopiu.net\/wordpress\/wp-content\/uploads\/2021\/09\/IMG_7275-1536x1152.jpeg 1536w, https:\/\/www.radiopiu.net\/wordpress\/wp-content\/uploads\/2021\/09\/IMG_7275-2048x1536.jpeg 2048w\" sizes=\"auto, (max-width: 300px) 100vw, 300px\" \/><\/a>\n\t\t\t\t<\/dt><\/dl><dl class='gallery-item'>\n\t\t\t\t<dt class='gallery-icon landscape'>\n\t\t\t\t\t<a class=\"rollover rollover-zoom dt-pswp-item\" title=\"IMG_7291\" data-dt-img-description=\"\" data-large_image_width=\"2560\" data-large_image_height=\"1920\"href='https:\/\/www.radiopiu.net\/wordpress\/wp-content\/uploads\/2021\/09\/IMG_7291-scaled.jpeg'><img loading=\"lazy\" decoding=\"async\" width=\"300\" height=\"225\" src=\"https:\/\/www.radiopiu.net\/wordpress\/wp-content\/uploads\/2021\/09\/IMG_7291-300x225.jpeg\" class=\"attachment-medium size-medium\" alt=\"\" srcset=\"https:\/\/www.radiopiu.net\/wordpress\/wp-content\/uploads\/2021\/09\/IMG_7291-300x225.jpeg 300w, https:\/\/www.radiopiu.net\/wordpress\/wp-content\/uploads\/2021\/09\/IMG_7291-1024x768.jpeg 1024w, https:\/\/www.radiopiu.net\/wordpress\/wp-content\/uploads\/2021\/09\/IMG_7291-768x576.jpeg 768w, https:\/\/www.radiopiu.net\/wordpress\/wp-content\/uploads\/2021\/09\/IMG_7291-1536x1152.jpeg 1536w, https:\/\/www.radiopiu.net\/wordpress\/wp-content\/uploads\/2021\/09\/IMG_7291-2048x1536.jpeg 2048w\" sizes=\"auto, (max-width: 300px) 100vw, 300px\" \/><\/a>\n\t\t\t\t<\/dt><\/dl><dl class='gallery-item'>\n\t\t\t\t<dt class='gallery-icon landscape'>\n\t\t\t\t\t<a class=\"rollover rollover-zoom dt-pswp-item\" title=\"IMG_7294\" data-dt-img-description=\"\" data-large_image_width=\"2560\" data-large_image_height=\"1920\"href='https:\/\/www.radiopiu.net\/wordpress\/wp-content\/uploads\/2021\/09\/IMG_7294-scaled.jpeg'><img loading=\"lazy\" decoding=\"async\" width=\"300\" height=\"225\" src=\"https:\/\/www.radiopiu.net\/wordpress\/wp-content\/uploads\/2021\/09\/IMG_7294-300x225.jpeg\" class=\"attachment-medium size-medium\" alt=\"\" srcset=\"https:\/\/www.radiopiu.net\/wordpress\/wp-content\/uploads\/2021\/09\/IMG_7294-300x225.jpeg 300w, https:\/\/www.radiopiu.net\/wordpress\/wp-content\/uploads\/2021\/09\/IMG_7294-1024x768.jpeg 1024w, https:\/\/www.radiopiu.net\/wordpress\/wp-content\/uploads\/2021\/09\/IMG_7294-768x576.jpeg 768w, https:\/\/www.radiopiu.net\/wordpress\/wp-content\/uploads\/2021\/09\/IMG_7294-1536x1152.jpeg 1536w, https:\/\/www.radiopiu.net\/wordpress\/wp-content\/uploads\/2021\/09\/IMG_7294-2048x1536.jpeg 2048w\" sizes=\"auto, (max-width: 300px) 100vw, 300px\" \/><\/a>\n\t\t\t\t<\/dt><\/dl><br style=\"clear: both\" \/>\n\t\t\t<\/div>\n\n<p>&nbsp;<\/p>\n<hr \/>\n<p>&nbsp;<\/p>\n<blockquote>\n<h3><span style=\"font-size: large;\">EDDY NANI E GIULIA POL FIRMANO LE VITTORIE DELLA TRANSPELMO 2021<\/span><\/h3>\n<\/blockquote>\n<p><strong><a href=\"https:\/\/www.radiopiu.net\/wordpress\/?attachment_id=230996\" rel=\"attachment wp-att-230996\"><img loading=\"lazy\" decoding=\"async\" class=\"size-medium wp-image-230996 alignleft\" src=\"https:\/\/www.radiopiu.net\/wordpress\/wp-content\/uploads\/2021\/09\/MARTINA-DE-SILVSTRO_70I1728-credito-rivier-de-mari-300x200.jpg\" alt=\"\" width=\"300\" height=\"200\" srcset=\"https:\/\/www.radiopiu.net\/wordpress\/wp-content\/uploads\/2021\/09\/MARTINA-DE-SILVSTRO_70I1728-credito-rivier-de-mari-300x200.jpg 300w, https:\/\/www.radiopiu.net\/wordpress\/wp-content\/uploads\/2021\/09\/MARTINA-DE-SILVSTRO_70I1728-credito-rivier-de-mari-1024x683.jpg 1024w, https:\/\/www.radiopiu.net\/wordpress\/wp-content\/uploads\/2021\/09\/MARTINA-DE-SILVSTRO_70I1728-credito-rivier-de-mari-768x512.jpg 768w, https:\/\/www.radiopiu.net\/wordpress\/wp-content\/uploads\/2021\/09\/MARTINA-DE-SILVSTRO_70I1728-credito-rivier-de-mari-1536x1024.jpg 1536w, https:\/\/www.radiopiu.net\/wordpress\/wp-content\/uploads\/2021\/09\/MARTINA-DE-SILVSTRO_70I1728-credito-rivier-de-mari-2048x1366.jpg 2048w\" sizes=\"auto, (max-width: 300px) 100vw, 300px\" \/><\/a>VAL DI ZOLDO <\/strong>In 770, domenica 5 settembre, alla Transpelmo, l\u2019evento del trailrunning che si svolge sui sentieri attorno a una delle vette di maggior suggestione delle Dolomiti patrimonio dell&#8217;Unesco, vale a dire il Monte Pelmo. 18 chilometri e 1300 metri di dislivello positivo, con partenza e arrivo al centro biathlon di Palafav\u00e8ra, in Val di Zoldo. Una grande partecipazione e un grande entusiasmo per una manifestazione che \u00e8 tornata dopo un anno di stop a causa dell\u2019emergenza sanitaria legata al Covid-19. Il via alle 10.30, con grande incertezza sui papabili per il podio: diversi, infatti, gli atleti sullo stesso livello. Parte forte il giovanissimo longaronese Raffaele Teza che transita in testa al rifugio Venezia con in scia lo sloveno Zan Zepic e lo zoldano, vicecampione italiano Under 23 di corsa in montagna, Isacco Costa. Sull\u2019impegnativa e spettacolare salita verso Forcella Val d\u2019Arcia \u00e8 proprio Costa a prendere le redini del comando, transitando ai 2.476 metri di altitudine del \u201ctetto\u201d della corsa con 37\u201d su Eddy nani, bellunese di Alano di Piave, e con 52\u201d su Costa, mentre pi\u00f9 staccati scollinavano Zepic, la guida alpina bolognese Filippo Beccari, Elia Costa, fratello maggiore di Isacco, e il polesano Enrico Bonati. Discesa da brividi lungo il ghiaione che porta a Forcella Staulanza: Isacco Costa \u00e8 ancora in testa ma il vantaggio su Nani diventa via via pi\u00f9 esiguo. Negli ultimi chilometri, quelli pi\u00f9 corribili, si materializza la rimonta di Nani che si presenta in perfetta solitudine sotto il traguardo di Palafavera: sua la vittoria in 1h51\u201917\u201d. Piazza d\u2019onore per Isacco Costa, staccato di 23\u201d, e terzo gradino del podio per il vicentino Michele Meridio, autore di un grandissimo recupero nella seconda met\u00e0 gara. Nella top five anche Filippo Beccari e Raffaele Teza. Combattuta anche la gara in rosa: parte subito forte Martina De Silvestro che transita prima al rifugio Venezia e a Forcella Val d\u2019Arcia. La seguono, scambiandosi la seconda e la terza posizione ai due rilevamenti, Martina Da Rin Zanco e Giulia Pol. La differenza, nel tratto in discesa e poi nel finale, la fa proprio quest\u2019ultima che rinviene molto forte per andare a vincere tutta sola in 2h17\u201944. In seconda e terza posizione, rispettivamente, Martina De Silvestro, staccata di poco pi\u00f9 di un minuto, e Martina Da Rin Zanco, con un ritardo di oltre tre minuti e trenta dalla vincitrice. Micaela Mazzuca e Cinzia Salvi a completare la top five.<\/p>\n<p>&nbsp;<\/p>\n<p>&nbsp;<\/p>\n<hr \/>\n<p>&nbsp;<\/p>\n<blockquote>\n<h3>FAGGIOLI DOMINA LA PEDAVENA &#8211; CROCE D&#8217;AUNE. DECIMO ASSOLUTO DENIS MEZZACASA<\/h3>\n<\/blockquote>\n<p><strong><a href=\"https:\/\/www.radiopiu.net\/wordpress\/alpe-del-nevegal-per-denis-mezzacasa-la-crono-di-casa\/denismezzacasa-tatuusformularenault\/\" rel=\"attachment wp-att-226111\"><img loading=\"lazy\" decoding=\"async\" class=\"size-medium wp-image-226111 alignleft\" src=\"https:\/\/www.radiopiu.net\/wordpress\/wp-content\/uploads\/2021\/08\/DenisMezzacasa-TatuusFormulaRenault-300x200.jpg\" alt=\"\" width=\"300\" height=\"200\" srcset=\"https:\/\/www.radiopiu.net\/wordpress\/wp-content\/uploads\/2021\/08\/DenisMezzacasa-TatuusFormulaRenault-300x200.jpg 300w, https:\/\/www.radiopiu.net\/wordpress\/wp-content\/uploads\/2021\/08\/DenisMezzacasa-TatuusFormulaRenault-768x512.jpg 768w, https:\/\/www.radiopiu.net\/wordpress\/wp-content\/uploads\/2021\/08\/DenisMezzacasa-TatuusFormulaRenault.jpg 1024w\" sizes=\"auto, (max-width: 300px) 100vw, 300px\" \/><\/a>PEDAVENA<\/strong><\/p>\n<p>di Roberto Bona<\/p>\n<audio class=\"wp-audio-shortcode\" id=\"audio-230863-10\" preload=\"none\" style=\"width: 100%;\" controls=\"controls\"><source type=\"audio\/mpeg\" src=\"https:\/\/www.radiopiu.net\/wordpress\/wp-content\/uploads\/2021\/09\/BONA-PEDAVENA-1.mp3?_=10\" \/><a href=\"https:\/\/www.radiopiu.net\/wordpress\/wp-content\/uploads\/2021\/09\/BONA-PEDAVENA-1.mp3\">https:\/\/www.radiopiu.net\/wordpress\/wp-content\/uploads\/2021\/09\/BONA-PEDAVENA-1.mp3<\/a><\/audio>\n<p>&nbsp;<\/p>\n<hr \/>\n<p>&nbsp;<\/p>\n<h3><a href=\"https:\/\/www.radiopiu.net\/wordpress\/?attachment_id=230992\" rel=\"attachment wp-att-230992\"><img loading=\"lazy\" decoding=\"async\" class=\"size-medium wp-image-230992 alignleft\" src=\"https:\/\/www.radiopiu.net\/wordpress\/wp-content\/uploads\/2021\/09\/8aeb0408-bc32-a11e-9673-e9ddb1f68360-300x217.jpg\" alt=\"\" width=\"300\" height=\"217\" srcset=\"https:\/\/www.radiopiu.net\/wordpress\/wp-content\/uploads\/2021\/09\/8aeb0408-bc32-a11e-9673-e9ddb1f68360-300x217.jpg 300w, https:\/\/www.radiopiu.net\/wordpress\/wp-content\/uploads\/2021\/09\/8aeb0408-bc32-a11e-9673-e9ddb1f68360-1024x742.jpg 1024w, https:\/\/www.radiopiu.net\/wordpress\/wp-content\/uploads\/2021\/09\/8aeb0408-bc32-a11e-9673-e9ddb1f68360-768x556.jpg 768w, https:\/\/www.radiopiu.net\/wordpress\/wp-content\/uploads\/2021\/09\/8aeb0408-bc32-a11e-9673-e9ddb1f68360-1536x1113.jpg 1536w, https:\/\/www.radiopiu.net\/wordpress\/wp-content\/uploads\/2021\/09\/8aeb0408-bc32-a11e-9673-e9ddb1f68360-2048x1483.jpg 2048w\" sizes=\"auto, (max-width: 300px) 100vw, 300px\" \/><\/a>BILANCIO POSITIVO PER LA TRASFERTA IN SVEZIA DELLA NAZIONALE UNDER 16 DI HOCKEY<\/h3>\n<p class=\"null\">Bilancio pi\u00f9 che positivo per la nazionale under 16 di hockey su ghiaccio, che \u00e8 rientrata questa mattina dalla trasferta in Svezia. Gli azzurrini guidati da John Parco, ospiti nell\u2019ultima settimana dell\u2019Accademia del Link\u00f6ping, uno dei settori giovanili pi\u00f9 forti del paese scandinavo, hanno disputato tre partite amichevoli contro formazioni di primissimo livello della medesima categoria giovanile, centrando un largo successo (6-0 con il Fr\u00f6lunda) e incassando due sconfitte di misura (4-2 con il Link\u00f6ping e 2-1 con l&#8217;HV 71). Un\u2019importante esperienza di crescita tecnica e personale per un gruppo che rappresenta un pezzo di futuro dell\u2019hockey su ghiaccio tricolore.<\/p>\n<p>&nbsp;<\/p>\n<p>&nbsp;<\/p>\n<hr \/>\n<p>&nbsp;<\/p>\n<blockquote>\n<h3>TRE ORI PER IL VENETO NEI CAMPIONATI ITALIANI DI SKIROLL<\/h3>\n<\/blockquote>\n<p><em><a href=\"https:\/\/www.radiopiu.net\/wordpress\/due-ori-per-il-veneto-nei-campionati-italiani-di-skiroll\/elia-barp-camp-ita-skiroll-04-09-2021\/\" rel=\"attachment wp-att-230899\"><img loading=\"lazy\" decoding=\"async\" class=\"size-medium wp-image-230899 alignleft\" src=\"https:\/\/www.radiopiu.net\/wordpress\/wp-content\/uploads\/2021\/09\/elia-barp-camp-ita-skiroll-04.09.2021-300x200.jpg\" alt=\"\" width=\"300\" height=\"200\" srcset=\"https:\/\/www.radiopiu.net\/wordpress\/wp-content\/uploads\/2021\/09\/elia-barp-camp-ita-skiroll-04.09.2021-300x200.jpg 300w, https:\/\/www.radiopiu.net\/wordpress\/wp-content\/uploads\/2021\/09\/elia-barp-camp-ita-skiroll-04.09.2021-1024x682.jpg 1024w, https:\/\/www.radiopiu.net\/wordpress\/wp-content\/uploads\/2021\/09\/elia-barp-camp-ita-skiroll-04.09.2021-768x512.jpg 768w, https:\/\/www.radiopiu.net\/wordpress\/wp-content\/uploads\/2021\/09\/elia-barp-camp-ita-skiroll-04.09.2021-1536x1024.jpg 1536w, https:\/\/www.radiopiu.net\/wordpress\/wp-content\/uploads\/2021\/09\/elia-barp-camp-ita-skiroll-04.09.2021.jpg 1697w\" sizes=\"auto, (max-width: 300px) 100vw, 300px\" \/><\/a>(fonte: www.fisiveneto.com)<\/em> Grande Veneto nella prima giornata dei Campionati italiani estivi di fondo e skiroll, andata in scena a Forni Avoltri (Udine) e dedicata alla sprint in tecnica libera. Nella gara Aspiranti femminile, successo per la comeliana del Centro sportivo Carabinieri Iris De Martin (prima anche in qualifica) che si \u00e8 imposta su Maria Gismondi e Anna Maria Ghiddi. Molto bene anche la vicentina Roberta Cenci (Gallio), settima. Nella gara Juniores uomini, Elia Barp (Fiamme Gialle, scuola Ski College Veneto Falcade) si conferma in continuit\u00e0 con la scorsa stagione, andando a imporsi sull\u2019altoatesino Benjamin Schwingshackl e sul trentino delle Fiamme Gialle (anch\u2019egli scuola Ski College Veneto Falcade) Andrea Zorzi. In qualifica, Barp aveva fatto registrare il secondo tempo. Grande gara anche per Riccardo Munari (Ski College Veneto Falcade) e Stefano Carli (2 A Asiago Altopiano), rispettivamente quinto e settimo. Ieri, nella seconda giornata, un oro anche nelle distance per Elia Barp ed Iris De Martin Pinter . Barp (Fiamme Gialle) si \u00e8 imposto nella gara Juniores precedendo il compagno di squadra Andre Zorzi (scuola Ski College Veneto) mentre la De Martin (Carabinieri) ha fatto propria la gara Aspiranti.<\/p>\n<\/div>\n<\/div>\n<\/div>\n<\/div>\n<\/div>\n<\/div>\n<\/div>\n<\/div>\n<\/div>\n<\/div>\n<\/div>\n<\/div>\n<\/div>\n<\/div>\n<\/div>\n<\/div>\n<\/div>\n<\/div>\n","protected":false},"excerpt":{"rendered":"<p>COMPRIAMO UNA MACCHINA ATTREZZATA PER RICCARDO SOSPIROLO\u00a0Radio Pi\u00f9 appoggia l\u2019iniziativa di\u00a0 Agostino Tegner il pap\u00e0 di Riccardo, poche parole le sue ma piene di significato\u00a0\u201cIo e mia moglie stiamo invecchiando e non riusciamo pi\u00f9\u00a0a trasportare come si deve il nostro ragazzo, che necessita di una macchina attrezzata con un piano ribassato con pedana\u201d. Per questo&hellip;<\/p>\n","protected":false},"author":4,"featured_media":230978,"comment_status":"closed","ping_status":"open","sticky":false,"template":"","format":"standard","meta":{"_monsterinsights_skip_tracking":false,"_monsterinsights_sitenote_active":false,"_monsterinsights_sitenote_note":"","_monsterinsights_sitenote_category":0,"footnotes":""},"categories":[1,51,86,49],"tags":[],"class_list":["post-230863","post","type-post","status-publish","format-standard","has-post-thumbnail","hentry","category-senza-categoria","category-evidenza-top","category-gr","category-news-18","category-1","category-51","category-86","category-49","description-off"],"img_url":"https:\/\/www.radiopiu.net\/wordpress\/wp-content\/uploads\/2021\/09\/5d7720ff-2f2e-41b7-9cfb-64a8ac414ad7.jpg","_links":{"self":[{"href":"https:\/\/www.radiopiu.net\/wordpress\/wp-json\/wp\/v2\/posts\/230863","targetHints":{"allow":["GET"]}}],"collection":[{"href":"https:\/\/www.radiopiu.net\/wordpress\/wp-json\/wp\/v2\/posts"}],"about":[{"href":"https:\/\/www.radiopiu.net\/wordpress\/wp-json\/wp\/v2\/types\/post"}],"author":[{"embeddable":true,"href":"https:\/\/www.radiopiu.net\/wordpress\/wp-json\/wp\/v2\/users\/4"}],"replies":[{"embeddable":true,"href":"https:\/\/www.radiopiu.net\/wordpress\/wp-json\/wp\/v2\/comments?post=230863"}],"version-history":[{"count":0,"href":"https:\/\/www.radiopiu.net\/wordpress\/wp-json\/wp\/v2\/posts\/230863\/revisions"}],"wp:featuredmedia":[{"embeddable":true,"href":"https:\/\/www.radiopiu.net\/wordpress\/wp-json\/wp\/v2\/media\/230978"}],"wp:attachment":[{"href":"https:\/\/www.radiopiu.net\/wordpress\/wp-json\/wp\/v2\/media?parent=230863"}],"wp:term":[{"taxonomy":"category","embeddable":true,"href":"https:\/\/www.radiopiu.net\/wordpress\/wp-json\/wp\/v2\/categories?post=230863"},{"taxonomy":"post_tag","embeddable":true,"href":"https:\/\/www.radiopiu.net\/wordpress\/wp-json\/wp\/v2\/tags?post=230863"}],"curies":[{"name":"wp","href":"https:\/\/api.w.org\/{rel}","templated":true}]}}