{"id":230883,"date":"2021-09-04T13:37:52","date_gmt":"2021-09-04T11:37:52","guid":{"rendered":"https:\/\/www.radiopiu.net\/wordpress\/?p=230883"},"modified":"2021-09-04T13:37:52","modified_gmt":"2021-09-04T11:37:52","slug":"il-bollettino-meteo-dal-centro-valanghe-arpav-di-arabba","status":"publish","type":"post","link":"https:\/\/www.radiopiu.net\/wordpress\/il-bollettino-meteo-dal-centro-valanghe-arpav-di-arabba\/","title":{"rendered":"IL BOLLETTINO METEO DAL CENTRO VALANGHE ARPAV DI ARABBA"},"content":{"rendered":"<p><center><b>Domenica 5<\/b><\/center><b>Tempo atteso: <\/b>Al mattino tempo soleggiato, nonostante la presenza iniziale di qualche stratocumulo mattutino sia sulle Prealpi che sulle Dolomiti, in rapido diradamento, e i primi segnali di attivit\u00e0 cumuliforme a fine mattinata. Al pomeriggio parziale riduzione del soleggiamento per attivit\u00e0 cumuliforme, localmente moderata\/forte, specie a ridosso del Trentino e dell&#8217;Alto Adige, dove qualche occasionale fenomeno convettivo sar\u00e0 probabile, mentre altrove il rischio sar\u00e0 minore. Il contesto termico diurna presenter\u00e0 forti contrasti tra i settori pi\u00f9 assolati e quelli interessati dall&#8217;instabilit\u00e0.<br \/>\n<b>Precipitazioni: <\/b>Al mattino assenti (0%). Al pomeriggio su alcuni settori prealpini e su parte delle Dolomiti continuer\u00e0 a non piovere, mentre sulle zone a ridosso del Trentino e dell&#8217;Alto Adige, il rischio di qualche rovescio o eventuale temporale sar\u00e0 presente (20\/40%). I cumuli di pioggia saranno molto variabili 0-15 mm.<br \/>\n<b>Temperature: <\/b>Minime in leggero calo in quota e pressoch\u00e9 stazionarie nelle valli; massime senza notevoli variazioni, salvo locali riprese nei settori pi\u00f9 assolati rispetto a sabato. Sono previste punte di 24\/26\u00b0C nei fondovalle prealpini e di 17\/21\u00b0C a 1000\/1200 m. Su Prealpi a 1500 m min 9\u00b0C, max 13\u00b0C; a 2000 m min 7\u00b0C, max 10\u00b0C. Su Dolomiti a 2000 m min 6\u00b0C, max 10\u00b0C; a 3000 m min 1\u00b0C, max 2\u00b0C.<br \/>\n<b>Venti: <\/b>Nelle valli perlopi\u00f9 deboli a regime di brezza, localmente e a tratti moderati nei settori solitamente pi\u00f9 ventilati; in quota deboli da nord-est al mattino e da nord al pomeriggio, con qualche rinforzo erratico sulle cime, a 5-10 km\/h a 2000 m e 10-15 km\/h a 3000 m.<\/p>\n<hr \/>\n<p><center><b>Lunedi 6<\/b><\/center><b>Tempo atteso: <\/b>Tempo stabile e ben soleggiato con cielo sereno, eccetto qualche cumulo di bel tempo durante le ore pi\u00f9 calde, La presenza di aria ancora un po&#8217; fresca in quota potr\u00e0 favorire qualche locale addensamento, ma in un contesto tutto sommato assai pi\u00f9 stabile. Forte escursione termica diurna nelle valli tra freschezza notturna e mitezza diurna.<br \/>\n<b>Precipitazioni: <\/b>Assenti (0%).<br \/>\n<b>Temperature: <\/b>In Lieve generale rialzo, eccetto le minime che potrebbero diminuire in caso d&#8217;irraggiamento notturno. Su Prealpi a 1500 m min 8\u00b0C, max 12\u00b0C; a 2000 m min 6\u00b0C, max 9\u00b0C. Su Dolomiti a 2000 m min 5\u00b0C, max 9\u00b0C; a 3000 m min 0\u00b0C, max 1\u00b0C.<br \/>\n<b>Venti: <\/b>Nelle valli perlopi\u00f9 deboli a regime di brezza, localmente e a tratti moderati nei settori solitamente pi\u00f9 ventilati; in quota deboli da nord nord-est, eccetto locali e brevi rinforzi erratici sulle cime, a 5-10 km\/h a 2000 m e 10-15 km\/h a 3000 m.<\/p>\n<hr \/>\n<p><center><b>Martedi 7<\/b><\/center>Tempo molto stabile e ben soleggiato con cielo terso al mattino e quasi del tutto sereno al pomeriggio per modesti cumuli durante le ore pi\u00f9 calde. Temperature in aumento, specie le massime, con contesto diurno prettamente tardo-estivo. Venti deboli per brezze nelle valli, localmente e a tratti moderati nei settori solitamente pi\u00f9 ventilati; in quota in prevalenza deboli da nord-est.<\/p>\n<hr \/>\n<p><center><b>Mercoledi 8<\/b><\/center>Tempo molto stabile e ben soleggiato con cielo terso, anche nelle le ore pi\u00f9 calde per presenza di aria sempre pi\u00f9 secca. Temperature in aumento, specie le massime, con contesto diurno prettamente tardo-estivo. Venti deboli per brezze nelle valli, localmente e a tratti moderati nei settori solitamente pi\u00f9 ventilati; in quota deboli e molto deboli di direzione variabile. Previsore: R.L.Th.<\/p>\n","protected":false},"excerpt":{"rendered":"<p>Domenica 5Tempo atteso: Al mattino tempo soleggiato, nonostante la presenza iniziale di qualche stratocumulo mattutino sia sulle Prealpi che sulle Dolomiti, in rapido diradamento, e i primi segnali di attivit\u00e0 cumuliforme a fine mattinata. Al pomeriggio parziale riduzione del soleggiamento per attivit\u00e0 cumuliforme, localmente moderata\/forte, specie a ridosso del Trentino e dell&#8217;Alto Adige, dove qualche&hellip;<\/p>\n","protected":false},"author":4,"featured_media":57212,"comment_status":"closed","ping_status":"open","sticky":false,"template":"","format":"standard","meta":{"_monsterinsights_skip_tracking":false,"_monsterinsights_sitenote_active":false,"_monsterinsights_sitenote_note":"","_monsterinsights_sitenote_category":0,"footnotes":""},"categories":[49],"tags":[],"class_list":["post-230883","post","type-post","status-publish","format-standard","has-post-thumbnail","hentry","category-news-18","category-49","description-off"],"img_url":"https:\/\/www.radiopiu.net\/wordpress\/wp-content\/uploads\/2018\/08\/METEO-PREVISIONI.jpeg","_links":{"self":[{"href":"https:\/\/www.radiopiu.net\/wordpress\/wp-json\/wp\/v2\/posts\/230883","targetHints":{"allow":["GET"]}}],"collection":[{"href":"https:\/\/www.radiopiu.net\/wordpress\/wp-json\/wp\/v2\/posts"}],"about":[{"href":"https:\/\/www.radiopiu.net\/wordpress\/wp-json\/wp\/v2\/types\/post"}],"author":[{"embeddable":true,"href":"https:\/\/www.radiopiu.net\/wordpress\/wp-json\/wp\/v2\/users\/4"}],"replies":[{"embeddable":true,"href":"https:\/\/www.radiopiu.net\/wordpress\/wp-json\/wp\/v2\/comments?post=230883"}],"version-history":[{"count":0,"href":"https:\/\/www.radiopiu.net\/wordpress\/wp-json\/wp\/v2\/posts\/230883\/revisions"}],"wp:featuredmedia":[{"embeddable":true,"href":"https:\/\/www.radiopiu.net\/wordpress\/wp-json\/wp\/v2\/media\/57212"}],"wp:attachment":[{"href":"https:\/\/www.radiopiu.net\/wordpress\/wp-json\/wp\/v2\/media?parent=230883"}],"wp:term":[{"taxonomy":"category","embeddable":true,"href":"https:\/\/www.radiopiu.net\/wordpress\/wp-json\/wp\/v2\/categories?post=230883"},{"taxonomy":"post_tag","embeddable":true,"href":"https:\/\/www.radiopiu.net\/wordpress\/wp-json\/wp\/v2\/tags?post=230883"}],"curies":[{"name":"wp","href":"https:\/\/api.w.org\/{rel}","templated":true}]}}