{"id":230922,"date":"2021-09-04T16:38:07","date_gmt":"2021-09-04T14:38:07","guid":{"rendered":"https:\/\/www.radiopiu.net\/wordpress\/?p=230922"},"modified":"2021-09-04T16:38:07","modified_gmt":"2021-09-04T14:38:07","slug":"acc-dinca-chiede-priorita-di-un-tavolo-tra-sindacati-e-mise","status":"publish","type":"post","link":"https:\/\/www.radiopiu.net\/wordpress\/acc-dinca-chiede-priorita-di-un-tavolo-tra-sindacati-e-mise\/","title":{"rendered":"ACC, D&#8217;INCA&#8217; CHIEDE PRIORITA&#8217; DI UN TAVOLO TRA SINDACATI E MISE"},"content":{"rendered":"<p><strong><a href=\"https:\/\/www.radiopiu.net\/wordpress\/giornale-radiopiu-13-febbraio-2021-direttore-mirko-mezzacasa\/dinca-5\/\" rel=\"attachment wp-att-190918\"><img loading=\"lazy\" decoding=\"async\" class=\"size-medium wp-image-190918 alignleft\" src=\"https:\/\/www.radiopiu.net\/wordpress\/wp-content\/uploads\/2021\/02\/dinca-300x300.jpg\" alt=\"\" width=\"300\" height=\"300\" srcset=\"https:\/\/www.radiopiu.net\/wordpress\/wp-content\/uploads\/2021\/02\/dinca-300x300.jpg 300w, https:\/\/www.radiopiu.net\/wordpress\/wp-content\/uploads\/2021\/02\/dinca-1024x1024.jpg 1024w, https:\/\/www.radiopiu.net\/wordpress\/wp-content\/uploads\/2021\/02\/dinca-150x150.jpg 150w, https:\/\/www.radiopiu.net\/wordpress\/wp-content\/uploads\/2021\/02\/dinca-768x767.jpg 768w, https:\/\/www.radiopiu.net\/wordpress\/wp-content\/uploads\/2021\/02\/dinca.jpg 1080w\" sizes=\"auto, (max-width: 300px) 100vw, 300px\" \/><\/a>ROMA <\/strong>\u201c<em>La pubblicazione del decreto direttoriale che consentir\u00e0 di presentare le domande per l\u2019accesso al credito a favore delle imprese in difficolt\u00e0, tra cui l\u2019ACC di Borgo Valbelluna \u00e8 un ottimo segnale nel percorso di salvezza dello stabilimento. Una tappa raggiunta nei tempi che avevamo previsto,\u00a0seguendo le indicazioni emerse dal Consiglio socio-istituzionale e\u00a0che conferma l\u2019impegno del Governo dopo i passaggi degli ultimi mesi che hanno visto lo stanziamento delle risorse nei decreti Sostegni e le successive fasi di approvazione tra i Ministeri competenti, la Corte dei Conti e, infine, la valutazione positiva in sede europea<\/em>\u201d. A dichiararlo \u00e8 Federico D\u2019Inc\u00e0, Ministro per i Rapporti con il Parlamento, in seguito alla pubblicazione del decreto direttoriale sull\u2019accesso al credito per le imprese in difficolt\u00e0. \u201c<em>Adesso &#8211; prosegue il Ministro D\u2019Inc\u00e0 &#8211; bisogna dare priorit\u00e0 al tavolo tra sindacati e Ministero dello Sviluppo economico: un incontro che ho chiesto fortemente in occasione dell\u2019ultimo Consiglio socio-istituzionale a cui ho partecipato e che si terr\u00e0 a breve in sede ministeriale. Sono in continuo contatto con i tecnici del Mise che stanno seguendo la vicenda: \u00e8 fondamentale definire un piano per lo stabilimento di Mel, dopo il lavoro svolto nella fase commissariale sotto la guida di Maurizio Castro con cui il Ministero sta continuando a relazionarsi. Ho personalmente espresso le preoccupazioni dei sindacati nelle sedi competenti e mi auguro che la corsa contro il tempo si possa risolvere rapidamente<\/em>\u201d. \u201c<em>\u00c8 altrettanto vero, per\u00f2, che il Governo ha sempre mantenuto attenzione su questa vicenda credendo nelle capacit\u00e0 dello stabilimento e nell\u2019alta professionalit\u00e0 dei suoi dipendenti: insister\u00f2 sul percorso di salvezza e sull\u2019incontro tra le parti coinvolte fino a quando non sar\u00e0 trovata la migliore soluzione. Ribadisco, infine, quanto espresso in questo periodo: bisogna lavorare assieme e senza divisioni, per raggiungere l\u2019obiettivo finale &#8211; conclude il Ministro per i Rapporti con il Parlamento<\/em>\u201d.<\/p>\n<p>&nbsp;<\/p>\n<p>&nbsp;<\/p>\n<p>****<\/p>\n","protected":false},"excerpt":{"rendered":"<p>ROMA \u201cLa pubblicazione del decreto direttoriale che consentir\u00e0 di presentare le domande per l\u2019accesso al credito a favore delle imprese in difficolt\u00e0, tra cui l\u2019ACC di Borgo Valbelluna \u00e8 un ottimo segnale nel percorso di salvezza dello stabilimento. Una tappa raggiunta nei tempi che avevamo previsto,\u00a0seguendo le indicazioni emerse dal Consiglio socio-istituzionale e\u00a0che conferma l\u2019impegno&hellip;<\/p>\n","protected":false},"author":4,"featured_media":145345,"comment_status":"closed","ping_status":"open","sticky":false,"template":"","format":"standard","meta":{"_monsterinsights_skip_tracking":false,"_monsterinsights_sitenote_active":false,"_monsterinsights_sitenote_note":"","_monsterinsights_sitenote_category":0,"footnotes":""},"categories":[104,49],"tags":[],"class_list":["post-230922","post","type-post","status-publish","format-standard","has-post-thumbnail","hentry","category-evidenza_3","category-news-18","category-104","category-49","description-off"],"img_url":"https:\/\/www.radiopiu.net\/wordpress\/wp-content\/uploads\/2020\/06\/ACC-MEL.png","_links":{"self":[{"href":"https:\/\/www.radiopiu.net\/wordpress\/wp-json\/wp\/v2\/posts\/230922","targetHints":{"allow":["GET"]}}],"collection":[{"href":"https:\/\/www.radiopiu.net\/wordpress\/wp-json\/wp\/v2\/posts"}],"about":[{"href":"https:\/\/www.radiopiu.net\/wordpress\/wp-json\/wp\/v2\/types\/post"}],"author":[{"embeddable":true,"href":"https:\/\/www.radiopiu.net\/wordpress\/wp-json\/wp\/v2\/users\/4"}],"replies":[{"embeddable":true,"href":"https:\/\/www.radiopiu.net\/wordpress\/wp-json\/wp\/v2\/comments?post=230922"}],"version-history":[{"count":0,"href":"https:\/\/www.radiopiu.net\/wordpress\/wp-json\/wp\/v2\/posts\/230922\/revisions"}],"wp:featuredmedia":[{"embeddable":true,"href":"https:\/\/www.radiopiu.net\/wordpress\/wp-json\/wp\/v2\/media\/145345"}],"wp:attachment":[{"href":"https:\/\/www.radiopiu.net\/wordpress\/wp-json\/wp\/v2\/media?parent=230922"}],"wp:term":[{"taxonomy":"category","embeddable":true,"href":"https:\/\/www.radiopiu.net\/wordpress\/wp-json\/wp\/v2\/categories?post=230922"},{"taxonomy":"post_tag","embeddable":true,"href":"https:\/\/www.radiopiu.net\/wordpress\/wp-json\/wp\/v2\/tags?post=230922"}],"curies":[{"name":"wp","href":"https:\/\/api.w.org\/{rel}","templated":true}]}}