{"id":230931,"date":"2021-09-13T14:22:57","date_gmt":"2021-09-13T12:22:57","guid":{"rendered":"https:\/\/www.radiopiu.net\/wordpress\/?p=230931"},"modified":"2021-09-14T05:42:54","modified_gmt":"2021-09-14T03:42:54","slug":"asasasasss","status":"publish","type":"post","link":"https:\/\/www.radiopiu.net\/wordpress\/asasasasss\/","title":{"rendered":"RITROVATO FEDERICO LUGATO TRA I MUGHI DEL SAN SEBASTIANO"},"content":{"rendered":"<p><strong>VAL DI ZOLDO<\/strong> E&#8217; stato ritrovato privo di vita Federico Lugato, il mestrino di 39 anni\u00a0 che 17 giorni fa aveva\u00a0 parcheggiato l&#8217;auto a Pralongo, per un giro ad anello nel Gruppo Tamer-San Sebastiano per poi far perdere le proprie tracce. Stamane attorno alle 12 il corpo dell&#8217;uomo \u00e8 stato ritrovato dal Soccorso Alpino nella zona alta del San Sebastiano, tra i mughi\u00a0 tra l&#8217;incrocio dei sentieri 536 e 524, ovvero tra Pian de le Mandre ed il Col de Michiel.\u00a0 Oltre 200 persone avevano cercato Federico nei giorni scorsi coinvolte nell&#8217;imponente operazione dalla moglie Elena.<\/p>\n<blockquote>\n<h3><em>la moglie su Istagran: \u00abHanno trovato Federico. Ce la faremo in qualche modo.\u00a0Anche grazie a voi\u00bb.<\/em><\/h3>\n<\/blockquote>\n<p><img decoding=\"async\" class=\"alignleft\" src=\"https:\/\/www.radiopiu.net\/wordpress\/wp-content\/uploads\/2021\/09\/th-2.jpg\" \/>Federico Lugato, 39 anni, impiegato, viveva a Nolo con la moglie Elena. Insieme stavano trascorrendo un periodo di ferie a casa di familiari, a Pralongo. La mattina di gioved\u00ec 26 agosto \u00e8 uscito con la sua auto verso le 8.30 per andare a fare una passeggiata. Ha detto che sarebbe tornato per pranzo, ma cos\u00ec non \u00e8 stato. L\u2019auto \u00e8 stata trovata parcheggiata a Pralongo, dove inizia l\u2019itinerario che voleva percorrere: un giro ad anello di una decina di chilometri conosciuto come il percorso Bivacco Baita-Angelini. Una passeggiata facile, in un bosco folto di pini, senza dirupi. Dalle 10:30 la moglie gli ha mandato dei messaggi che non risultano visualizzati. Verso le 17, preoccupata, ha lanciato l\u2019allarme, facendo partire le ricerche di Soccorso Alpino, Vigili del Fuoco, Guardia di Finanza e Unit\u00e0 Cinofila della Croce Rossa, oltre a una cinquantina di volontari. Aveva con s\u00e9 i documenti e il cellulare, che risultava spento.<\/p>\n<p>&nbsp;<\/p>\n<p><strong>DALLA PREFETTURA DI BELLUNO<\/strong> Nell\u2019ambito del monitoraggio dell\u2019area di ricerca\u00a0 stamane \u00e8 stata decisa una \u00a0ricognizione della zona da parte del Soccorso Alpino della Guardia di Finanza, con l\u2019ausilio di unit\u00e0 cinofile specializzate nella ricerca di corpi e tracce ematiche, come richiesto dallo stesso Prefetto nei giorni scorsi L\u2019attivit\u00e0 svolta \u2013 pianificata dal SAGF della Guardia di Finanza sulla base dell\u2019elaborazione dei tabulati relativi alle celle telefoniche sviluppata nel corso delle ricerche che hanno visto coinvolte tutte le componenti istituzionali del soccorso e della protezione civile \u2013\u00a0\u00a0 ha consentito di ritrovare, alle ore 12 di oggi, il corpo\u00a0 di Federico Lugato,\u00a0 in localit\u00e0 \u201cMonte San Sebastiano\u201d, a circa 100 metri dal sentiero segnalato, sotto ad una balza rocciosa in mezzo a fitta vegetazione. La salma \u00e8 stata successivamente recuperata dall\u2019eliambulanza del SUEM 118 e posta a disposizione dell\u2019Autorit\u00e0 Giudiziaria.<\/p>\n<p>&nbsp;<\/p>\n","protected":false},"excerpt":{"rendered":"<p>VAL DI ZOLDO E&#8217; stato ritrovato privo di vita Federico Lugato, il mestrino di 39 anni\u00a0 che 17 giorni fa aveva\u00a0 parcheggiato l&#8217;auto a Pralongo, per un giro ad anello nel Gruppo Tamer-San Sebastiano per poi far perdere le proprie tracce. Stamane attorno alle 12 il corpo dell&#8217;uomo \u00e8 stato ritrovato dal Soccorso Alpino nella&hellip;<\/p>\n","protected":false},"author":4,"featured_media":231955,"comment_status":"closed","ping_status":"open","sticky":false,"template":"","format":"standard","meta":{"_monsterinsights_skip_tracking":false,"_monsterinsights_sitenote_active":false,"_monsterinsights_sitenote_note":"","_monsterinsights_sitenote_category":0,"footnotes":""},"categories":[49],"tags":[],"class_list":["post-230931","post","type-post","status-publish","format-standard","has-post-thumbnail","hentry","category-news-18","category-49","description-off"],"img_url":"https:\/\/www.radiopiu.net\/wordpress\/wp-content\/uploads\/2021\/09\/th-2.jpg","_links":{"self":[{"href":"https:\/\/www.radiopiu.net\/wordpress\/wp-json\/wp\/v2\/posts\/230931","targetHints":{"allow":["GET"]}}],"collection":[{"href":"https:\/\/www.radiopiu.net\/wordpress\/wp-json\/wp\/v2\/posts"}],"about":[{"href":"https:\/\/www.radiopiu.net\/wordpress\/wp-json\/wp\/v2\/types\/post"}],"author":[{"embeddable":true,"href":"https:\/\/www.radiopiu.net\/wordpress\/wp-json\/wp\/v2\/users\/4"}],"replies":[{"embeddable":true,"href":"https:\/\/www.radiopiu.net\/wordpress\/wp-json\/wp\/v2\/comments?post=230931"}],"version-history":[{"count":0,"href":"https:\/\/www.radiopiu.net\/wordpress\/wp-json\/wp\/v2\/posts\/230931\/revisions"}],"wp:featuredmedia":[{"embeddable":true,"href":"https:\/\/www.radiopiu.net\/wordpress\/wp-json\/wp\/v2\/media\/231955"}],"wp:attachment":[{"href":"https:\/\/www.radiopiu.net\/wordpress\/wp-json\/wp\/v2\/media?parent=230931"}],"wp:term":[{"taxonomy":"category","embeddable":true,"href":"https:\/\/www.radiopiu.net\/wordpress\/wp-json\/wp\/v2\/categories?post=230931"},{"taxonomy":"post_tag","embeddable":true,"href":"https:\/\/www.radiopiu.net\/wordpress\/wp-json\/wp\/v2\/tags?post=230931"}],"curies":[{"name":"wp","href":"https:\/\/api.w.org\/{rel}","templated":true}]}}