{"id":230943,"date":"2021-09-05T10:42:08","date_gmt":"2021-09-05T08:42:08","guid":{"rendered":"https:\/\/www.radiopiu.net\/wordpress\/?p=230943"},"modified":"2021-09-05T10:42:09","modified_gmt":"2021-09-05T08:42:09","slug":"unagordina-nella-rubrica-di-concita-de-gregorio-su-la-repubblica","status":"publish","type":"post","link":"https:\/\/www.radiopiu.net\/wordpress\/unagordina-nella-rubrica-di-concita-de-gregorio-su-la-repubblica\/","title":{"rendered":"UN&#8217;AGORDINA NELLA RUBRICA DI CONCITA DE GREGORIO SU LA REPUBBLICA"},"content":{"rendered":"<p><a href=\"https:\/\/www.radiopiu.net\/wordpress\/unagordina-nella-rubrica-di-concita-de-gregorio-su-la-repubblica\/alice-5\/\" rel=\"attachment wp-att-230945\"><img loading=\"lazy\" decoding=\"async\" class=\" wp-image-230945 alignleft\" src=\"https:\/\/www.radiopiu.net\/wordpress\/wp-content\/uploads\/2021\/09\/alice-300x239.jpg\" alt=\"\" width=\"179\" height=\"143\" srcset=\"https:\/\/www.radiopiu.net\/wordpress\/wp-content\/uploads\/2021\/09\/alice-300x239.jpg 300w, https:\/\/www.radiopiu.net\/wordpress\/wp-content\/uploads\/2021\/09\/alice-768x613.jpg 768w, https:\/\/www.radiopiu.net\/wordpress\/wp-content\/uploads\/2021\/09\/alice.jpg 929w\" sizes=\"auto, (max-width: 179px) 100vw, 179px\" \/><\/a>Lo scorso 2 settembre sulla rubrica di Concita De Gregorio sul sito del quotidiano &#8220;La Repubblica&#8221; \u00e8 apparsa una lettera di una giovane agordina. Lei \u00e8 Alice De Zordo che nei giorni scorsi ha scritto alla giornalista parlando di Gino Strada. La lettera \u00e8 stata pubblicata sul sito del quotidiano con grande soddisfazione della giovane oltre che dei genitori.<\/p>\n<p><strong>PER LEGGERE L&#8217;ARTICOLO <a href=\"https:\/\/invececoncita.blogautore.repubblica.it\/lettere\/2021\/09\/02\/ricordatevi-di-gino-strada\/\">CLICCA QUI<\/a><\/strong><\/p>\n<p>&nbsp;<\/p>\n<p>&nbsp;<\/p>\n<p>&nbsp;<\/p>\n<p>*****<\/p>\n","protected":false},"excerpt":{"rendered":"<p>Lo scorso 2 settembre sulla rubrica di Concita De Gregorio sul sito del quotidiano &#8220;La Repubblica&#8221; \u00e8 apparsa una lettera di una giovane agordina. Lei \u00e8 Alice De Zordo che nei giorni scorsi ha scritto alla giornalista parlando di Gino Strada. La lettera \u00e8 stata pubblicata sul sito del quotidiano con grande soddisfazione della giovane&hellip;<\/p>\n","protected":false},"author":4,"featured_media":230945,"comment_status":"closed","ping_status":"open","sticky":false,"template":"","format":"standard","meta":{"_monsterinsights_skip_tracking":false,"_monsterinsights_sitenote_active":false,"_monsterinsights_sitenote_note":"","_monsterinsights_sitenote_category":0,"footnotes":""},"categories":[49],"tags":[],"class_list":["post-230943","post","type-post","status-publish","format-standard","has-post-thumbnail","hentry","category-news-18","category-49","description-off"],"img_url":"https:\/\/www.radiopiu.net\/wordpress\/wp-content\/uploads\/2021\/09\/alice.jpg","_links":{"self":[{"href":"https:\/\/www.radiopiu.net\/wordpress\/wp-json\/wp\/v2\/posts\/230943","targetHints":{"allow":["GET"]}}],"collection":[{"href":"https:\/\/www.radiopiu.net\/wordpress\/wp-json\/wp\/v2\/posts"}],"about":[{"href":"https:\/\/www.radiopiu.net\/wordpress\/wp-json\/wp\/v2\/types\/post"}],"author":[{"embeddable":true,"href":"https:\/\/www.radiopiu.net\/wordpress\/wp-json\/wp\/v2\/users\/4"}],"replies":[{"embeddable":true,"href":"https:\/\/www.radiopiu.net\/wordpress\/wp-json\/wp\/v2\/comments?post=230943"}],"version-history":[{"count":0,"href":"https:\/\/www.radiopiu.net\/wordpress\/wp-json\/wp\/v2\/posts\/230943\/revisions"}],"wp:featuredmedia":[{"embeddable":true,"href":"https:\/\/www.radiopiu.net\/wordpress\/wp-json\/wp\/v2\/media\/230945"}],"wp:attachment":[{"href":"https:\/\/www.radiopiu.net\/wordpress\/wp-json\/wp\/v2\/media?parent=230943"}],"wp:term":[{"taxonomy":"category","embeddable":true,"href":"https:\/\/www.radiopiu.net\/wordpress\/wp-json\/wp\/v2\/categories?post=230943"},{"taxonomy":"post_tag","embeddable":true,"href":"https:\/\/www.radiopiu.net\/wordpress\/wp-json\/wp\/v2\/tags?post=230943"}],"curies":[{"name":"wp","href":"https:\/\/api.w.org\/{rel}","templated":true}]}}