{"id":231010,"date":"2021-09-05T18:18:41","date_gmt":"2021-09-05T16:18:41","guid":{"rendered":"https:\/\/www.radiopiu.net\/wordpress\/?p=231010"},"modified":"2021-09-05T18:18:41","modified_gmt":"2021-09-05T16:18:41","slug":"continuano-senza-esito-le-ricerche-di-federico-lungato","status":"publish","type":"post","link":"https:\/\/www.radiopiu.net\/wordpress\/continuano-senza-esito-le-ricerche-di-federico-lungato\/","title":{"rendered":"CONTINUANO SENZA ESITO LE RICERCHE DI FEDERICO LUNGATO"},"content":{"rendered":"<p><strong><a href=\"https:\/\/www.radiopiu.net\/wordpress\/giornata-impegnativa-per-il-soccorso-alpino-tra-cortina-e-cadore\/salt_20210825_181117_945\/\" rel=\"attachment wp-att-229594\"><img loading=\"lazy\" decoding=\"async\" class=\"size-medium wp-image-229594 alignleft\" src=\"https:\/\/www.radiopiu.net\/wordpress\/wp-content\/uploads\/2021\/08\/salt_20210825_181117_945-300x225.jpg\" alt=\"\" width=\"300\" height=\"225\" srcset=\"https:\/\/www.radiopiu.net\/wordpress\/wp-content\/uploads\/2021\/08\/salt_20210825_181117_945-300x225.jpg 300w, https:\/\/www.radiopiu.net\/wordpress\/wp-content\/uploads\/2021\/08\/salt_20210825_181117_945-1024x768.jpg 1024w, https:\/\/www.radiopiu.net\/wordpress\/wp-content\/uploads\/2021\/08\/salt_20210825_181117_945-768x576.jpg 768w, https:\/\/www.radiopiu.net\/wordpress\/wp-content\/uploads\/2021\/08\/salt_20210825_181117_945-1536x1152.jpg 1536w, https:\/\/www.radiopiu.net\/wordpress\/wp-content\/uploads\/2021\/08\/salt_20210825_181117_945-2048x1536.jpg 2048w\" sizes=\"auto, (max-width: 300px) 100vw, 300px\" \/><\/a>VAL DI ZOLDO<\/strong> Le ricerche odierne si chiudono senza che alcun nuovo elemento utile possa aiutare a far luce sulla scomparsa di Federico Lugato, l&#8217;escursionista di 39 anni partito la mattina del 26 agosto per un giro ad anello nel Gruppo del Tamer-San Sebastiano e mai pi\u00f9 rientrato. Una sessantina di persone, tra Soccorso alpino, Guardia di finanza, Vigili del fuoco, Carabinieri forestali e Protezione civile con diverse unit\u00e0 cinofile, si sono ridistribuire su alcune aree gi\u00e0 percorse, per sopralluoghi ancora pi\u00f9 dettagliati, in Val Prampera, nella piana sotto il Petorgnon, dove l&#8217;intrico di mughi rende difficili gli spostamenti e dove sono stati controllati anfratti e cavit\u00e0. Ripassata anche l&#8217;area della Croda Daerta. Non si sono registrate altre segnalazioni, n\u00e9 raccolte informazioni aggiuntive. Anche oggi erano inoltre presenti diverse decine di volontari privati, arrivati a seguito degli appelli della moglie di Federico.<\/p>\n<p>&nbsp;<\/p>\n<p>&nbsp;<\/p>\n<p>&nbsp;<\/p>\n<p>*****<\/p>\n","protected":false},"excerpt":{"rendered":"<p>VAL DI ZOLDO Le ricerche odierne si chiudono senza che alcun nuovo elemento utile possa aiutare a far luce sulla scomparsa di Federico Lugato, l&#8217;escursionista di 39 anni partito la mattina del 26 agosto per un giro ad anello nel Gruppo del Tamer-San Sebastiano e mai pi\u00f9 rientrato. Una sessantina di persone, tra Soccorso alpino,&hellip;<\/p>\n","protected":false},"author":4,"featured_media":229594,"comment_status":"closed","ping_status":"open","sticky":false,"template":"","format":"standard","meta":{"_monsterinsights_skip_tracking":false,"_monsterinsights_sitenote_active":false,"_monsterinsights_sitenote_note":"","_monsterinsights_sitenote_category":0,"footnotes":""},"categories":[51,49],"tags":[],"class_list":["post-231010","post","type-post","status-publish","format-standard","has-post-thumbnail","hentry","category-evidenza-top","category-news-18","category-51","category-49","description-off"],"img_url":"https:\/\/www.radiopiu.net\/wordpress\/wp-content\/uploads\/2021\/08\/salt_20210825_181117_945.jpg","_links":{"self":[{"href":"https:\/\/www.radiopiu.net\/wordpress\/wp-json\/wp\/v2\/posts\/231010","targetHints":{"allow":["GET"]}}],"collection":[{"href":"https:\/\/www.radiopiu.net\/wordpress\/wp-json\/wp\/v2\/posts"}],"about":[{"href":"https:\/\/www.radiopiu.net\/wordpress\/wp-json\/wp\/v2\/types\/post"}],"author":[{"embeddable":true,"href":"https:\/\/www.radiopiu.net\/wordpress\/wp-json\/wp\/v2\/users\/4"}],"replies":[{"embeddable":true,"href":"https:\/\/www.radiopiu.net\/wordpress\/wp-json\/wp\/v2\/comments?post=231010"}],"version-history":[{"count":0,"href":"https:\/\/www.radiopiu.net\/wordpress\/wp-json\/wp\/v2\/posts\/231010\/revisions"}],"wp:featuredmedia":[{"embeddable":true,"href":"https:\/\/www.radiopiu.net\/wordpress\/wp-json\/wp\/v2\/media\/229594"}],"wp:attachment":[{"href":"https:\/\/www.radiopiu.net\/wordpress\/wp-json\/wp\/v2\/media?parent=231010"}],"wp:term":[{"taxonomy":"category","embeddable":true,"href":"https:\/\/www.radiopiu.net\/wordpress\/wp-json\/wp\/v2\/categories?post=231010"},{"taxonomy":"post_tag","embeddable":true,"href":"https:\/\/www.radiopiu.net\/wordpress\/wp-json\/wp\/v2\/tags?post=231010"}],"curies":[{"name":"wp","href":"https:\/\/api.w.org\/{rel}","templated":true}]}}