{"id":231055,"date":"2021-09-06T10:18:54","date_gmt":"2021-09-06T08:18:54","guid":{"rendered":"https:\/\/www.radiopiu.net\/wordpress\/?p=231055"},"modified":"2021-09-06T10:18:54","modified_gmt":"2021-09-06T08:18:54","slug":"longarone-si-cerca-un-torrentista-lungo-il-mae","status":"publish","type":"post","link":"https:\/\/www.radiopiu.net\/wordpress\/longarone-si-cerca-un-torrentista-lungo-il-mae\/","title":{"rendered":"LONGARONE &#8211; SI CERCA UN TORRENTISTA LUNGO IL MA\u00c8"},"content":{"rendered":"<p>Sono in corso da ieri le ricerche di G.S., un quarantenne di Val di Zoldo (BL), partito da casa sua ieri attorno alle 7.30 con l&#8217;attrezzatura da canyoning, per scendere il tratto della gola del torrente Ma\u00e8 che fa da Soffranco a Pirago. L&#8217;uomo, dopo aver gi\u00e0 percorso la parte bassa della forra, voleva infatti completare la parte a monte. Dopo averlo atteso invano, un amico ha lanciato l&#8217;allarme attorno alle 18. Rinvenuta la sua auto parcheggiata a Soffranco e non potendo avere riscontri di telefonia &#8211; l&#8217;uomo \u00e8 partito con il cellulare spento nel contenitore a tenuta stagna che aveva con s\u00e9, dato che all&#8217;interno della forra non c&#8217;\u00e8 copertura &#8211; l&#8217;asta del torrente \u00e8 stata divisa a zone. Il Soccorso alpino di Longarone ha perlustrato i punti visibili dall&#8217;alto, il Gruppo forre del Soccorso alpino e speleologico Veneto ha controllato il tratto da Pirago verso il Piave, i Vigili del fuoco hanno fatto da Soffranco verso la confluenza del Grisol, da Pirago a Igne e da Igne in gi\u00f9. Mancava una porzione intermedia di oltre un chilometro pi\u00f9 difficile per la presenza di schianti e accumuli di materiale. Verso le 22.30 il Gruppo forre forre \u00e8 stato accompagnato dalla squadra alpina lungo un ripido sentiero intermedio fino alla partenza in acqua e i soccorrirori sono riusciti a percorrerne una parte per uscire alle 2.30 risalendo lungo le corde lasciate dai Vigili pi\u00f9 a valle. Alle 7 \u00e8 iniziata la perlustrazione con i droni della Guardia di finanza, cui si uniranno quelli del Soccorso alpino. Si ripartir\u00e0 con il controllo del sentiero di accesso, Gruppo forre e Vigili del fuoco scenderanno nella gola nel tratto pi\u00f9 ostico che si sviluppa per circa un chilometro e mezzo.<\/p>\n","protected":false},"excerpt":{"rendered":"<p>Sono in corso da ieri le ricerche di G.S., un quarantenne di Val di Zoldo (BL), partito da casa sua ieri attorno alle 7.30 con l&#8217;attrezzatura da canyoning, per scendere il tratto della gola del torrente Ma\u00e8 che fa da Soffranco a Pirago. L&#8217;uomo, dopo aver gi\u00e0 percorso la parte bassa della forra, voleva infatti&hellip;<\/p>\n","protected":false},"author":2,"featured_media":74737,"comment_status":"closed","ping_status":"open","sticky":false,"template":"","format":"standard","meta":{"_monsterinsights_skip_tracking":false,"_monsterinsights_sitenote_active":false,"_monsterinsights_sitenote_note":"","_monsterinsights_sitenote_category":0,"footnotes":""},"categories":[49],"tags":[],"class_list":["post-231055","post","type-post","status-publish","format-standard","has-post-thumbnail","hentry","category-news-18","category-49","description-off"],"img_url":"https:\/\/www.radiopiu.net\/wordpress\/wp-content\/uploads\/2019\/01\/IMG-20190104-WA0012.jpg","_links":{"self":[{"href":"https:\/\/www.radiopiu.net\/wordpress\/wp-json\/wp\/v2\/posts\/231055","targetHints":{"allow":["GET"]}}],"collection":[{"href":"https:\/\/www.radiopiu.net\/wordpress\/wp-json\/wp\/v2\/posts"}],"about":[{"href":"https:\/\/www.radiopiu.net\/wordpress\/wp-json\/wp\/v2\/types\/post"}],"author":[{"embeddable":true,"href":"https:\/\/www.radiopiu.net\/wordpress\/wp-json\/wp\/v2\/users\/2"}],"replies":[{"embeddable":true,"href":"https:\/\/www.radiopiu.net\/wordpress\/wp-json\/wp\/v2\/comments?post=231055"}],"version-history":[{"count":0,"href":"https:\/\/www.radiopiu.net\/wordpress\/wp-json\/wp\/v2\/posts\/231055\/revisions"}],"wp:featuredmedia":[{"embeddable":true,"href":"https:\/\/www.radiopiu.net\/wordpress\/wp-json\/wp\/v2\/media\/74737"}],"wp:attachment":[{"href":"https:\/\/www.radiopiu.net\/wordpress\/wp-json\/wp\/v2\/media?parent=231055"}],"wp:term":[{"taxonomy":"category","embeddable":true,"href":"https:\/\/www.radiopiu.net\/wordpress\/wp-json\/wp\/v2\/categories?post=231055"},{"taxonomy":"post_tag","embeddable":true,"href":"https:\/\/www.radiopiu.net\/wordpress\/wp-json\/wp\/v2\/tags?post=231055"}],"curies":[{"name":"wp","href":"https:\/\/api.w.org\/{rel}","templated":true}]}}