{"id":231078,"date":"2021-09-07T06:00:53","date_gmt":"2021-09-07T04:00:53","guid":{"rendered":"https:\/\/www.radiopiu.net\/wordpress\/?p=231078"},"modified":"2021-09-07T09:39:20","modified_gmt":"2021-09-07T07:39:20","slug":"giornale-radiopiu-07-settembre-2021-direttore-mirko-mezzacasa","status":"publish","type":"post","link":"https:\/\/www.radiopiu.net\/wordpress\/giornale-radiopiu-07-settembre-2021-direttore-mirko-mezzacasa\/","title":{"rendered":"GIORNALE RADIOPIU 07 SETTEMBRE 2021 DIRETTORE MIRKO MEZZACASA"},"content":{"rendered":"<blockquote>\n<h3>COMPRIAMO UNA MACCHINA ATTREZZATA PER RICCARDO<\/h3>\n<\/blockquote>\n<p><strong><a href=\"https:\/\/www.radiopiu.net\/wordpress\/compriamo-una-macchina-attrezzata-per-riccardo\/1626340291137881-img-20210714-wa0025\/\" rel=\"attachment wp-att-224370\"><img loading=\"lazy\" decoding=\"async\" class=\"size-medium wp-image-224370 alignleft\" src=\"https:\/\/www.radiopiu.net\/wordpress\/wp-content\/uploads\/2021\/07\/1626340291137881-IMG-20210714-WA0025-169x300.jpg\" sizes=\"auto, (max-width: 169px) 100vw, 169px\" srcset=\"https:\/\/www.radiopiu.net\/wordpress\/wp-content\/uploads\/2021\/07\/1626340291137881-IMG-20210714-WA0025-169x300.jpg 169w, https:\/\/www.radiopiu.net\/wordpress\/wp-content\/uploads\/2021\/07\/1626340291137881-IMG-20210714-WA0025-576x1024.jpg 576w, https:\/\/www.radiopiu.net\/wordpress\/wp-content\/uploads\/2021\/07\/1626340291137881-IMG-20210714-WA0025-768x1365.jpg 768w, https:\/\/www.radiopiu.net\/wordpress\/wp-content\/uploads\/2021\/07\/1626340291137881-IMG-20210714-WA0025.jpg 800w\" alt=\"\" width=\"169\" height=\"300\" \/><\/a>SOSPIROLO<\/strong>\u00a0Radio Pi\u00f9 appoggia l\u2019iniziativa di\u00a0 Agostino Tegner il pap\u00e0 di Riccardo, poche parole le sue ma piene di significato<em>\u00a0\u201cIo e mia moglie stiamo invecchiando e non riusciamo pi\u00f9\u00a0<img loading=\"lazy\" decoding=\"async\" class=\"alignright\" src=\"https:\/\/www.radiopiu.net\/wordpress\/wp-content\/uploads\/2021\/07\/1626451699105964-locandina-riccardo.jpg\" width=\"297\" height=\"167\" \/>a trasportare come si deve il nostro ragazzo, che necessita di una macchina attrezzata con un piano ribassato con pedana\u201d.<\/em><\/p>\n<p>Per questo ha avuto inizio la raccolta fondi che si prefigge lo scopo di raccogliere 35.000 euro entro fine agosto. Ad oggi sono stati versati i primi <span style=\"color: #ff0000;\">21.825<\/span>\u00a0euro, per farlo \u00e8 semplice\u00a0<strong><a href=\"https:\/\/www.eppela.com\/it\/projects\/31001-compriamo-una-macchina-attrezzata-per-riccardo\">clicca qui\u00a0<\/a><\/strong><\/p>\n<blockquote><p><em>Riccardo \u00e8 un simpatico ragazzino di 15 anni che vive sulle montagne di Sospirolo. Sempre sorridente e circondato dall\u2019affetto dei suoi cari, Riccardo \u00e8 per\u00f2 costretto a stare sulla sedia a rotelle a causa della distrofia muscolare di Duchenne, di cui \u00e8 affetto dalla nascita.\u00a0 I genitori, dopo anni di sacrifici, hanno deciso di acquistare un\u2019auto munita di pedana per poter trasportare il figlio in modo pi\u00f9 comodo, pratico e sicuro, soprattutto adesso che sta crescendo e il peso \u2013 per i due genitori che stanno diventando anziani \u2013 si fa sempre pi\u00f9 sentire.\u00a0<\/em><\/p><\/blockquote>\n<p>&nbsp;<\/p>\n<h3><strong>NEI GIORNI SCORSI ERA PRESENTE UN IBAN SU CUI FARE LE DONAZIONI. SIAMO STATI CONTATTATI DA EPPELA, IL SITO CHE GESTISCE LA RACCOLTA FONDI, CHE GENTILMENTE HA CHIESTO DI TOGLIERLO PERCHE&#8217; IL SISTEMA NON RICEVEVA PIU&#8217; DONAZIONI VISTO CHE L&#8217;IBAN ERA PROVVISORIO. I SOLDI DONATI NON SONO ANDATI PERSI MA VERRANNO ACCREDITATI DIRETTAMENTE SUL CONTO CORRENTE DI DELLA FAMIGLIA DI RICCARDO. LA CIFRA DA AGGIUNGERE ALLE DONAZIONI ONLINE E&#8217; DI 1670 EURO. GRAZIE PER LE DONAZIONI A QUESTA INIZIATIVA. <\/strong><\/h3>\n<h3 style=\"text-align: center;\"><span style=\"color: #ff0000;\"><strong>CHI VOLESSE FARE UNA DONAZIONE DIRETTAMENTE ALLA FAMIGLIA DI RICCARDO LO PUO&#8217; FARE SU QUESTO IBAN INTESTATO ALLA MAMMA ANA MARIA STOIAN: <\/strong><\/span><\/h3>\n<h3 style=\"text-align: center;\"><span style=\"color: #ff0000;\"><strong>IT40N0760111900000003558144<\/strong><\/span><\/h3>\n<p>&nbsp;<\/p>\n<p>&nbsp;<\/p>\n<hr \/>\n<p>&nbsp;<\/p>\n<blockquote>\n<h3>I PROSSIMI APPUNTAMENTI PER LE VACCINAZIONI AD ACCESSO LIBERO<\/h3>\n<\/blockquote>\n<p>Per facilitare l\u2019adesione alla vaccinazione anti covid, l\u2019ulss Dolomiti ha organizzato delle sedute straordinarie ad <b>accesso libero<\/b> per tutte persone con pi\u00f9 di 12 anni. I prossimi appuntamenti in zona Sedico e Agordino sono: <b>FALCADE<\/b> <span style=\"font-family: Arial;\">scuole elementari &#8211; <\/span><span style=\"font-family: Arial;\">marted\u00ec 7 settembre 2021<\/span> <span style=\"font-family: Arial;\">14:30-18:00, <\/span><b>ALLEGHE<\/b> <span style=\"font-family: Arial;\">sala Franceschini dello Stadio del Ghiaccio di Alleghe <\/span><span style=\"font-family: Arial;\">venerd\u00ec 10 settembre 2021 14:30-18:00 <\/span>Inoltre, nel mese di settembre, tutti i gioved\u00ec sera il drive in vaccinale di Paludi sar\u00e0 attivo dalle 18.30 alle 22.00, tutti i marted\u00ec sera sar\u00e0 possibile vaccinarsi al Centro Prelievi dell\u2019ospedale di Feltre dalle 18 alle 20 (per info 0439\/883709). Portare con s\u00e9 la tessera sanitaria<\/p>\n<p>&nbsp;<\/p>\n<h2 style=\"text-align: center;\"><span style=\"color: #ff0000;\">GLI ORARI E I NUOVI COVID POINT A PARTIRE DA OGGI<\/span><\/h2>\n<p><a href=\"https:\/\/www.radiopiu.net\/wordpress\/giornale-radiopiu-01-settembre-2021-direttore-mirko-mezzacasa\/covid-point-settembre\/\" rel=\"attachment wp-att-230373\"><img loading=\"lazy\" decoding=\"async\" class=\"aligncenter wp-image-230373 size-full\" src=\"https:\/\/www.radiopiu.net\/wordpress\/wp-content\/uploads\/2021\/08\/covid-point-settembre.png\" alt=\"\" width=\"940\" height=\"788\" srcset=\"https:\/\/www.radiopiu.net\/wordpress\/wp-content\/uploads\/2021\/08\/covid-point-settembre.png 940w, https:\/\/www.radiopiu.net\/wordpress\/wp-content\/uploads\/2021\/08\/covid-point-settembre-300x251.png 300w, https:\/\/www.radiopiu.net\/wordpress\/wp-content\/uploads\/2021\/08\/covid-point-settembre-768x644.png 768w\" sizes=\"auto, (max-width: 940px) 100vw, 940px\" \/><\/a><\/p>\n<p>&nbsp;<\/p>\n<hr \/>\n<p>&nbsp;<\/p>\n<p><a href=\"https:\/\/www.radiopiu.net\/wordpress\/acqua-di-nuovo-potabile-a-gosaldo\/bicchiere-acqua\/\" rel=\"attachment wp-att-197762\"><img loading=\"lazy\" decoding=\"async\" class=\"size-medium wp-image-197762 alignleft\" src=\"https:\/\/www.radiopiu.net\/wordpress\/wp-content\/uploads\/2021\/03\/BICCHIERE-ACQUA-300x200.jpg\" alt=\"\" width=\"300\" height=\"200\" srcset=\"https:\/\/www.radiopiu.net\/wordpress\/wp-content\/uploads\/2021\/03\/BICCHIERE-ACQUA-300x200.jpg 300w, https:\/\/www.radiopiu.net\/wordpress\/wp-content\/uploads\/2021\/03\/BICCHIERE-ACQUA-1024x683.jpg 1024w, https:\/\/www.radiopiu.net\/wordpress\/wp-content\/uploads\/2021\/03\/BICCHIERE-ACQUA-768x512.jpg 768w, https:\/\/www.radiopiu.net\/wordpress\/wp-content\/uploads\/2021\/03\/BICCHIERE-ACQUA-1536x1024.jpg 1536w, https:\/\/www.radiopiu.net\/wordpress\/wp-content\/uploads\/2021\/03\/BICCHIERE-ACQUA.jpg 1920w\" sizes=\"auto, (max-width: 300px) 100vw, 300px\" \/><\/a><\/p>\n<p>&nbsp;<\/p>\n<p>&nbsp;<\/p>\n<p>Gestione Servizi Pubblici informa che a LIVINALLONGO nelle localit\u00e0 AL FAURO, CREPAZ, RENAZ, RUAZ, PEZZEI, S.GIOVANNI e FOSSAL, l&#8217;acqua erogata dall&#8217;acquedotto \u00e8 di nuovo potabile e pu\u00f2 essere usata, quindi, per scopi alimentari.<\/p>\n<p>&nbsp;<\/p>\n<p>&nbsp;<\/p>\n<p>&nbsp;<\/p>\n<p>&nbsp;<\/p>\n<hr \/>\n<p>&nbsp;<\/p>\n<blockquote>\n<h3>I CANTIERI SULLE STRADE DELLA PROVINCIA<\/h3>\n<\/blockquote>\n<p><strong>SR 48 DELLE DOLOMITI\u00a0<\/strong>fino al 31 ottobre, esclusi sabato e domenica, senso unico alternato regolato da semaforo per posa cavidotto<\/p>\n<p><strong>SP 347 PASSO CEREDA E DURAN\u00a0<\/strong>in comune di Gosaldo fino al 30 settembre senso unico alternato regolato da semaforo per posa cavidotto<\/p>\n<p><strong>SP 346 PASSO SAN PELLEGRINO<\/strong> in localit\u00e0 La Mora di Canale D\u2019Agordo senso unico alternato regolato da semaforo fino al 15 ottobre per messa in sicurezza della strada<\/p>\n<p><strong>SP 251 VAL DI ZOLDO E CELLINA<\/strong> senso unico alternato regolato da semaforo in comune di Colle Santa Lucia fino al 1 ottobre per messa in sicurezza piano viabile<\/p>\n<p><strong>SP 3 VALLE IMPERINA <\/strong>fino al 10 settembre, esclusi sabato e domenica, senso unico alternato a Rivamonte per interramento linea elettrica<\/p>\n<p><strong>SR 48 DELLE DOLOMITI\u00a0<\/strong>fino al 30 settembre senso unico alternato con semaforo ad Arabba per messa in sicurezza del piano viabile<\/p>\n<p><strong>SP 3 VALLE IMPERINA<\/strong> fino al 30 settembre, esclusi sabato e domenica, senso unico alternato regolato da movieri con interruzioni della durata massima di 20 minuti in comune di Gosaldo per asfaltatura<\/p>\n<p><strong>SR 203 AGORDINA<\/strong> senso unico alternato regolato da movieri in comune di San Tomaso dal 6 al 20 settembre per lavori di esbosco<\/p>\n<p>&nbsp;<\/p>\n<p>&nbsp;<\/p>\n<hr \/>\n<p>&nbsp;<\/p>\n<blockquote>\n<h3>E&#8217; VIVO GIACOMO, SCOMPARSO DA IERI NEL TORRENTE MAE&#8217;<\/h3>\n<\/blockquote>\n<p><strong><a href=\"https:\/\/www.radiopiu.net\/wordpress\/e-vivo-giacomo-scomparso-da-ieri-nel-torrente-mae\/salt_20210906_075108_604\/\" rel=\"attachment wp-att-231107\"><img loading=\"lazy\" decoding=\"async\" class=\"size-medium wp-image-231107 alignleft\" src=\"https:\/\/www.radiopiu.net\/wordpress\/wp-content\/uploads\/2021\/09\/salt_20210906_075108_604-225x300.jpg\" alt=\"\" width=\"225\" height=\"300\" srcset=\"https:\/\/www.radiopiu.net\/wordpress\/wp-content\/uploads\/2021\/09\/salt_20210906_075108_604-225x300.jpg 225w, https:\/\/www.radiopiu.net\/wordpress\/wp-content\/uploads\/2021\/09\/salt_20210906_075108_604-768x1024.jpg 768w, https:\/\/www.radiopiu.net\/wordpress\/wp-content\/uploads\/2021\/09\/salt_20210906_075108_604-1152x1536.jpg 1152w, https:\/\/www.radiopiu.net\/wordpress\/wp-content\/uploads\/2021\/09\/salt_20210906_075108_604-1536x2048.jpg 1536w, https:\/\/www.radiopiu.net\/wordpress\/wp-content\/uploads\/2021\/09\/salt_20210906_075108_604.jpg 1773w\" sizes=\"auto, (max-width: 225px) 100vw, 225px\" \/><\/a>LONGARONE <\/strong>\u00c8 vivo Giacomo, 43 anni, di Val di Zoldo, l&#8217;uomo per la cui scomparsa durante la discesa del torrente Ma\u00e8, erano scattate ieri le ricerche da parte di Soccorso alpino, Vigili del fuoco, Guardia di finanza e Carabinieri forestali. Una vicenda incredibile, che si \u00e8 risolta nel migliore dei modi, quando si pensava che legato alla corda sotto la pressione dell&#8217;acqua non potesse che trovarsi il corpo senza vita dell&#8217;uomo. Questa mattina verso le 10, la squadra del Gruppo forre del Soccorso alpino e speleologico Veneto aveva trovato le corde che scendevano bloccate in una pozza inavvicinabile per la forza della corrente. Quando i soccorritori avevano cercato di tirarle, queste si erano sganciate dall&#8217;imbrago, costringendoli ad organizzarsi per affrontare un recupero assai rischioso e forse impossibile con quella portata in quattro metri cubi d&#8217;acqua. La squadra si era quindi attrezzata con un arpione lungo sei metri, per tentare di sondare la vasca, mentre si procedeva con la richiesta della chiusura quasi totale del minimo deflusso vitale della diga di Pontesei a monte. Nel momento in cui uno dei soccorritori si era avvicinato al flusso con una frontale per provare a guardare al di l\u00e0 della cascata, si era intravisto un piede e poi il volto dell&#8217;uomo. Era vivo, lasciando commossi tutti. Giacomo si era calato dalla cascata ieri verso le 10. Trascinato verso il basso dal flusso, era riuscito ad agganciarsi con una mano alla roccia ed era stato spinto dalla corrente all&#8217;interno di una grotta di un paio di metri, dove si trovava da ieri mattina. Quando si era sentito tirare, aveva sganciato lui le corde pensando potessero servire e si era avvicinato alla cascata, nel preciso istante in cui un soccorritore stava guardando nella sua direzione, solo perch\u00e9 era convinto di aver visto uno zaino. I soccorritori sono quindi riusciti a passargli una corda, con la quale si \u00e8 assicurato all&#8217;imbrago e, con tutte le forze in loro possesso, lo hanno trascinato oltre il flusso della cascata e fuori dalla corrente della pozza. Recuperato con verricello dall&#8217;elicottero del Suem di Pieve di Cadore, Giacomo \u00e8 stato trasportato all&#8217;ospedale di Belluno per i dovuti accertamenti. L&#8217;elicottero ha poi provveduto a recuperare anche la squadra. Ci dispiace aver contribuito a diffondere la triste notizia iniziale, ma non avremo mai potuto sperare in questo esito straordinario.<\/p>\n<div style=\"width: 848px;\" class=\"wp-video\"><video class=\"wp-video-shortcode\" id=\"video-231078-1\" width=\"848\" height=\"480\" preload=\"metadata\" controls=\"controls\"><source type=\"video\/mp4\" src=\"https:\/\/www.radiopiu.net\/wordpress\/wp-content\/uploads\/2021\/09\/WhatsApp-Video-2021-09-06-at-16.13.59.mp4?_=1\" \/><a href=\"https:\/\/www.radiopiu.net\/wordpress\/wp-content\/uploads\/2021\/09\/WhatsApp-Video-2021-09-06-at-16.13.59.mp4\">https:\/\/www.radiopiu.net\/wordpress\/wp-content\/uploads\/2021\/09\/WhatsApp-Video-2021-09-06-at-16.13.59.mp4<\/a><\/video><\/div>\n<p>&nbsp;<\/p>\n<p>&nbsp;<\/p>\n<p>&nbsp;<\/p>\n<hr \/>\n<p>&nbsp;<\/p>\n<blockquote>\n<h3>SOSPESE LE RICERCHE DI FEDERICO LUGATO IN VAL DI ZOLDO<\/h3>\n<\/blockquote>\n<p><strong><a href=\"https:\/\/www.radiopiu.net\/wordpress\/sospese-le-ricerche-di-federico-lugato-in-val-di-zoldo\/salt_20210904_182828_871\/\" rel=\"attachment wp-att-231136\"><img loading=\"lazy\" decoding=\"async\" class=\"size-medium wp-image-231136 alignleft\" src=\"https:\/\/www.radiopiu.net\/wordpress\/wp-content\/uploads\/2021\/09\/salt_20210904_182828_871-300x225.jpg\" alt=\"\" width=\"300\" height=\"225\" srcset=\"https:\/\/www.radiopiu.net\/wordpress\/wp-content\/uploads\/2021\/09\/salt_20210904_182828_871-300x225.jpg 300w, https:\/\/www.radiopiu.net\/wordpress\/wp-content\/uploads\/2021\/09\/salt_20210904_182828_871-1024x768.jpg 1024w, https:\/\/www.radiopiu.net\/wordpress\/wp-content\/uploads\/2021\/09\/salt_20210904_182828_871-768x576.jpg 768w, https:\/\/www.radiopiu.net\/wordpress\/wp-content\/uploads\/2021\/09\/salt_20210904_182828_871-1536x1152.jpg 1536w, https:\/\/www.radiopiu.net\/wordpress\/wp-content\/uploads\/2021\/09\/salt_20210904_182828_871-2048x1536.jpg 2048w\" sizes=\"auto, (max-width: 300px) 100vw, 300px\" \/><\/a>BELLUNO <\/strong>Si \u00e8 tenuta ieri pomeriggio una riunione della &#8221; Unit\u00e0 di ricerca&#8221; istituita secondo le previsioni del locale Piano provinciale per la ricerca delle persone scomparse, con lo scopo di esaminare congiuntamente le attivit\u00e0 poste in essere dai vari attori istituzionali coinvolti nelle ricerche di Federico Lugato, allontanatosi per un&#8217;escursione in Val di Zoldo nella giornata del 26 agosto scorso e del quale non si hanno pi\u00f9 notizie. All&#8217;incontro, presieduto dal Prefetto, Mariano Savastano, erano presenti il Sindaco del Comune di Val di Zoldo, il Consigliere Provinciale con delega alla Protezione Civile, il Questore, i rappresentanti del Comando Provinciale dei Carabinieri e della Guardia di Finanza, il Comandante Provinciale dei Vigili del Fuoco e\u00a0 il Delegato CNSAS 2^ Zona delegazione Dolomiti Bellunesi. Nel corso della riunione \u00e8 emerso che, nonostante l\u2019impegno profuso da tutte le componenti del sistema di soccorso e dai numerosi volontari intervenuti nelle ricerche, anche con l\u2019utilizzo delle pi\u00f9 moderne tecnologie a disposizione, non si sono evidenziati elementi utili al rintraccio del sig. Lugato. Per questo motivo, anche tenendo conto della consolidata prassi di attuazione del Piano Provinciale per la ricerca di persone scomparse, il consesso ha deciso all\u2019unanimit\u00e0 di sospendere le ricerche che, tuttavia, riprenderanno immediatamente ove \u2013 nei prossimi giorni \u2013 dovessero emergere segnali della presenza di Federico. Sotto questo profilo, proseguir\u00e0 un attento monitoraggio dell\u2019area di ricerca finalizzato a \u201ccaptare\u201d immediatamente eventuali tracce provenienti dal territorio.<\/p>\n<p>&nbsp;<\/p>\n<p>&nbsp;<\/p>\n<hr \/>\n<p>&nbsp;<\/p>\n<blockquote>\n<h3>IL SOCCORSO ALPINO IN AIUTO DELL&#8217;AMBULANZA A SAN TOMASO<\/h3>\n<\/blockquote>\n<p><strong><a href=\"https:\/\/www.radiopiu.net\/wordpress\/torna-la-festa-del-volontariato-cadorino-sabato-1-settembre\/soccorsoalpino\/\" rel=\"attachment wp-att-59164\"><img loading=\"lazy\" decoding=\"async\" class=\" wp-image-59164 alignleft\" src=\"https:\/\/www.radiopiu.net\/wordpress\/wp-content\/uploads\/2018\/08\/soccorsoalpino-300x300.jpg\" alt=\"\" width=\"82\" height=\"82\" srcset=\"https:\/\/www.radiopiu.net\/wordpress\/wp-content\/uploads\/2018\/08\/soccorsoalpino-300x300.jpg 300w, https:\/\/www.radiopiu.net\/wordpress\/wp-content\/uploads\/2018\/08\/soccorsoalpino-150x150.jpg 150w, https:\/\/www.radiopiu.net\/wordpress\/wp-content\/uploads\/2018\/08\/soccorsoalpino-768x768.jpg 768w, https:\/\/www.radiopiu.net\/wordpress\/wp-content\/uploads\/2018\/08\/soccorsoalpino-1024x1024.jpg 1024w, https:\/\/www.radiopiu.net\/wordpress\/wp-content\/uploads\/2018\/08\/soccorsoalpino.jpg 1200w\" sizes=\"auto, (max-width: 82px) 100vw, 82px\" \/><\/a>SAN TOMASO<\/strong> Attorno alle 15.20 una squadra del Soccorso alpino della Val Biois \u00e8 intervenuta in supporto all&#8217;ambulanza in localit\u00e0 Pianezze in Val di Zat, trasportando il personale medico con il fuoristrada lungo una strada sterrata fino all&#8217;abitazione di D.C., 64 anni, di Mestre (VE). L&#8217;uomo era infatti caduto facendo un giro e, una volta a casa, aveva accusato dolori alla schiena. Trasportato all&#8217;ambulanza, l&#8217;infortunato \u00e8 stato accompagnato all&#8217;ospedale.<\/p>\n<p>&nbsp;<\/p>\n<p>&nbsp;<\/p>\n<hr \/>\n<p>&nbsp;<\/p>\n<blockquote>\n<h3>COVID-19: AGGIORNAMENTO SETTIMANALE ULSS 1 DOLOMITI. OTTO PAZIENTI RICOVERATI A BELLUNO. IN AGORDINO SI REGISTRANO CASI IN 5 COMUNI<\/h3>\n<\/blockquote>\n<p><strong>BELLUNO<\/strong> Il bollettino dell&#8217;Ulss 1 Dolomiti settimanale su l&#8217;andamento dell&#8217;epidemia Covid-19 in provincia di Belluno.<\/p>\n<p>Il grafico sotto riportato rappresenta la curva epidemica relativa allo sviluppo pandemico nel nostro territorio.<\/p>\n<p><a href=\"https:\/\/www.radiopiu.net\/wordpress\/covid-19-aggiornamento-settimanale-ulss-1-dolomiti-otto-pazienti-ricoverati-a-belluno-in-agordino-si-registrano-casi-in-5-comuni\/1-89\/\" rel=\"attachment wp-att-231119\"><img loading=\"lazy\" decoding=\"async\" class=\"aligncenter wp-image-231119 size-full\" src=\"https:\/\/www.radiopiu.net\/wordpress\/wp-content\/uploads\/2021\/09\/1.jpg\" alt=\"\" width=\"966\" height=\"420\" srcset=\"https:\/\/www.radiopiu.net\/wordpress\/wp-content\/uploads\/2021\/09\/1.jpg 966w, https:\/\/www.radiopiu.net\/wordpress\/wp-content\/uploads\/2021\/09\/1-300x130.jpg 300w, https:\/\/www.radiopiu.net\/wordpress\/wp-content\/uploads\/2021\/09\/1-768x334.jpg 768w\" sizes=\"auto, (max-width: 966px) 100vw, 966px\" \/><\/a><\/p>\n<p>&nbsp;<\/p>\n<p>Appare evidente che da alcune settimane, come gi\u00e0 segnalato, un movimento della curva epidemica, non tale da configurare le dimensioni e l\u2019impatto della terza fase. I numeri complessivi registrati in Ulss Dolomiti, influenzati nelle ultime 2-3 settimane da una casistica in rientro dall\u2019estero ed in particolare dall\u2019area Balcanica, sono comunque inferiori in termini di incidenza rispetto alla media nazionale. I casi rilevati nell\u2019ultima settimana sono 111 (-10 rispetto alla scorsa settimana), con un conseguente tasso di incidenza settimanale di 56 casi su 100 mila abitanti, comunque inferiore all&#8217;incidenza nazionale (70 su 100 mila abitanti). Raffrontando l\u2019incidenza dei nuovi positivi su 100 mila abitanti dal 1 luglio al 31 agosto 2021 della provincia di Belluno con l\u2019incidenza nazionale del pari periodo si evince che le nostro territorio questa nuova fase epidemica estiva \u00e8 stata meno incisiva che nel resto del Paese. L\u2019incidenza in Ulss Dolomiti \u00e8 stata di 336 casi su 100 mila abitanti, rispetto a un dato nazionale di 473 casi su 100 mila abitanti. Si ipotizza che possa aver inciso un rapido e severo contact tracing sui nuovi positivi e una alta copertura vaccinale con ciclo completo della popolazione. La mappa sottostante rappresenta l\u2019incidenza settimanale per singolo comune. Si ricorda che nei piccoli comuni, anche una piccola casistica determina un\u2019incidenza (casi\/abitanti) significativa, alla luce del piccolo denominatore di popolazione.<\/p>\n<p><a href=\"https:\/\/www.radiopiu.net\/wordpress\/covid-19-aggiornamento-settimanale-ulss-1-dolomiti-otto-pazienti-ricoverati-a-belluno-in-agordino-si-registrano-casi-in-5-comuni\/2-94\/\" rel=\"attachment wp-att-231120\"><img loading=\"lazy\" decoding=\"async\" class=\"aligncenter wp-image-231120 size-full\" src=\"https:\/\/www.radiopiu.net\/wordpress\/wp-content\/uploads\/2021\/09\/2.jpg\" alt=\"\" width=\"966\" height=\"996\" srcset=\"https:\/\/www.radiopiu.net\/wordpress\/wp-content\/uploads\/2021\/09\/2.jpg 966w, https:\/\/www.radiopiu.net\/wordpress\/wp-content\/uploads\/2021\/09\/2-291x300.jpg 291w, https:\/\/www.radiopiu.net\/wordpress\/wp-content\/uploads\/2021\/09\/2-768x792.jpg 768w\" sizes=\"auto, (max-width: 966px) 100vw, 966px\" \/><\/a><\/p>\n<p>&nbsp;<\/p>\n<p>Appare evidente che le nuove positivit\u00e0 covid si confermano prevalentemente a carico di soggetti giovani o molto giovani. Le persone di 65 e pi\u00f9 anni registrano una casistica limitata in relazione agli elevati tassi di copertura vaccinale (pur tuttavia ancora migliorabili) e alla minore mobilit\u00e0 sociale. 90 nei nuovi positivi della settimana NON sono vaccinati.<\/p>\n<p><a href=\"https:\/\/www.radiopiu.net\/wordpress\/covid-19-aggiornamento-settimanale-ulss-1-dolomiti-otto-pazienti-ricoverati-a-belluno-in-agordino-si-registrano-casi-in-5-comuni\/3-77\/\" rel=\"attachment wp-att-231121\"><img loading=\"lazy\" decoding=\"async\" class=\"aligncenter wp-image-231121 size-full\" src=\"https:\/\/www.radiopiu.net\/wordpress\/wp-content\/uploads\/2021\/09\/3.png\" alt=\"\" width=\"805\" height=\"483\" srcset=\"https:\/\/www.radiopiu.net\/wordpress\/wp-content\/uploads\/2021\/09\/3.png 805w, https:\/\/www.radiopiu.net\/wordpress\/wp-content\/uploads\/2021\/09\/3-300x180.png 300w, https:\/\/www.radiopiu.net\/wordpress\/wp-content\/uploads\/2021\/09\/3-768x461.png 768w\" sizes=\"auto, (max-width: 805px) 100vw, 805px\" \/><\/a><\/p>\n<p>&nbsp;<\/p>\n<p>Dall\u2019inizio dell\u2019epidemia, nei drive in dell\u2019ulss Dolomiti sono stati effettuati: 321 mila tamponi molecolari, 235 mila tamponi antigenici. Ad oggi sono state trattate con anticorpi monoclonali dall\u2019Unit\u00e0 Operativa di\u00a0 Malattie Infettive di Belluno 64 persone. Per facilitare il trattamento precoce delle persone covid positive per le quali \u00e8 indicata la somministrazione di monoclonali, l\u2019unit\u00e0 operativa di Malattie Infettive contatta i soggetti interessati e cura le prime fasi di arruolamento per il trattamento Per informazioni o per avviare il trattamento \u00e8 a disposizione anche il proprio Medico di Medicina Generale oppure \u00e8 possibile contattare direttamente le malattie infettive alla mail di riferimento. Sono attualmente ricoverati al San Martino di Belluno 8 pazienti covid positivi. Degli 8 pazienti covid positivi ricoverati, 1 \u00e8 in terapia intensiva (cinquantenne). In area non critica sono ricoverati : 3 pazienti (di 23, 52 e 82 anni) in Pneumologia di cui 2 con quadro severo, 4 pazienti (di 48, 61, 90,94 anni) in Malattie infettive di cui 2 con quadro severo. Su 8 ricoverati, 7 sono non vaccinati, 1 persona\u00a0 col ciclo vaccinale completo \u00e8 ricoverata per pluripatologie.<\/p>\n<p>&nbsp;<\/p>\n<p>&nbsp;<\/p>\n<hr \/>\n<p>&nbsp;<\/p>\n<blockquote>\n<h3>CERCA L&#8217;ATER DA SETTIMANE PER UNA PERDITA D&#8217;ACQUA NELLA CASA DEL VICINO MA NESSUNO RISPONDE<\/h3>\n<\/blockquote>\n<p><strong><a href=\"https:\/\/www.radiopiu.net\/wordpress\/giornale-radiopiu-09-agosto-2021-direttore-mirko-mezzacasa\/cencenighe-1\/\" rel=\"attachment wp-att-226790\"><img loading=\"lazy\" decoding=\"async\" class=\"size-medium wp-image-226790 alignleft\" src=\"https:\/\/www.radiopiu.net\/wordpress\/wp-content\/uploads\/2021\/08\/CENCENIGHE-1-300x169.jpg\" alt=\"\" width=\"300\" height=\"169\" srcset=\"https:\/\/www.radiopiu.net\/wordpress\/wp-content\/uploads\/2021\/08\/CENCENIGHE-1-300x169.jpg 300w, https:\/\/www.radiopiu.net\/wordpress\/wp-content\/uploads\/2021\/08\/CENCENIGHE-1-1024x576.jpg 1024w, https:\/\/www.radiopiu.net\/wordpress\/wp-content\/uploads\/2021\/08\/CENCENIGHE-1-768x432.jpg 768w, https:\/\/www.radiopiu.net\/wordpress\/wp-content\/uploads\/2021\/08\/CENCENIGHE-1-1536x864.jpg 1536w, https:\/\/www.radiopiu.net\/wordpress\/wp-content\/uploads\/2021\/08\/CENCENIGHE-1.jpg 1920w\" sizes=\"auto, (max-width: 300px) 100vw, 300px\" \/><\/a>CENCENIGHE<\/strong><\/p>\n<p>di Gianni Santomaso<\/p>\n<audio class=\"wp-audio-shortcode\" id=\"audio-231078-1\" preload=\"none\" style=\"width: 100%;\" controls=\"controls\"><source type=\"audio\/mpeg\" src=\"https:\/\/www.radiopiu.net\/wordpress\/wp-content\/uploads\/2021\/09\/GIANNI-PERDITA-ACQUA-CENCENIGHE.mp3?_=1\" \/><a href=\"https:\/\/www.radiopiu.net\/wordpress\/wp-content\/uploads\/2021\/09\/GIANNI-PERDITA-ACQUA-CENCENIGHE.mp3\">https:\/\/www.radiopiu.net\/wordpress\/wp-content\/uploads\/2021\/09\/GIANNI-PERDITA-ACQUA-CENCENIGHE.mp3<\/a><\/audio>\n<p>&nbsp;<\/p>\n<hr \/>\n<p>&nbsp;<\/p>\n<blockquote>\n<h3>GARANTITO L\u2019AMBULATORIO DEL PEDIATRA A CAPRILE<\/h3>\n<\/blockquote>\n<p><strong><a href=\"https:\/\/www.radiopiu.net\/wordpress\/monoclonali-pronti-per-la-somministrazione-in-ulss-1-dolomiti\/ulss-1-2\/\" rel=\"attachment wp-att-198838\"><img loading=\"lazy\" decoding=\"async\" class=\"size-medium wp-image-198838 alignleft\" src=\"https:\/\/www.radiopiu.net\/wordpress\/wp-content\/uploads\/2021\/03\/ULSS-1-300x158.jpg\" alt=\"\" width=\"300\" height=\"158\" srcset=\"https:\/\/www.radiopiu.net\/wordpress\/wp-content\/uploads\/2021\/03\/ULSS-1-300x158.jpg 300w, https:\/\/www.radiopiu.net\/wordpress\/wp-content\/uploads\/2021\/03\/ULSS-1-768x404.jpg 768w, https:\/\/www.radiopiu.net\/wordpress\/wp-content\/uploads\/2021\/03\/ULSS-1.jpg 776w\" sizes=\"auto, (max-width: 300px) 100vw, 300px\" \/><\/a>BELLUNO <\/strong>Il 3 ottobre la dottoressa Maria Tura cesser\u00e0 l&#8217;attivit\u00e0 di pediatra di libera scelta nell&#8217;Alto Agordino (Comuni di\u00a0 Alleghe, Colle Santa Lucia, Livinallongo del Col di Lana, Rocca Pietore e Selva di Cadore) per trasferimento presso altra Azienda Sanitaria. L&#8217;assistenza specialistica a carico del Servizio Sanitario Nazionale sar\u00e0 garantita attraverso i pediatri di libera scelta\u00a0 Filippina Trovato e Francesco Spacagna che garantiranno l&#8217;apertura dell&#8217;ambulatorio di Caprile per 4 giorni\u00a0 \u00a0alla settimana. A breve sar\u00e0 inviata agli assistiti una nota informativa che spiegher\u00e0 le modalit\u00e0 con cui effettuare la scelta di uno dei pediatri sopra indicati. Si precisa che la scelta degli indicati pediatri sar\u00e0 concretamente effettuabile solo tra qualche giorno essendo attualmente in corso l&#8217;adeguamento informatico dell&#8217;Anagrafe\u00a0Unica Sanitaria.<\/p>\n<p>&nbsp;<\/p>\n<p>&nbsp;<\/p>\n<hr \/>\n<p>&nbsp;<\/p>\n<blockquote class=\"wp-embedded-content\" data-secret=\"XBAsYI5YrX\"><p><a href=\"https:\/\/www.radiopiu.net\/wordpress\/aggiornamentoset06\/\">CORONAVIRUS: AGGIORNAMENTO NAZIONALE 06 SETTEMBRE  2021<\/a><\/p><\/blockquote>\n<p><iframe loading=\"lazy\" class=\"wp-embedded-content\" sandbox=\"allow-scripts\" security=\"restricted\" style=\"position: absolute; clip: rect(1px, 1px, 1px, 1px);\" title=\"&#8220;CORONAVIRUS: AGGIORNAMENTO NAZIONALE 06 SETTEMBRE  2021&#8221; &#8212; Radio Pi\u00f9\" src=\"https:\/\/www.radiopiu.net\/wordpress\/aggiornamentoset06\/embed\/#?secret=XBAsYI5YrX\" data-secret=\"XBAsYI5YrX\" width=\"600\" height=\"338\" frameborder=\"0\" marginwidth=\"0\" marginheight=\"0\" scrolling=\"no\"><\/iframe><\/p>\n<p>&nbsp;<\/p>\n<blockquote class=\"wp-embedded-content\" data-secret=\"fvkUzbXL7n\"><p><a href=\"https:\/\/www.radiopiu.net\/wordpress\/aumento-dei-positivi-ma-lieve-miglioramento-dei-ricoverati\/\">AUMENTO DEI POSITIVI MA LIEVE MIGLIORAMENTO DEI RICOVERATI<\/a><\/p><\/blockquote>\n<p><iframe loading=\"lazy\" class=\"wp-embedded-content\" sandbox=\"allow-scripts\" security=\"restricted\" style=\"position: absolute; clip: rect(1px, 1px, 1px, 1px);\" title=\"&#8220;AUMENTO DEI POSITIVI MA LIEVE MIGLIORAMENTO DEI RICOVERATI&#8221; &#8212; Radio Pi\u00f9\" src=\"https:\/\/www.radiopiu.net\/wordpress\/aumento-dei-positivi-ma-lieve-miglioramento-dei-ricoverati\/embed\/#?secret=fvkUzbXL7n\" data-secret=\"fvkUzbXL7n\" width=\"600\" height=\"338\" frameborder=\"0\" marginwidth=\"0\" marginheight=\"0\" scrolling=\"no\"><\/iframe><\/p>\n<p>&nbsp;<\/p>\n<h3>I GRAFICI DI TIZIANO DE COL<\/h3>\n\n\t\t\t<style type='text\/css'>\n\t\t\t\t#gallery-1 {\n\t\t\t\t\tmargin: auto;\n\t\t\t\t}\n\t\t\t\t#gallery-1 .gallery-item {\n\t\t\t\t\tfloat: left;\n\t\t\t\t\tmargin-top: 10px;\n\t\t\t\t\ttext-align: center;\n\t\t\t\t\twidth: 20%;\n\t\t\t\t}\n\t\t\t\t#gallery-1 img {\n\t\t\t\t\tborder: 2px solid #cfcfcf;\n\t\t\t\t}\n\t\t\t\t#gallery-1 .gallery-caption {\n\t\t\t\t\tmargin-left: 0;\n\t\t\t\t}\n\t\t\t\t\/* see gallery_shortcode() in wp-includes\/media.php *\/\n\t\t\t<\/style>\n\t\t<div id='gallery-1' class='dt-gallery-container gallery galleryid-231078 gallery-columns-5 gallery-size-medium'><dl class='gallery-item'>\n\t\t\t\t<dt class='gallery-icon landscape'>\n\t\t\t\t\t<a class=\"rollover rollover-zoom dt-pswp-item\" title=\"f4c28fca-379a-46cd-b16a-6f62996047bf\" data-dt-img-description=\"\" data-large_image_width=\"585\" data-large_image_height=\"357\"href='https:\/\/www.radiopiu.net\/wordpress\/wp-content\/uploads\/2021\/09\/f4c28fca-379a-46cd-b16a-6f62996047bf.jpg'><img loading=\"lazy\" decoding=\"async\" width=\"300\" height=\"183\" src=\"https:\/\/www.radiopiu.net\/wordpress\/wp-content\/uploads\/2021\/09\/f4c28fca-379a-46cd-b16a-6f62996047bf-300x183.jpg\" class=\"attachment-medium size-medium\" alt=\"\" srcset=\"https:\/\/www.radiopiu.net\/wordpress\/wp-content\/uploads\/2021\/09\/f4c28fca-379a-46cd-b16a-6f62996047bf-300x183.jpg 300w, https:\/\/www.radiopiu.net\/wordpress\/wp-content\/uploads\/2021\/09\/f4c28fca-379a-46cd-b16a-6f62996047bf.jpg 585w\" sizes=\"auto, (max-width: 300px) 100vw, 300px\" \/><\/a>\n\t\t\t\t<\/dt><\/dl><dl class='gallery-item'>\n\t\t\t\t<dt class='gallery-icon landscape'>\n\t\t\t\t\t<a class=\"rollover rollover-zoom dt-pswp-item\" title=\"a356266b-9afc-48ae-bf12-53c0d0fd3ad2\" data-dt-img-description=\"\" data-large_image_width=\"610\" data-large_image_height=\"373\"href='https:\/\/www.radiopiu.net\/wordpress\/wp-content\/uploads\/2021\/09\/a356266b-9afc-48ae-bf12-53c0d0fd3ad2.jpg'><img loading=\"lazy\" decoding=\"async\" width=\"300\" height=\"183\" src=\"https:\/\/www.radiopiu.net\/wordpress\/wp-content\/uploads\/2021\/09\/a356266b-9afc-48ae-bf12-53c0d0fd3ad2-300x183.jpg\" class=\"attachment-medium size-medium\" alt=\"\" srcset=\"https:\/\/www.radiopiu.net\/wordpress\/wp-content\/uploads\/2021\/09\/a356266b-9afc-48ae-bf12-53c0d0fd3ad2-300x183.jpg 300w, https:\/\/www.radiopiu.net\/wordpress\/wp-content\/uploads\/2021\/09\/a356266b-9afc-48ae-bf12-53c0d0fd3ad2.jpg 610w\" sizes=\"auto, (max-width: 300px) 100vw, 300px\" \/><\/a>\n\t\t\t\t<\/dt><\/dl><dl class='gallery-item'>\n\t\t\t\t<dt class='gallery-icon landscape'>\n\t\t\t\t\t<a class=\"rollover rollover-zoom dt-pswp-item\" title=\"86b2f49d-f2a5-4e28-ae71-5fe4c75e080a\" data-dt-img-description=\"\" data-large_image_width=\"610\" data-large_image_height=\"356\"href='https:\/\/www.radiopiu.net\/wordpress\/wp-content\/uploads\/2021\/09\/86b2f49d-f2a5-4e28-ae71-5fe4c75e080a.jpg'><img loading=\"lazy\" decoding=\"async\" width=\"300\" height=\"175\" src=\"https:\/\/www.radiopiu.net\/wordpress\/wp-content\/uploads\/2021\/09\/86b2f49d-f2a5-4e28-ae71-5fe4c75e080a-300x175.jpg\" class=\"attachment-medium size-medium\" alt=\"\" srcset=\"https:\/\/www.radiopiu.net\/wordpress\/wp-content\/uploads\/2021\/09\/86b2f49d-f2a5-4e28-ae71-5fe4c75e080a-300x175.jpg 300w, https:\/\/www.radiopiu.net\/wordpress\/wp-content\/uploads\/2021\/09\/86b2f49d-f2a5-4e28-ae71-5fe4c75e080a.jpg 610w\" sizes=\"auto, (max-width: 300px) 100vw, 300px\" \/><\/a>\n\t\t\t\t<\/dt><\/dl><dl class='gallery-item'>\n\t\t\t\t<dt class='gallery-icon landscape'>\n\t\t\t\t\t<a class=\"rollover rollover-zoom dt-pswp-item\" title=\"df7d226a-e5f5-4ca6-ab67-e601b1302602\" data-dt-img-description=\"\" data-large_image_width=\"602\" data-large_image_height=\"363\"href='https:\/\/www.radiopiu.net\/wordpress\/wp-content\/uploads\/2021\/09\/df7d226a-e5f5-4ca6-ab67-e601b1302602.jpg'><img loading=\"lazy\" decoding=\"async\" width=\"300\" height=\"181\" src=\"https:\/\/www.radiopiu.net\/wordpress\/wp-content\/uploads\/2021\/09\/df7d226a-e5f5-4ca6-ab67-e601b1302602-300x181.jpg\" class=\"attachment-medium size-medium\" alt=\"\" srcset=\"https:\/\/www.radiopiu.net\/wordpress\/wp-content\/uploads\/2021\/09\/df7d226a-e5f5-4ca6-ab67-e601b1302602-300x181.jpg 300w, https:\/\/www.radiopiu.net\/wordpress\/wp-content\/uploads\/2021\/09\/df7d226a-e5f5-4ca6-ab67-e601b1302602.jpg 602w\" sizes=\"auto, (max-width: 300px) 100vw, 300px\" \/><\/a>\n\t\t\t\t<\/dt><\/dl><dl class='gallery-item'>\n\t\t\t\t<dt class='gallery-icon landscape'>\n\t\t\t\t\t<a class=\"rollover rollover-zoom dt-pswp-item\" title=\"0a8537d6-f712-4252-8ee0-7e1503239c8e\" data-dt-img-description=\"\" data-large_image_width=\"616\" data-large_image_height=\"365\"href='https:\/\/www.radiopiu.net\/wordpress\/wp-content\/uploads\/2021\/09\/0a8537d6-f712-4252-8ee0-7e1503239c8e.jpg'><img loading=\"lazy\" decoding=\"async\" width=\"300\" height=\"178\" src=\"https:\/\/www.radiopiu.net\/wordpress\/wp-content\/uploads\/2021\/09\/0a8537d6-f712-4252-8ee0-7e1503239c8e-300x178.jpg\" class=\"attachment-medium size-medium\" alt=\"\" srcset=\"https:\/\/www.radiopiu.net\/wordpress\/wp-content\/uploads\/2021\/09\/0a8537d6-f712-4252-8ee0-7e1503239c8e-300x178.jpg 300w, https:\/\/www.radiopiu.net\/wordpress\/wp-content\/uploads\/2021\/09\/0a8537d6-f712-4252-8ee0-7e1503239c8e.jpg 616w\" sizes=\"auto, (max-width: 300px) 100vw, 300px\" \/><\/a>\n\t\t\t\t<\/dt><\/dl><br style=\"clear: both\" \/>\n\t\t\t<\/div>\n\n<p>&nbsp;<\/p>\n<hr \/>\n<p>&nbsp;<\/p>\n<blockquote>\n<h3>PRESENTATA TECH4LIFE, RETE INNOVATIVA DEL BIOMEDICALE<\/h3>\n<\/blockquote>\n<p><strong><a href=\"https:\/\/www.radiopiu.net\/wordpress\/giornale-radiopiu-07-settembre-2021-direttore-mirko-mezzacasa\/1640-2021-presentazione-tech4life_1\/\" rel=\"attachment wp-att-231093\"><img loading=\"lazy\" decoding=\"async\" class=\"size-medium wp-image-231093 alignleft\" src=\"https:\/\/www.radiopiu.net\/wordpress\/wp-content\/uploads\/2021\/09\/1640-2021-presentazione-Tech4Life_1-300x225.jpeg\" alt=\"\" width=\"300\" height=\"225\" srcset=\"https:\/\/www.radiopiu.net\/wordpress\/wp-content\/uploads\/2021\/09\/1640-2021-presentazione-Tech4Life_1-300x225.jpeg 300w, https:\/\/www.radiopiu.net\/wordpress\/wp-content\/uploads\/2021\/09\/1640-2021-presentazione-Tech4Life_1-1024x768.jpeg 1024w, https:\/\/www.radiopiu.net\/wordpress\/wp-content\/uploads\/2021\/09\/1640-2021-presentazione-Tech4Life_1-768x576.jpeg 768w, https:\/\/www.radiopiu.net\/wordpress\/wp-content\/uploads\/2021\/09\/1640-2021-presentazione-Tech4Life_1-1536x1152.jpeg 1536w, https:\/\/www.radiopiu.net\/wordpress\/wp-content\/uploads\/2021\/09\/1640-2021-presentazione-Tech4Life_1.jpeg 1600w\" sizes=\"auto, (max-width: 300px) 100vw, 300px\" \/><\/a>VENEZIA\u00a0 <\/strong>\u201c<em>La pandemia ci ha messo di fronte ad una serie di nuove necessit\u00e0 e alla sfida di trovare soluzioni e sopperire carenze in una situazione mai sperimentata prima. La rete innovativa Tech4Life \u00e8 la pronta risposta del Veneto a tutto questo. Per fare il salto di qualit\u00e0 \u00e8 stata messa in piedi una rete straordinaria che si occupa esclusivamente di biomedicale, coinvolgendo le Universit\u00e0 Venete e il mondo delle imprese attraverso Confindustria. La Regione mette le risorse e la rete d\u2019imprese svilupper\u00e0 gli strumenti<\/em>\u201d. Cos\u00ec l\u2019Assessore regionale allo sviluppo economico e innovazione \u00e8 intervenuto in occasione della presentazione della neo-riconosciuta rete innovativa d\u2019impresa regionale \u201cTech4Life\u201d, la ventunesima istituita in Veneto, interamente dedicata alla realizzazione di progetti nel campo della ricerca industriale di nuove tecnologie robotiche in ambito sanitario e per lo sviluppo di dispositivi medici volti al miglioramento del benessere della persona. \u201cTech4life\u201d promuover\u00e0 la realizzazione di progetti nel campo della ricerca industriale di nuove tecnologie robotiche in ambito sanitario e per lo sviluppo di dispositivi medici volti al miglioramento del benessere della persona. Grazie all\u2019ausilio della domotica e della robotica collaborativa operer\u00e0 sulla fruibilit\u00e0 degli ambienti di vita privati e pubblici. Particolare attenzione sar\u00e0 rivolta agli ambienti di cura pubblici e privati con riferimento, ad esempio, al monitoraggio da remoto di casi cronici e ai temi legati alla telemedicina, oltre all\u2019efficientamento delle piattaforme per l&#8217;identit\u00e0 digitale del paziente come chiave di accesso alla digitalizzazione delle interfacce di comunicazione degli istituti ospedalieri pubblici e privati con gli utenti. La rete svilupper\u00e0 i temi dell\u2019assistenza, per una vita indipendente e migliorata, sfruttando le potenzialit\u00e0 tecniche della medicina rigenerativa, predittiva e personalizzata.<\/p>\n<p>&nbsp;<\/p>\n<p>&nbsp;<\/p>\n<hr \/>\n<p>&nbsp;<\/p>\n<blockquote>\n<h3>L&#8217;ASSOCIAZIONE BELLUNESI NEL MONDO PIANGE L&#8217;IMPROVVISA SCOMPARSA DI FEDERICO ALONSO<\/h3>\n<\/blockquote>\n<p><strong><a href=\"https:\/\/www.radiopiu.net\/wordpress\/giornale-radiopiu-07-settembre-2021-direttore-mirko-mezzacasa\/federico_alonso\/\" rel=\"attachment wp-att-231085\"><img loading=\"lazy\" decoding=\"async\" class=\"size-medium wp-image-231085 alignleft\" src=\"https:\/\/www.radiopiu.net\/wordpress\/wp-content\/uploads\/2021\/09\/federico_alonso-300x300.jpg\" alt=\"\" width=\"300\" height=\"300\" srcset=\"https:\/\/www.radiopiu.net\/wordpress\/wp-content\/uploads\/2021\/09\/federico_alonso-300x300.jpg 300w, https:\/\/www.radiopiu.net\/wordpress\/wp-content\/uploads\/2021\/09\/federico_alonso-1024x1024.jpg 1024w, https:\/\/www.radiopiu.net\/wordpress\/wp-content\/uploads\/2021\/09\/federico_alonso-150x150.jpg 150w, https:\/\/www.radiopiu.net\/wordpress\/wp-content\/uploads\/2021\/09\/federico_alonso-768x768.jpg 768w, https:\/\/www.radiopiu.net\/wordpress\/wp-content\/uploads\/2021\/09\/federico_alonso-1536x1536.jpg 1536w, https:\/\/www.radiopiu.net\/wordpress\/wp-content\/uploads\/2021\/09\/federico_alonso.jpg 1600w\" sizes=\"auto, (max-width: 300px) 100vw, 300px\" \/><\/a>BELLUNO <\/strong>Grave lutto per l\u2019Associazione Bellunesi nel Mondo. \u00c8 giunta la notizia dalla Costa Rica della morte improvvisa di Federico Alonso, autore dei loghi del MiM Belluno, della Biblioteca delle migrazioni \u201cDino Buzzati\u201d, del Centro Studi sulle migrazioni \u201cAletheia\u201d, di Radio ABM e di Accademiabm.it. Aveva solo 45 anni anni. Stava giocando una partita di calcio tra amici quando \u00e8 stato colpito da un malore fatale. Lascia la moglie Ana e i figli Genaro e Josefina. Federico era nato e cresciuto a Buenos Aires, Argentina, ma sua nonna Maria era originaria di Santa Giustina, Belluno. Un legame con l\u2019Italia che \u00e8 sempre stato mantenuto forte e saldo. \u00abNella mia famiglia &#8211; cos\u00ec raccontava Federico &#8211; mi hanno insegnato a essere orgoglioso del nostro sangue italiano. Sono sempre stato in contatto con la terra dei miei nonni e della mia mamma, imparando la lingua fin da piccolo, leggendo \u201cBellunesi nel mondo\u201d ogni volta che arrivava a casa, godendo le vacanze in famiglia a San Martino, frazione di Santa Giustina Bellunese e, adesso, anche facendo parte della rete dei talenti bellunesi per conoscere gente che sente lo stesso sentimento per le nostre radici\u00bb. S\u00ec, perch\u00e9 Federico era membro del socialnetwork Bellunoradici.net ed era un valido collaboratore dell\u2019Associazione Bellunesi nel Mondo per quanto riguarda la parte grafica e comunicativa. Suoi infatti i loghi dei nuovi strumenti Abm. \u00ab<em>La notizia della scomparsa di Federico ci ha sconvolto &#8211; le parole del direttore Abm Marco Crepaz &#8211; ci eravamo sentiti nel mese di maggio perch\u00e9 aveva realizzato il logo di Accademiabm.it. Era un amico, come tutta la sua famiglia, e un vero creativo. Con lui il risultato era sempre certo e diretto. Ci mancher\u00e0 tanto. Quello che ci rincuora, come Abm, \u00e8 che attraverso i suoi loghi sar\u00e0 sempre con noi e non lo dimenticheremo<\/em>\u00bb. \u00ab<em>Siamo vicini a tutta la sua famiglia &#8211; il pensiero del presidente Abm Oscar De Bona &#8211; e in particolare a suo padre. Avremo modo di ricordarlo in occasione del premio internazionale \u201cBellunesi che onorano la provincia di Belluno in Italia e all\u2019estero\u201d che si svolger\u00e0 quest\u2019anno a Lamon e met\u00e0 dicembre<\/em>\u00bb.<\/p>\n<p>&nbsp;<\/p>\n<p>&nbsp;<\/p>\n<hr \/>\n<p>&nbsp;<\/p>\n<blockquote>\n<h3>PER D&#8217;INCA IL TAVOLO CONVOCATO AL MISE PER ACC \u00e8 FONDAMENTALE<\/h3>\n<\/blockquote>\n<p><strong><a href=\"https:\/\/www.radiopiu.net\/wordpress\/giornale-radiopiu-23-aprile-2020-direttore-mirko-mezzacasa\/federico-dinca-3\/\" rel=\"attachment wp-att-132319\"><img loading=\"lazy\" decoding=\"async\" class=\" wp-image-132319 alignleft\" src=\"https:\/\/www.radiopiu.net\/wordpress\/wp-content\/uploads\/2020\/04\/FEDERICO-DINCA-237x300.png\" alt=\"\" width=\"168\" height=\"213\" srcset=\"https:\/\/www.radiopiu.net\/wordpress\/wp-content\/uploads\/2020\/04\/FEDERICO-DINCA-237x300.png 237w, https:\/\/www.radiopiu.net\/wordpress\/wp-content\/uploads\/2020\/04\/FEDERICO-DINCA-808x1024.png 808w, https:\/\/www.radiopiu.net\/wordpress\/wp-content\/uploads\/2020\/04\/FEDERICO-DINCA-768x973.png 768w, https:\/\/www.radiopiu.net\/wordpress\/wp-content\/uploads\/2020\/04\/FEDERICO-DINCA.png 1018w\" sizes=\"auto, (max-width: 168px) 100vw, 168px\" \/><\/a>ROMA<\/strong> \u201cIl tavolo convocato dal Mise sulla vicenda Acc dalla viceministra Todde conferma l\u2019attenzione del Governo sul tema: un incontro ottenuto in tempi brevi, come annunciato nel mese di agosto e richiesto in occasione del consiglio socio istituzionale. Il tavolo arriva dopo la pubblicazione del decreto direttoriale per presentare le domande necessarie all\u2019accesso al credito a favore delle imprese come Acc. Mi auguro che nell\u2019incontro di venerd\u00ec 10, le parti coinvolte possano confrontarsi con un chiarimento utile per proseguire il percorso di salvezza dello stabilimento. I tempi sono indubbiamente corti e, proprio per questo motivo, si continuer\u00e0 a lavorare in maniera insistente per il futuro dell\u2019Acc e dei propri dipendenti. Rimarr\u00f2 in stretto contatto con il Ministero dello Sviluppo economico, le organizzazioni sindacali e l\u2019azienda, con l\u2019obiettivo di raggiungere il risultato per lo stabilimento di Mel attraverso un percorso comune e compatto\u201d. Lo dichiara in una nota Federico D\u2019Inc\u00e0, Ministro per i Rapporti con il Parlamento.<\/p>\n<p>&nbsp;<\/p>\n<p>&nbsp;<\/p>\n<hr \/>\n<p>&nbsp;<\/p>\n<blockquote>\n<h3>NEUROLOGIA: IN ARRIVO RINFORZI<\/h3>\n<\/blockquote>\n<p><strong>BELLUNO <\/strong>Per rispondere in modo concreto alla carenza di medici neurologi nelle due neurologie di Belluno e di Feltre, sono stati assunti due nuovi medici a tempo determinato ed \u00e8 stata attivata una convenzione con l\u2019ulss Marca Trevigiana. In esito all\u2019avviso pubblico, indetto con deliberazione del 20 luglio 2021, sono stati\u00a0 assunti a tempo determinato\u00a0 due nuovi neurologi: le dottoresse\u00a0 Giovanna Fresu e\u00a0\u00a0 Annalisa Csillaghy. L\u2019ulss Marca Trevigiana, inoltre, garantir\u00e0 per un anno 2 accessi mensili da parte di medici neurologi da 8\/9 ore ciascuno. \u00abContinua il nostro impegno nella ricerca di personale per garantire i servizi, percorrendo tutte le strade possibili\u00bb, commenta il direttore generale Maria Grazia Carraro, \u00abauguro un buon lavoro alle nuove professioniste che qui potranno trovare \u00a0team propensi alla crescita professionale e al lavoro di squadra, oltre che la possibilit\u00e0 di fare ricerca ed essere valorizzati come persone e professionisti\u00bb<\/p>\n<p>&nbsp;<\/p>\n<p>&nbsp;<\/p>\n<hr \/>\n<p>&nbsp;<\/p>\n<blockquote>\n<h3>UN TABLET PER IL CENTRO DIURNO DELLA PSICHIATRIA<\/h3>\n<\/blockquote>\n<p><strong>BELLUNO <\/strong>Continua la grande generosit\u00e0 dei bellunesi nei confronti delle strutture sanitarie, anche con piccoli gesti che aiutano a migliorare i servizi offerti e il benessere delle persone assistite. L\u2019ultima, in ordine cronologico, \u00e8 una donazione da parte di un privato cittadino che vuole rimanere anonimo, di un tablet per il centro diurno della Psichiatria di Belluno che sar\u00e0 utilizzato per rimanere connessi col mondo e favorire contatti e attivit\u00e0 riabilitative. L\u2019Ulss Dolomiti ringrazia per la generosit\u00e0 e l\u2019attenzione alle piccole cose che possono significare molto in termini di qualit\u00e0 di assistenza e di relazione, soprattutto per i pazienti pi\u00f9 fragili.<\/p>\n<p>&nbsp;<\/p>\n<p>&nbsp;<\/p>\n<hr \/>\n<p>&nbsp;<\/p>\n<blockquote>\n<h3>PER IL PD CI SONO GRAVI PROBLEMI DI GESTIONE DELLA FAUNA SELVATICA<\/h3>\n<\/blockquote>\n<p><strong><a href=\"https:\/\/www.radiopiu.net\/wordpress\/ricorso-al-tar-contro-il-calendario-venatorio-i-ricorrenti-rinunciano-alla-discussione\/cacciatore\/\" rel=\"attachment wp-att-162181\"><img loading=\"lazy\" decoding=\"async\" class=\"size-medium wp-image-162181 alignleft\" src=\"https:\/\/www.radiopiu.net\/wordpress\/wp-content\/uploads\/2020\/09\/CACCIATORE-300x190.jpg\" alt=\"\" width=\"300\" height=\"190\" srcset=\"https:\/\/www.radiopiu.net\/wordpress\/wp-content\/uploads\/2020\/09\/CACCIATORE-300x190.jpg 300w, https:\/\/www.radiopiu.net\/wordpress\/wp-content\/uploads\/2020\/09\/CACCIATORE-1024x650.jpg 1024w, https:\/\/www.radiopiu.net\/wordpress\/wp-content\/uploads\/2020\/09\/CACCIATORE-768x488.jpg 768w, https:\/\/www.radiopiu.net\/wordpress\/wp-content\/uploads\/2020\/09\/CACCIATORE-1536x975.jpg 1536w, https:\/\/www.radiopiu.net\/wordpress\/wp-content\/uploads\/2020\/09\/CACCIATORE-640x406.jpg 640w, https:\/\/www.radiopiu.net\/wordpress\/wp-content\/uploads\/2020\/09\/CACCIATORE.jpg 1920w\" sizes=\"auto, (max-width: 300px) 100vw, 300px\" \/><\/a>VENEZIA<\/strong> \u201cLa riorganizzazione della struttura regionale che si occupa del Piano faunistico sta mostrando tutti i propri limiti, come avevamo denunciato gi\u00e0 nella scorsa legislatura, con un\u2019interrogazione rimasta senza risposta. Le stesse associazioni venatorie sono in sofferenza, lamentano i tempi lunghi per le risposte, spesso peraltro non consone, da parte degli uffici e il fatto che le strutture periferiche non siano ancora a regime. Difficile dargli torto, visto il pasticcio con l\u2019accelerazione sul nuovo Piano e relativo dietrofront. Ad oggi, per esempio, manca sempre una cartografia adeguata: sembra che la Giunta fatichi a comprendere l\u2019importanza di questo documento, scaduto ormai nel 2007\u201d.A dirlo sono i consiglieri regionali del Partito Democratico Francesca Zottis e Jonatan Montanariello, che hanno anche presentato un\u2019interrogazione a risposta scritta rivolta all\u2019assessore Corazzari.<\/p>\n<p>&nbsp;<\/p>\n<p>&nbsp;<\/p>\n<hr \/>\n<p>&nbsp;<\/p>\n<blockquote>\n<h3>BIM GSP, NUOVO COLLETTORE FOGNARIO PER GREA E VALLESELLA<\/h3>\n<\/blockquote>\n<p><strong>BELLUNO <\/strong>Nuovo collettore fognario per le frazioni di Grea e Vallesella a Domegge di Cadore. Bim Gsp, con un investimento di 335mila euro e circa tre mesi di lavoro, ha di recente completato la posa della nuova tratta di rete che colletter\u00e0 i reflui dei due abitati direttamente al depuratore di Piani di Vallesella. Un intervento di rilievo, che ha permesso di eliminare la vasca imhoff di Vallesella Bassa, ormai datata e inadeguata, e di sottoporre a miglior trattamento depurativo il carico giornaliero dei reflui provenienti dalle frazioni, elevando cos\u00ec la qualit\u00e0 dell\u2019acqua restituita in ambiente. L\u2019intervento, affidato all\u2019impresa Euroscavi di Mirano (VE), \u00a0ha comportato la posa di un nuovo tronco di tubazione, esteso per 150 metri e con diametro di 600 mm, opportunamente raccordato alla tratta gi\u00e0 esistente e in esercizio; si \u00e8 poi provveduto a realizzare una stazione di sollevamento, in calcestruzzo, con pompe sommergibili e apparecchiature per il telecontrollo da remoto, e a posare 235 metri di condotta in pressione, per convogliare i reflui in transito nella linea fognaria, a gravit\u00e0, di via Piduel, collegata all\u2019impianto di depurazione. A monte della stazione di sollevamento, inoltre, si \u00e8 provveduto ad installare un pozzetto sfioratore, dotato di grigliatura per il filtraggio dei materiali pi\u00f9 grossolani e di paratoia per il controllo delle portate in transito. Bonificata, in parallelo, e successivamente demolita, anche la vasca imhoff dismessa.<\/p>\n\n\t\t\t<style type='text\/css'>\n\t\t\t\t#gallery-2 {\n\t\t\t\t\tmargin: auto;\n\t\t\t\t}\n\t\t\t\t#gallery-2 .gallery-item {\n\t\t\t\t\tfloat: left;\n\t\t\t\t\tmargin-top: 10px;\n\t\t\t\t\ttext-align: center;\n\t\t\t\t\twidth: 33%;\n\t\t\t\t}\n\t\t\t\t#gallery-2 img {\n\t\t\t\t\tborder: 2px solid #cfcfcf;\n\t\t\t\t}\n\t\t\t\t#gallery-2 .gallery-caption {\n\t\t\t\t\tmargin-left: 0;\n\t\t\t\t}\n\t\t\t\t\/* see gallery_shortcode() in wp-includes\/media.php *\/\n\t\t\t<\/style>\n\t\t<div id='gallery-2' class='dt-gallery-container gallery galleryid-231078 gallery-columns-3 gallery-size-medium'><dl class='gallery-item'>\n\t\t\t\t<dt class='gallery-icon landscape'>\n\t\t\t\t\t<a class=\"rollover rollover-zoom dt-pswp-item\" title=\"costruzione del manufatto di sfioro e della stazione di sollevamento\" data-dt-img-description=\"\" data-large_image_width=\"1181\" data-large_image_height=\"886\"href='https:\/\/www.radiopiu.net\/wordpress\/wp-content\/uploads\/2021\/09\/costruzione-del-manufatto-di-sfioro-e-della-stazione-di-sollevamento.jpg'><img loading=\"lazy\" decoding=\"async\" width=\"300\" height=\"225\" src=\"https:\/\/www.radiopiu.net\/wordpress\/wp-content\/uploads\/2021\/09\/costruzione-del-manufatto-di-sfioro-e-della-stazione-di-sollevamento-300x225.jpg\" class=\"attachment-medium size-medium\" alt=\"\" srcset=\"https:\/\/www.radiopiu.net\/wordpress\/wp-content\/uploads\/2021\/09\/costruzione-del-manufatto-di-sfioro-e-della-stazione-di-sollevamento-300x225.jpg 300w, https:\/\/www.radiopiu.net\/wordpress\/wp-content\/uploads\/2021\/09\/costruzione-del-manufatto-di-sfioro-e-della-stazione-di-sollevamento-1024x768.jpg 1024w, https:\/\/www.radiopiu.net\/wordpress\/wp-content\/uploads\/2021\/09\/costruzione-del-manufatto-di-sfioro-e-della-stazione-di-sollevamento-768x576.jpg 768w, https:\/\/www.radiopiu.net\/wordpress\/wp-content\/uploads\/2021\/09\/costruzione-del-manufatto-di-sfioro-e-della-stazione-di-sollevamento.jpg 1181w\" sizes=\"auto, (max-width: 300px) 100vw, 300px\" \/><\/a>\n\t\t\t\t<\/dt><\/dl><dl class='gallery-item'>\n\t\t\t\t<dt class='gallery-icon portrait'>\n\t\t\t\t\t<a class=\"rollover rollover-zoom dt-pswp-item\" title=\"il cantiere\" data-dt-img-description=\"\" data-large_image_width=\"1181\" data-large_image_height=\"1308\"href='https:\/\/www.radiopiu.net\/wordpress\/wp-content\/uploads\/2021\/09\/il-cantiere.jpg'><img loading=\"lazy\" decoding=\"async\" width=\"271\" height=\"300\" src=\"https:\/\/www.radiopiu.net\/wordpress\/wp-content\/uploads\/2021\/09\/il-cantiere-271x300.jpg\" class=\"attachment-medium size-medium\" alt=\"\" srcset=\"https:\/\/www.radiopiu.net\/wordpress\/wp-content\/uploads\/2021\/09\/il-cantiere-271x300.jpg 271w, https:\/\/www.radiopiu.net\/wordpress\/wp-content\/uploads\/2021\/09\/il-cantiere-925x1024.jpg 925w, https:\/\/www.radiopiu.net\/wordpress\/wp-content\/uploads\/2021\/09\/il-cantiere-768x851.jpg 768w, https:\/\/www.radiopiu.net\/wordpress\/wp-content\/uploads\/2021\/09\/il-cantiere.jpg 1181w\" sizes=\"auto, (max-width: 271px) 100vw, 271px\" \/><\/a>\n\t\t\t\t<\/dt><\/dl><dl class='gallery-item'>\n\t\t\t\t<dt class='gallery-icon landscape'>\n\t\t\t\t\t<a class=\"rollover rollover-zoom dt-pswp-item\" title=\"posa rete e pozzetti\" data-dt-img-description=\"\" data-large_image_width=\"1134\" data-large_image_height=\"850\"href='https:\/\/www.radiopiu.net\/wordpress\/wp-content\/uploads\/2021\/09\/posa-rete-e-pozzetti.jpg'><img loading=\"lazy\" decoding=\"async\" width=\"300\" height=\"225\" src=\"https:\/\/www.radiopiu.net\/wordpress\/wp-content\/uploads\/2021\/09\/posa-rete-e-pozzetti-300x225.jpg\" class=\"attachment-medium size-medium\" alt=\"\" srcset=\"https:\/\/www.radiopiu.net\/wordpress\/wp-content\/uploads\/2021\/09\/posa-rete-e-pozzetti-300x225.jpg 300w, https:\/\/www.radiopiu.net\/wordpress\/wp-content\/uploads\/2021\/09\/posa-rete-e-pozzetti-1024x768.jpg 1024w, https:\/\/www.radiopiu.net\/wordpress\/wp-content\/uploads\/2021\/09\/posa-rete-e-pozzetti-768x576.jpg 768w, https:\/\/www.radiopiu.net\/wordpress\/wp-content\/uploads\/2021\/09\/posa-rete-e-pozzetti.jpg 1134w\" sizes=\"auto, (max-width: 300px) 100vw, 300px\" \/><\/a>\n\t\t\t\t<\/dt><\/dl><br style=\"clear: both\" \/>\n\t\t\t<\/div>\n\n<p>&nbsp;<\/p>\n<p>&nbsp;<\/p>\n<hr \/>\n<p>&nbsp;<\/p>\n<blockquote>\n<h3>INTERNET NELLE ZONE PERIFERICHE DELL&#8217;AGORDINO. ANCHE A TAIBON FRAZIONI SENZA BANDA ULTRA LARGA<\/h3>\n<\/blockquote>\n<p><strong><a href=\"https:\/\/www.radiopiu.net\/wordpress\/fibraottica\/fibra\/\" rel=\"attachment wp-att-135540\"><img loading=\"lazy\" decoding=\"async\" class=\"size-medium wp-image-135540 alignleft\" src=\"https:\/\/www.radiopiu.net\/wordpress\/wp-content\/uploads\/2020\/05\/FIBRA-300x169.jpg\" alt=\"\" width=\"300\" height=\"169\" srcset=\"https:\/\/www.radiopiu.net\/wordpress\/wp-content\/uploads\/2020\/05\/FIBRA-300x169.jpg 300w, https:\/\/www.radiopiu.net\/wordpress\/wp-content\/uploads\/2020\/05\/FIBRA-1024x576.jpg 1024w, https:\/\/www.radiopiu.net\/wordpress\/wp-content\/uploads\/2020\/05\/FIBRA-768x432.jpg 768w, https:\/\/www.radiopiu.net\/wordpress\/wp-content\/uploads\/2020\/05\/FIBRA-1536x864.jpg 1536w, https:\/\/www.radiopiu.net\/wordpress\/wp-content\/uploads\/2020\/05\/FIBRA.jpg 1920w\" sizes=\"auto, (max-width: 300px) 100vw, 300px\" \/><\/a>TAIBON\u00a0<\/strong>Non solo le frazioni alte di Falcade sono tagliate fuori dalla banda ultra larga. Anche a Taibon la storia si ripete e a pagarne le spese sono gli abitanti di Soccol, Col De Carera, Le Coste, Serach e Campedel. Nei mesi scorsi Open Fiber ha posato e cablato la fibra ottica in tutto il paese, frazioni comprese, ma la copertura di internet a banda ultra larga non ha raggiunto la parte alta del paese. A segnalarlo l&#8217;associazione &#8220;I Castelani&#8221; che negli ultimi mesi si sono dati da fare chiamando in causa anche l&#8217;amministrazione comunale chiedendo delucidazioni in merito. La risposta del comune era stata che si informava del mancato servizio ma ad oggi ancora nessuna risposta, ne positiva ne negativa. Sembra che il problema principale sia che le frazioni alte di Taibon siano collegate agli armadi telefonici di Brugnach e quindi sotto distretto di Agordo. Ma questo \u00e8 tutto da vedere, gli abitanti stanno ancora aspettando una risposta ufficiale dal comune di Taibon.<\/p>\n<p>&nbsp;<\/p>\n<p>&nbsp;<\/p>\n<hr \/>\n<p>&nbsp;<\/p>\n<blockquote>\n<h3>NEL BELLUNESE LA VENDEMMIA PARTIRA&#8217; TRA 10 GIORNI<\/h3>\n<\/blockquote>\n<p><strong><a href=\"https:\/\/www.radiopiu.net\/wordpress\/gianluca-rossi-dolomiti-beer-wine-da-napi\/vino-3\/\" rel=\"attachment wp-att-141726\"><img loading=\"lazy\" decoding=\"async\" class=\"size-medium wp-image-141726 alignleft\" src=\"https:\/\/www.radiopiu.net\/wordpress\/wp-content\/uploads\/2020\/06\/vino-300x199.jpg\" alt=\"\" width=\"300\" height=\"199\" srcset=\"https:\/\/www.radiopiu.net\/wordpress\/wp-content\/uploads\/2020\/06\/vino-300x199.jpg 300w, https:\/\/www.radiopiu.net\/wordpress\/wp-content\/uploads\/2020\/06\/vino-1024x678.jpg 1024w, https:\/\/www.radiopiu.net\/wordpress\/wp-content\/uploads\/2020\/06\/vino-768x508.jpg 768w, https:\/\/www.radiopiu.net\/wordpress\/wp-content\/uploads\/2020\/06\/vino-1536x1017.jpg 1536w, https:\/\/www.radiopiu.net\/wordpress\/wp-content\/uploads\/2020\/06\/vino.jpg 1920w\" sizes=\"auto, (max-width: 300px) 100vw, 300px\" \/><\/a>BELLUNO <\/strong>Le giornate assolate e l\u2019escursione termica elevata tra il giorno e la notte stanno garantendo la maturazione ideale delle uve nel Bellunese. La vendemmia inizier\u00e0 tra una decina di giorni nel Feltrino con le variet\u00e0 precoci, come Pinot e Chardonnay, in lieve ritardo rispetto alla tabella di marcia dello scorso anno, dovuto alla primavera fredda e piovosa. \u201c<em>La qualit\u00e0 appare buona, con grappoli sani in virt\u00f9 degli attacchi limitati di peronospera &#8211; spiega Enzo Guarnieri, vicepresidente di Confagricoltura Belluno e presidente del Consorzio Coste del Feltrino -. Per quanto riguarda la quantit\u00e0, la produzione sar\u00e0 buona nelle zone che non sono state colpite dalla grandine, mentre nelle altre il calo andr\u00e0 dal 20 al 50 per cento a seconda dell\u2019entit\u00e0 dell\u2019evento. Per fortuna le tre grandinate hanno colpito a macchia di leopardo e in punti diversi della vallata, perci\u00f2 tanti viticoltori l\u2019hanno scampata o hanno perso solo in parte l\u2019uva. Gli ettari in produzione sono in aumento di circa il 10 per cento, soprattutto nelle variet\u00e0 Glera e in quelle autoctone, cio\u00e8 legate al territorio feltrino, come Pavana, Gata e Bianchetta. Arriveremo perci\u00f2 a quota 45, con un potenziale produttivo di oltre 300.000 bottiglie. In aumento pure le aziende che stanno adottando il metodo biologico, che va di pari passo con la scelta di variet\u00e0 resistenti<\/em>\u201d. Nel Bellunese, secondo i dati 2019 di Veneto Agricoltura, le aziende vitivinicole sono 143 e la superficie vitata complessiva \u00e8 di 212 ettari, di cui circa l\u201980 per cento a bacca bianca e il 20 per cento a bacca nera. La variet\u00e0 in forte incremento \u00e8 la Glera, cio\u00e8 l\u2019uva utilizzata per il Prosecco, che rappresenta circa il 60 per cento sul totale, seguita da Chardonnay (30 per cento) e Pinot Grigio (12,03).<\/p>\n<p>&nbsp;<\/p>\n<p>&nbsp;<\/p>\n<hr \/>\n<p>&nbsp;<\/p>\n<blockquote>\n<h3>AEROSOL IN SITI MONTANI&#8230;IL WORKSHOP A FALCADE<\/h3>\n<\/blockquote>\n<p><strong><a href=\"https:\/\/www.radiopiu.net\/wordpress\/consiglio-comunale-di-falcade-registrazione-integrale-durata-1h33m\/falcade-1\/\" rel=\"attachment wp-att-163186\"><img loading=\"lazy\" decoding=\"async\" class=\"size-medium wp-image-163186 alignleft\" src=\"https:\/\/www.radiopiu.net\/wordpress\/wp-content\/uploads\/2020\/09\/FALCADE-1-300x225.jpg\" alt=\"\" width=\"300\" height=\"225\" srcset=\"https:\/\/www.radiopiu.net\/wordpress\/wp-content\/uploads\/2020\/09\/FALCADE-1-300x225.jpg 300w, https:\/\/www.radiopiu.net\/wordpress\/wp-content\/uploads\/2020\/09\/FALCADE-1-768x576.jpg 768w, https:\/\/www.radiopiu.net\/wordpress\/wp-content\/uploads\/2020\/09\/FALCADE-1-640x480.jpg 640w, https:\/\/www.radiopiu.net\/wordpress\/wp-content\/uploads\/2020\/09\/FALCADE-1.jpg 960w\" sizes=\"auto, (max-width: 300px) 100vw, 300px\" \/><\/a>FALCADE <\/strong>La Societ\u00e0 Italiana di Aerosol, in collaborazione con Universit\u00e0 Ca\u2019 Foscari Venezia, Universit\u00e0 degli Studi di Perugia, ISP e ISAC-CNR, ARPA Valle d\u2019Aosta e Comune di Falcade, organizza il 9 settembre il primo Workshop Italiano sull\u2019inquinamento atmosferico da particolato in alta quota dal titolo \u201cAEROSOL IN SITI MONTANI\u201d. Il Workshop nasce dall\u2019esigenza di creare un incontro tra i gruppi che studiano il particolato atmosferico in siti montani al fine di incentivare uno scambio scientifico in ambito nazionale e internazionale. La cornice dell\u2019evento \u00e8 Falcade, comune nelle Dolomiti Bellunesi, che ospita dal 2012 l\u2019Osservatorio meteo-climatico di alta quota del Col Margherita (MRG) dell\u2019Istituto di Scienze Polari del Consiglio Nazionale delle Ricerche. Falcade sar\u00e0 quindi la prima sede di incontro tra gli scienziati che studiano l\u2019atmosfera nei siti montani per fare il punto sulla situazione italiana. Nella mattinata esperti nazionali ed internazionali affronteranno temi importanti, legati alla fisica e alla chimica degli aerosol atmosferici ad alta quota. Il particolato atmosferico \u00e8 un tema molto importante a causa dei suoi effetti sul clima e sulla salute umana. In particolare, le aree remote e montane, lontane da sorgenti di inquinamento, rappresentano le prime \u201csentinelle\u201d da cui osservare i fenomeni di cambiamento in atto. Nel pomeriggio, verranno esposti gli studi e i monitoraggi condotti nei pi\u00f9 importanti siti montani presenti in Italia. Quest\u2019ultimi sono fondamentali per indagare le sorgenti e i meccanismi di trasporto degli inquinanti sia a livello locale che globale. Come ci ha anche insegnato il recente lockdown, infatti, le attivit\u00e0 umane possono profondamente influire sulla qualit\u00e0 dell&#8217;aria che respiriamo. La giornata si concluder\u00e0 con una tavola rotonda che permetter\u00e0 di valutare l\u2019attuale situazione dell\u2019inquinamento atmosferico nelle aree montane italiane e di progettare nuove attivit\u00e0 di collaborazione scientifica tra le diverse istituzioni coinvolte.<\/p>\n<p>&nbsp;<\/p>\n<p>&nbsp;<\/p>\n<hr \/>\n<p>&nbsp;<\/p>\n<blockquote>\n<h3>SABATO SERA, \u201cSOGNANDO LOURDES\u201d: UNITALSI BELLUNO-FELTRE IN NEVEGAL<\/h3>\n<\/blockquote>\n<p><strong>di Renato Bona<\/strong><\/p>\n<p>Nell\u2019impossibilit\u00e0 di raggiungere fisicamente la Grotta di Massabielle (scrive Wikipedia: \u201cGrotta naturale di Lourdes, situata all&#8217;interno del santuario di Nostra Signora di Lourdes, divenuta dal 1858 luogo di pellegrinaggio cristiano a seguito delle apparizioni della Vergine Maria cui avrebbe assistito Bernadette Soubirous\u201d) per il cinquantesimo pellegrinaggio, la sottosezione di Belluno-Feltre dell\u2019Unitalsi (acronimo di Unione nazionale italiana trasporto ammalati a Lourdes e Santuari internazionali) propone per sabato 11 al santuario mariano del Col Nevegal, voluto dallo scomparso vescovo Maffeo Ducoli, e intitolato proprio a Maria Immacolata Nostra Signora di Lourdes (rettore \u00e8 don Francesco De Luca), con lo slogan \u201cSognando Lourdes\u201d, un momento d\u2019incontro \u201cper tutti coloro che quest\u2019anno avrebbero voluto partecipare al pellegrinaggio a Lourdes, per chi vi \u00e8 gi\u00e0 stato sia come malato, sia come pellegrino o personale\u201d. Nel sito diocesano chiesabellunofeltre in proposito si legge: \u201cManca a tutti la possibilit\u00e0 di poter raggiungere la Grotta di Massabielle, ma la situazione attuale di questa pandemia ci impedisce di organizzare in sicurezza il 50. pellegrinaggio, perci\u00f2 ecco nascere l\u2019idea di passare una serata insieme, proprio al Nevegal dove la nostra Madonnina di Lourdes ci aspetta guardandoci col suo sguardo benevolo e benedicendo ognuno di noi con il suo immenso amore\u201d. Questo il programma che \u00e8 stato predisposto: alle 17,45 arrivo ed accoglienza in Nevegal; alle 19 celebrazione della messa presieduta dall\u2019assistente don Vito De Vido (che \u00e8 anche parroco di Canale d\u2019Agordo e Vallada Agordina, subentrato a don Lino Del Favero); alle 19 spuntino in compagnia preparato dagli amici dell\u2019Unitalsi di Belluno-Feltre (solo con \u201cGreen pass\u201d): dalle 20,15 presieduto dal vescovo monsignor Renato Marangoni, il suggestivo \u201cFlambeaux\u201d a proposito del quale citiamo dal sito chiesadimilano: \u201cLe fiammelle che diventano un mare di luce quando i pellegrini di tutte le parti del mondo, seguendo la statua della Madonna, le alzano all\u2019Ave Maria; il Rosario, recitato in tante diverse lingue, mentre si costeggia la Gave e si percorre l\u2019Esplanade per arrivare, infine, davanti alle Basiliche Inferiore e Superiore con le rampe illuminate anch\u2019esse dalle candele di altre centinaia di fedeli. \u00c8 la Processione \u201caux flambeaux\u201d, che conclude ogni giorno a Lourdes con lo scambio di un gesto di pace e una parola di amicizia, prolungando il fervore della preghiera, nel silenzio, alla grotta\u201d. Ai fini della migliore organizzazione dell\u2019evento, i promotori dell\u2019iniziativa bellunese chiedono a quanti fossero interessati di dare l\u2019adesione entro gioved\u00ec telefonando ad uno dei seguenti numeri: 340-7929200 Angela, 333-4316843 Paola, 366-8732766 Dora. Viene annunciato che le eventuali offerte raccolte durante la cena saranno destinate per il nuovo stendardo che sar\u00e0 inaugurato con il pellegrinaggio a Lourdes del prossimo anno. Una raccomandazione: tutti i partecipanti dovranno indossare la mascherina, avere la precauzione di igienizzare frequentemente le mani e mantenere il distanziamento, cos\u00ec come richiesto dalla vigente normativa. Dal 1903 l\u2019Unione &#8211; come precisa il sito telematico della stessa &#8211; \u00e8 alimentata dall\u2019operosit\u00e0 gratuita di volontari che si impegnano per organizzare, accompagnare, assistere durante i pellegrinaggi le persone con disabilit\u00e0, malate, anziane o comunque bisognose di aiuto. Il pellegrinaggio \u00e8 l\u2019esperienza di carit\u00e0 che accompagna il loro agire quotidiano per essere sostegno, vicinanza e solidariet\u00e0 nella vita di ogni giorno. Per questo l\u2019Unitalsi non solo \u00e8 un\u2019associazione di Chiesa, ma \u00e8 anche un\u2019associazione di promozione sociale nonch\u00e9 organizzazione di volontariato facente parte del Servizio nazionale della Protezione civile. Sorelle, barellieri, famiglie, operatori sanitari, giovani, sacerdoti, persone con disabilit\u00e0, benefattori sono tutte le anime che muovono e danno senso all\u2019Associazione.<\/p>\n\n\t\t\t<style type='text\/css'>\n\t\t\t\t#gallery-3 {\n\t\t\t\t\tmargin: auto;\n\t\t\t\t}\n\t\t\t\t#gallery-3 .gallery-item {\n\t\t\t\t\tfloat: left;\n\t\t\t\t\tmargin-top: 10px;\n\t\t\t\t\ttext-align: center;\n\t\t\t\t\twidth: 14%;\n\t\t\t\t}\n\t\t\t\t#gallery-3 img {\n\t\t\t\t\tborder: 2px solid #cfcfcf;\n\t\t\t\t}\n\t\t\t\t#gallery-3 .gallery-caption {\n\t\t\t\t\tmargin-left: 0;\n\t\t\t\t}\n\t\t\t\t\/* see gallery_shortcode() in wp-includes\/media.php *\/\n\t\t\t<\/style>\n\t\t<div id='gallery-3' class='dt-gallery-container gallery galleryid-231078 gallery-columns-7 gallery-size-thumbnail'><dl class='gallery-item'>\n\t\t\t\t<dt class='gallery-icon landscape'>\n\t\t\t\t\t<a class=\"rollover rollover-zoom dt-pswp-item\" title=\"241251459_605040014239502_5787058308154184096_n\" data-dt-img-description=\"\" data-large_image_width=\"305\" data-large_image_height=\"95\"href='https:\/\/www.radiopiu.net\/wordpress\/wp-content\/uploads\/2021\/09\/241251459_605040014239502_5787058308154184096_n.png'><img loading=\"lazy\" decoding=\"async\" width=\"150\" height=\"95\" src=\"https:\/\/www.radiopiu.net\/wordpress\/wp-content\/uploads\/2021\/09\/241251459_605040014239502_5787058308154184096_n-150x95.png\" class=\"attachment-thumbnail size-thumbnail\" alt=\"\" \/><\/a>\n\t\t\t\t<\/dt><\/dl><dl class='gallery-item'>\n\t\t\t\t<dt class='gallery-icon landscape'>\n\t\t\t\t\t<a class=\"rollover rollover-zoom dt-pswp-item\" title=\"241388966_609262126733950_3827144163741517535_n\" data-dt-img-description=\"\" data-large_image_width=\"538\" data-large_image_height=\"398\"href='https:\/\/www.radiopiu.net\/wordpress\/wp-content\/uploads\/2021\/09\/241388966_609262126733950_3827144163741517535_n.png'><img loading=\"lazy\" decoding=\"async\" width=\"150\" height=\"150\" src=\"https:\/\/www.radiopiu.net\/wordpress\/wp-content\/uploads\/2021\/09\/241388966_609262126733950_3827144163741517535_n-150x150.png\" class=\"attachment-thumbnail size-thumbnail\" alt=\"\" \/><\/a>\n\t\t\t\t<\/dt><\/dl><dl class='gallery-item'>\n\t\t\t\t<dt class='gallery-icon portrait'>\n\t\t\t\t\t<a class=\"rollover rollover-zoom dt-pswp-item\" title=\"241227714_148901784091239_7568409713100944520_n\" data-dt-img-description=\"\" data-large_image_width=\"277\" data-large_image_height=\"327\"href='https:\/\/www.radiopiu.net\/wordpress\/wp-content\/uploads\/2021\/09\/241227714_148901784091239_7568409713100944520_n.jpg'><img loading=\"lazy\" decoding=\"async\" width=\"150\" height=\"150\" src=\"https:\/\/www.radiopiu.net\/wordpress\/wp-content\/uploads\/2021\/09\/241227714_148901784091239_7568409713100944520_n-150x150.jpg\" class=\"attachment-thumbnail size-thumbnail\" alt=\"\" \/><\/a>\n\t\t\t\t<\/dt><\/dl><dl class='gallery-item'>\n\t\t\t\t<dt class='gallery-icon landscape'>\n\t\t\t\t\t<a class=\"rollover rollover-zoom dt-pswp-item\" title=\"241178229_4649245495110002_3732885838124610719_n\" data-dt-img-description=\"\" data-large_image_width=\"600\" data-large_image_height=\"401\"href='https:\/\/www.radiopiu.net\/wordpress\/wp-content\/uploads\/2021\/09\/241178229_4649245495110002_3732885838124610719_n.jpg'><img loading=\"lazy\" decoding=\"async\" width=\"150\" height=\"150\" src=\"https:\/\/www.radiopiu.net\/wordpress\/wp-content\/uploads\/2021\/09\/241178229_4649245495110002_3732885838124610719_n-150x150.jpg\" class=\"attachment-thumbnail size-thumbnail\" alt=\"\" \/><\/a>\n\t\t\t\t<\/dt><\/dl><dl class='gallery-item'>\n\t\t\t\t<dt class='gallery-icon portrait'>\n\t\t\t\t\t<a class=\"rollover rollover-zoom dt-pswp-item\" title=\"158287165_748205775827244_2233335179809948471_n\" data-dt-img-description=\"\" data-large_image_width=\"270\" data-large_image_height=\"408\"href='https:\/\/www.radiopiu.net\/wordpress\/wp-content\/uploads\/2021\/09\/158287165_748205775827244_2233335179809948471_n.png'><img loading=\"lazy\" decoding=\"async\" width=\"150\" height=\"150\" src=\"https:\/\/www.radiopiu.net\/wordpress\/wp-content\/uploads\/2021\/09\/158287165_748205775827244_2233335179809948471_n-150x150.png\" class=\"attachment-thumbnail size-thumbnail\" alt=\"\" \/><\/a>\n\t\t\t\t<\/dt><\/dl><dl class='gallery-item'>\n\t\t\t\t<dt class='gallery-icon landscape'>\n\t\t\t\t\t<a class=\"rollover rollover-zoom dt-pswp-item\" title=\"241556424_263822408746572_2901672798970311649_n\" data-dt-img-description=\"\" data-large_image_width=\"582\" data-large_image_height=\"403\"href='https:\/\/www.radiopiu.net\/wordpress\/wp-content\/uploads\/2021\/09\/241556424_263822408746572_2901672798970311649_n.jpg'><img loading=\"lazy\" decoding=\"async\" width=\"150\" height=\"150\" src=\"https:\/\/www.radiopiu.net\/wordpress\/wp-content\/uploads\/2021\/09\/241556424_263822408746572_2901672798970311649_n-150x150.jpg\" class=\"attachment-thumbnail size-thumbnail\" alt=\"\" \/><\/a>\n\t\t\t\t<\/dt><\/dl><dl class='gallery-item'>\n\t\t\t\t<dt class='gallery-icon landscape'>\n\t\t\t\t\t<a class=\"rollover rollover-zoom dt-pswp-item\" title=\"241236832_536061120807292_4766790669765262848_n\" data-dt-img-description=\"\" data-large_image_width=\"540\" data-large_image_height=\"403\"href='https:\/\/www.radiopiu.net\/wordpress\/wp-content\/uploads\/2021\/09\/241236832_536061120807292_4766790669765262848_n.jpg'><img loading=\"lazy\" decoding=\"async\" width=\"150\" height=\"150\" src=\"https:\/\/www.radiopiu.net\/wordpress\/wp-content\/uploads\/2021\/09\/241236832_536061120807292_4766790669765262848_n-150x150.jpg\" class=\"attachment-thumbnail size-thumbnail\" alt=\"\" \/><\/a>\n\t\t\t\t<\/dt><\/dl><br style=\"clear: both\" \/>\n\t\t\t<\/div>\n\n<p>NELLE FOTO (Renato Bona e siti chiesabellunofeltre e chiesadimilano): il logo di Unitalsi; il santuario mariano del Nevegal; il rettore don Francesco De Luca; il santuario di Lourdes; don Vito De Vito assistente Unitalsi: celebrer\u00e0 la messa sul Colle bellunese; il vescovo di Belluno-Feltre Renato, monsignor Marangoni che presieder\u00e0 la processione; un\u2019immagine francese della processione \u201caux flambeaux\u201d.<\/p>\n<p>&nbsp;<\/p>\n<p>&nbsp;<\/p>\n<hr \/>\n<p>&nbsp;<\/p>\n<blockquote>\n<h3>INSIEME PER ROCCA, LA PREMIAZIONE VENERDI&#8217;<\/h3>\n<\/blockquote>\n<p><strong>ROCCA PIETORE<\/strong> Venerd\u00ec alle 16:30 presso la sala &#8220;El Teaz&#8221; di Rocca Pietore ci sar\u00e0 la cerimonia di premiazione delle Terza edizione del Progetto insieme per Rocca rivolto agli studenti e ai non studenti vincitori dei due concorsi ideati da Maria Luisa Daniele Toffanin autrice della silloge poetica \u201cLa casa in mezzo al prato\u201d. Per motivazioni legate all\u2019emergenza Covid l\u2019accesso alla sala El Teaz e\u0300 autorizzato a sole 50 persone salvo successive disposizioni.<\/p>\n<p>\u200b<\/p>\n<p>&nbsp;<\/p>\n<hr \/>\n<p>&nbsp;<\/p>\n<blockquote>\n<h3>CUGNISCION NOSTE VIJINANZE<\/h3>\n<\/blockquote>\n<p><strong>COLLE SANTA LUCIA<\/strong> Istitut Ladin Cesa De Jan assieme al comune di Livinallongo del Col Di Lana organizzano delle gite alla scoperta delle vicinie di Fodom. I prossimi appuntamenti: Pieve e Salesei il 9 settembre. Il costo delle visite \u00e8 di 15 euro per gli adulti e 7 per i bambini (pranzo non compreso). Si consiglia un abbigliamento da trekking. Info e prenotazioni al 3343346680<\/p>\n<p>&nbsp;<\/p>\n<p>&nbsp;<\/p>\n<hr \/>\n<p>&nbsp;<\/p>\n<blockquote>\n<h3>RITORNA LA CICLINVALLE\u00a0 AGORDO-COL DI PRA IN VALLE DI SAN LUCANO<\/h3>\n<\/blockquote>\n<p><strong>AGORDO<\/strong>\u00a027^ edizione della CiclinValle pedalata di beneficienza pro Unicef. E\u2019 in programma domenica 12 settembre con partenza alle 10 dalla localit\u00e0 Valcozzena. Si pu\u00f2 partecipare con autocertificazione scaricabile dal sito di Attivamente Agordino. In caso di maltempo la manifestazione sar\u00e0 annullata. Iscrizioni 10 euro sabato 11 in piscina ad Agordo dalle 16 alle 19, domenica in localit\u00e0 Valcozzena dalle 8.30 alle 9.30.<\/p>\n<p>&nbsp;<\/p>\n<p>&nbsp;<\/p>\n<hr \/>\n<p>&nbsp;<\/p>\n<blockquote>\n<h3>LA SANTA MESSA A FORCELLA CAMP<\/h3>\n<\/blockquote>\n<p><strong>AGORDO<\/strong> Sabato 11 settembre si terr\u00e0 la consueta Santa Messa a Forcella Camp in occasione del 23\u00b0 anno dalla posa in opera del capitello.<\/p>\n<p>&nbsp;<\/p>\n<p>&nbsp;<\/p>\n<hr \/>\n<p>&nbsp;<\/p>\n<blockquote>\n<h3>I 130 ANNI DEL CAI BELLUNO: GLI APPUNTAMENTI<\/h3>\n<\/blockquote>\n<p><strong>BELLUNO<\/strong> Gli appuntamenti in programma nei prossimi giorni con il coro Cai di Belluno per celebrare i 130 anni dalla fondazione della sezione di Belluno.\u00a0 L&#8217;11 settembre al Rifugio Settimo Alpini per la messa in ricordo dei caduti della montagna.<\/p>\n<p>&nbsp;<\/p>\n<p>&nbsp;<\/p>\n<hr \/>\n<p>&nbsp;<\/p>\n<blockquote>\n<h3>CAMMINATURALMENTE RITORNA CON 2 APPUNTAMENTI<\/h3>\n<\/blockquote>\n<p><strong>BELLUNO<\/strong> Ultimo in programma per Camminaturalmente 2021 alla scoperta di itinierari naturalistici e ambientali con Anacleto Boranga.\u00a0 L&#8217;11 settembre sar\u00e0 la volta di IGNE E LE SUE STRADE LASTRICATE per scoprire chilometri di mulattiere che salgono il paese. Iscrizione obbligatoria a biblioteca@comune.belluno.it o al numero 0437 948093 entro le 12:30 del venerdi che precede la camminata. Dovranno essere rispettate le norme anticovid, massimo 15 persone per itinerario.<\/p>\n<p>&nbsp;<\/p>\n<p>&nbsp;<\/p>\n<hr \/>\n<p>&nbsp;<\/p>\n<blockquote>\n<h3>SETTIMANA DANTESCA IN ALPAGO<\/h3>\n<\/blockquote>\n<p><strong>ALPAGO<\/strong> Sar\u00e0 una settimana dedicata al sommo poeta Dante quella che inizier\u00e0 il 5 settembre in Alpago. Si inizia dal Municipio di Alpago dove domenica 5 settembre alle 16 verr\u00e0 inauguarata una mostra a cura di Serena Dal Borgo ed Erminio Mazzucco. Marted\u00ec 7 alle 20:30 al bocciodromo il concerto della banda comunale di Farra e gioved\u00ec 9, sempre al bocciodromo, il concerto della banda S. Cecilia di Puos. La serie di appuntamenti si chiude il 12 settembre presso la scacchiera quando il quartetto di clarinetti Barance si esibiranno alle 17:30.<\/p>\n<p>&nbsp;<\/p>\n<p>&nbsp;<\/p>\n<hr \/>\n<p>&nbsp;<\/p>\n<blockquote>\n<h3>CONCERTI TIPI DI NOTE A LONGARONE<\/h3>\n<\/blockquote>\n<p><strong>LONGARONE<\/strong> \u00c8 in programma per l&#8217;11 settembre alle 21 <span style=\"font-family: Arial;\">Concerti Tipi Di Note, musica inedita 100% Made in Belluno, <\/span><span style=\"font-family: Arial;\">che si terr\u00e0 presso lo Stadio Comunale di Longarone. Una serata da non perdere grazie ai gruppi Bad Mood e Elisa Zaghis Music accompagnati dall&#8217;Orchestra DoLaMiti composta da archi e legni. Si raccomanda il rispetto delle norme nazionali e regionali di contenimento dell&#8217;emergenza Covid-19 e <u>vi consigliamo di portare con voi una coperta per potervi sedere comodamente sul prato<\/u>.<\/span><\/p>\n<p>&nbsp;<\/p>\n<p>&nbsp;<\/p>\n<hr \/>\n<p>&nbsp;<\/p>\n<blockquote>\n<h3>LIBRI E LABBRA. BIBLIOTECHE SOGNANTI E RISONANTI DOMANI A BELLUNO<\/h3>\n<\/blockquote>\n<p><strong><a href=\"https:\/\/www.radiopiu.net\/wordpress\/giornale-radiopiu-07-settembre-2021-direttore-mirko-mezzacasa\/ex-libris-biblioteca\/\" rel=\"attachment wp-att-231102\"><img loading=\"lazy\" decoding=\"async\" class=\"size-medium wp-image-231102 alignleft\" src=\"https:\/\/www.radiopiu.net\/wordpress\/wp-content\/uploads\/2021\/09\/ex-libris-biblioteca-300x225.jpg\" alt=\"\" width=\"300\" height=\"225\" srcset=\"https:\/\/www.radiopiu.net\/wordpress\/wp-content\/uploads\/2021\/09\/ex-libris-biblioteca-300x225.jpg 300w, https:\/\/www.radiopiu.net\/wordpress\/wp-content\/uploads\/2021\/09\/ex-libris-biblioteca-1024x768.jpg 1024w, https:\/\/www.radiopiu.net\/wordpress\/wp-content\/uploads\/2021\/09\/ex-libris-biblioteca-768x576.jpg 768w, https:\/\/www.radiopiu.net\/wordpress\/wp-content\/uploads\/2021\/09\/ex-libris-biblioteca-1536x1152.jpg 1536w, https:\/\/www.radiopiu.net\/wordpress\/wp-content\/uploads\/2021\/09\/ex-libris-biblioteca.jpg 1632w\" sizes=\"auto, (max-width: 300px) 100vw, 300px\" \/><\/a>BELLUNO <\/strong>La storia della nascita di una delle pi\u00f9 importanti biblioteche di Belluno e l\u2019avvincente rievocazione dell\u2019evento storico che la vide protagonista del saccheggio da parte delle truppe austro-ungariche durante la fine della Grande Guerra, nella primavera del 1918. La Biblioteca Buzzati <em>rivivr\u00e0<\/em> proprio a Villa Buzzati San Pellegrino, tra le mura che un tempo la custodivano, attraverso le parole di Monica Frapporti e le lettura di Mirta Amanda Barbonetti. Domani alle 20:45 Monica Frapporti racconter\u00e0 ai presenti le vicende di questa biblioteca: dalla fondazione da parte di Augusto e del figlio Giulio Cesare, passando per il saccheggio durante l\u2019occupazione del 1917-18, fino al difficile recupero di alcuni libri dopo la guerra e alla donazione degli stessi al Comune di Belluno. Un\u2019avvincente rievocazione storica in cui i libri sono i veri protagonisti, insieme alla Citt\u00e0 e al suo Podest\u00e0, ai generali, i soldati, gli artigiani e i cittadini, tutti testimoni di quei giorni di guerra e scompiglio. Gli eventi si terranno nel Granaio (60 posti). Ingresso offerta libera. Prenotazione obbligatoria al 351 6082602. L\u2019accesso alle manifestazioni sar\u00e0 consentito solo su esibizione di Green Pass o tampone negativo nelle ultime 48 ore.<\/p>\n<p>&nbsp;<\/p>\n<p>&nbsp;<\/p>\n<hr \/>\n<p>&nbsp;<\/p>\n<blockquote>\n<h3>OGGI A BELLUNO IL CONCERTO DI ZLATOMIR FUNG<\/h3>\n<\/blockquote>\n<p><strong><a href=\"https:\/\/www.radiopiu.net\/wordpress\/giornale-radiopiu-03-settembre-2021-direttore-mirko-mezzacasa\/zlatomirfung\/\" rel=\"attachment wp-att-230588\"><img loading=\"lazy\" decoding=\"async\" class=\"size-medium wp-image-230588 alignleft\" src=\"https:\/\/www.radiopiu.net\/wordpress\/wp-content\/uploads\/2021\/09\/ZlatomirFung-300x187.jpg\" alt=\"\" width=\"300\" height=\"187\" srcset=\"https:\/\/www.radiopiu.net\/wordpress\/wp-content\/uploads\/2021\/09\/ZlatomirFung-300x187.jpg 300w, https:\/\/www.radiopiu.net\/wordpress\/wp-content\/uploads\/2021\/09\/ZlatomirFung-1024x637.jpg 1024w, https:\/\/www.radiopiu.net\/wordpress\/wp-content\/uploads\/2021\/09\/ZlatomirFung-768x478.jpg 768w, https:\/\/www.radiopiu.net\/wordpress\/wp-content\/uploads\/2021\/09\/ZlatomirFung-1536x955.jpg 1536w, https:\/\/www.radiopiu.net\/wordpress\/wp-content\/uploads\/2021\/09\/ZlatomirFung-2048x1274.jpg 2048w\" sizes=\"auto, (max-width: 300px) 100vw, 300px\" \/><\/a>BELLUNO <\/strong>Riprende la 68a Stagione 2021 del Circolo Culturale Bellunese, con l&#8217;atteso concerto del vincitore del 1\u00b0 premio Concorso \u010cajkovskij 2019, Zlatomir Fung, violoncello, oggi alle 19:00, Teatro Giovanni XXIII, Belluno. Prenotazione richiesta, presso Agenzia Alpe Bellunese: tel. 0437 940407, e-mail: info@alpebellunese.it. Si ricorda l\u2019utilizzo della mascherina nel rispetto delle distanze e delle norme anti Covid-19. Le modalit\u00e0 di accesso potranno cambiare in riferimento ad eventuali sopraggiunti nuovi decreti e nuove ordinanze relative all\u2019emergenza sanitaria in corso. Si prega pertanto il pubblico di controllare gli aggiornamenti che verranno pubblicati sul sito e le pagine social del Circolo. Informazioni, programma completo della 68a Stagione 2021 e note di sala consultabili su: www.belcircolo.org.<\/p>\n<p>&nbsp;<\/p>\n<p>&nbsp;<\/p>\n<hr \/>\n<p>&nbsp;<\/p>\n<blockquote>\n<h3>GLI ORARI DELLA PRO LOCO DI CANALE D&#8217;AGORDO<\/h3>\n<\/blockquote>\n<p><strong>CANALE D&#8217;AGORDO<\/strong> Si comunica che fino al 12 settembre l&#8217;ufficio pro loco, il Museo e la Casa natale di Papa Luciani sono aperti tutti i giorni dalle 9.00 alle 13.00 e dalle 15.00 alle 19.00 (Casa natale 9.00-12.00; 15.00-18.00). A seguire, fino a fine ottobre, osserveranno i seguenti orari: <b><i>PRO LOCO- MUSEO ALBINO LUCIANI <\/i><\/b>venerd\u00ec, sabato e domenica 9.00-12.00; 15.00-18.00. <b><i>CASA NATALE PAPA LUCIANI <\/i><\/b>sabato e domenica 10.00-12.00; 16.00-18.00. A novembre ufficio informazioni CHIUSO, mentre Museo e Casa natale apriranno SOLO su richiesta e PRENOTAZIONE allo 0437 1948001 (WhatsApp 377 9665237).<\/p>\n<p>&nbsp;<\/p>\n<p>&nbsp;<\/p>\n<hr \/>\n<p>&nbsp;<\/p>\n<blockquote>\n<h3>PER FESTEGGIARE I 25 ANNI DEL MUSEO DI MEL, UN\u2019ESPOSIZIONE DI REPERTI ARCHEOLOGICI DA TUTTO IL TERRITORIO DI BORGO VALBELLUNA<\/h3>\n<\/blockquote>\n<p><strong>BORGO VALBELLUNA <\/strong>Il Museo civico archeologico di Mel, dove sono esposti i corredi tombali provenienti dalla necropoli di Mel dell&#8217;Et\u00e0 del ferro e materiali provenienti dai pi\u00f9 recenti scavi dell&#8217;abitato \u00e8 stato inaugurato nel 1996 e quest\u2019anno compie 25 anni. L\u2019esposizione sar\u00e0 inaugurata sabato 11 settembre alle ore 11.00 e sar\u00e0 visitabile nella sede del Museo di Borgo Valbelluna, palazzo delle Contesse \u2013 Mel, dall\u201911 settembre 2021 al 9 gennaio 2022, sabato e domenica 9.00-12.00 \u2013 15.00-18.00. Per informazioni: www.museomel.it &#8211; <a href=\"mailto:info@museomel.it\">info@museomel.it<\/a>; Ufficio Turistico Valbelluna: 0437 544294 &#8211; turismo.mel@borgovalbelluna.bl.it.<\/p>\n<p>&nbsp;<\/p>\n<p>&nbsp;<\/p>\n<hr \/>\n<p>&nbsp;<\/p>\n<h1><span style=\"color: #ff0000;\">IERI ALLA RADIO<\/span><\/h1>\n<h2><a href=\"https:\/\/www.radiopiu.net\/wordpress\/il-punto-sulla-stagione-estiva-in-alta-badia-con-roberto-huber\/roberto-huber-2\/\" rel=\"attachment wp-att-230861\"><img loading=\"lazy\" decoding=\"async\" class=\"size-medium wp-image-230861 alignleft\" src=\"https:\/\/www.radiopiu.net\/wordpress\/wp-content\/uploads\/2021\/09\/ROBERTO-HUBER-300x238.png\" alt=\"\" width=\"300\" height=\"238\" srcset=\"https:\/\/www.radiopiu.net\/wordpress\/wp-content\/uploads\/2021\/09\/ROBERTO-HUBER-300x238.png 300w, https:\/\/www.radiopiu.net\/wordpress\/wp-content\/uploads\/2021\/09\/ROBERTO-HUBER-1024x812.png 1024w, https:\/\/www.radiopiu.net\/wordpress\/wp-content\/uploads\/2021\/09\/ROBERTO-HUBER-768x609.png 768w, https:\/\/www.radiopiu.net\/wordpress\/wp-content\/uploads\/2021\/09\/ROBERTO-HUBER.png 1074w\" sizes=\"auto, (max-width: 300px) 100vw, 300px\" \/><\/a><span style=\"color: #33cccc;\"><strong>IL PUNTO SULLA STAGIONE ESTIVA IN ALTA BADIA CON ROBERTO HUBER<\/strong><\/span><\/h2>\n<p><strong>di Claudio Fontanive<\/strong><\/p>\n<p>OSPITE: Roberto Huber, direttore di Alta Badia Brand<\/p>\n<audio class=\"wp-audio-shortcode\" id=\"audio-231078-2\" preload=\"none\" style=\"width: 100%;\" controls=\"controls\"><source type=\"audio\/mpeg\" src=\"https:\/\/www.radiopiu.net\/wordpress\/wp-content\/uploads\/2021\/09\/roberto-huber-6-settembre.mp3?_=2\" \/><a href=\"https:\/\/www.radiopiu.net\/wordpress\/wp-content\/uploads\/2021\/09\/roberto-huber-6-settembre.mp3\">https:\/\/www.radiopiu.net\/wordpress\/wp-content\/uploads\/2021\/09\/roberto-huber-6-settembre.mp3<\/a><\/audio>\n<p>&nbsp;<\/p>\n<hr \/>\n<p>&nbsp;<\/p>\n<blockquote class=\"wp-embedded-content\" data-secret=\"W6khRzx0va\"><p><a href=\"https:\/\/www.radiopiu.net\/wordpress\/william-da-roit-ed-elvis-secco-nel-giro-ditalia-running-lo-speciale-alla-radio\/\">WILLIAM DA ROIT ED ELVIS SECCO NEL GIRO D&#8217;ITALIA RUNNING&#8230;LO SPECIALE ALLA RADIO<\/a><\/p><\/blockquote>\n<p><iframe loading=\"lazy\" class=\"wp-embedded-content\" sandbox=\"allow-scripts\" security=\"restricted\" style=\"position: absolute; clip: rect(1px, 1px, 1px, 1px);\" title=\"&#8220;WILLIAM DA ROIT ED ELVIS SECCO NEL GIRO D&#8217;ITALIA RUNNING&#8230;LO SPECIALE ALLA RADIO&#8221; &#8212; Radio Pi\u00f9\" src=\"https:\/\/www.radiopiu.net\/wordpress\/william-da-roit-ed-elvis-secco-nel-giro-ditalia-running-lo-speciale-alla-radio\/embed\/#?secret=W6khRzx0va\" data-secret=\"W6khRzx0va\" width=\"600\" height=\"338\" frameborder=\"0\" marginwidth=\"0\" marginheight=\"0\" scrolling=\"no\"><\/iframe><\/p>\n<p>&nbsp;<\/p>\n<hr \/>\n<p>&nbsp;<\/p>\n<blockquote class=\"wp-embedded-content\" data-secret=\"XnVvlg8z6Q\"><p><a href=\"https:\/\/www.radiopiu.net\/wordpress\/i-misteri-di-alleghe-di-sergio-saviane-alla-radio-con-lattore-roberto-faoro-il-podcast\/\">&#8220;I MISTERI DI ALLEGHE DI SERGIO SAVIANE&#8221; ALLA RADIO CON L&#8217;ATTORE ROBERTO FAORO &#8211; IL PODCAST<\/a><\/p><\/blockquote>\n<p><iframe loading=\"lazy\" class=\"wp-embedded-content\" sandbox=\"allow-scripts\" security=\"restricted\" style=\"position: absolute; clip: rect(1px, 1px, 1px, 1px);\" title=\"&#8220;&#8220;I MISTERI DI ALLEGHE DI SERGIO SAVIANE&#8221; ALLA RADIO CON L&#8217;ATTORE ROBERTO FAORO &#8211; IL PODCAST&#8221; &#8212; Radio Pi\u00f9\" src=\"https:\/\/www.radiopiu.net\/wordpress\/i-misteri-di-alleghe-di-sergio-saviane-alla-radio-con-lattore-roberto-faoro-il-podcast\/embed\/#?secret=XnVvlg8z6Q\" data-secret=\"XnVvlg8z6Q\" width=\"600\" height=\"338\" frameborder=\"0\" marginwidth=\"0\" marginheight=\"0\" scrolling=\"no\"><\/iframe><\/p>\n<h2><\/h2>\n<hr \/>\n<p>&nbsp;<\/p>\n<h2><strong><a href=\"https:\/\/www.radiopiu.net\/wordpress\/plastic-free-quinta-puntata\/img-20210802-wa0007\/\" rel=\"attachment wp-att-230084\"><img loading=\"lazy\" decoding=\"async\" class=\"size-medium wp-image-230084 alignleft\" src=\"https:\/\/www.radiopiu.net\/wordpress\/wp-content\/uploads\/2021\/08\/IMG-20210802-WA0007-300x225.jpg\" alt=\"\" width=\"300\" height=\"225\" srcset=\"https:\/\/www.radiopiu.net\/wordpress\/wp-content\/uploads\/2021\/08\/IMG-20210802-WA0007-300x225.jpg 300w, https:\/\/www.radiopiu.net\/wordpress\/wp-content\/uploads\/2021\/08\/IMG-20210802-WA0007-1024x768.jpg 1024w, https:\/\/www.radiopiu.net\/wordpress\/wp-content\/uploads\/2021\/08\/IMG-20210802-WA0007-768x576.jpg 768w, https:\/\/www.radiopiu.net\/wordpress\/wp-content\/uploads\/2021\/08\/IMG-20210802-WA0007-1536x1152.jpg 1536w, https:\/\/www.radiopiu.net\/wordpress\/wp-content\/uploads\/2021\/08\/IMG-20210802-WA0007.jpg 1600w\" sizes=\"auto, (max-width: 300px) 100vw, 300px\" \/><\/a><span style=\"color: #0000ff;\">PLASTIC FREE &#8211; QUINTA PUNTATA<\/span><\/strong><\/h2>\n<p><strong>Con la collaborazione di Martina Smaniotto<\/strong><\/p>\n<audio class=\"wp-audio-shortcode\" id=\"audio-231078-3\" preload=\"none\" style=\"width: 100%;\" controls=\"controls\"><source type=\"audio\/mpeg\" src=\"https:\/\/www.radiopiu.net\/wordpress\/wp-content\/uploads\/2021\/08\/PLASTIC-FREE-5.mp3?_=3\" \/><a href=\"https:\/\/www.radiopiu.net\/wordpress\/wp-content\/uploads\/2021\/08\/PLASTIC-FREE-5.mp3\">https:\/\/www.radiopiu.net\/wordpress\/wp-content\/uploads\/2021\/08\/PLASTIC-FREE-5.mp3<\/a><\/audio>\n<p>&nbsp;<\/p>\n<blockquote class=\"wp-embedded-content\" data-secret=\"7JuH0ILnWs\"><p><a href=\"https:\/\/www.radiopiu.net\/wordpress\/plastic-free-per-un-mondo-senza-plastica\/\">PLASTIC FREE per un mondo senza plastica<\/a><\/p><\/blockquote>\n<p><iframe loading=\"lazy\" class=\"wp-embedded-content\" sandbox=\"allow-scripts\" security=\"restricted\" style=\"position: absolute; clip: rect(1px, 1px, 1px, 1px);\" title=\"&#8220;PLASTIC FREE per un mondo senza plastica&#8221; &#8212; Radio Pi\u00f9\" src=\"https:\/\/www.radiopiu.net\/wordpress\/plastic-free-per-un-mondo-senza-plastica\/embed\/#?secret=7JuH0ILnWs\" data-secret=\"7JuH0ILnWs\" width=\"600\" height=\"338\" frameborder=\"0\" marginwidth=\"0\" marginheight=\"0\" scrolling=\"no\"><\/iframe><\/p>\n<p>&nbsp;<\/p>\n<hr \/>\n<p>&nbsp;<\/p>\n<blockquote class=\"wp-embedded-content\" data-secret=\"sZ6Cv98sM6\"><p><a href=\"https:\/\/www.radiopiu.net\/wordpress\/da-ieri-alla-radio-in-palinsesto-loris-e-maurizio-con-la-grande-musica\/\">IL BLUES ALLA RADIO &#8230; COME NON L&#8217;AVETE MAI SENTITO PRIMA<\/a><\/p><\/blockquote>\n<p><iframe loading=\"lazy\" class=\"wp-embedded-content\" sandbox=\"allow-scripts\" security=\"restricted\" style=\"position: absolute; clip: rect(1px, 1px, 1px, 1px);\" title=\"&#8220;IL BLUES ALLA RADIO &#8230; COME NON L&#8217;AVETE MAI SENTITO PRIMA&#8221; &#8212; Radio Pi\u00f9\" src=\"https:\/\/www.radiopiu.net\/wordpress\/da-ieri-alla-radio-in-palinsesto-loris-e-maurizio-con-la-grande-musica\/embed\/#?secret=sZ6Cv98sM6\" data-secret=\"sZ6Cv98sM6\" width=\"600\" height=\"338\" frameborder=\"0\" marginwidth=\"0\" marginheight=\"0\" scrolling=\"no\"><\/iframe><\/p>\n<p>&nbsp;<\/p>\n<div>\n<div class=\"mkdf-post-text\">\n<div class=\"mkdf-post-text-inner\">\n<div class=\"mkdf-post-text-main\">\n<div class=\"mkdf-post-text\">\n<div class=\"mkdf-post-text-inner\">\n<div class=\"mkdf-post-text-main\">\n<div class=\"mkdf-post-text\">\n<div class=\"mkdf-post-text-inner\">\n<div class=\"mkdf-post-text-main\">\n<div class=\"page-title-head hgroup\">\n<div class=\"page-title-head hgroup\">\n<div class=\"page-title-breadcrumbs\">\n<div class=\"mkdf-post-text\">\n<div class=\"mkdf-post-text-inner\">\n<div class=\"mkdf-post-text-main\">\n<div class=\"mkdf-post-text\">\n<div class=\"mkdf-post-text-inner\">\n<div class=\"mkdf-post-text-main\">\n<div class=\"page-title-head hgroup\">\n<div class=\"page-title-head hgroup\">\n<div class=\"mkdf-post-text\">\n<div class=\"mkdf-post-text-inner\">\n<div class=\"mkdf-post-text-main\">\n<div class=\"mkdf-post-text\">\n<div class=\"mkdf-post-text-inner\">\n<div class=\"mkdf-post-text-main\">\n<div class=\"page-title-head hgroup\">\n<div class=\"page-title-head hgroup\">\n<div class=\"page-title-head hgroup\">\n<div class=\"page-title-head hgroup\">\n<div class=\"b654a4as d2edcug0\">\n<div class=\"page-title-head hgroup\">\n<div class=\"page-title-head hgroup\">\n<div class=\"mkdf-post-text\">\n<div class=\"mkdf-post-text-inner\">\n<div class=\"mkdf-post-text-main\">\n<div class=\"mkdf-post-text\">\n<div class=\"mkdf-post-text-inner\">\n<div class=\"mkdf-post-text-main\">\n<div class=\"mkdf-post-text\">\n<div class=\"mkdf-post-text-inner\">\n<div class=\"mkdf-post-text-main\">\n<div class=\"page-title-head hgroup\">\n<div class=\"page-title-head hgroup\">\n<div class=\"mkdf-post-text\">\n<div class=\"mkdf-post-text-inner\">\n<div class=\"mkdf-post-text-main\">\n<div class=\"mkdf-post-text\">\n<div class=\"mkdf-post-text-inner\">\n<div class=\"mkdf-post-text-main\">\n<div class=\"page-title-head hgroup\">\n<div class=\"page-title-head hgroup\">\n<div class=\"page-title-head hgroup\">\n<div class=\"page-title-head hgroup\">\n<div class=\"b654a4as d2edcug0\">\n<div class=\"page-title-head hgroup\">\n<div class=\"page-title-head hgroup\">\n<div class=\"page-title-head hgroup\">\n<div class=\"page-title-head hgroup\">\n<div class=\"b654a4as d2edcug0\">\n<div>\n<div class=\"mkdf-post-text\">\n<div class=\"mkdf-post-text-inner\">\n<div class=\"mkdf-post-text-main\">\n<div class=\"mkdf-post-text\">\n<div class=\"mkdf-post-text-inner\">\n<div class=\"mkdf-post-text-main\">\n<div class=\"mkdf-post-text\">\n<div class=\"mkdf-post-text-inner\">\n<div class=\"mkdf-post-text-main\">\n<div class=\"page-title-head hgroup\">\n<div class=\"page-title-head hgroup\">\n<div class=\"page-title-breadcrumbs\">\n<div class=\"mkdf-post-text\">\n<div class=\"mkdf-post-text-inner\">\n<div class=\"mkdf-post-text-main\">\n<div class=\"mkdf-post-text\">\n<div class=\"mkdf-post-text-inner\">\n<div class=\"mkdf-post-text-main\">\n<div class=\"page-title-head hgroup\">\n<div class=\"page-title-head hgroup\">\n<div class=\"mkdf-post-text\">\n<div class=\"mkdf-post-text-inner\">\n<div class=\"mkdf-post-text-main\">\n<p>&nbsp;<\/p>\n<hr \/>\n<div class=\"mkdf-post-text\">\n<div class=\"mkdf-post-text-inner\">\n<div class=\"mkdf-post-text-main\">\n<div class=\"page-title-head hgroup\">\n<div class=\"page-title-head hgroup\">\n<div class=\"page-title-head hgroup\">\n<div class=\"page-title-head hgroup\">\n<div class=\"b654a4as d2edcug0\">\n<p>&nbsp;<\/p>\n<h2><span style=\"color: #008000;\">SOLIDARIETA&#8217; VENETO &#8211; SETTEMBRE 2021<\/span><\/h2>\n<p><strong><a href=\"https:\/\/www.radiopiu.net\/wordpress\/speciale-solidarieta-veneto\/solidarieta-veneto-3\/\" rel=\"attachment wp-att-134366\"><img loading=\"lazy\" decoding=\"async\" class=\"size-medium wp-image-134366 alignleft\" src=\"https:\/\/www.radiopiu.net\/wordpress\/wp-content\/uploads\/2020\/05\/solidariet\u00e0-veneto-300x210.jpg\" alt=\"\" width=\"300\" height=\"210\" srcset=\"https:\/\/www.radiopiu.net\/wordpress\/wp-content\/uploads\/2020\/05\/solidariet\u00e0-veneto-300x210.jpg 300w, https:\/\/www.radiopiu.net\/wordpress\/wp-content\/uploads\/2020\/05\/solidariet\u00e0-veneto-1024x717.jpg 1024w, https:\/\/www.radiopiu.net\/wordpress\/wp-content\/uploads\/2020\/05\/solidariet\u00e0-veneto-768x538.jpg 768w, https:\/\/www.radiopiu.net\/wordpress\/wp-content\/uploads\/2020\/05\/solidariet\u00e0-veneto.jpg 1373w\" sizes=\"auto, (max-width: 300px) 100vw, 300px\" \/><\/a>di Claudio Fontanive<\/strong><\/p>\n<p>OSPITI: Paolo Stefan e Thomas Argenta<\/p>\n<audio class=\"wp-audio-shortcode\" id=\"audio-231078-4\" preload=\"none\" style=\"width: 100%;\" controls=\"controls\"><source type=\"audio\/mpeg\" src=\"https:\/\/www.radiopiu.net\/wordpress\/wp-content\/uploads\/2021\/09\/solidarieta-veneto-settembre.mp3?_=4\" \/><a href=\"https:\/\/www.radiopiu.net\/wordpress\/wp-content\/uploads\/2021\/09\/solidarieta-veneto-settembre.mp3\">https:\/\/www.radiopiu.net\/wordpress\/wp-content\/uploads\/2021\/09\/solidarieta-veneto-settembre.mp3<\/a><\/audio>\n<p>&nbsp;<\/p>\n<h2>LA RACCOLTA COMPLETA<\/h2>\n<blockquote class=\"wp-embedded-content\" data-secret=\"dhSsETcXpS\"><p><a href=\"https:\/\/www.radiopiu.net\/wordpress\/solidarieta-veneto\/\">Solidariet\u00e0 Veneto<\/a><\/p><\/blockquote>\n<p><iframe loading=\"lazy\" class=\"wp-embedded-content\" sandbox=\"allow-scripts\" security=\"restricted\" style=\"position: absolute; clip: rect(1px, 1px, 1px, 1px);\" title=\"&#8220;Solidariet\u00e0 Veneto&#8221; &#8212; Radio Pi\u00f9\" src=\"https:\/\/www.radiopiu.net\/wordpress\/solidarieta-veneto\/embed\/#?secret=dhSsETcXpS\" data-secret=\"dhSsETcXpS\" width=\"600\" height=\"338\" frameborder=\"0\" marginwidth=\"0\" marginheight=\"0\" scrolling=\"no\"><\/iframe><\/p>\n<blockquote>\n<h2><\/h2>\n<\/blockquote>\n<p>&nbsp;<\/p>\n<hr \/>\n<p>&nbsp;<\/p>\n<div>\n<div class=\"b654a4as d2edcug0\">\n<div class=\"rq0escxv hkbzh7o3 jwdofwj8 n8tt0mok r8blr3vg hyh9befq\">\n<p><a class=\"dt-pswp-item\" href=\"https:\/\/www.radiopiu.net\/wordpress\/wp-content\/uploads\/2020\/10\/pp.jpg\" data-dt-img-description=\"\" data-large_image_width=\"640\" data-large_image_height=\"640\"><img loading=\"lazy\" decoding=\"async\" class=\"wp-image-163678 alignleft\" src=\"https:\/\/www.radiopiu.net\/wordpress\/wp-content\/uploads\/2020\/10\/pp-300x300.jpg\" alt=\"\" width=\"106\" height=\"106\" srcset=\"https:\/\/www.radiopiu.net\/wordpress\/wp-content\/uploads\/2020\/10\/pp-300x300.jpg 300w, https:\/\/www.radiopiu.net\/wordpress\/wp-content\/uploads\/2020\/10\/pp-150x150.jpg 150w, https:\/\/www.radiopiu.net\/wordpress\/wp-content\/uploads\/2020\/10\/pp-125x125.jpg 125w, https:\/\/www.radiopiu.net\/wordpress\/wp-content\/uploads\/2020\/10\/pp-200x200.jpg 200w, https:\/\/www.radiopiu.net\/wordpress\/wp-content\/uploads\/2020\/10\/pp-80x80.jpg 80w, https:\/\/www.radiopiu.net\/wordpress\/wp-content\/uploads\/2020\/10\/pp-480x480.jpg 480w, https:\/\/www.radiopiu.net\/wordpress\/wp-content\/uploads\/2020\/10\/pp.jpg 640w\" sizes=\"auto, (max-width: 106px) 100vw, 106px\" \/><\/a><\/p>\n<\/div>\n<\/div>\n<\/div>\n<div>\n<div class=\"page-title-head hgroup\">\n<div class=\"page-title-head hgroup\">\n<div class=\"b654a4as d2edcug0\">\n<div class=\"j83agx80 btwxx1t3 lhclo0ds hop8lmos nkwizq5d scwd0bx6 roh60bw9\">\n<div class=\"rq0escxv hkbzh7o3 jwdofwj8 n8tt0mok r8blr3vg hyh9befq\">\n<div class=\"do00u71z l9j0dhe7 k4urcfbm\">\n<h2><span style=\"color: #000080;\">DON CESARE, IL PENSIERO DEL GIORNO. ALLA RADIO ALLE 7 DEL MATTINO E ALLE 19.30 DELLA SERA.\u00a0\u00a0<\/span><\/h2>\n<\/div>\n<\/div>\n<\/div>\n<\/div>\n<\/div>\n<div class=\"page-title-head hgroup\">\n<p>&nbsp;<\/p>\n<audio class=\"wp-audio-shortcode\" id=\"audio-231078-5\" preload=\"none\" style=\"width: 100%;\" controls=\"controls\"><source type=\"audio\/mpeg\" src=\"https:\/\/www.radiopiu.net\/wordpress\/wp-content\/uploads\/2021\/09\/CESARE-3.mp3?_=5\" \/><a href=\"https:\/\/www.radiopiu.net\/wordpress\/wp-content\/uploads\/2021\/09\/CESARE-3.mp3\">https:\/\/www.radiopiu.net\/wordpress\/wp-content\/uploads\/2021\/09\/CESARE-3.mp3<\/a><\/audio>\n<p>&nbsp;<\/p>\n<hr \/>\n<p class=\"b654a4as d2edcug0\"><span style=\"color: #ff6600;\">\u00a0 \u00a0<\/span><\/p>\n<h2><span style=\"color: #ff6600;\">GIROVAGANDO ALLA RADIO, PUNTATA 15<\/span><\/h2>\n<p><strong><a href=\"https:\/\/www.radiopiu.net\/wordpress\/girovagando-alla-radio-puntata-15\/a645aecd-95ed-413c-9217-09169fb46940\/\" rel=\"attachment wp-att-230854\"><img loading=\"lazy\" decoding=\"async\" class=\"size-medium wp-image-230854 alignleft\" src=\"https:\/\/www.radiopiu.net\/wordpress\/wp-content\/uploads\/2021\/09\/a645aecd-95ed-413c-9217-09169fb46940-225x300.jpg\" alt=\"\" width=\"225\" height=\"300\" srcset=\"https:\/\/www.radiopiu.net\/wordpress\/wp-content\/uploads\/2021\/09\/a645aecd-95ed-413c-9217-09169fb46940-225x300.jpg 225w, https:\/\/www.radiopiu.net\/wordpress\/wp-content\/uploads\/2021\/09\/a645aecd-95ed-413c-9217-09169fb46940-768x1024.jpg 768w, https:\/\/www.radiopiu.net\/wordpress\/wp-content\/uploads\/2021\/09\/a645aecd-95ed-413c-9217-09169fb46940-1152x1536.jpg 1152w, https:\/\/www.radiopiu.net\/wordpress\/wp-content\/uploads\/2021\/09\/a645aecd-95ed-413c-9217-09169fb46940.jpg 1536w\" sizes=\"auto, (max-width: 225px) 100vw, 225px\" \/><\/a>Collaborazione Thomas Soppera<\/strong><\/p>\n<p>&nbsp;<\/p>\n<p><strong>PUNTATA DEL 06 SETTEMBRE 2021<\/strong><\/p>\n<audio class=\"wp-audio-shortcode\" id=\"audio-231078-6\" preload=\"none\" style=\"width: 100%;\" controls=\"controls\"><source type=\"audio\/mpeg\" src=\"https:\/\/www.radiopiu.net\/wordpress\/wp-content\/uploads\/2021\/09\/GIROVAGANDO-15.mp3?_=6\" \/><a href=\"https:\/\/www.radiopiu.net\/wordpress\/wp-content\/uploads\/2021\/09\/GIROVAGANDO-15.mp3\">https:\/\/www.radiopiu.net\/wordpress\/wp-content\/uploads\/2021\/09\/GIROVAGANDO-15.mp3<\/a><\/audio>\n<p>&nbsp;<\/p>\n<p>&nbsp;<\/p>\n<blockquote class=\"wp-embedded-content\" data-secret=\"vnddORonbj\"><p><a href=\"https:\/\/www.radiopiu.net\/wordpress\/girovagando-in-e-bike-tra-le-dolomiti\/\">GIROVAGANDO IN E BIKE TRA LE DOLOMITI<\/a><\/p><\/blockquote>\n<p><iframe loading=\"lazy\" class=\"wp-embedded-content\" sandbox=\"allow-scripts\" security=\"restricted\" style=\"position: absolute; clip: rect(1px, 1px, 1px, 1px);\" title=\"&#8220;GIROVAGANDO IN E BIKE TRA LE DOLOMITI&#8221; &#8212; Radio Pi\u00f9\" src=\"https:\/\/www.radiopiu.net\/wordpress\/girovagando-in-e-bike-tra-le-dolomiti\/embed\/#?secret=vnddORonbj\" data-secret=\"vnddORonbj\" width=\"600\" height=\"338\" frameborder=\"0\" marginwidth=\"0\" marginheight=\"0\" scrolling=\"no\"><\/iframe><\/p>\n<p>\u200b<\/p>\n<p>\u200b<\/p>\n<hr \/>\n<\/div>\n<\/div>\n<\/div>\n<\/div>\n<\/div>\n<\/div>\n<\/div>\n<\/div>\n<\/div>\n<\/div>\n<\/div>\n<\/div>\n<\/div>\n<\/div>\n<\/div>\n<\/div>\n<\/div>\n<\/div>\n<\/div>\n<\/div>\n<\/div>\n<\/div>\n<\/div>\n<div class=\"mkdf-post-text\">\n<div class=\"mkdf-post-text-inner\">\n<div class=\"mkdf-post-text-main\">\n<div class=\"mkdf-post-text\">\n<div class=\"mkdf-post-text-inner\">\n<div class=\"mkdf-post-text-main\">\n<div>\n<div class=\"page-title-head hgroup\">\n<div class=\"page-title-head hgroup\">\n<div class=\"page-title-head hgroup\">\n<div class=\"page-title-head hgroup\">\n<div class=\"b654a4as d2edcug0\">\n<div class=\"page-title-head hgroup\">\n<div class=\"page-title-head hgroup\">\n<p>&nbsp;<\/p>\n<\/div>\n<\/div>\n<\/div>\n<\/div>\n<\/div>\n<\/div>\n<\/div>\n<\/div>\n<\/div>\n<\/div>\n<\/div>\n<\/div>\n<\/div>\n<\/div>\n<\/div>\n<\/div>\n<\/div>\n<\/div>\n<\/div>\n<\/div>\n<\/div>\n<\/div>\n<\/div>\n<\/div>\n<\/div>\n<\/div>\n<blockquote>\n<h3><\/h3>\n<h3>COLLAGE&#8230; DI LORIS SCUSSEL dal lunedi al venerdi alle 16 e alle 23 su RADIO PIU<\/h3>\n<\/blockquote>\n<div>\n<p><img loading=\"lazy\" decoding=\"async\" class=\"alignleft\" src=\"https:\/\/www.radiopiu.net\/wordpress\/wp-content\/uploads\/2021\/05\/Schermata-2021-05-23-alle-11.50.11.png\" width=\"186\" height=\"131\" \/><\/p>\n<div>\n<p>Il programma \u00e8 andato in onda da dicembre 2013 fino a luglio 2019, comprese le repliche, in due serie per 350 puntate complessive con 1.890 brani trasmessi. L\u2019obiettivo del programma: riproporre agli ascoltatori pi\u00f9 grandicelli le canzoni che ascoltavano nel passato e nello stesso tempo farle conoscere anche ai pi\u00f9 giovani.<\/p>\n<\/div>\n<\/div>\n<div>\n<p><b>\u00a0\u00a0<\/b><\/p>\n<p>PUNTATA DEL 06 SETTEMBRE 2021<\/p>\n<audio class=\"wp-audio-shortcode\" id=\"audio-231078-7\" preload=\"none\" style=\"width: 100%;\" controls=\"controls\"><source type=\"audio\/mpeg\" src=\"https:\/\/www.radiopiu.net\/wordpress\/wp-content\/uploads\/2021\/09\/COLU.mp3?_=7\" \/><a href=\"https:\/\/www.radiopiu.net\/wordpress\/wp-content\/uploads\/2021\/09\/COLU.mp3\">https:\/\/www.radiopiu.net\/wordpress\/wp-content\/uploads\/2021\/09\/COLU.mp3<\/a><\/audio>\n<p>&nbsp;<\/p>\n<\/div>\n<\/div>\n<\/div>\n<\/div>\n<\/div>\n<\/div>\n<\/div>\n<\/div>\n<\/div>\n<\/div>\n<\/div>\n<\/div>\n<\/div>\n<\/div>\n<\/div>\n<\/div>\n<\/div>\n<\/div>\n<\/div>\n<\/div>\n<\/div>\n<\/div>\n<\/div>\n<\/div>\n<\/div>\n<\/div>\n<\/div>\n<\/div>\n<\/div>\n<\/div>\n<\/div>\n<\/div>\n<\/div>\n<\/div>\n<\/div>\n<\/div>\n<\/div>\n<\/div>\n<\/div>\n<\/div>\n<\/div>\n<\/div>\n<\/div>\n<\/div>\n<\/div>\n<\/div>\n<\/div>\n<\/div>\n<\/div>\n<\/div>\n<\/div>\n<\/div>\n<\/div>\n<\/div>\n<\/div>\n<\/div>\n<\/div>\n<\/div>\n<\/div>\n<\/div>\n<\/div>\n<\/div>\n<div>\n<div>\n<div class=\"b654a4as d2edcug0\">\n<div class=\"rq0escxv hkbzh7o3 jwdofwj8 n8tt0mok r8blr3vg hyh9befq\">\n<div class=\"b654a4as d2edcug0\">\n<div class=\"b654a4as d2edcug0\">\n<div>\n<div class=\"b654a4as d2edcug0\">\n<div class=\"rq0escxv hkbzh7o3 jwdofwj8 n8tt0mok r8blr3vg hyh9befq\">\n<div class=\"b654a4as d2edcug0\">\n<p>&nbsp;<\/p>\n<\/div>\n<\/div>\n<\/div>\n<\/div>\n<\/div>\n<\/div>\n<\/div>\n<\/div>\n<\/div>\n<hr \/>\n<p>&nbsp;<\/p>\n<div>\n<h2><span style=\"color: #ff0000;\"><strong>IN VIVO VERSO 2020-21 ESTATE, RIASCOLTIAMOLI&#8230; DAL CASSETTO DEI RICORDI DI RADIO PIU&#8217;&#8230; LE PRIME\u00a0 SEI STAGIONI\u00a0 \u00a0\u00a0<\/strong><\/span><\/h2>\n<div class=\"page-title-head hgroup\">\n<div class=\"page-title-head hgroup\">\n<div class=\"page-title-head hgroup\">\n<div class=\"page-title-head hgroup\">\n<div class=\"page-title-head hgroup\">\n<div class=\"page-title-head hgroup\">\n<p>&nbsp;<\/p>\n<blockquote class=\"wp-embedded-content\" data-secret=\"pmI0BDrTUw\"><p><a href=\"https:\/\/www.radiopiu.net\/wordpress\/in-vivo-verso\/\">In Vivo Verso<\/a><\/p><\/blockquote>\n<p><iframe loading=\"lazy\" class=\"wp-embedded-content\" sandbox=\"allow-scripts\" security=\"restricted\" style=\"position: absolute; clip: rect(1px, 1px, 1px, 1px);\" title=\"&#8220;In Vivo Verso&#8221; &#8212; Radio Pi\u00f9\" src=\"https:\/\/www.radiopiu.net\/wordpress\/in-vivo-verso\/embed\/#?secret=pmI0BDrTUw\" data-secret=\"pmI0BDrTUw\" width=\"600\" height=\"338\" frameborder=\"0\" marginwidth=\"0\" marginheight=\"0\" scrolling=\"no\"><\/iframe><\/p>\n<\/div>\n<\/div>\n<\/div>\n<\/div>\n<\/div>\n<\/div>\n<\/div>\n<hr \/>\n<div><\/div>\n<div>\n<div class=\"page-title-head hgroup\">\n<div class=\"page-title-head hgroup\">\n<div class=\"page-title-head hgroup\">\n<div class=\"page-title-head hgroup\">\n<div class=\"page-title-head hgroup\">\n<div>\n<div class=\"b654a4as d2edcug0\">\u00a0 \u00a0 \u00a0<strong style=\"color: #800080;\">LA RASSEGNA STAMPA DA L&#8217;AMICO DEL POPOLO\u00a0<\/strong><\/div>\n<\/div>\n<\/div>\n<\/div>\n<\/div>\n<\/div>\n<\/div>\n<\/div>\n<div>\n<div class=\"page-title-head hgroup\">\n<div class=\"page-title-head hgroup\">\n<div class=\"page-title-head hgroup\">\n<div class=\"page-title-head hgroup\">\n<div class=\"b654a4as d2edcug0\">\n<div class=\"page-title-head hgroup\">\n<div class=\"page-title-head hgroup\">\n<div class=\"page-title-head hgroup\">\n<div class=\"page-title-head hgroup\">\n<div class=\"b654a4as d2edcug0\">\n<div>\n<h3 class=\"kvgmc6g5 cxmmr5t8 oygrvhab hcukyx3x c1et5uql\"><span style=\"color: #0000ff;\"> INFORMAZIONE il canale su TELEGRAM informazione di prima mano e in tempo reale. iscriviti ed aiutaci a farlo conoscere\u00a0\u00a0<\/span><\/h3>\n<p><strong><a href=\"https:\/\/www.radiopiu.net\/wordpress\/la-rassegna-stampa-da-lamico-del-popolo-04-settembre-2021\/ghe-rivarem-a-baita-4149-2\/\" rel=\"attachment wp-att-230850\"><img loading=\"lazy\" decoding=\"async\" class=\"size-medium wp-image-230850 alignleft\" src=\"https:\/\/www.radiopiu.net\/wordpress\/wp-content\/uploads\/2021\/09\/Ghe-rivarem-a-baita-4149-300x200.jpg\" alt=\"\" width=\"300\" height=\"200\" srcset=\"https:\/\/www.radiopiu.net\/wordpress\/wp-content\/uploads\/2021\/09\/Ghe-rivarem-a-baita-4149-300x200.jpg 300w, https:\/\/www.radiopiu.net\/wordpress\/wp-content\/uploads\/2021\/09\/Ghe-rivarem-a-baita-4149-1024x683.jpg 1024w, https:\/\/www.radiopiu.net\/wordpress\/wp-content\/uploads\/2021\/09\/Ghe-rivarem-a-baita-4149-768x512.jpg 768w, https:\/\/www.radiopiu.net\/wordpress\/wp-content\/uploads\/2021\/09\/Ghe-rivarem-a-baita-4149.jpg 1200w\" sizes=\"auto, (max-width: 300px) 100vw, 300px\" \/><\/a>di Gianni Santomaso<\/strong><\/p>\n<p>OSPITE: Sara Luchetta<\/p>\n<audio class=\"wp-audio-shortcode\" id=\"audio-231078-8\" preload=\"none\" style=\"width: 100%;\" controls=\"controls\"><source type=\"audio\/mpeg\" src=\"https:\/\/www.radiopiu.net\/wordpress\/wp-content\/uploads\/2021\/09\/RASSEGNA-GIANNI.mp3?_=8\" \/><a href=\"https:\/\/www.radiopiu.net\/wordpress\/wp-content\/uploads\/2021\/09\/RASSEGNA-GIANNI.mp3\">https:\/\/www.radiopiu.net\/wordpress\/wp-content\/uploads\/2021\/09\/RASSEGNA-GIANNI.mp3<\/a><\/audio>\n<p>&nbsp;<\/p>\n<blockquote class=\"wp-embedded-content\" data-secret=\"qH7noNHYnv\"><p><a href=\"https:\/\/www.radiopiu.net\/wordpress\/rassegna-stampa-di-gianni-santomaso\/\">Rassegna stampa da l&#8217;amico del popolo &#8211; di Gianni Santomaso<\/a><\/p><\/blockquote>\n<p><iframe loading=\"lazy\" class=\"wp-embedded-content\" sandbox=\"allow-scripts\" security=\"restricted\" style=\"position: absolute; clip: rect(1px, 1px, 1px, 1px);\" title=\"&#8220;Rassegna stampa da l&#8217;amico del popolo &#8211; di Gianni Santomaso&#8221; &#8212; Radio Pi\u00f9\" src=\"https:\/\/www.radiopiu.net\/wordpress\/rassegna-stampa-di-gianni-santomaso\/embed\/#?secret=qH7noNHYnv\" data-secret=\"qH7noNHYnv\" width=\"600\" height=\"338\" frameborder=\"0\" marginwidth=\"0\" marginheight=\"0\" scrolling=\"no\"><\/iframe><\/p>\n<p>&nbsp;<\/p>\n<hr \/>\n<p>&nbsp;<\/p>\n<p>&nbsp;<\/p>\n<\/div>\n<div dir=\"auto\">\n<blockquote class=\"wp-embedded-content\" data-secret=\"MwmfebT1vR\"><p><a href=\"https:\/\/www.radiopiu.net\/wordpress\/saluteesocieta\/\">Salute e Societ\u00e0<\/a><\/p><\/blockquote>\n<p><iframe loading=\"lazy\" class=\"wp-embedded-content\" sandbox=\"allow-scripts\" security=\"restricted\" style=\"position: absolute; clip: rect(1px, 1px, 1px, 1px);\" title=\"&#8220;Salute e Societ\u00e0&#8221; &#8212; Radio Pi\u00f9\" src=\"https:\/\/www.radiopiu.net\/wordpress\/saluteesocieta\/embed\/#?secret=MwmfebT1vR\" data-secret=\"MwmfebT1vR\" width=\"600\" height=\"338\" frameborder=\"0\" marginwidth=\"0\" marginheight=\"0\" scrolling=\"no\"><\/iframe><\/p>\n<\/div>\n<div dir=\"auto\">\n<h1><\/h1>\n<\/div>\n<div>\n<div class=\"page-title-head hgroup\">\n<div class=\"page-title-head hgroup\">\n<div class=\"page-title-head hgroup\">\n<div>\n<div class=\"b654a4as d2edcug0\">\n<div class=\"rq0escxv hkbzh7o3 jwdofwj8 n8tt0mok r8blr3vg hyh9befq\">\n<hr \/>\n<\/div>\n<\/div>\n<\/div>\n<div>\n<div class=\"page-title-head hgroup\">\n<div class=\"page-title-head hgroup\">\n<div class=\"b654a4as d2edcug0\">\n<p>&nbsp;<\/p>\n<blockquote>\n<h3><img loading=\"lazy\" decoding=\"async\" class=\"alignleft\" src=\"https:\/\/www.radiopiu.net\/wordpress\/wp-content\/uploads\/2021\/06\/fresh-flower-leaves-saffron-white-background-place-your-text-use-saffron-spice-cooking-cosmetology_347372-394.jpeg\" width=\"141\" height=\"94\" \/>L&#8217;ALMANACCO LADINO CON L&#8217;ISTITUT CESA DE JAN QUINDICINALE APPUNTAMENTO. LA DOMENICA ALLE 9 IL LUNEDI ALLE 8.35 IL MARTEDI ALLE 12.35 IL MERCOLEDI ALLE 18.35. SECONDA STAGIONE.<strong style=\"font-size: 14px;\">\u00a0<\/strong><\/h3>\n<\/blockquote>\n<p><strong>\u00a0<\/strong><strong>\u00a0RACCOLTA COMPLETA\u00a0<\/strong><\/p>\n<blockquote class=\"wp-embedded-content\" data-secret=\"iOEf70NTw2\"><p><a href=\"https:\/\/www.radiopiu.net\/wordpress\/almanacco-ladino\/\">Almanacco Ladino<\/a><\/p><\/blockquote>\n<p><iframe loading=\"lazy\" class=\"wp-embedded-content\" sandbox=\"allow-scripts\" security=\"restricted\" style=\"position: absolute; clip: rect(1px, 1px, 1px, 1px);\" title=\"&#8220;Almanacco Ladino&#8221; &#8212; Radio Pi\u00f9\" src=\"https:\/\/www.radiopiu.net\/wordpress\/almanacco-ladino\/embed\/#?secret=iOEf70NTw2\" data-secret=\"iOEf70NTw2\" width=\"600\" height=\"338\" frameborder=\"0\" marginwidth=\"0\" marginheight=\"0\" scrolling=\"no\"><\/iframe><\/p>\n<\/div>\n<div>\n<p>&nbsp;<\/p>\n<hr \/>\n<h2><span style=\"color: #808000;\">DUE MINUTI UN LIBRO\u00a0 TUTTI I GIORNI ALLA RADIO ALLE 9.30 E ALLE 18. QUINTA STAGIONE\u00a0\u00a0<\/span><\/h2>\n<blockquote class=\"wp-embedded-content\" data-secret=\"nhwD9rIQrO\"><p><a href=\"https:\/\/www.radiopiu.net\/wordpress\/con-dio-vivere-e-piu-facile\/\">CON DIO VIVERE E&#8217; PIU&#8217; FACILE<\/a><\/p><\/blockquote>\n<p><iframe loading=\"lazy\" class=\"wp-embedded-content\" sandbox=\"allow-scripts\" security=\"restricted\" style=\"position: absolute; clip: rect(1px, 1px, 1px, 1px);\" title=\"&#8220;CON DIO VIVERE E&#8217; PIU&#8217; FACILE&#8221; &#8212; Radio Pi\u00f9\" src=\"https:\/\/www.radiopiu.net\/wordpress\/con-dio-vivere-e-piu-facile\/embed\/#?secret=nhwD9rIQrO\" data-secret=\"nhwD9rIQrO\" width=\"600\" height=\"338\" frameborder=\"0\" marginwidth=\"0\" marginheight=\"0\" scrolling=\"no\"><\/iframe><\/p>\n<p><strong>LA RACCOLTA COMPLETA\u00a0\u00a0<\/strong><\/p>\n<\/div>\n<div>\n<blockquote class=\"wp-embedded-content\" data-secret=\"rIpxVRVEri\"><p><a href=\"https:\/\/www.radiopiu.net\/wordpress\/due-minuti-un-libro\/\">Due minuti un libro<\/a><\/p><\/blockquote>\n<p><iframe loading=\"lazy\" class=\"wp-embedded-content\" sandbox=\"allow-scripts\" security=\"restricted\" style=\"position: absolute; clip: rect(1px, 1px, 1px, 1px);\" title=\"&#8220;Due minuti un libro&#8221; &#8212; Radio Pi\u00f9\" src=\"https:\/\/www.radiopiu.net\/wordpress\/due-minuti-un-libro\/embed\/#?secret=rIpxVRVEri\" data-secret=\"rIpxVRVEri\" width=\"600\" height=\"338\" frameborder=\"0\" marginwidth=\"0\" marginheight=\"0\" scrolling=\"no\"><\/iframe><\/p>\n<p>&nbsp;<\/p>\n<hr \/>\n<p>\u200b<\/p>\n<div>\n<h2><span style=\"color: #33cccc;\">I RACCONTI DI PAOLO SOPPELSA il lunedi alle 9.30 e 18.30<\/span><\/h2>\n<p><strong>SOGNI D&#8217;ASFALTO<\/strong><\/p>\n<p><em><strong>AUDIO<\/strong><\/em><\/p>\n<audio class=\"wp-audio-shortcode\" id=\"audio-231078-9\" preload=\"none\" style=\"width: 100%;\" controls=\"controls\"><source type=\"audio\/mpeg\" src=\"https:\/\/www.radiopiu.net\/wordpress\/wp-content\/uploads\/2021\/09\/PAOLO-SOPPELSA-SOGNI-DASFALTO.mp3?_=9\" \/><a href=\"https:\/\/www.radiopiu.net\/wordpress\/wp-content\/uploads\/2021\/09\/PAOLO-SOPPELSA-SOGNI-DASFALTO.mp3\">https:\/\/www.radiopiu.net\/wordpress\/wp-content\/uploads\/2021\/09\/PAOLO-SOPPELSA-SOGNI-DASFALTO.mp3<\/a><\/audio>\n<p>&nbsp;<\/p>\n<p><a href=\"https:\/\/www.radiopiu.net\/wordpress\/i-racconti-di-paolo-soppelsa-novantunesima-puntata\/21f5450f-05b0-4da0-a1a4-964b6f031524\/\" rel=\"attachment wp-att-231008\"><img loading=\"lazy\" decoding=\"async\" class=\"size-medium wp-image-231008 alignleft\" src=\"https:\/\/www.radiopiu.net\/wordpress\/wp-content\/uploads\/2021\/09\/21f5450f-05b0-4da0-a1a4-964b6f031524-300x225.jpg\" alt=\"\" width=\"300\" height=\"225\" srcset=\"https:\/\/www.radiopiu.net\/wordpress\/wp-content\/uploads\/2021\/09\/21f5450f-05b0-4da0-a1a4-964b6f031524-300x225.jpg 300w, https:\/\/www.radiopiu.net\/wordpress\/wp-content\/uploads\/2021\/09\/21f5450f-05b0-4da0-a1a4-964b6f031524-1024x768.jpg 1024w, https:\/\/www.radiopiu.net\/wordpress\/wp-content\/uploads\/2021\/09\/21f5450f-05b0-4da0-a1a4-964b6f031524-768x576.jpg 768w, https:\/\/www.radiopiu.net\/wordpress\/wp-content\/uploads\/2021\/09\/21f5450f-05b0-4da0-a1a4-964b6f031524.jpg 1080w\" sizes=\"auto, (max-width: 300px) 100vw, 300px\" \/><\/a>Ho parcheggiato sul ponte del Torner in quel pomeriggio di quasi pioggia e mi sono incamminato su quella &#8220;old road&#8221; deserta. Sono diventato subito un tutt&#8217;uno con quella solitudine. Mi sono fermato prima del dosso, sotto i paravalanghe verdi. Ho guardato il Cordevole scorrere sul fondo della gola. Poi ho proseguito il cammino verso il km 21.070. Ad ogni passo ho rotto il silenzio di questa strada di silenzi. Ad ogni passo ho alzato la polvere dall&#8217;asfalto di questa strada abbandonata che io non ho mai abbandonato. La cantoniera mi ha raccontato le sue storie di vento e motori. Poi, a met\u00e0 del ponte, mi sono fermato. A pochi passi dal varcare il confine della &#8220;Promised Land&#8221;. Quel confine fra la pioggia e la neve. Fra l&#8217;Agordino e il resto del mondo. Ho chiuso gli occhi ed ho ascoltato il Cordevole cantare insieme al vento. Poi ho varcato quel confine. \u00c8 asfalto consunto, invecchiato quello della curva di uscita dal ponte dei Castei. Asfalto di Strada Statale, di quella Strada Madre che qui porta ancora il nome di S.S. 203 Agordina. Quarantanove metri di ponte e poi curva a novanta gradi a sinistra. Da seconda marcia. Fermo il mio camminare di fronte alla targa murata sulla parete rocciosa il 21 ottobre 1966: leggo quelle parole che celebrano l&#8217;annessione dell&#8217;Agordino al Regno d&#8217;Italia. In quei giorni d&#8217;autunno cadeva la ricorrenza dei cento anni dallo storico evento: ma non ci fu festa, ci fu la grande alluvione del 4 novembre. Osservo le sbiadite righe gialle del ciglio strada, i paracarri di pietra parzialmente coperti dai guard-rail ammaccati dalle pietre che qui cadono di frequente. E poi i muretti di ingresso al ponte, zebrati a strisce oblique bianche e nere. Chiudo gli occhi, ascolto il Cordevole e sento le gomme della 127 color del cielo che fischiano leggermente in curva. Mi appoggio col gomito sulla portiera mentre pap\u00e0 affonda completamente il piede sull&#8217;acceleratore. La 127 ringhia, la sua seconda corta termina in fretta mentre sorpassiamo una betoniera che, mentre snocciola una marcia dietro l&#8217;altra, scarica una possente nube nera di gasolio. Frastuono di motori, pap\u00e0 che butta dentro la terza e mentre finisce il sorpasso dice &#8220;&#8230;mancomal che l&#8217;avon sorpasada qua se no ne tochea sta da drio fin in Agort\u2026&#8221;. Ora la strada piega leggermente a sinistra, dentro la quarta per un centinaio di metri e poi ancora una terza bella potente per il curvone a destra, quello che porta fuori dalla gola. Stavolta mi aggrappo al sedile in simil-pelle nera e dopo met\u00e0 curva il motore ricomincia ad alzare la voce. Che grinta la 127 color del cielo: canta allegro il suo motore mentre ci spinge velocemente verso Cencenighe. Con i deflettori aperti che fanno entrare l&#8217;aria di casa. Mentre nella mia mente va sfumando il rombo della 127 inizia a piovigginare e trovo riparo all&#8217;entrata della galleria del treno. Il cielo si scurisce diventando grigio come la carrozzeria della Ritmo. Chiudo ancora gli occhi: \u00e8 domenica proprio come oggi e sono seduto sul sedile posteriore beige. C&#8217;\u00e8 la mamma sul sedile anteriore e fuori piove. Fari accesi e triste luce verdolina del cruscotto. Stavolta si va pi\u00f9 piano. La Ritmo ha un rumore cupo ed il caratteristico &#8220;uuuhhhh&#8221; del cambio. \u00c8 seria, non \u00e8 scanzonata e grintosa come la 127 che riposa in cortile. Mamma e pap\u00e0 parlano di argomenti che non mi interessano ed io cerco l&#8217;Agner sullo sfondo. Oggi non c&#8217;\u00e8, \u00e8 coperto dalle nuvole. Peccato, volevo vedere i nuovi paravalanghe che hanno montato da poco. Che lavoro per\u00f2!! Pap\u00e0 un giorno mi ha detto che hanno portato su i pezzi con l&#8217;elicottero. Avrei tanto voluto vederlo l&#8217;elicottero, magari pure salirci mentre portava in quota le putrelle di ferro. Ora siamo alle Miniere e il panorama \u00e8 ancora pi\u00f9 grigio. Nuvole basse e tergicristalli intermittenti. Oggi non so se riuscir\u00f2 ad andare a giocare intorno casa dei nonni con questa pioggia. Poi riapro gli occhi e ritorno nel mio tempo mentre sta smettendo di piovere. Un forte vento spinge via le nuvole e all&#8217;orizzonte appare l&#8217;Agner. Attraverso il ponte, saluto la Casa dei Silenzi e mi incammino verso il ponte del Torner. Arrivato alla macchina parcheggiata all&#8217;inizio del ponte mi viene da ridere perch\u00e9 \u00e8 grigia come la Ritmo. Che razza di idea ho avuto dieci anni fa a prenderla grigia!! Poi salgo, metto in moto ed \u00e8 ancora Strada Madre. Oggi cercavo ricordi da ricordare: li ho trovati tutti\u2026Magiche Dolomiti!!<\/p>\n<blockquote class=\"wp-embedded-content\" data-secret=\"5pSwuNuMnS\"><p><a href=\"https:\/\/www.radiopiu.net\/wordpress\/i-racconti-di-paolo-soppelsa\/\">I racconti di Paolo Soppelsa<\/a><\/p><\/blockquote>\n<p><iframe loading=\"lazy\" class=\"wp-embedded-content\" sandbox=\"allow-scripts\" security=\"restricted\" style=\"position: absolute; clip: rect(1px, 1px, 1px, 1px);\" title=\"&#8220;I racconti di Paolo Soppelsa&#8221; &#8212; Radio Pi\u00f9\" src=\"https:\/\/www.radiopiu.net\/wordpress\/i-racconti-di-paolo-soppelsa\/embed\/#?secret=5pSwuNuMnS\" data-secret=\"5pSwuNuMnS\" width=\"600\" height=\"338\" frameborder=\"0\" marginwidth=\"0\" marginheight=\"0\" scrolling=\"no\"><\/iframe><\/p>\n<p>&nbsp;<\/p>\n<\/div>\n<\/div>\n<hr \/>\n<p>&nbsp;<\/p>\n<div class=\"mkdf-post-text\">\n<div class=\"mkdf-post-text-inner\">\n<div class=\"mkdf-post-text-main\">\n<div class=\"mkdf-post-text\">\n<div class=\"mkdf-post-text-inner\">\n<div class=\"mkdf-post-text-main\">\n<div class=\"mkdf-post-text\">\n<div class=\"mkdf-post-text-inner\">\n<div class=\"mkdf-post-text-main\">\n<div class=\"page-title-head hgroup\">\n<div class=\"page-title-head hgroup\">\n<div class=\"mkdf-post-text\">\n<div class=\"mkdf-post-text-inner\">\n<div class=\"mkdf-post-text-main\">\n<div class=\"mkdf-post-text\">\n<div class=\"mkdf-post-text-inner\">\n<div class=\"mkdf-post-text-main\">\n<div>\n<div class=\"page-title-head hgroup\">\n<div class=\"page-title-head hgroup\">\n<div class=\"page-title-head hgroup\">\n<div class=\"page-title-head hgroup\">\n<div class=\"b654a4as d2edcug0\">\n<div class=\"page-title-head hgroup\">\n<div class=\"page-title-head hgroup\">\n<div class=\"page-title-head hgroup\">\n<div class=\"page-title-head hgroup\">\n<div class=\"b654a4as d2edcug0\">\n<div>\n<div>\n<div>\n<div>\n<div class=\"page-title-head hgroup\">\n<div class=\"page-title-head hgroup\">\n<div class=\"page-title-head hgroup\">\n<div class=\"page-title-head hgroup\">\n<div class=\"b654a4as d2edcug0\">\n<div class=\"page-title-head hgroup\">\n<div class=\"page-title-head hgroup\">\n<div class=\"page-title-head hgroup\">\n<div class=\"page-title-head hgroup\">\n<div class=\"b654a4as d2edcug0\">\n<div>\n<div class=\"page-title-head hgroup\">\n<div class=\"page-title-head hgroup\">\n<div class=\"page-title-head hgroup\">\n<div>\n<div class=\"page-title-head hgroup\">\n<div class=\"page-title-head hgroup\">\n<div class=\"page-title-head hgroup\">\n<p>&nbsp;<\/p>\n<p><a href=\"https:\/\/www.radiopiu.net\/wordpress\/giornale-radiopiu-26-settembre-2018-direttore-mirko-mezzacasa\/viabilita-2\/\" rel=\"attachment wp-att-61954\"><img loading=\"lazy\" decoding=\"async\" class=\"wp-image-61954 size-full aligncenter\" src=\"https:\/\/www.radiopiu.net\/wordpress\/wp-content\/uploads\/2018\/09\/viabilita.jpeg\" alt=\"\" width=\"800\" height=\"100\" srcset=\"https:\/\/www.radiopiu.net\/wordpress\/wp-content\/uploads\/2018\/09\/viabilita.jpeg 800w, https:\/\/www.radiopiu.net\/wordpress\/wp-content\/uploads\/2018\/09\/viabilita-300x38.jpeg 300w, https:\/\/www.radiopiu.net\/wordpress\/wp-content\/uploads\/2018\/09\/viabilita-768x96.jpeg 768w\" sizes=\"auto, (max-width: 800px) 100vw, 800px\" \/><\/a><\/p>\n<blockquote><p><a href=\"https:\/\/www.radiopiu.net\/wordpress\/giornale-radiopiu-09-agosto-2018-direttore-mirko-mezzacasa\/viabilia\/\" rel=\"attachment wp-att-57053\"><img loading=\"lazy\" decoding=\"async\" class=\" wp-image-57053 alignleft\" src=\"https:\/\/www.radiopiu.net\/wordpress\/wp-content\/uploads\/2018\/08\/VIABILIA-300x180.jpeg\" alt=\"\" width=\"220\" height=\"132\" srcset=\"https:\/\/www.radiopiu.net\/wordpress\/wp-content\/uploads\/2018\/08\/VIABILIA-300x180.jpeg 300w, https:\/\/www.radiopiu.net\/wordpress\/wp-content\/uploads\/2018\/08\/VIABILIA-768x461.jpeg 768w, https:\/\/www.radiopiu.net\/wordpress\/wp-content\/uploads\/2018\/08\/VIABILIA-1024x614.jpeg 1024w, https:\/\/www.radiopiu.net\/wordpress\/wp-content\/uploads\/2018\/08\/VIABILIA.jpeg 1280w\" sizes=\"auto, (max-width: 220px) 100vw, 220px\" \/><\/a><\/p><\/blockquote>\n<\/div>\n<\/div>\n<\/div>\n<\/div>\n<\/div>\n<\/div>\n<\/div>\n<\/div>\n<div>\n<div>\n<div class=\"page-title-head hgroup\">\n<div class=\"page-title-head hgroup\">\n<div class=\"page-title-head hgroup\">\n<div class=\"page-title-head hgroup\">\n<div class=\"page-title-head hgroup\">\n<div class=\"page-title-head hgroup\">\n<blockquote><p>La viabilit\u00e0 con gli ultimi aggiornamenti<\/p><\/blockquote>\n<\/div>\n<\/div>\n<\/div>\n<\/div>\n<\/div>\n<\/div>\n<\/div>\n<div><\/div>\n<div><\/div>\n<div>\n<div><\/div>\n<\/div>\n<\/div>\n<\/div>\n<\/div>\n<\/div>\n<\/div>\n<\/div>\n<\/div>\n<\/div>\n<\/div>\n<\/div>\n<\/div>\n<\/div>\n<div>\n<div class=\"page-title-head hgroup\">\n<div class=\"page-title-head hgroup\">\n<div class=\"page-title-head hgroup\">\n<div class=\"page-title-head hgroup\">\n<div class=\"b654a4as d2edcug0\">\n<div>\n<div class=\"page-title-head hgroup\" style=\"text-align: left;\">\n<div class=\"page-title-head hgroup\"><\/div>\n<\/div>\n<\/div>\n<\/div>\n<\/div>\n<\/div>\n<\/div>\n<\/div>\n<\/div>\n<\/div>\n<\/div>\n<\/div>\n<div>\n<div>\n<div class=\"page-title-head hgroup\">\n<div class=\"page-title-head hgroup\">\n<div class=\"page-title-head hgroup\">\n<div class=\"page-title-head hgroup\">\n<div class=\"b654a4as d2edcug0\">\n<div class=\"page-title-head hgroup\">\n<div class=\"page-title-head hgroup\">\n<div class=\"page-title-head hgroup\">\n<div class=\"page-title-head hgroup\">\n<div class=\"b654a4as d2edcug0\">\n<div>\n<div class=\"page-title-head hgroup\">\n<div class=\"page-title-head hgroup\">\n<div class=\"page-title-head hgroup\">\n<div class=\"page-title-head hgroup\">\n<div class=\"page-title-head hgroup\">\n<div>\n<div>\n<audio class=\"wp-audio-shortcode\" id=\"audio-231078-10\" preload=\"none\" style=\"width: 100%;\" controls=\"controls\"><source type=\"audio\/mpeg\" src=\"https:\/\/www.radiopiu.net\/wordpress\/wp-content\/uploads\/2021\/09\/VIABILITA-2.mp3?_=10\" \/><a href=\"https:\/\/www.radiopiu.net\/wordpress\/wp-content\/uploads\/2021\/09\/VIABILITA-2.mp3\">https:\/\/www.radiopiu.net\/wordpress\/wp-content\/uploads\/2021\/09\/VIABILITA-2.mp3<\/a><\/audio>\n<p>&nbsp;<\/p>\n<\/div>\n<\/div>\n<\/div>\n<\/div>\n<\/div>\n<\/div>\n<\/div>\n<\/div>\n<\/div>\n<\/div>\n<\/div>\n<\/div>\n<\/div>\n<\/div>\n<\/div>\n<\/div>\n<\/div>\n<\/div>\n<\/div>\n<\/div>\n<\/div>\n<\/div>\n<\/div>\n<\/div>\n<\/div>\n<\/div>\n<\/div>\n<\/div>\n<\/div>\n<\/div>\n<\/div>\n<\/div>\n<\/div>\n<\/div>\n<\/div>\n<\/div>\n<\/div>\n<\/div>\n<\/div>\n<\/div>\n<\/div>\n<\/div>\n<\/div>\n<\/div>\n<\/div>\n<\/div>\n<\/div>\n<\/div>\n<\/div>\n<\/div>\n<\/div>\n<\/div>\n<\/div>\n<\/div>\n<\/div>\n<\/div>\n<\/div>\n<\/div>\n<\/div>\n<\/div>\n<\/div>\n<\/div>\n<\/div>\n<\/div>\n<\/div>\n<\/div>\n<\/div>\n<div>\n<div class=\"page-title-head hgroup\">\n<div class=\"page-title-head hgroup\">\n<div class=\"page-title-head hgroup\">\n<div class=\"page-title-head hgroup\">\n<div class=\"b654a4as d2edcug0\">\n<div class=\"page-title-head hgroup\">\n<div class=\"page-title-head hgroup\">\n<div class=\"page-title-head hgroup\">\n<div class=\"page-title-head hgroup\">\n<div class=\"b654a4as d2edcug0\">\n<div class=\"page-title-head hgroup\">\n<div class=\"page-title-head hgroup\">\n<div class=\"page-title-head hgroup\">\n<div class=\"page-title-head hgroup\">\n<div class=\"page-title-head hgroup\">\n<div class=\"mkdf-post-text\">\n<div class=\"mkdf-post-text-inner\">\n<div class=\"mkdf-post-text-main\">\n<div class=\"mkdf-post-text\">\n<div class=\"mkdf-post-text-inner\">\n<div class=\"mkdf-post-text-main\">\n<div class=\"mkdf-post-text\">\n<div class=\"mkdf-post-text-inner\">\n<div class=\"mkdf-post-text-main\">\n<div class=\"page-title-head hgroup\">\n<div class=\"page-title-head hgroup\">\n<div class=\"mkdf-post-text\">\n<div class=\"mkdf-post-text-inner\">\n<div class=\"mkdf-post-text-main\">\n<div class=\"mkdf-post-text\">\n<div class=\"mkdf-post-text-inner\">\n<div class=\"mkdf-post-text-main\">\n<div>\n<div class=\"page-title-head hgroup\">\n<div class=\"page-title-head hgroup\">\n<div class=\"page-title-head hgroup\">\n<div class=\"page-title-head hgroup\">\n<div class=\"b654a4as d2edcug0\">\n<div class=\"page-title-head hgroup\">\n<div class=\"page-title-head hgroup\">\n<div class=\"page-title-head hgroup\">\n<div class=\"page-title-head hgroup\">\n<div class=\"b654a4as d2edcug0\">\n<div>\n<div>\n<div>\n<div class=\"page-title-head hgroup\">\n<hr \/>\n<p>&nbsp;<\/p>\n<\/div>\n<\/div>\n<\/div>\n<\/div>\n<\/div>\n<\/div>\n<\/div>\n<\/div>\n<\/div>\n<\/div>\n<\/div>\n<\/div>\n<\/div>\n<\/div>\n<\/div>\n<div>\n<div class=\"page-title-head hgroup\">\n<div class=\"page-title-head hgroup\">\n<div>\n<div class=\"page-title-head hgroup\">\n<div class=\"page-title-head hgroup\">\n<div class=\"b654a4as d2edcug0\">\n<div>\n<div class=\"page-title-head hgroup\" style=\"text-align: left;\">\n<div class=\"page-title-head hgroup\">\n<div dir=\"auto\">\n<p><a class=\"dt-pswp-item pspw-wrap-ready\" href=\"https:\/\/i0.wp.com\/www.radiopiu.net\/wordpress\/wp-content\/uploads\/2018\/09\/WhatsApp-Image-2018-09-20-at-16.04.06.jpeg?ssl=1\" data-dt-img-description=\"\" data-large_image_width=\"800\" data-large_image_height=\"100\"><img loading=\"lazy\" decoding=\"async\" class=\"aligncenter wp-image-61378 size-full jetpack-lazy-image jetpack-lazy-image--handled\" src=\"https:\/\/i0.wp.com\/www.radiopiu.net\/wordpress\/wp-content\/uploads\/2018\/09\/WhatsApp-Image-2018-09-20-at-16.04.06.jpeg?resize=800%2C100&amp;ssl=1\" sizes=\"auto, (max-width: 800px) 100vw, 800px\" srcset=\"https:\/\/i0.wp.com\/www.radiopiu.net\/wordpress\/wp-content\/uploads\/2018\/09\/WhatsApp-Image-2018-09-20-at-16.04.06.jpeg?w=800&amp;ssl=1 800w, https:\/\/i0.wp.com\/www.radiopiu.net\/wordpress\/wp-content\/uploads\/2018\/09\/WhatsApp-Image-2018-09-20-at-16.04.06.jpeg?resize=300%2C38&amp;ssl=1 300w, https:\/\/i0.wp.com\/www.radiopiu.net\/wordpress\/wp-content\/uploads\/2018\/09\/WhatsApp-Image-2018-09-20-at-16.04.06.jpeg?resize=768%2C96&amp;ssl=1 768w\" alt=\"\" width=\"800\" height=\"100\" data-lazy-loaded=\"1\" \/><\/a><\/p>\n<\/div>\n<\/div>\n<\/div>\n<\/div>\n<\/div>\n<\/div>\n<\/div>\n<\/div>\n<\/div>\n<\/div>\n<\/div>\n<\/div>\n<\/div>\n<\/div>\n<\/div>\n<\/div>\n<\/div>\n<\/div>\n<\/div>\n<\/div>\n<\/div>\n<\/div>\n<\/div>\n<\/div>\n<\/div>\n<\/div>\n<\/div>\n<\/div>\n<p>&nbsp;<\/p>\n<p><center><b>Martedi 7<\/b><\/center><b>Tempo atteso: <\/b>Al mattino parzialmente soleggiato per il transito di nubi alte, a tratti estese, prima che il cielo si rassereni lasciando spazio a ampi rasserenamenti, assieme a modesta attivit\u00e0 cumuliforme, localmente moderata, durante le ore pi\u00f9 calde. Forte escursione termica nelle valli con notte fresca e contesto termico diurno prettamente tardo-estivo.<br \/>\n<b>Precipitazioni: <\/b>Assenti (0%), salvo qualche goccia in corrispondenza di qualche addensamento sui confini con il Trentino e l&#8217;Alto Adige (10%).<br \/>\n<b>Temperature: <\/b>In generale lieve aumento, anche se di poco rispetto a luned\u00ec. Sono previste punte di 25\/27\u00b0C nei fondovalle prealpini e di 18\/22\u00b0C a 1000\/1200 m. Su Prealpi a 1500 m min 10\u00b0C, max 14\u00b0C; a 2000 m min 8\u00b0C, max 11\u00b0C. Su Dolomiti a 2000 m min 7\u00b0C, max 12\u00b0C; a 3000 m min 1\u00b0C, max 3\u00b0C.<br \/>\n<b>Venti: <\/b>Nelle valli perlopi\u00f9 deboli a regime di brezza, localmente e a tratti moderati nei settori solitamente pi\u00f9 ventilati; in quota in prevalenza deboli da nord-est, a 5-10 km\/h a 2000 m e 10-15 km\/h a 3000 m.<\/p>\n<hr \/>\n<p><center><b>Mercoledi 8<\/b><\/center><b>Tempo atteso: <\/b>Tempo molto stabile e ben soleggiato con cielo terso al mattino e poco nuvoloso per presenza di modesti cumuli e di stratocumuli a ridosso dei rilievi nelle le ore pi\u00f9 calde. Tipica giornata settembrina con aria limpida, ottima visibilit\u00e0, in un contesto notturno fresco e un atmosfera termica diurna tardo-estiva.<br \/>\n<b>Precipitazioni: <\/b>Assenti (0%).<br \/>\n<b>Temperature: <\/b>Senza notevoli variazioni rispetto a marted\u00ec, eccetto leggera flessione delle minime. Su Prealpi a 1500 m min 9\u00b0C, max 14\u00b0C; a 2000 m min 7\u00b0C, max 11\u00b0C. Su Dolomiti a 2000 m min 6\u00b0C, max 12\u00b0C; a 3000 m min 0\u00b0C, max 2\u00b0C.<br \/>\n<b>Venti: <\/b>Nelle valli perlopi\u00f9 deboli a regime di brezza, localmente e a tratti moderati nei settori solitamente pi\u00f9 ventilati; in quota deboli e molto deboli di direzione variabile, a 5-10 km\/h a 2000 m e 10-15 km\/h a 3000 m.<\/p>\n<hr \/>\n<p><center><b>Giovedi 9<\/b><\/center>Stupenda giornata tardo-estiva. Tempo molto stabile e ben soleggiato con cielo terso al mattino e sereno o poco nuvoloso per modesti cumuli nelle le ore pi\u00f9 calde. Temperature senza notevoli variazioni rispetto a mercoled\u00ec. Venti deboli per brezze nelle valli, localmente e a tratti moderati nei settori solitamente pi\u00f9 ventilati; in quota deboli dai quadranti settentrionali con qualche rinforzo sulle cime pi\u00f9 alte.<\/p>\n<hr \/>\n<p><center><b>Venerdi 10<\/b><\/center>Per gran parte del giorno sole e cielo sereno. Nel corso del pomeriggio arrivo di sottili nubi alte in grado di velare il cielo, in estensione a tutta la montagna veneta nel tardo pomeriggio\/sera. Temperature pressoch\u00e9 stazionarie. Venti deboli per brezze nelle valli, localmente e a tratti moderati nei settori solitamente pi\u00f9 ventilati; in quota deboli da nord-ovest. Previsore: R.L.Th.<\/p>\n<p>&nbsp;<\/p>\n<p>&nbsp;<\/p>\n<div class=\"mkdf-post-text\">\n<div class=\"mkdf-post-text-inner\">\n<hr \/>\n<p>&nbsp;<\/p>\n<p><img loading=\"lazy\" decoding=\"async\" class=\"wp-image-60761 size-full aligncenter\" src=\"https:\/\/www.radiopiu.net\/wordpress\/wp-content\/uploads\/2018\/09\/sport.jpg\" alt=\"\" width=\"800\" height=\"100\" srcset=\"https:\/\/www.radiopiu.net\/wordpress\/wp-content\/uploads\/2018\/09\/sport.jpg 800w, https:\/\/www.radiopiu.net\/wordpress\/wp-content\/uploads\/2018\/09\/sport-300x38.jpg 300w, https:\/\/www.radiopiu.net\/wordpress\/wp-content\/uploads\/2018\/09\/sport-768x96.jpg 768w\" sizes=\"auto, (max-width: 800px) 100vw, 800px\" \/><\/p>\n<p>&nbsp;<\/p>\n<blockquote>\n<h3>UNA BUONA PROVA DELLE CIVETTE NEL QUADRANGOLARE DI FELTRE<\/h3>\n<\/blockquote>\n<p><strong><a href=\"https:\/\/www.radiopiu.net\/wordpress\/una-buona-prova-delle-civette-nel-quadrangolare-di-feltre\/1393e49d-080c-47de-833f-10ca2114d532\/\" rel=\"attachment wp-att-231081\"><img loading=\"lazy\" decoding=\"async\" class=\"size-medium wp-image-231081 alignleft\" src=\"https:\/\/www.radiopiu.net\/wordpress\/wp-content\/uploads\/2021\/09\/1393e49d-080c-47de-833f-10ca2114d532-300x187.jpg\" alt=\"\" width=\"300\" height=\"187\" srcset=\"https:\/\/www.radiopiu.net\/wordpress\/wp-content\/uploads\/2021\/09\/1393e49d-080c-47de-833f-10ca2114d532-300x187.jpg 300w, https:\/\/www.radiopiu.net\/wordpress\/wp-content\/uploads\/2021\/09\/1393e49d-080c-47de-833f-10ca2114d532.jpg 512w\" sizes=\"auto, (max-width: 300px) 100vw, 300px\" \/><\/a>FELTRE <\/strong>Si \u00e8 giocato sabato al &#8220;Drio Le Rive&#8221; di Feltre il quadrangolare amichevole tra i padroni di casa dell&#8217;Hockey Club Feltre, l&#8217;Alleghe Hockey, la Sportivi Ghiaccio Cortina e l&#8217;Hockey Pieve. Partite di preparazione pre-season, in vista dell&#8217;inizio dei campionati, programmate in due tempi da 20 minuti effettivi e strutturate in due gare di semifinale con le vincenti che si sono giocate il primo posto del torneo e le perdenti il terzo. E&#8217; stata una bellissima giornata di sport, ben organizzata e con un buon pubblico sugli spalti dell&#8217;impianto feltrino. Nella prima semifinale l&#8217;Alleghe, partecipante al campionato di Italian Hockey League, si \u00e8 imposto nettamente 6-1 sul Pieve, team di prima divisione. Gara dominata e ben condotta dai nostri ragazzi. La seconda semifinale ha opposto il Cortina, militante in Alps Hockey League, al Feltre, iscritto alla prima divisione. Epilogo con una facile vittoria 4-0 degli scoiattoli. Nella finalina il Feltre si \u00e8 aggiudicato il terzo posto, battendo il Pieve con il risultato di 3-2. La Finale per il primo posto ha visto andare in scena il derby del Falzarego tra Cortina e Alleghe, con la vittoria 4-2 degli ampezzani, che si sono aggiudicati il torneo. Gara nella quale i biancorossi hanno messo sul ghiaccio grande grinta e massimo impegno su ogni disco, mostrando per\u00f2 ancora alcuni meccanismi da rodare, al cospetto di un avversario di alto livello. Il Cortina dal canto suo ha dimostrato di essere una buona squadra, ma soprattutto, schierando i tre stranieri ha notevolmente alzato la qualit\u00e0 del proprio roster gi\u00e0 di categoria superiore. La notizia negativa della serata per le Civette \u00e8 l&#8217;uscita precauzionale anzitempo dal ghiaccio dello svedese Joshua Berger, che nei prossimi giorni verr\u00e0 sottoposto ad accertamenti medici per scongiurare eventuali problemi.<\/p>\n<p>&nbsp;<\/p>\n<p>&nbsp;<\/p>\n<hr \/>\n<p>&nbsp;<\/p>\n<blockquote>\n<h3 class=\"p1\"><span class=\"s1\">3 ORI, 6 ARGENTI e 5 BRONZI PER CSI BELLUNO AL GRAN PREMIO NAZIONALE DI ATLETICA DI GROSSETO<\/span><\/h3>\n<\/blockquote>\n<p class=\"p1\"><span class=\"s1\"><strong>BELLUNO<\/strong> A distanza di due anni, \u00e8 tornato a svolgersi il Gran premio nazionale di atletica del Centro sportivo italiano e le societ\u00e0\u00a0 del comitato di Belluno sono state protagoniste, nonostante i numeri di partecipazione ridotti. <\/span><span class=\"s1\">La rassegna tricolore si \u00e8 svolta in Toscana, a Grosseto, nel fine settimana appena trascorso e ha visto protagonisti allo stadio Carlo Zecchini 637 atleti. <\/span><span class=\"s1\">Tre le societ\u00e0 di Csi Belluno presenti: Astra Quero, con nove atleti, Giocallena Atleticadore, con due, a Associazione sportiva Pozzale con uno. <\/span><span class=\"s1\">14 le medaglie conquistate complessivamente: tre ori, sei argenti e cinque bronzi. <\/span><span class=\"s1\">Di seguito il dettaglio. <\/span><span class=\"s1\">Astra Quero: due ori, tre argenti e quattro bronzi con <\/span><span class=\"s1\">Matteo Cesco (Amatori A): argento giavellotto e salto in alto; bronzo salto in lungo. <\/span><span class=\"s1\">Hoda Belkarroumia (Seniores): bronzo 100 metri. Daniel Tom\u00e8 (Cadetti): argento 300 metri. <\/span><span class=\"s1\">Alessia Mondin (Ragazze): bronzo salto in alto. <\/span><span class=\"s1\">Mathilda Mondin (Esordienti): oro 50 metri e 600 metri; bronzo salto in lungo. <\/span><span class=\"s1\">As Pozzale: tre argenti con <\/span><span class=\"s1\">Dante Passuello (Veterani B): argento 200 metri, 800 metri e 1500 metri, <\/span><span class=\"s1\">Giocallena Atleticadore: un oro e un bronzo, <\/span><span class=\"s1\">Martina Spina (Cadette): oro disco, <\/span><span class=\"s1\">Iris Da Cort\u00e0 (Cadette): bronzo giavellotto. <\/span><span class=\"s1\">\u00ab<em>Alle tre societ\u00e0 impegnate a Grosseto, va il plauso di tutto il comitato\u00bb sottolinea il presidente di Csi Belluno, Ilario Tancon. \u00abAd esse, cos\u00ec come alle altre societ\u00e0 del nostro comitato, va anche un grande grazie non solo per l\u2019impegno profuso in questa occasione ma anche per il lavoro quotidiano che mettono in campo con\u00a0entusiasmo, professionalit\u00e0 e disponibilit\u00e0, in particolar modo a favore dei ragazzi. \u00c8 una cosa non da poco, specialmente in questi mesi caratterizzati dalle forti limitazioni legate all\u2019emergenza sanitaria Covid-19. L\u2019auspicio \u00e8 che Grosseto abbia finalmente rappresentato la ripartenza definitiva per l\u2019atletica e che anche per le altre attivit\u00e0 nei prossimi mesi si possa tornare, per quanto possibile alla normalit\u00e0<\/em>\u00bb.<\/span><\/p>\n\n\t\t\t<style type='text\/css'>\n\t\t\t\t#gallery-4 {\n\t\t\t\t\tmargin: auto;\n\t\t\t\t}\n\t\t\t\t#gallery-4 .gallery-item {\n\t\t\t\t\tfloat: left;\n\t\t\t\t\tmargin-top: 10px;\n\t\t\t\t\ttext-align: center;\n\t\t\t\t\twidth: 33%;\n\t\t\t\t}\n\t\t\t\t#gallery-4 img {\n\t\t\t\t\tborder: 2px solid #cfcfcf;\n\t\t\t\t}\n\t\t\t\t#gallery-4 .gallery-caption {\n\t\t\t\t\tmargin-left: 0;\n\t\t\t\t}\n\t\t\t\t\/* see gallery_shortcode() in wp-includes\/media.php *\/\n\t\t\t<\/style>\n\t\t<div id='gallery-4' class='dt-gallery-container gallery galleryid-231078 gallery-columns-3 gallery-size-medium'><dl class='gallery-item'>\n\t\t\t\t<dt class='gallery-icon landscape'>\n\t\t\t\t\t<a class=\"rollover rollover-zoom dt-pswp-item\" title=\"astra quero - csi naz. atletica grosseto sett 2021\" data-dt-img-description=\"\" data-large_image_width=\"1982\" data-large_image_height=\"1321\"href='https:\/\/www.radiopiu.net\/wordpress\/wp-content\/uploads\/2021\/09\/astra-quero-csi-naz.-atletica-grosseto-sett-2021.jpeg'><img loading=\"lazy\" decoding=\"async\" width=\"300\" height=\"200\" src=\"https:\/\/www.radiopiu.net\/wordpress\/wp-content\/uploads\/2021\/09\/astra-quero-csi-naz.-atletica-grosseto-sett-2021-300x200.jpeg\" class=\"attachment-medium size-medium\" alt=\"\" aria-describedby=\"gallery-4-231096\" srcset=\"https:\/\/www.radiopiu.net\/wordpress\/wp-content\/uploads\/2021\/09\/astra-quero-csi-naz.-atletica-grosseto-sett-2021-300x200.jpeg 300w, https:\/\/www.radiopiu.net\/wordpress\/wp-content\/uploads\/2021\/09\/astra-quero-csi-naz.-atletica-grosseto-sett-2021-1024x682.jpeg 1024w, https:\/\/www.radiopiu.net\/wordpress\/wp-content\/uploads\/2021\/09\/astra-quero-csi-naz.-atletica-grosseto-sett-2021-768x512.jpeg 768w, https:\/\/www.radiopiu.net\/wordpress\/wp-content\/uploads\/2021\/09\/astra-quero-csi-naz.-atletica-grosseto-sett-2021-1536x1024.jpeg 1536w, https:\/\/www.radiopiu.net\/wordpress\/wp-content\/uploads\/2021\/09\/astra-quero-csi-naz.-atletica-grosseto-sett-2021.jpeg 1982w\" sizes=\"auto, (max-width: 300px) 100vw, 300px\" \/><\/a>\n\t\t\t\t<\/dt>\n\t\t\t\t\t<dd class='wp-caption-text gallery-caption' id='gallery-4-231096'>\n\t\t\t\t\tASTRA QUERO\n\t\t\t\t\t<\/dd><\/dl><dl class='gallery-item'>\n\t\t\t\t<dt class='gallery-icon portrait'>\n\t\t\t\t\t<a class=\"rollover rollover-zoom dt-pswp-item\" title=\"dante passuello - csi naz. atletica grosseto sett 2021\" data-dt-img-description=\"\" data-large_image_width=\"1198\" data-large_image_height=\"1600\"href='https:\/\/www.radiopiu.net\/wordpress\/wp-content\/uploads\/2021\/09\/dante-passuello-csi-naz.-atletica-grosseto-sett-2021.jpg'><img loading=\"lazy\" decoding=\"async\" width=\"225\" height=\"300\" src=\"https:\/\/www.radiopiu.net\/wordpress\/wp-content\/uploads\/2021\/09\/dante-passuello-csi-naz.-atletica-grosseto-sett-2021-225x300.jpg\" class=\"attachment-medium size-medium\" alt=\"\" aria-describedby=\"gallery-4-231097\" srcset=\"https:\/\/www.radiopiu.net\/wordpress\/wp-content\/uploads\/2021\/09\/dante-passuello-csi-naz.-atletica-grosseto-sett-2021-225x300.jpg 225w, https:\/\/www.radiopiu.net\/wordpress\/wp-content\/uploads\/2021\/09\/dante-passuello-csi-naz.-atletica-grosseto-sett-2021-767x1024.jpg 767w, https:\/\/www.radiopiu.net\/wordpress\/wp-content\/uploads\/2021\/09\/dante-passuello-csi-naz.-atletica-grosseto-sett-2021-768x1026.jpg 768w, https:\/\/www.radiopiu.net\/wordpress\/wp-content\/uploads\/2021\/09\/dante-passuello-csi-naz.-atletica-grosseto-sett-2021-1150x1536.jpg 1150w, https:\/\/www.radiopiu.net\/wordpress\/wp-content\/uploads\/2021\/09\/dante-passuello-csi-naz.-atletica-grosseto-sett-2021.jpg 1198w\" sizes=\"auto, (max-width: 225px) 100vw, 225px\" \/><\/a>\n\t\t\t\t<\/dt>\n\t\t\t\t\t<dd class='wp-caption-text gallery-caption' id='gallery-4-231097'>\n\t\t\t\t\tDANTE PASSUELLO\n\t\t\t\t\t<\/dd><\/dl><dl class='gallery-item'>\n\t\t\t\t<dt class='gallery-icon landscape'>\n\t\t\t\t\t<a class=\"rollover rollover-zoom dt-pswp-item\" title=\"iris da corta\u0300 - csi naz. atletica grosseto sett 2021\" data-dt-img-description=\"\" data-large_image_width=\"1024\" data-large_image_height=\"682\"href='https:\/\/www.radiopiu.net\/wordpress\/wp-content\/uploads\/2021\/09\/iris-da-corta\u0300-csi-naz.-atletica-grosseto-sett-2021.jpeg'><img loading=\"lazy\" decoding=\"async\" width=\"300\" height=\"200\" src=\"https:\/\/www.radiopiu.net\/wordpress\/wp-content\/uploads\/2021\/09\/iris-da-corta\u0300-csi-naz.-atletica-grosseto-sett-2021-300x200.jpeg\" class=\"attachment-medium size-medium\" alt=\"\" aria-describedby=\"gallery-4-231098\" srcset=\"https:\/\/www.radiopiu.net\/wordpress\/wp-content\/uploads\/2021\/09\/iris-da-corta\u0300-csi-naz.-atletica-grosseto-sett-2021-300x200.jpeg 300w, https:\/\/www.radiopiu.net\/wordpress\/wp-content\/uploads\/2021\/09\/iris-da-corta\u0300-csi-naz.-atletica-grosseto-sett-2021-768x512.jpeg 768w, https:\/\/www.radiopiu.net\/wordpress\/wp-content\/uploads\/2021\/09\/iris-da-corta\u0300-csi-naz.-atletica-grosseto-sett-2021.jpeg 1024w\" sizes=\"auto, (max-width: 300px) 100vw, 300px\" \/><\/a>\n\t\t\t\t<\/dt>\n\t\t\t\t\t<dd class='wp-caption-text gallery-caption' id='gallery-4-231098'>\n\t\t\t\t\tIRIS DA CORTA&#8217;\n\t\t\t\t\t<\/dd><\/dl><br style=\"clear: both\" \/>\n\t\t\t<\/div>\n\n<\/div>\n<\/div>\n<\/div>\n<\/div>\n<\/div>\n<\/div>\n<\/div>\n<\/div>\n<\/div>\n<\/div>\n<\/div>\n<\/div>\n<\/div>\n<\/div>\n<\/div>\n<\/div>\n<\/div>\n<\/div>\n","protected":false},"excerpt":{"rendered":"<p>COMPRIAMO UNA MACCHINA ATTREZZATA PER RICCARDO SOSPIROLO\u00a0Radio Pi\u00f9 appoggia l\u2019iniziativa di\u00a0 Agostino Tegner il pap\u00e0 di Riccardo, poche parole le sue ma piene di significato\u00a0\u201cIo e mia moglie stiamo invecchiando e non riusciamo pi\u00f9\u00a0a trasportare come si deve il nostro ragazzo, che necessita di una macchina attrezzata con un piano ribassato con pedana\u201d. Per questo&hellip;<\/p>\n","protected":false},"author":4,"featured_media":231136,"comment_status":"closed","ping_status":"open","sticky":false,"template":"","format":"standard","meta":{"_monsterinsights_skip_tracking":false,"_monsterinsights_sitenote_active":false,"_monsterinsights_sitenote_note":"","_monsterinsights_sitenote_category":0,"footnotes":""},"categories":[1,51,86,49],"tags":[],"class_list":["post-231078","post","type-post","status-publish","format-standard","has-post-thumbnail","hentry","category-senza-categoria","category-evidenza-top","category-gr","category-news-18","category-1","category-51","category-86","category-49","description-off"],"img_url":"https:\/\/www.radiopiu.net\/wordpress\/wp-content\/uploads\/2021\/09\/salt_20210904_182828_871.jpg","_links":{"self":[{"href":"https:\/\/www.radiopiu.net\/wordpress\/wp-json\/wp\/v2\/posts\/231078","targetHints":{"allow":["GET"]}}],"collection":[{"href":"https:\/\/www.radiopiu.net\/wordpress\/wp-json\/wp\/v2\/posts"}],"about":[{"href":"https:\/\/www.radiopiu.net\/wordpress\/wp-json\/wp\/v2\/types\/post"}],"author":[{"embeddable":true,"href":"https:\/\/www.radiopiu.net\/wordpress\/wp-json\/wp\/v2\/users\/4"}],"replies":[{"embeddable":true,"href":"https:\/\/www.radiopiu.net\/wordpress\/wp-json\/wp\/v2\/comments?post=231078"}],"version-history":[{"count":0,"href":"https:\/\/www.radiopiu.net\/wordpress\/wp-json\/wp\/v2\/posts\/231078\/revisions"}],"wp:featuredmedia":[{"embeddable":true,"href":"https:\/\/www.radiopiu.net\/wordpress\/wp-json\/wp\/v2\/media\/231136"}],"wp:attachment":[{"href":"https:\/\/www.radiopiu.net\/wordpress\/wp-json\/wp\/v2\/media?parent=231078"}],"wp:term":[{"taxonomy":"category","embeddable":true,"href":"https:\/\/www.radiopiu.net\/wordpress\/wp-json\/wp\/v2\/categories?post=231078"},{"taxonomy":"post_tag","embeddable":true,"href":"https:\/\/www.radiopiu.net\/wordpress\/wp-json\/wp\/v2\/tags?post=231078"}],"curies":[{"name":"wp","href":"https:\/\/api.w.org\/{rel}","templated":true}]}}