{"id":231112,"date":"2021-09-06T17:02:24","date_gmt":"2021-09-06T15:02:24","guid":{"rendered":"https:\/\/www.radiopiu.net\/wordpress\/?p=231112"},"modified":"2021-09-06T17:02:24","modified_gmt":"2021-09-06T15:02:24","slug":"garantito-lambulatorio-del-pediatra-a-caprile","status":"publish","type":"post","link":"https:\/\/www.radiopiu.net\/wordpress\/garantito-lambulatorio-del-pediatra-a-caprile\/","title":{"rendered":"GARANTITO L\u2019AMBULATORIO DEL PEDIATRA A CAPRILE"},"content":{"rendered":"<p><strong><a href=\"https:\/\/www.radiopiu.net\/wordpress\/monoclonali-pronti-per-la-somministrazione-in-ulss-1-dolomiti\/ulss-1-2\/\" rel=\"attachment wp-att-198838\"><img loading=\"lazy\" decoding=\"async\" class=\"size-medium wp-image-198838 alignleft\" src=\"https:\/\/www.radiopiu.net\/wordpress\/wp-content\/uploads\/2021\/03\/ULSS-1-300x158.jpg\" alt=\"\" width=\"300\" height=\"158\" srcset=\"https:\/\/www.radiopiu.net\/wordpress\/wp-content\/uploads\/2021\/03\/ULSS-1-300x158.jpg 300w, https:\/\/www.radiopiu.net\/wordpress\/wp-content\/uploads\/2021\/03\/ULSS-1-768x404.jpg 768w, https:\/\/www.radiopiu.net\/wordpress\/wp-content\/uploads\/2021\/03\/ULSS-1.jpg 776w\" sizes=\"auto, (max-width: 300px) 100vw, 300px\" \/><\/a>BELLUNO <\/strong>Il 3 ottobre la dottoressa Maria Tura cesser\u00e0 l&#8217;attivit\u00e0 di pediatra di libera scelta nell&#8217;Alto Agordino (Comuni di\u00a0 Alleghe, Colle Santa Lucia, Livinallongo del Col di Lana, Rocca Pietore e Selva di Cadore) per trasferimento presso altra Azienda Sanitaria. L&#8217;assistenza specialistica a carico del Servizio Sanitario Nazionale sar\u00e0 garantita attraverso i pediatri di libera scelta\u00a0 Filippina Trovato e Francesco Spacagna che garantiranno l&#8217;apertura dell&#8217;ambulatorio di Caprile per 4 giorni\u00a0 \u00a0alla settimana. A breve sar\u00e0 inviata agli assistiti una nota informativa che spiegher\u00e0 le modalit\u00e0 con cui effettuare la scelta di uno dei pediatri sopra indicati. Si precisa che la scelta degli indicati pediatri sar\u00e0 concretamente effettuabile solo tra qualche giorno essendo attualmente in corso l&#8217;adeguamento informatico dell&#8217;Anagrafe\u00a0Unica Sanitaria.<\/p>\n<p>&nbsp;<\/p>\n<p>&nbsp;<\/p>\n<p>&nbsp;<\/p>\n<p>*****<\/p>\n","protected":false},"excerpt":{"rendered":"<p>BELLUNO Il 3 ottobre la dottoressa Maria Tura cesser\u00e0 l&#8217;attivit\u00e0 di pediatra di libera scelta nell&#8217;Alto Agordino (Comuni di\u00a0 Alleghe, Colle Santa Lucia, Livinallongo del Col di Lana, Rocca Pietore e Selva di Cadore) per trasferimento presso altra Azienda Sanitaria. L&#8217;assistenza specialistica a carico del Servizio Sanitario Nazionale sar\u00e0 garantita attraverso i pediatri di libera&hellip;<\/p>\n","protected":false},"author":4,"featured_media":198838,"comment_status":"closed","ping_status":"open","sticky":false,"template":"","format":"standard","meta":{"_monsterinsights_skip_tracking":false,"_monsterinsights_sitenote_active":false,"_monsterinsights_sitenote_note":"","_monsterinsights_sitenote_category":0,"footnotes":""},"categories":[49],"tags":[],"class_list":["post-231112","post","type-post","status-publish","format-standard","has-post-thumbnail","hentry","category-news-18","category-49","description-off"],"img_url":"https:\/\/www.radiopiu.net\/wordpress\/wp-content\/uploads\/2021\/03\/ULSS-1.jpg","_links":{"self":[{"href":"https:\/\/www.radiopiu.net\/wordpress\/wp-json\/wp\/v2\/posts\/231112","targetHints":{"allow":["GET"]}}],"collection":[{"href":"https:\/\/www.radiopiu.net\/wordpress\/wp-json\/wp\/v2\/posts"}],"about":[{"href":"https:\/\/www.radiopiu.net\/wordpress\/wp-json\/wp\/v2\/types\/post"}],"author":[{"embeddable":true,"href":"https:\/\/www.radiopiu.net\/wordpress\/wp-json\/wp\/v2\/users\/4"}],"replies":[{"embeddable":true,"href":"https:\/\/www.radiopiu.net\/wordpress\/wp-json\/wp\/v2\/comments?post=231112"}],"version-history":[{"count":0,"href":"https:\/\/www.radiopiu.net\/wordpress\/wp-json\/wp\/v2\/posts\/231112\/revisions"}],"wp:featuredmedia":[{"embeddable":true,"href":"https:\/\/www.radiopiu.net\/wordpress\/wp-json\/wp\/v2\/media\/198838"}],"wp:attachment":[{"href":"https:\/\/www.radiopiu.net\/wordpress\/wp-json\/wp\/v2\/media?parent=231112"}],"wp:term":[{"taxonomy":"category","embeddable":true,"href":"https:\/\/www.radiopiu.net\/wordpress\/wp-json\/wp\/v2\/categories?post=231112"},{"taxonomy":"post_tag","embeddable":true,"href":"https:\/\/www.radiopiu.net\/wordpress\/wp-json\/wp\/v2\/tags?post=231112"}],"curies":[{"name":"wp","href":"https:\/\/api.w.org\/{rel}","templated":true}]}}