{"id":231199,"date":"2021-09-07T16:43:42","date_gmt":"2021-09-07T14:43:42","guid":{"rendered":"https:\/\/www.radiopiu.net\/wordpress\/?p=231199"},"modified":"2021-09-07T16:43:43","modified_gmt":"2021-09-07T14:43:43","slug":"vaccini-anti-covid-in-provincia-di-belluno-coperto-il-738-della-popolazione","status":"publish","type":"post","link":"https:\/\/www.radiopiu.net\/wordpress\/vaccini-anti-covid-in-provincia-di-belluno-coperto-il-738-della-popolazione\/","title":{"rendered":"VACCINI ANTI COVID: IN PROVINCIA DI BELLUNO COPERTO IL 73,8% DELLA POPOLAZIONE"},"content":{"rendered":"<p><strong>BELLUNO<\/strong> L&#8217;aggiornamento settimanale sulla campagna vaccinale della Ulss 1 Dolomiti. Ad oggi, le dosi somministrate in Ulss Dolomiti sono circa 267 mila. Il <strong>77,6%<\/strong> ( pari a 141.449 persone ) della popolazione vaccinabile in Ulss Dolomiti, ha eseguito almeno una dose di vaccino anti covid. Il <strong>73,8% <\/strong>della popolazione ha ricevuto il ciclo completo di vaccinazione.<\/p>\n\n\t\t\t<style type='text\/css'>\n\t\t\t\t#gallery-1 {\n\t\t\t\t\tmargin: auto;\n\t\t\t\t}\n\t\t\t\t#gallery-1 .gallery-item {\n\t\t\t\t\tfloat: left;\n\t\t\t\t\tmargin-top: 10px;\n\t\t\t\t\ttext-align: center;\n\t\t\t\t\twidth: 33%;\n\t\t\t\t}\n\t\t\t\t#gallery-1 img {\n\t\t\t\t\tborder: 2px solid #cfcfcf;\n\t\t\t\t}\n\t\t\t\t#gallery-1 .gallery-caption {\n\t\t\t\t\tmargin-left: 0;\n\t\t\t\t}\n\t\t\t\t\/* see gallery_shortcode() in wp-includes\/media.php *\/\n\t\t\t<\/style>\n\t\t<div id='gallery-1' class='dt-gallery-container gallery galleryid-231199 gallery-columns-3 gallery-size-medium'><dl class='gallery-item'>\n\t\t\t\t<dt class='gallery-icon landscape'>\n\t\t\t\t\t<a class=\"rollover rollover-zoom dt-pswp-item\" title=\"Schermata 2021-09-07 alle 16.38.43\" data-dt-img-description=\"\" data-large_image_width=\"846\" data-large_image_height=\"398\"href='https:\/\/www.radiopiu.net\/wordpress\/wp-content\/uploads\/2021\/09\/Schermata-2021-09-07-alle-16.38.43.png'><img loading=\"lazy\" decoding=\"async\" width=\"300\" height=\"141\" src=\"https:\/\/www.radiopiu.net\/wordpress\/wp-content\/uploads\/2021\/09\/Schermata-2021-09-07-alle-16.38.43-300x141.png\" class=\"attachment-medium size-medium\" alt=\"\" srcset=\"https:\/\/www.radiopiu.net\/wordpress\/wp-content\/uploads\/2021\/09\/Schermata-2021-09-07-alle-16.38.43-300x141.png 300w, https:\/\/www.radiopiu.net\/wordpress\/wp-content\/uploads\/2021\/09\/Schermata-2021-09-07-alle-16.38.43-768x361.png 768w, https:\/\/www.radiopiu.net\/wordpress\/wp-content\/uploads\/2021\/09\/Schermata-2021-09-07-alle-16.38.43.png 846w\" sizes=\"auto, (max-width: 300px) 100vw, 300px\" \/><\/a>\n\t\t\t\t<\/dt><\/dl><dl class='gallery-item'>\n\t\t\t\t<dt class='gallery-icon landscape'>\n\t\t\t\t\t<a class=\"rollover rollover-zoom dt-pswp-item\" title=\"Schermata 2021-09-07 alle 16.39.28\" data-dt-img-description=\"\" data-large_image_width=\"1276\" data-large_image_height=\"424\"href='https:\/\/www.radiopiu.net\/wordpress\/wp-content\/uploads\/2021\/09\/Schermata-2021-09-07-alle-16.39.28.png'><img loading=\"lazy\" decoding=\"async\" width=\"300\" height=\"100\" src=\"https:\/\/www.radiopiu.net\/wordpress\/wp-content\/uploads\/2021\/09\/Schermata-2021-09-07-alle-16.39.28-300x100.png\" class=\"attachment-medium size-medium\" alt=\"\" srcset=\"https:\/\/www.radiopiu.net\/wordpress\/wp-content\/uploads\/2021\/09\/Schermata-2021-09-07-alle-16.39.28-300x100.png 300w, https:\/\/www.radiopiu.net\/wordpress\/wp-content\/uploads\/2021\/09\/Schermata-2021-09-07-alle-16.39.28-1024x340.png 1024w, https:\/\/www.radiopiu.net\/wordpress\/wp-content\/uploads\/2021\/09\/Schermata-2021-09-07-alle-16.39.28-768x255.png 768w, https:\/\/www.radiopiu.net\/wordpress\/wp-content\/uploads\/2021\/09\/Schermata-2021-09-07-alle-16.39.28.png 1276w\" sizes=\"auto, (max-width: 300px) 100vw, 300px\" \/><\/a>\n\t\t\t\t<\/dt><\/dl><dl class='gallery-item'>\n\t\t\t\t<dt class='gallery-icon landscape'>\n\t\t\t\t\t<a class=\"rollover rollover-zoom dt-pswp-item\" title=\"3\" data-dt-img-description=\"\" data-large_image_width=\"966\" data-large_image_height=\"484\"href='https:\/\/www.radiopiu.net\/wordpress\/wp-content\/uploads\/2021\/09\/3-1.png'><img loading=\"lazy\" decoding=\"async\" width=\"300\" height=\"150\" src=\"https:\/\/www.radiopiu.net\/wordpress\/wp-content\/uploads\/2021\/09\/3-1-300x150.png\" class=\"attachment-medium size-medium\" alt=\"\" srcset=\"https:\/\/www.radiopiu.net\/wordpress\/wp-content\/uploads\/2021\/09\/3-1-300x150.png 300w, https:\/\/www.radiopiu.net\/wordpress\/wp-content\/uploads\/2021\/09\/3-1-768x385.png 768w, https:\/\/www.radiopiu.net\/wordpress\/wp-content\/uploads\/2021\/09\/3-1.png 966w\" sizes=\"auto, (max-width: 300px) 100vw, 300px\" \/><\/a>\n\t\t\t\t<\/dt><\/dl><br style=\"clear: both\" \/>\n\t\t\t<\/div>\n\n<p>&nbsp;<\/p>\n<p>La copertura vaccinale registrata in Ulss Dolomiti, \u00e8 sicuramente migliorabile e ci colloca nella media regionale; nonostante la presenza di circa 7 mila persone non ancora vaccinate nella fascia d\u2019et\u00e0 over 60 (interessata dal pi\u00f9 importante rischio clinico conseguente alla malattia) appaiono evidenti i grandi benefici epidemiologici derivanti dalla copertura vaccinale, per questa fascia d\u2019et\u00e0, di circa 70 mila persone, con oltre 60 mila gi\u00e0 coperte da ciclo completo. La casistica attuale covid, infatti, \u00e8 quasi interamente collocata nelle fasce d\u2019et\u00e0 inferiori, confermando l\u2019evidenza scientifica che la vaccinazione riduce moltissimo, quasi azzera, il rischio di malattia grave, ma riduce anche in modo importante il rischio di infezione (85% di riduzione) con grande beneficio indivuale e collettivo. \u00c8 necessario mantenere alta l\u2019attenzione per immunizzare il 20% di persone ancora non vaccinate. Oltre ai consueti Centri vaccinali attivi stabilmente sul territorio, con possibilit\u00e0 di prenotazione o di accesso libero per tutte le classi di et\u00e0, sono state organizzate numerose sedute territoriali anche a favore delle aree lontani dai principali centri vaccinali (vedi tabella seguenti). \u00ab<strong>Ci manca l\u2019ultimo miglio prima del traguardo<\/strong>, il pi\u00f9 difficile ma anche il pi\u00f9 importante, come sanno gli agonisti, per non vanificare la scelta di scienza e responsabilit\u00e0 fatta dai 141.500 bellunesi fino ad oggi e l\u2019impegno di tutto il territorio per ripartire in sicurezza. Luned\u00ec riprende la scuola in presenza, oltre alle attivit\u00e0 produttive e allo sport, cos\u00ec importanti in questo territorio. Nello scorso anno scolastico, prevalentemente in DAD per i ragazzi delle superiori, abbiamo imparato ad apprezzare il valore educativo e sociale della didattica in presenza. Ricordo ai 5.800 giovani tra i 12 e i 19 anni non ancora vaccinati che possono recarsi in qualsiasi centro vaccinale dell\u2019ulss Dolomiti senza prenotare, con la tessera sanitaria e accompagnati da un genitore se minori. E\u2019 fondamentale raggiungere la maggior copertura vaccinale possibile per mantenere, insieme alle consuete misure igienico sanitarie, un contagio contenuto che permetta di vivere un autunno e un inverno senza chiusure e restrizioni\u00bb, commenta il Direttore Generale Maria Grazia Carraro.<\/p>\n<p><strong>LE PROSSIME SEDUTE VACCINALI SENZA PRENOTAZIONE<\/strong><\/p>\n<p><a href=\"https:\/\/www.radiopiu.net\/wordpress\/vaccini-anti-covid-in-provincia-di-belluno-coperto-il-738-della-popolazione\/schermata-2021-09-07-alle-16-41-34\/\" rel=\"attachment wp-att-231203\"><img loading=\"lazy\" decoding=\"async\" class=\"aligncenter wp-image-231203 size-large\" src=\"https:\/\/www.radiopiu.net\/wordpress\/wp-content\/uploads\/2021\/09\/Schermata-2021-09-07-alle-16.41.34-1003x1024.png\" alt=\"\" width=\"1003\" height=\"1024\" srcset=\"https:\/\/www.radiopiu.net\/wordpress\/wp-content\/uploads\/2021\/09\/Schermata-2021-09-07-alle-16.41.34-1003x1024.png 1003w, https:\/\/www.radiopiu.net\/wordpress\/wp-content\/uploads\/2021\/09\/Schermata-2021-09-07-alle-16.41.34-294x300.png 294w, https:\/\/www.radiopiu.net\/wordpress\/wp-content\/uploads\/2021\/09\/Schermata-2021-09-07-alle-16.41.34-768x784.png 768w, https:\/\/www.radiopiu.net\/wordpress\/wp-content\/uploads\/2021\/09\/Schermata-2021-09-07-alle-16.41.34.png 1168w\" sizes=\"auto, (max-width: 1003px) 100vw, 1003px\" \/><\/a><\/p>\n<p>&nbsp;<\/p>\n<p>Si ricorda che \u00e8 sempre possibile prenotare la vaccinazione anti covid dal sito <a href=\"http:\/\/www.aulss1.veneto.it\/\">www.aulss1.veneto.it<\/a><\/p>\n<p>&nbsp;<\/p>\n<p>&nbsp;<\/p>\n<p>&nbsp;<\/p>\n<p>&nbsp;<\/p>\n<p>******<\/p>\n","protected":false},"excerpt":{"rendered":"<p>BELLUNO L&#8217;aggiornamento settimanale sulla campagna vaccinale della Ulss 1 Dolomiti. Ad oggi, le dosi somministrate in Ulss Dolomiti sono circa 267 mila. Il 77,6% ( pari a 141.449 persone ) della popolazione vaccinabile in Ulss Dolomiti, ha eseguito almeno una dose di vaccino anti covid. Il 73,8% della popolazione ha ricevuto il ciclo completo di&hellip;<\/p>\n","protected":false},"author":4,"featured_media":222306,"comment_status":"closed","ping_status":"open","sticky":false,"template":"","format":"standard","meta":{"_monsterinsights_skip_tracking":false,"_monsterinsights_sitenote_active":false,"_monsterinsights_sitenote_note":"","_monsterinsights_sitenote_category":0,"footnotes":""},"categories":[51,49],"tags":[],"class_list":["post-231199","post","type-post","status-publish","format-standard","has-post-thumbnail","hentry","category-evidenza-top","category-news-18","category-51","category-49","description-off"],"img_url":"https:\/\/www.radiopiu.net\/wordpress\/wp-content\/uploads\/2021\/07\/vaccino-covid.jpg","_links":{"self":[{"href":"https:\/\/www.radiopiu.net\/wordpress\/wp-json\/wp\/v2\/posts\/231199","targetHints":{"allow":["GET"]}}],"collection":[{"href":"https:\/\/www.radiopiu.net\/wordpress\/wp-json\/wp\/v2\/posts"}],"about":[{"href":"https:\/\/www.radiopiu.net\/wordpress\/wp-json\/wp\/v2\/types\/post"}],"author":[{"embeddable":true,"href":"https:\/\/www.radiopiu.net\/wordpress\/wp-json\/wp\/v2\/users\/4"}],"replies":[{"embeddable":true,"href":"https:\/\/www.radiopiu.net\/wordpress\/wp-json\/wp\/v2\/comments?post=231199"}],"version-history":[{"count":0,"href":"https:\/\/www.radiopiu.net\/wordpress\/wp-json\/wp\/v2\/posts\/231199\/revisions"}],"wp:featuredmedia":[{"embeddable":true,"href":"https:\/\/www.radiopiu.net\/wordpress\/wp-json\/wp\/v2\/media\/222306"}],"wp:attachment":[{"href":"https:\/\/www.radiopiu.net\/wordpress\/wp-json\/wp\/v2\/media?parent=231199"}],"wp:term":[{"taxonomy":"category","embeddable":true,"href":"https:\/\/www.radiopiu.net\/wordpress\/wp-json\/wp\/v2\/categories?post=231199"},{"taxonomy":"post_tag","embeddable":true,"href":"https:\/\/www.radiopiu.net\/wordpress\/wp-json\/wp\/v2\/tags?post=231199"}],"curies":[{"name":"wp","href":"https:\/\/api.w.org\/{rel}","templated":true}]}}