{"id":231259,"date":"2021-09-09T05:34:34","date_gmt":"2021-09-09T03:34:34","guid":{"rendered":"https:\/\/www.radiopiu.net\/wordpress\/?p=231259"},"modified":"2021-09-09T10:06:15","modified_gmt":"2021-09-09T08:06:15","slug":"giornale-radiopiu-09-settembre-2021-direttore-mirko-mezzacasa","status":"publish","type":"post","link":"https:\/\/www.radiopiu.net\/wordpress\/giornale-radiopiu-09-settembre-2021-direttore-mirko-mezzacasa\/","title":{"rendered":"GIORNALE RADIOPIU 09 SETTEMBRE 2021 DIRETTORE MIRKO MEZZACASA"},"content":{"rendered":"<blockquote>\n<h3>COMPRIAMO UNA MACCHINA ATTREZZATA PER RICCARDO<\/h3>\n<\/blockquote>\n<p><strong><a href=\"https:\/\/www.radiopiu.net\/wordpress\/compriamo-una-macchina-attrezzata-per-riccardo\/1626340291137881-img-20210714-wa0025\/\" rel=\"attachment wp-att-224370\"><img loading=\"lazy\" decoding=\"async\" class=\"size-medium wp-image-224370 alignleft\" src=\"https:\/\/www.radiopiu.net\/wordpress\/wp-content\/uploads\/2021\/07\/1626340291137881-IMG-20210714-WA0025-169x300.jpg\" sizes=\"auto, (max-width: 169px) 100vw, 169px\" srcset=\"https:\/\/www.radiopiu.net\/wordpress\/wp-content\/uploads\/2021\/07\/1626340291137881-IMG-20210714-WA0025-169x300.jpg 169w, https:\/\/www.radiopiu.net\/wordpress\/wp-content\/uploads\/2021\/07\/1626340291137881-IMG-20210714-WA0025-576x1024.jpg 576w, https:\/\/www.radiopiu.net\/wordpress\/wp-content\/uploads\/2021\/07\/1626340291137881-IMG-20210714-WA0025-768x1365.jpg 768w, https:\/\/www.radiopiu.net\/wordpress\/wp-content\/uploads\/2021\/07\/1626340291137881-IMG-20210714-WA0025.jpg 800w\" alt=\"\" width=\"169\" height=\"300\" \/><\/a>SOSPIROLO<\/strong>\u00a0Radio Pi\u00f9 appoggia l\u2019iniziativa di\u00a0 Agostino Tegner il pap\u00e0 di Riccardo, poche parole le sue ma piene di significato<em>\u00a0\u201cIo e mia moglie stiamo invecchiando e non riusciamo pi\u00f9\u00a0<img loading=\"lazy\" decoding=\"async\" class=\"alignright\" src=\"https:\/\/www.radiopiu.net\/wordpress\/wp-content\/uploads\/2021\/07\/1626451699105964-locandina-riccardo.jpg\" width=\"297\" height=\"167\" \/>a trasportare come si deve il nostro ragazzo, che necessita di una macchina attrezzata con un piano ribassato con pedana\u201d.<\/em><\/p>\n<p>Per questo ha avuto inizio la raccolta fondi che si prefigge lo scopo di raccogliere 35.000 euro entro fine agosto. Ad oggi sono stati versati i primi <span style=\"color: #ff0000;\">21.925<\/span>\u00a0euro, per farlo \u00e8 semplice\u00a0<strong><a href=\"https:\/\/www.eppela.com\/it\/projects\/31001-compriamo-una-macchina-attrezzata-per-riccardo\">clicca qui\u00a0<\/a><\/strong><\/p>\n<blockquote><p><em>Riccardo \u00e8 un simpatico ragazzino di 15 anni che vive sulle montagne di Sospirolo. Sempre sorridente e circondato dall\u2019affetto dei suoi cari, Riccardo \u00e8 per\u00f2 costretto a stare sulla sedia a rotelle a causa della distrofia muscolare di Duchenne, di cui \u00e8 affetto dalla nascita.\u00a0 I genitori, dopo anni di sacrifici, hanno deciso di acquistare un\u2019auto munita di pedana per poter trasportare il figlio in modo pi\u00f9 comodo, pratico e sicuro, soprattutto adesso che sta crescendo e il peso \u2013 per i due genitori che stanno diventando anziani \u2013 si fa sempre pi\u00f9 sentire.\u00a0<\/em><\/p><\/blockquote>\n<p>&nbsp;<\/p>\n<h3><strong>NEI GIORNI SCORSI ERA PRESENTE UN IBAN SU CUI FARE LE DONAZIONI. SIAMO STATI CONTATTATI DA EPPELA, IL SITO CHE GESTISCE LA RACCOLTA FONDI, CHE GENTILMENTE HA CHIESTO DI TOGLIERLO PERCHE&#8217; IL SISTEMA NON RICEVEVA PIU&#8217; DONAZIONI VISTO CHE L&#8217;IBAN ERA PROVVISORIO. I SOLDI DONATI NON SONO ANDATI PERSI MA VERRANNO ACCREDITATI DIRETTAMENTE SUL CONTO CORRENTE DI DELLA FAMIGLIA DI RICCARDO. LA CIFRA DA AGGIUNGERE ALLE DONAZIONI ONLINE E&#8217; DI 1670 EURO. GRAZIE PER LE DONAZIONI A QUESTA INIZIATIVA. <\/strong><\/h3>\n<h3 style=\"text-align: center;\"><span style=\"color: #ff0000;\"><strong>CHI VOLESSE FARE UNA DONAZIONE DIRETTAMENTE ALLA FAMIGLIA DI RICCARDO LO PUO&#8217; FARE SU QUESTO IBAN INTESTATO ALLA MAMMA ANA MARIA STOIAN: <\/strong><\/span><\/h3>\n<h3 style=\"text-align: center;\"><span style=\"color: #ff0000;\"><strong>IT40N0760111900000003558144<\/strong><\/span><\/h3>\n<p>&nbsp;<\/p>\n<hr \/>\n<p>&nbsp;<\/p>\n<blockquote>\n<h3><a href=\"https:\/\/www.radiopiu.net\/wordpress\/giornale-radiopiu-16-giugno-2021-direttore-mirko-mezzacasa\/th-140\/\" rel=\"attachment wp-att-216173\"><img loading=\"lazy\" decoding=\"async\" class=\" wp-image-216173 alignleft\" src=\"https:\/\/www.radiopiu.net\/wordpress\/wp-content\/uploads\/2021\/06\/th-13.jpg\" alt=\"\" width=\"118\" height=\"79\" \/><\/a>INTERRUZIONI ENEL PROGRAMMATE<\/h3>\n<p><strong>COLLE SANTA LUCIA<\/strong>: Lunedi dalle 9.30 alle 12.30 Passo Giau e Piezza,\u00a0 dalle 8.30 alle 10.30 localit\u00e0 Gusella,\u00a0 dalle 9.30 alle 12.30 localit\u00e0 Fedare; dalle 15.30 alle 18 localit\u00e0 Posalz. \u00a0Verr\u00e0 rifatta tutta la linea con dei conduttori pi\u00f9 resistenti in vista dell&#8217;inverno. Saranno sistemati diversi gruppi elettrogeni per diminuire i disagi.<\/p><\/blockquote>\n<p>&nbsp;<\/p>\n<hr \/>\n<p>&nbsp;<\/p>\n<blockquote>\n<h3>COVID: AUMENTANO I RICOVERI A BELLUNO. IN TERAPIA INTENSIVA UNA DONNA IN GRAVIDANZA<\/h3>\n<\/blockquote>\n<p><strong><a href=\"https:\/\/www.radiopiu.net\/wordpress\/giornale-radiopiu-10-marzo-2020-direttore-mirko-mezzacasa\/covid-ulss\/\" rel=\"attachment wp-att-121260\"><img loading=\"lazy\" decoding=\"async\" class=\"size-medium wp-image-121260 alignleft\" src=\"https:\/\/www.radiopiu.net\/wordpress\/wp-content\/uploads\/2020\/03\/covid-ulss-300x225.jpg\" alt=\"\" width=\"300\" height=\"225\" srcset=\"https:\/\/www.radiopiu.net\/wordpress\/wp-content\/uploads\/2020\/03\/covid-ulss-300x225.jpg 300w, https:\/\/www.radiopiu.net\/wordpress\/wp-content\/uploads\/2020\/03\/covid-ulss-768x576.jpg 768w, https:\/\/www.radiopiu.net\/wordpress\/wp-content\/uploads\/2020\/03\/covid-ulss.jpg 800w\" sizes=\"auto, (max-width: 300px) 100vw, 300px\" \/><\/a>BELLUNO <\/strong>Sono attualmente ricoverati in reparti Covid dell\u2019Ospedale San Martino di Belluno 12 pazienti covid positivi. Il cinquantenne ricoverato il 10 agosto in Terapia Intensiva si \u00e8 negativizzato dopo 37 giorni di positivit\u00e0 ma, in considerazione del quadro clinico ancora severo, rimane ricoverato in rianimazione. Inoltre, nella serata di ieri \u00e8 stata trasferita in Terapia Intensiva una donna di 37 anni alla 26esima settimana di gravidanza. Entrambi i pazienti in terapia intensiva non sono vaccinati. In Pneumologia e Malattie infettive sono attualmente ricoverati 11 pazienti di cui 9 non vaccinati. Queste le et\u00e0: ricoverati in Pneumologia : 23, 52, 66, 82 anni. Ricoverati in Malattie Infettive: 48, 53, 60, 61, 90, 94, 99 anni. \u00ab<em>Stiamo giocando con il fuoco<\/em>\u00bb, commenta il Direttore Generale Maria Grazia Carraro, \u00ab<em>nelle ultime ore abbiamo registrato ricoveri di persone anche giovani, non vaccinate, con condizioni cliniche preoccupanti. Stiamo saturando i posti letto dedicati nella fase 1. Con ulteriori ricoveri dovremmo attivare altre aree covid negli ospedali rimodulando necessariamente le disponibilit\u00e0 per le attivit\u00e0 e i servizi \u201cnon covid\u201d. Questa mattina sono stata in Comelico, dove era in corso una seduta vaccinale organizzata dai Medici di Famiglia con il supporto degli immancabili Alpini. Il Comelico \u00e8 un\u2019area dove ancora una percentuale importante di popolazione non ha aderito alla campagna vaccinale. Parlando col personale presente e con i volontari, che ben conoscono il sentire delle persone del territorio, \u00e8 emerso che un\u2019importante fetta di popolazione \u00e8 indecisa o disorientata dalle fake news rimbalzate in questo periodo. Invito queste persone a guarda i numeri, al di l\u00e0 delle notizie, che fotografano la realt\u00e0. I numeri di questo territorio dicono che se non vaccinati anche persone molto giovani possono sviluppare forme gravi di infezione tali da necessitare il ricovero, fenomeno non presente lo scorso anno. Valutate questi dati e, se avete dubbi, consultate il vostro medico di famiglia. Per le donne in gravidanza stiamo strutturando un percorso per fare in modo che ogni donna possa avere risposte ai propri dubbi da un ginecologo dedicato<\/em>\u00bb, conclude il Direttore Carraro<\/p>\n\n\t\t\t<style type='text\/css'>\n\t\t\t\t#gallery-1 {\n\t\t\t\t\tmargin: auto;\n\t\t\t\t}\n\t\t\t\t#gallery-1 .gallery-item {\n\t\t\t\t\tfloat: left;\n\t\t\t\t\tmargin-top: 10px;\n\t\t\t\t\ttext-align: center;\n\t\t\t\t\twidth: 50%;\n\t\t\t\t}\n\t\t\t\t#gallery-1 img {\n\t\t\t\t\tborder: 2px solid #cfcfcf;\n\t\t\t\t}\n\t\t\t\t#gallery-1 .gallery-caption {\n\t\t\t\t\tmargin-left: 0;\n\t\t\t\t}\n\t\t\t\t\/* see gallery_shortcode() in wp-includes\/media.php *\/\n\t\t\t<\/style>\n\t\t<div id='gallery-1' class='dt-gallery-container gallery galleryid-231259 gallery-columns-2 gallery-size-medium'><dl class='gallery-item'>\n\t\t\t\t<dt class='gallery-icon landscape'>\n\t\t\t\t\t<a class=\"rollover rollover-zoom dt-pswp-item\" title=\"WhatsApp Image 2021-09-08 at 16.45.34\" data-dt-img-description=\"\" data-large_image_width=\"1600\" data-large_image_height=\"1200\"href='https:\/\/www.radiopiu.net\/wordpress\/wp-content\/uploads\/2021\/09\/WhatsApp-Image-2021-09-08-at-16.45.34.jpeg'><img loading=\"lazy\" decoding=\"async\" width=\"300\" height=\"225\" src=\"https:\/\/www.radiopiu.net\/wordpress\/wp-content\/uploads\/2021\/09\/WhatsApp-Image-2021-09-08-at-16.45.34-300x225.jpeg\" class=\"attachment-medium size-medium\" alt=\"\" srcset=\"https:\/\/www.radiopiu.net\/wordpress\/wp-content\/uploads\/2021\/09\/WhatsApp-Image-2021-09-08-at-16.45.34-300x225.jpeg 300w, https:\/\/www.radiopiu.net\/wordpress\/wp-content\/uploads\/2021\/09\/WhatsApp-Image-2021-09-08-at-16.45.34-1024x768.jpeg 1024w, https:\/\/www.radiopiu.net\/wordpress\/wp-content\/uploads\/2021\/09\/WhatsApp-Image-2021-09-08-at-16.45.34-768x576.jpeg 768w, https:\/\/www.radiopiu.net\/wordpress\/wp-content\/uploads\/2021\/09\/WhatsApp-Image-2021-09-08-at-16.45.34-1536x1152.jpeg 1536w, https:\/\/www.radiopiu.net\/wordpress\/wp-content\/uploads\/2021\/09\/WhatsApp-Image-2021-09-08-at-16.45.34.jpeg 1600w\" sizes=\"auto, (max-width: 300px) 100vw, 300px\" \/><\/a>\n\t\t\t\t<\/dt><\/dl><dl class='gallery-item'>\n\t\t\t\t<dt class='gallery-icon landscape'>\n\t\t\t\t\t<a class=\"rollover rollover-zoom dt-pswp-item\" title=\"WhatsApp Image 2021-09-08 at 16.45.57\" data-dt-img-description=\"\" data-large_image_width=\"1600\" data-large_image_height=\"1200\"href='https:\/\/www.radiopiu.net\/wordpress\/wp-content\/uploads\/2021\/09\/WhatsApp-Image-2021-09-08-at-16.45.57.jpeg'><img loading=\"lazy\" decoding=\"async\" width=\"300\" height=\"225\" src=\"https:\/\/www.radiopiu.net\/wordpress\/wp-content\/uploads\/2021\/09\/WhatsApp-Image-2021-09-08-at-16.45.57-300x225.jpeg\" class=\"attachment-medium size-medium\" alt=\"\" srcset=\"https:\/\/www.radiopiu.net\/wordpress\/wp-content\/uploads\/2021\/09\/WhatsApp-Image-2021-09-08-at-16.45.57-300x225.jpeg 300w, https:\/\/www.radiopiu.net\/wordpress\/wp-content\/uploads\/2021\/09\/WhatsApp-Image-2021-09-08-at-16.45.57-1024x768.jpeg 1024w, https:\/\/www.radiopiu.net\/wordpress\/wp-content\/uploads\/2021\/09\/WhatsApp-Image-2021-09-08-at-16.45.57-768x576.jpeg 768w, https:\/\/www.radiopiu.net\/wordpress\/wp-content\/uploads\/2021\/09\/WhatsApp-Image-2021-09-08-at-16.45.57-1536x1152.jpeg 1536w, https:\/\/www.radiopiu.net\/wordpress\/wp-content\/uploads\/2021\/09\/WhatsApp-Image-2021-09-08-at-16.45.57.jpeg 1600w\" sizes=\"auto, (max-width: 300px) 100vw, 300px\" \/><\/a>\n\t\t\t\t<\/dt><\/dl><br style=\"clear: both\" \/>\n\t\t\t<\/div>\n\n<p>&nbsp;<\/p>\n<p>&nbsp;<\/p>\n<hr \/>\n<p>&nbsp;<\/p>\n<blockquote>\n<h3>IERI MATTINA: RECUPERATI DUE TRENTENNI UNGHERESI SULLA FERRATA BERTI<\/h3>\n<\/blockquote>\n<p><strong><a href=\"https:\/\/www.radiopiu.net\/wordpress\/recuperata-coppia-di-escursionisti-in-un-canale\/salt_20210908_094620_098\/\" rel=\"attachment wp-att-231281\"><img loading=\"lazy\" decoding=\"async\" class=\" wp-image-231281 alignleft\" src=\"https:\/\/www.radiopiu.net\/wordpress\/wp-content\/uploads\/2021\/09\/salt_20210908_094620_098-225x300.jpg\" alt=\"\" width=\"135\" height=\"180\" srcset=\"https:\/\/www.radiopiu.net\/wordpress\/wp-content\/uploads\/2021\/09\/salt_20210908_094620_098-225x300.jpg 225w, https:\/\/www.radiopiu.net\/wordpress\/wp-content\/uploads\/2021\/09\/salt_20210908_094620_098-768x1024.jpg 768w, https:\/\/www.radiopiu.net\/wordpress\/wp-content\/uploads\/2021\/09\/salt_20210908_094620_098-1152x1536.jpg 1152w, https:\/\/www.radiopiu.net\/wordpress\/wp-content\/uploads\/2021\/09\/salt_20210908_094620_098-1536x2048.jpg 1536w, https:\/\/www.radiopiu.net\/wordpress\/wp-content\/uploads\/2021\/09\/salt_20210908_094620_098.jpg 1773w\" sizes=\"auto, (max-width: 135px) 100vw, 135px\" \/><\/a>SAN VITO DI CADORE\u00a0 <\/strong>Erano le 5.20 ieri mattina quanto la Centrale del Suem ha allertato il Soccorso alpino di San Vito di Cadore per una coppia di escursionisti trentenni ungheresi, un ragazzo\u00a0 e una ragazza, in difficolt\u00e0 nei pressi della Ferrata Berti. Messi in contatto con i soccorritori, si \u00e8 capito dove si trovavano e cosa era successo. Partiti dal Rifugio Vandelli per andare al Rifugio San Marco, i due avrebbero dovuto seguire il percorso attrezzato che passa sulla Cengia del Banco, sulla Croda Marcora, ma avevano perso il sentiero, iniziando a seguire una traccia lasciata da animali selvatici, che li aveva portati a scendere in un canale tra salti di roccia e boscaglia si mughi, fino a bloccarsi sopra i 30 metri della cascata del Pisandul. Mentre una squadra si preparava a intervenire, data la presenza di nebbia, \u00e8 sopraggiunto il Pelikan di Bressanone, che ha imbarcato uno dei soccorritori, che \u00e8 anche tecnico di elisoccorso. Dopo averli individuati a 2.100 metri di quota, l&#8217;eliambulanza lo ha calato con un verricello di 30 metri e in due rotazioni li ha recuperati e trasportati al campo base, dove i sanitari li hanno controllati dal momento che erano stati tutta la notte sotto la pioggia. Fortunatamente stavano bene, pur infreddoliti e impauriti.<\/p>\n<p>&nbsp;<\/p>\n<p>&nbsp;<\/p>\n<hr \/>\n<p>&nbsp;<\/p>\n<blockquote>\n<h3><a href=\"https:\/\/www.radiopiu.net\/wordpress\/omaggi-a-feltre-dallalto\/5b19eb24-8039-457a-a39e-36dab105b590\/\" rel=\"attachment wp-att-145790\"><img loading=\"lazy\" decoding=\"async\" class=\"wp-image-145790 alignleft\" src=\"https:\/\/www.radiopiu.net\/wordpress\/wp-content\/uploads\/2020\/06\/5b19eb24-8039-457a-a39e-36dab105b590-300x225.jpg\" alt=\"\" width=\"167\" height=\"125\" srcset=\"https:\/\/www.radiopiu.net\/wordpress\/wp-content\/uploads\/2020\/06\/5b19eb24-8039-457a-a39e-36dab105b590-300x225.jpg 300w, https:\/\/www.radiopiu.net\/wordpress\/wp-content\/uploads\/2020\/06\/5b19eb24-8039-457a-a39e-36dab105b590-768x576.jpg 768w, https:\/\/www.radiopiu.net\/wordpress\/wp-content\/uploads\/2020\/06\/5b19eb24-8039-457a-a39e-36dab105b590.jpg 960w\" sizes=\"auto, (max-width: 167px) 100vw, 167px\" \/><\/a>LADRI IN AZIONE IN VIA LUSA<\/h3>\n<p><strong>FELTRE<\/strong> . Tentato furto\u00a0 in un palazzo sulla strada dei Palazzetti Cingolani. Il proprietario rientrando si \u00e8 reso conto che qualcuno aveva forzato l&#8217;ingresso per entrare nell&#8217;abitazione. Difficile capire tempi e modi del furto, visto che il proprietario viene in citt\u00e0 solo ogni tanto e dunque il colpo potrebbe risalire anche a settimane addietro. In ogni caso i carabinieri di Feltre si sono recati sul posto per eseguire il primo sopralluogo in attesa di ricevere la denuncia ufficiale<\/p><\/blockquote>\n<p>&nbsp;<\/p>\n<hr \/>\n<p>&nbsp;<\/p>\n<p>&nbsp;<\/p>\n<blockquote>\n<h3><a href=\"https:\/\/www.radiopiu.net\/wordpress\/sospese-le-ricerche-di-federico-lugato-in-val-di-zoldo\/salt_20210904_182828_871\/\" rel=\"attachment wp-att-231136\"><img loading=\"lazy\" decoding=\"async\" class=\" wp-image-231136 alignleft\" src=\"https:\/\/www.radiopiu.net\/wordpress\/wp-content\/uploads\/2021\/09\/salt_20210904_182828_871-300x225.jpg\" alt=\"\" width=\"205\" height=\"154\" srcset=\"https:\/\/www.radiopiu.net\/wordpress\/wp-content\/uploads\/2021\/09\/salt_20210904_182828_871-300x225.jpg 300w, https:\/\/www.radiopiu.net\/wordpress\/wp-content\/uploads\/2021\/09\/salt_20210904_182828_871-1024x768.jpg 1024w, https:\/\/www.radiopiu.net\/wordpress\/wp-content\/uploads\/2021\/09\/salt_20210904_182828_871-768x576.jpg 768w, https:\/\/www.radiopiu.net\/wordpress\/wp-content\/uploads\/2021\/09\/salt_20210904_182828_871-1536x1152.jpg 1536w, https:\/\/www.radiopiu.net\/wordpress\/wp-content\/uploads\/2021\/09\/salt_20210904_182828_871-2048x1536.jpg 2048w\" sizes=\"auto, (max-width: 205px) 100vw, 205px\" \/><\/a>LIETO FINE: GIACOMO E&#8217; TORNATO A CASA.<\/h3>\n<p><strong>VAL DI ZOLDO<\/strong>\u00a0 Giacomo Sacchet il torrentista zoldano \u00e8 stato dimesso dal Pronto soccorso del San Martino. I medici l&#8217;avevano ricoverato in Osservazione breve intensiva, dopo che luned\u00ec pomeriggio gli uomini del Soccorso alpino erano riusciti a recuperarlo in una grotta, dietro una cascata, lungo il torrente Ma\u00e8. Il 43enne di origine longaronese ha superato l&#8217;iniziale ipotermia ed \u00e8 in buone condizioni.<\/p><\/blockquote>\n<p>&nbsp;<\/p>\n<hr \/>\n<p>&nbsp;<\/p>\n<p>&nbsp;<\/p>\n<p>&nbsp;<\/p>\n<blockquote>\n<h3>IL LUTTO, E&#8217; MANCATA LA MAESTRA BRUNA<\/h3>\n<p><strong>PONTE NELLE ALPI<\/strong> E&#8217; morta Bruna Bertagno, vedova Reveane, storica maestra che ha insegnato per decenni in diverse scuole di Ponte e frazioni. Aveva 95 anni e risiedeva nella localit\u00e0 di Col de Cugnan. Era molto conosciuta nel Bellunese per la sua attivit\u00e0 di maestra nei decenni a cavallo tra gli anni sessanta e ottanta, formando generazioni di bambini e sua volta poi i figli e dei suoi allievi. Nella sua carriera ha prestato servizio in tutti i plessi del Pontalpino. I funerali si svolgeranno in forma privata.<\/p>\n<p>&nbsp;<\/p><\/blockquote>\n<hr \/>\n<p>&nbsp;<\/p>\n<p>&nbsp;<\/p>\n<blockquote>\n<h3>PETIZIONE PER CANAZEI, 300 LE FIRME ON LINE<\/h3>\n<p><a href=\"https:\/\/www.radiopiu.net\/wordpress\/giornale-radiopiu-09-settembre-2021-direttore-mirko-mezzacasa\/th-186\/\" rel=\"attachment wp-att-231398\"><img loading=\"lazy\" decoding=\"async\" class=\"size-full wp-image-231398 alignleft\" src=\"https:\/\/www.radiopiu.net\/wordpress\/wp-content\/uploads\/2021\/09\/th-1.jpg\" alt=\"\" width=\"244\" height=\"163\" \/><\/a><strong>COLLE SANTA LUCIA<\/strong> A secuito dell&#8217;incendio dello scorso giugno che\u00a0 ha devastato una parte della frazione di Canazei, un gruppo di cittadini e turisti ha lanciato una petizione sulla piattaforma Change.org per chiedere al sindaco Paolo Frena e alla Regione la ricostruzione della zona incendiata. L&#8217;appello ha gi\u00e0 superato le 300 firme in soli due giorni. \u00abSiamo dei cittadini sensibili e dei villeggianti affezionati a Colle e al suo straordinario territorio\u00bb, si legge nel testo, \u00abvorremmo chiedere un&#8217;attenzione particolare per Canazei dove sono bruciati il maso pi\u00f9 grande, comprendente un fienile e due unit\u00e0 abitative, l&#8217;abitazione pi\u00f9 antica risalente al 1700, un altro storico fienile, parte di una casa appena ristrutturata e parte del tetto e facciata di un&#8217;abitazione vicina\u00bb. &#8212;<\/p><\/blockquote>\n<p>&nbsp;<\/p>\n<hr \/>\n<p>&nbsp;<\/p>\n<blockquote>\n<h2><\/h2>\n<h2>DALL&#8217;ATER LA REPLICA A MANFROI<\/h2>\n<h3><strong>CENCENIGHE<\/strong>\u00abCi sono molteplici modi con cui contattare l&#8217;Ater: mail, PEC, il sito aziendale con app utilizzabile anche da cellulare e fax. Se poi la linea telefonica risulta temporaneamente sovraccarica, si pu\u00f2 riprovare e ancora, in subordine, selezionare altra opzione che indirizza il chiamante in altri uffici aziendali\u00bb.L&#8217;Ater replica a Paolo Manfroi, che aveva lamentato l&#8217;impossibilit\u00e0 di mettersi in contatto con l&#8217;azienda per segnale problemi in una casa ad Avoscan. \u00abNon dimentichiamo poi che viviamo un periodo di pandemia che ha imposto a tutti forti restrizioni nei contatti personali, mettendo a dura prova il mondo dei servizi, dove lo scambio e il confronto costituiscono la base per l&#8217;erogazione di prestazioni il pi\u00f9 efficaci possibili. Ater prende conoscenza della problematica esposta dal signor Manfroi\u00bb, si legge ancora nella nota, \u00abma solo da notizie giornalistiche, visto che che agli atti aziendali non vi \u00e8 traccia di alcuna segnalazione. Ad Ater \u00e8 nota da tempo solo la necessit\u00e0, peraltro non urgente, dal momento che nessuna perdita o mancanza di acqua alle utenze ci \u00e8 mai stata segnalata, di allacciare un nostro fabbricato ad un tratto del nuovo acquedotto. Nel frattempo le utenze del fabbricato sono ancora collegate al vecchio acquedotto\u00bb. \u00abL&#8217;abitazione del signor Manfroi\u00bb, prosegue la nota \u00ab\u00e8 distante dal fabbricato di propriet\u00e0 Ater, per cui neppure i nostri assegnatari ci hanno potuto comunicare l&#8217;esistenza dell&#8217;inconveniente dei rumori di acqua corrente udibili, come dai nostri tecnici accertato, solamente dall&#8217;abitazione del segnalante. Il problema quindi ha origine nella condotta vecchia dell&#8217;acquedotto (non nella propriet\u00e0 di Ater), e continua a causa della necessit\u00e0 di mantenere funzionante la vecchia condotta fin quando il fabbricato di Ater di sar\u00e0 allacciato al nuovo acquedotto. L&#8217;intervento di Ater era gi\u00e0 da tempo programmato ed essendo gi\u00e0 state espletate tutte le procedure tecniche ed amministrative per l&#8217;affidamento dei lavori, verr\u00e0 eseguito a breve. Ci\u00f2 dovr\u00e0 risolvere definitivamente anche il problema dei rumori\u00bb. &#8211;<\/h3>\n<p><span style=\"color: #ff0000;\">L&#8217;ALTRO IERI ALLA RADIO\u00a0<\/span><\/p>\n<p><strong>CERCA L&#8217;ATER DA SETTIMANE PER UNA PERDITA D&#8217;ACQUA NELLA CASA DEL VICINO MA NESSUNO RISPONDE<\/strong><\/p><\/blockquote>\n<p><strong><a href=\"https:\/\/www.radiopiu.net\/wordpress\/giornale-radiopiu-09-agosto-2021-direttore-mirko-mezzacasa\/cencenighe-1\/\" rel=\"attachment wp-att-226790\"><img loading=\"lazy\" decoding=\"async\" class=\"size-medium wp-image-226790 alignleft\" src=\"https:\/\/www.radiopiu.net\/wordpress\/wp-content\/uploads\/2021\/08\/CENCENIGHE-1-300x169.jpg\" alt=\"\" width=\"300\" height=\"169\" srcset=\"https:\/\/www.radiopiu.net\/wordpress\/wp-content\/uploads\/2021\/08\/CENCENIGHE-1-300x169.jpg 300w, https:\/\/www.radiopiu.net\/wordpress\/wp-content\/uploads\/2021\/08\/CENCENIGHE-1-1024x576.jpg 1024w, https:\/\/www.radiopiu.net\/wordpress\/wp-content\/uploads\/2021\/08\/CENCENIGHE-1-768x432.jpg 768w, https:\/\/www.radiopiu.net\/wordpress\/wp-content\/uploads\/2021\/08\/CENCENIGHE-1-1536x864.jpg 1536w, https:\/\/www.radiopiu.net\/wordpress\/wp-content\/uploads\/2021\/08\/CENCENIGHE-1.jpg 1920w\" sizes=\"auto, (max-width: 300px) 100vw, 300px\" \/><\/a>CENCENIGHE<\/strong><\/p>\n<p>di Gianni Santomaso<\/p>\n<audio class=\"wp-audio-shortcode\" id=\"audio-231259-1\" preload=\"none\" style=\"width: 100%;\" controls=\"controls\"><source type=\"audio\/mpeg\" src=\"https:\/\/www.radiopiu.net\/wordpress\/wp-content\/uploads\/2021\/09\/GIANNI-PERDITA-ACQUA-CENCENIGHE.mp3?_=1\" \/><a href=\"https:\/\/www.radiopiu.net\/wordpress\/wp-content\/uploads\/2021\/09\/GIANNI-PERDITA-ACQUA-CENCENIGHE.mp3\">https:\/\/www.radiopiu.net\/wordpress\/wp-content\/uploads\/2021\/09\/GIANNI-PERDITA-ACQUA-CENCENIGHE.mp3<\/a><\/audio>\n<p>&nbsp;<\/p>\n<p>&nbsp;<\/p>\n<p>&nbsp;<\/p>\n<hr \/>\n<p>&nbsp;<\/p>\n<blockquote class=\"wp-embedded-content\" data-secret=\"ffTOWM3ySS\"><p><a href=\"https:\/\/www.radiopiu.net\/wordpress\/aggiornamentoset08\/\">CORONAVIRUS: AGGIORNAMENTO NAZIONALE 08 SETTEMBRE  2021<\/a><\/p><\/blockquote>\n<p><iframe loading=\"lazy\" class=\"wp-embedded-content\" sandbox=\"allow-scripts\" security=\"restricted\" style=\"position: absolute; clip: rect(1px, 1px, 1px, 1px);\" title=\"&#8220;CORONAVIRUS: AGGIORNAMENTO NAZIONALE 08 SETTEMBRE  2021&#8221; &#8212; Radio Pi\u00f9\" src=\"https:\/\/www.radiopiu.net\/wordpress\/aggiornamentoset08\/embed\/#?secret=ffTOWM3ySS\" data-secret=\"ffTOWM3ySS\" width=\"600\" height=\"338\" frameborder=\"0\" marginwidth=\"0\" marginheight=\"0\" scrolling=\"no\"><\/iframe><\/p>\n<p>&nbsp;<\/p>\n<blockquote class=\"wp-embedded-content\" data-secret=\"BzKIwM9IdJ\"><p><a href=\"https:\/\/www.radiopiu.net\/wordpress\/agg0809201\/\">705 positivi in Regione, +31 in provincia di BELLUNO, stabili ricoveri e terapie intensive<\/a><\/p><\/blockquote>\n<p><iframe loading=\"lazy\" class=\"wp-embedded-content\" sandbox=\"allow-scripts\" security=\"restricted\" style=\"position: absolute; clip: rect(1px, 1px, 1px, 1px);\" title=\"&#8220;705 positivi in Regione, +31 in provincia di BELLUNO, stabili ricoveri e terapie intensive&#8221; &#8212; Radio Pi\u00f9\" src=\"https:\/\/www.radiopiu.net\/wordpress\/agg0809201\/embed\/#?secret=BzKIwM9IdJ\" data-secret=\"BzKIwM9IdJ\" width=\"600\" height=\"338\" frameborder=\"0\" marginwidth=\"0\" marginheight=\"0\" scrolling=\"no\"><\/iframe><\/p>\n<p>&nbsp;<\/p>\n<blockquote>\n<h2>I GRAFICI DI TIZIANO DE COL<\/h2>\n<\/blockquote>\n\n\t\t\t<style type='text\/css'>\n\t\t\t\t#gallery-2 {\n\t\t\t\t\tmargin: auto;\n\t\t\t\t}\n\t\t\t\t#gallery-2 .gallery-item {\n\t\t\t\t\tfloat: left;\n\t\t\t\t\tmargin-top: 10px;\n\t\t\t\t\ttext-align: center;\n\t\t\t\t\twidth: 25%;\n\t\t\t\t}\n\t\t\t\t#gallery-2 img {\n\t\t\t\t\tborder: 2px solid #cfcfcf;\n\t\t\t\t}\n\t\t\t\t#gallery-2 .gallery-caption {\n\t\t\t\t\tmargin-left: 0;\n\t\t\t\t}\n\t\t\t\t\/* see gallery_shortcode() in wp-includes\/media.php *\/\n\t\t\t<\/style>\n\t\t<div id='gallery-2' class='dt-gallery-container gallery galleryid-231259 gallery-columns-4 gallery-size-medium'><dl class='gallery-item'>\n\t\t\t\t<dt class='gallery-icon landscape'>\n\t\t\t\t\t<a class=\"rollover rollover-zoom dt-pswp-item\" title=\"c286c694-0cee-45f8-a1e5-be4495480476\" data-dt-img-description=\"\" data-large_image_width=\"597\" data-large_image_height=\"347\"href='https:\/\/www.radiopiu.net\/wordpress\/wp-content\/uploads\/2021\/09\/c286c694-0cee-45f8-a1e5-be4495480476.jpg'><img loading=\"lazy\" decoding=\"async\" width=\"300\" height=\"174\" src=\"https:\/\/www.radiopiu.net\/wordpress\/wp-content\/uploads\/2021\/09\/c286c694-0cee-45f8-a1e5-be4495480476-300x174.jpg\" class=\"attachment-medium size-medium\" alt=\"\" srcset=\"https:\/\/www.radiopiu.net\/wordpress\/wp-content\/uploads\/2021\/09\/c286c694-0cee-45f8-a1e5-be4495480476-300x174.jpg 300w, https:\/\/www.radiopiu.net\/wordpress\/wp-content\/uploads\/2021\/09\/c286c694-0cee-45f8-a1e5-be4495480476.jpg 597w\" sizes=\"auto, (max-width: 300px) 100vw, 300px\" \/><\/a>\n\t\t\t\t<\/dt><\/dl><dl class='gallery-item'>\n\t\t\t\t<dt class='gallery-icon landscape'>\n\t\t\t\t\t<a class=\"rollover rollover-zoom dt-pswp-item\" title=\"33e7d143-ebf7-46cc-8b41-1e9d850148ec\" data-dt-img-description=\"\" data-large_image_width=\"612\" data-large_image_height=\"365\"href='https:\/\/www.radiopiu.net\/wordpress\/wp-content\/uploads\/2021\/09\/33e7d143-ebf7-46cc-8b41-1e9d850148ec.jpg'><img loading=\"lazy\" decoding=\"async\" width=\"300\" height=\"179\" src=\"https:\/\/www.radiopiu.net\/wordpress\/wp-content\/uploads\/2021\/09\/33e7d143-ebf7-46cc-8b41-1e9d850148ec-300x179.jpg\" class=\"attachment-medium size-medium\" alt=\"\" srcset=\"https:\/\/www.radiopiu.net\/wordpress\/wp-content\/uploads\/2021\/09\/33e7d143-ebf7-46cc-8b41-1e9d850148ec-300x179.jpg 300w, https:\/\/www.radiopiu.net\/wordpress\/wp-content\/uploads\/2021\/09\/33e7d143-ebf7-46cc-8b41-1e9d850148ec.jpg 612w\" sizes=\"auto, (max-width: 300px) 100vw, 300px\" \/><\/a>\n\t\t\t\t<\/dt><\/dl><dl class='gallery-item'>\n\t\t\t\t<dt class='gallery-icon landscape'>\n\t\t\t\t\t<a class=\"rollover rollover-zoom dt-pswp-item\" title=\"ceef556a-dfd5-49d4-a323-0326ad99df9a\" data-dt-img-description=\"\" data-large_image_width=\"610\" data-large_image_height=\"353\"href='https:\/\/www.radiopiu.net\/wordpress\/wp-content\/uploads\/2021\/09\/ceef556a-dfd5-49d4-a323-0326ad99df9a.jpg'><img loading=\"lazy\" decoding=\"async\" width=\"300\" height=\"174\" src=\"https:\/\/www.radiopiu.net\/wordpress\/wp-content\/uploads\/2021\/09\/ceef556a-dfd5-49d4-a323-0326ad99df9a-300x174.jpg\" class=\"attachment-medium size-medium\" alt=\"\" srcset=\"https:\/\/www.radiopiu.net\/wordpress\/wp-content\/uploads\/2021\/09\/ceef556a-dfd5-49d4-a323-0326ad99df9a-300x174.jpg 300w, https:\/\/www.radiopiu.net\/wordpress\/wp-content\/uploads\/2021\/09\/ceef556a-dfd5-49d4-a323-0326ad99df9a.jpg 610w\" sizes=\"auto, (max-width: 300px) 100vw, 300px\" \/><\/a>\n\t\t\t\t<\/dt><\/dl><dl class='gallery-item'>\n\t\t\t\t<dt class='gallery-icon landscape'>\n\t\t\t\t\t<a class=\"rollover rollover-zoom dt-pswp-item\" title=\"ace5e9f3-b31f-43d1-9690-961e4c19bb75\" data-dt-img-description=\"\" data-large_image_width=\"592\" data-large_image_height=\"360\"href='https:\/\/www.radiopiu.net\/wordpress\/wp-content\/uploads\/2021\/09\/ace5e9f3-b31f-43d1-9690-961e4c19bb75.jpg'><img loading=\"lazy\" decoding=\"async\" width=\"300\" height=\"182\" src=\"https:\/\/www.radiopiu.net\/wordpress\/wp-content\/uploads\/2021\/09\/ace5e9f3-b31f-43d1-9690-961e4c19bb75-300x182.jpg\" class=\"attachment-medium size-medium\" alt=\"\" srcset=\"https:\/\/www.radiopiu.net\/wordpress\/wp-content\/uploads\/2021\/09\/ace5e9f3-b31f-43d1-9690-961e4c19bb75-300x182.jpg 300w, https:\/\/www.radiopiu.net\/wordpress\/wp-content\/uploads\/2021\/09\/ace5e9f3-b31f-43d1-9690-961e4c19bb75.jpg 592w\" sizes=\"auto, (max-width: 300px) 100vw, 300px\" \/><\/a>\n\t\t\t\t<\/dt><\/dl><br style=\"clear: both\" \/>\n\t\t\t<\/div>\n\n<p>&nbsp;<\/p>\n<p>&nbsp;<\/p>\n<p>&nbsp;<\/p>\n<hr \/>\n<p>&nbsp;<\/p>\n<p>&nbsp;<\/p>\n<blockquote>\n<h3>IL NUOVO PIANO SCUOLA SENTINELLA&#8230; PUNTO STAMPA, AGGIORNAMENTO COVID IN REGIONE &#8211; LEGGI LA CONFERENZA STAMPA<\/h3>\n<\/blockquote>\n<blockquote>\n<h2>LEGGI LA CONFERENZA STAMPA DI LUCA ZAIA<\/h2>\n<\/blockquote>\n<p>I ricoverati sono in aumento. Due i morti. L&#8217;80% dei ricoverati in terapia intensiva non sono vaccinati. L&#8217;invito alla vaccinazione \u00e8 il refrain della conferenza stampa odierna. In attesa di notizie anche per organizzare l&#8217;inoculazione della terza dose. Dei vaccinati:\u00a0 95 pazienti su 100 guariscono, la met\u00e0 non hanno sintomi.<strong> VOTO CONTRO IL GREEN PASS AL RISTORANTE\u00a0<\/strong> Non \u00e8 ancora oggetto del voto finale, attendiamo con rispetto il dibattito e le decisioni del Parlamento. Io confermo i punti dal primo all&#8217;ultimo il green pass al ristorante deve quindi esserci. L&#8217;80% dei veneti il green pass lo hanno in tasca. <strong>TERZA DOSE<\/strong> ho qualche perplessit\u00e0. Dovrebbe riguardare non solo i fragili ma anche i grandi anziani, molti dei quali hanno tra poco 10 mesi di vaccinazioni come i 30.000 ospiti delle case di riposo.\u00a0 E&#8217; pi\u00f9 logico arrivare a determinare il tempo di risposta della difesa anticorpale. Deve esserci un parametro valido per tutta la popolazione.Che il Cts si esprima anche sulla fasce d&#8217;et\u00e0. Altro punto da chiarire: il richiamo della terza dose deve essere fatto con lo stesso siero delle prime due o no?\u00a0<strong> PIANO VACCINALE<\/strong> dovremo distribuire la vaccinazione tra centri vaccinali e domicilio, una difficolt\u00e0 in pi\u00f9,\u00a0 mi appello ai cittadini che ancora non hanno deciso di vaccinarsi di farlo subito, perch\u00e8 entro settembre partiamo con la terza dose e avremo allora altre priorit\u00e0 e il cinquantenne va in coda alla lista.\u00a0 Il Covid sta diventando endemico e aggredir\u00e0 sempre di pi\u00f9 la fascia di popolazione che non \u00e8 vaccinata o non ha gi\u00e0 preso il Covid.<strong>\u00a0 SCUOLA<\/strong> Mi auguro si torni in presenza, basta con la Dad che all&#8217;inizio sembrava una novit\u00e0 importante e si \u00e8 invece rivelata una devastazione, per questo faremo in modo di tornare a scuola in presenza con grande cautela e attenzione, Per il 60% i ragazzi sono gi\u00e0 vaccinati, pi\u00f9 di 1 su 2. Dal 13 di agosto abbiamo avuto 26mila accessi dai 12 ai 25 anni.<\/p>\n<p><strong>LA DOTTORESSA FRANCESCA RUSSO SUL PIANO SCUOLA&#8230; \u00a0le scuole-sentinella si estenderanno dalla primaria alle superiori. \u00a0Stiamo aspettando dal ministero le nuove linee di indirizzo per la gestione di eventuali casi positivi, in ogni caso il 13 si parte.\u00a0<\/strong><\/p>\n<p>Le scuole sentinella: monitoraggio a livello nazionale. Rispetto a quanto gi\u00e0 avviato cosa cambia: lo scorso anno nell&#8217;obiettivo di avere un&#8217;idea sulla circolazione del virus avevamo avviato con l&#8217;universit\u00e0 di Padova le scuole sentinella (superiori di secondo grado e alcune classi della terza media), questo modello \u00e8 risultato sostenibile e fattibile per questo proposto a livello nazionale con l&#8217;obiettivo di tenere la scuola aperta. E&#8217; stato esteso a tutta la scuola, le regioni possono decidere se ampliare ulteriormente e per questo includiamo anche le scuole di secondo grado. Identificare gli elementi principali, quali scuole per ogni provincia. Il Veneto ha un numero di studenti da testare come richiesto a livello nazionale. Le scuole sono state identificate, abbiamo questo gruppo sentinella per tutte le province e le tre fasce d&#8217;et\u00e0. Sono disponibili i referenti covid ogni scuola, e in ogni azienda Ulss ci sono uno o piu&#8217; referenti per ogni scuola, quindi una squadra che lavora, dal dirigente scolastico che ha identificato le classi ai referenti della scuola. Ci sar\u00e0 il consenso informato con l&#8217;informativa regionale, allo studente viene consegnato il kit per il test salivare per l&#8217;autoprelievo che \u00e8 molto semplice. L&#8217;azienda Ulss ha il compito di consegnare e ritirare il materiale per la processazione. Dal momento della consegna il referto arriver\u00e0 entro 24 ore. I casi positivi seguiranno l&#8217;iter di qualsiasi altro caso positivo con test per tutta la classe con provvedimenti di quarantena se necessari. Prossimi passi: individuate scuole e referenti nei prossimi giorni saranno consegnati i consensi informati. stiamo aspettando dal Mnistero le nuove linee di indirizzo per la gestione di eventuali casi positivi. <strong>I NUMERI<\/strong> Studenti piu&#8217; di 11mila testati ogni 15 giorni, 23.500 test al mese. Gli studenti sempre li stessi a rotazione ogni 15 giorni ma non si esclude si possano aggiungere altre classi. <strong>I PLESSI<\/strong> scuole primarie 42 (337 classi) secondarie 16 (190) <strong>IL POSITIVO<\/strong> va in isolamento, secondo la circolare ministeriale 10 giorni. I negativi possono continuare ad andare a scuola pur in sorveglianza attiva. Piu&#8217; di un positivo scatta la quarantena per tutti,\u00a0 7 giorni per i vaccinati 10 per i non vaccinati e scatta la dad<\/p>\n<p><a href=\"https:\/\/www.facebook.com\/zaiaufficiale\/videos\/684216072541582\">https:\/\/www.facebook.com\/zaiaufficiale\/videos\/684216072541582<\/a><\/p>\n<p>&nbsp;<\/p>\n<p><strong>IL PIANO SCUOLA PRESENTATO DALLA DOTTORESSA RUSSO<\/strong><\/p>\n<a href=\"https:\/\/www.radiopiu.net\/wordpress\/wp-content\/uploads\/2021\/09\/08.09.2021-presentazione-generale-Russo-2.0.pdf\" class=\"pdfemb-viewer\" style=\"\" data-width=\"max\" data-height=\"max\" data-toolbar=\"top\" data-toolbar-fixed=\"on\">08.09.2021 presentazione generale Russo 2.0<\/a>\n<p>&nbsp;<\/p>\n<hr \/>\n<p>&nbsp;<\/p>\n<blockquote>\n<h3>ALLA LEGA IN VENETO MANCA UN CANDIDATO PER SOSTITUIRE SAVIANE IN SENATO<\/h3>\n<\/blockquote>\n<p><strong>VENEZIA<\/strong>\u00a0 Dopo la scomparsa prematura del senator Paolo Saviane, venuto a mancare in agosto, alla Lega in Veneto manca il nome di chi possa prenderne il posto a Palazzo Madama. La questione \u00e8 venuta a galla nella riunione di ieri della giuntadelle elezioni e delle immunit\u00e0 parlamentari, apertasi con unaespressione di cordoglio proprio per la morte di Saviane. La suascomparsa apre per\u00f2 anche la questione degli &#8220;adempimentinecessari per l&#8217;individuazione del candidato subentrante&#8221;, comespiegato dal presidente della giunta, Maurizio Gasparri. Inparticolare, con la morte di Saviane, proclamato nel collegio plurinominale 1 del Veneto per la lista della Lega, \u00e8 ora vacante un seggio tra gli eletti con il riparto proporzionale. E il meccanismo, in questi casi, prevede di individuare il subentrante nel primo dei non eletti della stessa lista cui apparteneva il senatore da sostituire. Solo che, come si legge nel verbale della seduta di giunta di ieri, visionato dalla &#8216;Dire&#8217;, la &#8220;lista della Lega non dispone pi\u00f9 di candidati non eletti nella regione&#8221;. La &#8216;palla&#8217; passa quindi al senatore Meinhard Durwalder, relatore per regione Veneto che dovr\u00e0 &#8220;procedere ai necessary approfondimenti istruttori e avanzare alla Giunta una proposta ai fini dell&#8217;individuazione di un candidato subentrante al senator Saviane, eletto come ricordato nella regione Veneto&#8221;. Il seguito dell&#8217;esame della questione \u00e8 stato quindi rinviato.<\/p>\n<p><em>Fonte:\u00a0 \u00abAgenzia DIRE\u00bb<\/em><\/p>\n<p>&nbsp;<\/p>\n<hr \/>\n<p>&nbsp;<\/p>\n<h3 style=\"text-align: left;\">\u00a0IN SENATO IL RICORDO DI SAVIANE\u00a0 DEL MINISTRO STEFANI<\/h3>\n<div>\n<blockquote><p>\u201cCommovente, un sincero ritratto di quello che Paolo era\u201d, cos\u00ec i vertici provinciali della Lega commentano le parole del ministro Erika Stefani, espresse marted\u00ec pomeriggio in Senato. Il ministro ha infatti ricordato il senatore bellunese della Lega con un lungo e sentito discorso in cui ha tracciato la statura umana e politica di Saviane, le sue principali battaglie a favore della montagna e il suo carattere umile e disponibile al dialogo con tutti.<\/p><\/blockquote>\n<p><a href=\"https:\/\/www.radiopiu.net\/wordpress\/la-lega-di-belluno-ricorda-paolo-saviane\/saviane-12\/\" rel=\"attachment wp-att-228730\"><img loading=\"lazy\" decoding=\"async\" class=\"size-medium wp-image-228730 alignleft\" src=\"https:\/\/www.radiopiu.net\/wordpress\/wp-content\/uploads\/2021\/08\/Saviane-300x251.jpeg\" alt=\"\" width=\"300\" height=\"251\" srcset=\"https:\/\/www.radiopiu.net\/wordpress\/wp-content\/uploads\/2021\/08\/Saviane-300x251.jpeg 300w, https:\/\/www.radiopiu.net\/wordpress\/wp-content\/uploads\/2021\/08\/Saviane-768x643.jpeg 768w, https:\/\/www.radiopiu.net\/wordpress\/wp-content\/uploads\/2021\/08\/Saviane.jpeg 960w\" sizes=\"auto, (max-width: 300px) 100vw, 300px\" \/><\/a>\u201cSi potrebbe parlare molto di Paolo Saviane, forse proprio perch\u00e9 lui parlava molto poco \u2013 ha esordito cos\u00ec Stefani, in piedi nell&#8217;aula del Senato -. Un uomo nato e vissuto nella sua montagna, quella di Alpago, di quel territorio era figlio e ne aveva assunto la concretezza, la sincerit\u00e0 e la semplicit\u00e0. Non \u00e8 stato solo un senatore, un politico, un dirigente di partito, ma anche un bravo e serio imprenditore. Nacque in una famiglia numerosa e segu\u00ec subito le orme della stessa lavorando nella segheria del padre, che poi contribu\u00ec a sviluppare insieme ai suoi fratelli. Spesso nei viaggi in treno mi ricordava i primi tempi in cui i vecchi andavano a tagliare le piante in bosco e mi spiegava i nomi degli utensili e le modalit\u00e0 che si usavano. Del mondo dei legnami Paolo parlava con passione, spesso con apprensione, ne conosceva i sistemi e ne aveva vissuto direttamente anche i periodi pi\u00f9 difficili. Pensava anche oltre, Paolo, in merito al legno, pensava al futuro di un settore che aveva patito una grande crisi. Contribu\u00ec anche a fondare un Consorzio di imprese e il relativo marchio, Legno Veneto, e di quel legno veneto in altro modo ne parl\u00f2 spesso dopo quel terribile tornado Vaia che lasci\u00f2 molto di quel legname per terra. Del Veneto era orgoglioso ed era legato al suo territorio da un sentimento indissolubile\u201d. Quindi un passaggio sui ruoli politici di Saviane. \u201cFu consigliere comunale, consigliere della comunit\u00e0 montana \u2013 ha ricordato il ministro -; fin da subito ha interpretato il suo ruolo non come un fine, ma come un mezzo per promuovere la sua terra e dare ad essa un futuro. Fu per certi versi anche precursore di progetti che solo anni dopo divennero argomento di discussione. Nel programma delle elezioni comunali del 1995 parl\u00f2 addirittura di un progetto di fusione di comuni al fine di unire le forze di quelle piccole realt\u00e0 montane spesso sofferenti. La passione, l&#8217;innata prudenza e l&#8217;equilibrio l&#8217;hanno poi portato a rivestire ruoli, prima all&#8217;interno della Lega come segretario provinciale di Belluno e poi come senatore. Giunse qui in quest&#8217;aula con grandissima umilt\u00e0 e rivest\u00ec questo ruolo veramente con spirito di servizio e senso del rispetto. La sua montagna non l&#8217;ha dimenticata mai e per tutta la sua azione da parlamentare ne port\u00f2 avanti i temi, come per gli impianti sciistici e per il riconoscimento della Zes nelle zone montane. Lo abbiamo conosciuto cos\u00ec, un mediatore di natura, un uomo rasserenante e disponibile, un uomo cos\u00ec per bene che chiedeva scusa anche quando aveva ragione. La sua bont\u00e0 e la sua gentilezza non gli hanno mai fatto venir meno per nulla la determinazione e la caparbiet\u00e0 che dimostrava nel lavoro. Era di poche parole ma di tanti fatti. Anche per queste ragioni io stessa, quando ero ministro per gli affari regionali e le autonomie nel 2018, gli ho conferito il mandato di delegato nel comitato dei fondi dei comuni di confine. Un mandato che ha portato avanti con lealt\u00e0 ed equilibrio, con dialogo continuo con i sindaci e in un confronto con e tra gli enti dei territori che mai pi\u00f9 di oggi \u00e8 essenziale nell&#8217;azione politica. Era veramente orgoglioso di quel mandato, ma solo perch\u00e8 gli permetteva di poter lavorare, di dare risultati concreti a quella montagna che era la sua radice, il principio ma anche il suo fine. Paolo ti ha tradito il cuore, il cuore che era la tua forza. Ma la ricchezza, l&#8217;energia e la volont\u00e0 di un uomo sopravvivono a lui stesso e noi colleghi ti porteremo sempre con noi. Sei e resterai per sempre un uomo leale e un amico sincero, un servitore delle idee e non degli uomini e un bravo leghista\u201d.<\/p>\n<blockquote><p>Immediata la gratitudine dei vertici del partito bellunese per le parole di Stefani che, ieri in Senato, hanno sollevato un lungo applauso, trasversale, da parte di tutte le forze politiche. \u201cPaolo \u00e8 stato un punto di riferimento fondamentale per la montagna in Senato \u2013 spiega il coordinatore provinciale Franco Gidoni -, ha dato il la a tante battaglie e ha creduto fermamente nell&#8217;eguale dignit\u00e0 dei territori. Il discorso del ministro Stefani ci rende orgogliosi per quello che Paolo \u00e8 stato e ha rappresentato, ci conforta sapere che insieme a noi altri porteranno avanti i temi che gli stavano a cuore\u201d.<\/p><\/blockquote>\n<\/div>\n<p>&nbsp;<\/p>\n<p>https:\/\/www.facebook.com\/ErikaStefani1971\/videos\/595759254758215<\/p>\n<p>&nbsp;<\/p>\n<p>&nbsp;<\/p>\n<hr \/>\n<h3><\/h3>\n<blockquote>\n<h3>LA GASTROENTEROLOGIA DI FELTRE FAR\u00c0 PRESTAZIONI ANCHE PER TREVISO<\/h3>\n<\/blockquote>\n<p><strong><a href=\"https:\/\/www.radiopiu.net\/wordpress\/the-black-diamond-il-nuovo-stand-di-blackfin\/ospedale-di-feltre\/\" rel=\"attachment wp-att-76822\"><img loading=\"lazy\" decoding=\"async\" class=\"size-medium wp-image-76822 alignleft\" src=\"https:\/\/www.radiopiu.net\/wordpress\/wp-content\/uploads\/2019\/02\/ospedale-di-feltre-300x214.jpeg\" alt=\"\" width=\"300\" height=\"214\" srcset=\"https:\/\/www.radiopiu.net\/wordpress\/wp-content\/uploads\/2019\/02\/ospedale-di-feltre-300x214.jpeg 300w, https:\/\/www.radiopiu.net\/wordpress\/wp-content\/uploads\/2019\/02\/ospedale-di-feltre.jpeg 650w\" sizes=\"auto, (max-width: 300px) 100vw, 300px\" \/><\/a>FELTRE <\/strong>E\u2019 stata approvata una convenzione con l\u2019Azienda ULSS n. 2 Marca Trevigiana per attivit\u00e0 di gastroenterologia a suo favore per l\u2019esecuzione di gastro e colonscopie per pazienti trevigiani all\u2019ospedale di Feltre. In base gli accordi intercorsi con l\u2019Azienda ULSS n. 2 Marca Trevigiana, l\u2019attivit\u00e0 verr\u00e0 svolta, al di fuori del normale orario di lavoro e dell\u2019impegno di servizio, dai dirigenti medici della Gastroenterologia dell\u2019Ospedale di Feltre, per un totale di n. 8 gastroscopie e n. 8 colonscopie la settimana, a partire dal 1 ottobre e per la durata di un anno. L\u2019unit\u00e0 operativa, guidata da Andrea Buda ed afferente al centro a valenza regionale di Chirurgia Oncologica Gastrointestinale, rappresenta un\u2019 eccellenza per la\u00a0diagnosi e il trattamento delle lesioni precancerose\u00a0dell\u2019apparato gastrointestinale e la\u00a0diagnosi delle neoplasie pancreatiche\u00a0con la loro tipizzazione attraverso l\u2019ecoendoscopia con biopsia. Anche lo studio del piccolo intestino \u00e8 garantito grazie all\u2019 enteroscopia con videocapsula (VCE) e enteroscopia device-assistita. L\u2019 endoscopia negli anni ha mostrato un rapido sviluppo innovativo ed il Centro dispone di tecnologia stato dell\u2019 arte. Nei primi sette mesi del 2021 l\u2019equipe dell\u2019unit\u00e0 operativa di Feltre ha eseguito oltre 2600\u00a0 esami endoscopici delle alte e basse vie digestive a pazienti ambulatoriali, garantendo sempre i tempi delle liste di attesa e senza alcun ritardo negli esami di screening del cancro colorettale che a Feltre riguarda anche la popolazione del Primiero.<\/p>\n<p>&nbsp;<\/p>\n<p>&nbsp;<\/p>\n<hr \/>\n<p>&nbsp;<\/p>\n<blockquote>\n<h3>\u00a0IN VAL PETTORINA LAVORI IN CORSO PER 9 MILIONI DI EURO<\/h3>\n<\/blockquote>\n<p><strong><a href=\"https:\/\/www.radiopiu.net\/wordpress\/231310-2\/794f8f19-b44d-4d11-8b96-b34cd3e39fd0\/\" rel=\"attachment wp-att-231314\"><img loading=\"lazy\" decoding=\"async\" class=\"wp-image-231314 alignleft\" src=\"https:\/\/www.radiopiu.net\/wordpress\/wp-content\/uploads\/2021\/09\/794f8f19-b44d-4d11-8b96-b34cd3e39fd0-225x300.jpg\" alt=\"\" width=\"142\" height=\"189\" srcset=\"https:\/\/www.radiopiu.net\/wordpress\/wp-content\/uploads\/2021\/09\/794f8f19-b44d-4d11-8b96-b34cd3e39fd0-225x300.jpg 225w, https:\/\/www.radiopiu.net\/wordpress\/wp-content\/uploads\/2021\/09\/794f8f19-b44d-4d11-8b96-b34cd3e39fd0-768x1024.jpg 768w, https:\/\/www.radiopiu.net\/wordpress\/wp-content\/uploads\/2021\/09\/794f8f19-b44d-4d11-8b96-b34cd3e39fd0-1152x1536.jpg 1152w, https:\/\/www.radiopiu.net\/wordpress\/wp-content\/uploads\/2021\/09\/794f8f19-b44d-4d11-8b96-b34cd3e39fd0.jpg 1536w\" sizes=\"auto, (max-width: 142px) 100vw, 142px\" \/><\/a>ROCCA PIETORE<\/strong> L&#8217;assessore regionale Gianpaolo Bottacin \u00e8 tornato in Val Pettorina dove sono in corso lavori post vaia con i \u00a0Servizi Forestali regionali, impegni per 9 milioni di euro. Si tratta di interventi per la sicurezza e l&#8217;aumento della resilienza territoriale. Bottacin ha visitato due cantieri a Col di Rocca, il primo sul Ru de Fortelaz\u00a0 (completamento di alcune opere idrauliche per 600mila euro, lavori che termineranno entro ottobre); il secondo cantiere sul Pettorina dove \u00e8 in corso un&#8217;operazione da 500mila euro per il\u00a0 rafforzamento di alcune difese arginali e il rifacimento degli attraversamenti viabili, lavori ormai in conclusione,\u00a0 \u00a0entro settembre verr\u00e0 posato il ponte in acciaio.<em> &#8220;Infine\u00a0 &#8211; dice l&#8217;assessore -ho approfondito l&#8217;andamento dei lavori in Val Bona, dove stiamo procedendo al fondamentale rifacimento di alcune opere a salvaguardia della frazione di Sottoguda; un intervento impegnativo, del valore di 2 milioni di euro, che vedr\u00e0 i nostri Servizi Forestali impegnati sul campo fino al prossimo anno&#8221;.<\/em><\/p>\n<blockquote><p>&nbsp;<\/p><\/blockquote>\n<p>&nbsp;<\/p>\n<hr \/>\n<p>&nbsp;<\/p>\n<blockquote>\n<h3><a href=\"https:\/\/www.radiopiu.net\/wordpress\/giornale-radiopiu-09-settembre-2021-direttore-mirko-mezzacasa\/th-185\/\" rel=\"attachment wp-att-231395\"><img loading=\"lazy\" decoding=\"async\" class=\"size-full wp-image-231395 alignleft\" src=\"https:\/\/www.radiopiu.net\/wordpress\/wp-content\/uploads\/2021\/09\/th.jpg\" alt=\"\" width=\"241\" height=\"181\" \/><\/a><\/h3>\n<h3><\/h3>\n<h3>SEDICO<\/h3>\n<h3>PER LE IMPRESE OLTRE 70MILA EURO PER RIDURRE LA TARIFFA DEI RIFIUTI<\/h3>\n<\/blockquote>\n<p>PIANI DI RIENTRO SENZA ONERI AGGIUNTIVI.<\/p>\n<p><strong>DI DAMIANO TORMEN<\/strong><\/p>\n<audio class=\"wp-audio-shortcode\" id=\"audio-231259-2\" preload=\"none\" style=\"width: 100%;\" controls=\"controls\"><source type=\"audio\/mpeg\" src=\"https:\/\/www.radiopiu.net\/wordpress\/wp-content\/uploads\/2021\/09\/damiano-sedico-rifiuti.mp3?_=2\" \/><a href=\"https:\/\/www.radiopiu.net\/wordpress\/wp-content\/uploads\/2021\/09\/damiano-sedico-rifiuti.mp3\">https:\/\/www.radiopiu.net\/wordpress\/wp-content\/uploads\/2021\/09\/damiano-sedico-rifiuti.mp3<\/a><\/audio>\n<p>&nbsp;<\/p>\n<p>&nbsp;<\/p>\n<hr \/>\n<p>&nbsp;<\/p>\n<blockquote>\n<h3><a href=\"https:\/\/www.radiopiu.net\/wordpress\/giornale-radiopiu-30-aprile-2021-direttore-mirko-mezzacasa\/plateatico_ponte_nelle_alpi\/\" rel=\"attachment wp-att-206621\"><img loading=\"lazy\" decoding=\"async\" class=\" wp-image-206621 alignleft\" src=\"https:\/\/www.radiopiu.net\/wordpress\/wp-content\/uploads\/2021\/04\/Plateatico_Ponte_nelle_Alpi-300x191.jpg\" alt=\"\" width=\"239\" height=\"152\" srcset=\"https:\/\/www.radiopiu.net\/wordpress\/wp-content\/uploads\/2021\/04\/Plateatico_Ponte_nelle_Alpi-300x191.jpg 300w, https:\/\/www.radiopiu.net\/wordpress\/wp-content\/uploads\/2021\/04\/Plateatico_Ponte_nelle_Alpi-1024x651.jpg 1024w, https:\/\/www.radiopiu.net\/wordpress\/wp-content\/uploads\/2021\/04\/Plateatico_Ponte_nelle_Alpi-768x488.jpg 768w, https:\/\/www.radiopiu.net\/wordpress\/wp-content\/uploads\/2021\/04\/Plateatico_Ponte_nelle_Alpi.jpg 1251w\" sizes=\"auto, (max-width: 239px) 100vw, 239px\" \/><\/a>BOLLETTE RIFIUTI PIU&#8217; CARE A PONTE NELLE ALPI, PER LA MINORANZA SI TRATTA DI SCARSA LUNGIMIRANZA DEL GRUPPO DI GOVERNO<\/h3>\n<p><strong>PONTE NELLE ALPI<\/strong> Bollette dei rifiuti in aumento, per Ponte Servizi srl che si occupa del servizio si tratta di un&#8217;operazione frutto del risanamento economico. \u00ab I cittadini protestano\u00bb, dice il capogruppo di minoranza Enrico Collarin, \u00abper degli aumenti che consideriamo sconsiderati ed eccessivi. Ad inizio anno siamo stati noi a chiedere un incontro con l&#8217;amministratore di Ponte Servizi per avere lumi, ma da mesi l&#8217;Amministrazione sta facendo le scelte tutte da sola\u00bb.<\/p><\/blockquote>\n<p>&nbsp;<\/p>\n<p>&nbsp;<\/p>\n<hr \/>\n<p>&nbsp;<\/p>\n<blockquote>\n<h3>A DIECI ANNI DAL GEMELLAGGIO VALLE DEL BIOIS &#8211; MASSARANDUBA<br \/>\n<span style=\"color: #ff0000;\">oggi sul Corriere delle Alpi<\/span><\/h3>\n<\/blockquote>\n<p><strong>VALLE DEL BIOIS<\/strong> Dieci anni fa la stipula del gemellaggio tra i paesi della Valle del Biois e la citt\u00e0 brasiliana di Massaranduba do Sul preludio all&#8217;edificazione della chiesa &#8220;gemella&#8221; di quella di San Simon di Vallada a Jaragu\u00e0 do Sul. Era il 15 settembre 2011 quando al Nof Fi\u00f2 di Cencenighe i sindaci di Falcade, Canale d&#8217;Agordo, Vallada, Cencenighe e San Tomaso firmarono l&#8217;accordo di gemellaggio con la citt\u00e0 dello Stato di Santa Caterina nel sud del Brasile che, alla fine dell&#8217;800, era stata la meta per circa 500 abitanti della Valle del Biois, emigrati oltreoceano in cerca di fortuna. Una pagina di storia per lungo tempo dimenticata e riscoperta quasi per caso nel 1978 quando Iria Tancon arriv\u00f2 fortuitamente a Canale d&#8217;Agordo grazie alla corrispondenza conservata tra il nonno paterno e la cugina Bortola Tancon (mamma di papa Luciani). Consultando l&#8217;elenco telefonico, Iria scopr\u00ec che i cognomi erano gli stessi della sua comunit\u00e0 in Brasile. Da qui, dunque, part\u00ec un viaggio nella storia che port\u00f2 alla luce le vicende di quelle circa 500 persone che tra il 1877 e il 1900 lasciarono la Valle del Biois per un futuro migliore altrove&#8230;<\/p>\n<p>&nbsp;<\/p>\n<p>&nbsp;<\/p>\n<p>&nbsp;<\/p>\n<hr \/>\n<p>&nbsp;<\/p>\n<blockquote>\n<h3>IL CONSIGLIERE PROVINCIALE DARIO SCOPEL SUI DISAGI IN A27: &#8220;CI VUOLE PIU&#8217; RISPETTO PER GLI UTENTI&#8221;<\/h3>\n<\/blockquote>\n<div style=\"width: 848px;\" class=\"wp-video\"><video class=\"wp-video-shortcode\" id=\"video-231259-1\" width=\"848\" height=\"480\" preload=\"metadata\" controls=\"controls\"><source type=\"video\/mp4\" src=\"https:\/\/www.radiopiu.net\/wordpress\/wp-content\/uploads\/2021\/09\/WhatsApp-Video-2021-09-08-at-16.56.32.mp4?_=1\" \/><a href=\"https:\/\/www.radiopiu.net\/wordpress\/wp-content\/uploads\/2021\/09\/WhatsApp-Video-2021-09-08-at-16.56.32.mp4\">https:\/\/www.radiopiu.net\/wordpress\/wp-content\/uploads\/2021\/09\/WhatsApp-Video-2021-09-08-at-16.56.32.mp4<\/a><\/video><\/div>\n<p>&nbsp;<\/p>\n<hr \/>\n<p>&nbsp;<\/p>\n<div class=\"page-title-head hgroup\">\n<blockquote>\n<h3 class=\"entry-title\">POSTE ITALIANE SUGGERISCE \u201cUTILIZZARE QUANDO POSSIBILE ALTRI CANALI DI ACCESSO\u201d<\/h3>\n<\/blockquote>\n<\/div>\n<div class=\"page-title-breadcrumbs\">\n<p><strong><a href=\"https:\/\/www.radiopiu.net\/wordpress\/giornale-radiopiu-30-maggio-2020-direttore-mirko-mezzacasa\/poste-italiane-3\/\" rel=\"attachment wp-att-141305\"><img loading=\"lazy\" decoding=\"async\" class=\"size-medium wp-image-141305 alignleft\" src=\"https:\/\/www.radiopiu.net\/wordpress\/wp-content\/uploads\/2020\/05\/POSTE-ITALIANE-300x61.png\" alt=\"\" width=\"300\" height=\"61\" srcset=\"https:\/\/www.radiopiu.net\/wordpress\/wp-content\/uploads\/2020\/05\/POSTE-ITALIANE-300x61.png 300w, https:\/\/www.radiopiu.net\/wordpress\/wp-content\/uploads\/2020\/05\/POSTE-ITALIANE.png 436w\" sizes=\"auto, (max-width: 300px) 100vw, 300px\" \/><\/a>REDAZIONE\u00a0<\/strong><span style=\"color: #000000;\"> <span style=\"font-family: Arial, serif;\">In riferimento alla lettera &#8220;<\/span><\/span><span style=\"color: #000000;\"><span style=\"font-family: Arial, serif;\"><i>Alcuni problemi da risolvere all\u2019Ufficio Postale di Taibon&#8221;<\/i><\/span><\/span><span style=\"color: #000000;\"><span style=\"font-family: Arial, serif;\">,\u00a0 dal GIORNALE RADIO PIU del\u00a0 7 settembre, Poste Italiane ci ha fatto pervenire le proprie riflessioni e suggerimenti che volentieri pubblichiamo.<\/span><\/span><\/p>\n<blockquote><p><em>L\u2019emergenza sanitaria tuttora in corso e le disposizioni di sicurezza che regolamentano gli accessi alla rete di Poste Italiane per evitare assembramenti, hanno comportato una parziale riorganizzazione dei servizi offerti determinando rimodulazioni degli orari di apertura di alcune sedi tra cui quella di Taibon Agordino. Per quanto riguarda la proposta del lettore, di riservare una fascia oraria alle operazioni pi\u00f9 complesse, l\u2019Azienda suggerisce l\u2019utilizzo, quando possibile, degli altri canali di accesso ai servizi quali la rete degli sportelli automatici Postamat (presso gli uffici postali di Agordo, Gosaldo, Falcade), le App BancoPosta e Postepay e il sito di Poste Italiane www.poste.it. Si coglie l\u2019occasione per ricordare che per agevolare i cittadini e ridurre i tempi di attesa, \u00e8 possibile rivolgersi al vicino ufficio postale di Agordo, dove si pu\u00f2 prenotare il proprio turno allo sportello acquisendo un ticket elettronico tramite WhatsApp al numero 3715003715, dal cellulare e tablet con le APP \u201cUfficio Postale\u201d e \u201cBancoPosta\u201d oppure dal PC al sito www.poste.it, scegliendo il giorno e l\u2019ora esatta in cui programmare la propria visita in Ufficio compatibilmente con i propri impegni. Il servizio di prenotazione del turno pu\u00f2 essere utilizzato anche a vantaggio di persone che hanno minore dimestichezza con smartphone e computer. La prenotazione elettronica con il numero pu\u00f2 infatti essere stampata da un familiare e consegnata a chi deve andare in ufficio postale, ad esempio un anziano, che potr\u00e0 presentarsi agli sportelli evitando inutili attese. Le Poste di Agordo sono aperte dal luned\u00ec al venerd\u00ec dalle 8.20 alle 13.35 ed il sabato mattina fino alle 12.35. Gli ATM Postamat, come quello di Agordo, consentono di effettuare operazioni di prelievo di denaro contante, pagamento di bollettini di conto corrente premarcati, ricariche telefoniche e di carte Postepay, ma anche operazioni informative quali estratto conto, saldo e lista de movimenti. I nuovi ATM Postamat possono essere utilizzati dai correntisti BancoPosta titolari di carta Postamat-Maestro e dai titolari di carte di credito dei maggiori circuiti internazionali, oltre che dai possessori di carte Postepay. Poste Italiane ricorda il proprio impegno a potenziare i servizi negli Uffici Postali nei Comuni con meno di 5.000 abitanti, sottolineando l\u2019attenzione che da sempre riserva alle comunit\u00e0 locali e alle aree meno densamente popolate.<\/em><\/p><\/blockquote>\n<p>&nbsp;<\/p>\n<p><strong>\u00a0DAL GIORNALE RADIOPIU DEL\u00a0 07 SETTEMBRE\u00a0<\/strong><\/p>\n<blockquote>\n<h3><strong> DILLO A RADIO PIU&#8217;&#8230;ALCUNI PROBLEMI DA RISOLVERE ALL&#8217;UFFICIO POSTALE DI TAIBON<\/strong><\/h3>\n<h3><strong>TAIBON<\/strong> Riceviamo e pubblichiamo una lettera di un nostro ascoltatore che lamenta alcuni problemi all&#8217;ufficio postale di Taibon Agordino<\/h3>\n<p><em>Poste Italiane \u00e8 sicuramente una delle aziende pi\u00f9 importanti del nostro Paese con milioni di clienti che fruiscono dei loro servizi e giornalmente frequentano\u00a0 i loro\u00a0 uffici. E\u2019 sicuramente apprezzata anche per il carattere sociale, parte integrante (anche se sempre pi\u00f9 marginale) del loro business. Purtuttavia anche a causa di alcune situazioni e circostanze l\u2019immagine (e non solo) che offre alla propria clientela \u00e8 di disfunzioni e di disorganizzazione. Con questa mia vorrei far giungere alla dirigenza preposta alla organizzazione sul territorio dei propri uffici quanto osservato spesso presso l\u2019ufficio di Taibon Agordino, non per una critica gratuita, ma per un modesto contributo finalizzato unicamente al miglioramento dei servizi peraltro sempre \u00a0puntuali e professionali. Una premessa\u00a0 doverosa e necessaria riguarda la location e le aperture dell\u2019ufficio postale di Taibon Agordino. L\u2019Ufficio \u00e8 aperto solo tre mattinate alla settimana.\u00a0 Per la ristrettezza degli spazi interni inoltre non \u00e8 possibile ipotizzare un secondo sportello ne tantomeno la presenza all\u2019interno di utenti in attesa del proprio turno. Questi devono aspettare pazientemente all\u2019esterno peraltro in una strada comunale aperta al traffico e priva di parcheggi. Ci\u00f2 premesso i servizi offerti da Poste Italiane , come noto, sono i pi\u00f9 svariati. Dal semplice pagamento di bollettini, alla riscossione della pensione, tutte risolvibili in pochi minuti, fino ad operazioni pi\u00f9 complesse che richiedono tempi sensibilmente pi\u00f9 lunghi. E sono \u00a0proprio \u00a0queste operazioni che voglio porre all\u2019attenzione della dirigenza preposta alla organizzazione. In un breve arco di\u00a0 tempo \u00a0\u00e8 capitato recentemente\u00a0 di assistere a due operazioni di tale complessit\u00e0. L\u2019ultima\u00a0 (di qualche giorno fa) \u00e8 durata poco meno di un\u2019ora con la fila di utenti che si allungava e \u201cgiustamente\u201d\u00a0 si chiedeva se non fosse possibile trovare una soluzione alternativa. Ovviamente non mancavano invettive contro Poste Italiane con utenti che abbandonavano la coda. Circostanze queste che se avvengono in stagioni fredde costringono peraltro l\u2019utenza in attesa a bivaccare all\u2019esterno con temperature sotto lo zero in condizioni davvero inaccettabili. Utenza che , vale la pena di sottolineare , \u00e8 in gran parte composta da anziani. Ci\u00f2 detto e premesso che l\u2018utenza tutta a diritto di fruire di tutti i servizi offerti da quello pi\u00f9 veloce a quello pi\u00f9 complesso mi chiedo e chiedo di adottare delle soluzioni tali da eliminare o arginare tali disagi. Detto che un secondo sportello non \u00e8 ipotizzabile e che neppure una maggiore apertura dello sportello (pi\u00f9 mattinate o pi\u00f9 giorni) risolverebbe il problema, l\u2019unica soluzione che al sottoscritto appare possibile \u00e8 quella di riservare all\u2019espletamento di pratiche complesse la parte terminale dell\u2019orario (ultima ora?) giornaliero di apertura, magari previo preventivo appuntamento . Certo di interpretare il pensiero di molti utenti , ringrazio Poste Italiane per l attenzione che vorr\u00e0 riservare a questa mia nota alla quale sarebbe gradito un riscontro (anche se negativo). \u00a0\u00a0\u00a0\u00a0\u00a0\u00a0\u00a0\u00a0<\/em><\/p>\n<p><em>Lettera firmata<\/em><\/p><\/blockquote>\n<p>&nbsp;<\/p>\n<\/div>\n<p>&nbsp;<\/p>\n<hr \/>\n<blockquote>\n<h3>I PROSSIMI APPUNTAMENTI PER LE VACCINAZIONI AD ACCESSO LIBERO<\/h3>\n<\/blockquote>\n<p>Per facilitare l\u2019adesione alla vaccinazione anti covid, l\u2019ulss Dolomiti ha organizzato delle sedute straordinarie ad <b>accesso libero<\/b> per tutte persone con pi\u00f9 di 12 anni. I prossimi appuntamenti in zona Sedico e Agordino sono: <b>ALLEGHE<\/b> <span style=\"font-family: Arial;\">sala Franceschini dello Stadio del Ghiaccio di Alleghe <\/span><span style=\"font-family: Arial;\">venerd\u00ec 10 settembre 2021 14:30-18:00 <\/span>Inoltre, nel mese di settembre, tutti i gioved\u00ec sera il drive in vaccinale di Paludi sar\u00e0 attivo dalle 18.30 alle 22.00, tutti i marted\u00ec sera sar\u00e0 possibile vaccinarsi al Centro Prelievi dell\u2019ospedale di Feltre dalle 18 alle 20 (per info 0439\/883709). Portare con s\u00e9 la tessera sanitaria<\/p>\n<p>&nbsp;<\/p>\n<p>&nbsp;<\/p>\n<p>&nbsp;<\/p>\n<hr \/>\n<p>&nbsp;<\/p>\n<blockquote>\n<h3>SAPORI E SAPERI IN LINGUA. AL VIA A FELTRE I NUOVI LABORATORI DI LINGUA GRATUITI PER IMPARARE INGLESE E SPAGNOLO DIVERTENDOSI<\/h3>\n<\/blockquote>\n<p><strong><a href=\"https:\/\/www.radiopiu.net\/wordpress\/omaggi-a-feltre-dallalto\/94e3b68b-d386-4f94-8aa8-30105c25932b\/\" rel=\"attachment wp-att-145789\"><img loading=\"lazy\" decoding=\"async\" class=\"size-medium wp-image-145789 alignleft\" src=\"https:\/\/www.radiopiu.net\/wordpress\/wp-content\/uploads\/2020\/06\/94e3b68b-d386-4f94-8aa8-30105c25932b-300x225.jpg\" alt=\"\" width=\"300\" height=\"225\" srcset=\"https:\/\/www.radiopiu.net\/wordpress\/wp-content\/uploads\/2020\/06\/94e3b68b-d386-4f94-8aa8-30105c25932b-300x225.jpg 300w, https:\/\/www.radiopiu.net\/wordpress\/wp-content\/uploads\/2020\/06\/94e3b68b-d386-4f94-8aa8-30105c25932b-768x576.jpg 768w, https:\/\/www.radiopiu.net\/wordpress\/wp-content\/uploads\/2020\/06\/94e3b68b-d386-4f94-8aa8-30105c25932b.jpg 960w\" sizes=\"auto, (max-width: 300px) 100vw, 300px\" \/><\/a>FELTRE <\/strong>Imparare le lingue straniere divertendosi. E&#8217; la sfida lanciata dal Comune di Feltre a ragazzi e ai giovani-adulti dai 14 anni in su. A partire dalla prossima settimana, grazie al finanziamento del Ministero per le pari opportunit\u00e0 e la famiglia, attraverso un progetto ideato e curato dall&#8217;Ufficio Cultura e Politiche Giovanili del Comune di Feltre, sar\u00e0 possibile partecipare a incontri settimanali gratuiti di conversazione inglese e spagnola con due madrelingua: Nick Simcok e Montse Art\u00e9s Coma.\u00a0 Si inizia con la <u>lingua inglese<\/u> il 16 settembre dalle 17.30 alle 19.00 presso la sede dell&#8217;Unisono, in Piazza Maggiore; a seguire tutti i gioved\u00ec nello stesso orario. Iscrizioni via sms o whatsapp al 320.2155114. Dal 22 settembre alle 17.30 e fino alle 19.00 sar\u00e0 poi la volta dei laboratori di <u>spagnolo,<\/u> che si svolgeranno con questo orario ogni mercoled\u00ec presso il Crown Pub di Borgo Ruga. Iscrizioni via sms o whatsapp al 3279547863. L&#8217;obiettivo? Far&#8230; assaporare le lingue, in tutti i sensi: attraverso i suoni e i gusti. Ecco perch\u00e9 ai partecipanti verr\u00e0 offerta anche una merenda a tema. Il numero dei posti \u00e8 limitato; per la partecipazione \u00e8 richiesto il green pass. Non ci sono limiti di et\u00e0, ma verr\u00e0 data precedenza ai ragazzi dai 14 ai 17 anni.<\/p>\n<p>&nbsp;<\/p>\n<p>&nbsp;<\/p>\n<hr \/>\n<p>&nbsp;<\/p>\n<blockquote>\n<h3>\u201cQUELLA FOTO MAI SCATTATA\u201d, RACCONTI DAL BRASILE CON INSIEME SI PU\u00d2<\/h3>\n<\/blockquote>\n<p><strong><a href=\"https:\/\/www.radiopiu.net\/wordpress\/giornale-radiopiu-09-settembre-2021-direttore-mirko-mezzacasa\/copertina-libro_quella-foto-mai-scattata\/\" rel=\"attachment wp-att-231349\"><img loading=\"lazy\" decoding=\"async\" class=\"size-medium wp-image-231349 alignleft\" src=\"https:\/\/www.radiopiu.net\/wordpress\/wp-content\/uploads\/2021\/09\/Copertina-libro_quella-foto-mai-scattata-300x300.jpg\" alt=\"\" width=\"300\" height=\"300\" srcset=\"https:\/\/www.radiopiu.net\/wordpress\/wp-content\/uploads\/2021\/09\/Copertina-libro_quella-foto-mai-scattata-300x300.jpg 300w, https:\/\/www.radiopiu.net\/wordpress\/wp-content\/uploads\/2021\/09\/Copertina-libro_quella-foto-mai-scattata-150x150.jpg 150w, https:\/\/www.radiopiu.net\/wordpress\/wp-content\/uploads\/2021\/09\/Copertina-libro_quella-foto-mai-scattata-768x766.jpg 768w, https:\/\/www.radiopiu.net\/wordpress\/wp-content\/uploads\/2021\/09\/Copertina-libro_quella-foto-mai-scattata.jpg 861w\" sizes=\"auto, (max-width: 300px) 100vw, 300px\" \/><\/a>BELLUNO <\/strong>Una serata di sensibilizzazione e solidariet\u00e0 quella dedicata alla presentazione del libro fotografico \u201cQuella foto mai scattata\u201d, scritto a otto mani da Edy Battiston, Mariaclara Luongo, Anna Della Lucia e Matteo De Bona dopo la loro esperienza di viaggio in Brasile in visita ai progetti dell\u2019Associazione Insieme si pu\u00f2. La presentazione si svolger\u00e0 domani alle ore 20.15 nel suggestivo contesto di Villa Alpago Novello a Frontin di Trichiana, gentilmente concessa dalla famiglia per l\u2019occasione. Tra letture, la proiezione di foto e video del viaggio e da un accompagnamento musicale dal vivo di musica brasiliana, i protagonisti leggeranno alcuni estratti dal libro, per far conoscere le realt\u00e0 visitate e l\u2019importanza degli interventi dell\u2019Associazione Insieme si pu\u00f2 in questi luoghi. L&#8217;evento \u00e8 a ingresso libero e si svolger\u00e0 all&#8217;aperto, in caso di tempo inclemente ci si sposter\u00e0 al Teatro San Felice di Trichiana. Durante tutta la serata saranno garantiti gli standard di sicurezza vigenti e sar\u00e0 necessario esibire il green pass. Dati i posti limitati, \u00e8 consigliata la prenotazione al numero 331 2122296 (anche con messaggio Whatsapp) o scrivendo una mail a info@365giorni.org L\u2019evento \u00e8 realizzato con il patrocinio del Comune di Borgo Valbelluna e la collaborazione della Parrocchia di Trichiana L\u2019intero ricavato sar\u00e0 destinato specificatamente ai progetti di Insieme si pu\u00f2 in Brasile che verranno narrati durante la serata.<\/p>\n<p>&nbsp;<\/p>\n<p>&nbsp;<\/p>\n<hr \/>\n<p>&nbsp;<\/p>\n<blockquote>\n<h2>SECONDO ANNO SENZA SERE D&#8217;AUTUNNO, IL RAMMARICO DEL PRESIDENTE<\/h2>\n<\/blockquote>\n<p><a href=\"https:\/\/www.radiopiu.net\/wordpress\/giornale-radiopiu-07-aprile\/cai-agordo-2\/\" rel=\"attachment wp-att-127841\"><img loading=\"lazy\" decoding=\"async\" class=\"size-full wp-image-127841 alignleft\" src=\"https:\/\/www.radiopiu.net\/wordpress\/wp-content\/uploads\/2020\/04\/cai-agordo.jpg\" alt=\"\" width=\"297\" height=\"170\" \/><\/a><strong>AGORDO<\/strong> Il direttivo del Cai\u00a0 ha deciso di annullare per il secondo anno consecutivo \u201cSere d\u2019Autunno\u201d, le serata con proiezioni e ospiti in sala Don Tamis <em>&#8220;<\/em><em>Decisione molto sofferta e presa con rammarico &#8211; dice il presidente Dario Dell&#8217;Osbel &#8211;\u00a0 ma purtroppo la situazione sanitaria con le varie restrizioni, le problematiche organizzative e logistiche impone di mantenere una certa cautela, in special modo per eventi che si svolgono all\u2019interno di strutture. Allo stato attuale non\u00a0 ci sono\u00a0 i presupposti per vivere questi momenti particolari di ricreativit\u00e0 con serenit\u00e0 e convivialit\u00e0, istanti che sono alla base dello spirito di aggregazione del Nostro\u00a0 Storico Sodalizio.<\/em><br \/>\n<em>Confidando e sperando che per il prossimo anno la situazione migliori e si ritorni alla normalit\u00e0 onde poter di nuovo organizzare la manifestazione, con la possibilit\u00e0 di\u00a0 apprezzare \u00a0le emozioni che queste serate ci regalano con la presenza degli autori e delle loro storie, ma soprattutto per piacere di condividere queste occasioni di ritrovo con amici e conoscenti&#8221;.<\/em><\/p>\n<p>&nbsp;<\/p>\n<hr \/>\n<p>&nbsp;<\/p>\n<blockquote>\n<h3>100 ANNI DALLA PRIMA ASCENSIONE ALLA PARETE NORD DEL MONTE AGNER COMPIUTA DAGLI ALPINISTI: FRANCESCO JORI, ARTURO ANDREOLETTI ED ALBERTO ZANUTTI<\/h3>\n<\/blockquote>\n<p><strong>di Alessandro Savio<\/strong><\/p>\n<p>In localit\u00e0 Lagunaz nella Valle di San Lucano in Comune di Taibon Agordino \u00e8 stata posta nel 1981 una lapide a ricordo della prima ascensione della parete Nord del monte Agner. Il cosidetto\u201dPiz Grant\u201dche si erge con impeto pauroso in tutta la sua maestosit\u00e0 in fondo alla Valle di S. Lucano, descritto da Dino Buzzati come uno degli angoli \u00a0piu strani e impressionanti della terra, che per vederlo, dal fondo valle bisogna torcere la testa in su. Il monte Agner, incombe con un appicco di un chilometro e mezzo di fronte alle pi\u00f9 modeste ma non meno allucinanti muraglie\u00a0 delle Pale di S. Lucano. L\u2019Agner venne salito per la prima volta sul versante SUD dagli alpinisti Cesare Tom\u00e8, Martino Gnech e Tomaso Dal Col il 18 Agosto del 1875. Nel 1921, a met\u00e0 settembre di 100 anni fa\u2019 venne compiuta la prima ascensione della parete Nord da parte di Francesco Jori, Arturo Andreoletti ed Alberto Zanutti. Una \u00a0impresa epica per quegli anni, pensata per uscire dalla via in giornata ed invece costretta a bivaccare con un modesto equipaggiamento, senza viveri, con soli quattro chiodi per affrontare e vincere quella grandiosa ed impervia muraglia che si estende proprio di fronte ai villaggi distrutti dalla frana del 1908 di Pra e Lagunaz . Una grande impresa che in quegli anni e seguenti non venne considerata nella sua vera importanza dal punto di vista alpinistico, ma che venne giustamente ricordata nel suo eccezionale merito dal formidabile alpinista Reinold\u00a0 Messner\u00a0 che nel 1968 assieme ai compagni Sepp Mayerl e Heinrich Messner compirono la prima ascensione invernale di quella via che per anni era stata considerata uno dei pi\u00f9 grandi problemi invernali di tutte le alpi. Reinold Messner infatti scrisse all\u2019epoca una lettera all\u2019unico superstite della cordata del 1921 Arturo Andreoletti ecita testualmente: Egregio signor Andreoletti \u2026\u2026 forse Lei \u00e8 venuto a sapere che siamo riusciti a fare la prima ascensione invernale della sua via al Monte Agner\u2026\u2026 mi levo il cappello davanti ai primi salitori di questa pi\u00f9 lunga parete delle Dolomiti, ed oggi dopo 47 anni Le voglio dire la mie congratulazioni per questa prima bellissima impresa,\u00a0 questa via ci dice che gli alpinisti del primo dopoguerra (conflitto 15-18) sapevano arrampicare in libera. Questo spirito di ricerca effettuata sulle pubblicazioni di Bepi Pelligrinon \u201cAgner il Gigante di pietra\u201d e di Paolo Mosca \u201cAgner Croda Granda\u201d ci stimola al ricordo dell\u2019altrettanto famoso spigolo Nord, celeberrima via di 1600 mt. di sviluppo compiuta dagli alpinisti friulani Oscar Soravito e Celso Gilberti il 29 Agosto del 1932 e dalla relazione di due alpinisti emerge una singolare e significativa descrizione dell\u2019attacco alla parete: Il 29 agosto del 1932 alle ore tre del mattino, lasciavamo Col Di Pr\u00e0 diretti allo spigolo dell\u2019Agner\u2026\u2026Ci accompagnava fino all\u2019attacco un vecchio boscaiolo del posto per guidarci nella notte attraverso le incerte\u00a0 tracce di sentiero dei boschi dell\u2019approccio e per riportare alla base gli scarponi chiodati. Lo ricordo ancora, paterno nei suoi consigli di prudenza; mancante di una mano, reggeva con il moncherino una lanterna e si cacciava con decisione attraverso sterpaglie, arbusti e ramaglie del bosco carico di rugiada. Era giorno appena fatto quando attaccammo, non avevamo mai visto da vicino la montagna, unico punto di riferimento preciso, una fotografia comperata il giorno prima ad Agordo\u2026\u2026. \u00a0Segue la descrizione dettagliata della arrampicata, abbigliamento e materiali ed orari di salita e discesa verso Frassen\u00e8. Singolare aneddoto che non troviamo scritto sui libri, ma tramandato oralmente dalla memoria storica di un eccezionale conoscitore della Valle di San Lucano, Gino Benvegn\u00f9 classe 1925, mente lucidissima e piena di ricordi, ci racconta che il vecchio boscaiolo di Col di Pr\u00e0 che fece da portatore ed accompagn\u00f2 Gilberti e Soravito alla prima ascensione dello spigolo Nord dell\u2019Agner si chiamava Tibolla Vincenzo, nato nella frazione di \u201cPra\u201d a Taibon Agordino il 21.01.1883 figlio di Simone e di Benvegn\u00f9 Santina. Da giovane aveva avuto un incidente mentre portava le capre al pascolo in quanto rimase investito da una frana in localit\u00e0 \u201cCiaffe\u201d sopra il villaggio di Col di Pr\u00e0 e gli venne purtroppo amputata una mano come riportato nella relazione della ascensione. Forse in seguito a quella disgrazia, non potendo fare dei lavori al pari dei suoi coetanei, venne affidato a degli studi superiori e fece in seguito il maestro elementare nella frazione di Col di Pr\u00e0. Dagli archivi della Parrocchia risulta che \u00e8 deceduto il 29 maggio 1934 alla sola et\u00e0 di anni 51, pertanto relativamente giovane anche se descritto come \u201cvecchio boscaiolo del luogo\u201d dall\u2019alpinista Soravito nella relazione della ascensione sopracitata e pubblicata nella rivista mensile del CAI molti anni dopo nel 1964.<\/p>\n\n\t\t\t<style type='text\/css'>\n\t\t\t\t#gallery-3 {\n\t\t\t\t\tmargin: auto;\n\t\t\t\t}\n\t\t\t\t#gallery-3 .gallery-item {\n\t\t\t\t\tfloat: left;\n\t\t\t\t\tmargin-top: 10px;\n\t\t\t\t\ttext-align: center;\n\t\t\t\t\twidth: 25%;\n\t\t\t\t}\n\t\t\t\t#gallery-3 img {\n\t\t\t\t\tborder: 2px solid #cfcfcf;\n\t\t\t\t}\n\t\t\t\t#gallery-3 .gallery-caption {\n\t\t\t\t\tmargin-left: 0;\n\t\t\t\t}\n\t\t\t\t\/* see gallery_shortcode() in wp-includes\/media.php *\/\n\t\t\t<\/style>\n\t\t<div id='gallery-3' class='dt-gallery-container gallery galleryid-231259 gallery-columns-4 gallery-size-medium'><dl class='gallery-item'>\n\t\t\t\t<dt class='gallery-icon landscape'>\n\t\t\t\t\t<a class=\"rollover rollover-zoom dt-pswp-item\" title=\"AA\" data-dt-img-description=\"\" data-large_image_width=\"922\" data-large_image_height=\"693\"href='https:\/\/www.radiopiu.net\/wordpress\/wp-content\/uploads\/2021\/09\/AA.jpg'><img loading=\"lazy\" decoding=\"async\" width=\"300\" height=\"225\" src=\"https:\/\/www.radiopiu.net\/wordpress\/wp-content\/uploads\/2021\/09\/AA-300x225.jpg\" class=\"attachment-medium size-medium\" alt=\"\" srcset=\"https:\/\/www.radiopiu.net\/wordpress\/wp-content\/uploads\/2021\/09\/AA-300x225.jpg 300w, https:\/\/www.radiopiu.net\/wordpress\/wp-content\/uploads\/2021\/09\/AA-768x577.jpg 768w, https:\/\/www.radiopiu.net\/wordpress\/wp-content\/uploads\/2021\/09\/AA.jpg 922w\" sizes=\"auto, (max-width: 300px) 100vw, 300px\" \/><\/a>\n\t\t\t\t<\/dt><\/dl><dl class='gallery-item'>\n\t\t\t\t<dt class='gallery-icon portrait'>\n\t\t\t\t\t<a class=\"rollover rollover-zoom dt-pswp-item\" title=\"BB\" data-dt-img-description=\"\" data-large_image_width=\"837\" data-large_image_height=\"1115\"href='https:\/\/www.radiopiu.net\/wordpress\/wp-content\/uploads\/2021\/09\/BB.jpg'><img loading=\"lazy\" decoding=\"async\" width=\"225\" height=\"300\" src=\"https:\/\/www.radiopiu.net\/wordpress\/wp-content\/uploads\/2021\/09\/BB-225x300.jpg\" class=\"attachment-medium size-medium\" alt=\"\" srcset=\"https:\/\/www.radiopiu.net\/wordpress\/wp-content\/uploads\/2021\/09\/BB-225x300.jpg 225w, https:\/\/www.radiopiu.net\/wordpress\/wp-content\/uploads\/2021\/09\/BB-769x1024.jpg 769w, https:\/\/www.radiopiu.net\/wordpress\/wp-content\/uploads\/2021\/09\/BB-768x1023.jpg 768w, https:\/\/www.radiopiu.net\/wordpress\/wp-content\/uploads\/2021\/09\/BB.jpg 837w\" sizes=\"auto, (max-width: 225px) 100vw, 225px\" \/><\/a>\n\t\t\t\t<\/dt><\/dl><dl class='gallery-item'>\n\t\t\t\t<dt class='gallery-icon landscape'>\n\t\t\t\t\t<a class=\"rollover rollover-zoom dt-pswp-item\" title=\"CC\" data-dt-img-description=\"\" data-large_image_width=\"1023\" data-large_image_height=\"770\"href='https:\/\/www.radiopiu.net\/wordpress\/wp-content\/uploads\/2021\/09\/CC.jpg'><img loading=\"lazy\" decoding=\"async\" width=\"300\" height=\"226\" src=\"https:\/\/www.radiopiu.net\/wordpress\/wp-content\/uploads\/2021\/09\/CC-300x226.jpg\" class=\"attachment-medium size-medium\" alt=\"\" srcset=\"https:\/\/www.radiopiu.net\/wordpress\/wp-content\/uploads\/2021\/09\/CC-300x226.jpg 300w, https:\/\/www.radiopiu.net\/wordpress\/wp-content\/uploads\/2021\/09\/CC-768x578.jpg 768w, https:\/\/www.radiopiu.net\/wordpress\/wp-content\/uploads\/2021\/09\/CC.jpg 1023w\" sizes=\"auto, (max-width: 300px) 100vw, 300px\" \/><\/a>\n\t\t\t\t<\/dt><\/dl><dl class='gallery-item'>\n\t\t\t\t<dt class='gallery-icon landscape'>\n\t\t\t\t\t<a class=\"rollover rollover-zoom dt-pswp-item\" title=\"DD\" data-dt-img-description=\"\" data-large_image_width=\"1090\" data-large_image_height=\"818\"href='https:\/\/www.radiopiu.net\/wordpress\/wp-content\/uploads\/2021\/09\/DD.jpg'><img loading=\"lazy\" decoding=\"async\" width=\"300\" height=\"225\" src=\"https:\/\/www.radiopiu.net\/wordpress\/wp-content\/uploads\/2021\/09\/DD-300x225.jpg\" class=\"attachment-medium size-medium\" alt=\"\" srcset=\"https:\/\/www.radiopiu.net\/wordpress\/wp-content\/uploads\/2021\/09\/DD-300x225.jpg 300w, https:\/\/www.radiopiu.net\/wordpress\/wp-content\/uploads\/2021\/09\/DD-1024x768.jpg 1024w, https:\/\/www.radiopiu.net\/wordpress\/wp-content\/uploads\/2021\/09\/DD-768x576.jpg 768w, https:\/\/www.radiopiu.net\/wordpress\/wp-content\/uploads\/2021\/09\/DD.jpg 1090w\" sizes=\"auto, (max-width: 300px) 100vw, 300px\" \/><\/a>\n\t\t\t\t<\/dt><\/dl><br style=\"clear: both\" \/>\n\t\t\t<\/div>\n\n<hr \/>\n<p>&nbsp;<\/p>\n<blockquote>\n<h3>PADRE DOMENICO DE ROCCO MISSIONARIO CANALINO BRONZO AL V.M. E PERSEGUITATO NEL SOL LEVANTE<\/h3>\n<\/blockquote>\n<p><strong>di RENATO BONA<\/strong><\/p>\n<p>Fino a domenica 12 resta aperta tutti i giorni dalle 9 alle 13 e dalle 15 alle 19: da luned\u00ec 23 e fino al 31 ottobre solo il venerd\u00ec, sabato e domenica dalle 9 alle 12 e dalle 15 alle 18. Ci riferiamo alla mostra \u201cP. Domenico De Rocco (1889-1958) e la Cina: le avventure di un missionario perseguitato nel Sol Levante\u201d che \u00e8 stata allestita nella sala \u201cLina Zand\u00f2\u201d del Musal nel paese natale, Canale d\u2019Agordo, dal e nel Museo Papa Luciani con il Comune e la Parrocchia di San Giovanni Battista. De Rocco &#8211; lo ricordano le note biografiche stese e postate in Internet sul sito fronte dolomitico.it da Franco Licini &#8211; vi era nato il 31 gennaio 1889 da Giovan Battista ed Angela Deola (la coppia aveva generato anche Saba, classe 1910, anch&#8217;egli sacerdote dei padri Somaschi, educatore e maestro dei Novizi, che assurger\u00e0 al ruolo di Generale dell&#8217;Ordine tra il 1954 e il 1963 e quindi padre conciliare al Concilio ecumenico Vaticano II, quindi vice-provinciale del Centro America e Messico tra il &#8217;63 e il &#8217;66 per fare quindi ritorno in Italia come parroco fino al 1974 della Madonna Grande di Treviso dove cesser\u00e0 di vivere nel 1984). Entrato nel seminario di Feltre vi rimase fino alla seconda liceale e prosegu\u00ec gli studi nel seminario santi apostoli Pietro e Paolo di Roma dove consegu\u00ec la laurea in teologia. Nel 1909 entra a far parte del Pime, il Pontificio istituto delle missioni estere: il 25 luglio 1914 \u00e8 ordinato sacerdote. Prima per\u00f2, l\u20198 aprile 1909 \u00e8 iscritto nelle liste di leva del Distretto di Belluno ed il 6 agosto dell\u2019anno successivo \u00e8 chiamato alle armi nel 25. Reggimento di fanteria a Piacenza ma viene subito ammesso al ritardo della \u201cnaja\u201d per motivi di studio. Il 1. Giugno 1915 per mobilitazione \u00e8 richiamato alle armi alla 9. compagnia di Sanit\u00e0. Il 14 ottobre passa quindi alla 20\u00aa sezione della 10\u00aa compagnia di Sanit\u00e0 mobilitata in territorio dichiarato in stato di guerra, a San Pietro d&#8217;Isonzo. Col grado di tenente, il 5 febbraio 1916 viene trasferito al 7\u00b0 Alpini come cappellano militare del neo costituito battaglione \u201cMonte Antelao\u201d. Al comando di Belluno gli vengono fra l\u2019altro consegnati due giri di cordone grigio verde e il fregio degli alpini per guarnire il suo cappello pastorale. Prosegue per Mel dov&#8217;\u00e8 acquartierato il battaglione per l&#8217;addestramento delle reclute. Il 12 aprile parte alla volta del fronte dolomitico a Campo di Sotto, vicino a Cortina da dove dopo un breve periodo di istruzione, entrato a far parte del V Gruppo Alpini raggiunge la Val Costeana. Al canalone Falzarego gli alpini costruiscono una chiesetta in legno dove padre De Rocco pu\u00f2 celebrare la messa. Oltre all&#8217;assistenza delle anime, don Domenico si dedica al sostegno e alla cura dei feriti e, troppo spesso, a dare l&#8217;estremo saluto ai morti in battaglia. Accompagna fino in prima linea i suoi alpini in combattimento e cos\u00ec &#8211; sempre dalle note di Licini \u2013 \u201cfa anche nella notte dell&#8217;8 luglio mentre, fra le guglie delle Tofane, echeggia la musica della fanfara della 96\u00aa compagnia magistralmente diretta da Bepi Sacchet, l&#8217;alpino di Castellavazzo che, con il suo estro, sa farsi apprezzare perfino dagli austriaci\u201d. Il 21 giugno 1917 il battaglione lascia Val Costeana destinato al fronte dell&#8217;Isonzo. A piedi, per San Vito, Venas e Perarolo, in tre giorni l\u2019\u201cAntelao\u201d arriva a Longarone da dove, in treno, l&#8217;8 luglio raggiunge Nimis dove gli alpini si preparano alla conquista dell&#8217;altipiano della Bainsizza\u2026 Don Domenico si ammala e viene ricoverato ad Avio e quindi a Verona infine trasferito a Como al \u201cValduce\u201d, una casa di cura religiosa retta dalla Congregazione delle Suore Infermiere dell&#8217;Addolorata. A guerra finita gli \u00e8 conferita la dichiarazione di \u201caver tenuto buona condotta e di aver servito la Patria con fedelt\u00e0 ed onore\u201d. Dopo la \u201cparentesi bellica\u201d altre vicende altamente drammatiche: il nostro parte per la Cina il 15 novembre del 1919: Tiensinraggiunge Xing&#8217;an e successivamente Han-Chung nella regione dello Shaanxi. Nel 1931 \u00e8 a Chenggu dove ha modo di scrivere: \u201cLa carestia, che da due anni fa strage nel Henan, nel Gansu e nella parte settentrionale dello Shaanxi, in forma pi\u00f9 benigna ha colpito anche l&#8217;area meridionale (Han-Chung). Donne vendute e bambini gettati non si contano. Allo scorso agosto i bambini raccolti durante l&#8217;anno raggiungono i 1.539. Nel periodo pi\u00f9 acuto i raccolti alla porta della Missione raggiungevano una ventina al giorno &#8230;\u201d. Nel febbraio del 1934 la terza assemblea generale del Pime, ad Hong Kong, elegge monsignor Balconi superiore generale ed il 14 maggio padre De Rocco \u00e8 chiamato a sostituirlo in veste di pro-vicario apostolico di Han-Chung. Nella regione i disordini e le tragedie continuano e padre Domenico, il 17 febbraio 1935, riferisce al suo superiore: &#8220;Le avevo scritto come a Guluba cominciarono i torbidi. Pochi giorni fa i briganti svaligiarono il mercato di Tianmingsi e col bottino si ritirarono nelle loro tane. Il Seminario fu sciolto lo stesso giorno e rimandati tutti gli alunni. Credemmo da principio che non si trattasse che di una piccola banda isolata, non era invece che uno dei primi effetti dell&#8217;invasione comunista&#8230;.&#8221;. Nonostante tutte le difficolt\u00e0, nel 1939, il personale della Missione conta 19 padri e 2 fratelli italiani, 8 preti cinesi, 19 suore Canossiane e 27 Suore-maestre locali con 51 aspiranti e 50 seminaristi. In citt\u00e0 si contano 18.167 fedeli con 964 catecumeni. I luoghi di culto sono costituiti da 36 chiese, 59 cappelle e 36 centri di preghiera. Nel settore educativo, operano 32 scuole elementari con 880 ragazzi e 716 ragazze, 4 case per l&#8217;infanzia con 860 bambini; 5 dispensari, 4 orfanotrofi, 2 ricoveri per vecchi e un piccolo lebbrosario. Con lo scoppio della seconda guerra mondiale i missionari italiani sono sottoposti a maltrattamenti, soprattutto dopo il riconoscimento da parte dell&#8217;Italia del governo pro-giapponese di Nanchino (5 luglio 1941). Nel frattempo i giapponesi prendono il controllo della regione e la vita della Missione pu\u00f2 continuare ma nell&#8217;autunno del 1943, dopo la firma dell&#8217;armistizio da parte dell&#8217;Italia, i giapponesi concentrano tutto il personale italiano a Lueyang e a Zhuangyuan. Venti Padri e dieci Suore vengono ammassati in una pagoda abbandonata: &#8220;&#8230; considerati come spie, eravamo agli arresti con proibizione assoluta di lasciare la pagoda. Avremmo dovuto morire di fame su quei monti isolati, ma il Mandarino, che aveva ricevuto l&#8217;ordine di sorvegliare &#8216;le trenta spie&#8217;, ben presto si convinse che non di &#8216;spie&#8217; si trattava ma di buona gente\u2026\u201d. Nel giugno del 1944 monsignor Civelli e padre De Rocco vengono liberati e possono tornare ad Han-Chung; gli altri li raggiungeranno nel febbraio del 1945 all&#8217;arrivo delle truppe americane nella regione dello Shaanxi. Nel 1947 De Rocco torna in Italia quale delegato all&#8217;assemblea generale dell&#8217;Istituto. Eletto rappresentante presso il Consiglio generale, non far\u00e0 pi\u00f9 ritorno alla sua missione in Cina. Assume l&#8217;incarico di rettore del noviziato Pime al Sant&#8217;Ilario di Genova e nel 1950 del Liceo della casa di Monza, carica che mantiene fino al 1957 quando, aumentando i suoi acciacchi, \u00e8 costretto a ritirarsi a riposo al Rosetum di Besozzo e poi a Rancio di Lecco dove il sabato Santo 5 aprile del 1958, \u201csorella morte\u201d lo accoglie tra le sue braccia. Ai funerali, officiati da monsignor Maggi sono presenti il superiore generale dei Somaschi e suo fratello, padre Saba De Rocco. Quattro alpini trasportano la bara alla Grugana di Calco dove Domenico tutt&#8217;ora riposa &#8220;&#8230; figlio delle Dolomiti accoppi\u00f2 nell&#8217;animo le virt\u00f9 della sua terra: gentilezza e delicatezza d&#8217;animo, prudenza congiunta a cavalleresco ardimento; il tutto nobilitato dalla grazia \u2026\u201d.<\/p>\n\n\t\t\t<style type='text\/css'>\n\t\t\t\t#gallery-4 {\n\t\t\t\t\tmargin: auto;\n\t\t\t\t}\n\t\t\t\t#gallery-4 .gallery-item {\n\t\t\t\t\tfloat: left;\n\t\t\t\t\tmargin-top: 10px;\n\t\t\t\t\ttext-align: center;\n\t\t\t\t\twidth: 33%;\n\t\t\t\t}\n\t\t\t\t#gallery-4 img {\n\t\t\t\t\tborder: 2px solid #cfcfcf;\n\t\t\t\t}\n\t\t\t\t#gallery-4 .gallery-caption {\n\t\t\t\t\tmargin-left: 0;\n\t\t\t\t}\n\t\t\t\t\/* see gallery_shortcode() in wp-includes\/media.php *\/\n\t\t\t<\/style>\n\t\t<div id='gallery-4' class='dt-gallery-container gallery galleryid-231259 gallery-columns-3 gallery-size-thumbnail'><dl class='gallery-item'>\n\t\t\t\t<dt class='gallery-icon landscape'>\n\t\t\t\t\t<a class=\"rollover rollover-zoom dt-pswp-item\" title=\"241654882_151393860482320_4730914621567081373_n\" data-dt-img-description=\"\" data-large_image_width=\"254\" data-large_image_height=\"206\"href='https:\/\/www.radiopiu.net\/wordpress\/wp-content\/uploads\/2021\/09\/241654882_151393860482320_4730914621567081373_n.jpg'><img loading=\"lazy\" decoding=\"async\" width=\"150\" height=\"150\" src=\"https:\/\/www.radiopiu.net\/wordpress\/wp-content\/uploads\/2021\/09\/241654882_151393860482320_4730914621567081373_n-150x150.jpg\" class=\"attachment-thumbnail size-thumbnail\" alt=\"\" \/><\/a>\n\t\t\t\t<\/dt><\/dl><dl class='gallery-item'>\n\t\t\t\t<dt class='gallery-icon portrait'>\n\t\t\t\t\t<a class=\"rollover rollover-zoom dt-pswp-item\" title=\"241637667_2003279943181508_1229507717942403972_n\" data-dt-img-description=\"\" data-large_image_width=\"60\" data-large_image_height=\"80\"href='https:\/\/www.radiopiu.net\/wordpress\/wp-content\/uploads\/2021\/09\/241637667_2003279943181508_1229507717942403972_n.jpg'><img loading=\"lazy\" decoding=\"async\" width=\"60\" height=\"80\" src=\"https:\/\/www.radiopiu.net\/wordpress\/wp-content\/uploads\/2021\/09\/241637667_2003279943181508_1229507717942403972_n.jpg\" class=\"attachment-thumbnail size-thumbnail\" alt=\"\" \/><\/a>\n\t\t\t\t<\/dt><\/dl><dl class='gallery-item'>\n\t\t\t\t<dt class='gallery-icon portrait'>\n\t\t\t\t\t<a class=\"rollover rollover-zoom dt-pswp-item\" title=\"241642554_734409084090943_3370928812821533530_n\" data-dt-img-description=\"\" data-large_image_width=\"160\" data-large_image_height=\"377\"href='https:\/\/www.radiopiu.net\/wordpress\/wp-content\/uploads\/2021\/09\/241642554_734409084090943_3370928812821533530_n.jpg'><img loading=\"lazy\" decoding=\"async\" width=\"150\" height=\"150\" src=\"https:\/\/www.radiopiu.net\/wordpress\/wp-content\/uploads\/2021\/09\/241642554_734409084090943_3370928812821533530_n-150x150.jpg\" class=\"attachment-thumbnail size-thumbnail\" alt=\"\" \/><\/a>\n\t\t\t\t<\/dt><\/dl><br style=\"clear: both\" \/>\n\t\t\t<\/div>\n\n<p>&nbsp;<\/p>\n<p>NELLE FOTO (sito\u201dfronte dolomitico.it\u201d, e Musal di Canale d\u2019Agordo): padre Domenico De Rocco: il Museo Papa Luciani accanto alla parrocchiale.<\/p>\n<p>&nbsp;<\/p>\n<p>&nbsp;<\/p>\n<hr \/>\n<p>&nbsp;<\/p>\n<blockquote>\n<h3>INSIEME PER ROCCA, LA PREMIAZIONE VENERDI&#8217;<\/h3>\n<\/blockquote>\n<p><strong>ROCCA PIETORE<\/strong> Venerd\u00ec alle 16:30 presso la sala &#8220;El Teaz&#8221; di Rocca Pietore ci sar\u00e0 la cerimonia di premiazione della Terza edizione del Progetto insieme per Rocca rivolto agli studenti e ai non studenti vincitori dei due concorsi ideati da Maria Luisa Daniele Toffanin autrice della silloge poetica \u201cLa casa in mezzo al prato\u201d. Per motivazioni legate all\u2019emergenza Covid l\u2019accesso alla sala El Teaz e\u0300 autorizzato a sole 50 persone salvo successive disposizioni.<\/p>\n<p>\u200b<\/p>\n<hr \/>\n<p>&nbsp;<\/p>\n<blockquote>\n<h3>CULTURA E SPETTACOLO DOMENICA AD ARABBA CON LA PRESENTAZIONE DEL LIBRO DI LUCIANA PALLA<\/h3>\n<\/blockquote>\n<p><strong>LIVINALLONGO<\/strong> Domenica alle 20.30 in sala congressi ad Arabba andr\u00e0 in scena lo spettacolo &#8220;Una vita&#8221; dal romanzo di Maria Giuliana Costa. Attori, Sandro Buzzatti e Flora Sarrubbo; fisarmonicista Tommaso Zamboni. Nel corso della serata presentazione del libro &#8220;Emigrazione dalle Dolomiti nel corso del Novecento&#8221; di Luciana Palla. Ingresso libero, obbligo di green pass.<\/p>\n<p>&nbsp;<\/p>\n<hr \/>\n<p>&nbsp;<\/p>\n<blockquote>\n<h3>MOSE&#8217; ANDRICH PER IL GRAN FINALE DI ARTI IN BILICO<\/h3>\n<\/blockquote>\n<p><strong>FELTRE\u00a0<\/strong> Ultimo appuntamento con Arti in bilico, la rassegna che porta il jazz e il teatro nei giardini delle ville antiche di Feltre.\u00a0 Questa sera alle 21 \u00e8 previsto il gran finale, con il giovane e talentuoso pianista Mos\u00e8 Andrich che si esibir\u00e0 in un concerto di piano solo nella suggestiva cornice di Villa San Liberale a Cart. Informazioni e prenotazioni al 347.3164423<\/p>\n<p>&nbsp;<\/p>\n<p>&nbsp;<\/p>\n<hr \/>\n<p>&nbsp;<\/p>\n<blockquote>\n<h3>RITORNA LA CICLINVALLE\u00a0 AGORDO-COL DI PRA IN VALLE DI SAN LUCANO<\/h3>\n<\/blockquote>\n<p><strong>AGORDO<\/strong> 27^ edizione della CiclinValle pedalata di beneficienza pro Unicef. E\u2019 in programma domenica 12 settembre con partenza alle 10 dalla localit\u00e0 Valcozzena. Per partecipare compilare l&#8217;autocertificazione presente sul sito di Attivamente Agordino. . In caso di maltempo la manifestazione sar\u00e0 annullata. Iscrizioni 10 euro sabato 11 in piscina ad Agordo dalle 16 alle 19, domenica in localit\u00e0 Valcozzena dalle 8.30 alle 9.30.<\/p>\n<p>&nbsp;<\/p>\n<p>&nbsp;<\/p>\n<hr \/>\n<p>&nbsp;<\/p>\n<blockquote>\n<h3>LA SANTA MESSA A FORCELLA CAMP<\/h3>\n<\/blockquote>\n<p><strong>AGORDO<\/strong> Sabato 11 settembre si terr\u00e0 la consueta Santa Messa a Forcella Camp in occasione del 23\u00b0 anno dalla posa in opera del capitello.<\/p>\n<p>&nbsp;<\/p>\n<p>&nbsp;<\/p>\n<hr \/>\n<p>&nbsp;<\/p>\n<blockquote>\n<h3>I 130 ANNI DEL CAI BELLUNO: GLI APPUNTAMENTI<\/h3>\n<\/blockquote>\n<p><strong>BELLUNO<\/strong> Gli appuntamenti in programma nei prossimi giorni con il coro Cai di Belluno per celebrare i 130 anni dalla fondazione della sezione di Belluno.\u00a0 L&#8217;11 settembre al Rifugio Settimo Alpini per la messa in ricordo dei caduti della montagna.<\/p>\n<p>&nbsp;<\/p>\n<p>&nbsp;<\/p>\n<hr \/>\n<p>&nbsp;<\/p>\n<blockquote>\n<h3>CAMMINATURALMENTE RITORNA CON 2 APPUNTAMENTI<\/h3>\n<\/blockquote>\n<p><strong>BELLUNO<\/strong> Ultimo in programma per Camminaturalmente 2021 alla scoperta di itinierari naturalistici e ambientali con Anacleto Boranga.\u00a0 L&#8217;11 settembre sar\u00e0 la volta di IGNE E LE SUE STRADE LASTRICATE per scoprire chilometri di mulattiere che salgono il paese. Iscrizione obbligatoria a biblioteca@comune.belluno.it o al numero 0437 948093 entro le 12:30 del venerdi che precede la camminata. Dovranno essere rispettate le norme anticovid, massimo 15 persone per itinerario.<\/p>\n<p>&nbsp;<\/p>\n<p>&nbsp;<\/p>\n<p>&nbsp;<\/p>\n<hr \/>\n<p>&nbsp;<\/p>\n<blockquote>\n<h3>CONCERTI TIPI DI NOTE A LONGARONE<\/h3>\n<\/blockquote>\n<p><strong>LONGARONE<\/strong> \u00c8 in programma per l&#8217;11 settembre alle 21 <span style=\"font-family: Arial;\">Concerti Tipi Di Note, musica inedita 100% Made in Belluno, <\/span><span style=\"font-family: Arial;\">che si terr\u00e0 presso lo Stadio Comunale di Longarone. Una serata da non perdere grazie ai gruppi Bad Mood e Elisa Zaghis Music accompagnati dall&#8217;Orchestra DoLaMiti composta da archi e legni. Si raccomanda il rispetto delle norme nazionali e regionali di contenimento dell&#8217;emergenza Covid-19 e <u>vi consigliamo di portare con voi una coperta per potervi sedere comodamente sul prato<\/u>.<\/span><\/p>\n<p>&nbsp;<\/p>\n<p>&nbsp;<\/p>\n<hr \/>\n<p>&nbsp;<\/p>\n<blockquote>\n<h3>PER FESTEGGIARE I 25 ANNI DEL MUSEO DI MEL, UN\u2019ESPOSIZIONE DI REPERTI ARCHEOLOGICI DA TUTTO IL TERRITORIO DI BORGO VALBELLUNA<\/h3>\n<\/blockquote>\n<p><strong>BORGO VALBELLUNA <\/strong>Il Museo civico archeologico di Mel, dove sono esposti i corredi tombali provenienti dalla necropoli di Mel dell&#8217;Et\u00e0 del ferro e materiali provenienti dai pi\u00f9 recenti scavi dell&#8217;abitato \u00e8 stato inaugurato nel 1996 e quest\u2019anno compie 25 anni. L\u2019esposizione sar\u00e0 inaugurata sabato 11 settembre alle ore 11.00 e sar\u00e0 visitabile nella sede del Museo di Borgo Valbelluna, palazzo delle Contesse \u2013 Mel, dall\u201911 settembre 2021 al 9 gennaio 2022, sabato e domenica 9.00-12.00 \u2013 15.00-18.00. Per informazioni: www.museomel.it &#8211; <a href=\"mailto:info@museomel.it\">info@museomel.it<\/a>; Ufficio Turistico Valbelluna: 0437 544294 &#8211; turismo.mel@borgovalbelluna.bl.it.<\/p>\n<p>&nbsp;<\/p>\n<p>&nbsp;<\/p>\n<hr \/>\n<p>&nbsp;<\/p>\n<blockquote>\n<h3>L&#8217;ULTIMO EVENTO DI RITROVARSI IN SINISTRA PIAVE<\/h3>\n<\/blockquote>\n<p><strong>LIMANA <\/strong><span class=\"s1\">Ultimo evento culturale della rassegna estiva Ritrovarsi in Sinistra Piave 2021, organizzata dal Comune di Limana. <\/span><span class=\"s1\">In occasione dei 700 anni dalla morte del sommo poeta, sette giovani lettori, di provenienze artistiche varie, metteranno in scena alcuni canti pi\u00f9 rappresentativi dell&#8217;Inferno di Dante, con leggerezza e levit\u00e0. <\/span><span class=\"s1\">SABATO 11 SETTEMBRE, ore 20.30 presso la SALA NOCIVELLI della Biblioteca di Limana, Via Ruggero Fiabane 3 <\/span><span class=\"s1\">LASCIATE OGNI SPERANZA, VOI CH&#8217;ENTRATE. Stasera canti infernali <\/span><span class=\"s1\">Attori Caterina, Chiara, Damiana, Elena, Giacomo, Manuela, Silvia. <\/span><span class=\"s1\">Regia di Nanni Dorigo. <\/span><span class=\"s2\">Ingresso gratuito con prenotazione al link <a href=\"https:\/\/forms.gle\/hGwNeoCURQ3oBLd67?fbclid=IwAR10SB_7hp6IiajkioFs6IFG1dQ3vaHw8VDdBSKXehPuu7HjwG1WgHyVeQ8\"><span class=\"s1\">https:\/\/forms.gle\/hGwNeoCURQ3oBLd67<\/span><\/a> \u00a0<\/span><span class=\"s1\">Accesso con Green pass o tampone negativo eseguito 48 ore prima.<\/span><\/p>\n<p>&nbsp;<\/p>\n<p>&nbsp;<\/p>\n<hr \/>\n<p>&nbsp;<\/p>\n<h1><span style=\"color: #ff0000;\">IERI ALLA RADIO<\/span><\/h1>\n<p><strong><a href=\"https:\/\/www.radiopiu.net\/wordpress\/un-malore-improvviso-ci-ha-portato-via-il-nostro-attilio-moretti\/attilio\/\" rel=\"attachment wp-att-211915\"><img loading=\"lazy\" decoding=\"async\" class=\"wp-image-211915 alignleft\" src=\"https:\/\/www.radiopiu.net\/wordpress\/wp-content\/uploads\/2021\/05\/attilio-300x257.jpg\" alt=\"\" width=\"193\" height=\"165\" srcset=\"https:\/\/www.radiopiu.net\/wordpress\/wp-content\/uploads\/2021\/05\/attilio-300x257.jpg 300w, https:\/\/www.radiopiu.net\/wordpress\/wp-content\/uploads\/2021\/05\/attilio.jpg 640w\" sizes=\"auto, (max-width: 193px) 100vw, 193px\" \/><\/a><\/strong><\/p>\n<p>&nbsp;<\/p>\n<p><strong>SPECIALE CICLINVALLE<\/strong>\u00a0 CON Ilaria, Sara e Alberto<\/p>\n<p>di Claudio Fontanive<\/p>\n<p>&nbsp;<\/p>\n<p>foto, Attilio Moretti.<\/p>\n<audio class=\"wp-audio-shortcode\" id=\"audio-231259-3\" preload=\"none\" style=\"width: 100%;\" controls=\"controls\"><source type=\"audio\/mpeg\" src=\"https:\/\/www.radiopiu.net\/wordpress\/wp-content\/uploads\/2021\/09\/ciclinvalle-ilaria-alberto-sara.mp3?_=3\" \/><a href=\"https:\/\/www.radiopiu.net\/wordpress\/wp-content\/uploads\/2021\/09\/ciclinvalle-ilaria-alberto-sara.mp3\">https:\/\/www.radiopiu.net\/wordpress\/wp-content\/uploads\/2021\/09\/ciclinvalle-ilaria-alberto-sara.mp3<\/a><\/audio>\n<p>&nbsp;<\/p>\n<p>&nbsp;<\/p>\n<hr \/>\n<p>&nbsp;<\/p>\n<p>&nbsp;<\/p>\n<blockquote class=\"wp-embedded-content\" data-secret=\"NSz0E3pqSt\"><p><a href=\"https:\/\/www.radiopiu.net\/wordpress\/awilliam-da-roit-ed-elvis-secco-nel-giro-ditalia-running-lo-speciale-alla-radio\/\">WILLIAM DA ROIT ED ELVIS SECCO NEL GIRO D&#8217;ITALIA RUNNING&#8230;LO SPECIALE ALLA RADIO<\/a><\/p><\/blockquote>\n<p><iframe loading=\"lazy\" class=\"wp-embedded-content\" sandbox=\"allow-scripts\" security=\"restricted\" style=\"position: absolute; clip: rect(1px, 1px, 1px, 1px);\" title=\"&#8220;WILLIAM DA ROIT ED ELVIS SECCO NEL GIRO D&#8217;ITALIA RUNNING&#8230;LO SPECIALE ALLA RADIO&#8221; &#8212; Radio Pi\u00f9\" src=\"https:\/\/www.radiopiu.net\/wordpress\/awilliam-da-roit-ed-elvis-secco-nel-giro-ditalia-running-lo-speciale-alla-radio\/embed\/#?secret=NSz0E3pqSt\" data-secret=\"NSz0E3pqSt\" width=\"600\" height=\"338\" frameborder=\"0\" marginwidth=\"0\" marginheight=\"0\" scrolling=\"no\"><\/iframe><\/p>\n<p>&nbsp;<\/p>\n<hr \/>\n<p>&nbsp;<\/p>\n<blockquote class=\"wp-embedded-content\" data-secret=\"KPGCBuLvb9\"><p><a href=\"https:\/\/www.radiopiu.net\/wordpress\/i-misteri-di-alleghe-di-sergio-saviane-alla-radio-con-lattore-roberto-faoro-il-podcast\/\">&#8220;I MISTERI DI ALLEGHE DI SERGIO SAVIANE&#8221; ALLA RADIO CON L&#8217;ATTORE ROBERTO FAORO &#8211; IL PODCAST<\/a><\/p><\/blockquote>\n<p><iframe loading=\"lazy\" class=\"wp-embedded-content\" sandbox=\"allow-scripts\" security=\"restricted\" style=\"position: absolute; clip: rect(1px, 1px, 1px, 1px);\" title=\"&#8220;&#8220;I MISTERI DI ALLEGHE DI SERGIO SAVIANE&#8221; ALLA RADIO CON L&#8217;ATTORE ROBERTO FAORO &#8211; IL PODCAST&#8221; &#8212; Radio Pi\u00f9\" src=\"https:\/\/www.radiopiu.net\/wordpress\/i-misteri-di-alleghe-di-sergio-saviane-alla-radio-con-lattore-roberto-faoro-il-podcast\/embed\/#?secret=KPGCBuLvb9\" data-secret=\"KPGCBuLvb9\" width=\"600\" height=\"338\" frameborder=\"0\" marginwidth=\"0\" marginheight=\"0\" scrolling=\"no\"><\/iframe><\/p>\n<h2><\/h2>\n<hr \/>\n<p>&nbsp;<\/p>\n<p>&nbsp;<\/p>\n<blockquote class=\"wp-embedded-content\" data-secret=\"ihj1JNAQaQ\"><p><a href=\"https:\/\/www.radiopiu.net\/wordpress\/plastic-free-per-un-mondo-senza-plastica\/\">PLASTIC FREE per un mondo senza plastica<\/a><\/p><\/blockquote>\n<p><iframe loading=\"lazy\" class=\"wp-embedded-content\" sandbox=\"allow-scripts\" security=\"restricted\" style=\"position: absolute; clip: rect(1px, 1px, 1px, 1px);\" title=\"&#8220;PLASTIC FREE per un mondo senza plastica&#8221; &#8212; Radio Pi\u00f9\" src=\"https:\/\/www.radiopiu.net\/wordpress\/plastic-free-per-un-mondo-senza-plastica\/embed\/#?secret=ihj1JNAQaQ\" data-secret=\"ihj1JNAQaQ\" width=\"600\" height=\"338\" frameborder=\"0\" marginwidth=\"0\" marginheight=\"0\" scrolling=\"no\"><\/iframe><\/p>\n<p>&nbsp;<\/p>\n<hr \/>\n<p>&nbsp;<\/p>\n<blockquote class=\"wp-embedded-content\" data-secret=\"IKiaEZy2jq\"><p><a href=\"https:\/\/www.radiopiu.net\/wordpress\/da-ieri-alla-radio-in-palinsesto-loris-e-maurizio-con-la-grande-musica\/\">IL BLUES ALLA RADIO &#8230; COME NON L&#8217;AVETE MAI SENTITO PRIMA<\/a><\/p><\/blockquote>\n<p><iframe loading=\"lazy\" class=\"wp-embedded-content\" sandbox=\"allow-scripts\" security=\"restricted\" style=\"position: absolute; clip: rect(1px, 1px, 1px, 1px);\" title=\"&#8220;IL BLUES ALLA RADIO &#8230; COME NON L&#8217;AVETE MAI SENTITO PRIMA&#8221; &#8212; Radio Pi\u00f9\" src=\"https:\/\/www.radiopiu.net\/wordpress\/da-ieri-alla-radio-in-palinsesto-loris-e-maurizio-con-la-grande-musica\/embed\/#?secret=IKiaEZy2jq\" data-secret=\"IKiaEZy2jq\" width=\"600\" height=\"338\" frameborder=\"0\" marginwidth=\"0\" marginheight=\"0\" scrolling=\"no\"><\/iframe><\/p>\n<p>&nbsp;<\/p>\n<div>\n<div class=\"mkdf-post-text\">\n<div class=\"mkdf-post-text-inner\">\n<div class=\"mkdf-post-text-main\">\n<div class=\"mkdf-post-text\">\n<div class=\"mkdf-post-text-inner\">\n<div class=\"mkdf-post-text-main\">\n<div class=\"mkdf-post-text\">\n<div class=\"mkdf-post-text-inner\">\n<div class=\"mkdf-post-text-main\">\n<div class=\"page-title-head hgroup\">\n<div class=\"page-title-head hgroup\">\n<div class=\"page-title-breadcrumbs\">\n<div class=\"mkdf-post-text\">\n<div class=\"mkdf-post-text-inner\">\n<div class=\"mkdf-post-text-main\">\n<div class=\"mkdf-post-text\">\n<div class=\"mkdf-post-text-inner\">\n<div class=\"mkdf-post-text-main\">\n<div class=\"page-title-head hgroup\">\n<div class=\"page-title-head hgroup\">\n<div class=\"mkdf-post-text\">\n<div class=\"mkdf-post-text-inner\">\n<div class=\"mkdf-post-text-main\">\n<div class=\"mkdf-post-text\">\n<div class=\"mkdf-post-text-inner\">\n<div class=\"mkdf-post-text-main\">\n<div class=\"page-title-head hgroup\">\n<div class=\"page-title-head hgroup\">\n<div class=\"page-title-head hgroup\">\n<div class=\"page-title-head hgroup\">\n<div class=\"b654a4as d2edcug0\">\n<div class=\"page-title-head hgroup\">\n<div class=\"page-title-head hgroup\">\n<div class=\"mkdf-post-text\">\n<div class=\"mkdf-post-text-inner\">\n<div class=\"mkdf-post-text-main\">\n<div class=\"mkdf-post-text\">\n<div class=\"mkdf-post-text-inner\">\n<div class=\"mkdf-post-text-main\">\n<div class=\"mkdf-post-text\">\n<div class=\"mkdf-post-text-inner\">\n<div class=\"mkdf-post-text-main\">\n<div class=\"page-title-head hgroup\">\n<div class=\"page-title-head hgroup\">\n<div class=\"mkdf-post-text\">\n<div class=\"mkdf-post-text-inner\">\n<div class=\"mkdf-post-text-main\">\n<div class=\"mkdf-post-text\">\n<div class=\"mkdf-post-text-inner\">\n<div class=\"mkdf-post-text-main\">\n<div class=\"page-title-head hgroup\">\n<div class=\"page-title-head hgroup\">\n<div class=\"page-title-head hgroup\">\n<div class=\"page-title-head hgroup\">\n<div class=\"b654a4as d2edcug0\">\n<div class=\"page-title-head hgroup\">\n<div class=\"page-title-head hgroup\">\n<div class=\"page-title-head hgroup\">\n<div class=\"page-title-head hgroup\">\n<div class=\"b654a4as d2edcug0\">\n<div>\n<div class=\"mkdf-post-text\">\n<div class=\"mkdf-post-text-inner\">\n<div class=\"mkdf-post-text-main\">\n<div class=\"mkdf-post-text\">\n<div class=\"mkdf-post-text-inner\">\n<div class=\"mkdf-post-text-main\">\n<div class=\"mkdf-post-text\">\n<div class=\"mkdf-post-text-inner\">\n<div class=\"mkdf-post-text-main\">\n<div class=\"page-title-head hgroup\">\n<div class=\"page-title-head hgroup\">\n<div class=\"page-title-breadcrumbs\">\n<div class=\"mkdf-post-text\">\n<div class=\"mkdf-post-text-inner\">\n<div class=\"mkdf-post-text-main\">\n<div class=\"mkdf-post-text\">\n<div class=\"mkdf-post-text-inner\">\n<div class=\"mkdf-post-text-main\">\n<div class=\"page-title-head hgroup\">\n<div class=\"page-title-head hgroup\">\n<div class=\"mkdf-post-text\">\n<div class=\"mkdf-post-text-inner\">\n<div class=\"mkdf-post-text-main\">\n<p>&nbsp;<\/p>\n<hr \/>\n<div class=\"mkdf-post-text\">\n<div class=\"mkdf-post-text-inner\">\n<div class=\"mkdf-post-text-main\">\n<div class=\"page-title-head hgroup\">\n<div class=\"page-title-head hgroup\">\n<div class=\"page-title-head hgroup\">\n<div class=\"page-title-head hgroup\">\n<div class=\"b654a4as d2edcug0\">\n<p>&nbsp;<\/p>\n<h2><span style=\"color: #008000;\">SOLIDARIETA&#8217; VENETO &#8211; SETTEMBRE 2021<\/span><\/h2>\n<p><strong><a href=\"https:\/\/www.radiopiu.net\/wordpress\/speciale-solidarieta-veneto\/solidarieta-veneto-3\/\" rel=\"attachment wp-att-134366\"><img loading=\"lazy\" decoding=\"async\" class=\"size-medium wp-image-134366 alignleft\" src=\"https:\/\/www.radiopiu.net\/wordpress\/wp-content\/uploads\/2020\/05\/solidariet\u00e0-veneto-300x210.jpg\" alt=\"\" width=\"300\" height=\"210\" srcset=\"https:\/\/www.radiopiu.net\/wordpress\/wp-content\/uploads\/2020\/05\/solidariet\u00e0-veneto-300x210.jpg 300w, https:\/\/www.radiopiu.net\/wordpress\/wp-content\/uploads\/2020\/05\/solidariet\u00e0-veneto-1024x717.jpg 1024w, https:\/\/www.radiopiu.net\/wordpress\/wp-content\/uploads\/2020\/05\/solidariet\u00e0-veneto-768x538.jpg 768w, https:\/\/www.radiopiu.net\/wordpress\/wp-content\/uploads\/2020\/05\/solidariet\u00e0-veneto.jpg 1373w\" sizes=\"auto, (max-width: 300px) 100vw, 300px\" \/><\/a>di Claudio Fontanive<\/strong><\/p>\n<p>OSPITI: Paolo Stefan e Thomas Argenta<\/p>\n<audio class=\"wp-audio-shortcode\" id=\"audio-231259-4\" preload=\"none\" style=\"width: 100%;\" controls=\"controls\"><source type=\"audio\/mpeg\" src=\"https:\/\/www.radiopiu.net\/wordpress\/wp-content\/uploads\/2021\/09\/solidarieta-veneto-settembre.mp3?_=4\" \/><a href=\"https:\/\/www.radiopiu.net\/wordpress\/wp-content\/uploads\/2021\/09\/solidarieta-veneto-settembre.mp3\">https:\/\/www.radiopiu.net\/wordpress\/wp-content\/uploads\/2021\/09\/solidarieta-veneto-settembre.mp3<\/a><\/audio>\n<p>&nbsp;<\/p>\n<h2>LA RACCOLTA COMPLETA<\/h2>\n<blockquote class=\"wp-embedded-content\" data-secret=\"OSwqVJeslX\"><p><a href=\"https:\/\/www.radiopiu.net\/wordpress\/solidarieta-veneto\/\">Solidariet\u00e0 Veneto<\/a><\/p><\/blockquote>\n<p><iframe loading=\"lazy\" class=\"wp-embedded-content\" sandbox=\"allow-scripts\" security=\"restricted\" style=\"position: absolute; clip: rect(1px, 1px, 1px, 1px);\" title=\"&#8220;Solidariet\u00e0 Veneto&#8221; &#8212; Radio Pi\u00f9\" src=\"https:\/\/www.radiopiu.net\/wordpress\/solidarieta-veneto\/embed\/#?secret=OSwqVJeslX\" data-secret=\"OSwqVJeslX\" width=\"600\" height=\"338\" frameborder=\"0\" marginwidth=\"0\" marginheight=\"0\" scrolling=\"no\"><\/iframe><\/p>\n<blockquote>\n<h2><\/h2>\n<\/blockquote>\n<p>&nbsp;<\/p>\n<hr \/>\n<p>&nbsp;<\/p>\n<div>\n<div class=\"b654a4as d2edcug0\">\n<div class=\"rq0escxv hkbzh7o3 jwdofwj8 n8tt0mok r8blr3vg hyh9befq\">\n<p><a class=\"dt-pswp-item\" href=\"https:\/\/www.radiopiu.net\/wordpress\/wp-content\/uploads\/2020\/10\/pp.jpg\" data-dt-img-description=\"\" data-large_image_width=\"640\" data-large_image_height=\"640\"><img loading=\"lazy\" decoding=\"async\" class=\"wp-image-163678 alignleft\" src=\"https:\/\/www.radiopiu.net\/wordpress\/wp-content\/uploads\/2020\/10\/pp-300x300.jpg\" alt=\"\" width=\"106\" height=\"106\" srcset=\"https:\/\/www.radiopiu.net\/wordpress\/wp-content\/uploads\/2020\/10\/pp-300x300.jpg 300w, https:\/\/www.radiopiu.net\/wordpress\/wp-content\/uploads\/2020\/10\/pp-150x150.jpg 150w, https:\/\/www.radiopiu.net\/wordpress\/wp-content\/uploads\/2020\/10\/pp-125x125.jpg 125w, https:\/\/www.radiopiu.net\/wordpress\/wp-content\/uploads\/2020\/10\/pp-200x200.jpg 200w, https:\/\/www.radiopiu.net\/wordpress\/wp-content\/uploads\/2020\/10\/pp-80x80.jpg 80w, https:\/\/www.radiopiu.net\/wordpress\/wp-content\/uploads\/2020\/10\/pp-480x480.jpg 480w, https:\/\/www.radiopiu.net\/wordpress\/wp-content\/uploads\/2020\/10\/pp.jpg 640w\" sizes=\"auto, (max-width: 106px) 100vw, 106px\" \/><\/a><\/p>\n<\/div>\n<\/div>\n<\/div>\n<div>\n<div class=\"page-title-head hgroup\">\n<div class=\"page-title-head hgroup\">\n<div class=\"b654a4as d2edcug0\">\n<div class=\"j83agx80 btwxx1t3 lhclo0ds hop8lmos nkwizq5d scwd0bx6 roh60bw9\">\n<div class=\"rq0escxv hkbzh7o3 jwdofwj8 n8tt0mok r8blr3vg hyh9befq\">\n<div class=\"do00u71z l9j0dhe7 k4urcfbm\">\n<h2><span style=\"color: #000080;\">DON CESARE, IL PENSIERO DEL GIORNO. ALLA RADIO ALLE 7 DEL MATTINO E ALLE 19.30 DELLA SERA.\u00a0\u00a0<\/span><\/h2>\n<\/div>\n<\/div>\n<\/div>\n<\/div>\n<\/div>\n<div class=\"page-title-head hgroup\">\n<audio class=\"wp-audio-shortcode\" id=\"audio-231259-5\" preload=\"none\" style=\"width: 100%;\" controls=\"controls\"><source type=\"audio\/mpeg\" src=\"https:\/\/www.radiopiu.net\/wordpress\/wp-content\/uploads\/2021\/09\/CESARE-5.mp3?_=5\" \/><a href=\"https:\/\/www.radiopiu.net\/wordpress\/wp-content\/uploads\/2021\/09\/CESARE-5.mp3\">https:\/\/www.radiopiu.net\/wordpress\/wp-content\/uploads\/2021\/09\/CESARE-5.mp3<\/a><\/audio>\n<hr \/>\n<p class=\"b654a4as d2edcug0\"><span style=\"color: #ff6600;\">\u00a0 \u00a0<\/span><\/p>\n<p>&nbsp;<\/p>\n<p>&nbsp;<\/p>\n<blockquote class=\"wp-embedded-content\" data-secret=\"YNYDRQBreQ\"><p><a href=\"https:\/\/www.radiopiu.net\/wordpress\/girovagando-in-e-bike-tra-le-dolomiti\/\">GIROVAGANDO IN E BIKE TRA LE DOLOMITI<\/a><\/p><\/blockquote>\n<p><iframe loading=\"lazy\" class=\"wp-embedded-content\" sandbox=\"allow-scripts\" security=\"restricted\" style=\"position: absolute; clip: rect(1px, 1px, 1px, 1px);\" title=\"&#8220;GIROVAGANDO IN E BIKE TRA LE DOLOMITI&#8221; &#8212; Radio Pi\u00f9\" src=\"https:\/\/www.radiopiu.net\/wordpress\/girovagando-in-e-bike-tra-le-dolomiti\/embed\/#?secret=YNYDRQBreQ\" data-secret=\"YNYDRQBreQ\" width=\"600\" height=\"338\" frameborder=\"0\" marginwidth=\"0\" marginheight=\"0\" scrolling=\"no\"><\/iframe><\/p>\n<p>\u200b<\/p>\n<p>\u200b<\/p>\n<hr \/>\n<\/div>\n<\/div>\n<\/div>\n<\/div>\n<\/div>\n<\/div>\n<\/div>\n<\/div>\n<\/div>\n<\/div>\n<\/div>\n<\/div>\n<\/div>\n<\/div>\n<\/div>\n<\/div>\n<\/div>\n<\/div>\n<\/div>\n<\/div>\n<\/div>\n<\/div>\n<\/div>\n<div class=\"mkdf-post-text\">\n<div class=\"mkdf-post-text-inner\">\n<div class=\"mkdf-post-text-main\">\n<div class=\"mkdf-post-text\">\n<div class=\"mkdf-post-text-inner\">\n<div class=\"mkdf-post-text-main\">\n<div>\n<div class=\"page-title-head hgroup\">\n<div class=\"page-title-head hgroup\">\n<div class=\"page-title-head hgroup\">\n<div class=\"page-title-head hgroup\">\n<div class=\"b654a4as d2edcug0\">\n<div class=\"page-title-head hgroup\">\n<div class=\"page-title-head hgroup\">\n<p>&nbsp;<\/p>\n<\/div>\n<\/div>\n<\/div>\n<\/div>\n<\/div>\n<\/div>\n<\/div>\n<\/div>\n<\/div>\n<\/div>\n<\/div>\n<\/div>\n<\/div>\n<\/div>\n<\/div>\n<\/div>\n<\/div>\n<\/div>\n<\/div>\n<\/div>\n<\/div>\n<\/div>\n<\/div>\n<\/div>\n<\/div>\n<\/div>\n<blockquote>\n<h3><\/h3>\n<h3>COLLAGE&#8230; DI LORIS SCUSSEL dal lunedi al venerdi alle 16 e alle 23 su RADIO PIU<\/h3>\n<\/blockquote>\n<div>\n<p><img loading=\"lazy\" decoding=\"async\" class=\"alignleft\" src=\"https:\/\/www.radiopiu.net\/wordpress\/wp-content\/uploads\/2021\/05\/Schermata-2021-05-23-alle-11.50.11.png\" width=\"186\" height=\"131\" \/><\/p>\n<div>\n<p>Il programma \u00e8 andato in onda da dicembre 2013 fino a luglio 2019, comprese le repliche, in due serie per 350 puntate complessive con 1.890 brani trasmessi. L\u2019obiettivo del programma: riproporre agli ascoltatori pi\u00f9 grandicelli le canzoni che ascoltavano nel passato e nello stesso tempo farle conoscere anche ai pi\u00f9 giovani.<\/p>\n<\/div>\n<\/div>\n<div>\n<p><b>\u00a0\u00a0<\/b><\/p>\n<p><strong>PUNTATA DEL 08 SETTEMBRE 2021\u00a0 n.428<\/strong><\/p>\n<\/div>\n<\/div>\n<\/div>\n<\/div>\n<\/div>\n<\/div>\n<\/div>\n<\/div>\n<\/div>\n<\/div>\n<\/div>\n<\/div>\n<\/div>\n<\/div>\n<\/div>\n<\/div>\n<\/div>\n<\/div>\n<\/div>\n<\/div>\n<\/div>\n<\/div>\n<\/div>\n<\/div>\n<\/div>\n<\/div>\n<\/div>\n<\/div>\n<\/div>\n<\/div>\n<\/div>\n<\/div>\n<\/div>\n<\/div>\n<\/div>\n<\/div>\n<\/div>\n<\/div>\n<\/div>\n<\/div>\n<\/div>\n<\/div>\n<\/div>\n<\/div>\n<\/div>\n<\/div>\n<\/div>\n<\/div>\n<\/div>\n<\/div>\n<\/div>\n<\/div>\n<\/div>\n<\/div>\n<\/div>\n<\/div>\n<\/div>\n<\/div>\n<\/div>\n<\/div>\n<\/div>\n<\/div>\n<div>\n<div>\n<div class=\"b654a4as d2edcug0\">\n<div class=\"rq0escxv hkbzh7o3 jwdofwj8 n8tt0mok r8blr3vg hyh9befq\">\n<div class=\"b654a4as d2edcug0\">\n<div class=\"b654a4as d2edcug0\">\n<div>\n<div class=\"b654a4as d2edcug0\">\n<div class=\"rq0escxv hkbzh7o3 jwdofwj8 n8tt0mok r8blr3vg hyh9befq\">\n<div class=\"b654a4as d2edcug0\">\n<audio class=\"wp-audio-shortcode\" id=\"audio-231259-6\" preload=\"none\" style=\"width: 100%;\" controls=\"controls\"><source type=\"audio\/mpeg\" src=\"https:\/\/www.radiopiu.net\/wordpress\/wp-content\/uploads\/2021\/09\/COME.mp3?_=6\" \/><a href=\"https:\/\/www.radiopiu.net\/wordpress\/wp-content\/uploads\/2021\/09\/COME.mp3\">https:\/\/www.radiopiu.net\/wordpress\/wp-content\/uploads\/2021\/09\/COME.mp3<\/a><\/audio>\n<p>&nbsp;<\/p>\n<p>&nbsp;<\/p>\n<\/div>\n<\/div>\n<\/div>\n<\/div>\n<\/div>\n<\/div>\n<\/div>\n<\/div>\n<\/div>\n<p>&nbsp;<\/p>\n<hr \/>\n<div><\/div>\n<div>\n<div class=\"page-title-head hgroup\">\n<div class=\"page-title-head hgroup\">\n<div class=\"page-title-head hgroup\">\n<div class=\"page-title-head hgroup\">\n<div class=\"page-title-head hgroup\">\n<div>\n<div class=\"b654a4as d2edcug0\">\u00a0 \u00a0 \u00a0<strong style=\"color: #800080;\">LA RASSEGNA STAMPA DA L&#8217;AMICO DEL POPOLO\u00a0<\/strong><\/div>\n<\/div>\n<\/div>\n<\/div>\n<\/div>\n<\/div>\n<\/div>\n<\/div>\n<div>\n<div class=\"page-title-head hgroup\">\n<div class=\"page-title-head hgroup\">\n<div class=\"page-title-head hgroup\">\n<div class=\"page-title-head hgroup\">\n<div class=\"b654a4as d2edcug0\">\n<div class=\"page-title-head hgroup\">\n<div class=\"page-title-head hgroup\">\n<div class=\"page-title-head hgroup\">\n<div class=\"page-title-head hgroup\">\n<div class=\"b654a4as d2edcug0\">\n<div>\n<h3 class=\"kvgmc6g5 cxmmr5t8 oygrvhab hcukyx3x c1et5uql\"><span style=\"color: #0000ff;\"> INFORMAZIONE il canale su TELEGRAM informazione di prima mano e in tempo reale. iscriviti ed aiutaci a farlo conoscere\u00a0\u00a0<\/span><\/h3>\n<p><strong><a href=\"https:\/\/www.radiopiu.net\/wordpress\/la-rassegna-stampa-da-lamico-del-popolo-04-settembre-2021\/ghe-rivarem-a-baita-4149-2\/\" rel=\"attachment wp-att-230850\"><img loading=\"lazy\" decoding=\"async\" class=\"size-medium wp-image-230850 alignleft\" src=\"https:\/\/www.radiopiu.net\/wordpress\/wp-content\/uploads\/2021\/09\/Ghe-rivarem-a-baita-4149-300x200.jpg\" alt=\"\" width=\"300\" height=\"200\" srcset=\"https:\/\/www.radiopiu.net\/wordpress\/wp-content\/uploads\/2021\/09\/Ghe-rivarem-a-baita-4149-300x200.jpg 300w, https:\/\/www.radiopiu.net\/wordpress\/wp-content\/uploads\/2021\/09\/Ghe-rivarem-a-baita-4149-1024x683.jpg 1024w, https:\/\/www.radiopiu.net\/wordpress\/wp-content\/uploads\/2021\/09\/Ghe-rivarem-a-baita-4149-768x512.jpg 768w, https:\/\/www.radiopiu.net\/wordpress\/wp-content\/uploads\/2021\/09\/Ghe-rivarem-a-baita-4149.jpg 1200w\" sizes=\"auto, (max-width: 300px) 100vw, 300px\" \/><\/a>di Gianni Santomaso<\/strong><\/p>\n<p>OSPITE: Sara Luchetta<\/p>\n<audio class=\"wp-audio-shortcode\" id=\"audio-231259-7\" preload=\"none\" style=\"width: 100%;\" controls=\"controls\"><source type=\"audio\/mpeg\" src=\"https:\/\/www.radiopiu.net\/wordpress\/wp-content\/uploads\/2021\/09\/RASSEGNA-GIANNI.mp3?_=7\" \/><a href=\"https:\/\/www.radiopiu.net\/wordpress\/wp-content\/uploads\/2021\/09\/RASSEGNA-GIANNI.mp3\">https:\/\/www.radiopiu.net\/wordpress\/wp-content\/uploads\/2021\/09\/RASSEGNA-GIANNI.mp3<\/a><\/audio>\n<p>&nbsp;<\/p>\n<blockquote class=\"wp-embedded-content\" data-secret=\"uofn79RTVL\"><p><a href=\"https:\/\/www.radiopiu.net\/wordpress\/rassegna-stampa-di-gianni-santomaso\/\">Rassegna stampa da l&#8217;amico del popolo &#8211; di Gianni Santomaso<\/a><\/p><\/blockquote>\n<p><iframe loading=\"lazy\" class=\"wp-embedded-content\" sandbox=\"allow-scripts\" security=\"restricted\" style=\"position: absolute; clip: rect(1px, 1px, 1px, 1px);\" title=\"&#8220;Rassegna stampa da l&#8217;amico del popolo &#8211; di Gianni Santomaso&#8221; &#8212; Radio Pi\u00f9\" src=\"https:\/\/www.radiopiu.net\/wordpress\/rassegna-stampa-di-gianni-santomaso\/embed\/#?secret=uofn79RTVL\" data-secret=\"uofn79RTVL\" width=\"600\" height=\"338\" frameborder=\"0\" marginwidth=\"0\" marginheight=\"0\" scrolling=\"no\"><\/iframe><\/p>\n<p>&nbsp;<\/p>\n<hr \/>\n<p>&nbsp;<\/p>\n<p>&nbsp;<\/p>\n<\/div>\n<div dir=\"auto\">\n<blockquote class=\"wp-embedded-content\" data-secret=\"Lhj0mLFRpM\"><p><a href=\"https:\/\/www.radiopiu.net\/wordpress\/saluteesocieta\/\">Salute e Societ\u00e0<\/a><\/p><\/blockquote>\n<p><iframe loading=\"lazy\" class=\"wp-embedded-content\" sandbox=\"allow-scripts\" security=\"restricted\" style=\"position: absolute; clip: rect(1px, 1px, 1px, 1px);\" title=\"&#8220;Salute e Societ\u00e0&#8221; &#8212; Radio Pi\u00f9\" src=\"https:\/\/www.radiopiu.net\/wordpress\/saluteesocieta\/embed\/#?secret=Lhj0mLFRpM\" data-secret=\"Lhj0mLFRpM\" width=\"600\" height=\"338\" frameborder=\"0\" marginwidth=\"0\" marginheight=\"0\" scrolling=\"no\"><\/iframe><\/p>\n<\/div>\n<div dir=\"auto\">\n<h1><\/h1>\n<\/div>\n<div>\n<div class=\"page-title-head hgroup\">\n<div class=\"page-title-head hgroup\">\n<div class=\"page-title-head hgroup\">\n<div>\n<div class=\"b654a4as d2edcug0\">\n<div class=\"rq0escxv hkbzh7o3 jwdofwj8 n8tt0mok r8blr3vg hyh9befq\">\n<hr \/>\n<\/div>\n<\/div>\n<\/div>\n<div>\n<div class=\"page-title-head hgroup\">\n<div class=\"page-title-head hgroup\">\n<div class=\"b654a4as d2edcug0\">\n<p>&nbsp;<\/p>\n<blockquote>\n<h3><img loading=\"lazy\" decoding=\"async\" class=\"alignleft\" src=\"https:\/\/www.radiopiu.net\/wordpress\/wp-content\/uploads\/2021\/06\/fresh-flower-leaves-saffron-white-background-place-your-text-use-saffron-spice-cooking-cosmetology_347372-394.jpeg\" width=\"141\" height=\"94\" \/>L&#8217;ALMANACCO LADINO CON L&#8217;ISTITUT CESA DE JAN QUINDICINALE APPUNTAMENTO. LA DOMENICA ALLE 9 IL LUNEDI ALLE 8.35 IL MARTEDI ALLE 12.35 IL MERCOLEDI ALLE 18.35. SECONDA STAGIONE.<strong style=\"font-size: 14px;\">\u00a0<\/strong><\/h3>\n<\/blockquote>\n<p><strong>\u00a0<\/strong><strong>\u00a0RACCOLTA COMPLETA\u00a0<\/strong><\/p>\n<blockquote class=\"wp-embedded-content\" data-secret=\"psjv7YznBR\"><p><a href=\"https:\/\/www.radiopiu.net\/wordpress\/almanacco-ladino\/\">Almanacco Ladino<\/a><\/p><\/blockquote>\n<p><iframe loading=\"lazy\" class=\"wp-embedded-content\" sandbox=\"allow-scripts\" security=\"restricted\" style=\"position: absolute; clip: rect(1px, 1px, 1px, 1px);\" title=\"&#8220;Almanacco Ladino&#8221; &#8212; Radio Pi\u00f9\" src=\"https:\/\/www.radiopiu.net\/wordpress\/almanacco-ladino\/embed\/#?secret=psjv7YznBR\" data-secret=\"psjv7YznBR\" width=\"600\" height=\"338\" frameborder=\"0\" marginwidth=\"0\" marginheight=\"0\" scrolling=\"no\"><\/iframe><\/p>\n<\/div>\n<div>\n<p>&nbsp;<\/p>\n<hr \/>\n<h2><span style=\"color: #808000;\">DUE MINUTI UN LIBRO\u00a0 TUTTI I GIORNI ALLA RADIO ALLE 9.30 E ALLE 18. QUINTA STAGIONE\u00a0\u00a0<\/span><\/h2>\n<blockquote class=\"wp-embedded-content\" data-secret=\"yN0NpZDt5p\"><p><a href=\"https:\/\/www.radiopiu.net\/wordpress\/il-potere-segreto\/\">Il potere segreto<\/a><\/p><\/blockquote>\n<p><iframe loading=\"lazy\" class=\"wp-embedded-content\" sandbox=\"allow-scripts\" security=\"restricted\" style=\"position: absolute; clip: rect(1px, 1px, 1px, 1px);\" title=\"&#8220;Il potere segreto&#8221; &#8212; Radio Pi\u00f9\" src=\"https:\/\/www.radiopiu.net\/wordpress\/il-potere-segreto\/embed\/#?secret=yN0NpZDt5p\" data-secret=\"yN0NpZDt5p\" width=\"600\" height=\"338\" frameborder=\"0\" marginwidth=\"0\" marginheight=\"0\" scrolling=\"no\"><\/iframe><\/p>\n<p><strong>LA RACCOLTA COMPLETA\u00a0\u00a0<\/strong><\/p>\n<\/div>\n<div>\n<blockquote class=\"wp-embedded-content\" data-secret=\"6KmeQzVDrk\"><p><a href=\"https:\/\/www.radiopiu.net\/wordpress\/due-minuti-un-libro\/\">Due minuti un libro<\/a><\/p><\/blockquote>\n<p><iframe loading=\"lazy\" class=\"wp-embedded-content\" sandbox=\"allow-scripts\" security=\"restricted\" style=\"position: absolute; clip: rect(1px, 1px, 1px, 1px);\" title=\"&#8220;Due minuti un libro&#8221; &#8212; Radio Pi\u00f9\" src=\"https:\/\/www.radiopiu.net\/wordpress\/due-minuti-un-libro\/embed\/#?secret=6KmeQzVDrk\" data-secret=\"6KmeQzVDrk\" width=\"600\" height=\"338\" frameborder=\"0\" marginwidth=\"0\" marginheight=\"0\" scrolling=\"no\"><\/iframe><\/p>\n<p>&nbsp;<\/p>\n<hr \/>\n<p>\u200b<\/p>\n<div>\n<h2><span style=\"color: #33cccc;\">I RACCONTI DI PAOLO SOPPELSA il lunedi alle 9.30 e 18.30<\/span><\/h2>\n<p>&nbsp;<\/p>\n<blockquote class=\"wp-embedded-content\" data-secret=\"IbS4FIvOlo\"><p><a href=\"https:\/\/www.radiopiu.net\/wordpress\/i-racconti-di-paolo-soppelsa\/\">I racconti di Paolo Soppelsa<\/a><\/p><\/blockquote>\n<p><iframe loading=\"lazy\" class=\"wp-embedded-content\" sandbox=\"allow-scripts\" security=\"restricted\" style=\"position: absolute; clip: rect(1px, 1px, 1px, 1px);\" title=\"&#8220;I racconti di Paolo Soppelsa&#8221; &#8212; Radio Pi\u00f9\" src=\"https:\/\/www.radiopiu.net\/wordpress\/i-racconti-di-paolo-soppelsa\/embed\/#?secret=IbS4FIvOlo\" data-secret=\"IbS4FIvOlo\" width=\"600\" height=\"338\" frameborder=\"0\" marginwidth=\"0\" marginheight=\"0\" scrolling=\"no\"><\/iframe><\/p>\n<p>&nbsp;<\/p>\n<\/div>\n<\/div>\n<hr \/>\n<p>&nbsp;<\/p>\n<div class=\"mkdf-post-text\">\n<div class=\"mkdf-post-text-inner\">\n<div class=\"mkdf-post-text-main\">\n<div class=\"mkdf-post-text\">\n<div class=\"mkdf-post-text-inner\">\n<div class=\"mkdf-post-text-main\">\n<div class=\"mkdf-post-text\">\n<div class=\"mkdf-post-text-inner\">\n<div class=\"mkdf-post-text-main\">\n<div class=\"page-title-head hgroup\">\n<div class=\"page-title-head hgroup\">\n<div class=\"mkdf-post-text\">\n<div class=\"mkdf-post-text-inner\">\n<div class=\"mkdf-post-text-main\">\n<div class=\"mkdf-post-text\">\n<div class=\"mkdf-post-text-inner\">\n<div class=\"mkdf-post-text-main\">\n<div>\n<div class=\"page-title-head hgroup\">\n<div class=\"page-title-head hgroup\">\n<div class=\"page-title-head hgroup\">\n<div class=\"page-title-head hgroup\">\n<div class=\"b654a4as d2edcug0\">\n<div class=\"page-title-head hgroup\">\n<div class=\"page-title-head hgroup\">\n<div class=\"page-title-head hgroup\">\n<div class=\"page-title-head hgroup\">\n<div class=\"b654a4as d2edcug0\">\n<div>\n<div>\n<div>\n<div>\n<div class=\"page-title-head hgroup\">\n<div class=\"page-title-head hgroup\">\n<div class=\"page-title-head hgroup\">\n<div class=\"page-title-head hgroup\">\n<div class=\"b654a4as d2edcug0\">\n<div class=\"page-title-head hgroup\">\n<div class=\"page-title-head hgroup\">\n<div class=\"page-title-head hgroup\">\n<div class=\"page-title-head hgroup\">\n<div class=\"b654a4as d2edcug0\">\n<div>\n<div class=\"page-title-head hgroup\">\n<div class=\"page-title-head hgroup\">\n<div class=\"page-title-head hgroup\">\n<div>\n<div class=\"page-title-head hgroup\">\n<div class=\"page-title-head hgroup\">\n<div class=\"page-title-head hgroup\">\n<p>&nbsp;<\/p>\n<p><a href=\"https:\/\/www.radiopiu.net\/wordpress\/giornale-radiopiu-26-settembre-2018-direttore-mirko-mezzacasa\/viabilita-2\/\" rel=\"attachment wp-att-61954\"><img loading=\"lazy\" decoding=\"async\" class=\"wp-image-61954 size-full aligncenter\" src=\"https:\/\/www.radiopiu.net\/wordpress\/wp-content\/uploads\/2018\/09\/viabilita.jpeg\" alt=\"\" width=\"800\" height=\"100\" srcset=\"https:\/\/www.radiopiu.net\/wordpress\/wp-content\/uploads\/2018\/09\/viabilita.jpeg 800w, https:\/\/www.radiopiu.net\/wordpress\/wp-content\/uploads\/2018\/09\/viabilita-300x38.jpeg 300w, https:\/\/www.radiopiu.net\/wordpress\/wp-content\/uploads\/2018\/09\/viabilita-768x96.jpeg 768w\" sizes=\"auto, (max-width: 800px) 100vw, 800px\" \/><\/a><\/p>\n<blockquote><p><a href=\"https:\/\/www.radiopiu.net\/wordpress\/giornale-radiopiu-09-agosto-2018-direttore-mirko-mezzacasa\/viabilia\/\" rel=\"attachment wp-att-57053\"><img loading=\"lazy\" decoding=\"async\" class=\" wp-image-57053 alignleft\" src=\"https:\/\/www.radiopiu.net\/wordpress\/wp-content\/uploads\/2018\/08\/VIABILIA-300x180.jpeg\" alt=\"\" width=\"220\" height=\"132\" srcset=\"https:\/\/www.radiopiu.net\/wordpress\/wp-content\/uploads\/2018\/08\/VIABILIA-300x180.jpeg 300w, https:\/\/www.radiopiu.net\/wordpress\/wp-content\/uploads\/2018\/08\/VIABILIA-768x461.jpeg 768w, https:\/\/www.radiopiu.net\/wordpress\/wp-content\/uploads\/2018\/08\/VIABILIA-1024x614.jpeg 1024w, https:\/\/www.radiopiu.net\/wordpress\/wp-content\/uploads\/2018\/08\/VIABILIA.jpeg 1280w\" sizes=\"auto, (max-width: 220px) 100vw, 220px\" \/><\/a><\/p><\/blockquote>\n<\/div>\n<\/div>\n<\/div>\n<\/div>\n<\/div>\n<\/div>\n<\/div>\n<\/div>\n<div>\n<div>\n<div class=\"page-title-head hgroup\">\n<div class=\"page-title-head hgroup\">\n<div class=\"page-title-head hgroup\">\n<div class=\"page-title-head hgroup\">\n<div class=\"page-title-head hgroup\">\n<div class=\"page-title-head hgroup\">\n<blockquote><p>La viabilit\u00e0 con gli ultimi aggiornamenti<\/p><\/blockquote>\n<\/div>\n<\/div>\n<\/div>\n<\/div>\n<\/div>\n<\/div>\n<\/div>\n<div><\/div>\n<div><\/div>\n<div>\n<div><\/div>\n<\/div>\n<\/div>\n<\/div>\n<\/div>\n<\/div>\n<\/div>\n<\/div>\n<\/div>\n<\/div>\n<\/div>\n<\/div>\n<\/div>\n<\/div>\n<div>\n<div class=\"page-title-head hgroup\">\n<div class=\"page-title-head hgroup\">\n<div class=\"page-title-head hgroup\">\n<div class=\"page-title-head hgroup\">\n<div class=\"b654a4as d2edcug0\">\n<div>\n<div class=\"page-title-head hgroup\" style=\"text-align: left;\"><\/div>\n<\/div>\n<\/div>\n<\/div>\n<\/div>\n<\/div>\n<\/div>\n<\/div>\n<\/div>\n<\/div>\n<\/div>\n<div>\n<div>\n<div class=\"page-title-head hgroup\">\n<div class=\"page-title-head hgroup\">\n<div class=\"page-title-head hgroup\">\n<div class=\"page-title-head hgroup\">\n<div class=\"b654a4as d2edcug0\">\n<div class=\"page-title-head hgroup\">\n<div class=\"page-title-head hgroup\">\n<div class=\"page-title-head hgroup\">\n<div class=\"page-title-head hgroup\">\n<div class=\"b654a4as d2edcug0\">\n<div>\n<div class=\"page-title-head hgroup\">\n<div class=\"page-title-head hgroup\">\n<div class=\"page-title-head hgroup\">\n<div class=\"page-title-head hgroup\">\n<div class=\"page-title-head hgroup\">\n<div>\n<audio class=\"wp-audio-shortcode\" id=\"audio-231259-8\" preload=\"none\" style=\"width: 100%;\" controls=\"controls\"><source type=\"audio\/mpeg\" src=\"https:\/\/www.radiopiu.net\/wordpress\/wp-content\/uploads\/2021\/09\/VIABILITA.mp3?_=8\" \/><a href=\"https:\/\/www.radiopiu.net\/wordpress\/wp-content\/uploads\/2021\/09\/VIABILITA.mp3\">https:\/\/www.radiopiu.net\/wordpress\/wp-content\/uploads\/2021\/09\/VIABILITA.mp3<\/a><\/audio>\n<p>&nbsp;<\/p>\n<\/div>\n<\/div>\n<\/div>\n<\/div>\n<\/div>\n<\/div>\n<\/div>\n<\/div>\n<\/div>\n<\/div>\n<\/div>\n<\/div>\n<\/div>\n<\/div>\n<\/div>\n<\/div>\n<\/div>\n<\/div>\n<\/div>\n<\/div>\n<\/div>\n<\/div>\n<\/div>\n<\/div>\n<\/div>\n<\/div>\n<\/div>\n<\/div>\n<\/div>\n<\/div>\n<\/div>\n<\/div>\n<\/div>\n<\/div>\n<\/div>\n<\/div>\n<\/div>\n<\/div>\n<\/div>\n<\/div>\n<\/div>\n<\/div>\n<\/div>\n<\/div>\n<\/div>\n<\/div>\n<\/div>\n<\/div>\n<\/div>\n<\/div>\n<\/div>\n<\/div>\n<\/div>\n<\/div>\n<\/div>\n<\/div>\n<\/div>\n<\/div>\n<\/div>\n<\/div>\n<\/div>\n<\/div>\n<\/div>\n<\/div>\n<\/div>\n<\/div>\n<div>\n<div class=\"page-title-head hgroup\">\n<div class=\"page-title-head hgroup\">\n<div class=\"page-title-head hgroup\">\n<div class=\"page-title-head hgroup\">\n<div class=\"b654a4as d2edcug0\">\n<div class=\"page-title-head hgroup\">\n<div class=\"page-title-head hgroup\">\n<div class=\"page-title-head hgroup\">\n<div class=\"page-title-head hgroup\">\n<div class=\"b654a4as d2edcug0\">\n<div class=\"page-title-head hgroup\">\n<div class=\"page-title-head hgroup\">\n<div class=\"page-title-head hgroup\">\n<div class=\"page-title-head hgroup\">\n<div class=\"page-title-head hgroup\">\n<div class=\"mkdf-post-text\">\n<div class=\"mkdf-post-text-inner\">\n<div class=\"mkdf-post-text-main\">\n<div class=\"mkdf-post-text\">\n<div class=\"mkdf-post-text-inner\">\n<div class=\"mkdf-post-text-main\">\n<div class=\"mkdf-post-text\">\n<div class=\"mkdf-post-text-inner\">\n<div class=\"mkdf-post-text-main\">\n<div class=\"page-title-head hgroup\">\n<div class=\"page-title-head hgroup\">\n<div class=\"mkdf-post-text\">\n<div class=\"mkdf-post-text-inner\">\n<div class=\"mkdf-post-text-main\">\n<div class=\"mkdf-post-text\">\n<div class=\"mkdf-post-text-inner\">\n<div class=\"mkdf-post-text-main\">\n<div>\n<div class=\"page-title-head hgroup\">\n<div class=\"page-title-head hgroup\">\n<div class=\"page-title-head hgroup\">\n<div class=\"page-title-head hgroup\">\n<div class=\"b654a4as d2edcug0\">\n<div class=\"page-title-head hgroup\">\n<div class=\"page-title-head hgroup\">\n<div class=\"page-title-head hgroup\">\n<div class=\"page-title-head hgroup\">\n<div class=\"b654a4as d2edcug0\">\n<div>\n<div>\n<div>\n<div class=\"page-title-head hgroup\">\n<hr \/>\n<p>&nbsp;<\/p>\n<\/div>\n<\/div>\n<\/div>\n<\/div>\n<\/div>\n<\/div>\n<\/div>\n<\/div>\n<\/div>\n<\/div>\n<\/div>\n<\/div>\n<\/div>\n<\/div>\n<\/div>\n<div>\n<div class=\"page-title-head hgroup\">\n<div class=\"page-title-head hgroup\">\n<div>\n<div class=\"page-title-head hgroup\">\n<div class=\"page-title-head hgroup\">\n<div class=\"b654a4as d2edcug0\">\n<div>\n<div class=\"page-title-head hgroup\" style=\"text-align: left;\">\n<div class=\"page-title-head hgroup\">\n<div dir=\"auto\">\n<p><a class=\"dt-pswp-item pspw-wrap-ready\" href=\"https:\/\/i0.wp.com\/www.radiopiu.net\/wordpress\/wp-content\/uploads\/2018\/09\/WhatsApp-Image-2018-09-20-at-16.04.06.jpeg?ssl=1\" data-dt-img-description=\"\" data-large_image_width=\"800\" data-large_image_height=\"100\"><img loading=\"lazy\" decoding=\"async\" class=\"aligncenter wp-image-61378 size-full jetpack-lazy-image jetpack-lazy-image--handled\" src=\"https:\/\/i0.wp.com\/www.radiopiu.net\/wordpress\/wp-content\/uploads\/2018\/09\/WhatsApp-Image-2018-09-20-at-16.04.06.jpeg?resize=800%2C100&amp;ssl=1\" sizes=\"auto, (max-width: 800px) 100vw, 800px\" srcset=\"https:\/\/i0.wp.com\/www.radiopiu.net\/wordpress\/wp-content\/uploads\/2018\/09\/WhatsApp-Image-2018-09-20-at-16.04.06.jpeg?w=800&amp;ssl=1 800w, https:\/\/i0.wp.com\/www.radiopiu.net\/wordpress\/wp-content\/uploads\/2018\/09\/WhatsApp-Image-2018-09-20-at-16.04.06.jpeg?resize=300%2C38&amp;ssl=1 300w, https:\/\/i0.wp.com\/www.radiopiu.net\/wordpress\/wp-content\/uploads\/2018\/09\/WhatsApp-Image-2018-09-20-at-16.04.06.jpeg?resize=768%2C96&amp;ssl=1 768w\" alt=\"\" width=\"800\" height=\"100\" data-lazy-loaded=\"1\" \/><\/a><\/p>\n<\/div>\n<\/div>\n<\/div>\n<\/div>\n<\/div>\n<\/div>\n<\/div>\n<\/div>\n<\/div>\n<\/div>\n<\/div>\n<\/div>\n<\/div>\n<\/div>\n<\/div>\n<\/div>\n<\/div>\n<\/div>\n<\/div>\n<\/div>\n<\/div>\n<\/div>\n<\/div>\n<\/div>\n<\/div>\n<\/div>\n<\/div>\n<\/div>\n<p>&nbsp;<\/p>\n<p style=\"text-align: center;\"><strong>Gioved\u00ec 9<\/strong><\/p>\n<p>Stupenda giornata tardo-estiva. Tempo molto stabile e ben soleggiato con cielo terso al mattino e sereno o poco nuvoloso per modesti cumuli nelle le ore pi\u00f9 calde. Tipica giornata settembrina con aria limpida, ottima visibilit\u00e0 con contesto fresco di notte e assai mite di giorno; forte escursione termica giornaliera nelle valli.<br \/>\n<strong>Precipitazioni.<\/strong>\u00a0Assenti (0).<br \/>\n<strong>Temperature.<\/strong>\u00a0In generale lieve aumento, eccetto leggera flessione delle minime nelle valli in caso di cielo notturno sereno. Sono previste punte di 25\/27\u00b0C nei fondovalle prealpini e di 19\/22\u00b0C a 1000\/1200 m. Su Prealpi a 1500 m min 10\u00b0C, max 15\u00b0C; a 2000 m min 8\u00b0C, max 12\u00b0C. Su Dolomiti a 2000 m min 7\u00b0C, max 13\u00b0C; a 3000 m min 1\u00b0C, max 3\u00b0C.<br \/>\n<strong>Venti.<\/strong>\u00a0Deboli per brezze nelle valli, localmente e a tratti moderati nei settori solitamente pi\u00f9 ventilati; in quota deboli dai quadranti settentrionali con qualche rinforzo sulle cime pi\u00f9 alte, a 5-10 km\/h a 2000 m e 10-15 km\/h a 3000 m.<\/p>\n<p style=\"text-align: center;\"><strong>Venerd\u00ec 10<\/strong><\/p>\n<p>Per gran parte del giorno sole e cielo sereno o poco nuvoloso per modesti cumuli. Nella seconda parte del pomeriggio arrivo di sottili nubi alte in grado di velare il cielo, in estensione a tutta la montagna veneta nel tardo pomeriggio\/sera. Tipica giornata settembrina con contesto fresco di notte e assai mite di giorno; forte escursione termica giornaliera nelle valli.<br \/>\n<strong>Precipitazioni.<\/strong>\u00a0Assenti (0%).<br \/>\n<strong>Temperature.<\/strong>\u00a0Pressoch\u00e9 stazionarie o in leggero aumento rispetto a gioved\u00ec. Su Prealpi a 1500 m min 11\u00b0C, max 16\u00b0C; a 2000 m min 9\u00b0C, max 13\u00b0C. Su Dolomiti a 2000 m min 8\u00b0C, max 14\u00b0C; a 3000 m min 2\u00b0C, max 3\u00b0C.<br \/>\n<strong>Venti.<\/strong>\u00a0Deboli per brezze nelle valli, localmente e a tratti moderati nei settori solitamente pi\u00f9 ventilati; in quota deboli dai quadranti occidentali, con qualche rinforzo sulle cime pi\u00f9 alte, a 5-10 km\/h a 2000 m e 10-15 km\/h a 3000 m.<\/p>\n<p style=\"text-align: center;\"><strong>Sabato 11<\/strong><\/p>\n<p>Al mattino lunghi tratti soleggiati e nubi alte in un contesto ancora stabile. Al pomeriggio aumento della nuvolosit\u00e0 per moderata, localmente forte attivit\u00e0 cumuliforme, associata a qualche rovescio o occasionale temporale, ma la probabilit\u00e0 sar\u00e0 piuttosto contenuta e su molti settori i fenomeni rimarranno assenti. La neve cadr\u00e0 sulle cime dolomitiche pi\u00f9 alte. Temperature minime in aumento e massime in calo. Venti deboli di direzione variabile nelle valli, con locali rinforzi per raffiche in caso di temporali; in quota deboli e molto deboli di direzione variabile, eccetto locali e brevi rinforzi sulle cime.<\/p>\n<p style=\"text-align: center;\"><strong>Domenica 12<\/strong><\/p>\n<p>Tempo soleggiato con cielo sereno al mattino e riduzione del soleggiamento al pomeriggio per moderata attivit\u00e0 cumuliforme, localmente pi\u00f9 intensa per forte innesco convettivo inziale, in tal caso non si potr\u00e0 escludere qualche isolato fenomeno. Trattandosi di una lieve e residua instabilit\u00e0, su molti settori il tempo rimarr\u00e0 buono o discreto. Temperature minime in calo e massime in lieve ripresa. Venti a regime di brezza nelle valli; deboli da nord in quota. Previsore: R.L.Th.<\/p>\n<p>&nbsp;<\/p>\n<div class=\"mkdf-post-text\">\n<div class=\"mkdf-post-text-inner\">\n<hr \/>\n<p>&nbsp;<\/p>\n<p><img loading=\"lazy\" decoding=\"async\" class=\"wp-image-60761 size-full aligncenter\" src=\"https:\/\/www.radiopiu.net\/wordpress\/wp-content\/uploads\/2018\/09\/sport.jpg\" alt=\"\" width=\"800\" height=\"100\" srcset=\"https:\/\/www.radiopiu.net\/wordpress\/wp-content\/uploads\/2018\/09\/sport.jpg 800w, https:\/\/www.radiopiu.net\/wordpress\/wp-content\/uploads\/2018\/09\/sport-300x38.jpg 300w, https:\/\/www.radiopiu.net\/wordpress\/wp-content\/uploads\/2018\/09\/sport-768x96.jpg 768w\" sizes=\"auto, (max-width: 800px) 100vw, 800px\" \/><\/p>\n<p>&nbsp;<\/p>\n<blockquote>\n<h3>SECONDA CATEGORIA DELL&#8217;AGORDINA AL VIA IL 19 SETTEMBRE. IL CAMPIONATO TERMINERA&#8217; PRIMA DI PASQUA<\/h3>\n<\/blockquote>\n<p><strong>AGORDO<\/strong> \u00c8 stato ufficializzato il calendario della Seconda Categoria Girone T dove milita l&#8217;Agordina Calcio. Sono 14 le squadre che compongono il girone dove c&#8217;\u00e8 anche la compagine di Agordo e il campionato inizier\u00e0 il 19 settembre per terminare il 10 aprile 2022. 26 giornate in programma con alcune pause al suo interno. Le squadre si fermeranno per la prima volta in occasione del 1 novembre, una settimana di stop per la festivit\u00e0 di tutti i santi. La seconda sosta sar\u00e0 per le vacanze natalizie con l&#8217;ultima partita del girone di andata il 19 dicembre e l&#8217;inizio del ritorno con il 9 gennaio 2022. Terza e ultime sosta prevista a fine febbraio, una domenica riservata ai possibili recuperi sar\u00e0 quella del 6 marzo. Un campionato che terminer\u00e0 prima di Pasqua con playoff e playout in programma subito dopo le festivit\u00e0 pasquali.<\/p>\n<p><a href=\"https:\/\/www.radiopiu.net\/wordpress\/seconda-categori-dellagordina-al-via-il-19-settembre-il-campionato-terminera-prima-di-pasqua\/schermata-2021-09-08-alle-15-34-02\/\" rel=\"attachment wp-att-231338\"><img loading=\"lazy\" decoding=\"async\" class=\"aligncenter wp-image-231338 size-large\" src=\"https:\/\/www.radiopiu.net\/wordpress\/wp-content\/uploads\/2021\/09\/Schermata-2021-09-08-alle-15.34.02-1024x682.png\" alt=\"\" width=\"1024\" height=\"682\" srcset=\"https:\/\/www.radiopiu.net\/wordpress\/wp-content\/uploads\/2021\/09\/Schermata-2021-09-08-alle-15.34.02-1024x682.png 1024w, https:\/\/www.radiopiu.net\/wordpress\/wp-content\/uploads\/2021\/09\/Schermata-2021-09-08-alle-15.34.02-300x200.png 300w, https:\/\/www.radiopiu.net\/wordpress\/wp-content\/uploads\/2021\/09\/Schermata-2021-09-08-alle-15.34.02-768x512.png 768w, https:\/\/www.radiopiu.net\/wordpress\/wp-content\/uploads\/2021\/09\/Schermata-2021-09-08-alle-15.34.02-1536x1024.png 1536w, https:\/\/www.radiopiu.net\/wordpress\/wp-content\/uploads\/2021\/09\/Schermata-2021-09-08-alle-15.34.02-2048x1365.png 2048w\" sizes=\"auto, (max-width: 1024px) 100vw, 1024px\" \/><\/a><\/p>\n<hr \/>\n<p>&nbsp;<\/p>\n<blockquote>\n<h3>META DEL CALALZO CON IL RITIRO DELLA BENETTON RUGBY<\/h3>\n<p><a href=\"https:\/\/www.radiopiu.net\/wordpress\/giornale-radiopiu-09-settembre-2021-direttore-mirko-mezzacasa\/image2-9\/\" rel=\"attachment wp-att-231330\"><img loading=\"lazy\" decoding=\"async\" class=\" wp-image-231330 alignleft\" src=\"https:\/\/www.radiopiu.net\/wordpress\/wp-content\/uploads\/2021\/09\/image2-1-300x225.jpeg\" alt=\"\" width=\"267\" height=\"200\" srcset=\"https:\/\/www.radiopiu.net\/wordpress\/wp-content\/uploads\/2021\/09\/image2-1-300x225.jpeg 300w, https:\/\/www.radiopiu.net\/wordpress\/wp-content\/uploads\/2021\/09\/image2-1-768x576.jpeg 768w, https:\/\/www.radiopiu.net\/wordpress\/wp-content\/uploads\/2021\/09\/image2-1.jpeg 1024w\" sizes=\"auto, (max-width: 267px) 100vw, 267px\" \/><\/a><strong>CALALZO<\/strong>\u00a0 Tanta gente\u00a0 in piazza a Calalzo di Cadore per la presentazione della squadra del Benetton Rugby che rester\u00e0 in ritiro in paese fino a venerd\u00ec, quando rientrer\u00e0 a Treviso per affrontare in amichevole i britannici della Sale Sharks. \u00c8 il quarto anno consecutivo che la squadra bianco-verde sceglie Calalzo per la preparazione al campionato: quest&#8217;anno Benetton Rugby parteciper\u00e0 al nuovo torneo United Rugby Championship, che coinvolge le migliori squadre di Italia, Scozia, Galles, Irlanda e Sudafrica e che nella prima giornata &#8211; in calendario il 25 settembre &#8211; vedr\u00e0 i Leoni affrontare in casa i sudafricani Stormers.\u00a0<em> \u201c\u00c8 un orgoglio per Calalzo ospitare anche quest&#8217;anno la miglior squadra di rugby d&#8217;Italia, che solo pochi mesi fa ha vinto la Pro 14 Rainbow Cup, campionato internazionale di grandissimo prestigio. Direi che Calalzo \u00e8 un portafortuna per la Benetton Rugby, e speriamo di mantenere questa bellissima tradizione\u201d<\/em> ha detto il sindaco Luca De Carlo.<\/p>\n<p>&nbsp;<\/p><\/blockquote>\n<\/div>\n<hr \/>\n<div class=\"mkdf-post-text-inner\">\n<div dir=\"ltr\"><\/div>\n<\/div>\n<\/div>\n<\/div>\n<\/div>\n<\/div>\n<div dir=\"ltr\">\n<p>&nbsp;<\/p>\n<blockquote>\n<h3>NON E&#8217; IL TOUR DE FRANCE&#8230;. MA IL TOUR DE FRIENDS<\/h3>\n<\/blockquote>\n<p>&nbsp;<\/p>\n<p><strong>VOLTAGO<\/strong> Simpatico saluto di uno dei concorrenti del giro dell&#8217;amicizia&#8230;.con la collaborazione di Duilio Da Campo.<\/p>\n<div style=\"width: 848px;\" class=\"wp-video\"><video class=\"wp-video-shortcode\" id=\"video-231259-2\" width=\"848\" height=\"480\" preload=\"metadata\" controls=\"controls\"><source type=\"video\/mp4\" src=\"https:\/\/www.radiopiu.net\/wordpress\/wp-content\/uploads\/2021\/09\/WhatsApp-Video-2021-09-08-at-12.55.16.mp4?_=2\" \/><a href=\"https:\/\/www.radiopiu.net\/wordpress\/wp-content\/uploads\/2021\/09\/WhatsApp-Video-2021-09-08-at-12.55.16.mp4\">https:\/\/www.radiopiu.net\/wordpress\/wp-content\/uploads\/2021\/09\/WhatsApp-Video-2021-09-08-at-12.55.16.mp4<\/a><\/video><\/div>\n<p>&nbsp;<\/p>\n<\/div>\n<div class=\"page-title-head hgroup\">\n<div class=\"page-title-head hgroup\">\n<div class=\"page-title-head hgroup\">\n<div class=\"mkdf-post-text\">\n<div class=\"mkdf-post-text-inner\">\n<div dir=\"ltr\"><\/div>\n<\/div>\n<\/div>\n<\/div>\n<\/div>\n<\/div>\n<\/div>\n<\/div>\n<\/div>\n<\/div>\n<\/div>\n<\/div>\n<\/div>\n<\/div>\n<\/div>\n<\/div>\n<\/div>\n<\/div>\n<\/div>\n","protected":false},"excerpt":{"rendered":"<p>COMPRIAMO UNA MACCHINA ATTREZZATA PER RICCARDO SOSPIROLO\u00a0Radio Pi\u00f9 appoggia l\u2019iniziativa di\u00a0 Agostino Tegner il pap\u00e0 di Riccardo, poche parole le sue ma piene di significato\u00a0\u201cIo e mia moglie stiamo invecchiando e non riusciamo pi\u00f9\u00a0a trasportare come si deve il nostro ragazzo, che necessita di una macchina attrezzata con un piano ribassato con pedana\u201d. Per questo&hellip;<\/p>\n","protected":false},"author":4,"featured_media":231398,"comment_status":"closed","ping_status":"open","sticky":false,"template":"","format":"standard","meta":{"_monsterinsights_skip_tracking":false,"_monsterinsights_sitenote_active":false,"_monsterinsights_sitenote_note":"","_monsterinsights_sitenote_category":0,"footnotes":""},"categories":[1,51,86,49],"tags":[],"class_list":["post-231259","post","type-post","status-publish","format-standard","has-post-thumbnail","hentry","category-senza-categoria","category-evidenza-top","category-gr","category-news-18","category-1","category-51","category-86","category-49","description-off"],"img_url":"https:\/\/www.radiopiu.net\/wordpress\/wp-content\/uploads\/2021\/09\/th-1.jpg","_links":{"self":[{"href":"https:\/\/www.radiopiu.net\/wordpress\/wp-json\/wp\/v2\/posts\/231259","targetHints":{"allow":["GET"]}}],"collection":[{"href":"https:\/\/www.radiopiu.net\/wordpress\/wp-json\/wp\/v2\/posts"}],"about":[{"href":"https:\/\/www.radiopiu.net\/wordpress\/wp-json\/wp\/v2\/types\/post"}],"author":[{"embeddable":true,"href":"https:\/\/www.radiopiu.net\/wordpress\/wp-json\/wp\/v2\/users\/4"}],"replies":[{"embeddable":true,"href":"https:\/\/www.radiopiu.net\/wordpress\/wp-json\/wp\/v2\/comments?post=231259"}],"version-history":[{"count":0,"href":"https:\/\/www.radiopiu.net\/wordpress\/wp-json\/wp\/v2\/posts\/231259\/revisions"}],"wp:featuredmedia":[{"embeddable":true,"href":"https:\/\/www.radiopiu.net\/wordpress\/wp-json\/wp\/v2\/media\/231398"}],"wp:attachment":[{"href":"https:\/\/www.radiopiu.net\/wordpress\/wp-json\/wp\/v2\/media?parent=231259"}],"wp:term":[{"taxonomy":"category","embeddable":true,"href":"https:\/\/www.radiopiu.net\/wordpress\/wp-json\/wp\/v2\/categories?post=231259"},{"taxonomy":"post_tag","embeddable":true,"href":"https:\/\/www.radiopiu.net\/wordpress\/wp-json\/wp\/v2\/tags?post=231259"}],"curies":[{"name":"wp","href":"https:\/\/api.w.org\/{rel}","templated":true}]}}