{"id":231331,"date":"2021-09-08T23:59:12","date_gmt":"2021-09-08T21:59:12","guid":{"rendered":"https:\/\/www.radiopiu.net\/wordpress\/?p=231331"},"modified":"2021-09-09T05:55:11","modified_gmt":"2021-09-09T03:55:11","slug":"seconda-categori-dellagordina-al-via-il-19-settembre-il-campionato-terminera-prima-di-pasqua","status":"publish","type":"post","link":"https:\/\/www.radiopiu.net\/wordpress\/seconda-categori-dellagordina-al-via-il-19-settembre-il-campionato-terminera-prima-di-pasqua\/","title":{"rendered":"SECONDA CATEGORIA DELL&#8217;AGORDINA AL VIA IL 19 SETTEMBRE. IL CAMPIONATO TERMINERA&#8217; PRIMA DI PASQUA"},"content":{"rendered":"<p><strong>AGORDO<\/strong> \u00c8 stato ufficializzato il calendario della Seconda Categoria Girone T dove milita l&#8217;Agordina Calcio. Sono 14 le squadre che compongono il girone dove c&#8217;\u00e8 anche la compagine di Agordo e il campionato inizier\u00e0 il 19 settembre per terminare il 10 aprile 2022. 26 giornate in programma con alcune pause al suo interno. Le squadre si fermeranno per la prima volta in occasione del 1 novembre, una settimana di stop per la festivit\u00e0 di tutti i santi. La seconda sosta sar\u00e0 per le vacanze natalizie con l&#8217;ultima partita del girone di andata il 19 dicembre e l&#8217;inizio del ritorno con il 9 gennaio 2022. Terza e ultime sosta prevista a fine febbraio, una domenica riservata ai possibili recuperi sar\u00e0 quella del 6 marzo. Un campionato che terminer\u00e0 prima di Pasqua con playoff e playout in programma subito dopo le festivit\u00e0 pasquali.<\/p>\n<p><a href=\"https:\/\/www.radiopiu.net\/wordpress\/seconda-categori-dellagordina-al-via-il-19-settembre-il-campionato-terminera-prima-di-pasqua\/schermata-2021-09-08-alle-15-34-02\/\" rel=\"attachment wp-att-231338\"><img loading=\"lazy\" decoding=\"async\" class=\"aligncenter wp-image-231338 size-large\" src=\"https:\/\/www.radiopiu.net\/wordpress\/wp-content\/uploads\/2021\/09\/Schermata-2021-09-08-alle-15.34.02-1024x682.png\" alt=\"\" width=\"1024\" height=\"682\" srcset=\"https:\/\/www.radiopiu.net\/wordpress\/wp-content\/uploads\/2021\/09\/Schermata-2021-09-08-alle-15.34.02-1024x682.png 1024w, https:\/\/www.radiopiu.net\/wordpress\/wp-content\/uploads\/2021\/09\/Schermata-2021-09-08-alle-15.34.02-300x200.png 300w, https:\/\/www.radiopiu.net\/wordpress\/wp-content\/uploads\/2021\/09\/Schermata-2021-09-08-alle-15.34.02-768x512.png 768w, https:\/\/www.radiopiu.net\/wordpress\/wp-content\/uploads\/2021\/09\/Schermata-2021-09-08-alle-15.34.02-1536x1024.png 1536w, https:\/\/www.radiopiu.net\/wordpress\/wp-content\/uploads\/2021\/09\/Schermata-2021-09-08-alle-15.34.02-2048x1365.png 2048w\" sizes=\"auto, (max-width: 1024px) 100vw, 1024px\" \/><\/a><\/p>\n<p>&nbsp;<\/p>\n<p>&nbsp;<\/p>\n<p>&nbsp;<\/p>\n<p>*****<\/p>\n","protected":false},"excerpt":{"rendered":"<p>AGORDO \u00c8 stato ufficializzato il calendario della Seconda Categoria Girone T dove milita l&#8217;Agordina Calcio. Sono 14 le squadre che compongono il girone dove c&#8217;\u00e8 anche la compagine di Agordo e il campionato inizier\u00e0 il 19 settembre per terminare il 10 aprile 2022. 26 giornate in programma con alcune pause al suo interno. Le squadre&hellip;<\/p>\n","protected":false},"author":4,"featured_media":162226,"comment_status":"closed","ping_status":"open","sticky":false,"template":"","format":"standard","meta":{"_monsterinsights_skip_tracking":false,"_monsterinsights_sitenote_active":false,"_monsterinsights_sitenote_note":"","_monsterinsights_sitenote_category":0,"footnotes":""},"categories":[104,49,72],"tags":[],"class_list":["post-231331","post","type-post","status-publish","format-standard","has-post-thumbnail","hentry","category-evidenza_3","category-news-18","category-sport","category-104","category-49","category-72","description-off"],"img_url":"https:\/\/www.radiopiu.net\/wordpress\/wp-content\/uploads\/2020\/09\/calcio-2020.jpg","_links":{"self":[{"href":"https:\/\/www.radiopiu.net\/wordpress\/wp-json\/wp\/v2\/posts\/231331","targetHints":{"allow":["GET"]}}],"collection":[{"href":"https:\/\/www.radiopiu.net\/wordpress\/wp-json\/wp\/v2\/posts"}],"about":[{"href":"https:\/\/www.radiopiu.net\/wordpress\/wp-json\/wp\/v2\/types\/post"}],"author":[{"embeddable":true,"href":"https:\/\/www.radiopiu.net\/wordpress\/wp-json\/wp\/v2\/users\/4"}],"replies":[{"embeddable":true,"href":"https:\/\/www.radiopiu.net\/wordpress\/wp-json\/wp\/v2\/comments?post=231331"}],"version-history":[{"count":0,"href":"https:\/\/www.radiopiu.net\/wordpress\/wp-json\/wp\/v2\/posts\/231331\/revisions"}],"wp:featuredmedia":[{"embeddable":true,"href":"https:\/\/www.radiopiu.net\/wordpress\/wp-json\/wp\/v2\/media\/162226"}],"wp:attachment":[{"href":"https:\/\/www.radiopiu.net\/wordpress\/wp-json\/wp\/v2\/media?parent=231331"}],"wp:term":[{"taxonomy":"category","embeddable":true,"href":"https:\/\/www.radiopiu.net\/wordpress\/wp-json\/wp\/v2\/categories?post=231331"},{"taxonomy":"post_tag","embeddable":true,"href":"https:\/\/www.radiopiu.net\/wordpress\/wp-json\/wp\/v2\/tags?post=231331"}],"curies":[{"name":"wp","href":"https:\/\/api.w.org\/{rel}","templated":true}]}}