{"id":231348,"date":"2021-09-08T16:52:10","date_gmt":"2021-09-08T14:52:10","guid":{"rendered":"https:\/\/www.radiopiu.net\/wordpress\/?p=231348"},"modified":"2021-09-08T16:52:58","modified_gmt":"2021-09-08T14:52:58","slug":"covid-aumentano-i-ricoveri-a-belluno-in-terapia-intensiva-una-donna-in-gravidanza","status":"publish","type":"post","link":"https:\/\/www.radiopiu.net\/wordpress\/covid-aumentano-i-ricoveri-a-belluno-in-terapia-intensiva-una-donna-in-gravidanza\/","title":{"rendered":"COVID: AUMENTANO I RICOVERI A BELLUNO. IN TERAPIA INTENSIVA UNA DONNA IN GRAVIDANZA"},"content":{"rendered":"<p><strong><a href=\"https:\/\/www.radiopiu.net\/wordpress\/giornale-radiopiu-10-marzo-2020-direttore-mirko-mezzacasa\/covid-ulss\/\" rel=\"attachment wp-att-121260\"><img loading=\"lazy\" decoding=\"async\" class=\"size-medium wp-image-121260 alignleft\" src=\"https:\/\/www.radiopiu.net\/wordpress\/wp-content\/uploads\/2020\/03\/covid-ulss-300x225.jpg\" alt=\"\" width=\"300\" height=\"225\" srcset=\"https:\/\/www.radiopiu.net\/wordpress\/wp-content\/uploads\/2020\/03\/covid-ulss-300x225.jpg 300w, https:\/\/www.radiopiu.net\/wordpress\/wp-content\/uploads\/2020\/03\/covid-ulss-768x576.jpg 768w, https:\/\/www.radiopiu.net\/wordpress\/wp-content\/uploads\/2020\/03\/covid-ulss.jpg 800w\" sizes=\"auto, (max-width: 300px) 100vw, 300px\" \/><\/a>BELLUNO <\/strong>Sono attualmente ricoverati in reparti Covid dell\u2019Ospedale San Martino di Belluno 12 pazienti covid positivi. Il cinquantenne ricoverato il 10 agosto in Terapia Intensiva si \u00e8 negativizzato dopo 37 giorni di positivit\u00e0 ma, in considerazione del quadro clinico ancora severo, rimane ricoverato in rianimazione. Inoltre, nella serata di ieri \u00e8 stata trasferita in Terapia Intensiva una donna di 37 anni alla 26esima settimana di gravidanza. Entrambi i pazienti in terapia intensiva non sono vaccinati. In Pneumologia e Malattie infettive sono attualmente ricoverati 11 pazienti di cui 9 non vaccinati. Queste le et\u00e0: ricoverati in Pneumologia : 23, 52, 66, 82 anni. Ricoverati in Malattie Infettive: 48, 53, 60, 61, 90, 94, 99 anni. \u00ab<em>Stiamo giocando con il fuoco<\/em>\u00bb, commenta il Direttore Generale Maria Grazia Carraro, \u00ab<em>nelle ultime ore abbiamo registrato ricoveri di persone anche giovani, non vaccinate, con condizioni cliniche preoccupanti. Stiamo saturando i posti letto dedicati nella fase 1. Con ulteriori ricoveri dovremmo attivare altre aree covid negli ospedali rimodulando necessariamente le disponibilit\u00e0 per le attivit\u00e0 e i servizi \u201cnon covid\u201d. Questa mattina sono stata in Comelico, dove era in corso una seduta vaccinale organizzata dai Medici di Famiglia con il supporto degli immancabili Alpini. Il Comelico \u00e8 un\u2019area dove ancora una percentuale importante di popolazione non ha aderito alla campagna vaccinale. Parlando col personale presente e con i volontari, che ben conoscono il sentire delle persone del territorio, \u00e8 emerso che un\u2019importante fetta di popolazione \u00e8 indecisa o disorientata dalle fake news rimbalzate in questo periodo. Invito queste persone a guarda i numeri, al di l\u00e0 delle notizie, che fotografano la realt\u00e0. I numeri di questo territorio dicono che se non vaccinati anche persone molto giovani possono sviluppare forme gravi di infezione tali da necessitare il ricovero, fenomeno non presente lo scorso anno. Valutate questi dati e, se avete dubbi, consultate il vostro medico di famiglia. Per le donne in gravidanza stiamo strutturando un percorso per fare in modo che ogni donna possa avere risposte ai propri dubbi da un ginecologo dedicato<\/em>\u00bb, conclude il Direttore Carraro<\/p>\n\n\t\t\t<style type='text\/css'>\n\t\t\t\t#gallery-1 {\n\t\t\t\t\tmargin: auto;\n\t\t\t\t}\n\t\t\t\t#gallery-1 .gallery-item {\n\t\t\t\t\tfloat: left;\n\t\t\t\t\tmargin-top: 10px;\n\t\t\t\t\ttext-align: center;\n\t\t\t\t\twidth: 50%;\n\t\t\t\t}\n\t\t\t\t#gallery-1 img {\n\t\t\t\t\tborder: 2px solid #cfcfcf;\n\t\t\t\t}\n\t\t\t\t#gallery-1 .gallery-caption {\n\t\t\t\t\tmargin-left: 0;\n\t\t\t\t}\n\t\t\t\t\/* see gallery_shortcode() in wp-includes\/media.php *\/\n\t\t\t<\/style>\n\t\t<div id='gallery-1' class='dt-gallery-container gallery galleryid-231348 gallery-columns-2 gallery-size-medium'><dl class='gallery-item'>\n\t\t\t\t<dt class='gallery-icon landscape'>\n\t\t\t\t\t<a class=\"rollover rollover-zoom dt-pswp-item\" title=\"WhatsApp Image 2021-09-08 at 16.45.34\" data-dt-img-description=\"\" data-large_image_width=\"1600\" data-large_image_height=\"1200\"href='https:\/\/www.radiopiu.net\/wordpress\/wp-content\/uploads\/2021\/09\/WhatsApp-Image-2021-09-08-at-16.45.34.jpeg'><img loading=\"lazy\" decoding=\"async\" width=\"300\" height=\"225\" src=\"https:\/\/www.radiopiu.net\/wordpress\/wp-content\/uploads\/2021\/09\/WhatsApp-Image-2021-09-08-at-16.45.34-300x225.jpeg\" class=\"attachment-medium size-medium\" alt=\"\" srcset=\"https:\/\/www.radiopiu.net\/wordpress\/wp-content\/uploads\/2021\/09\/WhatsApp-Image-2021-09-08-at-16.45.34-300x225.jpeg 300w, https:\/\/www.radiopiu.net\/wordpress\/wp-content\/uploads\/2021\/09\/WhatsApp-Image-2021-09-08-at-16.45.34-1024x768.jpeg 1024w, https:\/\/www.radiopiu.net\/wordpress\/wp-content\/uploads\/2021\/09\/WhatsApp-Image-2021-09-08-at-16.45.34-768x576.jpeg 768w, https:\/\/www.radiopiu.net\/wordpress\/wp-content\/uploads\/2021\/09\/WhatsApp-Image-2021-09-08-at-16.45.34-1536x1152.jpeg 1536w, https:\/\/www.radiopiu.net\/wordpress\/wp-content\/uploads\/2021\/09\/WhatsApp-Image-2021-09-08-at-16.45.34.jpeg 1600w\" sizes=\"auto, (max-width: 300px) 100vw, 300px\" \/><\/a>\n\t\t\t\t<\/dt><\/dl><dl class='gallery-item'>\n\t\t\t\t<dt class='gallery-icon landscape'>\n\t\t\t\t\t<a class=\"rollover rollover-zoom dt-pswp-item\" title=\"WhatsApp Image 2021-09-08 at 16.45.57\" data-dt-img-description=\"\" data-large_image_width=\"1600\" data-large_image_height=\"1200\"href='https:\/\/www.radiopiu.net\/wordpress\/wp-content\/uploads\/2021\/09\/WhatsApp-Image-2021-09-08-at-16.45.57.jpeg'><img loading=\"lazy\" decoding=\"async\" width=\"300\" height=\"225\" src=\"https:\/\/www.radiopiu.net\/wordpress\/wp-content\/uploads\/2021\/09\/WhatsApp-Image-2021-09-08-at-16.45.57-300x225.jpeg\" class=\"attachment-medium size-medium\" alt=\"\" srcset=\"https:\/\/www.radiopiu.net\/wordpress\/wp-content\/uploads\/2021\/09\/WhatsApp-Image-2021-09-08-at-16.45.57-300x225.jpeg 300w, https:\/\/www.radiopiu.net\/wordpress\/wp-content\/uploads\/2021\/09\/WhatsApp-Image-2021-09-08-at-16.45.57-1024x768.jpeg 1024w, https:\/\/www.radiopiu.net\/wordpress\/wp-content\/uploads\/2021\/09\/WhatsApp-Image-2021-09-08-at-16.45.57-768x576.jpeg 768w, https:\/\/www.radiopiu.net\/wordpress\/wp-content\/uploads\/2021\/09\/WhatsApp-Image-2021-09-08-at-16.45.57-1536x1152.jpeg 1536w, https:\/\/www.radiopiu.net\/wordpress\/wp-content\/uploads\/2021\/09\/WhatsApp-Image-2021-09-08-at-16.45.57.jpeg 1600w\" sizes=\"auto, (max-width: 300px) 100vw, 300px\" \/><\/a>\n\t\t\t\t<\/dt><\/dl><br style=\"clear: both\" \/>\n\t\t\t<\/div>\n\n<p>&nbsp;<\/p>\n<p>&nbsp;<\/p>\n<p>&nbsp;<\/p>\n<p>*****<\/p>\n<p>&nbsp;<\/p>\n","protected":false},"excerpt":{"rendered":"<p>BELLUNO Sono attualmente ricoverati in reparti Covid dell\u2019Ospedale San Martino di Belluno 12 pazienti covid positivi. Il cinquantenne ricoverato il 10 agosto in Terapia Intensiva si \u00e8 negativizzato dopo 37 giorni di positivit\u00e0 ma, in considerazione del quadro clinico ancora severo, rimane ricoverato in rianimazione. Inoltre, nella serata di ieri \u00e8 stata trasferita in Terapia&hellip;<\/p>\n","protected":false},"author":4,"featured_media":121260,"comment_status":"closed","ping_status":"open","sticky":false,"template":"","format":"standard","meta":{"_monsterinsights_skip_tracking":false,"_monsterinsights_sitenote_active":false,"_monsterinsights_sitenote_note":"","_monsterinsights_sitenote_category":0,"footnotes":""},"categories":[51,49],"tags":[],"class_list":["post-231348","post","type-post","status-publish","format-standard","has-post-thumbnail","hentry","category-evidenza-top","category-news-18","category-51","category-49","description-off"],"img_url":"https:\/\/www.radiopiu.net\/wordpress\/wp-content\/uploads\/2020\/03\/covid-ulss.jpg","_links":{"self":[{"href":"https:\/\/www.radiopiu.net\/wordpress\/wp-json\/wp\/v2\/posts\/231348","targetHints":{"allow":["GET"]}}],"collection":[{"href":"https:\/\/www.radiopiu.net\/wordpress\/wp-json\/wp\/v2\/posts"}],"about":[{"href":"https:\/\/www.radiopiu.net\/wordpress\/wp-json\/wp\/v2\/types\/post"}],"author":[{"embeddable":true,"href":"https:\/\/www.radiopiu.net\/wordpress\/wp-json\/wp\/v2\/users\/4"}],"replies":[{"embeddable":true,"href":"https:\/\/www.radiopiu.net\/wordpress\/wp-json\/wp\/v2\/comments?post=231348"}],"version-history":[{"count":0,"href":"https:\/\/www.radiopiu.net\/wordpress\/wp-json\/wp\/v2\/posts\/231348\/revisions"}],"wp:featuredmedia":[{"embeddable":true,"href":"https:\/\/www.radiopiu.net\/wordpress\/wp-json\/wp\/v2\/media\/121260"}],"wp:attachment":[{"href":"https:\/\/www.radiopiu.net\/wordpress\/wp-json\/wp\/v2\/media?parent=231348"}],"wp:term":[{"taxonomy":"category","embeddable":true,"href":"https:\/\/www.radiopiu.net\/wordpress\/wp-json\/wp\/v2\/categories?post=231348"},{"taxonomy":"post_tag","embeddable":true,"href":"https:\/\/www.radiopiu.net\/wordpress\/wp-json\/wp\/v2\/tags?post=231348"}],"curies":[{"name":"wp","href":"https:\/\/api.w.org\/{rel}","templated":true}]}}