{"id":231498,"date":"2021-09-09T18:46:19","date_gmt":"2021-09-09T16:46:19","guid":{"rendered":"https:\/\/www.radiopiu.net\/wordpress\/?p=231498"},"modified":"2021-09-09T18:46:19","modified_gmt":"2021-09-09T16:46:19","slug":"incidente-sulla-51-di-alemagna-traffico-momentaneamente-bloccato","status":"publish","type":"post","link":"https:\/\/www.radiopiu.net\/wordpress\/incidente-sulla-51-di-alemagna-traffico-momentaneamente-bloccato\/","title":{"rendered":"INCIDENTE SULLA 51 DI ALEMAGNA. TRAFFICO MOMENTANEAMENTE BLOCCATO"},"content":{"rendered":"<p><strong>VENEZIA <\/strong>Sulla strada statale 51 \u201cDi Alemagna\u201d il traffico \u00e8 provvisoriamente bloccato a Perarolo di Cadore (BL), a causa di un incidente.\u00a0 Per cause in corso di accertamento, quattro veicoli sono entrati in collisione al km 67,500.\u00a0 \u00c8 sul posto il personale di Anas per la gestione della viabilit\u00e0 e per il ripristino della normale circolazione nel pi\u00f9 breve tempo possibile.<\/p>\n<p>&nbsp;<\/p>\n<p>&nbsp;<\/p>\n<p>&nbsp;<\/p>\n<p>****<\/p>\n<p>&nbsp;<\/p>\n","protected":false},"excerpt":{"rendered":"<p>VENEZIA Sulla strada statale 51 \u201cDi Alemagna\u201d il traffico \u00e8 provvisoriamente bloccato a Perarolo di Cadore (BL), a causa di un incidente.\u00a0 Per cause in corso di accertamento, quattro veicoli sono entrati in collisione al km 67,500.\u00a0 \u00c8 sul posto il personale di Anas per la gestione della viabilit\u00e0 e per il ripristino della normale&hellip;<\/p>\n","protected":false},"author":4,"featured_media":213422,"comment_status":"closed","ping_status":"open","sticky":false,"template":"","format":"standard","meta":{"_monsterinsights_skip_tracking":false,"_monsterinsights_sitenote_active":false,"_monsterinsights_sitenote_note":"","_monsterinsights_sitenote_category":0,"footnotes":""},"categories":[49],"tags":[],"class_list":["post-231498","post","type-post","status-publish","format-standard","has-post-thumbnail","hentry","category-news-18","category-49","description-off"],"img_url":"https:\/\/www.radiopiu.net\/wordpress\/wp-content\/uploads\/2021\/06\/anas.png","_links":{"self":[{"href":"https:\/\/www.radiopiu.net\/wordpress\/wp-json\/wp\/v2\/posts\/231498","targetHints":{"allow":["GET"]}}],"collection":[{"href":"https:\/\/www.radiopiu.net\/wordpress\/wp-json\/wp\/v2\/posts"}],"about":[{"href":"https:\/\/www.radiopiu.net\/wordpress\/wp-json\/wp\/v2\/types\/post"}],"author":[{"embeddable":true,"href":"https:\/\/www.radiopiu.net\/wordpress\/wp-json\/wp\/v2\/users\/4"}],"replies":[{"embeddable":true,"href":"https:\/\/www.radiopiu.net\/wordpress\/wp-json\/wp\/v2\/comments?post=231498"}],"version-history":[{"count":0,"href":"https:\/\/www.radiopiu.net\/wordpress\/wp-json\/wp\/v2\/posts\/231498\/revisions"}],"wp:featuredmedia":[{"embeddable":true,"href":"https:\/\/www.radiopiu.net\/wordpress\/wp-json\/wp\/v2\/media\/213422"}],"wp:attachment":[{"href":"https:\/\/www.radiopiu.net\/wordpress\/wp-json\/wp\/v2\/media?parent=231498"}],"wp:term":[{"taxonomy":"category","embeddable":true,"href":"https:\/\/www.radiopiu.net\/wordpress\/wp-json\/wp\/v2\/categories?post=231498"},{"taxonomy":"post_tag","embeddable":true,"href":"https:\/\/www.radiopiu.net\/wordpress\/wp-json\/wp\/v2\/tags?post=231498"}],"curies":[{"name":"wp","href":"https:\/\/api.w.org\/{rel}","templated":true}]}}