{"id":231509,"date":"2021-09-11T05:48:38","date_gmt":"2021-09-11T03:48:38","guid":{"rendered":"https:\/\/www.radiopiu.net\/wordpress\/?p=231509"},"modified":"2021-09-11T08:21:54","modified_gmt":"2021-09-11T06:21:54","slug":"giornale-radiopiu-11-settembre-2021-direttore-mirko-mezzacasa","status":"publish","type":"post","link":"https:\/\/www.radiopiu.net\/wordpress\/giornale-radiopiu-11-settembre-2021-direttore-mirko-mezzacasa\/","title":{"rendered":"GIORNALE RADIOPIU 11 SETTEMBRE 2021 DIRETTORE MIRKO MEZZACASA"},"content":{"rendered":"<p><strong><a href=\"https:\/\/www.radiopiu.net\/wordpress\/compriamo-una-macchina-attrezzata-per-riccardo\/1626340291137881-img-20210714-wa0025\/\" rel=\"attachment wp-att-224370\"><img loading=\"lazy\" decoding=\"async\" class=\"size-medium wp-image-224370 alignleft\" src=\"https:\/\/www.radiopiu.net\/wordpress\/wp-content\/uploads\/2021\/07\/1626340291137881-IMG-20210714-WA0025-169x300.jpg\" sizes=\"auto, (max-width: 169px) 100vw, 169px\" srcset=\"https:\/\/www.radiopiu.net\/wordpress\/wp-content\/uploads\/2021\/07\/1626340291137881-IMG-20210714-WA0025-169x300.jpg 169w, https:\/\/www.radiopiu.net\/wordpress\/wp-content\/uploads\/2021\/07\/1626340291137881-IMG-20210714-WA0025-576x1024.jpg 576w, https:\/\/www.radiopiu.net\/wordpress\/wp-content\/uploads\/2021\/07\/1626340291137881-IMG-20210714-WA0025-768x1365.jpg 768w, https:\/\/www.radiopiu.net\/wordpress\/wp-content\/uploads\/2021\/07\/1626340291137881-IMG-20210714-WA0025.jpg 800w\" alt=\"\" width=\"169\" height=\"300\" \/><\/a>SOSPIROLO<\/strong>\u00a0Radio Pi\u00f9 appoggia l\u2019iniziativa di\u00a0 Agostino Tegner il pap\u00e0 di Riccardo, poche parole le sue ma piene di significato<em>\u00a0\u201cIo e mia moglie stiamo invecchiando e non riusciamo pi\u00f9\u00a0<img loading=\"lazy\" decoding=\"async\" class=\"alignright\" src=\"https:\/\/www.radiopiu.net\/wordpress\/wp-content\/uploads\/2021\/07\/1626451699105964-locandina-riccardo.jpg\" width=\"297\" height=\"167\" \/>a trasportare come si deve il nostro ragazzo, che necessita di una macchina attrezzata con un piano ribassato con pedana\u201d.<\/em><\/p>\n<p>Per questo ha avuto inizio la raccolta fondi che si prefigge lo scopo di raccogliere 35.000 euro entro fine agosto. Ad oggi sono stati versati i primi <span style=\"color: #ff0000;\">21.950<\/span>\u00a0euro, per farlo \u00e8 semplice\u00a0<strong><a href=\"https:\/\/www.eppela.com\/it\/projects\/31001-compriamo-una-macchina-attrezzata-per-riccardo\">clicca qui\u00a0<\/a><\/strong><\/p>\n<blockquote><p><em>Riccardo \u00e8 un simpatico ragazzino di 15 anni che vive sulle montagne di Sospirolo. Sempre sorridente e circondato dall\u2019affetto dei suoi cari, Riccardo \u00e8 per\u00f2 costretto a stare sulla sedia a rotelle a causa della distrofia muscolare di Duchenne, di cui \u00e8 affetto dalla nascita.\u00a0 I genitori, dopo anni di sacrifici, hanno deciso di acquistare un\u2019auto munita di pedana per poter trasportare il figlio in modo pi\u00f9 comodo, pratico e sicuro, soprattutto adesso che sta crescendo e il peso \u2013 per i due genitori che stanno diventando anziani \u2013 si fa sempre pi\u00f9 sentire.\u00a0<\/em><\/p><\/blockquote>\n<p>&nbsp;<\/p>\n<h3><strong>NEI GIORNI SCORSI ERA PRESENTE UN IBAN SU CUI FARE LE DONAZIONI. SIAMO STATI CONTATTATI DA EPPELA, IL SITO CHE GESTISCE LA RACCOLTA FONDI, CHE GENTILMENTE HA CHIESTO DI TOGLIERLO PERCHE&#8217; IL SISTEMA NON RICEVEVA PIU&#8217; DONAZIONI VISTO CHE L&#8217;IBAN ERA PROVVISORIO. I SOLDI DONATI NON SONO ANDATI PERSI MA VERRANNO ACCREDITATI DIRETTAMENTE SUL CONTO CORRENTE DI DELLA FAMIGLIA DI RICCARDO. LA CIFRA DA AGGIUNGERE ALLE DONAZIONI ONLINE E&#8217; DI OLTRE 2000 EURO. GRAZIE PER LE DONAZIONI A QUESTA INIZIATIVA. <\/strong><\/h3>\n<h3 style=\"text-align: center;\"><span style=\"color: #ff0000;\"><strong>CHI VOLESSE FARE UNA DONAZIONE DIRETTAMENTE ALLA FAMIGLIA DI RICCARDO LO PUO&#8217; FARE SU QUESTO IBAN INTESTATO ALLA MAMMA ANA MARIA STOIAN: <\/strong><\/span><\/h3>\n<h3 style=\"text-align: center;\"><span style=\"color: #ff0000;\"><strong>IT40N0760111900000003558144<\/strong><\/span><\/h3>\n<p>&nbsp;<\/p>\n<p>&nbsp;<\/p>\n<hr \/>\n<p>&nbsp;<\/p>\n<p>&nbsp;<\/p>\n<h3><strong><a href=\"https:\/\/www.radiopiu.net\/wordpress\/legambiente-a-livinallongo-del-col-di-lana-la-bandiera-verde-al-comune-bellunese\/pieve-di-livinallongo_arabba-fodom-turismo\/\" rel=\"attachment wp-att-222884\"><img loading=\"lazy\" decoding=\"async\" class=\"wp-image-222884 alignleft\" src=\"https:\/\/www.radiopiu.net\/wordpress\/wp-content\/uploads\/2021\/07\/Pieve-di-Livinallongo_Arabba-Fodom-Turismo-300x225.jpg\" alt=\"\" width=\"149\" height=\"112\" srcset=\"https:\/\/www.radiopiu.net\/wordpress\/wp-content\/uploads\/2021\/07\/Pieve-di-Livinallongo_Arabba-Fodom-Turismo-300x225.jpg 300w, https:\/\/www.radiopiu.net\/wordpress\/wp-content\/uploads\/2021\/07\/Pieve-di-Livinallongo_Arabba-Fodom-Turismo-1024x768.jpg 1024w, https:\/\/www.radiopiu.net\/wordpress\/wp-content\/uploads\/2021\/07\/Pieve-di-Livinallongo_Arabba-Fodom-Turismo-768x576.jpg 768w, https:\/\/www.radiopiu.net\/wordpress\/wp-content\/uploads\/2021\/07\/Pieve-di-Livinallongo_Arabba-Fodom-Turismo-1536x1152.jpg 1536w, https:\/\/www.radiopiu.net\/wordpress\/wp-content\/uploads\/2021\/07\/Pieve-di-Livinallongo_Arabba-Fodom-Turismo.jpg 2016w\" sizes=\"auto, (max-width: 149px) 100vw, 149px\" \/><\/a>LIVINALLONGO<\/strong> Per lavori alla rete idrica comunale LUNEDI dalle 8 a fine lavori potrebbe mancare l&#8217;acqua\u00a0 in Localit\u00e0 Andraz.<\/h3>\n<blockquote>\n<h3><\/h3>\n<h3>senso unico eccetto nei giorni festivi e prefestivi<\/h3>\n<\/blockquote>\n<p><strong>LIVINALLONGO<\/strong> Per lavori\u00a0 di messa in sicurezza lungo un fronte della Strada regionale 48 delle Dolomiti,\u00a0 senso unico alternato regolato da un semaforo e anche periodi di chiusura del tratto per massimo venti minuti, questi ultimi dalle 7 del mattino alle 18 di pomeriggio.\u00a0 Da luned\u00ec al 5 novembre<\/p>\n<p>&nbsp;<\/p>\n<p>&nbsp;<\/p>\n<hr \/>\n<p>&nbsp;<\/p>\n<blockquote>\n<h3>11 SETTEMBRE 2001-11 SETTEMBRE 2021<\/h3>\n<h3><em>VENT&#8217;ANNI DOPO, DA ALLORA MAI PIU&#8217; COME PRIMA\u00a0<\/em><\/h3>\n<\/blockquote>\n<blockquote><p><em>11 settembre 2001, ore 8,46 del mattino. Gli uffici di Lower Manhattan sono gi\u00e0 nel pieno dell&#8217;attivit\u00e0, quando un Boeing 767 si schianta alla velocit\u00e0 di circa 750 km orari sulla Torre nord del World Trade Center. E&#8217; solo l&#8217;inizio di quella che sar\u00e0 ricordata come la giornata pi\u00f9 buia della storia degli Stati Uniti. Alla fine di quel giorno, 2974 persone avranno perso la vita per mano di 19 terroristi kamikaze. Ecco cosa accadde. (VIDEO REPUBBLICA TV, PIATTAFORMA YOUTUBE).<\/em><\/p><\/blockquote>\n<p><iframe loading=\"lazy\" title=\"Videoracconto: 11 settembre 2001, il giorno del terrore\" width=\"1200\" height=\"675\" src=\"https:\/\/www.youtube.com\/embed\/egwQcscJ5_Y?feature=oembed\" frameborder=\"0\" allow=\"accelerometer; autoplay; clipboard-write; encrypted-media; gyroscope; picture-in-picture\" allowfullscreen><\/iframe><\/p>\n<p>&nbsp;<\/p>\n<hr \/>\n<p>&nbsp;<\/p>\n<blockquote>\n<h3>MOTOCICLISTA CONTRO UN CERVO SOPRA L&#8217;ABITATO DI POCOL<\/h3>\n<\/blockquote>\n<p><strong>CORTINA<\/strong> Ieri alle 12:50, i Vigili del Fuoco sono intervenuti lungo la SR 48 subito dopo l\u2019abitato di Pocol salendo verso passo Falzarego per un incidente tra un motociclista e un cervo. Nell&#8217;impatto \u00e8 rimasto ferito il motociclista mentre l&#8217;animale \u00e8 deceduto. I pompieri arrivati da Cortina hanno collaborato con il personale sanitario del SUEM nel soccorso al motociclista straniero, che \u00e8 stato stabilizzato per essere elitrasportato in ospedale. Sul posto i Carabinieri per i rilievi del sinistro. Le operazioni di soccorso dei Vigili del Fuoco sono terminate dopo circa un\u2019ora.<\/p>\n\n\t\t\t<style type='text\/css'>\n\t\t\t\t#gallery-1 {\n\t\t\t\t\tmargin: auto;\n\t\t\t\t}\n\t\t\t\t#gallery-1 .gallery-item {\n\t\t\t\t\tfloat: left;\n\t\t\t\t\tmargin-top: 10px;\n\t\t\t\t\ttext-align: center;\n\t\t\t\t\twidth: 33%;\n\t\t\t\t}\n\t\t\t\t#gallery-1 img {\n\t\t\t\t\tborder: 2px solid #cfcfcf;\n\t\t\t\t}\n\t\t\t\t#gallery-1 .gallery-caption {\n\t\t\t\t\tmargin-left: 0;\n\t\t\t\t}\n\t\t\t\t\/* see gallery_shortcode() in wp-includes\/media.php *\/\n\t\t\t<\/style>\n\t\t<div id='gallery-1' class='dt-gallery-container gallery galleryid-231509 gallery-columns-3 gallery-size-medium'><dl class='gallery-item'>\n\t\t\t\t<dt class='gallery-icon landscape'>\n\t\t\t\t\t<a class=\"rollover rollover-zoom dt-pswp-item\" title=\"b7f3cda9-7634-445c-8265-567a353db140\" data-dt-img-description=\"\" data-large_image_width=\"960\" data-large_image_height=\"707\"href='https:\/\/www.radiopiu.net\/wordpress\/wp-content\/uploads\/2021\/09\/b7f3cda9-7634-445c-8265-567a353db140.jpg'><img loading=\"lazy\" decoding=\"async\" width=\"300\" height=\"221\" src=\"https:\/\/www.radiopiu.net\/wordpress\/wp-content\/uploads\/2021\/09\/b7f3cda9-7634-445c-8265-567a353db140-300x221.jpg\" class=\"attachment-medium size-medium\" alt=\"\" srcset=\"https:\/\/www.radiopiu.net\/wordpress\/wp-content\/uploads\/2021\/09\/b7f3cda9-7634-445c-8265-567a353db140-300x221.jpg 300w, https:\/\/www.radiopiu.net\/wordpress\/wp-content\/uploads\/2021\/09\/b7f3cda9-7634-445c-8265-567a353db140-768x566.jpg 768w, https:\/\/www.radiopiu.net\/wordpress\/wp-content\/uploads\/2021\/09\/b7f3cda9-7634-445c-8265-567a353db140.jpg 960w\" sizes=\"auto, (max-width: 300px) 100vw, 300px\" \/><\/a>\n\t\t\t\t<\/dt><\/dl><dl class='gallery-item'>\n\t\t\t\t<dt class='gallery-icon portrait'>\n\t\t\t\t\t<a class=\"rollover rollover-zoom dt-pswp-item\" title=\"f89732a5-570b-4139-8827-9a3f6e8827b7\" data-dt-img-description=\"\" data-large_image_width=\"774\" data-large_image_height=\"1043\"href='https:\/\/www.radiopiu.net\/wordpress\/wp-content\/uploads\/2021\/09\/f89732a5-570b-4139-8827-9a3f6e8827b7.jpg'><img loading=\"lazy\" decoding=\"async\" width=\"223\" height=\"300\" src=\"https:\/\/www.radiopiu.net\/wordpress\/wp-content\/uploads\/2021\/09\/f89732a5-570b-4139-8827-9a3f6e8827b7-223x300.jpg\" class=\"attachment-medium size-medium\" alt=\"\" srcset=\"https:\/\/www.radiopiu.net\/wordpress\/wp-content\/uploads\/2021\/09\/f89732a5-570b-4139-8827-9a3f6e8827b7-223x300.jpg 223w, https:\/\/www.radiopiu.net\/wordpress\/wp-content\/uploads\/2021\/09\/f89732a5-570b-4139-8827-9a3f6e8827b7-760x1024.jpg 760w, https:\/\/www.radiopiu.net\/wordpress\/wp-content\/uploads\/2021\/09\/f89732a5-570b-4139-8827-9a3f6e8827b7-768x1035.jpg 768w, https:\/\/www.radiopiu.net\/wordpress\/wp-content\/uploads\/2021\/09\/f89732a5-570b-4139-8827-9a3f6e8827b7.jpg 774w\" sizes=\"auto, (max-width: 223px) 100vw, 223px\" \/><\/a>\n\t\t\t\t<\/dt><\/dl><dl class='gallery-item'>\n\t\t\t\t<dt class='gallery-icon landscape'>\n\t\t\t\t\t<a class=\"rollover rollover-zoom dt-pswp-item\" title=\"e4f18599-1061-4cd1-8434-516def5d2749\" data-dt-img-description=\"\" data-large_image_width=\"960\" data-large_image_height=\"695\"href='https:\/\/www.radiopiu.net\/wordpress\/wp-content\/uploads\/2021\/09\/e4f18599-1061-4cd1-8434-516def5d2749.jpg'><img loading=\"lazy\" decoding=\"async\" width=\"300\" height=\"217\" src=\"https:\/\/www.radiopiu.net\/wordpress\/wp-content\/uploads\/2021\/09\/e4f18599-1061-4cd1-8434-516def5d2749-300x217.jpg\" class=\"attachment-medium size-medium\" alt=\"\" srcset=\"https:\/\/www.radiopiu.net\/wordpress\/wp-content\/uploads\/2021\/09\/e4f18599-1061-4cd1-8434-516def5d2749-300x217.jpg 300w, https:\/\/www.radiopiu.net\/wordpress\/wp-content\/uploads\/2021\/09\/e4f18599-1061-4cd1-8434-516def5d2749-768x556.jpg 768w, https:\/\/www.radiopiu.net\/wordpress\/wp-content\/uploads\/2021\/09\/e4f18599-1061-4cd1-8434-516def5d2749.jpg 960w\" sizes=\"auto, (max-width: 300px) 100vw, 300px\" \/><\/a>\n\t\t\t\t<\/dt><\/dl><br style=\"clear: both\" \/>\n\t\t\t<\/div>\n\n<p>&nbsp;<\/p>\n<hr \/>\n<p>&nbsp;<\/p>\n<blockquote>\n<h3><a href=\"https:\/\/www.radiopiu.net\/wordpress\/giornale-radiopiu-10-settembre-2021-direttore-mirko-mezzacasa\/cbe4fe34-d21b-460a-965c-344910a574d5\/\" rel=\"attachment wp-att-231514\"><img loading=\"lazy\" decoding=\"async\" class=\" wp-image-231514 alignleft\" src=\"https:\/\/www.radiopiu.net\/wordpress\/wp-content\/uploads\/2021\/09\/cbe4fe34-d21b-460a-965c-344910a574d5-300x225.jpg\" alt=\"\" width=\"263\" height=\"197\" srcset=\"https:\/\/www.radiopiu.net\/wordpress\/wp-content\/uploads\/2021\/09\/cbe4fe34-d21b-460a-965c-344910a574d5-300x225.jpg 300w, https:\/\/www.radiopiu.net\/wordpress\/wp-content\/uploads\/2021\/09\/cbe4fe34-d21b-460a-965c-344910a574d5-1024x768.jpg 1024w, https:\/\/www.radiopiu.net\/wordpress\/wp-content\/uploads\/2021\/09\/cbe4fe34-d21b-460a-965c-344910a574d5-768x576.jpg 768w, https:\/\/www.radiopiu.net\/wordpress\/wp-content\/uploads\/2021\/09\/cbe4fe34-d21b-460a-965c-344910a574d5.jpg 1280w\" sizes=\"auto, (max-width: 263px) 100vw, 263px\" \/><\/a>PIEVE DI CADORE Una ragazza di soli 19 anni, Sara Candeago morta, \u00a0tre persone ferite: un drammatico bilancio quello dell&#8217;incidente di giovedi sul ponte Cadore.\u00a0 Secondo una prima ricostruzione Sara sulla sua Clio stava procedendo in direzione Pieve di Cadore, quando\u00a0 \u00e8 stata speronata da un&#8217;autovettura guidata da un trevigiano, che stava scendendo lungo la strada a due corsie. La Clio della giovane donna \u00e8 stata colpita all&#8217;altezza della fiancata e l&#8217;urto ha innescato una terribile carambola e\u00a0 la Procura della Repubblica ha aperto un fascicolo per le ipotesi di reato di omicidio stradale e lesioni stradali. Attesa anche per gli esami alcolemici e tossicologici ai quali sono stati sottoposti. La magistratura non ha ancora concesso il nulla osta alla sepoltura di Sara Candeago.<\/h3>\n<p><a href=\"https:\/\/www.radiopiu.net\/wordpress\/giornale-radiopiu-11-settembre-2021-direttore-mirko-mezzacasa\/pp-78\/\" rel=\"attachment wp-att-231664\"><img loading=\"lazy\" decoding=\"async\" class=\"wp-image-231664 alignleft\" src=\"https:\/\/www.radiopiu.net\/wordpress\/wp-content\/uploads\/2021\/09\/pp.jpg\" alt=\"\" width=\"119\" height=\"119\" srcset=\"https:\/\/www.radiopiu.net\/wordpress\/wp-content\/uploads\/2021\/09\/pp.jpg 286w, https:\/\/www.radiopiu.net\/wordpress\/wp-content\/uploads\/2021\/09\/pp-150x150.jpg 150w\" sizes=\"auto, (max-width: 119px) 100vw, 119px\" \/><\/a><span style=\"color: #ff0000;\"><strong>DALLA REDAZIONE DI RADIOCLUB 103, BARBARA PAOLAZZI<\/strong><\/span><\/p><\/blockquote>\n<audio class=\"wp-audio-shortcode\" id=\"audio-231509-1\" preload=\"none\" style=\"width: 100%;\" controls=\"controls\"><source type=\"audio\/mpeg\" src=\"https:\/\/www.radiopiu.net\/wordpress\/wp-content\/uploads\/2021\/09\/BARBARA.mp3?_=1\" \/><a href=\"https:\/\/www.radiopiu.net\/wordpress\/wp-content\/uploads\/2021\/09\/BARBARA.mp3\">https:\/\/www.radiopiu.net\/wordpress\/wp-content\/uploads\/2021\/09\/BARBARA.mp3<\/a><\/audio>\n<h3><\/h3>\n<p>&nbsp;<\/p>\n<p>&nbsp;<\/p>\n<h3>LA FOTO, DI ANNA GRILLO, PAGINA FACEBOOK\u00a0 &#8211; SEI DI BELLUNO SE&#8230; &#8211;<\/h3>\n<blockquote>\n<div dir=\"auto\"><a href=\"https:\/\/www.radiopiu.net\/wordpress\/giornale-radiopiu-11-settembre-2021-direttore-mirko-mezzacasa\/241704347_1728009764068471_7835249151313935274_n\/\" rel=\"attachment wp-att-231673\"><img loading=\"lazy\" decoding=\"async\" class=\"size-medium wp-image-231673 alignleft\" src=\"https:\/\/www.radiopiu.net\/wordpress\/wp-content\/uploads\/2021\/09\/241704347_1728009764068471_7835249151313935274_n-300x183.jpg\" alt=\"\" width=\"300\" height=\"183\" srcset=\"https:\/\/www.radiopiu.net\/wordpress\/wp-content\/uploads\/2021\/09\/241704347_1728009764068471_7835249151313935274_n-300x183.jpg 300w, https:\/\/www.radiopiu.net\/wordpress\/wp-content\/uploads\/2021\/09\/241704347_1728009764068471_7835249151313935274_n-768x468.jpg 768w, https:\/\/www.radiopiu.net\/wordpress\/wp-content\/uploads\/2021\/09\/241704347_1728009764068471_7835249151313935274_n.jpg 843w\" sizes=\"auto, (max-width: 300px) 100vw, 300px\" \/><\/a>E&#8217; il destino dicevano.. &#8230;..E&#8217; colpa dell&#8217;asfalto&#8230; &#8230;..La fatalit\u00e0&#8230; &#8230;.La sfortuna di essere nel posto sbagliato al momento sbagliato&#8230; Un bell&#8217;esame di coscienza tutti.<\/div>\n<div dir=\"auto\">( fermi immagine catturati da video di dash cam sulle strade della provincia)<\/div>\n<div dir=\"auto\"><\/div>\n<div dir=\"auto\"><\/div>\n<div dir=\"auto\"><\/div>\n<div dir=\"auto\"><\/div>\n<div dir=\"auto\"><\/div>\n<div dir=\"auto\"><\/div>\n<\/blockquote>\n<hr \/>\n<p>&nbsp;<\/p>\n<blockquote>\n<h3><\/h3>\n<\/blockquote>\n<h3><\/h3>\n<blockquote>\n<h3>TORNANO I LADRI IN SINISTRA PIAVE<\/h3>\n<\/blockquote>\n<p><strong>QUERO VAS<\/strong> Dopo una settimana di pausa i ladri tornano in azione a Marziai. S.S. rientrato a casa ha trovato forzata la porta d&#8217;ingresso della sua casa denunciando la sparizione di 900 euro in contanti e di qualche altro oggetto<\/p>\n<p>&nbsp;<\/p>\n<blockquote>\n<h3>&#8230;E A BORGO VALBELLUNA<\/h3>\n<\/blockquote>\n<p><strong>BORGO VALBELLUNA<\/strong> Anche in questo caso propietari momentaneamente assenti di buon mattino (per portare i figli all&#8217;asilo) e ladri in casa a Marziai. Ignoti si sono introdotti nell&#8217;abitazione alla ricerca di preziosi mettendo tutto a soqquadro.<\/p>\n<p>&nbsp;<\/p>\n<p>&nbsp;<\/p>\n<hr \/>\n<p>&nbsp;<\/p>\n<blockquote>\n<h3>UN NUOVO DECESSO PER COVID IN PNEUMOLOGIA A BELLUNO<\/h3>\n<\/blockquote>\n<p><strong>BELLUNO<\/strong> Un&#8217;anziano di 82 anni \u00e8 deceduto nel reparto Pneumologia del San Martino, la vittima numero 647 da inizio epidemia.\u00a0 <span style=\"font-family: Calibri, serif;\">Sono attualmente ricoverati in reparti Covid dell\u2019Ospedale San Martino di Belluno 10 pazienti covid positivi, di cui 1 in Terapia Intensiva. <\/span><span style=\"font-family: Calibri, serif;\">In area non critica rimangono ricoverati 9 pazienti di: <\/span><span style=\"font-family: Calibri, serif;\">\u00a023,52 anni (pneumologia);\u00a0<\/span><span style=\"font-family: Calibri, serif;\">48, 53,60, 61, 90, 94, 99 anni (malattie infettive).<\/span><\/p>\n<p>&nbsp;<\/p>\n<hr \/>\n<blockquote>\n<h3><\/h3>\n<h3>ULSS1: ALTRI DUE OPERATORI SANITARI NON VACCINATI SOSPESI<\/h3>\n<\/blockquote>\n<p><strong><img loading=\"lazy\" decoding=\"async\" class=\"alignleft\" src=\"https:\/\/www.radiopiu.net\/wordpress\/wp-content\/uploads\/2021\/01\/VACCINI-ULSS-300x300.jpg\" width=\"110\" height=\"110\" \/>BELLUNO<\/strong> U<span style=\"color: #050505;\"><span style=\"font-family: Arial, serif;\">n operatore sanitario sospeso nei giorni scorsi si \u00e8 vaccinato ed \u00e8 quindi stato riammesso in servizio.\u00a0 Ieri <\/span><\/span><span style=\"color: #050505;\"><span style=\"font-family: Arial, serif;\">sono stati sospesi altri due operatori sanitari non vaccinati, in base agli atti pervenuti dall\u2019apposita Commissione del Dipartimento di Prevenzione. <\/span><\/span><span style=\"color: #050505;\"><span style=\"font-family: Arial, serif;\">La sospensione avr\u00e0 durata fino al 31 dicembre, salvo che gli operatori interessati non decidano di vaccinarsi, nel qual caso verranno riammessi in servizio. <\/span><\/span><span style=\"color: #050505;\"><span style=\"font-family: Arial, serif;\">Questi lavoratori, nell&#8217;ambito del procedimento previsto, non hanno aderito alla vaccinazione. <\/span><\/span><span style=\"color: #050505;\"><span style=\"font-family: Arial, serif;\">Sono in corso altri accertamenti e nei prossimi giorni potrebbero essere intrapresi ulteriori provvedimenti.<\/span><\/span><\/p>\n<p>&nbsp;<\/p>\n<hr \/>\n<p>&nbsp;<\/p>\n<p>&nbsp;<\/p>\n<blockquote>\n<h3>CHIUDE LA SCUOLA E LA REGIONE CHE FA?<\/h3>\n<\/blockquote>\n<div class=\"articlePlainTitle\"><strong><a href=\"https:\/\/www.radiopiu.net\/wordpress\/riaperta-martedi-la-strada-per-carfon-di-canale-dagordo\/canale-dagordo-bl\/\" rel=\"attachment wp-att-155275\"><img loading=\"lazy\" decoding=\"async\" class=\"size-medium wp-image-155275 alignleft\" src=\"https:\/\/www.radiopiu.net\/wordpress\/wp-content\/uploads\/2020\/08\/Canale-dAgordo-BL-225x300.jpg\" alt=\"\" width=\"225\" height=\"300\" srcset=\"https:\/\/www.radiopiu.net\/wordpress\/wp-content\/uploads\/2020\/08\/Canale-dAgordo-BL-225x300.jpg 225w, https:\/\/www.radiopiu.net\/wordpress\/wp-content\/uploads\/2020\/08\/Canale-dAgordo-BL-768x1024.jpg 768w, https:\/\/www.radiopiu.net\/wordpress\/wp-content\/uploads\/2020\/08\/Canale-dAgordo-BL-1152x1536.jpg 1152w, https:\/\/www.radiopiu.net\/wordpress\/wp-content\/uploads\/2020\/08\/Canale-dAgordo-BL-1536x2048.jpg 1536w, https:\/\/www.radiopiu.net\/wordpress\/wp-content\/uploads\/2020\/08\/Canale-dAgordo-BL-scaled.jpg 1920w\" sizes=\"auto, (max-width: 225px) 100vw, 225px\" \/><\/a>CANALE D&#8217;AGORDO<\/strong> Chiude la scuola primaria di Canale, il portavoce dell&#8217;opposizione in consiglio regionale Arturo Lorenzoni pontifica: <em>&#8220;un effetto della mancanza di una politica per le aree fragili in Veneto&#8221;.\u00a0<\/em>Sarebbe opportuno che l&#8217;eponenente Pd salisse nell&#8217;Agordino, parlasse con i genitori anche del perch\u00e8 i loro figli sono stati spostati in altre scuole di fatto causando la chiusura del plesso di Canale d&#8217;Agordo, chi vive sul territorio conosce un storia diversa da &#8220;politiche per aree fragili&#8221;. In ogni caso,\u00a0 l&#8217;esponente regionale chiede alla Regione di intervenire attuando politiche che favoriscano e tutelino aree fragili del territorio.\u00a0 <em>&#8220;La Regione non agisce\u00a0 &#8211; dice Lorenzoni\u00a0 &#8211;\u00a0 quanto meno per tentare di invertire il trend\u00bb.<\/em> Lorenzoni \u00e8 convinto che i cittadini si spostino verso i centri maggiori, poich\u00e9 mancano i servizi essenziali. a Canale d&#8217;Agordo in realt\u00e0 gli alunni sono stati spostati in centri minori&#8230; Ma il concetto \u00e8 comunque interessante <em>&#8220;Occorre\u00a0 &#8211; dice Lorenzoni- agire per far rimanere in montagna e nelle zone fragili, spesso aree di pregio in termini ambientali, sociale ed economici, le giovani famiglie. Nel nostro progetto per il Veneto c&#8217;\u00e8 il forte rafforzamento dei servizi nel campo della sanit\u00e0, dei trasporti, della scuola, delle telecomunicazioni. Davvero il Veneto ha potenzialit\u00e0 per essere fiorente in ogni sua parte. Purtroppo, \u00abla politica della destra di questi ultimi anni \u00e8 stata unicamente orientata a tagliare i costi, privando una larga parte della popolazione dei servizi essenziali. Chiaro che poi vengono chiusi gli ospedali e le scuole, \u00e8 un&#8217;ovvia conseguenza. In queste condizioni diventa impossibile fare impresa e vivere in una parte crescente della Regione. Non esiste che ci siano abitanti di serie A, nei centri urbani e altri di serie B, nelle aree rurali\u00bb.<\/em><\/div>\n<p>&nbsp;<\/p>\n<p>&nbsp;<\/p>\n<hr \/>\n<p>&nbsp;<\/p>\n<blockquote>\n<h3>ANCHE AGORDO AVRA&#8217; IL SUO POLO CULTURALE<\/h3>\n<\/blockquote>\n<p><strong><a href=\"https:\/\/www.radiopiu.net\/wordpress\/una-semplice\/a6f2e1ab-3eee-4bd8-94c2-1e61077f1e91\/\" rel=\"attachment wp-att-151435\"><img loading=\"lazy\" decoding=\"async\" class=\"size-medium wp-image-151435 alignleft\" src=\"https:\/\/www.radiopiu.net\/wordpress\/wp-content\/uploads\/2020\/07\/a6f2e1ab-3eee-4bd8-94c2-1e61077f1e91-300x225.jpg\" alt=\"\" width=\"300\" height=\"225\" srcset=\"https:\/\/www.radiopiu.net\/wordpress\/wp-content\/uploads\/2020\/07\/a6f2e1ab-3eee-4bd8-94c2-1e61077f1e91-300x225.jpg 300w, https:\/\/www.radiopiu.net\/wordpress\/wp-content\/uploads\/2020\/07\/a6f2e1ab-3eee-4bd8-94c2-1e61077f1e91-768x576.jpg 768w, https:\/\/www.radiopiu.net\/wordpress\/wp-content\/uploads\/2020\/07\/a6f2e1ab-3eee-4bd8-94c2-1e61077f1e91.jpg 960w\" sizes=\"auto, (max-width: 300px) 100vw, 300px\" \/><\/a>AGORDO<\/strong><\/p>\n<p>di Gianni Santomaso<\/p>\n<audio class=\"wp-audio-shortcode\" id=\"audio-231509-2\" preload=\"none\" style=\"width: 100%;\" controls=\"controls\"><source type=\"audio\/mpeg\" src=\"https:\/\/www.radiopiu.net\/wordpress\/wp-content\/uploads\/2021\/09\/GIANNI-POLO-CULTURALE-AGORDO.mp3?_=2\" \/><a href=\"https:\/\/www.radiopiu.net\/wordpress\/wp-content\/uploads\/2021\/09\/GIANNI-POLO-CULTURALE-AGORDO.mp3\">https:\/\/www.radiopiu.net\/wordpress\/wp-content\/uploads\/2021\/09\/GIANNI-POLO-CULTURALE-AGORDO.mp3<\/a><\/audio>\n<p>&nbsp;<\/p>\n<hr \/>\n<p>&nbsp;<\/p>\n<blockquote>\n<h3>TRASPORTO PUBBLICO CONDIVISO PER GLI STUDENTI<\/h3>\n<p><a href=\"https:\/\/www.radiopiu.net\/wordpress\/giornale-radiopiu-10-giugno-2021-direttore-mirko-mezzacasa\/0a98cd5e-a5e0-422e-b822-1099adf4c8a7\/\" rel=\"attachment wp-att-215093\"><img loading=\"lazy\" decoding=\"async\" class=\"wp-image-215093 alignleft\" src=\"https:\/\/www.radiopiu.net\/wordpress\/wp-content\/uploads\/2021\/06\/0a98cd5e-a5e0-422e-b822-1099adf4c8a7-225x300.jpg\" alt=\"\" width=\"121\" height=\"161\" srcset=\"https:\/\/www.radiopiu.net\/wordpress\/wp-content\/uploads\/2021\/06\/0a98cd5e-a5e0-422e-b822-1099adf4c8a7-225x300.jpg 225w, https:\/\/www.radiopiu.net\/wordpress\/wp-content\/uploads\/2021\/06\/0a98cd5e-a5e0-422e-b822-1099adf4c8a7.jpg 768w\" sizes=\"auto, (max-width: 121px) 100vw, 121px\" \/><\/a>SELVA DI CADORE-COLLE SANTA LUCIA I Comuni hanno sottoscritto un accordo di collaborazione per il trasporto degli alunni anche alla luce di una convenzione per la gestione della scuola elementare e materna di Selva di Cadore. Il Comune attualmente commissariato &#8211; ancora per poco &#8211;\u00a0 si impegna ad erogare il servizio di trasporto scolastico per gli alunni iscritti alla sua scuola dell&#8217;infanzia. Colle Santa Lucia si impegna ad erogare il servizio di trasporto scolastico per gli alunni iscritti alla scuola primaria di Santa Fosca.\u00a0 La tariffa sar\u00e0 pagata dagli utenti nel rispettivo comune di residenza.<\/p><\/blockquote>\n<p>&nbsp;<\/p>\n<p>&nbsp;<\/p>\n<p>&nbsp;<\/p>\n<hr \/>\n<p>&nbsp;<\/p>\n<blockquote>\n<h3>CONTRASTARE L&#8217;USA E GETTA SOSTENENDO IL RIUSO<\/h3>\n<p><a href=\"https:\/\/www.radiopiu.net\/wordpress\/giornale-radiopiu-11-settembre-2021-direttore-mirko-mezzacasa\/recycle-57136__340\/\" rel=\"attachment wp-att-231651\"><img loading=\"lazy\" decoding=\"async\" class=\"wp-image-231651 alignleft\" src=\"https:\/\/www.radiopiu.net\/wordpress\/wp-content\/uploads\/2021\/09\/recycle-57136__340-300x225.jpg\" alt=\"\" width=\"193\" height=\"145\" srcset=\"https:\/\/www.radiopiu.net\/wordpress\/wp-content\/uploads\/2021\/09\/recycle-57136__340-300x225.jpg 300w, https:\/\/www.radiopiu.net\/wordpress\/wp-content\/uploads\/2021\/09\/recycle-57136__340.jpg 453w\" sizes=\"auto, (max-width: 193px) 100vw, 193px\" \/><\/a><strong>SEDICO<\/strong><\/p>\n<p><strong>DAMIANO TORMEN<\/strong><\/p><\/blockquote>\n<audio class=\"wp-audio-shortcode\" id=\"audio-231509-3\" preload=\"none\" style=\"width: 100%;\" controls=\"controls\"><source type=\"audio\/mpeg\" src=\"https:\/\/www.radiopiu.net\/wordpress\/wp-content\/uploads\/2021\/09\/damiano.mp3?_=3\" \/><a href=\"https:\/\/www.radiopiu.net\/wordpress\/wp-content\/uploads\/2021\/09\/damiano.mp3\">https:\/\/www.radiopiu.net\/wordpress\/wp-content\/uploads\/2021\/09\/damiano.mp3<\/a><\/audio>\n<hr \/>\n<p>&nbsp;<\/p>\n<blockquote class=\"wp-embedded-content\" data-secret=\"jt0x5CeIpG\"><p><a href=\"https:\/\/www.radiopiu.net\/wordpress\/aggiornamentoset10\/\">CORONAVIRUS: AGGIORNAMENTO NAZIONALE 10 SETTEMBRE  2021<\/a><\/p><\/blockquote>\n<p><iframe loading=\"lazy\" class=\"wp-embedded-content\" sandbox=\"allow-scripts\" security=\"restricted\" style=\"position: absolute; clip: rect(1px, 1px, 1px, 1px);\" title=\"&#8220;CORONAVIRUS: AGGIORNAMENTO NAZIONALE 10 SETTEMBRE  2021&#8221; &#8212; Radio Pi\u00f9\" src=\"https:\/\/www.radiopiu.net\/wordpress\/aggiornamentoset10\/embed\/#?secret=jt0x5CeIpG\" data-secret=\"jt0x5CeIpG\" width=\"600\" height=\"338\" frameborder=\"0\" marginwidth=\"0\" marginheight=\"0\" scrolling=\"no\"><\/iframe><\/p>\n<p>&nbsp;<\/p>\n<blockquote class=\"wp-embedded-content\" data-secret=\"zZ3SIBdpcj\"><p><a href=\"https:\/\/www.radiopiu.net\/wordpress\/fsdfsdfsdfsfs\/\">SEI DECESSI PER COVID IN 24 ORE, 618 POSITIVI IN PIU&#8217;<\/a><\/p><\/blockquote>\n<p><iframe loading=\"lazy\" class=\"wp-embedded-content\" sandbox=\"allow-scripts\" security=\"restricted\" style=\"position: absolute; clip: rect(1px, 1px, 1px, 1px);\" title=\"&#8220;SEI DECESSI PER COVID IN 24 ORE, 618 POSITIVI IN PIU&#8217;&#8221; &#8212; Radio Pi\u00f9\" src=\"https:\/\/www.radiopiu.net\/wordpress\/fsdfsdfsdfsfs\/embed\/#?secret=zZ3SIBdpcj\" data-secret=\"zZ3SIBdpcj\" width=\"600\" height=\"338\" frameborder=\"0\" marginwidth=\"0\" marginheight=\"0\" scrolling=\"no\"><\/iframe><\/p>\n<p>&nbsp;<\/p>\n<blockquote>\n<h3>I GRAFICI DI TIZIANO DE COL<\/h3>\n<\/blockquote>\n\n\t\t\t<style type='text\/css'>\n\t\t\t\t#gallery-2 {\n\t\t\t\t\tmargin: auto;\n\t\t\t\t}\n\t\t\t\t#gallery-2 .gallery-item {\n\t\t\t\t\tfloat: left;\n\t\t\t\t\tmargin-top: 10px;\n\t\t\t\t\ttext-align: center;\n\t\t\t\t\twidth: 20%;\n\t\t\t\t}\n\t\t\t\t#gallery-2 img {\n\t\t\t\t\tborder: 2px solid #cfcfcf;\n\t\t\t\t}\n\t\t\t\t#gallery-2 .gallery-caption {\n\t\t\t\t\tmargin-left: 0;\n\t\t\t\t}\n\t\t\t\t\/* see gallery_shortcode() in wp-includes\/media.php *\/\n\t\t\t<\/style>\n\t\t<div id='gallery-2' class='dt-gallery-container gallery galleryid-231509 gallery-columns-5 gallery-size-thumbnail'><dl class='gallery-item'>\n\t\t\t\t<dt class='gallery-icon landscape'>\n\t\t\t\t\t<a class=\"rollover rollover-zoom dt-pswp-item\" title=\"cb46419b-712f-4e7c-aeb3-dc9edefc8926\" data-dt-img-description=\"\" data-large_image_width=\"589\" data-large_image_height=\"359\"href='https:\/\/www.radiopiu.net\/wordpress\/wp-content\/uploads\/2021\/09\/cb46419b-712f-4e7c-aeb3-dc9edefc8926.jpg'><img loading=\"lazy\" decoding=\"async\" width=\"150\" height=\"150\" src=\"https:\/\/www.radiopiu.net\/wordpress\/wp-content\/uploads\/2021\/09\/cb46419b-712f-4e7c-aeb3-dc9edefc8926-150x150.jpg\" class=\"attachment-thumbnail size-thumbnail\" alt=\"\" \/><\/a>\n\t\t\t\t<\/dt><\/dl><dl class='gallery-item'>\n\t\t\t\t<dt class='gallery-icon landscape'>\n\t\t\t\t\t<a class=\"rollover rollover-zoom dt-pswp-item\" title=\"c62a82c5-0c43-4f29-9bec-fc6b2fce5adb\" data-dt-img-description=\"\" data-large_image_width=\"604\" data-large_image_height=\"353\"href='https:\/\/www.radiopiu.net\/wordpress\/wp-content\/uploads\/2021\/09\/c62a82c5-0c43-4f29-9bec-fc6b2fce5adb.jpg'><img loading=\"lazy\" decoding=\"async\" width=\"150\" height=\"150\" src=\"https:\/\/www.radiopiu.net\/wordpress\/wp-content\/uploads\/2021\/09\/c62a82c5-0c43-4f29-9bec-fc6b2fce5adb-150x150.jpg\" class=\"attachment-thumbnail size-thumbnail\" alt=\"\" \/><\/a>\n\t\t\t\t<\/dt><\/dl><dl class='gallery-item'>\n\t\t\t\t<dt class='gallery-icon landscape'>\n\t\t\t\t\t<a class=\"rollover rollover-zoom dt-pswp-item\" title=\"7c2d068b-a109-428c-b62c-d860a6006cc8\" data-dt-img-description=\"\" data-large_image_width=\"606\" data-large_image_height=\"351\"href='https:\/\/www.radiopiu.net\/wordpress\/wp-content\/uploads\/2021\/09\/7c2d068b-a109-428c-b62c-d860a6006cc8.jpg'><img loading=\"lazy\" decoding=\"async\" width=\"150\" height=\"150\" src=\"https:\/\/www.radiopiu.net\/wordpress\/wp-content\/uploads\/2021\/09\/7c2d068b-a109-428c-b62c-d860a6006cc8-150x150.jpg\" class=\"attachment-thumbnail size-thumbnail\" alt=\"\" \/><\/a>\n\t\t\t\t<\/dt><\/dl><dl class='gallery-item'>\n\t\t\t\t<dt class='gallery-icon landscape'>\n\t\t\t\t\t<a class=\"rollover rollover-zoom dt-pswp-item\" title=\"6b520039-09a1-46be-9a75-679ef53036a0\" data-dt-img-description=\"\" data-large_image_width=\"612\" data-large_image_height=\"368\"href='https:\/\/www.radiopiu.net\/wordpress\/wp-content\/uploads\/2021\/09\/6b520039-09a1-46be-9a75-679ef53036a0.jpg'><img loading=\"lazy\" decoding=\"async\" width=\"150\" height=\"150\" src=\"https:\/\/www.radiopiu.net\/wordpress\/wp-content\/uploads\/2021\/09\/6b520039-09a1-46be-9a75-679ef53036a0-150x150.jpg\" class=\"attachment-thumbnail size-thumbnail\" alt=\"\" \/><\/a>\n\t\t\t\t<\/dt><\/dl><dl class='gallery-item'>\n\t\t\t\t<dt class='gallery-icon landscape'>\n\t\t\t\t\t<a class=\"rollover rollover-zoom dt-pswp-item\" title=\"e489afb6-975a-4704-a0fa-3a2e7e5abea4\" data-dt-img-description=\"\" data-large_image_width=\"612\" data-large_image_height=\"352\"href='https:\/\/www.radiopiu.net\/wordpress\/wp-content\/uploads\/2021\/09\/e489afb6-975a-4704-a0fa-3a2e7e5abea4.jpg'><img loading=\"lazy\" decoding=\"async\" width=\"150\" height=\"150\" src=\"https:\/\/www.radiopiu.net\/wordpress\/wp-content\/uploads\/2021\/09\/e489afb6-975a-4704-a0fa-3a2e7e5abea4-150x150.jpg\" class=\"attachment-thumbnail size-thumbnail\" alt=\"\" \/><\/a>\n\t\t\t\t<\/dt><\/dl><br style=\"clear: both\" \/>\n\t\t\t<\/div>\n\n<p>&nbsp;<\/p>\n<p>&nbsp;<\/p>\n<p>&nbsp;<\/p>\n<hr \/>\n<p>&nbsp;<\/p>\n<blockquote>\n<h3>IL MERCATO DEL LAVORO VENETO NEL MESE DI AGOSTO 2021<\/h3>\n<\/blockquote>\n<p><strong><a href=\"https:\/\/www.radiopiu.net\/wordpress\/giornale-radiopiu-11-settembre-2021-direttore-mirko-mezzacasa\/infografica-bussola-settembre-2021\/\" rel=\"attachment wp-att-231626\"><img loading=\"lazy\" decoding=\"async\" class=\"size-medium wp-image-231626 alignleft\" src=\"https:\/\/www.radiopiu.net\/wordpress\/wp-content\/uploads\/2021\/09\/Infografica-Bussola-settembre-2021-300x212.jpg\" alt=\"\" width=\"300\" height=\"212\" srcset=\"https:\/\/www.radiopiu.net\/wordpress\/wp-content\/uploads\/2021\/09\/Infografica-Bussola-settembre-2021-300x212.jpg 300w, https:\/\/www.radiopiu.net\/wordpress\/wp-content\/uploads\/2021\/09\/Infografica-Bussola-settembre-2021-1024x724.jpg 1024w, https:\/\/www.radiopiu.net\/wordpress\/wp-content\/uploads\/2021\/09\/Infografica-Bussola-settembre-2021-768x543.jpg 768w, https:\/\/www.radiopiu.net\/wordpress\/wp-content\/uploads\/2021\/09\/Infografica-Bussola-settembre-2021-1536x1086.jpg 1536w, https:\/\/www.radiopiu.net\/wordpress\/wp-content\/uploads\/2021\/09\/Infografica-Bussola-settembre-2021-2048x1448.jpg 2048w\" sizes=\"auto, (max-width: 300px) 100vw, 300px\" \/><\/a>VENEZIA <\/strong>Prosegue ad agosto il trend positivo dell\u2019occupazione regionale, che fa registrare volumi di assunzioni simili e addirittura superiori a quelli del 2019. Le assunzioni sono state complessivamente 34.900 rispetto alle 33.300 di due anni fa, con un incremento pari al +5% e diffuso a tutte le tipologie contrattuali: il tempo indeterminato cresce del +2%, l\u2019apprendistato del +3% e il tempo determinato del +6%. In calo le trasformazioni a tempo indeterminato, ma solo come conseguenza del minor numero di contratti a termine stipulati nel recente passato. A livello territoriale, il saldo dei primi otto mesi del 2021 \u00e8 positivo in tutte le province e la flessione della domanda di lavoro continua a ridursi ed \u00e8 ora compresa in una forbice che va dal -3% registrato a Rovigo al -27% di Venezia. Nel mezzo le altre province: -6% delle assunzioni a Vicenza, -8% a Treviso, -9% a Belluno, -10% a Padova e -16% a Verona. Nel mese di agosto le assunzioni hanno invece superato ovunque i livelli toccati nel 2019, con un valore massimo registrato proprio nella provincia lagunare (+10%) e le eccezioni di Rovigo (-1%) e Verona (-6%).<\/p>\n<p>&nbsp;<\/p>\n<p>&nbsp;<\/p>\n<hr \/>\n<p>&nbsp;<\/p>\n<blockquote>\n<h3>CERTEZZE PER AVVIARE AL MEGLIO LA PROSSIMA STAGIONE INVERNALE<br \/>\nApprovato l&#8217;ordine del giorno del Deputato Roger De Menech<\/h3>\n<p><strong><a href=\"https:\/\/www.radiopiu.net\/wordpress\/sabato-7-dicembre-comprensorio-del-civetta-interamente-aperto\/skicivetta-1-2\/\" rel=\"attachment wp-att-108969\"><img loading=\"lazy\" decoding=\"async\" class=\"wp-image-108969 alignleft\" src=\"https:\/\/www.radiopiu.net\/wordpress\/wp-content\/uploads\/2019\/12\/SKICIVETTA-1-1-300x200.jpg\" alt=\"\" width=\"210\" height=\"140\" srcset=\"https:\/\/www.radiopiu.net\/wordpress\/wp-content\/uploads\/2019\/12\/SKICIVETTA-1-1-300x200.jpg 300w, https:\/\/www.radiopiu.net\/wordpress\/wp-content\/uploads\/2019\/12\/SKICIVETTA-1-1-1024x681.jpg 1024w, https:\/\/www.radiopiu.net\/wordpress\/wp-content\/uploads\/2019\/12\/SKICIVETTA-1-1-768x511.jpg 768w, https:\/\/www.radiopiu.net\/wordpress\/wp-content\/uploads\/2019\/12\/SKICIVETTA-1-1-1536x1022.jpg 1536w, https:\/\/www.radiopiu.net\/wordpress\/wp-content\/uploads\/2019\/12\/SKICIVETTA-1-1.jpg 1772w\" sizes=\"auto, (max-width: 210px) 100vw, 210px\" \/><\/a>ROMA<\/strong> La Camera dei Deputati ha approvato un\u00a0ordine del\u00a0giorno\u00a0al decreto Green pass 1 che impegna il governo a introdurre il green pass per l&#8217;accesso agli impian<span style=\"color: #000000;\"><span style=\"font-family: Calibri, serif;\"><span lang=\"it-IT\">ti sciistici.\u00a0 C<\/span><\/span><\/span><span lang=\"it-IT\">on l&#8217;ordine del giorno il governo viene impegnato a valutare la possibilit\u00e0 di estendere, nel prossimo provvedimento utile, il requisito del possesso di una delle certificazioni verdi COVID-19 anche all&#8217;accesso agli impianti di risalita all&#8217;interno di comprensori sciistici al fine di elevare almeno all&#8217;80 per cento le percentuali massime di riempimento stabilite per seggiovie, cabinovie e funivie, senza limitazioni alla vendita dei titoli di viaggio. <\/span><span lang=\"it-IT\">Per quanto riguarda il mondo degli sport invernali, il governo si impegna a fornire certezza, in vista dell&#8217;inizio della stagione invernale, ad un settore particolarmente colpito dalle conseguenze economiche della pandemia, riguardo alle modalit\u00e0 di ripresa dell&#8217;attivit\u00e0 sciistica, consentendo agli operatori un&#8217;adeguata programmazione delle proprie attivit\u00e0. <\/span><em>\u201c<span lang=\"it-IT\">L\u2019approvazione dell&#8217;ordine del giorno <\/span><span lang=\"it-IT\">e la presentazione dell&#8217;emendamento &#8211; afferma la segretaria provinciale del partito democratico Monica Lotto &#8211; sono<\/span> <span lang=\"it-IT\">le prime azioni <\/span><span lang=\"it-IT\">per dare risposte concrete alle istanze che il mondo invernale e dello sci <\/span><span lang=\"it-IT\">c<\/span><span lang=\"it-IT\">i ha posto durante l\u2019agor\u00e0 della montagna s<\/span><span lang=\"it-IT\">v<\/span><span lang=\"it-IT\">oltasi a Belluno lo scorso 22 Agosto\u201d\u00a0<\/span><\/em><\/p><\/blockquote>\n<p>&nbsp;<\/p>\n<hr \/>\n<p>&nbsp;<\/p>\n<blockquote>\n<h3>LA RIFLESSIONE<\/h3>\n<\/blockquote>\n<p><strong><a href=\"https:\/\/www.radiopiu.net\/wordpress\/acc-consegna-i-compressori-gesto-simbolico-dai-grandi-significati\/download-1114\/\" rel=\"attachment wp-att-197665\"><img loading=\"lazy\" decoding=\"async\" class=\"size-full wp-image-197665 alignleft\" src=\"https:\/\/www.radiopiu.net\/wordpress\/wp-content\/uploads\/2021\/03\/download-2.jpg\" alt=\"\" width=\"300\" height=\"168\" \/><\/a>di Stefano Bona, Fiom Cgil<\/strong><\/p>\n<p>In vista del tavolo ministeriale su Acc prima previsto per ieri poi rimandato a luned\u00ec nel quale il futuro dello stabilimento di Borgo Valbelluna e delle sue 315 maestranze sar\u00e0 presumibilmente sancito in modo definitivo. Giova ricordare che Acc \u00e8 l&#8217;unico e l&#8217;ultimo stabilimento Italiano a produrre compressori per frigoriferi ad uso domestico, e, pur in un anno disgraziatissimo come il 2021, produce 1.350.000 pezzi (con una capacit\u00e0 a 3.000.000). La difesa di Acc dunque non significa soltanto la difesa di uno storico patrimonio industriale e sociale, significa sopra ogni cosa il presidio strategico di una produzione che il processo di ristrutturazione di tutte le filiere globalizzate in corso a valle della pandemia ha reso essenziale per il comparto del freddo, ancora molto significativo, per fatturato ed occupazione, in Italia ed in Europa occidentale.<\/p>\n<p>&nbsp;<\/p>\n<p>&nbsp;<\/p>\n<hr \/>\n<blockquote>\n<h3>VENETO DA ZONA BIANCA, LO ASSICURA ZAIA DALLA CONFERENZA STAMPA DI VENEZIA<\/h3>\n<\/blockquote>\n<blockquote>\n<h2>LEGGI LA CONFERENZA STAMPA DI LUCA ZAIA<\/h2>\n<p><em>&#8220;L&#8217;80% di chi viene ricoverato non \u00e8 vaccinato. Ho l&#8217;obbligo di dirlo&#8221;.<\/em><\/p><\/blockquote>\n<p>La nostra preoccupazione sono gli anziani in ottica terza dose, noi abbiamo 160mila fragili, vaccini ne abbiano, va chiarito il tema dell&#8217;eterologa cio\u00e8 se si puo&#8217; cambiare vaccino per la terza dose e se ci potranno essere maglie piu&#8217; larghe per i grandi anziani, come in passato per un gran cambio di passo. Siamo pronti con un milioni di dosi in casa a fine settembre. Ci serviranno tutti, faccio appello a tutti i cittadini che ancora devono vaccinarsi di farlo in questi giorni per non ritrovarsi poi in coda con il via alla terza dose. <strong>VENETO DA ZONA BIANCA\u00a0 Rt 0.91 INCIDENZA<\/strong> 1,42 sono valori da zona bianca, occupazione in area medica 3% (sotto la soglia) e terapia intensiva 5% valore che non fa comunque disperare. MINACCE NO VAX C&#8217;\u00e8 un brutto clima, covid ci lascer\u00e0 uno strascico di una societ\u00e0 spaccata a met\u00e0. Come accadde dopo la Seconda Guerra Mondiale. Il clima \u00e8 stato alimentato da fake news, da gente fuori di testa, soprattutto nei social.\u00a0 Spesso queste situazioni sono state sottovalutate, io dico che non ci sia un amministratore che non abbia ricevuto minacce. Si \u00e8 creato un substrato, almeno ideologico, e non pu\u00f2 essere liquidato sempre come critica politica. Gran parte di queste segnalazioni non possono essere derubricate, ma se \u00e8 la legge a derubricarle la legge allora va rivista. Sono 20 mesi che queste farneticazioni vanno avanti. <strong>NON SOTTOVALUTARE LE MINACCE NON E&#8217; CRITICA POLITICA<\/strong>\u00a0\u00a0 Il messaggio inviato al Governatore <em>&#8220;Il traditore Luca Zaia e sua moglie sapevano del colpo di stato pandemico ad ottobre 2019. Amici veneti stiamo raccogliendo le prove per alto tradimento,\u00a0 le date del lockdown sono state decise e pianificate a tavolino&#8221;<\/em>. Noi veniamo accusati di aver ammazzato le persone in terapia intensiva, che c&#8217;\u00e8 un disegno superiore che si devono fare tanti malati covid perch\u00e9 c&#8217;\u00e8 un giro di soldi, che i tamponi servono per inserire microchip, che i vaccini servono a portare soldi alle case farmaceutiche: questo viene scritto, e derubricato come critica politica.<\/p>\n<blockquote><p><em>In politica, c&#8217;\u00e8 chi parla e poi si scusa della serie prima de parlar tasi.<\/em><\/p><\/blockquote>\n<p><strong>UNO MI HA SCRITTO TI SPARO IN BOCCA<\/strong>\u00a0 \u00e8 stato identificato, \u00e8 un militare con famiglia, gli ho chiesto di fare volontariato, non volendolo rovinare. <strong>LA LEGA NAZIONALE E&#8217; POCO PRUDENTE<\/strong> Io penso che chiunque puo&#8217; esprimere la sua idea, si \u00e8 lasciato un terreno vergine per i negazionisti con i flussi dei social priva di qualsiasi informazione istituzionale. Se tardiamo ad intervenire la cosa si fa grave. Chi non si vaccina spesso ha solo paura e si informa sui social.<\/p>\n<blockquote>\n<h3><em>Ospite l&#8217;ingegner Fattori &#8220;vaccini e terza dose&#8221;<\/em><\/h3>\n<\/blockquote>\n<p><a href=\"https:\/\/www.facebook.com\/zaiaufficiale\/videos\/952746858616500\">https:\/\/www.facebook.com\/zaiaufficiale\/videos\/952746858616500<\/a><\/p>\n<p>&nbsp;<\/p>\n<p><strong>LE TABELLE RIASSUNTIVE SULLE VACCINAZIONI IN VENETO<\/strong><\/p>\n<a href=\"https:\/\/www.radiopiu.net\/wordpress\/wp-content\/uploads\/2021\/09\/Tabelle-riassuntive.pdf\" class=\"pdfemb-viewer\" style=\"\" data-width=\"max\" data-height=\"max\" data-toolbar=\"top\" data-toolbar-fixed=\"on\">Tabelle riassuntive<\/a>\n<p>&nbsp;<\/p>\n<hr \/>\n<p>&nbsp;<\/p>\n<p>&nbsp;<\/p>\n<blockquote>\n<h3><span style=\"color: #c9211e;\"><span style=\"font-family: Liberation Serif, serif;\"><span style=\"font-size: medium;\"><b>CAMPAGNA VACCINALE\u00a0<\/b><\/span><\/span><\/span><\/h3>\n<\/blockquote>\n<p align=\"LEFT\"><span style=\"color: #000000;\"><span style=\"font-family: Arial, serif;\"><span style=\"font-size: medium;\">Nei prossimi giorni sono in programma le seguenti sedute vaccinali ad ACCESSO LIBERO:<\/span><\/span><\/span><\/p>\n<table border=\"1\" width=\"506\" frame=\"HSIDES\" rules=\"ROWS\" cellspacing=\"0\" cellpadding=\"2\">\n<tbody>\n<tr>\n<td rowspan=\"5\" bgcolor=\"#d0e0e3\" width=\"213\">\n<p align=\"CENTER\"><span style=\"font-size: medium;\">venerd\u00ec 10 settembre 2021<\/span><\/p>\n<\/td>\n<td width=\"146\">\n<p align=\"LEFT\"><span style=\"font-family: Arial, serif;\"><span style=\"font-size: small;\"><b>ALLEGHE<\/b><\/span><\/span> <span style=\"font-family: Arial, serif;\"><span style=\"font-size: small;\">sala Franceschini dello Stadio del Ghiaccio di Alleghe<\/span><\/span><\/p>\n<\/td>\n<td width=\"135\">\n<p align=\"CENTER\">14:30-18:00<\/p>\n<\/td>\n<\/tr>\n<tr>\n<td width=\"146\">\n<p align=\"LEFT\"><span style=\"font-family: Arial, serif;\"><span style=\"font-size: small;\"><b>SEDICO<\/b><\/span><\/span> <span style=\"font-family: Arial, serif;\"><span style=\"font-size: small;\">&#8211; Centro vaccinale palaskating<\/span><\/span><\/p>\n<\/td>\n<td width=\"135\">\n<p align=\"CENTER\"><span style=\"font-size: small;\">12.30\/20.00<\/span><\/p>\n<\/td>\n<\/tr>\n<tr>\n<td bgcolor=\"#ffffff\" width=\"146\">\n<p align=\"LEFT\"><span style=\"font-size: small;\">DRIVE-IN FELTRE<\/span><\/p>\n<\/td>\n<td width=\"135\">\n<p align=\"CENTER\"><span style=\"font-size: small;\">10:00\/13:00<\/span><\/p>\n<\/td>\n<\/tr>\n<tr>\n<td bgcolor=\"#ffffff\" width=\"146\">\n<p align=\"LEFT\"><span style=\"font-size: small;\">DRIVE-IN TAI<\/span><\/p>\n<\/td>\n<td width=\"135\">\n<p align=\"CENTER\"><span style=\"font-size: small;\">15:00\/18:00<\/span><\/p>\n<\/td>\n<\/tr>\n<tr>\n<td bgcolor=\"#ffffff\" width=\"146\">\n<p align=\"LEFT\"><span style=\"font-size: small;\">DRIVE-IN AGORDO<\/span><\/p>\n<\/td>\n<td width=\"135\">\n<p align=\"CENTER\">10:00\/15:00<\/p>\n<\/td>\n<\/tr>\n<tr>\n<td width=\"213\"><\/td>\n<td width=\"146\"><\/td>\n<td width=\"135\"><\/td>\n<\/tr>\n<tr>\n<td rowspan=\"2\" bgcolor=\"#d0e0e3\" width=\"213\">\n<p align=\"CENTER\"><span style=\"font-size: medium;\">sabato 11 settembre 2021<\/span><\/p>\n<\/td>\n<td width=\"146\">\n<p align=\"LEFT\"><span style=\"font-family: Arial, serif;\"><span style=\"font-size: small;\"><b>SEDICO<\/b><\/span><\/span> <span style=\"font-family: Arial, serif;\"><span style=\"font-size: small;\">&#8211; Centro vaccinale palaskating<\/span><\/span><\/p>\n<\/td>\n<td width=\"135\">\n<p align=\"CENTER\"><span style=\"font-size: small;\">12.30\/20.00<\/span><\/p>\n<\/td>\n<\/tr>\n<tr>\n<td bgcolor=\"#ffffff\" width=\"146\">\n<p align=\"LEFT\"><span style=\"font-size: small;\">DRIVE-IN FELTRE<\/span><\/p>\n<\/td>\n<td width=\"135\">\n<p align=\"CENTER\"><span style=\"font-size: small;\">10:00\/13:00<\/span><\/p>\n<\/td>\n<\/tr>\n<tr>\n<td width=\"213\"><\/td>\n<td width=\"146\"><\/td>\n<td width=\"135\"><\/td>\n<\/tr>\n<tr>\n<td rowspan=\"2\" bgcolor=\"#d0e0e3\" width=\"213\">\n<p align=\"CENTER\"><span style=\"font-size: medium;\">domenica 12 settembre 2021<\/span><\/p>\n<\/td>\n<td width=\"146\">\n<p align=\"LEFT\"><span style=\"font-family: Arial, serif;\"><span style=\"font-size: small;\"><b>SEDICO<\/b><\/span><\/span> <span style=\"font-family: Arial, serif;\"><span style=\"font-size: small;\">&#8211; Centro vaccinale palaskating<\/span><\/span><\/p>\n<\/td>\n<td width=\"135\">\n<p align=\"CENTER\"><span style=\"font-size: small;\">12.30\/20.00<\/span><\/p>\n<\/td>\n<\/tr>\n<tr>\n<td bgcolor=\"#ffffff\" width=\"146\">\n<p align=\"LEFT\"><span style=\"font-size: small;\">DRIVE-IN PALUDI<\/span><\/p>\n<\/td>\n<td width=\"135\">\n<p align=\"CENTER\">9:30\/13:00<\/p>\n<\/td>\n<\/tr>\n<\/tbody>\n<\/table>\n<p>&nbsp;<\/p>\n<p>&nbsp;<\/p>\n<hr \/>\n<p>&nbsp;<\/p>\n<blockquote>\n<h3>ULSS 1 DOLOMITI E ABM. INSIEME PER POTENZIARE IL PERSONALE SANITARIO IN PROVINCIA DI BELLUNO<\/h3>\n<\/blockquote>\n<p><strong><a href=\"https:\/\/www.radiopiu.net\/wordpress\/giornale-radiopiu-11-settembre-2021-direttore-mirko-mezzacasa\/crepaz_carraro_de_bona\/\" rel=\"attachment wp-att-231624\"><img loading=\"lazy\" decoding=\"async\" class=\"size-medium wp-image-231624 alignleft\" src=\"https:\/\/www.radiopiu.net\/wordpress\/wp-content\/uploads\/2021\/09\/crepaz_carraro_de_bona-300x225.jpeg\" alt=\"\" width=\"300\" height=\"225\" srcset=\"https:\/\/www.radiopiu.net\/wordpress\/wp-content\/uploads\/2021\/09\/crepaz_carraro_de_bona-300x225.jpeg 300w, https:\/\/www.radiopiu.net\/wordpress\/wp-content\/uploads\/2021\/09\/crepaz_carraro_de_bona-1024x768.jpeg 1024w, https:\/\/www.radiopiu.net\/wordpress\/wp-content\/uploads\/2021\/09\/crepaz_carraro_de_bona-768x576.jpeg 768w, https:\/\/www.radiopiu.net\/wordpress\/wp-content\/uploads\/2021\/09\/crepaz_carraro_de_bona-1536x1152.jpeg 1536w, https:\/\/www.radiopiu.net\/wordpress\/wp-content\/uploads\/2021\/09\/crepaz_carraro_de_bona.jpeg 1600w\" sizes=\"auto, (max-width: 300px) 100vw, 300px\" \/><\/a>BELLUNO <\/strong>L\u2019Associazione Bellunesi nel Mondo in \u201csoccorso\u201d dell\u2019Ulss 1 Dolomiti. Questa mattina il presidente Abm Oscar De Bona, con il direttore Marco Crepaz, ha incontrato la direttrice generale Maria Grazia Carraro per siglare una collaborazione, che ha l\u2019obiettivo di potenziare il personale sanitario in provincia di Belluno. \u00c8 sotto gli occhi di tutti la situazione drammatica che sta vivendo la sanit\u00e0 nazionale e, nel nostro caso provinciale, a causa della carenza di medici, infermieri, tecnici e oss. Un problema che si sta protraendo da anni e che si \u00e8 acuito a causa della pandemia da Covid-19. L\u2019Associazione Bellunesi nel Mondo pu\u00f2 infatti mettere a disposizione molteplici strumenti mirati a questa ricerca professionale. Dal socialnetwork Bellunoradici.net &#8211; che attualmente conta oltre 1000 iscritti e che presto sar\u00e0 potenziato grazie al Fondo Welfare Dolomiti &#8211; alle storiche Famiglie Bellunesi &#8211; un\u2019ottantina presenti in tutto il mondo. Nei prossimi giorni si partir\u00e0 a livello operativo, con una serie di incontri tra il personale Abm e quello dell\u2019Ulss per realizzare un primo questionario mirato, che sar\u00e0 inviato ai profili di interesse per questa importante &#8211;\u00a0 e necessaria &#8211;\u00a0 richiesta.<\/p>\n<p>&nbsp;<\/p>\n<p>&nbsp;<\/p>\n<hr \/>\n<p>&nbsp;<\/p>\n<blockquote>\n<h3>NUOVO ORARIO INVERNALE DEL TRASPORTO PUBBLICO IN VIGORE DAL 13 SETTEMBRE<\/h3>\n<\/blockquote>\n<p><strong><a href=\"https:\/\/www.radiopiu.net\/wordpress\/cade-con-la-mountain-bike-e-si-ferisce-al-collo\/80c303ed-9a2e-49f0-8b20-3dd5e061bbf3\/\" rel=\"attachment wp-att-145520\"><img loading=\"lazy\" decoding=\"async\" class=\" wp-image-145520 alignleft\" src=\"https:\/\/www.radiopiu.net\/wordpress\/wp-content\/uploads\/2020\/06\/80c303ed-9a2e-49f0-8b20-3dd5e061bbf3-300x225.jpg\" alt=\"\" width=\"231\" height=\"173\" srcset=\"https:\/\/www.radiopiu.net\/wordpress\/wp-content\/uploads\/2020\/06\/80c303ed-9a2e-49f0-8b20-3dd5e061bbf3-300x225.jpg 300w, https:\/\/www.radiopiu.net\/wordpress\/wp-content\/uploads\/2020\/06\/80c303ed-9a2e-49f0-8b20-3dd5e061bbf3-1024x768.jpg 1024w, https:\/\/www.radiopiu.net\/wordpress\/wp-content\/uploads\/2020\/06\/80c303ed-9a2e-49f0-8b20-3dd5e061bbf3-768x576.jpg 768w, https:\/\/www.radiopiu.net\/wordpress\/wp-content\/uploads\/2020\/06\/80c303ed-9a2e-49f0-8b20-3dd5e061bbf3.jpg 1280w\" sizes=\"auto, (max-width: 231px) 100vw, 231px\" \/><\/a>BELLUNO\u00a0 <\/strong><span class=\"s1\">La Provincia di Belluno ha approvato i nuovi piani invernali del trasporto pubblico locale, sia per il servizio extraurbano, sia per l\u2019urbano di Belluno, Auronzo e Pieve di Cadore. Il nuovo quadro orario sar\u00e0 in vigore da luned\u00ec prossimo, 13 settembre (primo giorno di scuola), fino all\u20198 giugno 2022, e prevede alcuni aggiustamenti nelle corse, per far fronte alle restrizioni anti-Covid.Per quest\u2019anno, il servizio extraurbano effettuato da Dolomitibus sar\u00e0 di circa 5,8 milioni di chilometri (con il superamento del livello dei servizi minimi assegnati dalla Regione di 46mila chilometri). Per quanto riguarda gli orari nel dettaglio, i quadri sono pubblicati sul sito istituzionale di Dolomitibus.<\/span><\/p>\n<p><strong>L&#8217;ASSESSORE PROVINCIALE DARIO SCOPEL<\/strong><\/p>\n<audio class=\"wp-audio-shortcode\" id=\"audio-231509-4\" preload=\"none\" style=\"width: 100%;\" controls=\"controls\"><source type=\"audio\/mpeg\" src=\"https:\/\/www.radiopiu.net\/wordpress\/wp-content\/uploads\/2021\/09\/scopel.mp3?_=4\" \/><a href=\"https:\/\/www.radiopiu.net\/wordpress\/wp-content\/uploads\/2021\/09\/scopel.mp3\">https:\/\/www.radiopiu.net\/wordpress\/wp-content\/uploads\/2021\/09\/scopel.mp3<\/a><\/audio>\n<p>&nbsp;<\/p>\n<hr \/>\n<p>&nbsp;<\/p>\n<blockquote>\n<h3>LA FAMIGLIA DE POLI CONSEGNA ALLA MEMORIA I DIARI DEL PADRE POMPEO<\/h3>\n<\/blockquote>\n<p><strong>BELLUNO<\/strong> Una giornata importante per l\u2019Isbrec, Istituto storico bellunese della Resistenza e dell\u2019et\u00e0 contemporanea. Importantissima per la cultura bellunese. La famiglia De Poli ha consegnato all\u2019archivio dell\u2019Istituto i diari di guerra di Pompeo, alpino nelle campagne di Grecia e Albania. Diari da cui \u00e8 stato ricavato il libro (a cura di Diego Cason) \u201cUn alpino in Grecia, Albania e Montenegro\u201d. Il consigliere provinciale delegato alla cultura, Simone Deola: <em>\u00ab\u00c8 un momento importante, perch\u00e9 si dona la memoria di una generazione intera a un archivio che \u00e8 a disposizione dell\u2019intera collettivit\u00e0. Oggi, conoscere queste storie di uomini \u00e8 fondamentale per capire la storia, perch\u00e9 le dinamiche storiche si ripetono. Ringrazio l\u2019Isbrec perch\u00e9 fa un lavoro importante di conoscenza e trasmissione della storia del nostro territorio\u00bb. <\/em>Diego Cason (autore del libro e studioso dell\u2019Isbrec): <em>\u00abLa condivisione dei ricordi forma la grande storia. C\u2019\u00e8 moltissimo materiale, che spesso viene dimenticato e mandato al macero, perch\u00e9 ritenuta poco importante. Invece, \u00e8 fondamentale. Chi ha testimonianze, materiale, foto, sappia che all\u2019Isbrec c\u2019\u00e8 chi lo cataloga per tramandare la storia. In questo sono importanti le storie individuali. Pompeo racconta la sua storia, dentro la quale ci sono le storie di un\u2019epoca e di una generazione. Grazie davvero ai familiari di Pompeo, che ci hanno permesso di pubblicare questo diario\u00bb.<\/em><\/p>\n<p>&nbsp;<\/p>\n<p><strong>NEL VIDEO FRANCO DE POLI, FIGLIO DI POMPEO<\/strong><\/p>\n<div style=\"width: 848px;\" class=\"wp-video\"><video class=\"wp-video-shortcode\" id=\"video-231509-1\" width=\"848\" height=\"480\" preload=\"metadata\" controls=\"controls\"><source type=\"video\/mp4\" src=\"https:\/\/www.radiopiu.net\/wordpress\/wp-content\/uploads\/2021\/09\/WhatsApp-Video-2021-09-10-at-13.18.52.mp4?_=1\" \/><a href=\"https:\/\/www.radiopiu.net\/wordpress\/wp-content\/uploads\/2021\/09\/WhatsApp-Video-2021-09-10-at-13.18.52.mp4\">https:\/\/www.radiopiu.net\/wordpress\/wp-content\/uploads\/2021\/09\/WhatsApp-Video-2021-09-10-at-13.18.52.mp4<\/a><\/video><\/div>\n<p>&nbsp;<\/p>\n<hr \/>\n<p>&nbsp;<\/p>\n<blockquote>\n<h3><strong>AVVIO NUOVO ANNO SCOLASTICO. POSITIVA SITUAZIONE DEGLI ORGANICI.\u00a0<\/strong><\/h3>\n<\/blockquote>\n<p><strong>VENEZIA <\/strong><em>\u201cUn anno scolastico che parte molto bene per quanto riguarda la copertura dei posti, sia di ruolo che degli incarichi annuali, in particolare per il sostegno. Finalmente abbiamo un Ministro rispettoso dei bimbi pi\u00f9 fragili che ha dato una indicazione chiara a che si fosse in classe dal primo giorno di scuola. Restano le questioni delicatissime delle vaccinazioni e delle prescrizioni da rispettare per le quali faccio appello alla massima serenit\u00e0 possibile, alla trasparenza e alle corrette informazioni e al buonsenso\u201d. <\/em>Cos\u00ec l\u2019Assessore regionale all\u2019istruzione commenta i dati presentati\u00a0 dall\u2019Ufficio Scolastico Regionale che delineano l\u2019avvio del nuovo anno scolastico da luned\u00ec prossimo in Veneto.<\/p>\n<p>&nbsp;<\/p>\n<p>&nbsp;<\/p>\n<hr \/>\n<p>&nbsp;<\/p>\n<blockquote>\n<h3>MALATTIA COVID: DE CARLI DELLA CGIL CHIEDE ALLE AZIENDE DI ATTENDERE DELUCIDAZIONI SULLA QUARANTENA<\/h3>\n<\/blockquote>\n<p><strong><a href=\"https:\/\/www.radiopiu.net\/wordpress\/cgil-belluno-i-dati-sono-essenziali-case-di-riposo\/mauro_de_carli_cgil\/\" rel=\"attachment wp-att-130310\"><img loading=\"lazy\" decoding=\"async\" class=\"size-medium wp-image-130310 alignleft\" src=\"https:\/\/www.radiopiu.net\/wordpress\/wp-content\/uploads\/2020\/04\/Mauro_De_Carli_CGIL-e1606926296575-300x200.jpg\" alt=\"\" width=\"300\" height=\"200\" srcset=\"https:\/\/www.radiopiu.net\/wordpress\/wp-content\/uploads\/2020\/04\/Mauro_De_Carli_CGIL-e1606926296575-300x200.jpg 300w, https:\/\/www.radiopiu.net\/wordpress\/wp-content\/uploads\/2020\/04\/Mauro_De_Carli_CGIL-e1606926296575-1024x682.jpg 1024w, https:\/\/www.radiopiu.net\/wordpress\/wp-content\/uploads\/2020\/04\/Mauro_De_Carli_CGIL-e1606926296575-768x512.jpg 768w, https:\/\/www.radiopiu.net\/wordpress\/wp-content\/uploads\/2020\/04\/Mauro_De_Carli_CGIL-e1606926296575-1536x1023.jpg 1536w, https:\/\/www.radiopiu.net\/wordpress\/wp-content\/uploads\/2020\/04\/Mauro_De_Carli_CGIL-e1606926296575.jpg 1654w\" sizes=\"auto, (max-width: 300px) 100vw, 300px\" \/><\/a>BELLUNO<\/strong> Con una lettera aperta il segretario generale della CGIL Belluno Mauro De Carli chiede alle aziende di attendere delucidazioni sulla malattia Covid dei dipendenti in quarantena.<\/p>\n<blockquote><p><em>Come purtroppo si poteva immaginare stanno crescendo le complicazioni rispetto alle decisioni che il Direttore dell\u2019INPS, tramite un \u201cMessaggio\u201d interno alla sua struttura, ha reso noto\u00a0 nel corso del mese di Agosto 2021. Nel messaggio\u00a0 viene dichiarato che l\u2019Istituto, accortosi della\u00a0 fine delle risorse stanziate appositamente\u00a0 per questo scopo, non ritiene di dover retribuire i periodi di \u201cisolamento fiduciario per quarantena\u201d (nella sostanza i cittadini che sono risultati in contatto\u00a0 diretto con una persona positiva al COVID 19) gi\u00e0 dal 01\/01\/2021. Vorremmo chiarire che in ogni caso il Messaggio dell\u2019INPS non pone il dubbio sul riconoscimento dello stato di \u201cmalattia\u201d da COVID, riconosciuto per legge dall\u2019art 26 Comma 1 D.L. 1 del 2020. Lo stesso Ministero del Lavoro, nella persona del suo Ministro Orlando- da subito ha dichiarato che si attiver\u00e0 per stanziare le risorse necessarie, parimenti le nostre strutture nazionali del Patronato-INCA CGIL da subito hanno chiesto ad INPS e MINISTERO di accorciare\u00a0 i tempi di una soluzione, lavorando insieme per sciogliere le dinamiche burocratiche ed interpretative che una simile situazione comporta. L\u2019attuale momento storico\u00a0 che stiamo attraversando richiede uno stato di relazioni sindacali che possano contenere tutti gli elementi di disturbo, per facilitare le\u00a0 soluzioni\u00a0 ai tanti nuovi problemi che la pandemia\u00a0 ha causato, specialmente in questo delicato periodi di\u00a0 ripresa lavorativa Siamo tutti coscienti che a breve\u00a0 verranno trovate le coperture economiche \u00a0dei vuoti che l\u2019INPS dichiara e, per questo motivo troveremo corretto che anche le stesse aziende, in cui si dovessero presentare i casi di \u201cisolamento Fiduciario per Quarantena\u201d, continuassero ad anticipare le somme dovute ai propri dipendenti, incolpevoli\u00a0 per l\u2019ordine restrittivo emanato da ULSS a loro carico. <\/em><\/p>\n<p><em><strong>CGIL BELLUNO- Mauro De Carli Segr. Gen<\/strong><\/em><\/p><\/blockquote>\n<p>&nbsp;<\/p>\n<p>&nbsp;<\/p>\n<hr \/>\n<p>&nbsp;<\/p>\n<blockquote>\n<h3>PROLUNGATI I LAVORI ALLA SCUOLA DI CHIESURAZZA, ALUNNI PER DUE SETTIMANE A MUSSOI<\/h3>\n<\/blockquote>\n<p><strong>BELLUNO<\/strong> Saranno ospitati nei locali della scuola elementare di Mussoi i 76 bambini della scuola di Chiesurazza, che dovranno aspettare un paio di settimane prima di poter rientrare nella \u201cloro\u201d scuola. I lavori di rifacimento del tetto, iniziati lo scorso giugno per un valore di 115mila euro, verranno infatti prolungati di qualche giorno a causa delle condizioni meteo dei mesi scorsi che hanno ritardato alcune lavorazioni. Si tratter\u00e0 di un trasloco temporaneo: gi\u00e0 luned\u00ec 27 settembre i bambini potranno tornare sui banchi nella scuola di Chiesurazza. Per aiutare le famiglie ad affrontare al meglio questo spostamento, \u00e8 stato istituito un nuovo servizio di scuolabus che prevede due fermate, a Sois e vicino al costruendo Parco di Chiesurazza, e che rester\u00e0 attivo per entrambe le settimane di lavori.<\/p>\n<p><strong>IL CONSIGLIERE COMUNALE BIAGIO GIANNONE<\/strong><\/p>\n<audio class=\"wp-audio-shortcode\" id=\"audio-231509-5\" preload=\"none\" style=\"width: 100%;\" controls=\"controls\"><source type=\"audio\/mpeg\" src=\"https:\/\/www.radiopiu.net\/wordpress\/wp-content\/uploads\/2021\/09\/GIANNONE.mp3?_=5\" \/><a href=\"https:\/\/www.radiopiu.net\/wordpress\/wp-content\/uploads\/2021\/09\/GIANNONE.mp3\">https:\/\/www.radiopiu.net\/wordpress\/wp-content\/uploads\/2021\/09\/GIANNONE.mp3<\/a><\/audio>\n<p>&nbsp;<\/p>\n<hr \/>\n<p>&nbsp;<\/p>\n<blockquote>\n<h3>OSCAR DE BONA CONFERMATO PRESIDENTE DELL\u2019ASSOCIAZIONE BELLUNESI NEL MONDO PER IL PROSSIMO TRIENNIO<\/h3>\n<\/blockquote>\n<p><strong><a href=\"https:\/\/www.radiopiu.net\/wordpress\/elezioni-amministrative-quorum-al-40-scomputo-dellaire-a-roma-hanno-fatto-un-bel-lavoro-dice-deon\/oscar_de_bona-586x1024\/\" rel=\"attachment wp-att-202294\"><img loading=\"lazy\" decoding=\"async\" class=\" wp-image-202294 alignleft\" src=\"https:\/\/www.radiopiu.net\/wordpress\/wp-content\/uploads\/2021\/04\/oscar_de_bona-586x1024-1-172x300.jpg\" alt=\"\" width=\"132\" height=\"230\" srcset=\"https:\/\/www.radiopiu.net\/wordpress\/wp-content\/uploads\/2021\/04\/oscar_de_bona-586x1024-1-172x300.jpg 172w, https:\/\/www.radiopiu.net\/wordpress\/wp-content\/uploads\/2021\/04\/oscar_de_bona-586x1024-1.jpg 586w\" sizes=\"auto, (max-width: 132px) 100vw, 132px\" \/><\/a>BELLUNO <\/strong>Oscar De Bona \u00e8 stato confermato alla guida dell\u2019Associazione Bellunesi nel Mondo. Gioved\u00ec 9 settembre si \u00e8 riunito il neo eletto Direttivo Abm per eleggere il presidente, i due vice e i membri del Comitato esecutivo. I 21 consiglieri eletti all\u2019Assemblea generale del 19 giugno, in cui si erano espressi i 4mila soci dell\u2019Associazione, si sono dati appuntamento al primo consiglio Direttivo per il triennio 2021\/2024. Anche alla vice presidenza vi \u00e8 stata la conferma di Patrizia Burigo &#8211; con funzione di vicario &#8211; e di Rino Budel. Novit\u00e0 invece per il Comitato esecutivo. Oltre ad Angelo Paganin e Antonio Dazzi sono entrate Ernestina Dalla Corte Lucio e Jordana Marchioro Isoton. \u00ab<em>Ringrazio i consiglieri per la fiducia data &#8211; le parole del presidente De Bona &#8211; ci aspetta un triennio intenso, dove saranno molteplici le attivit\u00e0 che affronteremo. In primis vogliamo cercare di contrastare lo spopolamento, che sta colpendo duramente la provincia di Belluno e lo faremo grazie alle comunit\u00e0 dei nostri bellunesi all\u2019estero<\/em>\u00bb. L\u2019Associazione Bellunesi nel Mondo inoltre potenzier\u00e0 il socialnetwork Bellunoradici.net &#8211; grazie al Fondo Welfare Dolomiti &#8211; e anche le attivit\u00e0 culturali mirate alla diffusione della storia dell\u2019emigrazione bellunese, soprattutto nelle nuove generazioni.<\/p>\n<p>&nbsp;<\/p>\n<p>&nbsp;<\/p>\n<hr \/>\n<p>&nbsp;<\/p>\n<blockquote>\n<h3>INAUGURATA FIERA E FESTIVAL DELLE FORESTE<\/h3>\n<\/blockquote>\n<p><strong><a href=\"https:\/\/www.radiopiu.net\/wordpress\/giornale-radiopiu-11-settembre-2021-direttore-mirko-mezzacasa\/_dsc6956\/\" rel=\"attachment wp-att-231640\"><img loading=\"lazy\" decoding=\"async\" class=\"size-medium wp-image-231640 alignleft\" src=\"https:\/\/www.radiopiu.net\/wordpress\/wp-content\/uploads\/2021\/09\/DSC6956-300x200.jpg\" alt=\"\" width=\"300\" height=\"200\" srcset=\"https:\/\/www.radiopiu.net\/wordpress\/wp-content\/uploads\/2021\/09\/DSC6956-300x200.jpg 300w, https:\/\/www.radiopiu.net\/wordpress\/wp-content\/uploads\/2021\/09\/DSC6956-1024x682.jpg 1024w, https:\/\/www.radiopiu.net\/wordpress\/wp-content\/uploads\/2021\/09\/DSC6956-768x512.jpg 768w, https:\/\/www.radiopiu.net\/wordpress\/wp-content\/uploads\/2021\/09\/DSC6956-1536x1024.jpg 1536w, https:\/\/www.radiopiu.net\/wordpress\/wp-content\/uploads\/2021\/09\/DSC6956.jpg 2000w\" sizes=\"auto, (max-width: 300px) 100vw, 300px\" \/><\/a>LONGARONE<\/strong> \u00c8 stata inaugurata ieri la terza edizione di\u00a0 Fiera e Festival delle Foreste in una veste speciale. Non si \u00e8 tenuta nella location della Fiera di Longarone ma nella magnifica cornice di Pian del Cansiglio. Dopo una meravigliosa \u201coverture\u201d del duetto di violini con il Distretto Culturale FVG, si \u00e8 passati al \u201ctaglio del nastro\u201d. Un\u2019edizione assolutamente diversa e per certi versi pi\u00f9 moderna e proiettata al futuro che ha visto la collaborazione di Veneto Agricoltura, della Regione Aut. FVG, di partner internazionali e della BICE. Numerosi gli ospiti d\u2019onore nella platea che ha ospitato l\u2019inaugurazione ma a prendere la parola per primo \u00e8 stato Nicola Dell\u2019Acqua, Direttore Veneto Agricoltura: \u00abStiamo attraversando un periodo molto particolare. Stiamo convivendo con la pandemia del Covid ma siamo anche impegnati nella tutela dell\u2019ambiente. Siamo qui a parlare di boschi e foreste e lo facciamo con il confronto. Il mondo fieristico diventa dunque una importante vetrina per tutelare e discutere su due argomenti che sono un nostro patrimonio. Il legno in s\u00e9, in Italia, \u00e8 tutelato da due certificazioni per\u00a0 qualit\u00e0 e biodiversit\u00e0 e la Fiera e Festival delle foreste garantisce un incontro e un confronto tra prodotti di altissima qualit\u00e0\u00bb.<\/p>\n<p>&nbsp;<\/p>\n<p>&nbsp;<\/p>\n<hr \/>\n<p>&nbsp;<\/p>\n<blockquote>\n<h3>OGGI SI RICORDA BENIAMINO STRAGA&#8217;, ULTIMO CASARO DI LONGARONE<\/h3>\n<\/blockquote>\n<p><strong>LONGARONE\u00a0 <\/strong>E&#8217; in programma per oggi alle 11 una semplice cerimonia in ottemperanza alle norme anti Covid con lo scoprimento di una targa presso la ex latteria di Provagna in memoria di Beniamino Strag\u00e0 detto Min, l&#8217;ultimo casaro in servizio presso la stessa. Gi\u00e0 nel 2020 l&#8217;Amministrazione Comunale di Longarone decise di intitolare lo stabile alla figura di &#8220;Min&#8221;, persona stimata per le sue qualit\u00e0 umane e professionali, tuttora ricordato con affetto anche nelle strutture in cui svolse la sua attivit\u00e0 di malgaro, tra le quali Busnich, Palughet e Pian de Fontana, oltre che nelle latterie sociali di Dogna e appunto Provagna.<\/p>\n<p>&nbsp;<\/p>\n<p>&nbsp;<\/p>\n<hr \/>\n<p>&nbsp;<\/p>\n<blockquote>\n<h3>CULTURA E SPETTACOLO DOMENICA AD ARABBA CON LA PRESENTAZIONE DEL LIBRO DI LUCIANA PALLA<\/h3>\n<\/blockquote>\n<p><strong>LIVINALLONGO<\/strong> Domani alle 20.30 in sala congressi ad Arabba andr\u00e0 in scena lo spettacolo &#8220;Una vita&#8221; dal romanzo di Maria Giuliana Costa. Attori, Sandro Buzzatti e Flora Sarrubbo; fisarmonicista Tommaso Zamboni. Nel corso della serata presentazione del libro &#8220;Emigrazione dalle Dolomiti nel corso del Novecento&#8221; di Luciana Palla. Ingresso libero, obbligo di green pass.<\/p>\n<p>&nbsp;<\/p>\n<p>&nbsp;<\/p>\n<hr \/>\n<p>&nbsp;<\/p>\n<blockquote>\n<h3>RITORNA LA CICLINVALLE\u00a0 AGORDO-COL DI PRA IN VALLE DI SAN LUCANO<\/h3>\n<\/blockquote>\n<p><strong>AGORDO<\/strong> 27^ edizione della CiclinValle pedalata di beneficienza pro Unicef. E\u2019 in programma domani con partenza alle 10 dalla localit\u00e0 Valcozzena. Per partecipare compilare l&#8217;autocertificazione presente sul sito di Attivamente Agordino. . In caso di maltempo la manifestazione sar\u00e0 annullata. Iscrizioni 10 euro oggi in piscina ad Agordo dalle 16 alle 19, domani in localit\u00e0 Valcozzena dalle 8.30 alle 9.30.<\/p>\n<p><strong>di Gianni Santomaso<\/strong><\/p>\n<audio class=\"wp-audio-shortcode\" id=\"audio-231509-6\" preload=\"none\" style=\"width: 100%;\" controls=\"controls\"><source type=\"audio\/mpeg\" src=\"https:\/\/www.radiopiu.net\/wordpress\/wp-content\/uploads\/2021\/09\/GIANNI-CICLINVALLE.mp3?_=6\" \/><a href=\"https:\/\/www.radiopiu.net\/wordpress\/wp-content\/uploads\/2021\/09\/GIANNI-CICLINVALLE.mp3\">https:\/\/www.radiopiu.net\/wordpress\/wp-content\/uploads\/2021\/09\/GIANNI-CICLINVALLE.mp3<\/a><\/audio>\n<p>&nbsp;<\/p>\n<hr \/>\n<p>&nbsp;<\/p>\n<blockquote>\n<h3>LA SANTA MESSA A FORCELLA CAMP<\/h3>\n<\/blockquote>\n<p><strong>AGORDO<\/strong> Oggi si terr\u00e0 la consueta Santa Messa a Forcella Camp in occasione del 23\u00b0 anno dalla posa in opera del capitello.<\/p>\n<p>&nbsp;<\/p>\n<p>&nbsp;<\/p>\n<hr \/>\n<p>&nbsp;<\/p>\n<blockquote>\n<h3>I 130 ANNI DEL CAI BELLUNO: GLI APPUNTAMENTI<\/h3>\n<\/blockquote>\n<p><strong>BELLUNO<\/strong> Gli appuntamenti in programma nei prossimi giorni con il coro Cai di Belluno per celebrare i 130 anni dalla fondazione della sezione di Belluno.\u00a0 Oggi al Rifugio Settimo Alpini per la messa in ricordo dei caduti della montagna.<\/p>\n<p>&nbsp;<\/p>\n<hr \/>\n<p>&nbsp;<\/p>\n<blockquote>\n<h3>CAMMINATURALMENTE RITORNA CON 2 APPUNTAMENTI<\/h3>\n<\/blockquote>\n<p><strong>BELLUNO<\/strong> Ultimo appuntamento in programma per Camminaturalmente 2021 alla scoperta di itinierari naturalistici e ambientali con Anacleto Boranga.\u00a0 Oggi sar\u00e0 la volta di IGNE E LE SUE STRADE LASTRICATE per scoprire chilometri di mulattiere che salgono il paese. Dovranno essere rispettate le norme anticovid, massimo 15 persone per itinerario.<\/p>\n<p>&nbsp;<\/p>\n<p>&nbsp;<\/p>\n<p>&nbsp;<\/p>\n<hr \/>\n<p>&nbsp;<\/p>\n<blockquote>\n<h3>CONCERTI TIPI DI NOTE A LONGARONE<\/h3>\n<\/blockquote>\n<p><strong>LONGARONE<\/strong> \u00c8 in programma per oggi alle 21 <span style=\"font-family: Arial;\">Concerti Tipi Di Note, musica inedita 100% Made in Belluno, <\/span><span style=\"font-family: Arial;\">che si terr\u00e0 presso lo Stadio Comunale di Longarone. Una serata da non perdere grazie ai gruppi Bad Mood e Elisa Zaghis Music accompagnati dall&#8217;Orchestra DoLaMiti composta da archi e legni. Si raccomanda il rispetto delle norme nazionali e regionali di contenimento dell&#8217;emergenza Covid-19 e <u>vi consigliamo di portare con voi una coperta per potervi sedere comodamente sul prato<\/u>.<\/span><\/p>\n<p>&nbsp;<\/p>\n<p>&nbsp;<\/p>\n<p>&nbsp;<\/p>\n<hr \/>\n<p>&nbsp;<\/p>\n<blockquote>\n<h3>L&#8217;ULTIMO EVENTO DI RITROVARSI IN SINISTRA PIAVE<\/h3>\n<\/blockquote>\n<p><strong>LIMANA <\/strong><span class=\"s1\">Ultimo evento culturale della rassegna estiva Ritrovarsi in Sinistra Piave 2021, organizzata dal Comune di Limana. <\/span><span class=\"s1\">In occasione dei 700 anni dalla morte del sommo poeta, sette giovani lettori, di provenienze artistiche varie, metteranno in scena alcuni canti pi\u00f9 rappresentativi dell&#8217;Inferno di Dante, con leggerezza e levit\u00e0. <\/span><span class=\"s1\">OGGI, ore 20.30 presso la SALA NOCIVELLI della Biblioteca di Limana, Via Ruggero Fiabane 3 <\/span><span class=\"s1\">LASCIATE OGNI SPERANZA, VOI CH&#8217;ENTRATE. Stasera canti infernali <\/span><span class=\"s1\">Attori Caterina, Chiara, Damiana, Elena, Giacomo, Manuela, Silvia. <\/span><span class=\"s1\">Regia di Nanni Dorigo. <\/span><span class=\"s2\">Ingresso gratuito con prenotazione al link <a href=\"https:\/\/forms.gle\/hGwNeoCURQ3oBLd67?fbclid=IwAR10SB_7hp6IiajkioFs6IFG1dQ3vaHw8VDdBSKXehPuu7HjwG1WgHyVeQ8\"><span class=\"s1\">https:\/\/forms.gle\/hGwNeoCURQ3oBLd67<\/span><\/a> \u00a0<\/span><span class=\"s1\">Accesso con Green pass o tampone negativo eseguito 48 ore prima.<\/span><\/p>\n<p>&nbsp;<\/p>\n<p>&nbsp;<\/p>\n<hr \/>\n<p>&nbsp;<\/p>\n<blockquote>\n<h2>ROSTE, SANTEL, SARET. SECELE E SECH DI CONEDERA DALLA FINESTRA SU RIVA<\/h2>\n<\/blockquote>\n<p><strong>di RENATO BONA<\/strong><\/p>\n<p>Con immutato interesse percorriamo un\u2019altra tappa del simbolico \u201cviaggio\u201d alla scoperta di frazioni e borgate di Rivamonte Agordino, guidati, si fa per dire, dal libro che nell\u2019ottobre 2013 il Club Unesco Agordino ha dato alle stampe con la tipografia Castaldi di Agordo, dandogli un titolo che \u00e8 tutto un programma: \u201cUna finestra su Riva\u201d, dato che lascia spazio alla fantasia da abbinare all\u2019ammirazione per persone, luoghi, situazioni del tempo passato. Nell\u2019introduzione Giuliano Laveder, Rita Mottes, Emilia Sommariva e Caterina Tazzer non a caso puntualizzano che \u201cPer accompagnare e rendere la lettura pi\u00f9 piacevole, si \u00e8 anche pensato di inserire qualche notizia curiosa, appresa da fonti locali; notizie d\u2019archivio o trasmesse oralmente da tutti quegli informatori che con entusiasmo e generosit\u00e0 si sono prestati a condividere fotografie di famiglia, ricordi, raccontare aneddoti ed esperienze di vita vissuta\u201d. Partiamo dunque da Roste con un\u2019immagine dell\u2019aprile 1936 sotto la quale la dicitura spiega: \u201cGiovanni Mario Gnech (Pupi) con il nonno. E per la statistica ricorda che \u201cNel 1944 numerose erano le persone che abitavano nella frazione: 34 abitanti e 10 nuclei familiari\u201d. Accanto a questa, ma degli anni \u201970, ci viene proposta la figura di Olga Conedera in De Nardin. Proseguiamo ed eccoci a Santel con la fotografia anni \u201960 e la didascalia: \u201cQuotidianit\u00e0 alla fontana; seconda, da destra Erminia Santel\u201d. Scatto dell\u2019agosto 1961 dedicato a: \u201cColonia montana gestita da Erminia Santel e dedicata ai bambini di S\u00f3t i Th\u00e9i nel corso degli anni\u201950-\u201860\u201d. E\u2019 affiancato da quello con un altro gruppo, ripreso a \u201cSantel, Colonia montana, nel luglio 1960\u201d. Restiamo in zona ed ecco \u201cSantel anni \u201990: don Arturo celebra la messa al Capitello dei Santel\u201d. Quindi, anni \u201960-70, ci viene proposto un gruppetto di case con didascalia: \u201cLa frazione fu chiamata negli anni \u201915-\u201918 \u2018ai Tod\u00e9sc\u2019, in quanto c\u2019era una postazione tedesca\u201d. Ancora tre immagini prima di spostarci: \u201cScorcio dei Santel anni \u201960-\u201970\u201d e spiegazione per le statistiche: \u201cNella prima met\u00e0 degli anni \u201930 le case abitabili del comune senza riparazioni erano 404, abitabili con riparazioni 160, mentre solo 5 erano le case inabitabili (consortili o diroccate per assenza di manutenzione nel tetto)\u201d. La seconda; \u201cPanorama anni \u201860\u201d e la notizia che \u201cA met\u00e0 degli anni \u201960 ai Santel-Tod\u00e9sch vi abitavano 4 famiglie (14 persone)\u201d. Infine: \u201cSantel 1974: si traccia la nuova strada\u201d. Magari proprio quella che porta a Saret, la nuova meta di cui proponiamo qui un gruppetto di abitanti. La dicitura ci dice che \u201cLa zona di Saret, situata sotto strada, veniva anche chiamata Pian de Rave\u201d, Per la cronaca; \u201cNel 1958 vengono iniziati i lavori di costruzione della strada che dai Saret porta ai Schena, l\u2019anno successivo i lavori vengono completati\u201d. Altra immagine: \u201cSaret fine anni 50\u201d della quale viene spiegato: \u201cDa sinistra: Lucia Da Costa, la mamma Iolanda De Nardin, Mariuccia Da Costa, Lidia Da Costa e il nonno Matteo Da Costa\u201d. Segue \u201cVeduta invernale 1967\u201d. E quindi la panoramica con \u201cVeduta dei Saret verso le scuole elementari di Zenich, agosto 1965\u201d. Cui segue: \u201cSaret anni \u201950, da sinistra: Iolanda De Nardin\u201d e signora non identificata. E\u2019 di dieci anni pi\u00f9 tardi la foto \u201cSaret anni \u201860\u201daccanto alla quale si precisa: \u201cDavanti, da sinistra. Mariuccia Da Costa e Rosangela Da Costa. Seconda fila: Vincenzo Sommariva, Ivano Conedera, Lidia Da Costa e Lucia Da Costa. Dietro: Bruno Fossen e Maria Caterina Fossen. Infine: \u201cAbitazione situata sopra strada prima dei lavori di rifacimento\u201d e \u201cSaret 1947\u201d con un gruppo di persone e per la cronaca la notizia che \u201cGli abitanti della frazione nel 1944 erano 29 di 9 famiglie\u201d Una sola, ma decisamente accattivante, la foto per Secele ci mostra la: \u201cFamiglia dei Bigoi, 1905\u201d col commento: \u201cCarlotta Conedera e il marito Andrea Dall\u2019Acqua con i figli: Giovanna, Candida Cesare, Luigi e l\u2019ultimo nato. Per la cronaca: \u201cNella seconda met\u00e0 degli anni \u201940 le famiglie di Secele erano 6 per un totale di 20 abitanti\u201d. E siamo arrivati, in conclusione, a Sech di Conedera Bassa per la quale, anno 1963, ci viene presentato un bel gruppo di \u201cLavoratori della \u2018Tot\u2019. La notizia \u00e8 che \u201cLa strada dei Sech sar\u00e0 completata nel 1965\u201d. Ed ecco identificati i lavoratori immortalati, sempre da sinistra. In piedi:Nello Del Tin, Giovanni Gnech (Tita Mani),Giacomo Sommariva (Pac\u00e9t),Vittorio Del Din, Pietro Gnech, Felice Fossen, Giovanni Pedandola, Bruno Miana, Renzo Zasso, Giuseppe Fossen (Nici), Gino Bonorato. Davanti, accovacciati: Giovanni Battista Laveder, (Tita Ros\u00e0lia), Arcangelo Gnech (Bane) e Michele Dall\u2019Acqua. E\u2019 dell\u2019aprile 1965 l\u2019immagine che segue, quella di\u201dCelestina Gnech al ritorno dal cur\u00e0 (pulizia dei prati in primavera)\u201d. Cronaca: \u201cNel 1934 il comune avverte la popolazione che i letamai e le immondizie devono essere spostati fuori dai centri abitati, come pure lo strame e i sassi provenienti dalla \u2018curazione\u2019 dei prati e dei campi; ai contravventori \u00e8 prevista una multa che pu\u00f2 variare da lire 50 a lire 2000\u201d. Tocca ora a \u201cSech di Conedera 1962\u201d con la coppia Carmela e Felice Conedera e l\u2019annotazione: \u201cSi noti sullo sfondo in basso la stazione di arrivo del minerale del sito di Valle Imperina\u201d. E concludiamo &#8211; ma il \u201cviaggio continuer\u00e0 e ne daremo conto prossimamente \u2013 con l\u2019immagine risalente al 1962 a proposito della quale leggiamo: \u201cDavanti da sinistra: Mario Bressan, Angelo Canzan, Alessio Bressan, Carmela Conedera con in braccio Emanuela Zasso, Mariuccia Laveder, persona non identificata, in piedi Marcello Zasso e Valentino Laveder, seduta Celestina Gnech\u201d. Per la cronaca: 7 famiglie e 25 abitanti davano vita alla frazione nel 1944\u201d.<\/p>\n\n\t\t\t<style type='text\/css'>\n\t\t\t\t#gallery-3 {\n\t\t\t\t\tmargin: auto;\n\t\t\t\t}\n\t\t\t\t#gallery-3 .gallery-item {\n\t\t\t\t\tfloat: left;\n\t\t\t\t\tmargin-top: 10px;\n\t\t\t\t\ttext-align: center;\n\t\t\t\t\twidth: 16%;\n\t\t\t\t}\n\t\t\t\t#gallery-3 img {\n\t\t\t\t\tborder: 2px solid #cfcfcf;\n\t\t\t\t}\n\t\t\t\t#gallery-3 .gallery-caption {\n\t\t\t\t\tmargin-left: 0;\n\t\t\t\t}\n\t\t\t\t\/* see gallery_shortcode() in wp-includes\/media.php *\/\n\t\t\t<\/style>\n\t\t<div id='gallery-3' class='dt-gallery-container gallery galleryid-231509 gallery-columns-6 gallery-size-thumbnail'><dl class='gallery-item'>\n\t\t\t\t<dt class='gallery-icon portrait'>\n\t\t\t\t\t<a class=\"rollover rollover-zoom dt-pswp-item\" title=\"241668139_1781750932026871_4724046534084395112_n\" data-dt-img-description=\"\" data-large_image_width=\"160\" data-large_image_height=\"225\"href='https:\/\/www.radiopiu.net\/wordpress\/wp-content\/uploads\/2021\/09\/241668139_1781750932026871_4724046534084395112_n.jpg'><img loading=\"lazy\" decoding=\"async\" width=\"150\" height=\"150\" src=\"https:\/\/www.radiopiu.net\/wordpress\/wp-content\/uploads\/2021\/09\/241668139_1781750932026871_4724046534084395112_n-150x150.jpg\" class=\"attachment-thumbnail size-thumbnail\" alt=\"\" \/><\/a>\n\t\t\t\t<\/dt><\/dl><dl class='gallery-item'>\n\t\t\t\t<dt class='gallery-icon landscape'>\n\t\t\t\t\t<a class=\"rollover rollover-zoom dt-pswp-item\" title=\"241669552_583159856036224_5063264551613999275_n\" data-dt-img-description=\"\" data-large_image_width=\"342\" data-large_image_height=\"206\"href='https:\/\/www.radiopiu.net\/wordpress\/wp-content\/uploads\/2021\/09\/241669552_583159856036224_5063264551613999275_n.jpg'><img loading=\"lazy\" decoding=\"async\" width=\"150\" height=\"150\" src=\"https:\/\/www.radiopiu.net\/wordpress\/wp-content\/uploads\/2021\/09\/241669552_583159856036224_5063264551613999275_n-150x150.jpg\" class=\"attachment-thumbnail size-thumbnail\" alt=\"\" \/><\/a>\n\t\t\t\t<\/dt><\/dl><dl class='gallery-item'>\n\t\t\t\t<dt class='gallery-icon portrait'>\n\t\t\t\t\t<a class=\"rollover rollover-zoom dt-pswp-item\" title=\"241685898_4672607232751956_788024904660967966_n\" data-dt-img-description=\"\" data-large_image_width=\"155\" data-large_image_height=\"225\"href='https:\/\/www.radiopiu.net\/wordpress\/wp-content\/uploads\/2021\/09\/241685898_4672607232751956_788024904660967966_n.jpg'><img loading=\"lazy\" decoding=\"async\" width=\"150\" height=\"150\" src=\"https:\/\/www.radiopiu.net\/wordpress\/wp-content\/uploads\/2021\/09\/241685898_4672607232751956_788024904660967966_n-150x150.jpg\" class=\"attachment-thumbnail size-thumbnail\" alt=\"\" \/><\/a>\n\t\t\t\t<\/dt><\/dl><dl class='gallery-item'>\n\t\t\t\t<dt class='gallery-icon landscape'>\n\t\t\t\t\t<a class=\"rollover rollover-zoom dt-pswp-item\" title=\"241647083_281440890130793_7788184561045151394_n\" data-dt-img-description=\"\" data-large_image_width=\"228\" data-large_image_height=\"198\"href='https:\/\/www.radiopiu.net\/wordpress\/wp-content\/uploads\/2021\/09\/241647083_281440890130793_7788184561045151394_n.jpg'><img loading=\"lazy\" decoding=\"async\" width=\"150\" height=\"150\" src=\"https:\/\/www.radiopiu.net\/wordpress\/wp-content\/uploads\/2021\/09\/241647083_281440890130793_7788184561045151394_n-150x150.jpg\" class=\"attachment-thumbnail size-thumbnail\" alt=\"\" \/><\/a>\n\t\t\t\t<\/dt><\/dl><dl class='gallery-item'>\n\t\t\t\t<dt class='gallery-icon landscape'>\n\t\t\t\t\t<a class=\"rollover rollover-zoom dt-pswp-item\" title=\"241671988_214459410710341_5367772187930578153_n\" data-dt-img-description=\"\" data-large_image_width=\"337\" data-large_image_height=\"206\"href='https:\/\/www.radiopiu.net\/wordpress\/wp-content\/uploads\/2021\/09\/241671988_214459410710341_5367772187930578153_n.jpg'><img loading=\"lazy\" decoding=\"async\" width=\"150\" height=\"150\" src=\"https:\/\/www.radiopiu.net\/wordpress\/wp-content\/uploads\/2021\/09\/241671988_214459410710341_5367772187930578153_n-150x150.jpg\" class=\"attachment-thumbnail size-thumbnail\" alt=\"\" \/><\/a>\n\t\t\t\t<\/dt><\/dl><dl class='gallery-item'>\n\t\t\t\t<dt class='gallery-icon portrait'>\n\t\t\t\t\t<a class=\"rollover rollover-zoom dt-pswp-item\" title=\"241714306_159987772868477_1890347947231040859_n\" data-dt-img-description=\"\" data-large_image_width=\"157\" data-large_image_height=\"206\"href='https:\/\/www.radiopiu.net\/wordpress\/wp-content\/uploads\/2021\/09\/241714306_159987772868477_1890347947231040859_n.jpg'><img loading=\"lazy\" decoding=\"async\" width=\"150\" height=\"150\" src=\"https:\/\/www.radiopiu.net\/wordpress\/wp-content\/uploads\/2021\/09\/241714306_159987772868477_1890347947231040859_n-150x150.jpg\" class=\"attachment-thumbnail size-thumbnail\" alt=\"\" \/><\/a>\n\t\t\t\t<\/dt><\/dl><br style=\"clear: both\" \/><dl class='gallery-item'>\n\t\t\t\t<dt class='gallery-icon portrait'>\n\t\t\t\t\t<a class=\"rollover rollover-zoom dt-pswp-item\" title=\"241661918_174259334790767_8407770271467768004_n\" data-dt-img-description=\"\" data-large_image_width=\"200\" data-large_image_height=\"206\"href='https:\/\/www.radiopiu.net\/wordpress\/wp-content\/uploads\/2021\/09\/241661918_174259334790767_8407770271467768004_n.jpg'><img loading=\"lazy\" decoding=\"async\" width=\"150\" height=\"150\" src=\"https:\/\/www.radiopiu.net\/wordpress\/wp-content\/uploads\/2021\/09\/241661918_174259334790767_8407770271467768004_n-150x150.jpg\" class=\"attachment-thumbnail size-thumbnail\" alt=\"\" \/><\/a>\n\t\t\t\t<\/dt><\/dl><dl class='gallery-item'>\n\t\t\t\t<dt class='gallery-icon portrait'>\n\t\t\t\t\t<a class=\"rollover rollover-zoom dt-pswp-item\" title=\"241671923_142309651425421_7391101380487518211_n\" data-dt-img-description=\"\" data-large_image_width=\"153\" data-large_image_height=\"206\"href='https:\/\/www.radiopiu.net\/wordpress\/wp-content\/uploads\/2021\/09\/241671923_142309651425421_7391101380487518211_n.jpg'><img loading=\"lazy\" decoding=\"async\" width=\"150\" height=\"150\" src=\"https:\/\/www.radiopiu.net\/wordpress\/wp-content\/uploads\/2021\/09\/241671923_142309651425421_7391101380487518211_n-150x150.jpg\" class=\"attachment-thumbnail size-thumbnail\" alt=\"\" \/><\/a>\n\t\t\t\t<\/dt><\/dl><dl class='gallery-item'>\n\t\t\t\t<dt class='gallery-icon portrait'>\n\t\t\t\t\t<a class=\"rollover rollover-zoom dt-pswp-item\" title=\"241702480_752049222861102_2820294109091969524_n\" data-dt-img-description=\"\" data-large_image_width=\"157\" data-large_image_height=\"206\"href='https:\/\/www.radiopiu.net\/wordpress\/wp-content\/uploads\/2021\/09\/241702480_752049222861102_2820294109091969524_n.jpg'><img loading=\"lazy\" decoding=\"async\" width=\"150\" height=\"150\" src=\"https:\/\/www.radiopiu.net\/wordpress\/wp-content\/uploads\/2021\/09\/241702480_752049222861102_2820294109091969524_n-150x150.jpg\" class=\"attachment-thumbnail size-thumbnail\" alt=\"\" \/><\/a>\n\t\t\t\t<\/dt><\/dl><dl class='gallery-item'>\n\t\t\t\t<dt class='gallery-icon portrait'>\n\t\t\t\t\t<a class=\"rollover rollover-zoom dt-pswp-item\" title=\"241654016_328897532319523_3632402216566509959_n\" data-dt-img-description=\"\" data-large_image_width=\"173\" data-large_image_height=\"203\"href='https:\/\/www.radiopiu.net\/wordpress\/wp-content\/uploads\/2021\/09\/241654016_328897532319523_3632402216566509959_n.jpg'><img loading=\"lazy\" decoding=\"async\" width=\"150\" height=\"150\" src=\"https:\/\/www.radiopiu.net\/wordpress\/wp-content\/uploads\/2021\/09\/241654016_328897532319523_3632402216566509959_n-150x150.jpg\" class=\"attachment-thumbnail size-thumbnail\" alt=\"\" \/><\/a>\n\t\t\t\t<\/dt><\/dl><dl class='gallery-item'>\n\t\t\t\t<dt class='gallery-icon portrait'>\n\t\t\t\t\t<a class=\"rollover rollover-zoom dt-pswp-item\" title=\"241672742_233674935435985_2324959290233662064_n\" data-dt-img-description=\"\" data-large_image_width=\"168\" data-large_image_height=\"201\"href='https:\/\/www.radiopiu.net\/wordpress\/wp-content\/uploads\/2021\/09\/241672742_233674935435985_2324959290233662064_n.jpg'><img loading=\"lazy\" decoding=\"async\" width=\"150\" height=\"150\" src=\"https:\/\/www.radiopiu.net\/wordpress\/wp-content\/uploads\/2021\/09\/241672742_233674935435985_2324959290233662064_n-150x150.jpg\" class=\"attachment-thumbnail size-thumbnail\" alt=\"\" \/><\/a>\n\t\t\t\t<\/dt><\/dl><dl class='gallery-item'>\n\t\t\t\t<dt class='gallery-icon portrait'>\n\t\t\t\t\t<a class=\"rollover rollover-zoom dt-pswp-item\" title=\"241628792_393545405706415_4307310380901659090_n\" data-dt-img-description=\"\" data-large_image_width=\"150\" data-large_image_height=\"206\"href='https:\/\/www.radiopiu.net\/wordpress\/wp-content\/uploads\/2021\/09\/241628792_393545405706415_4307310380901659090_n.jpg'><img loading=\"lazy\" decoding=\"async\" width=\"150\" height=\"150\" src=\"https:\/\/www.radiopiu.net\/wordpress\/wp-content\/uploads\/2021\/09\/241628792_393545405706415_4307310380901659090_n-150x150.jpg\" class=\"attachment-thumbnail size-thumbnail\" alt=\"\" \/><\/a>\n\t\t\t\t<\/dt><\/dl><br style=\"clear: both\" \/><dl class='gallery-item'>\n\t\t\t\t<dt class='gallery-icon portrait'>\n\t\t\t\t\t<a class=\"rollover rollover-zoom dt-pswp-item\" title=\"241645696_247576360615405_7523438928600005967_n\" data-dt-img-description=\"\" data-large_image_width=\"168\" data-large_image_height=\"199\"href='https:\/\/www.radiopiu.net\/wordpress\/wp-content\/uploads\/2021\/09\/241645696_247576360615405_7523438928600005967_n.jpg'><img loading=\"lazy\" decoding=\"async\" width=\"150\" height=\"150\" src=\"https:\/\/www.radiopiu.net\/wordpress\/wp-content\/uploads\/2021\/09\/241645696_247576360615405_7523438928600005967_n-150x150.jpg\" class=\"attachment-thumbnail size-thumbnail\" alt=\"\" \/><\/a>\n\t\t\t\t<\/dt><\/dl><dl class='gallery-item'>\n\t\t\t\t<dt class='gallery-icon landscape'>\n\t\t\t\t\t<a class=\"rollover rollover-zoom dt-pswp-item\" title=\"241742397_544229633326314_4890467878711252234_n\" data-dt-img-description=\"\" data-large_image_width=\"309\" data-large_image_height=\"206\"href='https:\/\/www.radiopiu.net\/wordpress\/wp-content\/uploads\/2021\/09\/241742397_544229633326314_4890467878711252234_n.jpg'><img loading=\"lazy\" decoding=\"async\" width=\"150\" height=\"150\" src=\"https:\/\/www.radiopiu.net\/wordpress\/wp-content\/uploads\/2021\/09\/241742397_544229633326314_4890467878711252234_n-150x150.jpg\" class=\"attachment-thumbnail size-thumbnail\" alt=\"\" \/><\/a>\n\t\t\t\t<\/dt><\/dl><dl class='gallery-item'>\n\t\t\t\t<dt class='gallery-icon portrait'>\n\t\t\t\t\t<a class=\"rollover rollover-zoom dt-pswp-item\" title=\"241657374_394328355456569_7369809147252052344_n\" data-dt-img-description=\"\" data-large_image_width=\"188\" data-large_image_height=\"206\"href='https:\/\/www.radiopiu.net\/wordpress\/wp-content\/uploads\/2021\/09\/241657374_394328355456569_7369809147252052344_n.jpg'><img loading=\"lazy\" decoding=\"async\" width=\"150\" height=\"150\" src=\"https:\/\/www.radiopiu.net\/wordpress\/wp-content\/uploads\/2021\/09\/241657374_394328355456569_7369809147252052344_n-150x150.jpg\" class=\"attachment-thumbnail size-thumbnail\" alt=\"\" \/><\/a>\n\t\t\t\t<\/dt><\/dl><dl class='gallery-item'>\n\t\t\t\t<dt class='gallery-icon portrait'>\n\t\t\t\t\t<a class=\"rollover rollover-zoom dt-pswp-item\" title=\"241682546_193308766230039_2526563816421544699_n\" data-dt-img-description=\"\" data-large_image_width=\"168\" data-large_image_height=\"207\"href='https:\/\/www.radiopiu.net\/wordpress\/wp-content\/uploads\/2021\/09\/241682546_193308766230039_2526563816421544699_n.jpg'><img loading=\"lazy\" decoding=\"async\" width=\"150\" height=\"150\" src=\"https:\/\/www.radiopiu.net\/wordpress\/wp-content\/uploads\/2021\/09\/241682546_193308766230039_2526563816421544699_n-150x150.jpg\" class=\"attachment-thumbnail size-thumbnail\" alt=\"\" \/><\/a>\n\t\t\t\t<\/dt><\/dl><dl class='gallery-item'>\n\t\t\t\t<dt class='gallery-icon portrait'>\n\t\t\t\t\t<a class=\"rollover rollover-zoom dt-pswp-item\" title=\"241675791_970827283493612_642634680887361088_n\" data-dt-img-description=\"\" data-large_image_width=\"158\" data-large_image_height=\"225\"href='https:\/\/www.radiopiu.net\/wordpress\/wp-content\/uploads\/2021\/09\/241675791_970827283493612_642634680887361088_n.jpg'><img loading=\"lazy\" decoding=\"async\" width=\"150\" height=\"150\" src=\"https:\/\/www.radiopiu.net\/wordpress\/wp-content\/uploads\/2021\/09\/241675791_970827283493612_642634680887361088_n-150x150.jpg\" class=\"attachment-thumbnail size-thumbnail\" alt=\"\" \/><\/a>\n\t\t\t\t<\/dt><\/dl><dl class='gallery-item'>\n\t\t\t\t<dt class='gallery-icon portrait'>\n\t\t\t\t\t<a class=\"rollover rollover-zoom dt-pswp-item\" title=\"241669532_820327721998751_3575996008913325346_n\" data-dt-img-description=\"\" data-large_image_width=\"160\" data-large_image_height=\"201\"href='https:\/\/www.radiopiu.net\/wordpress\/wp-content\/uploads\/2021\/09\/241669532_820327721998751_3575996008913325346_n.jpg'><img loading=\"lazy\" decoding=\"async\" width=\"150\" height=\"150\" src=\"https:\/\/www.radiopiu.net\/wordpress\/wp-content\/uploads\/2021\/09\/241669532_820327721998751_3575996008913325346_n-150x150.jpg\" class=\"attachment-thumbnail size-thumbnail\" alt=\"\" \/><\/a>\n\t\t\t\t<\/dt><\/dl><br style=\"clear: both\" \/>\n\t\t\t<\/div>\n\n<p>&nbsp;<\/p>\n<p>&nbsp;<\/p>\n<hr \/>\n<p>&nbsp;<\/p>\n<h1><span style=\"color: #ff0000;\">IERI ALLA RADIO\u00a0\u00a0<\/span><\/h1>\n<h1><span style=\"color: #ff0000;\">\u00a0\u00a0<\/span><\/h1>\n<p><strong>AGORDO<br \/>\n<\/strong><\/p>\n<blockquote>\n<h3><a href=\"https:\/\/www.radiopiu.net\/wordpress\/giornale-radiopiu-11-settembre-2021-direttore-mirko-mezzacasa\/man-2264825_960_720\/\" rel=\"attachment wp-att-231598\"><img loading=\"lazy\" decoding=\"async\" class=\"wp-image-231598 alignleft\" src=\"https:\/\/www.radiopiu.net\/wordpress\/wp-content\/uploads\/2021\/09\/man-2264825_960_720-300x200.jpg\" alt=\"\" width=\"186\" height=\"124\" srcset=\"https:\/\/www.radiopiu.net\/wordpress\/wp-content\/uploads\/2021\/09\/man-2264825_960_720-300x200.jpg 300w, https:\/\/www.radiopiu.net\/wordpress\/wp-content\/uploads\/2021\/09\/man-2264825_960_720-768x512.jpg 768w, https:\/\/www.radiopiu.net\/wordpress\/wp-content\/uploads\/2021\/09\/man-2264825_960_720.jpg 960w\" sizes=\"auto, (max-width: 186px) 100vw, 186px\" \/><\/a>IN PALESTRA AD AGORDO CON LA VOGLIA DI RIPARTIRE<\/h3>\n<\/blockquote>\n<p><strong><br \/>\nOSPITE Martina Fadda, personal trainer<\/strong><\/p>\n<audio class=\"wp-audio-shortcode\" id=\"audio-231509-7\" preload=\"none\" style=\"width: 100%;\" controls=\"controls\"><source type=\"audio\/mpeg\" src=\"https:\/\/www.radiopiu.net\/wordpress\/wp-content\/uploads\/2021\/09\/martina-fadda-bi-fit-10-settembre.mp3?_=7\" \/><a href=\"https:\/\/www.radiopiu.net\/wordpress\/wp-content\/uploads\/2021\/09\/martina-fadda-bi-fit-10-settembre.mp3\">https:\/\/www.radiopiu.net\/wordpress\/wp-content\/uploads\/2021\/09\/martina-fadda-bi-fit-10-settembre.mp3<\/a><\/audio>\n<h1><\/h1>\n<h1><span style=\"color: #ff0000;\">\u00a0<\/span><\/h1>\n<h1><span style=\"color: #ff0000;\">\u00a0\u00a0<\/span><\/h1>\n<hr \/>\n<p>&nbsp;<\/p>\n<blockquote class=\"wp-embedded-content\" data-secret=\"K8nDGZtNAO\"><p><a href=\"https:\/\/www.radiopiu.net\/wordpress\/awilliam-da-roit-ed-elvis-secco-nel-giro-ditalia-running-lo-speciale-alla-radio\/\">WILLIAM DA ROIT ED ELVIS SECCO NEL GIRO D&#8217;ITALIA RUNNING&#8230;LO SPECIALE ALLA RADIO<\/a><\/p><\/blockquote>\n<p><iframe loading=\"lazy\" class=\"wp-embedded-content\" sandbox=\"allow-scripts\" security=\"restricted\" style=\"position: absolute; clip: rect(1px, 1px, 1px, 1px);\" title=\"&#8220;WILLIAM DA ROIT ED ELVIS SECCO NEL GIRO D&#8217;ITALIA RUNNING&#8230;LO SPECIALE ALLA RADIO&#8221; &#8212; Radio Pi\u00f9\" src=\"https:\/\/www.radiopiu.net\/wordpress\/awilliam-da-roit-ed-elvis-secco-nel-giro-ditalia-running-lo-speciale-alla-radio\/embed\/#?secret=K8nDGZtNAO\" data-secret=\"K8nDGZtNAO\" width=\"600\" height=\"338\" frameborder=\"0\" marginwidth=\"0\" marginheight=\"0\" scrolling=\"no\"><\/iframe><\/p>\n<p>&nbsp;<\/p>\n<hr \/>\n<p>&nbsp;<\/p>\n<blockquote class=\"wp-embedded-content\" data-secret=\"dygoXsvSkp\"><p><a href=\"https:\/\/www.radiopiu.net\/wordpress\/i-misteri-di-alleghe-di-sergio-saviane-alla-radio-con-lattore-roberto-faoro-il-podcast\/\">&#8220;I MISTERI DI ALLEGHE DI SERGIO SAVIANE&#8221; ALLA RADIO CON L&#8217;ATTORE ROBERTO FAORO &#8211; IL PODCAST<\/a><\/p><\/blockquote>\n<p><iframe loading=\"lazy\" class=\"wp-embedded-content\" sandbox=\"allow-scripts\" security=\"restricted\" style=\"position: absolute; clip: rect(1px, 1px, 1px, 1px);\" title=\"&#8220;&#8220;I MISTERI DI ALLEGHE DI SERGIO SAVIANE&#8221; ALLA RADIO CON L&#8217;ATTORE ROBERTO FAORO &#8211; IL PODCAST&#8221; &#8212; Radio Pi\u00f9\" src=\"https:\/\/www.radiopiu.net\/wordpress\/i-misteri-di-alleghe-di-sergio-saviane-alla-radio-con-lattore-roberto-faoro-il-podcast\/embed\/#?secret=dygoXsvSkp\" data-secret=\"dygoXsvSkp\" width=\"600\" height=\"338\" frameborder=\"0\" marginwidth=\"0\" marginheight=\"0\" scrolling=\"no\"><\/iframe><\/p>\n<h2><\/h2>\n<hr \/>\n<p>&nbsp;<\/p>\n<p>&nbsp;<\/p>\n<blockquote class=\"wp-embedded-content\" data-secret=\"HAaQ5ZVCR7\"><p><a href=\"https:\/\/www.radiopiu.net\/wordpress\/plastic-free-per-un-mondo-senza-plastica\/\">PLASTIC FREE per un mondo senza plastica<\/a><\/p><\/blockquote>\n<p><iframe loading=\"lazy\" class=\"wp-embedded-content\" sandbox=\"allow-scripts\" security=\"restricted\" style=\"position: absolute; clip: rect(1px, 1px, 1px, 1px);\" title=\"&#8220;PLASTIC FREE per un mondo senza plastica&#8221; &#8212; Radio Pi\u00f9\" src=\"https:\/\/www.radiopiu.net\/wordpress\/plastic-free-per-un-mondo-senza-plastica\/embed\/#?secret=HAaQ5ZVCR7\" data-secret=\"HAaQ5ZVCR7\" width=\"600\" height=\"338\" frameborder=\"0\" marginwidth=\"0\" marginheight=\"0\" scrolling=\"no\"><\/iframe><\/p>\n<p>&nbsp;<\/p>\n<hr \/>\n<p>&nbsp;<\/p>\n<blockquote class=\"wp-embedded-content\" data-secret=\"qTw0Ok9ibX\"><p><a href=\"https:\/\/www.radiopiu.net\/wordpress\/da-ieri-alla-radio-in-palinsesto-loris-e-maurizio-con-la-grande-musica\/\">IL BLUES ALLA RADIO &#8230; COME NON L&#8217;AVETE MAI SENTITO PRIMA<\/a><\/p><\/blockquote>\n<p><iframe loading=\"lazy\" class=\"wp-embedded-content\" sandbox=\"allow-scripts\" security=\"restricted\" style=\"position: absolute; clip: rect(1px, 1px, 1px, 1px);\" title=\"&#8220;IL BLUES ALLA RADIO &#8230; COME NON L&#8217;AVETE MAI SENTITO PRIMA&#8221; &#8212; Radio Pi\u00f9\" src=\"https:\/\/www.radiopiu.net\/wordpress\/da-ieri-alla-radio-in-palinsesto-loris-e-maurizio-con-la-grande-musica\/embed\/#?secret=qTw0Ok9ibX\" data-secret=\"qTw0Ok9ibX\" width=\"600\" height=\"338\" frameborder=\"0\" marginwidth=\"0\" marginheight=\"0\" scrolling=\"no\"><\/iframe><\/p>\n<p>&nbsp;<\/p>\n<div>\n<div class=\"mkdf-post-text\">\n<div class=\"mkdf-post-text-inner\">\n<div class=\"mkdf-post-text-main\">\n<div class=\"mkdf-post-text\">\n<div class=\"mkdf-post-text-inner\">\n<div class=\"mkdf-post-text-main\">\n<div class=\"mkdf-post-text\">\n<div class=\"mkdf-post-text-inner\">\n<div class=\"mkdf-post-text-main\">\n<div class=\"page-title-head hgroup\">\n<div class=\"page-title-head hgroup\">\n<div class=\"page-title-breadcrumbs\">\n<div class=\"mkdf-post-text\">\n<div class=\"mkdf-post-text-inner\">\n<div class=\"mkdf-post-text-main\">\n<div class=\"mkdf-post-text\">\n<div class=\"mkdf-post-text-inner\">\n<div class=\"mkdf-post-text-main\">\n<div class=\"page-title-head hgroup\">\n<div class=\"page-title-head hgroup\">\n<div class=\"mkdf-post-text\">\n<div class=\"mkdf-post-text-inner\">\n<div class=\"mkdf-post-text-main\">\n<div class=\"mkdf-post-text\">\n<div class=\"mkdf-post-text-inner\">\n<div class=\"mkdf-post-text-main\">\n<div class=\"page-title-head hgroup\">\n<div class=\"page-title-head hgroup\">\n<div class=\"page-title-head hgroup\">\n<div class=\"page-title-head hgroup\">\n<div class=\"b654a4as d2edcug0\">\n<div class=\"page-title-head hgroup\">\n<div class=\"page-title-head hgroup\">\n<div class=\"mkdf-post-text\">\n<div class=\"mkdf-post-text-inner\">\n<div class=\"mkdf-post-text-main\">\n<div class=\"mkdf-post-text\">\n<div class=\"mkdf-post-text-inner\">\n<div class=\"mkdf-post-text-main\">\n<div class=\"mkdf-post-text\">\n<div class=\"mkdf-post-text-inner\">\n<div class=\"mkdf-post-text-main\">\n<div class=\"page-title-head hgroup\">\n<div class=\"page-title-head hgroup\">\n<div class=\"mkdf-post-text\">\n<div class=\"mkdf-post-text-inner\">\n<div class=\"mkdf-post-text-main\">\n<div class=\"mkdf-post-text\">\n<div class=\"mkdf-post-text-inner\">\n<div class=\"mkdf-post-text-main\">\n<div class=\"page-title-head hgroup\">\n<div class=\"page-title-head hgroup\">\n<div class=\"page-title-head hgroup\">\n<div class=\"page-title-head hgroup\">\n<div class=\"b654a4as d2edcug0\">\n<div class=\"page-title-head hgroup\">\n<div class=\"page-title-head hgroup\">\n<div class=\"page-title-head hgroup\">\n<div class=\"page-title-head hgroup\">\n<div class=\"b654a4as d2edcug0\">\n<div>\n<div class=\"mkdf-post-text\">\n<div class=\"mkdf-post-text-inner\">\n<div class=\"mkdf-post-text-main\">\n<div class=\"mkdf-post-text\">\n<div class=\"mkdf-post-text-inner\">\n<div class=\"mkdf-post-text-main\">\n<div class=\"mkdf-post-text\">\n<div class=\"mkdf-post-text-inner\">\n<div class=\"mkdf-post-text-main\">\n<div class=\"page-title-head hgroup\">\n<div class=\"page-title-head hgroup\">\n<div class=\"page-title-breadcrumbs\">\n<div class=\"mkdf-post-text\">\n<div class=\"mkdf-post-text-inner\">\n<div class=\"mkdf-post-text-main\">\n<div class=\"mkdf-post-text\">\n<div class=\"mkdf-post-text-inner\">\n<div class=\"mkdf-post-text-main\">\n<div class=\"page-title-head hgroup\">\n<div class=\"page-title-head hgroup\">\n<div class=\"mkdf-post-text\">\n<div class=\"mkdf-post-text-inner\">\n<div class=\"mkdf-post-text-main\">\n<p>&nbsp;<\/p>\n<hr \/>\n<div class=\"mkdf-post-text\">\n<div class=\"mkdf-post-text-inner\">\n<div class=\"mkdf-post-text-main\">\n<div class=\"page-title-head hgroup\">\n<div class=\"page-title-head hgroup\">\n<div class=\"page-title-head hgroup\">\n<div class=\"page-title-head hgroup\">\n<div class=\"b654a4as d2edcug0\">\n<p>&nbsp;<\/p>\n<h2><span style=\"color: #008000;\">SOLIDARIETA&#8217; VENETO &#8211; SETTEMBRE 2021<\/span><\/h2>\n<p><strong><a href=\"https:\/\/www.radiopiu.net\/wordpress\/speciale-solidarieta-veneto\/solidarieta-veneto-3\/\" rel=\"attachment wp-att-134366\"><img loading=\"lazy\" decoding=\"async\" class=\"size-medium wp-image-134366 alignleft\" src=\"https:\/\/www.radiopiu.net\/wordpress\/wp-content\/uploads\/2020\/05\/solidariet\u00e0-veneto-300x210.jpg\" alt=\"\" width=\"300\" height=\"210\" srcset=\"https:\/\/www.radiopiu.net\/wordpress\/wp-content\/uploads\/2020\/05\/solidariet\u00e0-veneto-300x210.jpg 300w, https:\/\/www.radiopiu.net\/wordpress\/wp-content\/uploads\/2020\/05\/solidariet\u00e0-veneto-1024x717.jpg 1024w, https:\/\/www.radiopiu.net\/wordpress\/wp-content\/uploads\/2020\/05\/solidariet\u00e0-veneto-768x538.jpg 768w, https:\/\/www.radiopiu.net\/wordpress\/wp-content\/uploads\/2020\/05\/solidariet\u00e0-veneto.jpg 1373w\" sizes=\"auto, (max-width: 300px) 100vw, 300px\" \/><\/a>di Claudio Fontanive<\/strong><\/p>\n<p>OSPITI: Paolo Stefan e Thomas Argenta<\/p>\n<audio class=\"wp-audio-shortcode\" id=\"audio-231509-8\" preload=\"none\" style=\"width: 100%;\" controls=\"controls\"><source type=\"audio\/mpeg\" src=\"https:\/\/www.radiopiu.net\/wordpress\/wp-content\/uploads\/2021\/09\/solidarieta-veneto-settembre.mp3?_=8\" \/><a href=\"https:\/\/www.radiopiu.net\/wordpress\/wp-content\/uploads\/2021\/09\/solidarieta-veneto-settembre.mp3\">https:\/\/www.radiopiu.net\/wordpress\/wp-content\/uploads\/2021\/09\/solidarieta-veneto-settembre.mp3<\/a><\/audio>\n<p>&nbsp;<\/p>\n<h2>LA RACCOLTA COMPLETA<\/h2>\n<blockquote class=\"wp-embedded-content\" data-secret=\"7b3LFW8uD3\"><p><a href=\"https:\/\/www.radiopiu.net\/wordpress\/solidarieta-veneto\/\">Solidariet\u00e0 Veneto<\/a><\/p><\/blockquote>\n<p><iframe loading=\"lazy\" class=\"wp-embedded-content\" sandbox=\"allow-scripts\" security=\"restricted\" style=\"position: absolute; clip: rect(1px, 1px, 1px, 1px);\" title=\"&#8220;Solidariet\u00e0 Veneto&#8221; &#8212; Radio Pi\u00f9\" src=\"https:\/\/www.radiopiu.net\/wordpress\/solidarieta-veneto\/embed\/#?secret=7b3LFW8uD3\" data-secret=\"7b3LFW8uD3\" width=\"600\" height=\"338\" frameborder=\"0\" marginwidth=\"0\" marginheight=\"0\" scrolling=\"no\"><\/iframe><\/p>\n<blockquote>\n<h2><\/h2>\n<\/blockquote>\n<p>&nbsp;<\/p>\n<hr \/>\n<p>&nbsp;<\/p>\n<div>\n<div class=\"b654a4as d2edcug0\">\n<div class=\"rq0escxv hkbzh7o3 jwdofwj8 n8tt0mok r8blr3vg hyh9befq\">\n<p><a class=\"dt-pswp-item\" href=\"https:\/\/www.radiopiu.net\/wordpress\/wp-content\/uploads\/2020\/10\/pp.jpg\" data-dt-img-description=\"\" data-large_image_width=\"640\" data-large_image_height=\"640\"><img loading=\"lazy\" decoding=\"async\" class=\"wp-image-163678 alignleft\" src=\"https:\/\/www.radiopiu.net\/wordpress\/wp-content\/uploads\/2020\/10\/pp-300x300.jpg\" alt=\"\" width=\"106\" height=\"106\" srcset=\"https:\/\/www.radiopiu.net\/wordpress\/wp-content\/uploads\/2020\/10\/pp-300x300.jpg 300w, https:\/\/www.radiopiu.net\/wordpress\/wp-content\/uploads\/2020\/10\/pp-150x150.jpg 150w, https:\/\/www.radiopiu.net\/wordpress\/wp-content\/uploads\/2020\/10\/pp-125x125.jpg 125w, https:\/\/www.radiopiu.net\/wordpress\/wp-content\/uploads\/2020\/10\/pp-200x200.jpg 200w, https:\/\/www.radiopiu.net\/wordpress\/wp-content\/uploads\/2020\/10\/pp-80x80.jpg 80w, https:\/\/www.radiopiu.net\/wordpress\/wp-content\/uploads\/2020\/10\/pp-480x480.jpg 480w, https:\/\/www.radiopiu.net\/wordpress\/wp-content\/uploads\/2020\/10\/pp.jpg 640w\" sizes=\"auto, (max-width: 106px) 100vw, 106px\" \/><\/a><\/p>\n<\/div>\n<\/div>\n<\/div>\n<div>\n<div class=\"page-title-head hgroup\">\n<div class=\"page-title-head hgroup\">\n<div class=\"b654a4as d2edcug0\">\n<div class=\"j83agx80 btwxx1t3 lhclo0ds hop8lmos nkwizq5d scwd0bx6 roh60bw9\">\n<div class=\"rq0escxv hkbzh7o3 jwdofwj8 n8tt0mok r8blr3vg hyh9befq\">\n<div class=\"do00u71z l9j0dhe7 k4urcfbm\">\n<h2><span style=\"color: #000080;\">DON CESARE, IL PENSIERO DEL GIORNO. ALLA RADIO ALLE 7 DEL MATTINO E ALLE 19.30 DELLA SERA.\u00a0\u00a0<\/span><\/h2>\n<\/div>\n<\/div>\n<\/div>\n<\/div>\n<\/div>\n<div class=\"page-title-head hgroup\">\n<audio class=\"wp-audio-shortcode\" id=\"audio-231509-9\" preload=\"none\" style=\"width: 100%;\" controls=\"controls\"><source type=\"audio\/mpeg\" src=\"https:\/\/www.radiopiu.net\/wordpress\/wp-content\/uploads\/2021\/09\/CESARE-7.mp3?_=9\" \/><a href=\"https:\/\/www.radiopiu.net\/wordpress\/wp-content\/uploads\/2021\/09\/CESARE-7.mp3\">https:\/\/www.radiopiu.net\/wordpress\/wp-content\/uploads\/2021\/09\/CESARE-7.mp3<\/a><\/audio>\n<p>&nbsp;<\/p>\n<hr \/>\n<p class=\"b654a4as d2edcug0\"><span style=\"color: #ff6600;\">\u00a0 \u00a0<\/span><\/p>\n<p>&nbsp;<\/p>\n<p>&nbsp;<\/p>\n<blockquote class=\"wp-embedded-content\" data-secret=\"eSAdORMDnD\"><p><a href=\"https:\/\/www.radiopiu.net\/wordpress\/girovagando-in-e-bike-tra-le-dolomiti\/\">GIROVAGANDO IN E BIKE TRA LE DOLOMITI<\/a><\/p><\/blockquote>\n<p><iframe loading=\"lazy\" class=\"wp-embedded-content\" sandbox=\"allow-scripts\" security=\"restricted\" style=\"position: absolute; clip: rect(1px, 1px, 1px, 1px);\" title=\"&#8220;GIROVAGANDO IN E BIKE TRA LE DOLOMITI&#8221; &#8212; Radio Pi\u00f9\" src=\"https:\/\/www.radiopiu.net\/wordpress\/girovagando-in-e-bike-tra-le-dolomiti\/embed\/#?secret=eSAdORMDnD\" data-secret=\"eSAdORMDnD\" width=\"600\" height=\"338\" frameborder=\"0\" marginwidth=\"0\" marginheight=\"0\" scrolling=\"no\"><\/iframe><\/p>\n<p>\u200b<\/p>\n<p>\u200b<\/p>\n<hr \/>\n<\/div>\n<\/div>\n<\/div>\n<\/div>\n<\/div>\n<\/div>\n<\/div>\n<\/div>\n<\/div>\n<\/div>\n<\/div>\n<\/div>\n<\/div>\n<\/div>\n<\/div>\n<\/div>\n<\/div>\n<\/div>\n<\/div>\n<\/div>\n<\/div>\n<\/div>\n<\/div>\n<div class=\"mkdf-post-text\">\n<div class=\"mkdf-post-text-inner\">\n<div class=\"mkdf-post-text-main\">\n<div class=\"mkdf-post-text\">\n<div class=\"mkdf-post-text-inner\">\n<div class=\"mkdf-post-text-main\">\n<div>\n<div class=\"page-title-head hgroup\">\n<div class=\"page-title-head hgroup\">\n<div class=\"page-title-head hgroup\">\n<div class=\"page-title-head hgroup\">\n<div class=\"b654a4as d2edcug0\">\n<div class=\"page-title-head hgroup\">\n<div class=\"page-title-head hgroup\">\n<p>&nbsp;<\/p>\n<\/div>\n<\/div>\n<\/div>\n<\/div>\n<\/div>\n<\/div>\n<\/div>\n<\/div>\n<\/div>\n<\/div>\n<\/div>\n<\/div>\n<\/div>\n<\/div>\n<\/div>\n<\/div>\n<\/div>\n<\/div>\n<\/div>\n<\/div>\n<\/div>\n<\/div>\n<\/div>\n<\/div>\n<\/div>\n<\/div>\n<blockquote>\n<h3><\/h3>\n<h3>COLLAGE&#8230; DI LORIS SCUSSEL dal lunedi al venerdi alle 16 e alle 23 su RADIO PIU<\/h3>\n<\/blockquote>\n<div>\n<p><img loading=\"lazy\" decoding=\"async\" class=\"alignleft\" src=\"https:\/\/www.radiopiu.net\/wordpress\/wp-content\/uploads\/2021\/05\/Schermata-2021-05-23-alle-11.50.11.png\" width=\"186\" height=\"131\" \/><\/p>\n<div>\n<p>Il programma \u00e8 andato in onda da dicembre 2013 fino a luglio 2019, comprese le repliche, in due serie per 350 puntate complessive con 1.890 brani trasmessi. L\u2019obiettivo del programma: riproporre agli ascoltatori pi\u00f9 grandicelli le canzoni che ascoltavano nel passato e nello stesso tempo farle conoscere anche ai pi\u00f9 giovani.<\/p>\n<\/div>\n<\/div>\n<div>\n<p><b>\u00a0\u00a0<\/b><\/p>\n<p><strong>PUNTATA DEL 10 SETTEMBRE 2021\u00a0 n.430<\/strong><\/p>\n<\/div>\n<\/div>\n<\/div>\n<\/div>\n<\/div>\n<\/div>\n<\/div>\n<\/div>\n<\/div>\n<\/div>\n<\/div>\n<\/div>\n<\/div>\n<\/div>\n<\/div>\n<\/div>\n<\/div>\n<\/div>\n<\/div>\n<\/div>\n<\/div>\n<\/div>\n<\/div>\n<\/div>\n<\/div>\n<\/div>\n<\/div>\n<\/div>\n<\/div>\n<\/div>\n<\/div>\n<\/div>\n<\/div>\n<\/div>\n<\/div>\n<\/div>\n<\/div>\n<\/div>\n<\/div>\n<\/div>\n<\/div>\n<\/div>\n<\/div>\n<\/div>\n<\/div>\n<\/div>\n<\/div>\n<\/div>\n<\/div>\n<\/div>\n<\/div>\n<\/div>\n<\/div>\n<\/div>\n<\/div>\n<\/div>\n<\/div>\n<\/div>\n<\/div>\n<\/div>\n<\/div>\n<\/div>\n<div>\n<div>\n<div class=\"b654a4as d2edcug0\">\n<div class=\"rq0escxv hkbzh7o3 jwdofwj8 n8tt0mok r8blr3vg hyh9befq\">\n<div class=\"b654a4as d2edcug0\">\n<div class=\"b654a4as d2edcug0\">\n<div>\n<div class=\"b654a4as d2edcug0\"><\/div>\n<\/div>\n<\/div>\n<\/div>\n<\/div>\n<\/div>\n<\/div>\n<audio class=\"wp-audio-shortcode\" id=\"audio-231509-10\" preload=\"none\" style=\"width: 100%;\" controls=\"controls\"><source type=\"audio\/mpeg\" src=\"https:\/\/www.radiopiu.net\/wordpress\/wp-content\/uploads\/2021\/09\/COVE.mp3?_=10\" \/><a href=\"https:\/\/www.radiopiu.net\/wordpress\/wp-content\/uploads\/2021\/09\/COVE.mp3\">https:\/\/www.radiopiu.net\/wordpress\/wp-content\/uploads\/2021\/09\/COVE.mp3<\/a><\/audio>\n<p>&nbsp;<\/p>\n<hr \/>\n<div><\/div>\n<div>\n<div class=\"page-title-head hgroup\">\n<div class=\"page-title-head hgroup\">\n<div class=\"page-title-head hgroup\">\n<div class=\"page-title-head hgroup\">\n<div class=\"page-title-head hgroup\">\n<div>\n<div class=\"b654a4as d2edcug0\">\u00a0 \u00a0 \u00a0<strong style=\"color: #800080;\">LA RASSEGNA STAMPA DA L&#8217;AMICO DEL POPOLO\u00a0<\/strong><\/div>\n<\/div>\n<\/div>\n<\/div>\n<\/div>\n<\/div>\n<\/div>\n<\/div>\n<div>\n<div class=\"page-title-head hgroup\">\n<div class=\"page-title-head hgroup\">\n<div class=\"page-title-head hgroup\">\n<div class=\"page-title-head hgroup\">\n<div class=\"b654a4as d2edcug0\">\n<div class=\"page-title-head hgroup\">\n<div class=\"page-title-head hgroup\">\n<div class=\"page-title-head hgroup\">\n<div class=\"page-title-head hgroup\">\n<div class=\"b654a4as d2edcug0\">\n<div>\n<h3 class=\"kvgmc6g5 cxmmr5t8 oygrvhab hcukyx3x c1et5uql\"><span style=\"color: #0000ff;\"> INFORMAZIONE il canale su TELEGRAM informazione di prima mano e in tempo reale. iscriviti ed aiutaci a farlo conoscere\u00a0\u00a0<\/span><\/h3>\n<p><strong><a href=\"https:\/\/www.radiopiu.net\/wordpress\/la-rassegna-stampa-da-lamico-del-popolo-04-settembre-2021\/ghe-rivarem-a-baita-4149-2\/\" rel=\"attachment wp-att-230850\"><img loading=\"lazy\" decoding=\"async\" class=\"size-medium wp-image-230850 alignleft\" src=\"https:\/\/www.radiopiu.net\/wordpress\/wp-content\/uploads\/2021\/09\/Ghe-rivarem-a-baita-4149-300x200.jpg\" alt=\"\" width=\"300\" height=\"200\" srcset=\"https:\/\/www.radiopiu.net\/wordpress\/wp-content\/uploads\/2021\/09\/Ghe-rivarem-a-baita-4149-300x200.jpg 300w, https:\/\/www.radiopiu.net\/wordpress\/wp-content\/uploads\/2021\/09\/Ghe-rivarem-a-baita-4149-1024x683.jpg 1024w, https:\/\/www.radiopiu.net\/wordpress\/wp-content\/uploads\/2021\/09\/Ghe-rivarem-a-baita-4149-768x512.jpg 768w, https:\/\/www.radiopiu.net\/wordpress\/wp-content\/uploads\/2021\/09\/Ghe-rivarem-a-baita-4149.jpg 1200w\" sizes=\"auto, (max-width: 300px) 100vw, 300px\" \/><\/a>di Gianni Santomaso<\/strong><\/p>\n<p>OSPITE: Sara Luchetta<\/p>\n<audio class=\"wp-audio-shortcode\" id=\"audio-231509-11\" preload=\"none\" style=\"width: 100%;\" controls=\"controls\"><source type=\"audio\/mpeg\" src=\"https:\/\/www.radiopiu.net\/wordpress\/wp-content\/uploads\/2021\/09\/RASSEGNA-GIANNI.mp3?_=11\" \/><a href=\"https:\/\/www.radiopiu.net\/wordpress\/wp-content\/uploads\/2021\/09\/RASSEGNA-GIANNI.mp3\">https:\/\/www.radiopiu.net\/wordpress\/wp-content\/uploads\/2021\/09\/RASSEGNA-GIANNI.mp3<\/a><\/audio>\n<p>&nbsp;<\/p>\n<blockquote class=\"wp-embedded-content\" data-secret=\"3zLaynFpdf\"><p><a href=\"https:\/\/www.radiopiu.net\/wordpress\/rassegna-stampa-di-gianni-santomaso\/\">Rassegna stampa da l&#8217;amico del popolo &#8211; di Gianni Santomaso<\/a><\/p><\/blockquote>\n<p><iframe loading=\"lazy\" class=\"wp-embedded-content\" sandbox=\"allow-scripts\" security=\"restricted\" style=\"position: absolute; clip: rect(1px, 1px, 1px, 1px);\" title=\"&#8220;Rassegna stampa da l&#8217;amico del popolo &#8211; di Gianni Santomaso&#8221; &#8212; Radio Pi\u00f9\" src=\"https:\/\/www.radiopiu.net\/wordpress\/rassegna-stampa-di-gianni-santomaso\/embed\/#?secret=3zLaynFpdf\" data-secret=\"3zLaynFpdf\" width=\"600\" height=\"338\" frameborder=\"0\" marginwidth=\"0\" marginheight=\"0\" scrolling=\"no\"><\/iframe><\/p>\n<p>&nbsp;<\/p>\n<hr \/>\n<p>&nbsp;<\/p>\n<p>&nbsp;<\/p>\n<\/div>\n<div dir=\"auto\">\n<blockquote class=\"wp-embedded-content\" data-secret=\"ZrJWNu9gbh\"><p><a href=\"https:\/\/www.radiopiu.net\/wordpress\/saluteesocieta\/\">Salute e Societ\u00e0<\/a><\/p><\/blockquote>\n<p><iframe loading=\"lazy\" class=\"wp-embedded-content\" sandbox=\"allow-scripts\" security=\"restricted\" style=\"position: absolute; clip: rect(1px, 1px, 1px, 1px);\" title=\"&#8220;Salute e Societ\u00e0&#8221; &#8212; Radio Pi\u00f9\" src=\"https:\/\/www.radiopiu.net\/wordpress\/saluteesocieta\/embed\/#?secret=ZrJWNu9gbh\" data-secret=\"ZrJWNu9gbh\" width=\"600\" height=\"338\" frameborder=\"0\" marginwidth=\"0\" marginheight=\"0\" scrolling=\"no\"><\/iframe><\/p>\n<\/div>\n<div dir=\"auto\">\n<h1><\/h1>\n<\/div>\n<div>\n<div class=\"page-title-head hgroup\">\n<div class=\"page-title-head hgroup\">\n<div class=\"page-title-head hgroup\">\n<div>\n<div class=\"b654a4as d2edcug0\">\n<div class=\"rq0escxv hkbzh7o3 jwdofwj8 n8tt0mok r8blr3vg hyh9befq\">\n<hr \/>\n<\/div>\n<\/div>\n<\/div>\n<div>\n<div class=\"page-title-head hgroup\">\n<div class=\"page-title-head hgroup\">\n<div class=\"b654a4as d2edcug0\">\n<p>&nbsp;<\/p>\n<blockquote>\n<h3><img loading=\"lazy\" decoding=\"async\" class=\"alignleft\" src=\"https:\/\/www.radiopiu.net\/wordpress\/wp-content\/uploads\/2021\/06\/fresh-flower-leaves-saffron-white-background-place-your-text-use-saffron-spice-cooking-cosmetology_347372-394.jpeg\" width=\"141\" height=\"94\" \/>L&#8217;ALMANACCO LADINO CON L&#8217;ISTITUT CESA DE JAN QUINDICINALE APPUNTAMENTO. LA DOMENICA ALLE 9 IL LUNEDI ALLE 8.35 IL MARTEDI ALLE 12.35 IL MERCOLEDI ALLE 18.35. SECONDA STAGIONE.<strong style=\"font-size: 14px;\">\u00a0<\/strong><\/h3>\n<\/blockquote>\n<p><strong>\u00a0<\/strong><strong>\u00a0RACCOLTA COMPLETA\u00a0<\/strong><\/p>\n<blockquote class=\"wp-embedded-content\" data-secret=\"oRBoAsuEyl\"><p><a href=\"https:\/\/www.radiopiu.net\/wordpress\/almanacco-ladino\/\">Almanacco Ladino<\/a><\/p><\/blockquote>\n<p><iframe loading=\"lazy\" class=\"wp-embedded-content\" sandbox=\"allow-scripts\" security=\"restricted\" style=\"position: absolute; clip: rect(1px, 1px, 1px, 1px);\" title=\"&#8220;Almanacco Ladino&#8221; &#8212; Radio Pi\u00f9\" src=\"https:\/\/www.radiopiu.net\/wordpress\/almanacco-ladino\/embed\/#?secret=oRBoAsuEyl\" data-secret=\"oRBoAsuEyl\" width=\"600\" height=\"338\" frameborder=\"0\" marginwidth=\"0\" marginheight=\"0\" scrolling=\"no\"><\/iframe><\/p>\n<\/div>\n<div>\n<p>&nbsp;<\/p>\n<hr \/>\n<h2><span style=\"color: #808000;\">DUE MINUTI UN LIBRO\u00a0 TUTTI I GIORNI ALLA RADIO ALLE 9.30 E ALLE 18. QUINTA STAGIONE\u00a0\u00a0<\/span><\/h2>\n<blockquote class=\"wp-embedded-content\" data-secret=\"rhzIlOvS1Q\"><p><a href=\"https:\/\/www.radiopiu.net\/wordpress\/la-cascina-dei-gobbi\/\">La cascina dei gobbi<\/a><\/p><\/blockquote>\n<p><iframe loading=\"lazy\" class=\"wp-embedded-content\" sandbox=\"allow-scripts\" security=\"restricted\" style=\"position: absolute; clip: rect(1px, 1px, 1px, 1px);\" title=\"&#8220;La cascina dei gobbi&#8221; &#8212; Radio Pi\u00f9\" src=\"https:\/\/www.radiopiu.net\/wordpress\/la-cascina-dei-gobbi\/embed\/#?secret=rhzIlOvS1Q\" data-secret=\"rhzIlOvS1Q\" width=\"600\" height=\"338\" frameborder=\"0\" marginwidth=\"0\" marginheight=\"0\" scrolling=\"no\"><\/iframe><\/p>\n<p><strong>LA RACCOLTA COMPLETA\u00a0\u00a0<\/strong><\/p>\n<\/div>\n<div>\n<blockquote class=\"wp-embedded-content\" data-secret=\"mj5AXlv8BN\"><p><a href=\"https:\/\/www.radiopiu.net\/wordpress\/due-minuti-un-libro\/\">Due minuti un libro<\/a><\/p><\/blockquote>\n<p><iframe loading=\"lazy\" class=\"wp-embedded-content\" sandbox=\"allow-scripts\" security=\"restricted\" style=\"position: absolute; clip: rect(1px, 1px, 1px, 1px);\" title=\"&#8220;Due minuti un libro&#8221; &#8212; Radio Pi\u00f9\" src=\"https:\/\/www.radiopiu.net\/wordpress\/due-minuti-un-libro\/embed\/#?secret=mj5AXlv8BN\" data-secret=\"mj5AXlv8BN\" width=\"600\" height=\"338\" frameborder=\"0\" marginwidth=\"0\" marginheight=\"0\" scrolling=\"no\"><\/iframe><\/p>\n<p>&nbsp;<\/p>\n<hr \/>\n<p>\u200b<\/p>\n<div>\n<h2><span style=\"color: #33cccc;\">I RACCONTI DI PAOLO SOPPELSA il lunedi alle 9.30 e 18.30<\/span><\/h2>\n<p>&nbsp;<\/p>\n<blockquote class=\"wp-embedded-content\" data-secret=\"9erRZNn6tq\"><p><a href=\"https:\/\/www.radiopiu.net\/wordpress\/i-racconti-di-paolo-soppelsa\/\">I racconti di Paolo Soppelsa<\/a><\/p><\/blockquote>\n<p><iframe loading=\"lazy\" class=\"wp-embedded-content\" sandbox=\"allow-scripts\" security=\"restricted\" style=\"position: absolute; clip: rect(1px, 1px, 1px, 1px);\" title=\"&#8220;I racconti di Paolo Soppelsa&#8221; &#8212; Radio Pi\u00f9\" src=\"https:\/\/www.radiopiu.net\/wordpress\/i-racconti-di-paolo-soppelsa\/embed\/#?secret=9erRZNn6tq\" data-secret=\"9erRZNn6tq\" width=\"600\" height=\"338\" frameborder=\"0\" marginwidth=\"0\" marginheight=\"0\" scrolling=\"no\"><\/iframe><\/p>\n<p>&nbsp;<\/p>\n<\/div>\n<\/div>\n<hr \/>\n<p>&nbsp;<\/p>\n<div class=\"mkdf-post-text\">\n<div class=\"mkdf-post-text-inner\">\n<div class=\"mkdf-post-text-main\">\n<div class=\"mkdf-post-text\">\n<div class=\"mkdf-post-text-inner\">\n<div class=\"mkdf-post-text-main\">\n<div class=\"mkdf-post-text\">\n<div class=\"mkdf-post-text-inner\">\n<div class=\"mkdf-post-text-main\">\n<div class=\"page-title-head hgroup\">\n<div class=\"page-title-head hgroup\">\n<div class=\"mkdf-post-text\">\n<div class=\"mkdf-post-text-inner\">\n<div class=\"mkdf-post-text-main\">\n<div class=\"mkdf-post-text\">\n<div class=\"mkdf-post-text-inner\">\n<div class=\"mkdf-post-text-main\">\n<div>\n<div class=\"page-title-head hgroup\">\n<div class=\"page-title-head hgroup\">\n<div class=\"page-title-head hgroup\">\n<div class=\"page-title-head hgroup\">\n<div class=\"b654a4as d2edcug0\">\n<div class=\"page-title-head hgroup\">\n<div class=\"page-title-head hgroup\">\n<div class=\"page-title-head hgroup\">\n<div class=\"page-title-head hgroup\">\n<div class=\"b654a4as d2edcug0\">\n<div>\n<div>\n<div>\n<div>\n<div class=\"page-title-head hgroup\">\n<div class=\"page-title-head hgroup\">\n<div class=\"page-title-head hgroup\">\n<div class=\"page-title-head hgroup\">\n<div class=\"b654a4as d2edcug0\">\n<div class=\"page-title-head hgroup\">\n<div class=\"page-title-head hgroup\">\n<div class=\"page-title-head hgroup\">\n<div class=\"page-title-head hgroup\">\n<div class=\"b654a4as d2edcug0\">\n<div>\n<div class=\"page-title-head hgroup\">\n<div class=\"page-title-head hgroup\">\n<div class=\"page-title-head hgroup\">\n<div>\n<div class=\"page-title-head hgroup\">\n<div class=\"page-title-head hgroup\">\n<div class=\"page-title-head hgroup\">\n<p>&nbsp;<\/p>\n<p><a href=\"https:\/\/www.radiopiu.net\/wordpress\/giornale-radiopiu-26-settembre-2018-direttore-mirko-mezzacasa\/viabilita-2\/\" rel=\"attachment wp-att-61954\"><img loading=\"lazy\" decoding=\"async\" class=\"wp-image-61954 size-full aligncenter\" src=\"https:\/\/www.radiopiu.net\/wordpress\/wp-content\/uploads\/2018\/09\/viabilita.jpeg\" alt=\"\" width=\"800\" height=\"100\" srcset=\"https:\/\/www.radiopiu.net\/wordpress\/wp-content\/uploads\/2018\/09\/viabilita.jpeg 800w, https:\/\/www.radiopiu.net\/wordpress\/wp-content\/uploads\/2018\/09\/viabilita-300x38.jpeg 300w, https:\/\/www.radiopiu.net\/wordpress\/wp-content\/uploads\/2018\/09\/viabilita-768x96.jpeg 768w\" sizes=\"auto, (max-width: 800px) 100vw, 800px\" \/><\/a><\/p>\n<blockquote><p><a href=\"https:\/\/www.radiopiu.net\/wordpress\/giornale-radiopiu-09-agosto-2018-direttore-mirko-mezzacasa\/viabilia\/\" rel=\"attachment wp-att-57053\"><img loading=\"lazy\" decoding=\"async\" class=\" wp-image-57053 alignleft\" src=\"https:\/\/www.radiopiu.net\/wordpress\/wp-content\/uploads\/2018\/08\/VIABILIA-300x180.jpeg\" alt=\"\" width=\"220\" height=\"132\" srcset=\"https:\/\/www.radiopiu.net\/wordpress\/wp-content\/uploads\/2018\/08\/VIABILIA-300x180.jpeg 300w, https:\/\/www.radiopiu.net\/wordpress\/wp-content\/uploads\/2018\/08\/VIABILIA-768x461.jpeg 768w, https:\/\/www.radiopiu.net\/wordpress\/wp-content\/uploads\/2018\/08\/VIABILIA-1024x614.jpeg 1024w, https:\/\/www.radiopiu.net\/wordpress\/wp-content\/uploads\/2018\/08\/VIABILIA.jpeg 1280w\" sizes=\"auto, (max-width: 220px) 100vw, 220px\" \/><\/a><\/p><\/blockquote>\n<\/div>\n<\/div>\n<\/div>\n<\/div>\n<\/div>\n<\/div>\n<\/div>\n<\/div>\n<div>\n<div>\n<div class=\"page-title-head hgroup\">\n<div class=\"page-title-head hgroup\">\n<div class=\"page-title-head hgroup\">\n<div class=\"page-title-head hgroup\">\n<div class=\"page-title-head hgroup\">\n<div class=\"page-title-head hgroup\">\n<blockquote><p>La viabilit\u00e0 con gli ultimi aggiornamenti<\/p><\/blockquote>\n<\/div>\n<\/div>\n<\/div>\n<\/div>\n<\/div>\n<\/div>\n<\/div>\n<div><\/div>\n<div><\/div>\n<div>\n<div><\/div>\n<\/div>\n<\/div>\n<\/div>\n<\/div>\n<\/div>\n<\/div>\n<\/div>\n<\/div>\n<\/div>\n<\/div>\n<\/div>\n<\/div>\n<\/div>\n<div>\n<div class=\"page-title-head hgroup\">\n<div class=\"page-title-head hgroup\">\n<div class=\"page-title-head hgroup\">\n<div class=\"page-title-head hgroup\">\n<div class=\"b654a4as d2edcug0\">\n<div>\n<div class=\"page-title-head hgroup\" style=\"text-align: left;\"><\/div>\n<\/div>\n<\/div>\n<\/div>\n<\/div>\n<\/div>\n<\/div>\n<\/div>\n<\/div>\n<\/div>\n<\/div>\n<div>\n<div>\n<div class=\"page-title-head hgroup\">\n<div class=\"page-title-head hgroup\">\n<div class=\"page-title-head hgroup\">\n<div class=\"page-title-head hgroup\">\n<div class=\"b654a4as d2edcug0\">\n<div class=\"page-title-head hgroup\">\n<div class=\"page-title-head hgroup\">\n<div class=\"page-title-head hgroup\">\n<div class=\"page-title-head hgroup\">\n<div class=\"b654a4as d2edcug0\">\n<div>\n<div class=\"page-title-head hgroup\">\n<div class=\"page-title-head hgroup\">\n<div class=\"page-title-head hgroup\">\n<div class=\"page-title-head hgroup\">\n<div class=\"page-title-head hgroup\">\n<div>\n<audio class=\"wp-audio-shortcode\" id=\"audio-231509-12\" preload=\"none\" style=\"width: 100%;\" controls=\"controls\"><source type=\"audio\/mpeg\" src=\"https:\/\/www.radiopiu.net\/wordpress\/wp-content\/uploads\/2021\/09\/VIABILITA.mp3?_=12\" \/><a href=\"https:\/\/www.radiopiu.net\/wordpress\/wp-content\/uploads\/2021\/09\/VIABILITA.mp3\">https:\/\/www.radiopiu.net\/wordpress\/wp-content\/uploads\/2021\/09\/VIABILITA.mp3<\/a><\/audio>\n<p>&nbsp;<\/p>\n<\/div>\n<\/div>\n<\/div>\n<\/div>\n<\/div>\n<\/div>\n<\/div>\n<\/div>\n<\/div>\n<\/div>\n<\/div>\n<\/div>\n<\/div>\n<\/div>\n<\/div>\n<\/div>\n<\/div>\n<\/div>\n<\/div>\n<\/div>\n<\/div>\n<\/div>\n<\/div>\n<\/div>\n<\/div>\n<\/div>\n<\/div>\n<\/div>\n<\/div>\n<\/div>\n<\/div>\n<\/div>\n<\/div>\n<\/div>\n<\/div>\n<\/div>\n<\/div>\n<\/div>\n<\/div>\n<\/div>\n<\/div>\n<\/div>\n<\/div>\n<\/div>\n<\/div>\n<\/div>\n<\/div>\n<\/div>\n<\/div>\n<\/div>\n<\/div>\n<\/div>\n<\/div>\n<\/div>\n<\/div>\n<\/div>\n<\/div>\n<\/div>\n<\/div>\n<\/div>\n<\/div>\n<\/div>\n<\/div>\n<\/div>\n<\/div>\n<\/div>\n<div>\n<div class=\"page-title-head hgroup\">\n<div class=\"page-title-head hgroup\">\n<div class=\"page-title-head hgroup\">\n<div class=\"page-title-head hgroup\">\n<div class=\"b654a4as d2edcug0\">\n<div class=\"page-title-head hgroup\">\n<div class=\"page-title-head hgroup\">\n<div class=\"page-title-head hgroup\">\n<div class=\"page-title-head hgroup\">\n<div class=\"b654a4as d2edcug0\">\n<div class=\"page-title-head hgroup\">\n<div class=\"page-title-head hgroup\">\n<div class=\"page-title-head hgroup\">\n<div class=\"page-title-head hgroup\">\n<div class=\"page-title-head hgroup\">\n<div class=\"mkdf-post-text\">\n<div class=\"mkdf-post-text-inner\">\n<div class=\"mkdf-post-text-main\">\n<div class=\"mkdf-post-text\">\n<div class=\"mkdf-post-text-inner\">\n<div class=\"mkdf-post-text-main\">\n<div class=\"mkdf-post-text\">\n<div class=\"mkdf-post-text-inner\">\n<div class=\"mkdf-post-text-main\">\n<div class=\"page-title-head hgroup\">\n<div class=\"page-title-head hgroup\">\n<div class=\"mkdf-post-text\">\n<div class=\"mkdf-post-text-inner\">\n<div class=\"mkdf-post-text-main\">\n<div class=\"mkdf-post-text\">\n<div class=\"mkdf-post-text-inner\">\n<div class=\"mkdf-post-text-main\">\n<div>\n<div class=\"page-title-head hgroup\">\n<div class=\"page-title-head hgroup\">\n<div class=\"page-title-head hgroup\">\n<div class=\"page-title-head hgroup\">\n<div class=\"b654a4as d2edcug0\">\n<div class=\"page-title-head hgroup\">\n<div class=\"page-title-head hgroup\">\n<div class=\"page-title-head hgroup\">\n<div class=\"page-title-head hgroup\">\n<div class=\"b654a4as d2edcug0\">\n<div>\n<div>\n<div>\n<div class=\"page-title-head hgroup\">\n<hr \/>\n<p>&nbsp;<\/p>\n<\/div>\n<\/div>\n<\/div>\n<\/div>\n<\/div>\n<\/div>\n<\/div>\n<\/div>\n<\/div>\n<\/div>\n<\/div>\n<\/div>\n<\/div>\n<\/div>\n<\/div>\n<div>\n<div class=\"page-title-head hgroup\">\n<div class=\"page-title-head hgroup\">\n<div>\n<div class=\"page-title-head hgroup\">\n<div class=\"page-title-head hgroup\">\n<div class=\"b654a4as d2edcug0\">\n<div>\n<div class=\"page-title-head hgroup\" style=\"text-align: left;\">\n<div class=\"page-title-head hgroup\">\n<div dir=\"auto\">\n<p><a class=\"dt-pswp-item pspw-wrap-ready\" href=\"https:\/\/i0.wp.com\/www.radiopiu.net\/wordpress\/wp-content\/uploads\/2018\/09\/WhatsApp-Image-2018-09-20-at-16.04.06.jpeg?ssl=1\" data-dt-img-description=\"\" data-large_image_width=\"800\" data-large_image_height=\"100\"><img loading=\"lazy\" decoding=\"async\" class=\"aligncenter wp-image-61378 size-full jetpack-lazy-image jetpack-lazy-image--handled\" src=\"https:\/\/i0.wp.com\/www.radiopiu.net\/wordpress\/wp-content\/uploads\/2018\/09\/WhatsApp-Image-2018-09-20-at-16.04.06.jpeg?resize=800%2C100&amp;ssl=1\" sizes=\"auto, (max-width: 800px) 100vw, 800px\" srcset=\"https:\/\/i0.wp.com\/www.radiopiu.net\/wordpress\/wp-content\/uploads\/2018\/09\/WhatsApp-Image-2018-09-20-at-16.04.06.jpeg?w=800&amp;ssl=1 800w, https:\/\/i0.wp.com\/www.radiopiu.net\/wordpress\/wp-content\/uploads\/2018\/09\/WhatsApp-Image-2018-09-20-at-16.04.06.jpeg?resize=300%2C38&amp;ssl=1 300w, https:\/\/i0.wp.com\/www.radiopiu.net\/wordpress\/wp-content\/uploads\/2018\/09\/WhatsApp-Image-2018-09-20-at-16.04.06.jpeg?resize=768%2C96&amp;ssl=1 768w\" alt=\"\" width=\"800\" height=\"100\" data-lazy-loaded=\"1\" \/><\/a><\/p>\n<\/div>\n<\/div>\n<\/div>\n<\/div>\n<\/div>\n<\/div>\n<\/div>\n<\/div>\n<\/div>\n<\/div>\n<\/div>\n<\/div>\n<\/div>\n<\/div>\n<\/div>\n<\/div>\n<\/div>\n<\/div>\n<\/div>\n<\/div>\n<\/div>\n<\/div>\n<\/div>\n<\/div>\n<\/div>\n<\/div>\n<\/div>\n<\/div>\n<p>&nbsp;<\/p>\n<p><center><b>Sabato 11<\/b><\/center><b>Tempo atteso: <\/b>Al mattino solo parzialmente soleggiato per la presenza di nubi alte, a tratti medio-alte sulle Dolomiti, in un contesto ancora stabile. Al pomeriggio aumento della nuvolosit\u00e0 per contenuta attivit\u00e0 cumuliforme, localmente moderata e associata a qualche isolato fenomeno convettivo . L&#8217;instabilit\u00e0 sar\u00e0 molto sporadica e su molti settori il tempo rimarr\u00e0 discreto e asciutto. La relativa mitezza tardo-estiva persister\u00e0, nonostante la riduzione del soleggiamento.<br \/>\n<b>Precipitazioni: <\/b>Al mattino assenti (0%), al pomeriggio la probabilit\u00e0 aumenter\u00e0 leggermente su alcuni settori dolomitici, specie a ridosso del Trentino e dell&#8217;Alto Adige (20\/30%), mentre rimarr\u00e0 bassa sul resto delle Dolomiti (10%), come sulla maggiore parte dei settori prealpini.<br \/>\n<b>Temperature: <\/b>Minime pressoch\u00e9 stazionarie in quota e in leggero aumento nelle valli; massime in lieve flessione, specie nei settori dove la nuvolosit\u00e0 ridurr\u00e0 il soleggiamento. Su Prealpi a 1500 m min 10\u00b0C, max 15\u00b0C; a 2000 m min 8\u00b0C, max 11\u00b0C. Su Dolomiti a 2000 m min 7\u00b0C, max 12\u00b0C; a 3000 m min 1\u00b0C, max 2\u00b0C.<br \/>\n<b>Venti: <\/b>Deboli per brezze nelle valli, localmente e a tratti moderati nei settori solitamente pi\u00f9 ventilati; in quota deboli dai quadranti orientali, con qualche rinforzo sulle cime pi\u00f9 alte, a 5-10 km\/h sia a 2000 m che a 3000 m.<\/p>\n<hr \/>\n<p><center><b>Domenica 12<\/b><\/center><b>Tempo atteso: <\/b>Al mattino tempo in prevalenza soleggiato con cielo sereno o poco nuvoloso per qualche stratocumulo mattutino a ridosso dei rilievi e eventuali banchi di nubi basse in Valbelluna, in rapido diradamento. Al pomeriggio leggera riduzione del soleggiamento per modesta attivit\u00e0 cumuliforme su Prealpi e Dolomiti meridionale, parziale sulle Dolomiti settentrionali per maggiore presenza di irregolari annuvolamenti cumuliformi. Notte fresca e valori termici diurni tardo-estivi nelle valli.<br \/>\n<b>Precipitazioni: <\/b>Assenti (0%), salvo isolati piovaschi a ridosso del Trentino e dell&#8217;Alto Adige nel corso del pomeriggio (10%). Al di fuori dei settori confinanti, la probabilit\u00e0 rimarr\u00e0 assente.<br \/>\n<b>Temperature: <\/b>Minime in calo grazie all&#8217;irraggiamento notturno e massime in lieve ripresa per maggiore soleggiamento. Su Prealpi a 1500 m min 9\u00b0C, max 16\u00b0C; a 2000 m min 7\u00b0C, max 12\u00b0C. Su Dolomiti a 2000 m min 6\u00b0C, max 13\u00b0C; a 3000 m min 0\u00b0C, max 3\u00b0C.<br \/>\n<b>Venti: <\/b>Deboli per brezze nelle valli, localmente e a tratti moderati nei settori solitamente pi\u00f9 ventilati; in quota deboli o molto deboli dai quadranti occidentali in giornata, disponendosi da nord alla sera, a 5-10 km\/h sia a 2000 m che a 3000 m.<\/p>\n<hr \/>\n<p><center><b>Lunedi 13<\/b><\/center>Tempo di nuovo molto stabile e ben soleggiato con cielo generalmente sereno o poco nuvoloso per modesti cumuli durante le ore pi\u00f9 calde e qualche velatura del cielo per nubi alte. Temperature minime in calo e massime in lieve aumento. Nelle valli venti a regime di brezza; in quota deboli da ovest sud-ovest.<\/p>\n<hr \/>\n<p><center><b>Martedi 14<\/b><\/center>Tempo ancora in parte soleggiato con cielo generalmente sereno o poco nuvoloso per velature del cielo al mattino e per crescente nuvolosit\u00e0 stratiforme al pomeriggio. Nel contempo l&#8217;attivit\u00e0 cumuliforme tender\u00e0 a svilupparsi maggiormente rispetto ai giorni precedenti. Temperature in generale lieve aumento, salvo leggera flessione delle massime nelle valli. Venti nelle valli a regime di brezza; in quota deboli\/moderati da sud-ovest. Previsore: R.L.Th.<\/p>\n<p>&nbsp;<\/p>\n<div class=\"mkdf-post-text\">\n<div class=\"mkdf-post-text-inner\">\n<hr \/>\n<p>&nbsp;<\/p>\n<p><img loading=\"lazy\" decoding=\"async\" class=\"wp-image-60761 size-full aligncenter\" src=\"https:\/\/www.radiopiu.net\/wordpress\/wp-content\/uploads\/2018\/09\/sport.jpg\" alt=\"\" width=\"800\" height=\"100\" srcset=\"https:\/\/www.radiopiu.net\/wordpress\/wp-content\/uploads\/2018\/09\/sport.jpg 800w, https:\/\/www.radiopiu.net\/wordpress\/wp-content\/uploads\/2018\/09\/sport-300x38.jpg 300w, https:\/\/www.radiopiu.net\/wordpress\/wp-content\/uploads\/2018\/09\/sport-768x96.jpg 768w\" sizes=\"auto, (max-width: 800px) 100vw, 800px\" \/><\/p>\n<p>&nbsp;<\/p>\n<blockquote>\n<h1><span style=\"color: #ff0000;\">DOMANI ALLE 11 IN SPIAGGETTA\u00a0 AD ALLEGHE LA PRESENTAZIONE DELL&#8217;ALLEGHE HOCKEY IHL<\/span><\/h1>\n<h3>AL VIA LA CAMPAGNA ABBONAMENTI PER LA STAGIONE DELL&#8217;ALLEGHE HOCKEY<\/h3>\n<\/blockquote>\n<p><strong><a href=\"https:\/\/www.radiopiu.net\/wordpress\/il-calendario-ufficiale-dellitalian-hockey-league\/logo-alleghe-hockey\/\" rel=\"attachment wp-att-95699\"><img loading=\"lazy\" decoding=\"async\" class=\"size-medium wp-image-95699 alignleft\" src=\"https:\/\/www.radiopiu.net\/wordpress\/wp-content\/uploads\/2019\/08\/logo-alleghe-hockey-300x281.png\" alt=\"\" width=\"300\" height=\"281\" srcset=\"https:\/\/www.radiopiu.net\/wordpress\/wp-content\/uploads\/2019\/08\/logo-alleghe-hockey-300x281.png 300w, https:\/\/www.radiopiu.net\/wordpress\/wp-content\/uploads\/2019\/08\/logo-alleghe-hockey.png 547w\" sizes=\"auto, (max-width: 300px) 100vw, 300px\" \/><\/a>(dal sito alleghehockey.com)<\/strong><\/p>\n<p><strong>ALLEGHE <\/strong>La Societ\u00e0 Alleghe Hockey comunica che gli abbonamenti relativi al campionato di IHL 2020\/2021, dopo la chiusura al pubblico causa Covid, come promesso saranno sostituiti gratuitamente con le nuove tessere valide per la stagione 2021\/2022. Per usufruire di tale opportunit\u00e0 gli interessati dovranno presentarsi alla biglietteria dello stadio in occasione delle prime due gare casalinghe con il vecchio abbonamento, che verr\u00e0 ritirato in favore di quello nuovo. Le condizioni per la stagione 2021\/2022 saranno le stesse della precedente. Per i nuovi abbonati la tessera avr\u00e0 un costo di 75 \u20ac e sar\u00e0 valida per le 9 partite casalinghe di regular season pi\u00f9 le 4 gare della seconda fase e dar\u00e0 diritto ad uno sconto del 20% sul prezzo dei biglietti degli eventuali play-off. Gli abbonamenti potranno essere sottoscritti alla biglietteria dello stadio in occasione delle prime due gare casalinghe. Per aiutare la Societ\u00e0 alcuni abbonati 2020\/2021 hanno chiesto di rinunciare alla possibilit\u00e0 di sostituire gratuitamente la tessera della passata stagione, decidendo di pagare lo stesso il nuovo abbonamento; in questo caso li ringraziamo per l\u2019ulteriore attaccamento dimostrato a squadra e societ\u00e0. La societ\u00e0 coglie l\u2019occasione per porgere un cordiale ringraziamento a tutti i vecchi e nuovi abbonati.<\/p>\n<p>&nbsp;<\/p>\n<\/div>\n<\/div>\n<\/div>\n<\/div>\n<\/div>\n<\/div>\n<\/div>\n<\/div>\n<\/div>\n<\/div>\n<\/div>\n<\/div>\n<\/div>\n<\/div>\n<\/div>\n<\/div>\n<\/div>\n<\/div>\n","protected":false},"excerpt":{"rendered":"<p>SOSPIROLO\u00a0Radio Pi\u00f9 appoggia l\u2019iniziativa di\u00a0 Agostino Tegner il pap\u00e0 di Riccardo, poche parole le sue ma piene di significato\u00a0\u201cIo e mia moglie stiamo invecchiando e non riusciamo pi\u00f9\u00a0a trasportare come si deve il nostro ragazzo, che necessita di una macchina attrezzata con un piano ribassato con pedana\u201d. Per questo ha avuto inizio la raccolta fondi&hellip;<\/p>\n","protected":false},"author":4,"featured_media":231629,"comment_status":"closed","ping_status":"open","sticky":false,"template":"","format":"standard","meta":{"_monsterinsights_skip_tracking":false,"_monsterinsights_sitenote_active":false,"_monsterinsights_sitenote_note":"","_monsterinsights_sitenote_category":0,"footnotes":""},"categories":[1,51,86,49],"tags":[],"class_list":["post-231509","post","type-post","status-publish","format-standard","has-post-thumbnail","hentry","category-senza-categoria","category-evidenza-top","category-gr","category-news-18","category-1","category-51","category-86","category-49","description-off"],"img_url":"https:\/\/www.radiopiu.net\/wordpress\/wp-content\/uploads\/2021\/09\/b7f3cda9-7634-445c-8265-567a353db140.jpg","_links":{"self":[{"href":"https:\/\/www.radiopiu.net\/wordpress\/wp-json\/wp\/v2\/posts\/231509","targetHints":{"allow":["GET"]}}],"collection":[{"href":"https:\/\/www.radiopiu.net\/wordpress\/wp-json\/wp\/v2\/posts"}],"about":[{"href":"https:\/\/www.radiopiu.net\/wordpress\/wp-json\/wp\/v2\/types\/post"}],"author":[{"embeddable":true,"href":"https:\/\/www.radiopiu.net\/wordpress\/wp-json\/wp\/v2\/users\/4"}],"replies":[{"embeddable":true,"href":"https:\/\/www.radiopiu.net\/wordpress\/wp-json\/wp\/v2\/comments?post=231509"}],"version-history":[{"count":0,"href":"https:\/\/www.radiopiu.net\/wordpress\/wp-json\/wp\/v2\/posts\/231509\/revisions"}],"wp:featuredmedia":[{"embeddable":true,"href":"https:\/\/www.radiopiu.net\/wordpress\/wp-json\/wp\/v2\/media\/231629"}],"wp:attachment":[{"href":"https:\/\/www.radiopiu.net\/wordpress\/wp-json\/wp\/v2\/media?parent=231509"}],"wp:term":[{"taxonomy":"category","embeddable":true,"href":"https:\/\/www.radiopiu.net\/wordpress\/wp-json\/wp\/v2\/categories?post=231509"},{"taxonomy":"post_tag","embeddable":true,"href":"https:\/\/www.radiopiu.net\/wordpress\/wp-json\/wp\/v2\/tags?post=231509"}],"curies":[{"name":"wp","href":"https:\/\/api.w.org\/{rel}","templated":true}]}}