{"id":231608,"date":"2021-09-10T15:26:22","date_gmt":"2021-09-10T13:26:22","guid":{"rendered":"https:\/\/www.radiopiu.net\/wordpress\/?p=231608"},"modified":"2021-09-11T05:59:19","modified_gmt":"2021-09-11T03:59:19","slug":"la-famiglia-de-poli-consegna-alla-memoria-i-diari-del-padre-pompeo","status":"publish","type":"post","link":"https:\/\/www.radiopiu.net\/wordpress\/la-famiglia-de-poli-consegna-alla-memoria-i-diari-del-padre-pompeo\/","title":{"rendered":"LA FAMIGLIA DE POLI CONSEGNA ALLA MEMORIA I DIARI DEL PADRE POMPEO"},"content":{"rendered":"<p><strong>BELLUNO<\/strong> Una giornata importante per l\u2019Isbrec, Istituto storico bellunese della Resistenza e dell\u2019et\u00e0 contemporanea. Importantissima per la cultura bellunese. La famiglia De Poli ha consegnato all\u2019archivio dell\u2019Istituto i diari di guerra di Pompeo, alpino nelle campagne di Grecia e Albania. Diari da cui \u00e8 stato ricavato il libro (a cura di Diego Cason) \u201cUn alpino in Grecia, Albania e Montenegro\u201d. Il consigliere provinciale delegato alla cultura, Simone Deola: <em>\u00ab\u00c8 un momento importante, perch\u00e9 si dona la memoria di una generazione intera a un archivio che \u00e8 a disposizione dell\u2019intera collettivit\u00e0. Oggi, conoscere queste storie di uomini \u00e8 fondamentale per capire la storia, perch\u00e9 le dinamiche storiche si ripetono. Ringrazio l\u2019Isbrec perch\u00e9 fa un lavoro importante di conoscenza e trasmissione della storia del nostro territorio\u00bb. <\/em>Diego Cason (autore del libro e studioso dell\u2019Isbrec): <em>\u00abLa condivisione dei ricordi forma la grande storia. C\u2019\u00e8 moltissimo materiale, che spesso viene dimenticato e mandato al macero, perch\u00e9 ritenuta poco importante. Invece, \u00e8 fondamentale. Chi ha testimonianze, materiale, foto, sappia che all\u2019Isbrec c\u2019\u00e8 chi lo cataloga per tramandare la storia. In questo sono importanti le storie individuali. Pompeo racconta la sua storia, dentro la quale ci sono le storie di un\u2019epoca e di una generazione. Grazie davvero ai familiari di Pompeo, che ci hanno permesso di pubblicare questo diario\u00bb.<\/em><\/p>\n<p>&nbsp;<\/p>\n<p><strong>NEL VIDEO FRANCO DE POLI, FIGLIO DI POMPEO<\/strong><\/p>\n<div style=\"width: 848px;\" class=\"wp-video\"><video class=\"wp-video-shortcode\" id=\"video-231608-1\" width=\"848\" height=\"480\" preload=\"metadata\" controls=\"controls\"><source type=\"video\/mp4\" src=\"https:\/\/www.radiopiu.net\/wordpress\/wp-content\/uploads\/2021\/09\/WhatsApp-Video-2021-09-10-at-13.18.52.mp4?_=1\" \/><a href=\"https:\/\/www.radiopiu.net\/wordpress\/wp-content\/uploads\/2021\/09\/WhatsApp-Video-2021-09-10-at-13.18.52.mp4\">https:\/\/www.radiopiu.net\/wordpress\/wp-content\/uploads\/2021\/09\/WhatsApp-Video-2021-09-10-at-13.18.52.mp4<\/a><\/video><\/div>\n","protected":false},"excerpt":{"rendered":"<p>BELLUNO Una giornata importante per l\u2019Isbrec, Istituto storico bellunese della Resistenza e dell\u2019et\u00e0 contemporanea. Importantissima per la cultura bellunese. La famiglia De Poli ha consegnato all\u2019archivio dell\u2019Istituto i diari di guerra di Pompeo, alpino nelle campagne di Grecia e Albania. Diari da cui \u00e8 stato ricavato il libro (a cura di Diego Cason) \u201cUn alpino&hellip;<\/p>\n","protected":false},"author":4,"featured_media":231609,"comment_status":"closed","ping_status":"open","sticky":false,"template":"","format":"standard","meta":{"_monsterinsights_skip_tracking":false,"_monsterinsights_sitenote_active":false,"_monsterinsights_sitenote_note":"","_monsterinsights_sitenote_category":0,"footnotes":""},"categories":[1,104,49],"tags":[],"class_list":["post-231608","post","type-post","status-publish","format-standard","has-post-thumbnail","hentry","category-senza-categoria","category-evidenza_3","category-news-18","category-1","category-104","category-49","description-off"],"img_url":"https:\/\/www.radiopiu.net\/wordpress\/wp-content\/uploads\/2021\/09\/5b68a4f6-ebf7-4607-9b7f-0dc96d072017.jpg","_links":{"self":[{"href":"https:\/\/www.radiopiu.net\/wordpress\/wp-json\/wp\/v2\/posts\/231608","targetHints":{"allow":["GET"]}}],"collection":[{"href":"https:\/\/www.radiopiu.net\/wordpress\/wp-json\/wp\/v2\/posts"}],"about":[{"href":"https:\/\/www.radiopiu.net\/wordpress\/wp-json\/wp\/v2\/types\/post"}],"author":[{"embeddable":true,"href":"https:\/\/www.radiopiu.net\/wordpress\/wp-json\/wp\/v2\/users\/4"}],"replies":[{"embeddable":true,"href":"https:\/\/www.radiopiu.net\/wordpress\/wp-json\/wp\/v2\/comments?post=231608"}],"version-history":[{"count":0,"href":"https:\/\/www.radiopiu.net\/wordpress\/wp-json\/wp\/v2\/posts\/231608\/revisions"}],"wp:featuredmedia":[{"embeddable":true,"href":"https:\/\/www.radiopiu.net\/wordpress\/wp-json\/wp\/v2\/media\/231609"}],"wp:attachment":[{"href":"https:\/\/www.radiopiu.net\/wordpress\/wp-json\/wp\/v2\/media?parent=231608"}],"wp:term":[{"taxonomy":"category","embeddable":true,"href":"https:\/\/www.radiopiu.net\/wordpress\/wp-json\/wp\/v2\/categories?post=231608"},{"taxonomy":"post_tag","embeddable":true,"href":"https:\/\/www.radiopiu.net\/wordpress\/wp-json\/wp\/v2\/tags?post=231608"}],"curies":[{"name":"wp","href":"https:\/\/api.w.org\/{rel}","templated":true}]}}