{"id":231660,"date":"2021-09-11T05:24:52","date_gmt":"2021-09-11T03:24:52","guid":{"rendered":"https:\/\/www.radiopiu.net\/wordpress\/?p=231660"},"modified":"2021-09-11T05:24:52","modified_gmt":"2021-09-11T03:24:52","slug":"chiude-la-scuola-e-la-regione-che-fa","status":"publish","type":"post","link":"https:\/\/www.radiopiu.net\/wordpress\/chiude-la-scuola-e-la-regione-che-fa\/","title":{"rendered":"CHIUDE LA SCUOLA E LA REGIONE CHE FA?"},"content":{"rendered":"<p><strong><a href=\"https:\/\/www.radiopiu.net\/wordpress\/riaperta-martedi-la-strada-per-carfon-di-canale-dagordo\/canale-dagordo-bl\/\" rel=\"attachment wp-att-155275\"><img loading=\"lazy\" decoding=\"async\" class=\"size-medium wp-image-155275 alignleft\" src=\"https:\/\/www.radiopiu.net\/wordpress\/wp-content\/uploads\/2020\/08\/Canale-dAgordo-BL-225x300.jpg\" alt=\"\" width=\"225\" height=\"300\" srcset=\"https:\/\/www.radiopiu.net\/wordpress\/wp-content\/uploads\/2020\/08\/Canale-dAgordo-BL-225x300.jpg 225w, https:\/\/www.radiopiu.net\/wordpress\/wp-content\/uploads\/2020\/08\/Canale-dAgordo-BL-768x1024.jpg 768w, https:\/\/www.radiopiu.net\/wordpress\/wp-content\/uploads\/2020\/08\/Canale-dAgordo-BL-1152x1536.jpg 1152w, https:\/\/www.radiopiu.net\/wordpress\/wp-content\/uploads\/2020\/08\/Canale-dAgordo-BL-1536x2048.jpg 1536w, https:\/\/www.radiopiu.net\/wordpress\/wp-content\/uploads\/2020\/08\/Canale-dAgordo-BL-scaled.jpg 1920w\" sizes=\"auto, (max-width: 225px) 100vw, 225px\" \/><\/a>CANALE D&#8217;AGORDO<\/strong> Chiude la scuola primaria di Canale, il portavoce dell&#8217;opposizione in consiglio regionale Arturo Lorenzoni pontifica: <em>&#8220;un effetto della mancanza di una politica per le aree fragili in Veneto&#8221;.\u00a0<\/em>Sarebbe opportuno che l&#8217;eponenente Pd salisse nell&#8217;Agordino, parlasse con i genitori anche del perch\u00e8 i loro figli sono stati spostati in altre scuole di fatto causando la chiusura del plesso di Canale d&#8217;Agordo, chi vive sul territorio conosce un storia diversa da &#8220;politiche per aree fragili&#8221;. In ogni caso,\u00a0 l&#8217;esponente regionale chiede alla Regione di intervenire attuando politiche che favoriscano e tutelino aree fragili del territorio.\u00a0 <em>&#8220;La Regione non agisce\u00a0 &#8211; dice Lorenzoni\u00a0 &#8211;\u00a0 quanto meno per tentare di invertire il trend\u00bb.<\/em> Lorenzoni \u00e8 convinto che i cittadini si spostino verso i centri maggiori, poich\u00e9 mancano i servizi essenziali. a Canale d&#8217;Agordo in realt\u00e0 gli alunni sono stati spostati in centri minori&#8230; Ma il concetto \u00e8 comunque interessante <em>&#8220;Occorre\u00a0 &#8211; dice Lorenzoni- agire per far rimanere in montagna e nelle zone fragili, spesso aree di pregio in termini ambientali, sociale ed economici, le giovani famiglie. Nel nostro progetto per il Veneto c&#8217;\u00e8 il forte rafforzamento dei servizi nel campo della sanit\u00e0, dei trasporti, della scuola, delle telecomunicazioni. Davvero il Veneto ha potenzialit\u00e0 per essere fiorente in ogni sua parte. Purtroppo, \u00abla politica della destra di questi ultimi anni \u00e8 stata unicamente orientata a tagliare i costi, privando una larga parte della popolazione dei servizi essenziali. Chiaro che poi vengono chiusi gli ospedali e le scuole, \u00e8 un&#8217;ovvia conseguenza. In queste condizioni diventa impossibile fare impresa e vivere in una parte crescente della Regione. Non esiste che ci siano abitanti di serie A, nei centri urbani e altri di serie B, nelle aree rurali\u00bb.<\/em><\/p>\n","protected":false},"excerpt":{"rendered":"<p>CANALE D&#8217;AGORDO Chiude la scuola primaria di Canale, il portavoce dell&#8217;opposizione in consiglio regionale Arturo Lorenzoni pontifica: &#8220;un effetto della mancanza di una politica per le aree fragili in Veneto&#8221;.\u00a0Sarebbe opportuno che l&#8217;eponenente Pd salisse nell&#8217;Agordino, parlasse con i genitori anche del perch\u00e8 i loro figli sono stati spostati in altre scuole di fatto causando&hellip;<\/p>\n","protected":false},"author":4,"featured_media":191343,"comment_status":"closed","ping_status":"open","sticky":false,"template":"","format":"standard","meta":{"_monsterinsights_skip_tracking":false,"_monsterinsights_sitenote_active":false,"_monsterinsights_sitenote_note":"","_monsterinsights_sitenote_category":0,"footnotes":""},"categories":[51,49],"tags":[],"class_list":["post-231660","post","type-post","status-publish","format-standard","has-post-thumbnail","hentry","category-evidenza-top","category-news-18","category-51","category-49","description-off"],"img_url":"https:\/\/www.radiopiu.net\/wordpress\/wp-content\/uploads\/2021\/02\/Canale-dAgordo-4.jpeg","_links":{"self":[{"href":"https:\/\/www.radiopiu.net\/wordpress\/wp-json\/wp\/v2\/posts\/231660","targetHints":{"allow":["GET"]}}],"collection":[{"href":"https:\/\/www.radiopiu.net\/wordpress\/wp-json\/wp\/v2\/posts"}],"about":[{"href":"https:\/\/www.radiopiu.net\/wordpress\/wp-json\/wp\/v2\/types\/post"}],"author":[{"embeddable":true,"href":"https:\/\/www.radiopiu.net\/wordpress\/wp-json\/wp\/v2\/users\/4"}],"replies":[{"embeddable":true,"href":"https:\/\/www.radiopiu.net\/wordpress\/wp-json\/wp\/v2\/comments?post=231660"}],"version-history":[{"count":0,"href":"https:\/\/www.radiopiu.net\/wordpress\/wp-json\/wp\/v2\/posts\/231660\/revisions"}],"wp:featuredmedia":[{"embeddable":true,"href":"https:\/\/www.radiopiu.net\/wordpress\/wp-json\/wp\/v2\/media\/191343"}],"wp:attachment":[{"href":"https:\/\/www.radiopiu.net\/wordpress\/wp-json\/wp\/v2\/media?parent=231660"}],"wp:term":[{"taxonomy":"category","embeddable":true,"href":"https:\/\/www.radiopiu.net\/wordpress\/wp-json\/wp\/v2\/categories?post=231660"},{"taxonomy":"post_tag","embeddable":true,"href":"https:\/\/www.radiopiu.net\/wordpress\/wp-json\/wp\/v2\/tags?post=231660"}],"curies":[{"name":"wp","href":"https:\/\/api.w.org\/{rel}","templated":true}]}}