{"id":231699,"date":"2021-09-14T03:36:30","date_gmt":"2021-09-14T01:36:30","guid":{"rendered":"https:\/\/www.radiopiu.net\/wordpress\/?p=231699"},"modified":"2021-09-14T05:49:48","modified_gmt":"2021-09-14T03:49:48","slug":"reddito-di-cittadinanza-ogni-neo-assunto-e-costato-allo-stato-52-mila-euro-il-doppio-che-nel-privato","status":"publish","type":"post","link":"https:\/\/www.radiopiu.net\/wordpress\/reddito-di-cittadinanza-ogni-neo-assunto-e-costato-allo-stato-52-mila-euro-il-doppio-che-nel-privato\/","title":{"rendered":"REDDITO DI CITTADINANZA: OGNI NEO ASSUNTO E\u2019 COSTATO ALLO STATO 52 MILA EURO, IL DOPPIO CHE NEL PRIVATO"},"content":{"rendered":"<p><strong><a class=\"dt-pswp-item\" href=\"https:\/\/www.radiopiu.net\/wordpress\/wp-content\/uploads\/2021\/09\/Schermata-2021-09-11-alle-10.33.28.png\" data-dt-img-description=\"\" data-large_image_width=\"320\" data-large_image_height=\"596\"><img loading=\"lazy\" decoding=\"async\" class=\"alignleft wp-image-231700 size-medium\" src=\"https:\/\/www.radiopiu.net\/wordpress\/wp-content\/uploads\/2021\/09\/Schermata-2021-09-11-alle-10.33.28-161x300.png\" alt=\"\" width=\"161\" height=\"300\" srcset=\"https:\/\/www.radiopiu.net\/wordpress\/wp-content\/uploads\/2021\/09\/Schermata-2021-09-11-alle-10.33.28-161x300.png 161w, https:\/\/www.radiopiu.net\/wordpress\/wp-content\/uploads\/2021\/09\/Schermata-2021-09-11-alle-10.33.28.png 320w\" sizes=\"auto, (max-width: 161px) 100vw, 161px\" \/><\/a>Ogni posto di lavoro \u201ccreato\u201d con il Reddito di Cittadinanza (RdC) \u00e8 costato allo Stato almeno 52.000 euro. Oltre il doppio di quanto spende annualmente un imprenditore veneto per un operaio a tempo indeterminato full time che, mediamente, costa attorno ai 25 mila euro. A questa conclusione \u00e8 giunta un\u2019analisi realizzata dall\u2019Ufficio studi della CGIA.<\/strong><\/p>\n<p><strong>In Veneto i beneficiari sono quasi 82 mila<\/strong><br \/>\nSecondo i dati dell\u2019Inps, i veneti destinatari del RdC erano, ad agosto 2021, 81.679, pari a poco pi\u00f9 di 37 mila nuclei famigliari. L\u2019importo medio mensile erogato dall\u2019Inps \u00e8 di 488,5 euro. In pratica, i percettori del reddito sono pari all\u20191,8 per cento della popolazione veneta. Purtroppo, altri dati a livello territoriale non sono disponibili. Numeri, comunque, che nulla hanno a che vedere con quelli della provincia di Napoli che, ad esempio, conta oltre 555 mila beneficiari che corrispondono al 18 per cento del totale della popolazione residente nella provincia partenopea. In Veneto il territorio con il pi\u00f9 alto numero di percettori \u00e8 Verona che ne conta 18.377; seguono Padova con 16.507 e Venezia con 15.602. L\u2019importo medio mensile pi\u00f9 importante viene erogato a Rovigo: ogni nucleo famigliare riceve mediamente 507 euro al mese; seguono Vicenza con 504 euro e Padova con 495 euro.<\/p>\n<p><strong>Ogni posto di lavoro creato costa 52 mila euro<\/strong><br \/>\nCome si \u00e8 arrivati a determinare il costo medio per persona pari a 52.000 euro ? A fronte di poco pi\u00f9 di un milione di persone in difficolt\u00e0 economica che, titolari del reddito di cittadinanza, ha manifestato la disponibilit\u00e0 a recarsi in ufficio o in fabbrica, gli ultimi dati disponibili ci dicono che in Italia solo 152 mila hanno trovato un posto di lavoro grazie al sostegno dei navigator.<br \/>\nIpotizzando che i titolari del RdC lo abbiano ricevuto per almeno un anno prima di entrare nel mercato del lavoro, percependo cos\u00ec quasi 7 mila euro, possiamo stimare, spannometricamente, che l\u2019Inps abbia sostenuto, per questi 152 mila nuovi occupati, una spesa di 7,9 miliardi di euro che, rapportata a ogni singolo neoassunto, \u00e8 pari a 52.000 euro. Un costo, oggettivamente, eccessivo per un numero cos\u00ec limitato di persone che, grazie al RdC, sono entrati nel mercato del lavoro. Intendiamoci; in Paese civile e avanzato chi si trova in uno stato di povert\u00e0 ed esclusione sociale va aiutato, anche attraverso l\u2019erogazione di un reddito di cittadinanza. Altra cosa \u00e8 ipotizzare che un aiuto economico possa concorrere a far entrare nel mercato del lavoro il destinatario della misura. I dati appena descritti e quelli che illustreremo successivamente dimostrano il contrario. Secondo la CGIA, pertanto, chi \u00e8 in difficolt\u00e0 economica va assolutamente aiutato, ma per combattere la disoccupazione il RdC ha dimostrato di non essere uno strumento efficace.<\/p>\n<p><strong><a class=\"dt-pswp-item\" href=\"https:\/\/www.radiopiu.net\/wordpress\/wp-content\/uploads\/2021\/09\/Schermata-2021-09-11-alle-10.34.21.png\" data-dt-img-description=\"\" data-large_image_width=\"1284\" data-large_image_height=\"656\"><img loading=\"lazy\" decoding=\"async\" class=\"alignleft wp-image-231701 size-medium\" src=\"https:\/\/www.radiopiu.net\/wordpress\/wp-content\/uploads\/2021\/09\/Schermata-2021-09-11-alle-10.34.21-300x153.png\" alt=\"\" width=\"300\" height=\"153\" srcset=\"https:\/\/www.radiopiu.net\/wordpress\/wp-content\/uploads\/2021\/09\/Schermata-2021-09-11-alle-10.34.21-300x153.png 300w, https:\/\/www.radiopiu.net\/wordpress\/wp-content\/uploads\/2021\/09\/Schermata-2021-09-11-alle-10.34.21-1024x523.png 1024w, https:\/\/www.radiopiu.net\/wordpress\/wp-content\/uploads\/2021\/09\/Schermata-2021-09-11-alle-10.34.21-768x392.png 768w, https:\/\/www.radiopiu.net\/wordpress\/wp-content\/uploads\/2021\/09\/Schermata-2021-09-11-alle-10.34.21.png 1284w\" sizes=\"auto, (max-width: 300px) 100vw, 300px\" \/><\/a>In 2,5 anni spesi 19,6 miliardi<\/strong><br \/>\nDalla prima met\u00e0 del 2019 &#8211; periodo in cui \u00e8 entrato in vigore il RdC &#8211; fino alla fine di quest\u2019anno, l\u2019investimento dello Stato per questa misura ammonta a 19,6 miliardi: 3,8 nel 2019, 7,2 nel 2020 e 8,6 miliardi per l\u2019anno in corso. Per il 2022 \u00e8 prevista una spesa di 7,7 miliardi. E\u2019 importante sottolineare che per l\u2019anno 2019 e 2020 gli importi sono quelli effettivamente spesi, mentre quelli riferiti agli anni successivi si riferiscono a risorse stanziate.<\/p>\n<p><strong>Chi si \u201coffre\u201d ai navigator non ha esperienza lavorativa<\/strong><br \/>\nSecondo l\u2019ANPAL le persone che percepiscono il RdC sono difficilmente occupabili. L\u2019Agenzia, infatti, stima che in Veneto la probabilit\u00e0 di rimanere disoccupato a distanza di 12 mesi sfiora l\u201985 per cento. Ci\u00f2 \u00e8 ascrivibile al fatto che questa platea di soggetti ha una insufficiente esperienza lavorativa alle spalle. L\u2019INPS, infatti, analizzando lo storico contributivo di queste persone nella classe di et\u00e0 tra i 18 e i 64 anni, segnala che solo un terzo ha avuto un\u2019occupazione in passato. Pertanto, spesso ci troviamo di fronte a soggetti a forte rischio esclusione sociale, ovvero in condizioni di povert\u00e0 economica e di grave deprivazione materiale. Persone alle quali trovare un lavoro potrebbe addirittura costituire <a class=\"dt-pswp-item\" href=\"https:\/\/www.radiopiu.net\/wordpress\/wp-content\/uploads\/2021\/09\/Schermata-2021-09-11-alle-10.33.49.png\" data-dt-img-description=\"\" data-large_image_width=\"1284\" data-large_image_height=\"1624\"><img loading=\"lazy\" decoding=\"async\" class=\"alignleft wp-image-231702 size-medium\" src=\"https:\/\/www.radiopiu.net\/wordpress\/wp-content\/uploads\/2021\/09\/Schermata-2021-09-11-alle-10.33.49-237x300.png\" alt=\"\" width=\"237\" height=\"300\" srcset=\"https:\/\/www.radiopiu.net\/wordpress\/wp-content\/uploads\/2021\/09\/Schermata-2021-09-11-alle-10.33.49-237x300.png 237w, https:\/\/www.radiopiu.net\/wordpress\/wp-content\/uploads\/2021\/09\/Schermata-2021-09-11-alle-10.33.49-810x1024.png 810w, https:\/\/www.radiopiu.net\/wordpress\/wp-content\/uploads\/2021\/09\/Schermata-2021-09-11-alle-10.33.49-768x971.png 768w, https:\/\/www.radiopiu.net\/wordpress\/wp-content\/uploads\/2021\/09\/Schermata-2021-09-11-alle-10.33.49-1214x1536.png 1214w, https:\/\/www.radiopiu.net\/wordpress\/wp-content\/uploads\/2021\/09\/Schermata-2021-09-11-alle-10.33.49.png 1284w\" sizes=\"auto, (max-width: 237px) 100vw, 237px\" \/><\/a>un problema a causa del precario equilibrio psico-fisico in cui versano.<\/p>\n<p>&nbsp;<\/p>\n<p>&nbsp;<\/p>\n<p>&nbsp;<\/p>\n<p>&nbsp;<\/p>\n<p>&nbsp;<\/p>\n<p>&nbsp;<\/p>\n<p>&nbsp;<\/p>\n<p>&nbsp;<\/p>\n<p>&nbsp;<\/p>\n<p>&nbsp;<\/p>\n<p>&nbsp;<\/p>\n<p>&nbsp;<\/p>\n<p>&nbsp;<\/p>\n<p>&nbsp;<\/p>\n<p>&nbsp;<\/p>\n<p>&nbsp;<\/p>\n","protected":false},"excerpt":{"rendered":"<p>Ogni posto di lavoro \u201ccreato\u201d con il Reddito di Cittadinanza (RdC) \u00e8 costato allo Stato almeno 52.000 euro. Oltre il doppio di quanto spende annualmente un imprenditore veneto per un operaio a tempo indeterminato full time che, mediamente, costa attorno ai 25 mila euro. A questa conclusione \u00e8 giunta un\u2019analisi realizzata dall\u2019Ufficio studi della CGIA.&hellip;<\/p>\n","protected":false},"author":2,"featured_media":115054,"comment_status":"closed","ping_status":"open","sticky":false,"template":"","format":"standard","meta":{"_monsterinsights_skip_tracking":false,"_monsterinsights_sitenote_active":false,"_monsterinsights_sitenote_note":"","_monsterinsights_sitenote_category":0,"footnotes":""},"categories":[104,49],"tags":[],"class_list":["post-231699","post","type-post","status-publish","format-standard","has-post-thumbnail","hentry","category-evidenza_3","category-news-18","category-104","category-49","description-off"],"img_url":"https:\/\/www.radiopiu.net\/wordpress\/wp-content\/uploads\/2020\/01\/uomo-disteso-che-conta-soldi-con-il-calcolatore_23-2148230056.jpg","_links":{"self":[{"href":"https:\/\/www.radiopiu.net\/wordpress\/wp-json\/wp\/v2\/posts\/231699","targetHints":{"allow":["GET"]}}],"collection":[{"href":"https:\/\/www.radiopiu.net\/wordpress\/wp-json\/wp\/v2\/posts"}],"about":[{"href":"https:\/\/www.radiopiu.net\/wordpress\/wp-json\/wp\/v2\/types\/post"}],"author":[{"embeddable":true,"href":"https:\/\/www.radiopiu.net\/wordpress\/wp-json\/wp\/v2\/users\/2"}],"replies":[{"embeddable":true,"href":"https:\/\/www.radiopiu.net\/wordpress\/wp-json\/wp\/v2\/comments?post=231699"}],"version-history":[{"count":0,"href":"https:\/\/www.radiopiu.net\/wordpress\/wp-json\/wp\/v2\/posts\/231699\/revisions"}],"wp:featuredmedia":[{"embeddable":true,"href":"https:\/\/www.radiopiu.net\/wordpress\/wp-json\/wp\/v2\/media\/115054"}],"wp:attachment":[{"href":"https:\/\/www.radiopiu.net\/wordpress\/wp-json\/wp\/v2\/media?parent=231699"}],"wp:term":[{"taxonomy":"category","embeddable":true,"href":"https:\/\/www.radiopiu.net\/wordpress\/wp-json\/wp\/v2\/categories?post=231699"},{"taxonomy":"post_tag","embeddable":true,"href":"https:\/\/www.radiopiu.net\/wordpress\/wp-json\/wp\/v2\/tags?post=231699"}],"curies":[{"name":"wp","href":"https:\/\/api.w.org\/{rel}","templated":true}]}}