{"id":231753,"date":"2021-09-12T23:59:02","date_gmt":"2021-09-12T21:59:02","guid":{"rendered":"https:\/\/www.radiopiu.net\/wordpress\/?p=231753"},"modified":"2021-09-12T18:12:21","modified_gmt":"2021-09-12T16:12:21","slug":"la-pirotecnica-esistenza-e-morte-tragica-di-endrighetto-bongaio-nobile-valoroso","status":"publish","type":"post","link":"https:\/\/www.radiopiu.net\/wordpress\/la-pirotecnica-esistenza-e-morte-tragica-di-endrighetto-bongaio-nobile-valoroso\/","title":{"rendered":"LA PIROTECNICA ESISTENZA E MORTE TRAGICA DI ENDRIGHETTO BONGAIO, NOBILE VALOROSO"},"content":{"rendered":"<p><strong>DI RENATO BONA<\/strong><\/p>\n<p>&nbsp;<\/p>\n<p><strong>ALPAGO<\/strong>\u00a0 La moglie Giacoma De Vivario detta la \u201cRegina Mongai\u201d e venerata dalla popolazione mor\u00ec a causa del terremoto del 1348 Fra i \u201cPersonaggi illustri dell\u2019Alpago e Ponte nelle Alpi\u201d (titolo del libro che ha dato alle stampe con la tipografia Piave di Belluno nell\u2019agosto 1978, ad iniziativa del Centro sociale di educazione permanente di Tambre e dell\u2019Associazione emigranti bellunesi, ed il concorso della Regione Veneto e della Cassa di risparmio di Verona, Vicenza e Belluno) il compianto maestro Mario De Nale ha dato giusto spazio anche alla figura di Endrighetto Bongaio. Chi era costui? Vediamo di sintetizzare quanto scritto da De Nale. Nipote di Hendrigetus de Bongaio (1220) e figlio di Federico \u201cconsole\u201d della citt\u00e0 di Belluno nel 1291 e governatore di Mestre nel 1308 alle dipendenze di Riccardo da Camino e di Giovanna figlia di Gerardo Castello, nacque a Belluno intorno al 1290 nella contrada di S. Maria\u201d. La leggenda lo indica discendente della stirpe romana Gaia anche in considerazione del fatto che una figura significativa della trib\u00f9, Gaius, avrebbe comandato il presidio romano dell\u2019Alpago al tramonto della breve parentesi alemanna nel terz\u2019ultimo decennio del quinto secolo dopo Cristo. De Nale scrive ancora che \u201cPer dare un sicuro rifugio alla sua famiglia durante le successive incursioni di bande barbare, avrebbe fatto costruire un castello sul colle Bongaio a cavallo tra Quers e Alpaos, ospitandovi pure le famiglie degli altri limitanei romani suoi dipendenti, nei giorni di maggior pericolo, guadagnandosi cos\u00ec l\u2019appellativo di buono \u2018Gayus bonus\u2019 da cui si ebbe poi \u2018Bongayus\u2019-Bongaio\u201d. Non a caso &#8211; secondo la liberta enciclopedia Wikipedia &#8211; lo stemma comunale di Chies d\u2019Alpago presenta sul campo di destra proprio la torre del Castello del Bongaio oltre che, sulla sinistra, la pecora, emblema della pastorizia che era il principale sostentamento del paese e che ancora oggi viene largamente praticata. Col passaggio delle terre del nord sotto il dominio di Teodorico, si sarebbe trasferito con la famiglia a Belluno ma i suoi discendenti mantennero il diritto di propriet\u00e0 del castello che torn\u00f2 ad essere abitato da Endrighetto, dopo il suo matrimonio, fino alla distruzione col terremoto avvenuto alle 5 del 25 gennaio 1348 (era di venerd\u00ec . ndr.). Endrighetto \u201cfu uno dei pi\u00f9 valorosi guerrieri e condottieri bellunesi che si distinsero al fianco degli Scaligeri nelle guerre contro la Repubblica di Venezia, allora alleata con Firenze e Milano e decisa ad estendere il suo dominio fino a Belluno\u201d. Ed \u00e8 proprio per i buoni servigi resi alla Signoria della Scala che il nostro ottenne nel 1324 da Cangrande \u201cla contea dell\u2019Alpago che a quel tempo era formata da una ventina di regole e svaldi appartenenti a due decanie ed abitata da circa 2000 persone\u201d. L\u2019autore del libro ricorda poi che \u201cla Conca fu teatro nello stesso anno di una infame scorreria effettuata da \u2018Rambaldo Guecello e Vicentio da Romagno\u2019 che abitavano a Ceneda, i quali rubarono molto bestiame, distrussero il raccolto ed uccisero quanti tentavano di opporvisi\u201d. Fu per evitare il ripetersi di altri misfatti che \u201cBongaio fece restaurare e fortificare il castello di Sant\u2019Andrea con mura e \u2018controscarpa\u2019 di grossi massi, e quindi lo forn\u00ec di una forte guarnigione di armati al comando di Pietribuono, figlio del noto capitano Francesco Buzzellino\u201d. La storia non \u00e8 finita e riserva clamorose sorprese per le quali ci rifacciamo ancora a Wikipedia: \u201c\u2026Raggiunse l\u2019apice del successo e si ritrov\u00f2 al vertice del governo di Belluno sempre, ovviamente, per conto degli Scaligeri. Confermato signore dell&#8217;Alpago da Mastino II della Scala, nel 1330, e nel 1335 \u00e8 documentato come podest\u00e0 del Primiero\u201d. Tuttavia con l&#8217;indebolimento della signoria scaligera, Endrighetto, politico abile quanto spregiudicato, decise di cambiare partito. Mentre era capitano di Belluno per conto di Mastino, nell&#8217;agosto 1337 prese il diretto controllo della citt\u00e0 e si accord\u00f2 con Carlo di Lussemburgo che era sceso in Veneto dal Tirolo. Pot\u00e9 quindi mantenere il governo come vicario di Giovanni e Carlo di Lussemburgo quando, il 31 agosto, il vescovo Gorgia invest\u00ec questi ultimi del capitanato di Belluno e Feltre. Il 12 settembre successivo presenziava, in qualit\u00e0 di testimone, all&#8217;atto di sottomissione del Cadore\u201d. Ma nemmeno un anno pi\u00f9 tardi divenne inviso ai Lussemburgo, accusato di aver avviato delle trattative con Ludovico il Bavaro e di aver tenuto un comportamento autoritario nel governo delle due citt\u00e0. Venne dunque catturato e imprigionato in Carinzia e per circa un decennio di lui non si hanno notizie. Probabilmente si tenne lontano da Belluno, sebbene l&#8217;Alpago rimanesse possedimento della sua famiglia, amministrato per mezzo di un vicario\u201d. E siamo all\u2019agosto 1347 con Endrighetto nuovamente attestato come reggente di Belluno per conto di Carlo di Lussemburgo che, poco prima, era stato eletto sovrano del Sacro Romano Impero. Nell&#8217;anno successivo ebbe forse anche il vicariato di Feltre. Il ritorno del nobile nella politica locale provoc\u00f2 tuttavia la violenta reazione dell&#8217;aristocrazia locale e, a detta di Guglielmo Cortusi, venne assassinato nell&#8217;aprile del 1349 da un Iacobus de Guaigno (membro, forse, della rivale famiglia Avoscano). Quest&#8217;ultimo, dopo aver preso il controllo di Belluno, venne in brevissimo tempo rovesciato dalle truppe di Giacomo da Carrara che ristabilirono il governo del capitano imperiale\u201d. Concludiamo le rievocazione di questa figura di alpagoto illustre, Endrighetti Bongaio, appunto, tornando a De Nale il quale ne ricorda la drammatica vicenda finale: \u201cNel 1358 fu nominato vicario imperiale di Belluno ma l\u2019anno dopo la sua vita fu stroncata nella pubblica piazza dalla mano assassina di Giovanni de Fabris\u2026 il quale riusc\u00ec a sottrarsi alla cattura trovando rifugio a Treviso che in quel tempo era avversaria di Belluno\u201d Qualche tempo dopo il giudice trevigiano Giuseppe Cavalieri \u201ccon abile tradimento\u201d lo aveva consegnato ai bellunesi che lo decapitarono nella stessa piazza di Bongaio, ma\u2026 quando scoprirono il tradimento \u201cl\u2019amara sorte tocc\u00f2 pure al giudice\u201d. Infine l\u2019autore non omette di citare un\u2019altra morte tragica: quella di Giacoma \u201cGiacoba\u201d, vittima del terremoto del 1348. Figlia del nobile Marco Bruno De Vivario di Vicenza, passata alla storia per aver sposato proprio Endrighetto Bongaio.Era conosciuta in Alpago come la \u201cRegina Mongai\u201d e la gente nutriva per lei grande venerazione. Il 20 ottobre 1340 con Endrighetto ancora carcerato in Carinzia, per interessamento di Carlo di Lussemburgo e Boemia \u201cottenne l\u2019investitura della contea dell\u2019Alpago da Gino da Castiglione, vicario generale di Feltre e Belluno, alla presenza di un gran numero di abitanti della Conca i quali considerarono quella cerimonia una vera e propria incoronazione della \u2018regina\u2019\u201d.<\/p>\n\n\t\t\t<style type='text\/css'>\n\t\t\t\t#gallery-1 {\n\t\t\t\t\tmargin: auto;\n\t\t\t\t}\n\t\t\t\t#gallery-1 .gallery-item {\n\t\t\t\t\tfloat: left;\n\t\t\t\t\tmargin-top: 10px;\n\t\t\t\t\ttext-align: center;\n\t\t\t\t\twidth: 33%;\n\t\t\t\t}\n\t\t\t\t#gallery-1 img {\n\t\t\t\t\tborder: 2px solid #cfcfcf;\n\t\t\t\t}\n\t\t\t\t#gallery-1 .gallery-caption {\n\t\t\t\t\tmargin-left: 0;\n\t\t\t\t}\n\t\t\t\t\/* see gallery_shortcode() in wp-includes\/media.php *\/\n\t\t\t<\/style>\n\t\t<div id='gallery-1' class='dt-gallery-container gallery galleryid-231753 gallery-columns-3 gallery-size-thumbnail'><dl class='gallery-item'>\n\t\t\t\t<dt class='gallery-icon portrait'>\n\t\t\t\t\t<a class=\"rollover rollover-zoom dt-pswp-item\" title=\"241743735_138317521769595_8757923924907005174_n\" data-dt-img-description=\"\" data-large_image_width=\"112\" data-large_image_height=\"139\"href='https:\/\/www.radiopiu.net\/wordpress\/wp-content\/uploads\/2021\/09\/241743735_138317521769595_8757923924907005174_n.png'><img loading=\"lazy\" decoding=\"async\" width=\"112\" height=\"139\" src=\"https:\/\/www.radiopiu.net\/wordpress\/wp-content\/uploads\/2021\/09\/241743735_138317521769595_8757923924907005174_n.png\" class=\"attachment-thumbnail size-thumbnail\" alt=\"\" \/><\/a>\n\t\t\t\t<\/dt><\/dl><dl class='gallery-item'>\n\t\t\t\t<dt class='gallery-icon landscape'>\n\t\t\t\t\t<a class=\"rollover rollover-zoom dt-pswp-item\" title=\"241729267_567439431008514_6374687680203171303_n\" data-dt-img-description=\"\" data-large_image_width=\"100\" data-large_image_height=\"75\"href='https:\/\/www.radiopiu.net\/wordpress\/wp-content\/uploads\/2021\/09\/241729267_567439431008514_6374687680203171303_n.png'><img loading=\"lazy\" decoding=\"async\" width=\"100\" height=\"75\" src=\"https:\/\/www.radiopiu.net\/wordpress\/wp-content\/uploads\/2021\/09\/241729267_567439431008514_6374687680203171303_n.png\" class=\"attachment-thumbnail size-thumbnail\" alt=\"\" \/><\/a>\n\t\t\t\t<\/dt><\/dl><dl class='gallery-item'>\n\t\t\t\t<dt class='gallery-icon landscape'>\n\t\t\t\t\t<a class=\"rollover rollover-zoom dt-pswp-item\" title=\"241730659_2038962122937956_6369370214135885146_n\" data-dt-img-description=\"\" data-large_image_width=\"101\" data-large_image_height=\"76\"href='https:\/\/www.radiopiu.net\/wordpress\/wp-content\/uploads\/2021\/09\/241730659_2038962122937956_6369370214135885146_n.png'><img loading=\"lazy\" decoding=\"async\" width=\"101\" height=\"76\" src=\"https:\/\/www.radiopiu.net\/wordpress\/wp-content\/uploads\/2021\/09\/241730659_2038962122937956_6369370214135885146_n.png\" class=\"attachment-thumbnail size-thumbnail\" alt=\"\" \/><\/a>\n\t\t\t\t<\/dt><\/dl><br style=\"clear: both\" \/><dl class='gallery-item'>\n\t\t\t\t<dt class='gallery-icon portrait'>\n\t\t\t\t\t<a class=\"rollover rollover-zoom dt-pswp-item\" title=\"123852035_689425231983982_7861320097923571841_n\" data-dt-img-description=\"\" data-large_image_width=\"155\" data-large_image_height=\"206\"href='https:\/\/www.radiopiu.net\/wordpress\/wp-content\/uploads\/2021\/09\/123852035_689425231983982_7861320097923571841_n.jpg'><img loading=\"lazy\" decoding=\"async\" width=\"150\" height=\"150\" src=\"https:\/\/www.radiopiu.net\/wordpress\/wp-content\/uploads\/2021\/09\/123852035_689425231983982_7861320097923571841_n-150x150.jpg\" class=\"attachment-thumbnail size-thumbnail\" alt=\"\" \/><\/a>\n\t\t\t\t<\/dt><\/dl><dl class='gallery-item'>\n\t\t\t\t<dt class='gallery-icon landscape'>\n\t\t\t\t\t<a class=\"rollover rollover-zoom dt-pswp-item\" title=\"241656821_1222172221632639_3976162675051599956_n\" data-dt-img-description=\"\" data-large_image_width=\"211\" data-large_image_height=\"148\"href='https:\/\/www.radiopiu.net\/wordpress\/wp-content\/uploads\/2021\/09\/241656821_1222172221632639_3976162675051599956_n.jpg'><img loading=\"lazy\" decoding=\"async\" width=\"150\" height=\"148\" src=\"https:\/\/www.radiopiu.net\/wordpress\/wp-content\/uploads\/2021\/09\/241656821_1222172221632639_3976162675051599956_n-150x148.jpg\" class=\"attachment-thumbnail size-thumbnail\" alt=\"\" \/><\/a>\n\t\t\t\t<\/dt><\/dl><dl class='gallery-item'>\n\t\t\t\t<dt class='gallery-icon landscape'>\n\t\t\t\t\t<a class=\"rollover rollover-zoom dt-pswp-item\" title=\"241723320_583411219682714_518080899574593369_n\" data-dt-img-description=\"\" data-large_image_width=\"417\" data-large_image_height=\"200\"href='https:\/\/www.radiopiu.net\/wordpress\/wp-content\/uploads\/2021\/09\/241723320_583411219682714_518080899574593369_n.jpg'><img loading=\"lazy\" decoding=\"async\" width=\"150\" height=\"150\" src=\"https:\/\/www.radiopiu.net\/wordpress\/wp-content\/uploads\/2021\/09\/241723320_583411219682714_518080899574593369_n-150x150.jpg\" class=\"attachment-thumbnail size-thumbnail\" alt=\"\" \/><\/a>\n\t\t\t\t<\/dt><\/dl><br style=\"clear: both\" \/>\n\t\t\t<\/div>\n\n<p>NELLE FOTO (siti: mondi medievali net; <span role=\"gridcell\"><a class=\"oajrlxb2 g5ia77u1 qu0x051f esr5mh6w e9989ue4 r7d6kgcz rq0escxv nhd2j8a9 nc684nl6 p7hjln8o kvgmc6g5 cxmmr5t8 oygrvhab hcukyx3x jb3vyjys rz4wbd8a qt6c0cv9 a8nywdso i1ao9s8h oo483o9r f1sip0of lzcic4wl oo9gr5id gpro0wi8\" tabindex=\"0\" role=\"link\" href=\"https:\/\/l.facebook.com\/l.php?u=http%3A%2F%2Falpago.club%2Fit%3Ffbclid%3DIwAR114w1Ja-dCciG2YilnVmmUok8van69ZUDHX0XzPiyOlRGyZXbxnJjFim0&amp;h=AT1inWbmsg3Q0ZZRy-HToapCCQYs62jBlLdgsbiDD9J-wvA4O5e_4Nk6fsrLb3So_UgC1CE1GBEi58PH4jH2rj2QXhnKzE0UrTbcrY2eGYivPieIF3dEq2lBeNVbIZxK5yGF9Q\" target=\"_blank\" rel=\"nofollow noopener\">alpago.club\/it<\/a><\/span>; wikipedia; dolomiti dolomiti.com): lo scomparso maestro Mario De Nale, autore del libro: immagini del Castello di Alpaos; panoramica di Chies d\u2019Alpago; il borgo di Alpaos; lo stemma del Comune che, sulla destra, richiama il Castello.<\/p>\n","protected":false},"excerpt":{"rendered":"<p>DI RENATO BONA &nbsp; ALPAGO\u00a0 La moglie Giacoma De Vivario detta la \u201cRegina Mongai\u201d e venerata dalla popolazione mor\u00ec a causa del terremoto del 1348 Fra i \u201cPersonaggi illustri dell\u2019Alpago e Ponte nelle Alpi\u201d (titolo del libro che ha dato alle stampe con la tipografia Piave di Belluno nell\u2019agosto 1978, ad iniziativa del Centro sociale&hellip;<\/p>\n","protected":false},"author":4,"featured_media":231756,"comment_status":"closed","ping_status":"open","sticky":false,"template":"","format":"standard","meta":{"_monsterinsights_skip_tracking":false,"_monsterinsights_sitenote_active":false,"_monsterinsights_sitenote_note":"","_monsterinsights_sitenote_category":0,"footnotes":""},"categories":[104,49],"tags":[],"class_list":["post-231753","post","type-post","status-publish","format-standard","has-post-thumbnail","hentry","category-evidenza_3","category-news-18","category-104","category-49","description-off"],"img_url":"https:\/\/www.radiopiu.net\/wordpress\/wp-content\/uploads\/2021\/09\/241729267_567439431008514_6374687680203171303_n.png","_links":{"self":[{"href":"https:\/\/www.radiopiu.net\/wordpress\/wp-json\/wp\/v2\/posts\/231753","targetHints":{"allow":["GET"]}}],"collection":[{"href":"https:\/\/www.radiopiu.net\/wordpress\/wp-json\/wp\/v2\/posts"}],"about":[{"href":"https:\/\/www.radiopiu.net\/wordpress\/wp-json\/wp\/v2\/types\/post"}],"author":[{"embeddable":true,"href":"https:\/\/www.radiopiu.net\/wordpress\/wp-json\/wp\/v2\/users\/4"}],"replies":[{"embeddable":true,"href":"https:\/\/www.radiopiu.net\/wordpress\/wp-json\/wp\/v2\/comments?post=231753"}],"version-history":[{"count":0,"href":"https:\/\/www.radiopiu.net\/wordpress\/wp-json\/wp\/v2\/posts\/231753\/revisions"}],"wp:featuredmedia":[{"embeddable":true,"href":"https:\/\/www.radiopiu.net\/wordpress\/wp-json\/wp\/v2\/media\/231756"}],"wp:attachment":[{"href":"https:\/\/www.radiopiu.net\/wordpress\/wp-json\/wp\/v2\/media?parent=231753"}],"wp:term":[{"taxonomy":"category","embeddable":true,"href":"https:\/\/www.radiopiu.net\/wordpress\/wp-json\/wp\/v2\/categories?post=231753"},{"taxonomy":"post_tag","embeddable":true,"href":"https:\/\/www.radiopiu.net\/wordpress\/wp-json\/wp\/v2\/tags?post=231753"}],"curies":[{"name":"wp","href":"https:\/\/api.w.org\/{rel}","templated":true}]}}