{"id":231830,"date":"2021-09-12T21:07:17","date_gmt":"2021-09-12T19:07:17","guid":{"rendered":"https:\/\/www.radiopiu.net\/wordpress\/?p=231830"},"modified":"2021-09-12T21:07:17","modified_gmt":"2021-09-12T19:07:17","slug":"festival-delle-foreste-in-cansiglio-belluno-alpina-piu-concretezza","status":"publish","type":"post","link":"https:\/\/www.radiopiu.net\/wordpress\/festival-delle-foreste-in-cansiglio-belluno-alpina-piu-concretezza\/","title":{"rendered":"FESTIVAL DELLE FORESTE IN CANSIGLIO, BELLUNO ALPINA &#8220;PIU&#8217; CONCRETEZZA&#8221;"},"content":{"rendered":"<blockquote>\n<h3><em>&#8220;POCHE LE RISPOSTE AI VERI PROBLEMI ANTI SPOPOLAMENTO&#8221;<\/em><\/h3>\n<\/blockquote>\n<p><strong><a href=\"https:\/\/www.radiopiu.net\/wordpress\/giornale-radiopiu-20-gennaio-2021-direttore-mirko-mezzacasa\/belluno-alpina\/\" rel=\"attachment wp-att-185689\"><img loading=\"lazy\" decoding=\"async\" class=\"size-medium wp-image-185689 alignleft\" src=\"https:\/\/www.radiopiu.net\/wordpress\/wp-content\/uploads\/2021\/01\/BELLUNO-ALPINA-300x274.jpg\" alt=\"\" width=\"300\" height=\"274\" srcset=\"https:\/\/www.radiopiu.net\/wordpress\/wp-content\/uploads\/2021\/01\/BELLUNO-ALPINA-300x274.jpg 300w, https:\/\/www.radiopiu.net\/wordpress\/wp-content\/uploads\/2021\/01\/BELLUNO-ALPINA.jpg 588w\" sizes=\"auto, (max-width: 300px) 100vw, 300px\" \/><\/a>BELLUNO<\/strong>\u00a0 L&#8217;associazione Belluno Alpina sta seguendo direttamente e con interesse le discussioni e i convegni che animano il Festival delle Foreste in Cansiglio, ma chiede a tutti i partecipanti, soprattutto alle istituzioni, maggiore concretezza:<em> \u201cSiamo felici per il risultato della rassegna che registra un buon afflusso di imprese del settore e di appassionati del mestiere, rappresentanti di un settore importante e vittime di un mare di incombenze e normative burocratiche che le penalizzano, con difficolt\u00e0 continue per operare nel bosco. Pochi per\u00f2 gli hobbisti, cio\u00e8 i residenti e non che sono direttamente interessati alla pulizia dei prati e boschi\u201d, sottolineano.<\/em><br \/>\n<em>\u201cAnche in Cansiglio, una piana immensa, il bosco avanza, mangiandosi prati e pascoli con ettari di arbusti, cespugli e legname di scarso valore. Perch\u00e8 non si coordina una forma di gestione tra pubblico e privati per arginare la crescita incontrollata del bosco?\u201d chiede Belluno Alpina. \u201cServe un piano di gestione del legname, l&#8217;oro bellunese, per evitare che aree intere perdano valore e che l&#8217;incuria domini nei nostri territori; bisogna almeno intervenire perch\u00e9 crescano alberi e legname utili da reddito e non piante casuali che non portano alcuna qualit\u00e0 al bosco. La manutenzione programmata vuol dire economia legata al legno, ma anche al turismo, perch\u00e8 un ambiente curato attira nuovi visitatori. Come in pianura si \u00e8 puntato su vigne e Prosecco per fare economia, da noi bisogna puntare sulla filiera del legno, ma in questi due giorni non abbiamo visto un progetto delineato e concreto. Crediamo che la Regione, ente che pu\u00f2 garantire regolamentazione e gestione, sia la realt\u00e0 che meglio pu\u00f2 operare in questo senso, anche attraverso le sue diverse diramazioni: noi crediamo che serva un soggetto pubblico \u201cdi area vasta\u201d che possa intervenire sulla questione bosco in modo operativo, consentendo di trasformarla in fonte di ricchezza e strumento per contrastare lo spopolamento. Serve manutenzione giornaliera e un controllo della crescita dei boschi, non solo nella quantit\u00e0 ma anche nella qualit\u00e0, esattamente come avviene per i vigneti della pianura. L&#8217;ente pubblico deve quindi intervenire celermente con un piano di gestione e coordinamento con comuni e privati e favorire in modo deciso e celere la nascita di consorzi forestali, come quello della Valbelluna che chiediamo da tempo. Ci aspettiamo accordi lampo locali per mettere in moto una manutenzione programmata e continua, quindi aspettiamo per l\u2019autunno la nascita consorzio in Valbelluna. I vigneti vanni curati giorno per giorno altrimenti non rendono e cos\u00ec \u00e8 anche per i nostri boschi\u201d.<\/em><\/p>\n<p>&nbsp;<\/p>\n","protected":false},"excerpt":{"rendered":"<p>&#8220;POCHE LE RISPOSTE AI VERI PROBLEMI ANTI SPOPOLAMENTO&#8221; BELLUNO\u00a0 L&#8217;associazione Belluno Alpina sta seguendo direttamente e con interesse le discussioni e i convegni che animano il Festival delle Foreste in Cansiglio, ma chiede a tutti i partecipanti, soprattutto alle istituzioni, maggiore concretezza: \u201cSiamo felici per il risultato della rassegna che registra un buon afflusso di&hellip;<\/p>\n","protected":false},"author":4,"featured_media":185689,"comment_status":"closed","ping_status":"open","sticky":false,"template":"","format":"standard","meta":{"_monsterinsights_skip_tracking":false,"_monsterinsights_sitenote_active":false,"_monsterinsights_sitenote_note":"","_monsterinsights_sitenote_category":0,"footnotes":""},"categories":[51,49],"tags":[],"class_list":["post-231830","post","type-post","status-publish","format-standard","has-post-thumbnail","hentry","category-evidenza-top","category-news-18","category-51","category-49","description-off"],"img_url":"https:\/\/www.radiopiu.net\/wordpress\/wp-content\/uploads\/2021\/01\/BELLUNO-ALPINA.jpg","_links":{"self":[{"href":"https:\/\/www.radiopiu.net\/wordpress\/wp-json\/wp\/v2\/posts\/231830","targetHints":{"allow":["GET"]}}],"collection":[{"href":"https:\/\/www.radiopiu.net\/wordpress\/wp-json\/wp\/v2\/posts"}],"about":[{"href":"https:\/\/www.radiopiu.net\/wordpress\/wp-json\/wp\/v2\/types\/post"}],"author":[{"embeddable":true,"href":"https:\/\/www.radiopiu.net\/wordpress\/wp-json\/wp\/v2\/users\/4"}],"replies":[{"embeddable":true,"href":"https:\/\/www.radiopiu.net\/wordpress\/wp-json\/wp\/v2\/comments?post=231830"}],"version-history":[{"count":0,"href":"https:\/\/www.radiopiu.net\/wordpress\/wp-json\/wp\/v2\/posts\/231830\/revisions"}],"wp:featuredmedia":[{"embeddable":true,"href":"https:\/\/www.radiopiu.net\/wordpress\/wp-json\/wp\/v2\/media\/185689"}],"wp:attachment":[{"href":"https:\/\/www.radiopiu.net\/wordpress\/wp-json\/wp\/v2\/media?parent=231830"}],"wp:term":[{"taxonomy":"category","embeddable":true,"href":"https:\/\/www.radiopiu.net\/wordpress\/wp-json\/wp\/v2\/categories?post=231830"},{"taxonomy":"post_tag","embeddable":true,"href":"https:\/\/www.radiopiu.net\/wordpress\/wp-json\/wp\/v2\/tags?post=231830"}],"curies":[{"name":"wp","href":"https:\/\/api.w.org\/{rel}","templated":true}]}}