{"id":231900,"date":"2021-09-14T05:29:59","date_gmt":"2021-09-14T03:29:59","guid":{"rendered":"https:\/\/www.radiopiu.net\/wordpress\/?p=231900"},"modified":"2021-09-14T05:44:40","modified_gmt":"2021-09-14T03:44:40","slug":"primo-giorno-di-scuola-allistituto-renier","status":"publish","type":"post","link":"https:\/\/www.radiopiu.net\/wordpress\/primo-giorno-di-scuola-allistituto-renier\/","title":{"rendered":"PRIMO GIORNO DI SCUOLA ALL&#8217;ISTITUTO RENIER"},"content":{"rendered":"<p><strong>REDAZIONE<\/strong> Anno nuovo&#8230; in presenza. All&#8217;Istituto Renier il saluto agli studenti del Presidente della Provincia Roberto Padrin.<\/p>\n<p>&nbsp;<\/p>\n<p><a href=\"https:\/\/www.radiopiu.net\/wordpress\/primo-giorno-di-scuola-allistituto-renier\/172d14ae-f702-4ad7-a8ff-03b6c8eb76ad\/\" rel=\"attachment wp-att-231908\"><img loading=\"lazy\" decoding=\"async\" class=\"alignnone wp-image-231908 size-full\" src=\"https:\/\/www.radiopiu.net\/wordpress\/wp-content\/uploads\/2021\/09\/172d14ae-f702-4ad7-a8ff-03b6c8eb76ad.jpg\" alt=\"\" width=\"1600\" height=\"737\" srcset=\"https:\/\/www.radiopiu.net\/wordpress\/wp-content\/uploads\/2021\/09\/172d14ae-f702-4ad7-a8ff-03b6c8eb76ad.jpg 1600w, https:\/\/www.radiopiu.net\/wordpress\/wp-content\/uploads\/2021\/09\/172d14ae-f702-4ad7-a8ff-03b6c8eb76ad-300x138.jpg 300w, https:\/\/www.radiopiu.net\/wordpress\/wp-content\/uploads\/2021\/09\/172d14ae-f702-4ad7-a8ff-03b6c8eb76ad-1024x472.jpg 1024w, https:\/\/www.radiopiu.net\/wordpress\/wp-content\/uploads\/2021\/09\/172d14ae-f702-4ad7-a8ff-03b6c8eb76ad-768x354.jpg 768w, https:\/\/www.radiopiu.net\/wordpress\/wp-content\/uploads\/2021\/09\/172d14ae-f702-4ad7-a8ff-03b6c8eb76ad-1536x708.jpg 1536w\" sizes=\"auto, (max-width: 1600px) 100vw, 1600px\" \/><\/a><\/p>\n<p>&nbsp;<\/p>\n<p><strong>AUDIO Roberto Padrin <span style=\"font-size: large;\"><i>\u00abDai ragazzi esempio di responsabilit\u00e0 e civismo durante la pandemia. Ci auguriamo sia un anno \u201cin presenza\u201d\u00bb<\/i><\/span><\/strong><\/p>\n<audio class=\"wp-audio-shortcode\" id=\"audio-231900-1\" preload=\"none\" style=\"width: 100%;\" controls=\"controls\"><source type=\"audio\/mpeg\" src=\"https:\/\/www.radiopiu.net\/wordpress\/wp-content\/uploads\/2021\/09\/padrin.mp3?_=1\" \/><a href=\"https:\/\/www.radiopiu.net\/wordpress\/wp-content\/uploads\/2021\/09\/padrin.mp3\">https:\/\/www.radiopiu.net\/wordpress\/wp-content\/uploads\/2021\/09\/padrin.mp3<\/a><\/audio>\n<p>&nbsp;<\/p>\n<p><strong>AUDIO Viola Anesin, dirigente scolastico<\/strong><\/p>\n<audio class=\"wp-audio-shortcode\" id=\"audio-231900-2\" preload=\"none\" style=\"width: 100%;\" controls=\"controls\"><source type=\"audio\/mpeg\" src=\"https:\/\/www.radiopiu.net\/wordpress\/wp-content\/uploads\/2021\/09\/viola.mp3?_=2\" \/><a href=\"https:\/\/www.radiopiu.net\/wordpress\/wp-content\/uploads\/2021\/09\/viola.mp3\">https:\/\/www.radiopiu.net\/wordpress\/wp-content\/uploads\/2021\/09\/viola.mp3<\/a><\/audio>\n<p>&nbsp;<\/p>\n<p>&nbsp;<\/p>\n\n\t\t\t<style type='text\/css'>\n\t\t\t\t#gallery-1 {\n\t\t\t\t\tmargin: auto;\n\t\t\t\t}\n\t\t\t\t#gallery-1 .gallery-item {\n\t\t\t\t\tfloat: left;\n\t\t\t\t\tmargin-top: 10px;\n\t\t\t\t\ttext-align: center;\n\t\t\t\t\twidth: 25%;\n\t\t\t\t}\n\t\t\t\t#gallery-1 img {\n\t\t\t\t\tborder: 2px solid #cfcfcf;\n\t\t\t\t}\n\t\t\t\t#gallery-1 .gallery-caption {\n\t\t\t\t\tmargin-left: 0;\n\t\t\t\t}\n\t\t\t\t\/* see gallery_shortcode() in wp-includes\/media.php *\/\n\t\t\t<\/style>\n\t\t<div id='gallery-1' class='dt-gallery-container gallery galleryid-231900 gallery-columns-4 gallery-size-thumbnail'><dl class='gallery-item'>\n\t\t\t\t<dt class='gallery-icon landscape'>\n\t\t\t\t\t<a class=\"rollover rollover-zoom dt-pswp-item\" title=\"IMG_1208\" data-dt-img-description=\"\" data-large_image_width=\"2016\" data-large_image_height=\"1512\"href='https:\/\/www.radiopiu.net\/wordpress\/wp-content\/uploads\/2021\/09\/IMG_1208.jpg'><img loading=\"lazy\" decoding=\"async\" width=\"150\" height=\"150\" src=\"https:\/\/www.radiopiu.net\/wordpress\/wp-content\/uploads\/2021\/09\/IMG_1208-150x150.jpg\" class=\"attachment-thumbnail size-thumbnail\" alt=\"\" \/><\/a>\n\t\t\t\t<\/dt><\/dl><dl class='gallery-item'>\n\t\t\t\t<dt class='gallery-icon landscape'>\n\t\t\t\t\t<a class=\"rollover rollover-zoom dt-pswp-item\" title=\"IMG_1206\" data-dt-img-description=\"\" data-large_image_width=\"2016\" data-large_image_height=\"1512\"href='https:\/\/www.radiopiu.net\/wordpress\/wp-content\/uploads\/2021\/09\/IMG_1206.jpg'><img loading=\"lazy\" decoding=\"async\" width=\"150\" height=\"150\" src=\"https:\/\/www.radiopiu.net\/wordpress\/wp-content\/uploads\/2021\/09\/IMG_1206-150x150.jpg\" class=\"attachment-thumbnail size-thumbnail\" alt=\"\" \/><\/a>\n\t\t\t\t<\/dt><\/dl><dl class='gallery-item'>\n\t\t\t\t<dt class='gallery-icon landscape'>\n\t\t\t\t\t<a class=\"rollover rollover-zoom dt-pswp-item\" title=\"IMG_1214\" data-dt-img-description=\"\" data-large_image_width=\"2016\" data-large_image_height=\"1512\"href='https:\/\/www.radiopiu.net\/wordpress\/wp-content\/uploads\/2021\/09\/IMG_1214.jpg'><img loading=\"lazy\" decoding=\"async\" width=\"150\" height=\"150\" src=\"https:\/\/www.radiopiu.net\/wordpress\/wp-content\/uploads\/2021\/09\/IMG_1214-150x150.jpg\" class=\"attachment-thumbnail size-thumbnail\" alt=\"\" \/><\/a>\n\t\t\t\t<\/dt><\/dl><dl class='gallery-item'>\n\t\t\t\t<dt class='gallery-icon landscape'>\n\t\t\t\t\t<a class=\"rollover rollover-zoom dt-pswp-item\" title=\"IMG_1204\" data-dt-img-description=\"\" data-large_image_width=\"2016\" data-large_image_height=\"1512\"href='https:\/\/www.radiopiu.net\/wordpress\/wp-content\/uploads\/2021\/09\/IMG_1204.jpg'><img loading=\"lazy\" decoding=\"async\" width=\"150\" height=\"150\" src=\"https:\/\/www.radiopiu.net\/wordpress\/wp-content\/uploads\/2021\/09\/IMG_1204-150x150.jpg\" class=\"attachment-thumbnail size-thumbnail\" alt=\"\" \/><\/a>\n\t\t\t\t<\/dt><\/dl><br style=\"clear: both\" \/>\n\t\t\t<\/div>\n\n<p>&nbsp;<\/p>\n<hr \/>\n<p>&nbsp;<\/p>\n<p>&nbsp;<\/p>\n<p>&nbsp;<\/p>\n<blockquote>\n<h3>IL GRANDE INIZIO DELLA SCUOLA. UNCEM: MONTAGNA VINCE CON SCUOLE ALL&#8217;AVANGUARDIA ED EFFICACI TRASPORTI<\/h3>\n<\/blockquote>\n<p><strong><a href=\"https:\/\/www.radiopiu.net\/wordpress\/giornale-radiopiu-06-novembre-2020-direttore-mirko-mezzacasa\/logouncem_no_scritta-wdtr\/\" rel=\"attachment wp-att-170846\"><img loading=\"lazy\" decoding=\"async\" class=\"wp-image-170846 alignleft\" src=\"https:\/\/www.radiopiu.net\/wordpress\/wp-content\/uploads\/2020\/11\/logoUNCEM_no_scritta-wdtr-300x300.jpg\" alt=\"\" width=\"161\" height=\"161\" srcset=\"https:\/\/www.radiopiu.net\/wordpress\/wp-content\/uploads\/2020\/11\/logoUNCEM_no_scritta-wdtr-300x300.jpg 300w, https:\/\/www.radiopiu.net\/wordpress\/wp-content\/uploads\/2020\/11\/logoUNCEM_no_scritta-wdtr-150x150.jpg 150w, https:\/\/www.radiopiu.net\/wordpress\/wp-content\/uploads\/2020\/11\/logoUNCEM_no_scritta-wdtr.jpg 640w\" sizes=\"auto, (max-width: 161px) 100vw, 161px\" \/><\/a>ROMA<\/strong>\u00a0<em> &#8220;Iniziata la scuola in molte regioni italiane. Uncem fa gli auguri agli studenti, ai docenti, al personale, alle famiglie e anche ai Sindaci che molto hanno lavorato negli ultimi giorni per una efficace riapertura dei plessi in tempo di pandemia. \u00c8 una ripartenza importante, significativa.\u00a0 &#8220;Senza formazione e senza far crescere il capitale umano non si va lontano &#8211; dice il presidente Uncem Marco Bussone &#8211; e lavorare sulle scuole vuol dire lavorare anche sui trasporti. Dai Comuni pi\u00f9 in alto delle valli, per raggiungere istituti superiori e universit\u00e0, ci sono ore e ore di viaggi al giorno. Investiamo sui convitti, ai pi\u00f9 sconosciuti, ma decisivi in tante parti di Alpi e Appennino. Investiamo sui trasporti&#8221;.<\/em>\u00a0 Uncem invita il Governo a realizzare il &#8216;Piano per l&#8217;istruzione destinato alle aree rurali e montane, con particolare riguardo al collegamento dei plessi scolastici ubicati nelle aree rurali e montane, all&#8217;informatizzazione e alla progressiva digitalizzazione delle attivit\u00e0 didattiche e amministrative che si svolgono nei medesimi plessi. <em>&#8220;Forse i Ministri ignorano che questo articolo \u00e8 legge &#8211; conclude Bussone &#8211; diano un segnale oggi, in questo giorno di inizio delle lezioni cos\u00ec significativo. Legge \u00e8 legge. E Uncem non pu\u00f2 che chiederne l&#8217;attuazione. Sono gi\u00e0 passati quattro anni, di inerzia&#8221;.\u00a0<\/em><\/p>\n<p>&nbsp;<\/p>\n<p>&nbsp;<\/p>\n<p>***<\/p>\n","protected":false},"excerpt":{"rendered":"<p>REDAZIONE Anno nuovo&#8230; in presenza. All&#8217;Istituto Renier il saluto agli studenti del Presidente della Provincia Roberto Padrin. &nbsp; &nbsp; AUDIO Roberto Padrin \u00abDai ragazzi esempio di responsabilit\u00e0 e civismo durante la pandemia. Ci auguriamo sia un anno \u201cin presenza\u201d\u00bb &nbsp; AUDIO Viola Anesin, dirigente scolastico &nbsp; &nbsp; &nbsp; &nbsp; &nbsp; &nbsp; IL GRANDE INIZIO DELLA&hellip;<\/p>\n","protected":false},"author":4,"featured_media":231909,"comment_status":"closed","ping_status":"open","sticky":false,"template":"","format":"standard","meta":{"_monsterinsights_skip_tracking":false,"_monsterinsights_sitenote_active":false,"_monsterinsights_sitenote_note":"","_monsterinsights_sitenote_category":0,"footnotes":""},"categories":[51,49],"tags":[],"class_list":["post-231900","post","type-post","status-publish","format-standard","has-post-thumbnail","hentry","category-evidenza-top","category-news-18","category-51","category-49","description-off"],"img_url":"https:\/\/www.radiopiu.net\/wordpress\/wp-content\/uploads\/2021\/09\/25c86d1e-a272-48a7-8f8b-404e82b22eb8.jpg","_links":{"self":[{"href":"https:\/\/www.radiopiu.net\/wordpress\/wp-json\/wp\/v2\/posts\/231900","targetHints":{"allow":["GET"]}}],"collection":[{"href":"https:\/\/www.radiopiu.net\/wordpress\/wp-json\/wp\/v2\/posts"}],"about":[{"href":"https:\/\/www.radiopiu.net\/wordpress\/wp-json\/wp\/v2\/types\/post"}],"author":[{"embeddable":true,"href":"https:\/\/www.radiopiu.net\/wordpress\/wp-json\/wp\/v2\/users\/4"}],"replies":[{"embeddable":true,"href":"https:\/\/www.radiopiu.net\/wordpress\/wp-json\/wp\/v2\/comments?post=231900"}],"version-history":[{"count":0,"href":"https:\/\/www.radiopiu.net\/wordpress\/wp-json\/wp\/v2\/posts\/231900\/revisions"}],"wp:featuredmedia":[{"embeddable":true,"href":"https:\/\/www.radiopiu.net\/wordpress\/wp-json\/wp\/v2\/media\/231909"}],"wp:attachment":[{"href":"https:\/\/www.radiopiu.net\/wordpress\/wp-json\/wp\/v2\/media?parent=231900"}],"wp:term":[{"taxonomy":"category","embeddable":true,"href":"https:\/\/www.radiopiu.net\/wordpress\/wp-json\/wp\/v2\/categories?post=231900"},{"taxonomy":"post_tag","embeddable":true,"href":"https:\/\/www.radiopiu.net\/wordpress\/wp-json\/wp\/v2\/tags?post=231900"}],"curies":[{"name":"wp","href":"https:\/\/api.w.org\/{rel}","templated":true}]}}