{"id":231923,"date":"2021-09-14T05:34:24","date_gmt":"2021-09-14T03:34:24","guid":{"rendered":"https:\/\/www.radiopiu.net\/wordpress\/?p=231923"},"modified":"2021-09-14T09:00:16","modified_gmt":"2021-09-14T07:00:16","slug":"giornale-radiopiu-14-settembre-2021-direttore-mirko-mezzacasa","status":"publish","type":"post","link":"https:\/\/www.radiopiu.net\/wordpress\/giornale-radiopiu-14-settembre-2021-direttore-mirko-mezzacasa\/","title":{"rendered":"GIORNALE RADIOPIU 14 SETTEMBRE 2021, DIRETTORE MIRKO MEZZACASA"},"content":{"rendered":"<p><strong><a href=\"https:\/\/www.radiopiu.net\/wordpress\/compriamo-una-macchina-attrezzata-per-riccardo\/1626340291137881-img-20210714-wa0025\/\" rel=\"attachment wp-att-224370\"><img loading=\"lazy\" decoding=\"async\" class=\"size-medium wp-image-224370 alignleft\" src=\"https:\/\/www.radiopiu.net\/wordpress\/wp-content\/uploads\/2021\/07\/1626340291137881-IMG-20210714-WA0025-169x300.jpg\" sizes=\"auto, (max-width: 169px) 100vw, 169px\" srcset=\"https:\/\/www.radiopiu.net\/wordpress\/wp-content\/uploads\/2021\/07\/1626340291137881-IMG-20210714-WA0025-169x300.jpg 169w, https:\/\/www.radiopiu.net\/wordpress\/wp-content\/uploads\/2021\/07\/1626340291137881-IMG-20210714-WA0025-576x1024.jpg 576w, https:\/\/www.radiopiu.net\/wordpress\/wp-content\/uploads\/2021\/07\/1626340291137881-IMG-20210714-WA0025-768x1365.jpg 768w, https:\/\/www.radiopiu.net\/wordpress\/wp-content\/uploads\/2021\/07\/1626340291137881-IMG-20210714-WA0025.jpg 800w\" alt=\"\" width=\"169\" height=\"300\" \/><\/a>SOSPIROLO<\/strong>\u00a0Radio Pi\u00f9 appoggia l\u2019iniziativa di\u00a0 Agostino Tegner il pap\u00e0 di Riccardo, poche parole le sue ma piene di significato<em>\u00a0\u201cIo e mia moglie stiamo invecchiando e non riusciamo pi\u00f9\u00a0<img loading=\"lazy\" decoding=\"async\" class=\"alignright\" src=\"https:\/\/www.radiopiu.net\/wordpress\/wp-content\/uploads\/2021\/07\/1626451699105964-locandina-riccardo.jpg\" width=\"297\" height=\"167\" \/>a trasportare come si deve il nostro ragazzo, che necessita di una macchina attrezzata con un piano ribassato con pedana\u201d.<\/em><\/p>\n<p><em>Riccardo \u00e8 un simpatico ragazzino di 15 anni che vive sulle montagne di Sospirolo. Sempre sorridente e circondato dall\u2019affetto dei suoi cari, Riccardo \u00e8 per\u00f2 costretto a stare sulla sedia a rotelle a causa della distrofia muscolare di Duchenne, di cui \u00e8 affetto dalla nascita.\u00a0 I genitori, dopo anni di sacrifici, hanno deciso di acquistare un\u2019auto munita di pedana per poter trasportare il figlio in modo pi\u00f9 comodo, pratico e sicuro, soprattutto adesso che sta crescendo e il peso \u2013 per i due genitori che stanno diventando anziani \u2013 si fa sempre pi\u00f9 sentire.\u00a0<\/em><\/p>\n<h3 style=\"text-align: center;\"><span style=\"color: #ff0000;\"><strong>CHI VOLESSE FARE UNA DONAZIONE DIRETTAMENTE ALLA FAMIGLIA DI RICCARDO LO PUO&#8217; FARE SU QUESTO IBAN INTESTATO ALLA MAMMA ANA MARIA STOIAN: <\/strong><\/span><strong style=\"color: #ff0000; font-size: 14px;\">IT40N0760111900000003558144<\/strong><\/h3>\n<p>I contributi che stanno confluendo sul conto corrente a pochi giorni dalla chiusura della raccolta saranno resi noti a breve con un comunicato ufficiale da parte della famiglia Tegner, grazie a quanti stanno continuando a contribuire per Riccardo.<\/p>\n<p>&nbsp;<\/p>\n<hr \/>\n<p>&nbsp;<\/p>\n<p>&nbsp;<\/p>\n<blockquote>\n<h3>SABATO QUATTRO PASSI CHIUSI PER IL SELLARONDA BIKE DAY<\/h3>\n<\/blockquote>\n<p><strong>LIVINALLONGO<\/strong> Si ricorda che sabato 18 settembre, in occasione del Sellaronda Bike Day, verranno chiusi al traffico <span style=\"font-family: Arial, sans-serif;\"><span style=\"font-size: medium;\"><span lang=\"IT\">Passo Campolongo, Passo Gardena, Passo Sella e Passo Pordoi dalle ore 8:30 alle ore 15:30. <\/span><\/span><\/span>Ai partecipanti viene raccomandato il senso antiorario, quindi: Arabba &#8211; Passo Campolongo &#8211; Passo Gardena &#8211; Passo Sella &#8211; Passo Pordoi &#8211; Arabba.<\/p>\n<p>&nbsp;<\/p>\n<p>&nbsp;<\/p>\n<hr \/>\n<p>&nbsp;<\/p>\n<blockquote>\n<h3>RITROVATO FEDERICO LUGATO TRA I MUGHI DEL SAN SEBASTIANO, UN VOLO DI UN CENTINAIO DI METRI.<\/h3>\n<\/blockquote>\n<p><strong>VAL DI ZOLDO<\/strong> E&#8217; stato ritrovato privo di vita Federico Lugato, il mestrino di 39 anni\u00a0 che 18 giorni fa aveva\u00a0 parcheggiato l&#8217;auto a Pralongo, per un giro ad anello nel Gruppo Tamer-San Sebastiano per poi far perdere le proprie tracce. Ieri attorno alle 12 il corpo dell&#8217;uomo \u00e8 stato ritrovato dal Soccorso Alpino nella zona alta del San Sebastiano, tra i mughi Confermo il ritrovamento attorno alle ore 12,\u00a0 tra l&#8217;incrocio dei sentieri 536 e 524, ovvero tra Pian de le Mandre ed il Col de Michiel.\u00a0 Oltre 200 persone avevano cercato Federico nei giorni scorsi coinvolte nell&#8217;imponente operazione dalla moglie Elena.<\/p>\n<blockquote>\n<h3><em>la moglie su Istagran: \u00abHanno trovato Federico. Ce la faremo in qualche modo.\u00a0Anche grazie a voi\u00bb.<\/em><\/h3>\n<\/blockquote>\n<p><img decoding=\"async\" class=\"alignleft\" src=\"https:\/\/www.radiopiu.net\/wordpress\/wp-content\/uploads\/2021\/09\/th-2.jpg\" \/>Federico Lugato, 39 anni, impiegato, viveva a Nolo con la moglie Elena. Insieme stavano trascorrendo un periodo di ferie a casa di familiari, a Pralongo. La mattina di gioved\u00ec 26 agosto \u00e8 uscito con la sua auto verso le 8.30 per andare a fare una passeggiata. Ha detto che sarebbe tornato per pranzo, ma cos\u00ec non \u00e8 stato. L\u2019auto \u00e8 stata trovata parcheggiata a Pralongo, dove inizia l\u2019itinerario che voleva percorrere: un giro ad anello di una decina di chilometri conosciuto come il percorso Bivacco Baita-Angelini. Una passeggiata facile, in un bosco folto di pini, senza dirupi. Dalle 10:30 la moglie gli ha mandato dei messaggi che non risultano visualizzati. Verso le 17, preoccupata, ha lanciato l\u2019allarme, facendo partire le ricerche di Soccorso Alpino, Vigili del Fuoco, Guardia di Finanza e Unit\u00e0 Cinofila della Croce Rossa, oltre a una cinquantina di volontari. Aveva con s\u00e9 i documenti e il cellulare, che risultava spento.<\/p>\n<p>&nbsp;<\/p>\n<p><strong>DALLA PREFETTURA DI BELLUNO<\/strong> Nell\u2019ambito del monitoraggio dell\u2019area di ricerca\u00a0 ieri mattina \u00e8 stata decisa una \u00a0ricognizione della zona da parte del Soccorso Alpino della Guardia di Finanza, con l\u2019ausilio di unit\u00e0 cinofile specializzate nella ricerca di corpi e tracce ematiche, come richiesto dallo stesso Prefetto nei giorni scorsi. L\u2019attivit\u00e0 svolta \u2013 pianificata dal SAGF della Guardia di Finanza sulla base dell\u2019elaborazione dei tabulati relativi alle celle telefoniche sviluppata nel corso delle ricerche che hanno visto coinvolte tutte le componenti istituzionali del soccorso e della protezione civile \u2013\u00a0\u00a0 ha consentito di ritrovare, alle ore 12 di ieri, il corpo\u00a0 di Federico Lugato,\u00a0 in localit\u00e0 \u201cMonte San Sebastiano\u201d, a circa 100 metri dal sentiero segnalato, sotto ad una balza rocciosa in mezzo a fitta vegetazione. La salma \u00e8 stata successivamente recuperata dall\u2019eliambulanza del SUEM 118 e posta a disposizione dell\u2019Autorit\u00e0 Giudiziaria.<\/p>\n<p>&nbsp;<\/p>\n<hr \/>\n<p>&nbsp;<\/p>\n<blockquote>\n<h3>SOCCORSO IN CRODA, TEDESCO ILLESO<\/h3>\n<\/blockquote>\n<p><strong><a href=\"https:\/\/www.radiopiu.net\/wordpress\/soccorso-in-croda-tedesco-illeso\/a3fa8da4-bcce-4fcb-a606-ebf61bc8fd50\/\" rel=\"attachment wp-att-231950\"><img loading=\"lazy\" decoding=\"async\" class=\"size-medium wp-image-231950 alignleft\" src=\"https:\/\/www.radiopiu.net\/wordpress\/wp-content\/uploads\/2021\/09\/a3fa8da4-bcce-4fcb-a606-ebf61bc8fd50-225x300.jpg\" alt=\"\" width=\"225\" height=\"300\" srcset=\"https:\/\/www.radiopiu.net\/wordpress\/wp-content\/uploads\/2021\/09\/a3fa8da4-bcce-4fcb-a606-ebf61bc8fd50-225x300.jpg 225w, https:\/\/www.radiopiu.net\/wordpress\/wp-content\/uploads\/2021\/09\/a3fa8da4-bcce-4fcb-a606-ebf61bc8fd50-768x1024.jpg 768w, https:\/\/www.radiopiu.net\/wordpress\/wp-content\/uploads\/2021\/09\/a3fa8da4-bcce-4fcb-a606-ebf61bc8fd50-1152x1536.jpg 1152w, https:\/\/www.radiopiu.net\/wordpress\/wp-content\/uploads\/2021\/09\/a3fa8da4-bcce-4fcb-a606-ebf61bc8fd50.jpg 1200w\" sizes=\"auto, (max-width: 225px) 100vw, 225px\" \/><\/a>AURONZO<\/strong> Dopo un fine settimana impegnativo anche l&#8217;inizio del nuovo giorno non \u00e8 stato rilassante per gli uomini del Soccorso Alpino e dell&#8217;equipaggio di Falco che ieri di buon mattina\u00a0 ha recuperato un Tedesco P.W. di 59 anni, illeso sulla Croda del Passaporto. La chiamata alle 9 dal gestore del Rifugio Lavaredo, per il soccorso si \u00e8 reso necessario l&#8217;uso del verriccello di oltre 40 metri.<\/p>\n<p>&nbsp;<\/p>\n<p><strong>\u00a0Alle 17\u00a0<\/strong> l&#8217;elicottero Falco \u00e9 intervenuto sotto il bivacco De Toni\u00a0 per il Recupero di un Tedesco per trauma arto inferiore, soccorso con verricello di 30 metri \u00e8 stato portato all&#8217;ospedale di Cortina.<\/p>\n<p>&nbsp;<\/p>\n<p>&nbsp;<\/p>\n<p>&nbsp;<\/p>\n<p>&nbsp;<\/p>\n<p>&nbsp;<\/p>\n<p>&nbsp;<\/p>\n<p>&nbsp;<\/p>\n<hr \/>\n<p>&nbsp;<\/p>\n<blockquote>\n<h3>AUTO A FUOCO, DOLO?<\/h3>\n<\/blockquote>\n<p><strong>BELLUNO<\/strong> Il fuoco distrugge la Panda azzurra parcheggiata in via Mire al bivio di San Gervasio. Il sospetto \u00e8 che si sia trattato di un atto doloso. I vigili del fuoco di Belluno sono intervenuti\u00a0 \u00a0domenica sera\u00a0 in via Mier. Pur non escludendo un possibile corto circuito rimane il sospetto che si sia trattato di un atto deliberato .La Panda era parcheggiata gi\u00e0 da un paio di giorni sotto il condominio, davanti a un garage. L&#8217;auto \u00e8 stata distrutta nella sua parte anteriore: a fuoco il cofano e in parte anche l&#8217;abitacolo.<\/p>\n<p>&nbsp;<\/p>\n<hr \/>\n<p>&nbsp;<\/p>\n<blockquote>\n<h3>LADRI ALL&#8217;AZIENDA AGRICOLA: DENUNCIATI<\/h3>\n<\/blockquote>\n<p><strong>FARRA DI SOLIGO<\/strong> Due bellunesi dovranno rispondere di furto in tribunale. La coppia, nota alla Polizia si \u00e8 introdotta in un&#8217;abitazione per acquistare del vino e derubano un 78enne dei soldi che aveva nel portafoglio.\u00a0 I due coniugi, lui C.E.\u00a0 di 44 anni e la moglie F.S. di sei anni pi\u00f9 giovane hanno sfilato il portafoglio dalla tasca dei pantaloni\u00a0 della vittima, sottraendogli le poche decine di euro al suo interno. Grazie alle immagini registrate al sistema di sicurezza della propriet\u00e0\u00a0 \u00e8 scattata la denuncia per il reato di furto in abitazione.<\/p>\n<p>&nbsp;<\/p>\n<hr \/>\n<p>&nbsp;<\/p>\n<blockquote>\n<h3>MOTO CONTRO AUTO, DUE FERITI<\/h3>\n<\/blockquote>\n<p><strong>AURONZO<\/strong> Due feriti nell&#8217;incidente tra auto e moto\u00a0 a Misurina. G.C.F., di 56 anni, di San Pietro di Cadore, \u00e8 stato trattenuto in osservazione al pronto soccorso del San Martino di Belluno dove Falco lo ha trasferito. In ospedale, ma a Pieve di Cadore a bordo dell&#8217;ambulanza, anche la donna conducente dell&#8217;auto coinvolta nello scontro: L.C.B., 52 anni, anche lei di San Pietro di Cadore: ha riportato lievi contusioni ed \u00e8 stata dimessa nel pomeriggio di ieri.<\/p>\n<p>&nbsp;<\/p>\n<hr \/>\n<p>&nbsp;<\/p>\n<p><strong>OGGI SUL CORRIERE DELLE ALPI\u00a0<\/strong><br \/>\ndi Gigi Sosso<\/p>\n<blockquote>\n<h3>ESULTO&#8217; PER IL CACCIATORE MORTO, PAGHERA&#8217; 7000 EURO<\/h3>\n<\/blockquote>\n<p><strong>BELLUNO<\/strong> Brind\u00f2 in rete per la morte di un cacciatore di Lamon. E condivise una serie di commenti diffamatori sul profilo Facebook dell&#8217;associazione 100 per cento animalisti. Paolo Mocavero, 61 enne padovano, responsabile del sito centopercentoanimalisti.mobi e del collegato profilo social, \u00e8 stato condannato a mille euro di multa, pi\u00f9 le spese processuali, oltre al risarcimento di 6 mila euro e alle spese di costituzione di parte civile. Una stangata.Il giudice Feletto ha preferito la pena in denaro, invece che quella detentiva di sei mesi, che aveva prospettato il pm Pesco. Sostanzialmente accolta, invece, la richiesta dell&#8217;avvocato di parte civile Bonan, che di euro ne aveva proposti 4 mila per ciascuna delle due parti civili: le vedova di Igor Sommariva e la figlia&#8230;<\/p>\n<p>&nbsp;<\/p>\n<p>&nbsp;<\/p>\n<hr \/>\n<blockquote>\n<h3>COLLE SANTA LUCIA E QUERO VAS, I COMUNI CON IL NUMERO MAGGIORE DI NUOVI INFETTI<\/h3>\n<\/blockquote>\n<p><strong>BELLUNO<\/strong> Consueto aggiornamento settimanale della ulss1 Dolomiti, solo due Comuni evidenziano il dato peggiore, ovvero negli ultimi sette giorni un numero di nuovi positivi da 251 e 500 ogni 100 mila abitanti. Taibon, Rivamonte e Sovramonte si fermano a 126-250 casi ogni 100 mila abitanti. Meglio negli altri Comuni ma non mancano i casi (125-250) in ben 18 Comuni dal Cadore al basso feltrino passando per Belluno, Borgo Valbelluna e Feltre. Nessun caso in tutti gli altri Comuni. <span style=\"color: #00000a;\"><span style=\"font-family: Calibri, serif;\"><span style=\"font-size: small;\"><span style=\"color: #000000;\"><span style=\"font-size: medium;\">Continua costante il trend di 20-25 nuove positivit\u00e0 quotidiane registrate in Ulss Dolomiti e riferibili ad una casistica in rientro dall\u2019estero e a contatti familiari. <\/span><\/span><\/span><\/span><\/span><span style=\"color: #00000a;\"><span style=\"font-family: Calibri, serif;\"><span style=\"font-size: small;\"><span style=\"color: #000000;\"><span style=\"font-size: medium;\">I casi rilevati nell\u2019ultima settimana sono 130 (+19 rispetto alla scorsa settimana), con un conseguente tasso di incidenza settimanale di 65 casi su 100 mila abitanti, superiore all&#8217;incidenza nazionale (59 su 100 mila abitanti). <\/span><\/span><\/span><\/span><\/span><span style=\"color: #00000a;\"><span style=\"font-family: Calibri, serif;\"><span style=\"font-size: small;\"><span style=\"color: #000000;\"><span style=\"font-size: medium;\">La mappa sottostante rappresenta l\u2019incidenza settimanale per singolo comune. Si ricorda che nei piccoli comuni, anche una piccola casistica determina un\u2019incidenza (casi\/abitanti) significativa, alla luce del piccolo denominatore di popolazione.<\/span><\/span><\/span><\/span><\/span><\/p>\n<p><a href=\"https:\/\/www.radiopiu.net\/wordpress\/colle-santa-lucia-e-quero-vas-i-comuni-con-il-numero-maggiore-di-infetti\/2222-4\/\" rel=\"attachment wp-att-232016\"><img loading=\"lazy\" decoding=\"async\" class=\"size-medium wp-image-232016 aligncenter\" src=\"https:\/\/www.radiopiu.net\/wordpress\/wp-content\/uploads\/2021\/09\/2222-290x300.jpg\" alt=\"\" width=\"290\" height=\"300\" srcset=\"https:\/\/www.radiopiu.net\/wordpress\/wp-content\/uploads\/2021\/09\/2222-290x300.jpg 290w, https:\/\/www.radiopiu.net\/wordpress\/wp-content\/uploads\/2021\/09\/2222-991x1024.jpg 991w, https:\/\/www.radiopiu.net\/wordpress\/wp-content\/uploads\/2021\/09\/2222-768x794.jpg 768w, https:\/\/www.radiopiu.net\/wordpress\/wp-content\/uploads\/2021\/09\/2222-1486x1536.jpg 1486w, https:\/\/www.radiopiu.net\/wordpress\/wp-content\/uploads\/2021\/09\/2222.jpg 1548w\" sizes=\"auto, (max-width: 290px) 100vw, 290px\" \/><\/a><\/p>\n<p><span style=\"font-size: medium;\">Le nuove positivit\u00e0 si confermano prevalentemente a carico di soggetti giovani o molto giovani. Le persone di 65 e pi\u00f9 anni registrano una casistica limitata in relazione agli elevati tassi di copertura vaccinale (purtuttavia ancora migliorabili) e alla minore mobilit\u00e0 sociale. <\/span><span style=\"font-size: small; font-family: Calibri, serif; color: #000000;\"><span style=\"font-size: medium;\">La grande maggioranza d<\/span><\/span><span style=\"font-family: Calibri, serif; color: #00000a; font-size: medium;\">ei nuovi positivi della settimana (106\/130) NON sono vaccinati. Tale dato conferma, anche localmente, la capacit\u00e0 della vaccinazione di ridurre il rischio infettivo (oltre al rischio di malattia grave e di morte).\u00a0 D<\/span><span style=\"color: #00000a;\"><span style=\"font-family: Calibri, serif;\"><span style=\"font-size: small;\"><span style=\"color: #000000;\"><span style=\"font-size: medium;\">all\u2019inizio dell\u2019epidemia, nei drive in dell\u2019Ulss Dolomiti sono stati effettuati: <\/span><\/span><\/span><\/span><\/span><span style=\"font-size: medium; color: #000000; font-family: Calibri, serif;\">325 mila tamponi molecolari <\/span><span style=\"font-size: medium; color: #000000; font-family: Calibri, serif;\">238 mila tamponi antigenici. <\/span><span style=\"color: #00000a;\"><span style=\"font-family: Calibri, serif;\"><span style=\"font-size: small;\"><span style=\"color: #000000;\"><span style=\"font-size: medium;\">Nelle farmacie territoriali, da gennaio, sono stati effettuati oltre 35 mila tamponi antigenici. <\/span><\/span><\/span><\/span><\/span><span style=\"color: #00000a;\"><span style=\"font-family: Calibri, serif;\"><span style=\"font-size: small;\"><span style=\"font-size: medium;\">Ad oggi sono state trattate con anticorpi monoclonali dall\u2019Unit\u00e0 Operativa di Malattie Infettive di Belluno <\/span><span style=\"color: #000000;\"><span style=\"font-size: medium;\">67<\/span><\/span><span style=\"font-size: medium;\"> persone (+ 3 nella settimana). <\/span><\/span><\/span><\/span><span style=\"color: #00000a;\"><span style=\"font-family: Calibri, serif;\"><span style=\"font-size: small;\"><span style=\"color: #000000;\"><span style=\"font-size: medium;\">Sono attualmente ricoverati al San Martino di Belluno 13 pazienti Covid positivi. <\/span><\/span><\/span><\/span><\/span><span style=\"color: #00000a;\"><span style=\"font-family: Calibri, serif;\"><span style=\"font-size: small;\"><span style=\"font-size: medium;\">Dei 13 pazienti Covid positivi ricoverati, 1 \u00e8 in terapia intensiva. Rimane in Terapia Intensiva anche il paziente negativizzato dopo 37 giorni dalla positivit\u00e0 e in Rianimazione dal 10 agosto. <\/span><\/span><\/span><\/span><span style=\"color: #00000a;\"><span style=\"font-family: Calibri, serif;\"><span style=\"font-size: small;\"><span style=\"font-size: medium;\">In area non critica sono ricoverati : <\/span><\/span><\/span><\/span><span style=\"font-size: small; font-family: Calibri, serif; color: #000000;\"><span style=\"font-size: medium;\">4<\/span><\/span><span style=\"font-family: Calibri, serif; color: #00000a; font-size: medium;\"> pazienti (di 23, 54, 60 85 anni) in Pneumologia, di cui 2 con quadro severo <\/span><span style=\"font-size: small; font-family: Calibri, serif; color: #000000;\"><span style=\"font-size: medium;\">8 <\/span><\/span><span style=\"font-family: Calibri, serif; color: #00000a; font-size: medium;\">pazienti (di 41,48,53, 54, <\/span><span style=\"font-size: small; font-family: Calibri, serif; color: #000000;\"><span style=\"font-size: medium;\">78, 78, 90 e 94 <\/span><\/span><span style=\"font-family: Calibri, serif; color: #00000a; font-size: medium;\">anni) in Malattie Infettive, di cui 1 con quadro severo. <\/span><span style=\"color: #00000a;\"><span style=\"font-family: Calibri, serif;\"><span style=\"font-size: small;\"><span style=\"font-size: medium;\">Su <\/span><span style=\"color: #000000;\"><span style=\"font-size: medium;\">1<\/span><\/span><span style=\"color: #000000;\"><span style=\"font-size: medium;\"><span lang=\"it-IT\">3 <\/span><\/span><\/span><span style=\"font-size: medium;\">pazienti ricoverati, <\/span><span style=\"color: #000000;\"><span style=\"font-size: medium;\">11<\/span><\/span><span style=\"font-size: medium;\"> sono non vaccinati<\/span><span style=\"font-size: medium;\">.<\/span><\/span><\/span><\/span><\/p>\n\n\t\t\t<style type='text\/css'>\n\t\t\t\t#gallery-1 {\n\t\t\t\t\tmargin: auto;\n\t\t\t\t}\n\t\t\t\t#gallery-1 .gallery-item {\n\t\t\t\t\tfloat: left;\n\t\t\t\t\tmargin-top: 10px;\n\t\t\t\t\ttext-align: center;\n\t\t\t\t\twidth: 50%;\n\t\t\t\t}\n\t\t\t\t#gallery-1 img {\n\t\t\t\t\tborder: 2px solid #cfcfcf;\n\t\t\t\t}\n\t\t\t\t#gallery-1 .gallery-caption {\n\t\t\t\t\tmargin-left: 0;\n\t\t\t\t}\n\t\t\t\t\/* see gallery_shortcode() in wp-includes\/media.php *\/\n\t\t\t<\/style>\n\t\t<div id='gallery-1' class='dt-gallery-container gallery galleryid-231923 gallery-columns-2 gallery-size-medium'><dl class='gallery-item'>\n\t\t\t\t<dt class='gallery-icon landscape'>\n\t\t\t\t\t<a class=\"rollover rollover-zoom dt-pswp-item\" title=\"3333\" data-dt-img-description=\"\" data-large_image_width=\"978\" data-large_image_height=\"615\"href='https:\/\/www.radiopiu.net\/wordpress\/wp-content\/uploads\/2021\/09\/3333.png'><img loading=\"lazy\" decoding=\"async\" width=\"300\" height=\"189\" src=\"https:\/\/www.radiopiu.net\/wordpress\/wp-content\/uploads\/2021\/09\/3333-300x189.png\" class=\"attachment-medium size-medium\" alt=\"\" srcset=\"https:\/\/www.radiopiu.net\/wordpress\/wp-content\/uploads\/2021\/09\/3333-300x189.png 300w, https:\/\/www.radiopiu.net\/wordpress\/wp-content\/uploads\/2021\/09\/3333-768x483.png 768w, https:\/\/www.radiopiu.net\/wordpress\/wp-content\/uploads\/2021\/09\/3333.png 978w\" sizes=\"auto, (max-width: 300px) 100vw, 300px\" \/><\/a>\n\t\t\t\t<\/dt><\/dl><dl class='gallery-item'>\n\t\t\t\t<dt class='gallery-icon landscape'>\n\t\t\t\t\t<a class=\"rollover rollover-zoom dt-pswp-item\" title=\"1111\" data-dt-img-description=\"\" data-large_image_width=\"1328\" data-large_image_height=\"584\"href='https:\/\/www.radiopiu.net\/wordpress\/wp-content\/uploads\/2021\/09\/1111.jpg'><img loading=\"lazy\" decoding=\"async\" width=\"300\" height=\"132\" src=\"https:\/\/www.radiopiu.net\/wordpress\/wp-content\/uploads\/2021\/09\/1111-300x132.jpg\" class=\"attachment-medium size-medium\" alt=\"\" srcset=\"https:\/\/www.radiopiu.net\/wordpress\/wp-content\/uploads\/2021\/09\/1111-300x132.jpg 300w, https:\/\/www.radiopiu.net\/wordpress\/wp-content\/uploads\/2021\/09\/1111-1024x450.jpg 1024w, https:\/\/www.radiopiu.net\/wordpress\/wp-content\/uploads\/2021\/09\/1111-768x338.jpg 768w, https:\/\/www.radiopiu.net\/wordpress\/wp-content\/uploads\/2021\/09\/1111.jpg 1328w\" sizes=\"auto, (max-width: 300px) 100vw, 300px\" \/><\/a>\n\t\t\t\t<\/dt><\/dl><br style=\"clear: both\" \/>\n\t\t\t<\/div>\n\n<p>&nbsp;<\/p>\n<p>&nbsp;<\/p>\n<p>&nbsp;<\/p>\n<p>&nbsp;<\/p>\n<hr \/>\n<p>&nbsp;<\/p>\n<p><strong>LA FUMATA NERA, DALLA RSU &#8220;FINITELA DI PRENDERCI IN GIRO, FATE LE LEGGI A ROMA CHE POI NON POSSONO ESSERE APPLICATE&#8221;.<\/strong><\/p>\n<blockquote>\n<h3 class=\"western\">INCONTRO MISE SU SITUAZIONE ACC DI BORGO VALBELLUNA<\/h3>\n<\/blockquote>\n<p class=\"western\"><em><strong><img loading=\"lazy\" decoding=\"async\" class=\"alignleft\" src=\"https:\/\/www.radiopiu.net\/wordpress\/wp-content\/uploads\/2021\/07\/fe31d81b-77ec-47c5-a694-c66558eeedf6.jpg\" width=\"278\" height=\"209\" \/>ROMA<\/strong> \u201cFaccio mie le domande poste con chiarezza dai sindacati nazionali e ribadite dai territoriali di Belluno. Domande precise su che tipo di soluzioni si prospettano per ACC da parte del Mise che \u00e8 responsabile di quest\u2019azienda pi\u00f9 di qualsiasi altra azienda, essendo in amministrazione straordinaria, controllata quindi dal Ministero\u201d.<\/em> Questo \u00e8 quanto afferma l\u2019Assessore al Lavoro della Regione del Veneto al termine dell\u2019incontro che si \u00e8 svolto <span style=\"color: #000000;\">al Ministero dello sviluppo economico, promosso dalla Viceministro dello sviluppo economico per discutere la situazione aziendali del sito di ACC).<em>\u00a0<\/em><\/span><em>\u201cSi tratta di domande poste da tempo che, purtroppo, oggi hanno visto una richiesta di rinvio da parte del Ministero, presente oggi con i massimi vertici della gestione delle crisi e del Vice Ministro dello sviluppo economico \u2013 prosegue l\u2019Assessore -. Nessuna risposta ma la richiesta di avere un\u2019altra settimana di approfondimento \u00e8 l\u2019esito dell\u2019incontro di oggi\u201d. Ho formulato alcune proposte, ora mi aspetto che alle domande del sindacato e alle proposte presentate si dia risposta. Non mancano le soluzioni, manca la chiarezza della direzione\u201d.<\/em><\/p>\n<p>&nbsp;<\/p>\n<p>&nbsp;<\/p>\n<hr \/>\n<p>&nbsp;<\/p>\n<blockquote>\n<h2 style=\"text-align: left;\">PRIMO GIORNO DI SCUOLA ALL&#8217;ISTITUTO RENIER<\/h2>\n<\/blockquote>\n<p>&nbsp;<\/p>\n<p><strong>REDAZIONE<\/strong> Anno nuovo&#8230; in presenza. All&#8217;Istituto Renier il saluto agli studenti del Presidente della Provincia Roberto Padrin.<\/p>\n<p>&nbsp;<\/p>\n<p><a href=\"https:\/\/www.radiopiu.net\/wordpress\/primo-giorno-di-scuola-allistituto-renier\/172d14ae-f702-4ad7-a8ff-03b6c8eb76ad\/\" rel=\"attachment wp-att-231908\"><img loading=\"lazy\" decoding=\"async\" class=\"alignnone wp-image-231908 size-full\" src=\"https:\/\/www.radiopiu.net\/wordpress\/wp-content\/uploads\/2021\/09\/172d14ae-f702-4ad7-a8ff-03b6c8eb76ad.jpg\" alt=\"\" width=\"1600\" height=\"737\" srcset=\"https:\/\/www.radiopiu.net\/wordpress\/wp-content\/uploads\/2021\/09\/172d14ae-f702-4ad7-a8ff-03b6c8eb76ad.jpg 1600w, https:\/\/www.radiopiu.net\/wordpress\/wp-content\/uploads\/2021\/09\/172d14ae-f702-4ad7-a8ff-03b6c8eb76ad-300x138.jpg 300w, https:\/\/www.radiopiu.net\/wordpress\/wp-content\/uploads\/2021\/09\/172d14ae-f702-4ad7-a8ff-03b6c8eb76ad-1024x472.jpg 1024w, https:\/\/www.radiopiu.net\/wordpress\/wp-content\/uploads\/2021\/09\/172d14ae-f702-4ad7-a8ff-03b6c8eb76ad-768x354.jpg 768w, https:\/\/www.radiopiu.net\/wordpress\/wp-content\/uploads\/2021\/09\/172d14ae-f702-4ad7-a8ff-03b6c8eb76ad-1536x708.jpg 1536w\" sizes=\"auto, (max-width: 1600px) 100vw, 1600px\" \/><\/a><\/p>\n<p>&nbsp;<\/p>\n<p><strong>AUDIO Roberto Padrin\u00a0<\/strong><\/p>\n<audio class=\"wp-audio-shortcode\" id=\"audio-231923-1\" preload=\"none\" style=\"width: 100%;\" controls=\"controls\"><source type=\"audio\/mpeg\" src=\"https:\/\/www.radiopiu.net\/wordpress\/wp-content\/uploads\/2021\/09\/padrin.mp3?_=1\" \/><a href=\"https:\/\/www.radiopiu.net\/wordpress\/wp-content\/uploads\/2021\/09\/padrin.mp3\">https:\/\/www.radiopiu.net\/wordpress\/wp-content\/uploads\/2021\/09\/padrin.mp3<\/a><\/audio>\n<p>&nbsp;<\/p>\n<p><strong>AUDIO Viola Anesin, dirigente scolastico<\/strong><\/p>\n<audio class=\"wp-audio-shortcode\" id=\"audio-231923-2\" preload=\"none\" style=\"width: 100%;\" controls=\"controls\"><source type=\"audio\/mpeg\" src=\"https:\/\/www.radiopiu.net\/wordpress\/wp-content\/uploads\/2021\/09\/viola.mp3?_=2\" \/><a href=\"https:\/\/www.radiopiu.net\/wordpress\/wp-content\/uploads\/2021\/09\/viola.mp3\">https:\/\/www.radiopiu.net\/wordpress\/wp-content\/uploads\/2021\/09\/viola.mp3<\/a><\/audio>\n<p>&nbsp;<\/p>\n\n\t\t\t<style type='text\/css'>\n\t\t\t\t#gallery-2 {\n\t\t\t\t\tmargin: auto;\n\t\t\t\t}\n\t\t\t\t#gallery-2 .gallery-item {\n\t\t\t\t\tfloat: left;\n\t\t\t\t\tmargin-top: 10px;\n\t\t\t\t\ttext-align: center;\n\t\t\t\t\twidth: 25%;\n\t\t\t\t}\n\t\t\t\t#gallery-2 img {\n\t\t\t\t\tborder: 2px solid #cfcfcf;\n\t\t\t\t}\n\t\t\t\t#gallery-2 .gallery-caption {\n\t\t\t\t\tmargin-left: 0;\n\t\t\t\t}\n\t\t\t\t\/* see gallery_shortcode() in wp-includes\/media.php *\/\n\t\t\t<\/style>\n\t\t<div id='gallery-2' class='dt-gallery-container gallery galleryid-231923 gallery-columns-4 gallery-size-thumbnail'><dl class='gallery-item'>\n\t\t\t\t<dt class='gallery-icon landscape'>\n\t\t\t\t\t<a class=\"rollover rollover-zoom dt-pswp-item\" title=\"IMG_1208\" data-dt-img-description=\"\" data-large_image_width=\"2016\" data-large_image_height=\"1512\"href='https:\/\/www.radiopiu.net\/wordpress\/wp-content\/uploads\/2021\/09\/IMG_1208.jpg'><img loading=\"lazy\" decoding=\"async\" width=\"150\" height=\"150\" src=\"https:\/\/www.radiopiu.net\/wordpress\/wp-content\/uploads\/2021\/09\/IMG_1208-150x150.jpg\" class=\"attachment-thumbnail size-thumbnail\" alt=\"\" \/><\/a>\n\t\t\t\t<\/dt><\/dl><dl class='gallery-item'>\n\t\t\t\t<dt class='gallery-icon landscape'>\n\t\t\t\t\t<a class=\"rollover rollover-zoom dt-pswp-item\" title=\"IMG_1206\" data-dt-img-description=\"\" data-large_image_width=\"2016\" data-large_image_height=\"1512\"href='https:\/\/www.radiopiu.net\/wordpress\/wp-content\/uploads\/2021\/09\/IMG_1206.jpg'><img loading=\"lazy\" decoding=\"async\" width=\"150\" height=\"150\" src=\"https:\/\/www.radiopiu.net\/wordpress\/wp-content\/uploads\/2021\/09\/IMG_1206-150x150.jpg\" class=\"attachment-thumbnail size-thumbnail\" alt=\"\" \/><\/a>\n\t\t\t\t<\/dt><\/dl><dl class='gallery-item'>\n\t\t\t\t<dt class='gallery-icon landscape'>\n\t\t\t\t\t<a class=\"rollover rollover-zoom dt-pswp-item\" title=\"IMG_1214\" data-dt-img-description=\"\" data-large_image_width=\"2016\" data-large_image_height=\"1512\"href='https:\/\/www.radiopiu.net\/wordpress\/wp-content\/uploads\/2021\/09\/IMG_1214.jpg'><img loading=\"lazy\" decoding=\"async\" width=\"150\" height=\"150\" src=\"https:\/\/www.radiopiu.net\/wordpress\/wp-content\/uploads\/2021\/09\/IMG_1214-150x150.jpg\" class=\"attachment-thumbnail size-thumbnail\" alt=\"\" \/><\/a>\n\t\t\t\t<\/dt><\/dl><dl class='gallery-item'>\n\t\t\t\t<dt class='gallery-icon landscape'>\n\t\t\t\t\t<a class=\"rollover rollover-zoom dt-pswp-item\" title=\"IMG_1204\" data-dt-img-description=\"\" data-large_image_width=\"2016\" data-large_image_height=\"1512\"href='https:\/\/www.radiopiu.net\/wordpress\/wp-content\/uploads\/2021\/09\/IMG_1204.jpg'><img loading=\"lazy\" decoding=\"async\" width=\"150\" height=\"150\" src=\"https:\/\/www.radiopiu.net\/wordpress\/wp-content\/uploads\/2021\/09\/IMG_1204-150x150.jpg\" class=\"attachment-thumbnail size-thumbnail\" alt=\"\" \/><\/a>\n\t\t\t\t<\/dt><\/dl><br style=\"clear: both\" \/>\n\t\t\t<\/div>\n\n<p>&nbsp;<\/p>\n<p>&nbsp;<\/p>\n<hr \/>\n<p>&nbsp;<\/p>\n<p>&nbsp;<\/p>\n<p>&nbsp;<\/p>\n<blockquote>\n<h3>IL GRANDE INIZIO DELLA SCUOLA. UNCEM: MONTAGNA VINCE CON SCUOLE ALL&#8217;AVANGUARDIA ED EFFICACI TRASPORTI<\/h3>\n<\/blockquote>\n<p><strong><a href=\"https:\/\/www.radiopiu.net\/wordpress\/giornale-radiopiu-06-novembre-2020-direttore-mirko-mezzacasa\/logouncem_no_scritta-wdtr\/\" rel=\"attachment wp-att-170846\"><img loading=\"lazy\" decoding=\"async\" class=\"wp-image-170846 alignleft\" src=\"https:\/\/www.radiopiu.net\/wordpress\/wp-content\/uploads\/2020\/11\/logoUNCEM_no_scritta-wdtr-300x300.jpg\" alt=\"\" width=\"161\" height=\"161\" srcset=\"https:\/\/www.radiopiu.net\/wordpress\/wp-content\/uploads\/2020\/11\/logoUNCEM_no_scritta-wdtr-300x300.jpg 300w, https:\/\/www.radiopiu.net\/wordpress\/wp-content\/uploads\/2020\/11\/logoUNCEM_no_scritta-wdtr-150x150.jpg 150w, https:\/\/www.radiopiu.net\/wordpress\/wp-content\/uploads\/2020\/11\/logoUNCEM_no_scritta-wdtr.jpg 640w\" sizes=\"auto, (max-width: 161px) 100vw, 161px\" \/><\/a>ROMA<\/strong>\u00a0<em> &#8220;Iniziata la scuola in molte regioni italiane. Uncem fa gli auguri agli studenti, ai docenti, al personale, alle famiglie e anche ai Sindaci che molto hanno lavorato negli ultimi giorni per una efficace riapertura dei plessi in tempo di pandemia. \u00c8 una ripartenza importante, significativa.\u00a0 &#8220;Senza formazione e senza far crescere il capitale umano non si va lontano &#8211; dice il presidente Uncem Marco Bussone &#8211; e lavorare sulle scuole vuol dire lavorare anche sui trasporti. Dai Comuni pi\u00f9 in alto delle valli, per raggiungere istituti superiori e universit\u00e0, ci sono ore e ore di viaggi al giorno. Investiamo sui convitti, ai pi\u00f9 sconosciuti, ma decisivi in tante parti di Alpi e Appennino. Investiamo sui trasporti&#8221;.<\/em>\u00a0 Uncem invita il Governo a realizzare il &#8216;Piano per l&#8217;istruzione destinato alle aree rurali e montane, con particolare riguardo al collegamento dei plessi scolastici ubicati nelle aree rurali e montane, all&#8217;informatizzazione e alla progressiva digitalizzazione delle attivit\u00e0 didattiche e amministrative che si svolgono nei medesimi plessi. <em>&#8220;Forse i Ministri ignorano che questo articolo \u00e8 legge &#8211; conclude Bussone &#8211; diano un segnale oggi, in questo giorno di inizio delle lezioni cos\u00ec significativo. Legge \u00e8 legge. E Uncem non pu\u00f2 che chiederne l&#8217;attuazione. Sono gi\u00e0 passati quattro anni, di inerzia&#8221;.\u00a0<\/em><\/p>\n<p>&nbsp;<\/p>\n<hr \/>\n<p>&nbsp;<\/p>\n<p>&nbsp;<\/p>\n<blockquote>\n<h3>ULSS DOLOMITI E UFFICIO SCOLASTICO PROVINCIALE ALLEATI PER UNA SCUOLA IN PRESENZA E IN SICUREZZA<\/h3>\n<\/blockquote>\n<p><strong><a href=\"https:\/\/www.radiopiu.net\/wordpress\/giornale-radiopiu-14-settembre-2021-direttore-mirko-mezzacasa\/whatsapp-image-2021-09-13-at-15-23-13\/\" rel=\"attachment wp-att-231999\"><img loading=\"lazy\" decoding=\"async\" class=\"size-medium wp-image-231999 alignleft\" src=\"https:\/\/www.radiopiu.net\/wordpress\/wp-content\/uploads\/2021\/09\/WhatsApp-Image-2021-09-13-at-15.23.13-300x225.jpeg\" alt=\"\" width=\"300\" height=\"225\" srcset=\"https:\/\/www.radiopiu.net\/wordpress\/wp-content\/uploads\/2021\/09\/WhatsApp-Image-2021-09-13-at-15.23.13-300x225.jpeg 300w, https:\/\/www.radiopiu.net\/wordpress\/wp-content\/uploads\/2021\/09\/WhatsApp-Image-2021-09-13-at-15.23.13-1024x768.jpeg 1024w, https:\/\/www.radiopiu.net\/wordpress\/wp-content\/uploads\/2021\/09\/WhatsApp-Image-2021-09-13-at-15.23.13-768x576.jpeg 768w, https:\/\/www.radiopiu.net\/wordpress\/wp-content\/uploads\/2021\/09\/WhatsApp-Image-2021-09-13-at-15.23.13-1536x1152.jpeg 1536w, https:\/\/www.radiopiu.net\/wordpress\/wp-content\/uploads\/2021\/09\/WhatsApp-Image-2021-09-13-at-15.23.13.jpeg 2000w\" sizes=\"auto, (max-width: 300px) 100vw, 300px\" \/><\/a>BELLUNO<\/strong> Ieri mattina il Direttore Generale Maria Grazia Carraro con il Dirigente dell\u2019Ufficio Scolastico provinciale Massimiliano Salvador ha fatto visita alla scuola media Ricci di Belluno, per abbracciare simbolicamente tutti i bambini, ragazzi e il personale della scuola che oggi hanno iniziato con emozione il nuovo anno scolastico. L\u2019Ulss Dolomiti ha ricostituito il Team Scuola Covid del Dipartimento di Prevenzione che avr\u00e0 il compito di supportare le scuole della provincia nella gestione della prevenzione e delle eventualit\u00e0 positivit\u00e0 Covid, coordinato dalla dottoressa Erika Leone. Da settembre 2020 a giugno 2021 erano state prese in carico in Ulss Dolomiti 944 classi, coinvolgendo 16.170 tra alunni e insegnanti. Di questi, le classi poste in isolamento sono state 625, per un totale di 10.619 persone. Per 319 classi \u00e8 stato attivato il monitoraggio scolastico, per un totale di 5.551 contatti. Positiva anche la sperimentazione nel territorio del monitoraggio della circolazione virale attraverso i tamponi periodici a studenti e personale di una scuola superiore e all\u2019automonitoraggio nell\u2019ambito del progetto sperimentale promosso dalla Regione del Veneto insieme alle Universit\u00e0 di Padova e Verona con l\u2019\u00e9quipe epidemiologica guidata dal professor Vincenzo Baldo. Per nuovo anno scolastico, la Regione Veneto ha promosso un ulteriore progetto strutturato per il monitoraggio della circolazione virale attraverso la \u201cRete scuole sentinella\u201d tramite l\u2019automonitoraggio con tamponi salivari. Per la provincia di Belluno sar\u00e0 coinvolto tutto l\u2019istituto comprensivo 2 di Belluno ( circa 850 studenti) e l\u2019istituto superiore Negrelli di Feltre (circa 800 studenti). L\u2019operativit\u00e0 sar\u00e0 definita nelle prossime settimane.<\/p>\n<blockquote><p><em>\u00abRipartiamo in sicurezza: consapevoli, responsabili ma anche fiduciosi\u00bb commenta il Dirigente dell\u2019Ufficio Scolastico provinciale Massimiliano Salvador, \u00abcon l\u2019ulss abbiamo instaurato un ottimo rapporto di collaborazione che ha consentito e consentir\u00e0 di supportare al meglio le scuole\u00bb<\/em><\/p><\/blockquote>\n<p>&nbsp;<\/p>\n<p>&nbsp;<\/p>\n<p>&nbsp;<\/p>\n<hr \/>\n<p>&nbsp;<\/p>\n<h1><span style=\"color: #ff0000;\">IERI ALLA RADIO\u00a0\u00a0<\/span><\/h1>\n<p><strong>REDAZIONE<\/strong> Il primo numero di 007 in Condotta, la trasmissione radiofonica inizia il decimo anno di programmazione. In studio la prof. Maria Rosa Salmazo e Claudio Fontanive<\/p>\n<p><strong>la prima puntata\u00a0<\/strong><\/p>\n<audio class=\"wp-audio-shortcode\" id=\"audio-231923-3\" preload=\"none\" style=\"width: 100%;\" controls=\"controls\"><source type=\"audio\/mpeg\" src=\"https:\/\/www.radiopiu.net\/wordpress\/wp-content\/uploads\/2021\/09\/007-12-settembre.mp3?_=3\" \/><a href=\"https:\/\/www.radiopiu.net\/wordpress\/wp-content\/uploads\/2021\/09\/007-12-settembre.mp3\">https:\/\/www.radiopiu.net\/wordpress\/wp-content\/uploads\/2021\/09\/007-12-settembre.mp3<\/a><\/audio>\n<blockquote>\n<h3>LA RACCOLTA COMPLETA DELLE ULTIME STAGIONI DAL 14 SETTEMBRE 2018<\/h3>\n<\/blockquote>\n<blockquote class=\"wp-embedded-content\" data-secret=\"xr8Gwki7Ss\"><p><a href=\"https:\/\/www.radiopiu.net\/wordpress\/007incondotta-9\/\">007 in condotta<\/a><\/p><\/blockquote>\n<p><iframe loading=\"lazy\" class=\"wp-embedded-content\" sandbox=\"allow-scripts\" security=\"restricted\" style=\"position: absolute; clip: rect(1px, 1px, 1px, 1px);\" title=\"&#8220;007 in condotta&#8221; &#8212; Radio Pi\u00f9\" src=\"https:\/\/www.radiopiu.net\/wordpress\/007incondotta-9\/embed\/#?secret=xr8Gwki7Ss\" data-secret=\"xr8Gwki7Ss\" width=\"600\" height=\"338\" frameborder=\"0\" marginwidth=\"0\" marginheight=\"0\" scrolling=\"no\"><\/iframe><\/p>\n<p>&nbsp;<\/p>\n<p>&nbsp;<\/p>\n<hr \/>\n<p>&nbsp;<\/p>\n<p>&nbsp;<\/p>\n<blockquote>\n<h3 style=\"text-align: left;\">L&#8217;AUGURIO AGLI STUDENTI DAL CONSIGLIERE COMUNALE RAFFAELE ADDAMIANO<\/h3>\n<\/blockquote>\n<p><strong>BELLUNO<\/strong><em> Al terzo anno scolastico consecutivo in tempi di pandemia cinese il mio augurio sincero va ai circa 4.200.000 alunni italiani e, tra questi, a tutti i 22.328 studenti bellunesi (-3% rispetto al 2020\/2021) che iniziano in questi giorni di fine estate un periodo fondamentale per la loro vita, non solo strettamente di studio, nella speranza che, come di recente garantito dal Ministro della Pubblica Istruzione, la Dad, pur utile a suo tempo, diventi davvero un lontano ricordo e che i nostri cittadini del futuro comprendano appieno, con Victor Hugo, che &#8220;Chi apre le porte di una scuola, chiude una prigione.&#8221;.<\/em><\/p>\n<p>&nbsp;<\/p>\n<p>&nbsp;<\/p>\n<p>&nbsp;<\/p>\n<hr \/>\n<p>&nbsp;<\/p>\n<p>&nbsp;<\/p>\n<blockquote>\n<h3>EX REGIONALE 203 AGORDINA&#8230; L&#8217;ITALIA CHE FUNZIONA<\/h3>\n<\/blockquote>\n<p><strong>TAIBON_CENCENIGHE<\/strong> Quasi\u00a0 ci siamo, di certo il grosso \u00e8 stato fatto. Ovvero, a opera d&#8217;arte ricostruiti gli argini lungo il torrente Cordevole. La furia dell&#8217;acqua nei giorni di Vaia ha travolto argini e strada rendendola inagibile anche per i pedoni. La strada \u00e8 stata di nuovo realizzata, manca l&#8217;asfalto e le protezioni a lato della rotabile. Una bella notizia, non solo per i ciclisti ora costretti a percorrere la\u00a0 galleria Listolade-Cencenighe, ma anche per l&#8217;utenza di qualsiasi mezzo che in caso di incidenti o frane sulla principale strada per l&#8217;Alto Agordino che potr\u00e0 contare su una via di emergenza come tra i ponti dei Castei e Torner dove stanno terminando i lavori del ripristino della ex 203.<\/p>\n\n\t\t\t<style type='text\/css'>\n\t\t\t\t#gallery-3 {\n\t\t\t\t\tmargin: auto;\n\t\t\t\t}\n\t\t\t\t#gallery-3 .gallery-item {\n\t\t\t\t\tfloat: left;\n\t\t\t\t\tmargin-top: 10px;\n\t\t\t\t\ttext-align: center;\n\t\t\t\t\twidth: 50%;\n\t\t\t\t}\n\t\t\t\t#gallery-3 img {\n\t\t\t\t\tborder: 2px solid #cfcfcf;\n\t\t\t\t}\n\t\t\t\t#gallery-3 .gallery-caption {\n\t\t\t\t\tmargin-left: 0;\n\t\t\t\t}\n\t\t\t\t\/* see gallery_shortcode() in wp-includes\/media.php *\/\n\t\t\t<\/style>\n\t\t<div id='gallery-3' class='dt-gallery-container gallery galleryid-231923 gallery-columns-2 gallery-size-medium'><dl class='gallery-item'>\n\t\t\t\t<dt class='gallery-icon landscape'>\n\t\t\t\t\t<a class=\"rollover rollover-zoom dt-pswp-item\" title=\"be3ab5f2-e8f9-4cdd-8d4e-e5aafea11c25\" data-dt-img-description=\"\" data-large_image_width=\"1920\" data-large_image_height=\"1080\"href='https:\/\/www.radiopiu.net\/wordpress\/wp-content\/uploads\/2021\/09\/be3ab5f2-e8f9-4cdd-8d4e-e5aafea11c25.jpg'><img loading=\"lazy\" decoding=\"async\" width=\"300\" height=\"169\" src=\"https:\/\/www.radiopiu.net\/wordpress\/wp-content\/uploads\/2021\/09\/be3ab5f2-e8f9-4cdd-8d4e-e5aafea11c25-300x169.jpg\" class=\"attachment-medium size-medium\" alt=\"\" srcset=\"https:\/\/www.radiopiu.net\/wordpress\/wp-content\/uploads\/2021\/09\/be3ab5f2-e8f9-4cdd-8d4e-e5aafea11c25-300x169.jpg 300w, https:\/\/www.radiopiu.net\/wordpress\/wp-content\/uploads\/2021\/09\/be3ab5f2-e8f9-4cdd-8d4e-e5aafea11c25-1024x576.jpg 1024w, https:\/\/www.radiopiu.net\/wordpress\/wp-content\/uploads\/2021\/09\/be3ab5f2-e8f9-4cdd-8d4e-e5aafea11c25-768x432.jpg 768w, https:\/\/www.radiopiu.net\/wordpress\/wp-content\/uploads\/2021\/09\/be3ab5f2-e8f9-4cdd-8d4e-e5aafea11c25-1536x864.jpg 1536w, https:\/\/www.radiopiu.net\/wordpress\/wp-content\/uploads\/2021\/09\/be3ab5f2-e8f9-4cdd-8d4e-e5aafea11c25.jpg 1920w\" sizes=\"auto, (max-width: 300px) 100vw, 300px\" \/><\/a>\n\t\t\t\t<\/dt><\/dl><dl class='gallery-item'>\n\t\t\t\t<dt class='gallery-icon landscape'>\n\t\t\t\t\t<a class=\"rollover rollover-zoom dt-pswp-item\" title=\"a046cbae-67d0-4a93-bb0f-9f0642517e03\" data-dt-img-description=\"\" data-large_image_width=\"1920\" data-large_image_height=\"1080\"href='https:\/\/www.radiopiu.net\/wordpress\/wp-content\/uploads\/2021\/09\/a046cbae-67d0-4a93-bb0f-9f0642517e03.jpg'><img loading=\"lazy\" decoding=\"async\" width=\"300\" height=\"169\" src=\"https:\/\/www.radiopiu.net\/wordpress\/wp-content\/uploads\/2021\/09\/a046cbae-67d0-4a93-bb0f-9f0642517e03-300x169.jpg\" class=\"attachment-medium size-medium\" alt=\"\" srcset=\"https:\/\/www.radiopiu.net\/wordpress\/wp-content\/uploads\/2021\/09\/a046cbae-67d0-4a93-bb0f-9f0642517e03-300x169.jpg 300w, https:\/\/www.radiopiu.net\/wordpress\/wp-content\/uploads\/2021\/09\/a046cbae-67d0-4a93-bb0f-9f0642517e03-1024x576.jpg 1024w, https:\/\/www.radiopiu.net\/wordpress\/wp-content\/uploads\/2021\/09\/a046cbae-67d0-4a93-bb0f-9f0642517e03-768x432.jpg 768w, https:\/\/www.radiopiu.net\/wordpress\/wp-content\/uploads\/2021\/09\/a046cbae-67d0-4a93-bb0f-9f0642517e03-1536x864.jpg 1536w, https:\/\/www.radiopiu.net\/wordpress\/wp-content\/uploads\/2021\/09\/a046cbae-67d0-4a93-bb0f-9f0642517e03.jpg 1920w\" sizes=\"auto, (max-width: 300px) 100vw, 300px\" \/><\/a>\n\t\t\t\t<\/dt><\/dl><br style=\"clear: both\" \/>\n\t\t\t<\/div>\n\n<p>&nbsp;<\/p>\n<p>VIDEO<\/p>\n<div style=\"width: 640px;\" class=\"wp-video\"><video class=\"wp-video-shortcode\" id=\"video-231923-1\" width=\"640\" height=\"352\" preload=\"metadata\" controls=\"controls\"><source type=\"video\/mp4\" src=\"https:\/\/www.radiopiu.net\/wordpress\/wp-content\/uploads\/2021\/09\/VIDEO-CENCENIGHE-LISTOLADE-1.mp4?_=1\" \/><a href=\"https:\/\/www.radiopiu.net\/wordpress\/wp-content\/uploads\/2021\/09\/VIDEO-CENCENIGHE-LISTOLADE-1.mp4\">https:\/\/www.radiopiu.net\/wordpress\/wp-content\/uploads\/2021\/09\/VIDEO-CENCENIGHE-LISTOLADE-1.mp4<\/a><\/video><\/div>\n<p>&nbsp;<\/p>\n<p><strong>UN ANNO FA, SETTEMBRE 2020<\/strong><\/p>\n<blockquote class=\"wp-embedded-content\" data-secret=\"58OyzQLypa\"><p><a href=\"https:\/\/www.radiopiu.net\/wordpress\/sempre-interrotta-la-ciclabile-listolade-cencenighe-ma-gli-escavatori-sono-in-moviemento-sul-greto-del-torrente\/\">SEMPRE INTERROTTA LA &#8220;CICLABILE&#8221; LISTOLADE-CENCENIGHE MA GLI ESCAVATORI SONO IN MOVIMENTO SUL GRETO DEL TORRENTE<\/a><\/p><\/blockquote>\n<p><iframe loading=\"lazy\" class=\"wp-embedded-content\" sandbox=\"allow-scripts\" security=\"restricted\" style=\"position: absolute; clip: rect(1px, 1px, 1px, 1px);\" title=\"&#8220;SEMPRE INTERROTTA LA &#8220;CICLABILE&#8221; LISTOLADE-CENCENIGHE MA GLI ESCAVATORI SONO IN MOVIMENTO SUL GRETO DEL TORRENTE&#8221; &#8212; Radio Pi\u00f9\" src=\"https:\/\/www.radiopiu.net\/wordpress\/sempre-interrotta-la-ciclabile-listolade-cencenighe-ma-gli-escavatori-sono-in-moviemento-sul-greto-del-torrente\/embed\/#?secret=58OyzQLypa\" data-secret=\"58OyzQLypa\" width=\"600\" height=\"338\" frameborder=\"0\" marginwidth=\"0\" marginheight=\"0\" scrolling=\"no\"><\/iframe><\/p>\n<p>&nbsp;<\/p>\n<p><strong>DAL NOTIZIARIO DEL 20 LUGLIO, EX 203 ALLA GALLERIA DEI CASTEI<\/strong><\/p>\n<blockquote class=\"wp-embedded-content\" data-secret=\"cbPSRwXkEQ\"><p><a href=\"https:\/\/www.radiopiu.net\/wordpress\/asfaltata-la-ex-203-agordina-che-bypassa-la-galleria-dei-castei\/\">ASFALTATA LA EX 203 AGORDINA CHE BYPASSA LA GALLERIA DEI CASTEI<\/a><\/p><\/blockquote>\n<p><iframe loading=\"lazy\" class=\"wp-embedded-content\" sandbox=\"allow-scripts\" security=\"restricted\" style=\"position: absolute; clip: rect(1px, 1px, 1px, 1px);\" title=\"&#8220;ASFALTATA LA EX 203 AGORDINA CHE BYPASSA LA GALLERIA DEI CASTEI&#8221; &#8212; Radio Pi\u00f9\" src=\"https:\/\/www.radiopiu.net\/wordpress\/asfaltata-la-ex-203-agordina-che-bypassa-la-galleria-dei-castei\/embed\/#?secret=cbPSRwXkEQ\" data-secret=\"cbPSRwXkEQ\" width=\"600\" height=\"338\" frameborder=\"0\" marginwidth=\"0\" marginheight=\"0\" scrolling=\"no\"><\/iframe><\/p>\n<p>&nbsp;<\/p>\n<hr \/>\n<p>&nbsp;<\/p>\n<p>&nbsp;<\/p>\n<blockquote>\n<h3>I LAVORI SULLA\u00a0 STRADA PER ANGHERAZ<\/h3>\n<\/blockquote>\n<p><strong>TAIBON<\/strong> L&#8217;importanza dell&#8217;acquedotto \u00e8 da tutti riconosciuta, altrettanto la necessit\u00e0 di raggiungere gli impianti in caso di emergenza. Da qualche anno questo non era pi\u00f9 possibile. La devastazione di Vaia nel 2018 ha infatti modificato il territorio anche a Col di Pr\u00e0, in fondo alla valle di San lucano sulla strada che portando in Angheraz permette di raggiungere anche le opere di presa. La strada \u00e8 stata ripristinata nell&#8217;ambito dell&#8217;intervento di sistemazione della pista forestale come previsto dal commissario delegato per l&#8217;emergenza. L&#8217;ente appaltante il Comune di Taibon con i progettisti Luca Del Chin e Aldo Savio. Ad eseguire i lavori per 108mila euro l&#8217;impresa Ivan Bressan di Gosaldo.<\/p>\n<p>&nbsp;<\/p>\n\n\t\t\t<style type='text\/css'>\n\t\t\t\t#gallery-4 {\n\t\t\t\t\tmargin: auto;\n\t\t\t\t}\n\t\t\t\t#gallery-4 .gallery-item {\n\t\t\t\t\tfloat: left;\n\t\t\t\t\tmargin-top: 10px;\n\t\t\t\t\ttext-align: center;\n\t\t\t\t\twidth: 50%;\n\t\t\t\t}\n\t\t\t\t#gallery-4 img {\n\t\t\t\t\tborder: 2px solid #cfcfcf;\n\t\t\t\t}\n\t\t\t\t#gallery-4 .gallery-caption {\n\t\t\t\t\tmargin-left: 0;\n\t\t\t\t}\n\t\t\t\t\/* see gallery_shortcode() in wp-includes\/media.php *\/\n\t\t\t<\/style>\n\t\t<div id='gallery-4' class='dt-gallery-container gallery galleryid-231923 gallery-columns-2 gallery-size-medium'><dl class='gallery-item'>\n\t\t\t\t<dt class='gallery-icon landscape'>\n\t\t\t\t\t<a class=\"rollover rollover-zoom dt-pswp-item\" title=\"fa22f09b-cffb-40b0-9dee-230be6d1ee3b\" data-dt-img-description=\"\" data-large_image_width=\"1920\" data-large_image_height=\"1080\"href='https:\/\/www.radiopiu.net\/wordpress\/wp-content\/uploads\/2021\/09\/fa22f09b-cffb-40b0-9dee-230be6d1ee3b.jpg'><img loading=\"lazy\" decoding=\"async\" width=\"300\" height=\"169\" src=\"https:\/\/www.radiopiu.net\/wordpress\/wp-content\/uploads\/2021\/09\/fa22f09b-cffb-40b0-9dee-230be6d1ee3b-300x169.jpg\" class=\"attachment-medium size-medium\" alt=\"\" srcset=\"https:\/\/www.radiopiu.net\/wordpress\/wp-content\/uploads\/2021\/09\/fa22f09b-cffb-40b0-9dee-230be6d1ee3b-300x169.jpg 300w, https:\/\/www.radiopiu.net\/wordpress\/wp-content\/uploads\/2021\/09\/fa22f09b-cffb-40b0-9dee-230be6d1ee3b-1024x576.jpg 1024w, https:\/\/www.radiopiu.net\/wordpress\/wp-content\/uploads\/2021\/09\/fa22f09b-cffb-40b0-9dee-230be6d1ee3b-768x432.jpg 768w, https:\/\/www.radiopiu.net\/wordpress\/wp-content\/uploads\/2021\/09\/fa22f09b-cffb-40b0-9dee-230be6d1ee3b-1536x864.jpg 1536w, https:\/\/www.radiopiu.net\/wordpress\/wp-content\/uploads\/2021\/09\/fa22f09b-cffb-40b0-9dee-230be6d1ee3b.jpg 1920w\" sizes=\"auto, (max-width: 300px) 100vw, 300px\" \/><\/a>\n\t\t\t\t<\/dt><\/dl><dl class='gallery-item'>\n\t\t\t\t<dt class='gallery-icon landscape'>\n\t\t\t\t\t<a class=\"rollover rollover-zoom dt-pswp-item\" title=\"a540371f-63ba-4d28-a7ef-4808dd6c6f42\" data-dt-img-description=\"\" data-large_image_width=\"1920\" data-large_image_height=\"1080\"href='https:\/\/www.radiopiu.net\/wordpress\/wp-content\/uploads\/2021\/09\/a540371f-63ba-4d28-a7ef-4808dd6c6f42.jpg'><img loading=\"lazy\" decoding=\"async\" width=\"300\" height=\"169\" src=\"https:\/\/www.radiopiu.net\/wordpress\/wp-content\/uploads\/2021\/09\/a540371f-63ba-4d28-a7ef-4808dd6c6f42-300x169.jpg\" class=\"attachment-medium size-medium\" alt=\"\" srcset=\"https:\/\/www.radiopiu.net\/wordpress\/wp-content\/uploads\/2021\/09\/a540371f-63ba-4d28-a7ef-4808dd6c6f42-300x169.jpg 300w, https:\/\/www.radiopiu.net\/wordpress\/wp-content\/uploads\/2021\/09\/a540371f-63ba-4d28-a7ef-4808dd6c6f42-1024x576.jpg 1024w, https:\/\/www.radiopiu.net\/wordpress\/wp-content\/uploads\/2021\/09\/a540371f-63ba-4d28-a7ef-4808dd6c6f42-768x432.jpg 768w, https:\/\/www.radiopiu.net\/wordpress\/wp-content\/uploads\/2021\/09\/a540371f-63ba-4d28-a7ef-4808dd6c6f42-1536x864.jpg 1536w, https:\/\/www.radiopiu.net\/wordpress\/wp-content\/uploads\/2021\/09\/a540371f-63ba-4d28-a7ef-4808dd6c6f42.jpg 1920w\" sizes=\"auto, (max-width: 300px) 100vw, 300px\" \/><\/a>\n\t\t\t\t<\/dt><\/dl><br style=\"clear: both\" \/>\n\t\t\t<\/div>\n\n<p>&nbsp;<\/p>\n<p>&nbsp;<\/p>\n<hr \/>\n<p>&nbsp;<\/p>\n<blockquote>\n<h3>ALPAGO, CANTIERI POST VAIA APERTI, IN PARTENZA O COMPLETATI<\/h3>\n<\/blockquote>\n<p><strong><a href=\"https:\/\/www.radiopiu.net\/wordpress\/giornale-radiopiu-14-settembre-2021-direttore-mirko-mezzacasa\/a5a76b05-53f6-40cc-ba84-21eed95ff6ec\/\" rel=\"attachment wp-att-232012\"><img loading=\"lazy\" decoding=\"async\" class=\"size-medium wp-image-232012 alignleft\" src=\"https:\/\/www.radiopiu.net\/wordpress\/wp-content\/uploads\/2021\/09\/a5a76b05-53f6-40cc-ba84-21eed95ff6ec-300x225.jpg\" alt=\"\" width=\"300\" height=\"225\" srcset=\"https:\/\/www.radiopiu.net\/wordpress\/wp-content\/uploads\/2021\/09\/a5a76b05-53f6-40cc-ba84-21eed95ff6ec-300x225.jpg 300w, https:\/\/www.radiopiu.net\/wordpress\/wp-content\/uploads\/2021\/09\/a5a76b05-53f6-40cc-ba84-21eed95ff6ec-1024x768.jpg 1024w, https:\/\/www.radiopiu.net\/wordpress\/wp-content\/uploads\/2021\/09\/a5a76b05-53f6-40cc-ba84-21eed95ff6ec-768x576.jpg 768w, https:\/\/www.radiopiu.net\/wordpress\/wp-content\/uploads\/2021\/09\/a5a76b05-53f6-40cc-ba84-21eed95ff6ec-1536x1152.jpg 1536w, https:\/\/www.radiopiu.net\/wordpress\/wp-content\/uploads\/2021\/09\/a5a76b05-53f6-40cc-ba84-21eed95ff6ec.jpg 2048w\" sizes=\"auto, (max-width: 300px) 100vw, 300px\" \/><\/a>ALPAGO\u00a0<\/strong> Sul torrente Funesia, in localit\u00e0 Molini in Comune di Chies i\u00a0 Servizi Forestali regionali nell&#8217;ambito della programmazione annuale stanno completando due tratti di scogliera in destra idrografica, la realizzazione di un canale in pietrame e malta su un collettore laterale del Funesia e il consolidamento di un versante in frana in localit\u00e0 Alpaos con la realizzazione di un\u2019opera di bioingegneria in legname e pietrame. Sempre sul Funesia in programma un nuovo progetto per la regimazione complessiva delle acque del Funesia. Inoltre in fase di esecuzione il taglio della vegetazione in alveo,\u00a0 importanti interventi del valore di 170mila euro. In Comune di Alpago\u00a0 sta per iniziare\u00a0 la realizzazione di alcune opere di difesa idrogeologica e la manutenzione delle esistenti in varie localit\u00e0, in campo 210mila euro. Anche a Tambre sono diverse le progettualit\u00e0 in avvio, tra cui il rifacimento delle opere per la captazione e lo smaltimento delle acque nella localit\u00e0 di Valdenogher; ma pure il rifacimento di alcuni tratti di canalizzazioni esistenti in pietrame e malta nella localit\u00e0 di Ribego. &#8220;<em>Sempre in questo periodo con i nostri Servizi Forestali stiamo avviando sui tre comuni altre piccole manutenzioni per complessivi 400mila euro, cos\u00ec da mantenere costantemente monitorata l&#8217;efficienza degli interventi predisposti&#8221; <\/em>conclude l&#8217;assessore Gianpaolo Bottacin<\/p>\n<p>&nbsp;<\/p>\n<hr \/>\n<p>&nbsp;<\/p>\n<p>&nbsp;<\/p>\n<blockquote>\n<h3>I &#8220;SOLDATI&#8221; ECOLOGICI PRONTI PER LA GIORNATA DEDICATA ALLA PULIZIA DEL TERRITORIO, ALLEATI VALPE AMBIENTE, COMUNE E PROLOCO<\/h3>\n<\/blockquote>\n<p><strong><a href=\"https:\/\/www.radiopiu.net\/wordpress\/giornale-radiopiu-14-settembre-2021-direttore-mirko-mezzacasa\/nature-3289812__340\/\" rel=\"attachment wp-att-232047\"><img loading=\"lazy\" decoding=\"async\" class=\"wp-image-232047 alignleft\" src=\"https:\/\/www.radiopiu.net\/wordpress\/wp-content\/uploads\/2021\/09\/nature-3289812__340-300x200.webp\" alt=\"\" width=\"197\" height=\"131\" srcset=\"https:\/\/www.radiopiu.net\/wordpress\/wp-content\/uploads\/2021\/09\/nature-3289812__340-300x200.webp 300w, https:\/\/www.radiopiu.net\/wordpress\/wp-content\/uploads\/2021\/09\/nature-3289812__340.webp 510w\" sizes=\"auto, (max-width: 197px) 100vw, 197px\" \/><\/a>SEDICO<\/strong><\/p>\n<p><strong>DI DAMIANO TORMEN<\/strong><\/p>\n<audio class=\"wp-audio-shortcode\" id=\"audio-231923-4\" preload=\"none\" style=\"width: 100%;\" controls=\"controls\"><source type=\"audio\/mpeg\" src=\"https:\/\/www.radiopiu.net\/wordpress\/wp-content\/uploads\/2021\/09\/damiano-1.mp3?_=4\" \/><a href=\"https:\/\/www.radiopiu.net\/wordpress\/wp-content\/uploads\/2021\/09\/damiano-1.mp3\">https:\/\/www.radiopiu.net\/wordpress\/wp-content\/uploads\/2021\/09\/damiano-1.mp3<\/a><\/audio>\n<p>&nbsp;<\/p>\n<hr \/>\n<blockquote>\n<h3><\/h3>\n<h3>AUGURI SKI COLLEGE!!! TRENT&#8217;ANNI DI SUCCESSI<\/h3>\n<p><a href=\"https:\/\/www.radiopiu.net\/wordpress\/giornale-radiopiu-10-settembre-2021-direttore-mirko-mezzacasa\/222150622_223722529755842_5583401154207025155_n\/\" rel=\"attachment wp-att-231521\"><img loading=\"lazy\" decoding=\"async\" class=\"wp-image-231521 alignleft\" src=\"https:\/\/www.radiopiu.net\/wordpress\/wp-content\/uploads\/2021\/09\/222150622_223722529755842_5583401154207025155_n-300x288.jpg\" alt=\"\" width=\"170\" height=\"163\" srcset=\"https:\/\/www.radiopiu.net\/wordpress\/wp-content\/uploads\/2021\/09\/222150622_223722529755842_5583401154207025155_n-300x288.jpg 300w, https:\/\/www.radiopiu.net\/wordpress\/wp-content\/uploads\/2021\/09\/222150622_223722529755842_5583401154207025155_n-1024x985.jpg 1024w, https:\/\/www.radiopiu.net\/wordpress\/wp-content\/uploads\/2021\/09\/222150622_223722529755842_5583401154207025155_n-768x738.jpg 768w, https:\/\/www.radiopiu.net\/wordpress\/wp-content\/uploads\/2021\/09\/222150622_223722529755842_5583401154207025155_n.jpg 1248w\" sizes=\"auto, (max-width: 170px) 100vw, 170px\" \/><\/a><strong>FALCADE<\/strong> Lo Ski College di Falcade sabato 18 settembre festeggia il trentesimo compleanno, tre decenni di successi, un cammino non facile ma gli obiettivi sono sempre stati comunque raggiunti e la scuola si \u00e8 fatta conoscere ovunque. Per celebrare la ricorrenza \u00e8 stato organizzato un convegno ad Agordo e la presentazione delle squadre a Falcade. Sar\u00e0 la giusta occasione per ricordare il grande impegno del dottor Graziano Pollazzon che nel 1991 ha creduto nello sviluppo della &#8220;sua&#8221; creatura. Il tempo gli ha dato ragione. Dalla scuola sono usciti campioni\u00a0 dello sci ieri come oggi.<\/p><\/blockquote>\n<p><strong><span style=\"color: #ff0000;\">SABATO ALLE 10.30 DIRETTA FACEBOOK DA AGORDO, ALLA RADIO IN DIFFERITA LUNEDI SERA A PARTIRE DALLE 21.00, FREQUENZE FM, STREAMING WWW.RADIOPIU.NET<\/span><\/strong><\/p>\n<p>&nbsp;<\/p>\n<blockquote><p><b><span style=\"font-family: verdana, sans-serif;\">Sabato 18 settembre al mattino una tavola rotonda ad Agordo &#8211; DIRETTA FACEBOOK SUI CANALI DI RADIO PIU&#8217;, LUNEDI IN DIFERITA ALLA RADIO FM E STREAMING SU WWW.RADIOPIU.NET &#8211;\u00a0 mentre nel pomeriggio a Falcade si svolger\u00e0 la presentazione delle squadre e della stagione 2021-2022<\/span><\/b><\/p><\/blockquote>\n<p><strong>OGGI SUL CORRIERE DELLE ALPI, GIANNI SANTOMASO\u00a0\u00a0<\/strong><\/p>\n<audio class=\"wp-audio-shortcode\" id=\"audio-231923-5\" preload=\"none\" style=\"width: 100%;\" controls=\"controls\"><source type=\"audio\/mpeg\" src=\"https:\/\/www.radiopiu.net\/wordpress\/wp-content\/uploads\/2021\/09\/GIANNI-SKI-COLLEGE.mp3?_=5\" \/><a href=\"https:\/\/www.radiopiu.net\/wordpress\/wp-content\/uploads\/2021\/09\/GIANNI-SKI-COLLEGE.mp3\">https:\/\/www.radiopiu.net\/wordpress\/wp-content\/uploads\/2021\/09\/GIANNI-SKI-COLLEGE.mp3<\/a><\/audio>\n<p><strong>\u00a0<\/strong><\/p>\n<p><strong>FALCADE<\/strong> Lo Ski College Veneto Falcade festeggia 30 anni di vita. La struttura di Falcade, dedicata agli studenti atleti di sci alpino, fondo e snowboard, ha infatti iniziato la propria attivit\u00e0 nell&#8217;anno scolastico 1990-1991, prima realt\u00e0 del genere in Italia. Sabato, 18 settembre, il \u201cCollege\u201d festegger\u00e0 il trentesimo compleanno, con una intensa giornata che si articoler\u00e0 in due momenti, uno ad Agordo e uno a Falcade. Ad Agordo, con inizio alle 10.30, la Sala don Tamis ospiter\u00e0 una tavola rotonda dedicata a \u201cSki College Veneto Falcade: 30 anni di storia proiettati verso il futuro\u201d. \u00abCon questa tavola rotonda si vuole non solo ripercorrere la storia dello Ski College \u2013 a questo proposito mi piace sottolineare come verr\u00e0 ricordata la figura dell\u2019ideatore e primo presidente, Graziano Pollazzon \u2013 ma, soprattutto, approfondire la tematica della sinergia tra sport e studio, per cercare di individuare soluzioni che permettano di affrontare le sfide del futuro e offrire alle giovani generazioni delle soluzioni adeguate alla loro formazione e alle loro ambizioni, scolastiche e sportive\u00bb spiega il presidente del CdA, Luca Marchetto. \u00abIn pi\u00f9, vogliamo cercare di riflettere su come una struttura come lo Ski College possa integrarsi sempre di pi\u00f9 nel territorio, diventando una forza attiva per economia ed eventi\u00bb. Alla tavola rotonda interverranno Michele Costa, sindaco di Falcade e presidente dell\u2019Unione Montana Agordina, Davide Piol, vicepresidente di Confindustria Belluno Dolomiti, Claudio Dalla Palma, ex funzionario dell\u2019Ufficio scolastico provinciale, Fulvio Scola, allenatore responsabile della nazionale italiana maschile di sci di fondo, Magda Genuin, olimpionica dello sci di fondo, e Alberto Ghezze, responsabile dell&#8217;area sportiva ai Mondiali di sci alpino Cortina 2021 e competition manager delle Olimpiadi Milano-Cortina 2026. Nel pomeriggio, con inizio alle 14.30, il PalaFalcade ospiter\u00e0\u00a0 la tradizionale presentazione della stagione, durante la quale verranno illustrati i programmi, le manifestazioni e le squadre che affronteranno il calendario di sci alpino, snowboard e fondo.<\/p>\n<p>&nbsp;<\/p>\n<p><a href=\"https:\/\/www.radiopiu.net\/wordpress\/giornale-radiopiu-14-settembre-2021-direttore-mirko-mezzacasa\/ski-college-veneto-falcade-archivio\/\" rel=\"attachment wp-att-231966\"><img loading=\"lazy\" decoding=\"async\" class=\"alignnone wp-image-231966 size-full\" src=\"https:\/\/www.radiopiu.net\/wordpress\/wp-content\/uploads\/2021\/09\/ski-college-veneto-falcade-archivio-scaled.jpg\" alt=\"\" width=\"2560\" height=\"1707\" srcset=\"https:\/\/www.radiopiu.net\/wordpress\/wp-content\/uploads\/2021\/09\/ski-college-veneto-falcade-archivio-scaled.jpg 2560w, https:\/\/www.radiopiu.net\/wordpress\/wp-content\/uploads\/2021\/09\/ski-college-veneto-falcade-archivio-300x200.jpg 300w, https:\/\/www.radiopiu.net\/wordpress\/wp-content\/uploads\/2021\/09\/ski-college-veneto-falcade-archivio-1024x683.jpg 1024w, https:\/\/www.radiopiu.net\/wordpress\/wp-content\/uploads\/2021\/09\/ski-college-veneto-falcade-archivio-768x512.jpg 768w, https:\/\/www.radiopiu.net\/wordpress\/wp-content\/uploads\/2021\/09\/ski-college-veneto-falcade-archivio-1536x1024.jpg 1536w, https:\/\/www.radiopiu.net\/wordpress\/wp-content\/uploads\/2021\/09\/ski-college-veneto-falcade-archivio-2048x1365.jpg 2048w\" sizes=\"auto, (max-width: 2560px) 100vw, 2560px\" \/><\/a><\/p>\n<blockquote><p><em>Lo Ski College Veneto Falcade \u00e8 una realt\u00e0 che attualmente ospita una sessantina di studenti atleti impegnati nello sci alpino, nello sci di fondo e nello snowboard, provenienti da diverse regioni italiane. Ad essi, \u00e8 data la possibilit\u00e0, tramite una convenzione con l\u2019Istituto Follador &#8211; De Rossi, di scegliere tra istituto tecnico tecnologico, istituto tecnico economico, liceo scientifico, liceo scientifico sportivo e istituto professionale e di armonizzare al meglio le esigenze dello studio con quelle agonistiche. Negli anni, lo Ski College ha saputo distinguersi nelle graduatoria di merito delle societ\u00e0 italiane delle Federazione italiana sport invernali e portare alcuni dei suoi atleti ai vertici nazionali e internazionali. Qualche nome: Pietro Piller Cottrer e Magda Genuin nello sci di fondo, Maurizio Bormolini nello snowboard, Pietro Canzio e Giovanni Franzoni nello sci alpino. Dal 2016, a seguito della modifica delle norme della Regione relativamente alla contribuzione e sostegno delle Societ\u00e0 a partecipazione pubblica, l\u2019attivit\u00e0 sportiva viene gestita dallo \u201cSki College Veneto \u2013 Falcade Societ\u00e0 Cooperativa Sportiva Dilettantistica\u201d composta prevalentemente da genitori con l\u2019obbiettivo di mantenere viva una realt\u00e0 unica nel panorama formativo italiano. Dalla primavera 2020 la Fisi, federazione italiana sport invernali, ha riconosciuto quella di Falcade tra le sette strutture nazionali che possono definirsi Ski College e che rispondono ai criteri e alle norme pubblicate dalla stessa Fisi. Per approfondimenti sull&#8217;attivit\u00e0 dello ski college:\u00a0www.skicollegeveneto.it<\/em><\/p><\/blockquote>\n<p>&nbsp;<\/p>\n<hr \/>\n<p>&nbsp;<\/p>\n<blockquote>\n<h3>ROBIN E SARA DA VICENZA A VALLADA PER METTERE SU CASA&#8230; E ORTO<\/h3>\n<\/blockquote>\n<p><strong><a href=\"https:\/\/www.radiopiu.net\/wordpress\/giornale-radiopiu-13-settembre-2021-direttore-mirko-mezzacasa\/595b5f4e-6804-4200-9e6c-9458248e7ade\/\" rel=\"attachment wp-att-231857\"><img loading=\"lazy\" decoding=\"async\" class=\" wp-image-231857 alignleft\" src=\"https:\/\/www.radiopiu.net\/wordpress\/wp-content\/uploads\/2021\/09\/595b5f4e-6804-4200-9e6c-9458248e7ade-278x300.jpg\" alt=\"\" width=\"185\" height=\"200\" srcset=\"https:\/\/www.radiopiu.net\/wordpress\/wp-content\/uploads\/2021\/09\/595b5f4e-6804-4200-9e6c-9458248e7ade-278x300.jpg 278w, https:\/\/www.radiopiu.net\/wordpress\/wp-content\/uploads\/2021\/09\/595b5f4e-6804-4200-9e6c-9458248e7ade-949x1024.jpg 949w, https:\/\/www.radiopiu.net\/wordpress\/wp-content\/uploads\/2021\/09\/595b5f4e-6804-4200-9e6c-9458248e7ade-768x829.jpg 768w, https:\/\/www.radiopiu.net\/wordpress\/wp-content\/uploads\/2021\/09\/595b5f4e-6804-4200-9e6c-9458248e7ade-1424x1536.jpg 1424w, https:\/\/www.radiopiu.net\/wordpress\/wp-content\/uploads\/2021\/09\/595b5f4e-6804-4200-9e6c-9458248e7ade.jpg 1483w\" sizes=\"auto, (max-width: 185px) 100vw, 185px\" \/><\/a>DI GIANNI SANTOMASO<\/strong><\/p>\n<p>&nbsp;<\/p>\n<p>&nbsp;<\/p>\n<p>&nbsp;<\/p>\n<p>Sara Nitti e Robin Targon nel disegno di Erica Andrich<\/p>\n<audio class=\"wp-audio-shortcode\" id=\"audio-231923-6\" preload=\"none\" style=\"width: 100%;\" controls=\"controls\"><source type=\"audio\/mpeg\" src=\"https:\/\/www.radiopiu.net\/wordpress\/wp-content\/uploads\/2021\/09\/GIANNI-LUNEDI.mp3?_=6\" \/><a href=\"https:\/\/www.radiopiu.net\/wordpress\/wp-content\/uploads\/2021\/09\/GIANNI-LUNEDI.mp3\">https:\/\/www.radiopiu.net\/wordpress\/wp-content\/uploads\/2021\/09\/GIANNI-LUNEDI.mp3<\/a><\/audio>\n<p>&nbsp;<\/p>\n\n\t\t\t<style type='text\/css'>\n\t\t\t\t#gallery-5 {\n\t\t\t\t\tmargin: auto;\n\t\t\t\t}\n\t\t\t\t#gallery-5 .gallery-item {\n\t\t\t\t\tfloat: left;\n\t\t\t\t\tmargin-top: 10px;\n\t\t\t\t\ttext-align: center;\n\t\t\t\t\twidth: 50%;\n\t\t\t\t}\n\t\t\t\t#gallery-5 img {\n\t\t\t\t\tborder: 2px solid #cfcfcf;\n\t\t\t\t}\n\t\t\t\t#gallery-5 .gallery-caption {\n\t\t\t\t\tmargin-left: 0;\n\t\t\t\t}\n\t\t\t\t\/* see gallery_shortcode() in wp-includes\/media.php *\/\n\t\t\t<\/style>\n\t\t<div id='gallery-5' class='dt-gallery-container gallery galleryid-231923 gallery-columns-2 gallery-size-medium'><dl class='gallery-item'>\n\t\t\t\t<dt class='gallery-icon landscape'>\n\t\t\t\t\t<a class=\"rollover rollover-zoom dt-pswp-item\" title=\"b562bc0a-281f-4f99-94a0-b1c8933f11f6\" data-dt-img-description=\"\" data-large_image_width=\"2048\" data-large_image_height=\"1154\"href='https:\/\/www.radiopiu.net\/wordpress\/wp-content\/uploads\/2021\/09\/b562bc0a-281f-4f99-94a0-b1c8933f11f6.jpg'><img loading=\"lazy\" decoding=\"async\" width=\"300\" height=\"169\" src=\"https:\/\/www.radiopiu.net\/wordpress\/wp-content\/uploads\/2021\/09\/b562bc0a-281f-4f99-94a0-b1c8933f11f6-300x169.jpg\" class=\"attachment-medium size-medium\" alt=\"\" srcset=\"https:\/\/www.radiopiu.net\/wordpress\/wp-content\/uploads\/2021\/09\/b562bc0a-281f-4f99-94a0-b1c8933f11f6-300x169.jpg 300w, https:\/\/www.radiopiu.net\/wordpress\/wp-content\/uploads\/2021\/09\/b562bc0a-281f-4f99-94a0-b1c8933f11f6-1024x577.jpg 1024w, https:\/\/www.radiopiu.net\/wordpress\/wp-content\/uploads\/2021\/09\/b562bc0a-281f-4f99-94a0-b1c8933f11f6-768x433.jpg 768w, https:\/\/www.radiopiu.net\/wordpress\/wp-content\/uploads\/2021\/09\/b562bc0a-281f-4f99-94a0-b1c8933f11f6-1536x866.jpg 1536w, https:\/\/www.radiopiu.net\/wordpress\/wp-content\/uploads\/2021\/09\/b562bc0a-281f-4f99-94a0-b1c8933f11f6.jpg 2048w\" sizes=\"auto, (max-width: 300px) 100vw, 300px\" \/><\/a>\n\t\t\t\t<\/dt><\/dl><dl class='gallery-item'>\n\t\t\t\t<dt class='gallery-icon landscape'>\n\t\t\t\t\t<a class=\"rollover rollover-zoom dt-pswp-item\" title=\"603b6096-13cf-4984-89fb-6b07e5b9bb4d\" data-dt-img-description=\"\" data-large_image_width=\"2048\" data-large_image_height=\"1154\"href='https:\/\/www.radiopiu.net\/wordpress\/wp-content\/uploads\/2021\/09\/603b6096-13cf-4984-89fb-6b07e5b9bb4d.jpg'><img loading=\"lazy\" decoding=\"async\" width=\"300\" height=\"169\" src=\"https:\/\/www.radiopiu.net\/wordpress\/wp-content\/uploads\/2021\/09\/603b6096-13cf-4984-89fb-6b07e5b9bb4d-300x169.jpg\" class=\"attachment-medium size-medium\" alt=\"\" srcset=\"https:\/\/www.radiopiu.net\/wordpress\/wp-content\/uploads\/2021\/09\/603b6096-13cf-4984-89fb-6b07e5b9bb4d-300x169.jpg 300w, https:\/\/www.radiopiu.net\/wordpress\/wp-content\/uploads\/2021\/09\/603b6096-13cf-4984-89fb-6b07e5b9bb4d-1024x577.jpg 1024w, https:\/\/www.radiopiu.net\/wordpress\/wp-content\/uploads\/2021\/09\/603b6096-13cf-4984-89fb-6b07e5b9bb4d-768x433.jpg 768w, https:\/\/www.radiopiu.net\/wordpress\/wp-content\/uploads\/2021\/09\/603b6096-13cf-4984-89fb-6b07e5b9bb4d-1536x866.jpg 1536w, https:\/\/www.radiopiu.net\/wordpress\/wp-content\/uploads\/2021\/09\/603b6096-13cf-4984-89fb-6b07e5b9bb4d.jpg 2048w\" sizes=\"auto, (max-width: 300px) 100vw, 300px\" \/><\/a>\n\t\t\t\t<\/dt><\/dl><br style=\"clear: both\" \/>\n\t\t\t<\/div>\n\n<p>&nbsp;<\/p>\n<hr \/>\n<p>&nbsp;<\/p>\n<p>&nbsp;<\/p>\n<blockquote>\n<h3>CANALE D&#8217;AGORDO DISPONIBILE E CORTESE CON PLASTIC FREE<\/h3>\n<\/blockquote>\n<p><a href=\"https:\/\/www.radiopiu.net\/wordpress\/canale-dagordo-disponibile-e-cortese-con-plastic-free\/3d882095-5110-4172-a5e5-09d9637e49e7\/\" rel=\"attachment wp-att-232027\"><img loading=\"lazy\" decoding=\"async\" class=\" wp-image-232027 alignleft\" src=\"https:\/\/www.radiopiu.net\/wordpress\/wp-content\/uploads\/2021\/09\/3d882095-5110-4172-a5e5-09d9637e49e7-225x300.jpg\" alt=\"\" width=\"185\" height=\"247\" srcset=\"https:\/\/www.radiopiu.net\/wordpress\/wp-content\/uploads\/2021\/09\/3d882095-5110-4172-a5e5-09d9637e49e7-225x300.jpg 225w, https:\/\/www.radiopiu.net\/wordpress\/wp-content\/uploads\/2021\/09\/3d882095-5110-4172-a5e5-09d9637e49e7.jpg 768w\" sizes=\"auto, (max-width: 185px) 100vw, 185px\" \/><\/a><strong>CANALE D&#8217;AGORDO<\/strong>\u00a0 Il primo Comune che sposa l&#8217;iniziativa Plastic Free, domani alle 10.30 e 1900 lo speciale di Martina Smaniotto nel programma Plastic Free.<\/p>\n<p><strong>DI GIANNI SANTOMASO<\/strong><\/p>\n<audio class=\"wp-audio-shortcode\" id=\"audio-231923-7\" preload=\"none\" style=\"width: 100%;\" controls=\"controls\"><source type=\"audio\/mpeg\" src=\"https:\/\/www.radiopiu.net\/wordpress\/wp-content\/uploads\/2021\/09\/GIANNI-PLASTIC-FREE-CANALE.mp3?_=7\" \/><a href=\"https:\/\/www.radiopiu.net\/wordpress\/wp-content\/uploads\/2021\/09\/GIANNI-PLASTIC-FREE-CANALE.mp3\">https:\/\/www.radiopiu.net\/wordpress\/wp-content\/uploads\/2021\/09\/GIANNI-PLASTIC-FREE-CANALE.mp3<\/a><\/audio>\n<p><em><strong>MARTINA SMANIOTTO<\/strong>: Alcuni di voi lo sanno, ultimamente ero piuttosto abbattuta e dispiaciuta per le &#8220;risposte&#8221; ricevute dai comuni dell&#8217;agordino&#8230;richieste di firmare i protocolli digitalmente senza nemmeno conoscersi di persona, grandi pacche sulle spalle e poi silenzio, per non parlare poi di chi non ha nemmeno avuto la cortesia e l&#8217;educazione di rispondere. Tanto lavoro, tanto impegno, tanta passione buttata alle ortiche pensavo. E pensavo anche che forse qui, in agordino, era tutto tempo sprecato. Canale d&#8217;Agordo mi ha dato la possibilit\u00e0 di ricredermi. Voglio ringraziare il Sindaco, il Vicesindaco e tutto il Consiglio per avermi ascoltata, per aver condiviso le problematiche del territorio e per la volont\u00e0 di mettersi in discussione. Ringrazio profondamente l&#8217; Assessore Luchetta per la sua forza e il suo entusismo&#8230; lei si che non molla mai! Sono sicura che Plastic Free e Canale faranno tanti passi insieme.<\/em><\/p>\n<p>&nbsp;<\/p>\n<hr \/>\n<p>&nbsp;<\/p>\n<blockquote>\n<h3><a href=\"https:\/\/www.radiopiu.net\/wordpress\/applausi-ed-emozioni-in-sala-teaz-per-i-vincitori-per-progetto-insieme-per-rocca\/241696774_5004694832880740_1369047482905475556_n\/\" rel=\"attachment wp-att-231804\"><img loading=\"lazy\" decoding=\"async\" class=\" wp-image-231804 alignleft\" src=\"https:\/\/www.radiopiu.net\/wordpress\/wp-content\/uploads\/2021\/09\/241696774_5004694832880740_1369047482905475556_n-300x225.jpg\" alt=\"\" width=\"232\" height=\"174\" srcset=\"https:\/\/www.radiopiu.net\/wordpress\/wp-content\/uploads\/2021\/09\/241696774_5004694832880740_1369047482905475556_n-300x225.jpg 300w, https:\/\/www.radiopiu.net\/wordpress\/wp-content\/uploads\/2021\/09\/241696774_5004694832880740_1369047482905475556_n-768x576.jpg 768w, https:\/\/www.radiopiu.net\/wordpress\/wp-content\/uploads\/2021\/09\/241696774_5004694832880740_1369047482905475556_n.jpg 960w\" sizes=\"auto, (max-width: 232px) 100vw, 232px\" \/><\/a>INSIEME PER ROCCA, IL PROGETTO E LE PREMIAZIONI<\/h3>\n<p>DI GIANNI SANTOMASO<\/p><\/blockquote>\n<audio class=\"wp-audio-shortcode\" id=\"audio-231923-8\" preload=\"none\" style=\"width: 100%;\" controls=\"controls\"><source type=\"audio\/mpeg\" src=\"https:\/\/www.radiopiu.net\/wordpress\/wp-content\/uploads\/2021\/09\/GIANNI-INSIEME-PER-ROCCA.mp3?_=8\" \/><a href=\"https:\/\/www.radiopiu.net\/wordpress\/wp-content\/uploads\/2021\/09\/GIANNI-INSIEME-PER-ROCCA.mp3\">https:\/\/www.radiopiu.net\/wordpress\/wp-content\/uploads\/2021\/09\/GIANNI-INSIEME-PER-ROCCA.mp3<\/a><\/audio>\n<blockquote>\n<h3>IERI ALLA RADIO CON SOFIA POLITO\u00a0 E BEATRICE COLLESELLI<\/h3>\n<\/blockquote>\n<blockquote class=\"wp-embedded-content\" data-secret=\"JCOCPoMppZ\"><p><a href=\"https:\/\/www.radiopiu.net\/wordpress\/applausi-ed-emozioni-in-sala-teaz-per-i-vincitori-per-progetto-insieme-per-rocca\/\">APPLAUSI ED EMOZIONI IN SALA TEAZ PER I VINCITORI, PER &#8220;PROGETTO INSIEME PER ROCCA&#8221;<\/a><\/p><\/blockquote>\n<p><iframe loading=\"lazy\" class=\"wp-embedded-content\" sandbox=\"allow-scripts\" security=\"restricted\" style=\"position: absolute; clip: rect(1px, 1px, 1px, 1px);\" title=\"&#8220;APPLAUSI ED EMOZIONI IN SALA TEAZ PER I VINCITORI, PER &#8220;PROGETTO INSIEME PER ROCCA&#8221;&#8221; &#8212; Radio Pi\u00f9\" src=\"https:\/\/www.radiopiu.net\/wordpress\/applausi-ed-emozioni-in-sala-teaz-per-i-vincitori-per-progetto-insieme-per-rocca\/embed\/#?secret=JCOCPoMppZ\" data-secret=\"JCOCPoMppZ\" width=\"600\" height=\"338\" frameborder=\"0\" marginwidth=\"0\" marginheight=\"0\" scrolling=\"no\"><\/iframe><\/p>\n<p>&nbsp;<\/p>\n<p>&nbsp;<\/p>\n<p>&nbsp;<\/p>\n<hr \/>\n<p>&nbsp;<\/p>\n<p>&nbsp;<\/p>\n<blockquote class=\"wp-embedded-content\" data-secret=\"zskj1K2slE\"><p><a href=\"https:\/\/www.radiopiu.net\/wordpress\/aggiornamentoset13\/\">CORONAVIRUS: AGGIORNAMENTO NAZIONALE 13 SETTEMBRE  2021<\/a><\/p><\/blockquote>\n<p><iframe loading=\"lazy\" class=\"wp-embedded-content\" sandbox=\"allow-scripts\" security=\"restricted\" style=\"position: absolute; clip: rect(1px, 1px, 1px, 1px);\" title=\"&#8220;CORONAVIRUS: AGGIORNAMENTO NAZIONALE 13 SETTEMBRE  2021&#8221; &#8212; Radio Pi\u00f9\" src=\"https:\/\/www.radiopiu.net\/wordpress\/aggiornamentoset13\/embed\/#?secret=zskj1K2slE\" data-secret=\"zskj1K2slE\" width=\"600\" height=\"338\" frameborder=\"0\" marginwidth=\"0\" marginheight=\"0\" scrolling=\"no\"><\/iframe><\/p>\n<p>&nbsp;<\/p>\n<blockquote class=\"wp-embedded-content\" data-secret=\"6MW3L1njyu\"><p><a href=\"https:\/\/www.radiopiu.net\/wordpress\/fsdfsdfsdfsfsssss\/\">covid in Regione.  DUE DECESSI NELLE 24 ORE, 291 I NUOVI CASI<\/a><\/p><\/blockquote>\n<p><iframe loading=\"lazy\" class=\"wp-embedded-content\" sandbox=\"allow-scripts\" security=\"restricted\" style=\"position: absolute; clip: rect(1px, 1px, 1px, 1px);\" title=\"&#8220;covid in Regione.  DUE DECESSI NELLE 24 ORE, 291 I NUOVI CASI&#8221; &#8212; Radio Pi\u00f9\" src=\"https:\/\/www.radiopiu.net\/wordpress\/fsdfsdfsdfsfsssss\/embed\/#?secret=6MW3L1njyu\" data-secret=\"6MW3L1njyu\" width=\"600\" height=\"338\" frameborder=\"0\" marginwidth=\"0\" marginheight=\"0\" scrolling=\"no\"><\/iframe><\/p>\n<p>&nbsp;<\/p>\n<p><strong>I GRAFICI DI TIZIANO DE COL\u00a0 \u00a0<\/strong><\/p>\n\n\t\t\t<style type='text\/css'>\n\t\t\t\t#gallery-6 {\n\t\t\t\t\tmargin: auto;\n\t\t\t\t}\n\t\t\t\t#gallery-6 .gallery-item {\n\t\t\t\t\tfloat: left;\n\t\t\t\t\tmargin-top: 10px;\n\t\t\t\t\ttext-align: center;\n\t\t\t\t\twidth: 20%;\n\t\t\t\t}\n\t\t\t\t#gallery-6 img {\n\t\t\t\t\tborder: 2px solid #cfcfcf;\n\t\t\t\t}\n\t\t\t\t#gallery-6 .gallery-caption {\n\t\t\t\t\tmargin-left: 0;\n\t\t\t\t}\n\t\t\t\t\/* see gallery_shortcode() in wp-includes\/media.php *\/\n\t\t\t<\/style>\n\t\t<div id='gallery-6' class='dt-gallery-container gallery galleryid-231923 gallery-columns-5 gallery-size-thumbnail'><dl class='gallery-item'>\n\t\t\t\t<dt class='gallery-icon landscape'>\n\t\t\t\t\t<a class=\"rollover rollover-zoom dt-pswp-item\" title=\"16ed0ed0-a6c1-4192-9e71-88dc854a7c26\" data-dt-img-description=\"\" data-large_image_width=\"591\" data-large_image_height=\"361\"href='https:\/\/www.radiopiu.net\/wordpress\/wp-content\/uploads\/2021\/09\/16ed0ed0-a6c1-4192-9e71-88dc854a7c26.jpg'><img loading=\"lazy\" decoding=\"async\" width=\"150\" height=\"150\" src=\"https:\/\/www.radiopiu.net\/wordpress\/wp-content\/uploads\/2021\/09\/16ed0ed0-a6c1-4192-9e71-88dc854a7c26-150x150.jpg\" class=\"attachment-thumbnail size-thumbnail\" alt=\"\" \/><\/a>\n\t\t\t\t<\/dt><\/dl><dl class='gallery-item'>\n\t\t\t\t<dt class='gallery-icon landscape'>\n\t\t\t\t\t<a class=\"rollover rollover-zoom dt-pswp-item\" title=\"206906a2-7a8f-47d0-bc0c-72d3526dcbf9\" data-dt-img-description=\"\" data-large_image_width=\"602\" data-large_image_height=\"360\"href='https:\/\/www.radiopiu.net\/wordpress\/wp-content\/uploads\/2021\/09\/206906a2-7a8f-47d0-bc0c-72d3526dcbf9.jpg'><img loading=\"lazy\" decoding=\"async\" width=\"150\" height=\"150\" src=\"https:\/\/www.radiopiu.net\/wordpress\/wp-content\/uploads\/2021\/09\/206906a2-7a8f-47d0-bc0c-72d3526dcbf9-150x150.jpg\" class=\"attachment-thumbnail size-thumbnail\" alt=\"\" \/><\/a>\n\t\t\t\t<\/dt><\/dl><dl class='gallery-item'>\n\t\t\t\t<dt class='gallery-icon landscape'>\n\t\t\t\t\t<a class=\"rollover rollover-zoom dt-pswp-item\" title=\"f9db0335-9317-4ece-8b81-9f202a5b137e\" data-dt-img-description=\"\" data-large_image_width=\"602\" data-large_image_height=\"361\"href='https:\/\/www.radiopiu.net\/wordpress\/wp-content\/uploads\/2021\/09\/f9db0335-9317-4ece-8b81-9f202a5b137e.jpg'><img loading=\"lazy\" decoding=\"async\" width=\"150\" height=\"150\" src=\"https:\/\/www.radiopiu.net\/wordpress\/wp-content\/uploads\/2021\/09\/f9db0335-9317-4ece-8b81-9f202a5b137e-150x150.jpg\" class=\"attachment-thumbnail size-thumbnail\" alt=\"\" \/><\/a>\n\t\t\t\t<\/dt><\/dl><dl class='gallery-item'>\n\t\t\t\t<dt class='gallery-icon landscape'>\n\t\t\t\t\t<a class=\"rollover rollover-zoom dt-pswp-item\" title=\"1d4ff814-40eb-459f-be08-1673843ffb5f\" data-dt-img-description=\"\" data-large_image_width=\"608\" data-large_image_height=\"352\"href='https:\/\/www.radiopiu.net\/wordpress\/wp-content\/uploads\/2021\/09\/1d4ff814-40eb-459f-be08-1673843ffb5f.jpg'><img loading=\"lazy\" decoding=\"async\" width=\"150\" height=\"150\" src=\"https:\/\/www.radiopiu.net\/wordpress\/wp-content\/uploads\/2021\/09\/1d4ff814-40eb-459f-be08-1673843ffb5f-150x150.jpg\" class=\"attachment-thumbnail size-thumbnail\" alt=\"\" \/><\/a>\n\t\t\t\t<\/dt><\/dl><dl class='gallery-item'>\n\t\t\t\t<dt class='gallery-icon landscape'>\n\t\t\t\t\t<a class=\"rollover rollover-zoom dt-pswp-item\" title=\"4924c8ff-c698-4a95-bad3-06d85ca515d4\" data-dt-img-description=\"\" data-large_image_width=\"608\" data-large_image_height=\"354\"href='https:\/\/www.radiopiu.net\/wordpress\/wp-content\/uploads\/2021\/09\/4924c8ff-c698-4a95-bad3-06d85ca515d4.jpg'><img loading=\"lazy\" decoding=\"async\" width=\"150\" height=\"150\" src=\"https:\/\/www.radiopiu.net\/wordpress\/wp-content\/uploads\/2021\/09\/4924c8ff-c698-4a95-bad3-06d85ca515d4-150x150.jpg\" class=\"attachment-thumbnail size-thumbnail\" alt=\"\" \/><\/a>\n\t\t\t\t<\/dt><\/dl><br style=\"clear: both\" \/>\n\t\t\t<\/div>\n\n<p>&nbsp;<\/p>\n<hr \/>\n<p>&nbsp;<\/p>\n<blockquote>\n<h3>L&#8217;APPELLO DELLA ULSS1 AI BELLUNESI VACCINATI ALL&#8217;ESTERO<\/h3>\n<\/blockquote>\n<p><strong>BELLUNO\u00a0<\/strong> Per poter meglio indirizzare la campagna vaccinale a favore delle persone non ancora vaccinate, \u00e8 fondamentale avere un quadro preciso della copertura della popolazione residente. A questo fine, l\u2019Ulss Dolomiti invita i Bellunesi che si trovano all\u2019estero e gi\u00e0 vaccinati con uno dei quattro vaccini autorizzati in Italia ad inviare il proprio certificato vaccinale via mail all\u2019indirizzo vaccinazioni.covid@aulss1.veneto.it <em>\u00abChiediamo ai Bellunesi vaccinati all\u2019estero di aiutarci a migliorare la mappatura delle coperture vaccinali, per meglio indirizzare le azioni volte a facilitare l\u2019adesione alla campagna vaccinale delle persone non ancora vaccinate. Stiamo organizzando sedute nei vari territori e in orari concilianti per essere vicini ai cittadini\u00bb, spiega il Direttore Maria Grazia Carraro, \u00abi nostri servizi sono a disposizione dei bellunesi all\u2019estero per informazioni sulla vaccinazione alla medesima mail oppure sul green pass alla mail greenpass@aulss1.veneto.it\u00bb<\/em><\/p>\n<p>&nbsp;<\/p>\n<p>&nbsp;<\/p>\n<hr \/>\n<p>&nbsp;<\/p>\n<p>&nbsp;<\/p>\n<p>&nbsp;<\/p>\n<blockquote>\n<h3>IL LUNGO VIAGGIO DEL VOLONTARIATO BELLUNESE<\/h3>\n<\/blockquote>\n<p><em>Si parler\u00e0 del tema a Feltre venerd\u00ec 17 settembre nell&#8217;incontro promosso dal Csv<\/em><\/p>\n<p><strong>BELLUNO<\/strong> L&#8217;incontro, promosso dal Csv Belluno Treviso, dal titolo \u201cStorie di volont\u00e0, il lungo viaggio del volontariato bellunese\u201d \u00e8 in programma venerd\u00ec\u00a0 a Feltre alle 18,30 nell&#8217;Aula magna dell&#8217;Itc \u201cA. Colotti\u201d in viale Mazzini 12. Si tratta della presentazione della ricerca &#8220;Aspetti dell&#8217;evoluzione storica del volontariato bellunese&#8221; a cura di Gianmario Dal Molin, lavoro pubblicato nel 2020 dall\u2019Isbrec nel volume \u201cTra storia, societ\u00e0 e cultura. Saggi in ricordo di Ferruccio Vendramini\u201d. L&#8217;incontro di Feltre prevede l&#8217;intervento dell&#8217;autore con Nevio Meneguz, direttore del Csv Belluno Treviso, come moderatore. L&#8217;incontro \u00e8 a ingresso libero e aperto a tutti fino ad esaurimento posti, con obbligo di mascherina e Green pass. Si consiglia comunque la prenotazione.<\/p>\n<p>&nbsp;<\/p>\n<p>&nbsp;<\/p>\n<hr \/>\n<p>&nbsp;<\/p>\n<blockquote>\n<h3><a href=\"https:\/\/www.radiopiu.net\/wordpress\/giornale-radiopiu-14-settembre-2021-direttore-mirko-mezzacasa\/2a50c51845dddd4365f4df43a92f9377bac03069dc053f40d155c2e0130a7368\/\" rel=\"attachment wp-att-232050\"><img loading=\"lazy\" decoding=\"async\" class=\"wp-image-232050 alignleft\" src=\"https:\/\/www.radiopiu.net\/wordpress\/wp-content\/uploads\/2021\/09\/2a50c51845dddd4365f4df43a92f9377bac03069dc053f40d155c2e0130a7368-240x300.jpg\" alt=\"\" width=\"143\" height=\"179\" srcset=\"https:\/\/www.radiopiu.net\/wordpress\/wp-content\/uploads\/2021\/09\/2a50c51845dddd4365f4df43a92f9377bac03069dc053f40d155c2e0130a7368-240x300.jpg 240w, https:\/\/www.radiopiu.net\/wordpress\/wp-content\/uploads\/2021\/09\/2a50c51845dddd4365f4df43a92f9377bac03069dc053f40d155c2e0130a7368.jpg 585w\" sizes=\"auto, (max-width: 143px) 100vw, 143px\" \/><\/a>\u00a0STAFFETTA IN BICICLETTA LUNGO L&#8217;ITALIA, DA FELTRE A CANICATTI IN RICORDO DEL GIUDICE ROSARIO ANGELO LIVATINO<\/h3>\n<\/blockquote>\n<p><strong>FELTRE<\/strong> Il Mattone, composto con le terre dei 199 Paesi del mondo al Museo dei Sogni, Memoria, Coscienza e Presepi in Comunit\u00e0 &#8220;Villa San Francesco&#8221; del CIF a Facen di Pedavena (BL), \u00e8 stato accompagnato in bicicletta per 1.500 Km da Feltre (BL) a Canicatt\u00ec (AG), dal 22 agosto al 13 di settembre 2021, in ricordo di Rosario Angelo Livatino, figlio e dono di Dio, magistrato, ora Beato, persona credente e credibile.<br \/>\n<em>La Comunit\u00e0 ringrazia sentitamente quanti hanno reso possibile questa straordinaria staffetta.<\/em><\/p>\n<p>Tutta la documentazione fotografica inerente il viaggio del Mattone da Feltre \u00e8 possibile reperirla sul sito del Museo www.arcobaleno86.com.<\/p>\n\n\t\t\t<style type='text\/css'>\n\t\t\t\t#gallery-7 {\n\t\t\t\t\tmargin: auto;\n\t\t\t\t}\n\t\t\t\t#gallery-7 .gallery-item {\n\t\t\t\t\tfloat: left;\n\t\t\t\t\tmargin-top: 10px;\n\t\t\t\t\ttext-align: center;\n\t\t\t\t\twidth: 50%;\n\t\t\t\t}\n\t\t\t\t#gallery-7 img {\n\t\t\t\t\tborder: 2px solid #cfcfcf;\n\t\t\t\t}\n\t\t\t\t#gallery-7 .gallery-caption {\n\t\t\t\t\tmargin-left: 0;\n\t\t\t\t}\n\t\t\t\t\/* see gallery_shortcode() in wp-includes\/media.php *\/\n\t\t\t<\/style>\n\t\t<div id='gallery-7' class='dt-gallery-container gallery galleryid-231923 gallery-columns-2 gallery-size-medium'><dl class='gallery-item'>\n\t\t\t\t<dt class='gallery-icon landscape'>\n\t\t\t\t\t<a class=\"rollover rollover-zoom dt-pswp-item\" title=\"08f8000d62141d042c3221c00ea66793794f91a0ea93e51e6fe6b33577878480\" data-dt-img-description=\"\" data-large_image_width=\"568\" data-large_image_height=\"426\"href='https:\/\/www.radiopiu.net\/wordpress\/wp-content\/uploads\/2021\/09\/08f8000d62141d042c3221c00ea66793794f91a0ea93e51e6fe6b33577878480.png'><img loading=\"lazy\" decoding=\"async\" width=\"300\" height=\"225\" src=\"https:\/\/www.radiopiu.net\/wordpress\/wp-content\/uploads\/2021\/09\/08f8000d62141d042c3221c00ea66793794f91a0ea93e51e6fe6b33577878480-300x225.png\" class=\"attachment-medium size-medium\" alt=\"\" srcset=\"https:\/\/www.radiopiu.net\/wordpress\/wp-content\/uploads\/2021\/09\/08f8000d62141d042c3221c00ea66793794f91a0ea93e51e6fe6b33577878480-300x225.png 300w, https:\/\/www.radiopiu.net\/wordpress\/wp-content\/uploads\/2021\/09\/08f8000d62141d042c3221c00ea66793794f91a0ea93e51e6fe6b33577878480.png 568w\" sizes=\"auto, (max-width: 300px) 100vw, 300px\" \/><\/a>\n\t\t\t\t<\/dt><\/dl><dl class='gallery-item'>\n\t\t\t\t<dt class='gallery-icon landscape'>\n\t\t\t\t\t<a class=\"rollover rollover-zoom dt-pswp-item\" title=\"534820859a992bf149de87563fd6b715f133e495fe5464b048164f174c1f78a5\" data-dt-img-description=\"\" data-large_image_width=\"721\" data-large_image_height=\"477\"href='https:\/\/www.radiopiu.net\/wordpress\/wp-content\/uploads\/2021\/09\/534820859a992bf149de87563fd6b715f133e495fe5464b048164f174c1f78a5.png'><img loading=\"lazy\" decoding=\"async\" width=\"300\" height=\"198\" src=\"https:\/\/www.radiopiu.net\/wordpress\/wp-content\/uploads\/2021\/09\/534820859a992bf149de87563fd6b715f133e495fe5464b048164f174c1f78a5-300x198.png\" class=\"attachment-medium size-medium\" alt=\"\" srcset=\"https:\/\/www.radiopiu.net\/wordpress\/wp-content\/uploads\/2021\/09\/534820859a992bf149de87563fd6b715f133e495fe5464b048164f174c1f78a5-300x198.png 300w, https:\/\/www.radiopiu.net\/wordpress\/wp-content\/uploads\/2021\/09\/534820859a992bf149de87563fd6b715f133e495fe5464b048164f174c1f78a5.png 721w\" sizes=\"auto, (max-width: 300px) 100vw, 300px\" \/><\/a>\n\t\t\t\t<\/dt><\/dl><br style=\"clear: both\" \/>\n\t\t\t<\/div>\n\n<hr \/>\n<blockquote>\n<h3><\/h3>\n<h3>ANNIVERSARIO DELLA MORTE DI PAPA LUCIANI<\/h3>\n<\/blockquote>\n<p><strong>CANALE D&#8217;AGORDO<\/strong> La \u00a0Messa di anniversario della morte di Papa Giovanni Paolo I\u00a0 si terr\u00e0 alle 20 di marted\u00ec 28 settembre, il Museo e la Casa natale saranno aperti e visitabili. Domenica 19 settembre 4\u00b0 Giornata Nazionale dei Piccoli Musei con obbligo di green pass, per i residenti in Agordino il biglietto \u00e8 gratuito. Durante la giornata sar\u00e0 offerto un piccolo omaggio da parte della Fondazione Papa Luciani.<\/p>\n<p>&nbsp;<\/p>\n<p>&nbsp;<\/p>\n<hr \/>\n<blockquote>\n<h3>GIOVEDI AL COMUNALE L&#8217;ENSEMBLE ZEFIRO<\/h3>\n<\/blockquote>\n<p><strong>BELLUNO<\/strong> Gioved\u00ec 16 settembre alle 19, il Circolo Culturale Bellunese propone un viaggio nell&#8217;Europa tardo barocca e nell&#8217;epoca d&#8217;oro di oboe e fagotto, con uno dei migliori interpreti musicali internazionali del repertorio: l&#8217;Ensemble Zefiro, ovvero Alfredo Bernardini, oboe; Paolo Grazzi, oboe; Alberto Grazzi, fagotto; Patxi Montero, violone e viola da gamba; Anna Fontana, clavicembalo. Il concerto \u00e8 preceduto da un Benvenuto in musica degli studenti della Classe di clarinetto del Liceo musicale \u201cG. Renier\u201d, prof. Alessandro Muscatello. \u00a0obbligatorio il green pass. Si ricorda inoltre l\u2019utilizzo della mascherina nel rispetto delle distanze e delle norme anti Covid-19.\u00a0 Tutte le informazioni e il programma di sala su <a href=\"http:\/\/www.belcircolo.org\/?fbclid=IwAR2izSUAVTlC4hs0H96AbyD10mlC_ghaG9qpPXhlQOqEutlluBICQ3y_C2c\">www.belcircolo.org<\/a><\/p>\n<p>&nbsp;<\/p>\n<hr \/>\n<blockquote>\n<h3><\/h3>\n<h3>EQUINOZIO IN CASTELLO CON VENETO LEGGE<\/h3>\n<\/blockquote>\n<p><strong>FELTRE\u00a0<\/strong> Sabato 24 settembre alle 18.30\u00a0 a castel Lusa presentazione del libro Hedera, romanzo illustrato di Nicol\u00f2 Targhetta, Irene Bruno, Eugenio Belgrado ed Enesto Anderle, in arte Roby il Pettirosso. Quest&#8217;ultimo sar\u00e0 presente all&#8217;incontro, momento conclusivo di una tre giorni di appuntamenti dedicati alle scuole primarie e medie dell&#8217;Istituto Comprensivo di Feltre e dell&#8217;Istituto Canossiano e organizzati dall&#8217;Ufficio Cultura e Politiche Giovanili nell&#8217;ambito della Maratona di lettura regionale &#8220;Il Veneto Legge&#8221;. Gli appuntamenti per le elementari saranno in presenza nel cortile del castello, per le scuole medie con diretta tramite lavagna LIM. A concludere la rassegna la serata in castello, aperta al pubblico. Il numero dei posti \u00e8 limitato, pertanto \u00e8 necessaria la prenotazione tramite il sito www.visitfeltre.info.<\/p>\n<p>&nbsp;<\/p>\n<hr \/>\n<p>&nbsp;<\/p>\n<blockquote>\n<h3>IL LIBRO DI LAURA ALLA TARANTOLA<\/h3>\n<\/blockquote>\n<p><strong>BELLUNO<\/strong> Laura Pellegrini, insegnante presso la scuola secondaria di primo grado &#8220;I. Nievo&#8221; di Belluno venerd\u00ec\u00a0 alle 18,\u00a0 presso la libreria Tarantola\u00a0 presenter\u00e0\u00a0 il suo primo libro &#8220;Il silenzio delle parole&#8221;. Il testo, attraverso la poesia, che\u00a0 racconta\u00a0 il vissuto emozionale dell&#8217;autrice, partendo dall&#8217;infanzia per arrivare all&#8217;et\u00e0 adulta.<\/p>\n<p>&nbsp;<\/p>\n<hr \/>\n<p>&nbsp;<\/p>\n<p>&nbsp;<\/p>\n<blockquote>\n<h3>I CONCORSI NEL FELTRINO<\/h3>\n<\/blockquote>\n<p><strong><a href=\"https:\/\/www.radiopiu.net\/wordpress\/giornale-radiopiu-22-luglio-2021-direttore-mirko-mezzacasa\/th-166\/\" rel=\"attachment wp-att-223239\"><img loading=\"lazy\" decoding=\"async\" class=\"wp-image-223239 alignleft\" src=\"https:\/\/www.radiopiu.net\/wordpress\/wp-content\/uploads\/2021\/07\/th-16.jpg\" alt=\"\" width=\"115\" height=\"115\" srcset=\"https:\/\/www.radiopiu.net\/wordpress\/wp-content\/uploads\/2021\/07\/th-16.jpg 300w, https:\/\/www.radiopiu.net\/wordpress\/wp-content\/uploads\/2021\/07\/th-16-150x150.jpg 150w\" sizes=\"auto, (max-width: 115px) 100vw, 115px\" \/><\/a>FELTRE<\/strong> \u00c8 indetto concorso pubblico per soli esami per l&#8217;assunzione a tempo parziale (18 ore) e indeterminato di n. 1 Istruttore Direttivo Tecnico categoria giuridica D (posizione economica D1) presso l\u2019Area Tecnica &#8211; ufficio lavori pubblici del comune di Pedavena. Altro concorso a Pedavena: assunzione a tempo parziale (25 ore) e indeterminato di\u00a0 1 istruttore amministrativo contabile categoria giuridica C (posizione economica C1) presso. Anche il Comune di Fonzaso assume \u00a0a tempo pieno e indeterminato 1 Istruttore Direttivo Area Tecnica (cat. D1).\u00a0 Le domande di partecipazione dovranno essere presentate tramite apposita piattaforma dell&#8217;Unione Montana Feltrina. Termine di scadenza per la presentazione delle domande il 25 ottobre<\/p>\n<p>&nbsp;<\/p>\n<p>&nbsp;<\/p>\n<hr \/>\n<p>&nbsp;<\/p>\n<p>&nbsp;<\/p>\n<h2><span style=\"color: #ff0000;\">IERI ALLA RADIO<\/span><\/h2>\n<p><strong> <a href=\"https:\/\/www.radiopiu.net\/wordpress\/giornale-radiopiu-14-settembre-2021-direttore-mirko-mezzacasa\/th-188\/\" rel=\"attachment wp-att-231988\"><img loading=\"lazy\" decoding=\"async\" class=\" wp-image-231988 alignleft\" src=\"https:\/\/www.radiopiu.net\/wordpress\/wp-content\/uploads\/2021\/09\/th-3.jpg\" alt=\"\" width=\"234\" height=\"139\" \/><\/a>LA RIPARTENZA DELL&#8217;ASSOCIAZIONE DANZA AGORDINA<\/strong><\/p>\n<p><strong>CON ROBERTA REOLON, MARIA ROSA SALMAZO, ANNALISA NARDI, ANNA GAIARDI E LA PICCOLA GIORGIA<\/strong><\/p>\n<p><strong>DI CLAUDIO FONTANIVE\u00a0<\/strong><\/p>\n<audio class=\"wp-audio-shortcode\" id=\"audio-231923-9\" preload=\"none\" style=\"width: 100%;\" controls=\"controls\"><source type=\"audio\/mpeg\" src=\"https:\/\/www.radiopiu.net\/wordpress\/wp-content\/uploads\/2021\/09\/ada-13-settembre.mp3?_=9\" \/><a href=\"https:\/\/www.radiopiu.net\/wordpress\/wp-content\/uploads\/2021\/09\/ada-13-settembre.mp3\">https:\/\/www.radiopiu.net\/wordpress\/wp-content\/uploads\/2021\/09\/ada-13-settembre.mp3<\/a><\/audio>\n<p>&nbsp;<\/p>\n<hr \/>\n<p>&nbsp;<\/p>\n<blockquote>\n<h3>BORCA DI CADORE: APPUNTAMENTO DA OGGI CON \u201cI GIORNI DEL PRESBITERIO\u201d (FINO AL 17)<\/h3>\n<\/blockquote>\n<p><strong>DI RENATO BONA\u00a0\u00a0<\/strong><\/p>\n<p>\u201cOlio della consolazione e vino della speranza\u201d \u00e8 il tema dell\u2019annuale appuntamento per il presbiterio ed i diaconi della Diocesi di Belluno-Feltre guidata dal vescovo monsignor Renato Marangoni. E\u2019 in programma da oggi, marted\u00ec 14, a venerd\u00ec 17 settembre nei locali del Park Hotel des Dolomites nella via Roma di Borca di Cadore. Nel sito \u201cdiocesibellunofeltre\u201d si legge che: \u201cIl programma, che l\u2019equipe per la formazione permanente ha rielaborato dopo la sospensione del 2020, \u00e8 incentrato sulla parabola del buon samaritano. Questa mette in scena diversi personaggi e pu\u00f2 essere considerata da varie prospettive\u201d. Il presule, nel presentare la proposta, ha rilevato che \u201cnel racconto evangelico sono stati riconosciuti molti tratti di somiglianza alle situazioni che viviamo nella vita e nel ministero\u201d ed ha aggiunto che abbiamo bisogno tutti, alla stregua degli apostoli, di ritrovarci e condividere un\u2019esperienza di formazione evangelica. Il percorso \u00e8 coinvolgente e attento a cogliere le nuove sfide della vita e del ministero. Ed ecco qui di seguito il programma dell\u2019evento: questo pomeriggio gli arrivi e la sistemazione; ospite del giorno Ester Brunet sul tema: \u201cLe immagini di s\u00e9 e dell\u2019altro\u201d, con l\u2019arte che introdurr\u00e0 alle riflessioni di queste giornate; mercoled\u00ec ospiti del giorno Stefano Fregni e Rosanna Virgili, un attore e una biblista che sul tema: \u201cChi \u00e8 il mio prossimo? \u201cci aiuteranno a riconoscere la ricchezza del racconto biblico\u201d; seguir\u00e0 la celebrazione eucaristica; gioved\u00ec ospite del giorno Leonardo Paris sul tema: \u201cAncora oggi, come buon samaritano\u201d con il teologo che \u201cmetter\u00e0 in luce la dimensione cristologica della parabola\u201d; seguiranno lavori di gruppo e la celebrazione eucaristica; conclusione venerd\u00ec sul tema: Guaritori feriti\u201d con l\u2019ospite del giorno, Marco Loffredi, un medico che offrir\u00e0 la sua testimonianza di \u201cguaritore\u201d ferito; seguiranno comunicazioni del vescovo Marangoni e concluder\u00e0 la quattro giorni il pranzo comunitario. Secondo il Vescovo: \u201cAnche le comunit\u00e0 cristiane troveranno significativo che i preti e i diaconi della diocesi dedichino del tempo alla fraternit\u00e0 e alla formazione. Esse sapranno cos\u00ec portare gli eventuali disagi per l\u2019assenza dalle parrocchie in quei giorni\u201d. Qui di seguito un breve profilo degli ospiti: Ester Brunet \u00e8 laureata in storia dell\u2019arte paleocristiana e medievale; \u00e8 stata responsabile del Centro di formazione per i beni di carattere religioso; insegna storia dell\u2019arte e iconografia cristiana all\u2019Issr di Padova e Verona; Stefano Fregni, attore, ha interpretato una vasta gamma di personaggi; ha preso parte a diverse produzioni cinematografiche e televisive ed ha recitato sotto la direzione di grandi registi \u00e8 stato premiato come miglior attore al Milan International film festival; Rosanna Virgili filosofa, teologa e biblista si \u00e8 specializzata a Lovanio, Gerusalemme ed Hardward; insegna Antico Testamento all\u2019Istituto teologico marchigiano e alla Pontificia universit\u00e0 lateranense\u00b8 ha pubblicato diversi libri di carattere teologico e spirituale; Leonardo Paris teologo laico, docente di dogmatica all\u2019Issr di Trento e Bolzano; nel direttivo dell\u2019Associazione teologica italiana e direttore dell\u2019edizione italiana di \u201cConcilium\u201d; Marco Loffredi, militare d\u2019azione nella guerra del Libano ha svolto anche l\u2019attivit di imprenditore di successo,, di attore e di cantante; le ferite sul campo, il rischio continuo della vita, i successi dicono gi\u00e0 di un a vita incredibilmente avventurosa. Altra iniziativa, questa rivolta ai giovani: \u201cVangelo in corso\u2026 cantiere sempre aperto!\u201d che annuncia la ripresa dei settimanali appuntamenti su zoom il gioved\u00ec\u2019 a partire dalle 20,45. Ecco quanto in proposito si pu\u00f2 leggere nello stesso sito della Diocesi: \u201cIl vangelo che la Chiesa ascolta e proclama \u00e8 una sorgente sempre fresca che offre un ristoro e un nutrimento al nostro cammino. \u00c8 l\u2019esperienza che ha fatto un bel gruppo di giovani negli incontri di \u2018Vangelo in corso\u2019 iniziati lo scorso Avvento. Dopo la pausa estiva, riprendono quindi gli incontri settimanali. La modalit\u00e0 on-line, annullando le difficolt\u00e0 di spostamento, permette la partecipazione di giovani da tutta la diocesi, che hanno cos\u00ec una possibilit\u00e0 di incontro difficilmente replicabile in presenza. L\u2019appuntamento \u00e8 ogni gioved\u00ec alle 20:45, per giovani dai 18 anni in su. Nell\u2019ora che dedichiamo all\u2019incontro ci mettiamo, come Maria di Betania, ai piedi di Ges\u00f9, per ascoltarlo e poi confrontarci e condividere ci\u00f2 che la Parola ci dice in questo tempo di oggi. Durante l\u2019anno, compatibilmente con le restrizioni della pandemia, saranno proposti alcuni incontri in presenza. Il primo sar\u00e0 proprio quello che, sabato 2 ottobre a Belluno, segner\u00e0 la ripresa di questa esperienza che alimenta la nostra fede, sostiene la nostra speranza e ci sprona all\u2019amore per i fratelli\u201d.<\/p>\n<p>&nbsp;<\/p>\n\n\t\t\t<style type='text\/css'>\n\t\t\t\t#gallery-8 {\n\t\t\t\t\tmargin: auto;\n\t\t\t\t}\n\t\t\t\t#gallery-8 .gallery-item {\n\t\t\t\t\tfloat: left;\n\t\t\t\t\tmargin-top: 10px;\n\t\t\t\t\ttext-align: center;\n\t\t\t\t\twidth: 20%;\n\t\t\t\t}\n\t\t\t\t#gallery-8 img {\n\t\t\t\t\tborder: 2px solid #cfcfcf;\n\t\t\t\t}\n\t\t\t\t#gallery-8 .gallery-caption {\n\t\t\t\t\tmargin-left: 0;\n\t\t\t\t}\n\t\t\t\t\/* see gallery_shortcode() in wp-includes\/media.php *\/\n\t\t\t<\/style>\n\t\t<div id='gallery-8' class='dt-gallery-container gallery galleryid-231923 gallery-columns-5 gallery-size-thumbnail'><dl class='gallery-item'>\n\t\t\t\t<dt class='gallery-icon portrait'>\n\t\t\t\t\t<a class=\"rollover rollover-zoom dt-pswp-item\" title=\"241755050_6292475987459371_5212261968816433470_n\" data-dt-img-description=\"\" data-large_image_width=\"122\" data-large_image_height=\"130\"href='https:\/\/www.radiopiu.net\/wordpress\/wp-content\/uploads\/2021\/09\/241755050_6292475987459371_5212261968816433470_n.jpg'><img loading=\"lazy\" decoding=\"async\" width=\"122\" height=\"130\" src=\"https:\/\/www.radiopiu.net\/wordpress\/wp-content\/uploads\/2021\/09\/241755050_6292475987459371_5212261968816433470_n.jpg\" class=\"attachment-thumbnail size-thumbnail\" alt=\"\" \/><\/a>\n\t\t\t\t<\/dt><\/dl><dl class='gallery-item'>\n\t\t\t\t<dt class='gallery-icon landscape'>\n\t\t\t\t\t<a class=\"rollover rollover-zoom dt-pswp-item\" title=\"241800330_272828468015020_8185013901870469118_n\" data-dt-img-description=\"\" data-large_image_width=\"313\" data-large_image_height=\"206\"href='https:\/\/www.radiopiu.net\/wordpress\/wp-content\/uploads\/2021\/09\/241800330_272828468015020_8185013901870469118_n.png'><img loading=\"lazy\" decoding=\"async\" width=\"150\" height=\"150\" src=\"https:\/\/www.radiopiu.net\/wordpress\/wp-content\/uploads\/2021\/09\/241800330_272828468015020_8185013901870469118_n-150x150.png\" class=\"attachment-thumbnail size-thumbnail\" alt=\"\" \/><\/a>\n\t\t\t\t<\/dt><\/dl><dl class='gallery-item'>\n\t\t\t\t<dt class='gallery-icon portrait'>\n\t\t\t\t\t<a class=\"rollover rollover-zoom dt-pswp-item\" title=\"241890594_406350854172922_1703268688663538621_n\" data-dt-img-description=\"\" data-large_image_width=\"152\" data-large_image_height=\"240\"href='https:\/\/www.radiopiu.net\/wordpress\/wp-content\/uploads\/2021\/09\/241890594_406350854172922_1703268688663538621_n.jpg'><img loading=\"lazy\" decoding=\"async\" width=\"150\" height=\"150\" src=\"https:\/\/www.radiopiu.net\/wordpress\/wp-content\/uploads\/2021\/09\/241890594_406350854172922_1703268688663538621_n-150x150.jpg\" class=\"attachment-thumbnail size-thumbnail\" alt=\"\" \/><\/a>\n\t\t\t\t<\/dt><\/dl><dl class='gallery-item'>\n\t\t\t\t<dt class='gallery-icon portrait'>\n\t\t\t\t\t<a class=\"rollover rollover-zoom dt-pswp-item\" title=\"241752841_846561399557686_3639642112531795036_n\" data-dt-img-description=\"\" data-large_image_width=\"193\" data-large_image_height=\"206\"href='https:\/\/www.radiopiu.net\/wordpress\/wp-content\/uploads\/2021\/09\/241752841_846561399557686_3639642112531795036_n.jpg'><img loading=\"lazy\" decoding=\"async\" width=\"150\" height=\"150\" src=\"https:\/\/www.radiopiu.net\/wordpress\/wp-content\/uploads\/2021\/09\/241752841_846561399557686_3639642112531795036_n-150x150.jpg\" class=\"attachment-thumbnail size-thumbnail\" alt=\"\" \/><\/a>\n\t\t\t\t<\/dt><\/dl><dl class='gallery-item'>\n\t\t\t\t<dt class='gallery-icon landscape'>\n\t\t\t\t\t<a class=\"rollover rollover-zoom dt-pswp-item\" title=\"241758914_464436881221558_6212959856924691259_n\" data-dt-img-description=\"\" data-large_image_width=\"206\" data-large_image_height=\"206\"href='https:\/\/www.radiopiu.net\/wordpress\/wp-content\/uploads\/2021\/09\/241758914_464436881221558_6212959856924691259_n.jpg'><img loading=\"lazy\" decoding=\"async\" width=\"150\" height=\"150\" src=\"https:\/\/www.radiopiu.net\/wordpress\/wp-content\/uploads\/2021\/09\/241758914_464436881221558_6212959856924691259_n-150x150.jpg\" class=\"attachment-thumbnail size-thumbnail\" alt=\"\" srcset=\"https:\/\/www.radiopiu.net\/wordpress\/wp-content\/uploads\/2021\/09\/241758914_464436881221558_6212959856924691259_n-150x150.jpg 150w, https:\/\/www.radiopiu.net\/wordpress\/wp-content\/uploads\/2021\/09\/241758914_464436881221558_6212959856924691259_n.jpg 206w\" sizes=\"auto, (max-width: 150px) 100vw, 150px\" \/><\/a>\n\t\t\t\t<\/dt><\/dl><br style=\"clear: both\" \/><dl class='gallery-item'>\n\t\t\t\t<dt class='gallery-icon portrait'>\n\t\t\t\t\t<a class=\"rollover rollover-zoom dt-pswp-item\" title=\"241751212_244811017420835_7548187207718332084_n\" data-dt-img-description=\"\" data-large_image_width=\"168\" data-large_image_height=\"207\"href='https:\/\/www.radiopiu.net\/wordpress\/wp-content\/uploads\/2021\/09\/241751212_244811017420835_7548187207718332084_n.jpg'><img loading=\"lazy\" decoding=\"async\" width=\"150\" height=\"150\" src=\"https:\/\/www.radiopiu.net\/wordpress\/wp-content\/uploads\/2021\/09\/241751212_244811017420835_7548187207718332084_n-150x150.jpg\" class=\"attachment-thumbnail size-thumbnail\" alt=\"\" \/><\/a>\n\t\t\t\t<\/dt><\/dl><dl class='gallery-item'>\n\t\t\t\t<dt class='gallery-icon landscape'>\n\t\t\t\t\t<a class=\"rollover rollover-zoom dt-pswp-item\" title=\"241848423_553449989040492_7123074839137488870_n\" data-dt-img-description=\"\" data-large_image_width=\"206\" data-large_image_height=\"206\"href='https:\/\/www.radiopiu.net\/wordpress\/wp-content\/uploads\/2021\/09\/241848423_553449989040492_7123074839137488870_n.png'><img loading=\"lazy\" decoding=\"async\" width=\"150\" height=\"150\" src=\"https:\/\/www.radiopiu.net\/wordpress\/wp-content\/uploads\/2021\/09\/241848423_553449989040492_7123074839137488870_n-150x150.png\" class=\"attachment-thumbnail size-thumbnail\" alt=\"\" srcset=\"https:\/\/www.radiopiu.net\/wordpress\/wp-content\/uploads\/2021\/09\/241848423_553449989040492_7123074839137488870_n-150x150.png 150w, https:\/\/www.radiopiu.net\/wordpress\/wp-content\/uploads\/2021\/09\/241848423_553449989040492_7123074839137488870_n.png 206w\" sizes=\"auto, (max-width: 150px) 100vw, 150px\" \/><\/a>\n\t\t\t\t<\/dt><\/dl><dl class='gallery-item'>\n\t\t\t\t<dt class='gallery-icon portrait'>\n\t\t\t\t\t<a class=\"rollover rollover-zoom dt-pswp-item\" title=\"241820277_1248148885658201_5923103730302639439_n\" data-dt-img-description=\"\" data-large_image_width=\"153\" data-large_image_height=\"206\"href='https:\/\/www.radiopiu.net\/wordpress\/wp-content\/uploads\/2021\/09\/241820277_1248148885658201_5923103730302639439_n.jpg'><img loading=\"lazy\" decoding=\"async\" width=\"150\" height=\"150\" src=\"https:\/\/www.radiopiu.net\/wordpress\/wp-content\/uploads\/2021\/09\/241820277_1248148885658201_5923103730302639439_n-150x150.jpg\" class=\"attachment-thumbnail size-thumbnail\" alt=\"\" \/><\/a>\n\t\t\t\t<\/dt><\/dl><dl class='gallery-item'>\n\t\t\t\t<dt class='gallery-icon landscape'>\n\t\t\t\t\t<a class=\"rollover rollover-zoom dt-pswp-item\" title=\"241909012_391668235919550_9017902376237345786_n\" data-dt-img-description=\"\" data-large_image_width=\"248\" data-large_image_height=\"206\"href='https:\/\/www.radiopiu.net\/wordpress\/wp-content\/uploads\/2021\/09\/241909012_391668235919550_9017902376237345786_n.png'><img loading=\"lazy\" decoding=\"async\" width=\"150\" height=\"150\" src=\"https:\/\/www.radiopiu.net\/wordpress\/wp-content\/uploads\/2021\/09\/241909012_391668235919550_9017902376237345786_n-150x150.png\" class=\"attachment-thumbnail size-thumbnail\" alt=\"\" \/><\/a>\n\t\t\t\t<\/dt><\/dl>\n\t\t\t\t<br style='clear: both' \/>\n\t\t\t<\/div>\n\n<p>NELLE FOTO (siti chiesabellunofeltre; ar-the\u00f2; ttAgency; casadispiritualit\u00e0; SiamoEuropa): il vescovo di Belluno-Feltre monsignor Renato Marangoni; il Park hotel di Borca di Cadore; due logo dell\u2019iniziativa diocesana; Ester Brunet; Stefano Fregni; Rosanna Virgili; Leonardo Paris; l\u2019annuncio della ripresa degli incontri del gioved\u00ec per i giovani su \u201czoom\u201d.<\/p>\n<p>\u200b<\/p>\n<p>&nbsp;<\/p>\n<p>&nbsp;<\/p>\n<hr \/>\n<p>&nbsp;<\/p>\n<p>&nbsp;<\/p>\n<blockquote class=\"wp-embedded-content\" data-secret=\"pqqKaQUzK4\"><p><a href=\"https:\/\/www.radiopiu.net\/wordpress\/21ewe4dd\/\">WILLIAM DA ROIT ED ELVIS SECCO IL RIENTRO DOPO I GIORNI DELLA DOPPIA MARATONA<\/a><\/p><\/blockquote>\n<p><iframe loading=\"lazy\" class=\"wp-embedded-content\" sandbox=\"allow-scripts\" security=\"restricted\" style=\"position: absolute; clip: rect(1px, 1px, 1px, 1px);\" title=\"&#8220;WILLIAM DA ROIT ED ELVIS SECCO IL RIENTRO DOPO I GIORNI DELLA DOPPIA MARATONA&#8221; &#8212; Radio Pi\u00f9\" src=\"https:\/\/www.radiopiu.net\/wordpress\/21ewe4dd\/embed\/#?secret=pqqKaQUzK4\" data-secret=\"pqqKaQUzK4\" width=\"600\" height=\"338\" frameborder=\"0\" marginwidth=\"0\" marginheight=\"0\" scrolling=\"no\"><\/iframe><\/p>\n<p>&nbsp;<\/p>\n<blockquote class=\"wp-embedded-content\" data-secret=\"Q7FUIAfMgW\"><p><a href=\"https:\/\/www.radiopiu.net\/wordpress\/unita-ditalia-di-john-francis-della-pietra\/\">UNITA&#8217; D&#8217;ITALIA&#8230;. di JOHN FRANCIS DELLA PIETRA<\/a><\/p><\/blockquote>\n<p><iframe loading=\"lazy\" class=\"wp-embedded-content\" sandbox=\"allow-scripts\" security=\"restricted\" style=\"position: absolute; clip: rect(1px, 1px, 1px, 1px);\" title=\"&#8220;UNITA&#8217; D&#8217;ITALIA&#8230;. di JOHN FRANCIS DELLA PIETRA&#8221; &#8212; Radio Pi\u00f9\" src=\"https:\/\/www.radiopiu.net\/wordpress\/unita-ditalia-di-john-francis-della-pietra\/embed\/#?secret=Q7FUIAfMgW\" data-secret=\"Q7FUIAfMgW\" width=\"600\" height=\"338\" frameborder=\"0\" marginwidth=\"0\" marginheight=\"0\" scrolling=\"no\"><\/iframe><\/p>\n<p>&nbsp;<\/p>\n<p>&nbsp;<\/p>\n<p>&nbsp;<\/p>\n<hr \/>\n<p>&nbsp;<\/p>\n<blockquote class=\"wp-embedded-content\" data-secret=\"jtjZZRw3qC\"><p><a href=\"https:\/\/www.radiopiu.net\/wordpress\/i-misteri-di-alleghe-di-sergio-saviane-alla-radio-con-lattore-roberto-faoro-il-podcast\/\">&#8220;I MISTERI DI ALLEGHE DI SERGIO SAVIANE&#8221; ALLA RADIO CON L&#8217;ATTORE ROBERTO FAORO &#8211; IL PODCAST<\/a><\/p><\/blockquote>\n<p><iframe loading=\"lazy\" class=\"wp-embedded-content\" sandbox=\"allow-scripts\" security=\"restricted\" style=\"position: absolute; clip: rect(1px, 1px, 1px, 1px);\" title=\"&#8220;&#8220;I MISTERI DI ALLEGHE DI SERGIO SAVIANE&#8221; ALLA RADIO CON L&#8217;ATTORE ROBERTO FAORO &#8211; IL PODCAST&#8221; &#8212; Radio Pi\u00f9\" src=\"https:\/\/www.radiopiu.net\/wordpress\/i-misteri-di-alleghe-di-sergio-saviane-alla-radio-con-lattore-roberto-faoro-il-podcast\/embed\/#?secret=jtjZZRw3qC\" data-secret=\"jtjZZRw3qC\" width=\"600\" height=\"338\" frameborder=\"0\" marginwidth=\"0\" marginheight=\"0\" scrolling=\"no\"><\/iframe><\/p>\n<h2><\/h2>\n<hr \/>\n<p>&nbsp;<\/p>\n<h3><em><strong><span style=\"color: #ff0000;\">DOMANI ALLE 10.30 E 1900 LA NUOVA PUNTATA<\/span><\/strong><\/em><\/h3>\n<blockquote class=\"wp-embedded-content\" data-secret=\"zhxCbKO6PK\"><p><a href=\"https:\/\/www.radiopiu.net\/wordpress\/plastic-free-per-un-mondo-senza-plastica\/\">PLASTIC FREE per un mondo senza plastica<\/a><\/p><\/blockquote>\n<p><iframe loading=\"lazy\" class=\"wp-embedded-content\" sandbox=\"allow-scripts\" security=\"restricted\" style=\"position: absolute; clip: rect(1px, 1px, 1px, 1px);\" title=\"&#8220;PLASTIC FREE per un mondo senza plastica&#8221; &#8212; Radio Pi\u00f9\" src=\"https:\/\/www.radiopiu.net\/wordpress\/plastic-free-per-un-mondo-senza-plastica\/embed\/#?secret=zhxCbKO6PK\" data-secret=\"zhxCbKO6PK\" width=\"600\" height=\"338\" frameborder=\"0\" marginwidth=\"0\" marginheight=\"0\" scrolling=\"no\"><\/iframe><\/p>\n<p>&nbsp;<\/p>\n<hr \/>\n<p>&nbsp;<\/p>\n<blockquote class=\"wp-embedded-content\" data-secret=\"ZHMWavgKAP\"><p><a href=\"https:\/\/www.radiopiu.net\/wordpress\/da-ieri-alla-radio-in-palinsesto-loris-e-maurizio-con-la-grande-musica\/\">IL BLUES ALLA RADIO &#8230; COME NON L&#8217;AVETE MAI SENTITO PRIMA<\/a><\/p><\/blockquote>\n<p><iframe loading=\"lazy\" class=\"wp-embedded-content\" sandbox=\"allow-scripts\" security=\"restricted\" style=\"position: absolute; clip: rect(1px, 1px, 1px, 1px);\" title=\"&#8220;IL BLUES ALLA RADIO &#8230; COME NON L&#8217;AVETE MAI SENTITO PRIMA&#8221; &#8212; Radio Pi\u00f9\" src=\"https:\/\/www.radiopiu.net\/wordpress\/da-ieri-alla-radio-in-palinsesto-loris-e-maurizio-con-la-grande-musica\/embed\/#?secret=ZHMWavgKAP\" data-secret=\"ZHMWavgKAP\" width=\"600\" height=\"338\" frameborder=\"0\" marginwidth=\"0\" marginheight=\"0\" scrolling=\"no\"><\/iframe><\/p>\n<p>&nbsp;<\/p>\n<div>\n<div class=\"mkdf-post-text\">\n<div class=\"mkdf-post-text-inner\">\n<div class=\"mkdf-post-text-main\">\n<div class=\"mkdf-post-text\">\n<div class=\"mkdf-post-text-inner\">\n<div class=\"mkdf-post-text-main\">\n<div class=\"mkdf-post-text\">\n<div class=\"mkdf-post-text-inner\">\n<div class=\"mkdf-post-text-main\">\n<div class=\"page-title-head hgroup\">\n<div class=\"page-title-head hgroup\">\n<div class=\"page-title-breadcrumbs\">\n<div class=\"mkdf-post-text\">\n<div class=\"mkdf-post-text-inner\">\n<div class=\"mkdf-post-text-main\">\n<div class=\"mkdf-post-text\">\n<div class=\"mkdf-post-text-inner\">\n<div class=\"mkdf-post-text-main\">\n<div class=\"page-title-head hgroup\">\n<div class=\"page-title-head hgroup\">\n<div class=\"mkdf-post-text\">\n<div class=\"mkdf-post-text-inner\">\n<div class=\"mkdf-post-text-main\">\n<div class=\"mkdf-post-text\">\n<div class=\"mkdf-post-text-inner\">\n<div class=\"mkdf-post-text-main\">\n<div class=\"page-title-head hgroup\">\n<div class=\"page-title-head hgroup\">\n<div class=\"page-title-head hgroup\">\n<div class=\"page-title-head hgroup\">\n<div class=\"b654a4as d2edcug0\">\n<div class=\"page-title-head hgroup\">\n<div class=\"page-title-head hgroup\">\n<div class=\"mkdf-post-text\">\n<div class=\"mkdf-post-text-inner\">\n<div class=\"mkdf-post-text-main\">\n<div class=\"mkdf-post-text\">\n<div class=\"mkdf-post-text-inner\">\n<div class=\"mkdf-post-text-main\">\n<div class=\"mkdf-post-text\">\n<div class=\"mkdf-post-text-inner\">\n<div class=\"mkdf-post-text-main\">\n<div class=\"page-title-head hgroup\">\n<div class=\"page-title-head hgroup\">\n<div class=\"mkdf-post-text\">\n<div class=\"mkdf-post-text-inner\">\n<div class=\"mkdf-post-text-main\">\n<div class=\"mkdf-post-text\">\n<div class=\"mkdf-post-text-inner\">\n<div class=\"mkdf-post-text-main\">\n<div class=\"page-title-head hgroup\">\n<div class=\"page-title-head hgroup\">\n<div class=\"page-title-head hgroup\">\n<div class=\"page-title-head hgroup\">\n<div class=\"b654a4as d2edcug0\">\n<div class=\"page-title-head hgroup\">\n<div class=\"page-title-head hgroup\">\n<div class=\"page-title-head hgroup\">\n<div class=\"page-title-head hgroup\">\n<div class=\"b654a4as d2edcug0\">\n<div>\n<div class=\"mkdf-post-text\">\n<div class=\"mkdf-post-text-inner\">\n<div class=\"mkdf-post-text-main\">\n<div class=\"mkdf-post-text\">\n<div class=\"mkdf-post-text-inner\">\n<div class=\"mkdf-post-text-main\">\n<div class=\"mkdf-post-text\">\n<div class=\"mkdf-post-text-inner\">\n<div class=\"mkdf-post-text-main\">\n<div class=\"page-title-head hgroup\">\n<div class=\"page-title-head hgroup\">\n<div class=\"page-title-breadcrumbs\">\n<div class=\"mkdf-post-text\">\n<div class=\"mkdf-post-text-inner\">\n<div class=\"mkdf-post-text-main\">\n<div class=\"mkdf-post-text\">\n<div class=\"mkdf-post-text-inner\">\n<div class=\"mkdf-post-text-main\">\n<div class=\"page-title-head hgroup\">\n<div class=\"page-title-head hgroup\">\n<div class=\"mkdf-post-text\">\n<div class=\"mkdf-post-text-inner\">\n<div class=\"mkdf-post-text-main\">\n<p>&nbsp;<\/p>\n<hr \/>\n<div class=\"mkdf-post-text\">\n<div class=\"mkdf-post-text-inner\">\n<div class=\"mkdf-post-text-main\">\n<div class=\"page-title-head hgroup\">\n<div class=\"page-title-head hgroup\">\n<div class=\"page-title-head hgroup\">\n<div class=\"page-title-head hgroup\">\n<div class=\"b654a4as d2edcug0\">\n<p>&nbsp;<\/p>\n<h2><span style=\"color: #008000;\">SOLIDARIETA&#8217; VENETO &#8211; SETTEMBRE 2021<\/span><\/h2>\n<p><strong><a href=\"https:\/\/www.radiopiu.net\/wordpress\/speciale-solidarieta-veneto\/solidarieta-veneto-3\/\" rel=\"attachment wp-att-134366\"><img loading=\"lazy\" decoding=\"async\" class=\"size-medium wp-image-134366 alignleft\" src=\"https:\/\/www.radiopiu.net\/wordpress\/wp-content\/uploads\/2020\/05\/solidariet\u00e0-veneto-300x210.jpg\" alt=\"\" width=\"300\" height=\"210\" srcset=\"https:\/\/www.radiopiu.net\/wordpress\/wp-content\/uploads\/2020\/05\/solidariet\u00e0-veneto-300x210.jpg 300w, https:\/\/www.radiopiu.net\/wordpress\/wp-content\/uploads\/2020\/05\/solidariet\u00e0-veneto-1024x717.jpg 1024w, https:\/\/www.radiopiu.net\/wordpress\/wp-content\/uploads\/2020\/05\/solidariet\u00e0-veneto-768x538.jpg 768w, https:\/\/www.radiopiu.net\/wordpress\/wp-content\/uploads\/2020\/05\/solidariet\u00e0-veneto.jpg 1373w\" sizes=\"auto, (max-width: 300px) 100vw, 300px\" \/><\/a>di Claudio Fontanive<\/strong><\/p>\n<p>OSPITI: Paolo Stefan e Thomas Argenta<\/p>\n<audio class=\"wp-audio-shortcode\" id=\"audio-231923-10\" preload=\"none\" style=\"width: 100%;\" controls=\"controls\"><source type=\"audio\/mpeg\" src=\"https:\/\/www.radiopiu.net\/wordpress\/wp-content\/uploads\/2021\/09\/solidarieta-veneto-settembre.mp3?_=10\" \/><a href=\"https:\/\/www.radiopiu.net\/wordpress\/wp-content\/uploads\/2021\/09\/solidarieta-veneto-settembre.mp3\">https:\/\/www.radiopiu.net\/wordpress\/wp-content\/uploads\/2021\/09\/solidarieta-veneto-settembre.mp3<\/a><\/audio>\n<p>&nbsp;<\/p>\n<h2>LA RACCOLTA COMPLETA<\/h2>\n<blockquote class=\"wp-embedded-content\" data-secret=\"A2oKVV1eNe\"><p><a href=\"https:\/\/www.radiopiu.net\/wordpress\/solidarieta-veneto\/\">Solidariet\u00e0 Veneto<\/a><\/p><\/blockquote>\n<p><iframe loading=\"lazy\" class=\"wp-embedded-content\" sandbox=\"allow-scripts\" security=\"restricted\" style=\"position: absolute; clip: rect(1px, 1px, 1px, 1px);\" title=\"&#8220;Solidariet\u00e0 Veneto&#8221; &#8212; Radio Pi\u00f9\" src=\"https:\/\/www.radiopiu.net\/wordpress\/solidarieta-veneto\/embed\/#?secret=A2oKVV1eNe\" data-secret=\"A2oKVV1eNe\" width=\"600\" height=\"338\" frameborder=\"0\" marginwidth=\"0\" marginheight=\"0\" scrolling=\"no\"><\/iframe><\/p>\n<blockquote>\n<h2><\/h2>\n<\/blockquote>\n<p>&nbsp;<\/p>\n<hr \/>\n<p>&nbsp;<\/p>\n<div>\n<div class=\"b654a4as d2edcug0\">\n<div class=\"rq0escxv hkbzh7o3 jwdofwj8 n8tt0mok r8blr3vg hyh9befq\">\n<p><a class=\"dt-pswp-item\" href=\"https:\/\/www.radiopiu.net\/wordpress\/wp-content\/uploads\/2020\/10\/pp.jpg\" data-dt-img-description=\"\" data-large_image_width=\"640\" data-large_image_height=\"640\"><img loading=\"lazy\" decoding=\"async\" class=\"wp-image-163678 alignleft\" src=\"https:\/\/www.radiopiu.net\/wordpress\/wp-content\/uploads\/2020\/10\/pp-300x300.jpg\" alt=\"\" width=\"106\" height=\"106\" srcset=\"https:\/\/www.radiopiu.net\/wordpress\/wp-content\/uploads\/2020\/10\/pp-300x300.jpg 300w, https:\/\/www.radiopiu.net\/wordpress\/wp-content\/uploads\/2020\/10\/pp-150x150.jpg 150w, https:\/\/www.radiopiu.net\/wordpress\/wp-content\/uploads\/2020\/10\/pp-125x125.jpg 125w, https:\/\/www.radiopiu.net\/wordpress\/wp-content\/uploads\/2020\/10\/pp-200x200.jpg 200w, https:\/\/www.radiopiu.net\/wordpress\/wp-content\/uploads\/2020\/10\/pp-80x80.jpg 80w, https:\/\/www.radiopiu.net\/wordpress\/wp-content\/uploads\/2020\/10\/pp-480x480.jpg 480w, https:\/\/www.radiopiu.net\/wordpress\/wp-content\/uploads\/2020\/10\/pp.jpg 640w\" sizes=\"auto, (max-width: 106px) 100vw, 106px\" \/><\/a><\/p>\n<\/div>\n<\/div>\n<\/div>\n<div>\n<div class=\"page-title-head hgroup\">\n<div class=\"page-title-head hgroup\">\n<div class=\"b654a4as d2edcug0\">\n<div class=\"j83agx80 btwxx1t3 lhclo0ds hop8lmos nkwizq5d scwd0bx6 roh60bw9\">\n<div class=\"rq0escxv hkbzh7o3 jwdofwj8 n8tt0mok r8blr3vg hyh9befq\">\n<div class=\"do00u71z l9j0dhe7 k4urcfbm\">\n<h2><span style=\"color: #000080;\">DON CESARE, IL PENSIERO DEL GIORNO. ALLA RADIO ALLE 7 DEL MATTINO E ALLE 19.30 DELLA SERA.\u00a0\u00a0<\/span><\/h2>\n<\/div>\n<\/div>\n<\/div>\n<\/div>\n<\/div>\n<div class=\"page-title-head hgroup\">\n<p>&nbsp;<\/p>\n<p>&nbsp;<\/p>\n<audio class=\"wp-audio-shortcode\" id=\"audio-231923-11\" preload=\"none\" style=\"width: 100%;\" controls=\"controls\"><source type=\"audio\/mpeg\" src=\"https:\/\/www.radiopiu.net\/wordpress\/wp-content\/uploads\/2021\/09\/cesare.mp3?_=11\" \/><a href=\"https:\/\/www.radiopiu.net\/wordpress\/wp-content\/uploads\/2021\/09\/cesare.mp3\">https:\/\/www.radiopiu.net\/wordpress\/wp-content\/uploads\/2021\/09\/cesare.mp3<\/a><\/audio>\n<p>&nbsp;<\/p>\n<hr \/>\n<p class=\"b654a4as d2edcug0\"><span style=\"color: #ff6600;\">\u00a0 \u00a0<\/span><\/p>\n<div class=\"entry-meta\"><strong>Collaborazione Thomas Soppera \u00a0 PUNTATA DEL13 SETTEMBRE 2021<\/strong><\/div>\n<div><\/div>\n<div><img loading=\"lazy\" decoding=\"async\" class=\"alignleft\" src=\"https:\/\/www.radiopiu.net\/wordpress\/wp-content\/uploads\/2021\/09\/baad88f4-1e59-4eac-9f74-94ba2da3d9f6.jpg\" width=\"368\" height=\"207\" \/><\/div>\n<div><\/div>\n<div><\/div>\n<div><\/div>\n<div><\/div>\n<div><\/div>\n<div><\/div>\n<div><\/div>\n<div><\/div>\n<div><\/div>\n<div><strong>AUDIO<\/strong><\/div>\n<div>\n<audio class=\"wp-audio-shortcode\" id=\"audio-231923-12\" preload=\"none\" style=\"width: 100%;\" controls=\"controls\"><source type=\"audio\/mpeg\" src=\"https:\/\/www.radiopiu.net\/wordpress\/wp-content\/uploads\/2021\/09\/THOMAS.mp3?_=12\" \/><a href=\"https:\/\/www.radiopiu.net\/wordpress\/wp-content\/uploads\/2021\/09\/THOMAS.mp3\">https:\/\/www.radiopiu.net\/wordpress\/wp-content\/uploads\/2021\/09\/THOMAS.mp3<\/a><\/audio>\n<p>&nbsp;<\/p>\n<\/div>\n<blockquote class=\"wp-embedded-content\" data-secret=\"tt67Ik7oLG\"><p><a href=\"https:\/\/www.radiopiu.net\/wordpress\/girovagando-in-e-bike-tra-le-dolomiti\/\">GIROVAGANDO IN E BIKE TRA LE DOLOMITI<\/a><\/p><\/blockquote>\n<p><iframe loading=\"lazy\" class=\"wp-embedded-content\" sandbox=\"allow-scripts\" security=\"restricted\" style=\"position: absolute; clip: rect(1px, 1px, 1px, 1px);\" title=\"&#8220;GIROVAGANDO IN E BIKE TRA LE DOLOMITI&#8221; &#8212; Radio Pi\u00f9\" src=\"https:\/\/www.radiopiu.net\/wordpress\/girovagando-in-e-bike-tra-le-dolomiti\/embed\/#?secret=tt67Ik7oLG\" data-secret=\"tt67Ik7oLG\" width=\"600\" height=\"338\" frameborder=\"0\" marginwidth=\"0\" marginheight=\"0\" scrolling=\"no\"><\/iframe><\/p>\n<p>\u200b<\/p>\n<p>\u200b<\/p>\n<hr \/>\n<\/div>\n<\/div>\n<\/div>\n<\/div>\n<\/div>\n<\/div>\n<\/div>\n<\/div>\n<\/div>\n<\/div>\n<\/div>\n<\/div>\n<\/div>\n<\/div>\n<\/div>\n<\/div>\n<\/div>\n<\/div>\n<\/div>\n<\/div>\n<\/div>\n<\/div>\n<\/div>\n<div class=\"mkdf-post-text\">\n<div class=\"mkdf-post-text-inner\">\n<div class=\"mkdf-post-text-main\">\n<div class=\"mkdf-post-text\">\n<div class=\"mkdf-post-text-inner\">\n<div class=\"mkdf-post-text-main\">\n<div>\n<div class=\"page-title-head hgroup\">\n<div class=\"page-title-head hgroup\">\n<div class=\"page-title-head hgroup\">\n<div class=\"page-title-head hgroup\">\n<div class=\"b654a4as d2edcug0\">\n<div class=\"page-title-head hgroup\">\n<div class=\"page-title-head hgroup\">\n<p>&nbsp;<\/p>\n<\/div>\n<\/div>\n<\/div>\n<\/div>\n<\/div>\n<\/div>\n<\/div>\n<\/div>\n<\/div>\n<\/div>\n<\/div>\n<\/div>\n<\/div>\n<\/div>\n<\/div>\n<\/div>\n<\/div>\n<\/div>\n<\/div>\n<\/div>\n<\/div>\n<\/div>\n<\/div>\n<\/div>\n<\/div>\n<\/div>\n<blockquote>\n<h3><\/h3>\n<h3>COLLAGE&#8230; DI LORIS SCUSSEL dal lunedi al venerdi alle 16 e alle 23 su RADIO PIU<\/h3>\n<\/blockquote>\n<div>\n<p><img loading=\"lazy\" decoding=\"async\" class=\"alignleft\" src=\"https:\/\/www.radiopiu.net\/wordpress\/wp-content\/uploads\/2021\/05\/Schermata-2021-05-23-alle-11.50.11.png\" width=\"186\" height=\"131\" \/><\/p>\n<div>\n<p>Il programma \u00e8 andato in onda da dicembre 2013 fino a luglio 2019, comprese le repliche, in due serie per 350 puntate complessive con 1.890 brani trasmessi. L\u2019obiettivo del programma: riproporre agli ascoltatori pi\u00f9 grandicelli le canzoni che ascoltavano nel passato e nello stesso tempo farle conoscere anche ai pi\u00f9 giovani.<\/p>\n<\/div>\n<\/div>\n<div>\n<p><b>\u00a0\u00a0<\/b><\/p>\n<p><b>\u00a0<\/b><\/p>\n<\/div>\n<\/div>\n<\/div>\n<\/div>\n<\/div>\n<\/div>\n<\/div>\n<\/div>\n<\/div>\n<\/div>\n<\/div>\n<\/div>\n<\/div>\n<\/div>\n<\/div>\n<\/div>\n<\/div>\n<\/div>\n<\/div>\n<\/div>\n<\/div>\n<\/div>\n<\/div>\n<\/div>\n<\/div>\n<\/div>\n<\/div>\n<\/div>\n<\/div>\n<\/div>\n<\/div>\n<\/div>\n<\/div>\n<\/div>\n<\/div>\n<\/div>\n<\/div>\n<\/div>\n<\/div>\n<\/div>\n<\/div>\n<\/div>\n<\/div>\n<\/div>\n<\/div>\n<\/div>\n<\/div>\n<\/div>\n<\/div>\n<\/div>\n<\/div>\n<\/div>\n<\/div>\n<\/div>\n<\/div>\n<\/div>\n<\/div>\n<\/div>\n<\/div>\n<\/div>\n<\/div>\n<\/div>\n<div>\n<div>\n<div class=\"b654a4as d2edcug0\">\n<div class=\"rq0escxv hkbzh7o3 jwdofwj8 n8tt0mok r8blr3vg hyh9befq\">\n<div class=\"b654a4as d2edcug0\">\n<div class=\"b654a4as d2edcug0\">\n<div>\n<div class=\"b654a4as d2edcug0\">\n<div class=\"rq0escxv hkbzh7o3 jwdofwj8 n8tt0mok r8blr3vg hyh9befq\"><strong>PROGRAMMA NUMERO 431 DEL 12 SETTEMBRE\u00a0\u00a0<\/strong><\/div>\n<div class=\"rq0escxv hkbzh7o3 jwdofwj8 n8tt0mok r8blr3vg hyh9befq\">\n<audio class=\"wp-audio-shortcode\" id=\"audio-231923-13\" preload=\"none\" style=\"width: 100%;\" controls=\"controls\"><source type=\"audio\/mpeg\" src=\"https:\/\/www.radiopiu.net\/wordpress\/wp-content\/uploads\/2021\/09\/Collage-431.mp3?_=13\" \/><a href=\"https:\/\/www.radiopiu.net\/wordpress\/wp-content\/uploads\/2021\/09\/Collage-431.mp3\">https:\/\/www.radiopiu.net\/wordpress\/wp-content\/uploads\/2021\/09\/Collage-431.mp3<\/a><\/audio>\n<\/div>\n<\/div>\n<\/div>\n<\/div>\n<\/div>\n<\/div>\n<\/div>\n<\/div>\n<p>&nbsp;<\/p>\n<hr \/>\n<div><\/div>\n<div>\n<div class=\"page-title-head hgroup\">\n<div class=\"page-title-head hgroup\">\n<div class=\"page-title-head hgroup\">\n<div class=\"page-title-head hgroup\">\n<div class=\"page-title-head hgroup\">\n<div>\n<div class=\"b654a4as d2edcug0\">\u00a0 \u00a0 \u00a0<strong style=\"color: #800080;\">LA RASSEGNA STAMPA DA L&#8217;AMICO DEL POPOLO\u00a0<\/strong><\/div>\n<\/div>\n<\/div>\n<\/div>\n<\/div>\n<\/div>\n<\/div>\n<\/div>\n<div>\n<div class=\"page-title-head hgroup\">\n<div class=\"page-title-head hgroup\">\n<div class=\"page-title-head hgroup\">\n<div class=\"page-title-head hgroup\">\n<div class=\"b654a4as d2edcug0\">\n<div class=\"page-title-head hgroup\">\n<div class=\"page-title-head hgroup\">\n<div class=\"page-title-head hgroup\">\n<div class=\"page-title-head hgroup\">\n<div class=\"b654a4as d2edcug0\">\n<div>\n<h3 class=\"kvgmc6g5 cxmmr5t8 oygrvhab hcukyx3x c1et5uql\"><span style=\"color: #0000ff;\"> INFORMAZIONE il canale su TELEGRAM informazione di prima mano e in tempo reale. iscriviti ed aiutaci a farlo conoscere\u00a0\u00a0<\/span><\/h3>\n<p><strong><a href=\"https:\/\/www.radiopiu.net\/wordpress\/fine-anno-eccezionale\/primo-piano-gli-studenti-che-scrivono-e-leggono-gli-fogli-di-risposta-degli-esami-di-esercitazione-in-aula-della-scuola-con-lo-stress_73622-858\/\" rel=\"attachment wp-att-143128\"><img loading=\"lazy\" decoding=\"async\" class=\"size-medium wp-image-143128 alignleft\" src=\"https:\/\/www.radiopiu.net\/wordpress\/wp-content\/uploads\/2020\/06\/primo-piano-gli-studenti-che-scrivono-e-leggono-gli-fogli-di-risposta-degli-esami-di-esercitazione-in-aula-della-scuola-con-lo-stress_73622-858-300x200.jpg\" alt=\"\" width=\"300\" height=\"200\" srcset=\"https:\/\/www.radiopiu.net\/wordpress\/wp-content\/uploads\/2020\/06\/primo-piano-gli-studenti-che-scrivono-e-leggono-gli-fogli-di-risposta-degli-esami-di-esercitazione-in-aula-della-scuola-con-lo-stress_73622-858-300x200.jpg 300w, https:\/\/www.radiopiu.net\/wordpress\/wp-content\/uploads\/2020\/06\/primo-piano-gli-studenti-che-scrivono-e-leggono-gli-fogli-di-risposta-degli-esami-di-esercitazione-in-aula-della-scuola-con-lo-stress_73622-858.jpg 626w\" sizes=\"auto, (max-width: 300px) 100vw, 300px\" \/><\/a>di Gianni Santomaso<\/strong><\/p>\n<p>OSPITE: Mario Baldasso<\/p>\n<audio class=\"wp-audio-shortcode\" id=\"audio-231923-14\" preload=\"none\" style=\"width: 100%;\" controls=\"controls\"><source type=\"audio\/mpeg\" src=\"https:\/\/www.radiopiu.net\/wordpress\/wp-content\/uploads\/2021\/09\/RASSEGNA-GIANNI-1.mp3?_=14\" \/><a href=\"https:\/\/www.radiopiu.net\/wordpress\/wp-content\/uploads\/2021\/09\/RASSEGNA-GIANNI-1.mp3\">https:\/\/www.radiopiu.net\/wordpress\/wp-content\/uploads\/2021\/09\/RASSEGNA-GIANNI-1.mp3<\/a><\/audio>\n<p>&nbsp;<\/p>\n<blockquote class=\"wp-embedded-content\" data-secret=\"If1vPqqu9c\"><p><a href=\"https:\/\/www.radiopiu.net\/wordpress\/rassegna-stampa-di-gianni-santomaso\/\">Rassegna stampa da l&#8217;amico del popolo &#8211; di Gianni Santomaso<\/a><\/p><\/blockquote>\n<p><iframe loading=\"lazy\" class=\"wp-embedded-content\" sandbox=\"allow-scripts\" security=\"restricted\" style=\"position: absolute; clip: rect(1px, 1px, 1px, 1px);\" title=\"&#8220;Rassegna stampa da l&#8217;amico del popolo &#8211; di Gianni Santomaso&#8221; &#8212; Radio Pi\u00f9\" src=\"https:\/\/www.radiopiu.net\/wordpress\/rassegna-stampa-di-gianni-santomaso\/embed\/#?secret=If1vPqqu9c\" data-secret=\"If1vPqqu9c\" width=\"600\" height=\"338\" frameborder=\"0\" marginwidth=\"0\" marginheight=\"0\" scrolling=\"no\"><\/iframe><\/p>\n<p>&nbsp;<\/p>\n<p>&nbsp;<\/p>\n<\/div>\n<div>\n<div class=\"page-title-head hgroup\">\n<div class=\"page-title-head hgroup\">\n<div class=\"page-title-head hgroup\">\n<div>\n<div class=\"b654a4as d2edcug0\">\n<div class=\"rq0escxv hkbzh7o3 jwdofwj8 n8tt0mok r8blr3vg hyh9befq\">\n<hr \/>\n<\/div>\n<\/div>\n<\/div>\n<div>\n<div class=\"page-title-head hgroup\">\n<div class=\"page-title-head hgroup\">\n<div class=\"b654a4as d2edcug0\">\n<p>&nbsp;<\/p>\n<blockquote>\n<h3><img loading=\"lazy\" decoding=\"async\" class=\"alignleft\" src=\"https:\/\/www.radiopiu.net\/wordpress\/wp-content\/uploads\/2021\/06\/fresh-flower-leaves-saffron-white-background-place-your-text-use-saffron-spice-cooking-cosmetology_347372-394.jpeg\" width=\"141\" height=\"94\" \/>L&#8217;ALMANACCO LADINO CON L&#8217;ISTITUT CESA DE JAN QUINDICINALE APPUNTAMENTO. LA DOMENICA ALLE 9 IL LUNEDI ALLE 8.35 IL MARTEDI ALLE 12.35 IL MERCOLEDI ALLE 18.35. SECONDA STAGIONE.<strong style=\"font-size: 14px;\">\u00a0<\/strong><\/h3>\n<\/blockquote>\n<p><strong>\u00a0<\/strong><strong>\u00a0 <\/strong><\/p>\n<p><strong>\u00a0PUNTATA DEL 13 SETTEMBRE 2021, N.66\u00a0<\/strong><\/p>\n<audio class=\"wp-audio-shortcode\" id=\"audio-231923-15\" preload=\"none\" style=\"width: 100%;\" controls=\"controls\"><source type=\"audio\/mpeg\" src=\"https:\/\/www.radiopiu.net\/wordpress\/wp-content\/uploads\/2021\/09\/66\u00b0Almanach-Ladin-fodom-1.mp3?_=15\" \/><a href=\"https:\/\/www.radiopiu.net\/wordpress\/wp-content\/uploads\/2021\/09\/66\u00b0Almanach-Ladin-fodom-1.mp3\">https:\/\/www.radiopiu.net\/wordpress\/wp-content\/uploads\/2021\/09\/66\u00b0Almanach-Ladin-fodom-1.mp3<\/a><\/audio>\n<p><strong>\u00a0RACCOLTA COMPLETA\u00a0<\/strong><\/p>\n<blockquote class=\"wp-embedded-content\" data-secret=\"EOvDtBcLDh\"><p><a href=\"https:\/\/www.radiopiu.net\/wordpress\/almanacco-ladino\/\">Almanacco Ladino<\/a><\/p><\/blockquote>\n<p><iframe loading=\"lazy\" class=\"wp-embedded-content\" sandbox=\"allow-scripts\" security=\"restricted\" style=\"position: absolute; clip: rect(1px, 1px, 1px, 1px);\" title=\"&#8220;Almanacco Ladino&#8221; &#8212; Radio Pi\u00f9\" src=\"https:\/\/www.radiopiu.net\/wordpress\/almanacco-ladino\/embed\/#?secret=EOvDtBcLDh\" data-secret=\"EOvDtBcLDh\" width=\"600\" height=\"338\" frameborder=\"0\" marginwidth=\"0\" marginheight=\"0\" scrolling=\"no\"><\/iframe><\/p>\n<\/div>\n<div>\n<p>&nbsp;<\/p>\n<hr \/>\n<h2><span style=\"color: #808000;\">DUE MINUTI UN LIBRO\u00a0 TUTTI I GIORNI ALLA RADIO ALLE 9.30 E ALLE 18. QUINTA STAGIONE\u00a0\u00a0<\/span><\/h2>\n<blockquote class=\"wp-embedded-content\" data-secret=\"p4Gchfbxp9\"><p><a href=\"https:\/\/www.radiopiu.net\/wordpress\/come-navi-nella-notte\/\">COME NAVI NELLA NOTTE<\/a><\/p><\/blockquote>\n<p><iframe loading=\"lazy\" class=\"wp-embedded-content\" sandbox=\"allow-scripts\" security=\"restricted\" style=\"position: absolute; clip: rect(1px, 1px, 1px, 1px);\" title=\"&#8220;COME NAVI NELLA NOTTE&#8221; &#8212; Radio Pi\u00f9\" src=\"https:\/\/www.radiopiu.net\/wordpress\/come-navi-nella-notte\/embed\/#?secret=p4Gchfbxp9\" data-secret=\"p4Gchfbxp9\" width=\"600\" height=\"338\" frameborder=\"0\" marginwidth=\"0\" marginheight=\"0\" scrolling=\"no\"><\/iframe><\/p>\n<p><strong>LA RACCOLTA COMPLETA\u00a0\u00a0<\/strong><\/p>\n<\/div>\n<div>\n<blockquote class=\"wp-embedded-content\" data-secret=\"hAR3fhhGE6\"><p><a href=\"https:\/\/www.radiopiu.net\/wordpress\/due-minuti-un-libro\/\">Due minuti un libro<\/a><\/p><\/blockquote>\n<p><iframe loading=\"lazy\" class=\"wp-embedded-content\" sandbox=\"allow-scripts\" security=\"restricted\" style=\"position: absolute; clip: rect(1px, 1px, 1px, 1px);\" title=\"&#8220;Due minuti un libro&#8221; &#8212; Radio Pi\u00f9\" src=\"https:\/\/www.radiopiu.net\/wordpress\/due-minuti-un-libro\/embed\/#?secret=hAR3fhhGE6\" data-secret=\"hAR3fhhGE6\" width=\"600\" height=\"338\" frameborder=\"0\" marginwidth=\"0\" marginheight=\"0\" scrolling=\"no\"><\/iframe><\/p>\n<p>&nbsp;<\/p>\n<hr \/>\n<p>\u200b<\/p>\n<div>\n<h2><span style=\"color: #33cccc;\">I RACCONTI DI PAOLO SOPPELSA il lunedi alle 9.30 e 18.30<\/span><\/h2>\n<h3>I RACCONTI DI PAOLO SOPPELSA NOVANTADUESIMA PUNTATA<\/h3>\n<p><strong>RITORNO IN CITT\u00c0\u00a0<\/strong><\/p>\n<p><strong>AUDIO<\/strong><\/p>\n<audio class=\"wp-audio-shortcode\" id=\"audio-231923-16\" preload=\"none\" style=\"width: 100%;\" controls=\"controls\"><source type=\"audio\/mpeg\" src=\"https:\/\/www.radiopiu.net\/wordpress\/wp-content\/uploads\/2021\/09\/PAOLO-SOPPELSA-MM.mp3?_=16\" \/><a href=\"https:\/\/www.radiopiu.net\/wordpress\/wp-content\/uploads\/2021\/09\/PAOLO-SOPPELSA-MM.mp3\">https:\/\/www.radiopiu.net\/wordpress\/wp-content\/uploads\/2021\/09\/PAOLO-SOPPELSA-MM.mp3<\/a><\/audio>\n<p><img loading=\"lazy\" decoding=\"async\" class=\"alignleft\" src=\"https:\/\/www.radiopiu.net\/wordpress\/wp-content\/uploads\/2021\/09\/b97a9c82-d5b9-4715-8490-f0d82355d32d.jpg\" width=\"333\" height=\"250\" \/>Ero giunto ai piedi del Pelsa nel tardo pomeriggio di un venerd\u00ec di met\u00e0 luglio. Nuvole basse, quasi freddo e pioggia battente: un&#8217;atmosfera novembrina, e pareva l&#8217;estate del 1987, quella della prima vacanza in Cadore di Papa Giovanni Paolo II e dell&#8217;alluvione in Valtellina. La campana batteva le diciotto, il Biois era tinto di marrone come accade sempre quando \u00e8 nervoso ed io stavo ufficialmente iniziando le mie ferie estive. Tre settimane; un tempo lungo, certamente non come i quasi tre mesi di quelle lontane vacanze anni &#8217;80, ma sufficiente per, come cantava Guccini, &#8220;tuffarmi in una vita ritrovata, vera e vissuta&#8221;. Una ventina di giorni buoni per ritrovare luoghi e momenti in quel paese dove molto \u00e8 rimasto immutato o quasi. Il Biois ha sempre la stessa voce e di notte tiene compagnia come allora. E come allora, \u00e8 in grado &#8220;de te fa salt\u00e0 su dret de not&#8221; quando inizia a ruggire e &#8220;men\u00e0 fora sas&#8221;: \u00e8 accaduto una notte, proprio come accadde nell&#8217;estate del 1987. Pure le campane sono le stesse, ed anche il letto a castello dipinto di rosso ed i Topolino anni &#8217;70, buoni per sorridere un p\u00f2 prima di spegnere la luce e dormire. Tre settimane estive volutamente vissute un p\u00f2 come allora: magari senza le partite di calcio giocate sul sagrato, ma allietate da belle camminate buone per riscoprire luoghi appartati e per raccogliere nuove storie e memorie. Poi, come sempre accade, pure le ferie si avviano verso la fine, purtroppo. Le serate sempre pi\u00f9 fresche e le giornate leggermente pi\u00f9 brevi sembrano voler avvisare che questo tempo dolce \u00e8 ormai in scadenza. Finch\u00e9, implacabile, ecco arrivare la domenica in cui il dover partire \u00e8 solamente questione di ore.<br \/>\n<strong>\u2026dal diario: si parte\u2026<\/strong><br \/>\nLo zaino nel bagagliaio gi\u00e0 dal pomeriggio. Il cenare un p\u00f2 prima del solito e poi il partire verso Belluno. Prima seconda terza; partenza falsa. Prima dei &#8220;Carabinieri&#8221; metto la freccia e parcheggio nel piazzale. Mi concedo l&#8217;ultima passeggiata. Arrivo alla panchina di fronte alla centrale, poi torno indietro e faccio il giro &#8220;de Aoscan&#8221;. Giunto a pochi metri dalla macchina la campana grande inizia a suonare: mi piace pensare che mi voglia salutare. Ascolto lo sfumare dei suoi potenti rintocchi e poi parto, stavolta sul serio. La Strada Madre \u00e8 deserta stasera. Ad Agordo le cime di San Sebastiano mostrano il colore del tramonto, poi, dopo Le Campe, si accendono fari e pensieri e ricordi di quando &#8220;se tornea &#8216;n du&#8221;. Ma allora accadeva ai primi di settembre e non guidavo io. Superato il curvone prima del Peron ritrovo l&#8217;estate della quasi pianura. A Mussoi inizia la citt\u00e0: manco da oltre tre settimane e stasera Belluno mi sembra pi\u00f9 citt\u00e0 del solito. Qualcuno passeggia in maglietta e pantaloncini corti: \u00e8 proprio diverso il clima di quasi pianura. A Cence, di sera, uscivo a camminare con addosso la felpa. Proprio come durante l&#8217;estate del 1987. Arrivo a casa e inizia a piovere forte. Scarico zaino borse e scarponi e apro la porta. C&#8217;\u00e8 aria &#8220;di chiuso&#8221;, cos\u00ec spalanco tutte le finestre. Poi la doccia, un p\u00f2 di TV ed \u00e8 gi\u00e0 ora di andare a dormire che domani si ricomincia. Inizio la lettura di un libro che racconta storie di Cencenighe e alle undici decido di spegnere tutto e di tentare di dormire. Mi butto sul letto in modalit\u00e0 estate, ovvero &#8220;via par sora le cuerte&#8221;. C&#8217;\u00e8 silenzio, un profondo silenzio: sono in citt\u00e0 ma c&#8217;\u00e8 un silenzio che fa quasi male. Non c&#8217;\u00e8 il Biois stasera a farmi compagnia, e nemmeno la campana che batte le ore e pure le mezze ore. Non c&#8217;\u00e8 quella macchina che passa ogni tanto. Non c&#8217;\u00e8 nulla: soltanto il monologo del gatto rossiccio della vicina, che miagola con voce da basso dopo l&#8217;una, rompendo questo silenzio umido che non fa dormire. Il resto \u00e8 notte trascorsa ammirando i numeri rossi della radiosveglia anni &#8217;80 presa con i punti dell&#8217;Eurospar. Scorrono piano i minuti: poi, \u00e8 gi\u00e0 lunedi.<\/p>\n<p><span style=\"color: #ff0000;\"><strong>LA RACCOLTA COMPLETA<\/strong><\/span><\/p>\n<blockquote class=\"wp-embedded-content\" data-secret=\"siDShuxTJu\"><p><a href=\"https:\/\/www.radiopiu.net\/wordpress\/i-racconti-di-paolo-soppelsa\/\">I racconti di Paolo Soppelsa<\/a><\/p><\/blockquote>\n<p><iframe loading=\"lazy\" class=\"wp-embedded-content\" sandbox=\"allow-scripts\" security=\"restricted\" style=\"position: absolute; clip: rect(1px, 1px, 1px, 1px);\" title=\"&#8220;I racconti di Paolo Soppelsa&#8221; &#8212; Radio Pi\u00f9\" src=\"https:\/\/www.radiopiu.net\/wordpress\/i-racconti-di-paolo-soppelsa\/embed\/#?secret=siDShuxTJu\" data-secret=\"siDShuxTJu\" width=\"600\" height=\"338\" frameborder=\"0\" marginwidth=\"0\" marginheight=\"0\" scrolling=\"no\"><\/iframe><\/p>\n<p>&nbsp;<\/p>\n<\/div>\n<\/div>\n<hr \/>\n<p>&nbsp;<\/p>\n<div class=\"mkdf-post-text\">\n<div class=\"mkdf-post-text-inner\">\n<div class=\"mkdf-post-text-main\">\n<div class=\"mkdf-post-text\">\n<div class=\"mkdf-post-text-inner\">\n<div class=\"mkdf-post-text-main\">\n<div class=\"mkdf-post-text\">\n<div class=\"mkdf-post-text-inner\">\n<div class=\"mkdf-post-text-main\">\n<div class=\"page-title-head hgroup\">\n<div class=\"page-title-head hgroup\">\n<div class=\"mkdf-post-text\">\n<div class=\"mkdf-post-text-inner\">\n<div class=\"mkdf-post-text-main\">\n<div class=\"mkdf-post-text\">\n<div class=\"mkdf-post-text-inner\">\n<div class=\"mkdf-post-text-main\">\n<div>\n<div class=\"page-title-head hgroup\">\n<div class=\"page-title-head hgroup\">\n<div class=\"page-title-head hgroup\">\n<div class=\"page-title-head hgroup\">\n<div class=\"b654a4as d2edcug0\">\n<div class=\"page-title-head hgroup\">\n<div class=\"page-title-head hgroup\">\n<div class=\"page-title-head hgroup\">\n<div class=\"page-title-head hgroup\">\n<div class=\"b654a4as d2edcug0\">\n<div>\n<div>\n<div>\n<div>\n<div class=\"page-title-head hgroup\">\n<div class=\"page-title-head hgroup\">\n<div class=\"page-title-head hgroup\">\n<div class=\"page-title-head hgroup\">\n<div class=\"b654a4as d2edcug0\">\n<div class=\"page-title-head hgroup\">\n<div class=\"page-title-head hgroup\">\n<div class=\"page-title-head hgroup\">\n<div class=\"page-title-head hgroup\">\n<div class=\"b654a4as d2edcug0\">\n<div>\n<div class=\"page-title-head hgroup\">\n<div class=\"page-title-head hgroup\">\n<div class=\"page-title-head hgroup\">\n<div>\n<div class=\"page-title-head hgroup\">\n<div class=\"page-title-head hgroup\">\n<div class=\"page-title-head hgroup\">\n<p>&nbsp;<\/p>\n<p><a href=\"https:\/\/www.radiopiu.net\/wordpress\/giornale-radiopiu-26-settembre-2018-direttore-mirko-mezzacasa\/viabilita-2\/\" rel=\"attachment wp-att-61954\"><img loading=\"lazy\" decoding=\"async\" class=\"wp-image-61954 size-full aligncenter\" src=\"https:\/\/www.radiopiu.net\/wordpress\/wp-content\/uploads\/2018\/09\/viabilita.jpeg\" alt=\"\" width=\"800\" height=\"100\" srcset=\"https:\/\/www.radiopiu.net\/wordpress\/wp-content\/uploads\/2018\/09\/viabilita.jpeg 800w, https:\/\/www.radiopiu.net\/wordpress\/wp-content\/uploads\/2018\/09\/viabilita-300x38.jpeg 300w, https:\/\/www.radiopiu.net\/wordpress\/wp-content\/uploads\/2018\/09\/viabilita-768x96.jpeg 768w\" sizes=\"auto, (max-width: 800px) 100vw, 800px\" \/><\/a><\/p>\n<blockquote><p><a href=\"https:\/\/www.radiopiu.net\/wordpress\/giornale-radiopiu-09-agosto-2018-direttore-mirko-mezzacasa\/viabilia\/\" rel=\"attachment wp-att-57053\"><img loading=\"lazy\" decoding=\"async\" class=\" wp-image-57053 alignleft\" src=\"https:\/\/www.radiopiu.net\/wordpress\/wp-content\/uploads\/2018\/08\/VIABILIA-300x180.jpeg\" alt=\"\" width=\"220\" height=\"132\" srcset=\"https:\/\/www.radiopiu.net\/wordpress\/wp-content\/uploads\/2018\/08\/VIABILIA-300x180.jpeg 300w, https:\/\/www.radiopiu.net\/wordpress\/wp-content\/uploads\/2018\/08\/VIABILIA-768x461.jpeg 768w, https:\/\/www.radiopiu.net\/wordpress\/wp-content\/uploads\/2018\/08\/VIABILIA-1024x614.jpeg 1024w, https:\/\/www.radiopiu.net\/wordpress\/wp-content\/uploads\/2018\/08\/VIABILIA.jpeg 1280w\" sizes=\"auto, (max-width: 220px) 100vw, 220px\" \/><\/a><\/p><\/blockquote>\n<\/div>\n<\/div>\n<\/div>\n<\/div>\n<\/div>\n<\/div>\n<\/div>\n<\/div>\n<div>\n<div>\n<div class=\"page-title-head hgroup\">\n<div class=\"page-title-head hgroup\">\n<div class=\"page-title-head hgroup\">\n<div class=\"page-title-head hgroup\">\n<div class=\"page-title-head hgroup\">\n<div class=\"page-title-head hgroup\">\n<blockquote><p>La viabilit\u00e0 con gli ultimi aggiornamenti<\/p><\/blockquote>\n<\/div>\n<\/div>\n<\/div>\n<\/div>\n<\/div>\n<\/div>\n<\/div>\n<div><\/div>\n<div>\n<audio class=\"wp-audio-shortcode\" id=\"audio-231923-17\" preload=\"none\" style=\"width: 100%;\" controls=\"controls\"><source type=\"audio\/mpeg\" src=\"https:\/\/www.radiopiu.net\/wordpress\/wp-content\/uploads\/2021\/09\/VIABILITA-1.mp3?_=17\" \/><a href=\"https:\/\/www.radiopiu.net\/wordpress\/wp-content\/uploads\/2021\/09\/VIABILITA-1.mp3\">https:\/\/www.radiopiu.net\/wordpress\/wp-content\/uploads\/2021\/09\/VIABILITA-1.mp3<\/a><\/audio>\n<\/div>\n<div>\n<div><\/div>\n<\/div>\n<\/div>\n<\/div>\n<\/div>\n<\/div>\n<\/div>\n<\/div>\n<\/div>\n<\/div>\n<\/div>\n<\/div>\n<\/div>\n<\/div>\n<div>\n<div class=\"page-title-head hgroup\">\n<div class=\"page-title-head hgroup\">\n<div class=\"page-title-head hgroup\">\n<div class=\"page-title-head hgroup\">\n<div class=\"b654a4as d2edcug0\">\n<div>\n<div class=\"page-title-head hgroup\" style=\"text-align: left;\"><\/div>\n<\/div>\n<\/div>\n<\/div>\n<\/div>\n<\/div>\n<\/div>\n<\/div>\n<\/div>\n<\/div>\n<\/div>\n<div>\n<div>\n<div class=\"page-title-head hgroup\">\n<div class=\"page-title-head hgroup\">\n<div class=\"page-title-head hgroup\">\n<div class=\"page-title-head hgroup\">\n<div class=\"b654a4as d2edcug0\">\n<div class=\"page-title-head hgroup\">\n<div class=\"page-title-head hgroup\">\n<div class=\"page-title-head hgroup\">\n<div class=\"page-title-head hgroup\">\n<div class=\"b654a4as d2edcug0\">\n<div>\n<div class=\"page-title-head hgroup\">\n<div class=\"page-title-head hgroup\">\n<div class=\"page-title-head hgroup\">\n<div class=\"page-title-head hgroup\">\n<div class=\"page-title-head hgroup\"><\/div>\n<\/div>\n<\/div>\n<\/div>\n<\/div>\n<\/div>\n<\/div>\n<\/div>\n<\/div>\n<\/div>\n<\/div>\n<\/div>\n<\/div>\n<\/div>\n<\/div>\n<\/div>\n<\/div>\n<\/div>\n<\/div>\n<\/div>\n<\/div>\n<\/div>\n<\/div>\n<\/div>\n<\/div>\n<\/div>\n<\/div>\n<\/div>\n<\/div>\n<\/div>\n<\/div>\n<\/div>\n<\/div>\n<\/div>\n<\/div>\n<\/div>\n<\/div>\n<\/div>\n<\/div>\n<\/div>\n<\/div>\n<\/div>\n<\/div>\n<\/div>\n<\/div>\n<\/div>\n<\/div>\n<\/div>\n<\/div>\n<\/div>\n<\/div>\n<\/div>\n<\/div>\n<\/div>\n<\/div>\n<\/div>\n<\/div>\n<\/div>\n<\/div>\n<\/div>\n<\/div>\n<\/div>\n<\/div>\n<\/div>\n<\/div>\n<div>\n<div class=\"page-title-head hgroup\">\n<div class=\"page-title-head hgroup\">\n<div class=\"page-title-head hgroup\">\n<div class=\"page-title-head hgroup\">\n<div class=\"b654a4as d2edcug0\">\n<div class=\"page-title-head hgroup\">\n<div class=\"page-title-head hgroup\">\n<div class=\"page-title-head hgroup\">\n<div class=\"page-title-head hgroup\">\n<div class=\"b654a4as d2edcug0\">\n<div class=\"page-title-head hgroup\">\n<div class=\"page-title-head hgroup\">\n<div class=\"page-title-head hgroup\">\n<div class=\"page-title-head hgroup\">\n<div class=\"page-title-head hgroup\">\n<div class=\"mkdf-post-text\">\n<div class=\"mkdf-post-text-inner\">\n<div class=\"mkdf-post-text-main\">\n<div class=\"mkdf-post-text\">\n<div class=\"mkdf-post-text-inner\">\n<div class=\"mkdf-post-text-main\">\n<div class=\"mkdf-post-text\">\n<div class=\"mkdf-post-text-inner\">\n<div class=\"mkdf-post-text-main\">\n<div class=\"page-title-head hgroup\">\n<div class=\"page-title-head hgroup\">\n<div class=\"mkdf-post-text\">\n<div class=\"mkdf-post-text-inner\">\n<div class=\"mkdf-post-text-main\">\n<div class=\"mkdf-post-text\">\n<div class=\"mkdf-post-text-inner\">\n<div class=\"mkdf-post-text-main\">\n<div>\n<div class=\"page-title-head hgroup\">\n<div class=\"page-title-head hgroup\">\n<div class=\"page-title-head hgroup\">\n<div class=\"page-title-head hgroup\">\n<div class=\"b654a4as d2edcug0\">\n<div class=\"page-title-head hgroup\">\n<div class=\"page-title-head hgroup\">\n<div class=\"page-title-head hgroup\">\n<div class=\"page-title-head hgroup\">\n<div class=\"b654a4as d2edcug0\">\n<div>\n<div>\n<div>\n<div class=\"page-title-head hgroup\">\n<hr \/>\n<p>&nbsp;<\/p>\n<\/div>\n<\/div>\n<\/div>\n<\/div>\n<\/div>\n<\/div>\n<\/div>\n<\/div>\n<\/div>\n<\/div>\n<\/div>\n<\/div>\n<\/div>\n<\/div>\n<\/div>\n<div>\n<div class=\"page-title-head hgroup\">\n<div class=\"page-title-head hgroup\">\n<div>\n<div class=\"page-title-head hgroup\">\n<div class=\"page-title-head hgroup\">\n<div class=\"b654a4as d2edcug0\">\n<div>\n<div class=\"page-title-head hgroup\" style=\"text-align: left;\">\n<div class=\"page-title-head hgroup\">\n<div dir=\"auto\">\n<p><a class=\"dt-pswp-item pspw-wrap-ready\" href=\"https:\/\/i0.wp.com\/www.radiopiu.net\/wordpress\/wp-content\/uploads\/2018\/09\/WhatsApp-Image-2018-09-20-at-16.04.06.jpeg?ssl=1\" data-dt-img-description=\"\" data-large_image_width=\"800\" data-large_image_height=\"100\"><img loading=\"lazy\" decoding=\"async\" class=\"aligncenter wp-image-61378 size-full jetpack-lazy-image jetpack-lazy-image--handled\" src=\"https:\/\/i0.wp.com\/www.radiopiu.net\/wordpress\/wp-content\/uploads\/2018\/09\/WhatsApp-Image-2018-09-20-at-16.04.06.jpeg?resize=800%2C100&amp;ssl=1\" sizes=\"auto, (max-width: 800px) 100vw, 800px\" srcset=\"https:\/\/i0.wp.com\/www.radiopiu.net\/wordpress\/wp-content\/uploads\/2018\/09\/WhatsApp-Image-2018-09-20-at-16.04.06.jpeg?w=800&amp;ssl=1 800w, https:\/\/i0.wp.com\/www.radiopiu.net\/wordpress\/wp-content\/uploads\/2018\/09\/WhatsApp-Image-2018-09-20-at-16.04.06.jpeg?resize=300%2C38&amp;ssl=1 300w, https:\/\/i0.wp.com\/www.radiopiu.net\/wordpress\/wp-content\/uploads\/2018\/09\/WhatsApp-Image-2018-09-20-at-16.04.06.jpeg?resize=768%2C96&amp;ssl=1 768w\" alt=\"\" width=\"800\" height=\"100\" data-lazy-loaded=\"1\" \/><\/a><\/p>\n<\/div>\n<\/div>\n<\/div>\n<\/div>\n<\/div>\n<\/div>\n<\/div>\n<\/div>\n<\/div>\n<\/div>\n<\/div>\n<\/div>\n<\/div>\n<\/div>\n<\/div>\n<\/div>\n<\/div>\n<\/div>\n<\/div>\n<\/div>\n<\/div>\n<\/div>\n<\/div>\n<\/div>\n<\/div>\n<\/div>\n<\/div>\n<\/div>\n<p>&nbsp;<\/p>\n<p><center><b>Martedi 14<\/b><\/center><b>Tempo atteso: <\/b>Tempo perlopi\u00f9 soleggiato, nonostante la presenza di sottili nubi alte al mattino, ma si tratter\u00e0 di lievi velature del cielo senza togliere l&#8217;impressione di tempo buono e stabile. Al pomeriggio cielo pi\u00f9 sereno, malgrado i cumuli o stratocumuli a ridosso dei rilievi, prima che il cielo torni a velarsi per nuove sottili nubi alte serali. Altra tipica giornata settembrina con forte escursione termica giornaliera nelle valli.<br \/>\n<b>Precipitazioni: <\/b>Assenti (0%).<br \/>\n<b>Temperature: <\/b>Senza variazioni di rilievo o in leggerissimo aumento. Sono previste punte di 26\/28\u00b0C nei fondovalle prealpini e di 20\/24\u00b0C a 1000\/1200 m. Su Prealpi a 1500 m min 12\u00b0C max 18\u00b0C, a 2000 m min 9\u00b0C max 14\u00b0C. Su Dolomiti a 2000 m min 8\u00b0C max 15\u00b0C, a 3000 m min 4\u00b0C max 5\u00b0C.<br \/>\n<b>Venti: <\/b>Deboli per brezze nelle valli, localmente e a tratti moderati nei settori solitamente pi\u00f9 ventilati; in quota deboli o molto deboli occidentali, a 5-10 km\/h a 2000 m, 5-15 km\/h a 3000 m.<\/p>\n<hr \/>\n<p><center><b>Mercoledi 15<\/b><\/center><b>Tempo atteso: <\/b>Tempo assai meno soleggiato dei giorni precedenti, pur rimanendo stabile. Molte ed estese nubi alte e medio-alte saranno in grado di velare o coprire il cielo, assieme alla presenza di stratocumuli a ridosso di alcuni rilievi. Alla sera rasserenamenti a partire da ovest. Il contesto termico risentir\u00e0 del minore soleggiamento con riduzione dell&#8217;escursione termica giornaliera.<br \/>\n<b>Precipitazioni: <\/b>Assenti (0%) al mattino, poi perlopi\u00f9 assenti (10%).<br \/>\n<b>Temperature: <\/b>Minime in aumento; massime stazionarie in alta quota e in leggera flessione nelle valli; sono previste punte di 24\/25\u00b0C nei fondovalle prealpini e di 18\/21\u00b0C a 1000\/1200 m. Su Prealpi a 1500 m min 13\u00b0C max 17\u00b0C, a 2000 m min 10\u00b0C max 13\u00b0C. Su Dolomiti a 2000 m min 9\u00b0C max 14\u00b0C, a 3000 m min 5\u00b0C max 6\u00b0C.<br \/>\n<b>Venti: <\/b>Deboli per brezze nelle valli, localmente e a tratti moderati nei settori solitamente pi\u00f9 ventilati; in quota deboli\/moderati da sud-ovest, anche tesi a fine giornata sulle cime dolomitiche pi\u00f9 alte, a 5-15 km\/h a 2000 m, 10-30 km\/h a 3000 m.<\/p>\n<hr \/>\n<p><center><b>Giovedi 16<\/b><\/center>Tempo tendente a divenire instabile, con qualche schiarita mattutina in un cielo gi\u00e0 in parte nuvoloso. Al pomeriggio ulteriore intensificazione della nuvolosit\u00e0, cui saranno associate precipitazioni sparse, anche a carattere di rovescio. I fenomeni si prolungheranno fino in serata\/nottata. Calo delle temperature massime con riduzione dell&#8217;escursione termica giornaliera a tutte le quote. Venti deboli\/moderati da ovest sud-ovest in quota, deboli di direzione variabile nelle valli.<\/p>\n<hr \/>\n<p><center><b>Venerdi 17<\/b><\/center>Nottetempo cielo coperto con precipitazioni residue. Poi temporaneo miglioramento, eccetto sui settori interessati dalle nubi basse, prima di un nuovo aumento della nuvolosit\u00e0, anche cumuliforme, associata a nuovi fenomeni sparsi. Temperature in generale lieve calo, salvo rialzo delle massime in caso di prolungati momenti soleggiati nelle valli. In quota venti deboli\/moderati da nord al mattino e da ovest nord-ovest al pomeriggio; nelle valli perlopi\u00f9 a regime di brezza. Previsore: R.L.Th.<\/p>\n<p>&nbsp;<\/p>\n<div class=\"mkdf-post-text\">\n<div class=\"mkdf-post-text-inner\">\n<hr \/>\n<p>&nbsp;<\/p>\n<p><img loading=\"lazy\" decoding=\"async\" class=\"wp-image-60761 size-full aligncenter\" src=\"https:\/\/www.radiopiu.net\/wordpress\/wp-content\/uploads\/2018\/09\/sport.jpg\" alt=\"\" width=\"800\" height=\"100\" srcset=\"https:\/\/www.radiopiu.net\/wordpress\/wp-content\/uploads\/2018\/09\/sport.jpg 800w, https:\/\/www.radiopiu.net\/wordpress\/wp-content\/uploads\/2018\/09\/sport-300x38.jpg 300w, https:\/\/www.radiopiu.net\/wordpress\/wp-content\/uploads\/2018\/09\/sport-768x96.jpg 768w\" sizes=\"auto, (max-width: 800px) 100vw, 800px\" \/><\/p>\n<p>&nbsp;<\/p>\n<p>&nbsp;<\/p>\n<p>&nbsp;<\/p>\n<blockquote>\n<h3>L\u2019ALLEGHE SI PRESENTA IN RIVA AL LAGO E SABATO LA PRIMA PARTITA AL DE TONI<\/h3>\n<p><strong>L&#8217;INVITO AUDIO\u00a0<\/strong><\/p>\n<audio class=\"wp-audio-shortcode\" id=\"audio-231923-18\" preload=\"none\" style=\"width: 100%;\" controls=\"controls\"><source type=\"audio\/mpeg\" src=\"https:\/\/www.radiopiu.net\/wordpress\/wp-content\/uploads\/2021\/09\/SPOT-ALLEGHE-CON-MUSICA.mp3?_=18\" \/><a href=\"https:\/\/www.radiopiu.net\/wordpress\/wp-content\/uploads\/2021\/09\/SPOT-ALLEGHE-CON-MUSICA.mp3\">https:\/\/www.radiopiu.net\/wordpress\/wp-content\/uploads\/2021\/09\/SPOT-ALLEGHE-CON-MUSICA.mp3<\/a><\/audio>\n<p>&nbsp;<\/p>\n<p><strong>DI ROBERTO MIANA<\/strong><\/p><\/blockquote>\n<audio class=\"wp-audio-shortcode\" id=\"audio-231923-19\" preload=\"none\" style=\"width: 100%;\" controls=\"controls\"><source type=\"audio\/mpeg\" src=\"https:\/\/www.radiopiu.net\/wordpress\/wp-content\/uploads\/2021\/09\/ROB-ALLEGHE.mp3?_=19\" \/><a href=\"https:\/\/www.radiopiu.net\/wordpress\/wp-content\/uploads\/2021\/09\/ROB-ALLEGHE.mp3\">https:\/\/www.radiopiu.net\/wordpress\/wp-content\/uploads\/2021\/09\/ROB-ALLEGHE.mp3<\/a><\/audio>\n<p>&nbsp;<\/p>\n<p>&nbsp;<\/p>\n<p><a href=\"https:\/\/www.radiopiu.net\/wordpress\/gioia-entusiasmo-e-valori-sportivi-questo-e-alleghe-hockey\/whatsapp-image-2021-09-13-at-00-04-47\/\" rel=\"attachment wp-att-231852\"><img loading=\"lazy\" decoding=\"async\" class=\" wp-image-231852 alignleft\" src=\"https:\/\/www.radiopiu.net\/wordpress\/wp-content\/uploads\/2021\/09\/WhatsApp-Image-2021-09-13-at-00.04.47-300x190.jpeg\" alt=\"\" width=\"278\" height=\"176\" srcset=\"https:\/\/www.radiopiu.net\/wordpress\/wp-content\/uploads\/2021\/09\/WhatsApp-Image-2021-09-13-at-00.04.47-300x190.jpeg 300w, https:\/\/www.radiopiu.net\/wordpress\/wp-content\/uploads\/2021\/09\/WhatsApp-Image-2021-09-13-at-00.04.47.jpeg 512w\" sizes=\"auto, (max-width: 278px) 100vw, 278px\" \/><\/a>Come da tradizione anche quest\u2019anno \u00e8 andata in scena la presentazione della famiglia dell\u2019Alleghe Hockey. Nella suggestiva cornice di Alleghe beach, con l\u2019impeccabile e professionale presentazione affidata a Mirko Mezzacasa di Radio Pi\u00f9, sono sfilati i ragazzi che saranno protagonisti sul rettangolo ghiacciato in questa nuova stagione hockeistica, dai pi\u00f9 piccoli che cominciano a prendere confidenza con i pattini, ai pi\u00f9 grandi della squadra senior partecipate al campionato di IHL. A fare gli onori di casa il presidente Adriano Levis, che ha espresso la propria soddisfazione per il lavoro svolto con i suoi collaboratori per l\u2019organizzazione della nuova stagione. Interessanti gli interventi di coach Alessandro Fontana, del direttore sportivo Manuel Da Tos, del responsabile delle giovanili Matthias Levis e Daniele Veggiato che concordano tutti sul fatto che per quanto riguarda la prima squadra s\u00ec \u00e8 fatto un buon lavoro e il test di sabato alla prima di campionato, contro il forte Unterland, dar\u00e0 gi\u00e0 le prime indicazioni sul livello della nostra squadra. Inoltre sottolineano l\u2019importantissimo lavoro che si sta facendo con i giovani, perch\u00e9 per costruire una casa bisogna partire dalle fondamenta e una societ\u00e0 senza un buon settore giovanile \u00e8 una societ\u00e0 morta. Un visibilmente emozionato Paolo De Biasio, supervisore delle giovanili, ha inoltre sottolineato come sia fondamentale avvicinare i pi\u00f9 giovani allo sport perch\u00e9 li rende persone migliori. Con molto piacere hanno preso la parola, dando lustro all\u2019evento, anche il vicesindaco di Alleghe Giovanni Paolo De Bernardin, la presidente del comitato veneto Nadia Bortot, Egon Shcenk dall&#8217;Alta Badi l&#8217;uomo del Gardena di allora&#8230; e l\u2019allenatore dei portieri del Cortina Jimmy Canei. Al termine della manifestazione \u00e8 stato fatto a tutti i ragazzi un grande in bocca al lupo per la nuova stagione ai nastri di partenza ai piedi del Civetta. Il presidente Levis ci tiene a ringraziare calorosamente tutti i volontari che, con il loro ottimo lavoro, hanno reso possibile lo svolgimento della manifestazione, nonch\u00e9 il comune di Alleghe.<\/p>\n<blockquote>\n<h2>LA DIRETTA FACEBOOK DELLA PREMIAZIONE<\/h2>\n<\/blockquote>\n<p>&nbsp;<\/p>\n<p>https:\/\/www.facebook.com\/radiopiu\/videos\/208851594493771<\/p>\n<p>&nbsp;<\/p>\n<p>&nbsp;<\/p>\n<\/div>\n<\/div>\n<\/div>\n<\/div>\n<\/div>\n<\/div>\n<\/div>\n<\/div>\n<\/div>\n<\/div>\n<\/div>\n<\/div>\n<\/div>\n<\/div>\n<\/div>\n<\/div>\n<\/div>\n<\/div>\n","protected":false},"excerpt":{"rendered":"<p>SOSPIROLO\u00a0Radio Pi\u00f9 appoggia l\u2019iniziativa di\u00a0 Agostino Tegner il pap\u00e0 di Riccardo, poche parole le sue ma piene di significato\u00a0\u201cIo e mia moglie stiamo invecchiando e non riusciamo pi\u00f9\u00a0a trasportare come si deve il nostro ragazzo, che necessita di una macchina attrezzata con un piano ribassato con pedana\u201d. Riccardo \u00e8 un simpatico ragazzino di 15 anni&hellip;<\/p>\n","protected":false},"author":4,"featured_media":232055,"comment_status":"closed","ping_status":"open","sticky":false,"template":"","format":"standard","meta":{"_monsterinsights_skip_tracking":false,"_monsterinsights_sitenote_active":false,"_monsterinsights_sitenote_note":"","_monsterinsights_sitenote_category":0,"footnotes":""},"categories":[1,51,86,49],"tags":[],"class_list":["post-231923","post","type-post","status-publish","format-standard","has-post-thumbnail","hentry","category-senza-categoria","category-evidenza-top","category-gr","category-news-18","category-1","category-51","category-86","category-49","description-off"],"img_url":"https:\/\/www.radiopiu.net\/wordpress\/wp-content\/uploads\/2021\/09\/240656934_10225195247641932_8089815731235387816_n.jpg","_links":{"self":[{"href":"https:\/\/www.radiopiu.net\/wordpress\/wp-json\/wp\/v2\/posts\/231923","targetHints":{"allow":["GET"]}}],"collection":[{"href":"https:\/\/www.radiopiu.net\/wordpress\/wp-json\/wp\/v2\/posts"}],"about":[{"href":"https:\/\/www.radiopiu.net\/wordpress\/wp-json\/wp\/v2\/types\/post"}],"author":[{"embeddable":true,"href":"https:\/\/www.radiopiu.net\/wordpress\/wp-json\/wp\/v2\/users\/4"}],"replies":[{"embeddable":true,"href":"https:\/\/www.radiopiu.net\/wordpress\/wp-json\/wp\/v2\/comments?post=231923"}],"version-history":[{"count":0,"href":"https:\/\/www.radiopiu.net\/wordpress\/wp-json\/wp\/v2\/posts\/231923\/revisions"}],"wp:featuredmedia":[{"embeddable":true,"href":"https:\/\/www.radiopiu.net\/wordpress\/wp-json\/wp\/v2\/media\/232055"}],"wp:attachment":[{"href":"https:\/\/www.radiopiu.net\/wordpress\/wp-json\/wp\/v2\/media?parent=231923"}],"wp:term":[{"taxonomy":"category","embeddable":true,"href":"https:\/\/www.radiopiu.net\/wordpress\/wp-json\/wp\/v2\/categories?post=231923"},{"taxonomy":"post_tag","embeddable":true,"href":"https:\/\/www.radiopiu.net\/wordpress\/wp-json\/wp\/v2\/tags?post=231923"}],"curies":[{"name":"wp","href":"https:\/\/api.w.org\/{rel}","templated":true}]}}