{"id":232053,"date":"2021-09-14T05:11:31","date_gmt":"2021-09-14T03:11:31","guid":{"rendered":"https:\/\/www.radiopiu.net\/wordpress\/?p=232053"},"modified":"2021-09-14T05:11:32","modified_gmt":"2021-09-14T03:11:32","slug":"staffetta-in-bicicletta-lungo-litalia-da-feltre-a-canicatti","status":"publish","type":"post","link":"https:\/\/www.radiopiu.net\/wordpress\/staffetta-in-bicicletta-lungo-litalia-da-feltre-a-canicatti\/","title":{"rendered":"STAFFETTA IN BICICLETTA LUNGO L&#8217;ITALIA, DA FELTRE A CANICATTI"},"content":{"rendered":"<p>&nbsp;<\/p>\n<blockquote>\n<h3><a href=\"https:\/\/www.radiopiu.net\/wordpress\/?attachment_id=232050\" rel=\"attachment wp-att-232050\"><img loading=\"lazy\" decoding=\"async\" class=\"wp-image-232050 alignleft\" src=\"https:\/\/www.radiopiu.net\/wordpress\/wp-content\/uploads\/2021\/09\/2a50c51845dddd4365f4df43a92f9377bac03069dc053f40d155c2e0130a7368-240x300.jpg\" alt=\"\" width=\"143\" height=\"179\" srcset=\"https:\/\/www.radiopiu.net\/wordpress\/wp-content\/uploads\/2021\/09\/2a50c51845dddd4365f4df43a92f9377bac03069dc053f40d155c2e0130a7368-240x300.jpg 240w, https:\/\/www.radiopiu.net\/wordpress\/wp-content\/uploads\/2021\/09\/2a50c51845dddd4365f4df43a92f9377bac03069dc053f40d155c2e0130a7368.jpg 585w\" sizes=\"auto, (max-width: 143px) 100vw, 143px\" \/><\/a>\u00a0 IN RICORDO DEL GIUDICE ROSARIO ANGELO LIVATINO<\/h3>\n<\/blockquote>\n<p><strong>FELTRE<\/strong> Il Mattone, composto con le terre dei 199 Paesi del mondo al Museo dei Sogni, Memoria, Coscienza e Presepi in Comunit\u00e0 &#8220;Villa San Francesco&#8221; del CIF a Facen di Pedavena (BL), \u00e8 stato accompagnato in bicicletta per 1.500 Km da Feltre (BL) a Canicatt\u00ec (AG), dal 22 agosto al 13 di settembre 2021, in ricordo di Rosario Angelo Livatino, figlio e dono di Dio, magistrato, ora Beato, persona credente e credibile.<br \/>\n<em>La Comunit\u00e0 ringrazia sentitamente quanti hanno reso possibile questa straordinaria staffetta.<\/em><\/p>\n<p>Tutta la documentazione fotografica inerente il viaggio del Mattone da Feltre \u00e8 possibile reperirla sul sito del Museo www.arcobaleno86.com.<\/p>\n\n\t\t\t<style type='text\/css'>\n\t\t\t\t#gallery-1 {\n\t\t\t\t\tmargin: auto;\n\t\t\t\t}\n\t\t\t\t#gallery-1 .gallery-item {\n\t\t\t\t\tfloat: left;\n\t\t\t\t\tmargin-top: 10px;\n\t\t\t\t\ttext-align: center;\n\t\t\t\t\twidth: 50%;\n\t\t\t\t}\n\t\t\t\t#gallery-1 img {\n\t\t\t\t\tborder: 2px solid #cfcfcf;\n\t\t\t\t}\n\t\t\t\t#gallery-1 .gallery-caption {\n\t\t\t\t\tmargin-left: 0;\n\t\t\t\t}\n\t\t\t\t\/* see gallery_shortcode() in wp-includes\/media.php *\/\n\t\t\t<\/style>\n\t\t<div id='gallery-1' class='dt-gallery-container gallery galleryid-232053 gallery-columns-2 gallery-size-medium'><dl class='gallery-item'>\n\t\t\t\t<dt class='gallery-icon landscape'>\n\t\t\t\t\t<a class=\"rollover rollover-zoom dt-pswp-item\" title=\"08f8000d62141d042c3221c00ea66793794f91a0ea93e51e6fe6b33577878480\" data-dt-img-description=\"\" data-large_image_width=\"568\" data-large_image_height=\"426\"href='https:\/\/www.radiopiu.net\/wordpress\/wp-content\/uploads\/2021\/09\/08f8000d62141d042c3221c00ea66793794f91a0ea93e51e6fe6b33577878480.png'><img loading=\"lazy\" decoding=\"async\" width=\"300\" height=\"225\" src=\"https:\/\/www.radiopiu.net\/wordpress\/wp-content\/uploads\/2021\/09\/08f8000d62141d042c3221c00ea66793794f91a0ea93e51e6fe6b33577878480-300x225.png\" class=\"attachment-medium size-medium\" alt=\"\" srcset=\"https:\/\/www.radiopiu.net\/wordpress\/wp-content\/uploads\/2021\/09\/08f8000d62141d042c3221c00ea66793794f91a0ea93e51e6fe6b33577878480-300x225.png 300w, https:\/\/www.radiopiu.net\/wordpress\/wp-content\/uploads\/2021\/09\/08f8000d62141d042c3221c00ea66793794f91a0ea93e51e6fe6b33577878480.png 568w\" sizes=\"auto, (max-width: 300px) 100vw, 300px\" \/><\/a>\n\t\t\t\t<\/dt><\/dl><dl class='gallery-item'>\n\t\t\t\t<dt class='gallery-icon landscape'>\n\t\t\t\t\t<a class=\"rollover rollover-zoom dt-pswp-item\" title=\"534820859a992bf149de87563fd6b715f133e495fe5464b048164f174c1f78a5\" data-dt-img-description=\"\" data-large_image_width=\"721\" data-large_image_height=\"477\"href='https:\/\/www.radiopiu.net\/wordpress\/wp-content\/uploads\/2021\/09\/534820859a992bf149de87563fd6b715f133e495fe5464b048164f174c1f78a5.png'><img loading=\"lazy\" decoding=\"async\" width=\"300\" height=\"198\" src=\"https:\/\/www.radiopiu.net\/wordpress\/wp-content\/uploads\/2021\/09\/534820859a992bf149de87563fd6b715f133e495fe5464b048164f174c1f78a5-300x198.png\" class=\"attachment-medium size-medium\" alt=\"\" srcset=\"https:\/\/www.radiopiu.net\/wordpress\/wp-content\/uploads\/2021\/09\/534820859a992bf149de87563fd6b715f133e495fe5464b048164f174c1f78a5-300x198.png 300w, https:\/\/www.radiopiu.net\/wordpress\/wp-content\/uploads\/2021\/09\/534820859a992bf149de87563fd6b715f133e495fe5464b048164f174c1f78a5.png 721w\" sizes=\"auto, (max-width: 300px) 100vw, 300px\" \/><\/a>\n\t\t\t\t<\/dt><\/dl><br style=\"clear: both\" \/>\n\t\t\t<\/div>\n\n<hr \/>\n<blockquote>\n<h3><\/h3>\n<\/blockquote>\n","protected":false},"excerpt":{"rendered":"<p>&nbsp; \u00a0 IN RICORDO DEL GIUDICE ROSARIO ANGELO LIVATINO FELTRE Il Mattone, composto con le terre dei 199 Paesi del mondo al Museo dei Sogni, Memoria, Coscienza e Presepi in Comunit\u00e0 &#8220;Villa San Francesco&#8221; del CIF a Facen di Pedavena (BL), \u00e8 stato accompagnato in bicicletta per 1.500 Km da Feltre (BL) a Canicatt\u00ec (AG),&hellip;<\/p>\n","protected":false},"author":4,"featured_media":232050,"comment_status":"closed","ping_status":"open","sticky":false,"template":"","format":"standard","meta":{"_monsterinsights_skip_tracking":false,"_monsterinsights_sitenote_active":false,"_monsterinsights_sitenote_note":"","_monsterinsights_sitenote_category":0,"footnotes":""},"categories":[51,49],"tags":[],"class_list":["post-232053","post","type-post","status-publish","format-standard","has-post-thumbnail","hentry","category-evidenza-top","category-news-18","category-51","category-49","description-off"],"img_url":"https:\/\/www.radiopiu.net\/wordpress\/wp-content\/uploads\/2021\/09\/2a50c51845dddd4365f4df43a92f9377bac03069dc053f40d155c2e0130a7368.jpg","_links":{"self":[{"href":"https:\/\/www.radiopiu.net\/wordpress\/wp-json\/wp\/v2\/posts\/232053","targetHints":{"allow":["GET"]}}],"collection":[{"href":"https:\/\/www.radiopiu.net\/wordpress\/wp-json\/wp\/v2\/posts"}],"about":[{"href":"https:\/\/www.radiopiu.net\/wordpress\/wp-json\/wp\/v2\/types\/post"}],"author":[{"embeddable":true,"href":"https:\/\/www.radiopiu.net\/wordpress\/wp-json\/wp\/v2\/users\/4"}],"replies":[{"embeddable":true,"href":"https:\/\/www.radiopiu.net\/wordpress\/wp-json\/wp\/v2\/comments?post=232053"}],"version-history":[{"count":0,"href":"https:\/\/www.radiopiu.net\/wordpress\/wp-json\/wp\/v2\/posts\/232053\/revisions"}],"wp:featuredmedia":[{"embeddable":true,"href":"https:\/\/www.radiopiu.net\/wordpress\/wp-json\/wp\/v2\/media\/232050"}],"wp:attachment":[{"href":"https:\/\/www.radiopiu.net\/wordpress\/wp-json\/wp\/v2\/media?parent=232053"}],"wp:term":[{"taxonomy":"category","embeddable":true,"href":"https:\/\/www.radiopiu.net\/wordpress\/wp-json\/wp\/v2\/categories?post=232053"},{"taxonomy":"post_tag","embeddable":true,"href":"https:\/\/www.radiopiu.net\/wordpress\/wp-json\/wp\/v2\/tags?post=232053"}],"curies":[{"name":"wp","href":"https:\/\/api.w.org\/{rel}","templated":true}]}}