{"id":232114,"date":"2021-09-14T23:59:08","date_gmt":"2021-09-14T21:59:08","guid":{"rendered":"https:\/\/www.radiopiu.net\/wordpress\/?p=232114"},"modified":"2021-09-14T15:58:02","modified_gmt":"2021-09-14T13:58:02","slug":"gli-studi-a-feltre-seminario-vescovile-per-negrelli-ideatore-del-canale-di-suez","status":"publish","type":"post","link":"https:\/\/www.radiopiu.net\/wordpress\/gli-studi-a-feltre-seminario-vescovile-per-negrelli-ideatore-del-canale-di-suez\/","title":{"rendered":"GLI STUDI A FELTRE (SEMINARIO VESCOVILE) PER NEGRELLI IDEATORE DEL CANALE DI SUEZ"},"content":{"rendered":"<h3><strong>DI RENATO BONA<\/strong><\/h3>\n<p>Il recente incidente che ha portato al blocco prolungato di alcune centinaia di navi che dovevano attraversare il Canale di Suez, ci offre il destro per ricordare &#8211; grazie alla serie di profili dei \u201cGrandi italiani nel mondo\u201d, realizzata da News Italia Press (nello specifico col servizio di Generoso d\u2019Agnese) &#8211; un particolare che tocca anche la realt\u00e0 feltrina: il progettista della grandiosa opera, il trentino Luigi Negrelli, nato il 23 gennaio 1799 a Fiera di Primiero da padre genovese e madre tedesca, era infatti unito a Feltre da un legame particolare: aveva compiuto gli studi nel Seminario vescovile della \u201cPiccola citt\u00e0 degli uomini grandi\u201d, Feltre, appunto. E non a caso un istituto scolastico porta il suo nome. Vediamo di proporre, in sintesi, la storia di questo ingegnere dalle brillanti intuizioni che &#8211; secondo d\u2019Agnese &#8211; fu letteralmente scippato della primogenitura del progetto del Canale di Suez, ancora oggi universalmente attribuita a Ferdinand de Lesseps nonostante l\u2019inconfutabile testamento tecnico lasciato in punto di morte dall\u2019italiano. La prima parte della sua vita, costellata dal dissesto finanziario familiare in conseguenza delle guerre napoleoniche, lo vide (aiutato economicamente dall\u2019imperatore Francesco I), proseguire gli studi dopo Feltre a Padova e quindi entrare a w20 anni nella direzione dei Lavori pubblici della Regione Trentino ed assumere importanti incarichi come il rilievo della carta idrografica del fiume Inn ed i lavori idraulici dell\u2019Adige in Val Pusteria. Nel 1827 Negrelli entr\u00f2 nel vivo della sua carriera progettuale ottenendo l\u2019affidamento dei lavori di correzione del corso del Reno, attivit\u00e0 che gli consent\u00ec di dimostrare notevoli doti di diplomazia. Da ingegnere capo dell\u2019Unione commerciale di Zurigo progett\u00f2 e realizz\u00f2 i ponti sul Munster e sul fiume Limmat, il ponte Nydeck sul fiume Aar (a Berna), un tunnel per il fiume Seyon a Ginevra. Negli stessi anni studi\u00f2 a fondo la nascente motorizzazione ferroviaria elaborando teorie secondo le quali le locomotive potessero superare dislivelli elevati, contribuendo in modo concreto alla creazione dell&#8217;attuale rete ferroviaria svizzera. Il successo del lavoro svizzero gli regal\u00f2 la nomina a cavaliere dell&#8217;impero e un\u2019altra importante commessa progettuale nel vasto territorio austroungarico (suo il progetto di canale tra il fiume Moldava ed Elba nonch\u00e9 il ponte costruito sulla confluenza dei due fiumi). Intanto \u2013 \u00e8 ancora d\u2019Agnese a ricordarlo &#8211; in Egitto, stavano tornando in auge le numerose proposte di una linea acquatica diretta tra il Mediterraneo e il Mar Rosso, con relative facilitazioni del commercio con l&#8217;estremo Oriente. Il \u201cfeltrino d\u2019adozione\u201d nel 1845 present\u00f2 alle Camere di Commercio di Francia, Austria, Italia, Inghilterra e Germania una lunga memoria sulle iniziative pregresse del canale di Suez e l&#8217;idea di fondare una societ\u00e0 di studi specifica per trovare la soluzione del difficile problema tecnico. Costituita la &#8220;Societ\u00e9 d&#8217;Etudes du Canal de Suez&#8221;, nel 1846, Luigi Negrelli entr\u00f2 nel faraonico progetto attraverso il gruppo italo-tedesco-austriaco (costituitosi il 2 gennaio 1847 e formato anche dalla Camera di Commercio di Venezia, di Trieste, il Comune di Trieste e i Lloyd di Trieste), e in concorrenza con i gruppi inglese capitanato da Stephenson, e francese guidato dall&#8217;ing. Paulin Talabot. Polemiche, rallentamenti, dispute infinite costellarono il travagliato studio del terreno per la progettazione del canale\u2026 Nel 1849 mor\u00ec anche Mohammed Al\u00ec, vicer\u00e9 egiziano propenso al canale. Gli succedette Abbas, uomo molto vicino agli inglesi e alle loro esigenze economiche, che opt\u00f2 per la soluzione ferroviaria. Stephenson riusc\u00ec quindi a vincere la prima battaglia di quella guerra progettuale aggiudicandosi la costruzione della ferrovia Alessandria-Cairo. Poi, usando proprio il progetto dell&#8217;italiano, de Lesseps fece eseguire un progetto definitivo da un gruppo di ingegneri al servizio del Governo egiziano (Linant e Mougel) e lo present\u00f2 al vicer\u00e9 Said Pasci\u00e0. Il governatore egiziano chiese che fosse riunita una Commissione internazionale per scegliere e il 23 giugno dello stesso anno la commissione si riun\u00ec di nuovo, scegliendo\u2026 il progetto proposto da Negrelli (un canale privo di chiuse e il pi\u00f9 possibile in linea con la natura del terreno) gi\u00e0 nel lontano 1847! Negrelli ebbe finalmente la soddisfazione di ottenere l&#8217;incarico della direzione generale di tutti i lavori del Canale. L&#8217;ingegnere italiano nel 1858 organizz\u00f2 il suo nuovo viaggio in Egitto per formare la societ\u00e0 di esecuzione del progetto ma non fece in tempo a partire: la sua salute peggior\u00f2 costringendolo ad abbandonare il viaggio. Rimasto a Vienna, ebbe soltanto la forza di comporre uno scritto, conservato oggi nella capitale austriaca, destinato a divenire il testamento scientifico della sua geniale progettazione a Suez. Nel settembre 1858 Luigi Negrelli, vero autore del progetto definitivo del Canale di Suez stava morendo a Vienna mentre in Egitto Ferdinand de Lesseps raccoglieva tutti gli onori della scienza entrando abusivamente nella Storia. Concludiamo ricordando le onorificenze ottenute da Negrelli: cavaliere di Moldelba, cavaliere di terza classe dell\u2019ordine della Corona di ferro, cavaliere di terza classe dell\u2019ordine dell\u2019aquila rossa di Prussia, cavaliere dell\u2019ordine del merito civile di Sassonia, cavaliere dell\u2019ordine della corona di W\u00fcrttemberg e cavaliere di prima classe dell\u2019ordine costantiniano di San Giorgio di Parma, e con un cenno al Seminario vescovile di Feltre dove Negrelli come detto studi\u00f2. L&#8217;intenzione di istituire a Feltre un Seminario per la formazione del clero, in ottemperanza ai dettami del Concilio tridentino, fu gi\u00e0 del vescovo Filippo Maria Campeggi, ma fu il suo successore Jacopo Rovellio ad aprirlo nel maggio 1593. L&#8217;ordinamento degli studi seguiva il curriculo gesuita. Nell&#8217;Ottocento i mutamenti di ordinamento, in relazione ai diversi governi, furono frequenti. L&#8217;istituzione della scuola media unica nel 1963 e la crisi vocazionale hanno portato alla progressiva diminuzione dei seminaristi: nel 1990 il seminario \u00e8 stato trasformato in convitto per universitari e studenti delle scuole superiori. Il Seminario ebbe diverse sedi: nel 1845 si abbandon\u00f2 l&#8217;intenzione di fabbricare il nuovo edificio presso il vecchio seminario e l&#8217;architetto Segusini ebbe l&#8217;incarico di ristrutturare il convento di Santa Chiara, gi\u00e0 indemaniato e donato dall&#8217;imperatore Ferdinando I al Seminario. Il nuovo Seminario fu poi restaurato e riammodernato nel XX secolo. Nello storico edificio scolastico feltrino frequentato da studenti che miravano all&#8217;ordinazione sacerdotale, il pi\u00f9 famoso allievo della storia \u00e8 stato il bellunese di Canale d\u2019Agordo Albino Luciani, il \u201cPapa bellunese del sorriso\u201d asceso al soglio di Pietro col nome di Giovanni Paolo I il 26 agosto 1978<\/p>\n\n\t\t\t<style type='text\/css'>\n\t\t\t\t#gallery-1 {\n\t\t\t\t\tmargin: auto;\n\t\t\t\t}\n\t\t\t\t#gallery-1 .gallery-item {\n\t\t\t\t\tfloat: left;\n\t\t\t\t\tmargin-top: 10px;\n\t\t\t\t\ttext-align: center;\n\t\t\t\t\twidth: 33%;\n\t\t\t\t}\n\t\t\t\t#gallery-1 img {\n\t\t\t\t\tborder: 2px solid #cfcfcf;\n\t\t\t\t}\n\t\t\t\t#gallery-1 .gallery-caption {\n\t\t\t\t\tmargin-left: 0;\n\t\t\t\t}\n\t\t\t\t\/* see gallery_shortcode() in wp-includes\/media.php *\/\n\t\t\t<\/style>\n\t\t<div id='gallery-1' class='dt-gallery-container gallery galleryid-232114 gallery-columns-3 gallery-size-thumbnail'><dl class='gallery-item'>\n\t\t\t\t<dt class='gallery-icon portrait'>\n\t\t\t\t\t<a class=\"rollover rollover-zoom dt-pswp-item\" title=\"241811217_4511069445616720_3546912246260958394_n\" data-dt-img-description=\"\" data-large_image_width=\"180\" data-large_image_height=\"205\"href='https:\/\/www.radiopiu.net\/wordpress\/wp-content\/uploads\/2021\/09\/241811217_4511069445616720_3546912246260958394_n.png'><img loading=\"lazy\" decoding=\"async\" width=\"150\" height=\"150\" src=\"https:\/\/www.radiopiu.net\/wordpress\/wp-content\/uploads\/2021\/09\/241811217_4511069445616720_3546912246260958394_n-150x150.png\" class=\"attachment-thumbnail size-thumbnail\" alt=\"\" \/><\/a>\n\t\t\t\t<\/dt><\/dl><dl class='gallery-item'>\n\t\t\t\t<dt class='gallery-icon portrait'>\n\t\t\t\t\t<a class=\"rollover rollover-zoom dt-pswp-item\" title=\"241805468_337328814801703_125349291458069484_n\" data-dt-img-description=\"\" data-large_image_width=\"196\" data-large_image_height=\"206\"href='https:\/\/www.radiopiu.net\/wordpress\/wp-content\/uploads\/2021\/09\/241805468_337328814801703_125349291458069484_n.jpg'><img loading=\"lazy\" decoding=\"async\" width=\"150\" height=\"150\" src=\"https:\/\/www.radiopiu.net\/wordpress\/wp-content\/uploads\/2021\/09\/241805468_337328814801703_125349291458069484_n-150x150.jpg\" class=\"attachment-thumbnail size-thumbnail\" alt=\"\" \/><\/a>\n\t\t\t\t<\/dt><\/dl><dl class='gallery-item'>\n\t\t\t\t<dt class='gallery-icon landscape'>\n\t\t\t\t\t<a class=\"rollover rollover-zoom dt-pswp-item\" title=\"241816798_157052056572025_7004841529814727346_n\" data-dt-img-description=\"\" data-large_image_width=\"319\" data-large_image_height=\"206\"href='https:\/\/www.radiopiu.net\/wordpress\/wp-content\/uploads\/2021\/09\/241816798_157052056572025_7004841529814727346_n.png'><img loading=\"lazy\" decoding=\"async\" width=\"150\" height=\"150\" src=\"https:\/\/www.radiopiu.net\/wordpress\/wp-content\/uploads\/2021\/09\/241816798_157052056572025_7004841529814727346_n-150x150.png\" class=\"attachment-thumbnail size-thumbnail\" alt=\"\" \/><\/a>\n\t\t\t\t<\/dt><\/dl><br style=\"clear: both\" \/><dl class='gallery-item'>\n\t\t\t\t<dt class='gallery-icon landscape'>\n\t\t\t\t\t<a class=\"rollover rollover-zoom dt-pswp-item\" title=\"241810515_844846772839201_8395679041245609680_n\" data-dt-img-description=\"\" data-large_image_width=\"267\" data-large_image_height=\"189\"href='https:\/\/www.radiopiu.net\/wordpress\/wp-content\/uploads\/2021\/09\/241810515_844846772839201_8395679041245609680_n.jpg'><img loading=\"lazy\" decoding=\"async\" width=\"150\" height=\"150\" src=\"https:\/\/www.radiopiu.net\/wordpress\/wp-content\/uploads\/2021\/09\/241810515_844846772839201_8395679041245609680_n-150x150.jpg\" class=\"attachment-thumbnail size-thumbnail\" alt=\"\" \/><\/a>\n\t\t\t\t<\/dt><\/dl><dl class='gallery-item'>\n\t\t\t\t<dt class='gallery-icon portrait'>\n\t\t\t\t\t<a class=\"rollover rollover-zoom dt-pswp-item\" title=\"241825316_2369174036547209_3492295821203945768_n\" data-dt-img-description=\"\" data-large_image_width=\"154\" data-large_image_height=\"296\"href='https:\/\/www.radiopiu.net\/wordpress\/wp-content\/uploads\/2021\/09\/241825316_2369174036547209_3492295821203945768_n.jpg'><img loading=\"lazy\" decoding=\"async\" width=\"150\" height=\"150\" src=\"https:\/\/www.radiopiu.net\/wordpress\/wp-content\/uploads\/2021\/09\/241825316_2369174036547209_3492295821203945768_n-150x150.jpg\" class=\"attachment-thumbnail size-thumbnail\" alt=\"\" \/><\/a>\n\t\t\t\t<\/dt><\/dl><dl class='gallery-item'>\n\t\t\t\t<dt class='gallery-icon landscape'>\n\t\t\t\t\t<a class=\"rollover rollover-zoom dt-pswp-item\" title=\"241978594_252601720106949_327117889681165171_n\" data-dt-img-description=\"\" data-large_image_width=\"206\" data-large_image_height=\"201\"href='https:\/\/www.radiopiu.net\/wordpress\/wp-content\/uploads\/2021\/09\/241978594_252601720106949_327117889681165171_n.png'><img loading=\"lazy\" decoding=\"async\" width=\"150\" height=\"150\" src=\"https:\/\/www.radiopiu.net\/wordpress\/wp-content\/uploads\/2021\/09\/241978594_252601720106949_327117889681165171_n-150x150.png\" class=\"attachment-thumbnail size-thumbnail\" alt=\"\" \/><\/a>\n\t\t\t\t<\/dt><\/dl><br style=\"clear: both\" \/>\n\t\t\t<\/div>\n\n<p>&nbsp;<\/p>\n<p>NELLE FOTO (Wikipedia; Caratteri Liberi; Google): ritratto del 1856 dell\u2019ingegnere trentino; altro ritratto; antico disegno del Seminario vescovile di Feltre dove studi\u00f2; panoramica del Canale di Suez; ancora l\u2019importante struttura di collegamento tra Mediterraneo e Mar Rosso; l\u2019epigrafe posta esternamente alla stazione di Trento dopo i lavori ultimati nel 1936 su progetto di Angiolo Mazzoni.<\/p>\n","protected":false},"excerpt":{"rendered":"<p>DI RENATO BONA Il recente incidente che ha portato al blocco prolungato di alcune centinaia di navi che dovevano attraversare il Canale di Suez, ci offre il destro per ricordare &#8211; grazie alla serie di profili dei \u201cGrandi italiani nel mondo\u201d, realizzata da News Italia Press (nello specifico col servizio di Generoso d\u2019Agnese) &#8211; un&hellip;<\/p>\n","protected":false},"author":4,"featured_media":232120,"comment_status":"closed","ping_status":"open","sticky":false,"template":"","format":"standard","meta":{"_monsterinsights_skip_tracking":false,"_monsterinsights_sitenote_active":false,"_monsterinsights_sitenote_note":"","_monsterinsights_sitenote_category":0,"footnotes":""},"categories":[104,49],"tags":[],"class_list":["post-232114","post","type-post","status-publish","format-standard","has-post-thumbnail","hentry","category-evidenza_3","category-news-18","category-104","category-49","description-off"],"img_url":"https:\/\/www.radiopiu.net\/wordpress\/wp-content\/uploads\/2021\/09\/241978594_252601720106949_327117889681165171_n.png","_links":{"self":[{"href":"https:\/\/www.radiopiu.net\/wordpress\/wp-json\/wp\/v2\/posts\/232114","targetHints":{"allow":["GET"]}}],"collection":[{"href":"https:\/\/www.radiopiu.net\/wordpress\/wp-json\/wp\/v2\/posts"}],"about":[{"href":"https:\/\/www.radiopiu.net\/wordpress\/wp-json\/wp\/v2\/types\/post"}],"author":[{"embeddable":true,"href":"https:\/\/www.radiopiu.net\/wordpress\/wp-json\/wp\/v2\/users\/4"}],"replies":[{"embeddable":true,"href":"https:\/\/www.radiopiu.net\/wordpress\/wp-json\/wp\/v2\/comments?post=232114"}],"version-history":[{"count":0,"href":"https:\/\/www.radiopiu.net\/wordpress\/wp-json\/wp\/v2\/posts\/232114\/revisions"}],"wp:featuredmedia":[{"embeddable":true,"href":"https:\/\/www.radiopiu.net\/wordpress\/wp-json\/wp\/v2\/media\/232120"}],"wp:attachment":[{"href":"https:\/\/www.radiopiu.net\/wordpress\/wp-json\/wp\/v2\/media?parent=232114"}],"wp:term":[{"taxonomy":"category","embeddable":true,"href":"https:\/\/www.radiopiu.net\/wordpress\/wp-json\/wp\/v2\/categories?post=232114"},{"taxonomy":"post_tag","embeddable":true,"href":"https:\/\/www.radiopiu.net\/wordpress\/wp-json\/wp\/v2\/tags?post=232114"}],"curies":[{"name":"wp","href":"https:\/\/api.w.org\/{rel}","templated":true}]}}