{"id":232271,"date":"2021-09-15T16:13:39","date_gmt":"2021-09-15T14:13:39","guid":{"rendered":"https:\/\/www.radiopiu.net\/wordpress\/?p=232271"},"modified":"2021-09-15T16:49:26","modified_gmt":"2021-09-15T14:49:26","slug":"italcomp-per-la-fim-cisl-oppio-dei-popoli","status":"publish","type":"post","link":"https:\/\/www.radiopiu.net\/wordpress\/italcomp-per-la-fim-cisl-oppio-dei-popoli\/","title":{"rendered":"ITALCOMP? PER LA FIM-CISL &#8220;OPPIO DEI POPOLI&#8221;"},"content":{"rendered":"<div align=\"left\"><\/div>\n<blockquote>\n<p style=\"text-align: left;\"><em><span style=\"color: #000000; font-family: Helvetica;\">La Fim Cisl Belluno Treviso fa proprio lo sconcerto dei lavoratori per la deriva polemica espressa dai rappresentanti del MISE<\/span><\/em><\/p>\n<\/blockquote>\n<p><strong>BELLUNO<\/strong>\u00a0 <span style=\"color: #000000; font-family: Helvetica;\">\u201cIl progetto Italcomp \u00e8 stato bello finch\u00e9 \u00e8 durato: questa \u00e8 la sintesi finale fatta dalla viceministra dello Sviluppo economico, Alessandra Todde. La viceministra afferma che nel precedente esecutivo esisteva un consenso politico attorno alla creazione di un azionariato di maggioranza pubblica, anche se temporaneo, per la progettazione di un polo industriale Belluno-Chieri, convinzione politica che non appartiene al nuovo esecutivo. Il ministro Giorgetti ha pi\u00f9 volte sottolineato che l\u2019unica strada percorribile \u00e8 e rimane quella di una maggioranza di investitori privatI,ma la ricerca di un privato che andasse a sostituire il ruolo pubblico non ha avuto alcun esito. Da qui l\u2019epilogo rovinoso: i lavoratori di Riva di Chieri non solo non hanno pi\u00f9 un progetto di reindustrializzazione con la prospettiva di finire gli ammortizzatori a dicembre, ma hanno anche perso un anno a discutere e progettare sul nulla.<\/span><\/p>\n<p><em><span style=\"color: #000000; font-family: Helvetica;\">&#8220;Lo stabilimento di Borgo Valbelluna &#8211; spiega la Cisl in una nota &#8211;\u00a0 ridefinisce il proprio obiettivo verso la cessione del perimetro aziendale a quei terzi che possono garantire la continuit\u00e0 produttiva e i livelli occupazionali. <\/span><span style=\"color: #000000; font-family: Helvetica;\">In sostanza si affida all\u2019esito della gara d\u2019asta promossa dal commissario Castro. <\/span><span style=\"color: #000000; font-family: Helvetica;\">Aver confermato la copertura economica per la realizzazione di Italcomp e poi non averla onorata ha messo lo stabilimento di Borgo Valbelluna in una situazione di cassa disastrosa. Se l\u2019obiettivo iniziale fosse stato quello definito al tavolo ministeriale dal coordinatore della Struttura per le crisi d\u2019impresa Luca Annibaletti, ossia strettamente connesso alla cessione a terzi tramite asta, le scelte e gli impegni economici sarebbero sicuramente stati altri ed oggi non vivremmo quella situazione di continua precariet\u00e0.<\/span><\/em><\/p>\n<p><strong>AI MICROFONI DI RADIO PIU,\u00a0 Mauro Zuglian Fim Cisl Belluno Treviso<\/strong><\/p>\n<div align=\"left\">\n<audio class=\"wp-audio-shortcode\" id=\"audio-232271-1\" preload=\"none\" style=\"width: 100%;\" controls=\"controls\"><source type=\"audio\/mpeg\" src=\"https:\/\/www.radiopiu.net\/wordpress\/wp-content\/uploads\/2021\/09\/mise-zuglian.mp3?_=1\" \/><a href=\"https:\/\/www.radiopiu.net\/wordpress\/wp-content\/uploads\/2021\/09\/mise-zuglian.mp3\">https:\/\/www.radiopiu.net\/wordpress\/wp-content\/uploads\/2021\/09\/mise-zuglian.mp3<\/a><\/audio>\n<\/div>\n<div align=\"left\"><\/div>\n<div align=\"left\"><\/div>\n<div align=\"left\">**<\/div>\n<div align=\"left\"><\/div>\n<div align=\"left\"><\/div>\n","protected":false},"excerpt":{"rendered":"<p>La Fim Cisl Belluno Treviso fa proprio lo sconcerto dei lavoratori per la deriva polemica espressa dai rappresentanti del MISE BELLUNO\u00a0 \u201cIl progetto Italcomp \u00e8 stato bello finch\u00e9 \u00e8 durato: questa \u00e8 la sintesi finale fatta dalla viceministra dello Sviluppo economico, Alessandra Todde. La viceministra afferma che nel precedente esecutivo esisteva un consenso politico attorno&hellip;<\/p>\n","protected":false},"author":4,"featured_media":219347,"comment_status":"closed","ping_status":"open","sticky":false,"template":"","format":"standard","meta":{"_monsterinsights_skip_tracking":false,"_monsterinsights_sitenote_active":false,"_monsterinsights_sitenote_note":"","_monsterinsights_sitenote_category":0,"footnotes":""},"categories":[49],"tags":[],"class_list":["post-232271","post","type-post","status-publish","format-standard","has-post-thumbnail","hentry","category-news-18","category-49","description-off"],"img_url":"https:\/\/www.radiopiu.net\/wordpress\/wp-content\/uploads\/2021\/07\/26677e5c-cf7b-478a-91e9-44fd0d3bc8e3.jpg","_links":{"self":[{"href":"https:\/\/www.radiopiu.net\/wordpress\/wp-json\/wp\/v2\/posts\/232271","targetHints":{"allow":["GET"]}}],"collection":[{"href":"https:\/\/www.radiopiu.net\/wordpress\/wp-json\/wp\/v2\/posts"}],"about":[{"href":"https:\/\/www.radiopiu.net\/wordpress\/wp-json\/wp\/v2\/types\/post"}],"author":[{"embeddable":true,"href":"https:\/\/www.radiopiu.net\/wordpress\/wp-json\/wp\/v2\/users\/4"}],"replies":[{"embeddable":true,"href":"https:\/\/www.radiopiu.net\/wordpress\/wp-json\/wp\/v2\/comments?post=232271"}],"version-history":[{"count":0,"href":"https:\/\/www.radiopiu.net\/wordpress\/wp-json\/wp\/v2\/posts\/232271\/revisions"}],"wp:featuredmedia":[{"embeddable":true,"href":"https:\/\/www.radiopiu.net\/wordpress\/wp-json\/wp\/v2\/media\/219347"}],"wp:attachment":[{"href":"https:\/\/www.radiopiu.net\/wordpress\/wp-json\/wp\/v2\/media?parent=232271"}],"wp:term":[{"taxonomy":"category","embeddable":true,"href":"https:\/\/www.radiopiu.net\/wordpress\/wp-json\/wp\/v2\/categories?post=232271"},{"taxonomy":"post_tag","embeddable":true,"href":"https:\/\/www.radiopiu.net\/wordpress\/wp-json\/wp\/v2\/tags?post=232271"}],"curies":[{"name":"wp","href":"https:\/\/api.w.org\/{rel}","templated":true}]}}