{"id":232409,"date":"2021-09-16T15:29:28","date_gmt":"2021-09-16T13:29:28","guid":{"rendered":"https:\/\/www.radiopiu.net\/wordpress\/?p=232409"},"modified":"2021-09-16T15:51:29","modified_gmt":"2021-09-16T13:51:29","slug":"luxottica-la-trasformazione-volontaria-dei-contratti","status":"publish","type":"post","link":"https:\/\/www.radiopiu.net\/wordpress\/luxottica-la-trasformazione-volontaria-dei-contratti\/","title":{"rendered":"LUXOTTICA LA TRASFORMAZIONE VOLONTARIA DEI CONTRATTI"},"content":{"rendered":"<p><strong><img loading=\"lazy\" decoding=\"async\" class=\"alignleft\" src=\"https:\/\/www.radiopiu.net\/wordpress\/wp-content\/uploads\/2020\/03\/NOVITA-LUXOTTICA.jpg\" width=\"261\" height=\"147\" \/><\/strong><\/p>\n<p><strong>AGORDO<\/strong> I delegati sindacali della Uiltec-Uil Luxottica informazno che dopo le consultazione con le segreterie nazionali, l&#8217;azienda sta comunicando ai soli dipendenti Luxottica (non ai somministrati) con contatto PTI 37h la possibilit\u00e0 volontaria di trasformare il proprio contratto di lavoro in un normale full time a 40 ore settimanali dal 1 ottobre in poi. Sar\u00e0 possibile esercitare questa scelta solo durante l&#8217;arco temporale della prossima settimana come indicato nella comunicazione aziendale. I pti37h che non intendono trasformare il proprio contatto a 40 ore manterranno il loro contratto attualmente in essere.<\/p>\n<p>&nbsp;<\/p>\n<p><strong>La Femca Cisl:<\/strong> &#8220;Non abbiamo contrariet\u00e0 perch\u00e9 si tratta di un&#8217;opportunit\u00e0, anzi siamo ben felici che finalmente anche chi ha avuto un contratto imputato possa scegliere. Stiamo inolte costantemente concentrati a risolvere le problematiche che si sono presentate con la pandemia ed insistendo con Luxottica perch\u00e9 apra subito un tavolo per rispondere alle domande e alle proposte sulle esigenze di conciliazione dei lavoratori a cui servono risposte celeri. Diversamente sar\u00e0 difficile affrontare le molte questioni che stanno venendo avanti.<\/p>\n","protected":false},"excerpt":{"rendered":"<p>AGORDO I delegati sindacali della Uiltec-Uil Luxottica informazno che dopo le consultazione con le segreterie nazionali, l&#8217;azienda sta comunicando ai soli dipendenti Luxottica (non ai somministrati) con contatto PTI 37h la possibilit\u00e0 volontaria di trasformare il proprio contratto di lavoro in un normale full time a 40 ore settimanali dal 1 ottobre in poi. Sar\u00e0&hellip;<\/p>\n","protected":false},"author":4,"featured_media":124025,"comment_status":"closed","ping_status":"open","sticky":false,"template":"","format":"standard","meta":{"_monsterinsights_skip_tracking":false,"_monsterinsights_sitenote_active":false,"_monsterinsights_sitenote_note":"","_monsterinsights_sitenote_category":0,"footnotes":""},"categories":[51,49],"tags":[],"class_list":["post-232409","post","type-post","status-publish","format-standard","has-post-thumbnail","hentry","category-evidenza-top","category-news-18","category-51","category-49","description-off"],"img_url":"https:\/\/www.radiopiu.net\/wordpress\/wp-content\/uploads\/2020\/03\/NOVITA-LUXOTTICA.jpg","_links":{"self":[{"href":"https:\/\/www.radiopiu.net\/wordpress\/wp-json\/wp\/v2\/posts\/232409","targetHints":{"allow":["GET"]}}],"collection":[{"href":"https:\/\/www.radiopiu.net\/wordpress\/wp-json\/wp\/v2\/posts"}],"about":[{"href":"https:\/\/www.radiopiu.net\/wordpress\/wp-json\/wp\/v2\/types\/post"}],"author":[{"embeddable":true,"href":"https:\/\/www.radiopiu.net\/wordpress\/wp-json\/wp\/v2\/users\/4"}],"replies":[{"embeddable":true,"href":"https:\/\/www.radiopiu.net\/wordpress\/wp-json\/wp\/v2\/comments?post=232409"}],"version-history":[{"count":0,"href":"https:\/\/www.radiopiu.net\/wordpress\/wp-json\/wp\/v2\/posts\/232409\/revisions"}],"wp:featuredmedia":[{"embeddable":true,"href":"https:\/\/www.radiopiu.net\/wordpress\/wp-json\/wp\/v2\/media\/124025"}],"wp:attachment":[{"href":"https:\/\/www.radiopiu.net\/wordpress\/wp-json\/wp\/v2\/media?parent=232409"}],"wp:term":[{"taxonomy":"category","embeddable":true,"href":"https:\/\/www.radiopiu.net\/wordpress\/wp-json\/wp\/v2\/categories?post=232409"},{"taxonomy":"post_tag","embeddable":true,"href":"https:\/\/www.radiopiu.net\/wordpress\/wp-json\/wp\/v2\/tags?post=232409"}],"curies":[{"name":"wp","href":"https:\/\/api.w.org\/{rel}","templated":true}]}}