{"id":232559,"date":"2021-09-18T05:00:48","date_gmt":"2021-09-18T03:00:48","guid":{"rendered":"https:\/\/www.radiopiu.net\/wordpress\/?p=232559"},"modified":"2021-09-18T05:51:03","modified_gmt":"2021-09-18T03:51:03","slug":"luxottica-un-modulo-per-conoscere-le-difficoltae-gestire-gli-orari","status":"publish","type":"post","link":"https:\/\/www.radiopiu.net\/wordpress\/luxottica-un-modulo-per-conoscere-le-difficoltae-gestire-gli-orari\/","title":{"rendered":"LUXOTTICA: UN MODULO PER CONOSCERE LE DIFFICOLTA&#8217;E GESTIRE GLI ORARI"},"content":{"rendered":"<p><strong><img loading=\"lazy\" decoding=\"async\" class=\"alignleft\" src=\"https:\/\/www.radiopiu.net\/wordpress\/wp-content\/uploads\/2020\/04\/FEMCA-CISL.png\" width=\"147\" height=\"147\" \/>AGORDO<\/strong> Che la pandemia abbia lasciato un segno \u00e8 evidente, anche nei lavoratori che hanno visto stravolta la loro vita, soprattutto familiare. Da queste situazioni la Commissione Pari Opportunit\u00e0 ha chiesto l&#8217;intervento dell&#8217;ufficio personale dello stabilimento di Agordo per la gestione degli orari. La richiesta non \u00e8 recente, tutt&#8217;altro, da parecchio tempo la RSU di Agordo ha chiesto a Luxottica di trovare risposte rispetto alle sempre pi\u00f9 numerose segnalazioni di lavoratori\u00a0 in difficolt\u00e0. La disponibilit\u00e0 dell&#8217;azienda a dare\u00a0 risposte solo alle situazioni pi\u00f9 gravi, non \u00e8 pi\u00f9 ritenuta sufficiente, non dalla Femca-Cisl che in una nota ai colleghi li invita a compilare un modulo per capire quali sono le necessit\u00e0 di coloro che si trovano in difficolt\u00e0, per avere dunque una fotografia con contorni chiari. Il modulo dovr\u00e0 essere consegnato entro fine settembre all&#8217;ufficio personale. Sono interessate le persone con: problemi di invalidit\u00e0 (per s\u00e9 o per altri); difficolt\u00e0 a gestire i figli sotto i 14 anni; motivi di studio. I dati raccolti saranno valutati in commissione secondo priorit\u00e0 o possibilit\u00e0 di conciliazione con le esigenze aziendali.<em> &#8220;Siamo consci del fatto che non riusciremo a dare una risposta positiva a tutti &#8211; dicono i delegati della Femca Cisl &#8211;\u00a0 ma lo riteniamo, un primo importante passo sul tema conciliazione vita\/lavoro&#8221;.<\/em><\/p>\n<p>&nbsp;<\/p>\n","protected":false},"excerpt":{"rendered":"<p>AGORDO Che la pandemia abbia lasciato un segno \u00e8 evidente, anche nei lavoratori che hanno visto stravolta la loro vita, soprattutto familiare. Da queste situazioni la Commissione Pari Opportunit\u00e0 ha chiesto l&#8217;intervento dell&#8217;ufficio personale dello stabilimento di Agordo per la gestione degli orari. La richiesta non \u00e8 recente, tutt&#8217;altro, da parecchio tempo la RSU di&hellip;<\/p>\n","protected":false},"author":4,"featured_media":127312,"comment_status":"closed","ping_status":"open","sticky":false,"template":"","format":"standard","meta":{"_monsterinsights_skip_tracking":false,"_monsterinsights_sitenote_active":false,"_monsterinsights_sitenote_note":"","_monsterinsights_sitenote_category":0,"footnotes":""},"categories":[51,49],"tags":[],"class_list":["post-232559","post","type-post","status-publish","format-standard","has-post-thumbnail","hentry","category-evidenza-top","category-news-18","category-51","category-49","description-off"],"img_url":"https:\/\/www.radiopiu.net\/wordpress\/wp-content\/uploads\/2020\/04\/FEMCA-CISL.png","_links":{"self":[{"href":"https:\/\/www.radiopiu.net\/wordpress\/wp-json\/wp\/v2\/posts\/232559","targetHints":{"allow":["GET"]}}],"collection":[{"href":"https:\/\/www.radiopiu.net\/wordpress\/wp-json\/wp\/v2\/posts"}],"about":[{"href":"https:\/\/www.radiopiu.net\/wordpress\/wp-json\/wp\/v2\/types\/post"}],"author":[{"embeddable":true,"href":"https:\/\/www.radiopiu.net\/wordpress\/wp-json\/wp\/v2\/users\/4"}],"replies":[{"embeddable":true,"href":"https:\/\/www.radiopiu.net\/wordpress\/wp-json\/wp\/v2\/comments?post=232559"}],"version-history":[{"count":0,"href":"https:\/\/www.radiopiu.net\/wordpress\/wp-json\/wp\/v2\/posts\/232559\/revisions"}],"wp:featuredmedia":[{"embeddable":true,"href":"https:\/\/www.radiopiu.net\/wordpress\/wp-json\/wp\/v2\/media\/127312"}],"wp:attachment":[{"href":"https:\/\/www.radiopiu.net\/wordpress\/wp-json\/wp\/v2\/media?parent=232559"}],"wp:term":[{"taxonomy":"category","embeddable":true,"href":"https:\/\/www.radiopiu.net\/wordpress\/wp-json\/wp\/v2\/categories?post=232559"},{"taxonomy":"post_tag","embeddable":true,"href":"https:\/\/www.radiopiu.net\/wordpress\/wp-json\/wp\/v2\/tags?post=232559"}],"curies":[{"name":"wp","href":"https:\/\/api.w.org\/{rel}","templated":true}]}}