{"id":232698,"date":"2021-09-18T13:52:38","date_gmt":"2021-09-18T11:52:38","guid":{"rendered":"https:\/\/www.radiopiu.net\/wordpress\/?p=232698"},"modified":"2021-09-18T16:09:18","modified_gmt":"2021-09-18T14:09:18","slug":"veneto-a-rischio-usura-oltre-12-mila-imprese","status":"publish","type":"post","link":"https:\/\/www.radiopiu.net\/wordpress\/veneto-a-rischio-usura-oltre-12-mila-imprese\/","title":{"rendered":"VENETO: A RISCHIO USURA OLTRE 12 MILA IMPRESE"},"content":{"rendered":"<p><a class=\"dt-pswp-item\" href=\"https:\/\/www.radiopiu.net\/wordpress\/wp-content\/uploads\/2021\/09\/Schermata-2021-09-18-alle-13.50.40.png\" data-dt-img-description=\"\" data-large_image_width=\"852\" data-large_image_height=\"706\"><img loading=\"lazy\" decoding=\"async\" class=\"alignleft wp-image-232699 size-medium\" src=\"https:\/\/www.radiopiu.net\/wordpress\/wp-content\/uploads\/2021\/09\/Schermata-2021-09-18-alle-13.50.40-300x249.png\" alt=\"\" width=\"300\" height=\"249\" srcset=\"https:\/\/www.radiopiu.net\/wordpress\/wp-content\/uploads\/2021\/09\/Schermata-2021-09-18-alle-13.50.40-300x249.png 300w, https:\/\/www.radiopiu.net\/wordpress\/wp-content\/uploads\/2021\/09\/Schermata-2021-09-18-alle-13.50.40-768x636.png 768w, https:\/\/www.radiopiu.net\/wordpress\/wp-content\/uploads\/2021\/09\/Schermata-2021-09-18-alle-13.50.40.png 852w\" sizes=\"auto, (max-width: 300px) 100vw, 300px\" \/><\/a>Sono poco pi\u00f9 di 12.000 le imprese del Veneto che si trovano in sofferenza; precisamente 12.234. Parliamo di societ\u00e0 non finanziarie e famiglie produttrici che sono state segnalate come insolventi dagli intermediari finanziari alla Centrale dei Rischi della Banca d\u2019Italia. Una \u201cbollinatura\u201d che, per legge, non consente a queste aziende di accedere ad alcun prestito erogato dal canale finanziario legale. Pertanto, non potendo beneficiare di liquidit\u00e0, rischiano, molto pi\u00f9 delle altre, di chiudere o, peggio ancora, di scivolare tra le braccia degli usurai. Per evitare che la platea di queste aziende in difficolt\u00e0 aumenti, la CGIA spera che il Governo Draghi potenzi le risorse a disposizione del \u201cFondo di prevenzione dell\u2019usura\u201d e aiuti le banche a tornare a fare il proprio mestiere: ovvero a sostenere, in particolar modo, le piccole imprese. Grazie all\u2019attivazione di queste due misure, lo stock complessivo delle aziende in sofferenza non dovrebbe crescere.<\/p>\n<p>Al 31 marzo scorso, nella nostra regione Padova \u00e8 al primo posto con 2.500 aziende in sofferenza: subito dopo scorgiamo Vicenza con 2.465, Treviso con 2.197 e Verona con 2.144. Le province meno interessate da questo fenomeno, invece, sono quelle che, in linea di massima, sono le meno popolate: come Rovigo (con 746 aziende segnalate alla Centrale Rischi) e Belluno (360) (vedi Tab. 1).<\/p>\n<p><strong>Potenziare il \u201cFondo di prevenzione dell\u2019usura\u201d<\/strong><br \/>\nIl \u201cFondo di prevenzione dell\u2019usura\u201d \u00e8 stato introdotto con la legge n\u00b0 108\/1996 e ha cominciato ad operare nel 1998. Questo fondo \u00e8 stato introdotto per l\u2019erogazione di contributi a Consorzi o Cooperative di garanzia collettiva fidi oppure a Fondazioni e Associazioni riconosciute per la prevenzione del fenomeno dell\u2019usura. Tutti i predetti enti possono contribuire alla prevenzione del fenomeno dell\u2019usura garantendo le banche per finanziamenti a medio termine o linee di credito a breve termine a favore di piccole e medie imprese che gi\u00e0 si sono viste rifiutare da una banca una domanda di intervento. Questa misura consente agli operatori deboli finanziariamente di accedere a canali di finanziamento legali e dall\u2019altro aiuta le vittime dell\u2019usura che, non svolgendo un\u2019attivit\u00e0 di impresa, non hanno diritto ad alcun prestito da parte del \u201cFondo di solidariet\u00e0\u201d. Il \u201cFondo di prevenzione\u201d prevede due tipi di contribuzione. La prima \u00e8 destinata ai Confidi a garanzia dei finanziamenti concessi dalle banche alle attivit\u00e0 economiche. La seconda \u00e8 riconosciuta alle fondazioni o alle associazioni contro l\u2019usura che sono riconosciute dal MEF. Queste associazioni consentono alle persone in grave difficolt\u00e0 economica (lavoratori dipendenti e pensionati) di accedere al credito in sicurezza. In questi 22 anni di vita, l\u2019importo medio di prestiti erogati da questo fondo \u00e8 stato di circa 50.000 euro per le Pmi e 20.000 euro per cittadini e famiglie. Lo stesso si alimenta in prevalenza con le sanzioni amministrative di antiriciclaggio e valutarie. Cifre importanti che, per\u00f2, secondo la CGIA andrebbero implementate: il Covid, purtroppo, ha spinto molte aziende sull\u2019orlo del fallimento. Attivit\u00e0 che se non aiutate rischiano di scivolare nell\u2019insolvenza o, nella peggiore delle ipotesi, nella rete tesa da coloro che vogliono impossessarsene con l\u2019inganno, alimentando cos\u00ec l\u2019economia criminale.<\/p>\n<p><strong><a class=\"dt-pswp-item\" href=\"https:\/\/www.radiopiu.net\/wordpress\/wp-content\/uploads\/2021\/09\/Schermata-2021-09-18-alle-13.50.54.png\" data-dt-img-description=\"\" data-large_image_width=\"1302\" data-large_image_height=\"796\"><img loading=\"lazy\" decoding=\"async\" class=\"alignleft wp-image-232700 size-medium\" src=\"https:\/\/www.radiopiu.net\/wordpress\/wp-content\/uploads\/2021\/09\/Schermata-2021-09-18-alle-13.50.54-300x183.png\" alt=\"\" width=\"300\" height=\"183\" srcset=\"https:\/\/www.radiopiu.net\/wordpress\/wp-content\/uploads\/2021\/09\/Schermata-2021-09-18-alle-13.50.54-300x183.png 300w, https:\/\/www.radiopiu.net\/wordpress\/wp-content\/uploads\/2021\/09\/Schermata-2021-09-18-alle-13.50.54-1024x626.png 1024w, https:\/\/www.radiopiu.net\/wordpress\/wp-content\/uploads\/2021\/09\/Schermata-2021-09-18-alle-13.50.54-768x470.png 768w, https:\/\/www.radiopiu.net\/wordpress\/wp-content\/uploads\/2021\/09\/Schermata-2021-09-18-alle-13.50.54.png 1302w\" sizes=\"auto, (max-width: 300px) 100vw, 300px\" \/><\/a>Settembre mese a \u201crischio\u201d causa scadenze fiscali<\/strong><br \/>\nDa sempre le scadenze fiscali fungono da \u201dinnesco\u201d, spingendo molte piccole aziende in difficolt\u00e0 economica a \u201ccontattare\u201d usurai od organizzazioni criminali per acquisire la liquidit\u00e0 necessaria per onorare questi impegni. Quest\u2019anno, poi, il mese di settembre \u00e8 in assoluto il pi\u00f9 ricco di scadenze fiscali, anche perch\u00e9 riprende l&#8217;attivit\u00e0 di riscossione e notifica di nuove cartelle esattoriali da parte dell\u2019Agenzia delle Entrate. Ricordiamo, inoltre, che entro il 15 e il 16 settembre scorsi le imprese (soggette agli ISA, ovvero agli ex studi di settore) dovevano pagare l\u2019Irpef, l\u2019Ires, l\u2019Irap e l\u2019 Iva. Luned\u00ec prossimo, invece, sar\u00e0 l&#8217;ultimo giorno utile per il ravvedimento breve e il 30 settembre \u00e8 prevista la scadenza per il versamento delle rate della rottamazione-ter e del saldo e stralcio scadute il 31 luglio 2020. Un vero e proprio tour de force che potrebbe mettere in seria difficolt\u00e0 la tenuta finanziaria di tantissime attivit\u00e0 che, tradizionalmente, sono a corto di liquidit\u00e0: soprattutto in questa fase economica cos\u00ec delicata.<\/p>\n<p><strong>L\u2019aumento dei prestiti alle imprese si \u00e8 esaurito <\/strong><br \/>\nDopo il crollo degli impieghi bancari alle imprese del Veneto avvenuto tra il giugno 2011 e lo stesso mese del 2020 (-30,4 miliardi pari a una contrazione del 30 per cento) (vedi Tab. 2), risulta altrettanto interessante verificare l\u2019andamento registrato nei mesi successivi all\u2019avvento del Covid. Tra giugno 2020 e lo stesso mese di quest\u2019anno l\u2019incremento \u00e8 stato del +3,7 per cento. Alle imprese venete gli impieghi vivi, ovvero al netto delle sofferenze, sono aumentati di 2,6 miliardi di euro. Purtroppo, da alcuni mesi a questa parte, pare di capire che sia in atto una frenata nell\u2019erogazione del credito anche nel nostro territorio. Questo ci fa ipotizzare che, probabilmente, l\u2019effetto innescato dalle misure introdotte dal Conte bis si stiano esaurendo.<\/p>\n","protected":false},"excerpt":{"rendered":"<p>Sono poco pi\u00f9 di 12.000 le imprese del Veneto che si trovano in sofferenza; precisamente 12.234. Parliamo di societ\u00e0 non finanziarie e famiglie produttrici che sono state segnalate come insolventi dagli intermediari finanziari alla Centrale dei Rischi della Banca d\u2019Italia. Una \u201cbollinatura\u201d che, per legge, non consente a queste aziende di accedere ad alcun prestito&hellip;<\/p>\n","protected":false},"author":2,"featured_media":84553,"comment_status":"closed","ping_status":"open","sticky":false,"template":"","format":"standard","meta":{"_monsterinsights_skip_tracking":false,"_monsterinsights_sitenote_active":false,"_monsterinsights_sitenote_note":"","_monsterinsights_sitenote_category":0,"footnotes":""},"categories":[104,49],"tags":[],"class_list":["post-232698","post","type-post","status-publish","format-standard","has-post-thumbnail","hentry","category-evidenza_3","category-news-18","category-104","category-49","description-off"],"img_url":"https:\/\/www.radiopiu.net\/wordpress\/wp-content\/uploads\/2019\/05\/euro-163475_1280.jpg","_links":{"self":[{"href":"https:\/\/www.radiopiu.net\/wordpress\/wp-json\/wp\/v2\/posts\/232698","targetHints":{"allow":["GET"]}}],"collection":[{"href":"https:\/\/www.radiopiu.net\/wordpress\/wp-json\/wp\/v2\/posts"}],"about":[{"href":"https:\/\/www.radiopiu.net\/wordpress\/wp-json\/wp\/v2\/types\/post"}],"author":[{"embeddable":true,"href":"https:\/\/www.radiopiu.net\/wordpress\/wp-json\/wp\/v2\/users\/2"}],"replies":[{"embeddable":true,"href":"https:\/\/www.radiopiu.net\/wordpress\/wp-json\/wp\/v2\/comments?post=232698"}],"version-history":[{"count":0,"href":"https:\/\/www.radiopiu.net\/wordpress\/wp-json\/wp\/v2\/posts\/232698\/revisions"}],"wp:featuredmedia":[{"embeddable":true,"href":"https:\/\/www.radiopiu.net\/wordpress\/wp-json\/wp\/v2\/media\/84553"}],"wp:attachment":[{"href":"https:\/\/www.radiopiu.net\/wordpress\/wp-json\/wp\/v2\/media?parent=232698"}],"wp:term":[{"taxonomy":"category","embeddable":true,"href":"https:\/\/www.radiopiu.net\/wordpress\/wp-json\/wp\/v2\/categories?post=232698"},{"taxonomy":"post_tag","embeddable":true,"href":"https:\/\/www.radiopiu.net\/wordpress\/wp-json\/wp\/v2\/tags?post=232698"}],"curies":[{"name":"wp","href":"https:\/\/api.w.org\/{rel}","templated":true}]}}