{"id":232705,"date":"2021-09-19T08:41:38","date_gmt":"2021-09-19T06:41:38","guid":{"rendered":"https:\/\/www.radiopiu.net\/wordpress\/?p=232705"},"modified":"2021-09-19T08:49:40","modified_gmt":"2021-09-19T06:49:40","slug":"fontana-alla-prova-nell-universita-del-motorsport","status":"publish","type":"post","link":"https:\/\/www.radiopiu.net\/wordpress\/fontana-alla-prova-nell-universita-del-motorsport\/","title":{"rendered":"FONTANA ALLA PROVA NELL&#8217; UNIVERSITA&#8217; DEL MOTORSPORT"},"content":{"rendered":"<table class=\"templateContainer\" border=\"0\" width=\"100%\" cellspacing=\"0\" cellpadding=\"0\">\n<tbody class=\"\">\n<tr class=\"\">\n<td id=\"templatePreheader\" class=\"\" valign=\"top\">\n<table class=\"mcnTextBlock\" border=\"0\" width=\"100%\" cellspacing=\"0\" cellpadding=\"0\">\n<tbody class=\"mcnTextBlockOuter\">\n<tr class=\"\">\n<td class=\"mcnTextBlockInner\" valign=\"top\"><\/td>\n<\/tr>\n<\/tbody>\n<\/table>\n<\/td>\n<\/tr>\n<tr class=\"\">\n<td id=\"templateHeader\" class=\"\" valign=\"top\">\n<table class=\"mcnImageBlock\" border=\"0\" width=\"100%\" cellspacing=\"0\" cellpadding=\"0\">\n<tbody class=\"mcnImageBlockOuter\">\n<tr class=\"\">\n<td class=\"mcnImageBlockInner\" valign=\"top\">\n<table class=\"mcnImageContentContainer\" border=\"0\" width=\"100%\" cellspacing=\"0\" cellpadding=\"0\" align=\"left\">\n<tbody class=\"\">\n<tr class=\"\">\n<td class=\"mcnImageContent\" valign=\"top\"><img decoding=\"async\" class=\"mcnImage\" src=\"https:\/\/mcusercontent.com\/0d3a50951ab94033b52804bdf\/images\/f9f2d67f-230b-80da-4f91-ced9997cefa3.jpg\" alt=\"\" width=\"600\" align=\"middle\" \/><\/td>\n<\/tr>\n<\/tbody>\n<\/table>\n<\/td>\n<\/tr>\n<\/tbody>\n<\/table>\n<table class=\"mcnImageBlock\" border=\"0\" width=\"100%\" cellspacing=\"0\" cellpadding=\"0\">\n<tbody class=\"mcnImageBlockOuter\">\n<tr class=\"\">\n<td class=\"mcnImageBlockInner\" valign=\"top\">\n<table class=\"mcnImageContentContainer\" border=\"0\" width=\"100%\" cellspacing=\"0\" cellpadding=\"0\" align=\"left\">\n<tbody class=\"\">\n<tr class=\"\">\n<td class=\"mcnImageContent\" valign=\"top\"><a class=\"\" title=\"\" href=\"https:\/\/www.andreafontana09.it\/\" target=\"_blank\" rel=\"noopener\"><img decoding=\"async\" class=\"mcnImage\" src=\"https:\/\/mcusercontent.com\/0d3a50951ab94033b52804bdf\/images\/2b444bc8-b48a-4fd0-8e6a-8b342a18de49.jpg\" alt=\"\" width=\"599.9999389648438\" align=\"middle\" \/><\/a><\/td>\n<\/tr>\n<\/tbody>\n<\/table>\n<\/td>\n<\/tr>\n<\/tbody>\n<\/table>\n<table class=\"mcnCodeBlock\" border=\"0\" width=\"100%\" cellspacing=\"0\" cellpadding=\"0\">\n<tbody class=\"mcnTextBlockOuter\">\n<tr class=\"\">\n<td class=\"mcnTextBlockInner\" valign=\"top\"><\/td>\n<td class=\"mcnTextContent\" valign=\"top\">\n<div class=\"\"><b class=\"\">SPA-FRANCORCHAMPS (BELGIO).<\/b> <br class=\"\" \/>Il pilota bellunese \u00e8 pronto a scendere in pista per la <b class=\"\">gara pi\u00f9 importante della stagione<\/b> nel prestigioso <b class=\"\">circuito di Spa-Francorchamps.<\/b> Fontana, insieme ai suoi compagni in forza al team JMW Motorsport, prender\u00e0 parte alla <b class=\"\">gara di 4 ore<\/b> sul circuito delle Ardenne che partir\u00e0 <b class=\"\">oggi alle ore 11.00.<\/b><br class=\"\" \/><br class=\"\" \/>Oggi le <b class=\"\">prove di qualifica<\/b> svolte dal compagno di squadra inglese Fannin hanno relegato la Ferrari 488 GTE numero #66 al <b class=\"\">7\u00b0 posto di categoria<\/b> per lo start, che vedr\u00e0 scattare domani al via il gentleman americano Sales. Fontana salir\u00e0 quindi solo a gara avviata al volante della sua Ferrari, dove in base alla strategia, il team decider\u00e0 se farlo salire per secondo nello stint centrale di guida oppure nell&#8217;ultimo a conclusione della corsa. <br class=\"\" \/><br class=\"\" \/>I portacolori del team inglese hanno dimostrato un ottimo passo gara e l&#8217;obiettivo \u00e8 quello di recuperare posizioni al via per <b class=\"\">lottare al podio finale.<\/b> L&#8217;impresa non sar\u00e0 facile dato l&#8217;alto livello di competizione del campionato European Le Mans Series che vede in pista i migliori <b class=\"\">piloti al mondo.<\/b> <br class=\"\" \/><br class=\"\" \/>Come sempre la gara potr\u00e0 essere seguita in <b class=\"\">diretta streaming sul sito del campionato o sul canale Youtube<\/b> ufficiale dell&#8217;European Le Mans Series a partire <b class=\"\">dalle h10.50.<\/b><\/div>\n<\/td>\n<\/tr>\n<\/tbody>\n<\/table>\n<table class=\"mcnImageBlock\" border=\"0\" width=\"100%\" cellspacing=\"0\" cellpadding=\"0\">\n<tbody class=\"mcnImageBlockOuter\">\n<tr class=\"\">\n<td class=\"mcnImageBlockInner\" valign=\"top\">\n<table class=\"mcnImageContentContainer\" border=\"0\" width=\"100%\" cellspacing=\"0\" cellpadding=\"0\" align=\"left\">\n<tbody class=\"\">\n<tr class=\"\">\n<td class=\"mcnImageContent\" valign=\"top\"><img decoding=\"async\" class=\"mcnImage\" src=\"https:\/\/mcusercontent.com\/0d3a50951ab94033b52804bdf\/images\/16cb24a3-d741-419d-b3ca-7d0fd412bdba.jpg\" alt=\"\" width=\"599.9999389648438\" align=\"middle\" \/><\/td>\n<\/tr>\n<\/tbody>\n<\/table>\n<\/td>\n<\/tr>\n<\/tbody>\n<\/table>\n<table class=\"mcnTextBlock\" border=\"0\" width=\"100%\" cellspacing=\"0\" cellpadding=\"0\">\n<tbody class=\"mcnTextBlockOuter\">\n<tr class=\"\">\n<td class=\"mcnTextBlockInner\" valign=\"top\">\n<table class=\"mcnTextContentContainer\" border=\"0\" width=\"100%\" cellspacing=\"0\" cellpadding=\"0\" align=\"left\">\n<tbody class=\"\">\n<tr class=\"\">\n<td class=\"mcnTextContent\" valign=\"top\">\n<div class=\"\"><em class=\"\"><span class=\"\">\u201cNon vedo l&#8217;ora di scendere in\u00a0 pista in uno dei miei circuiti preferiti, come sempre <strong class=\"\">Spa-Francorchamps regala delle emozioni indescrivibili<\/strong> a noi piloti, e farlo con una vettura\u00a0 cos\u00ec performante come la Ferrari\u00a0 488 GTE \u00e8 unico!\u00a0<br class=\"\" \/><br class=\"\" \/><strong class=\"\">Siamo molto carichi per la gara<\/strong>, pensiamo di aver fatto un buon lavoro nello sviluppo del setup della vettura che ci permetta di poter <strong class=\"\">recuperare in gara e\u00a0 di lottare per le posizioni che\u00a0 contano<\/strong>, ma qui a Spa un\u00a0 ruolo importante l&#8217;avr\u00e0 anche la <strong class=\"\">strategia ed il meteo che \u00e8 sempre imprevedibile, <\/strong>faremo del nostro meglio per raggiungere l&#8217;obiettivo che ci siamo prefissati, <strong class=\"\">andare a podio!\u201d<\/strong><\/span><\/em><\/div>\n<\/td>\n<\/tr>\n<\/tbody>\n<\/table>\n<\/td>\n<\/tr>\n<\/tbody>\n<\/table>\n<\/td>\n<\/tr>\n<\/tbody>\n<\/table>\n","protected":false},"excerpt":{"rendered":"<p>SPA-FRANCORCHAMPS (BELGIO). Il pilota bellunese \u00e8 pronto a scendere in pista per la gara pi\u00f9 importante della stagione nel prestigioso circuito di Spa-Francorchamps. Fontana, insieme ai suoi compagni in forza al team JMW Motorsport, prender\u00e0 parte alla gara di 4 ore sul circuito delle Ardenne che partir\u00e0 oggi alle ore 11.00.Oggi le prove di qualifica&hellip;<\/p>\n","protected":false},"author":4,"featured_media":232706,"comment_status":"closed","ping_status":"open","sticky":false,"template":"","format":"standard","meta":{"_monsterinsights_skip_tracking":false,"_monsterinsights_sitenote_active":false,"_monsterinsights_sitenote_note":"","_monsterinsights_sitenote_category":0,"footnotes":""},"categories":[51,49],"tags":[],"class_list":["post-232705","post","type-post","status-publish","format-standard","has-post-thumbnail","hentry","category-evidenza-top","category-news-18","category-51","category-49","description-off"],"img_url":"https:\/\/www.radiopiu.net\/wordpress\/wp-content\/uploads\/2021\/09\/f9f2d67f-230b-80da-4f91-ced9997cefa3.jpg","_links":{"self":[{"href":"https:\/\/www.radiopiu.net\/wordpress\/wp-json\/wp\/v2\/posts\/232705","targetHints":{"allow":["GET"]}}],"collection":[{"href":"https:\/\/www.radiopiu.net\/wordpress\/wp-json\/wp\/v2\/posts"}],"about":[{"href":"https:\/\/www.radiopiu.net\/wordpress\/wp-json\/wp\/v2\/types\/post"}],"author":[{"embeddable":true,"href":"https:\/\/www.radiopiu.net\/wordpress\/wp-json\/wp\/v2\/users\/4"}],"replies":[{"embeddable":true,"href":"https:\/\/www.radiopiu.net\/wordpress\/wp-json\/wp\/v2\/comments?post=232705"}],"version-history":[{"count":0,"href":"https:\/\/www.radiopiu.net\/wordpress\/wp-json\/wp\/v2\/posts\/232705\/revisions"}],"wp:featuredmedia":[{"embeddable":true,"href":"https:\/\/www.radiopiu.net\/wordpress\/wp-json\/wp\/v2\/media\/232706"}],"wp:attachment":[{"href":"https:\/\/www.radiopiu.net\/wordpress\/wp-json\/wp\/v2\/media?parent=232705"}],"wp:term":[{"taxonomy":"category","embeddable":true,"href":"https:\/\/www.radiopiu.net\/wordpress\/wp-json\/wp\/v2\/categories?post=232705"},{"taxonomy":"post_tag","embeddable":true,"href":"https:\/\/www.radiopiu.net\/wordpress\/wp-json\/wp\/v2\/tags?post=232705"}],"curies":[{"name":"wp","href":"https:\/\/api.w.org\/{rel}","templated":true}]}}