{"id":232824,"date":"2021-09-20T06:34:11","date_gmt":"2021-09-20T04:34:11","guid":{"rendered":"https:\/\/www.radiopiu.net\/wordpress\/?p=232824"},"modified":"2021-09-20T07:34:05","modified_gmt":"2021-09-20T05:34:05","slug":"203-agordina-si-attende-la-luce-per-valutare-la-riapertura-le-foto","status":"publish","type":"post","link":"https:\/\/www.radiopiu.net\/wordpress\/203-agordina-si-attende-la-luce-per-valutare-la-riapertura-le-foto\/","title":{"rendered":"203 AGORDINA: SI ATTENDE LA LUCE PER VALUTARE LA RIAPERTURA, LE FOTO"},"content":{"rendered":"<p><strong>ORE 6.30<\/strong><\/p>\n<p><img loading=\"lazy\" decoding=\"async\" class=\"alignleft\" src=\"https:\/\/www.radiopiu.net\/wordpress\/wp-content\/uploads\/2021\/09\/th-6.jpg\" width=\"226\" height=\"127\" \/><span style=\"color: #ff0000;\">Situazione strade provinciali e regionali in Provincia di Belluno in gestione a Veneto Strade S.p.A. nel Bellunese.<\/span><\/p>\n<blockquote>\n<h3>Aggiornamento al 20\/09\/2021 ore 4.00 . Si comunica la chiusura del seguente tratto stradale: &#8211; S.R. 203 \u201cAgordina\u201d al km 15+050 (loc. La Stanga) per caduta sassi Due Sassi di circa un metro cubo ciascuno sono caduti intorno\u00a0 alle 2 sulla SR 203 Agordina al km 15 Al momento la strada \u00e8 chiusa. Una squadra di rocciatori sta gi\u00e0 verificando se ci sono altre condizioni di criticit\u00e0 in parete. Non sono coinvolti automezzi.<\/h3>\n<p><a class=\"dt-pswp-item\" href=\"https:\/\/www.radiopiu.net\/wordpress\/wp-content\/uploads\/2021\/09\/242375026_4370464563022270_2931798576583074100_n.jpg\" data-dt-img-description=\"\" data-large_image_width=\"526\" data-large_image_height=\"701\"><img loading=\"lazy\" decoding=\"async\" class=\"size-thumbnail wp-image-232860 alignleft\" src=\"https:\/\/www.radiopiu.net\/wordpress\/wp-content\/uploads\/2021\/09\/242375026_4370464563022270_2931798576583074100_n-150x150.jpg\" alt=\"\" width=\"150\" height=\"150\" \/><\/a>Riguardo la chiusura della 203 per caduta sassi, la Dolomitibus ci ha comunicato che nemmeno gli autobus di linea possono transitare tra Mas di Sedico e Le Campe a causa della chiusura strada. Il servizio riprender\u00e0 quando la strada verr\u00e0 resa nuovamente percorribile. DELEGATI UIL\u200b<\/p>\n<p>sul posto dalle 2 i vigili del fuoco di Agordo con le fotoelettriche.\u00a0 Caduta massi pietre e rami. Circa 2 metri cubi di\u00a0 materiale.Necessaria verifica del distacco della parete rocciosa molto alta.<\/p><\/blockquote>\n<h1><em><span style=\"color: #0000ff;\">IN AGGIORNAMENTO<\/span><\/em><\/h1>\n<p>&nbsp;<\/p>\n\n\t\t\t<style type='text\/css'>\n\t\t\t\t#gallery-1 {\n\t\t\t\t\tmargin: auto;\n\t\t\t\t}\n\t\t\t\t#gallery-1 .gallery-item {\n\t\t\t\t\tfloat: left;\n\t\t\t\t\tmargin-top: 10px;\n\t\t\t\t\ttext-align: center;\n\t\t\t\t\twidth: 50%;\n\t\t\t\t}\n\t\t\t\t#gallery-1 img {\n\t\t\t\t\tborder: 2px solid #cfcfcf;\n\t\t\t\t}\n\t\t\t\t#gallery-1 .gallery-caption {\n\t\t\t\t\tmargin-left: 0;\n\t\t\t\t}\n\t\t\t\t\/* see gallery_shortcode() in wp-includes\/media.php *\/\n\t\t\t<\/style>\n\t\t<div id='gallery-1' class='dt-gallery-container gallery galleryid-232824 gallery-columns-2 gallery-size-medium'><dl class='gallery-item'>\n\t\t\t\t<dt class='gallery-icon portrait'>\n\t\t\t\t\t<a class=\"rollover rollover-zoom dt-pswp-item\" title=\"35489777-b283-4925-bba9-04e77b505895\" data-dt-img-description=\"\" data-large_image_width=\"900\" data-large_image_height=\"1600\"href='https:\/\/www.radiopiu.net\/wordpress\/wp-content\/uploads\/2021\/09\/35489777-b283-4925-bba9-04e77b505895.jpg'><img loading=\"lazy\" decoding=\"async\" width=\"169\" height=\"300\" src=\"https:\/\/www.radiopiu.net\/wordpress\/wp-content\/uploads\/2021\/09\/35489777-b283-4925-bba9-04e77b505895-169x300.jpg\" class=\"attachment-medium size-medium\" alt=\"\" srcset=\"https:\/\/www.radiopiu.net\/wordpress\/wp-content\/uploads\/2021\/09\/35489777-b283-4925-bba9-04e77b505895-169x300.jpg 169w, https:\/\/www.radiopiu.net\/wordpress\/wp-content\/uploads\/2021\/09\/35489777-b283-4925-bba9-04e77b505895-576x1024.jpg 576w, https:\/\/www.radiopiu.net\/wordpress\/wp-content\/uploads\/2021\/09\/35489777-b283-4925-bba9-04e77b505895-768x1365.jpg 768w, https:\/\/www.radiopiu.net\/wordpress\/wp-content\/uploads\/2021\/09\/35489777-b283-4925-bba9-04e77b505895-864x1536.jpg 864w, https:\/\/www.radiopiu.net\/wordpress\/wp-content\/uploads\/2021\/09\/35489777-b283-4925-bba9-04e77b505895.jpg 900w\" sizes=\"auto, (max-width: 169px) 100vw, 169px\" \/><\/a>\n\t\t\t\t<\/dt><\/dl><dl class='gallery-item'>\n\t\t\t\t<dt class='gallery-icon portrait'>\n\t\t\t\t\t<a class=\"rollover rollover-zoom dt-pswp-item\" title=\"9a6d3fa6-9bc0-4935-8ee8-835dde9e0181\" data-dt-img-description=\"\" data-large_image_width=\"900\" data-large_image_height=\"1600\"href='https:\/\/www.radiopiu.net\/wordpress\/wp-content\/uploads\/2021\/09\/9a6d3fa6-9bc0-4935-8ee8-835dde9e0181.jpg'><img loading=\"lazy\" decoding=\"async\" width=\"169\" height=\"300\" src=\"https:\/\/www.radiopiu.net\/wordpress\/wp-content\/uploads\/2021\/09\/9a6d3fa6-9bc0-4935-8ee8-835dde9e0181-169x300.jpg\" class=\"attachment-medium size-medium\" alt=\"\" srcset=\"https:\/\/www.radiopiu.net\/wordpress\/wp-content\/uploads\/2021\/09\/9a6d3fa6-9bc0-4935-8ee8-835dde9e0181-169x300.jpg 169w, https:\/\/www.radiopiu.net\/wordpress\/wp-content\/uploads\/2021\/09\/9a6d3fa6-9bc0-4935-8ee8-835dde9e0181-576x1024.jpg 576w, https:\/\/www.radiopiu.net\/wordpress\/wp-content\/uploads\/2021\/09\/9a6d3fa6-9bc0-4935-8ee8-835dde9e0181-768x1365.jpg 768w, https:\/\/www.radiopiu.net\/wordpress\/wp-content\/uploads\/2021\/09\/9a6d3fa6-9bc0-4935-8ee8-835dde9e0181-864x1536.jpg 864w, https:\/\/www.radiopiu.net\/wordpress\/wp-content\/uploads\/2021\/09\/9a6d3fa6-9bc0-4935-8ee8-835dde9e0181.jpg 900w\" sizes=\"auto, (max-width: 169px) 100vw, 169px\" \/><\/a>\n\t\t\t\t<\/dt><\/dl><br style=\"clear: both\" \/><dl class='gallery-item'>\n\t\t\t\t<dt class='gallery-icon portrait'>\n\t\t\t\t\t<a class=\"rollover rollover-zoom dt-pswp-item\" title=\"32cbefdd-ad0c-4f4a-88a9-9e4edd20c17b\" data-dt-img-description=\"\" data-large_image_width=\"900\" data-large_image_height=\"1600\"href='https:\/\/www.radiopiu.net\/wordpress\/wp-content\/uploads\/2021\/09\/32cbefdd-ad0c-4f4a-88a9-9e4edd20c17b.jpg'><img loading=\"lazy\" decoding=\"async\" width=\"169\" height=\"300\" src=\"https:\/\/www.radiopiu.net\/wordpress\/wp-content\/uploads\/2021\/09\/32cbefdd-ad0c-4f4a-88a9-9e4edd20c17b-169x300.jpg\" class=\"attachment-medium size-medium\" alt=\"\" srcset=\"https:\/\/www.radiopiu.net\/wordpress\/wp-content\/uploads\/2021\/09\/32cbefdd-ad0c-4f4a-88a9-9e4edd20c17b-169x300.jpg 169w, https:\/\/www.radiopiu.net\/wordpress\/wp-content\/uploads\/2021\/09\/32cbefdd-ad0c-4f4a-88a9-9e4edd20c17b-576x1024.jpg 576w, https:\/\/www.radiopiu.net\/wordpress\/wp-content\/uploads\/2021\/09\/32cbefdd-ad0c-4f4a-88a9-9e4edd20c17b-768x1365.jpg 768w, https:\/\/www.radiopiu.net\/wordpress\/wp-content\/uploads\/2021\/09\/32cbefdd-ad0c-4f4a-88a9-9e4edd20c17b-864x1536.jpg 864w, https:\/\/www.radiopiu.net\/wordpress\/wp-content\/uploads\/2021\/09\/32cbefdd-ad0c-4f4a-88a9-9e4edd20c17b.jpg 900w\" sizes=\"auto, (max-width: 169px) 100vw, 169px\" \/><\/a>\n\t\t\t\t<\/dt><\/dl><dl class='gallery-item'>\n\t\t\t\t<dt class='gallery-icon portrait'>\n\t\t\t\t\t<a class=\"rollover rollover-zoom dt-pswp-item\" title=\"2dfaf7f9-eea1-448e-a8d6-4fb4e0637125\" data-dt-img-description=\"\" data-large_image_width=\"900\" data-large_image_height=\"1600\"href='https:\/\/www.radiopiu.net\/wordpress\/wp-content\/uploads\/2021\/09\/2dfaf7f9-eea1-448e-a8d6-4fb4e0637125.jpg'><img loading=\"lazy\" decoding=\"async\" width=\"169\" height=\"300\" src=\"https:\/\/www.radiopiu.net\/wordpress\/wp-content\/uploads\/2021\/09\/2dfaf7f9-eea1-448e-a8d6-4fb4e0637125-169x300.jpg\" class=\"attachment-medium size-medium\" alt=\"\" srcset=\"https:\/\/www.radiopiu.net\/wordpress\/wp-content\/uploads\/2021\/09\/2dfaf7f9-eea1-448e-a8d6-4fb4e0637125-169x300.jpg 169w, https:\/\/www.radiopiu.net\/wordpress\/wp-content\/uploads\/2021\/09\/2dfaf7f9-eea1-448e-a8d6-4fb4e0637125-576x1024.jpg 576w, https:\/\/www.radiopiu.net\/wordpress\/wp-content\/uploads\/2021\/09\/2dfaf7f9-eea1-448e-a8d6-4fb4e0637125-768x1365.jpg 768w, https:\/\/www.radiopiu.net\/wordpress\/wp-content\/uploads\/2021\/09\/2dfaf7f9-eea1-448e-a8d6-4fb4e0637125-864x1536.jpg 864w, https:\/\/www.radiopiu.net\/wordpress\/wp-content\/uploads\/2021\/09\/2dfaf7f9-eea1-448e-a8d6-4fb4e0637125.jpg 900w\" sizes=\"auto, (max-width: 169px) 100vw, 169px\" \/><\/a>\n\t\t\t\t<\/dt><\/dl><br style=\"clear: both\" \/>\n\t\t\t<\/div>\n\n","protected":false},"excerpt":{"rendered":"<p>ORE 6.30 Situazione strade provinciali e regionali in Provincia di Belluno in gestione a Veneto Strade S.p.A. nel Bellunese. Aggiornamento al 20\/09\/2021 ore 4.00 . Si comunica la chiusura del seguente tratto stradale: &#8211; S.R. 203 \u201cAgordina\u201d al km 15+050 (loc. La Stanga) per caduta sassi Due Sassi di circa un metro cubo ciascuno sono&hellip;<\/p>\n","protected":false},"author":4,"featured_media":232828,"comment_status":"closed","ping_status":"open","sticky":false,"template":"","format":"standard","meta":{"_monsterinsights_skip_tracking":false,"_monsterinsights_sitenote_active":false,"_monsterinsights_sitenote_note":"","_monsterinsights_sitenote_category":0,"footnotes":""},"categories":[51,49],"tags":[],"class_list":["post-232824","post","type-post","status-publish","format-standard","has-post-thumbnail","hentry","category-evidenza-top","category-news-18","category-51","category-49","description-off"],"img_url":"https:\/\/www.radiopiu.net\/wordpress\/wp-content\/uploads\/2021\/09\/2dfaf7f9-eea1-448e-a8d6-4fb4e0637125.jpg","_links":{"self":[{"href":"https:\/\/www.radiopiu.net\/wordpress\/wp-json\/wp\/v2\/posts\/232824","targetHints":{"allow":["GET"]}}],"collection":[{"href":"https:\/\/www.radiopiu.net\/wordpress\/wp-json\/wp\/v2\/posts"}],"about":[{"href":"https:\/\/www.radiopiu.net\/wordpress\/wp-json\/wp\/v2\/types\/post"}],"author":[{"embeddable":true,"href":"https:\/\/www.radiopiu.net\/wordpress\/wp-json\/wp\/v2\/users\/4"}],"replies":[{"embeddable":true,"href":"https:\/\/www.radiopiu.net\/wordpress\/wp-json\/wp\/v2\/comments?post=232824"}],"version-history":[{"count":0,"href":"https:\/\/www.radiopiu.net\/wordpress\/wp-json\/wp\/v2\/posts\/232824\/revisions"}],"wp:featuredmedia":[{"embeddable":true,"href":"https:\/\/www.radiopiu.net\/wordpress\/wp-json\/wp\/v2\/media\/232828"}],"wp:attachment":[{"href":"https:\/\/www.radiopiu.net\/wordpress\/wp-json\/wp\/v2\/media?parent=232824"}],"wp:term":[{"taxonomy":"category","embeddable":true,"href":"https:\/\/www.radiopiu.net\/wordpress\/wp-json\/wp\/v2\/categories?post=232824"},{"taxonomy":"post_tag","embeddable":true,"href":"https:\/\/www.radiopiu.net\/wordpress\/wp-json\/wp\/v2\/tags?post=232824"}],"curies":[{"name":"wp","href":"https:\/\/api.w.org\/{rel}","templated":true}]}}