{"id":232868,"date":"2021-09-20T08:25:45","date_gmt":"2021-09-20T06:25:45","guid":{"rendered":"https:\/\/www.radiopiu.net\/wordpress\/?p=232868"},"modified":"2021-09-20T08:34:21","modified_gmt":"2021-09-20T06:34:21","slug":"veneto-strade-la-203-agordina-riapre-alle-13","status":"publish","type":"post","link":"https:\/\/www.radiopiu.net\/wordpress\/veneto-strade-la-203-agordina-riapre-alle-13\/","title":{"rendered":"VENETO STRADE: LA 203 AGORDINA RIAPRE ALLE 13"},"content":{"rendered":"<div class=\"kvgmc6g5 cxmmr5t8 oygrvhab hcukyx3x c1et5uql ii04i59q\">\n<div dir=\"auto\"><strong>AGGIORNAMENTO SR 203 AGORDINA veneto strade\u00a0<\/strong><\/div>\n<\/div>\n<div class=\"o9v6fnle cxmmr5t8 oygrvhab hcukyx3x c1et5uql ii04i59q\">\n<div dir=\"auto\">Gli scalatori sono arrivati in cima al versante. Ora la situazione, come appare dalle foto del drone, \u00e8 abbastanza compromessa e l&#8217;opera di disgaggio dei massi pericolanti sar\u00e0 pi\u00f9 impegnativa del previsto. Riapertura strada ipotizzata per le 13.<\/div>\n<div dir=\"auto\">Il distacco di massi questa mattina alle 3. Avvenuto al chilometro 15 tra Agordo e Ponte Mas in localit\u00e0 La Piessa. i due massi hanno superato le reti di protezione. Uno \u00e8 caduto sulla mezzaria, mentre l&#8217;altro addirittura dall&#8217;altra parte della strada fermandosi sulla banchina di valle. Fortunatamente non transitava nessuno.<\/div>\n<div dir=\"auto\"><img decoding=\"async\" src=\"https:\/\/www.radiopiu.net\/wordpress\/wp-content\/uploads\/2021\/09\/242169550_4370594683009258_8962881346220879465_n.jpg\" \/><\/div>\n<\/div>\n<div dir=\"auto\"><\/div>\n<div dir=\"auto\">\n\n\t\t\t<style type='text\/css'>\n\t\t\t\t#gallery-1 {\n\t\t\t\t\tmargin: auto;\n\t\t\t\t}\n\t\t\t\t#gallery-1 .gallery-item {\n\t\t\t\t\tfloat: left;\n\t\t\t\t\tmargin-top: 10px;\n\t\t\t\t\ttext-align: center;\n\t\t\t\t\twidth: 33%;\n\t\t\t\t}\n\t\t\t\t#gallery-1 img {\n\t\t\t\t\tborder: 2px solid #cfcfcf;\n\t\t\t\t}\n\t\t\t\t#gallery-1 .gallery-caption {\n\t\t\t\t\tmargin-left: 0;\n\t\t\t\t}\n\t\t\t\t\/* see gallery_shortcode() in wp-includes\/media.php *\/\n\t\t\t<\/style>\n\t\t<div id='gallery-1' class='dt-gallery-container gallery galleryid-232868 gallery-columns-3 gallery-size-thumbnail'><dl class='gallery-item'>\n\t\t\t\t<dt class='gallery-icon portrait'>\n\t\t\t\t\t<a class=\"rollover rollover-zoom dt-pswp-item\" title=\"242268159_4370556799679713_8793211564469742448_n\" data-dt-img-description=\"\" data-large_image_width=\"450\" data-large_image_height=\"600\"href='https:\/\/www.radiopiu.net\/wordpress\/wp-content\/uploads\/2021\/09\/242268159_4370556799679713_8793211564469742448_n.jpg'><img loading=\"lazy\" decoding=\"async\" width=\"150\" height=\"150\" src=\"https:\/\/www.radiopiu.net\/wordpress\/wp-content\/uploads\/2021\/09\/242268159_4370556799679713_8793211564469742448_n-150x150.jpg\" class=\"attachment-thumbnail size-thumbnail\" alt=\"\" \/><\/a>\n\t\t\t\t<\/dt><\/dl><dl class='gallery-item'>\n\t\t\t\t<dt class='gallery-icon portrait'>\n\t\t\t\t\t<a class=\"rollover rollover-zoom dt-pswp-item\" title=\"242287172_4370556619679731_5563061973621072974_n\" data-dt-img-description=\"\" data-large_image_width=\"450\" data-large_image_height=\"600\"href='https:\/\/www.radiopiu.net\/wordpress\/wp-content\/uploads\/2021\/09\/242287172_4370556619679731_5563061973621072974_n.jpg'><img loading=\"lazy\" decoding=\"async\" width=\"150\" height=\"150\" src=\"https:\/\/www.radiopiu.net\/wordpress\/wp-content\/uploads\/2021\/09\/242287172_4370556619679731_5563061973621072974_n-150x150.jpg\" class=\"attachment-thumbnail size-thumbnail\" alt=\"\" \/><\/a>\n\t\t\t\t<\/dt><\/dl><dl class='gallery-item'>\n\t\t\t\t<dt class='gallery-icon landscape'>\n\t\t\t\t\t<a class=\"rollover rollover-zoom dt-pswp-item\" title=\"242093723_4370556706346389_2029852709179396438_n\" data-dt-img-description=\"\" data-large_image_width=\"600\" data-large_image_height=\"338\"href='https:\/\/www.radiopiu.net\/wordpress\/wp-content\/uploads\/2021\/09\/242093723_4370556706346389_2029852709179396438_n.jpg'><img loading=\"lazy\" decoding=\"async\" width=\"150\" height=\"150\" src=\"https:\/\/www.radiopiu.net\/wordpress\/wp-content\/uploads\/2021\/09\/242093723_4370556706346389_2029852709179396438_n-150x150.jpg\" class=\"attachment-thumbnail size-thumbnail\" alt=\"\" \/><\/a>\n\t\t\t\t<\/dt><\/dl><br style=\"clear: both\" \/>\n\t\t\t<\/div>\n\n<\/div>\n<p>&nbsp;<\/p>\n<p>&nbsp;<\/p>\n<p>****<\/p>\n<div dir=\"auto\"><\/div>\n<div dir=\"auto\"><\/div>\n<div dir=\"auto\"><\/div>\n<div dir=\"auto\"><\/div>\n<div dir=\"auto\"><\/div>\n","protected":false},"excerpt":{"rendered":"<p>AGGIORNAMENTO SR 203 AGORDINA veneto strade\u00a0 Gli scalatori sono arrivati in cima al versante. Ora la situazione, come appare dalle foto del drone, \u00e8 abbastanza compromessa e l&#8217;opera di disgaggio dei massi pericolanti sar\u00e0 pi\u00f9 impegnativa del previsto. Riapertura strada ipotizzata per le 13. Il distacco di massi questa mattina alle 3. Avvenuto al chilometro&hellip;<\/p>\n","protected":false},"author":1,"featured_media":232869,"comment_status":"closed","ping_status":"open","sticky":false,"template":"","format":"standard","meta":{"_monsterinsights_skip_tracking":false,"_monsterinsights_sitenote_active":false,"_monsterinsights_sitenote_note":"","_monsterinsights_sitenote_category":0,"footnotes":""},"categories":[51,49],"tags":[],"class_list":["post-232868","post","type-post","status-publish","format-standard","has-post-thumbnail","hentry","category-evidenza-top","category-news-18","category-51","category-49","description-off"],"img_url":"https:\/\/www.radiopiu.net\/wordpress\/wp-content\/uploads\/2021\/09\/242169550_4370594683009258_8962881346220879465_n.jpg","_links":{"self":[{"href":"https:\/\/www.radiopiu.net\/wordpress\/wp-json\/wp\/v2\/posts\/232868","targetHints":{"allow":["GET"]}}],"collection":[{"href":"https:\/\/www.radiopiu.net\/wordpress\/wp-json\/wp\/v2\/posts"}],"about":[{"href":"https:\/\/www.radiopiu.net\/wordpress\/wp-json\/wp\/v2\/types\/post"}],"author":[{"embeddable":true,"href":"https:\/\/www.radiopiu.net\/wordpress\/wp-json\/wp\/v2\/users\/1"}],"replies":[{"embeddable":true,"href":"https:\/\/www.radiopiu.net\/wordpress\/wp-json\/wp\/v2\/comments?post=232868"}],"version-history":[{"count":0,"href":"https:\/\/www.radiopiu.net\/wordpress\/wp-json\/wp\/v2\/posts\/232868\/revisions"}],"wp:featuredmedia":[{"embeddable":true,"href":"https:\/\/www.radiopiu.net\/wordpress\/wp-json\/wp\/v2\/media\/232869"}],"wp:attachment":[{"href":"https:\/\/www.radiopiu.net\/wordpress\/wp-json\/wp\/v2\/media?parent=232868"}],"wp:term":[{"taxonomy":"category","embeddable":true,"href":"https:\/\/www.radiopiu.net\/wordpress\/wp-json\/wp\/v2\/categories?post=232868"},{"taxonomy":"post_tag","embeddable":true,"href":"https:\/\/www.radiopiu.net\/wordpress\/wp-json\/wp\/v2\/tags?post=232868"}],"curies":[{"name":"wp","href":"https:\/\/api.w.org\/{rel}","templated":true}]}}