{"id":232960,"date":"2021-09-21T05:47:30","date_gmt":"2021-09-21T03:47:30","guid":{"rendered":"https:\/\/www.radiopiu.net\/wordpress\/?p=232960"},"modified":"2021-09-21T05:53:01","modified_gmt":"2021-09-21T03:53:01","slug":"domani-giornata-mondiale-dellalzheimer-4-centri-sollievo-in-agordino-per-contrastare-il-decadimento-cognitivo","status":"publish","type":"post","link":"https:\/\/www.radiopiu.net\/wordpress\/domani-giornata-mondiale-dellalzheimer-4-centri-sollievo-in-agordino-per-contrastare-il-decadimento-cognitivo\/","title":{"rendered":"OGGI:  GIORNATA MONDIALE DELL\u2019ALZHEIMER: 4 CENTRI SOLLIEVO IN AGORDINO PER CONTRASTARE IL DECADIMENTO COGNITIVO\u00a0"},"content":{"rendered":"<div class=\"gmail_quote\">\n<div>\n<div class=\"gmail_attr\" dir=\"ltr\"><strong><a href=\"https:\/\/www.radiopiu.net\/wordpress\/domani-giornata-mondiale-dellalzheimer-4-centri-sollievo-in-agordino-per-contrastare-il-decadimento-cognitivo\/man-2546107_960_720\/\" rel=\"attachment wp-att-232962\"><img loading=\"lazy\" decoding=\"async\" class=\"size-medium wp-image-232962 alignleft\" src=\"https:\/\/www.radiopiu.net\/wordpress\/wp-content\/uploads\/2021\/09\/man-2546107_960_720-300x85.jpg\" alt=\"\" width=\"300\" height=\"85\" srcset=\"https:\/\/www.radiopiu.net\/wordpress\/wp-content\/uploads\/2021\/09\/man-2546107_960_720-300x85.jpg 300w, https:\/\/www.radiopiu.net\/wordpress\/wp-content\/uploads\/2021\/09\/man-2546107_960_720-768x218.jpg 768w, https:\/\/www.radiopiu.net\/wordpress\/wp-content\/uploads\/2021\/09\/man-2546107_960_720.jpg 960w\" sizes=\"auto, (max-width: 300px) 100vw, 300px\" \/><\/a>AGORDO<\/strong>\u00a0 Sono trenta, e in crescita progressiva, gli anziani che hanno ripreso da giugno l\u2019attivit\u00e0 di socializzazione e stimolazione cognitiva dei quattro centri sollievo dell\u2019Agordino con la guida della psicologa di Asca, Stefania Troian e dei volontari delle Associazioni GAV, AUSER El Broi, AUSER Col Bel\u00a0 e AUSER Val Bios. I centri:\u00a0 a Bosco Verde di Rocca Pietore (protezione civile), Gosaldo (canonica),\u00a0 Cencenighe e Agordo (centro parrocchiale).\u00a0 A fine primavera \u00e8 ripartito il progetto denominato \u201cAncora Insieme\u201c\u00a0 in presenza e nei luoghi\u00a0 familiari. Riprese le attivit\u00e0 di stimolazione cognitiva,\u00a0 riattivato lo scambio di idee e la discussione attraverso le attivit\u00e0 di gruppo, per dare risalto e valore a ci\u00f2 che la persona sa e pu\u00f2 ancora fare e incrementare sia l\u2019autostima che il senso di autoefficacia e mantenere \u2013 migliorare le sue competenze relazionali.<\/div>\n<\/div>\n<div>\n<div dir=\"auto\">\n<blockquote><p><em>&#8220;Ma i contatti con gli anziani si sono mantenuti anche nei mesi precedenti &#8211; spiega l&#8217;amministratore unico di Asca Maria Chiara Santin &#8211; perch\u00e9 ciascuno veniva sentito telefonicamente dalla psicologa, sempre alla stessa ora e allo stesso giorno della settimana in modo da dare una continuit\u00e0 a questo appuntamento fino a farlo diventare nel tempo, un vero e proprio rito. Ora il telefono non sar\u00e0 l\u2019unico modo per tenersi connessi perch\u00e9 sono stati distribuiti decine di tablet, utilizzabili con l\u2019aiuto dei volontari e delle famiglie , che favoriranno i collegamenti fra loro, con i servizi con i volontari stessi , nella speranza non siano sostitutivi ma aggiuntivi agli incontri tanto desiderati ai centri sollievo&#8221;.<\/em><\/p><\/blockquote>\n<\/div>\n<\/div>\n<\/div>\n","protected":false},"excerpt":{"rendered":"<p>AGORDO\u00a0 Sono trenta, e in crescita progressiva, gli anziani che hanno ripreso da giugno l\u2019attivit\u00e0 di socializzazione e stimolazione cognitiva dei quattro centri sollievo dell\u2019Agordino con la guida della psicologa di Asca, Stefania Troian e dei volontari delle Associazioni GAV, AUSER El Broi, AUSER Col Bel\u00a0 e AUSER Val Bios. I centri:\u00a0 a Bosco Verde&hellip;<\/p>\n","protected":false},"author":4,"featured_media":232964,"comment_status":"closed","ping_status":"open","sticky":false,"template":"","format":"standard","meta":{"_monsterinsights_skip_tracking":false,"_monsterinsights_sitenote_active":false,"_monsterinsights_sitenote_note":"","_monsterinsights_sitenote_category":0,"footnotes":""},"categories":[51,49],"tags":[],"class_list":["post-232960","post","type-post","status-publish","format-standard","has-post-thumbnail","hentry","category-evidenza-top","category-news-18","category-51","category-49","description-off"],"img_url":"https:\/\/www.radiopiu.net\/wordpress\/wp-content\/uploads\/2021\/09\/old-peoples-home-63615_960_720.jpg","_links":{"self":[{"href":"https:\/\/www.radiopiu.net\/wordpress\/wp-json\/wp\/v2\/posts\/232960","targetHints":{"allow":["GET"]}}],"collection":[{"href":"https:\/\/www.radiopiu.net\/wordpress\/wp-json\/wp\/v2\/posts"}],"about":[{"href":"https:\/\/www.radiopiu.net\/wordpress\/wp-json\/wp\/v2\/types\/post"}],"author":[{"embeddable":true,"href":"https:\/\/www.radiopiu.net\/wordpress\/wp-json\/wp\/v2\/users\/4"}],"replies":[{"embeddable":true,"href":"https:\/\/www.radiopiu.net\/wordpress\/wp-json\/wp\/v2\/comments?post=232960"}],"version-history":[{"count":0,"href":"https:\/\/www.radiopiu.net\/wordpress\/wp-json\/wp\/v2\/posts\/232960\/revisions"}],"wp:featuredmedia":[{"embeddable":true,"href":"https:\/\/www.radiopiu.net\/wordpress\/wp-json\/wp\/v2\/media\/232964"}],"wp:attachment":[{"href":"https:\/\/www.radiopiu.net\/wordpress\/wp-json\/wp\/v2\/media?parent=232960"}],"wp:term":[{"taxonomy":"category","embeddable":true,"href":"https:\/\/www.radiopiu.net\/wordpress\/wp-json\/wp\/v2\/categories?post=232960"},{"taxonomy":"post_tag","embeddable":true,"href":"https:\/\/www.radiopiu.net\/wordpress\/wp-json\/wp\/v2\/tags?post=232960"}],"curies":[{"name":"wp","href":"https:\/\/api.w.org\/{rel}","templated":true}]}}