{"id":233071,"date":"2021-09-22T05:46:38","date_gmt":"2021-09-22T03:46:38","guid":{"rendered":"https:\/\/www.radiopiu.net\/wordpress\/?p=233071"},"modified":"2021-09-22T12:26:39","modified_gmt":"2021-09-22T10:26:39","slug":"giornale-radiopiu-22-settembre-2021-direttore-mirko-mezzacasa","status":"publish","type":"post","link":"https:\/\/www.radiopiu.net\/wordpress\/giornale-radiopiu-22-settembre-2021-direttore-mirko-mezzacasa\/","title":{"rendered":"GIORNALE RADIOPIU 22 SETTEMBRE 2021 DIRETTORE MIRKO MEZZACASA"},"content":{"rendered":"<div class=\"o9v6fnle cxmmr5t8 oygrvhab hcukyx3x c1et5uql ii04i59q\">\n<div dir=\"auto\">\n<div class=\"\" data-block=\"true\" data-editor=\"49orb\" data-offset-key=\"eafl5-0-0\"><span style=\"color: #ff0000;\"><strong>REGIONALE 203 AGORDINA APERTA, NON SONO PREVISTE INTERRUZIONI ALMENO FINO ALLA PROSSIMA SETTIMANA QUANDO RIPRENDERANNO I LAVORI DI POSA DELLE RETI DI PROTEZIONE, VENETO STRADE COMUNICHERA&#8217; CON AMPIO ANTICIPO QUALI SARANNO LE LIMITAZIONI AL TRAFFICO A PARTIRE DA LUNEDI, COMUNQUE DALLA PROSSIMA SETTIMANA.<\/strong><\/span><\/div>\n<\/div>\n<div dir=\"auto\"><\/div>\n<div dir=\"auto\"><em><a href=\"https:\/\/www.radiopiu.net\/wordpress\/giornale-radiopiu-22-settembre-2021-direttore-mirko-mezzacasa\/th-192\/\" rel=\"attachment wp-att-233186\"><img loading=\"lazy\" decoding=\"async\" class=\"wp-image-233186 alignleft\" src=\"https:\/\/www.radiopiu.net\/wordpress\/wp-content\/uploads\/2021\/09\/th-7-300x168.jpg\" alt=\"\" width=\"125\" height=\"69\" srcset=\"https:\/\/www.radiopiu.net\/wordpress\/wp-content\/uploads\/2021\/09\/th-7-300x168.jpg 300w, https:\/\/www.radiopiu.net\/wordpress\/wp-content\/uploads\/2021\/09\/th-7.jpg 342w\" sizes=\"auto, (max-width: 125px) 100vw, 125px\" \/><\/a>\u00abAbbiamo terminato il disgaggio dei massi che erano in condizioni di non equilibrio sul versante &#8211; dichiara da Veneto Strade Silvano Vernizzi &#8211;\u00a0 tuttavia i due grossi massi hanno danneggiato le reti di contenimento che erano state posizionate per proteggere la strada dalle frane. La seconda fase dell&#8217;intervento di messa in sicurezza del versante sar\u00e0 dunque dedicata al ripristino delle barriere di protezione.\u00a0 Contiamo di fare tali interventi probabilmente gi\u00e0 la prossima settimana chiudendo la strada al mattino e al pomeriggio per due giorni. Quello che \u00e8 successo\u00a0 \u00e8 un&#8217;eredit\u00e0 della tempesta Vaia&#8221;\u00a0<\/em><\/div>\n<div dir=\"auto\"><strong>DAL CORRIERE DELLE ALPI GIANNI SANTOMASO\u00a0<\/strong><br \/>\n<audio class=\"wp-audio-shortcode\" id=\"audio-233071-1\" preload=\"none\" style=\"width: 100%;\" controls=\"controls\"><source type=\"audio\/mpeg\" src=\"https:\/\/www.radiopiu.net\/wordpress\/wp-content\/uploads\/2021\/09\/GIANNI-203.mp3?_=1\" \/><a href=\"https:\/\/www.radiopiu.net\/wordpress\/wp-content\/uploads\/2021\/09\/GIANNI-203.mp3\">https:\/\/www.radiopiu.net\/wordpress\/wp-content\/uploads\/2021\/09\/GIANNI-203.mp3<\/a><\/audio>\n<\/div>\n<div dir=\"auto\"><\/div>\n<div dir=\"auto\"><\/div>\n<div dir=\"auto\"><\/div>\n<\/div>\n<div>\n<div class=\"gmail_quote\">\n<blockquote class=\"gmail_quote\">\n<div>\n<div dir=\"auto\">\n<hr \/>\n<\/div>\n<\/div>\n<\/blockquote>\n<\/div>\n<\/div>\n<p><strong><em><img loading=\"lazy\" decoding=\"async\" class=\"alignleft\" src=\"https:\/\/www.radiopiu.net\/wordpress\/wp-content\/uploads\/2021\/07\/1626451699105964-locandina-riccardo.jpg\" width=\"297\" height=\"167\" \/><\/em>SOSPIROLO<\/strong>\u00a0Radio Pi\u00f9 appoggia l\u2019iniziativa di\u00a0 Agostino Tegner il pap\u00e0 di Riccardo, poche parole le sue ma piene di significato<em> \u201cIo e mia moglie stiamo invecchiando e non riusciamo pi\u00f9\u00a0a trasportare come si deve il nostro ragazzo, che necessita di una macchina attrezzata con un piano ribassato con pedana\u201d.<\/em><\/p>\n<p><em>Riccardo \u00e8 un simpatico ragazzino di 15 anni che vive sulle montagne di Sospirolo. Sempre sorridente e circondato dall\u2019affetto dei suoi cari, Riccardo \u00e8 per\u00f2 costretto a stare sulla sedia a rotelle a causa della distrofia muscolare di Duchenne, di cui \u00e8 affetto dalla nascita.\u00a0 I genitori, dopo anni di sacrifici, hanno deciso di acquistare un\u2019auto munita di pedana per poter trasportare il figlio in modo pi\u00f9 comodo, pratico e sicuro, soprattutto adesso che sta crescendo e il peso \u2013 per i due genitori che stanno diventando anziani \u2013 si fa sempre pi\u00f9 sentire.\u00a0<\/em><\/p>\n<h3 style=\"text-align: center;\"><span style=\"color: #ff0000;\"><strong>CHI VOLESSE FARE UNA DONAZIONE DIRETTAMENTE ALLA FAMIGLIA DI RICCARDO LO PUO&#8217; FARE SU QUESTO IBAN INTESTATO ALLA MAMMA ANA MARIA STOIAN: <\/strong><\/span><strong style=\"color: #ff0000; font-size: 14px;\">IT40N0760111900000003558144<\/strong><\/h3>\n<p>I contributi che stanno confluendo sul conto corrente a pochi giorni dalla chiusura della raccolta saranno resi noti\u00a0 con un comunicato ufficiale da parte della famiglia Tegner, grazie a quanti stanno continuando a contribuire per Riccardo.<\/p>\n<p>&nbsp;<\/p>\n<hr \/>\n<blockquote>\n<h3><\/h3>\n<p>&nbsp;<\/p><\/blockquote>\n<h2><span style=\"color: #ff0000;\"><a href=\"https:\/\/www.radiopiu.net\/wordpress\/giornale-radiopiu-17-settembre-2021-direttore-mirko-mezzacasa\/img-20210910-wa0003\/\" rel=\"attachment wp-att-232359\"><img loading=\"lazy\" decoding=\"async\" class=\"wp-image-232359 alignleft\" src=\"https:\/\/www.radiopiu.net\/wordpress\/wp-content\/uploads\/2021\/09\/IMG-20210910-WA0003-300x169.jpg\" alt=\"\" width=\"192\" height=\"108\" srcset=\"https:\/\/www.radiopiu.net\/wordpress\/wp-content\/uploads\/2021\/09\/IMG-20210910-WA0003-300x169.jpg 300w, https:\/\/www.radiopiu.net\/wordpress\/wp-content\/uploads\/2021\/09\/IMG-20210910-WA0003-1024x576.jpg 1024w, https:\/\/www.radiopiu.net\/wordpress\/wp-content\/uploads\/2021\/09\/IMG-20210910-WA0003-768x432.jpg 768w, https:\/\/www.radiopiu.net\/wordpress\/wp-content\/uploads\/2021\/09\/IMG-20210910-WA0003-1536x864.jpg 1536w, https:\/\/www.radiopiu.net\/wordpress\/wp-content\/uploads\/2021\/09\/IMG-20210910-WA0003.jpg 1600w\" sizes=\"auto, (max-width: 192px) 100vw, 192px\" \/><\/a>Oggi dalle 8.30 a fine lavori verr\u00e0 sospesa l\u2019erogazione dell\u2019acqua a SELVA DI CADORE, in localit\u00e0 ZARDIN e in via ROVA.\u00a0<\/span><\/h2>\n<h2><span style=\"color: #ff0000;\">Domani dalle 8 a fine lavori\u00a0 potrebbe mancare l&#8217;acqua a SAN TOMASO AGORDINO, in localit\u00e0 PECOL.<\/span><\/h2>\n<h2><\/h2>\n<hr \/>\n<p>&nbsp;<\/p>\n<blockquote>\n<h3><a href=\"https:\/\/www.radiopiu.net\/wordpress\/giornale-radiopiu-16-giugno-2021-direttore-mirko-mezzacasa\/th-140\/\" rel=\"attachment wp-att-216173\"><img loading=\"lazy\" decoding=\"async\" class=\"wp-image-216173 alignleft\" src=\"https:\/\/www.radiopiu.net\/wordpress\/wp-content\/uploads\/2021\/06\/th-13.jpg\" alt=\"\" width=\"96\" height=\"64\" \/><\/a>INTERRUZIONE ENEL PROGRAMMATA PER LAVORI<\/h3>\n<p><strong>SEDICO<\/strong> Domani dalle 15 alle 18 in localita&#8217; La Stanga<\/p><\/blockquote>\n<p><strong>ROCCA PIETORE<\/strong> Lunedi dalle 8.30 alle 14.30 a Col di Rocca e via Marmolada civico 1<\/p>\n<p>&nbsp;<\/p>\n<hr \/>\n<p><strong>\u00a0<\/strong><\/p>\n<p><strong><a href=\"https:\/\/www.radiopiu.net\/wordpress\/veneto-strade-interdizione-al-traffico\/veneto-strade-2\/\" rel=\"attachment wp-att-135574\"><img loading=\"lazy\" decoding=\"async\" class=\"wp-image-135574 alignleft\" src=\"https:\/\/www.radiopiu.net\/wordpress\/wp-content\/uploads\/2020\/05\/VENETO-STRADE-300x300.png\" alt=\"\" width=\"100\" height=\"100\" srcset=\"https:\/\/www.radiopiu.net\/wordpress\/wp-content\/uploads\/2020\/05\/VENETO-STRADE-300x300.png 300w, https:\/\/www.radiopiu.net\/wordpress\/wp-content\/uploads\/2020\/05\/VENETO-STRADE-150x150.png 150w, https:\/\/www.radiopiu.net\/wordpress\/wp-content\/uploads\/2020\/05\/VENETO-STRADE.png 400w\" sizes=\"auto, (max-width: 100px) 100vw, 100px\" \/><\/a>PASSO GIAU &#8211; INTERRUZIONI<\/strong> sp 638 km 14 800-19 330 comuni COLLE SANTA LUCIA-SELVA DI CADORE interruzioni alla viabilita durata massima 15 minuti regolate da movieri, fino al 24 settembre<\/p>\n<p><strong>PROVINCIALE 3 VALLE IMPERINA<\/strong> prorogato il senso unico con semaforo sopra Ponte Alto (per Rivamonte) fino al 4 ottobre, anche sabato e domenica<\/p>\n<p>&nbsp;<\/p>\n<hr \/>\n<p><strong>\u00a0 \u00a0\u00a0<\/strong><\/p>\n<p><span style=\"color: #0000ff;\"><strong>POLIZIA E CARABINIERI DI CORSA LUNGO LA 203 AGORDINA, IN FUGA UNA PUNTO AL MATTINO, UNA SKODA NEL POMERIGGIO<\/strong><\/span><\/p>\n<p>&nbsp;<\/p>\n<p><strong>SORPASSA LA STRADALE E FINISCE CONTRO IL MURO\u00a0<\/strong><\/p>\n<p><strong><a href=\"https:\/\/www.radiopiu.net\/wordpress\/party-abusivo-in-via-san-francesco-i-ragazzi-tentano-la-fuga-ma-vengono-fermati-identificati-e-sanzionati-amministrativamente\/polizia-belluno-giovani\/\" rel=\"attachment wp-att-172861\"><img loading=\"lazy\" decoding=\"async\" class=\"wp-image-172861 alignleft\" src=\"https:\/\/www.radiopiu.net\/wordpress\/wp-content\/uploads\/2020\/11\/polizia-belluno-giovani-225x300.jpg\" alt=\"\" width=\"126\" height=\"168\" srcset=\"https:\/\/www.radiopiu.net\/wordpress\/wp-content\/uploads\/2020\/11\/polizia-belluno-giovani-225x300.jpg 225w, https:\/\/www.radiopiu.net\/wordpress\/wp-content\/uploads\/2020\/11\/polizia-belluno-giovani-768x1024.jpg 768w, https:\/\/www.radiopiu.net\/wordpress\/wp-content\/uploads\/2020\/11\/polizia-belluno-giovani-1152x1536.jpg 1152w, https:\/\/www.radiopiu.net\/wordpress\/wp-content\/uploads\/2020\/11\/polizia-belluno-giovani-1536x2048.jpg 1536w, https:\/\/www.radiopiu.net\/wordpress\/wp-content\/uploads\/2020\/11\/polizia-belluno-giovani-scaled.jpg 1920w\" sizes=\"auto, (max-width: 126px) 100vw, 126px\" \/><\/a>CENCENIGHE<\/strong> \u00a0\u00c8 rimasto ferito lievemente il conducente della Fiat Punto finita contro il muretto di un&#8217;abitazione in localit\u00e0 Ghirlo. Al volante un uomo inseguito lungo l&#8217;Agordina da una pattuglia della Stradale. E&#8217; successo ieri mattina\u00a0 intorno alle 10.30 si \u00e8 scatenata la caccia all&#8217;uomo lungo la 203, nella zona di Cencenighe. L&#8217;automobilista viaggiava su una Fiat Punto in direzione di Cencenighe quando ad un tratto ha sorpassato di slancio la pattuglia della polizia stradale che lo precedeva in un tratto\u00a0 con la linea continua ed \u00e8 iniziato l&#8217;inseguimento della Fiat con tanto di lampeggianti e sirena.\u00a0 La Punto si \u00e8 fermata alla curva del Ghirlo: il giovane ha perso il controllo della vettura e si \u00e8 andato a scontrare sul muretto di protezione di una casa<\/p>\n<p>&nbsp;<\/p>\n<p>&nbsp;<\/p>\n<hr \/>\n<blockquote>\n<h3><\/h3>\n<h3>INSEGUIMENTO TRA AGORDO E L&#8217;ALTO AGORDINO,<\/h3>\n<h3>in serata il giovane \u00e8 stato identificato e indagato per furto e altri reati, I Carabinieri lo hanno raggiunto a Canale d&#8217;Agordo presso l&#8217;abitazione. Stamane alle 10 il processo per direttissima.<\/h3>\n<p>di MORENO GIOLI<\/p>\n<audio class=\"wp-audio-shortcode\" id=\"audio-233071-2\" preload=\"none\" style=\"width: 100%;\" controls=\"controls\"><source type=\"audio\/mpeg\" src=\"https:\/\/www.radiopiu.net\/wordpress\/wp-content\/uploads\/2021\/09\/moreno.mp3?_=2\" \/><a href=\"https:\/\/www.radiopiu.net\/wordpress\/wp-content\/uploads\/2021\/09\/moreno.mp3\">https:\/\/www.radiopiu.net\/wordpress\/wp-content\/uploads\/2021\/09\/moreno.mp3<\/a><\/audio>\n<p>&nbsp;<\/p><\/blockquote>\n<p><strong><img loading=\"lazy\" decoding=\"async\" class=\"alignleft\" src=\"https:\/\/www.radiopiu.net\/wordpress\/wp-content\/uploads\/2021\/06\/CARABINIERI-3-scaled.jpg\" width=\"223\" height=\"167\" \/>AGORDO-CANALE D&#8217;AGORDO\u00a0\u00a0<\/strong> Inseguimento a forte velocit\u00e0 sulle strade dell&#8217;Agordino, i Carabinieri hanno inseguito\u00a0 una Skoda Station Wagon di colore bianco rubata ad Agordo, e\u00a0 visto che la citt\u00e0 \u00e8 ben organizzata con la video sorveglianza potrebbe non essere\u00a0 stato\u00a0 difficile risalire all&#8217;autore del gesto che si \u00e8 dato alla fuga scomparendo tra un gregge e l&#8217;altro di pecore che in quel momento era di passaggio verso la Conca Agordina.<\/p>\n<p>I Carabinieri hanno continuato nella ricerca fino a sera arrivando\u00a0 alla porta di casa dell&#8217;autore del gesto, volto noto alle Forze dell&#8217;Ordine.<\/p>\n<p>&nbsp;<\/p>\n<p>&nbsp;<\/p>\n<hr \/>\n<p>&nbsp;<\/p>\n<blockquote>\n<h3>IL SOCCORSO ALPINO DI NOTTE, IN AIUTO ALL&#8217;ECURSIONISTA CALIFORNIANA, SOLA AL BUIO E LONTANO DAI COMPAGNI ORMAI ARRIVATI AL RIFUGIO<\/h3>\n<p>SUI SOCIAL:<em> &#8220;L&#8217;hanno lasciata sola, begli amici, con loro non c&#8217;andrei neanche a mangiare una pizza&#8221;.<\/em><\/p><\/blockquote>\n<p><strong><a href=\"https:\/\/www.radiopiu.net\/wordpress\/giornale-radiopiu-22-settembre-2021-direttore-mirko-mezzacasa\/salt_20210921_110225_494\/\" rel=\"attachment wp-att-233073\"><img loading=\"lazy\" decoding=\"async\" class=\" wp-image-233073 alignleft\" src=\"https:\/\/www.radiopiu.net\/wordpress\/wp-content\/uploads\/2021\/09\/salt_20210921_110225_494-300x225.jpg\" alt=\"\" width=\"217\" height=\"163\" srcset=\"https:\/\/www.radiopiu.net\/wordpress\/wp-content\/uploads\/2021\/09\/salt_20210921_110225_494-300x225.jpg 300w, https:\/\/www.radiopiu.net\/wordpress\/wp-content\/uploads\/2021\/09\/salt_20210921_110225_494-1024x768.jpg 1024w, https:\/\/www.radiopiu.net\/wordpress\/wp-content\/uploads\/2021\/09\/salt_20210921_110225_494-768x576.jpg 768w, https:\/\/www.radiopiu.net\/wordpress\/wp-content\/uploads\/2021\/09\/salt_20210921_110225_494-1536x1152.jpg 1536w, https:\/\/www.radiopiu.net\/wordpress\/wp-content\/uploads\/2021\/09\/salt_20210921_110225_494-2048x1536.jpg 2048w\" sizes=\"auto, (max-width: 217px) 100vw, 217px\" \/><\/a>SAN VITO DI CADORE\u00a0<\/strong> Lunedi sera\u00a0 alle 22 la Centrale del Suem ha allertato il Soccorso alpino di San Vito di Cadore, poich\u00e9, raggiunto il Rifugio San Marco, un gruppo di escursionisti statunitensi aveva atteso invano la compagna <strong>rimasta indietro, non raggiungibile al cellulare. Percorrendo il Sentiero Minazio, la trentaduenne proveniente dalla California, che procedeva pi\u00f9 lentamente rispetto agli amici, era stata infatti distanziata e, rimasta da sola, calato il buio si era persa.<\/strong> Dopo aver raccolto pi\u00f9 informazioni possibili da tre dei compagni arrivati al Rifugio, sotto la pioggia battente i soccorritori sono risaliti a Forcella Grande e da l\u00ec si sono divisi in squadre per avviare la ricerca nei diversi itinerari che la turista avrebbe potuto seguire. Una si \u00e8 diretta al Bivacco Slataper, due si sono incamminate nelle altrettante entrate del sentiero Minazio, una alta e una bassa.<a href=\"https:\/\/www.radiopiu.net\/wordpress\/giornale-radiopiu-22-settembre-2021-direttore-mirko-mezzacasa\/salt_20210921_110244_005\/\" rel=\"attachment wp-att-233072\"><img loading=\"lazy\" decoding=\"async\" class=\"size-medium wp-image-233072 alignright\" src=\"https:\/\/www.radiopiu.net\/wordpress\/wp-content\/uploads\/2021\/09\/salt_20210921_110244_005-300x225.jpg\" alt=\"\" width=\"300\" height=\"225\" srcset=\"https:\/\/www.radiopiu.net\/wordpress\/wp-content\/uploads\/2021\/09\/salt_20210921_110244_005-300x225.jpg 300w, https:\/\/www.radiopiu.net\/wordpress\/wp-content\/uploads\/2021\/09\/salt_20210921_110244_005-1024x768.jpg 1024w, https:\/\/www.radiopiu.net\/wordpress\/wp-content\/uploads\/2021\/09\/salt_20210921_110244_005-768x576.jpg 768w, https:\/\/www.radiopiu.net\/wordpress\/wp-content\/uploads\/2021\/09\/salt_20210921_110244_005-1536x1152.jpg 1536w, https:\/\/www.radiopiu.net\/wordpress\/wp-content\/uploads\/2021\/09\/salt_20210921_110244_005-2048x1536.jpg 2048w\" sizes=\"auto, (max-width: 300px) 100vw, 300px\" \/><\/a><\/p>\n<p>Ed \u00e8 lungo il sentiero basso, poco dopo le cascate verso il Bivacco Comici, che la ragazza ha iniziato a rispondere ai richiami. Seguendo una traccia, era scesa una cinquantina di metri in mezzo ai baranci e l\u00ec si era fermata incapace di muoversi. Indossava la frontale e appena si \u00e8 girata verso di loro, la squadra l&#8217;ha individuata. Una volta da lei, i soccorritori hanno appurato stesse bene, pur infreddolita e bagnata. Le hanno quindi dato abbigliamento caldo e asciutto e la hanno aiutata a salire sul sentiero. Da l\u00ec la hanno accompagnata a Forcella Grande per ricongiungersi con gli altri soccorritori e scendere al San Marco, dove sono arrivati alle 3.30 circa. Per verificare l&#8217;escursionista non avesse intrapreso il percorso che porta a Palus San Marco anzich\u00e9 quello verso Forcella Grande all&#8217;uscita del Minazio, una squadra del Soccorso alpino di Auronzo era inoltre risalita per la Val di San Vito.<\/p>\n<p>&nbsp;<\/p>\n<p>&nbsp;<\/p>\n<p>&nbsp;<\/p>\n<hr \/>\n<blockquote>\n<h3><\/h3>\n<h3>INFORTUNIO SULLA FERRATA LIPELLA<\/h3>\n<\/blockquote>\n<p><strong><img loading=\"lazy\" decoding=\"async\" class=\"alignleft\" src=\"https:\/\/www.radiopiu.net\/wordpress\/wp-content\/uploads\/2021\/09\/adcb9e77-3c9c-4846-9642-28141be86576.jpg\" width=\"205\" height=\"115\" \/>CORTINA<\/strong>\u00a0 Attorno alle 14.10, la Centrale del 118 \u00e8 stata allertata per un&#8217;escursionista, che si era fatta male nella parte finale della Ferrata Lipella sulla Tofana di Rozes. La trentatreenne residente in Svizzera, che era con il compagno, era infatti scivolata per alcuni metri, riportando escoriazioni e la probabile rottura di un gomito. Individuata a 2.900 metri di quota dall&#8217;elicottero del Suem di Pieve di Cadore, \u00e8 stata recuperata dal tecnico di elisoccorso con un verricello di 40 metri, cos\u00ec come anche l&#8217;uomo in una seconda rotazione. L&#8217;infortunata \u00e8 stata poi trasportata all&#8217;ospedale di Belluno.<\/p>\n<p>&nbsp;<\/p>\n<p>&nbsp;<\/p>\n<hr \/>\n<p><em>\u00a0<\/em><\/p>\n<p>&nbsp;<\/p>\n<blockquote>\n<h3><a href=\"https:\/\/www.radiopiu.net\/wordpress\/giacomo-dove-sei-bellunese-scomparso-a-milano\/242395190_4738693336181651_8321149791900266454_n\/\" rel=\"attachment wp-att-233120\"><img loading=\"lazy\" decoding=\"async\" class=\"wp-image-233120 alignleft\" src=\"https:\/\/www.radiopiu.net\/wordpress\/wp-content\/uploads\/2021\/09\/242395190_4738693336181651_8321149791900266454_n.jpg\" alt=\"\" width=\"259\" height=\"194\" srcset=\"https:\/\/www.radiopiu.net\/wordpress\/wp-content\/uploads\/2021\/09\/242395190_4738693336181651_8321149791900266454_n.jpg 720w, https:\/\/www.radiopiu.net\/wordpress\/wp-content\/uploads\/2021\/09\/242395190_4738693336181651_8321149791900266454_n-300x225.jpg 300w\" sizes=\"auto, (max-width: 259px) 100vw, 259px\" \/><\/a>GIACOMO DOVE SEI? BELLUNESE SCOMPARSO A MILANO<\/h3>\n<p><em>Giacomo Sartori si era trasferito a Milano tre anni fa, dapprima per motivi di studio, poi per lavoro. A febbraio di quest&#8217;anno il ragazzo ha trovato occupazione in citt\u00e0 come impiegato al Centro Software srl<\/em><\/p><\/blockquote>\n<p><strong>BORGO VALBELLUNA_MILANO<\/strong> Eleonora Dall&#8217;Armi Gobbo ha lanciato un appello gi\u00e0 condiviso sui social. Giacomo Sartori \u00e8 un\u00a0 ragazzo \u00e8 di Mel, \u00e8 scomparso a Milano. Ecco il perch\u00e9 dell&#8217;appello e della richiesta di collaborazione che condividiamo: scomparso il 17 settembre da Milano. Altezza 1m75, peso 68kg. E&#8217; senza documenti, forse alla guida di una Polo di colore grigio scuro targa GF905VY.<br \/>\nChiunque lo vedesse contatti il 112.<\/p>\n<p><strong>IL FRATELLO: <em>venerd\u00ec \u00e8 andato in un Bar a Milano, ha appoggiato lo zainetto a terra con portafoglio, computer, documenti e gli \u00e8 stato rubato. E&#8217; rimasto molto male, alle 23.30 ha lasciato il Bar e da allora non abbiamo pi\u00f9 notizie&#8221;.<\/em><\/strong><\/p>\n<hr \/>\n<p>&nbsp;<\/p>\n<h3>DOMANI I FUNERALI DI PATRICK SCHIEVENIN IL CUOCO DELL&#8217;ALPEN ROSE DI\u00a0 ARABBA<\/h3>\n<p><a href=\"https:\/\/www.radiopiu.net\/wordpress\/giornale-radiopiu-22-settembre-2021-direttore-mirko-mezzacasa\/07f7a236-8844-4981-90e2-c0ae345e80ca-2\/\" rel=\"attachment wp-att-233183\"><img loading=\"lazy\" decoding=\"async\" class=\"wp-image-233183 alignleft\" src=\"https:\/\/www.radiopiu.net\/wordpress\/wp-content\/uploads\/2021\/09\/07f7a236-8844-4981-90e2-c0ae345e80ca-1-300x169.jpg\" alt=\"\" width=\"140\" height=\"79\" srcset=\"https:\/\/www.radiopiu.net\/wordpress\/wp-content\/uploads\/2021\/09\/07f7a236-8844-4981-90e2-c0ae345e80ca-1-300x169.jpg 300w, https:\/\/www.radiopiu.net\/wordpress\/wp-content\/uploads\/2021\/09\/07f7a236-8844-4981-90e2-c0ae345e80ca-1-1024x576.jpg 1024w, https:\/\/www.radiopiu.net\/wordpress\/wp-content\/uploads\/2021\/09\/07f7a236-8844-4981-90e2-c0ae345e80ca-1-768x432.jpg 768w, https:\/\/www.radiopiu.net\/wordpress\/wp-content\/uploads\/2021\/09\/07f7a236-8844-4981-90e2-c0ae345e80ca-1-1536x864.jpg 1536w, https:\/\/www.radiopiu.net\/wordpress\/wp-content\/uploads\/2021\/09\/07f7a236-8844-4981-90e2-c0ae345e80ca-1.jpg 1599w\" sizes=\"auto, (max-width: 140px) 100vw, 140px\" \/><\/a><strong>QUERO VAS<\/strong> Domani alle 15 saranno celebrati i funerali di Patrick Schievenin morto a soli 40 anni per una malattia incurabile con la quale combatteva da 10 anni. Lavorava come cuoco ad Arabba di Livinallongo all&#8217;Hotel Alpenrose. Lascia la mamma Beatri, il pap\u00e0 Gerardo.<\/p>\n<p>&nbsp;<\/p>\n<p>&nbsp;<\/p>\n<hr \/>\n<p>&nbsp;<\/p>\n<h3>LA SCOMPARSA DI GIANPIETRO FANT<\/h3>\n<p><a href=\"https:\/\/www.radiopiu.net\/wordpress\/giornale-radiopiu-22-settembre-2021-direttore-mirko-mezzacasa\/980c30c3-4148-4f59-8cf1-7fa7c07a17bd\/\" rel=\"attachment wp-att-233184\"><img loading=\"lazy\" decoding=\"async\" class=\"wp-image-233184 alignleft\" src=\"https:\/\/www.radiopiu.net\/wordpress\/wp-content\/uploads\/2021\/09\/980c30c3-4148-4f59-8cf1-7fa7c07a17bd-300x169.jpg\" alt=\"\" width=\"153\" height=\"86\" srcset=\"https:\/\/www.radiopiu.net\/wordpress\/wp-content\/uploads\/2021\/09\/980c30c3-4148-4f59-8cf1-7fa7c07a17bd-300x169.jpg 300w, https:\/\/www.radiopiu.net\/wordpress\/wp-content\/uploads\/2021\/09\/980c30c3-4148-4f59-8cf1-7fa7c07a17bd-1024x576.jpg 1024w, https:\/\/www.radiopiu.net\/wordpress\/wp-content\/uploads\/2021\/09\/980c30c3-4148-4f59-8cf1-7fa7c07a17bd-768x432.jpg 768w, https:\/\/www.radiopiu.net\/wordpress\/wp-content\/uploads\/2021\/09\/980c30c3-4148-4f59-8cf1-7fa7c07a17bd-1536x864.jpg 1536w, https:\/\/www.radiopiu.net\/wordpress\/wp-content\/uploads\/2021\/09\/980c30c3-4148-4f59-8cf1-7fa7c07a17bd.jpg 1599w\" sizes=\"auto, (max-width: 153px) 100vw, 153px\" \/><\/a><strong>LIMANA<\/strong>Gianpietro Fant non c&#8217;\u00e8 pi\u00f9, aveva 69 anni, imprenditore della Didieffe di Cesiomaggiore.\u00a0 Il funerale sar\u00e0 celebrato domani alle 15. La biblioteca di Limana, ha affidato ai social il suo pensiero: <em>\u00abCi mancher\u00e0 molto Gianpietro, persona di grande cultura che ha dato molto alla comunit\u00e0 limanese. Mi rattrista molto la sua perdita. Condoglianze a tutta la famiglia\u00bb.<\/em>\u00a0 \u00a0Gianpietro Fant lascia la moglie Marilena con i figli Veronica, Margherita con Sul, Davide con Isabel e il piccolo Isaac<\/p>\n<p>&nbsp;<\/p>\n<hr \/>\n<p>&nbsp;<\/p>\n<blockquote>\n<h3>I SOCI DEL GIROTONDO (I COMUNI) AFFIDANO AD ASCA LA GESTIONE DEL MICRONIDO &#8220;GIROTONDO&#8221; A GARANZIA DI RISPARMIO<\/h3>\n<\/blockquote>\n<p><a href=\"https:\/\/www.radiopiu.net\/wordpress\/giornale-radiopiu-22-settembre-2021-direttore-mirko-mezzacasa\/baby-1733367_960_720\/\" rel=\"attachment wp-att-233150\"><img loading=\"lazy\" decoding=\"async\" class=\" wp-image-233150 alignleft\" src=\"https:\/\/www.radiopiu.net\/wordpress\/wp-content\/uploads\/2021\/09\/baby-1733367_960_720-300x199.jpg\" alt=\"\" width=\"231\" height=\"153\" srcset=\"https:\/\/www.radiopiu.net\/wordpress\/wp-content\/uploads\/2021\/09\/baby-1733367_960_720-300x199.jpg 300w, https:\/\/www.radiopiu.net\/wordpress\/wp-content\/uploads\/2021\/09\/baby-1733367_960_720-768x510.jpg 768w, https:\/\/www.radiopiu.net\/wordpress\/wp-content\/uploads\/2021\/09\/baby-1733367_960_720.jpg 960w\" sizes=\"auto, (max-width: 231px) 100vw, 231px\" \/><\/a><\/p>\n<p>&nbsp;<\/p>\n<p><strong>FALCADE<\/strong> I tre Comuni della Valle del Biois con Alleghe, Cencenighe e San Tomaso fanno squadra con Asca per la gestione del micronido Girotondo. Il sindaco annuncia risparmi fino a 20mila euro.<\/p>\n<p><strong>DI GIANNI SANTOMASO<\/strong><\/p>\n<audio class=\"wp-audio-shortcode\" id=\"audio-233071-3\" preload=\"none\" style=\"width: 100%;\" controls=\"controls\"><source type=\"audio\/mpeg\" src=\"https:\/\/www.radiopiu.net\/wordpress\/wp-content\/uploads\/2021\/09\/GIANNI-MICRONIDO.mp3?_=3\" \/><a href=\"https:\/\/www.radiopiu.net\/wordpress\/wp-content\/uploads\/2021\/09\/GIANNI-MICRONIDO.mp3\">https:\/\/www.radiopiu.net\/wordpress\/wp-content\/uploads\/2021\/09\/GIANNI-MICRONIDO.mp3<\/a><\/audio>\n<p><strong>L&#8217;INTERVENTO DEL SINDACO, MICHELE COSTA DAL CONSIGLIO COMUNALE<\/strong><\/p>\n<audio class=\"wp-audio-shortcode\" id=\"audio-233071-4\" preload=\"none\" style=\"width: 100%;\" controls=\"controls\"><source type=\"audio\/mpeg\" src=\"https:\/\/www.radiopiu.net\/wordpress\/wp-content\/uploads\/2021\/09\/micronido-falcade.mp3?_=4\" \/><a href=\"https:\/\/www.radiopiu.net\/wordpress\/wp-content\/uploads\/2021\/09\/micronido-falcade.mp3\">https:\/\/www.radiopiu.net\/wordpress\/wp-content\/uploads\/2021\/09\/micronido-falcade.mp3<\/a><\/audio>\n<p>&nbsp;<\/p>\n<p>&nbsp;<\/p>\n<hr \/>\n<p>&nbsp;<\/p>\n<p>&nbsp;<\/p>\n<blockquote><p><strong><img loading=\"lazy\" decoding=\"async\" class=\"alignleft\" src=\"https:\/\/www.radiopiu.net\/wordpress\/wp-content\/uploads\/2021\/07\/FALCADE_ESTATE-2990.jpg\" width=\"221\" height=\"147\" \/><\/strong><\/p>\n<p>&nbsp;<\/p>\n<p><strong>FALCADE<\/strong> Spronato dalla minoranza il sindaco di Falcade ha risposto a due domande, la prima di Flavio Murer relativa agli schianti di vaia, la seconda di Cesare Bon sui parcheggi per disabili. Lo sfogo del sindaco <em>&#8220;In tempi di covid \u00e8 da maggio che sul sito del Comune che gli appuntamenti si prendono al telefono&#8221;\u00a0<\/em><\/p>\n<p>&nbsp;<\/p><\/blockquote>\n<p><strong>SCHIANTI<\/strong><\/p>\n<audio class=\"wp-audio-shortcode\" id=\"audio-233071-5\" preload=\"none\" style=\"width: 100%;\" controls=\"controls\"><source type=\"audio\/mpeg\" src=\"https:\/\/www.radiopiu.net\/wordpress\/wp-content\/uploads\/2021\/09\/falcade-vaia.mp3?_=5\" \/><a href=\"https:\/\/www.radiopiu.net\/wordpress\/wp-content\/uploads\/2021\/09\/falcade-vaia.mp3\">https:\/\/www.radiopiu.net\/wordpress\/wp-content\/uploads\/2021\/09\/falcade-vaia.mp3<\/a><\/audio>\n<p>&nbsp;<\/p>\n<p><strong>PARCHEGGI<\/strong><\/p>\n<audio class=\"wp-audio-shortcode\" id=\"audio-233071-6\" preload=\"none\" style=\"width: 100%;\" controls=\"controls\"><source type=\"audio\/mpeg\" src=\"https:\/\/www.radiopiu.net\/wordpress\/wp-content\/uploads\/2021\/09\/parcheggi-falcade.mp3?_=6\" \/><a href=\"https:\/\/www.radiopiu.net\/wordpress\/wp-content\/uploads\/2021\/09\/parcheggi-falcade.mp3\">https:\/\/www.radiopiu.net\/wordpress\/wp-content\/uploads\/2021\/09\/parcheggi-falcade.mp3<\/a><\/audio>\n<p>&nbsp;<\/p>\n<p>&nbsp;<\/p>\n<hr \/>\n<p>&nbsp;<\/p>\n<blockquote>\n<h3>IL SINDACO MICHELE COSTA &#8220;PARLARE CON LA TELECOM E&#8217; SOLO UNA PERDITA DI TEMPO&#8221;<\/h3>\n<\/blockquote>\n<p><strong>FALCADE\u00a0<\/strong> Nel consiglio comunale di Falcade Flavio Murer dagli scranni dell&#8217;opposizione ha metto in evidenza lo stato di precariet\u00e0 dei cavi di media tensione ad altezza uomo (pericolo di morte segnalato con tanto di cartelli), ma anche\u00a0 dei problemi riscontrati sugli impianti delle compagnie telefoniche <em>&#8220;Parlare con la Telecom \u00e8 tempo perso&#8221;\u00a0<\/em> Il sindaco Michele Costa\u00a0 ha chiamato in causa i portatori di interesse <em>&#8220;Si chiama in causa sempre e solo il Comune&#8221;\u00a0<\/em><\/p>\n<p>&nbsp;<\/p>\n<p><strong>audio, L&#8217;INTERVENTO DI FLAVIO MURER, risposta del sindaco MICHELE COSTA\u00a0<\/strong><\/p>\n<audio class=\"wp-audio-shortcode\" id=\"audio-233071-7\" preload=\"none\" style=\"width: 100%;\" controls=\"controls\"><source type=\"audio\/mpeg\" src=\"https:\/\/www.radiopiu.net\/wordpress\/wp-content\/uploads\/2021\/09\/telecom-e-cavi-a-terra.mp3?_=7\" \/><a href=\"https:\/\/www.radiopiu.net\/wordpress\/wp-content\/uploads\/2021\/09\/telecom-e-cavi-a-terra.mp3\">https:\/\/www.radiopiu.net\/wordpress\/wp-content\/uploads\/2021\/09\/telecom-e-cavi-a-terra.mp3<\/a><\/audio>\n<p>&nbsp;<\/p>\n<p><span style=\"color: #ff0000;\">ARCHIVIO RADIO PIU, 20 GIUGNO 2021 GIORNALE RADIOPIU<\/span><\/p>\n<blockquote>\n<h3>CAVO DA &#8220;PERICOLO DI MORTE&#8221; AD ALTEZZA CAVIGLIE<\/h3>\n<\/blockquote>\n<p><strong>FALCADE<\/strong>\u00a0 Per un tratto la linea passa tra i rami del bosco, poco sopra il piano calpestabile, ma cartelli giallo fiammante informano &#8220;Pericolo di morte&#8221;, quindi l&#8217;invito a stare lontani \u00e8 evidente. Lo \u00e8 meno nella piazzola a lato della regionale 346 che scende dal Passo San Pellegrino, palo a terra e cavo ad altezza caviglie, peggio\u00a0 alle ruote dell&#8217;auto. Cartelli gialli nella piazzola che pu\u00f2 diventare di sosta non se ne vedono.<\/p>\n\n\t\t\t<style type='text\/css'>\n\t\t\t\t#gallery-1 {\n\t\t\t\t\tmargin: auto;\n\t\t\t\t}\n\t\t\t\t#gallery-1 .gallery-item {\n\t\t\t\t\tfloat: left;\n\t\t\t\t\tmargin-top: 10px;\n\t\t\t\t\ttext-align: center;\n\t\t\t\t\twidth: 50%;\n\t\t\t\t}\n\t\t\t\t#gallery-1 img {\n\t\t\t\t\tborder: 2px solid #cfcfcf;\n\t\t\t\t}\n\t\t\t\t#gallery-1 .gallery-caption {\n\t\t\t\t\tmargin-left: 0;\n\t\t\t\t}\n\t\t\t\t\/* see gallery_shortcode() in wp-includes\/media.php *\/\n\t\t\t<\/style>\n\t\t<div id='gallery-1' class='dt-gallery-container gallery galleryid-233071 gallery-columns-2 gallery-size-large'><dl class='gallery-item'>\n\t\t\t\t<dt class='gallery-icon landscape'>\n\t\t\t\t\t<a class=\"rollover rollover-zoom dt-pswp-item\" title=\"37920662-4fdc-4126-8366-08ca4a7d5d50\" data-dt-img-description=\"\" data-large_image_width=\"1920\" data-large_image_height=\"1080\"href='https:\/\/www.radiopiu.net\/wordpress\/wp-content\/uploads\/2021\/06\/37920662-4fdc-4126-8366-08ca4a7d5d50-1.jpg'><img loading=\"lazy\" decoding=\"async\" width=\"1024\" height=\"576\" src=\"https:\/\/www.radiopiu.net\/wordpress\/wp-content\/uploads\/2021\/06\/37920662-4fdc-4126-8366-08ca4a7d5d50-1-1024x576.jpg\" class=\"attachment-large size-large\" alt=\"\" srcset=\"https:\/\/www.radiopiu.net\/wordpress\/wp-content\/uploads\/2021\/06\/37920662-4fdc-4126-8366-08ca4a7d5d50-1-1024x576.jpg 1024w, https:\/\/www.radiopiu.net\/wordpress\/wp-content\/uploads\/2021\/06\/37920662-4fdc-4126-8366-08ca4a7d5d50-1-300x169.jpg 300w, https:\/\/www.radiopiu.net\/wordpress\/wp-content\/uploads\/2021\/06\/37920662-4fdc-4126-8366-08ca4a7d5d50-1-768x432.jpg 768w, https:\/\/www.radiopiu.net\/wordpress\/wp-content\/uploads\/2021\/06\/37920662-4fdc-4126-8366-08ca4a7d5d50-1-1536x864.jpg 1536w, https:\/\/www.radiopiu.net\/wordpress\/wp-content\/uploads\/2021\/06\/37920662-4fdc-4126-8366-08ca4a7d5d50-1.jpg 1920w\" sizes=\"auto, (max-width: 1024px) 100vw, 1024px\" \/><\/a>\n\t\t\t\t<\/dt><\/dl><dl class='gallery-item'>\n\t\t\t\t<dt class='gallery-icon landscape'>\n\t\t\t\t\t<a class=\"rollover rollover-zoom dt-pswp-item\" title=\"d3056bb0-6d01-4764-b311-3b8f1bd96338\" data-dt-img-description=\"\" data-large_image_width=\"1920\" data-large_image_height=\"1080\"href='https:\/\/www.radiopiu.net\/wordpress\/wp-content\/uploads\/2021\/06\/d3056bb0-6d01-4764-b311-3b8f1bd96338-1.jpg'><img loading=\"lazy\" decoding=\"async\" width=\"1024\" height=\"576\" src=\"https:\/\/www.radiopiu.net\/wordpress\/wp-content\/uploads\/2021\/06\/d3056bb0-6d01-4764-b311-3b8f1bd96338-1-1024x576.jpg\" class=\"attachment-large size-large\" alt=\"\" srcset=\"https:\/\/www.radiopiu.net\/wordpress\/wp-content\/uploads\/2021\/06\/d3056bb0-6d01-4764-b311-3b8f1bd96338-1-1024x576.jpg 1024w, https:\/\/www.radiopiu.net\/wordpress\/wp-content\/uploads\/2021\/06\/d3056bb0-6d01-4764-b311-3b8f1bd96338-1-300x169.jpg 300w, https:\/\/www.radiopiu.net\/wordpress\/wp-content\/uploads\/2021\/06\/d3056bb0-6d01-4764-b311-3b8f1bd96338-1-768x432.jpg 768w, https:\/\/www.radiopiu.net\/wordpress\/wp-content\/uploads\/2021\/06\/d3056bb0-6d01-4764-b311-3b8f1bd96338-1-1536x864.jpg 1536w, https:\/\/www.radiopiu.net\/wordpress\/wp-content\/uploads\/2021\/06\/d3056bb0-6d01-4764-b311-3b8f1bd96338-1.jpg 1920w\" sizes=\"auto, (max-width: 1024px) 100vw, 1024px\" \/><\/a>\n\t\t\t\t<\/dt><\/dl><br style=\"clear: both\" \/>\n\t\t\t<\/div>\n\n<p>&nbsp;<\/p>\n<p>&nbsp;<\/p>\n<p>&nbsp;<\/p>\n<p>&nbsp;<\/p>\n<hr \/>\n<div><\/div>\n<div><\/div>\n<div><\/div>\n<blockquote>\n<h3>NEONATO IN TERAPIA INTENSIVA, DA VENEZIA IL PUNTO STAMPA DI ZAIA<\/h3>\n<\/blockquote>\n<p><span style=\"color: #ff0000;\"><strong>IL BOLLETTINO NUOVO AGGIORNAMENTO<\/strong><span style=\"color: #000000;\"> POSITIVI DAL 21 FEBBRAIO <\/span><\/span>465869 <span style=\"color: #000000;\">(+457), POSITIVI ATTUALI\u00a0 <\/span>11948 (+246)<span style=\"color: #000000;\">\u00a0 DECEDUTI <\/span><span style=\"color: #000000;\">11742 (+3), RICOVERATI ) IN AREA NON CRITICA 272 (+4) TERAPIA INTENSIVA\u00a0 62(+3) Incidenza a 0,85%.<\/span><\/p>\n<p><strong>\u00a0<\/strong><strong>IN PROVINCIA DI BELLUNO\u00a0<\/strong> 22538\u00a0 \u00a0positivi (+11), attualmente positivi 224\u00a0 (+2)\u00a0 Ricoverati Ospedale di Belluno 10 (+2)\u00a0 terapia intensiva 2 ()<\/p>\n<p><strong>VENEZIA<\/strong> Dalla conferenza stampa di Marghera la notizia: un neonato \u00e8 ricoverato in gravi condizioni in una delle terapie intensive del Veneto. La mamma, non vaccinata, era risultata positiva al Coronavirus, poi negativizzandosi.\u00a0 <em>&#8220;Inizialmente l&#8217;indicazione era attendere ora si spinge per la vaccinazione anche delle donne in gravidanza&#8221;.<\/em> Zaia ha sottolineato il solito refrain sul come il vaccino sia volontario ma quanto sia importante informare per una scelta in autonomia.\u00a0 Nelle terapie intensive del Veneto ci sono molti 50enni e 40enni non vaccinati e senza patologie pregresse, hanno sviluppato la malattia in modo grave.\u00a0 A fine conferenza Zaia ha anche salutato il portavoce, Carlo Parmeggiani, che andr\u00e0 in pensione dal primo ottobre prossimo.\u00a0 <strong>TERZA DOSE<\/strong> da pianificare subito dagli over 80, e poi per fascia d&#8217;et\u00e0.\u00a0 Immagino che anche i \u00a0medici immunizzati nove mesi fa avranno un calo nella protezione. Non vogliamo affrontare l&#8217;inverno con anziani e sanitari con copertura anticorpale bassa\u00bb. <strong>PRESTAZIONI ESTERNE<\/strong> i direttori hanno l&#8217;ordine di comprare prestazioni anche da cliniche private pur di recuperare l&#8217;arretrato.<\/p>\n<p><a href=\"https:\/\/www.facebook.com\/zaiaufficiale\/videos\/381381377039382\">https:\/\/www.facebook.com\/zaiaufficiale\/videos\/381381377039382<\/a><\/p>\n<p>&nbsp;<\/p>\n<hr \/>\n<p>&nbsp;<\/p>\n<h3>VACCINAZIONI IN PROVINCIA, IL PUNTO\u00a0 <span style=\"font-family: Calibri, serif;\">Ad oggi, le dosi somministrate in <\/span><span style=\"color: #000000;\"><span style=\"font-family: Calibri, serif;\">Ulss Dolomiti<\/span><\/span><span style=\"font-family: Calibri, serif;\"> sono circa 2<\/span><span style=\"color: #000000;\"><span style=\"font-family: Calibri, serif;\"><span style=\"font-size: medium;\"><span lang=\"it-IT\">72<\/span><\/span><\/span><\/span> <span style=\"font-family: Calibri, serif;\">mila. <\/span><span style=\"font-family: Calibri, serif;\">Il <\/span><span style=\"color: #000000;\"><span style=\"font-family: Calibri, serif;\"><b>7<\/b><\/span><\/span><span style=\"color: #000000;\"><span style=\"font-family: Calibri, serif;\"><span style=\"font-size: medium;\"><span lang=\"it-IT\"><b>9,2<\/b><\/span><\/span><\/span><\/span><span style=\"font-family: Calibri, serif;\"><b>%<\/b><\/span><span style=\"font-family: Calibri, serif;\"> ( pari a 14<\/span><span style=\"color: #000000;\"><span style=\"font-family: Calibri, serif;\"><span style=\"font-size: medium;\"><span lang=\"it-IT\">3.282<\/span><\/span><\/span><\/span><span style=\"font-family: Calibri, serif;\"> persone ) della popolazione vaccinabile in Ulss Dolomiti, ha eseguito almeno una dose di vaccino anti covid. Il <\/span><span style=\"color: #000000;\"><span style=\"font-family: Calibri, serif;\"><b>7<\/b><\/span><\/span><span style=\"color: #000000;\"><span style=\"font-family: Calibri, serif;\"><span style=\"font-size: medium;\"><span lang=\"it-IT\"><b>6<\/b><\/span><\/span><\/span><\/span><span style=\"font-family: Calibri, serif;\"><b>% <\/b><\/span><span style=\"font-family: Calibri, serif;\">della popolazione ha ricevuto il ciclo completo di vaccinazione.<\/span><\/h3>\n<table style=\"height: 430px;\" border=\"1\" width=\"446\" rules=\"GROUPS\" cellspacing=\"0\" cellpadding=\"5\">\n<tbody>\n<tr valign=\"BOTTOM\">\n<td width=\"77\" height=\"50\"><span style=\"color: #000000;\">et\u00e0<\/span><\/td>\n<td bgcolor=\"#00b0f0\" width=\"73\"><span style=\"color: #000000;\">popolazione ISTAT<\/span><\/td>\n<td bgcolor=\"#00b0f0\" width=\"100\"><span style=\"color: #000000;\">Almeno una dose<\/span><\/td>\n<td bgcolor=\"#00b0f0\" width=\"144\"><span style=\"color: #000000;\">% copertura almeno una dose<\/span><\/td>\n<\/tr>\n<tr valign=\"BOTTOM\">\n<td width=\"77\" height=\"10\"><span style=\"color: #000000;\">12-19 anni<\/span><\/td>\n<td width=\"73\">\n<p align=\"RIGHT\"><span style=\"color: #000000;\">14.207<\/span><\/p>\n<\/td>\n<td width=\"100\">\n<p align=\"RIGHT\"><span style=\"color: #000000;\"><span style=\"font-size: medium;\"><span lang=\"it-IT\">8847<\/span><\/span><\/span><\/p>\n<\/td>\n<td width=\"144\">\n<p align=\"RIGHT\"><span style=\"color: #000000;\"><span style=\"font-size: medium;\"><span lang=\"it-IT\">62,3<\/span><\/span><\/span><\/p>\n<\/td>\n<\/tr>\n<\/tbody>\n<tbody>\n<tr valign=\"BOTTOM\">\n<td width=\"77\" height=\"4\"><span style=\"color: #000000;\">20-29 anni<\/span><\/td>\n<td width=\"73\">\n<p align=\"RIGHT\"><span style=\"color: #000000;\">18.949<\/span><\/p>\n<\/td>\n<td width=\"100\">\n<p align=\"RIGHT\"><span style=\"color: #000000;\"><span style=\"font-size: medium;\"><span lang=\"it-IT\">13746<\/span><\/span><\/span><\/p>\n<\/td>\n<td width=\"144\">\n<p align=\"RIGHT\"><span style=\"color: #000000;\">72,5<\/span><\/p>\n<\/td>\n<\/tr>\n<\/tbody>\n<tbody>\n<tr valign=\"BOTTOM\">\n<td width=\"77\" height=\"7\"><span style=\"color: #000000;\">30-39 anni<\/span><\/td>\n<td width=\"73\">\n<p align=\"RIGHT\"><span style=\"color: #000000;\">19.848<\/span><\/p>\n<\/td>\n<td width=\"100\">\n<p align=\"RIGHT\"><span style=\"color: #000000;\"><span style=\"font-size: medium;\"><span lang=\"it-IT\">13441<\/span><\/span><\/span><\/p>\n<\/td>\n<td width=\"144\">\n<p align=\"RIGHT\"><span style=\"color: #000000;\">67,7<\/span><\/p>\n<\/td>\n<\/tr>\n<\/tbody>\n<tbody>\n<tr valign=\"BOTTOM\">\n<td width=\"77\" height=\"10\"><span style=\"color: #000000;\">40-49 anni<\/span><\/td>\n<td width=\"73\">\n<p align=\"RIGHT\"><span style=\"color: #000000;\">27.492<\/span><\/p>\n<\/td>\n<td width=\"100\">\n<p align=\"RIGHT\"><span style=\"color: #000000;\"><span style=\"font-size: medium;\"><span lang=\"it-IT\">19512<\/span><\/span><\/span><\/p>\n<\/td>\n<td width=\"144\">\n<p align=\"RIGHT\"><span style=\"color: #000000;\">71,0<\/span><\/p>\n<\/td>\n<\/tr>\n<\/tbody>\n<tbody>\n<tr valign=\"BOTTOM\">\n<td width=\"77\" height=\"12\"><span style=\"color: #000000;\">50-59 anni<\/span><\/td>\n<td width=\"73\">\n<p align=\"RIGHT\"><span style=\"color: #000000;\">33.218<\/span><\/p>\n<\/td>\n<td width=\"100\">\n<p align=\"RIGHT\"><span style=\"color: #000000;\"><span style=\"font-size: medium;\"><span lang=\"it-IT\">26233<\/span><\/span><\/span><\/p>\n<\/td>\n<td width=\"144\">\n<p align=\"RIGHT\"><span style=\"color: #000000;\"><span style=\"font-size: medium;\"><span lang=\"it-IT\">79,0<\/span><\/span><\/span><\/p>\n<\/td>\n<\/tr>\n<\/tbody>\n<tbody>\n<tr valign=\"BOTTOM\">\n<td width=\"77\" height=\"10\"><span style=\"color: #000000;\">over 60<\/span><\/td>\n<td width=\"73\">\n<p align=\"RIGHT\"><span style=\"color: #000000;\">68.678<\/span><\/p>\n<\/td>\n<td width=\"100\">\n<p align=\"RIGHT\"><span style=\"color: #000000;\"><span style=\"font-size: medium;\"><span lang=\"it-IT\">62678<\/span><\/span><\/span><\/p>\n<\/td>\n<td width=\"144\">\n<p align=\"RIGHT\"><span style=\"color: #000000;\">91,<\/span><span style=\"color: #000000;\"><span style=\"font-size: medium;\"><span lang=\"it-IT\">3<\/span><\/span><\/span><\/p>\n<\/td>\n<\/tr>\n<\/tbody>\n<tbody>\n<tr valign=\"BOTTOM\">\n<td width=\"77\" height=\"9\"><span style=\"color: #000000;\">TOTALE<\/span><\/td>\n<td width=\"73\">\n<p align=\"RIGHT\"><span style=\"color: #000000;\">182.392<\/span><\/p>\n<\/td>\n<td width=\"100\">\n<p align=\"RIGHT\"><span style=\"color: #000000;\"><span style=\"font-size: medium;\"><span lang=\"it-IT\">144456<\/span><\/span><\/span><\/p>\n<\/td>\n<td width=\"144\">\n<p align=\"RIGHT\"><span style=\"color: #000000;\"><span style=\"font-size: medium;\"><span lang=\"it-IT\"><b>79,2<\/b><\/span><\/span><\/span><\/p>\n<\/td>\n<\/tr>\n<\/tbody>\n<\/table>\n<table style=\"height: 414px;\" border=\"1\" width=\"368\" rules=\"GROUPS\" cellspacing=\"0\" cellpadding=\"5\">\n<colgroup>\n<col width=\"73\" \/>\n<col width=\"73\" \/> <\/colgroup>\n<colgroup>\n<col width=\"61\" \/> <\/colgroup>\n<colgroup>\n<col width=\"70\" \/> <\/colgroup>\n<colgroup>\n<col width=\"78\" \/> <\/colgroup>\n<colgroup>\n<col width=\"75\" \/> <\/colgroup>\n<colgroup>\n<col width=\"62\" \/> <\/colgroup>\n<colgroup>\n<col width=\"83\" \/> <\/colgroup>\n<tbody>\n<tr valign=\"BOTTOM\">\n<td width=\"73\" height=\"50\"><span style=\"color: #000000;\">et\u00e0<\/span><\/td>\n<td bgcolor=\"#00b0f0\" width=\"73\"><span style=\"color: #000000;\">popolazione ISTAT<\/span><\/td>\n<td bgcolor=\"#00b0f0\" width=\"61\"><span style=\"color: #000000;\">1 dose<\/span><\/td>\n<td bgcolor=\"#00b0f0\" width=\"70\"><span style=\"color: #000000;\">% copertura 1 dose<\/span><\/td>\n<td bgcolor=\"#00b0f0\" width=\"78\"><span style=\"color: #000000;\">cicli completi<\/span><\/td>\n<td bgcolor=\"#00b0f0\" width=\"75\"><span style=\"color: #000000;\">%copertura cicli completi<\/span><\/td>\n<td bgcolor=\"#00b0f0\" width=\"62\"><span style=\"color: #000000;\">ancora da vaccinare<\/span><\/td>\n<td bgcolor=\"#00b0f0\" width=\"83\"><span style=\"color: #000000;\">% ancora da vaccinare<\/span><\/td>\n<\/tr>\n<tr valign=\"BOTTOM\">\n<td width=\"73\" height=\"19\"><span style=\"color: #000000;\">12-19 anni<\/span><\/td>\n<td width=\"73\">\n<p align=\"RIGHT\"><span style=\"color: #000000;\">14.207<\/span><\/p>\n<\/td>\n<td width=\"61\">\n<p align=\"RIGHT\"><span style=\"color: #000000;\">1171<\/span><\/p>\n<\/td>\n<td width=\"70\">\n<p align=\"RIGHT\"><span style=\"color: #000000;\"><span style=\"font-size: small;\">8,2<\/span><\/span><\/p>\n<\/td>\n<td width=\"78\">\n<p align=\"RIGHT\"><span style=\"color: #000000;\"><span style=\"font-size: medium;\"><span lang=\"it-IT\">7676<\/span><\/span><\/span><\/p>\n<\/td>\n<td width=\"75\">\n<p align=\"RIGHT\"><span style=\"color: #000000;\">54<\/span><\/p>\n<\/td>\n<td width=\"62\">\n<p align=\"RIGHT\"><span style=\"color: #000000;\"><span style=\"font-size: small;\">5360<\/span><\/span><\/p>\n<\/td>\n<td width=\"83\">\n<p align=\"RIGHT\"><span style=\"color: #000000;\">37,7<\/span><\/p>\n<\/td>\n<\/tr>\n<\/tbody>\n<tbody>\n<tr valign=\"BOTTOM\">\n<td width=\"73\" height=\"10\"><span style=\"color: #000000;\">20-29 anni<\/span><\/td>\n<td width=\"73\">\n<p align=\"RIGHT\"><span style=\"color: #000000;\">18.949<\/span><\/p>\n<\/td>\n<td width=\"61\">\n<p align=\"RIGHT\"><span style=\"color: #000000;\"><span style=\"font-size: small;\">947<\/span><\/span><\/p>\n<\/td>\n<td width=\"70\">\n<p align=\"RIGHT\"><span style=\"color: #000000;\"><span style=\"font-size: small;\">5<\/span><\/span><\/p>\n<\/td>\n<td width=\"78\">\n<p align=\"RIGHT\"><span style=\"color: #000000;\"><span style=\"font-size: medium;\"><span lang=\"it-IT\">12799<\/span><\/span><\/span><\/p>\n<\/td>\n<td width=\"75\">\n<p align=\"RIGHT\"><span style=\"color: #000000;\">67,5<\/span><\/p>\n<\/td>\n<td width=\"62\">\n<p align=\"RIGHT\"><span style=\"color: #000000;\"><span style=\"font-size: small;\">5203<\/span><\/span><\/p>\n<\/td>\n<td width=\"83\">\n<p align=\"RIGHT\"><span style=\"color: #000000;\">27,5<\/span><\/p>\n<\/td>\n<\/tr>\n<\/tbody>\n<tbody>\n<tr valign=\"BOTTOM\">\n<td width=\"73\" height=\"10\"><span style=\"color: #000000;\">30-39 anni<\/span><\/td>\n<td width=\"73\">\n<p align=\"RIGHT\"><span style=\"color: #000000;\">19.848<\/span><\/p>\n<\/td>\n<td width=\"61\">\n<p align=\"RIGHT\"><span style=\"color: #000000;\"><span style=\"font-size: small;\">932<\/span><\/span><\/p>\n<\/td>\n<td width=\"70\">\n<p align=\"RIGHT\"><span style=\"color: #000000;\">4,7<\/span><\/p>\n<\/td>\n<td width=\"78\">\n<p align=\"RIGHT\"><span style=\"color: #000000;\"><span style=\"font-size: medium;\"><span lang=\"it-IT\">12509<\/span><\/span><\/span><\/p>\n<\/td>\n<td width=\"75\">\n<p align=\"RIGHT\"><span style=\"color: #000000;\">63<\/span><\/p>\n<\/td>\n<td width=\"62\">\n<p align=\"RIGHT\"><span style=\"color: #000000;\"><span style=\"font-size: small;\">6407<\/span><\/span><\/p>\n<\/td>\n<td width=\"83\">\n<p align=\"RIGHT\"><span style=\"color: #000000;\">32,3<\/span><\/p>\n<\/td>\n<\/tr>\n<\/tbody>\n<tbody>\n<tr valign=\"BOTTOM\">\n<td width=\"73\" height=\"10\"><span style=\"color: #000000;\">40-49 anni<\/span><\/td>\n<td width=\"73\">\n<p align=\"RIGHT\"><span style=\"color: #000000;\">27.492<\/span><\/p>\n<\/td>\n<td width=\"61\">\n<p align=\"RIGHT\"><span style=\"color: #000000;\"><span style=\"font-size: small;\">812<\/span><\/span><\/p>\n<\/td>\n<td width=\"70\">\n<p align=\"RIGHT\"><span style=\"color: #000000;\">3<\/span><\/p>\n<\/td>\n<td width=\"78\">\n<p align=\"RIGHT\"><span style=\"color: #000000;\"><span style=\"font-size: small;\"><span lang=\"it-IT\">18700<\/span><\/span><\/span><\/p>\n<\/td>\n<td width=\"75\">\n<p align=\"RIGHT\"><span style=\"color: #000000;\">68<\/span><\/p>\n<\/td>\n<td width=\"62\">\n<p align=\"RIGHT\"><span style=\"color: #000000;\"><span style=\"font-size: small;\">7980<\/span><\/span><\/p>\n<\/td>\n<td width=\"83\">\n<p align=\"RIGHT\"><span style=\"color: #000000;\">29<\/span><\/p>\n<\/td>\n<\/tr>\n<\/tbody>\n<tbody>\n<tr valign=\"BOTTOM\">\n<td width=\"73\" height=\"12\"><span style=\"color: #000000;\">50-59 anni<\/span><\/td>\n<td width=\"73\">\n<p align=\"RIGHT\"><span style=\"color: #000000;\">33.218<\/span><\/p>\n<\/td>\n<td width=\"61\">\n<p align=\"RIGHT\"><span style=\"color: #000000;\"><span style=\"font-size: small;\">754<\/span><\/span><\/p>\n<\/td>\n<td width=\"70\">\n<p align=\"RIGHT\">2,3<\/p>\n<\/td>\n<td width=\"78\">\n<p align=\"RIGHT\"><span style=\"color: #000000;\"><span style=\"font-size: medium;\"><span lang=\"it-IT\">25479<\/span><\/span><\/span><\/p>\n<\/td>\n<td width=\"75\">\n<p align=\"RIGHT\">76,7<\/p>\n<\/td>\n<td width=\"62\">\n<p align=\"RIGHT\"><span style=\"color: #000000;\"><span style=\"font-size: small;\">6985<\/span><\/span><\/p>\n<\/td>\n<td width=\"83\">\n<p align=\"RIGHT\">21<\/p>\n<\/td>\n<\/tr>\n<\/tbody>\n<tbody>\n<tr valign=\"BOTTOM\">\n<td width=\"73\" height=\"10\"><span style=\"color: #000000;\">over 60<\/span><\/td>\n<td width=\"73\">\n<p align=\"RIGHT\"><span style=\"color: #000000;\">68.678<\/span><\/p>\n<\/td>\n<td width=\"61\">\n<p align=\"RIGHT\"><span style=\"color: #000000;\"><span style=\"font-size: small;\">1290<\/span><\/span><\/p>\n<\/td>\n<td width=\"70\">\n<p align=\"RIGHT\"><span style=\"color: #000000;\"><span style=\"font-size: medium;\"><span lang=\"it-IT\">1,9<\/span><\/span><\/span><\/p>\n<\/td>\n<td width=\"78\">\n<p align=\"RIGHT\"><span style=\"color: #000000;\"><span style=\"font-size: medium;\"><span lang=\"it-IT\">61388<\/span><\/span><\/span><\/p>\n<\/td>\n<td width=\"75\">\n<p align=\"RIGHT\">8,9<\/p>\n<\/td>\n<td width=\"62\">\n<p align=\"RIGHT\"><span style=\"color: #000000;\"><span style=\"font-size: small;\"><span lang=\"it-IT\">6000<\/span><\/span><\/span><\/p>\n<\/td>\n<td width=\"83\">\n<p align=\"RIGHT\"><span style=\"color: #000000;\"><span style=\"font-size: medium;\"><span lang=\"it-IT\">8,7<\/span><\/span><\/span><\/p>\n<\/td>\n<\/tr>\n<\/tbody>\n<tbody>\n<tr valign=\"BOTTOM\">\n<td width=\"73\"><span style=\"color: #000000;\">TOTALE<\/span><\/td>\n<td width=\"73\">\n<p align=\"RIGHT\"><span style=\"color: #000000;\">182.392<\/span><\/p>\n<\/td>\n<td width=\"61\">\n<p align=\"RIGHT\"><span style=\"color: #000000;\">5906<\/span><\/p>\n<\/td>\n<td width=\"70\">\n<p align=\"RIGHT\"><span style=\"color: #000000;\"><span style=\"font-size: small;\">3,2<\/span><\/span><\/p>\n<\/td>\n<td width=\"78\">\n<p align=\"RIGHT\"><span style=\"color: #000000;\">138550<\/span><\/p>\n<\/td>\n<td width=\"75\">\n<p align=\"RIGHT\"><b>76<\/b><\/p>\n<\/td>\n<td width=\"62\">\n<p align=\"RIGHT\"><span style=\"color: #000000;\"><span style=\"font-size: small;\">37936<\/span><\/span><\/p>\n<\/td>\n<td width=\"83\">\n<p align=\"RIGHT\"><span style=\"color: #000000;\"><span style=\"font-size: medium;\"><span lang=\"it-IT\"><b>20,8<\/b><\/span><\/span><\/span><\/p>\n<\/td>\n<\/tr>\n<\/tbody>\n<\/table>\n<p>&nbsp;<\/p>\n<p>&nbsp;<\/p>\n<p>&nbsp;<\/p>\n<hr \/>\n<p>&nbsp;<\/p>\n<p>&nbsp;<\/p>\n<p>&nbsp;<\/p>\n<blockquote class=\"wp-embedded-content\" data-secret=\"PGMJmrhsAU\"><p><a href=\"https:\/\/www.radiopiu.net\/wordpress\/aggiornamentoset201\/\">CORONAVIRUS: AGGIORNAMENTO NAZIONALE 21 SETTEMBRE  2021<\/a><\/p><\/blockquote>\n<p><iframe loading=\"lazy\" class=\"wp-embedded-content\" sandbox=\"allow-scripts\" security=\"restricted\" style=\"position: absolute; clip: rect(1px, 1px, 1px, 1px);\" title=\"&#8220;CORONAVIRUS: AGGIORNAMENTO NAZIONALE 21 SETTEMBRE  2021&#8221; &#8212; Radio Pi\u00f9\" src=\"https:\/\/www.radiopiu.net\/wordpress\/aggiornamentoset201\/embed\/#?secret=PGMJmrhsAU\" data-secret=\"PGMJmrhsAU\" width=\"600\" height=\"338\" frameborder=\"0\" marginwidth=\"0\" marginheight=\"0\" scrolling=\"no\"><\/iframe><\/p>\n<p>&nbsp;<\/p>\n<blockquote class=\"wp-embedded-content\" data-secret=\"FPrY0smSc6\"><p><a href=\"https:\/\/www.radiopiu.net\/wordpress\/treszvs11aa\/\">TRE DECESSI IN OSPEDALE, 62 I PAZIENTI IN TERAPIA INTENSIVA<\/a><\/p><\/blockquote>\n<p><iframe loading=\"lazy\" class=\"wp-embedded-content\" sandbox=\"allow-scripts\" security=\"restricted\" style=\"position: absolute; clip: rect(1px, 1px, 1px, 1px);\" title=\"&#8220;TRE DECESSI IN OSPEDALE, 62 I PAZIENTI IN TERAPIA INTENSIVA&#8221; &#8212; Radio Pi\u00f9\" src=\"https:\/\/www.radiopiu.net\/wordpress\/treszvs11aa\/embed\/#?secret=FPrY0smSc6\" data-secret=\"FPrY0smSc6\" width=\"600\" height=\"338\" frameborder=\"0\" marginwidth=\"0\" marginheight=\"0\" scrolling=\"no\"><\/iframe><\/p>\n<p>&nbsp;<\/p>\n<blockquote>\n<h2>I GRAFICI DI TIZIANO DE COL<\/h2>\n<\/blockquote>\n\n\t\t\t<style type='text\/css'>\n\t\t\t\t#gallery-2 {\n\t\t\t\t\tmargin: auto;\n\t\t\t\t}\n\t\t\t\t#gallery-2 .gallery-item {\n\t\t\t\t\tfloat: left;\n\t\t\t\t\tmargin-top: 10px;\n\t\t\t\t\ttext-align: center;\n\t\t\t\t\twidth: 20%;\n\t\t\t\t}\n\t\t\t\t#gallery-2 img {\n\t\t\t\t\tborder: 2px solid #cfcfcf;\n\t\t\t\t}\n\t\t\t\t#gallery-2 .gallery-caption {\n\t\t\t\t\tmargin-left: 0;\n\t\t\t\t}\n\t\t\t\t\/* see gallery_shortcode() in wp-includes\/media.php *\/\n\t\t\t<\/style>\n\t\t<div id='gallery-2' class='dt-gallery-container gallery galleryid-233071 gallery-columns-5 gallery-size-thumbnail'><dl class='gallery-item'>\n\t\t\t\t<dt class='gallery-icon landscape'>\n\t\t\t\t\t<a class=\"rollover rollover-zoom dt-pswp-item\" title=\"39214845-357f-40af-ab0e-60a710b3ef8c\" data-dt-img-description=\"\" data-large_image_width=\"591\" data-large_image_height=\"362\"href='https:\/\/www.radiopiu.net\/wordpress\/wp-content\/uploads\/2021\/09\/39214845-357f-40af-ab0e-60a710b3ef8c.jpg'><img loading=\"lazy\" decoding=\"async\" width=\"150\" height=\"150\" src=\"https:\/\/www.radiopiu.net\/wordpress\/wp-content\/uploads\/2021\/09\/39214845-357f-40af-ab0e-60a710b3ef8c-150x150.jpg\" class=\"attachment-thumbnail size-thumbnail\" alt=\"\" \/><\/a>\n\t\t\t\t<\/dt><\/dl><dl class='gallery-item'>\n\t\t\t\t<dt class='gallery-icon landscape'>\n\t\t\t\t\t<a class=\"rollover rollover-zoom dt-pswp-item\" title=\"c431b791-04a2-4f2e-b82d-96b9c0160b87\" data-dt-img-description=\"\" data-large_image_width=\"602\" data-large_image_height=\"348\"href='https:\/\/www.radiopiu.net\/wordpress\/wp-content\/uploads\/2021\/09\/c431b791-04a2-4f2e-b82d-96b9c0160b87.jpg'><img loading=\"lazy\" decoding=\"async\" width=\"150\" height=\"150\" src=\"https:\/\/www.radiopiu.net\/wordpress\/wp-content\/uploads\/2021\/09\/c431b791-04a2-4f2e-b82d-96b9c0160b87-150x150.jpg\" class=\"attachment-thumbnail size-thumbnail\" alt=\"\" \/><\/a>\n\t\t\t\t<\/dt><\/dl><dl class='gallery-item'>\n\t\t\t\t<dt class='gallery-icon landscape'>\n\t\t\t\t\t<a class=\"rollover rollover-zoom dt-pswp-item\" title=\"7bfbebd6-a849-457e-a542-afffc692ad48\" data-dt-img-description=\"\" data-large_image_width=\"608\" data-large_image_height=\"363\"href='https:\/\/www.radiopiu.net\/wordpress\/wp-content\/uploads\/2021\/09\/7bfbebd6-a849-457e-a542-afffc692ad48.jpg'><img loading=\"lazy\" decoding=\"async\" width=\"150\" height=\"150\" src=\"https:\/\/www.radiopiu.net\/wordpress\/wp-content\/uploads\/2021\/09\/7bfbebd6-a849-457e-a542-afffc692ad48-150x150.jpg\" class=\"attachment-thumbnail size-thumbnail\" alt=\"\" \/><\/a>\n\t\t\t\t<\/dt><\/dl><dl class='gallery-item'>\n\t\t\t\t<dt class='gallery-icon landscape'>\n\t\t\t\t\t<a class=\"rollover rollover-zoom dt-pswp-item\" title=\"9d9debda-aca6-4e9a-88db-36139cefcfb7\" data-dt-img-description=\"\" data-large_image_width=\"608\" data-large_image_height=\"353\"href='https:\/\/www.radiopiu.net\/wordpress\/wp-content\/uploads\/2021\/09\/9d9debda-aca6-4e9a-88db-36139cefcfb7.jpg'><img loading=\"lazy\" decoding=\"async\" width=\"150\" height=\"150\" src=\"https:\/\/www.radiopiu.net\/wordpress\/wp-content\/uploads\/2021\/09\/9d9debda-aca6-4e9a-88db-36139cefcfb7-150x150.jpg\" class=\"attachment-thumbnail size-thumbnail\" alt=\"\" \/><\/a>\n\t\t\t\t<\/dt><\/dl><dl class='gallery-item'>\n\t\t\t\t<dt class='gallery-icon landscape'>\n\t\t\t\t\t<a class=\"rollover rollover-zoom dt-pswp-item\" title=\"23c525e9-c639-4ca8-a36d-d9a50bf01723\" data-dt-img-description=\"\" data-large_image_width=\"606\" data-large_image_height=\"358\"href='https:\/\/www.radiopiu.net\/wordpress\/wp-content\/uploads\/2021\/09\/23c525e9-c639-4ca8-a36d-d9a50bf01723.jpg'><img loading=\"lazy\" decoding=\"async\" width=\"150\" height=\"150\" src=\"https:\/\/www.radiopiu.net\/wordpress\/wp-content\/uploads\/2021\/09\/23c525e9-c639-4ca8-a36d-d9a50bf01723-150x150.jpg\" class=\"attachment-thumbnail size-thumbnail\" alt=\"\" \/><\/a>\n\t\t\t\t<\/dt><\/dl><br style=\"clear: both\" \/>\n\t\t\t<\/div>\n\n<p>&nbsp;<\/p>\n<hr \/>\n<p>&nbsp;<\/p>\n<p>&nbsp;<\/p>\n<blockquote>\n<h3>DILLO A RADIO PIU&#8217;&#8230; MAESTRI DI SCI E RISTORI UNA PESSIMA STORIA TUTTA ITALIANA<\/h3>\n<\/blockquote>\n<p>&nbsp;<\/p>\n<div>\n<p><strong>FALCADE<\/strong> Riceviamo e volentieri pubblichiamo le considerazioni del maestro di sci Fulvio Valt, della scuola Equipe di Falcade.<\/p>\n<blockquote><p><em><a href=\"https:\/\/www.radiopiu.net\/wordpress\/dillo-a-radio-piu-maestri-di-sci-e-ristori-una-pessima-storia-tutta-italiana-italiana\/valt-fulvio\/\" rel=\"attachment wp-att-233154\"><img loading=\"lazy\" decoding=\"async\" class=\" wp-image-233154 alignleft\" src=\"https:\/\/www.radiopiu.net\/wordpress\/wp-content\/uploads\/2021\/09\/VALT-FULVIO-200x300.jpg\" alt=\"\" width=\"148\" height=\"222\" srcset=\"https:\/\/www.radiopiu.net\/wordpress\/wp-content\/uploads\/2021\/09\/VALT-FULVIO-200x300.jpg 200w, https:\/\/www.radiopiu.net\/wordpress\/wp-content\/uploads\/2021\/09\/VALT-FULVIO.jpg 400w\" sizes=\"auto, (max-width: 148px) 100vw, 148px\" \/><\/a>Era il lontano 7 marzo 2020 quando veniva decretata dal Governo la chiusura degli impianti da sci in Italia, causa pandemia Covid-19. Sono passati circa 19 mesi di totale inattivit\u00e0 delle scuole di sci e dei loro maestri; \u00e8 passata anche la scorsa stagione invernale con una serie di promesse di aperture, mai mantenute. Nel frattempo un intenso lavoro da parte del Collegio Maestri di sci, Amsi e Anef ha permesso di riuscire a procedere con l\u2019assegnazione di cospicui sostegni dello stato per queste categorie, ma solo teoricamente finora!\u00a0 E\u2019 maggio 2021 quando un D.L. assegna 40 milioni di euro ai maestri e alle scuole di sci. E\u2019 luglio quando il decreto viene trasmesso al Ministero delle Finanze per la firma del Ministro. E\u2019 agosto quando la Corte dei Conti legittima il provvedimento.\u00a0 Ora tocca alle Regioni individuare i criteri e le modalit\u00e0 distributive dei ristori e solo successivamente erogare le risorse stanziate. Mancano chiaramente i tempi di erogazione\u2026E nel frattempo? Nel frattempo le scuole sci hanno dovuto cercare il modo di sopravvivere garantendosi le risorse, magari tramite l\u2019accesso a crediti bancari e con la speranza di poter iniziare una nuova stagione invernale per cominciare di nuovo a incassare qualche euro per far fronte alle spese. Peccato che ad oggi, a circa 2 mesi dall\u2019inizio della nuova stagione, non ci sia ancora nessuna certezza di poter iniziare a lavorare. Questa si chiamerebbe programmazione, cosa che probabilmente non \u00e8 contemplata nel vocabolario del Governo Italiano. Ognuno tragga le proprie conclusioni da questa pessima storia tutta italiana.<\/em><\/p><\/blockquote>\n<p>&nbsp;<\/p>\n<p>&nbsp;<\/p>\n<hr \/>\n<p>&nbsp;<\/p>\n<p>&nbsp;<\/p>\n<blockquote>\n<h3>Covid, D\u2019Inc\u00e0: \u201cAl Veneto quasi 23 milioni per le attivit\u00e0 economiche colpite dall\u2019emergenza: interventi anche per turismo, trasporti e parchi tematici\u201d<\/h3>\n<\/blockquote>\n<p><span style=\"color: #ff0000;\">LA DICHIARAZIONE DEL MINISTRO FEDERICO D&#8217;INCA&#8217;<\/span><\/p>\n<p><em><a href=\"https:\/\/www.radiopiu.net\/wordpress\/giornale-radiopiu-23-aprile-2020-direttore-mirko-mezzacasa\/federico-dinca-3\/\" rel=\"attachment wp-att-132319\"><img loading=\"lazy\" decoding=\"async\" class=\"wp-image-132319 alignleft\" src=\"https:\/\/www.radiopiu.net\/wordpress\/wp-content\/uploads\/2020\/04\/FEDERICO-DINCA-237x300.png\" alt=\"\" width=\"98\" height=\"124\" srcset=\"https:\/\/www.radiopiu.net\/wordpress\/wp-content\/uploads\/2020\/04\/FEDERICO-DINCA-237x300.png 237w, https:\/\/www.radiopiu.net\/wordpress\/wp-content\/uploads\/2020\/04\/FEDERICO-DINCA-808x1024.png 808w, https:\/\/www.radiopiu.net\/wordpress\/wp-content\/uploads\/2020\/04\/FEDERICO-DINCA-768x973.png 768w, https:\/\/www.radiopiu.net\/wordpress\/wp-content\/uploads\/2020\/04\/FEDERICO-DINCA.png 1018w\" sizes=\"auto, (max-width: 98px) 100vw, 98px\" \/><\/a>\u201cIl Veneto ricever\u00e0 quasi 23 milioni di euro per sostenere le attivit\u00e0 economiche che sono state colpite dall\u2019emergenza Covid. La ripartizione \u00e8 stata pubblicata in Gazzetta Ufficiale e appartiene al Fondo per il sostegno delle attivit\u00e0 economiche particolarmente colpite dall\u2019emergenza epidemiologica che, per il 2021, ha una dotazione di 340 milioni di euro a livello nazionale. Le risorse sono ripartite a favore delle categorie economiche, comprese le attivit\u00e0 commerciali o di ristorazione nei centri storici e nel settore dei matrimoni e degli eventi privati, ma anche per sostenere le imprese esercenti trasporto turistico di persone mediante autobus coperti. Inoltre si interviene a favore dei parchi tematici, acquari, parchi geologici e giardini zoologici. Il Governo, quindi, si continua a impegnare per dare un contributo ai settori rimasti fermi a causa della pandemia: una difficile situazione che questo esecutivo, assieme al precedente, ha affrontato nel corso dei mesi mettendo in campo importanti risorse tramite diversi provvedimenti. La vera sfida si dovr\u00e0 portare a termine e vincere necessariamente con la campagna vaccinale che sta raggiungendo risultati importanti e consentir\u00e0 il vero ritorno alla normalit\u00e0\u201d.<\/em><\/p>\n<p>&nbsp;<\/p>\n<p>&nbsp;<\/p>\n<\/div>\n<p>&nbsp;<\/p>\n<hr \/>\n<p>&nbsp;<\/p>\n<blockquote>\n<h3>GARANTITO L&#8217;AMBULATORIO DEL PEDIATRA A CAPRILE DI ALLEGHE<\/h3>\n<p><strong>DAL CORRIERE DELLE ALPI, GIANNI SANTOMASO\u00a0\u00a0<\/strong><\/p><\/blockquote>\n<audio class=\"wp-audio-shortcode\" id=\"audio-233071-8\" preload=\"none\" style=\"width: 100%;\" controls=\"controls\"><source type=\"audio\/mpeg\" src=\"https:\/\/www.radiopiu.net\/wordpress\/wp-content\/uploads\/2021\/09\/PEDIATRA.mp3?_=8\" \/><a href=\"https:\/\/www.radiopiu.net\/wordpress\/wp-content\/uploads\/2021\/09\/PEDIATRA.mp3\">https:\/\/www.radiopiu.net\/wordpress\/wp-content\/uploads\/2021\/09\/PEDIATRA.mp3<\/a><\/audio>\n<p>&nbsp;<\/p>\n<p lang=\"it-IT\" align=\"LEFT\"><strong><img loading=\"lazy\" decoding=\"async\" class=\"alignleft\" src=\"https:\/\/www.radiopiu.net\/wordpress\/wp-content\/uploads\/2021\/09\/doctor-6497498_960_720.jpg\" width=\"156\" height=\"112\" \/>BELLUNO\u00a0<\/strong> Con i primi giorni di ottobre\u00a0<span style=\"color: #222222;\"><span style=\"font-family: Calibri, serif;\"><span style=\"font-size: medium;\"><span lang=\"it-IT\"> la dottoressa Maria Tura cesser\u00e0 l&#8217;attivit\u00e0 di pediatra di libera scelta nell&#8217;Alto Agordino. <\/span><\/span><\/span><\/span><span style=\"color: #222222;\"><span style=\"font-family: Calibri, serif;\"><span style=\"font-size: medium;\">L&#8217;assistenza specialistica a carico del Servizio Sanitario Nazionale sar\u00e0 garantita attraverso i pediatri di libera scelta\u00a0 Filippina Trovato e Francesco Spacagna che garantiranno l&#8217;apertura dell&#8217;ambulatorio di Caprile per 4 giorni\u00a0 \u00a0alla settimana.\u00a0\u00a0<\/span><\/span><\/span><span style=\"color: #222222;\"><span style=\"font-family: Calibri, serif;\"><span style=\"font-size: medium;\"><span lang=\"it-IT\">I genitori dei bambini assistiti dalla dottoressa Tura dovranno <\/span><\/span><\/span><\/span><span style=\"color: #222222;\"><span style=\"font-family: Calibri, serif;\"><span style=\"font-size: medium;\"><span lang=\"it-IT\">effettuare la scelta<\/span><\/span><\/span><\/span><span style=\"color: #222222;\"><span style=\"font-family: Calibri, serif;\"><span style=\"font-size: medium;\"><span lang=\"it-IT\"> di uno dei pediatri di libera scelta <\/span><\/span><\/span><\/span><span style=\"color: #222222;\"><span style=\"font-family: Calibri, serif;\"><span style=\"font-size: medium;\"><span lang=\"it-IT\">con disponibilit\u00e0 di posti<\/span><\/span><\/span><\/span> <span style=\"color: #222222;\"><span style=\"font-family: Calibri, serif;\"><span style=\"font-size: medium;\"><span lang=\"it-IT\">dell\u2019ambito territoriale di residenza<\/span><\/span><\/span><\/span><span style=\"color: #222222;\"><span style=\"font-family: Calibri, serif;\"><span style=\"font-size: medium;\"><span lang=\"it-IT\">: <\/span><\/span><\/span><\/span><span style=\"color: #222222;\"><span style=\"font-family: Calibri, serif;\"><span style=\"font-size: medium;\"><span lang=\"it-IT\">la dr.ssa Trovato Filippina (ambulatori a Caprile, Cencenighe e Falcade) e il dr. Spacagna Francesco (ambulatori a Caprile e Agordo).\u00a0<\/span><\/span><\/span><\/span><span style=\"color: #222222;\"><span style=\"font-family: Calibri, serif;\"><span style=\"font-size: medium;\"><span lang=\"it-IT\"> Rimangono a disposizione per<\/span><\/span><\/span><\/span> <span style=\"color: #222222;\"><span style=\"font-family: Calibri, serif;\"><span style=\"font-size: medium;\"><span lang=\"it-IT\">eventuali informazioni relative a quanto sopra esposto gli uffici di Agordo al numero 0437 645314 e di Belluno al numero 0437 516757, dal luned\u00ec al venerd\u00ec dalle ore 8.30 alle ore 11.00.\u00a0 \u00a0<\/span><\/span><\/span><\/span><\/p>\n<hr \/>\n<blockquote>\n<h3 align=\"JUSTIFY\"><\/h3>\n<h3 align=\"JUSTIFY\"><\/h3>\n<h3 align=\"JUSTIFY\">NOVE NUOVE AMBULANZE PER LA ULSS1 DOLOMITI<\/h3>\n<\/blockquote>\n<p align=\"JUSTIFY\"><strong><a href=\"https:\/\/www.radiopiu.net\/wordpress\/giornale-radiopiu-22-settembre-2021-direttore-mirko-mezzacasa\/whatsapp-image-2021-09-21-at-14-36-32\/\" rel=\"attachment wp-att-233129\"><img loading=\"lazy\" decoding=\"async\" class=\"wp-image-233129 alignleft\" src=\"https:\/\/www.radiopiu.net\/wordpress\/wp-content\/uploads\/2021\/09\/WhatsApp-Image-2021-09-21-at-14.36.32-300x300.jpeg\" alt=\"\" width=\"149\" height=\"149\" srcset=\"https:\/\/www.radiopiu.net\/wordpress\/wp-content\/uploads\/2021\/09\/WhatsApp-Image-2021-09-21-at-14.36.32-300x300.jpeg 300w, https:\/\/www.radiopiu.net\/wordpress\/wp-content\/uploads\/2021\/09\/WhatsApp-Image-2021-09-21-at-14.36.32-1024x1024.jpeg 1024w, https:\/\/www.radiopiu.net\/wordpress\/wp-content\/uploads\/2021\/09\/WhatsApp-Image-2021-09-21-at-14.36.32-150x150.jpeg 150w, https:\/\/www.radiopiu.net\/wordpress\/wp-content\/uploads\/2021\/09\/WhatsApp-Image-2021-09-21-at-14.36.32-768x768.jpeg 768w, https:\/\/www.radiopiu.net\/wordpress\/wp-content\/uploads\/2021\/09\/WhatsApp-Image-2021-09-21-at-14.36.32-1536x1536.jpeg 1536w, https:\/\/www.radiopiu.net\/wordpress\/wp-content\/uploads\/2021\/09\/WhatsApp-Image-2021-09-21-at-14.36.32.jpeg 1599w\" sizes=\"auto, (max-width: 149px) 100vw, 149px\" \/><\/a>BELLUNO<\/strong> Sono state acquistate 9 ambulanze per un importo complessivo di 1,4 milioni di euro. Saranno tutte consegnate ed utilizzate entro l\u2019anno. Sei sono mezzi Transporter TS, tutti a trazione integrale 4&#215;4 e rappresentano il veicolo principale con il quale viene realizzato il soccorso extraospedaliero nel territorio della ULSS1. Offrono una buona dotazione di accessori per il miglior confort del paziente e spazi per il personale sanitario per realizzare un soccorso efficace. I 6 transporter saranno destinati al Pronto Soccorso di Belluno (3 mezzi), al Pronto Soccorso di Feltre (2 mezzi) e al Pronto Soccorso di Agordo (1 mezzo). \u00a0 Gli altri tre mezzi sono Volkswagen Crafter e saranno invece dedicati all&#8217;effettuazione di trasferimenti secondari anche di pazienti critici tra i presidi della ULSS1 o verso altri ospedali\u00a0 a seconda delle necessit\u00e0 diagnostico-terapeutiche dei pazienti. Saranno destinati al Pronto Soccorso di Belluno (1 mezzo), al Pronto Soccorso di Feltre (1 mezzo) e al Pronto Soccorso di Pieve di Cadore (1 mezzo).<\/p>\n<hr \/>\n<blockquote>\n<h3>NIDO MARTINO, PROROGAGO L&#8217;AFFIDAMENTO DEL SERVIZIO<\/h3>\n<\/blockquote>\n<p><strong>BELLUNO<\/strong> E\u2019 stato prorogato fino al marzo 2022 l\u2019affidamento della gestione del Nido Aziendale alla cooperativa Codess Sociale, in attesa degli esiti della nuova procedura di gara. L\u2019Asilo nido Martino accoglie i bambini di et\u00e0 compresa tra tre mesi e tre anni e copre una fascia oraria giornaliera di 16,5 ore, dalle 5:45 alle 22:15. Prorogato anche l\u2019affidamento della gestione dello spazio adolescenti del consultorio di Belluno fino a febbraio 2022, in attesa della nuova gara, alla Cooperativa Le Valli.<\/p>\n<p>&nbsp;<\/p>\n<p>&nbsp;<\/p>\n<hr \/>\n<blockquote>\n<p class=\"western\" align=\"JUSTIFY\"><span style=\"color: #222222;\"><span style=\"font-size: medium;\"><b>\u00a0<\/b><\/span><\/span><\/p>\n<p class=\"western\" align=\"JUSTIFY\"><span style=\"color: #222222;\"><span style=\"font-size: medium;\"><b>VIOLENZA SULLE DONNE, INSEDIATO IL TAVOLO REGIONALE.\u00a0<\/b><\/span><\/span><\/p>\n<\/blockquote>\n<p><strong><a href=\"https:\/\/www.radiopiu.net\/wordpress\/giornale-radiopiu-20-settembre-2021-direttore-mirko-mezzacasa\/1737-2021-tavolo-antiviolenza-1\/\" rel=\"attachment wp-att-233011\"><img loading=\"lazy\" decoding=\"async\" class=\" wp-image-233011 alignleft\" src=\"https:\/\/www.radiopiu.net\/wordpress\/wp-content\/uploads\/2021\/09\/1737-2021-TAVOLO-ANTIVIOLENZA-1-300x225.jpg\" alt=\"\" width=\"235\" height=\"176\" srcset=\"https:\/\/www.radiopiu.net\/wordpress\/wp-content\/uploads\/2021\/09\/1737-2021-TAVOLO-ANTIVIOLENZA-1-300x225.jpg 300w, https:\/\/www.radiopiu.net\/wordpress\/wp-content\/uploads\/2021\/09\/1737-2021-TAVOLO-ANTIVIOLENZA-1-1024x768.jpg 1024w, https:\/\/www.radiopiu.net\/wordpress\/wp-content\/uploads\/2021\/09\/1737-2021-TAVOLO-ANTIVIOLENZA-1-768x576.jpg 768w, https:\/\/www.radiopiu.net\/wordpress\/wp-content\/uploads\/2021\/09\/1737-2021-TAVOLO-ANTIVIOLENZA-1-1536x1152.jpg 1536w, https:\/\/www.radiopiu.net\/wordpress\/wp-content\/uploads\/2021\/09\/1737-2021-TAVOLO-ANTIVIOLENZA-1.jpg 2048w\" sizes=\"auto, (max-width: 235px) 100vw, 235px\" \/><\/a>VENEZIA<\/strong>\u00a0 \u201c<em>Sono molto preoccupata e angosciata per quello che sta succedendo. Abbiamo assistito a una escalation senza precedenti di violenza contro le donne nella nostra regione. Il fenomeno \u00e8 nazionale ma abbiamo l\u2019obbligo di capire cosa sta succedendo da noi con l\u2019acuirsi di eventi di questo tipo, con feminicidi contrassegnati da una ferocia che \u00e8 stata rivolta anche contro, mamme molto giovani con bambini piccoli. Di fronte a quello che sta diventando un vero e proprio dramma sociale dobbiamo sentire il dovere di impegnarci a capire cosa possiamo fare pi\u00f9 del lavoro gi\u00e0 importante che \u00e8 stato svolto fino ad ora\u201d.<\/em><\/p>\n<p class=\"western\">Con queste parole l\u2019assessore alla Sanit\u00e0 e ai Servizi sociale della Regione del Veneto ha aperto i lavori del tavolo \u201cTavolo di Coordinamento Regionale per la Prevenzione e il Contrasto alla Violenza Contro le Donne\u201d. L\u2019Assessore era affiancato dal dirigente dell\u2019UOC Area \u201cInfanzia, Adolescenza, Famiglia e Minori\u201d. Il tavolo riunisce rappresentanti di tutti gli enti istituzionali, come gli enti locali, le Prefetture, le Forze dell\u2019Ordine, l\u2019Ufficio Scolastico, l\u2019ANCI, l\u2019Universit\u00e0, le istituzioni sanitarie e sociosanitarie, la Corte d\u2019Appello.<\/p>\n<p>&nbsp;<\/p>\n<p>&nbsp;<\/p>\n<p>&nbsp;<\/p>\n<hr \/>\n<p>&nbsp;<\/p>\n<blockquote>\n<h3><a href=\"https:\/\/www.radiopiu.net\/wordpress\/giornale-radiopiu-22-settembre-2021-direttore-mirko-mezzacasa\/foto-presidente-arch-fabiola-de-battista_ordine-architetti-bl\/\" rel=\"attachment wp-att-233125\"><img loading=\"lazy\" decoding=\"async\" class=\"wp-image-233125 alignleft\" src=\"https:\/\/www.radiopiu.net\/wordpress\/wp-content\/uploads\/2021\/09\/Foto-Presidente-arch.-Fabiola-De-Battista_Ordine-Architetti-BL-225x300.jpg\" alt=\"\" width=\"144\" height=\"192\" srcset=\"https:\/\/www.radiopiu.net\/wordpress\/wp-content\/uploads\/2021\/09\/Foto-Presidente-arch.-Fabiola-De-Battista_Ordine-Architetti-BL-225x300.jpg 225w, https:\/\/www.radiopiu.net\/wordpress\/wp-content\/uploads\/2021\/09\/Foto-Presidente-arch.-Fabiola-De-Battista_Ordine-Architetti-BL-768x1024.jpg 768w, https:\/\/www.radiopiu.net\/wordpress\/wp-content\/uploads\/2021\/09\/Foto-Presidente-arch.-Fabiola-De-Battista_Ordine-Architetti-BL-1152x1536.jpg 1152w, https:\/\/www.radiopiu.net\/wordpress\/wp-content\/uploads\/2021\/09\/Foto-Presidente-arch.-Fabiola-De-Battista_Ordine-Architetti-BL.jpg 1200w\" sizes=\"auto, (max-width: 144px) 100vw, 144px\" \/><\/a>UN NUOVO CONSIGLIO DELL&#8217;ORDINE PER GLI ARCHITETTI DI BELLUNO<\/h3>\n<\/blockquote>\n<p><strong>BELLUNO<\/strong> Il neoeletto Consiglio degli Architetti di Belluno per il quadriennio 2021-2025 sar\u00e0 presieduto da Fabiola De Battista, confermata all&#8217;unanimit\u00e0. Segretario\u00a0 Gianluca Menardi e\u00a0 Tesoriere Tommaso Del Zenero. Il gruppo di consiglieri \u00e8 formato da Enrico Bortoluzzi, Angelo Da Fr\u00e8, Fulvio Bona, Laura Soravia e Paola Zannoni.<em> \u201cNei prossimi quattro anni &#8211; ha detto la Presidente Fabiola De Battista &#8211;\u00a0 come Consiglio, assieme alla Fondazione Architettura Belluno Dolomiti vogliamo continuare il lavoro gi\u00e0 iniziato: ribadire il ruolo sociale dell\u2019architettura dunque collaborare con le amministrazioni locali, dialogare con le scuole e con il mondo del lavoro per rimettere l\u2019architettura al centro dello sviluppo del territorio bellunese. Oggi, ancora pi\u00f9 di ieri, c\u2019\u00e8 bisogno di pensiero attento per rimettere l\u2019identit\u00e0 del nostro territorio al centro dei processi di trasformazione.\u201d<\/em><\/p>\n<p>&nbsp;<\/p>\n<p>&nbsp;<\/p>\n<hr \/>\n<p>&nbsp;<\/p>\n<blockquote>\n<h3>CIPPI DEGRADATI IN UNO STATO DI GRAVE E DEPLOREVOLE DEGRADO<\/h3>\n<\/blockquote>\n<p><strong>BELLUNO<\/strong> I consiglieri comunali di Obiettivo Belluno-Fratelli d&#8217;Italia si sono posti una domanda sul cosa intenda fare l&#8217;amministrazione del sindaco Jacopo Massaro in merito all&#8217;opera di restauro dei cippi\u00a0 che ricordano i nomi di soldati, sottufficiali e ufficiali italiani morti durante la Grande Guerra. La domanda per la verit\u00e0 l&#8217;hanno estesa al primo cittadino e assessore competente perch\u00e9 quei cippi storicamente e umanamente molto importanti, sono in attualit\u00e0 in uno stato di grave e colpevole degrado. La richiesta non \u00e8 casuale ma alla vigilia del 4 novembre quando ricorrer\u00e0 il centenario della solenne traslazione del Milite Ignoto nel sacro sacello dell\u2019Altare della Patria a Roma.<\/p>\n<blockquote><p><em>&#8220;Appare doveroso &#8211; precisa Raffaele Addamiano &#8211;\u00a0 prima sul piano morale e poi anche su quello politico-amministrativo, provvedere con urgenza al restauro di tali, ahinoi ammalorate, pietre che riportano, al pari del Milite Ignoto scelto il 28\/10\/1921 nella Basilica di Aquileia tra undici bare da Maria Bergamas di Gradisca d\u2019Isonzo, all\u2019eroismo e al sacrificio di tanti cittadini di Belluno che allora immolarono le loro vite per l\u2019Amor di Patria&#8221;<\/em><\/p><\/blockquote>\n<p>&nbsp;<\/p>\n<p>&nbsp;<\/p>\n<hr \/>\n<p>&nbsp;<\/p>\n<blockquote>\n<h3>SETTANTAMILA EURO DALLA REGIONE PER LA SISTEMAZIONE DEI CORSI D&#8217;ACQUA<\/h3>\n<\/blockquote>\n<p><em>I<a href=\"https:\/\/www.radiopiu.net\/wordpress\/giornale-radiopiu-22-settembre-2021-direttore-mirko-mezzacasa\/cornolade\/\" rel=\"attachment wp-att-233127\"><img loading=\"lazy\" decoding=\"async\" class=\" wp-image-233127 alignleft\" src=\"https:\/\/www.radiopiu.net\/wordpress\/wp-content\/uploads\/2021\/09\/Cornolade-300x237.jpg\" alt=\"\" width=\"157\" height=\"124\" srcset=\"https:\/\/www.radiopiu.net\/wordpress\/wp-content\/uploads\/2021\/09\/Cornolade-300x237.jpg 300w, https:\/\/www.radiopiu.net\/wordpress\/wp-content\/uploads\/2021\/09\/Cornolade-1024x810.jpg 1024w, https:\/\/www.radiopiu.net\/wordpress\/wp-content\/uploads\/2021\/09\/Cornolade-768x607.jpg 768w, https:\/\/www.radiopiu.net\/wordpress\/wp-content\/uploads\/2021\/09\/Cornolade.jpg 1032w\" sizes=\"auto, (max-width: 157px) 100vw, 157px\" \/><\/a>l sindaco Paolo Vendramini &#8220;\u00abGrazie all\u2019ottimo rapporto con il comitato frazionale, e in collaborazione con gli enti preposti, riusciremo a portare a termine un buon lavoro nel territorio\u00bb.\u00a0<\/em><\/p>\n<p><strong>PONTE NELLE ALPI<\/strong> Valle di Garna, Val di Lizzona, Valle delle Vigne: tre interventi su altrettanti corsi d\u2019acqua per un contributo di 70mila euro.\u00a0 La somma \u00e8 stata erogata dalla Regione Veneto e servir\u00e0 a mettere in sicurezza una zona, in comune di Ponte nelle Alpi, particolarmente colpita dall\u2019ondata di maltempo del dicembre 2020.\u00a0 Ondata che ha creato diversi danni nel territorio e non ha risparmiato nemmeno i torrenti, per i quali si rendono ora necessari dei lavori specifici. In questo senso, i Servizi forestali regionali hanno individuato tre priorit\u00e0, una volta ricevute le opportune segnalazioni.\u00a0 I lavori partiranno nei prossimi giorni, saranno eseguiti da Veneto Agricoltura e riguarderanno la regimazione delle acque, oltre alla sistemazione delle briglie e alla difesa delle sponde.<\/p>\n<p>&nbsp;<\/p>\n<p>&nbsp;<\/p>\n<p>&nbsp;<\/p>\n<hr \/>\n<blockquote>\n<h3><\/h3>\n<p><strong><span style=\"color: #ff0000;\"> IERI ALLA RADIO\u00a0\u00a0<\/span><\/strong><a href=\"https:\/\/www.radiopiu.net\/wordpress\/giornale-radiopiu-22-settembre-2021-direttore-mirko-mezzacasa\/dario-13\/\" rel=\"attachment wp-att-233132\"><img loading=\"lazy\" decoding=\"async\" class=\" wp-image-233132 alignleft\" src=\"https:\/\/www.radiopiu.net\/wordpress\/wp-content\/uploads\/2021\/09\/DARIO-199x300.jpg\" alt=\"\" width=\"136\" height=\"205\" srcset=\"https:\/\/www.radiopiu.net\/wordpress\/wp-content\/uploads\/2021\/09\/DARIO-199x300.jpg 199w, https:\/\/www.radiopiu.net\/wordpress\/wp-content\/uploads\/2021\/09\/DARIO.jpg 678w\" sizes=\"auto, (max-width: 136px) 100vw, 136px\" \/><\/a><\/p>\n<h3><\/h3>\n<h3>100 ANNI DOPO IL CAI RICORDA LA SCALATA AL MONTE AGNER<\/h3>\n<p><strong>OSPITE DARIO DELL&#8217;OSBEL &#8211; PRESIDENTE CAI AGORDO\u00a0<\/strong><\/p>\n<p><strong>di Claudio Fontanive\u00a0<\/strong><\/p><\/blockquote>\n<audio class=\"wp-audio-shortcode\" id=\"audio-233071-9\" preload=\"none\" style=\"width: 100%;\" controls=\"controls\"><source type=\"audio\/mpeg\" src=\"https:\/\/www.radiopiu.net\/wordpress\/wp-content\/uploads\/2021\/09\/dario-dellosbel-21-settembre.mp3?_=9\" \/><a href=\"https:\/\/www.radiopiu.net\/wordpress\/wp-content\/uploads\/2021\/09\/dario-dellosbel-21-settembre.mp3\">https:\/\/www.radiopiu.net\/wordpress\/wp-content\/uploads\/2021\/09\/dario-dellosbel-21-settembre.mp3<\/a><\/audio>\n<blockquote><p>&nbsp;<\/p>\n<h3>SECONDO ANNO SENZA SERE D&#8217;AUTUNNO, IL RAMMARICO DEL PRESIDENTE<\/h3>\n<\/blockquote>\n<p><a href=\"https:\/\/www.radiopiu.net\/wordpress\/giornale-radiopiu-07-aprile\/cai-agordo-2\/\" rel=\"attachment wp-att-127841\"><img loading=\"lazy\" decoding=\"async\" class=\"size-full wp-image-127841 alignleft\" src=\"https:\/\/www.radiopiu.net\/wordpress\/wp-content\/uploads\/2020\/04\/cai-agordo.jpg\" alt=\"\" width=\"297\" height=\"170\" \/><\/a><strong>AGORDO<\/strong> Il direttivo del Cai\u00a0 ha deciso di annullare per il secondo anno consecutivo \u201cSere d\u2019Autunno\u201d, le serata con proiezioni e ospiti in sala Don Tamis <em>&#8220;<\/em><em>Decisione molto sofferta e presa con rammarico &#8211; dice il presidente Dario Dell&#8217;Osbel &#8211;\u00a0 ma purtroppo la situazione sanitaria con le varie restrizioni, le problematiche organizzative e logistiche impone di mantenere una certa cautela, in special modo per eventi che si svolgono all\u2019interno di strutture. Allo stato attuale non\u00a0 ci sono\u00a0 i presupposti per vivere questi momenti particolari di ricreativit\u00e0 con serenit\u00e0 e convivialit\u00e0, istanti che sono alla base dello spirito di aggregazione del Nostro\u00a0 Storico Sodalizio. <\/em><em>Confidando e sperando che per il prossimo anno la situazione migliori e si ritorni alla normalit\u00e0 onde poter di nuovo organizzare la manifestazione, con la possibilit\u00e0 di\u00a0 apprezzare \u00a0le emozioni che queste serate ci regalano con la presenza degli autori e delle loro storie, ma soprattutto per piacere di condividere queste occasioni di ritrovo con amici e conoscenti&#8221;.<\/em><\/p>\n<p>&nbsp;<\/p>\n<p>&nbsp;<\/p>\n<p>&nbsp;<\/p>\n<hr \/>\n<p>&nbsp;<\/p>\n<blockquote>\n<h3><a href=\"https:\/\/www.radiopiu.net\/wordpress\/giornale-radiopiu-07-agosto-2020-direttore-mirko-mezzacasa\/inps-logo\/\" rel=\"attachment wp-att-153598\"><img loading=\"lazy\" decoding=\"async\" class=\"wp-image-153598 alignleft\" src=\"https:\/\/www.radiopiu.net\/wordpress\/wp-content\/uploads\/2020\/08\/INPS-LOGO-300x200.jpg\" alt=\"\" width=\"132\" height=\"88\" srcset=\"https:\/\/www.radiopiu.net\/wordpress\/wp-content\/uploads\/2020\/08\/INPS-LOGO-300x200.jpg 300w, https:\/\/www.radiopiu.net\/wordpress\/wp-content\/uploads\/2020\/08\/INPS-LOGO-768x512.jpg 768w, https:\/\/www.radiopiu.net\/wordpress\/wp-content\/uploads\/2020\/08\/INPS-LOGO.jpg 900w\" sizes=\"auto, (max-width: 132px) 100vw, 132px\" \/><\/a>DA\u00a0 DOMANI IL NUOVO PUNTO INPS AD AGORDO<\/h3>\n<p><strong>AGORDO<\/strong> Come ampiamente anticipato nei giorni scorsi il nuovo Punto Inps di Agordo aprir\u00e0 a palazzo Bianco sede dell&#8217;Unione Montana. L&#8217;Agenzia territoriale diventa Punto. Il taglio del nastro domani alle 14<\/p><\/blockquote>\n<p>&nbsp;<\/p>\n<p>&nbsp;<\/p>\n<p>&nbsp;<\/p>\n<p>&nbsp;<\/p>\n<hr \/>\n<p>&nbsp;<\/p>\n<blockquote>\n<h3>ECOCENTRI DELL&#8217;UNIONE MONTANA, AL VIA LA MANUTENZIONE IN QUATTRO SITI<\/h3>\n<\/blockquote>\n<blockquote><p><em>Gli Ecocentri di Livinallongo del Col di Lana, Voltago, Vallada\/Canale d\u2019Agordo e Colle Santa Lucia chiuderanno temporaneamente al pubblico per consentire la realizzazione degli interventi.<\/em><\/p><\/blockquote>\n<p><b><img loading=\"lazy\" decoding=\"async\" class=\"alignleft\" src=\"https:\/\/www.radiopiu.net\/wordpress\/wp-content\/uploads\/2020\/10\/Ecocentro.jpg\" width=\"220\" height=\"131\" \/>AGORDO\u00a0 <\/b>Prosegue il programma di interventi di manutenzione straordinaria presso gli Ecocentri dell\u2019Agordino, rallentati dalle condizione meteo avverse che comportano una necessaria proroga alla chiusura delle strutture di Gosaldo e\u00a0 San Tomaso, che riapriranno\u00a0sabato 9 ottobre 2021. Nei prossimi giorni cominceranno gli interventi presso l\u2019Ecocentro di Livinallongo del Col di Lana, la struttura chiuder\u00e0 al pubblico da gioved\u00ec\u00a0 e torner\u00e0 accessibile dal 20 ottobre 2021.\u00a0Da luned\u00ec 27 settembre chiuderanno anche le strutture di Vallada\/Canale d\u2019Agordo (riapertura mercoledi 20 ottobre)\u00a0 e \u00a0Voltagoo (riapertura sabato 23 ottobre 2021). L\u2019Ecocentro di Colle S.Lucia al momento chiuder\u00e0 nella\u00a0sola giornata di sabato 2 ottobre.<\/p>\n<blockquote><p><em>Durante il periodo di chiusura <strong>i cittadini potranno accedere a qualsiasi Ecocentro del territorio dell\u2019Unione Montana Agordina<\/strong>, verificando sedi e orari di apertura sul manuale informativo consegnato o su <a href=\"http:\/\/www.valpeambiente.it\">www.valpeambiente.it<\/a>. Per ulteriori informazioni, \u00e8 possibile inviare una mail a <a href=\"mailto:info@valpeambiente.it\">info@valpeambiente.it<\/a>, visitare il sito www.valpeambiente.it oppure contattare i numeri 0437 640462 oppure 0437 643621.<\/em><\/p><\/blockquote>\n<p>&nbsp;<\/p>\n<p><strong>DAL CORRIERE DELLE ALPI, GIANNI SANTOMASO\u00a0\u00a0<\/strong><\/p>\n<audio class=\"wp-audio-shortcode\" id=\"audio-233071-10\" preload=\"none\" style=\"width: 100%;\" controls=\"controls\"><source type=\"audio\/mpeg\" src=\"https:\/\/www.radiopiu.net\/wordpress\/wp-content\/uploads\/2021\/09\/ECOCENTRI.mp3?_=10\" \/><a href=\"https:\/\/www.radiopiu.net\/wordpress\/wp-content\/uploads\/2021\/09\/ECOCENTRI.mp3\">https:\/\/www.radiopiu.net\/wordpress\/wp-content\/uploads\/2021\/09\/ECOCENTRI.mp3<\/a><\/audio>\n<p>&nbsp;<\/p>\n<p><strong><img loading=\"lazy\" decoding=\"async\" class=\"alignleft\" src=\"https:\/\/www.radiopiu.net\/wordpress\/wp-content\/uploads\/2020\/04\/ECOCENTRO.png\" width=\"242\" height=\"128\" \/>AGORDO<\/strong> L&#8217;ecocentro di La Valle Agordina riaprir\u00e0 il 7 ottobre. Della proroga della chiusura ne da notizia Valpe Ambiente, scusandosi per i disagi e ricordando che le\u00a0 condizioni meteo avverse di questi giorni e previste anche per le prossime settimane, hanno comportato e stanno comportando rallentamenti nei lavori in corso di manutenzione straordinaria<strong>. <\/strong>Durante il periodo di chiusura i cittadini potranno accedere a qualsiasi Ecocentro del territorio dell\u2019Unione Montana Agordina, verificando sedi e orari di apertura sul manuale informativo oppure <a title=\"apri il link\" href=\"https:\/\/valpeambiente.it\/p\/gestione-rifiuti\/ecocentro\" target=\"_blank\" rel=\"noopener\"><strong>cliccando qui<\/strong><\/a>.<\/p>\n<p>&nbsp;<\/p>\n<p>&nbsp;<\/p>\n<p>&nbsp;<\/p>\n<p>&nbsp;<\/p>\n<hr \/>\n<p>&nbsp;<\/p>\n<blockquote>\n<h3>IL CARDINALE STELLA CITTADINO ONORARIO DI CANALE D&#8217;AGORDO<\/h3>\n<\/blockquote>\n<p><strong>CANALE D&#8217;AGORDO<\/strong> Il Cardinale Beniamino Stella sar\u00e0 presto cittadino onorario di Canale d&#8217;Agordo. Il Conferimento nel consiglio comunale comunale a porte chiuse (in diretta sui canali social di Radio Piu&#8217;),\u00a0 questa sera\u00a0 alle 20 in sala &#8220;Lina Bolda&#8221;. All&#8217;ordine del giorno oltre alla gestione del micronido Girotondo, il bilancio, il regolamento generale delle entrate comunali e le comunicazioni sull&#8217;efficentamento energetico.<\/p>\n<div class=\"page-title-breadcrumbs\"><\/div>\n<p>&nbsp;<\/p>\n<p>&nbsp;<\/p>\n<hr \/>\n<p><strong>\u00a0<\/strong><\/p>\n<blockquote>\n<h3><strong>\u00a0CONSIGLIO COMUNALE AD ALLEGHE\u00a0<\/strong><\/h3>\n<\/blockquote>\n<p><strong>ALLEGHE<\/strong>\u00a0 \u00a0Questa sera\u00a0 alle 20 consiglio comunale, in discussione:\u00a0 l&#8217;accordo di cooperazione per il micronido Il Girotondo, regolamento sulla video sorveglianza, programma triennale lavori pubblici.<\/p>\n<p>&nbsp;<\/p>\n<blockquote>\n<h3>GIOVEDI A CENCENIGHE<\/h3>\n<\/blockquote>\n<p><strong>CENCENIGHE<\/strong> Domani la riunione in Municipio inizier\u00e0 alle 20.30 con l&#8217;accordo di cooperazione per il micronido Il Girotondo. A seguire: movimento franoso a Collesin, contributo della Provincia; intitolazione della piazza a Giovan Battista Pellegrini; conferimento della cittadinanza onoraria al milite ignoto.<\/p>\n<p>&nbsp;<\/p>\n<hr \/>\n<p>&nbsp;<\/p>\n<blockquote>\n<h3>IL VENETO LEGGE, 40 CLASSI FELTRINE COINVOLTE<\/h3>\n<\/blockquote>\n<p><strong>FELTRE<\/strong>\u00a0 Venerd\u00ec\u00a0 si svolger\u00e0 in tutto il territorio regionale la maratona di lettura \u201cIl Veneto legge\u201d per promuovere la lettura \u201csociale\u201d attraverso il coinvolgimento della collettivit\u00e0 dei lettori, impegnati a vario titolo nella preparazione e nella realizzazione di un evento finalizzato ad avvicinare il maggior numero possibile di persone al libro. Il tema scelto per il 2021 \u00e8 l&#8217;acqua.\u00a0Per quanto riguarda il Comune di Feltre, le classi della Scuola Primaria coinvolte sono 27, mentre quelle della Secondaria di Primo Grado sono 11. Gli appuntamenti dedicati alla Primaria si svolgeranno in presenza nel cortile del Castello (e in qualche caso negli spazi aperti delle sedi scolastiche), mentre per la Secondaria di Primo Grado ci sar\u00e0 una lettura da remoto, tramite piattaforma Meet, che le classi potranno seguire in sicurezza ciascuna dalla propria aula attraverso la lavagna LIM.<\/p>\n<p>&nbsp;<\/p>\n<p>&nbsp;<\/p>\n<hr \/>\n<p>&nbsp;<\/p>\n<p>&nbsp;<\/p>\n<h2><span style=\"color: #ff0000;\"><a href=\"https:\/\/www.radiopiu.net\/wordpress\/se-desmonteghea-2021-le-festa-delle-malghe-alla-radio\/242458531_3044436332480471_1539653298059826230_n\/\" rel=\"attachment wp-att-232916\"><img loading=\"lazy\" decoding=\"async\" class=\" wp-image-232916 alignleft\" src=\"https:\/\/www.radiopiu.net\/wordpress\/wp-content\/uploads\/2021\/09\/242458531_3044436332480471_1539653298059826230_n-300x300.jpg\" alt=\"\" width=\"165\" height=\"165\" srcset=\"https:\/\/www.radiopiu.net\/wordpress\/wp-content\/uploads\/2021\/09\/242458531_3044436332480471_1539653298059826230_n-300x300.jpg 300w, https:\/\/www.radiopiu.net\/wordpress\/wp-content\/uploads\/2021\/09\/242458531_3044436332480471_1539653298059826230_n-150x150.jpg 150w, https:\/\/www.radiopiu.net\/wordpress\/wp-content\/uploads\/2021\/09\/242458531_3044436332480471_1539653298059826230_n.jpg 526w\" sizes=\"auto, (max-width: 165px) 100vw, 165px\" \/><\/a><\/span><\/h2>\n<h2><\/h2>\n<blockquote>\n<h3>SE DESMONTEGHEA 2021, LE FESTA DELLE MALGHE ALLA RADIO<\/h3>\n<p><strong>OSPITI<\/strong> Mayra De Marco, Antonella Schena, Eddy Gaspari, Alessio Xaiz<\/p>\n<p><strong>di Claudio Fontanive<\/strong><\/p><\/blockquote>\n<p><strong>AUDIO\u00a0<\/strong><\/p>\n<audio class=\"wp-audio-shortcode\" id=\"audio-233071-11\" preload=\"none\" style=\"width: 100%;\" controls=\"controls\"><source type=\"audio\/mpeg\" src=\"https:\/\/www.radiopiu.net\/wordpress\/wp-content\/uploads\/2021\/09\/se-desmonteghea-20-settembre.mp3?_=11\" \/><a href=\"https:\/\/www.radiopiu.net\/wordpress\/wp-content\/uploads\/2021\/09\/se-desmonteghea-20-settembre.mp3\">https:\/\/www.radiopiu.net\/wordpress\/wp-content\/uploads\/2021\/09\/se-desmonteghea-20-settembre.mp3<\/a><\/audio>\n<p>&nbsp;<\/p>\n<p>&nbsp;<\/p>\n<hr \/>\n<p>&nbsp;<\/p>\n<blockquote>\n<h3>NEL DECENNIO 1931-1940 \u00c8 PROTAGONISTA IL REGIME FASCISTA DI BENITO MUSSOLINI<\/h3>\n<\/blockquote>\n<p><strong>di RENATO BONA<\/strong><\/p>\n<p>\u201cCelebrazioni Gregoriane\u201d, \u201cLa cucina di beneficenza\u201d, \u201cLe nuove carceri e la Casa del Balilla\u201d, \u201cLa Scuola Aristide Gabelli\u201d, \u201cEmigrazione verso l\u2019Africa\u201d, \u201cIl Duomo\u201d, \u201cIl bosco dell\u2019Impero\u201d, \u201cBurro e cannoni\u201d, \u201cLa Casa di Riposo\u201d, \u201cSeconda Guerra Mondiale\u201d. Sono i titoli che Franco Sirena, autore del pregevole libro \u201cCento anni a Belluno. Notizie e curiosit\u00e0 dal XX secolo\u201d ha dato ai dodici mesi, da gennaio a dicembre, del terzo anno di resoconti e immagini. Il libro \u00e8 stato realizzato dall\u2019Istituto Bellunese di ricerche sociali e culturali presieduto dal prof. don Sergio Sacco nel gennaio 2001 per i tipi della tipografia Piave. A tenere banco &#8211; va detto &#8211; le iniziative del regime fascista all\u2019epoca regnante. Quanto alle Celebrazioni gregoriane che danno il titolo all\u2019anno 1931: \u201cBelluno festeggia quest\u2019anno il centenario dell\u2019elezione al soglio pontificio di Gregorio XVI, primo papa bellunese, eletto il 2 febbraio 1831. Numerose le manifestazioni in suo onore tra le quali l\u2019esposizione della statua di S. Antonio da Padova, opera di Andrea Brustolon, nella chiesa di San Pietro il 12 marzo, per una serie di incontri di preghiera\u201d. A febbraio riapre il Teatro Sociale dopo il fallimento dell\u2019impresario Galletti. Nasce la Garna-Fughetta prima scuola-guida automobilistica. Il Podest\u00e0 delibera la costruzione del serbatoio idrico a Col di Piana, capacit\u00e0 800 mila litri, spesa di 425 mila lire. Il 31 marzo funerali di Mazzorana e Tiapago (spiace dirlo ma sconosciuti a chi stende queste note \u2013 ndr.). In Nevegal il 15-16 agosto raduno con migliaia di partecipanti di 32 province dei Dopolavoristi di Triveneto e Lombardia, presente Achille Starace, vice segretario del Partito fascista. Intanto Belluno conta 25 mila 423 abitanti. Passiamo a \u201cLa cucina di beneficenza\u201d del 1932 che richiama l\u2019entrata in funzione a fine anno; l\u2019iniziativa, per i mesi invernali, va avanti da una quarantina d\u2019anni; accolte 180 domande sulle 760 presentate per un piatto di minestra al giorno ed una razione di pane alla settimana. A febbraio il via al progetto per le nuove elementari nell\u2019area dismessa della Stazione ferroviaria, prevede una spesa di quasi due milioni. Cessa dopo appena un anno l\u2019 attivit\u00e0 della Centrale del latte. Il 5 giugno grande manifestazione musicale al Teatro Sociale con musiche per orchestra e coro; si presenta il giovane pianista bellunese Giuseppe Zanussi e viene eseguito il \u201cMistero della Resurrezione di Nostro Signore\u201d, opera del maestro Nino Prosdocimi. Sempre a giugno finiti i lavori di restauro del Municipio anche con l\u2019eliminazione delle pesanti sovrastrutture del Segusini, considerato da taluni \u201ccomplice della iattura della demolizione dello splendido edificio della Caminada\u201d. Statistica: alle elementari ci sono 3.500 alunni, in 91 sezioni, con 71 insegnanti. Per l\u2019anno 1933, titolo \u201cLe nuove carceri e la Casa del Balilla\u201d partiamo dal tentato furto di febbraio nella Cattedrale dove vengono messe a soqquadro sagrestia e cripta. L\u2019Oratorio dei salesiani registra la frequenza di 200 ragazzi per i quali sono previste molte iniziative. Ad ottobre il via alla costruzione delle Poste cui il Comune contribuisce con 100.000 lire e vari lavori. A maggio intanto aveva aperto nella via Mezzaterra la Libreria Sacro Cuore. Il 28 maggio il vice segretario del partito fascista, on. Adinolfi, visita i lavori della costruenda \u201cCasa del Balilla\u201d poi inaugurata il 1. novembre e dedicata a tutti i caduti. Il 19 dicembre devastante incendio distrugge il palazzo del Genio civile. In precedenza, il 28 ottobre, era stato inaugurato a Baldenich il nuovo Stabilimento carcerario. Tocca a \u201cLa Scuola Aristide Gabelli\u201d per il 1934 quando viene inaugurata nella ricorrenza del XII annuale della Marcia su Roma presente il ministro dell\u2019Educazione nazionale Francesco Ercole; il costo dell\u2019opera progettata dall\u2019ing. Agostino Zadra risulter\u00e0 di 2 milioni 400 mila lire su un preventivo di 1 milione 990 mila! Il 28 gennaio il segretario del partito fascista Achille Starace \u00e8 a Belluno per presiedere il rapporto dei gerarchi della provincia. E\u2019 promossa una grande sfilata con raduno al Teatro Sociale. Il 22 maggio dopo i lavori viene riaperta la chiesa di San Gervasio. A fine novembre tornano le campane della cattedrale che erano state portate a Vittorio Veneto per integrarle con 175 chili di stagno per renderle pi\u00f9 argentine. Il titolo del 1935 \u00e8 dedicato a \u201cEmigrazione verso l\u2019Africa\u201d visto che il 7 maggio uno scaglione di 200 operai parte per l\u2019Africa orientale italiana; altri seguiranno a luglio e settembre. Nella notte del 10 maggio un incendio distrugge il rifugio Aast in Nevegal. L\u2019Avvenire d\u2019Italia da la notizia dell\u2019accordo tra Comune e i Padri cappuccini di Venezia per la costruzione di un Tempio-Ossario di fronte alla casa natale di papa Gregorio XVI nella zona di Mussoi. La Provincia di Belluno ha donato quasi dieci chili di oro alla Patria e i cittadini del Comune capoluogo 5.121 anelli. E siamo a \u201cIl Duomo\u201d, titolo per il 1936 con prima notizia, quella di febbraio con i nomi dei vincitori del concorso per il Piano regolatore: Alberto Alpago Novello, Adriano Barcelloni Corte, Ottavio Gabiati, Il 26 dello stesso mese partono per la Libia 13 agricoltori bellunesi. Il discorso del Duce per la conquista di Adis Abeba porta in centro un folla enorme. Il 18 ottobre una forte scossa di terremoto colpisce Belluno con danni considerevoli. Sistemati e trasformati gli edifici scolastici di Chiesurazza e Tisoi. Per l\u2019anno 1937 \u00e8 stato scelto il titolo \u201cIl bosco dell\u2019Impero\u201d per ricordare che il 17 aprile, in occasione della annuale Festa degli alberi, il bosco di Col di Roanza viene denominato appunto \u201cBosco dell\u2019Impero\u201d. Il 20 gennaio visita di Starace con grande parata in Campedel e comizio in piazza Duomo. Il 25 maggio passa per la Piazza principale il Giro d\u2019Italia con Bartali in maglia rosa. Nello stesso mese gli operai dell\u2019Africa orientale italiana hanno inviato rimesse per 1 milione 563 mila 589 lire. Avviandoci alla conclusione, tocca al 1938, l\u2019anno di \u201cBurro e cannoni\u201d. Luigi Scremin vince a Firenze il primo premio per l\u2019arte applicata all\u2019arredamento. Il 3 settembre accorato appello del Vescovo a sostenere le spese di restauro del Duomo. Il 24, con il treno inaugurale della nuova linea, giunge da Vittorio Veneto Benito Mussolini. In Campedel assiste alla sfilata di 45 mila persone da tutta la provincia e alle 17,15 al campo sportivo (ora Parco Citt\u00e0 di Bologna), pronuncia il famoso discorso del \u201cburro o cannoni\u201d. \u201cLa casa di Riposo\u201d \u00e8 il titolo voluto da Franco Sirena per il 1939. A marzo si avvia a conclusione la trattativa con le Ferrovie dello Stato per l\u2019acquisto del terreno sul quale sar\u00e0 costruito il Regio Liceo Ginnasio. L\u2019amministrazione dell\u2019ospedale sottoscrive un prestito di 650 mila lire con il Comune di Vigo di Cadore per lavori di ampliamento della medicina, del nuovo reparto di pediatria e per il sanatorio. Piazzale Feltre cambia nome ed \u00e8 intitolato a Guglielmo Marconi. Il 28 ottobre inaugurazione a Cavarzano della nuova ala della Casa di Riposo che ha una facciata monumentale. L\u2019opera viene intestata alla moglie del senatore Achille Gaggia, mecenate dell\u2019impresa. Chiudiamo il decennio con il 1940 e l\u2019inevitabile titolo sulla \u201cSeconda guerra mondiale\u201d: il 10 giugno infatti l\u2019Italia entra in guerra contro Francia e Gran Bretagna; in citt\u00e0 vengono predisposti due ricoveri antiaerei sotto il Torrione per 120 e 70 persone. Il 7. Reggimento Alpini che fa parte della divisione Pusteria, il 24 giugno \u00e8 gi\u00e0 sul fronte occidentale. Il giorno seguente, armistizio tra Italia e Francia. A novembre i reparti italiani saranno impegnati sul fronte greco-albanese dando il cambio alla divisione Julia. Ad inizio anno conclusi i lavori alla cupola del Duomo e alla chiesa di Bolzano Bellunese. Apre in via Col di Lana la nuova fabbrica Dino Chinaglia. L\u20198 giugno con solenne cerimonia riapertura della Cattedrale dopo lunghi e costosissimi restauri. Ultima notizia: il 6 novembre partono dalla stazione di Belluno 120 operai per lavorare in Germania.<\/p>\n\n\t\t\t<style type='text\/css'>\n\t\t\t\t#gallery-3 {\n\t\t\t\t\tmargin: auto;\n\t\t\t\t}\n\t\t\t\t#gallery-3 .gallery-item {\n\t\t\t\t\tfloat: left;\n\t\t\t\t\tmargin-top: 10px;\n\t\t\t\t\ttext-align: center;\n\t\t\t\t\twidth: 20%;\n\t\t\t\t}\n\t\t\t\t#gallery-3 img {\n\t\t\t\t\tborder: 2px solid #cfcfcf;\n\t\t\t\t}\n\t\t\t\t#gallery-3 .gallery-caption {\n\t\t\t\t\tmargin-left: 0;\n\t\t\t\t}\n\t\t\t\t\/* see gallery_shortcode() in wp-includes\/media.php *\/\n\t\t\t<\/style>\n\t\t<div id='gallery-3' class='dt-gallery-container gallery galleryid-233071 gallery-columns-5 gallery-size-thumbnail'><dl class='gallery-item'>\n\t\t\t\t<dt class='gallery-icon portrait'>\n\t\t\t\t\t<a class=\"rollover rollover-zoom dt-pswp-item\" title=\"242365645_165006632453483_444399568992136775_n\" data-dt-img-description=\"\" data-large_image_width=\"156\" data-large_image_height=\"206\"href='https:\/\/www.radiopiu.net\/wordpress\/wp-content\/uploads\/2021\/09\/242365645_165006632453483_444399568992136775_n.jpg'><img loading=\"lazy\" decoding=\"async\" width=\"150\" height=\"150\" src=\"https:\/\/www.radiopiu.net\/wordpress\/wp-content\/uploads\/2021\/09\/242365645_165006632453483_444399568992136775_n-150x150.jpg\" class=\"attachment-thumbnail size-thumbnail\" alt=\"\" \/><\/a>\n\t\t\t\t<\/dt><\/dl><dl class='gallery-item'>\n\t\t\t\t<dt class='gallery-icon landscape'>\n\t\t\t\t\t<a class=\"rollover rollover-zoom dt-pswp-item\" title=\"242376257_845541902742289_1744043263123016506_n\" data-dt-img-description=\"\" data-large_image_width=\"342\" data-large_image_height=\"206\"href='https:\/\/www.radiopiu.net\/wordpress\/wp-content\/uploads\/2021\/09\/242376257_845541902742289_1744043263123016506_n.jpg'><img loading=\"lazy\" decoding=\"async\" width=\"150\" height=\"150\" src=\"https:\/\/www.radiopiu.net\/wordpress\/wp-content\/uploads\/2021\/09\/242376257_845541902742289_1744043263123016506_n-150x150.jpg\" class=\"attachment-thumbnail size-thumbnail\" alt=\"\" \/><\/a>\n\t\t\t\t<\/dt><\/dl><dl class='gallery-item'>\n\t\t\t\t<dt class='gallery-icon portrait'>\n\t\t\t\t\t<a class=\"rollover rollover-zoom dt-pswp-item\" title=\"242484048_1216943732115997_1355626630476761800_n\" data-dt-img-description=\"\" data-large_image_width=\"154\" data-large_image_height=\"225\"href='https:\/\/www.radiopiu.net\/wordpress\/wp-content\/uploads\/2021\/09\/242484048_1216943732115997_1355626630476761800_n.jpg'><img loading=\"lazy\" decoding=\"async\" width=\"150\" height=\"150\" src=\"https:\/\/www.radiopiu.net\/wordpress\/wp-content\/uploads\/2021\/09\/242484048_1216943732115997_1355626630476761800_n-150x150.jpg\" class=\"attachment-thumbnail size-thumbnail\" alt=\"\" \/><\/a>\n\t\t\t\t<\/dt><\/dl><dl class='gallery-item'>\n\t\t\t\t<dt class='gallery-icon landscape'>\n\t\t\t\t\t<a class=\"rollover rollover-zoom dt-pswp-item\" title=\"242466723_815494719135752_6160302193986093129_n\" data-dt-img-description=\"\" data-large_image_width=\"370\" data-large_image_height=\"203\"href='https:\/\/www.radiopiu.net\/wordpress\/wp-content\/uploads\/2021\/09\/242466723_815494719135752_6160302193986093129_n.jpg'><img loading=\"lazy\" decoding=\"async\" width=\"150\" height=\"150\" src=\"https:\/\/www.radiopiu.net\/wordpress\/wp-content\/uploads\/2021\/09\/242466723_815494719135752_6160302193986093129_n-150x150.jpg\" class=\"attachment-thumbnail size-thumbnail\" alt=\"\" \/><\/a>\n\t\t\t\t<\/dt><\/dl><dl class='gallery-item'>\n\t\t\t\t<dt class='gallery-icon landscape'>\n\t\t\t\t\t<a class=\"rollover rollover-zoom dt-pswp-item\" title=\"242365933_588158049203000_3898831325994459999_n\" data-dt-img-description=\"\" data-large_image_width=\"296\" data-large_image_height=\"202\"href='https:\/\/www.radiopiu.net\/wordpress\/wp-content\/uploads\/2021\/09\/242365933_588158049203000_3898831325994459999_n.jpg'><img loading=\"lazy\" decoding=\"async\" width=\"150\" height=\"150\" src=\"https:\/\/www.radiopiu.net\/wordpress\/wp-content\/uploads\/2021\/09\/242365933_588158049203000_3898831325994459999_n-150x150.jpg\" class=\"attachment-thumbnail size-thumbnail\" alt=\"\" \/><\/a>\n\t\t\t\t<\/dt><\/dl><br style=\"clear: both\" \/><dl class='gallery-item'>\n\t\t\t\t<dt class='gallery-icon landscape'>\n\t\t\t\t\t<a class=\"rollover rollover-zoom dt-pswp-item\" title=\"242336077_1027689967965442_6935474940613271163_n\" data-dt-img-description=\"\" data-large_image_width=\"309\" data-large_image_height=\"206\"href='https:\/\/www.radiopiu.net\/wordpress\/wp-content\/uploads\/2021\/09\/242336077_1027689967965442_6935474940613271163_n.jpg'><img loading=\"lazy\" decoding=\"async\" width=\"150\" height=\"150\" src=\"https:\/\/www.radiopiu.net\/wordpress\/wp-content\/uploads\/2021\/09\/242336077_1027689967965442_6935474940613271163_n-150x150.jpg\" class=\"attachment-thumbnail size-thumbnail\" alt=\"\" \/><\/a>\n\t\t\t\t<\/dt><\/dl><dl class='gallery-item'>\n\t\t\t\t<dt class='gallery-icon landscape'>\n\t\t\t\t\t<a class=\"rollover rollover-zoom dt-pswp-item\" title=\"242585627_1245776645836225_8785681953919217794_n\" data-dt-img-description=\"\" data-large_image_width=\"320\" data-large_image_height=\"202\"href='https:\/\/www.radiopiu.net\/wordpress\/wp-content\/uploads\/2021\/09\/242585627_1245776645836225_8785681953919217794_n.jpg'><img loading=\"lazy\" decoding=\"async\" width=\"150\" height=\"150\" src=\"https:\/\/www.radiopiu.net\/wordpress\/wp-content\/uploads\/2021\/09\/242585627_1245776645836225_8785681953919217794_n-150x150.jpg\" class=\"attachment-thumbnail size-thumbnail\" alt=\"\" \/><\/a>\n\t\t\t\t<\/dt><\/dl><dl class='gallery-item'>\n\t\t\t\t<dt class='gallery-icon portrait'>\n\t\t\t\t\t<a class=\"rollover rollover-zoom dt-pswp-item\" title=\"242390052_374241307678859_8031718838114204551_n\" data-dt-img-description=\"\" data-large_image_width=\"151\" data-large_image_height=\"225\"href='https:\/\/www.radiopiu.net\/wordpress\/wp-content\/uploads\/2021\/09\/242390052_374241307678859_8031718838114204551_n.jpg'><img loading=\"lazy\" decoding=\"async\" width=\"150\" height=\"150\" src=\"https:\/\/www.radiopiu.net\/wordpress\/wp-content\/uploads\/2021\/09\/242390052_374241307678859_8031718838114204551_n-150x150.jpg\" class=\"attachment-thumbnail size-thumbnail\" alt=\"\" \/><\/a>\n\t\t\t\t<\/dt><\/dl><dl class='gallery-item'>\n\t\t\t\t<dt class='gallery-icon landscape'>\n\t\t\t\t\t<a class=\"rollover rollover-zoom dt-pswp-item\" title=\"242383261_346489110549688_8501172333808264386_n\" data-dt-img-description=\"\" data-large_image_width=\"511\" data-large_image_height=\"206\"href='https:\/\/www.radiopiu.net\/wordpress\/wp-content\/uploads\/2021\/09\/242383261_346489110549688_8501172333808264386_n.jpg'><img loading=\"lazy\" decoding=\"async\" width=\"150\" height=\"150\" src=\"https:\/\/www.radiopiu.net\/wordpress\/wp-content\/uploads\/2021\/09\/242383261_346489110549688_8501172333808264386_n-150x150.jpg\" class=\"attachment-thumbnail size-thumbnail\" alt=\"\" \/><\/a>\n\t\t\t\t<\/dt><\/dl><dl class='gallery-item'>\n\t\t\t\t<dt class='gallery-icon landscape'>\n\t\t\t\t\t<a class=\"rollover rollover-zoom dt-pswp-item\" title=\"242456393_189853183230668_2506646717148621405_n\" data-dt-img-description=\"\" data-large_image_width=\"351\" data-large_image_height=\"206\"href='https:\/\/www.radiopiu.net\/wordpress\/wp-content\/uploads\/2021\/09\/242456393_189853183230668_2506646717148621405_n.jpg'><img loading=\"lazy\" decoding=\"async\" width=\"150\" height=\"150\" src=\"https:\/\/www.radiopiu.net\/wordpress\/wp-content\/uploads\/2021\/09\/242456393_189853183230668_2506646717148621405_n-150x150.jpg\" class=\"attachment-thumbnail size-thumbnail\" alt=\"\" \/><\/a>\n\t\t\t\t<\/dt><\/dl><br style=\"clear: both\" \/>\n\t\t\t<\/div>\n\n<p>NELLE FOTO (riproduzioni dal libro di Franco Sirena \u201cCento anni a Belluno\u201d: funerale di Bernardo Mazzorana e Abele Tiapago; Orchestra di Belluno al Teatro Sociale; il fabbricato della Giovent\u00f9 Italiana del Littorio; la scuola Aristide Gabelli; propaganda per le colonie d\u2019Africa; il Duomo prima del restauro; la visita di Achille Starace, segretario del Partito nazionale fascista; e quella di Benito Mussolini il 24 settembre 1938; ecco come era il fabbricato della Casa di Riposo a Cavarzano; tabellone di propaganda del ministero della Cultura al Teatro comunale.<\/p>\n<p>&nbsp;<\/p>\n<hr \/>\n<p>&nbsp;<\/p>\n<p><a href=\"https:\/\/www.radiopiu.net\/wordpress\/dt_gallery\/voltago-campioni-dellagordino-nella-16-comuni\/appuntamenti-4\/\" rel=\"attachment wp-att-61958\"><img loading=\"lazy\" decoding=\"async\" class=\"wp-image-61958 size-full aligncenter\" src=\"https:\/\/www.radiopiu.net\/wordpress\/wp-content\/uploads\/2018\/09\/appuntamenti.jpeg\" alt=\"\" width=\"800\" height=\"100\" srcset=\"https:\/\/www.radiopiu.net\/wordpress\/wp-content\/uploads\/2018\/09\/appuntamenti.jpeg 800w, https:\/\/www.radiopiu.net\/wordpress\/wp-content\/uploads\/2018\/09\/appuntamenti-300x38.jpeg 300w, https:\/\/www.radiopiu.net\/wordpress\/wp-content\/uploads\/2018\/09\/appuntamenti-768x96.jpeg 768w\" sizes=\"auto, (max-width: 800px) 100vw, 800px\" \/><\/a><\/p>\n<blockquote><p>&nbsp;<\/p><\/blockquote>\n<blockquote>\n<h3>LA NUOVA INIZIATIVA DI ATTIVAMENTE AGORDINO<\/h3>\n<p><em><span style=\"color: #3d3d3d;\"><span style=\"font-family: Raleway, serif;\"><span lang=\"it-IT\">Attivit\u00e0 di fitness di gruppo con ritmi e\u00a0 movimenti della musica afro-caraibica mixati con i tradizionali dell\u2019aerobica.<\/span><\/span><\/span><\/em><\/p><\/blockquote>\n<p><strong>AGORDO<\/strong> Un corso di aerobica latina con le travolgenti danze latine, fitness al ritmo di salsa, merengue, cumbia, reggaeton e samba. Le iscrizioni sono aperte presso la segreteria della piscina e palazzetto dello sport di via Lungo Rova, telefono 0437 62406. Il corso si svolger\u00e0<span style=\"color: #3d3d3d;\"><span style=\"font-family: Raleway, serif;\"><span lang=\"it-IT\"> tutti i gioved\u00ec a partire dal 23 settembre,\u00a0 dalle 20\u00a0 alle 21 con istruttrice Ilaria Mecca.\u00a0<\/span><\/span><\/span><\/p>\n<p><a href=\"https:\/\/www.radiopiu.net\/wordpress\/giornale-radiopiu-20-settembre-2021-direttore-mirko-mezzacasa\/corso-aerobica-latina-2021\/\" rel=\"attachment wp-att-232959\"><img loading=\"lazy\" decoding=\"async\" class=\"alignnone size-medium wp-image-232959\" src=\"https:\/\/www.radiopiu.net\/wordpress\/wp-content\/uploads\/2021\/09\/CORSO-AEROBICA-LATINA-2021-300x169.jpeg\" alt=\"\" width=\"300\" height=\"169\" srcset=\"https:\/\/www.radiopiu.net\/wordpress\/wp-content\/uploads\/2021\/09\/CORSO-AEROBICA-LATINA-2021-300x169.jpeg 300w, https:\/\/www.radiopiu.net\/wordpress\/wp-content\/uploads\/2021\/09\/CORSO-AEROBICA-LATINA-2021-1024x576.jpeg 1024w, https:\/\/www.radiopiu.net\/wordpress\/wp-content\/uploads\/2021\/09\/CORSO-AEROBICA-LATINA-2021-768x432.jpeg 768w, https:\/\/www.radiopiu.net\/wordpress\/wp-content\/uploads\/2021\/09\/CORSO-AEROBICA-LATINA-2021-1536x864.jpeg 1536w, https:\/\/www.radiopiu.net\/wordpress\/wp-content\/uploads\/2021\/09\/CORSO-AEROBICA-LATINA-2021.jpeg 1600w\" sizes=\"auto, (max-width: 300px) 100vw, 300px\" \/>\u00a0<\/a><\/p>\n<p>&nbsp;<\/p>\n<p>&nbsp;<\/p>\n<p>&nbsp;<\/p>\n<hr \/>\n<blockquote>\n<h3>UNA NUOVA SEDE PER LA SPI CGIL, VENERDI L&#8217;INAUGURAZIONE<\/h3>\n<\/blockquote>\n<p><strong>FELTRE<\/strong> Venerdi alle 11 in piazza Parmeggiani &#8220;GESTI DI MEMORIA AZIONI DI FUTURO&#8221;, alle 10 omaggio ai partigiani di Frassen\u00e8 con lo Spi Nazionale e l&#8217;Anpi. Alle 11 inaugurazione della sede Spi Cgil in piazza Parmeggiani 15, presenti il sindaco di Feltre Paolo Perenzin, il Presidente Isbrec Paolo Salomon, il segretario generale Cgil Belluno Mauro De Carli, del Veneto, Elena Di Gregorio e il segretario nazionale Ivan Pedretti, Coordinamento della Segretaria provinciale Spi Cgil Belluno Maria Rita Gentilin<\/p>\n<p>&nbsp;<\/p>\n<hr \/>\n<blockquote>\n<h3><\/h3>\n<h3>IN BIBLIOTECA CON LA GIORNATA REGIONALE DELLA LETTURA<\/h3>\n<\/blockquote>\n<p><strong>LIMANA<\/strong> Venerdi a<span style=\"color: #000000;\">lle 18.30 presso la Sala Nocivelli della Biblioteca in occasione della Giornata Regionale dedicata alla Maratona di Lettura\u00a0 <\/span><span style=\"color: #000080;\">FUORI DALL&#8217;ACQUARIO <\/span>Letture dedicate all&#8217;acqua, accompagnate da aperitivo e stuzzichini, a cura di <i>Flora Rossi, Mariarosa Da Rolt, Maristella Cedronella e la Compagnia del moccolo<\/i>. Obbligo di prenotazione, per il numero limitato di posti disponibili, inviando una mail a <a class=\"moz-txt-link-abbreviated\" href=\"mailto:sbogo.limana@valbelluna.bl.it\">sbogo.limana@valbelluna.bl.it<\/a> oppure telefonando al n. 0437970868 negli orari di apertura al pubblico,<\/p>\n<p>&nbsp;<\/p>\n<hr \/>\n<p>&nbsp;<\/p>\n<blockquote>\n<h3>GORINI AL TEATRO GIOVANNI XXIII<\/h3>\n<\/blockquote>\n<p><strong>BELLUNO\u00a0<\/strong> Filippo Gorini, venerd\u00ec 24 settembre alle 19 si esibir\u00e0 al Teatro Giovanni XXIII in\u00a0 una delle opere musicali pi\u00f9 celebri, celebrate e profonde della storia della musica:<em> &#8220;l&#8217;Arte della Fuga, di Johann Sebastian Bach&#8221;. Prenotazione richiesta, presso Agenzia Alpe Bellunese: tel. 0437 940407, e-mail: info@alpebellunese.it.\u00a0 Come da nuove disposizioni, obbligo di green pass\u00a0<\/em><\/p>\n<p>&nbsp;<\/p>\n<hr \/>\n<blockquote>\n<h3><\/h3>\n<h3>SABATO 25 SETTEMBRE CERIMONIA DI COMMEMORAZIONE NEL CENTENARIO DELLA VIA JORI-ZANUTTI- ANDREOLETTI<\/h3>\n<\/blockquote>\n<h3><\/h3>\n<div>\n<p><strong>\u00a0AGORDO<\/strong>\u00a0 La Sezione Agordina del Cai con il patrocinio e la collaborazione del Comune di Taibon Agordino organizza per sabato 25 settembre\u00a0 alle\u00a0 10,30 in Valle di San Lucano presso la targa collocata nel 1981 per il sessantennale, cerimonia a ricordo del centenario della 1^ salita assoluta alla Parete Nord del Monte Agn\u00e8r condotta nei giorni 14 e 15 settembre 1921 da tre pionieri dell&#8217;Alpinismo Dolomitico, Francesco Jori, Alberto Zanutti e Arturo Andreoletti.<\/p>\n<\/div>\n<p>&nbsp;<\/p>\n<p>&nbsp;<\/p>\n<hr \/>\n<p>&nbsp;<\/p>\n<blockquote>\n<h3>LA MOSTRA DI LUCIANO DE BARBA<\/h3>\n<\/blockquote>\n<p><strong>LIMANA\u00a0<\/strong> Sabato 2 ottobre alle\u00a0 1030 in Biblioteca Comunale,\u00a0 presentazione della scultura &#8220;Colorare le emozioni&#8221;, opera in legno che rimarr\u00e0 esposta in permanenza all&#8217;esterno della struttura,e di seguito verr\u00e0 all&#8217;inaugurazione la mostra personale di scultura di Luciano De Barba, presentazione di Erminio Mazzucco.<\/p>\n<p>&nbsp;<\/p>\n<hr \/>\n<p>&nbsp;<\/p>\n<blockquote>\n<h3>RITORNA SPORT IN PIAZZA<\/h3>\n<\/blockquote>\n<p><strong>FELTRE<\/strong>\u00a0 Dopo lo <em>stop<\/em> forzato del 2020, dettato dall\u2019emergenza sanitaria, ritorna il tradizionale ed atteso appuntamento con \u201cSport in Piazza\u201d. L\u2019evento avr\u00e0 quest\u2019anno una formula diversa rispetto alle passate edizioni: bambini e ragazzi non potranno cimentarsi come di consueto nella pratica diretta degli sport presenti, ma assisteranno a dimostrazioni di atleti e istruttori presso i gazebi, dove le varie associazioni sportive presenti promuoveranno le proprie attivit\u00e0 e inviteranno i ragazzi per una prova le loro strutture. In caso di maltempo la manifestazione sar\u00e0 spostata al giorno successivo, domenica 3 ottobre, ed eventualmente annullata.<\/p>\n<p>&nbsp;<\/p>\n<p>&nbsp;<\/p>\n<p>&nbsp;<\/p>\n<hr \/>\n<p>&nbsp;<\/p>\n<p>&nbsp;<\/p>\n<blockquote>\n<h3>ANCHE AGORDO VIVRA&#8217; LA SUA GIORNATA ECOLOGICA<\/h3>\n<\/blockquote>\n<p><strong>AGORDO<\/strong> sabato il Comune e il Bacino di pesca N. 5 organizzano una giornata ecologica. Ritrovo ore 14.30 presso il piazzale di Luxottica in localit\u00e0 Valcozzena. Tutto il necessario verr\u00e0 fornito dal Comune. (info. 0437\/62105).<\/p>\n<p>&nbsp;<\/p>\n<blockquote>\n<h3><\/h3>\n<\/blockquote>\n<hr \/>\n<blockquote>\n<h3><\/h3>\n<p>&nbsp;<\/p>\n<h3>A SCUOLA DI GRANDI CARNIVORI CON IL CAI DI BELLUNO<\/h3>\n<\/blockquote>\n<p><strong>BELLUNO<\/strong> La Sezione di Belluno del <span class=\"tojvnm2t a6sixzi8 abs2jz4q a8s20v7p t1p8iaqh k5wvi7nf q3lfd5jv pk4s997a bipmatt0 cebpdrjk qowsmv63 owwhemhu dp1hu0rb dhp61c6y iyyx5f41\">Club Alpino Italiano organizza nel fine settimana 9-10 ottobre, in Nevegal (BL),<\/span><span class=\"tojvnm2t a6sixzi8 abs2jz4q a8s20v7p t1p8iaqh k5wvi7nf q3lfd5jv pk4s997a bipmatt0 cebpdrjk qowsmv63 owwhemhu dp1hu0rb dhp61c6y iyyx5f41\"> un corso in ambiente sui grandi carnivori. Ospite quest&#8217;anno sar\u00e0 Paolo Molinari del Progetto Lince Italia, con la partecipazione del dott. Maurizio Dal Mas della Regione Veneto e di Davide Berton, referente nazionale del Gruppo Grandi Carnivori del CAI. <\/span>Sono previste un paio di facili escursioni, una lezione frontale e una serata aperta al pubblico. Possibilit\u00e0 di pernottamento in loco, cena di sabato inclusa nella quota. Il programma \u00e8 pubblicato sul sito del CAI BL:<a href=\"https:\/\/www.caibelluno.it\/2021\/09\/14\/un-tranquillo-week-end-da-lupi-e-c-2021\/\" target=\"_blank\" rel=\"noopener\">https:\/\/www.caibelluno.it\/2021\/09\/14\/un-tranquillo-week-end-da-lupi-e-c-2021\/<\/a><br \/>\nLe iscrizioni, gi\u00e0 aperte, si ricevono online al seguente link<a href=\"https:\/\/form.jotform.com\/EscursionismoCaiBL\/WeLupiBL2021\" target=\"_blank\" rel=\"noopener\"> https:\/\/form.jotform.com\/EscursionismoCaiBL\/WeLupiBL2021<\/a><\/p>\n<p>&nbsp;<\/p>\n<hr \/>\n<blockquote><p>&nbsp;<\/p>\n<p><strong>IL LUNEDI ALLE 13 E ALLE 20, LA DOMENICA ALLE 10.30: SALUTE E SOCIETA&#8217; CON IL DOTTOR MARCO CARACCIOLO<\/strong><\/p><\/blockquote>\n<blockquote>\n<h3>LA RACCOLTA COMPLETA<\/h3>\n<blockquote class=\"wp-embedded-content\" data-secret=\"uldYFBLMly\"><p><a href=\"https:\/\/www.radiopiu.net\/wordpress\/saluteesocieta\/\">Salute e Societ\u00e0<\/a><\/p><\/blockquote>\n<p><iframe loading=\"lazy\" class=\"wp-embedded-content\" sandbox=\"allow-scripts\" security=\"restricted\" style=\"position: absolute; clip: rect(1px, 1px, 1px, 1px);\" title=\"&#8220;Salute e Societ\u00e0&#8221; &#8212; Radio Pi\u00f9\" src=\"https:\/\/www.radiopiu.net\/wordpress\/saluteesocieta\/embed\/#?secret=uldYFBLMly\" data-secret=\"uldYFBLMly\" width=\"600\" height=\"338\" frameborder=\"0\" marginwidth=\"0\" marginheight=\"0\" scrolling=\"no\"><\/iframe><\/p>\n<p>&nbsp;<\/p><\/blockquote>\n<hr \/>\n<p><span style=\"color: #0000ff;\">\u00a0<\/span><\/p>\n<h3>\u00a0LOTTERIA CELARDA TRA STORIA E NATURA. I BIGLIETTI VINCENTI<\/h3>\n<p>Per ritiro premi contattare Daniela Manfroi 335\/340487<\/p>\n<a href=\"https:\/\/www.radiopiu.net\/wordpress\/wp-content\/uploads\/2021\/09\/elenco_premi_estratti2021-carta-intestata-1.pdf\" class=\"pdfemb-viewer\" style=\"\" data-width=\"max\" data-height=\"max\" data-toolbar=\"top\" data-toolbar-fixed=\"on\">elenco_premi_estratti2021 carta intestata-1<\/a>\n<p>&nbsp;<\/p>\n<p>&nbsp;<\/p>\n<hr \/>\n<div>\n<div class=\"mkdf-post-text\">\n<div class=\"mkdf-post-text-inner\">\n<div class=\"mkdf-post-text-main\">\n<div class=\"mkdf-post-text\">\n<div class=\"mkdf-post-text-inner\">\n<div class=\"mkdf-post-text-main\">\n<div class=\"mkdf-post-text\">\n<div class=\"mkdf-post-text-inner\">\n<div class=\"mkdf-post-text-main\">\n<div class=\"page-title-head hgroup\">\n<div class=\"page-title-head hgroup\">\n<div class=\"page-title-breadcrumbs\">\n<div class=\"mkdf-post-text\">\n<div class=\"mkdf-post-text-inner\">\n<div class=\"mkdf-post-text-main\">\n<div class=\"mkdf-post-text\">\n<div class=\"mkdf-post-text-inner\">\n<div class=\"mkdf-post-text-main\">\n<div class=\"page-title-head hgroup\">\n<div class=\"page-title-head hgroup\">\n<div class=\"mkdf-post-text\">\n<div class=\"mkdf-post-text-inner\">\n<div class=\"mkdf-post-text-main\">\n<div class=\"mkdf-post-text\">\n<div class=\"mkdf-post-text-inner\">\n<div class=\"mkdf-post-text-main\">\n<div class=\"page-title-head hgroup\">\n<div class=\"page-title-head hgroup\">\n<div class=\"page-title-head hgroup\">\n<div class=\"page-title-head hgroup\">\n<div class=\"b654a4as d2edcug0\">\n<div class=\"page-title-head hgroup\">\n<div class=\"page-title-head hgroup\">\n<div class=\"mkdf-post-text\">\n<div class=\"mkdf-post-text-inner\">\n<div class=\"mkdf-post-text-main\">\n<div class=\"mkdf-post-text\">\n<div class=\"mkdf-post-text-inner\">\n<div class=\"mkdf-post-text-main\">\n<div class=\"mkdf-post-text\">\n<div class=\"mkdf-post-text-inner\">\n<div class=\"mkdf-post-text-main\">\n<div class=\"page-title-head hgroup\">\n<div class=\"page-title-head hgroup\">\n<div class=\"mkdf-post-text\">\n<div class=\"mkdf-post-text-inner\">\n<div class=\"mkdf-post-text-main\">\n<div class=\"mkdf-post-text\">\n<div class=\"mkdf-post-text-inner\">\n<div class=\"mkdf-post-text-main\">\n<div class=\"page-title-head hgroup\">\n<div class=\"page-title-head hgroup\">\n<div class=\"page-title-head hgroup\">\n<div class=\"page-title-head hgroup\">\n<div class=\"b654a4as d2edcug0\">\n<div class=\"page-title-head hgroup\">\n<div class=\"page-title-head hgroup\">\n<div class=\"page-title-head hgroup\">\n<div class=\"page-title-head hgroup\">\n<div class=\"b654a4as d2edcug0\">\n<div>\n<div class=\"mkdf-post-text\">\n<div class=\"mkdf-post-text-inner\">\n<div class=\"mkdf-post-text-main\">\n<div class=\"mkdf-post-text\">\n<div class=\"mkdf-post-text-inner\">\n<div class=\"mkdf-post-text-main\">\n<div class=\"mkdf-post-text\">\n<div class=\"mkdf-post-text-inner\">\n<div class=\"mkdf-post-text-main\">\n<div class=\"page-title-head hgroup\">\n<div class=\"page-title-head hgroup\">\n<div class=\"page-title-breadcrumbs\">\n<div class=\"mkdf-post-text\">\n<div class=\"mkdf-post-text-inner\">\n<div class=\"mkdf-post-text-main\">\n<div class=\"mkdf-post-text\">\n<div class=\"mkdf-post-text-inner\">\n<div class=\"mkdf-post-text-main\">\n<div class=\"page-title-head hgroup\">\n<div class=\"page-title-head hgroup\">\n<div class=\"mkdf-post-text\">\n<div class=\"mkdf-post-text-inner\">\n<div class=\"mkdf-post-text-main\">\n<div class=\"mkdf-post-text\">\n<div class=\"mkdf-post-text-inner\">\n<div class=\"mkdf-post-text-main\">\n<div class=\"page-title-head hgroup\">\n<div class=\"page-title-head hgroup\">\n<div class=\"page-title-head hgroup\">\n<div class=\"page-title-head hgroup\">\n<div class=\"b654a4as d2edcug0\">\n<div>\n<div class=\"b654a4as d2edcug0\">\n<div class=\"rq0escxv hkbzh7o3 jwdofwj8 n8tt0mok r8blr3vg hyh9befq\">\n<p><a class=\"dt-pswp-item\" href=\"https:\/\/www.radiopiu.net\/wordpress\/wp-content\/uploads\/2020\/10\/pp.jpg\" data-dt-img-description=\"\" data-large_image_width=\"640\" data-large_image_height=\"640\"><img loading=\"lazy\" decoding=\"async\" class=\"wp-image-163678 alignleft\" src=\"https:\/\/www.radiopiu.net\/wordpress\/wp-content\/uploads\/2020\/10\/pp-300x300.jpg\" alt=\"\" width=\"106\" height=\"106\" srcset=\"https:\/\/www.radiopiu.net\/wordpress\/wp-content\/uploads\/2020\/10\/pp-300x300.jpg 300w, https:\/\/www.radiopiu.net\/wordpress\/wp-content\/uploads\/2020\/10\/pp-150x150.jpg 150w, https:\/\/www.radiopiu.net\/wordpress\/wp-content\/uploads\/2020\/10\/pp-125x125.jpg 125w, https:\/\/www.radiopiu.net\/wordpress\/wp-content\/uploads\/2020\/10\/pp-200x200.jpg 200w, https:\/\/www.radiopiu.net\/wordpress\/wp-content\/uploads\/2020\/10\/pp-80x80.jpg 80w, https:\/\/www.radiopiu.net\/wordpress\/wp-content\/uploads\/2020\/10\/pp-480x480.jpg 480w, https:\/\/www.radiopiu.net\/wordpress\/wp-content\/uploads\/2020\/10\/pp.jpg 640w\" sizes=\"auto, (max-width: 106px) 100vw, 106px\" \/><\/a><\/p>\n<\/div>\n<\/div>\n<\/div>\n<div>\n<div class=\"page-title-head hgroup\">\n<div class=\"page-title-head hgroup\">\n<div class=\"b654a4as d2edcug0\">\n<div class=\"j83agx80 btwxx1t3 lhclo0ds hop8lmos nkwizq5d scwd0bx6 roh60bw9\">\n<div class=\"rq0escxv hkbzh7o3 jwdofwj8 n8tt0mok r8blr3vg hyh9befq\">\n<div class=\"do00u71z l9j0dhe7 k4urcfbm\">\n<h2><span style=\"color: #000080;\">DON CESARE, IL PENSIERO DEL GIORNO. ALLA RADIO ALLE 7 DEL MATTINO E ALLE 19.30 DELLA SERA.\u00a0\u00a0<\/span><\/h2>\n<\/div>\n<\/div>\n<\/div>\n<\/div>\n<\/div>\n<div class=\"page-title-head hgroup\">\n<p>&nbsp;<\/p>\n<audio class=\"wp-audio-shortcode\" id=\"audio-233071-12\" preload=\"none\" style=\"width: 100%;\" controls=\"controls\"><source type=\"audio\/mpeg\" src=\"https:\/\/www.radiopiu.net\/wordpress\/wp-content\/uploads\/2021\/09\/CESARE-11.mp3?_=12\" \/><a href=\"https:\/\/www.radiopiu.net\/wordpress\/wp-content\/uploads\/2021\/09\/CESARE-11.mp3\">https:\/\/www.radiopiu.net\/wordpress\/wp-content\/uploads\/2021\/09\/CESARE-11.mp3<\/a><\/audio>\n<p class=\"b654a4as d2edcug0\">\n<\/div>\n<\/div>\n<\/div>\n<\/div>\n<\/div>\n<\/div>\n<\/div>\n<\/div>\n<\/div>\n<\/div>\n<\/div>\n<\/div>\n<\/div>\n<\/div>\n<\/div>\n<\/div>\n<\/div>\n<\/div>\n<\/div>\n<\/div>\n<\/div>\n<\/div>\n<\/div>\n<\/div>\n<\/div>\n<\/div>\n<\/div>\n<\/div>\n<\/div>\n<\/div>\n<\/div>\n<\/div>\n<\/div>\n<\/div>\n<\/div>\n<div>\n<p><b>\u00a0<\/b><\/p>\n<\/div>\n<\/div>\n<\/div>\n<\/div>\n<\/div>\n<\/div>\n<\/div>\n<\/div>\n<\/div>\n<\/div>\n<\/div>\n<\/div>\n<\/div>\n<\/div>\n<\/div>\n<\/div>\n<\/div>\n<\/div>\n<\/div>\n<\/div>\n<\/div>\n<\/div>\n<\/div>\n<\/div>\n<\/div>\n<\/div>\n<\/div>\n<\/div>\n<\/div>\n<\/div>\n<\/div>\n<\/div>\n<\/div>\n<\/div>\n<\/div>\n<\/div>\n<\/div>\n<\/div>\n<\/div>\n<\/div>\n<\/div>\n<\/div>\n<\/div>\n<\/div>\n<\/div>\n<\/div>\n<\/div>\n<\/div>\n<\/div>\n<\/div>\n<\/div>\n<\/div>\n<\/div>\n<\/div>\n<\/div>\n<\/div>\n<\/div>\n<\/div>\n<\/div>\n<\/div>\n<\/div>\n<\/div>\n<div>\n<hr \/>\n<div>\n<h3 class=\"kvgmc6g5 cxmmr5t8 oygrvhab hcukyx3x c1et5uql\"><span style=\"color: #0000ff;\">INFORMAZIONE il canale su TELEGRAM informazione di prima mano e in tempo reale. iscriviti ed aiutaci a farlo conoscere\u00a0\u00a0<\/span><\/h3>\n<\/div>\n<div>\n<div class=\"page-title-head hgroup\">\n<div class=\"page-title-head hgroup\">\n<div class=\"page-title-head hgroup\">\n<div class=\"page-title-head hgroup\">\n<div class=\"page-title-head hgroup\">\n<p>&nbsp;<\/p>\n<\/div>\n<\/div>\n<h2>LA RACCOLTA COMPLETA DELLA RASSEGNA STAMPA DI GIANNI SANTOMASO<\/h2>\n<\/div>\n<\/div>\n<\/div>\n<\/div>\n<div>\n<div class=\"page-title-head hgroup\">\n<div class=\"page-title-head hgroup\">\n<div class=\"page-title-head hgroup\">\n<div class=\"page-title-head hgroup\">\n<div class=\"b654a4as d2edcug0\">\n<div class=\"page-title-head hgroup\">\n<div class=\"page-title-head hgroup\">\n<div class=\"page-title-head hgroup\">\n<div class=\"page-title-head hgroup\">\n<div class=\"b654a4as d2edcug0\">\n<div>\n<blockquote class=\"wp-embedded-content\" data-secret=\"qOp3dKAyYU\"><p><a href=\"https:\/\/www.radiopiu.net\/wordpress\/rassegna-stampa-di-gianni-santomaso\/\">Rassegna stampa da l&#8217;amico del popolo &#8211; di Gianni Santomaso<\/a><\/p><\/blockquote>\n<p><iframe loading=\"lazy\" class=\"wp-embedded-content\" sandbox=\"allow-scripts\" security=\"restricted\" style=\"position: absolute; clip: rect(1px, 1px, 1px, 1px);\" title=\"&#8220;Rassegna stampa da l&#8217;amico del popolo &#8211; di Gianni Santomaso&#8221; &#8212; Radio Pi\u00f9\" src=\"https:\/\/www.radiopiu.net\/wordpress\/rassegna-stampa-di-gianni-santomaso\/embed\/#?secret=qOp3dKAyYU\" data-secret=\"qOp3dKAyYU\" width=\"600\" height=\"338\" frameborder=\"0\" marginwidth=\"0\" marginheight=\"0\" scrolling=\"no\"><\/iframe><\/p>\n<p>&nbsp;<\/p>\n<p>&nbsp;<\/p>\n<\/div>\n<div>\n<div class=\"page-title-head hgroup\">\n<div class=\"page-title-head hgroup\">\n<div class=\"page-title-head hgroup\">\n<div>\n<div class=\"b654a4as d2edcug0\">\n<div class=\"rq0escxv hkbzh7o3 jwdofwj8 n8tt0mok r8blr3vg hyh9befq\">\n<hr \/>\n<\/div>\n<\/div>\n<\/div>\n<div>\n<div class=\"page-title-head hgroup\">\n<div class=\"page-title-head hgroup\">\n<div class=\"b654a4as d2edcug0\">\n<p><strong>\u00a0<\/strong><\/p>\n<p><strong>\u00a0<\/strong><\/p>\n<p><strong>RACCOLTA COMPLETA\u00a0 \u00a0IN ONDA ALLA RADIO OGNI 15 GIORNI\u00a0 IL LUNEDI 830 MARTEDI 13.30 MERCOLEDI 1830 E DOMENICA ALLE 9<\/strong><\/p>\n<blockquote class=\"wp-embedded-content\" data-secret=\"2sAGpEGyU8\"><p><a href=\"https:\/\/www.radiopiu.net\/wordpress\/almanacco-ladino\/\">Almanacco Ladino<\/a><\/p><\/blockquote>\n<p><iframe loading=\"lazy\" class=\"wp-embedded-content\" sandbox=\"allow-scripts\" security=\"restricted\" style=\"position: absolute; clip: rect(1px, 1px, 1px, 1px);\" title=\"&#8220;Almanacco Ladino&#8221; &#8212; Radio Pi\u00f9\" src=\"https:\/\/www.radiopiu.net\/wordpress\/almanacco-ladino\/embed\/#?secret=2sAGpEGyU8\" data-secret=\"2sAGpEGyU8\" width=\"600\" height=\"338\" frameborder=\"0\" marginwidth=\"0\" marginheight=\"0\" scrolling=\"no\"><\/iframe><\/p>\n<\/div>\n<div>\n<p>&nbsp;<\/p>\n<hr \/>\n<p><strong>\u00a0\u00a0<\/strong><\/p>\n<p><strong><span style=\"color: #000000;\">\u00a0IERI ALLA RADIO DUE MINUTI UN LIBRO\u00a0<\/span><\/strong><\/p>\n<blockquote class=\"wp-embedded-content\" data-secret=\"hUlzawTesb\"><p><a href=\"https:\/\/www.radiopiu.net\/wordpress\/la-profezia-delle-pagine-perdute\/\">LA PROFEZIA DELLE PAGINE PERDUTE<\/a><\/p><\/blockquote>\n<p><iframe loading=\"lazy\" class=\"wp-embedded-content\" sandbox=\"allow-scripts\" security=\"restricted\" style=\"position: absolute; clip: rect(1px, 1px, 1px, 1px);\" title=\"&#8220;LA PROFEZIA DELLE PAGINE PERDUTE&#8221; &#8212; Radio Pi\u00f9\" src=\"https:\/\/www.radiopiu.net\/wordpress\/la-profezia-delle-pagine-perdute\/embed\/#?secret=hUlzawTesb\" data-secret=\"hUlzawTesb\" width=\"600\" height=\"338\" frameborder=\"0\" marginwidth=\"0\" marginheight=\"0\" scrolling=\"no\"><\/iframe><\/p>\n<p><strong>LA RACCOLTA COMPLETA\u00a0\u00a0<\/strong><\/p>\n<\/div>\n<div>\n<blockquote class=\"wp-embedded-content\" data-secret=\"5h67TqHlRe\"><p><a href=\"https:\/\/www.radiopiu.net\/wordpress\/due-minuti-un-libro\/\">Due minuti un libro<\/a><\/p><\/blockquote>\n<p><iframe loading=\"lazy\" class=\"wp-embedded-content\" sandbox=\"allow-scripts\" security=\"restricted\" style=\"position: absolute; clip: rect(1px, 1px, 1px, 1px);\" title=\"&#8220;Due minuti un libro&#8221; &#8212; Radio Pi\u00f9\" src=\"https:\/\/www.radiopiu.net\/wordpress\/due-minuti-un-libro\/embed\/#?secret=5h67TqHlRe\" data-secret=\"5h67TqHlRe\" width=\"600\" height=\"338\" frameborder=\"0\" marginwidth=\"0\" marginheight=\"0\" scrolling=\"no\"><\/iframe><\/p>\n<p>&nbsp;<\/p>\n<p>&nbsp;<\/p>\n<\/div>\n<hr \/>\n<p>&nbsp;<\/p>\n<div class=\"mkdf-post-text\">\n<div class=\"mkdf-post-text-inner\">\n<div class=\"mkdf-post-text-main\">\n<div class=\"mkdf-post-text\">\n<div class=\"mkdf-post-text-inner\">\n<div class=\"mkdf-post-text-main\">\n<div class=\"mkdf-post-text\">\n<div class=\"mkdf-post-text-inner\">\n<div class=\"mkdf-post-text-main\">\n<div class=\"page-title-head hgroup\">\n<div class=\"page-title-head hgroup\">\n<div class=\"mkdf-post-text\">\n<div class=\"mkdf-post-text-inner\">\n<div class=\"mkdf-post-text-main\">\n<div class=\"mkdf-post-text\">\n<div class=\"mkdf-post-text-inner\">\n<div class=\"mkdf-post-text-main\">\n<div>\n<div class=\"page-title-head hgroup\">\n<div class=\"page-title-head hgroup\">\n<div class=\"page-title-head hgroup\">\n<div class=\"page-title-head hgroup\">\n<div class=\"b654a4as d2edcug0\">\n<div class=\"page-title-head hgroup\">\n<div class=\"page-title-head hgroup\">\n<div class=\"page-title-head hgroup\">\n<div class=\"page-title-head hgroup\">\n<div class=\"b654a4as d2edcug0\">\n<div>\n<div>\n<div>\n<div>\n<div class=\"page-title-head hgroup\">\n<div class=\"page-title-head hgroup\">\n<div class=\"page-title-head hgroup\">\n<div class=\"page-title-head hgroup\">\n<div class=\"b654a4as d2edcug0\">\n<div class=\"page-title-head hgroup\">\n<div class=\"page-title-head hgroup\">\n<div class=\"page-title-head hgroup\">\n<div class=\"page-title-head hgroup\">\n<div class=\"b654a4as d2edcug0\">\n<div>\n<div class=\"page-title-head hgroup\">\n<div class=\"page-title-head hgroup\">\n<div class=\"page-title-head hgroup\">\n<div>\n<div class=\"page-title-head hgroup\">\n<div class=\"page-title-head hgroup\">\n<div class=\"page-title-head hgroup\">\n<p>&nbsp;<\/p>\n<p><a href=\"https:\/\/www.radiopiu.net\/wordpress\/giornale-radiopiu-26-settembre-2018-direttore-mirko-mezzacasa\/viabilita-2\/\" rel=\"attachment wp-att-61954\"><img loading=\"lazy\" decoding=\"async\" class=\"wp-image-61954 size-full aligncenter\" src=\"https:\/\/www.radiopiu.net\/wordpress\/wp-content\/uploads\/2018\/09\/viabilita.jpeg\" alt=\"\" width=\"800\" height=\"100\" srcset=\"https:\/\/www.radiopiu.net\/wordpress\/wp-content\/uploads\/2018\/09\/viabilita.jpeg 800w, https:\/\/www.radiopiu.net\/wordpress\/wp-content\/uploads\/2018\/09\/viabilita-300x38.jpeg 300w, https:\/\/www.radiopiu.net\/wordpress\/wp-content\/uploads\/2018\/09\/viabilita-768x96.jpeg 768w\" sizes=\"auto, (max-width: 800px) 100vw, 800px\" \/><\/a><\/p>\n<blockquote><p><a href=\"https:\/\/www.radiopiu.net\/wordpress\/giornale-radiopiu-09-agosto-2018-direttore-mirko-mezzacasa\/viabilia\/\" rel=\"attachment wp-att-57053\"><img loading=\"lazy\" decoding=\"async\" class=\" wp-image-57053 alignleft\" src=\"https:\/\/www.radiopiu.net\/wordpress\/wp-content\/uploads\/2018\/08\/VIABILIA-300x180.jpeg\" alt=\"\" width=\"220\" height=\"132\" srcset=\"https:\/\/www.radiopiu.net\/wordpress\/wp-content\/uploads\/2018\/08\/VIABILIA-300x180.jpeg 300w, https:\/\/www.radiopiu.net\/wordpress\/wp-content\/uploads\/2018\/08\/VIABILIA-768x461.jpeg 768w, https:\/\/www.radiopiu.net\/wordpress\/wp-content\/uploads\/2018\/08\/VIABILIA-1024x614.jpeg 1024w, https:\/\/www.radiopiu.net\/wordpress\/wp-content\/uploads\/2018\/08\/VIABILIA.jpeg 1280w\" sizes=\"auto, (max-width: 220px) 100vw, 220px\" \/><\/a><\/p><\/blockquote>\n<\/div>\n<\/div>\n<\/div>\n<\/div>\n<\/div>\n<\/div>\n<\/div>\n<\/div>\n<div>\n<div>\n<div class=\"page-title-head hgroup\">\n<div class=\"page-title-head hgroup\">\n<div class=\"page-title-head hgroup\">\n<div class=\"page-title-head hgroup\">\n<div class=\"page-title-head hgroup\">\n<div class=\"page-title-head hgroup\">\n<blockquote><p>La viabilit\u00e0 con gli ultimi aggiornamenti<\/p><\/blockquote>\n<\/div>\n<\/div>\n<\/div>\n<\/div>\n<\/div>\n<\/div>\n<\/div>\n<div><\/div>\n<div>\n<audio class=\"wp-audio-shortcode\" id=\"audio-233071-13\" preload=\"none\" style=\"width: 100%;\" controls=\"controls\"><source type=\"audio\/mpeg\" src=\"https:\/\/www.radiopiu.net\/wordpress\/wp-content\/uploads\/2021\/09\/VIABILITA-1.mp3?_=13\" \/><a href=\"https:\/\/www.radiopiu.net\/wordpress\/wp-content\/uploads\/2021\/09\/VIABILITA-1.mp3\">https:\/\/www.radiopiu.net\/wordpress\/wp-content\/uploads\/2021\/09\/VIABILITA-1.mp3<\/a><\/audio>\n<\/div>\n<div>\n<div><\/div>\n<\/div>\n<\/div>\n<\/div>\n<\/div>\n<\/div>\n<\/div>\n<\/div>\n<\/div>\n<\/div>\n<\/div>\n<\/div>\n<\/div>\n<\/div>\n<div>\n<div class=\"page-title-head hgroup\">\n<div class=\"page-title-head hgroup\">\n<div class=\"page-title-head hgroup\">\n<div class=\"page-title-head hgroup\">\n<div class=\"b654a4as d2edcug0\">\n<div>\n<div class=\"page-title-head hgroup\" style=\"text-align: left;\"><\/div>\n<div><\/div>\n<div>\n<hr \/>\n<\/div>\n<div><\/div>\n<div><\/div>\n<div><a href=\"https:\/\/www.radiopiu.net\/wordpress\/giornale-radiopiu-20-settembre-2021-direttore-mirko-mezzacasa\/pp-79\/\" rel=\"attachment wp-att-232921\"><img loading=\"lazy\" decoding=\"async\" class=\"wp-image-232921 alignleft\" src=\"https:\/\/www.radiopiu.net\/wordpress\/wp-content\/uploads\/2021\/09\/pp-1-300x300.jpg\" alt=\"\" width=\"135\" height=\"135\" srcset=\"https:\/\/www.radiopiu.net\/wordpress\/wp-content\/uploads\/2021\/09\/pp-1-300x300.jpg 300w, https:\/\/www.radiopiu.net\/wordpress\/wp-content\/uploads\/2021\/09\/pp-1-150x150.jpg 150w, https:\/\/www.radiopiu.net\/wordpress\/wp-content\/uploads\/2021\/09\/pp-1.jpg 640w\" sizes=\"auto, (max-width: 135px) 100vw, 135px\" \/><\/a><\/div>\n<div><\/div>\n<div><\/div>\n<div><strong>MUSICA ALLA RADIO, IL PROGRAMMA DI LORIS SCUSSEL &#8220;COLLAGE OPERAZIONE NOSTALGIA&#8221; DAL LUNEDI AL VENERDI ALLE 16.00\u00a0 E ALLE 23\u00a0<\/strong><br \/>\n<strong>PUNTATA 437<\/strong><audio class=\"wp-audio-shortcode\" id=\"audio-233071-14\" preload=\"none\" style=\"width: 100%;\" controls=\"controls\"><source type=\"audio\/mpeg\" src=\"https:\/\/www.radiopiu.net\/wordpress\/wp-content\/uploads\/2021\/09\/Collage-437.mp3?_=14\" \/><a href=\"https:\/\/www.radiopiu.net\/wordpress\/wp-content\/uploads\/2021\/09\/Collage-437.mp3\">https:\/\/www.radiopiu.net\/wordpress\/wp-content\/uploads\/2021\/09\/Collage-437.mp3<\/a><\/audio>\n<p><strong>\u00a0<\/strong><\/p>\n<\/div>\n<div><\/div>\n<\/div>\n<\/div>\n<\/div>\n<\/div>\n<\/div>\n<\/div>\n<\/div>\n<\/div>\n<\/div>\n<\/div>\n<div>\n<div>\n<div class=\"page-title-head hgroup\">\n<div class=\"page-title-head hgroup\">\n<div class=\"page-title-head hgroup\">\n<div class=\"page-title-head hgroup\">\n<div class=\"b654a4as d2edcug0\">\n<div class=\"page-title-head hgroup\">\n<div class=\"page-title-head hgroup\">\n<div class=\"page-title-head hgroup\">\n<div class=\"page-title-head hgroup\">\n<div class=\"b654a4as d2edcug0\">\n<div>\n<div class=\"page-title-head hgroup\">\n<div class=\"page-title-head hgroup\">\n<div class=\"page-title-head hgroup\">\n<div class=\"page-title-head hgroup\">\n<div class=\"page-title-head hgroup\"><\/div>\n<div><\/div>\n<\/div>\n<\/div>\n<\/div>\n<\/div>\n<\/div>\n<\/div>\n<\/div>\n<\/div>\n<\/div>\n<\/div>\n<\/div>\n<\/div>\n<\/div>\n<\/div>\n<\/div>\n<\/div>\n<\/div>\n<\/div>\n<\/div>\n<\/div>\n<\/div>\n<\/div>\n<\/div>\n<\/div>\n<\/div>\n<\/div>\n<\/div>\n<\/div>\n<\/div>\n<\/div>\n<\/div>\n<\/div>\n<\/div>\n<\/div>\n<\/div>\n<\/div>\n<\/div>\n<\/div>\n<\/div>\n<\/div>\n<\/div>\n<\/div>\n<\/div>\n<\/div>\n<\/div>\n<\/div>\n<\/div>\n<\/div>\n<\/div>\n<\/div>\n<\/div>\n<\/div>\n<\/div>\n<\/div>\n<\/div>\n<\/div>\n<\/div>\n<\/div>\n<\/div>\n<\/div>\n<\/div>\n<\/div>\n<\/div>\n<\/div>\n<div>\n<div class=\"page-title-head hgroup\">\n<div class=\"page-title-head hgroup\">\n<div class=\"page-title-head hgroup\">\n<div class=\"page-title-head hgroup\">\n<div class=\"b654a4as d2edcug0\">\n<div class=\"page-title-head hgroup\">\n<div class=\"page-title-head hgroup\">\n<div class=\"page-title-head hgroup\">\n<div class=\"page-title-head hgroup\">\n<div class=\"b654a4as d2edcug0\">\n<div class=\"page-title-head hgroup\">\n<div class=\"page-title-head hgroup\">\n<div class=\"page-title-head hgroup\">\n<div class=\"page-title-head hgroup\">\n<div class=\"page-title-head hgroup\">\n<div class=\"mkdf-post-text\">\n<div class=\"mkdf-post-text-inner\">\n<div class=\"mkdf-post-text-main\">\n<div class=\"mkdf-post-text\">\n<div class=\"mkdf-post-text-inner\">\n<div class=\"mkdf-post-text-main\">\n<div class=\"mkdf-post-text\">\n<div class=\"mkdf-post-text-inner\">\n<div class=\"mkdf-post-text-main\">\n<div class=\"page-title-head hgroup\">\n<div class=\"page-title-head hgroup\">\n<div class=\"mkdf-post-text\">\n<div class=\"mkdf-post-text-inner\">\n<div class=\"mkdf-post-text-main\">\n<div class=\"mkdf-post-text\">\n<div class=\"mkdf-post-text-inner\">\n<div class=\"mkdf-post-text-main\">\n<div>\n<div class=\"page-title-head hgroup\">\n<div class=\"page-title-head hgroup\">\n<div class=\"page-title-head hgroup\">\n<div class=\"page-title-head hgroup\">\n<div class=\"b654a4as d2edcug0\">\n<div class=\"page-title-head hgroup\">\n<div class=\"page-title-head hgroup\">\n<div class=\"page-title-head hgroup\">\n<div class=\"page-title-head hgroup\">\n<div class=\"b654a4as d2edcug0\">\n<div>\n<div>\n<div>\n<div class=\"page-title-head hgroup\">\n<hr \/>\n<p>&nbsp;<\/p>\n<\/div>\n<\/div>\n<\/div>\n<\/div>\n<\/div>\n<\/div>\n<\/div>\n<\/div>\n<\/div>\n<\/div>\n<\/div>\n<\/div>\n<\/div>\n<\/div>\n<\/div>\n<div>\n<div class=\"page-title-head hgroup\">\n<div class=\"page-title-head hgroup\">\n<div>\n<div class=\"page-title-head hgroup\">\n<div class=\"page-title-head hgroup\">\n<div class=\"b654a4as d2edcug0\">\n<div>\n<div class=\"page-title-head hgroup\" style=\"text-align: left;\">\n<div class=\"page-title-head hgroup\">\n<div dir=\"auto\">\n<p><a class=\"dt-pswp-item pspw-wrap-ready\" href=\"https:\/\/i0.wp.com\/www.radiopiu.net\/wordpress\/wp-content\/uploads\/2018\/09\/WhatsApp-Image-2018-09-20-at-16.04.06.jpeg?ssl=1\" data-dt-img-description=\"\" data-large_image_width=\"800\" data-large_image_height=\"100\"><img loading=\"lazy\" decoding=\"async\" class=\"aligncenter wp-image-61378 size-full jetpack-lazy-image jetpack-lazy-image--handled\" src=\"https:\/\/i0.wp.com\/www.radiopiu.net\/wordpress\/wp-content\/uploads\/2018\/09\/WhatsApp-Image-2018-09-20-at-16.04.06.jpeg?resize=800%2C100&amp;ssl=1\" sizes=\"auto, (max-width: 800px) 100vw, 800px\" srcset=\"https:\/\/i0.wp.com\/www.radiopiu.net\/wordpress\/wp-content\/uploads\/2018\/09\/WhatsApp-Image-2018-09-20-at-16.04.06.jpeg?w=800&amp;ssl=1 800w, https:\/\/i0.wp.com\/www.radiopiu.net\/wordpress\/wp-content\/uploads\/2018\/09\/WhatsApp-Image-2018-09-20-at-16.04.06.jpeg?resize=300%2C38&amp;ssl=1 300w, https:\/\/i0.wp.com\/www.radiopiu.net\/wordpress\/wp-content\/uploads\/2018\/09\/WhatsApp-Image-2018-09-20-at-16.04.06.jpeg?resize=768%2C96&amp;ssl=1 768w\" alt=\"\" width=\"800\" height=\"100\" data-lazy-loaded=\"1\" \/><\/a><\/p>\n<\/div>\n<\/div>\n<\/div>\n<\/div>\n<\/div>\n<\/div>\n<\/div>\n<\/div>\n<\/div>\n<\/div>\n<\/div>\n<\/div>\n<\/div>\n<\/div>\n<\/div>\n<\/div>\n<\/div>\n<\/div>\n<\/div>\n<\/div>\n<\/div>\n<\/div>\n<\/div>\n<\/div>\n<\/div>\n<\/div>\n<\/div>\n<\/div>\n<\/div>\n<div class=\"page-title-head hgroup\">\n<p>&nbsp;<\/p>\n<p><strong>mercoled\u00ec 22.<\/strong> Tempo stabile con sole e velature del cielo per transito di sottili nubi alte, pi\u00f9 presenti ed estese al mattino, mentre le suddette nubi saranno in diradamento a partire da nord al pomeriggio, con ritorno del cielo man mano pi\u00f9 sereno, salvo qualche modesto cumulo o stratocumulo a ridosso delle cime prealpine. Maggiore mitezza diurna nelle valli pi\u00f9 assolate. Precipitazioni. Assenti (0%)<\/p>\n<p><strong>gioved\u00ec 23.<\/strong> Splendida giornata settembrina con sole e cielo sereno, salvo qualche banco di nubi basse mattutine nelle conche prealpine e qualche modesto annuvolamento a ridosso delle cime nelle ore pi\u00f9 calde, specie sulle Prealpi, mentre il cielo rimarr\u00e0 spesso sereno sulle Dolomiti. Aria limpida e ottima visibilit\u00e0 in quota. Il contesto termico sar\u00e0 fresco di notte e tardo-estivo in giornata, con significativa escursione termica giornaliera nelle valli. Precipitazioni. Assenti (0%)<\/p>\n<p><strong>venerd\u00ec 24<\/strong>. Splendida giornata autunnale con sole e cielo sereno o poco nuvoloso per qualche modesto annuvolamento a ridosso delle cime, ma solo durante ore pi\u00f9 calde e sulle Prealpi. Aria limpida e ottima visibilit\u00e0. Temperature in ulteriore aumento rispetto a gioved\u00ec, al di sopra della media del periodo. Venti perlopi\u00f9 deboli a regime di brezza nelle valli, a tratti e localmente moderati nei settori solitamente pi\u00f9 ventilati; in quota deboli\/moderati da nord-ovest, a tratti tesi sulle cime dolomitiche pi\u00f9 alte.<\/p>\n<p><strong>sabato 25<\/strong>. Altra bella giornata autunnale con sole e cielo sereno o poco nuvoloso per qualche modesto annuvolamento a ridosso delle cime durante ore pi\u00f9 calde, specie sulle Prealpi. Aria limpida e ottima visibilit\u00e0. Temperature in lieve aumento a tutti le quote. Venti perlopi\u00f9 deboli a regime di brezza nelle valli, a tratti e localmente moderati nei settori solitamente pi\u00f9 ventilati; in quota deboli\/moderati da ovest sud-ovest al mattino e da ovest al pomeriggio.<\/p>\n<p>&nbsp;<\/p>\n<p>&nbsp;<\/p>\n<div class=\"mkdf-post-text\">\n<div class=\"mkdf-post-text-inner\">\n<p><a href=\"https:\/\/www.radiopiu.net\/wordpress\/giornale-radiopiu-15-settembre-2018-direttore-mirko-mezzacasa\/sport-7\/\" rel=\"attachment wp-att-60761\"><img loading=\"lazy\" decoding=\"async\" class=\"wp-image-60761 size-full aligncenter\" src=\"https:\/\/www.radiopiu.net\/wordpress\/wp-content\/uploads\/2018\/09\/sport.jpg\" alt=\"\" width=\"800\" height=\"100\" srcset=\"https:\/\/www.radiopiu.net\/wordpress\/wp-content\/uploads\/2018\/09\/sport.jpg 800w, https:\/\/www.radiopiu.net\/wordpress\/wp-content\/uploads\/2018\/09\/sport-300x38.jpg 300w, https:\/\/www.radiopiu.net\/wordpress\/wp-content\/uploads\/2018\/09\/sport-768x96.jpg 768w\" sizes=\"auto, (max-width: 800px) 100vw, 800px\" \/><\/a><\/p>\n<p>&nbsp;<\/p>\n<p>&nbsp;<\/p>\n<blockquote>\n<h3><a href=\"https:\/\/www.radiopiu.net\/wordpress\/giornale-radiopiu-22-settembre-2021-direttore-mirko-mezzacasa\/maccagnan_davide_2021\/\" rel=\"attachment wp-att-233128\"><img loading=\"lazy\" decoding=\"async\" class=\"size-medium wp-image-233128 alignleft\" src=\"https:\/\/www.radiopiu.net\/wordpress\/wp-content\/uploads\/2021\/09\/Maccagnan_Davide_2021-126x300.jpg\" alt=\"\" width=\"126\" height=\"300\" srcset=\"https:\/\/www.radiopiu.net\/wordpress\/wp-content\/uploads\/2021\/09\/Maccagnan_Davide_2021-126x300.jpg 126w, https:\/\/www.radiopiu.net\/wordpress\/wp-content\/uploads\/2021\/09\/Maccagnan_Davide_2021.jpg 382w\" sizes=\"auto, (max-width: 126px) 100vw, 126px\" \/><\/a><\/h3>\n<h3>LA GS LA PIAVE 2000 CONQUISTA IL TROFEO FIDAL BELLUNO<\/h3>\n<\/blockquote>\n<p><strong>BORGO VALBELLUNA<\/strong>\u00a0 \u00a0La Piave 2000 \u00e8 stata protagonista nell\u2019edizione inaugurale del Gran Premio \u201cDolomiting\u201d \u2013 Trofeo Sportway, rassegna dedicata al mezzofondo che ha fatto tappa sulle piste di Vallesella (21 agosto), Agordo (7 settembre) e Feltre (14 settembre). Ha primeggiato nella classifica di societ\u00e0, aggiudicandosi il Trofeo Fidal Belluno. Tredici le societ\u00e0 in gara e il club della presidente Patrizia Tremea \u00e8 andato ad occupare il gradino pi\u00f9 alto del podio nella graduatoria basata sul numero degli atleti partecipanti alle tre manifestazioni. Sei atleti del Gs La Piave 2000 sono saliti sul podio individuale di categoria. Il promettente Davide Maccagnan (foto)\u00a0 ha dominato il campo nella classifica ragazzi, realizzando una media di oltre 800 su ognuna delle due migliori gare prese in considerazione per la classifica. Guido De Bona si \u00e8 invece imposto nella categoria Master Over 50. Zona medaglia anche per Chiara Facchin, argento tra le juniores, Arianna Marcer, bronzo tra le allieve, Marina Giotto, terza nel settore assoluto, e Stefano De Min, salito sul gradino meno nobile del podio nella categoria Master Over 50.\u00a0 Da segnalare inoltre i quarti posti di Francesco Da Vi\u00e0 (settore assoluto) e Valeria Schenardi (juniores) e le quinte piazze di Manolo Tramontin (ragazzi) e Ivan Somacal (cadetti).<\/p>\n<p>&nbsp;<\/p>\n<p>&nbsp;<\/p>\n<p>&nbsp;<\/p>\n<hr \/>\n<p>&nbsp;<\/p>\n<p>&nbsp;<\/p>\n<blockquote>\n<h3>RIPARTE IL CALCIO CSI, NEL FINE SETTIMANA AL VIA IL CAMPIONATO OPEN<\/h3>\n<\/blockquote>\n<p><strong><a href=\"https:\/\/www.radiopiu.net\/wordpress\/giornale-radiopiu-22-settembre-2021-direttore-mirko-mezzacasa\/pallone-calcio-csi\/\" rel=\"attachment wp-att-233126\"><img loading=\"lazy\" decoding=\"async\" class=\" wp-image-233126 alignleft\" src=\"https:\/\/www.radiopiu.net\/wordpress\/wp-content\/uploads\/2021\/09\/PALLONE-CALCIO-CSI-300x200.jpg\" alt=\"\" width=\"263\" height=\"175\" srcset=\"https:\/\/www.radiopiu.net\/wordpress\/wp-content\/uploads\/2021\/09\/PALLONE-CALCIO-CSI-300x200.jpg 300w, https:\/\/www.radiopiu.net\/wordpress\/wp-content\/uploads\/2021\/09\/PALLONE-CALCIO-CSI-768x512.jpg 768w, https:\/\/www.radiopiu.net\/wordpress\/wp-content\/uploads\/2021\/09\/PALLONE-CALCIO-CSI.jpg 956w\" sizes=\"auto, (max-width: 263px) 100vw, 263px\" \/><\/a>BELLUNO\u00a0<\/strong> \u00a0Nel fine settimana prende il via il campionato Open proposto dai comitati Csi di Belluno e di Feltre. Il campionato prevede una fase di andata fino a fine novembre, le prime cinque dei due gironi disputeranno la A1, le altre la A2. Diciotto le formazioni iscritte. Girone A: Sottocastello, Bellunese Calcio All Fit, Chies, Bar Quadrifoglio, Villabruna, Cral Farrese, Cantine Riunite, Farrentina, Sedico Calcio. Girone B: Calcio amatori Segusino, Us Vignui, Us Virtus Nemeggio, Calcio Soccher, Csi Arsi\u00e8 Summer Fest, Plavis Csi, Calcio Sovramonte, Usd Le Ville, Us San Vittore. Sabato la prima giornata.<\/p>\n<p><strong>Girone A<\/strong> Chies &#8211; Farrentina (ore 15 a Chies d&#8217;Alpago, arbitro Decima) Cantine Riunite &#8211; Bar Quadrifoglio (ore 15 a Pieve d&#8217;Alpago, arbitro Specia) Sottocastello &#8211; Sedico Calcio (ore 15 a Sottocastello, arbitro Matten) Bellunese Calcio All Fit &#8211; Villabruna (ore 15.30 a Roe di Sedico, arbitro Colle) Riposa Cral Farrese <strong>Girone B <\/strong>Csi Arsi\u00e9 Summer Fest &#8211; Plavis Csi (ore 15 ad Arsi\u00e8, arbitro Sokol) Calcio Sovramonte &#8211; Vignui (ore 15 a Sorriva di Sovramonte, arbitro Unterberger) Le Ville &#8211; Calcio Soccher (ore 15.30 a Voltago Agordino, arbitro Falluca) San Vittore &#8211;\u00a0 Virtus Nemeggio (ore 20.30 ad Anz\u00f9 di Feltre, arbitro Panico) Riposa Segusino<\/p>\n<p>&nbsp;<\/p>\n<p>&nbsp;<\/p>\n<p>&nbsp;<\/p>\n<hr \/>\n<p>&nbsp;<\/p>\n<h3><\/h3>\n<p>&nbsp;<\/p>\n<p>&nbsp;<\/p>\n<\/div>\n<\/div>\n<\/div>\n<\/div>\n<\/div>\n<\/div>\n<\/div>\n<\/div>\n<\/div>\n<\/div>\n<\/div>\n<\/div>\n<\/div>\n<\/div>\n<\/div>\n<\/div>\n<\/div>\n<\/div>\n","protected":false},"excerpt":{"rendered":"<p>REGIONALE 203 AGORDINA APERTA, NON SONO PREVISTE INTERRUZIONI ALMENO FINO ALLA PROSSIMA SETTIMANA QUANDO RIPRENDERANNO I LAVORI DI POSA DELLE RETI DI PROTEZIONE, VENETO STRADE COMUNICHERA&#8217; CON AMPIO ANTICIPO QUALI SARANNO LE LIMITAZIONI AL TRAFFICO A PARTIRE DA LUNEDI, COMUNQUE DALLA PROSSIMA SETTIMANA. \u00abAbbiamo terminato il disgaggio dei massi che erano in condizioni di non&hellip;<\/p>\n","protected":false},"author":4,"featured_media":233072,"comment_status":"closed","ping_status":"open","sticky":false,"template":"","format":"standard","meta":{"_monsterinsights_skip_tracking":false,"_monsterinsights_sitenote_active":false,"_monsterinsights_sitenote_note":"","_monsterinsights_sitenote_category":0,"footnotes":""},"categories":[1,51,86,49],"tags":[],"class_list":["post-233071","post","type-post","status-publish","format-standard","has-post-thumbnail","hentry","category-senza-categoria","category-evidenza-top","category-gr","category-news-18","category-1","category-51","category-86","category-49","description-off"],"img_url":"https:\/\/www.radiopiu.net\/wordpress\/wp-content\/uploads\/2021\/09\/salt_20210921_110244_005.jpg","_links":{"self":[{"href":"https:\/\/www.radiopiu.net\/wordpress\/wp-json\/wp\/v2\/posts\/233071","targetHints":{"allow":["GET"]}}],"collection":[{"href":"https:\/\/www.radiopiu.net\/wordpress\/wp-json\/wp\/v2\/posts"}],"about":[{"href":"https:\/\/www.radiopiu.net\/wordpress\/wp-json\/wp\/v2\/types\/post"}],"author":[{"embeddable":true,"href":"https:\/\/www.radiopiu.net\/wordpress\/wp-json\/wp\/v2\/users\/4"}],"replies":[{"embeddable":true,"href":"https:\/\/www.radiopiu.net\/wordpress\/wp-json\/wp\/v2\/comments?post=233071"}],"version-history":[{"count":0,"href":"https:\/\/www.radiopiu.net\/wordpress\/wp-json\/wp\/v2\/posts\/233071\/revisions"}],"wp:featuredmedia":[{"embeddable":true,"href":"https:\/\/www.radiopiu.net\/wordpress\/wp-json\/wp\/v2\/media\/233072"}],"wp:attachment":[{"href":"https:\/\/www.radiopiu.net\/wordpress\/wp-json\/wp\/v2\/media?parent=233071"}],"wp:term":[{"taxonomy":"category","embeddable":true,"href":"https:\/\/www.radiopiu.net\/wordpress\/wp-json\/wp\/v2\/categories?post=233071"},{"taxonomy":"post_tag","embeddable":true,"href":"https:\/\/www.radiopiu.net\/wordpress\/wp-json\/wp\/v2\/tags?post=233071"}],"curies":[{"name":"wp","href":"https:\/\/api.w.org\/{rel}","templated":true}]}}