{"id":233119,"date":"2021-09-25T05:20:03","date_gmt":"2021-09-25T03:20:03","guid":{"rendered":"https:\/\/www.radiopiu.net\/wordpress\/?p=233119"},"modified":"2021-09-25T05:40:30","modified_gmt":"2021-09-25T03:40:30","slug":"speraznes","status":"publish","type":"post","link":"https:\/\/www.radiopiu.net\/wordpress\/speraznes\/","title":{"rendered":"GIACOMO SARTORI NON C&#8217;E&#8217; PIU&#8217;. SVANITE LE  SPERANZE DI RITROVARLO IN VITA"},"content":{"rendered":"<div class=\"col-xs-1\">\n<div id=\"share_bar_wrapper\" class=\"top\">\n<div><strong>MILANO<\/strong> Giacomo Sartor<strong>i<\/strong>, il tecnico informatico 29enne di Mel, scomparso il 18 settembre scorso nel Milanese, dove lavorava \u00e8 stato ritrovato privo di vita. Il corpo del ragazzo era a un centinaio di metri dal luogo del ritrovamento dell&#8217;auto, in una cascina nella zona di Casorate Primo. Il corpo \u00e8 stato rinvenuto intorno alle 10.30 dalla coordinatrice della Protezione civile di Bereguardo, che venerd\u00ec mattina \u00e8 arrivata alla cascina e ha cominciato da l\u00ec a perlustrare la zona. I proprietari dell\u2019agriturismo\u00a0 e del terreno circostante hanno riferito di essere stati pi\u00f9 volte nel frutteto, durante la settimana, per svolgere i consueti lavori e di non aver notato nulla. Tra l\u2019altro, in questi giorni era in corso anche la potatura della siepe. L\u2019agghiacciante scoperta stamane nella zona di Casorate Primo, a pochissima distanza dal luogo in cui era parcheggiato l&#8217;auto, in una zona in cui nei giorni scorsi si erano gi\u00e0 svolte le ricerche dei soccorritori.<\/div>\n<\/div>\n<\/div>\n<div class=\"chapter clearfix\">\n<p>&nbsp;<\/p>\n<\/div>\n<p><strong>DAI NOTIZIARI PRECEDENTI<\/strong><\/p>\n<blockquote>\n<blockquote>\n<blockquote>\n<blockquote>\n<blockquote><p>&nbsp;<\/p>\n<p><strong>Dalle informazioni ricevute in merito alla serata di venerd\u00ec 17 settembre risulta che Giacomo Sartori portasse una camicia bianca, dei pantaloni beige e delle scarpe marroni. Di seguito uno foto risalente al mese di luglio.\u00a0<\/strong><\/p>\n<p><a class=\"dt-pswp-item\" href=\"https:\/\/www.radiopiu.net\/wordpress\/wp-content\/uploads\/2021\/09\/242581413_108506918255158_5344029935931975769_n-e1632465696890.jpg\" data-dt-img-description=\"\" data-large_image_width=\"526\" data-large_image_height=\"1386\"><img loading=\"lazy\" decoding=\"async\" class=\"alignnone wp-image-233554 size-medium\" src=\"https:\/\/www.radiopiu.net\/wordpress\/wp-content\/uploads\/2021\/09\/242581413_108506918255158_5344029935931975769_n-e1632465696890-114x300.jpg\" alt=\"\" width=\"114\" height=\"300\" srcset=\"https:\/\/www.radiopiu.net\/wordpress\/wp-content\/uploads\/2021\/09\/242581413_108506918255158_5344029935931975769_n-e1632465696890-114x300.jpg 114w, https:\/\/www.radiopiu.net\/wordpress\/wp-content\/uploads\/2021\/09\/242581413_108506918255158_5344029935931975769_n-e1632465696890-389x1024.jpg 389w, https:\/\/www.radiopiu.net\/wordpress\/wp-content\/uploads\/2021\/09\/242581413_108506918255158_5344029935931975769_n-e1632465696890.jpg 526w\" sizes=\"auto, (max-width: 114px) 100vw, 114px\" \/><\/a><\/p>\n<h3><\/h3>\n<\/blockquote>\n<p><strong>BORGO VALBELLUNA_PAVIA_MILANO<\/strong> Decine di uomini lo hanno cercato per ore nelle campagne di Pavia, ma di Giacomo Sartori, il 29enne tecnico informatico originario di Borgo Valbelluna ma domiciliato a Milano, non ci sono tracce. La Polo grigia aziendale trovata da un residente\u00a0 \u00e8 l&#8217;unica traccia che i carabinieri stanno seguendo per risolvere il giallo. Un mistero che si trascina ormai da una settimana iniziato con il furto di un computer e di un cellulare aziendale un&#8217;enoteca milanese in centro.\u00a0 Intanto i parenti\u00a0 \u00a0lanciano nuovi appelli tramite Facebook per avere notizie. Gli investigatori tramite la cella telefonica hanno ricostruito il percorso notturno del 29enne da Milano sino al Pavese. \u00c8 possibile ipotizzare che il giovane esperto di informatica sfruttando le sue conoscenze tecniche si sia messo alla caccia del computer cercando il segnale con una app.<\/p>\n<blockquote>\n<h3><a href=\"https:\/\/www.radiopiu.net\/wordpress\/giacomo-dove-sei-bellunese-scomparso-a-milano\/242395190_4738693336181651_8321149791900266454_n\/\" rel=\"attachment wp-att-233120\"><img loading=\"lazy\" decoding=\"async\" class=\"wp-image-233120 alignleft\" src=\"https:\/\/www.radiopiu.net\/wordpress\/wp-content\/uploads\/2021\/09\/242395190_4738693336181651_8321149791900266454_n.jpg\" alt=\"\" width=\"259\" height=\"194\" srcset=\"https:\/\/www.radiopiu.net\/wordpress\/wp-content\/uploads\/2021\/09\/242395190_4738693336181651_8321149791900266454_n.jpg 720w, https:\/\/www.radiopiu.net\/wordpress\/wp-content\/uploads\/2021\/09\/242395190_4738693336181651_8321149791900266454_n-300x225.jpg 300w\" sizes=\"auto, (max-width: 259px) 100vw, 259px\" \/><\/a><\/h3>\n<p>\u00c8 stata trovata a Casorate Primo (Pavia) l&#8217;auto\u00a0 del giovane scomparso da Milano, la citt\u00e0 in cui vive e lavora. I familiari ed amici non hanno sue notizie da sabato 17 settembre. Da cinque giorni il suo cellulare \u00e8 spento. L&#8217;auto \u00e8 stata regolarmente chiusa ma del giovane nessuna traccia.<\/p>\n<p>La presenza della macchina \u00e8 stata segnalata da un residente ai carabinieri di Pavia, che hanno subito avvertito i colleghi del Nucleo investigativo di Milano che si occupano del caso. Sono in corso accertamenti e rilievi per individuare eventuali tracce utili alle indagini e alle ricerche del giovane.<\/p>\n<p><em>Giacomo Sartori si era trasferito a Milano tre anni fa, dapprima per motivi di studio, poi per lavoro. A febbraio di quest&#8217;anno il ragazzo ha trovato occupazione in citt\u00e0 come impiegato al Centro Software srl<\/em><\/p><\/blockquote>\n<p><strong>BORGO VALBELLUNA_MILANO<\/strong> Giacomo Sartori \u00e8 un\u00a0 ragazzo\u00a0 di Mel,\u00a0 scomparso a Milano. Scomparso il 17 settembre Altezza 1m75, peso 68kg. E&#8217; senza documenti, forse alla guida di una Polo di colore grigio scuro targa GF905VY.<br \/>\n<span style=\"color: #ff0000;\"><strong>Chiunque lo vedesse contatti il 112.<\/strong><\/span><\/p>\n<p>&nbsp;<\/p><\/blockquote>\n<\/blockquote>\n<p>&nbsp;<\/p>\n<blockquote>\n<h2>LA SCOMPARSA DI GIACOMO A &#8220;CHI L&#8217;HA VISTO&#8221;<\/h2>\n<\/blockquote>\n<p><strong>REDAZIONE<\/strong> La trasmissione Chi l&#8217;ha Visto, come anticipato, si \u00e8 occupata della scomparsa di Giacomo Sartori. Da Milano la ricostruzione di quanto accaduto al Bar con il furto dello zainetto blu (in foto un fac simile), lo racconta il titolare del Pub Aron Brussolo, del furto e della contemporanea scomparsa del giovane originario di Mel, ma residente a Milano per lavoro. L&#8217;appello \u00e8 stato fatto forte e chiaro, di mettersi in contatto con il 112 per ogni utile informazione anche alla luce del ritrovamento dell&#8217;auto a Pavia, regolarmente chiusa ma del giovane nessuna traccia. Saranno le forze dell&#8217;ordine a stabilire se l&#8217;auto sia stata portata a Pavia da Giacomo o da qualcun&#8217;altro.<\/p>\n<blockquote><p><em>\u00abCi ha chiesto subito se avevamo visto il suo zaino ed era molto preoccupato\u00bb, ha detto Brussolo, \u00abma se lo aveva lasciato a terra vicino al tavolo \u00e8 molto probabile che lo abbiano rubato. Ci ha parlato del pc aziendale, poi \u00e8 andato via con i suoi amici e ho scoperto solo luned\u00ec che era scomparso\u00bb. <\/em><\/p><\/blockquote>\n\n\t\t\t<style type='text\/css'>\n\t\t\t\t#gallery-1 {\n\t\t\t\t\tmargin: auto;\n\t\t\t\t}\n\t\t\t\t#gallery-1 .gallery-item {\n\t\t\t\t\tfloat: left;\n\t\t\t\t\tmargin-top: 10px;\n\t\t\t\t\ttext-align: center;\n\t\t\t\t\twidth: 20%;\n\t\t\t\t}\n\t\t\t\t#gallery-1 img {\n\t\t\t\t\tborder: 2px solid #cfcfcf;\n\t\t\t\t}\n\t\t\t\t#gallery-1 .gallery-caption {\n\t\t\t\t\tmargin-left: 0;\n\t\t\t\t}\n\t\t\t\t\/* see gallery_shortcode() in wp-includes\/media.php *\/\n\t\t\t<\/style>\n\t\t<div id='gallery-1' class='dt-gallery-container gallery galleryid-233119 gallery-columns-5 gallery-size-thumbnail'><dl class='gallery-item'>\n\t\t\t\t<dt class='gallery-icon landscape'>\n\t\t\t\t\t<a class=\"rollover rollover-zoom dt-pswp-item\" title=\"11dcef4b-e1b4-4992-8895-28999bb0752f\" data-dt-img-description=\"\" data-large_image_width=\"2000\" data-large_image_height=\"1496\"href='https:\/\/www.radiopiu.net\/wordpress\/wp-content\/uploads\/2021\/09\/11dcef4b-e1b4-4992-8895-28999bb0752f.jpg'><img loading=\"lazy\" decoding=\"async\" width=\"150\" height=\"150\" src=\"https:\/\/www.radiopiu.net\/wordpress\/wp-content\/uploads\/2021\/09\/11dcef4b-e1b4-4992-8895-28999bb0752f-150x150.jpg\" class=\"attachment-thumbnail size-thumbnail\" alt=\"\" \/><\/a>\n\t\t\t\t<\/dt><\/dl><dl class='gallery-item'>\n\t\t\t\t<dt class='gallery-icon landscape'>\n\t\t\t\t\t<a class=\"rollover rollover-zoom dt-pswp-item\" title=\"812f4cf8-0d7f-4e99-be28-ac4f903d89a6\" data-dt-img-description=\"\" data-large_image_width=\"2000\" data-large_image_height=\"1496\"href='https:\/\/www.radiopiu.net\/wordpress\/wp-content\/uploads\/2021\/09\/812f4cf8-0d7f-4e99-be28-ac4f903d89a6.jpg'><img loading=\"lazy\" decoding=\"async\" width=\"150\" height=\"150\" src=\"https:\/\/www.radiopiu.net\/wordpress\/wp-content\/uploads\/2021\/09\/812f4cf8-0d7f-4e99-be28-ac4f903d89a6-150x150.jpg\" class=\"attachment-thumbnail size-thumbnail\" alt=\"\" \/><\/a>\n\t\t\t\t<\/dt><\/dl><dl class='gallery-item'>\n\t\t\t\t<dt class='gallery-icon landscape'>\n\t\t\t\t\t<a class=\"rollover rollover-zoom dt-pswp-item\" title=\"19ffd8cb-7965-4940-b800-dbc80759f238\" data-dt-img-description=\"\" data-large_image_width=\"2000\" data-large_image_height=\"1496\"href='https:\/\/www.radiopiu.net\/wordpress\/wp-content\/uploads\/2021\/09\/19ffd8cb-7965-4940-b800-dbc80759f238.jpg'><img loading=\"lazy\" decoding=\"async\" width=\"150\" height=\"150\" src=\"https:\/\/www.radiopiu.net\/wordpress\/wp-content\/uploads\/2021\/09\/19ffd8cb-7965-4940-b800-dbc80759f238-150x150.jpg\" class=\"attachment-thumbnail size-thumbnail\" alt=\"\" \/><\/a>\n\t\t\t\t<\/dt><\/dl><dl class='gallery-item'>\n\t\t\t\t<dt class='gallery-icon landscape'>\n\t\t\t\t\t<a class=\"rollover rollover-zoom dt-pswp-item\" title=\"2203e98f-ea40-481e-bca3-5ad7e9f9c960\" data-dt-img-description=\"\" data-large_image_width=\"2000\" data-large_image_height=\"1496\"href='https:\/\/www.radiopiu.net\/wordpress\/wp-content\/uploads\/2021\/09\/2203e98f-ea40-481e-bca3-5ad7e9f9c960.jpg'><img loading=\"lazy\" decoding=\"async\" width=\"150\" height=\"150\" src=\"https:\/\/www.radiopiu.net\/wordpress\/wp-content\/uploads\/2021\/09\/2203e98f-ea40-481e-bca3-5ad7e9f9c960-150x150.jpg\" class=\"attachment-thumbnail size-thumbnail\" alt=\"\" \/><\/a>\n\t\t\t\t<\/dt><\/dl><dl class='gallery-item'>\n\t\t\t\t<dt class='gallery-icon landscape'>\n\t\t\t\t\t<a class=\"rollover rollover-zoom dt-pswp-item\" title=\"1fd2fbe6-b50b-4e49-8d82-62c20c39ad13\" data-dt-img-description=\"\" data-large_image_width=\"2000\" data-large_image_height=\"1496\"href='https:\/\/www.radiopiu.net\/wordpress\/wp-content\/uploads\/2021\/09\/1fd2fbe6-b50b-4e49-8d82-62c20c39ad13.jpg'><img loading=\"lazy\" decoding=\"async\" width=\"150\" height=\"150\" src=\"https:\/\/www.radiopiu.net\/wordpress\/wp-content\/uploads\/2021\/09\/1fd2fbe6-b50b-4e49-8d82-62c20c39ad13-150x150.jpg\" class=\"attachment-thumbnail size-thumbnail\" alt=\"\" \/><\/a>\n\t\t\t\t<\/dt><\/dl><br style=\"clear: both\" \/>\n\t\t\t<\/div>\n\n<p>&nbsp;<\/p><\/blockquote>\n<\/blockquote>\n<p>***<\/p>\n","protected":false},"excerpt":{"rendered":"<p>MILANO Giacomo Sartori, il tecnico informatico 29enne di Mel, scomparso il 18 settembre scorso nel Milanese, dove lavorava \u00e8 stato ritrovato privo di vita. Il corpo del ragazzo era a un centinaio di metri dal luogo del ritrovamento dell&#8217;auto, in una cascina nella zona di Casorate Primo. Il corpo \u00e8 stato rinvenuto intorno alle 10.30&hellip;<\/p>\n","protected":false},"author":4,"featured_media":233596,"comment_status":"closed","ping_status":"open","sticky":false,"template":"","format":"standard","meta":{"_monsterinsights_skip_tracking":false,"_monsterinsights_sitenote_active":false,"_monsterinsights_sitenote_note":"","_monsterinsights_sitenote_category":0,"footnotes":""},"categories":[104,49],"tags":[],"class_list":["post-233119","post","type-post","status-publish","format-standard","has-post-thumbnail","hentry","category-evidenza_3","category-news-18","category-104","category-49","description-off"],"img_url":"https:\/\/www.radiopiu.net\/wordpress\/wp-content\/uploads\/2021\/09\/th-10-e1633058955960.jpg","_links":{"self":[{"href":"https:\/\/www.radiopiu.net\/wordpress\/wp-json\/wp\/v2\/posts\/233119","targetHints":{"allow":["GET"]}}],"collection":[{"href":"https:\/\/www.radiopiu.net\/wordpress\/wp-json\/wp\/v2\/posts"}],"about":[{"href":"https:\/\/www.radiopiu.net\/wordpress\/wp-json\/wp\/v2\/types\/post"}],"author":[{"embeddable":true,"href":"https:\/\/www.radiopiu.net\/wordpress\/wp-json\/wp\/v2\/users\/4"}],"replies":[{"embeddable":true,"href":"https:\/\/www.radiopiu.net\/wordpress\/wp-json\/wp\/v2\/comments?post=233119"}],"version-history":[{"count":0,"href":"https:\/\/www.radiopiu.net\/wordpress\/wp-json\/wp\/v2\/posts\/233119\/revisions"}],"wp:featuredmedia":[{"embeddable":true,"href":"https:\/\/www.radiopiu.net\/wordpress\/wp-json\/wp\/v2\/media\/233596"}],"wp:attachment":[{"href":"https:\/\/www.radiopiu.net\/wordpress\/wp-json\/wp\/v2\/media?parent=233119"}],"wp:term":[{"taxonomy":"category","embeddable":true,"href":"https:\/\/www.radiopiu.net\/wordpress\/wp-json\/wp\/v2\/categories?post=233119"},{"taxonomy":"post_tag","embeddable":true,"href":"https:\/\/www.radiopiu.net\/wordpress\/wp-json\/wp\/v2\/tags?post=233119"}],"curies":[{"name":"wp","href":"https:\/\/api.w.org\/{rel}","templated":true}]}}