{"id":233133,"date":"2021-09-21T23:59:20","date_gmt":"2021-09-21T21:59:20","guid":{"rendered":"https:\/\/www.radiopiu.net\/wordpress\/?p=233133"},"modified":"2021-09-21T16:21:24","modified_gmt":"2021-09-21T14:21:24","slug":"100-anni-dopo-il-cai-ricorda-la-scalata-al-monte-agner","status":"publish","type":"post","link":"https:\/\/www.radiopiu.net\/wordpress\/100-anni-dopo-il-cai-ricorda-la-scalata-al-monte-agner\/","title":{"rendered":"100 ANNI DOPO IL CAI RICORDA LA SCALATA AL MONTE AGNER"},"content":{"rendered":"<blockquote>\n<h3><\/h3>\n<p><strong><span style=\"color: #ff0000;\"> IERI ALLA RADIO\u00a0\u00a0<\/span><\/strong><a href=\"https:\/\/www.radiopiu.net\/wordpress\/?attachment_id=233132\" rel=\"attachment wp-att-233132\"><img loading=\"lazy\" decoding=\"async\" class=\" wp-image-233132 alignleft\" src=\"https:\/\/www.radiopiu.net\/wordpress\/wp-content\/uploads\/2021\/09\/DARIO-199x300.jpg\" alt=\"\" width=\"136\" height=\"205\" srcset=\"https:\/\/www.radiopiu.net\/wordpress\/wp-content\/uploads\/2021\/09\/DARIO-199x300.jpg 199w, https:\/\/www.radiopiu.net\/wordpress\/wp-content\/uploads\/2021\/09\/DARIO.jpg 678w\" sizes=\"auto, (max-width: 136px) 100vw, 136px\" \/><\/a><\/p>\n<h3><\/h3>\n<h3><\/h3>\n<p><strong>OSPITE DARIO DELL&#8217;OSBEL &#8211; PRESIDENTE CAI AGORDO\u00a0<\/strong><\/p>\n<p><strong>di Claudio Fontanive\u00a0<\/strong><\/p><\/blockquote>\n<audio class=\"wp-audio-shortcode\" id=\"audio-233133-1\" preload=\"none\" style=\"width: 100%;\" controls=\"controls\"><source type=\"audio\/mpeg\" src=\"https:\/\/www.radiopiu.net\/wordpress\/wp-content\/uploads\/2021\/09\/dario-dellosbel-21-settembre.mp3?_=1\" \/><a href=\"https:\/\/www.radiopiu.net\/wordpress\/wp-content\/uploads\/2021\/09\/dario-dellosbel-21-settembre.mp3\">https:\/\/www.radiopiu.net\/wordpress\/wp-content\/uploads\/2021\/09\/dario-dellosbel-21-settembre.mp3<\/a><\/audio>\n<blockquote><p>&nbsp;<\/p>\n<h3>SECONDO ANNO SENZA SERE D&#8217;AUTUNNO, IL RAMMARICO DEL PRESIDENTE<\/h3>\n<\/blockquote>\n<p><a href=\"https:\/\/www.radiopiu.net\/wordpress\/giornale-radiopiu-07-aprile\/cai-agordo-2\/\" rel=\"attachment wp-att-127841\"><img loading=\"lazy\" decoding=\"async\" class=\"size-full wp-image-127841 alignleft\" src=\"https:\/\/www.radiopiu.net\/wordpress\/wp-content\/uploads\/2020\/04\/cai-agordo.jpg\" alt=\"\" width=\"297\" height=\"170\" \/><\/a><strong>AGORDO<\/strong> Il direttivo del Cai\u00a0 ha deciso di annullare per il secondo anno consecutivo \u201cSere d\u2019Autunno\u201d, le serata con proiezioni e ospiti in sala Don Tamis <em>&#8220;<\/em><em>Decisione molto sofferta e presa con rammarico &#8211; dice il presidente Dario Dell&#8217;Osbel &#8211;\u00a0 ma purtroppo la situazione sanitaria con le varie restrizioni, le problematiche organizzative e logistiche impone di mantenere una certa cautela, in special modo per eventi che si svolgono all\u2019interno di strutture. Allo stato attuale non\u00a0 ci sono\u00a0 i presupposti per vivere questi momenti particolari di ricreativit\u00e0 con serenit\u00e0 e convivialit\u00e0, istanti che sono alla base dello spirito di aggregazione del Nostro\u00a0 Storico Sodalizio. <\/em><em>Confidando e sperando che per il prossimo anno la situazione migliori e si ritorni alla normalit\u00e0 onde poter di nuovo organizzare la manifestazione, con la possibilit\u00e0 di\u00a0 apprezzare \u00a0le emozioni che queste serate ci regalano con la presenza degli autori e delle loro storie, ma soprattutto per piacere di condividere queste occasioni di ritrovo con amici e conoscenti&#8221;.<\/em><\/p>\n<p>&nbsp;<\/p>\n","protected":false},"excerpt":{"rendered":"<p>IERI ALLA RADIO\u00a0\u00a0 OSPITE DARIO DELL&#8217;OSBEL &#8211; PRESIDENTE CAI AGORDO\u00a0 di Claudio Fontanive\u00a0 &nbsp; SECONDO ANNO SENZA SERE D&#8217;AUTUNNO, IL RAMMARICO DEL PRESIDENTE AGORDO Il direttivo del Cai\u00a0 ha deciso di annullare per il secondo anno consecutivo \u201cSere d\u2019Autunno\u201d, le serata con proiezioni e ospiti in sala Don Tamis &#8220;Decisione molto sofferta e presa con&hellip;<\/p>\n","protected":false},"author":4,"featured_media":174710,"comment_status":"closed","ping_status":"open","sticky":false,"template":"","format":"standard","meta":{"_monsterinsights_skip_tracking":false,"_monsterinsights_sitenote_active":false,"_monsterinsights_sitenote_note":"","_monsterinsights_sitenote_category":0,"footnotes":""},"categories":[51,49],"tags":[],"class_list":["post-233133","post","type-post","status-publish","format-standard","has-post-thumbnail","hentry","category-evidenza-top","category-news-18","category-51","category-49","description-off"],"img_url":"https:\/\/www.radiopiu.net\/wordpress\/wp-content\/uploads\/2020\/11\/cai.jpeg","_links":{"self":[{"href":"https:\/\/www.radiopiu.net\/wordpress\/wp-json\/wp\/v2\/posts\/233133","targetHints":{"allow":["GET"]}}],"collection":[{"href":"https:\/\/www.radiopiu.net\/wordpress\/wp-json\/wp\/v2\/posts"}],"about":[{"href":"https:\/\/www.radiopiu.net\/wordpress\/wp-json\/wp\/v2\/types\/post"}],"author":[{"embeddable":true,"href":"https:\/\/www.radiopiu.net\/wordpress\/wp-json\/wp\/v2\/users\/4"}],"replies":[{"embeddable":true,"href":"https:\/\/www.radiopiu.net\/wordpress\/wp-json\/wp\/v2\/comments?post=233133"}],"version-history":[{"count":0,"href":"https:\/\/www.radiopiu.net\/wordpress\/wp-json\/wp\/v2\/posts\/233133\/revisions"}],"wp:featuredmedia":[{"embeddable":true,"href":"https:\/\/www.radiopiu.net\/wordpress\/wp-json\/wp\/v2\/media\/174710"}],"wp:attachment":[{"href":"https:\/\/www.radiopiu.net\/wordpress\/wp-json\/wp\/v2\/media?parent=233133"}],"wp:term":[{"taxonomy":"category","embeddable":true,"href":"https:\/\/www.radiopiu.net\/wordpress\/wp-json\/wp\/v2\/categories?post=233133"},{"taxonomy":"post_tag","embeddable":true,"href":"https:\/\/www.radiopiu.net\/wordpress\/wp-json\/wp\/v2\/tags?post=233133"}],"curies":[{"name":"wp","href":"https:\/\/api.w.org\/{rel}","templated":true}]}}