{"id":233246,"date":"2021-09-23T05:37:31","date_gmt":"2021-09-23T03:37:31","guid":{"rendered":"https:\/\/www.radiopiu.net\/wordpress\/?p=233246"},"modified":"2021-09-23T07:08:43","modified_gmt":"2021-09-23T05:08:43","slug":"giornale-radiopiu-23-settembre-2021-direttore-mirko-mezzacasa","status":"publish","type":"post","link":"https:\/\/www.radiopiu.net\/wordpress\/giornale-radiopiu-23-settembre-2021-direttore-mirko-mezzacasa\/","title":{"rendered":"GIORNALE RADIOPIU 23 SETTEMBRE 2021 DIRETTORE MIRKO MEZZACASA"},"content":{"rendered":"<div class=\"o9v6fnle cxmmr5t8 oygrvhab hcukyx3x c1et5uql ii04i59q\">\n<div dir=\"auto\">\n<div class=\"\" data-block=\"true\" data-editor=\"49orb\" data-offset-key=\"eafl5-0-0\"><span style=\"color: #ff0000;\"><strong>REGIONALE 203 AGORDINA APERTA, NON SONO PREVISTE INTERRUZIONI ALMENO FINO ALLA PROSSIMA SETTIMANA QUANDO RIPRENDERANNO I LAVORI DI POSA DELLE RETI DI PROTEZIONE, VENETO STRADE COMUNICHERA&#8217; CON AMPIO ANTICIPO QUALI SARANNO LE LIMITAZIONI AL TRAFFICO<\/strong><\/span><\/div>\n<\/div>\n<div dir=\"auto\"><\/div>\n<\/div>\n<div dir=\"auto\"><\/div>\n<div dir=\"auto\"><\/div>\n<blockquote>\n<h3 dir=\"auto\">SAN TOMASO, LA GRANDE NOVITA&#8217;<\/h3>\n<\/blockquote>\n<div dir=\"auto\"><strong>I VIDEO DEL GIORNO&#8230;. QUASI CI SIAMO, MANCA DAVVERO POCO<\/strong><\/div>\n<div dir=\"auto\"><\/div>\n<div dir=\"auto\">\n<div style=\"width: 848px;\" class=\"wp-video\"><video class=\"wp-video-shortcode\" id=\"video-233246-1\" width=\"848\" height=\"480\" preload=\"metadata\" controls=\"controls\"><source type=\"video\/mp4\" src=\"https:\/\/www.radiopiu.net\/wordpress\/wp-content\/uploads\/2021\/09\/WhatsApp-Video-2021-09-22-at-22.52.44-1.mp4?_=1\" \/><a href=\"https:\/\/www.radiopiu.net\/wordpress\/wp-content\/uploads\/2021\/09\/WhatsApp-Video-2021-09-22-at-22.52.44-1.mp4\">https:\/\/www.radiopiu.net\/wordpress\/wp-content\/uploads\/2021\/09\/WhatsApp-Video-2021-09-22-at-22.52.44-1.mp4<\/a><\/video><\/div>\n<\/div>\n<div dir=\"auto\"><\/div>\n<div dir=\"auto\"><\/div>\n<div dir=\"auto\"><\/div>\n<blockquote>\n<h2 dir=\"auto\">CINQUE TORRI E MANOVRE MILITARI ANCHE CON LE FRECCE TRICOLORI<\/h2>\n<\/blockquote>\n<div dir=\"auto\"><strong>I VIDEO DEL GIORNO&#8230;. ESERCITAZIONE DALLE GRANDI EMOZIONI<\/strong><\/div>\n<div dir=\"auto\"><\/div>\n<div dir=\"auto\">\n<p><a href=\"https:\/\/www.facebook.com\/FrecceTricolori.UnVoloLungo\/videos\/400865578092011\">https:\/\/www.facebook.com\/FrecceTricolori.UnVoloLungo\/videos\/400865578092011<\/a><\/p>\n<\/div>\n<div dir=\"auto\"><\/div>\n<div dir=\"auto\"><\/div>\n<div dir=\"auto\"><\/div>\n<div dir=\"auto\"><\/div>\n<div dir=\"auto\">\n<hr \/>\n<\/div>\n<div class=\"o9v6fnle cxmmr5t8 oygrvhab hcukyx3x c1et5uql ii04i59q\">\n<div dir=\"auto\"><\/div>\n<div dir=\"auto\">\n<h3 class=\"kvgmc6g5 cxmmr5t8 oygrvhab hcukyx3x c1et5uql\"><span style=\"color: #0000ff;\">INFORMAZIONE il canale su TELEGRAM informazione di prima mano e in tempo reale. iscriviti ed aiutaci a farlo conoscere\u00a0 \u00a0<\/span><\/h3>\n<blockquote><p>&nbsp;<\/p><\/blockquote>\n<p>&nbsp;<\/p>\n<blockquote><p>&nbsp;<\/p><\/blockquote>\n<p>&nbsp;<\/p>\n<blockquote><p>&nbsp;<\/p><\/blockquote>\n<\/div>\n<\/div>\n<div>\n<div class=\"gmail_quote\">\n<blockquote class=\"gmail_quote\">\n<div>\n<div dir=\"auto\">\n<hr \/>\n<\/div>\n<\/div>\n<\/blockquote>\n<\/div>\n<\/div>\n<p><strong><em><img loading=\"lazy\" decoding=\"async\" class=\"alignleft\" src=\"https:\/\/www.radiopiu.net\/wordpress\/wp-content\/uploads\/2021\/07\/1626451699105964-locandina-riccardo.jpg\" width=\"297\" height=\"167\" \/><\/em>SOSPIROLO<\/strong>\u00a0Radio Pi\u00f9 appoggia l\u2019iniziativa di\u00a0 Agostino Tegner il pap\u00e0 di Riccardo, poche parole le sue ma piene di significato<em> \u201cIo e mia moglie stiamo invecchiando e non riusciamo pi\u00f9\u00a0a trasportare come si deve il nostro ragazzo, che necessita di una macchina attrezzata con un piano ribassato con pedana\u201d.<\/em><\/p>\n<p><em>Riccardo \u00e8 un simpatico ragazzino di 15 anni che vive sulle montagne di Sospirolo. Sempre sorridente e circondato dall\u2019affetto dei suoi cari, Riccardo \u00e8 per\u00f2 costretto a stare sulla sedia a rotelle a causa della distrofia muscolare di Duchenne, di cui \u00e8 affetto dalla nascita.\u00a0 I genitori, dopo anni di sacrifici, hanno deciso di acquistare un\u2019auto munita di pedana per poter trasportare il figlio in modo pi\u00f9 comodo, pratico e sicuro, soprattutto adesso che sta crescendo e il peso \u2013 per i due genitori che stanno diventando anziani \u2013 si fa sempre pi\u00f9 sentire.\u00a0<\/em><\/p>\n<h3 style=\"text-align: center;\"><span style=\"color: #ff0000;\"><strong>CHI VOLESSE FARE UNA DONAZIONE DIRETTAMENTE ALLA FAMIGLIA DI RICCARDO LO PUO&#8217; FARE SU QUESTO IBAN INTESTATO ALLA MAMMA ANA MARIA STOIAN: <\/strong><\/span><strong style=\"color: #ff0000; font-size: 14px;\">IT40N0760111900000003558144<\/strong><\/h3>\n<p>I contributi che stanno confluendo sul conto corrente a pochi giorni dalla chiusura della raccolta saranno resi noti\u00a0 con un comunicato ufficiale da parte della famiglia Tegner, grazie a quanti stanno continuando a contribuire per Riccardo.<\/p>\n<p>&nbsp;<\/p>\n<hr \/>\n<blockquote>\n<h3><\/h3>\n<p>&nbsp;<\/p>\n<p>&nbsp;<\/p>\n<h3><\/h3>\n<h3>ACQUA NON POTABILE A VALCOZZENA, BRUGNACH E GIOVE<\/h3>\n<\/blockquote>\n<p><strong><a href=\"https:\/\/www.radiopiu.net\/wordpress\/giornale-radiopiu-09-agosto-2018-direttore-mirko-mezzacasa\/acqua\/\" rel=\"attachment wp-att-57052\"><img loading=\"lazy\" decoding=\"async\" class=\" wp-image-57052 alignleft\" src=\"https:\/\/www.radiopiu.net\/wordpress\/wp-content\/uploads\/2018\/08\/ACQUA-300x180.jpeg\" alt=\"\" width=\"133\" height=\"80\" srcset=\"https:\/\/www.radiopiu.net\/wordpress\/wp-content\/uploads\/2018\/08\/ACQUA-300x180.jpeg 300w, https:\/\/www.radiopiu.net\/wordpress\/wp-content\/uploads\/2018\/08\/ACQUA-768x461.jpeg 768w, https:\/\/www.radiopiu.net\/wordpress\/wp-content\/uploads\/2018\/08\/ACQUA-1024x614.jpeg 1024w, https:\/\/www.radiopiu.net\/wordpress\/wp-content\/uploads\/2018\/08\/ACQUA.jpeg 1280w\" sizes=\"auto, (max-width: 133px) 100vw, 133px\" \/><\/a>AGORDO<\/strong> Gestione Servizi Pubblici informa che ad AGORDO nelle localit\u00e0 VALCOZZENA, BRUGNACH e GIOVE l&#8217;acqua erogata dall&#8217;acquedotto non \u00e8 potabile e pu\u00f2 essere usata per scopi alimentari SOLO PREVIA bollitura. GSP ha, comunque, gi\u00e0 adottato le necessarie misure per la disinfezione dell&#8217;acqua presente nei serbatoi e nella rete idrica con l&#8217;aggiunta di cloro. Ulteriori informazioni saranno fornite nei prossimi giorni<\/p>\n<blockquote><p>&nbsp;<\/p>\n<p>&nbsp;<\/p>\n<p>&nbsp;<\/p>\n<hr \/>\n<\/blockquote>\n<h2><span style=\"color: #ff0000;\"><a href=\"https:\/\/www.radiopiu.net\/wordpress\/giornale-radiopiu-17-settembre-2021-direttore-mirko-mezzacasa\/img-20210910-wa0003\/\" rel=\"attachment wp-att-232359\"><img loading=\"lazy\" decoding=\"async\" class=\"wp-image-232359 alignleft\" src=\"https:\/\/www.radiopiu.net\/wordpress\/wp-content\/uploads\/2021\/09\/IMG-20210910-WA0003-300x169.jpg\" alt=\"\" width=\"192\" height=\"108\" srcset=\"https:\/\/www.radiopiu.net\/wordpress\/wp-content\/uploads\/2021\/09\/IMG-20210910-WA0003-300x169.jpg 300w, https:\/\/www.radiopiu.net\/wordpress\/wp-content\/uploads\/2021\/09\/IMG-20210910-WA0003-1024x576.jpg 1024w, https:\/\/www.radiopiu.net\/wordpress\/wp-content\/uploads\/2021\/09\/IMG-20210910-WA0003-768x432.jpg 768w, https:\/\/www.radiopiu.net\/wordpress\/wp-content\/uploads\/2021\/09\/IMG-20210910-WA0003-1536x864.jpg 1536w, https:\/\/www.radiopiu.net\/wordpress\/wp-content\/uploads\/2021\/09\/IMG-20210910-WA0003.jpg 1600w\" sizes=\"auto, (max-width: 192px) 100vw, 192px\" \/><\/a>Oggi <\/span><span style=\"color: #ff0000;\"> dalle 8 a fine lavori\u00a0 potrebbe mancare l&#8217;acqua a SAN TOMASO AGORDINO, in localit\u00e0 PECOL.<\/span><\/h2>\n<h2><\/h2>\n<p>&nbsp;<\/p>\n<p>&nbsp;<\/p>\n<hr \/>\n<p>&nbsp;<\/p>\n<blockquote>\n<h3><a href=\"https:\/\/www.radiopiu.net\/wordpress\/giornale-radiopiu-16-giugno-2021-direttore-mirko-mezzacasa\/th-140\/\" rel=\"attachment wp-att-216173\"><img loading=\"lazy\" decoding=\"async\" class=\"wp-image-216173 alignleft\" src=\"https:\/\/www.radiopiu.net\/wordpress\/wp-content\/uploads\/2021\/06\/th-13.jpg\" alt=\"\" width=\"96\" height=\"64\" \/><\/a>INTERRUZIONE ENEL PROGRAMMATA PER LAVORI<\/h3>\n<p><strong>SEDICO<\/strong> Oggi dalle 15 alle 18 in localita&#8217; La Stanga<\/p>\n<p><strong>ROCCA PIETORE<\/strong> Lunedi dalle 8.30 alle 14.30 a Col di Rocca e via Marmolada civico 1<\/p><\/blockquote>\n<p>&nbsp;<\/p>\n<p>&nbsp;<\/p>\n<hr \/>\n<p><strong>\u00a0<\/strong><\/p>\n<p><strong><a href=\"https:\/\/www.radiopiu.net\/wordpress\/veneto-strade-interdizione-al-traffico\/veneto-strade-2\/\" rel=\"attachment wp-att-135574\"><img loading=\"lazy\" decoding=\"async\" class=\"wp-image-135574 alignleft\" src=\"https:\/\/www.radiopiu.net\/wordpress\/wp-content\/uploads\/2020\/05\/VENETO-STRADE-300x300.png\" alt=\"\" width=\"100\" height=\"100\" srcset=\"https:\/\/www.radiopiu.net\/wordpress\/wp-content\/uploads\/2020\/05\/VENETO-STRADE-300x300.png 300w, https:\/\/www.radiopiu.net\/wordpress\/wp-content\/uploads\/2020\/05\/VENETO-STRADE-150x150.png 150w, https:\/\/www.radiopiu.net\/wordpress\/wp-content\/uploads\/2020\/05\/VENETO-STRADE.png 400w\" sizes=\"auto, (max-width: 100px) 100vw, 100px\" \/><\/a>PASSO GIAU &#8211; INTERRUZIONI<\/strong> sp 638 km 14 800-19 330 comuni COLLE SANTA LUCIA-SELVA DI CADORE interruzioni alla viabilita durata massima 15 minuti regolate da movieri, fino al 24 settembre<\/p>\n<p><strong>PROVINCIALE 3 VALLE IMPERINA<\/strong> prorogato il senso unico con semaforo sopra Ponte Alto (per Rivamonte) fino al 4 ottobre, anche sabato e domenica<\/p>\n<p>&nbsp;<\/p>\n<hr \/>\n<p><strong>\u00a0 \u00a0\u00a0<\/strong><\/p>\n<blockquote>\n<h2>TROVATO SENZA VITA ESCURSIONISTA DI TOLMEZZO<\/h2>\n<p><strong>Giovanni Anziutti, 71 anni, originario di Forni di Sopra, era un alpinista esperto.<\/strong><\/p>\n<p><strong>DOMEGGE DI CADORE<\/strong>\u00a0 \u00c8 stato purtroppo ritrovato senza vita, l&#8217;escursionista settantunenne di Tolmezzo (UD),<strong>Giovanni Anziutti<\/strong>, per il cui mancato rientro ieri nel tardo pomeriggio erano scattate le ricerche nella zona di Forcella Scodavacca, dove era diretto dopo essere partito da Forni di Sopra, l&#8217;allarme lanciato dal figlio. In supporto alle squadre del Soccorso alpino friulano, attorno alle 20 era stato richiesto anche l&#8217;intervento del Soccorso alpino del Centro Cadore che durante la notte aveva portato avanti la perlustrazione nel versante bellunese, concentrandosi nella zona della Tacca del Cridola, dell&#8217;attacco alla normale del Cridola e Forcella Scodavacca stessa. Dopo aver parlato con il gestore del Rifugio Giaf, questa mattina i soccorritori hanno saputo che l&#8217;uomo, di passaggio, gli aveva detto di aver intenzione di dirigersi o verso la Tacca del Cridola o verso Cima Giaf. Dopo aver imbarcato due soccorritori di Forni di Sopra, l&#8217;elicottero della Protezione civile friulana ha quindi effettuato una ricognizione sopra Cima Giaf e l\u00ec \u00e8 stato individuato il corpo esanime in fondo a un canale. Sono quindi stati elitrasportati sul posto due soccorritori del Centro Cadore e due del Sagf di Auronzo per competenza territoriale. L&#8217;uomo, che era salito dalla normale, aveva scelto di calarsi con le corde da un canale pi\u00f9 a ovest. All&#8217;origine dell&#8217;incidente mortale, il cedimento di un ancoraggio, che lo ha fatto precipitare per oltre 50 metri. Dopo essere stata imbarellata, la salma \u00e8 stata poi recuperata con un verricello di 40 metri dall&#8217;elicottero del Suem di Pieve di Cadore, che l&#8217;ha trasportata al Campo sportivo di Domegge per affidarla al carro funebre. In un&#8217;altra rotazione l&#8217;elicottero ha trasportato a valle anche i soccorritori, mentre il resto delle squadre \u00e8 rientrato al Passo Mauria alle jeep.<\/p>\n\n\t\t\t<style type='text\/css'>\n\t\t\t\t#gallery-1 {\n\t\t\t\t\tmargin: auto;\n\t\t\t\t}\n\t\t\t\t#gallery-1 .gallery-item {\n\t\t\t\t\tfloat: left;\n\t\t\t\t\tmargin-top: 10px;\n\t\t\t\t\ttext-align: center;\n\t\t\t\t\twidth: 33%;\n\t\t\t\t}\n\t\t\t\t#gallery-1 img {\n\t\t\t\t\tborder: 2px solid #cfcfcf;\n\t\t\t\t}\n\t\t\t\t#gallery-1 .gallery-caption {\n\t\t\t\t\tmargin-left: 0;\n\t\t\t\t}\n\t\t\t\t\/* see gallery_shortcode() in wp-includes\/media.php *\/\n\t\t\t<\/style>\n\t\t<div id='gallery-1' class='dt-gallery-container gallery galleryid-233246 gallery-columns-3 gallery-size-thumbnail'><dl class='gallery-item'>\n\t\t\t\t<dt class='gallery-icon portrait'>\n\t\t\t\t\t<a class=\"rollover rollover-zoom dt-pswp-item\" title=\"salt_20210922_102132_991\" data-dt-img-description=\"\" data-large_image_width=\"1773\" data-large_image_height=\"2364\"href='https:\/\/www.radiopiu.net\/wordpress\/wp-content\/uploads\/2021\/09\/salt_20210922_102132_991.jpg'><img loading=\"lazy\" decoding=\"async\" width=\"150\" height=\"150\" src=\"https:\/\/www.radiopiu.net\/wordpress\/wp-content\/uploads\/2021\/09\/salt_20210922_102132_991-150x150.jpg\" class=\"attachment-thumbnail size-thumbnail\" alt=\"\" \/><\/a>\n\t\t\t\t<\/dt><\/dl><dl class='gallery-item'>\n\t\t\t\t<dt class='gallery-icon landscape'>\n\t\t\t\t\t<a class=\"rollover rollover-zoom dt-pswp-item\" title=\"salt_20210922_102040_041\" data-dt-img-description=\"\" data-large_image_width=\"2364\" data-large_image_height=\"1773\"href='https:\/\/www.radiopiu.net\/wordpress\/wp-content\/uploads\/2021\/09\/salt_20210922_102040_041.jpg'><img loading=\"lazy\" decoding=\"async\" width=\"150\" height=\"150\" src=\"https:\/\/www.radiopiu.net\/wordpress\/wp-content\/uploads\/2021\/09\/salt_20210922_102040_041-150x150.jpg\" class=\"attachment-thumbnail size-thumbnail\" alt=\"\" \/><\/a>\n\t\t\t\t<\/dt><\/dl><dl class='gallery-item'>\n\t\t\t\t<dt class='gallery-icon portrait'>\n\t\t\t\t\t<a class=\"rollover rollover-zoom dt-pswp-item\" title=\"salt_20210922_102152_227\" data-dt-img-description=\"\" data-large_image_width=\"1773\" data-large_image_height=\"2364\"href='https:\/\/www.radiopiu.net\/wordpress\/wp-content\/uploads\/2021\/09\/salt_20210922_102152_227.jpg'><img loading=\"lazy\" decoding=\"async\" width=\"150\" height=\"150\" src=\"https:\/\/www.radiopiu.net\/wordpress\/wp-content\/uploads\/2021\/09\/salt_20210922_102152_227-150x150.jpg\" class=\"attachment-thumbnail size-thumbnail\" alt=\"\" \/><\/a>\n\t\t\t\t<\/dt><\/dl><br style=\"clear: both\" \/>\n\t\t\t<\/div>\n\n<p>&nbsp;<\/p><\/blockquote>\n<hr \/>\n<p>&nbsp;<\/p>\n<p>&nbsp;<\/p>\n<blockquote><p>&nbsp;<\/p>\n<h3>CADE MENTRE PERCORRE LA FERRATA PATERNO E SI INFORTUNA. ELITRASPORTATO A BELLUNO<\/h3>\n<\/blockquote>\n<p><strong><a href=\"https:\/\/www.radiopiu.net\/wordpress\/escursionista-ruzzola-per-50-metri-in-un-canale\/salt_20210824_122827_438\/\" rel=\"attachment wp-att-229324\"><img loading=\"lazy\" decoding=\"async\" class=\" wp-image-229324 alignleft\" src=\"https:\/\/www.radiopiu.net\/wordpress\/wp-content\/uploads\/2021\/08\/salt_20210824_122827_438-300x225.jpg\" alt=\"\" width=\"212\" height=\"159\" srcset=\"https:\/\/www.radiopiu.net\/wordpress\/wp-content\/uploads\/2021\/08\/salt_20210824_122827_438-300x225.jpg 300w, https:\/\/www.radiopiu.net\/wordpress\/wp-content\/uploads\/2021\/08\/salt_20210824_122827_438-1024x768.jpg 1024w, https:\/\/www.radiopiu.net\/wordpress\/wp-content\/uploads\/2021\/08\/salt_20210824_122827_438-768x576.jpg 768w, https:\/\/www.radiopiu.net\/wordpress\/wp-content\/uploads\/2021\/08\/salt_20210824_122827_438-1536x1152.jpg 1536w, https:\/\/www.radiopiu.net\/wordpress\/wp-content\/uploads\/2021\/08\/salt_20210824_122827_438-2048x1536.jpg 2048w\" sizes=\"auto, (max-width: 212px) 100vw, 212px\" \/><\/a>AURONZO DI CADORE<\/strong> Attorno a mezzogiorno la Centrale del 118 \u00e8 stata allertata per un escursionista caduto per diversi metri mentre percorreva in compagnia la Ferrata del Paterno. L&#8217;uomo, che si trovava in un tratto non attrezzato del percorso e aveva riportato un sospetto politrauma, \u00e8 stato assistito da due soccorritori altoatesini che si trovavano casualmente sul posto e hanno poi supportato nelle operazioni l&#8217;equipaggio dell&#8217;elicottero del Suem di Pieve di Cadore. Individuato il luogo dell&#8217;incidente, con un verricello di 40 metri sono stati sbarcati medico e tecnico di elisoccorso, che hanno prestato le prime cure a H.K., cinquantenne di San Candido (BZ). Imbarellato, l&#8217;infortunato \u00e8 stato issato a bordo e trasportato all&#8217;ospedale di Belluno.<\/p>\n<p>&nbsp;<\/p>\n<p>&nbsp;<\/p>\n<hr \/>\n<p>&nbsp;<\/p>\n<blockquote>\n<h3>RECUPERATI DUE ALPINISTI SULLA TOFANA DI ROZES. AD ALLEGHE SOCCORSO UN CICLISTA<\/h3>\n<\/blockquote>\n<p><strong><a href=\"https:\/\/www.radiopiu.net\/wordpress\/torna-la-festa-del-volontariato-cadorino-sabato-1-settembre\/soccorsoalpino\/\" rel=\"attachment wp-att-59164\"><img loading=\"lazy\" decoding=\"async\" class=\" wp-image-59164 alignleft\" src=\"https:\/\/www.radiopiu.net\/wordpress\/wp-content\/uploads\/2018\/08\/soccorsoalpino-300x300.jpg\" alt=\"\" width=\"195\" height=\"195\" srcset=\"https:\/\/www.radiopiu.net\/wordpress\/wp-content\/uploads\/2018\/08\/soccorsoalpino-300x300.jpg 300w, https:\/\/www.radiopiu.net\/wordpress\/wp-content\/uploads\/2018\/08\/soccorsoalpino-150x150.jpg 150w, https:\/\/www.radiopiu.net\/wordpress\/wp-content\/uploads\/2018\/08\/soccorsoalpino-768x768.jpg 768w, https:\/\/www.radiopiu.net\/wordpress\/wp-content\/uploads\/2018\/08\/soccorsoalpino-1024x1024.jpg 1024w, https:\/\/www.radiopiu.net\/wordpress\/wp-content\/uploads\/2018\/08\/soccorsoalpino.jpg 1200w\" sizes=\"auto, (max-width: 195px) 100vw, 195px\" \/><\/a>CORTINA <\/strong>Attorno alle 16.20 la Centrale del Suem \u00e8 stata allertata per una cordata di alpinisti belgi usciti fuori traccia dalla Via Eotvos-Dimai sulla Tofana di Rozes. I due di 22 e 25 anni, che si trovavano all&#8217;altezza dell&#8217;undicesimo tiro, sono stati recuperati dall&#8217;elicottero dell&#8217;Aiut Alpin Dolomites di Bolzano e\u00a0 trasportati al Rifugio Dibona.<\/p>\n<p><strong>ALLEGHE <\/strong>L&#8217;elicottero del Suem di Pieve di Cadore \u00e8 invece stato inviato ad Alleghe, lungo la pista da sci di Ru de Porta, dove D.S., 38 anni, di Marcon (VE), era caduto dalla sua mountain bike e si era procurato un probabile lieve politrauma. Imbarcato con un verricello di 40 metri, l&#8217;infortunato \u00e8 stato accompagnato all&#8217;ospedale di Belluno. Il compagno \u00e8 stato aiutato dal Soccorso alpino di Alleghe a portare a valle le biciclette.<\/p>\n<p>&nbsp;<\/p>\n<p>&nbsp;<\/p>\n<hr \/>\n<p>&nbsp;<\/p>\n<blockquote><p>&nbsp;<\/p>\n<h3>GIACOMO DOVE SEI? BELLUNESE SCOMPARSO A MILANO<\/h3>\n<blockquote>\n<h3><a href=\"https:\/\/www.radiopiu.net\/wordpress\/giacomo-dove-sei-bellunese-scomparso-a-milano\/242395190_4738693336181651_8321149791900266454_n\/\" rel=\"attachment wp-att-233120\"><img loading=\"lazy\" decoding=\"async\" class=\"wp-image-233120 alignleft\" src=\"https:\/\/www.radiopiu.net\/wordpress\/wp-content\/uploads\/2021\/09\/242395190_4738693336181651_8321149791900266454_n.jpg\" alt=\"\" width=\"259\" height=\"194\" srcset=\"https:\/\/www.radiopiu.net\/wordpress\/wp-content\/uploads\/2021\/09\/242395190_4738693336181651_8321149791900266454_n.jpg 720w, https:\/\/www.radiopiu.net\/wordpress\/wp-content\/uploads\/2021\/09\/242395190_4738693336181651_8321149791900266454_n-300x225.jpg 300w\" sizes=\"auto, (max-width: 259px) 100vw, 259px\" \/><\/a><\/h3>\n<p>\u00c8 stata trovata a Casorate Primo (Pavia) l&#8217;auto\u00a0 del giovane giovane\u00a0 scomparso da Milano, la citt\u00e0 in cui vive e lavora. I familiari ed amici non hanno sue notizie da sabato 18 settembre. Da cinque giorni il suo cellulare \u00e8 spento. L&#8217;auto \u00e8 stata regolarmente chiusa ma del giovane nessuna traccia.<\/p>\n<p>La presenza della macchina \u00e8 stata segnalata da un residente ai carabinieri di Pavia, che hanno subito avvertito i colleghi del Nucleo investigativo di Milano che si occupano del caso. Sono in corso accertamenti e rilievi per individuare eventuali tracce utili alle indagini e alle ricerche del giovane.<\/p>\n<p><em>Giacomo Sartori si era trasferito a Milano tre anni fa, dapprima per motivi di studio, poi per lavoro. A febbraio di quest&#8217;anno il ragazzo ha trovato occupazione in citt\u00e0 come impiegato al Centro Software srl<\/em><\/p><\/blockquote>\n<p><strong>BORGO VALBELLUNA_MILANO<\/strong> Giacomo Sartori \u00e8 un\u00a0 ragazzo\u00a0 di Mel,\u00a0 scomparso a Milano. Scomparso il 17 settembre Altezza 1m75, peso 68kg. E&#8217; senza documenti, forse alla guida di una Polo di colore grigio scuro targa GF905VY.<br \/>\n<span style=\"color: #ff0000;\"><strong>Chiunque lo vedesse contatti il 112.<\/strong><\/span><\/p><\/blockquote>\n<p>&nbsp;<\/p>\n<blockquote>\n<h2>LA SCOMPARSA DI GIACOMO A &#8220;CHI L&#8217;HA VISTO&#8221;<\/h2>\n<\/blockquote>\n<p><strong>REDAZIONE<\/strong> La trasmissione Chi l&#8217;ha Visto, come anticipato, si \u00e8 occupata della scomparsa di Giacomo Sartori. Da Milano la ricostruzione di quanto accaduto al Bar con il furto dello zainetto blu (in foto un fac simile), lo racconta il titolare del Pub Aron Brussolo, del furto de della contemporanea scomparsa del giovane originario di Mel, ma residente a Milano per lavoro. L&#8217;appello \u00e8 stato fatto forte e chiaro, di mettersi in contatto con il 112 per ogni utile informazione anche alla luce del ritrovamento dell&#8217;auto a Pavia, regolarmente chiusa ma del giovane nessuna traccia. Saranno le forse dell&#8217;ordine a stabilire se l&#8217;auto sia stata portata a Pavia da Giacomo o da qualcun&#8217;altro.<\/p>\n<blockquote><p><em>\u00abCi ha chiesto subito se avevamo visto il suo zaino ed era molto preoccupato\u00bb, ha detto Brussolo, \u00abma se lo aveva lasciato a terra vicino al tavolo \u00e8 molto probabile che lo abbiano rubato. Ci ha parlato del pc aziendale, poi \u00e8 andato via con i suoi amici e ho scoperto solo luned\u00ec che era scomparso\u00bb. <\/em><\/p><\/blockquote>\n\n\t\t\t<style type='text\/css'>\n\t\t\t\t#gallery-2 {\n\t\t\t\t\tmargin: auto;\n\t\t\t\t}\n\t\t\t\t#gallery-2 .gallery-item {\n\t\t\t\t\tfloat: left;\n\t\t\t\t\tmargin-top: 10px;\n\t\t\t\t\ttext-align: center;\n\t\t\t\t\twidth: 20%;\n\t\t\t\t}\n\t\t\t\t#gallery-2 img {\n\t\t\t\t\tborder: 2px solid #cfcfcf;\n\t\t\t\t}\n\t\t\t\t#gallery-2 .gallery-caption {\n\t\t\t\t\tmargin-left: 0;\n\t\t\t\t}\n\t\t\t\t\/* see gallery_shortcode() in wp-includes\/media.php *\/\n\t\t\t<\/style>\n\t\t<div id='gallery-2' class='dt-gallery-container gallery galleryid-233246 gallery-columns-5 gallery-size-thumbnail'><dl class='gallery-item'>\n\t\t\t\t<dt class='gallery-icon landscape'>\n\t\t\t\t\t<a class=\"rollover rollover-zoom dt-pswp-item\" title=\"11dcef4b-e1b4-4992-8895-28999bb0752f\" data-dt-img-description=\"\" data-large_image_width=\"2000\" data-large_image_height=\"1496\"href='https:\/\/www.radiopiu.net\/wordpress\/wp-content\/uploads\/2021\/09\/11dcef4b-e1b4-4992-8895-28999bb0752f.jpg'><img loading=\"lazy\" decoding=\"async\" width=\"150\" height=\"150\" src=\"https:\/\/www.radiopiu.net\/wordpress\/wp-content\/uploads\/2021\/09\/11dcef4b-e1b4-4992-8895-28999bb0752f-150x150.jpg\" class=\"attachment-thumbnail size-thumbnail\" alt=\"\" \/><\/a>\n\t\t\t\t<\/dt><\/dl><dl class='gallery-item'>\n\t\t\t\t<dt class='gallery-icon landscape'>\n\t\t\t\t\t<a class=\"rollover rollover-zoom dt-pswp-item\" title=\"812f4cf8-0d7f-4e99-be28-ac4f903d89a6\" data-dt-img-description=\"\" data-large_image_width=\"2000\" data-large_image_height=\"1496\"href='https:\/\/www.radiopiu.net\/wordpress\/wp-content\/uploads\/2021\/09\/812f4cf8-0d7f-4e99-be28-ac4f903d89a6.jpg'><img loading=\"lazy\" decoding=\"async\" width=\"150\" height=\"150\" src=\"https:\/\/www.radiopiu.net\/wordpress\/wp-content\/uploads\/2021\/09\/812f4cf8-0d7f-4e99-be28-ac4f903d89a6-150x150.jpg\" class=\"attachment-thumbnail size-thumbnail\" alt=\"\" \/><\/a>\n\t\t\t\t<\/dt><\/dl><dl class='gallery-item'>\n\t\t\t\t<dt class='gallery-icon landscape'>\n\t\t\t\t\t<a class=\"rollover rollover-zoom dt-pswp-item\" title=\"19ffd8cb-7965-4940-b800-dbc80759f238\" data-dt-img-description=\"\" data-large_image_width=\"2000\" data-large_image_height=\"1496\"href='https:\/\/www.radiopiu.net\/wordpress\/wp-content\/uploads\/2021\/09\/19ffd8cb-7965-4940-b800-dbc80759f238.jpg'><img loading=\"lazy\" decoding=\"async\" width=\"150\" height=\"150\" src=\"https:\/\/www.radiopiu.net\/wordpress\/wp-content\/uploads\/2021\/09\/19ffd8cb-7965-4940-b800-dbc80759f238-150x150.jpg\" class=\"attachment-thumbnail size-thumbnail\" alt=\"\" \/><\/a>\n\t\t\t\t<\/dt><\/dl><dl class='gallery-item'>\n\t\t\t\t<dt class='gallery-icon landscape'>\n\t\t\t\t\t<a class=\"rollover rollover-zoom dt-pswp-item\" title=\"2203e98f-ea40-481e-bca3-5ad7e9f9c960\" data-dt-img-description=\"\" data-large_image_width=\"2000\" data-large_image_height=\"1496\"href='https:\/\/www.radiopiu.net\/wordpress\/wp-content\/uploads\/2021\/09\/2203e98f-ea40-481e-bca3-5ad7e9f9c960.jpg'><img loading=\"lazy\" decoding=\"async\" width=\"150\" height=\"150\" src=\"https:\/\/www.radiopiu.net\/wordpress\/wp-content\/uploads\/2021\/09\/2203e98f-ea40-481e-bca3-5ad7e9f9c960-150x150.jpg\" class=\"attachment-thumbnail size-thumbnail\" alt=\"\" \/><\/a>\n\t\t\t\t<\/dt><\/dl><dl class='gallery-item'>\n\t\t\t\t<dt class='gallery-icon landscape'>\n\t\t\t\t\t<a class=\"rollover rollover-zoom dt-pswp-item\" title=\"1fd2fbe6-b50b-4e49-8d82-62c20c39ad13\" data-dt-img-description=\"\" data-large_image_width=\"2000\" data-large_image_height=\"1496\"href='https:\/\/www.radiopiu.net\/wordpress\/wp-content\/uploads\/2021\/09\/1fd2fbe6-b50b-4e49-8d82-62c20c39ad13.jpg'><img loading=\"lazy\" decoding=\"async\" width=\"150\" height=\"150\" src=\"https:\/\/www.radiopiu.net\/wordpress\/wp-content\/uploads\/2021\/09\/1fd2fbe6-b50b-4e49-8d82-62c20c39ad13-150x150.jpg\" class=\"attachment-thumbnail size-thumbnail\" alt=\"\" \/><\/a>\n\t\t\t\t<\/dt><\/dl><br style=\"clear: both\" \/>\n\t\t\t<\/div>\n\n<p>&nbsp;<\/p>\n<hr \/>\n<p>&nbsp;<\/p>\n<p>&nbsp;<\/p>\n<blockquote><p>&nbsp;<\/p><\/blockquote>\n<h3>L&#8217;ULTIMO SALUTO A LUCIANO PAULIN<\/h3>\n<p><a href=\"https:\/\/www.radiopiu.net\/wordpress\/giornale-radiopiu-23-settembre-2021-direttore-mirko-mezzacasa\/ff6e7570-09a2-4e54-aa9d-aa0168167ba7\/\" rel=\"attachment wp-att-233414\"><img loading=\"lazy\" decoding=\"async\" class=\"wp-image-233414 alignleft\" src=\"https:\/\/www.radiopiu.net\/wordpress\/wp-content\/uploads\/2021\/09\/ff6e7570-09a2-4e54-aa9d-aa0168167ba7-300x169.jpg\" alt=\"\" width=\"178\" height=\"100\" srcset=\"https:\/\/www.radiopiu.net\/wordpress\/wp-content\/uploads\/2021\/09\/ff6e7570-09a2-4e54-aa9d-aa0168167ba7-300x169.jpg 300w, https:\/\/www.radiopiu.net\/wordpress\/wp-content\/uploads\/2021\/09\/ff6e7570-09a2-4e54-aa9d-aa0168167ba7-1024x576.jpg 1024w, https:\/\/www.radiopiu.net\/wordpress\/wp-content\/uploads\/2021\/09\/ff6e7570-09a2-4e54-aa9d-aa0168167ba7-768x432.jpg 768w, https:\/\/www.radiopiu.net\/wordpress\/wp-content\/uploads\/2021\/09\/ff6e7570-09a2-4e54-aa9d-aa0168167ba7-1536x864.jpg 1536w, https:\/\/www.radiopiu.net\/wordpress\/wp-content\/uploads\/2021\/09\/ff6e7570-09a2-4e54-aa9d-aa0168167ba7.jpg 1920w\" sizes=\"auto, (max-width: 178px) 100vw, 178px\" \/><\/a><strong>SEREN DEL GRAPPA<\/strong>\u00a0 L&#8217;ultimo saluto a Luciano Paulin, deceduto all&#8217;et\u00e0 di 81 anni, oggi in Duomo\u00a0 a Feltre. Con il fratello Giorgio aveva raccolto il testimone dal padre Francesco, il quale, nel 1949 aveva aperto a Seren del Grappa il colorificio che porta il nome della famiglia. Oggi pomeriggio chi l&#8217;ha conosciuto e ne ha apprezzato le qualit\u00e0 potr\u00e0 essere vicino alla moglie Marvi, alla sorella Liliana e ai tre figli.<\/p>\n<p>&nbsp;<\/p>\n<p>&nbsp;<\/p>\n<hr \/>\n<p>&nbsp;<\/p>\n<blockquote>\n<h3>UN ANNO E DIECI MESI PER IL FURTO D&#8217;AUTO E LA FUGA TRA LE STRADE DELL&#8217;AGORDINO<\/h3>\n<p><em>L&#8217;accusa: resistenza a pubblico ufficiale e furto dell&#8217;automobile. Ieri mattina si \u00e8 svolto il processo per direttissima,\u00a0 il ventenne ha patteggiato un anno e dieci mesi (pena sospesa) ed \u00e8 tornato a casa. La Skoda \u00e8 stata restituita al\u00a0 proprietario\u00a0 di Agordo<\/em><\/p><\/blockquote>\n<p><strong>BELLUNO\u00a0<\/strong> Ha patteggiato un anno e dieci mesi il ventenne di Agordo, gi\u00e0 noto alle forze dell&#8217;ordine per alcuni precedenti penali legati soprattutto alla droga, che marted\u00ec ha rubato una macchina e l&#8217;ha usata per tutto il giorno per scorrazzare per l&#8217;Agordino da Gosaldo a Caprile, da Taibon fino al capolinea di Canale d&#8217;Agordo.Il furto della Skoda station wagon marted\u00ec alle 14.30, di fronte alla casa del proprietario: l&#8217;uomo aveva lasciato le chiavi nel quadro. Il giovane infine braccato al cimitero di Canale d&#8217;Agordo ha cercato di scappare, si \u00e8 divincolato dai militari della stazione di Gosaldo e li ha anche strattonati per provare a liberarsi (nessun militare \u00e8 rimasto ferito) ed \u00e8\u00a0 stato bloccato subito dagli uomini dell&#8217;Arma, arrestato e portato nella caserma di Belluno guidata dal tenente colonnello Nicola Darida e qui ha trascorso la notte in attesa del processo in Tribunale.<\/p>\n<h3><span style=\"color: #ff0000;\"><strong><img loading=\"lazy\" decoding=\"async\" class=\"alignleft\" src=\"https:\/\/www.radiopiu.net\/wordpress\/wp-content\/uploads\/2021\/06\/CARABINIERI-3-scaled.jpg\" width=\"163\" height=\"122\" \/><\/strong>IERI ALLA RADIO\u00a0<\/span><br \/>\nINSEGUIMENTO TRA AGORDO E L&#8217;ALTO AGORDINO<\/h3>\n<p><strong>di MORENO GIOLI<\/strong><\/p>\n<audio class=\"wp-audio-shortcode\" id=\"audio-233246-1\" preload=\"none\" style=\"width: 100%;\" controls=\"controls\"><source type=\"audio\/mpeg\" src=\"https:\/\/www.radiopiu.net\/wordpress\/wp-content\/uploads\/2021\/09\/moreno.mp3?_=1\" \/><a href=\"https:\/\/www.radiopiu.net\/wordpress\/wp-content\/uploads\/2021\/09\/moreno.mp3\">https:\/\/www.radiopiu.net\/wordpress\/wp-content\/uploads\/2021\/09\/moreno.mp3<\/a><\/audio>\n<p>&nbsp;<\/p>\n<p>.<\/p>\n<hr \/>\n<p>&nbsp;<\/p>\n<blockquote>\n<h3>ALLA FESTA OTTO SEGNALATI PER POSSESSO DI STUPEFACENTI<\/h3>\n<\/blockquote>\n<p><strong>BELLUNO<\/strong> Un centinaio di persone controllate su circa 150 presenti, otto segnalazioni per consumo di stupefacenti,\u00a0 hashish e\u00a0 cocaina, una persona denunciata per porto di oggetti atti ad offendere. \u00c8 il bilancio del maxi controllo portato a termine dai carabinieri tra i partecipanti alla festa privata andata in scena tra sabato e domenica all&#8217;ostello la Casermetta a Montegal . Complessivamente sono stati sottoposti a controllo 24 mezzi tra auto e camper. Il ritrovamento e il sequestro del stupefacente ha fatto cos\u00ec scattate le otto sanzioni amministrative della segnalazione al prefetto per consumo di droga. I militari hanno anche proceduto penalmente nei confronti di una persona per il porto di un oggetto atto ad offendere. Sar\u00e0 ora il Comune a verificare eventuali irregolarit\u00e0<\/p>\n<p>&nbsp;<\/p>\n<hr \/>\n<p>&nbsp;<\/p>\n<blockquote>\n<h3>A SCUOLA CON IL SERPENTE<\/h3>\n<p><strong>CESIOMAGGIORE<\/strong> Un\u00a0rettile di una sessantina di centimetri \u00e8 finito in una stanza della scuola di Soranzen, probabilmente dopo esser caduto da una bocca di lupo per l&#8217;aerazione. Sono intervenuti i\u00a0 vigili del fuoco di Feltre.\u00a0 per riporre l&#8217;animale in un contenitore\u00a0 poi portato lontano dalla zona abitata della frazione<\/p><\/blockquote>\n<p>&nbsp;<\/p>\n<p>&nbsp;<\/p>\n<hr \/>\n<p>&nbsp;<\/p>\n<blockquote>\n<h3>L&#8217;AMMINISTRAZIONE DI CANALE D&#8217;AGORDO CONFERISCE LA CITTADINANZA ONORARIA AL CARDINALE BENIAMINO STELLA<\/h3>\n<\/blockquote>\n<p><strong><a href=\"https:\/\/www.radiopiu.net\/wordpress\/giornale-radiopiu-03-giugno-2020-direttore-mirko-mezzacasa\/canale-dagordo-6\/\" rel=\"attachment wp-att-142143\"><img loading=\"lazy\" decoding=\"async\" class=\"size-medium wp-image-142143 alignleft\" src=\"https:\/\/www.radiopiu.net\/wordpress\/wp-content\/uploads\/2020\/06\/CANALE-DAGORDO-6-300x225.jpg\" alt=\"\" width=\"300\" height=\"225\" srcset=\"https:\/\/www.radiopiu.net\/wordpress\/wp-content\/uploads\/2020\/06\/CANALE-DAGORDO-6-300x225.jpg 300w, https:\/\/www.radiopiu.net\/wordpress\/wp-content\/uploads\/2020\/06\/CANALE-DAGORDO-6-768x576.jpg 768w, https:\/\/www.radiopiu.net\/wordpress\/wp-content\/uploads\/2020\/06\/CANALE-DAGORDO-6.jpg 960w\" sizes=\"auto, (max-width: 300px) 100vw, 300px\" \/><\/a>CANALE D&#8217;AGORDO<\/strong><\/p>\n<p>di Gianni Santomaso<\/p>\n<audio class=\"wp-audio-shortcode\" id=\"audio-233246-2\" preload=\"none\" style=\"width: 100%;\" controls=\"controls\"><source type=\"audio\/mpeg\" src=\"https:\/\/www.radiopiu.net\/wordpress\/wp-content\/uploads\/2021\/09\/GIANNI-CITTADINANZA-ONORARIA-CARDINALE-BENIAMINO-STELLA.mp3?_=2\" \/><a href=\"https:\/\/www.radiopiu.net\/wordpress\/wp-content\/uploads\/2021\/09\/GIANNI-CITTADINANZA-ONORARIA-CARDINALE-BENIAMINO-STELLA.mp3\">https:\/\/www.radiopiu.net\/wordpress\/wp-content\/uploads\/2021\/09\/GIANNI-CITTADINANZA-ONORARIA-CARDINALE-BENIAMINO-STELLA.mp3<\/a><\/audio>\n<p>&nbsp;<\/p>\n<blockquote>\n<h3>IL CARDINALE BENIAMINO STELLA CITTADINO ONORARIO DI CANALE D&#8217;AGORDO<\/h3>\n<\/blockquote>\n<p><strong>CANALE D&#8217;AGORDO<\/strong> In consiglio comunale all&#8217;unanimit\u00e0 l&#8217;approvazione della delibera, la cittadinanza verr\u00e0 conferita in un&#8217; apposita cerimonia nel giorno in cui sar\u00e0 inaugurata la ristrutturata casa natale di Papa Albino Luciani. Come gi\u00e0 a Falcade l&#8217;altra sera anche il consiglio comunale approva le nuove linee per la gestione dell&#8217;asilo nido Girotondo sotto l&#8217;egida di Asca <em>&#8220;Con un risparmio anche per Canale d&#8217;Agordo di almeno 20mila euro<\/em>&#8221; ha detto il sindaco Flavio Colcergnan.<\/p>\n<blockquote>\n<h2>LA DIRETTA DI RADIO PIU&#8217;<\/h2>\n<\/blockquote>\n<p>https:\/\/www.facebook.com\/mirko.mezzacasa\/videos\/561986971738613<\/p>\n<p>&nbsp;<\/p>\n<p>&nbsp;<\/p>\n<hr \/>\n<p>&nbsp;<\/p>\n<p>&nbsp;<\/p>\n<blockquote>\n<h2>Protocollo riapertura delle aree sciistiche e per l\u2019utilizzo degli impianti di risalita<\/h2>\n<\/blockquote>\n<p><strong><a href=\"https:\/\/www.radiopiu.net\/wordpress\/protocollo-riapertura-delle-aree-sciistiche-e-per-lutilizzo-degli-impianti-di-risalita\/aad99324-7ec3-9e91-ebf5-f42631fbb820\/\" rel=\"attachment wp-att-233378\"><img loading=\"lazy\" decoding=\"async\" class=\" wp-image-233378 alignleft\" src=\"https:\/\/www.radiopiu.net\/wordpress\/wp-content\/uploads\/2021\/09\/aad99324-7ec3-9e91-ebf5-f42631fbb820-300x225.jpg\" alt=\"\" width=\"180\" height=\"135\" srcset=\"https:\/\/www.radiopiu.net\/wordpress\/wp-content\/uploads\/2021\/09\/aad99324-7ec3-9e91-ebf5-f42631fbb820-300x225.jpg 300w, https:\/\/www.radiopiu.net\/wordpress\/wp-content\/uploads\/2021\/09\/aad99324-7ec3-9e91-ebf5-f42631fbb820-1024x768.jpg 1024w, https:\/\/www.radiopiu.net\/wordpress\/wp-content\/uploads\/2021\/09\/aad99324-7ec3-9e91-ebf5-f42631fbb820-768x576.jpg 768w, https:\/\/www.radiopiu.net\/wordpress\/wp-content\/uploads\/2021\/09\/aad99324-7ec3-9e91-ebf5-f42631fbb820.jpg 1280w\" sizes=\"auto, (max-width: 180px) 100vw, 180px\" \/><\/a>MILANO<\/strong> \u201cFederazione Italiana Sport Invernali,\u00a0ANEF\u00a0(Associazione Nazionale Esercenti Funiviari),\u00a0Federfuni Italia\u00a0(l&#8217;associazione italiana delle aziende ed enti proprietari e\/o esercenti il trasporto a fune in concessione sul territorio nazionale),\u00a0AMSI\u00a0(Associazione Maestri Sci Italiani) e\u00a0Colnaz\u00a0(Collegio Nazionale Maestri) hanno firmato a Milano presso la sede FISI il protocollo per la riapertura delle aree sciistiche e per l&#8217;utilizzo degli impianti di risalita nelle stazioni e nei comprensori sciistici a favore degli sciatori non agonisti e amatoriali. Un accordo fondamentale per consentire ad un settore strategico come quello della montagna di riprendere l&#8217;attivit\u00e0 nel pieno rispetto delle regole. Le aziende funiviarie rivestono infatti un valore strategico per la tenuta degli equilibri socio-economici dei territori di montagna e del sistema turistico nel suo complesso, alimentando un importante indotto a vantaggio di molteplici operatori economici quali albergatori, commercianti, maestri e scuole di sci. Il protocollo individua i principi generali e le misure di prevenzione del contagio da SARS-COV2 per la ripresa delle attivit\u00e0 all&#8217;interno di stazioni, aree e comprensori montani in vista della stagione 2021\/22, con il fine di garantire sia la sicurezza dei lavoratori, sia quella degli utenti\u201d.<\/p>\n<p><a href=\"https:\/\/freecomhub.us11.list-manage.com\/track\/click?u=cf5c3e09d0751ecfe894aef77&amp;id=6cc2e3d959&amp;e=6ad21bf159\"><strong>Scarica il testo intero del protocollo<\/strong><\/a><\/p>\n<p>&nbsp;<\/p>\n<p>&nbsp;<\/p>\n<hr \/>\n<p>&nbsp;<\/p>\n<blockquote>\n<h3>GIU&#8217; LA TARI GIA&#8217; OGGETTO DI GRANDI POLEMICHE DOPO I RECENTI AUMENTI<\/h3>\n<\/blockquote>\n<p><img loading=\"lazy\" decoding=\"async\" class=\"alignleft\" src=\"https:\/\/www.radiopiu.net\/wordpress\/wp-content\/uploads\/2021\/09\/th-8.jpg\" width=\"172\" height=\"112\" \/><strong>PONTE NELLE ALPI<\/strong><\/p>\n<p><strong>DAMIANO TORMEN\u00a0<\/strong><\/p>\n<audio class=\"wp-audio-shortcode\" id=\"audio-233246-3\" preload=\"none\" style=\"width: 100%;\" controls=\"controls\"><source type=\"audio\/mpeg\" src=\"https:\/\/www.radiopiu.net\/wordpress\/wp-content\/uploads\/2021\/09\/DAMIANO-PONTE.mp3?_=3\" \/><a href=\"https:\/\/www.radiopiu.net\/wordpress\/wp-content\/uploads\/2021\/09\/DAMIANO-PONTE.mp3\">https:\/\/www.radiopiu.net\/wordpress\/wp-content\/uploads\/2021\/09\/DAMIANO-PONTE.mp3<\/a><\/audio>\n<p>&nbsp;<\/p>\n<p>&nbsp;<\/p>\n<hr \/>\n<p>&nbsp;<\/p>\n<p>&nbsp;<\/p>\n<blockquote>\n<h2>RIPROPONIAMOLO, GIA&#8217; PUBBLICATO IL 17 SETTEMBRE<\/h2>\n<blockquote class=\"wp-embedded-content\" data-secret=\"uIB15j9na6\"><p><a href=\"https:\/\/www.radiopiu.net\/wordpress\/cosa-fate-nei-serrai-si-lavora-tra-difficolta-e-pericoli\/\">COSA FATE NEI SERRAI?  &#8220;SI LAVORA TRA DIFFICOLTA&#8217; E PERICOLI&#8221;<\/a><\/p><\/blockquote>\n<p><iframe loading=\"lazy\" class=\"wp-embedded-content\" sandbox=\"allow-scripts\" security=\"restricted\" style=\"position: absolute; clip: rect(1px, 1px, 1px, 1px);\" title=\"&#8220;COSA FATE NEI SERRAI?  &#8220;SI LAVORA TRA DIFFICOLTA&#8217; E PERICOLI&#8221;&#8221; &#8212; Radio Pi\u00f9\" src=\"https:\/\/www.radiopiu.net\/wordpress\/cosa-fate-nei-serrai-si-lavora-tra-difficolta-e-pericoli\/embed\/#?secret=uIB15j9na6\" data-secret=\"uIB15j9na6\" width=\"600\" height=\"338\" frameborder=\"0\" marginwidth=\"0\" marginheight=\"0\" scrolling=\"no\"><\/iframe><\/p><\/blockquote>\n<p>&nbsp;<\/p>\n<p>&nbsp;<\/p>\n<p>&nbsp;<\/p>\n<hr \/>\n<p>&nbsp;<\/p>\n<blockquote>\n<h3>IN PROVINCIA DI BELLUNO 219 POSITIVI, ATTIVATO UN BOX DI ISOLAMENTO A FELTRE<\/h3>\n<\/blockquote>\n<p><strong><a href=\"https:\/\/www.radiopiu.net\/wordpress\/giornale-radiopiu-10-marzo-2020-direttore-mirko-mezzacasa\/covid-ulss\/\" rel=\"attachment wp-att-121260\"><img loading=\"lazy\" decoding=\"async\" class=\" wp-image-121260 alignleft\" src=\"https:\/\/www.radiopiu.net\/wordpress\/wp-content\/uploads\/2020\/03\/covid-ulss-300x225.jpg\" alt=\"\" width=\"191\" height=\"143\" srcset=\"https:\/\/www.radiopiu.net\/wordpress\/wp-content\/uploads\/2020\/03\/covid-ulss-300x225.jpg 300w, https:\/\/www.radiopiu.net\/wordpress\/wp-content\/uploads\/2020\/03\/covid-ulss-768x576.jpg 768w, https:\/\/www.radiopiu.net\/wordpress\/wp-content\/uploads\/2020\/03\/covid-ulss.jpg 800w\" sizes=\"auto, (max-width: 191px) 100vw, 191px\" \/><\/a>BELLUNO<\/strong> La situazione epidemiologica in provincia di Belluno. 219 positivi e 682 in isolamento. Nel pomeriggio \u00e8 stata attivato un box di isolamento di Terapia Intensiva all\u2019ospedale Santa Maria del Prato di Feltre, con il ricovero di 1 paziente di 85 anni pluripatologico covid positivo. Nella Rianimazione Covid dell\u2019Ospedale di Belluno sono attualmente ricoverati due pazienti. Un terzo paziente \u00e8 in fase di valutazione. Ognuna delle due rianimazioni, infatti, pu\u00f2 ospitare fino a tre pazienti covid in aree separate e isolate, permettendo nel contempo di garantire tutte le attivit\u00e0 chirurgiche dei due ospedali. Nell\u2019area non critica del San Martino sono attualmente ricoverati 6 pazienti<\/p>\n<p>&nbsp;<\/p>\n<p>&nbsp;<\/p>\n<p>&nbsp;<\/p>\n<hr \/>\n<p>&nbsp;<\/p>\n<blockquote class=\"wp-embedded-content\" data-secret=\"SFIDx8bogM\"><p><a href=\"https:\/\/www.radiopiu.net\/wordpress\/aggiornamentoset22\/\">CORONAVIRUS: AGGIORNAMENTO NAZIONALE 22 SETTEMBRE  2021<\/a><\/p><\/blockquote>\n<p><iframe loading=\"lazy\" class=\"wp-embedded-content\" sandbox=\"allow-scripts\" security=\"restricted\" style=\"position: absolute; clip: rect(1px, 1px, 1px, 1px);\" title=\"&#8220;CORONAVIRUS: AGGIORNAMENTO NAZIONALE 22 SETTEMBRE  2021&#8221; &#8212; Radio Pi\u00f9\" src=\"https:\/\/www.radiopiu.net\/wordpress\/aggiornamentoset22\/embed\/#?secret=SFIDx8bogM\" data-secret=\"SFIDx8bogM\" width=\"600\" height=\"338\" frameborder=\"0\" marginwidth=\"0\" marginheight=\"0\" scrolling=\"no\"><\/iframe><\/p>\n<p>&nbsp;<\/p>\n<blockquote class=\"wp-embedded-content\" data-secret=\"2Mb2V3NQ9W\"><p><a href=\"https:\/\/www.radiopiu.net\/wordpress\/treszvs11aaf\/\">ALTRI 500 POSITIVI, 20 A BELLUNO, NEGLI OSPEDALI 3 DECESSI PER COVID<\/a><\/p><\/blockquote>\n<p><iframe loading=\"lazy\" class=\"wp-embedded-content\" sandbox=\"allow-scripts\" security=\"restricted\" style=\"position: absolute; clip: rect(1px, 1px, 1px, 1px);\" title=\"&#8220;ALTRI 500 POSITIVI, 20 A BELLUNO, NEGLI OSPEDALI 3 DECESSI PER COVID&#8221; &#8212; Radio Pi\u00f9\" src=\"https:\/\/www.radiopiu.net\/wordpress\/treszvs11aaf\/embed\/#?secret=2Mb2V3NQ9W\" data-secret=\"2Mb2V3NQ9W\" width=\"600\" height=\"338\" frameborder=\"0\" marginwidth=\"0\" marginheight=\"0\" scrolling=\"no\"><\/iframe><\/p>\n<blockquote>\n<h2><\/h2>\n<h2>I GRAFICI DI TIZIANO DE COL<\/h2>\n<p>&nbsp;<\/p><\/blockquote>\n<div>\n\n\t\t\t<style type='text\/css'>\n\t\t\t\t#gallery-3 {\n\t\t\t\t\tmargin: auto;\n\t\t\t\t}\n\t\t\t\t#gallery-3 .gallery-item {\n\t\t\t\t\tfloat: left;\n\t\t\t\t\tmargin-top: 10px;\n\t\t\t\t\ttext-align: center;\n\t\t\t\t\twidth: 20%;\n\t\t\t\t}\n\t\t\t\t#gallery-3 img {\n\t\t\t\t\tborder: 2px solid #cfcfcf;\n\t\t\t\t}\n\t\t\t\t#gallery-3 .gallery-caption {\n\t\t\t\t\tmargin-left: 0;\n\t\t\t\t}\n\t\t\t\t\/* see gallery_shortcode() in wp-includes\/media.php *\/\n\t\t\t<\/style>\n\t\t<div id='gallery-3' class='dt-gallery-container gallery galleryid-233246 gallery-columns-5 gallery-size-medium'><dl class='gallery-item'>\n\t\t\t\t<dt class='gallery-icon landscape'>\n\t\t\t\t\t<a class=\"rollover rollover-zoom dt-pswp-item\" title=\"5d4d7971-e44a-4ead-8262-263aa131be20\" data-dt-img-description=\"\" data-large_image_width=\"599\" data-large_image_height=\"360\"href='https:\/\/www.radiopiu.net\/wordpress\/wp-content\/uploads\/2021\/09\/5d4d7971-e44a-4ead-8262-263aa131be20.jpg'><img loading=\"lazy\" decoding=\"async\" width=\"300\" height=\"180\" src=\"https:\/\/www.radiopiu.net\/wordpress\/wp-content\/uploads\/2021\/09\/5d4d7971-e44a-4ead-8262-263aa131be20-300x180.jpg\" class=\"attachment-medium size-medium\" alt=\"\" srcset=\"https:\/\/www.radiopiu.net\/wordpress\/wp-content\/uploads\/2021\/09\/5d4d7971-e44a-4ead-8262-263aa131be20-300x180.jpg 300w, https:\/\/www.radiopiu.net\/wordpress\/wp-content\/uploads\/2021\/09\/5d4d7971-e44a-4ead-8262-263aa131be20.jpg 599w\" sizes=\"auto, (max-width: 300px) 100vw, 300px\" \/><\/a>\n\t\t\t\t<\/dt><\/dl><dl class='gallery-item'>\n\t\t\t\t<dt class='gallery-icon landscape'>\n\t\t\t\t\t<a class=\"rollover rollover-zoom dt-pswp-item\" title=\"553f7984-2665-4ea2-9712-2101f76b841d\" data-dt-img-description=\"\" data-large_image_width=\"610\" data-large_image_height=\"356\"href='https:\/\/www.radiopiu.net\/wordpress\/wp-content\/uploads\/2021\/09\/553f7984-2665-4ea2-9712-2101f76b841d.jpg'><img loading=\"lazy\" decoding=\"async\" width=\"300\" height=\"175\" src=\"https:\/\/www.radiopiu.net\/wordpress\/wp-content\/uploads\/2021\/09\/553f7984-2665-4ea2-9712-2101f76b841d-300x175.jpg\" class=\"attachment-medium size-medium\" alt=\"\" srcset=\"https:\/\/www.radiopiu.net\/wordpress\/wp-content\/uploads\/2021\/09\/553f7984-2665-4ea2-9712-2101f76b841d-300x175.jpg 300w, https:\/\/www.radiopiu.net\/wordpress\/wp-content\/uploads\/2021\/09\/553f7984-2665-4ea2-9712-2101f76b841d.jpg 610w\" sizes=\"auto, (max-width: 300px) 100vw, 300px\" \/><\/a>\n\t\t\t\t<\/dt><\/dl><dl class='gallery-item'>\n\t\t\t\t<dt class='gallery-icon landscape'>\n\t\t\t\t\t<a class=\"rollover rollover-zoom dt-pswp-item\" title=\"730f0a1d-bb02-4e4e-b6d9-0d8754dc6494\" data-dt-img-description=\"\" data-large_image_width=\"612\" data-large_image_height=\"354\"href='https:\/\/www.radiopiu.net\/wordpress\/wp-content\/uploads\/2021\/09\/730f0a1d-bb02-4e4e-b6d9-0d8754dc6494.jpg'><img loading=\"lazy\" decoding=\"async\" width=\"300\" height=\"174\" src=\"https:\/\/www.radiopiu.net\/wordpress\/wp-content\/uploads\/2021\/09\/730f0a1d-bb02-4e4e-b6d9-0d8754dc6494-300x174.jpg\" class=\"attachment-medium size-medium\" alt=\"\" srcset=\"https:\/\/www.radiopiu.net\/wordpress\/wp-content\/uploads\/2021\/09\/730f0a1d-bb02-4e4e-b6d9-0d8754dc6494-300x174.jpg 300w, https:\/\/www.radiopiu.net\/wordpress\/wp-content\/uploads\/2021\/09\/730f0a1d-bb02-4e4e-b6d9-0d8754dc6494.jpg 612w\" sizes=\"auto, (max-width: 300px) 100vw, 300px\" \/><\/a>\n\t\t\t\t<\/dt><\/dl><dl class='gallery-item'>\n\t\t\t\t<dt class='gallery-icon landscape'>\n\t\t\t\t\t<a class=\"rollover rollover-zoom dt-pswp-item\" title=\"83b846c8-2516-43c0-b827-e59ec2d92046\" data-dt-img-description=\"\" data-large_image_width=\"604\" data-large_image_height=\"358\"href='https:\/\/www.radiopiu.net\/wordpress\/wp-content\/uploads\/2021\/09\/83b846c8-2516-43c0-b827-e59ec2d92046.jpg'><img loading=\"lazy\" decoding=\"async\" width=\"300\" height=\"178\" src=\"https:\/\/www.radiopiu.net\/wordpress\/wp-content\/uploads\/2021\/09\/83b846c8-2516-43c0-b827-e59ec2d92046-300x178.jpg\" class=\"attachment-medium size-medium\" alt=\"\" srcset=\"https:\/\/www.radiopiu.net\/wordpress\/wp-content\/uploads\/2021\/09\/83b846c8-2516-43c0-b827-e59ec2d92046-300x178.jpg 300w, https:\/\/www.radiopiu.net\/wordpress\/wp-content\/uploads\/2021\/09\/83b846c8-2516-43c0-b827-e59ec2d92046.jpg 604w\" sizes=\"auto, (max-width: 300px) 100vw, 300px\" \/><\/a>\n\t\t\t\t<\/dt><\/dl><dl class='gallery-item'>\n\t\t\t\t<dt class='gallery-icon landscape'>\n\t\t\t\t\t<a class=\"rollover rollover-zoom dt-pswp-item\" title=\"8b9a54f9-a94a-4dcf-a167-1df9441dcaa7\" data-dt-img-description=\"\" data-large_image_width=\"606\" data-large_image_height=\"357\"href='https:\/\/www.radiopiu.net\/wordpress\/wp-content\/uploads\/2021\/09\/8b9a54f9-a94a-4dcf-a167-1df9441dcaa7.jpg'><img loading=\"lazy\" decoding=\"async\" width=\"300\" height=\"177\" src=\"https:\/\/www.radiopiu.net\/wordpress\/wp-content\/uploads\/2021\/09\/8b9a54f9-a94a-4dcf-a167-1df9441dcaa7-300x177.jpg\" class=\"attachment-medium size-medium\" alt=\"\" srcset=\"https:\/\/www.radiopiu.net\/wordpress\/wp-content\/uploads\/2021\/09\/8b9a54f9-a94a-4dcf-a167-1df9441dcaa7-300x177.jpg 300w, https:\/\/www.radiopiu.net\/wordpress\/wp-content\/uploads\/2021\/09\/8b9a54f9-a94a-4dcf-a167-1df9441dcaa7.jpg 606w\" sizes=\"auto, (max-width: 300px) 100vw, 300px\" \/><\/a>\n\t\t\t\t<\/dt><\/dl><br style=\"clear: both\" \/>\n\t\t\t<\/div>\n\n<p>&nbsp;<\/p>\n<\/div>\n<p>&nbsp;<\/p>\n<hr \/>\n<p>&nbsp;<\/p>\n<p>&nbsp;<\/p>\n<blockquote>\n<h3><strong><img loading=\"lazy\" decoding=\"async\" class=\"alignleft\" src=\"https:\/\/www.radiopiu.net\/wordpress\/wp-content\/uploads\/2021\/09\/doctor-6497498_960_720.jpg\" width=\"156\" height=\"112\" \/><\/strong>GARANTITO L&#8217;AMBULATORIO DEL PEDIATRA A CAPRILE DI ALLEGHE<\/h3>\n<p><strong>GIANNI SANTOMASO\u00a0\u00a0<\/strong><\/p><\/blockquote>\n<audio class=\"wp-audio-shortcode\" id=\"audio-233246-4\" preload=\"none\" style=\"width: 100%;\" controls=\"controls\"><source type=\"audio\/mpeg\" src=\"https:\/\/www.radiopiu.net\/wordpress\/wp-content\/uploads\/2021\/09\/PEDIATRA.mp3?_=4\" \/><a href=\"https:\/\/www.radiopiu.net\/wordpress\/wp-content\/uploads\/2021\/09\/PEDIATRA.mp3\">https:\/\/www.radiopiu.net\/wordpress\/wp-content\/uploads\/2021\/09\/PEDIATRA.mp3<\/a><\/audio>\n<p>&nbsp;<\/p>\n<p>&nbsp;<\/p>\n<blockquote>\n<h2>DILLO A RADIO PIU&#8217;&#8230;. &#8220;POI CI SI CHIEDE PERCHE&#8217; I GIOVANI VANNO ALTROVE&#8221;.<\/h2>\n<\/blockquote>\n<p>Riceviamo e volentieri pubblichiamo uno sfogo di una nostra ascoltratrice alleghese.<\/p>\n<blockquote><p><em><strong>ALLEGHE\u00a0<\/strong> E&#8217; arrivata puntuale la lettera dell&#8217;Ulss Dolomiti che ci informa delle novit\u00e0\u00a0 dell&#8217;ambulatorio pediatrico di Alleghe. Dobbiamo chiedere &#8220;aiuto&#8221; ad Agordo, in Valle del Biois. Qui ora manca il dottore, pure il parroco. Per le visite \u00a0specialistiche portiamo i nostri bimbi a Conegliano o Padova facendo i conti con una strada, la regionale 203 agordina e con tutti i suoi problemi. Non tutti lavorano in Luxottica con relativi benefici, poi qualcuno si domanda perch\u00e9 i nostri giovani fanno le valige&#8221;.<\/em><\/p><\/blockquote>\n<p>&nbsp;<\/p>\n<p>&nbsp;<\/p>\n<hr \/>\n<p>&nbsp;<\/p>\n<blockquote>\n<h3>IL NUOVO PARCHEGGIO CHE VERRA&#8217; REALIZZATO A POLANE DI AGORDO<\/h3>\n<\/blockquote>\n<p><strong><a href=\"https:\/\/www.radiopiu.net\/wordpress\/il-nuovo-parcheggio-che-verra-realizzato-a-polane-di-agordo\/32302655-19ff-40df-b5b7-58719949068d\/\" rel=\"attachment wp-att-233326\"><img loading=\"lazy\" decoding=\"async\" class=\" wp-image-233326 alignleft\" src=\"https:\/\/www.radiopiu.net\/wordpress\/wp-content\/uploads\/2021\/09\/32302655-19ff-40df-b5b7-58719949068d-300x225.jpg\" alt=\"\" width=\"248\" height=\"186\" srcset=\"https:\/\/www.radiopiu.net\/wordpress\/wp-content\/uploads\/2021\/09\/32302655-19ff-40df-b5b7-58719949068d-300x225.jpg 300w, https:\/\/www.radiopiu.net\/wordpress\/wp-content\/uploads\/2021\/09\/32302655-19ff-40df-b5b7-58719949068d-768x576.jpg 768w, https:\/\/www.radiopiu.net\/wordpress\/wp-content\/uploads\/2021\/09\/32302655-19ff-40df-b5b7-58719949068d.jpg 1024w\" sizes=\"auto, (max-width: 248px) 100vw, 248px\" \/><\/a>AGORDO<\/strong><\/p>\n<p>di Gianni Santomaso<\/p>\n<audio class=\"wp-audio-shortcode\" id=\"audio-233246-5\" preload=\"none\" style=\"width: 100%;\" controls=\"controls\"><source type=\"audio\/mpeg\" src=\"https:\/\/www.radiopiu.net\/wordpress\/wp-content\/uploads\/2021\/09\/GIANNI-PARCHEGGIO-POLANE.mp3?_=5\" \/><a href=\"https:\/\/www.radiopiu.net\/wordpress\/wp-content\/uploads\/2021\/09\/GIANNI-PARCHEGGIO-POLANE.mp3\">https:\/\/www.radiopiu.net\/wordpress\/wp-content\/uploads\/2021\/09\/GIANNI-PARCHEGGIO-POLANE.mp3<\/a><\/audio>\n<p>&nbsp;<\/p>\n<hr \/>\n<p>&nbsp;<\/p>\n<blockquote>\n<h3><a href=\"https:\/\/www.radiopiu.net\/wordpress\/giornale-radiopiu-07-agosto-2020-direttore-mirko-mezzacasa\/inps-logo\/\" rel=\"attachment wp-att-153598\"><img loading=\"lazy\" decoding=\"async\" class=\"wp-image-153598 alignleft\" src=\"https:\/\/www.radiopiu.net\/wordpress\/wp-content\/uploads\/2020\/08\/INPS-LOGO-300x200.jpg\" alt=\"\" width=\"132\" height=\"88\" srcset=\"https:\/\/www.radiopiu.net\/wordpress\/wp-content\/uploads\/2020\/08\/INPS-LOGO-300x200.jpg 300w, https:\/\/www.radiopiu.net\/wordpress\/wp-content\/uploads\/2020\/08\/INPS-LOGO-768x512.jpg 768w, https:\/\/www.radiopiu.net\/wordpress\/wp-content\/uploads\/2020\/08\/INPS-LOGO.jpg 900w\" sizes=\"auto, (max-width: 132px) 100vw, 132px\" \/><\/a>DA\u00a0 OGGI IL NUOVO PUNTO INPS AD AGORDO<\/h3>\n<p><strong>AGORDO<\/strong> Come ampiamente anticipato nei giorni scorsi il nuovo Punto Inps di Agordo aprir\u00e0 a palazzo Bianco sede dell&#8217;Unione Montana. L&#8217;Agenzia territoriale diventa Punto. Il taglio del nastro alle 14<\/p><\/blockquote>\n<p>&nbsp;<\/p>\n<p>&nbsp;<\/p>\n<hr \/>\n<p>&nbsp;<\/p>\n<h3>IN PROGRAMMA LE NUOVE ASFALTATURE A RIVAMONTE<\/h3>\n<p><strong><a href=\"https:\/\/www.radiopiu.net\/wordpress\/giornale-radiopiu-18-settembre-2021-direttore-mirko-mezzacasa\/dcim100mediadji_0036-jpg\/\" rel=\"attachment wp-att-232647\"><img loading=\"lazy\" decoding=\"async\" class=\" wp-image-232647 alignleft\" src=\"https:\/\/www.radiopiu.net\/wordpress\/wp-content\/uploads\/2021\/09\/DJI_0036-300x225.jpg\" alt=\"\" width=\"204\" height=\"153\" srcset=\"https:\/\/www.radiopiu.net\/wordpress\/wp-content\/uploads\/2021\/09\/DJI_0036-300x225.jpg 300w, https:\/\/www.radiopiu.net\/wordpress\/wp-content\/uploads\/2021\/09\/DJI_0036-1024x768.jpg 1024w, https:\/\/www.radiopiu.net\/wordpress\/wp-content\/uploads\/2021\/09\/DJI_0036-768x576.jpg 768w, https:\/\/www.radiopiu.net\/wordpress\/wp-content\/uploads\/2021\/09\/DJI_0036-1536x1152.jpg 1536w, https:\/\/www.radiopiu.net\/wordpress\/wp-content\/uploads\/2021\/09\/DJI_0036-2048x1536.jpg 2048w\" sizes=\"auto, (max-width: 204px) 100vw, 204px\" \/><\/a>RIVAMONTE<\/strong><\/p>\n<p>di Gianni Santomaso<\/p>\n<audio class=\"wp-audio-shortcode\" id=\"audio-233246-6\" preload=\"none\" style=\"width: 100%;\" controls=\"controls\"><source type=\"audio\/mpeg\" src=\"https:\/\/www.radiopiu.net\/wordpress\/wp-content\/uploads\/2021\/09\/GIANNI-ASFALTATURE-RIVAMONTE.mp3?_=6\" \/><a href=\"https:\/\/www.radiopiu.net\/wordpress\/wp-content\/uploads\/2021\/09\/GIANNI-ASFALTATURE-RIVAMONTE.mp3\">https:\/\/www.radiopiu.net\/wordpress\/wp-content\/uploads\/2021\/09\/GIANNI-ASFALTATURE-RIVAMONTE.mp3<\/a><\/audio>\n<p>&nbsp;<\/p>\n<p>&nbsp;<\/p>\n<p>&nbsp;<\/p>\n<hr \/>\n<p>&nbsp;<\/p>\n<blockquote>\n<h3>ECOCENTRI DELL&#8217;UNIONE MONTANA PERIODO DI MANUTENZIONI<\/h3>\n<\/blockquote>\n<p><b><img loading=\"lazy\" decoding=\"async\" class=\"alignleft\" src=\"https:\/\/www.radiopiu.net\/wordpress\/wp-content\/uploads\/2020\/10\/Ecocentro.jpg\" width=\"220\" height=\"131\" \/><\/b>Ecocentro di Livinallongo del Col di Lana chiuder\u00e0 al pubblico da gioved\u00ec\u00a0 e torner\u00e0 accessibile dal 20 ottobre 2021. Da luned\u00ec 27 settembre chiuderanno anche le strutture di Vallada\/Canale d\u2019Agordo (riapertura mercoledi 20 ottobre)\u00a0 e \u00a0Voltagoo (riapertura sabato 23 ottobre 2021). L\u2019Ecocentro di Colle S.Lucia al momento chiuder\u00e0 nella sola giornata di sabato 2 ottobre. L&#8217;ecocentro di La Valle Agordina riaprir\u00e0 il 7 ottobre.<\/p>\n<p><strong><em>Durante il periodo di chiusura i cittadini potranno accedere a qualsiasi Ecocentro del territorio dell\u2019Unione Montana Agordina<\/em><\/strong><\/p>\n<p>&nbsp;<\/p>\n<p>&nbsp;<\/p>\n<hr \/>\n<p>&nbsp;<\/p>\n<blockquote>\n<h3>CONSIGLIO COMUNALE\u00a0 A CENCENIGHE NOF FILO&#8217;<\/h3>\n<\/blockquote>\n<p><strong>CENCENIGHE<\/strong> Oggi la riunione in Municipio inizier\u00e0 alle 20.30 con l&#8217;accordo di cooperazione per il micronido Il Girotondo. A seguire: movimento franoso a Collesin, contributo della Provincia; intitolazione della piazza a Giovan Battista Pellegrini; conferimento della cittadinanza onoraria al milite ignoto.<\/p>\n<p>&nbsp;<\/p>\n<hr \/>\n<p>&nbsp;<\/p>\n<blockquote>\n<h3>RILASCIO CERTIFICATI PER ACCESSO AL VOTO DI SOGGETTI ISOLATI-QUARANTENATI PER COVID<\/h3>\n<\/blockquote>\n<p><strong><a href=\"https:\/\/www.radiopiu.net\/wordpress\/elezioni-comunali-2019-laffluenza-alle-23\/elezioni-comunali\/\" rel=\"attachment wp-att-86550\"><img loading=\"lazy\" decoding=\"async\" class=\"size-medium wp-image-86550 alignleft\" src=\"https:\/\/www.radiopiu.net\/wordpress\/wp-content\/uploads\/2019\/05\/ELEZIONI-COMUNALI-300x195.jpg\" alt=\"\" width=\"300\" height=\"195\" srcset=\"https:\/\/www.radiopiu.net\/wordpress\/wp-content\/uploads\/2019\/05\/ELEZIONI-COMUNALI-300x195.jpg 300w, https:\/\/www.radiopiu.net\/wordpress\/wp-content\/uploads\/2019\/05\/ELEZIONI-COMUNALI.jpg 751w\" sizes=\"auto, (max-width: 300px) 100vw, 300px\" \/><\/a>BELLUNO <\/strong>Le persone in condizione di isolamento domiciliare o quarantena per COVID, residenti nei Comuni interessati dalle prossime elezioni comunali del 3 e 4 ottobre 2021 (Alano di Piave, Alpago, Lozzo di Cadore, Selva di Cadore, Sovramonte, Val di Zoldo, Vigo di Cadore, Voltago Agordino.) possono chiedere all\u2019Ulss il rilascio del certificato medico attestante tale condizione, al fine di richiedere al Comune di residenza l\u2019ammissione al voto, con modalit\u00e0 speciali. Le richieste di tali certificati vanno inviate <strong>entro il 28 settembre 2021<\/strong> a: <a href=\"mailto:certificati.elezioni@aulss1.veneto.it\">certificati.elezioni@aulss1.veneto.it<\/a> allegando copia di un documento di identit\u00e0. Per eventuali informazioni \u00e8 a disposizione il Dipartimento di Prevenzione al numero 0437\/514505 (dal luned\u00ec al venerd\u00ec dalle 9.00 alle 13.00).<\/p>\n<p>&nbsp;<\/p>\n<p>&nbsp;<\/p>\n<p>&nbsp;<\/p>\n<p>&nbsp;<\/p>\n<hr \/>\n<p>&nbsp;<\/p>\n<blockquote>\n<h3>IL VENETO LEGGE, 40 CLASSI FELTRINE COINVOLTE<\/h3>\n<\/blockquote>\n<p><strong>FELTRE<\/strong>\u00a0 Domani\u00a0 si svolger\u00e0 in tutto il territorio regionale la maratona di lettura \u201cIl Veneto legge\u201d per promuovere la lettura \u201csociale\u201d attraverso il coinvolgimento della collettivit\u00e0 dei lettori, impegnati a vario titolo nella preparazione e nella realizzazione di un evento finalizzato ad avvicinare il maggior numero possibile di persone al libro. Il tema scelto per il 2021 \u00e8 l&#8217;acqua. Per quanto riguarda il Comune di Feltre, le classi della Scuola Primaria coinvolte sono 27, mentre quelle della Secondaria di Primo Grado sono 11. Gli appuntamenti dedicati alla Primaria si svolgeranno in presenza nel cortile del Castello (e in qualche caso negli spazi aperti delle sedi scolastiche), mentre per la Secondaria di Primo Grado ci sar\u00e0 una lettura da remoto, tramite piattaforma Meet, che le classi potranno seguire in sicurezza ciascuna dalla propria aula attraverso la lavagna LIM.<\/p>\n<p>&nbsp;<\/p>\n<hr \/>\n<p>&nbsp;<\/p>\n<blockquote>\n<h3>I LAVORI DEL GENIO CIVILE SUL PIAVE E DEI SERVIZI FORESTALI REGIONALI SULL&#8217;ARDO<\/h3>\n<\/blockquote>\n<p><strong><a href=\"https:\/\/www.radiopiu.net\/wordpress\/giornale-radiopiu-23-settembre-2021-direttore-mirko-mezzacasa\/a8a566c5-db32-46dd-945a-98554bc799bc\/\" rel=\"attachment wp-att-233291\"><img loading=\"lazy\" decoding=\"async\" class=\"wp-image-233291 alignleft\" src=\"https:\/\/www.radiopiu.net\/wordpress\/wp-content\/uploads\/2021\/09\/a8a566c5-db32-46dd-945a-98554bc799bc-300x225.jpg\" alt=\"\" width=\"158\" height=\"118\" srcset=\"https:\/\/www.radiopiu.net\/wordpress\/wp-content\/uploads\/2021\/09\/a8a566c5-db32-46dd-945a-98554bc799bc-300x225.jpg 300w, https:\/\/www.radiopiu.net\/wordpress\/wp-content\/uploads\/2021\/09\/a8a566c5-db32-46dd-945a-98554bc799bc-1024x768.jpg 1024w, https:\/\/www.radiopiu.net\/wordpress\/wp-content\/uploads\/2021\/09\/a8a566c5-db32-46dd-945a-98554bc799bc-768x576.jpg 768w, https:\/\/www.radiopiu.net\/wordpress\/wp-content\/uploads\/2021\/09\/a8a566c5-db32-46dd-945a-98554bc799bc-1536x1152.jpg 1536w, https:\/\/www.radiopiu.net\/wordpress\/wp-content\/uploads\/2021\/09\/a8a566c5-db32-46dd-945a-98554bc799bc.jpg 2048w\" sizes=\"auto, (max-width: 158px) 100vw, 158px\" \/><\/a>BELLUNO<\/strong> Sopralluogo dell&#8217;assessore Gianpaolo Bottacin nei cantieri in citt\u00e0. Sul Piave, nel tratto tra il Ponte Sarajevo a valle del torrente Ardo e la frazione di Borgo Piave\u00a0 in fase di ultimazione i 300 metri di rivestimento spondale. Gi\u00e0 conclusa la sistemazione dei 110 metri a valle del ponte bailey.\u00a0 A monte del ponte della Vittoria lavori su un tratto di\u00a0 400 metri a monte del ponte. Intervento complessivo 3 milioni di euro e i lavori saranno consegnati a primavera con un paio di mesi di anticipo. Sull&#8217;Ardo i Servizi Forestali stanno procedendo con gli sfalci a consueta pulizia dell&#8217;alveo, \u00a0nelle prossime settimane\u00a0 altri interventi sul torrente Turriga a Visome.<\/p>\n<p>&nbsp;<\/p>\n<p>&nbsp;<\/p>\n<hr \/>\n<p>&nbsp;<\/p>\n<blockquote>\n<h3>PREVENIRE LE RECIDIVE: CARDIOLOGIA IN PRIMA LINEA<\/h3>\n<\/blockquote>\n<p><a href=\"https:\/\/www.radiopiu.net\/wordpress\/giornale-radio-piu-27-01-2018-direttore-mirko-mezzacasa\/pullman-con-bimbi-si-ribalta-decine-di-feriti-3-gravi\/\" rel=\"attachment wp-att-42393\"><img loading=\"lazy\" decoding=\"async\" class=\"wp-image-42393 size-medium alignleft\" src=\"https:\/\/www.radiopiu.net\/wordpress\/wp-content\/uploads\/2018\/01\/Feltre-Ulss-2-Santa-Maria-del-Prato-Foto-ANSA-Imc-300x200.jpg\" alt=\"\" width=\"300\" height=\"200\" srcset=\"https:\/\/www.radiopiu.net\/wordpress\/wp-content\/uploads\/2018\/01\/Feltre-Ulss-2-Santa-Maria-del-Prato-Foto-ANSA-Imc-300x200.jpg 300w, https:\/\/www.radiopiu.net\/wordpress\/wp-content\/uploads\/2018\/01\/Feltre-Ulss-2-Santa-Maria-del-Prato-Foto-ANSA-Imc-768x511.jpg 768w, https:\/\/www.radiopiu.net\/wordpress\/wp-content\/uploads\/2018\/01\/Feltre-Ulss-2-Santa-Maria-del-Prato-Foto-ANSA-Imc.jpg 1000w\" sizes=\"auto, (max-width: 300px) 100vw, 300px\" \/><\/a><strong>FELTRE <\/strong>La cardiologia di Feltre partecipa allo \u201cStudio osservazionale sulla valutazione dei target Lipidici nei PazIenti afferenti alle CArdiologie RiabilitativE e Preventive (LiPiCaRE)\u201d Si tratta di un importante studio nazionale multicentrico osservazionale finalizzato al monitoraggio del raggiungimento di uno dei principali obiettivi terapeutici nella cardiopatia ischemica: la drastica riduzione del colesterolo LDL (la parte cattiva del nostro colesterolo) che \u00e8 in correlazione diretta con infarto e recidive di infarto miocardico e rappresenta la principale causa di recidive rimovibile. Oggi le armi terapeutiche delle organizzazioni sanitarie e del singolo (stili di vita, aderenza terapeutica etc) per ridurre i nuovi ricoveri per infarto sono tali e tante che le recidive di infarto a distanza dovrebbero essere delle rarit\u00e0. Purtroppo non \u00e8 ancora cos\u00ec. Lo studio, implicitamente, mira a valutare l\u2019efficace delle strategie messe in campo delle cardiologie riabilitative. Per essere vicina ai pazienti in carico anche nel periodo di pandemia, la cardiologia riabilitativa e dello sport di Feltre ha realizzato dei video con dei consigli pratici per ridurre il rischio cardiovascolare attraverso il movimento, diffusi attraverso youtube e facebook. Vera e propria seduta di allenamento proposte digitalmente che sono state seguite dai pazienti e hanno trovato il loro gradimento. L\u2019iniziativa rientra nell\u2019ambito della promozione della \u00a0educazione all\u2019autocura (sui pazienti e care-givers) seguito da una rete di rilevazione dei parametri.<\/p>\n<p>&nbsp;<\/p>\n<p>&nbsp;<\/p>\n<hr \/>\n<p>&nbsp;<\/p>\n<blockquote>\n<h3>CAI AGORDO, LA RELAZIONE DELLA 36^ ADUNANZA TIE DI COLLE S. LUCIA<\/h3>\n<\/blockquote>\n<p><a href=\"https:\/\/www.radiopiu.net\/wordpress\/cai-agordo-la-relazione-della-36-adunanza-tie-di-colle-s-lucia\/3b57322e-01b5-0450-7b45-d65e23828f5c\/\" rel=\"attachment wp-att-233285\"><img loading=\"lazy\" decoding=\"async\" class=\"wp-image-233285 alignright\" src=\"https:\/\/www.radiopiu.net\/wordpress\/wp-content\/uploads\/2021\/09\/3b57322e-01b5-0450-7b45-d65e23828f5c-300x199.jpg\" alt=\"\" width=\"243\" height=\"161\" srcset=\"https:\/\/www.radiopiu.net\/wordpress\/wp-content\/uploads\/2021\/09\/3b57322e-01b5-0450-7b45-d65e23828f5c-300x199.jpg 300w, https:\/\/www.radiopiu.net\/wordpress\/wp-content\/uploads\/2021\/09\/3b57322e-01b5-0450-7b45-d65e23828f5c-768x509.jpg 768w, https:\/\/www.radiopiu.net\/wordpress\/wp-content\/uploads\/2021\/09\/3b57322e-01b5-0450-7b45-d65e23828f5c.jpg 1024w\" sizes=\"auto, (max-width: 243px) 100vw, 243px\" \/><\/a><\/p>\n<p><strong>AGORDO<\/strong> Dalla sezione Agordina del Cai una prima notizia<span style=\"color: #000000;\">, la prevista escursione a <strong>Cima Dodici<\/strong> in programma domenica 26 settembre \u00e8 stata sostituita con\u00a0 quella a <\/span><span style=\"color: #000000;\">\u00a0<\/span><strong style=\"color: #000000;\">Para dai Giai<\/strong><span style=\"color: #000000;\">\u00a0 precedentemente annullata per\u00a0 maltempo.<\/span><\/p>\n<p>Ieri abbiamo ospitato in radio il Presidente della sezione Dario Dell&#8217;Osbel anche per presentare l&#8217;evento di sabato alle 10.30 in Valle di San Lucano a 100 anni dalla prima ascensione all&#8217;Agner. L&#8217;intervista si pu\u00f2 riascoltare sul sito in podcast.<\/p>\n<p>Dal&#8217;adunanza annuale, tenutati quest&#8217;anno a Colle Santa Lucia il 22 agosto, la relazione del Presidente Dario Dell&#8217;Osbel (foto sito Cai Agordo, il prof. Vittorio Fenti a destra con Dario Dell&#8217;Osbel).<\/p>\n<p>&nbsp;<\/p>\n<blockquote><p><a href=\"https:\/\/www.radiopiu.net\/wordpress\/cai-agordo-la-relazione-della-36-adunanza-tie-di-colle-s-lucia\/c5462410-59ce-aa54-827a-f123c8beb1df\/\" rel=\"attachment wp-att-233284\"><img loading=\"lazy\" decoding=\"async\" class=\"wp-image-233284 alignleft\" src=\"https:\/\/www.radiopiu.net\/wordpress\/wp-content\/uploads\/2021\/09\/c5462410-59ce-aa54-827a-f123c8beb1df-300x199.jpg\" alt=\"\" width=\"274\" height=\"182\" srcset=\"https:\/\/www.radiopiu.net\/wordpress\/wp-content\/uploads\/2021\/09\/c5462410-59ce-aa54-827a-f123c8beb1df-300x199.jpg 300w, https:\/\/www.radiopiu.net\/wordpress\/wp-content\/uploads\/2021\/09\/c5462410-59ce-aa54-827a-f123c8beb1df-768x509.jpg 768w, https:\/\/www.radiopiu.net\/wordpress\/wp-content\/uploads\/2021\/09\/c5462410-59ce-aa54-827a-f123c8beb1df.jpg 1024w\" sizes=\"auto, (max-width: 274px) 100vw, 274px\" \/><\/a><\/p>\n<p>Dopo due anni di rinvii per i motivi logistici, organizzativi e per la nota situazione pandemico sanitaria, la Sezione Agordina \u00e8 riuscita a riprendere le ormai tradizionali \u201c Adunanze \u201c giunte alla 36^ Edizione. Quest\u2019anno \u00e8 toccato al Comune di Colle Santa Lucia e pi\u00f9 nello specifico alla piccola frazione di Tie, ospitarci per il consueto incontro, con la presentazione del libretto intitolato \u201c Vaia 2018 \u201c, pubblicazione corposa, viste le 132 pagine che la compongono, al cui interno vi sono due relazioni tecniche del Dott. Vittorio Fenti ( comparazione alluvione del 1966 e nubifragio 2018) e dei Dott.ri Mauro Valt e Gianni Marigo (formazione siti valanghivi e meteorologia), di seguito vi sono riportate sedici relazioni corredate da fotografie esemplificative dei danni inferti al territorio redatte da tutte le Amministrazioni Comunali dell\u2019Agordino. Il villaggio di Tie sorge su una costa prativa ed \u00e8 composto da tre abitazioni ed alcuni piccoli \u201c Tabi\u00e0 \u201c la localit\u00e0 \u00e8 deliziosa ed amena con un panorama mozzafiato in vista dell\u2019Antelao, del Pelmo e della Civetta, pi\u00f9 ad occidente si intravede la Regina delle Dolomiti la \u201c Marmolada \u201c . La mattinata \u00e8 trascorsa in maniera regolare, con un tempo buono che ci ha permesso di portare a termine la manifestazione, dopo l\u2019introduzione del Presidente Sezionale, i vari interventi delle Autorit\u00e0 presenti e l\u2019intervento dei relatori principali, \u00e8 stata celebrata la funzione religiosa officiata da Don Sandro Capraro ex Cappellano Militare di Belluno. L\u2019affluenza di persone \u00e8 stata soddisfacente erano presenti circa un centinaio di persone che hanno ascoltato molto interessate la presentazione delle relazioni ed il rito religioso. A conclusione dell\u2019evento l\u2019Union Ladin da Col ci ha deliziato con sobrio rinfresco a base di puccia, speck e dei dolci tradizionali di Colle accompagnati da una buona tazza di caff\u00e8. Debbo affermare che la manifestazione ha avuto un buon successo; sicuramente una riflessione deve essere espressa relativamente alla mancata organizzazione per ben due anni consecutivi dell\u2019Adunanza e la considerazione \u00e8 questa; che in Agordino qualcosa di importante e sconvolgente \u00e8 successo nell\u2019ottobre del 2018, non dimenticando poi il 2020 con l\u2019esplodere in tutto il mondo della pandemia da Covid 19 costringendoci ad una libert\u00e0 vigilata. Un sentito ringraziamento va all\u2019Amministrazione di Colle Santa Lucia nella persona del primo cittadino Paolo Frena, dell\u2019Ufficio Tecnico Comunale, dell\u2019Associazione Turistica di Colle e dell\u2019Union Ladin da Col. Un ringraziamento particolare per la sensibilit\u00e0 espressa va al Sig. Matteo Righetto, scrittore affermato, che ha voluto che la manifestazione si svolgesse sul terreno di sua propriet\u00e0. Infine, ringrazio anche tutte le persone che erano presenti alla manifestazione e chi in qualsivoglia maniera si \u00e8 prodigato per la buona riuscita dell\u2019evento. Al prossimo anno.-<br \/>\nIl Presidente Dario Dell&#8221;Osbel<\/p><\/blockquote>\n<p>&nbsp;<\/p>\n<p>&nbsp;<\/p>\n<hr \/>\n<p>&nbsp;<\/p>\n<blockquote>\n<h3>&#8220;NON E&#8217; SOLO QUESTIONE DI GENERE&#8221;, APPUNTAMENTI PER PROMUOVERE L&#8217;INCLUSIONE<\/h3>\n<\/blockquote>\n<p><a href=\"https:\/\/www.radiopiu.net\/wordpress\/giornale-radiopiu-23-settembre-2021-direttore-mirko-mezzacasa\/cs_non-e-soo-questione-di-genere\/\" rel=\"attachment wp-att-233296\"><img loading=\"lazy\" decoding=\"async\" class=\"size-medium wp-image-233296 alignleft\" src=\"https:\/\/www.radiopiu.net\/wordpress\/wp-content\/uploads\/2021\/09\/CS_Non-e-soo-questione-di-genere-300x169.jpeg\" alt=\"\" width=\"300\" height=\"169\" srcset=\"https:\/\/www.radiopiu.net\/wordpress\/wp-content\/uploads\/2021\/09\/CS_Non-e-soo-questione-di-genere-300x169.jpeg 300w, https:\/\/www.radiopiu.net\/wordpress\/wp-content\/uploads\/2021\/09\/CS_Non-e-soo-questione-di-genere-1024x576.jpeg 1024w, https:\/\/www.radiopiu.net\/wordpress\/wp-content\/uploads\/2021\/09\/CS_Non-e-soo-questione-di-genere-768x432.jpeg 768w, https:\/\/www.radiopiu.net\/wordpress\/wp-content\/uploads\/2021\/09\/CS_Non-e-soo-questione-di-genere-1536x864.jpeg 1536w, https:\/\/www.radiopiu.net\/wordpress\/wp-content\/uploads\/2021\/09\/CS_Non-e-soo-questione-di-genere.jpeg 2048w\" sizes=\"auto, (max-width: 300px) 100vw, 300px\" \/><\/a><strong>FELTRE <\/strong>I Comuni di Feltre e Fonzaso in collaborazione con Dolomiti Hub-spazio culturale,\u00a0 uniscono le forze per sensibilizzare la cittadinanza sul tema delle pari opportunit\u00e0 con una \u00a0rassegna di tre appuntamenti cinematografici dal titolo \u201cNon \u00e8 solo questione di genere\u201d, \u00a0verranno promossi da ottobre a dicembre alla ex-scuola elementare di Arten. Il primo appuntamento: gioved\u00ec 7 ottobre alle 20.30 con la proiezione del pluripremiato cortometraggio \u201cCerdita\u201d della regista spagnola Carlota Martinez-Pereda. Interverr\u00e0 Lara Lago,\u00a0 giornalista esperta di body shaming. La partecipazione alla rassegna \u00e8 gratuita ed \u00e8 richiesto, come previsto dalla normativa, che il pubblico sia fornito di green pass. Eccezioni: bambini sotto i 12 anni e persone con specifica certificazione medica. Info e prenotazioni: info@dolomitihub.it e sul sito di solomiti hub alla sezione specifica: https:\/\/dolomitihub.it\/non-e-solo-questione-di-genere<\/p>\n<p>&nbsp;<\/p>\n<hr \/>\n<p>&nbsp;<\/p>\n<p><strong><span style=\"color: #ff0000;\">ALLA RADIO\u00a0<\/span><\/strong><\/p>\n<h2><span style=\"color: #ff0000;\"><a href=\"https:\/\/www.radiopiu.net\/wordpress\/se-desmonteghea-2021-le-festa-delle-malghe-alla-radio\/242458531_3044436332480471_1539653298059826230_n\/\" rel=\"attachment wp-att-232916\"><img loading=\"lazy\" decoding=\"async\" class=\" wp-image-232916 alignleft\" src=\"https:\/\/www.radiopiu.net\/wordpress\/wp-content\/uploads\/2021\/09\/242458531_3044436332480471_1539653298059826230_n-300x300.jpg\" alt=\"\" width=\"165\" height=\"165\" srcset=\"https:\/\/www.radiopiu.net\/wordpress\/wp-content\/uploads\/2021\/09\/242458531_3044436332480471_1539653298059826230_n-300x300.jpg 300w, https:\/\/www.radiopiu.net\/wordpress\/wp-content\/uploads\/2021\/09\/242458531_3044436332480471_1539653298059826230_n-150x150.jpg 150w, https:\/\/www.radiopiu.net\/wordpress\/wp-content\/uploads\/2021\/09\/242458531_3044436332480471_1539653298059826230_n.jpg 526w\" sizes=\"auto, (max-width: 165px) 100vw, 165px\" \/><\/a><\/span><\/h2>\n<h2><\/h2>\n<blockquote>\n<h3>SE DESMONTEGHEA 2021, LE FESTA DELLE MALGHE ALLA RADIO<\/h3>\n<p><strong>OSPITI<\/strong> Mayra De Marco, Antonella Schena, Eddy Gaspari, Alessio Xaiz<\/p>\n<p><strong>di Claudio Fontanive<\/strong><\/p><\/blockquote>\n<p><strong>AUDIO\u00a0<\/strong><\/p>\n<audio class=\"wp-audio-shortcode\" id=\"audio-233246-7\" preload=\"none\" style=\"width: 100%;\" controls=\"controls\"><source type=\"audio\/mpeg\" src=\"https:\/\/www.radiopiu.net\/wordpress\/wp-content\/uploads\/2021\/09\/se-desmonteghea-20-settembre.mp3?_=7\" \/><a href=\"https:\/\/www.radiopiu.net\/wordpress\/wp-content\/uploads\/2021\/09\/se-desmonteghea-20-settembre.mp3\">https:\/\/www.radiopiu.net\/wordpress\/wp-content\/uploads\/2021\/09\/se-desmonteghea-20-settembre.mp3<\/a><\/audio>\n<p>&nbsp;<\/p>\n<p>&nbsp;<\/p>\n<hr \/>\n<p>&nbsp;<\/p>\n<blockquote>\n<h2>LE FRAZIONI SPIA E TOS METE DEL \u201cVIAGGIO\u201d ALLA SCOPERTA DELLA REALT\u00c0 RIVAMONTE<\/h2>\n<\/blockquote>\n<p>&nbsp;<\/p>\n<p><strong>di RENATO BONA\u00a0<\/strong><\/p>\n<p>Non \u00e8 ancora in vista il simbolico striscione d\u2019arrivo del \u201cviaggio\u201d alla scoperta di Rivamonte, guidati dal prezioso volume \u201cUn finestra su Riva\u201d che il Club Unesco Agordino ha realizzato con la tipografia Castaldi di Agordo nell\u2019ottobre 2013, per propiziare la conoscenza delle ben trentotto frazioni e localit\u00e0 nelle quali era articolato il paese. Il tutto &#8211; fedeli i dirigenti del benemerito sodalizio all\u2019impegno, preso diversi lustri orsono &#8211; rivolto alla salvaguardia delle origini, della tradizione e della storia del proprio territorio. La parola d\u2019ordine dei ricercatori di notizie ed immagini \u00e8 stata: \u201cPer non dimenticare\u201d e ammettono con gratitudine di aver potuto contare sulla convinta collaborazione di tanta gente di ieri e di oggi. Proseguiamo, dunque, l\u2019escursione facendo tappa in questa occasione prima a Spia e poi a Tos (di cui, per evidenti ragioni di spazio, diremo e mostreremo solo a met\u00e0, rinviando il resto al successivo servizio). La prima immagine proposta quella di \u201cSpia anni \u201840\u201d; da sinistra ci sono: Lucio Schena (Mor\u00e0ta), Ginevra Mattarel e Giacomo Schena (Pit), in secondo piano Lina Selle. Per la cronaca si ricorda che: \u201cL\u2019afflusso di villeggianti a Rivamonte nella stagione estiva del 1940 \u00e8 stato di 574 persone; alloggiavano in camere affittate o in case proprie, infatti molti erano coloro che, da giugno ad agosto, ritornavano al paese oriundo\u201d. Ed ecco \u201cCol de la Spia anni \u201840\u201d con Giovanni Schena, Maria Fossen (moglie di Tita B\u00f2sol) e Crispino Schena mentre l\u2019altra foto dell\u2019identico periodo propone uno scorcio con sullo sfondo il Giso Tran\u010d (Luigi Pedandola). L\u2019epoca \u00e8 sempre la stessa ma l\u2019altra immagine ci fa vedere: seduti da sinistra Lucio Schena (Mor\u00e0ta) e Lina Schena e dietro di loro Crispino e Giovanni Schena. Torniamo indietro nel tempo: \u201c1936, Piazza della Spia\u201d: da sinistra: Giacomo (M\u00e9to), Pia e Crispino Schena. Per la cronaca: \u201cFamosi erano gli \u00d2lt dalla Spia: maschere in legno realizzate dalle mani sapienti di Crispino Selle; purtroppo degli stessi non resta alcuna testimonianza. Anni dopo vennero realizzate a Rivamonte delle maschere in legno ma da testimonianze di chi aveva visto le precedenti, queste non ricordavano quei primi volti scolpiti che incutevano paura in chi li osservava\u201d. Di nuovo a Col de la Spia: \u00e8 il 27 luglio 1941, da sinistra: Maria Schena, Domenico Rosson (Menegh\u00e9to) con il figlio Tullio. Cronaca: le famiglie censite nel 1944 alla Spia erano 11 e gli abitanti 29. Ultima immagine quella del 1967 che fa intravedere, da sinistra: Ginevra Mattarel, Lucia (Thi\u00e9ta) Gnech, Bernardetta Gnech, Daniela Gnech e le gemelline Crispina e Sabina. Approdati a Tos, ecco lo scorcio della fontana che fu costruita nel 1893, nello stesso anno di quella presente nella frazione Angoletta. Cronaca: nel 1933 l\u2019acquedotto comunale contava su 5 chilometri di tubazioni e 40 fontane di cui 30 con abbeveratoio. Originariamente questa fontana non aveva il \u201clavatoio\u201d, questo \u00e8 stato costruito dopo la seconda guerra mondiale, su ordinanza del sindaco Tazzer. Gli abitanti dei Tos andavano \u201cd\u00f2 in fontana\u201d a lavare i panni; questo lavatoio prendeva l\u2019acqua da una sorgente locale ed era dotato di una tettoia, ancora visibile, cos\u00ec da proteggere le donne anche nelle giornate di pioggia e di neve. \u201cTos anni \u201840\u201d: da sinistra Antonietta, Lucia e Carmela Schena. Cronaca: nella casa vicina c\u2019era l\u2019osteria degli Schena (Dan\u00e0ta) dotata anche di un campo di bocce; la licenza di tale osteria risulta essere tra le pi\u00f9 vecchie del Comune. Si \u00e8 poi trasferita nel primo caseggiato di sinistra che si incontra imboccando la strada per Tos basso. Nel 1942 le attivit\u00e0 commerciali a Rivamonte erano venti tra cui due macellerie, otto generi alimentari, un fornaio, una trattoria e due mercerie. Stessa epoca: davanti alla casa di Antonio Schena (T\u00f2ni Bernardo), da sinistra: Gino Schena, Antonia Fossen (Meneghina), Felice Schena (Cic\u00e9t). Indietro nel tempo: \u201cTos fine anni \u201830\u201d: i fratelli B\u00e8ri: Giacomo, Pierina e Piero Zanin. Cronaca: nel 1934 la frazione contava 250 abitanti e tre osterie. Segue un \u201cPanorama dei Tos dal Barba Di degli anni \u201960\u201d. Cronaca: \u201cnel 1964 l\u2019impresa Bortoluzzi effettua i lavori di ampliamento della strada che da Tos porta in Franche. Nelle vicinanze, imboccando la strada che conduce alla scuola, si trova il C\u00f2l de la Ri\u00e9gola dove si dice vi fosse la Casa delle Regole\u201d. Ed ecco una splendida panoramica di\u2026 scolari! Il titolo: \u201cClasse scolastica anni 1913-14\u201d. Tra gli alunni si riconoscono in prima fila, da sinistra, il fratello del Maghito, terzo Luigi Zanin (Giso B\u00e8ri), quarto Egidio Schena dei Tos, quinto Arcangelo Zanin (Cina), sesto Serafino Casera, penultimo Giovanni Zanin (Gian\u00f2l), ultimo della fila Sisto Cont. Seconda fila pure da sinistra: il secondo \u00e8 Giorgio Gnech (Strad\u00ecn), terza Caterina Schena (R\u00f9cio), quinta Rina Casera dell\u2019Olivo; terzultima la Picol Cont (Batit) e ultima Domenica Mottes (Meneg\u00f9tha). Terza fila, dalla terza: Teresa Schena, Antonia Schena (Celestine), Tranquilla Conedera, Giovanna Casera ( Gian\u00e9ta dal Molin), Savina Zanin, (\u2026), Fossen (del Baito). Ultima fils da sinistra: terza Maria Laveder (Issi), settima Bortolina Rosson (T\u00f2na), quindi ottava Beatrice Facchin, le ultime tre: Giovanna Schena, Angela Zanin e Tranquilla Rosson (dei Le\u00e0ndri). Cronaca: \u201cSolo 4 anni prima erano stati completati i lavori della nuova sede scolastica dei Tos dalla ditta di Tazzer Giusto e del figlio Antonio, subentrato alla direzione dei lavori alla morte del padre\u201d. Siamo alla fine degli anni \u201950 con la foto del \u201cBar del Gian\u00f2l in occasione della preparazione di un pranzo nuziale. Da sinistra: Maria Schena (del T\u00e8to), Maria Rosa Dall\u2019Acqua (dei Bened\u00e9t), la cuoca Maddalena Selle di Tiser, Rina Conedera ed Erminia Soppelsa. Sempre Tos ma anni \u201960: la famiglia del negoziante Giuseppe Gnech (B\u00e8pi B\u00f2sol) davanti al negozio. Altra immagine di gruppo: \u201cLocanda Fossen, 1979\u201d: cena tra amici, in basso a sinistra Giovanni Battista Gnech (Tita Bos\u00f2l), Antonio Angoletta (Ton\u00e8la), Davide Mottes, Santo Del Din, Umberto Da Ren (B\u00e8rto); seconda fila, da sinistra: Giuseppe Fossen, Antonio Pasquali, Giuseppe Gnech (B\u00e8pi B\u00f2sol), Mario De Bernard (Mor\u00e9to), Antonio Rosson, Giacomo Mottes (M\u00e9to Baga), Antonio Schena, Abele Gnech (Paolina), Pietro Guadagnin, Gelinda Schena, la moglie di Umberto Da Ren. Cronaca: \u201cL\u2019albergo, ristorante e bar \u201cPensione Fossen\u201d \u00e8 stato chiuso a fine 2008\u201d. Trasferta milanese, si fa per dire, per la foto anni \u201920 di \u201cRagazze dei Tos a servizio a Milano\u201d: da sinistra, sedute: Savina Zanin, Bortolina Fossen, Teresa Schena (Lilli) della Valchesina, Teresa Schena (Michi). In piedi: Caterina Schena (Caterin\u00f2i), (\u2026), Maria Bortola Schena, Bortolina Xaiz, Giovanna Schena e Caterina Gnech da Postran.<\/p>\n\n\t\t\t<style type='text\/css'>\n\t\t\t\t#gallery-4 {\n\t\t\t\t\tmargin: auto;\n\t\t\t\t}\n\t\t\t\t#gallery-4 .gallery-item {\n\t\t\t\t\tfloat: left;\n\t\t\t\t\tmargin-top: 10px;\n\t\t\t\t\ttext-align: center;\n\t\t\t\t\twidth: 16%;\n\t\t\t\t}\n\t\t\t\t#gallery-4 img {\n\t\t\t\t\tborder: 2px solid #cfcfcf;\n\t\t\t\t}\n\t\t\t\t#gallery-4 .gallery-caption {\n\t\t\t\t\tmargin-left: 0;\n\t\t\t\t}\n\t\t\t\t\/* see gallery_shortcode() in wp-includes\/media.php *\/\n\t\t\t<\/style>\n\t\t<div id='gallery-4' class='dt-gallery-container gallery galleryid-233246 gallery-columns-6 gallery-size-thumbnail'><dl class='gallery-item'>\n\t\t\t\t<dt class='gallery-icon landscape'>\n\t\t\t\t\t<a class=\"rollover rollover-zoom dt-pswp-item\" title=\"242510926_669828790644248_6624570578122107079_n\" data-dt-img-description=\"\" data-large_image_width=\"280\" data-large_image_height=\"201\"href='https:\/\/www.radiopiu.net\/wordpress\/wp-content\/uploads\/2021\/09\/242510926_669828790644248_6624570578122107079_n.jpg'><img loading=\"lazy\" decoding=\"async\" width=\"150\" height=\"150\" src=\"https:\/\/www.radiopiu.net\/wordpress\/wp-content\/uploads\/2021\/09\/242510926_669828790644248_6624570578122107079_n-150x150.jpg\" class=\"attachment-thumbnail size-thumbnail\" alt=\"\" \/><\/a>\n\t\t\t\t<\/dt><\/dl><dl class='gallery-item'>\n\t\t\t\t<dt class='gallery-icon landscape'>\n\t\t\t\t\t<a class=\"rollover rollover-zoom dt-pswp-item\" title=\"242698617_311815160712270_8065259627196321887_n\" data-dt-img-description=\"\" data-large_image_width=\"395\" data-large_image_height=\"206\"href='https:\/\/www.radiopiu.net\/wordpress\/wp-content\/uploads\/2021\/09\/242698617_311815160712270_8065259627196321887_n.jpg'><img loading=\"lazy\" decoding=\"async\" width=\"150\" height=\"150\" src=\"https:\/\/www.radiopiu.net\/wordpress\/wp-content\/uploads\/2021\/09\/242698617_311815160712270_8065259627196321887_n-150x150.jpg\" class=\"attachment-thumbnail size-thumbnail\" alt=\"\" \/><\/a>\n\t\t\t\t<\/dt><\/dl><dl class='gallery-item'>\n\t\t\t\t<dt class='gallery-icon landscape'>\n\t\t\t\t\t<a class=\"rollover rollover-zoom dt-pswp-item\" title=\"242671733_149947047325281_183772467880454145_n\" data-dt-img-description=\"\" data-large_image_width=\"343\" data-large_image_height=\"206\"href='https:\/\/www.radiopiu.net\/wordpress\/wp-content\/uploads\/2021\/09\/242671733_149947047325281_183772467880454145_n.jpg'><img loading=\"lazy\" decoding=\"async\" width=\"150\" height=\"150\" src=\"https:\/\/www.radiopiu.net\/wordpress\/wp-content\/uploads\/2021\/09\/242671733_149947047325281_183772467880454145_n-150x150.jpg\" class=\"attachment-thumbnail size-thumbnail\" alt=\"\" \/><\/a>\n\t\t\t\t<\/dt><\/dl><dl class='gallery-item'>\n\t\t\t\t<dt class='gallery-icon portrait'>\n\t\t\t\t\t<a class=\"rollover rollover-zoom dt-pswp-item\" title=\"242532121_519239455786950_8048622823296850538_n\" data-dt-img-description=\"\" data-large_image_width=\"168\" data-large_image_height=\"198\"href='https:\/\/www.radiopiu.net\/wordpress\/wp-content\/uploads\/2021\/09\/242532121_519239455786950_8048622823296850538_n.jpg'><img loading=\"lazy\" decoding=\"async\" width=\"150\" height=\"150\" src=\"https:\/\/www.radiopiu.net\/wordpress\/wp-content\/uploads\/2021\/09\/242532121_519239455786950_8048622823296850538_n-150x150.jpg\" class=\"attachment-thumbnail size-thumbnail\" alt=\"\" \/><\/a>\n\t\t\t\t<\/dt><\/dl><dl class='gallery-item'>\n\t\t\t\t<dt class='gallery-icon portrait'>\n\t\t\t\t\t<a class=\"rollover rollover-zoom dt-pswp-item\" title=\"242752029_1231140720699470_6329778704797653651_n\" data-dt-img-description=\"\" data-large_image_width=\"180\" data-large_image_height=\"206\"href='https:\/\/www.radiopiu.net\/wordpress\/wp-content\/uploads\/2021\/09\/242752029_1231140720699470_6329778704797653651_n.jpg'><img loading=\"lazy\" decoding=\"async\" width=\"150\" height=\"150\" src=\"https:\/\/www.radiopiu.net\/wordpress\/wp-content\/uploads\/2021\/09\/242752029_1231140720699470_6329778704797653651_n-150x150.jpg\" class=\"attachment-thumbnail size-thumbnail\" alt=\"\" \/><\/a>\n\t\t\t\t<\/dt><\/dl><dl class='gallery-item'>\n\t\t\t\t<dt class='gallery-icon portrait'>\n\t\t\t\t\t<a class=\"rollover rollover-zoom dt-pswp-item\" title=\"242529433_594210994943465_7794592908694399124_n\" data-dt-img-description=\"\" data-large_image_width=\"195\" data-large_image_height=\"206\"href='https:\/\/www.radiopiu.net\/wordpress\/wp-content\/uploads\/2021\/09\/242529433_594210994943465_7794592908694399124_n.jpg'><img loading=\"lazy\" decoding=\"async\" width=\"150\" height=\"150\" src=\"https:\/\/www.radiopiu.net\/wordpress\/wp-content\/uploads\/2021\/09\/242529433_594210994943465_7794592908694399124_n-150x150.jpg\" class=\"attachment-thumbnail size-thumbnail\" alt=\"\" \/><\/a>\n\t\t\t\t<\/dt><\/dl><br style=\"clear: both\" \/><dl class='gallery-item'>\n\t\t\t\t<dt class='gallery-icon landscape'>\n\t\t\t\t\t<a class=\"rollover rollover-zoom dt-pswp-item\" title=\"242588358_222339239786299_181864681991351353_n\" data-dt-img-description=\"\" data-large_image_width=\"235\" data-large_image_height=\"203\"href='https:\/\/www.radiopiu.net\/wordpress\/wp-content\/uploads\/2021\/09\/242588358_222339239786299_181864681991351353_n.jpg'><img loading=\"lazy\" decoding=\"async\" width=\"150\" height=\"150\" src=\"https:\/\/www.radiopiu.net\/wordpress\/wp-content\/uploads\/2021\/09\/242588358_222339239786299_181864681991351353_n-150x150.jpg\" class=\"attachment-thumbnail size-thumbnail\" alt=\"\" \/><\/a>\n\t\t\t\t<\/dt><\/dl><dl class='gallery-item'>\n\t\t\t\t<dt class='gallery-icon landscape'>\n\t\t\t\t\t<a class=\"rollover rollover-zoom dt-pswp-item\" title=\"242563311_403032428052848_2415816314881684318_n\" data-dt-img-description=\"\" data-large_image_width=\"262\" data-large_image_height=\"206\"href='https:\/\/www.radiopiu.net\/wordpress\/wp-content\/uploads\/2021\/09\/242563311_403032428052848_2415816314881684318_n.jpg'><img loading=\"lazy\" decoding=\"async\" width=\"150\" height=\"150\" src=\"https:\/\/www.radiopiu.net\/wordpress\/wp-content\/uploads\/2021\/09\/242563311_403032428052848_2415816314881684318_n-150x150.jpg\" class=\"attachment-thumbnail size-thumbnail\" alt=\"\" \/><\/a>\n\t\t\t\t<\/dt><\/dl><dl class='gallery-item'>\n\t\t\t\t<dt class='gallery-icon landscape'>\n\t\t\t\t\t<a class=\"rollover rollover-zoom dt-pswp-item\" title=\"242578609_351207036703419_2957182615585524958_n\" data-dt-img-description=\"\" data-large_image_width=\"226\" data-large_image_height=\"206\"href='https:\/\/www.radiopiu.net\/wordpress\/wp-content\/uploads\/2021\/09\/242578609_351207036703419_2957182615585524958_n.jpg'><img loading=\"lazy\" decoding=\"async\" width=\"150\" height=\"150\" src=\"https:\/\/www.radiopiu.net\/wordpress\/wp-content\/uploads\/2021\/09\/242578609_351207036703419_2957182615585524958_n-150x150.jpg\" class=\"attachment-thumbnail size-thumbnail\" alt=\"\" \/><\/a>\n\t\t\t\t<\/dt><\/dl><dl class='gallery-item'>\n\t\t\t\t<dt class='gallery-icon portrait'>\n\t\t\t\t\t<a class=\"rollover rollover-zoom dt-pswp-item\" title=\"242634384_282921840060472_5742680159605842931_n\" data-dt-img-description=\"\" data-large_image_width=\"160\" data-large_image_height=\"208\"href='https:\/\/www.radiopiu.net\/wordpress\/wp-content\/uploads\/2021\/09\/242634384_282921840060472_5742680159605842931_n.jpg'><img loading=\"lazy\" decoding=\"async\" width=\"150\" height=\"150\" src=\"https:\/\/www.radiopiu.net\/wordpress\/wp-content\/uploads\/2021\/09\/242634384_282921840060472_5742680159605842931_n-150x150.jpg\" class=\"attachment-thumbnail size-thumbnail\" alt=\"\" \/><\/a>\n\t\t\t\t<\/dt><\/dl><dl class='gallery-item'>\n\t\t\t\t<dt class='gallery-icon portrait'>\n\t\t\t\t\t<a class=\"rollover rollover-zoom dt-pswp-item\" title=\"242623153_1496531297374228_486835150768075590_n\" data-dt-img-description=\"\" data-large_image_width=\"157\" data-large_image_height=\"206\"href='https:\/\/www.radiopiu.net\/wordpress\/wp-content\/uploads\/2021\/09\/242623153_1496531297374228_486835150768075590_n.jpg'><img loading=\"lazy\" decoding=\"async\" width=\"150\" height=\"150\" src=\"https:\/\/www.radiopiu.net\/wordpress\/wp-content\/uploads\/2021\/09\/242623153_1496531297374228_486835150768075590_n-150x150.jpg\" class=\"attachment-thumbnail size-thumbnail\" alt=\"\" \/><\/a>\n\t\t\t\t<\/dt><\/dl><dl class='gallery-item'>\n\t\t\t\t<dt class='gallery-icon portrait'>\n\t\t\t\t\t<a class=\"rollover rollover-zoom dt-pswp-item\" title=\"242444191_1297760967326349_133164555889271283_n\" data-dt-img-description=\"\" data-large_image_width=\"159\" data-large_image_height=\"225\"href='https:\/\/www.radiopiu.net\/wordpress\/wp-content\/uploads\/2021\/09\/242444191_1297760967326349_133164555889271283_n.jpg'><img loading=\"lazy\" decoding=\"async\" width=\"150\" height=\"150\" src=\"https:\/\/www.radiopiu.net\/wordpress\/wp-content\/uploads\/2021\/09\/242444191_1297760967326349_133164555889271283_n-150x150.jpg\" class=\"attachment-thumbnail size-thumbnail\" alt=\"\" \/><\/a>\n\t\t\t\t<\/dt><\/dl><br style=\"clear: both\" \/><dl class='gallery-item'>\n\t\t\t\t<dt class='gallery-icon landscape'>\n\t\t\t\t\t<a class=\"rollover rollover-zoom dt-pswp-item\" title=\"242759352_4413716225387801_1459911231460433287_n\" data-dt-img-description=\"\" data-large_image_width=\"350\" data-large_image_height=\"202\"href='https:\/\/www.radiopiu.net\/wordpress\/wp-content\/uploads\/2021\/09\/242759352_4413716225387801_1459911231460433287_n.jpg'><img loading=\"lazy\" decoding=\"async\" width=\"150\" height=\"150\" src=\"https:\/\/www.radiopiu.net\/wordpress\/wp-content\/uploads\/2021\/09\/242759352_4413716225387801_1459911231460433287_n-150x150.jpg\" class=\"attachment-thumbnail size-thumbnail\" alt=\"\" \/><\/a>\n\t\t\t\t<\/dt><\/dl><dl class='gallery-item'>\n\t\t\t\t<dt class='gallery-icon landscape'>\n\t\t\t\t\t<a class=\"rollover rollover-zoom dt-pswp-item\" title=\"242621317_312953600634026_5610064848665340781_n\" data-dt-img-description=\"\" data-large_image_width=\"278\" data-large_image_height=\"206\"href='https:\/\/www.radiopiu.net\/wordpress\/wp-content\/uploads\/2021\/09\/242621317_312953600634026_5610064848665340781_n.jpg'><img loading=\"lazy\" decoding=\"async\" width=\"150\" height=\"150\" src=\"https:\/\/www.radiopiu.net\/wordpress\/wp-content\/uploads\/2021\/09\/242621317_312953600634026_5610064848665340781_n-150x150.jpg\" class=\"attachment-thumbnail size-thumbnail\" alt=\"\" \/><\/a>\n\t\t\t\t<\/dt><\/dl><dl class='gallery-item'>\n\t\t\t\t<dt class='gallery-icon landscape'>\n\t\t\t\t\t<a class=\"rollover rollover-zoom dt-pswp-item\" title=\"242787710_955527325317823_914354259787328041_n\" data-dt-img-description=\"\" data-large_image_width=\"296\" data-large_image_height=\"200\"href='https:\/\/www.radiopiu.net\/wordpress\/wp-content\/uploads\/2021\/09\/242787710_955527325317823_914354259787328041_n.jpg'><img loading=\"lazy\" decoding=\"async\" width=\"150\" height=\"150\" src=\"https:\/\/www.radiopiu.net\/wordpress\/wp-content\/uploads\/2021\/09\/242787710_955527325317823_914354259787328041_n-150x150.jpg\" class=\"attachment-thumbnail size-thumbnail\" alt=\"\" \/><\/a>\n\t\t\t\t<\/dt><\/dl><dl class='gallery-item'>\n\t\t\t\t<dt class='gallery-icon portrait'>\n\t\t\t\t\t<a class=\"rollover rollover-zoom dt-pswp-item\" title=\"242457098_925572961369690_2554785559292122863_n\" data-dt-img-description=\"\" data-large_image_width=\"168\" data-large_image_height=\"206\"href='https:\/\/www.radiopiu.net\/wordpress\/wp-content\/uploads\/2021\/09\/242457098_925572961369690_2554785559292122863_n.jpg'><img loading=\"lazy\" decoding=\"async\" width=\"150\" height=\"150\" src=\"https:\/\/www.radiopiu.net\/wordpress\/wp-content\/uploads\/2021\/09\/242457098_925572961369690_2554785559292122863_n-150x150.jpg\" class=\"attachment-thumbnail size-thumbnail\" alt=\"\" \/><\/a>\n\t\t\t\t<\/dt><\/dl><dl class='gallery-item'>\n\t\t\t\t<dt class='gallery-icon landscape'>\n\t\t\t\t\t<a class=\"rollover rollover-zoom dt-pswp-item\" title=\"242494471_585308322610576_1022054557204614292_n\" data-dt-img-description=\"\" data-large_image_width=\"319\" data-large_image_height=\"206\"href='https:\/\/www.radiopiu.net\/wordpress\/wp-content\/uploads\/2021\/09\/242494471_585308322610576_1022054557204614292_n.jpg'><img loading=\"lazy\" decoding=\"async\" width=\"150\" height=\"150\" src=\"https:\/\/www.radiopiu.net\/wordpress\/wp-content\/uploads\/2021\/09\/242494471_585308322610576_1022054557204614292_n-150x150.jpg\" class=\"attachment-thumbnail size-thumbnail\" alt=\"\" \/><\/a>\n\t\t\t\t<\/dt><\/dl>\n\t\t\t\t<br style='clear: both' \/>\n\t\t\t<\/div>\n\n<p>&nbsp;<\/p>\n<p>&nbsp;<\/p>\n<hr \/>\n<h3 class=\"kvgmc6g5 cxmmr5t8 oygrvhab hcukyx3x c1et5uql\"><span style=\"color: #0000ff;\">\u00a0<\/span><\/h3>\n<h3 class=\"kvgmc6g5 cxmmr5t8 oygrvhab hcukyx3x c1et5uql\"><span style=\"color: #0000ff;\">INFORMAZIONE il canale su TELEGRAM informazione di prima mano e in tempo reale. iscriviti ed aiutaci a farlo conoscere\u00a0\u00a0<\/span><\/h3>\n<p><a href=\"https:\/\/www.radiopiu.net\/wordpress\/dt_gallery\/voltago-campioni-dellagordino-nella-16-comuni\/appuntamenti-4\/\" rel=\"attachment wp-att-61958\">\u00a0<\/a><\/p>\n<p>&nbsp;<\/p>\n<p><a href=\"https:\/\/www.radiopiu.net\/wordpress\/dt_gallery\/voltago-campioni-dellagordino-nella-16-comuni\/appuntamenti-4\/\" rel=\"attachment wp-att-61958\"><img loading=\"lazy\" decoding=\"async\" class=\"wp-image-61958 size-full aligncenter\" src=\"https:\/\/www.radiopiu.net\/wordpress\/wp-content\/uploads\/2018\/09\/appuntamenti.jpeg\" alt=\"\" width=\"800\" height=\"100\" srcset=\"https:\/\/www.radiopiu.net\/wordpress\/wp-content\/uploads\/2018\/09\/appuntamenti.jpeg 800w, https:\/\/www.radiopiu.net\/wordpress\/wp-content\/uploads\/2018\/09\/appuntamenti-300x38.jpeg 300w, https:\/\/www.radiopiu.net\/wordpress\/wp-content\/uploads\/2018\/09\/appuntamenti-768x96.jpeg 768w\" sizes=\"auto, (max-width: 800px) 100vw, 800px\" \/><\/a><\/p>\n<blockquote><p>&nbsp;<\/p><\/blockquote>\n<blockquote>\n<h3>LA NUOVA INIZIATIVA DI ATTIVAMENTE AGORDINO<\/h3>\n<p><em><span style=\"color: #3d3d3d;\"><span style=\"font-family: Raleway, serif;\"><span lang=\"it-IT\">Attivit\u00e0 di fitness di gruppo con ritmi e\u00a0 movimenti della musica afro-caraibica mixati con i tradizionali dell\u2019aerobica.<\/span><\/span><\/span><\/em><\/p><\/blockquote>\n<p><strong>AGORDO<\/strong> Un corso di aerobica latina con le travolgenti danze latine, fitness al ritmo di salsa, merengue, cumbia, reggaeton e samba. Le iscrizioni sono aperte presso la segreteria della piscina e palazzetto dello sport di via Lungo Rova, telefono 0437 62406. Il corso si svolger\u00e0<span style=\"color: #3d3d3d;\"><span style=\"font-family: Raleway, serif;\"><span lang=\"it-IT\"> tutti i gioved\u00ec a partire dal 23 settembre,\u00a0 dalle 20\u00a0 alle 21 con istruttrice Ilaria Mecca.\u00a0<\/span><\/span><\/span><\/p>\n<p><a href=\"https:\/\/www.radiopiu.net\/wordpress\/giornale-radiopiu-20-settembre-2021-direttore-mirko-mezzacasa\/corso-aerobica-latina-2021\/\" rel=\"attachment wp-att-232959\"><img loading=\"lazy\" decoding=\"async\" class=\"alignnone size-medium wp-image-232959\" src=\"https:\/\/www.radiopiu.net\/wordpress\/wp-content\/uploads\/2021\/09\/CORSO-AEROBICA-LATINA-2021-300x169.jpeg\" alt=\"\" width=\"300\" height=\"169\" srcset=\"https:\/\/www.radiopiu.net\/wordpress\/wp-content\/uploads\/2021\/09\/CORSO-AEROBICA-LATINA-2021-300x169.jpeg 300w, https:\/\/www.radiopiu.net\/wordpress\/wp-content\/uploads\/2021\/09\/CORSO-AEROBICA-LATINA-2021-1024x576.jpeg 1024w, https:\/\/www.radiopiu.net\/wordpress\/wp-content\/uploads\/2021\/09\/CORSO-AEROBICA-LATINA-2021-768x432.jpeg 768w, https:\/\/www.radiopiu.net\/wordpress\/wp-content\/uploads\/2021\/09\/CORSO-AEROBICA-LATINA-2021-1536x864.jpeg 1536w, https:\/\/www.radiopiu.net\/wordpress\/wp-content\/uploads\/2021\/09\/CORSO-AEROBICA-LATINA-2021.jpeg 1600w\" sizes=\"auto, (max-width: 300px) 100vw, 300px\" \/>\u00a0<\/a><\/p>\n<p>&nbsp;<\/p>\n<p>&nbsp;<\/p>\n<p>&nbsp;<\/p>\n<hr \/>\n<blockquote>\n<h3>UNA NUOVA SEDE PER LA SPI CGIL, VENERDI L&#8217;INAUGURAZIONE<\/h3>\n<\/blockquote>\n<p><strong>FELTRE<\/strong> Domani alle 11 in piazza Parmeggiani &#8220;GESTI DI MEMORIA AZIONI DI FUTURO&#8221;, alle 10 omaggio ai partigiani di Frassen\u00e8 con lo Spi Nazionale e l&#8217;Anpi. Alle 11 inaugurazione della sede Spi Cgil in piazza Parmeggiani 15, presenti il sindaco di Feltre Paolo Perenzin, il Presidente Isbrec Paolo Salomon, il segretario generale Cgil Belluno Mauro De Carli, del Veneto, Elena Di Gregorio e il segretario nazionale Ivan Pedretti, Coordinamento della Segretaria provinciale Spi Cgil Belluno Maria Rita Gentilin<\/p>\n<p>&nbsp;<\/p>\n<hr \/>\n<blockquote>\n<h3><\/h3>\n<h3>IN BIBLIOTECA\u00a0 E IN MUSEO CON LA GIORNATA REGIONALE DELLA LETTURA<\/h3>\n<\/blockquote>\n<p><strong>LIMANA<\/strong> Domani\u00a0 a<span style=\"color: #000000;\">lle 18.30 presso la Sala Nocivelli della Biblioteca in occasione della Giornata Regionale dedicata alla Maratona di Lettura\u00a0 <\/span><span style=\"color: #000080;\">FUORI DALL&#8217;ACQUARIO <\/span>Letture dedicate all&#8217;acqua, accompagnate da aperitivo e stuzzichini, a cura di <i>Flora Rossi, Mariarosa Da Rolt, Maristella Cedronella e la Compagnia del moccolo<\/i>. Obbligo di prenotazione, per il numero limitato di posti disponibili, inviando una mail a <a class=\"moz-txt-link-abbreviated\" href=\"mailto:sbogo.limana@valbelluna.bl.it\">sbogo.limana@valbelluna.bl.it<\/a> oppure telefonando al n. 0437970868 negli orari di apertura al pubblico,<\/p>\n<p>&nbsp;<\/p>\n<hr \/>\n<div>\n<p><strong>\u00a0<\/strong><\/p>\n<p><strong>CESIOMAGGIORE<\/strong> Anche il Museo etnografico della Provincia di Belluno partecipa alla maratona di lettura de \u201cIl Veneto legge\u201d. Domani alle 20.30 sar\u00e0 proprio la villa di Seravella a ospitare un evento di lettura organizzato dalla Biblioteca Civica di Cesiomaggiore.<span class=\"gmail-Apple-converted-space\"> \u00a0<\/span>Per l\u2019occasione sono stati scelti brani del libro \u201cVenezia \u00e8 un pesce\u201d di Tiziano Scarpa. Le letture saranno a cura dei gruppi Caratteri Atipici e Fuorilegge. Musiche di Chiara Sandi, immagini di Lara Cossalter. I posti sono limitati; prenotazioni presso la biblioteca (telefono 0439 43480, mail <a href=\"mailto:biblioteca.cesio@feltrino.bl.it\">biblioteca.cesio@feltrino.bl.it<\/a>).<\/p>\n<p>&nbsp;<\/p>\n<\/div>\n<hr \/>\n<p>&nbsp;<\/p>\n<blockquote>\n<h3>GORINI AL TEATRO GIOVANNI XXIII<\/h3>\n<\/blockquote>\n<p><strong>BELLUNO\u00a0<\/strong> Filippo Gorini, domani 24 settembre alle 19 si esibir\u00e0 al Teatro Giovanni XXIII in\u00a0 una delle opere musicali pi\u00f9 celebri, celebrate e profonde della storia della musica:<em> &#8220;l&#8217;Arte della Fuga, di Johann Sebastian Bach&#8221;. Prenotazione richiesta, presso Agenzia Alpe Bellunese: tel. 0437 940407, e-mail: info@alpebellunese.it.\u00a0 Come da nuove disposizioni, obbligo di green pass\u00a0<\/em><\/p>\n<p>&nbsp;<\/p>\n<hr \/>\n<blockquote>\n<h3><\/h3>\n<h3>SABATO 25 SETTEMBRE CERIMONIA DI COMMEMORAZIONE NEL CENTENARIO DELLA VIA JORI-ZANUTTI- ANDREOLETTI<\/h3>\n<\/blockquote>\n<h3><strong style=\"font-size: 14px;\">\u00a0AGORDO<\/strong><span style=\"font-size: 14px; font-weight: normal;\">\u00a0 La Sezione Agordina del Cai con il patrocinio e la collaborazione del Comune di Taibon Agordino organizza per sabato 25 settembre\u00a0 alle\u00a0 10,30 in Valle di San Lucano presso la targa collocata nel 1981 per il sessantennale, cerimonia a ricordo del centenario della 1^ salita assoluta alla Parete Nord del Monte Agn\u00e8r condotta nei giorni 14 e 15 settembre 1921 da tre pionieri dell&#8217;Alpinismo Dolomitico, Francesco Jori, Alberto Zanutti e Arturo Andreoletti.<\/span><\/h3>\n<p>&nbsp;<\/p>\n<p>&nbsp;<\/p>\n<hr \/>\n<p>&nbsp;<\/p>\n<p>&nbsp;<\/p>\n<blockquote>\n<h3>ANCHE AGORDO VIVRA&#8217; LA SUA GIORNATA ECOLOGICA<\/h3>\n<\/blockquote>\n<p><strong>AGORDO<\/strong> sabato il Comune e il Bacino di pesca N. 5 organizzano una giornata ecologica. Ritrovo ore 14.30 presso il piazzale di Luxottica in localit\u00e0 Valcozzena. Tutto il necessario verr\u00e0 fornito dal Comune. (info. 0437\/62105).<\/p>\n<p>&nbsp;<\/p>\n<blockquote>\n<h3><\/h3>\n<\/blockquote>\n<hr \/>\n<blockquote>\n<h3><\/h3>\n<p>&nbsp;<\/p>\n<h3>A SCUOLA DI GRANDI CARNIVORI CON IL CAI DI BELLUNO<\/h3>\n<\/blockquote>\n<p><strong>BELLUNO<\/strong> La Sezione di Belluno del <span class=\"tojvnm2t a6sixzi8 abs2jz4q a8s20v7p t1p8iaqh k5wvi7nf q3lfd5jv pk4s997a bipmatt0 cebpdrjk qowsmv63 owwhemhu dp1hu0rb dhp61c6y iyyx5f41\">Club Alpino Italiano organizza nel fine settimana 9-10 ottobre, in Nevegal (BL),<\/span><span class=\"tojvnm2t a6sixzi8 abs2jz4q a8s20v7p t1p8iaqh k5wvi7nf q3lfd5jv pk4s997a bipmatt0 cebpdrjk qowsmv63 owwhemhu dp1hu0rb dhp61c6y iyyx5f41\"> un corso in ambiente sui grandi carnivori. Ospite quest&#8217;anno sar\u00e0 Paolo Molinari del Progetto Lince Italia, con la partecipazione del dott. Maurizio Dal Mas della Regione Veneto e di Davide Berton, referente nazionale del Gruppo Grandi Carnivori del CAI. <\/span>Sono previste un paio di facili escursioni, una lezione frontale e una serata aperta al pubblico. Possibilit\u00e0 di pernottamento in loco, cena di sabato inclusa nella quota. Il programma \u00e8 pubblicato sul sito del CAI BL:<a href=\"https:\/\/www.caibelluno.it\/2021\/09\/14\/un-tranquillo-week-end-da-lupi-e-c-2021\/\" target=\"_blank\" rel=\"noopener\">https:\/\/www.caibelluno.it\/2021\/09\/14\/un-tranquillo-week-end-da-lupi-e-c-2021\/<\/a><br \/>\nLe iscrizioni, gi\u00e0 aperte, si ricevono online al seguente link<a href=\"https:\/\/form.jotform.com\/EscursionismoCaiBL\/WeLupiBL2021\" target=\"_blank\" rel=\"noopener\"> https:\/\/form.jotform.com\/EscursionismoCaiBL\/WeLupiBL2021<\/a><\/p>\n<p>&nbsp;<\/p>\n<p>&nbsp;<\/p>\n<hr \/>\n<div>\n<div class=\"mkdf-post-text\">\n<div class=\"mkdf-post-text-inner\">\n<div class=\"mkdf-post-text-main\">\n<div class=\"mkdf-post-text\">\n<div class=\"mkdf-post-text-inner\">\n<div class=\"mkdf-post-text-main\">\n<div class=\"mkdf-post-text\">\n<div class=\"mkdf-post-text-inner\">\n<div class=\"mkdf-post-text-main\">\n<div class=\"page-title-head hgroup\">\n<div class=\"page-title-head hgroup\">\n<div class=\"page-title-breadcrumbs\">\n<div class=\"mkdf-post-text\">\n<div class=\"mkdf-post-text-inner\">\n<div class=\"mkdf-post-text-main\">\n<div class=\"mkdf-post-text\">\n<div class=\"mkdf-post-text-inner\">\n<div class=\"mkdf-post-text-main\">\n<div class=\"page-title-head hgroup\">\n<div class=\"page-title-head hgroup\">\n<div class=\"mkdf-post-text\">\n<div class=\"mkdf-post-text-inner\">\n<div class=\"mkdf-post-text-main\">\n<div class=\"mkdf-post-text\">\n<div class=\"mkdf-post-text-inner\">\n<div class=\"mkdf-post-text-main\">\n<div class=\"page-title-head hgroup\">\n<div class=\"page-title-head hgroup\">\n<div class=\"page-title-head hgroup\">\n<div class=\"page-title-head hgroup\">\n<div class=\"b654a4as d2edcug0\">\n<div class=\"page-title-head hgroup\">\n<div class=\"page-title-head hgroup\">\n<div class=\"mkdf-post-text\">\n<div class=\"mkdf-post-text-inner\">\n<div class=\"mkdf-post-text-main\">\n<div class=\"mkdf-post-text\">\n<div class=\"mkdf-post-text-inner\">\n<div class=\"mkdf-post-text-main\">\n<div class=\"mkdf-post-text\">\n<div class=\"mkdf-post-text-inner\">\n<div class=\"mkdf-post-text-main\">\n<div class=\"page-title-head hgroup\">\n<div class=\"page-title-head hgroup\">\n<div class=\"mkdf-post-text\">\n<div class=\"mkdf-post-text-inner\">\n<div class=\"mkdf-post-text-main\">\n<div class=\"mkdf-post-text\">\n<div class=\"mkdf-post-text-inner\">\n<div class=\"mkdf-post-text-main\">\n<div class=\"page-title-head hgroup\">\n<div class=\"page-title-head hgroup\">\n<div class=\"page-title-head hgroup\">\n<div class=\"page-title-head hgroup\">\n<div class=\"b654a4as d2edcug0\">\n<div class=\"page-title-head hgroup\">\n<div class=\"page-title-head hgroup\">\n<div class=\"page-title-head hgroup\">\n<div class=\"page-title-head hgroup\">\n<div class=\"b654a4as d2edcug0\">\n<div>\n<div class=\"mkdf-post-text\">\n<div class=\"mkdf-post-text-inner\">\n<div class=\"mkdf-post-text-main\">\n<div class=\"mkdf-post-text\">\n<div class=\"mkdf-post-text-inner\">\n<div class=\"mkdf-post-text-main\">\n<div class=\"mkdf-post-text\">\n<div class=\"mkdf-post-text-inner\">\n<div class=\"mkdf-post-text-main\">\n<div class=\"page-title-head hgroup\">\n<div class=\"page-title-head hgroup\">\n<div class=\"page-title-breadcrumbs\">\n<div class=\"mkdf-post-text\">\n<div class=\"mkdf-post-text-inner\">\n<div class=\"mkdf-post-text-main\">\n<div class=\"mkdf-post-text\">\n<div class=\"mkdf-post-text-inner\">\n<div class=\"mkdf-post-text-main\">\n<div class=\"page-title-head hgroup\">\n<div class=\"page-title-head hgroup\">\n<div class=\"mkdf-post-text\">\n<div class=\"mkdf-post-text-inner\">\n<div class=\"mkdf-post-text-main\">\n<div class=\"mkdf-post-text\">\n<div class=\"mkdf-post-text-inner\">\n<div class=\"mkdf-post-text-main\">\n<div class=\"page-title-head hgroup\">\n<div class=\"page-title-head hgroup\">\n<div class=\"page-title-head hgroup\">\n<div class=\"page-title-head hgroup\">\n<div class=\"b654a4as d2edcug0\">\n<div>\n<div class=\"b654a4as d2edcug0\">\n<div class=\"rq0escxv hkbzh7o3 jwdofwj8 n8tt0mok r8blr3vg hyh9befq\">\n<p><a class=\"dt-pswp-item\" href=\"https:\/\/www.radiopiu.net\/wordpress\/wp-content\/uploads\/2020\/10\/pp.jpg\" data-dt-img-description=\"\" data-large_image_width=\"640\" data-large_image_height=\"640\"><img loading=\"lazy\" decoding=\"async\" class=\"wp-image-163678 alignleft\" src=\"https:\/\/www.radiopiu.net\/wordpress\/wp-content\/uploads\/2020\/10\/pp-300x300.jpg\" alt=\"\" width=\"106\" height=\"106\" srcset=\"https:\/\/www.radiopiu.net\/wordpress\/wp-content\/uploads\/2020\/10\/pp-300x300.jpg 300w, https:\/\/www.radiopiu.net\/wordpress\/wp-content\/uploads\/2020\/10\/pp-150x150.jpg 150w, https:\/\/www.radiopiu.net\/wordpress\/wp-content\/uploads\/2020\/10\/pp-125x125.jpg 125w, https:\/\/www.radiopiu.net\/wordpress\/wp-content\/uploads\/2020\/10\/pp-200x200.jpg 200w, https:\/\/www.radiopiu.net\/wordpress\/wp-content\/uploads\/2020\/10\/pp-80x80.jpg 80w, https:\/\/www.radiopiu.net\/wordpress\/wp-content\/uploads\/2020\/10\/pp-480x480.jpg 480w, https:\/\/www.radiopiu.net\/wordpress\/wp-content\/uploads\/2020\/10\/pp.jpg 640w\" sizes=\"auto, (max-width: 106px) 100vw, 106px\" \/><\/a><\/p>\n<\/div>\n<\/div>\n<\/div>\n<div>\n<div class=\"page-title-head hgroup\">\n<div class=\"page-title-head hgroup\">\n<div class=\"b654a4as d2edcug0\">\n<div class=\"j83agx80 btwxx1t3 lhclo0ds hop8lmos nkwizq5d scwd0bx6 roh60bw9\">\n<div class=\"rq0escxv hkbzh7o3 jwdofwj8 n8tt0mok r8blr3vg hyh9befq\">\n<div class=\"do00u71z l9j0dhe7 k4urcfbm\">\n<h2><span style=\"color: #000080;\">DON CESARE, IL PENSIERO DEL GIORNO. ALLA RADIO ALLE 7 DEL MATTINO E ALLE 19.30 DELLA SERA.\u00a0\u00a0<\/span><\/h2>\n<\/div>\n<\/div>\n<\/div>\n<\/div>\n<\/div>\n<div class=\"page-title-head hgroup\"><\/div>\n<div><\/div>\n<div><\/div>\n<div>\n<audio class=\"wp-audio-shortcode\" id=\"audio-233246-8\" preload=\"none\" style=\"width: 100%;\" controls=\"controls\"><source type=\"audio\/mpeg\" src=\"https:\/\/www.radiopiu.net\/wordpress\/wp-content\/uploads\/2021\/09\/CESARE-12.mp3?_=8\" \/><a href=\"https:\/\/www.radiopiu.net\/wordpress\/wp-content\/uploads\/2021\/09\/CESARE-12.mp3\">https:\/\/www.radiopiu.net\/wordpress\/wp-content\/uploads\/2021\/09\/CESARE-12.mp3<\/a><\/audio>\n<p>&nbsp;<\/p>\n<p>&nbsp;<\/p>\n<p>&nbsp;<\/p>\n<\/div>\n<div>\n<hr \/>\n<\/div>\n<div><\/div>\n<div><\/div>\n<div><\/div>\n<div>\n<div class=\"page-title-head hgroup\">\n<blockquote>\n<h3 class=\"entry-title\">\u00a0LOTTERIA CELARDA TRA STORIA E NATURA. I BIGLIETTI VINCENTI<\/h3>\n<\/blockquote>\n<\/div>\n<div class=\"page-title-breadcrumbs\"><\/div>\n<\/div>\n<div>\n<h3><img loading=\"lazy\" decoding=\"async\" class=\"alignleft\" src=\"https:\/\/www.radiopiu.net\/wordpress\/wp-content\/uploads\/2021\/09\/luck-152048__340.png\" width=\"87\" height=\"95\" \/><\/h3>\n<blockquote>\n<h3>Per ritiro premi contattare Daniela Manfroi 335\/340487<\/h3>\n<\/blockquote>\n<p>&nbsp;<\/p>\n<p>&nbsp;<\/p>\n<p>&nbsp;<\/p>\n<a href=\"https:\/\/www.radiopiu.net\/wordpress\/wp-content\/uploads\/2021\/09\/elenco_premi_estratti2021-carta-intestata-1.pdf\" class=\"pdfemb-viewer\" style=\"\" data-width=\"max\" data-height=\"max\" data-toolbar=\"top\" data-toolbar-fixed=\"on\">elenco_premi_estratti2021 carta intestata-1<\/a>\n<p>&nbsp;<\/p>\n<\/div>\n<div><\/div>\n<\/div>\n<\/div>\n<\/div>\n<\/div>\n<\/div>\n<\/div>\n<\/div>\n<\/div>\n<\/div>\n<\/div>\n<\/div>\n<\/div>\n<\/div>\n<\/div>\n<\/div>\n<\/div>\n<\/div>\n<\/div>\n<\/div>\n<\/div>\n<\/div>\n<\/div>\n<\/div>\n<\/div>\n<\/div>\n<\/div>\n<\/div>\n<\/div>\n<\/div>\n<\/div>\n<\/div>\n<\/div>\n<\/div>\n<\/div>\n<div>\n<p><b>\u00a0 \u00a0<\/b><\/p>\n<p>&nbsp;<\/p>\n<p>&nbsp;<\/p>\n<hr \/>\n<p>&nbsp;<\/p>\n<blockquote>\n<h3><a href=\"https:\/\/www.radiopiu.net\/wordpress\/giornale-radiopiu-23-settembre-2021-direttore-mirko-mezzacasa\/d8ca816b-e142-4570-bb5f-0241692b77e2\/\" rel=\"attachment wp-att-233369\"><img loading=\"lazy\" decoding=\"async\" class=\"size-medium wp-image-233369 alignleft\" src=\"https:\/\/www.radiopiu.net\/wordpress\/wp-content\/uploads\/2021\/09\/d8ca816b-e142-4570-bb5f-0241692b77e2-300x169.jpg\" alt=\"\" width=\"300\" height=\"169\" srcset=\"https:\/\/www.radiopiu.net\/wordpress\/wp-content\/uploads\/2021\/09\/d8ca816b-e142-4570-bb5f-0241692b77e2-300x169.jpg 300w, https:\/\/www.radiopiu.net\/wordpress\/wp-content\/uploads\/2021\/09\/d8ca816b-e142-4570-bb5f-0241692b77e2-1024x576.jpg 1024w, https:\/\/www.radiopiu.net\/wordpress\/wp-content\/uploads\/2021\/09\/d8ca816b-e142-4570-bb5f-0241692b77e2-768x432.jpg 768w, https:\/\/www.radiopiu.net\/wordpress\/wp-content\/uploads\/2021\/09\/d8ca816b-e142-4570-bb5f-0241692b77e2-1536x864.jpg 1536w, https:\/\/www.radiopiu.net\/wordpress\/wp-content\/uploads\/2021\/09\/d8ca816b-e142-4570-bb5f-0241692b77e2.jpg 1599w\" sizes=\"auto, (max-width: 300px) 100vw, 300px\" \/><\/a>EQUINOZIO D&#8217;AUTUNNO<\/h3>\n<p><strong>di JOHN FRANCIS DELLA PIETRA<\/strong><\/p><\/blockquote>\n<p>Equinozio d autunno<\/p>\n<p>Fra poco il sole entra in bilancia<br \/>\nDando ufficialmente l avvio<br \/>\nA questa nuova meravigliosa stagione<br \/>\nIl giorno e la notte<br \/>\nSi scambiano per un attimo l abbraccio temporale<br \/>\nCome novelli sposi<br \/>\nS\u00ec \u00e8 un momento peculiare<br \/>\nGi\u00e0 da stamattina s intuiva questo divenire<br \/>\nLa temperatura estiva<br \/>\nCedeva il passo a quella autunnale<br \/>\nIl cielo volgeva al grigio<br \/>\nQuasi a dimostrare l avvenire del passaggio stagionale<br \/>\nSiamo impreparati al cambio climatico<br \/>\nC interroghiamo su cosa succeder\u00e0<br \/>\nMa la giornata trascorre senza segnali di nota<br \/>\nNessun segno sino al suo terminare<br \/>\nPoi d improvviso<br \/>\nIl cielo si schiarisce<br \/>\nE l ultimo raggio di sole<br \/>\nLaggi\u00f9 mentre cala ad ovest<br \/>\nFa il suo meraviglioso auspicio<br \/>\nIlluminando la maestosa parete dolomitica<br \/>\nDel civetta<br \/>\nUn cromatismo unico<br \/>\nLa roccia si dipinge<br \/>\nDei colori dei tramonti pi\u00f9 belli<br \/>\nRosa arancio giallo oro<br \/>\nColpiscono all unisuono<br \/>\nI nostri occhi il nostro cuore<br \/>\nI pensieri per un attimo<br \/>\nSi fermano immobili<br \/>\nAd assaporare tale meraviglia<br \/>\nLa bellezza pi\u00f9 assoluta<br \/>\nTravolge il nostro animo<br \/>\nPoi il sorriso della natura<br \/>\nSi riflette sul nostro viso<br \/>\nLa gioia prorompe e dilaga nello spirito<br \/>\nNell accogliere a braccia aperte<br \/>\nPregni di speranza<br \/>\nL Autunno<br \/>\nBenvenuto<\/p>\n<p>&nbsp;<\/p>\n<\/div>\n<\/div>\n<\/div>\n<\/div>\n<\/div>\n<\/div>\n<\/div>\n<\/div>\n<\/div>\n<\/div>\n<\/div>\n<\/div>\n<\/div>\n<\/div>\n<\/div>\n<\/div>\n<\/div>\n<\/div>\n<\/div>\n<\/div>\n<\/div>\n<\/div>\n<\/div>\n<\/div>\n<\/div>\n<\/div>\n<\/div>\n<\/div>\n<\/div>\n<\/div>\n<\/div>\n<\/div>\n<\/div>\n<\/div>\n<\/div>\n<\/div>\n<\/div>\n<\/div>\n<\/div>\n<\/div>\n<\/div>\n<\/div>\n<\/div>\n<\/div>\n<\/div>\n<\/div>\n<\/div>\n<\/div>\n<\/div>\n<\/div>\n<\/div>\n<\/div>\n<\/div>\n<\/div>\n<\/div>\n<\/div>\n<\/div>\n<\/div>\n<\/div>\n<\/div>\n<\/div>\n<\/div>\n<div>\n<hr \/>\n<div>\n<h3 class=\"kvgmc6g5 cxmmr5t8 oygrvhab hcukyx3x c1et5uql\"><span style=\"color: #0000ff;\">INFORMAZIONE il canale su TELEGRAM informazione di prima mano e in tempo reale. iscriviti ed aiutaci a farlo conoscere\u00a0\u00a0<\/span><\/h3>\n<\/div>\n<div>\n<div class=\"page-title-head hgroup\">\n<div class=\"page-title-head hgroup\">\n<div class=\"page-title-head hgroup\">\n<div class=\"page-title-head hgroup\">\n<div class=\"page-title-head hgroup\">\n<p><strong>LA RASSEGNA STAMPA DA L&#8217;AMICO DEL POPOLO ALLA RADIO IL SABATO ALLE 10.30 E ALLE 19, LA DOMENICA ALLE 12.30<\/strong><\/p>\n<p><strong>LA RACCOLTA COMPLETA<\/strong><\/p>\n<\/div>\n<\/div>\n<\/div>\n<\/div>\n<\/div>\n<\/div>\n<div>\n<div class=\"page-title-head hgroup\">\n<div class=\"page-title-head hgroup\">\n<div class=\"page-title-head hgroup\">\n<div class=\"page-title-head hgroup\">\n<div class=\"b654a4as d2edcug0\">\n<div class=\"page-title-head hgroup\">\n<div class=\"page-title-head hgroup\">\n<div class=\"page-title-head hgroup\">\n<div class=\"page-title-head hgroup\">\n<div class=\"b654a4as d2edcug0\">\n<div>\n<blockquote class=\"wp-embedded-content\" data-secret=\"pFVXPJyxHG\"><p><a href=\"https:\/\/www.radiopiu.net\/wordpress\/rassegna-stampa-di-gianni-santomaso\/\">Rassegna stampa da l&#8217;amico del popolo &#8211; di Gianni Santomaso<\/a><\/p><\/blockquote>\n<p><iframe loading=\"lazy\" class=\"wp-embedded-content\" sandbox=\"allow-scripts\" security=\"restricted\" style=\"position: absolute; clip: rect(1px, 1px, 1px, 1px);\" title=\"&#8220;Rassegna stampa da l&#8217;amico del popolo &#8211; di Gianni Santomaso&#8221; &#8212; Radio Pi\u00f9\" src=\"https:\/\/www.radiopiu.net\/wordpress\/rassegna-stampa-di-gianni-santomaso\/embed\/#?secret=pFVXPJyxHG\" data-secret=\"pFVXPJyxHG\" width=\"600\" height=\"338\" frameborder=\"0\" marginwidth=\"0\" marginheight=\"0\" scrolling=\"no\"><\/iframe><\/p>\n<p>&nbsp;<\/p>\n<p>&nbsp;<\/p>\n<\/div>\n<div>\n<div class=\"page-title-head hgroup\">\n<div class=\"page-title-head hgroup\">\n<div class=\"page-title-head hgroup\">\n<div>\n<div class=\"b654a4as d2edcug0\">\n<div class=\"rq0escxv hkbzh7o3 jwdofwj8 n8tt0mok r8blr3vg hyh9befq\">\n<hr \/>\n<\/div>\n<\/div>\n<\/div>\n<div>\n<div class=\"page-title-head hgroup\">\n<div class=\"page-title-head hgroup\">\n<div class=\"b654a4as d2edcug0\">\n<p><strong>\u00a0<\/strong><\/p>\n<p><strong>\u00a0L&#8217;ALMANACCO LADINO ALLA RADIO OGNI 15 GIORNI\u00a0 IL LUNEDI 830 MARTEDI 13.30 MERCOLEDI 1830 E DOMENICA ALLE 9<\/strong><\/p>\n<p><strong>RACCOLTA COMPLETA\u00a0 \u00a0<\/strong><\/p>\n<blockquote class=\"wp-embedded-content\" data-secret=\"JwhMYKKIny\"><p><a href=\"https:\/\/www.radiopiu.net\/wordpress\/almanacco-ladino\/\">Almanacco Ladino<\/a><\/p><\/blockquote>\n<p><iframe loading=\"lazy\" class=\"wp-embedded-content\" sandbox=\"allow-scripts\" security=\"restricted\" style=\"position: absolute; clip: rect(1px, 1px, 1px, 1px);\" title=\"&#8220;Almanacco Ladino&#8221; &#8212; Radio Pi\u00f9\" src=\"https:\/\/www.radiopiu.net\/wordpress\/almanacco-ladino\/embed\/#?secret=JwhMYKKIny\" data-secret=\"JwhMYKKIny\" width=\"600\" height=\"338\" frameborder=\"0\" marginwidth=\"0\" marginheight=\"0\" scrolling=\"no\"><\/iframe><\/p>\n<\/div>\n<div>\n<p>&nbsp;<\/p>\n<hr \/>\n<p><strong>\u00a0\u00a0<\/strong><\/p>\n<p><strong>DUE MINUTI UN LIBRO, TUTTI I GIORNI ALLA RADIO ALLE 9.40 E ALLE 17.50<\/strong><\/p>\n<p><strong>LA RACCOLTA COMPLETA\u00a0\u00a0<\/strong><\/p>\n<\/div>\n<div>\n<blockquote class=\"wp-embedded-content\" data-secret=\"pESJgoozZM\"><p><a href=\"https:\/\/www.radiopiu.net\/wordpress\/due-minuti-un-libro\/\">Due minuti un libro<\/a><\/p><\/blockquote>\n<p><iframe loading=\"lazy\" class=\"wp-embedded-content\" sandbox=\"allow-scripts\" security=\"restricted\" style=\"position: absolute; clip: rect(1px, 1px, 1px, 1px);\" title=\"&#8220;Due minuti un libro&#8221; &#8212; Radio Pi\u00f9\" src=\"https:\/\/www.radiopiu.net\/wordpress\/due-minuti-un-libro\/embed\/#?secret=pESJgoozZM\" data-secret=\"pESJgoozZM\" width=\"600\" height=\"338\" frameborder=\"0\" marginwidth=\"0\" marginheight=\"0\" scrolling=\"no\"><\/iframe><\/p>\n<p>&nbsp;<\/p>\n<p>&nbsp;<\/p>\n<blockquote><p>&nbsp;<\/p>\n<p><strong>IL LUNEDI ALLE 13 E ALLE 20, LA DOMENICA ALLE 10.30: SALUTE E SOCIETA&#8217; CON IL DOTTOR MARCO CARACCIOLO<\/strong><\/p><\/blockquote>\n<blockquote>\n<h3>LA RACCOLTA COMPLETA<\/h3>\n<blockquote class=\"wp-embedded-content\" data-secret=\"YqZdjHjbYN\"><p><a href=\"https:\/\/www.radiopiu.net\/wordpress\/saluteesocieta\/\">Salute e Societ\u00e0<\/a><\/p><\/blockquote>\n<p><iframe loading=\"lazy\" class=\"wp-embedded-content\" sandbox=\"allow-scripts\" security=\"restricted\" style=\"position: absolute; clip: rect(1px, 1px, 1px, 1px);\" title=\"&#8220;Salute e Societ\u00e0&#8221; &#8212; Radio Pi\u00f9\" src=\"https:\/\/www.radiopiu.net\/wordpress\/saluteesocieta\/embed\/#?secret=YqZdjHjbYN\" data-secret=\"YqZdjHjbYN\" width=\"600\" height=\"338\" frameborder=\"0\" marginwidth=\"0\" marginheight=\"0\" scrolling=\"no\"><\/iframe><\/p>\n<p>&nbsp;<\/p><\/blockquote>\n<hr \/>\n<p>&nbsp;<\/p>\n<p>&nbsp;<\/p>\n<p><strong>I RACCONTI DI PAOLO SOPPELSA, ALLA RADIO IL LUNEDI ALLE 9.30 E ALLE 18.30\u00a0<\/strong><\/p>\n<blockquote class=\"wp-embedded-content\" data-secret=\"HRUPieMuSg\"><p><a href=\"https:\/\/www.radiopiu.net\/wordpress\/i-racconti-di-paolo-soppelsa\/\">I racconti di Paolo Soppelsa<\/a><\/p><\/blockquote>\n<p><iframe loading=\"lazy\" class=\"wp-embedded-content\" sandbox=\"allow-scripts\" security=\"restricted\" style=\"position: absolute; clip: rect(1px, 1px, 1px, 1px);\" title=\"&#8220;I racconti di Paolo Soppelsa&#8221; &#8212; Radio Pi\u00f9\" src=\"https:\/\/www.radiopiu.net\/wordpress\/i-racconti-di-paolo-soppelsa\/embed\/#?secret=HRUPieMuSg\" data-secret=\"HRUPieMuSg\" width=\"600\" height=\"338\" frameborder=\"0\" marginwidth=\"0\" marginheight=\"0\" scrolling=\"no\"><\/iframe><\/p>\n<hr \/>\n<p>&nbsp;<\/p>\n<p><strong>GIROVAGANDO IN E BIKE TRA LE DOLOMITI CON THOMAS SOPPERA IL LUNEDI ALLE 9 E ALLE 18,30<\/strong><\/p>\n<blockquote class=\"wp-embedded-content\" data-secret=\"kOa1IQUyLm\"><p><a href=\"https:\/\/www.radiopiu.net\/wordpress\/girovagando-in-e-bike-tra-le-dolomiti\/\">GIROVAGANDO IN E BIKE TRA LE DOLOMITI<\/a><\/p><\/blockquote>\n<p><iframe loading=\"lazy\" class=\"wp-embedded-content\" sandbox=\"allow-scripts\" security=\"restricted\" style=\"position: absolute; clip: rect(1px, 1px, 1px, 1px);\" title=\"&#8220;GIROVAGANDO IN E BIKE TRA LE DOLOMITI&#8221; &#8212; Radio Pi\u00f9\" src=\"https:\/\/www.radiopiu.net\/wordpress\/girovagando-in-e-bike-tra-le-dolomiti\/embed\/#?secret=kOa1IQUyLm\" data-secret=\"kOa1IQUyLm\" width=\"600\" height=\"338\" frameborder=\"0\" marginwidth=\"0\" marginheight=\"0\" scrolling=\"no\"><\/iframe><\/p>\n<p>&nbsp;<\/p>\n<p>&nbsp;<\/p>\n<\/div>\n<hr \/>\n<p>&nbsp;<\/p>\n<div class=\"mkdf-post-text\">\n<div class=\"mkdf-post-text-inner\">\n<div class=\"mkdf-post-text-main\">\n<div class=\"mkdf-post-text\">\n<div class=\"mkdf-post-text-inner\">\n<div class=\"mkdf-post-text-main\">\n<div class=\"mkdf-post-text\">\n<div class=\"mkdf-post-text-inner\">\n<div class=\"mkdf-post-text-main\">\n<div class=\"page-title-head hgroup\">\n<div class=\"page-title-head hgroup\">\n<div class=\"mkdf-post-text\">\n<div class=\"mkdf-post-text-inner\">\n<div class=\"mkdf-post-text-main\">\n<div class=\"mkdf-post-text\">\n<div class=\"mkdf-post-text-inner\">\n<div class=\"mkdf-post-text-main\">\n<div>\n<div class=\"page-title-head hgroup\">\n<div class=\"page-title-head hgroup\">\n<div class=\"page-title-head hgroup\">\n<div class=\"page-title-head hgroup\">\n<div class=\"b654a4as d2edcug0\">\n<div class=\"page-title-head hgroup\">\n<div class=\"page-title-head hgroup\">\n<div class=\"page-title-head hgroup\">\n<div class=\"page-title-head hgroup\">\n<div class=\"b654a4as d2edcug0\">\n<div>\n<div>\n<div>\n<div>\n<div class=\"page-title-head hgroup\">\n<div class=\"page-title-head hgroup\">\n<div class=\"page-title-head hgroup\">\n<div class=\"page-title-head hgroup\">\n<div class=\"b654a4as d2edcug0\">\n<div class=\"page-title-head hgroup\">\n<div class=\"page-title-head hgroup\">\n<div class=\"page-title-head hgroup\">\n<div class=\"page-title-head hgroup\">\n<div class=\"b654a4as d2edcug0\">\n<div>\n<div class=\"page-title-head hgroup\">\n<div class=\"page-title-head hgroup\">\n<div class=\"page-title-head hgroup\">\n<div>\n<div class=\"page-title-head hgroup\">\n<div class=\"page-title-head hgroup\">\n<div class=\"page-title-head hgroup\">\n<p>&nbsp;<\/p>\n<p><a href=\"https:\/\/www.radiopiu.net\/wordpress\/giornale-radiopiu-26-settembre-2018-direttore-mirko-mezzacasa\/viabilita-2\/\" rel=\"attachment wp-att-61954\"><img loading=\"lazy\" decoding=\"async\" class=\"wp-image-61954 size-full aligncenter\" src=\"https:\/\/www.radiopiu.net\/wordpress\/wp-content\/uploads\/2018\/09\/viabilita.jpeg\" alt=\"\" width=\"800\" height=\"100\" srcset=\"https:\/\/www.radiopiu.net\/wordpress\/wp-content\/uploads\/2018\/09\/viabilita.jpeg 800w, https:\/\/www.radiopiu.net\/wordpress\/wp-content\/uploads\/2018\/09\/viabilita-300x38.jpeg 300w, https:\/\/www.radiopiu.net\/wordpress\/wp-content\/uploads\/2018\/09\/viabilita-768x96.jpeg 768w\" sizes=\"auto, (max-width: 800px) 100vw, 800px\" \/><\/a><\/p>\n<blockquote><p><a href=\"https:\/\/www.radiopiu.net\/wordpress\/giornale-radiopiu-09-agosto-2018-direttore-mirko-mezzacasa\/viabilia\/\" rel=\"attachment wp-att-57053\"><img loading=\"lazy\" decoding=\"async\" class=\" wp-image-57053 alignleft\" src=\"https:\/\/www.radiopiu.net\/wordpress\/wp-content\/uploads\/2018\/08\/VIABILIA-300x180.jpeg\" alt=\"\" width=\"220\" height=\"132\" srcset=\"https:\/\/www.radiopiu.net\/wordpress\/wp-content\/uploads\/2018\/08\/VIABILIA-300x180.jpeg 300w, https:\/\/www.radiopiu.net\/wordpress\/wp-content\/uploads\/2018\/08\/VIABILIA-768x461.jpeg 768w, https:\/\/www.radiopiu.net\/wordpress\/wp-content\/uploads\/2018\/08\/VIABILIA-1024x614.jpeg 1024w, https:\/\/www.radiopiu.net\/wordpress\/wp-content\/uploads\/2018\/08\/VIABILIA.jpeg 1280w\" sizes=\"auto, (max-width: 220px) 100vw, 220px\" \/><\/a><\/p><\/blockquote>\n<\/div>\n<\/div>\n<\/div>\n<\/div>\n<\/div>\n<\/div>\n<\/div>\n<\/div>\n<div>\n<div>\n<div class=\"page-title-head hgroup\">\n<div class=\"page-title-head hgroup\">\n<div class=\"page-title-head hgroup\">\n<div class=\"page-title-head hgroup\">\n<div class=\"page-title-head hgroup\">\n<div class=\"page-title-head hgroup\">\n<blockquote><p>La viabilit\u00e0 con gli ultimi aggiornamenti<\/p><\/blockquote>\n<\/div>\n<\/div>\n<\/div>\n<\/div>\n<\/div>\n<\/div>\n<\/div>\n<div><\/div>\n<div>\n<audio class=\"wp-audio-shortcode\" id=\"audio-233246-9\" preload=\"none\" style=\"width: 100%;\" controls=\"controls\"><source type=\"audio\/mpeg\" src=\"https:\/\/www.radiopiu.net\/wordpress\/wp-content\/uploads\/2021\/09\/VIABILITA-1.mp3?_=9\" \/><a href=\"https:\/\/www.radiopiu.net\/wordpress\/wp-content\/uploads\/2021\/09\/VIABILITA-1.mp3\">https:\/\/www.radiopiu.net\/wordpress\/wp-content\/uploads\/2021\/09\/VIABILITA-1.mp3<\/a><\/audio>\n<\/div>\n<div>\n<div><\/div>\n<\/div>\n<\/div>\n<\/div>\n<\/div>\n<\/div>\n<\/div>\n<\/div>\n<\/div>\n<\/div>\n<\/div>\n<\/div>\n<\/div>\n<\/div>\n<div>\n<div class=\"page-title-head hgroup\">\n<div class=\"page-title-head hgroup\">\n<div class=\"page-title-head hgroup\">\n<div class=\"page-title-head hgroup\">\n<div class=\"b654a4as d2edcug0\">\n<div>\n<div class=\"page-title-head hgroup\" style=\"text-align: left;\"><\/div>\n<div><\/div>\n<div>\n<hr \/>\n<\/div>\n<div><\/div>\n<h4><span style=\"color: #ff0000;\">MUSICA ALLA RADIO<\/span><\/h4>\n<div><a href=\"https:\/\/www.radiopiu.net\/wordpress\/giornale-radiopiu-20-settembre-2021-direttore-mirko-mezzacasa\/pp-79\/\" rel=\"attachment wp-att-232921\"><img loading=\"lazy\" decoding=\"async\" class=\"wp-image-232921 alignleft\" src=\"https:\/\/www.radiopiu.net\/wordpress\/wp-content\/uploads\/2021\/09\/pp-1-300x300.jpg\" alt=\"\" width=\"135\" height=\"135\" srcset=\"https:\/\/www.radiopiu.net\/wordpress\/wp-content\/uploads\/2021\/09\/pp-1-300x300.jpg 300w, https:\/\/www.radiopiu.net\/wordpress\/wp-content\/uploads\/2021\/09\/pp-1-150x150.jpg 150w, https:\/\/www.radiopiu.net\/wordpress\/wp-content\/uploads\/2021\/09\/pp-1.jpg 640w\" sizes=\"auto, (max-width: 135px) 100vw, 135px\" \/><\/a><\/div>\n<div><\/div>\n<div><\/div>\n<div><strong>MUSICA ALLA RADIO, IL PROGRAMMA DI LORIS SCUSSEL &#8220;COLLAGE OPERAZIONE NOSTALGIA&#8221; DAL LUNEDI AL VENERDI ALLE 16.00\u00a0 E ALLE 23\u00a0<\/strong><br \/>\n<strong>PUNTATA 438<\/strong><audio class=\"wp-audio-shortcode\" id=\"audio-233246-10\" preload=\"none\" style=\"width: 100%;\" controls=\"controls\"><source type=\"audio\/mpeg\" src=\"https:\/\/www.radiopiu.net\/wordpress\/wp-content\/uploads\/2021\/09\/Collage-438.mp3?_=10\" \/><a href=\"https:\/\/www.radiopiu.net\/wordpress\/wp-content\/uploads\/2021\/09\/Collage-438.mp3\">https:\/\/www.radiopiu.net\/wordpress\/wp-content\/uploads\/2021\/09\/Collage-438.mp3<\/a><\/audio>\n<p><strong>\u00a0<\/strong><\/p>\n<\/div>\n<div><\/div>\n<\/div>\n<\/div>\n<\/div>\n<\/div>\n<\/div>\n<\/div>\n<\/div>\n<\/div>\n<\/div>\n<\/div>\n<div>\n<div>\n<div class=\"page-title-head hgroup\">\n<div class=\"page-title-head hgroup\">\n<div class=\"page-title-head hgroup\">\n<div class=\"page-title-head hgroup\">\n<div class=\"b654a4as d2edcug0\">\n<div class=\"page-title-head hgroup\">\n<div class=\"page-title-head hgroup\">\n<div class=\"page-title-head hgroup\">\n<div class=\"page-title-head hgroup\">\n<div class=\"b654a4as d2edcug0\">\n<div>\n<div class=\"page-title-head hgroup\">\n<div class=\"page-title-head hgroup\">\n<div class=\"page-title-head hgroup\">\n<div class=\"page-title-head hgroup\">\n<div><\/div>\n<\/div>\n<\/div>\n<\/div>\n<\/div>\n<\/div>\n<\/div>\n<\/div>\n<\/div>\n<\/div>\n<\/div>\n<\/div>\n<\/div>\n<\/div>\n<\/div>\n<\/div>\n<\/div>\n<\/div>\n<\/div>\n<\/div>\n<\/div>\n<\/div>\n<\/div>\n<\/div>\n<\/div>\n<\/div>\n<\/div>\n<\/div>\n<\/div>\n<\/div>\n<\/div>\n<\/div>\n<\/div>\n<\/div>\n<\/div>\n<\/div>\n<\/div>\n<\/div>\n<\/div>\n<\/div>\n<\/div>\n<\/div>\n<\/div>\n<\/div>\n<\/div>\n<\/div>\n<\/div>\n<\/div>\n<\/div>\n<\/div>\n<\/div>\n<\/div>\n<\/div>\n<\/div>\n<\/div>\n<\/div>\n<\/div>\n<\/div>\n<\/div>\n<\/div>\n<\/div>\n<\/div>\n<\/div>\n<\/div>\n<\/div>\n<div>\n<div class=\"page-title-head hgroup\">\n<div class=\"page-title-head hgroup\">\n<div class=\"page-title-head hgroup\">\n<div class=\"page-title-head hgroup\">\n<div class=\"b654a4as d2edcug0\">\n<div class=\"page-title-head hgroup\">\n<div class=\"page-title-head hgroup\">\n<div class=\"page-title-head hgroup\">\n<div class=\"page-title-head hgroup\">\n<div class=\"b654a4as d2edcug0\">\n<div class=\"page-title-head hgroup\">\n<div class=\"page-title-head hgroup\">\n<div class=\"page-title-head hgroup\">\n<div class=\"page-title-head hgroup\">\n<div class=\"page-title-head hgroup\">\n<div class=\"mkdf-post-text\">\n<div class=\"mkdf-post-text-inner\">\n<div class=\"mkdf-post-text-main\">\n<div class=\"mkdf-post-text\">\n<div class=\"mkdf-post-text-inner\">\n<div class=\"mkdf-post-text-main\">\n<div class=\"mkdf-post-text\">\n<div class=\"mkdf-post-text-inner\">\n<div class=\"mkdf-post-text-main\">\n<div class=\"page-title-head hgroup\">\n<div class=\"page-title-head hgroup\">\n<div class=\"mkdf-post-text\">\n<div class=\"mkdf-post-text-inner\">\n<div class=\"mkdf-post-text-main\">\n<div class=\"mkdf-post-text\">\n<div class=\"mkdf-post-text-inner\">\n<div class=\"mkdf-post-text-main\">\n<div>\n<div class=\"page-title-head hgroup\">\n<div class=\"page-title-head hgroup\">\n<div class=\"page-title-head hgroup\">\n<div class=\"page-title-head hgroup\">\n<div class=\"b654a4as d2edcug0\">\n<div class=\"page-title-head hgroup\">\n<div class=\"page-title-head hgroup\">\n<div class=\"page-title-head hgroup\">\n<div class=\"page-title-head hgroup\">\n<div class=\"b654a4as d2edcug0\">\n<div class=\"page-title-head hgroup\"><\/div>\n<p>&nbsp;<\/p>\n<\/div>\n<\/div>\n<\/div>\n<\/div>\n<\/div>\n<\/div>\n<\/div>\n<\/div>\n<\/div>\n<\/div>\n<\/div>\n<div>\n<div class=\"page-title-head hgroup\">\n<div class=\"page-title-head hgroup\">\n<div>\n<div class=\"page-title-head hgroup\">\n<div class=\"page-title-head hgroup\">\n<div class=\"b654a4as d2edcug0\">\n<div>\n<div class=\"page-title-head hgroup\" style=\"text-align: left;\">\n<div class=\"page-title-head hgroup\">\n<div dir=\"auto\">\n<p><a class=\"dt-pswp-item pspw-wrap-ready\" href=\"https:\/\/i0.wp.com\/www.radiopiu.net\/wordpress\/wp-content\/uploads\/2018\/09\/WhatsApp-Image-2018-09-20-at-16.04.06.jpeg?ssl=1\" data-dt-img-description=\"\" data-large_image_width=\"800\" data-large_image_height=\"100\"><img loading=\"lazy\" decoding=\"async\" class=\"aligncenter wp-image-61378 size-full jetpack-lazy-image jetpack-lazy-image--handled\" src=\"https:\/\/i0.wp.com\/www.radiopiu.net\/wordpress\/wp-content\/uploads\/2018\/09\/WhatsApp-Image-2018-09-20-at-16.04.06.jpeg?resize=800%2C100&amp;ssl=1\" sizes=\"auto, (max-width: 800px) 100vw, 800px\" srcset=\"https:\/\/i0.wp.com\/www.radiopiu.net\/wordpress\/wp-content\/uploads\/2018\/09\/WhatsApp-Image-2018-09-20-at-16.04.06.jpeg?w=800&amp;ssl=1 800w, https:\/\/i0.wp.com\/www.radiopiu.net\/wordpress\/wp-content\/uploads\/2018\/09\/WhatsApp-Image-2018-09-20-at-16.04.06.jpeg?resize=300%2C38&amp;ssl=1 300w, https:\/\/i0.wp.com\/www.radiopiu.net\/wordpress\/wp-content\/uploads\/2018\/09\/WhatsApp-Image-2018-09-20-at-16.04.06.jpeg?resize=768%2C96&amp;ssl=1 768w\" alt=\"\" width=\"800\" height=\"100\" data-lazy-loaded=\"1\" \/><\/a><\/p>\n<\/div>\n<\/div>\n<\/div>\n<\/div>\n<\/div>\n<\/div>\n<\/div>\n<\/div>\n<\/div>\n<\/div>\n<\/div>\n<\/div>\n<\/div>\n<\/div>\n<\/div>\n<\/div>\n<\/div>\n<\/div>\n<\/div>\n<\/div>\n<\/div>\n<\/div>\n<\/div>\n<\/div>\n<\/div>\n<\/div>\n<\/div>\n<\/div>\n<\/div>\n<div class=\"page-title-head hgroup\">\n<p>&nbsp;<\/p>\n<p><strong>gioved\u00ec 23.<\/strong> Splendida giornata settembrina con sole e cielo sereno, salvo qualche banco di nubi basse o di nebbie mattutine nelle conche prealpine, in dissolvimento dopo il sorgere del sole, e qualche modesto annuvolamento a ridosso delle cime nelle ore pi\u00f9 calde, specie sulle Prealpi, mentre il cielo rimarr\u00e0 spesso sereno sulle Dolomiti. Aria limpida e ottima visibilit\u00e0 in quota. Il contesto termico sar\u00e0 fresco di notte e tardo-estivo in giornata, con significativa escursione termica giornaliera nelle valli non interessate da nubi basse mattutine. Precipitazioni. Assenti (0%). Temperature. In generale rialzo, salvo diminuzione delle minime nelle valli non interessate da nubi basse. Nei settori pi\u00f9 freddi degli altopiani prealpini non escluse eventuali brinate o gelate notturne. Sono previste punte di 23\/24\u00b0C nei fondovalle prealpini e di 18\/21\u00b0C a 1000\/1200 m. Su Prealpi a 1500 m min 11\u00b0C max 15\u00b0C, a 2000 m min 9\u00b0C max 12\u00b0C. Su Dolomiti a 2000 m min 7\u00b0C max 13\u00b0C, a 3000 m min 3\u00b0C max 6\u00b0C. Venti. Nelle valli perlopi\u00f9 deboli per brezze, a tratti e localmente moderati nei settori solitamente pi\u00f9 ventilati; in quota moderati da nord nord-ovest, ancora tesi sulle cime pi\u00f9 alte, a 10-15 km\/h a 2000 m e 20-35 km\/h a 3000 m.<\/p>\n<p><strong> venerd\u00ec 24.<\/strong> Splendida giornata settembrina con sole e cielo terso, salvo qualche modesto cumulo di bel tempo, ma solo durante ore pi\u00f9 calde e sulle cime prealpine. L&#8217;inisidia nubi basse mattutine nelle conche prealpine sar\u00e0 minore rispetto a gioved\u00ec. Aria limpida e ottima visibilit\u00e0 in montagna. Contesto termico fresco di notte e tardo-estivo durante il giorno, con forte escursione giornaliera nelle valli. Precipitazioni. Assenti (0%). Temperature. In generale rialzo, salvo diminuzione delle minime nei fondovalle, dove si osserver\u00e0 una lieve inversione termica notturna. Sono previste punte di 25\/26\u00b0C nei fondovalle prealpini e di 19\/23\u00b0C a 1000\/1200 m. Su Prealpi a 1500 m min 12\u00b0C max 17\u00b0C, a 2000 m min 10\u00b0C max 14\u00b0C. Su Dolomiti a 2000 m min 9\u00b0C max 15\u00b0C, a 3000 m min 4\u00b0C max 7\u00b0C. Venti. Nelle valli perlopi\u00f9 deboli a regime di brezza, a tratti e localmente moderati nei settori solitamente pi\u00f9 ventilati; in quota deboli\/moderati da nord-ovest, a tratti tesi al mattino sulle cime<br \/>\ndolomitiche pi\u00f9 alte, poi in attenuazione, a 5-15 km\/h a 2000 m e 15-30 km\/h a 3000 m.<\/p>\n<p><strong>sabato 25.<\/strong> Altra bella giornata autunnale con sole e cielo sereno o poco nuvoloso per qualche modesto annuvolamento a ridosso delle cime durante ore pi\u00f9 calde, specie sulle Prealpi. Aria limpida e ottima visibilit\u00e0 in quota. Temperature in lieve aumento a tutti le quote. Venti perlopi\u00f9 deboli a regime di brezza nelle valli, a tratti e localmente moderati nei settori solitamente pi\u00f9 ventilati; in quota deboli\/moderati dai quadranti occidentali.<\/p>\n<p><strong> domenica 26.<\/strong> Sole al mattino, poi aumento della nuvolosit\u00e0 media e medio-alta stratiforme, prima che il cielo si copra del tutto nel tardo pomeriggio\/sera, quando non sar\u00e0 da escludere la probabilit\u00e0 di deboli piogge sparse. Temperature in calo, eccetto aumento delle minime nelle valli. Venti perlopi\u00f9 deboli a regime di brezza nelle valli, a tratti e localmente moderati nei settori solitamente pi\u00f9 ventilati; in quota deboli\/moderati da sud-ovest al mattino e moderati\/tesi al pomeriggio.<br \/>\nPrevisore: R.L.Th<\/p>\n<p>&nbsp;<\/p>\n<p>&nbsp;<\/p>\n<div class=\"mkdf-post-text\">\n<div class=\"mkdf-post-text-inner\">\n<p><a href=\"https:\/\/www.radiopiu.net\/wordpress\/giornale-radiopiu-15-settembre-2018-direttore-mirko-mezzacasa\/sport-7\/\" rel=\"attachment wp-att-60761\"><img loading=\"lazy\" decoding=\"async\" class=\"wp-image-60761 size-full aligncenter\" src=\"https:\/\/www.radiopiu.net\/wordpress\/wp-content\/uploads\/2018\/09\/sport.jpg\" alt=\"\" width=\"800\" height=\"100\" srcset=\"https:\/\/www.radiopiu.net\/wordpress\/wp-content\/uploads\/2018\/09\/sport.jpg 800w, https:\/\/www.radiopiu.net\/wordpress\/wp-content\/uploads\/2018\/09\/sport-300x38.jpg 300w, https:\/\/www.radiopiu.net\/wordpress\/wp-content\/uploads\/2018\/09\/sport-768x96.jpg 768w\" sizes=\"auto, (max-width: 800px) 100vw, 800px\" \/><\/a><\/p>\n<p>&nbsp;<\/p>\n<blockquote>\n<h3><\/h3>\n<\/blockquote>\n<h1><strong><span style=\"color: #ff0000;\">\u00a0IERI\u00a0<\/span> <\/strong><strong><span style=\"color: #ff0000;\">ALLA RADIO\u00a0\u00a0<\/span><\/strong><\/h1>\n<p><strong><a href=\"https:\/\/www.radiopiu.net\/wordpress\/giornale-radiopiu-23-settembre-2021-direttore-mirko-mezzacasa\/lorenzo-e-luca-cagnati-2\/\" rel=\"attachment wp-att-233267\"><img loading=\"lazy\" decoding=\"async\" class=\" wp-image-233267 alignleft\" src=\"https:\/\/www.radiopiu.net\/wordpress\/wp-content\/uploads\/2021\/09\/lorenzo-e-luca-cagnati-2-300x169.jpg\" alt=\"\" width=\"241\" height=\"136\" srcset=\"https:\/\/www.radiopiu.net\/wordpress\/wp-content\/uploads\/2021\/09\/lorenzo-e-luca-cagnati-2-300x169.jpg 300w, https:\/\/www.radiopiu.net\/wordpress\/wp-content\/uploads\/2021\/09\/lorenzo-e-luca-cagnati-2-1024x576.jpg 1024w, https:\/\/www.radiopiu.net\/wordpress\/wp-content\/uploads\/2021\/09\/lorenzo-e-luca-cagnati-2-768x432.jpg 768w, https:\/\/www.radiopiu.net\/wordpress\/wp-content\/uploads\/2021\/09\/lorenzo-e-luca-cagnati-2-1536x864.jpg 1536w, https:\/\/www.radiopiu.net\/wordpress\/wp-content\/uploads\/2021\/09\/lorenzo-e-luca-cagnati-2.jpg 1920w\" sizes=\"auto, (max-width: 241px) 100vw, 241px\" \/><\/a>LUCA E LORENZO CAGNATI I NOSTRI CAMPIONI<\/strong><\/p>\n<p><strong>di Claudio Fontanive\u00a0<\/strong><\/p>\n<audio class=\"wp-audio-shortcode\" id=\"audio-233246-11\" preload=\"none\" style=\"width: 100%;\" controls=\"controls\"><source type=\"audio\/mpeg\" src=\"https:\/\/www.radiopiu.net\/wordpress\/wp-content\/uploads\/2021\/09\/luca-lorenzo.mp3?_=11\" \/><a href=\"https:\/\/www.radiopiu.net\/wordpress\/wp-content\/uploads\/2021\/09\/luca-lorenzo.mp3\">https:\/\/www.radiopiu.net\/wordpress\/wp-content\/uploads\/2021\/09\/luca-lorenzo.mp3<\/a><\/audio>\n<p>&nbsp;<\/p>\n<p>&nbsp;<\/p>\n<p>&nbsp;<\/p>\n<\/div>\n<\/div>\n<\/div>\n<\/div>\n<\/div>\n<\/div>\n<\/div>\n<\/div>\n<\/div>\n<\/div>\n<\/div>\n<\/div>\n<\/div>\n<\/div>\n<\/div>\n<\/div>\n<\/div>\n<\/div>\n","protected":false},"excerpt":{"rendered":"<p>REGIONALE 203 AGORDINA APERTA, NON SONO PREVISTE INTERRUZIONI ALMENO FINO ALLA PROSSIMA SETTIMANA QUANDO RIPRENDERANNO I LAVORI DI POSA DELLE RETI DI PROTEZIONE, VENETO STRADE COMUNICHERA&#8217; CON AMPIO ANTICIPO QUALI SARANNO LE LIMITAZIONI AL TRAFFICO SAN TOMASO, LA GRANDE NOVITA&#8217; I VIDEO DEL GIORNO&#8230;. QUASI CI SIAMO, MANCA DAVVERO POCO CINQUE TORRI E MANOVRE MILITARI&hellip;<\/p>\n","protected":false},"author":4,"featured_media":233347,"comment_status":"closed","ping_status":"open","sticky":false,"template":"","format":"standard","meta":{"_monsterinsights_skip_tracking":false,"_monsterinsights_sitenote_active":false,"_monsterinsights_sitenote_note":"","_monsterinsights_sitenote_category":0,"footnotes":""},"categories":[1,51,86,49],"tags":[],"class_list":["post-233246","post","type-post","status-publish","format-standard","has-post-thumbnail","hentry","category-senza-categoria","category-evidenza-top","category-gr","category-news-18","category-1","category-51","category-86","category-49","description-off"],"img_url":"https:\/\/www.radiopiu.net\/wordpress\/wp-content\/uploads\/2021\/09\/11dcef4b-e1b4-4992-8895-28999bb0752f.jpg","_links":{"self":[{"href":"https:\/\/www.radiopiu.net\/wordpress\/wp-json\/wp\/v2\/posts\/233246","targetHints":{"allow":["GET"]}}],"collection":[{"href":"https:\/\/www.radiopiu.net\/wordpress\/wp-json\/wp\/v2\/posts"}],"about":[{"href":"https:\/\/www.radiopiu.net\/wordpress\/wp-json\/wp\/v2\/types\/post"}],"author":[{"embeddable":true,"href":"https:\/\/www.radiopiu.net\/wordpress\/wp-json\/wp\/v2\/users\/4"}],"replies":[{"embeddable":true,"href":"https:\/\/www.radiopiu.net\/wordpress\/wp-json\/wp\/v2\/comments?post=233246"}],"version-history":[{"count":0,"href":"https:\/\/www.radiopiu.net\/wordpress\/wp-json\/wp\/v2\/posts\/233246\/revisions"}],"wp:featuredmedia":[{"embeddable":true,"href":"https:\/\/www.radiopiu.net\/wordpress\/wp-json\/wp\/v2\/media\/233347"}],"wp:attachment":[{"href":"https:\/\/www.radiopiu.net\/wordpress\/wp-json\/wp\/v2\/media?parent=233246"}],"wp:term":[{"taxonomy":"category","embeddable":true,"href":"https:\/\/www.radiopiu.net\/wordpress\/wp-json\/wp\/v2\/categories?post=233246"},{"taxonomy":"post_tag","embeddable":true,"href":"https:\/\/www.radiopiu.net\/wordpress\/wp-json\/wp\/v2\/tags?post=233246"}],"curies":[{"name":"wp","href":"https:\/\/api.w.org\/{rel}","templated":true}]}}