{"id":233292,"date":"2021-09-22T14:32:42","date_gmt":"2021-09-22T12:32:42","guid":{"rendered":"https:\/\/www.radiopiu.net\/wordpress\/?p=233292"},"modified":"2021-09-22T14:32:44","modified_gmt":"2021-09-22T12:32:44","slug":"i-racconti-di-paolo-soppelsa-novantatreesima-puntata","status":"publish","type":"post","link":"https:\/\/www.radiopiu.net\/wordpress\/i-racconti-di-paolo-soppelsa-novantatreesima-puntata\/","title":{"rendered":"I RACCONTI DI PAOLO SOPPELSA NOVANTATREESIMA PUNTATA"},"content":{"rendered":"<p>&nbsp;<\/p>\n<p style=\"text-align: left;\"><strong>AUTUNNO A CENCE\u00a0<\/strong><\/p>\n<p style=\"text-align: left;\"><strong>AUDIO<\/strong><\/p>\n<audio class=\"wp-audio-shortcode\" id=\"audio-233292-1\" preload=\"none\" style=\"width: 100%;\" controls=\"controls\"><source type=\"audio\/mpeg\" src=\"https:\/\/www.radiopiu.net\/wordpress\/wp-content\/uploads\/2021\/09\/paolo-soppelsa.mp3?_=1\" \/><a href=\"https:\/\/www.radiopiu.net\/wordpress\/wp-content\/uploads\/2021\/09\/paolo-soppelsa.mp3\">https:\/\/www.radiopiu.net\/wordpress\/wp-content\/uploads\/2021\/09\/paolo-soppelsa.mp3<\/a><\/audio>\n<p style=\"text-align: left;\">\n<a href=\"https:\/\/www.radiopiu.net\/wordpress\/i-racconti-di-paolo-soppelsa-novantatreesima-puntata\/849ed2ff-dd66-4e2d-a57e-a1b12a4c709c\/\" rel=\"attachment wp-att-233293\"><img loading=\"lazy\" decoding=\"async\" class=\"size-medium wp-image-233293 alignleft\" src=\"https:\/\/www.radiopiu.net\/wordpress\/wp-content\/uploads\/2021\/09\/849ed2ff-dd66-4e2d-a57e-a1b12a4c709c-300x225.jpg\" alt=\"\" width=\"300\" height=\"225\" srcset=\"https:\/\/www.radiopiu.net\/wordpress\/wp-content\/uploads\/2021\/09\/849ed2ff-dd66-4e2d-a57e-a1b12a4c709c-300x225.jpg 300w, https:\/\/www.radiopiu.net\/wordpress\/wp-content\/uploads\/2021\/09\/849ed2ff-dd66-4e2d-a57e-a1b12a4c709c-1024x768.jpg 1024w, https:\/\/www.radiopiu.net\/wordpress\/wp-content\/uploads\/2021\/09\/849ed2ff-dd66-4e2d-a57e-a1b12a4c709c-768x576.jpg 768w, https:\/\/www.radiopiu.net\/wordpress\/wp-content\/uploads\/2021\/09\/849ed2ff-dd66-4e2d-a57e-a1b12a4c709c-1536x1152.jpg 1536w, https:\/\/www.radiopiu.net\/wordpress\/wp-content\/uploads\/2021\/09\/849ed2ff-dd66-4e2d-a57e-a1b12a4c709c.jpg 1600w\" sizes=\"auto, (max-width: 300px) 100vw, 300px\" \/><\/a>D&#8217;autunno i pranzi del sabato erano i pi\u00f9 rapidi della settimana. Un mangiare veloce, poi il caff\u00e8 di pap\u00e0, i piatti lavati al volo e subito dopo i preparativi per la partenza: destinazione Cencenighe. Non occorreva scomodare la valigia color vinaccia, bastavano un paio di borsoni e &#8220;calche sportola&#8221; per contenere il necessario per il nostro soggiorno agordino che sarebbe durato poco pi\u00f9 di ventiquattro ore. Il pi\u00f9 felice di tutti era il cane Al\u00ec, che amava viaggiare in auto e fremeva dal desiderio di salire sulla Ritmo parcheggiata in cortile. Trentacinque minuti, a volte meno; questo era il tempo di percorrenza di quella 203 che allora era Strada Statale senza tangenziali gallerie ed autovelox. Un viaggio breve, ma un vero viaggio: trentacinque minuti, a volte meno, per passare dalla vita di quasi pianura a quella di montagna. Poco pi\u00f9 di mezz&#8217;ora per arrivare ai piedi del Pelsa, dove le ombre del pomeriggio erano gi\u00e0 scese a ricoprire la piazza e gran parte del paese. Il portone grigio da aprire con la chiave grossa, il premere il tasto del contatore e poi i due giri di chiave necessari per aprire la porta con il vetro ondulato. Un freddo umido ci attendeva in corridoio: un veloce posare le &#8220;sportole&#8221; in cucina mentre il cane prendeva possesso del suo cuscino giallo posto nell&#8217;angolo della &#8220;stua&#8221;. Era felice il piccolo Al\u00ec di ritrovare la sua Pantera Rosa di peluche, quella che mamma aveva vinto alle giostre di Lambioi giocando alla pesca delle rane meccaniche. Stup\u00ec tutti quell&#8217;insospettabile abilit\u00e0 pescatoria, e cos\u00ec il cane ebbe in dono quello che sarebbe diventato il suo gioco preferito. Nel frattempo la p\u00f2rtella della cucina economica marchiata Centa emetteva il suo primo cigolio: era potente la Centa, ingorda di legna ma dispensatrice di un calore bello, un calore che sapeva di casa e faceva stare bene. L&#8217;arrotolare un vecchio foglio di giornale che riportava la data di una domenica di quell&#8217;estate che oramai era ricordo lontano. Poi l&#8217;attendere dell&#8217;ardere vivo del fuoco e successiva chiusura del registro. E mamma che diceva &#8220;&#8230;va de fora a fa na caseta de skinele da cen\u00ec &#8216;n te bank\u2026&#8221;. Era lavoro serio maneggiare la &#8220;ronconela&#8221; nera. Uscivo &#8220;&#8230;&#8217;n te burela\u2026&#8221; e usavo uno scalino come &#8220;zok&#8221;. E la sfida era aprire in due la legna con un solo colpo: occorreva una perizia che ogni volta affinavo sempre di pi\u00f9. Sceglievo accuratamente &#8220;&#8230;le legne de pez\u2026&#8221; che dovevano essere prive &#8220;de grop&#8221;, altrimenti niente apertura al primo colpo; il rischio, in caso &#8220;de grop&#8221; era quello di dover battere come un forsennato per disincastrare la &#8220;ronconela&#8221;: ed in pi\u00f9, oltre a non produrre &#8220;skinele&#8221;, prendevo pure freddo perch\u00e9 &#8220;&#8230;&#8217;n te burela\u2026&#8221; tirava sempre aria. Quando i cerchi della Centa erano roventi era ormai sera imminente: la seconda campana suonava alle 18.15 annunciando la Messa della sera e, dopo la met\u00e0 d&#8217;ottobre, pure l&#8217;arrivo della &#8220;brosa&#8221; che faceva scintillare i cubetti di porfido del sagrato. Alle venti, quando invece era la campana grande a suonare, uscivo di casa per la passeggiata serale del cane: vento che scompigliava i capelli e brina che faceva risplendere gli scalini in pietra della &#8220;porta piciola&#8221; della chiesa. Un giro veloce &#8220;inte par Vila&#8221; e ritorno lungo via Roma: rari fari d&#8217;auto illuminavano per qualche istante la piazza deserta mentre il canto del Biois accompagnava gli ultimi passi verso casa. Poi un p\u00f2 di TV sdraiato sul divano, mezzo infilato nel sacco a pelo e con zapping limitato a quattro o cinque canali. L&#8217;ultima &#8220;legna de frasen &#8216;n te fornela&#8221; e l&#8217;iniziare una lunga notte &#8220;inkuzign\u00e0 sot le cuerte&#8221; al piano superiore del letto a castello. Era notti di sogni e fuoco morente, di rintocchi della campana che batteva le ore e di muovere del cane Al\u00ec che passava dal divano alla poltrona. Scorrevano le settimane, ed i risvegli domenicali erano sempre pi\u00f9 freschi ed il Bosk dal Forn era sempre pi\u00f9 colorato d&#8217;autunno. Nei giorni &#8220;dai Sant e dai Mort&#8221; la stagione dei colori era al massimo, con l&#8217;aggiunta del bianco della &#8220;brosa&#8221; a rendere pi\u00f9 suggestivo l&#8217;andare per cimiteri. Dai Santi in poi ogni fine settimana era guadagnato e poteva essere l&#8217;ultimo trascorso a &#8220;Cence&#8221;. Quel tempo sarebbe terminato all&#8217;ingrigire dei larici, poi i Cavalieri della 203, nelle loro scorribande domenicali, avrebbero bypassato Cencenighe per fare rotta verso San Tomaso: dove avrebbero trovato i nonni che trascorrevano il loro ennesimo inverno di fronte al Pelsa. La domenica pomeriggio, mentre si accendevano i lampioni della piazza, si spegneva l&#8217;ultima &#8220;bronza&#8221; nella &#8220;cosina economica&#8221;. Era l&#8217;ora dei camini che fumavano pi\u00f9 decisi mentre il nostro andava spegnendosi: caricavamo i borsoni e le &#8220;sportole&#8221; divenute pi\u00f9 leggere nella Ritmo e poi via, destinazione Belluno. Chiss\u00e0 se torneremo sabato prossimo, mi chiedevo mentre i fari illuminavano l&#8217;asfalto che iniziava a ghiacciare. Una domanda che trovava risposta nei giorni successivi: &#8220;&#8230;sabo che vien don su e domenega sere le acque e bon\u2026&#8221;. E con la chiusura &#8220;del rubinet dele acque&#8221; si chiudeva un&#8217;altro semplice e indimenticabile autunno di mezzi sabati e mezze domeniche vissute ai piedi del Pelsa\u2026Magiche Dolomiti!!<\/p>\n","protected":false},"excerpt":{"rendered":"<p>&nbsp; AUTUNNO A CENCE\u00a0 AUDIO D&#8217;autunno i pranzi del sabato erano i pi\u00f9 rapidi della settimana. Un mangiare veloce, poi il caff\u00e8 di pap\u00e0, i piatti lavati al volo e subito dopo i preparativi per la partenza: destinazione Cencenighe. Non occorreva scomodare la valigia color vinaccia, bastavano un paio di borsoni e &#8220;calche sportola&#8221; per&hellip;<\/p>\n","protected":false},"author":4,"featured_media":233293,"comment_status":"closed","ping_status":"open","sticky":false,"template":"","format":"standard","meta":{"_monsterinsights_skip_tracking":false,"_monsterinsights_sitenote_active":false,"_monsterinsights_sitenote_note":"","_monsterinsights_sitenote_category":0,"footnotes":""},"categories":[104,49,112],"tags":[],"class_list":["post-233292","post","type-post","status-publish","format-standard","has-post-thumbnail","hentry","category-evidenza_3","category-news-18","category-racconti-soppelsa","category-104","category-49","category-112","description-off"],"img_url":"https:\/\/www.radiopiu.net\/wordpress\/wp-content\/uploads\/2021\/09\/849ed2ff-dd66-4e2d-a57e-a1b12a4c709c.jpg","_links":{"self":[{"href":"https:\/\/www.radiopiu.net\/wordpress\/wp-json\/wp\/v2\/posts\/233292","targetHints":{"allow":["GET"]}}],"collection":[{"href":"https:\/\/www.radiopiu.net\/wordpress\/wp-json\/wp\/v2\/posts"}],"about":[{"href":"https:\/\/www.radiopiu.net\/wordpress\/wp-json\/wp\/v2\/types\/post"}],"author":[{"embeddable":true,"href":"https:\/\/www.radiopiu.net\/wordpress\/wp-json\/wp\/v2\/users\/4"}],"replies":[{"embeddable":true,"href":"https:\/\/www.radiopiu.net\/wordpress\/wp-json\/wp\/v2\/comments?post=233292"}],"version-history":[{"count":0,"href":"https:\/\/www.radiopiu.net\/wordpress\/wp-json\/wp\/v2\/posts\/233292\/revisions"}],"wp:featuredmedia":[{"embeddable":true,"href":"https:\/\/www.radiopiu.net\/wordpress\/wp-json\/wp\/v2\/media\/233293"}],"wp:attachment":[{"href":"https:\/\/www.radiopiu.net\/wordpress\/wp-json\/wp\/v2\/media?parent=233292"}],"wp:term":[{"taxonomy":"category","embeddable":true,"href":"https:\/\/www.radiopiu.net\/wordpress\/wp-json\/wp\/v2\/categories?post=233292"},{"taxonomy":"post_tag","embeddable":true,"href":"https:\/\/www.radiopiu.net\/wordpress\/wp-json\/wp\/v2\/tags?post=233292"}],"curies":[{"name":"wp","href":"https:\/\/api.w.org\/{rel}","templated":true}]}}