{"id":233310,"date":"2021-09-22T18:52:33","date_gmt":"2021-09-22T16:52:33","guid":{"rendered":"https:\/\/www.radiopiu.net\/wordpress\/?p=233310"},"modified":"2021-09-22T18:52:33","modified_gmt":"2021-09-22T16:52:33","slug":"in-provincia-di-belluno-219-positivi-attivato-un-box-di-isolamento-a-feltre","status":"publish","type":"post","link":"https:\/\/www.radiopiu.net\/wordpress\/in-provincia-di-belluno-219-positivi-attivato-un-box-di-isolamento-a-feltre\/","title":{"rendered":"IN PROVINCIA DI BELLUNO 219 POSITIVI, ATTIVATO UN BOX DI ISOLAMENTO A FELTRE"},"content":{"rendered":"<p><strong><a href=\"https:\/\/www.radiopiu.net\/wordpress\/giornale-radiopiu-10-marzo-2020-direttore-mirko-mezzacasa\/covid-ulss\/\" rel=\"attachment wp-att-121260\"><img loading=\"lazy\" decoding=\"async\" class=\" wp-image-121260 alignleft\" src=\"https:\/\/www.radiopiu.net\/wordpress\/wp-content\/uploads\/2020\/03\/covid-ulss-300x225.jpg\" alt=\"\" width=\"191\" height=\"143\" srcset=\"https:\/\/www.radiopiu.net\/wordpress\/wp-content\/uploads\/2020\/03\/covid-ulss-300x225.jpg 300w, https:\/\/www.radiopiu.net\/wordpress\/wp-content\/uploads\/2020\/03\/covid-ulss-768x576.jpg 768w, https:\/\/www.radiopiu.net\/wordpress\/wp-content\/uploads\/2020\/03\/covid-ulss.jpg 800w\" sizes=\"auto, (max-width: 191px) 100vw, 191px\" \/><\/a>BELLUNO<\/strong> La situazione epidemiologica in provincia di Belluno. 219 positivi e 682 in isolamento. Nel pomeriggio \u00e8 stata attivato un box di isolamento di Terapia Intensiva all\u2019ospedale Santa Maria del Prato di Feltre, con il ricovero di 1 paziente di 85 anni pluripatologico covid positivo. Nella Rianimazione Covid dell\u2019Ospedale di Belluno sono attualmente ricoverati due pazienti. Un terzo paziente \u00e8 in fase di valutazione. Ognuna delle due rianimazioni, infatti, pu\u00f2 ospitare fino a tre pazienti covid in aree separate e isolate, permettendo nel contempo di garantire tutte le attivit\u00e0 chirurgiche dei due ospedali. Nell\u2019area non critica del San Martino sono attualmente ricoverati 6 pazienti<\/p>\n<p>&nbsp;<\/p>\n<p>&nbsp;<\/p>\n<p>&nbsp;<\/p>\n<p>*****<\/p>\n","protected":false},"excerpt":{"rendered":"<p>BELLUNO La situazione epidemiologica in provincia di Belluno. 219 positivi e 682 in isolamento. Nel pomeriggio \u00e8 stata attivato un box di isolamento di Terapia Intensiva all\u2019ospedale Santa Maria del Prato di Feltre, con il ricovero di 1 paziente di 85 anni pluripatologico covid positivo. Nella Rianimazione Covid dell\u2019Ospedale di Belluno sono attualmente ricoverati due&hellip;<\/p>\n","protected":false},"author":4,"featured_media":121260,"comment_status":"closed","ping_status":"open","sticky":false,"template":"","format":"standard","meta":{"_monsterinsights_skip_tracking":false,"_monsterinsights_sitenote_active":false,"_monsterinsights_sitenote_note":"","_monsterinsights_sitenote_category":0,"footnotes":""},"categories":[51,49],"tags":[],"class_list":["post-233310","post","type-post","status-publish","format-standard","has-post-thumbnail","hentry","category-evidenza-top","category-news-18","category-51","category-49","description-off"],"img_url":"https:\/\/www.radiopiu.net\/wordpress\/wp-content\/uploads\/2020\/03\/covid-ulss.jpg","_links":{"self":[{"href":"https:\/\/www.radiopiu.net\/wordpress\/wp-json\/wp\/v2\/posts\/233310","targetHints":{"allow":["GET"]}}],"collection":[{"href":"https:\/\/www.radiopiu.net\/wordpress\/wp-json\/wp\/v2\/posts"}],"about":[{"href":"https:\/\/www.radiopiu.net\/wordpress\/wp-json\/wp\/v2\/types\/post"}],"author":[{"embeddable":true,"href":"https:\/\/www.radiopiu.net\/wordpress\/wp-json\/wp\/v2\/users\/4"}],"replies":[{"embeddable":true,"href":"https:\/\/www.radiopiu.net\/wordpress\/wp-json\/wp\/v2\/comments?post=233310"}],"version-history":[{"count":0,"href":"https:\/\/www.radiopiu.net\/wordpress\/wp-json\/wp\/v2\/posts\/233310\/revisions"}],"wp:featuredmedia":[{"embeddable":true,"href":"https:\/\/www.radiopiu.net\/wordpress\/wp-json\/wp\/v2\/media\/121260"}],"wp:attachment":[{"href":"https:\/\/www.radiopiu.net\/wordpress\/wp-json\/wp\/v2\/media?parent=233310"}],"wp:term":[{"taxonomy":"category","embeddable":true,"href":"https:\/\/www.radiopiu.net\/wordpress\/wp-json\/wp\/v2\/categories?post=233310"},{"taxonomy":"post_tag","embeddable":true,"href":"https:\/\/www.radiopiu.net\/wordpress\/wp-json\/wp\/v2\/tags?post=233310"}],"curies":[{"name":"wp","href":"https:\/\/api.w.org\/{rel}","templated":true}]}}