{"id":233322,"date":"2021-09-23T05:35:45","date_gmt":"2021-09-23T03:35:45","guid":{"rendered":"https:\/\/www.radiopiu.net\/wordpress\/?p=233322"},"modified":"2021-09-23T06:06:45","modified_gmt":"2021-09-23T04:06:45","slug":"lamministrazione-di-canale-dagordo-conferisce-la-cittadinanza-onoraria-al-cardinale-beniamino-stella","status":"publish","type":"post","link":"https:\/\/www.radiopiu.net\/wordpress\/lamministrazione-di-canale-dagordo-conferisce-la-cittadinanza-onoraria-al-cardinale-beniamino-stella\/","title":{"rendered":"L&#8217;AMMINISTRAZIONE DI CANALE D&#8217;AGORDO CONFERISCE LA CITTADINANZA ONORARIA AL CARDINALE BENIAMINO STELLA"},"content":{"rendered":"<p><strong><a href=\"https:\/\/www.radiopiu.net\/wordpress\/giornale-radiopiu-03-giugno-2020-direttore-mirko-mezzacasa\/canale-dagordo-6\/\" rel=\"attachment wp-att-142143\"><img loading=\"lazy\" decoding=\"async\" class=\"size-medium wp-image-142143 alignleft\" src=\"https:\/\/www.radiopiu.net\/wordpress\/wp-content\/uploads\/2020\/06\/CANALE-DAGORDO-6-300x225.jpg\" alt=\"\" width=\"300\" height=\"225\" srcset=\"https:\/\/www.radiopiu.net\/wordpress\/wp-content\/uploads\/2020\/06\/CANALE-DAGORDO-6-300x225.jpg 300w, https:\/\/www.radiopiu.net\/wordpress\/wp-content\/uploads\/2020\/06\/CANALE-DAGORDO-6-768x576.jpg 768w, https:\/\/www.radiopiu.net\/wordpress\/wp-content\/uploads\/2020\/06\/CANALE-DAGORDO-6.jpg 960w\" sizes=\"auto, (max-width: 300px) 100vw, 300px\" \/><\/a>CANALE D&#8217;AGORDO<\/strong><\/p>\n<p>di Gianni Santomaso<\/p>\n<audio class=\"wp-audio-shortcode\" id=\"audio-233322-1\" preload=\"none\" style=\"width: 100%;\" controls=\"controls\"><source type=\"audio\/mpeg\" src=\"https:\/\/www.radiopiu.net\/wordpress\/wp-content\/uploads\/2021\/09\/GIANNI-CITTADINANZA-ONORARIA-CARDINALE-BENIAMINO-STELLA.mp3?_=1\" \/><a href=\"https:\/\/www.radiopiu.net\/wordpress\/wp-content\/uploads\/2021\/09\/GIANNI-CITTADINANZA-ONORARIA-CARDINALE-BENIAMINO-STELLA.mp3\">https:\/\/www.radiopiu.net\/wordpress\/wp-content\/uploads\/2021\/09\/GIANNI-CITTADINANZA-ONORARIA-CARDINALE-BENIAMINO-STELLA.mp3<\/a><\/audio>\n<p>&nbsp;<\/p>\n<p>&nbsp;<\/p>\n<blockquote>\n<h3>IL CARDINALE BENIAMINO STELLA CITTADINO ONORARIO DI CANALE D&#8217;AGORDO<\/h3>\n<\/blockquote>\n<p><strong>CANALE D&#8217;AGORDO<\/strong> In consiglio comunale all&#8217;unanimit\u00e0 l&#8217;approvazione della delibera, la cittadinanza verr\u00e0 conferita in un&#8217; apposita cerimonia nel giorno in cui sar\u00e0 inaugurata la ristrutturata casa natale di Papa Albino Luciani. Come gi\u00e0 a Falcade l&#8217;altra sera anche il consiglio comunale approva le nuove linee per la gestione dell&#8217;asilo nido Girotondo sotto l&#8217;egida di Asca <em>&#8220;Con un risparmio anche per Canale d&#8217;Agordo di almeno 20mila euro<\/em>&#8221; ha detto il sindaco Flavio Colcergnan.<\/p>\n<blockquote>\n<h2>LA DIRETTA DI RADIO PIU&#8217;<\/h2>\n<\/blockquote>\n<p>https:\/\/www.facebook.com\/mirko.mezzacasa\/videos\/561986971738613<\/p>\n<p>&nbsp;<\/p>\n<p>&nbsp;<\/p>\n<p>&nbsp;<\/p>\n<p>*****<\/p>\n","protected":false},"excerpt":{"rendered":"<p>CANALE D&#8217;AGORDO di Gianni Santomaso &nbsp; &nbsp; IL CARDINALE BENIAMINO STELLA CITTADINO ONORARIO DI CANALE D&#8217;AGORDO CANALE D&#8217;AGORDO In consiglio comunale all&#8217;unanimit\u00e0 l&#8217;approvazione della delibera, la cittadinanza verr\u00e0 conferita in un&#8217; apposita cerimonia nel giorno in cui sar\u00e0 inaugurata la ristrutturata casa natale di Papa Albino Luciani. Come gi\u00e0 a Falcade l&#8217;altra sera anche il&hellip;<\/p>\n","protected":false},"author":4,"featured_media":142143,"comment_status":"closed","ping_status":"open","sticky":false,"template":"","format":"standard","meta":{"_monsterinsights_skip_tracking":false,"_monsterinsights_sitenote_active":false,"_monsterinsights_sitenote_note":"","_monsterinsights_sitenote_category":0,"footnotes":""},"categories":[51,49],"tags":[],"class_list":["post-233322","post","type-post","status-publish","format-standard","has-post-thumbnail","hentry","category-evidenza-top","category-news-18","category-51","category-49","description-off"],"img_url":"https:\/\/www.radiopiu.net\/wordpress\/wp-content\/uploads\/2020\/06\/CANALE-DAGORDO-6.jpg","_links":{"self":[{"href":"https:\/\/www.radiopiu.net\/wordpress\/wp-json\/wp\/v2\/posts\/233322","targetHints":{"allow":["GET"]}}],"collection":[{"href":"https:\/\/www.radiopiu.net\/wordpress\/wp-json\/wp\/v2\/posts"}],"about":[{"href":"https:\/\/www.radiopiu.net\/wordpress\/wp-json\/wp\/v2\/types\/post"}],"author":[{"embeddable":true,"href":"https:\/\/www.radiopiu.net\/wordpress\/wp-json\/wp\/v2\/users\/4"}],"replies":[{"embeddable":true,"href":"https:\/\/www.radiopiu.net\/wordpress\/wp-json\/wp\/v2\/comments?post=233322"}],"version-history":[{"count":0,"href":"https:\/\/www.radiopiu.net\/wordpress\/wp-json\/wp\/v2\/posts\/233322\/revisions"}],"wp:featuredmedia":[{"embeddable":true,"href":"https:\/\/www.radiopiu.net\/wordpress\/wp-json\/wp\/v2\/media\/142143"}],"wp:attachment":[{"href":"https:\/\/www.radiopiu.net\/wordpress\/wp-json\/wp\/v2\/media?parent=233322"}],"wp:term":[{"taxonomy":"category","embeddable":true,"href":"https:\/\/www.radiopiu.net\/wordpress\/wp-json\/wp\/v2\/categories?post=233322"},{"taxonomy":"post_tag","embeddable":true,"href":"https:\/\/www.radiopiu.net\/wordpress\/wp-json\/wp\/v2\/tags?post=233322"}],"curies":[{"name":"wp","href":"https:\/\/api.w.org\/{rel}","templated":true}]}}