{"id":233400,"date":"2021-09-23T05:36:28","date_gmt":"2021-09-23T03:36:28","guid":{"rendered":"https:\/\/www.radiopiu.net\/wordpress\/?p=233400"},"modified":"2021-09-23T06:06:21","modified_gmt":"2021-09-23T04:06:21","slug":"un-anno-e-dieci-mesi-per-il-furto-dauto-e-la-fuga-tra-le-strade-dellagordino","status":"publish","type":"post","link":"https:\/\/www.radiopiu.net\/wordpress\/un-anno-e-dieci-mesi-per-il-furto-dauto-e-la-fuga-tra-le-strade-dellagordino\/","title":{"rendered":"UN ANNO E DIECI MESI PER IL FURTO D&#8217;AUTO E LA FUGA TRA LE STRADE DELL&#8217;AGORDINO"},"content":{"rendered":"<blockquote><p><em>L&#8217;accusa: resistenza a pubblico ufficiale e furto dell&#8217;automobile. Ieri mattina si \u00e8 svolto il processo per direttissima,\u00a0 il ventenne ha patteggiato un anno e dieci mesi (pena sospesa) ed \u00e8 tornato a casa. La Skoda \u00e8 stata restituita al\u00a0 proprietario\u00a0 di Agordo<\/em><\/p><\/blockquote>\n<p><strong><img loading=\"lazy\" decoding=\"async\" class=\"alignleft\" src=\"https:\/\/www.radiopiu.net\/wordpress\/wp-content\/uploads\/2019\/12\/CARABINIERI-FELTRE-2.jpg\" width=\"248\" height=\"186\" \/>BELLUNO\u00a0<\/strong> Ha patteggiato un anno e dieci mesi il ventenne di Agordo, gi\u00e0 noto alle forze dell&#8217;ordine per alcuni precedenti penali legati soprattutto alla droga, che marted\u00ec ha rubato una macchina e l&#8217;ha usata per tutto il giorno per scorrazzare per l&#8217;Agordino da Gosaldo a Caprile, da Taibon fino al capolinea di Canale d&#8217;Agordo.Il furto della Skoda station wagon marted\u00ec alle 14.30, di fronte alla casa del proprietario: l&#8217;uomo aveva lasciato le chiavi nel quadro. Il giovane infine braccato al cimitero di Canale d&#8217;Agordo ha cercato di scappare, si \u00e8 divincolato dai militari della stazione di Gosaldo e li ha anche strattonati per provare a liberarsi (nessun militare \u00e8 rimasto ferito) ed \u00e8\u00a0 stato bloccato subito dagli uomini dell&#8217;Arma, arrestato e portato nella caserma di Belluno guidata dal tenente colonnello Nicola Darida.<\/p>\n<h3><span style=\"color: #ff0000;\"><strong><img loading=\"lazy\" decoding=\"async\" class=\"alignleft\" src=\"https:\/\/www.radiopiu.net\/wordpress\/wp-content\/uploads\/2021\/06\/CARABINIERI-3-scaled.jpg\" width=\"163\" height=\"122\" \/><\/strong>IERI ALLA RADIO\u00a0<\/span><br \/>\nINSEGUIMENTO TRA AGORDO E L&#8217;ALTO AGORDINO<\/h3>\n<p><strong>di MORENO GIOLI<\/strong><\/p>\n<audio class=\"wp-audio-shortcode\" id=\"audio-233400-1\" preload=\"none\" style=\"width: 100%;\" controls=\"controls\"><source type=\"audio\/mpeg\" src=\"https:\/\/www.radiopiu.net\/wordpress\/wp-content\/uploads\/2021\/09\/moreno.mp3?_=1\" \/><a href=\"https:\/\/www.radiopiu.net\/wordpress\/wp-content\/uploads\/2021\/09\/moreno.mp3\">https:\/\/www.radiopiu.net\/wordpress\/wp-content\/uploads\/2021\/09\/moreno.mp3<\/a><\/audio>\n<p>&nbsp;<\/p>\n","protected":false},"excerpt":{"rendered":"<p>L&#8217;accusa: resistenza a pubblico ufficiale e furto dell&#8217;automobile. Ieri mattina si \u00e8 svolto il processo per direttissima,\u00a0 il ventenne ha patteggiato un anno e dieci mesi (pena sospesa) ed \u00e8 tornato a casa. La Skoda \u00e8 stata restituita al\u00a0 proprietario\u00a0 di Agordo BELLUNO\u00a0 Ha patteggiato un anno e dieci mesi il ventenne di Agordo, gi\u00e0&hellip;<\/p>\n","protected":false},"author":4,"featured_media":110913,"comment_status":"closed","ping_status":"open","sticky":false,"template":"","format":"standard","meta":{"_monsterinsights_skip_tracking":false,"_monsterinsights_sitenote_active":false,"_monsterinsights_sitenote_note":"","_monsterinsights_sitenote_category":0,"footnotes":""},"categories":[51,49],"tags":[],"class_list":["post-233400","post","type-post","status-publish","format-standard","has-post-thumbnail","hentry","category-evidenza-top","category-news-18","category-51","category-49","description-off"],"img_url":"https:\/\/www.radiopiu.net\/wordpress\/wp-content\/uploads\/2019\/12\/CARABINIERI-FELTRE-2.jpg","_links":{"self":[{"href":"https:\/\/www.radiopiu.net\/wordpress\/wp-json\/wp\/v2\/posts\/233400","targetHints":{"allow":["GET"]}}],"collection":[{"href":"https:\/\/www.radiopiu.net\/wordpress\/wp-json\/wp\/v2\/posts"}],"about":[{"href":"https:\/\/www.radiopiu.net\/wordpress\/wp-json\/wp\/v2\/types\/post"}],"author":[{"embeddable":true,"href":"https:\/\/www.radiopiu.net\/wordpress\/wp-json\/wp\/v2\/users\/4"}],"replies":[{"embeddable":true,"href":"https:\/\/www.radiopiu.net\/wordpress\/wp-json\/wp\/v2\/comments?post=233400"}],"version-history":[{"count":0,"href":"https:\/\/www.radiopiu.net\/wordpress\/wp-json\/wp\/v2\/posts\/233400\/revisions"}],"wp:featuredmedia":[{"embeddable":true,"href":"https:\/\/www.radiopiu.net\/wordpress\/wp-json\/wp\/v2\/media\/110913"}],"wp:attachment":[{"href":"https:\/\/www.radiopiu.net\/wordpress\/wp-json\/wp\/v2\/media?parent=233400"}],"wp:term":[{"taxonomy":"category","embeddable":true,"href":"https:\/\/www.radiopiu.net\/wordpress\/wp-json\/wp\/v2\/categories?post=233400"},{"taxonomy":"post_tag","embeddable":true,"href":"https:\/\/www.radiopiu.net\/wordpress\/wp-json\/wp\/v2\/tags?post=233400"}],"curies":[{"name":"wp","href":"https:\/\/api.w.org\/{rel}","templated":true}]}}