{"id":233429,"date":"2021-09-24T05:15:00","date_gmt":"2021-09-24T03:15:00","guid":{"rendered":"https:\/\/www.radiopiu.net\/wordpress\/?p=233429"},"modified":"2021-09-24T05:31:23","modified_gmt":"2021-09-24T03:31:23","slug":"recuperata-cordata-in-difficolta-sulle-tre-cime-di-lavaredo","status":"publish","type":"post","link":"https:\/\/www.radiopiu.net\/wordpress\/recuperata-cordata-in-difficolta-sulle-tre-cime-di-lavaredo\/","title":{"rendered":"RECUPERATA CORDATA IN DIFFICOLT\u00c0 SULLE TRE CIME DI LAVAREDO"},"content":{"rendered":"<p><strong><img loading=\"lazy\" decoding=\"async\" class=\"alignleft\" src=\"https:\/\/www.radiopiu.net\/wordpress\/wp-content\/uploads\/2021\/09\/salt_20210922_102040_041.jpg\" width=\"175\" height=\"131\" \/>AURONZO<\/strong>\u00a0 Ieri verso le 20 la Centrale del Suem ha allertato il Soccorso alpino di Auronzo, per una cordata di alpinisti stranieri in difficolt\u00e0 sulla Cima Grande di Lavaredo. Arrivati all&#8217;undicesimo tiro dello Spigolo Dibona, infatti, i due non erano pi\u00f9 in grado di proseguire essendo sprovvisti di frontali ormai gi\u00e0 calato il sole. Mentre una squadra si preparava ad intervenire assieme ai colleghi di Dobbiaco al Rifugio Auronzo, l&#8217;elicottero dell&#8217;Aiut Alpin Dolomites di Bolzano \u00e8 riuscito a individuare i due scalatori grazie alle coordinate fornite dalla Centrale e a recuperarli.<\/p>\n","protected":false},"excerpt":{"rendered":"<p>AURONZO\u00a0 Ieri verso le 20 la Centrale del Suem ha allertato il Soccorso alpino di Auronzo, per una cordata di alpinisti stranieri in difficolt\u00e0 sulla Cima Grande di Lavaredo. Arrivati all&#8217;undicesimo tiro dello Spigolo Dibona, infatti, i due non erano pi\u00f9 in grado di proseguire essendo sprovvisti di frontali ormai gi\u00e0 calato il sole. Mentre&hellip;<\/p>\n","protected":false},"author":4,"featured_media":233273,"comment_status":"closed","ping_status":"open","sticky":false,"template":"","format":"standard","meta":{"_monsterinsights_skip_tracking":false,"_monsterinsights_sitenote_active":false,"_monsterinsights_sitenote_note":"","_monsterinsights_sitenote_category":0,"footnotes":""},"categories":[51,49],"tags":[],"class_list":["post-233429","post","type-post","status-publish","format-standard","has-post-thumbnail","hentry","category-evidenza-top","category-news-18","category-51","category-49","description-off"],"img_url":"https:\/\/www.radiopiu.net\/wordpress\/wp-content\/uploads\/2021\/09\/salt_20210922_102040_041.jpg","_links":{"self":[{"href":"https:\/\/www.radiopiu.net\/wordpress\/wp-json\/wp\/v2\/posts\/233429","targetHints":{"allow":["GET"]}}],"collection":[{"href":"https:\/\/www.radiopiu.net\/wordpress\/wp-json\/wp\/v2\/posts"}],"about":[{"href":"https:\/\/www.radiopiu.net\/wordpress\/wp-json\/wp\/v2\/types\/post"}],"author":[{"embeddable":true,"href":"https:\/\/www.radiopiu.net\/wordpress\/wp-json\/wp\/v2\/users\/4"}],"replies":[{"embeddable":true,"href":"https:\/\/www.radiopiu.net\/wordpress\/wp-json\/wp\/v2\/comments?post=233429"}],"version-history":[{"count":0,"href":"https:\/\/www.radiopiu.net\/wordpress\/wp-json\/wp\/v2\/posts\/233429\/revisions"}],"wp:featuredmedia":[{"embeddable":true,"href":"https:\/\/www.radiopiu.net\/wordpress\/wp-json\/wp\/v2\/media\/233273"}],"wp:attachment":[{"href":"https:\/\/www.radiopiu.net\/wordpress\/wp-json\/wp\/v2\/media?parent=233429"}],"wp:term":[{"taxonomy":"category","embeddable":true,"href":"https:\/\/www.radiopiu.net\/wordpress\/wp-json\/wp\/v2\/categories?post=233429"},{"taxonomy":"post_tag","embeddable":true,"href":"https:\/\/www.radiopiu.net\/wordpress\/wp-json\/wp\/v2\/tags?post=233429"}],"curies":[{"name":"wp","href":"https:\/\/api.w.org\/{rel}","templated":true}]}}