{"id":233438,"date":"2021-09-23T11:57:23","date_gmt":"2021-09-23T09:57:23","guid":{"rendered":"https:\/\/www.radiopiu.net\/wordpress\/?p=233438"},"modified":"2021-09-23T12:05:42","modified_gmt":"2021-09-23T10:05:42","slug":"per-la-provincia-la-messa-in-sicurezza-e-una-priorita","status":"publish","type":"post","link":"https:\/\/www.radiopiu.net\/wordpress\/per-la-provincia-la-messa-in-sicurezza-e-una-priorita\/","title":{"rendered":"203 AGORDINA PER LA PROVINCIA LA MESSA IN SICUREZZA E&#8217; UNA PRIORITA&#8217;"},"content":{"rendered":"<p><strong>AGORDO\u00a0<\/strong> C&#8217;era una volta la regionale 203 agordina che chiudeva spesso per sassi, incendi e frane. Erano gli anni Novanta con la chiusura della rotabile, prima di Veneto Strade,\u00a0 per intere settimane. Erano i giorni in cui Leonardo del Vecchio e Luigi Francavilla inviavano lettere al vetriolo mettendo in evidenza disagi e danni creati con la chiusura della strada, poi apr\u00ec il primo grande contenitore azzurro a Sedico, lontano dalla Val del Piero, dalla Pissa, dal Torner e via discorrendo. C&#8217;era una volta la 203 con i sui problemi e c&#8217;\u00e8 ancora, mentre da decenni si discute come risolvere i problemi aumentati dopo l&#8217;evento Vaia.<\/p>\n<blockquote><p><em><span style=\"font-size: large;\">\u00abSono bastati due giorni di chiusure a singhiozzo per capire quanto importante sia la Regionale 203 Agordina. In Provincia non avevamo certo bisogno dei disagi degli ultimi giorni per saperlo. Tant\u2019\u00e8 vero che la messa in sicurezza della strada \u00e8 la priorit\u00e0 infrastrutturale dell\u2019amministrazione\u00bb. Lo dice il presidente della Provincia di Belluno, che ricorda il documento relativo al piano infrastrutturale approvato fa dall\u2019Unione montana Agordina e di prossima condivisione con il territorio.<\/span><\/em><\/p><\/blockquote>\n<p><span style=\"font-size: large;\">Un piano da oltre 1 miliardo di euro contenente tutti gli interventi ritenuti necessari per collegare l\u2019Agordino alla Pedemontana da una parte e all\u2019autostrada A27 dall\u2019altra; e anche per migliorare la viabilit\u00e0 interna con collegamenti intervallivi, tangenziali e messe in sicurezza. In cima alla lista ci sono proprio le opere sulla Sr 203, in particolare nel tratto tra La Stanga e Agordo.<\/span><\/p>\n<blockquote><p><em><span style=\"font-size: large;\">&#8220;Nel frattempo Veneto Strade ha rimosso i massi e\u00a0 messo in sicurezza il versante\u00a0 &#8211; aggiunge il consigliere provinciale delegato alle infrastrutture &#8211;\u00a0 La Provincia ha investito risorse cospicue sulla Sp 2 della Valle del Mis e sulla Sp 3 tra Agordo e Rivamonte &#8211; complessivamente oltre 2,5 milioni di euro solo negli ultimi mesi &#8211; consapevole del fatto che si tratta di una viabilit\u00e0 alternativa alla 203, pur con tutti i limiti di una strada stretta e piena di gallerie. Pi\u00f9 di questo non \u00e8 possibile fare per le casse della Provincia, che in tema di viabilit\u00e0 hanno visto ancora nel 2014 l\u2019azzeramento dei trasferimenti statali per la gestione delle strade, che prima della riforma Delrio ammontavano a 15 milioni di euro l\u2019anno. In ogni caso, la Valle del Mis non pu\u00f2 che rappresentare solo una soluzione d\u2019emergenza, come \u00e8 stato l\u2019altro giorno. La priorit\u00e0 rimane la messa in sicurezza dell\u2019Agordina, per i residenti e per la presenza di Luxottica: non possiamo permetterci di bloccare la produzione per i problemi infrastrutturali della rete viaria, con il rischio conseguente di perdere un\u2019azienda che negli anni ha dato e continua a dare lavoro e benessere al nostro territorio\u00bb.<\/span><\/em><\/p><\/blockquote>\n","protected":false},"excerpt":{"rendered":"<p>AGORDO\u00a0 C&#8217;era una volta la regionale 203 agordina che chiudeva spesso per sassi, incendi e frane. Erano gli anni Novanta con la chiusura della rotabile, prima di Veneto Strade,\u00a0 per intere settimane. Erano i giorni in cui Leonardo del Vecchio e Luigi Francavilla inviavano lettere al vetriolo mettendo in evidenza disagi e danni creati con&hellip;<\/p>\n","protected":false},"author":4,"featured_media":232988,"comment_status":"closed","ping_status":"open","sticky":false,"template":"","format":"standard","meta":{"_monsterinsights_skip_tracking":false,"_monsterinsights_sitenote_active":false,"_monsterinsights_sitenote_note":"","_monsterinsights_sitenote_category":0,"footnotes":""},"categories":[51,49],"tags":[],"class_list":["post-233438","post","type-post","status-publish","format-standard","has-post-thumbnail","hentry","category-evidenza-top","category-news-18","category-51","category-49","description-off"],"img_url":"https:\/\/www.radiopiu.net\/wordpress\/wp-content\/uploads\/2021\/09\/242255116_390917369325835_5398971489231344766_n.jpg","_links":{"self":[{"href":"https:\/\/www.radiopiu.net\/wordpress\/wp-json\/wp\/v2\/posts\/233438","targetHints":{"allow":["GET"]}}],"collection":[{"href":"https:\/\/www.radiopiu.net\/wordpress\/wp-json\/wp\/v2\/posts"}],"about":[{"href":"https:\/\/www.radiopiu.net\/wordpress\/wp-json\/wp\/v2\/types\/post"}],"author":[{"embeddable":true,"href":"https:\/\/www.radiopiu.net\/wordpress\/wp-json\/wp\/v2\/users\/4"}],"replies":[{"embeddable":true,"href":"https:\/\/www.radiopiu.net\/wordpress\/wp-json\/wp\/v2\/comments?post=233438"}],"version-history":[{"count":0,"href":"https:\/\/www.radiopiu.net\/wordpress\/wp-json\/wp\/v2\/posts\/233438\/revisions"}],"wp:featuredmedia":[{"embeddable":true,"href":"https:\/\/www.radiopiu.net\/wordpress\/wp-json\/wp\/v2\/media\/232988"}],"wp:attachment":[{"href":"https:\/\/www.radiopiu.net\/wordpress\/wp-json\/wp\/v2\/media?parent=233438"}],"wp:term":[{"taxonomy":"category","embeddable":true,"href":"https:\/\/www.radiopiu.net\/wordpress\/wp-json\/wp\/v2\/categories?post=233438"},{"taxonomy":"post_tag","embeddable":true,"href":"https:\/\/www.radiopiu.net\/wordpress\/wp-json\/wp\/v2\/tags?post=233438"}],"curies":[{"name":"wp","href":"https:\/\/api.w.org\/{rel}","templated":true}]}}