{"id":233443,"date":"2021-09-23T14:15:13","date_gmt":"2021-09-23T12:15:13","guid":{"rendered":"https:\/\/www.radiopiu.net\/wordpress\/?p=233443"},"modified":"2021-09-23T15:59:03","modified_gmt":"2021-09-23T13:59:03","slug":"sei-carrozzine-in-dono-per-la-dialisi-di-feltre-un-grazie-di-cuore-dallulss-dolomiti","status":"publish","type":"post","link":"https:\/\/www.radiopiu.net\/wordpress\/sei-carrozzine-in-dono-per-la-dialisi-di-feltre-un-grazie-di-cuore-dallulss-dolomiti\/","title":{"rendered":"SEI CARROZZINE IN DONO PER LA DIALISI DI FELTRE &#8211; Un grazie di cuore dall&#8217;Ulss Dolomiti"},"content":{"rendered":"<div class=\"gmail-\">\n<div class=\"gmail-_1mf gmail-_1mj\"><strong><img loading=\"lazy\" decoding=\"async\" class=\"alignleft\" src=\"https:\/\/www.radiopiu.net\/wordpress\/wp-content\/uploads\/2021\/09\/dialisi.jpeg\" width=\"284\" height=\"246\" \/><\/strong><\/div>\n<div><\/div>\n<div class=\"gmail-_1mf gmail-_1mj\"><strong>FELTRE<\/strong> Ivano Orsingher ha donato 6 carrozzine alla dialisi di Feltre in ricordo della cara mamma. La famiglia, residente in Primiero, ha voluto cos\u00ec ringraziare il reparto che si \u00e8 preso cura con grande professionalit\u00e0 e umanit\u00e0 della mamma, nel lungo percorso di dialisi. L&#8217;emozione del ricordo \u00e8 stata tanta: le relazioni che si creano con le persone assistite e i loro familiari, soprattutto in percorsi di cura come la dialisi, sviluppano legami forti e un ambiente familiare che contribuiscono al benessere durante le cure. E lasciano un buon ricordo. La famiglia Orsingher ha pensato di lasciare un gesto tangibile per confortare altri pazienti in dialisi durante il tragitto casa ospedale, donando 6 nuove carrozzine e non facendo mancare un dolce pensiero per medici, infermieri e operatori del reparto.<\/div>\n<\/div>\n<div class=\"gmail-\">\n<div class=\"gmail-_1mf gmail-_1mj\"><\/div>\n<\/div>\n<div class=\"gmail-\">\n<div class=\"gmail-_1mf gmail-_1mj\"><\/div>\n<\/div>\n","protected":false},"excerpt":{"rendered":"<p>FELTRE Ivano Orsingher ha donato 6 carrozzine alla dialisi di Feltre in ricordo della cara mamma. La famiglia, residente in Primiero, ha voluto cos\u00ec ringraziare il reparto che si \u00e8 preso cura con grande professionalit\u00e0 e umanit\u00e0 della mamma, nel lungo percorso di dialisi. L&#8217;emozione del ricordo \u00e8 stata tanta: le relazioni che si creano&hellip;<\/p>\n","protected":false},"author":4,"featured_media":233444,"comment_status":"closed","ping_status":"open","sticky":false,"template":"","format":"standard","meta":{"_monsterinsights_skip_tracking":false,"_monsterinsights_sitenote_active":false,"_monsterinsights_sitenote_note":"","_monsterinsights_sitenote_category":0,"footnotes":""},"categories":[51,49],"tags":[],"class_list":["post-233443","post","type-post","status-publish","format-standard","has-post-thumbnail","hentry","category-evidenza-top","category-news-18","category-51","category-49","description-off"],"img_url":"https:\/\/www.radiopiu.net\/wordpress\/wp-content\/uploads\/2021\/09\/dialisi.jpeg","_links":{"self":[{"href":"https:\/\/www.radiopiu.net\/wordpress\/wp-json\/wp\/v2\/posts\/233443","targetHints":{"allow":["GET"]}}],"collection":[{"href":"https:\/\/www.radiopiu.net\/wordpress\/wp-json\/wp\/v2\/posts"}],"about":[{"href":"https:\/\/www.radiopiu.net\/wordpress\/wp-json\/wp\/v2\/types\/post"}],"author":[{"embeddable":true,"href":"https:\/\/www.radiopiu.net\/wordpress\/wp-json\/wp\/v2\/users\/4"}],"replies":[{"embeddable":true,"href":"https:\/\/www.radiopiu.net\/wordpress\/wp-json\/wp\/v2\/comments?post=233443"}],"version-history":[{"count":0,"href":"https:\/\/www.radiopiu.net\/wordpress\/wp-json\/wp\/v2\/posts\/233443\/revisions"}],"wp:featuredmedia":[{"embeddable":true,"href":"https:\/\/www.radiopiu.net\/wordpress\/wp-json\/wp\/v2\/media\/233444"}],"wp:attachment":[{"href":"https:\/\/www.radiopiu.net\/wordpress\/wp-json\/wp\/v2\/media?parent=233443"}],"wp:term":[{"taxonomy":"category","embeddable":true,"href":"https:\/\/www.radiopiu.net\/wordpress\/wp-json\/wp\/v2\/categories?post=233443"},{"taxonomy":"post_tag","embeddable":true,"href":"https:\/\/www.radiopiu.net\/wordpress\/wp-json\/wp\/v2\/tags?post=233443"}],"curies":[{"name":"wp","href":"https:\/\/api.w.org\/{rel}","templated":true}]}}